{"id":200158,"date":"2021-11-01T19:55:20","date_gmt":"2021-11-01T22:55:20","guid":{"rendered":"https:\/\/www.suno.com.br\/noticias\/?p=200158"},"modified":"2021-11-01T19:55:37","modified_gmt":"2021-11-01T22:55:37","slug":"agribrasil-grao3-adquire-terminal-portuario-sao-francisco-do-sul","status":"publish","type":"post","link":"https:\/\/www.suno.com.br\/noticias\/agribrasil-grao3-adquire-terminal-portuario-sao-francisco-do-sul\/","title":{"rendered":"AgriBrasil (GRAO3) compra terminal portu\u00e1rio em S\u00e3o Francisco do Sul (SC)"},"content":{"rendered":"<p>A Humberg<strong> AgriBrasil<\/strong> (GRAO3) adquiriu o controle do Terminal Santa Catarina (Tesc). O ativo est\u00e1 localizado estrategicamente no complexo portu\u00e1rio de S\u00e3o Francisco do Sul (SC).<\/p>\t<div class=\"wrapper-featured-image\">\n\t\t<figure class=\"spotlightImg\">\n\n\t\t\t<picture>\n\t\t\t\t<source media=\"(max-width: 768px)\" srcset=\"https:\/\/files.sunoresearch.com.br\/n\/uploads\/2021\/07\/4d9d61f7-shutterstock_1662485788-e1611321197259-400x200.jpg\">\n\t\t\t\t<img loading=\"lazy\" decoding=\"async\" class=\"newsContent__article__imgCapa lazyloadDisabled \" src=\"https:\/\/files.sunoresearch.com.br\/n\/uploads\/2021\/07\/4d9d61f7-shutterstock_1662485788-e1611321197259-800x450.jpg\" width=\"800\" height=\"450\" alt=\"AgriBrasil (GRAO3) compra terminal portu\u00e1rio em S\u00e3o Francisco do Sul (SC)\" fetchpriority=high \/>\n\t\t\t<\/picture>\n\n\t\t\t<figcaption class=\"wp-caption-text wp-caption-text--show\">AgriBrasil suspende IPO, sem explicar o motivo. Foto: Reprodu\u00e7\u00e3o Site<\/figcaption>\n\t\t<\/figure>\n\t<\/div>\n\n\n\t<p>\n\t\t<a href=\"https:\/\/lp.suno.com.br\/planilha-controle-gastos\/\" target=\"_blank\" data-element=\"shortcode-suno-banner\" title=\"Banner SUNO, clique e saiba mais\">\n\t\t\t<picture>\n\t\t\t\t<source media=\"(max-width: 500px)\" srcset=\"https:\/\/files.sunoresearch.com.br\/n\/uploads\/2023\/03\/400x300-Planilha-controle-de-gastos.png\">\n\t\t\t\t<img class=\"newsContent__article__imgCapa newsContent__article__imgCapa--banner\"\n\t\t\t\t\tsrc=\"https:\/\/files.sunoresearch.com.br\/n\/uploads\/2023\/03\/1420x240-Planilha-controle-de-gastos.png\"\n\t\t\t\t\tdata-promo-id=\"101751\"\t\t\t\t\t\t\t\t\t\twidth='1420' height='240'\t\t\t\t\talt=\"https:\/\/files.sunoresearch.com.br\/n\/uploads\/2023\/03\/1420x240-Planilha-controle-de-gastos.png\"\n\t\t\t\t>\n\t\t\t<\/picture>\n\t\t<\/a>\n\t<\/p>\n\n\n<p>&#8220;Pr\u00f3ximo \u00e0 rodovia BR-101 e \u00e0 malha ferrovi\u00e1ria, o terminal permite r\u00e1pido acesso aos principais centros industriais, econ\u00f4micos da regi\u00e3o sul e sudeste do Brasil, conferindo agilidade no fluxo de cargas de importa\u00e7\u00e3o e exporta\u00e7\u00e3o&#8221;, afirma o\u00a0<strong><a class=\"suno-keyword\" href=\"https:\/\/www.suno.com.br\/artigos\/fato-relevante\/\" target=\"_blank\" rel=\"noopener\" data-force=\"no\" data-priority=\"1\">fato relevante<\/a> da Agribrasil<\/strong> publicado na \u00faltima sexta-feira (29)<\/p>\n<p>O terminal \u00e9 especializado em opera\u00e7\u00e3o de produtos sider\u00fargicos, gran\u00e9is s\u00f3lidos, carga geral e carga de projeto. Movimenta cargas de todas as partes do mundo.<\/p>\n\t<p>\n\t\t<a href=\"https:\/\/lp.suno.com.br\/planilha-da-vida-financeira\/\" target=\"_blank\" data-element=\"shortcode-suno-banner\" title=\"Banner SUNO, clique e saiba mais\">\n\t\t\t<picture>\n\t\t\t\t<source media=\"(max-width: 500px)\" srcset=\"https:\/\/files.sunoresearch.com.br\/n\/uploads\/2023\/04\/400x300-Planilha-vida-financeira-true.png\">\n\t\t\t\t<img class=\"newsContent__article__imgCapa newsContent__article__imgCapa--banner\"\n\t\t\t\t\tsrc=\"https:\/\/files.sunoresearch.com.br\/n\/uploads\/2023\/04\/1420x240-Planilha-vida-financeira-true.png\"\n\t\t\t\t\tdata-promo-id=\"106682\"\t\t\t\t\t\t\t\t\t\twidth='1420' height='240'\t\t\t\t\talt=\"https:\/\/files.sunoresearch.com.br\/n\/uploads\/2023\/04\/1420x240-Planilha-vida-financeira-true.png\"\n\t\t\t\t>\n\t\t\t<\/picture>\n\t\t<\/a>\n\t<\/p>\n\n\n<p>O Tesc conta ainda com canal de acesso, bacia de evolu\u00e7\u00e3o e ber\u00e7os de atraca\u00e7\u00e3o preparados para receber diversos tipos de embarca\u00e7\u00f5es.<\/p>\n<p>De acordo com o documento, o Tesc conta atualmente com tr\u00eas ber\u00e7os de atraca\u00e7\u00e3o. Um deles est\u00e1 sendo remodelado para atender a <strong>exporta\u00e7\u00e3o de gr\u00e3os<\/strong> (soja e milho) com uma capacidade m\u00e1xima anual de aproximadamente 7,5 milh\u00f5es de toneladas e calado de 12,8 metros. Atende assim a exporta\u00e7\u00e3o de navios tipo Panamax.<\/p>\n\t<p>\n\t\t<a href=\"https:\/\/lp.suno.com.br\/ebook-como-analisar-uma-acao\/\" target=\"_blank\" data-element=\"shortcode-suno-banner\" title=\"Banner SUNO, clique e saiba mais\">\n\t\t\t<picture>\n\t\t\t\t<source media=\"(max-width: 500px)\" srcset=\"https:\/\/files.sunoresearch.com.br\/n\/uploads\/2023\/03\/Ebook-Acoes-Mobile-1.jpg\">\n\t\t\t\t<img class=\"newsContent__article__imgCapa newsContent__article__imgCapa--banner\"\n\t\t\t\t\tsrc=\"https:\/\/files.sunoresearch.com.br\/n\/uploads\/2023\/03\/Ebook-Acoes-Desktop-1.jpg\"\n\t\t\t\t\tdata-promo-id=\"171998\"\t\t\t\t\t\t\t\t\t\twidth='1420' height='286'\t\t\t\t\talt=\"https:\/\/files.sunoresearch.com.br\/n\/uploads\/2023\/03\/Ebook-Acoes-Desktop-1.jpg\"\n\t\t\t\t>\n\t\t\t<\/picture>\n\t\t<\/a>\n\t<\/p>\n\n\n<p>A opera\u00e7\u00e3o faz parte da estrat\u00e9gia de<strong> crescimento da Agribrasil<\/strong>: a empresa pretende consolidar sua posi\u00e7\u00e3o como plataforma de origina\u00e7\u00e3o nacional independente, conectando o produtor de gr\u00e3os ao comprador global, com a gest\u00e3o de todo o processo de comercializa\u00e7\u00e3o, incluindo estrat\u00e9gias de efici\u00eancia log\u00edstica e <a class=\"suno-keyword\" href=\"https:\/\/www.suno.com.br\/artigos\/gestao-de-riscos\/\" target=\"_blank\" rel=\"noopener\" data-force=\"no\" data-priority=\"1\">gest\u00e3o de riscos<\/a>.<\/p>\n<p>O valor da transa\u00e7\u00e3o n\u00e3o foi divulgado.<\/p>\n<p>A compra precisa da aprova\u00e7\u00e3o do Cade (Conselho Administrativo de Defesa Econ\u00f4mica) e da Ag\u00eancia Nacional de Transportes Aquavi\u00e1rios (Antaq).<\/p>\n<h2 class=\"newsContent__article__title\">Agribrasil (GRAO3) desiste do IPO por raz\u00f5es de mercado<\/h2>\n<p>A Agribrasil pediu na semana passada para a Comiss\u00e3o de Valores Mobili\u00e1rios (CVM) o cancelamento do pedido de registro da oferta p\u00fablica inicial de a\u00e7\u00f5es (IPO, na sigla em ingl\u00eas) por raz\u00f5es de mercado.<\/p>\n\t<p>\n\t\t<a href=\"https:\/\/lp.suno.com.br\/planilha-de-controle-de-investimentos\/\" target=\"_blank\" data-element=\"shortcode-suno-banner\" title=\"Banner SUNO, clique e saiba mais\">\n\t\t\t<picture>\n\t\t\t\t<source media=\"(max-width: 500px)\" srcset=\"https:\/\/files.sunoresearch.com.br\/n\/uploads\/2023\/03\/400x300-Controle-de-Investimentos.png\">\n\t\t\t\t<img class=\"newsContent__article__imgCapa newsContent__article__imgCapa--banner\"\n\t\t\t\t\tsrc=\"https:\/\/files.sunoresearch.com.br\/n\/uploads\/2023\/03\/1420x240-Controle-de-Investimentos.png\"\n\t\t\t\t\tdata-promo-id=\"75934\"\t\t\t\t\t\t\t\t\t\twidth='1420' height='240'\t\t\t\t\talt=\"https:\/\/files.sunoresearch.com.br\/n\/uploads\/2023\/03\/1420x240-Controle-de-Investimentos.png\"\n\t\t\t\t>\n\t\t\t<\/picture>\n\t\t<\/a>\n\t<\/p>\n\n\n<p>exportadora de gr\u00e3os havia solicitado ao \u00f3rg\u00e3o regulador do <a class=\"suno-keyword\" href=\"https:\/\/www.suno.com.br\/artigos\/mercado-de-capitais-conceito\/\" target=\"_blank\" rel=\"noopener\" data-force=\"no\" data-priority=\"1\">mercado de capitais<\/a> em agosto a interrup\u00e7\u00e3o do prazo de an\u00e1lise do\u00a0<strong>IPO<\/strong>\u00a0e da migra\u00e7\u00e3o para o segmento especial de listagem denominado <a class=\"suno-keyword\" href=\"https:\/\/www.suno.com.br\/artigos\/novo-mercado\/\" target=\"_blank\" rel=\"noopener\" data-force=\"no\" data-priority=\"1\">Novo Mercado<\/a>. No comunicado, a Humberg Agribrasil disse que continuar\u00e1 a avaliar alternativas e outras potenciais estruturas de capitaliza\u00e7\u00e3o para suportar o seu plano de investimentos.<\/p>\n<p>A <strong>Agribrasil<\/strong> preparava uma opera\u00e7\u00e3o de distribui\u00e7\u00e3o prim\u00e1ria de, inicialmente, 25.974.026 novas a\u00e7\u00f5es e secund\u00e1ria de at\u00e9 9.090.909 pap\u00e9is.<\/p>\n<p><em>(Com Ag\u00eancia Estado)<\/em><\/p>\n\t<p>\n\t\t<a href=\"\" target=\"_blank\" data-element=\"shortcode-suno-banner\" title=\"Banner SUNO, clique e saiba mais\">\n\t\t\t<picture>\n\t\t\t\t<source media=\"(max-width: 500px)\" srcset=\"\">\n\t\t\t\t<img class=\"newsContent__article__imgCapa newsContent__article__imgCapa--banner\"\n\t\t\t\t\tsrc=\"\"\n\t\t\t\t\tdata-promo-id=\"184190\"\t\t\t\t\t\t\t\t\t\t\t\t\t\t\talt=\"\"\n\t\t\t\t>\n\t\t\t<\/picture>\n\t\t<\/a>\n\t<\/p>\n\n\n","protected":false},"excerpt":{"rendered":"<p>A Humberg AgriBrasil (GRAO3) adquiriu o controle do Terminal Santa Catarina (Tesc). O ativo est\u00e1 localizado estrategicamente no complexo portu\u00e1rio de S\u00e3o Francisco do Sul (SC). AgriBrasil suspende IPO, sem explicar o motivo. Foto: Reprodu\u00e7\u00e3o Site &#8220;Pr\u00f3ximo \u00e0 rodovia BR-101 e \u00e0 malha ferrovi\u00e1ria, o terminal permite r\u00e1pido acesso aos principais centros industriais, econ\u00f4micos da [&hellip;]<\/p>\n","protected":false},"author":118,"featured_media":169073,"comment_status":"closed","ping_status":"closed","sticky":false,"template":"","format":"standard","meta":[],"categories":[64],"tags":[106755],"suno_strategy":[],"class_list":["post-200158","post","type-post","status-publish","format-standard","has-post-thumbnail","hentry","category-negocios","tag-agribrasil-grao3"],"yoast_head":"<!-- This site is optimized with the Yoast SEO plugin v24.4 - https:\/\/yoast.com\/wordpress\/plugins\/seo\/ -->\n<title>AgriBrasil (GRAO3) compra terminal portu\u00e1rio em Santa Catarina<\/title>\n<meta name=\"description\" content=\"A AgriBrasil (GRAO3) adquiriu o controle do Terminal Santa Catarina (Tesc), em S\u00e3o Francisco do Sul, em Santa Catarina.\" \/>\n<meta name=\"robots\" content=\"index, follow, max-snippet:-1, max-image-preview:large, max-video-preview:-1\" \/>\n<link rel=\"canonical\" href=\"https:\/\/www.suno.com.br\/noticias\/agribrasil-grao3-adquire-terminal-portuario-sao-francisco-do-sul\/\" \/>\n<meta property=\"og:locale\" content=\"pt_BR\" \/>\n<meta property=\"og:type\" content=\"article\" \/>\n<meta property=\"og:title\" content=\"AgriBrasil (GRAO3) compra terminal portu\u00e1rio em Santa Catarina\" \/>\n<meta property=\"og:description\" content=\"A AgriBrasil (GRAO3) adquiriu o controle do Terminal Santa Catarina (Tesc), em S\u00e3o Francisco do Sul, em Santa Catarina.\" \/>\n<meta property=\"og:url\" content=\"https:\/\/www.suno.com.br\/noticias\/agribrasil-grao3-adquire-terminal-portuario-sao-francisco-do-sul\/\" \/>\n<meta property=\"og:site_name\" content=\"Suno Not\u00edcias\" \/>\n<meta property=\"article:publisher\" content=\"https:\/\/facebook.com\/sunoresearch\" \/>\n<meta property=\"og:image\" content=\"https:\/\/files.sunoresearch.com.br\/n\/uploads\/2021\/07\/4d9d61f7-shutterstock_1662485788-e1611321197259-scaled.jpg\" \/>\n\t<meta property=\"og:image:width\" content=\"2560\" \/>\n\t<meta property=\"og:image:height\" content=\"1619\" \/>\n\t<meta property=\"og:image:type\" content=\"image\/jpeg\" \/>\n<meta name=\"author\" content=\"Bruno Galv\u00e3o\" \/>\n<meta name=\"twitter:card\" content=\"summary_large_image\" \/>\n<meta name=\"twitter:creator\" content=\"@sunoresearch\" \/>\n<meta name=\"twitter:site\" content=\"@sunoresearch\" \/>\n<meta name=\"twitter:label1\" content=\"Escrito por\" \/>\n\t<meta name=\"twitter:data1\" content=\"Bruno Galv\u00e3o\" \/>\n\t<meta name=\"twitter:label2\" content=\"Est. tempo de leitura\" \/>\n\t<meta name=\"twitter:data2\" content=\"2 minutos\" \/>\n<script type=\"application\/ld+json\" class=\"yoast-schema-graph\">{\"@context\":\"https:\/\/schema.org\",\"@graph\":[{\"@type\":\"NewsArticle\",\"@id\":\"https:\/\/www.suno.com.br\/noticias\/agribrasil-grao3-adquire-terminal-portuario-sao-francisco-do-sul\/#article\",\"isPartOf\":{\"@id\":\"https:\/\/www.suno.com.br\/noticias\/agribrasil-grao3-adquire-terminal-portuario-sao-francisco-do-sul\/\"},\"author\":{\"name\":\"Bruno Galv\u00e3o\",\"@id\":\"https:\/\/www.suno.com.br\/noticias\/#\/schema\/person\/06f0d962a6b1c54852e4860f16935600\"},\"headline\":\"AgriBrasil (GRAO3) compra terminal portu\u00e1rio em S\u00e3o Francisco do Sul (SC)\",\"datePublished\":\"2021-11-01T22:55:20+00:00\",\"dateModified\":\"2021-11-01T22:55:37+00:00\",\"mainEntityOfPage\":{\"@id\":\"https:\/\/www.suno.com.br\/noticias\/agribrasil-grao3-adquire-terminal-portuario-sao-francisco-do-sul\/\"},\"wordCount\":451,\"publisher\":{\"@id\":\"https:\/\/www.suno.com.br\/noticias\/#organization\"},\"image\":{\"@id\":\"https:\/\/www.suno.com.br\/noticias\/agribrasil-grao3-adquire-terminal-portuario-sao-francisco-do-sul\/#primaryimage\"},\"thumbnailUrl\":\"https:\/\/files.sunoresearch.com.br\/n\/uploads\/2021\/07\/4d9d61f7-shutterstock_1662485788-e1611321197259-scaled.jpg\",\"keywords\":[\"AgriBrasil (GRAO3)\"],\"articleSection\":[\"Neg\u00f3cios\"],\"inLanguage\":\"pt-BR\"},{\"@type\":\"WebPage\",\"@id\":\"https:\/\/www.suno.com.br\/noticias\/agribrasil-grao3-adquire-terminal-portuario-sao-francisco-do-sul\/\",\"url\":\"https:\/\/www.suno.com.br\/noticias\/agribrasil-grao3-adquire-terminal-portuario-sao-francisco-do-sul\/\",\"name\":\"AgriBrasil (GRAO3) compra terminal portu\u00e1rio em Santa Catarina\",\"isPartOf\":{\"@id\":\"https:\/\/www.suno.com.br\/noticias\/#website\"},\"primaryImageOfPage\":{\"@id\":\"https:\/\/www.suno.com.br\/noticias\/agribrasil-grao3-adquire-terminal-portuario-sao-francisco-do-sul\/#primaryimage\"},\"image\":{\"@id\":\"https:\/\/www.suno.com.br\/noticias\/agribrasil-grao3-adquire-terminal-portuario-sao-francisco-do-sul\/#primaryimage\"},\"thumbnailUrl\":\"https:\/\/files.sunoresearch.com.br\/n\/uploads\/2021\/07\/4d9d61f7-shutterstock_1662485788-e1611321197259-scaled.jpg\",\"datePublished\":\"2021-11-01T22:55:20+00:00\",\"dateModified\":\"2021-11-01T22:55:37+00:00\",\"description\":\"A AgriBrasil (GRAO3) adquiriu o controle do Terminal Santa Catarina (Tesc), em S\u00e3o Francisco do Sul, em Santa Catarina.\",\"breadcrumb\":{\"@id\":\"https:\/\/www.suno.com.br\/noticias\/agribrasil-grao3-adquire-terminal-portuario-sao-francisco-do-sul\/#breadcrumb\"},\"inLanguage\":\"pt-BR\",\"potentialAction\":[{\"@type\":\"ReadAction\",\"target\":[\"https:\/\/www.suno.com.br\/noticias\/agribrasil-grao3-adquire-terminal-portuario-sao-francisco-do-sul\/\"]}]},{\"@type\":\"ImageObject\",\"inLanguage\":\"pt-BR\",\"@id\":\"https:\/\/www.suno.com.br\/noticias\/agribrasil-grao3-adquire-terminal-portuario-sao-francisco-do-sul\/#primaryimage\",\"url\":\"https:\/\/files.sunoresearch.com.br\/n\/uploads\/2021\/07\/4d9d61f7-shutterstock_1662485788-e1611321197259-scaled.jpg\",\"contentUrl\":\"https:\/\/files.sunoresearch.com.br\/n\/uploads\/2021\/07\/4d9d61f7-shutterstock_1662485788-e1611321197259-scaled.jpg\",\"width\":2560,\"height\":1619,\"caption\":\"AgriBrasil suspende IPO, sem explicar o motivo. Foto: Reprodu\u00e7\u00e3o Site\"},{\"@type\":\"BreadcrumbList\",\"@id\":\"https:\/\/www.suno.com.br\/noticias\/agribrasil-grao3-adquire-terminal-portuario-sao-francisco-do-sul\/#breadcrumb\",\"itemListElement\":[{\"@type\":\"ListItem\",\"position\":1,\"name\":\"Not\u00edcias\",\"item\":\"https:\/\/www.suno.com.br\/noticias\/\"},{\"@type\":\"ListItem\",\"position\":2,\"name\":\"Neg\u00f3cios\",\"item\":\"https:\/\/www.suno.com.br\/noticias\/negocios\/\"},{\"@type\":\"ListItem\",\"position\":3,\"name\":\"AgriBrasil (GRAO3) compra terminal portu\u00e1rio em S\u00e3o Francisco do Sul (SC)\"}]},{\"@type\":\"WebSite\",\"@id\":\"https:\/\/www.suno.com.br\/noticias\/#website\",\"url\":\"https:\/\/www.suno.com.br\/noticias\/\",\"name\":\"Suno Not\u00edcias\",\"description\":\"Seu portal de informa\u00e7\u00e3o sobre o mundo dos investimentos\",\"publisher\":{\"@id\":\"https:\/\/www.suno.com.br\/noticias\/#organization\"},\"potentialAction\":[{\"@type\":\"SearchAction\",\"target\":{\"@type\":\"EntryPoint\",\"urlTemplate\":\"https:\/\/www.suno.com.br\/noticias\/?s={search_term_string}\"},\"query-input\":{\"@type\":\"PropertyValueSpecification\",\"valueRequired\":true,\"valueName\":\"search_term_string\"}}],\"inLanguage\":\"pt-BR\"},{\"@type\":\"Organization\",\"@id\":\"https:\/\/www.suno.com.br\/noticias\/#organization\",\"name\":\"Suno Not\u00edcias\",\"url\":\"https:\/\/www.suno.com.br\/noticias\/\",\"logo\":{\"@type\":\"ImageObject\",\"inLanguage\":\"pt-BR\",\"@id\":\"https:\/\/www.suno.com.br\/noticias\/#\/schema\/logo\/image\/\",\"url\":\"https:\/\/files.sunoresearch.com.br\/n\/uploads\/2021\/09\/suno-logo.png\",\"contentUrl\":\"https:\/\/files.sunoresearch.com.br\/n\/uploads\/2021\/09\/suno-logo.png\",\"width\":180,\"height\":180,\"caption\":\"Suno Not\u00edcias\"},\"image\":{\"@id\":\"https:\/\/www.suno.com.br\/noticias\/#\/schema\/logo\/image\/\"},\"sameAs\":[\"https:\/\/facebook.com\/sunoresearch\",\"https:\/\/x.com\/sunoresearch\",\"https:\/\/www.instagram.com\/suno\",\"https:\/\/www.linkedin.com\/company\/suno-research\/\",\"https:\/\/www.youtube.com\/c\/sunoresearch\"]},{\"@type\":\"Person\",\"@id\":\"https:\/\/www.suno.com.br\/noticias\/#\/schema\/person\/06f0d962a6b1c54852e4860f16935600\",\"name\":\"Bruno Galv\u00e3o\",\"image\":{\"@type\":\"ImageObject\",\"inLanguage\":\"pt-BR\",\"@id\":\"https:\/\/www.suno.com.br\/noticias\/#\/schema\/person\/image\/\",\"url\":\"https:\/\/secure.gravatar.com\/avatar\/53598df0b41c00f12f287a912d0e918e?s=96&r=g\",\"contentUrl\":\"https:\/\/secure.gravatar.com\/avatar\/53598df0b41c00f12f287a912d0e918e?s=96&r=g\",\"caption\":\"Bruno Galv\u00e3o\"},\"description\":\"Escreve para o portal Suno Not\u00edcias. \u00c9 estudante de Jornalismo pela Faculdade C\u00e1sper L\u00edbero e Letras pela USP. Entusiasta de tecnologia e intelig\u00eancia artificial.\",\"url\":\"https:\/\/www.suno.com.br\/noticias\/author\/bruno-garcia\/\"}]}<\/script>\n<!-- \/ Yoast SEO plugin. -->","yoast_head_json":{"title":"AgriBrasil (GRAO3) compra terminal portu\u00e1rio em Santa Catarina","description":"A AgriBrasil (GRAO3) adquiriu o controle do Terminal Santa Catarina (Tesc), em S\u00e3o Francisco do Sul, em Santa Catarina.","robots":{"index":"index","follow":"follow","max-snippet":"max-snippet:-1","max-image-preview":"max-image-preview:large","max-video-preview":"max-video-preview:-1"},"canonical":"https:\/\/www.suno.com.br\/noticias\/agribrasil-grao3-adquire-terminal-portuario-sao-francisco-do-sul\/","og_locale":"pt_BR","og_type":"article","og_title":"AgriBrasil (GRAO3) compra terminal portu\u00e1rio em Santa Catarina","og_description":"A AgriBrasil (GRAO3) adquiriu o controle do Terminal Santa Catarina (Tesc), em S\u00e3o Francisco do Sul, em Santa Catarina.","og_url":"https:\/\/www.suno.com.br\/noticias\/agribrasil-grao3-adquire-terminal-portuario-sao-francisco-do-sul\/","og_site_name":"Suno Not\u00edcias","article_publisher":"https:\/\/facebook.com\/sunoresearch","og_image":[{"width":2560,"height":1619,"url":"https:\/\/files.sunoresearch.com.br\/n\/uploads\/2021\/07\/4d9d61f7-shutterstock_1662485788-e1611321197259-scaled.jpg","type":"image\/jpeg"}],"author":"Bruno Galv\u00e3o","twitter_card":"summary_large_image","twitter_creator":"@sunoresearch","twitter_site":"@sunoresearch","twitter_misc":{"Escrito por":"Bruno Galv\u00e3o","Est. tempo de leitura":"2 minutos"},"schema":{"@context":"https:\/\/schema.org","@graph":[{"@type":"NewsArticle","@id":"https:\/\/www.suno.com.br\/noticias\/agribrasil-grao3-adquire-terminal-portuario-sao-francisco-do-sul\/#article","isPartOf":{"@id":"https:\/\/www.suno.com.br\/noticias\/agribrasil-grao3-adquire-terminal-portuario-sao-francisco-do-sul\/"},"author":{"name":"Bruno Galv\u00e3o","@id":"https:\/\/www.suno.com.br\/noticias\/#\/schema\/person\/06f0d962a6b1c54852e4860f16935600"},"headline":"AgriBrasil (GRAO3) compra terminal portu\u00e1rio em S\u00e3o Francisco do Sul (SC)","datePublished":"2021-11-01T22:55:20+00:00","dateModified":"2021-11-01T22:55:37+00:00","mainEntityOfPage":{"@id":"https:\/\/www.suno.com.br\/noticias\/agribrasil-grao3-adquire-terminal-portuario-sao-francisco-do-sul\/"},"wordCount":451,"publisher":{"@id":"https:\/\/www.suno.com.br\/noticias\/#organization"},"image":{"@id":"https:\/\/www.suno.com.br\/noticias\/agribrasil-grao3-adquire-terminal-portuario-sao-francisco-do-sul\/#primaryimage"},"thumbnailUrl":"https:\/\/files.sunoresearch.com.br\/n\/uploads\/2021\/07\/4d9d61f7-shutterstock_1662485788-e1611321197259-scaled.jpg","keywords":["AgriBrasil (GRAO3)"],"articleSection":["Neg\u00f3cios"],"inLanguage":"pt-BR"},{"@type":"WebPage","@id":"https:\/\/www.suno.com.br\/noticias\/agribrasil-grao3-adquire-terminal-portuario-sao-francisco-do-sul\/","url":"https:\/\/www.suno.com.br\/noticias\/agribrasil-grao3-adquire-terminal-portuario-sao-francisco-do-sul\/","name":"AgriBrasil (GRAO3) compra terminal portu\u00e1rio em Santa Catarina","isPartOf":{"@id":"https:\/\/www.suno.com.br\/noticias\/#website"},"primaryImageOfPage":{"@id":"https:\/\/www.suno.com.br\/noticias\/agribrasil-grao3-adquire-terminal-portuario-sao-francisco-do-sul\/#primaryimage"},"image":{"@id":"https:\/\/www.suno.com.br\/noticias\/agribrasil-grao3-adquire-terminal-portuario-sao-francisco-do-sul\/#primaryimage"},"thumbnailUrl":"https:\/\/files.sunoresearch.com.br\/n\/uploads\/2021\/07\/4d9d61f7-shutterstock_1662485788-e1611321197259-scaled.jpg","datePublished":"2021-11-01T22:55:20+00:00","dateModified":"2021-11-01T22:55:37+00:00","description":"A AgriBrasil (GRAO3) adquiriu o controle do Terminal Santa Catarina (Tesc), em S\u00e3o Francisco do Sul, em Santa Catarina.","breadcrumb":{"@id":"https:\/\/www.suno.com.br\/noticias\/agribrasil-grao3-adquire-terminal-portuario-sao-francisco-do-sul\/#breadcrumb"},"inLanguage":"pt-BR","potentialAction":[{"@type":"ReadAction","target":["https:\/\/www.suno.com.br\/noticias\/agribrasil-grao3-adquire-terminal-portuario-sao-francisco-do-sul\/"]}]},{"@type":"ImageObject","inLanguage":"pt-BR","@id":"https:\/\/www.suno.com.br\/noticias\/agribrasil-grao3-adquire-terminal-portuario-sao-francisco-do-sul\/#primaryimage","url":"https:\/\/files.sunoresearch.com.br\/n\/uploads\/2021\/07\/4d9d61f7-shutterstock_1662485788-e1611321197259-scaled.jpg","contentUrl":"https:\/\/files.sunoresearch.com.br\/n\/uploads\/2021\/07\/4d9d61f7-shutterstock_1662485788-e1611321197259-scaled.jpg","width":2560,"height":1619,"caption":"AgriBrasil suspende IPO, sem explicar o motivo. Foto: Reprodu\u00e7\u00e3o Site"},{"@type":"BreadcrumbList","@id":"https:\/\/www.suno.com.br\/noticias\/agribrasil-grao3-adquire-terminal-portuario-sao-francisco-do-sul\/#breadcrumb","itemListElement":[{"@type":"ListItem","position":1,"name":"Not\u00edcias","item":"https:\/\/www.suno.com.br\/noticias\/"},{"@type":"ListItem","position":2,"name":"Neg\u00f3cios","item":"https:\/\/www.suno.com.br\/noticias\/negocios\/"},{"@type":"ListItem","position":3,"name":"AgriBrasil (GRAO3) compra terminal portu\u00e1rio em S\u00e3o Francisco do Sul (SC)"}]},{"@type":"WebSite","@id":"https:\/\/www.suno.com.br\/noticias\/#website","url":"https:\/\/www.suno.com.br\/noticias\/","name":"Suno Not\u00edcias","description":"Seu portal de informa\u00e7\u00e3o sobre o mundo dos investimentos","publisher":{"@id":"https:\/\/www.suno.com.br\/noticias\/#organization"},"potentialAction":[{"@type":"SearchAction","target":{"@type":"EntryPoint","urlTemplate":"https:\/\/www.suno.com.br\/noticias\/?s={search_term_string}"},"query-input":{"@type":"PropertyValueSpecification","valueRequired":true,"valueName":"search_term_string"}}],"inLanguage":"pt-BR"},{"@type":"Organization","@id":"https:\/\/www.suno.com.br\/noticias\/#organization","name":"Suno Not\u00edcias","url":"https:\/\/www.suno.com.br\/noticias\/","logo":{"@type":"ImageObject","inLanguage":"pt-BR","@id":"https:\/\/www.suno.com.br\/noticias\/#\/schema\/logo\/image\/","url":"https:\/\/files.sunoresearch.com.br\/n\/uploads\/2021\/09\/suno-logo.png","contentUrl":"https:\/\/files.sunoresearch.com.br\/n\/uploads\/2021\/09\/suno-logo.png","width":180,"height":180,"caption":"Suno Not\u00edcias"},"image":{"@id":"https:\/\/www.suno.com.br\/noticias\/#\/schema\/logo\/image\/"},"sameAs":["https:\/\/facebook.com\/sunoresearch","https:\/\/x.com\/sunoresearch","https:\/\/www.instagram.com\/suno","https:\/\/www.linkedin.com\/company\/suno-research\/","https:\/\/www.youtube.com\/c\/sunoresearch"]},{"@type":"Person","@id":"https:\/\/www.suno.com.br\/noticias\/#\/schema\/person\/06f0d962a6b1c54852e4860f16935600","name":"Bruno Galv\u00e3o","image":{"@type":"ImageObject","inLanguage":"pt-BR","@id":"https:\/\/www.suno.com.br\/noticias\/#\/schema\/person\/image\/","url":"https:\/\/secure.gravatar.com\/avatar\/53598df0b41c00f12f287a912d0e918e?s=96&r=g","contentUrl":"https:\/\/secure.gravatar.com\/avatar\/53598df0b41c00f12f287a912d0e918e?s=96&r=g","caption":"Bruno Galv\u00e3o"},"description":"Escreve para o portal Suno Not\u00edcias. \u00c9 estudante de Jornalismo pela Faculdade C\u00e1sper L\u00edbero e Letras pela USP. Entusiasta de tecnologia e intelig\u00eancia artificial.","url":"https:\/\/www.suno.com.br\/noticias\/author\/bruno-garcia\/"}]}},"default_loop_html":"<div class=\"cardsPage__listCard__boxs\"><div class=\"cardsPage__listCard__boxs__img\"><a href=\"https:\/\/www.suno.com.br\/noticias\/agribrasil-grao3-adquire-terminal-portuario-sao-francisco-do-sul\/\"><img class=\"mask\" src=\"https:\/\/www.suno.com.br\/noticias\/wp-content\/themes\/suno\/resources\/images\/spotlight\/spotlight1img\/bg-mask.png\" alt=\"Image Mask\"\/><img src=\"https:\/\/files.sunoresearch.com.br\/n\/uploads\/2021\/07\/4d9d61f7-shutterstock_1662485788-e1611321197259-400x200.jpg\" alt=\"AgriBrasil (GRAO3) compra terminal portu\u00e1rio em S\u00e3o Francisco do Sul (SC)\"\/><\/a><span class=\"spotlightCategory\"><a href=\"https:\/\/www.suno.com.br\/noticias\/negocios\/\">Neg\u00f3cios<\/a><\/span><\/div><div class=\"cardsPage__listCard__boxs__content\"><a href=\"https:\/\/www.suno.com.br\/noticias\/agribrasil-grao3-adquire-terminal-portuario-sao-francisco-do-sul\/\"><h2 class=\"content__title\">AgriBrasil (GRAO3) compra terminal portu\u00e1rio em S\u00e3o Francisco do Sul (SC)<\/h2><\/a><div class=\"newsContent__article__meta\"><div class=\"newsContent__article__meta__authorBox\"><a href=\"https:\/\/www.suno.com.br\/noticias\/author\/bruno-garcia\/\" class=\"authorBox__avatar noMobi\"><img src=\"https:\/\/secure.gravatar.com\/avatar\/53598df0b41c00f12f287a912d0e918e?s=96&#038;r=g\" alt=\"Bruno Galv\u00e3o\"><\/a><div class=\"authorBox__name\"><span>por\n\t\t\t<a href=\"https:\/\/www.suno.com.br\/noticias\/author\/bruno-garcia\/\"><span itemprop=\"author\">Bruno Galv\u00e3o<\/span><\/a><\/span><time datetime=\"2021-11-01T19:55:20-03:00\" itemprop=\"datePublished\">01\/11\/2021 19:55<\/time><\/div><\/div><\/div><\/div><\/div>","single_layout":"posts","amp_enabled":true,"_links":{"self":[{"href":"https:\/\/www.suno.com.br\/noticias\/wp-json\/wp\/v2\/posts\/200158"}],"collection":[{"href":"https:\/\/www.suno.com.br\/noticias\/wp-json\/wp\/v2\/posts"}],"about":[{"href":"https:\/\/www.suno.com.br\/noticias\/wp-json\/wp\/v2\/types\/post"}],"author":[{"embeddable":true,"href":"https:\/\/www.suno.com.br\/noticias\/wp-json\/wp\/v2\/users\/118"}],"replies":[{"embeddable":true,"href":"https:\/\/www.suno.com.br\/noticias\/wp-json\/wp\/v2\/comments?post=200158"}],"version-history":[{"count":4,"href":"https:\/\/www.suno.com.br\/noticias\/wp-json\/wp\/v2\/posts\/200158\/revisions"}],"predecessor-version":[{"id":200196,"href":"https:\/\/www.suno.com.br\/noticias\/wp-json\/wp\/v2\/posts\/200158\/revisions\/200196"}],"wp:featuredmedia":[{"embeddable":true,"href":"https:\/\/www.suno.com.br\/noticias\/wp-json\/wp\/v2\/media\/169073"}],"wp:attachment":[{"href":"https:\/\/www.suno.com.br\/noticias\/wp-json\/wp\/v2\/media?parent=200158"}],"wp:term":[{"taxonomy":"category","embeddable":true,"href":"https:\/\/www.suno.com.br\/noticias\/wp-json\/wp\/v2\/categories?post=200158"},{"taxonomy":"post_tag","embeddable":true,"href":"https:\/\/www.suno.com.br\/noticias\/wp-json\/wp\/v2\/tags?post=200158"},{"taxonomy":"suno_strategy","embeddable":true,"href":"https:\/\/www.suno.com.br\/noticias\/wp-json\/wp\/v2\/suno_strategy?post=200158"}],"curies":[{"name":"wp","href":"https:\/\/api.w.org\/{rel}","templated":true}]}}