{"id":19994,"date":"2019-04-04T14:18:41","date_gmt":"2019-04-04T17:18:41","guid":{"rendered":"https:\/\/www.suno.com.br\/noticias\/?p=19994"},"modified":"2019-04-04T14:19:10","modified_gmt":"2019-04-04T17:19:10","slug":"petrobras-cessao-onerosa-governo-ministro-ultimos-detalhes","status":"publish","type":"post","link":"https:\/\/www.suno.com.br\/noticias\/petrobras-cessao-onerosa-governo-ministro-ultimos-detalhes\/","title":{"rendered":"Petrobras: acordo da cess\u00e3o onerosa, com governo, chega \u00e0 fase final"},"content":{"rendered":"<p>O ministro de Minas e Energia, <strong>Bento Albuquerque<\/strong>, afirmou nesta quinta-feira (4) \u00e0 Imprensa que o governo deve ajustar em<strong> 9 de abril<\/strong>\u00a0os <strong>\u00faltimos detalhes<\/strong> para o <strong>acordo<\/strong> com a Petrobras (PETR4) da <strong>cess\u00e3o onerosa<\/strong>.<\/p>\t<div class=\"wrapper-featured-image\">\n\t\t<figure class=\"spotlightImg\">\n\n\t\t\t<picture>\n\t\t\t\t<source media=\"(max-width: 768px)\" srcset=\"https:\/\/files.sunoresearch.com.br\/n\/uploads\/2018\/11\/7836f21f-petrobras-400x200.webp\">\n\t\t\t\t<img loading=\"lazy\" decoding=\"async\" class=\"newsContent__article__imgCapa lazyloadDisabled newsContent__article__imgCapa--noCaption\" src=\"https:\/\/files.sunoresearch.com.br\/n\/uploads\/2018\/11\/7836f21f-petrobras-800x450.webp\" width=\"800\" height=\"450\" alt=\"Petrobras: acordo da cess\u00e3o onerosa, com governo, chega \u00e0 fase final\" fetchpriority=high \/>\n\t\t\t<\/picture>\n\n\t\t\t<figcaption class=\"wp-caption-text wp-caption-text--hide\">Petrobras (PETR4): BNDES reprovou bonifica\u00e7\u00e3o para diretoria, diz jornal<\/figcaption>\n\t\t<\/figure>\n\t<\/div>\n\n\n<p>Os ajustes ocorrer\u00e3o em reuni\u00e3o do<strong> Conselho Nacional de Pol\u00edtica Energ\u00e9tica<\/strong> (CNPE). No mesmo encontro, devem ser acertados os \u00faltimos detalhes tamb\u00e9m do <strong>leil\u00e3o dos excedentes<\/strong> do contrato da <strong>cess\u00e3o onerosa<\/strong>.\u00a0A regi\u00e3o conta com importantes campos do<strong> pr\u00e9-sal<\/strong> da Bacia de Santos, cedidos \u00e0 <strong>Petrobras<\/strong> em 2010.\u00a0O <strong>leil\u00e3o<\/strong> est\u00e1 previsto para<strong> 28 de outubro<\/strong>.<\/p>\n<p>\u201cTemos CNPE em<strong> 9 de abril<\/strong> e estamos concluindo negocia\u00e7\u00f5es e modelos. Ainda n\u00e3o fechamos e estamos trabalhando nisso\u201d, disse <strong>Bento Albuquerque<\/strong>, no Rio de Janeiro.<\/p>\n<p>[optin-monster-shortcode id=&#8221;npkxlwaleraa8psvnego&#8221;]<\/p>\n<p>&nbsp;<\/p>\n<p>De acordo com o ministro, a <strong>renegocia\u00e7\u00e3o<\/strong> com a <strong>Petrobras<\/strong> e a <strong>modelagem do leil\u00e3o<\/strong> ainda est\u00e3o em fase de <strong>conclus\u00e3o<\/strong>.<\/p>\n<p>Na semana passada, o ministro da Economia, <a href=\"https:\/\/www.suno.com.br\/tudo-sobre\/paulo-guedes\/\"><strong>Paulo Guedes<\/strong><\/a>, anunciou que as negocia\u00e7\u00f5es com a <strong>Petrobras<\/strong> j\u00e1 haviam sido conclu\u00eddas. E que o resultado seria anunciado nos dias seguintes.<\/p>\n<p><a href=\"https:\/\/www.suno.com.br\/noticias\/leilao-excedente-pre-sal-recursos-estados-municipios\/\">Saiba mais &#8211;\u00a0Leil\u00e3o de excedente do pr\u00e9-sal pode gerar recursos para Estados<\/a><\/p>\n<h2>Contrato da cess\u00e3o onerosa<\/h2>\n<p>O <strong>contrato da cess\u00e3o onerosa<\/strong> foi assinado em <strong>2010<\/strong>. Isto como parte de um processo de <a href=\"https:\/\/www.suno.com.br\/artigos\/capitalizacao-de-mercado\/\">capitaliza\u00e7\u00e3o<\/a> da Petrobras, que garantia \u00e0 companhia o direito de produzir at\u00e9 5 bilh\u00f5es de barris de \u00f3leo equivalente na regi\u00e3o definida pelo contrato.<\/p>\n<p>Na \u00e9poca, a <strong>Petrobras<\/strong> pagou R$ 74,8 bilh\u00f5es. Contudo, em acordo, decidiu-se por uma <strong>renegocia\u00e7\u00e3o<\/strong> do contrato, visto que as \u00e1reas necessitavam da <strong>declara\u00e7\u00e3o<\/strong> de serem<strong> \u00e1reas comerciais<\/strong>. A declara\u00e7\u00e3o ocorreu apenas no fim de <strong>2014<\/strong>. O <strong>valor da negocia\u00e7\u00e3o<\/strong> deveria ser <strong>revisto<\/strong> a partir de par\u00e2metros como pre\u00e7o do barril do petr\u00f3leo e c\u00e2mbio.<\/p>\n<p>Ao longo dos anos, <strong>volumes maiores<\/strong> de reservas nessas \u00e1reas foram <strong>encontrados<\/strong>. E o governo decidiu colocar esses excedentes em <strong>leil\u00e3o<\/strong>.<\/p>\n<div>\t<p>\n\t\t<a href=\"https:\/\/lp.suno.com.br\/asset\/fundos\/suno-fic-fia\/\" target=\"_blank\" data-element=\"shortcode-suno-banner\" title=\"Banner SUNO, clique e saiba mais\">\n\t\t\t<picture>\n\t\t\t\t<source media=\"(max-width: 500px)\" srcset=\"https:\/\/files.sunoresearch.com.br\/n\/uploads\/2023\/10\/SUNO-FIC-FIA-400x300-Mobile-Artigos-5-v2.png\">\n\t\t\t\t<img class=\"newsContent__article__imgCapa newsContent__article__imgCapa--banner\"\n\t\t\t\t\tsrc=\"https:\/\/files.sunoresearch.com.br\/n\/uploads\/2023\/10\/SUNO-FIC-FIA-1420x240-Banner-Artigos-1-_-Banner-Materias-4-v2-png.webp\"\n\t\t\t\t\tdata-promo-id=\"478743\"\t\t\t\t\t\t\t\t\t\twidth='2560' height='433'\t\t\t\t\talt=\"https:\/\/files.sunoresearch.com.br\/n\/uploads\/2023\/10\/SUNO-FIC-FIA-1420x240-Banner-Artigos-1-_-Banner-Materias-4-v2-png.webp\"\n\t\t\t\t>\n\t\t\t<\/picture>\n\t\t<\/a>\n\t<\/p>\n\n<\/div>\n<p>Conforme estimativas da <strong>Ag\u00eancia Nacional do Petr\u00f3leo<\/strong> (ANP), s\u00e3o previstos volumes excedentes na \u00e1rea, que podem variar entre <strong>6 bilh\u00f5es a 15 bilh\u00f5es de barris de \u00f3leo<\/strong> equivalente.<\/p>\n<p>O <strong>ministro de Minas e Energia<\/strong> disse que est\u00e1<strong> &#8220;otimista&#8221;<\/strong> com a finaliza\u00e7\u00e3o do acordo, visto que o processo j\u00e1 se estende por anos.<\/p>\n<p>\u201cEstou esperando voc\u00eas no dia<strong> 28 de outubro<\/strong>\u201d, afirmou <strong>Bento Albuquerque<\/strong>, referindo-se \u00e0 data agendada da licita\u00e7\u00e3o. O leil\u00e3o deve atrair grandes petroleiras, entre nacionais e internacionais, al\u00e9m da pr\u00f3pria <strong>Petrobras<\/strong>.<\/p>\n","protected":false},"excerpt":{"rendered":"<p>O ministro de Minas e Energia, Bento Albuquerque, afirmou nesta quinta-feira (4) \u00e0 Imprensa que o governo deve ajustar em 9 de abril\u00a0os \u00faltimos detalhes para o acordo com a Petrobras (PETR4) da cess\u00e3o onerosa. Petrobras (PETR4): BNDES reprovou bonifica\u00e7\u00e3o para diretoria, diz jornal Os ajustes ocorrer\u00e3o em reuni\u00e3o do Conselho Nacional de Pol\u00edtica Energ\u00e9tica [&hellip;]<\/p>\n","protected":false},"author":12,"featured_media":7316,"comment_status":"closed","ping_status":"closed","sticky":false,"template":"","format":"standard","meta":[],"categories":[64],"tags":[595],"suno_strategy":[],"class_list":["post-19994","post","type-post","status-publish","format-standard","has-post-thumbnail","hentry","category-negocios","tag-petrobras-petr4"],"yoast_head":"<!-- This site is optimized with the Yoast SEO plugin v24.4 - https:\/\/yoast.com\/wordpress\/plugins\/seo\/ -->\n<title>Petrobras: acordo da cess\u00e3o onerosa, com governo, chega \u00e0 fase final<\/title>\n<meta name=\"description\" content=\"Bento Albuquerque afirmou que o governo deve ajustar em 9 de abril\u00a0os \u00faltimos detalhes para o acordo com a Petrobras. Clique para saber mais.\" \/>\n<meta name=\"robots\" content=\"index, follow, max-snippet:-1, max-image-preview:large, max-video-preview:-1\" \/>\n<link rel=\"canonical\" href=\"https:\/\/www.suno.com.br\/noticias\/petrobras-cessao-onerosa-governo-ministro-ultimos-detalhes\/\" \/>\n<meta property=\"og:locale\" content=\"pt_BR\" \/>\n<meta property=\"og:type\" content=\"article\" \/>\n<meta property=\"og:title\" content=\"Petrobras: acordo da cess\u00e3o onerosa, com governo, chega \u00e0 fase final\" \/>\n<meta property=\"og:description\" content=\"Bento Albuquerque afirmou que o governo deve ajustar em 9 de abril\u00a0os \u00faltimos detalhes para o acordo com a Petrobras. Clique para saber mais.\" \/>\n<meta property=\"og:url\" content=\"https:\/\/www.suno.com.br\/noticias\/petrobras-cessao-onerosa-governo-ministro-ultimos-detalhes\/\" \/>\n<meta property=\"og:site_name\" content=\"Suno Not\u00edcias\" \/>\n<meta property=\"article:publisher\" content=\"https:\/\/facebook.com\/sunoresearch\" \/>\n<meta property=\"og:image\" content=\"https:\/\/files.sunoresearch.com.br\/n\/uploads\/2018\/11\/7836f21f-petrobras.jpg\" \/>\n\t<meta property=\"og:image:width\" content=\"1346\" \/>\n\t<meta property=\"og:image:height\" content=\"861\" \/>\n\t<meta property=\"og:image:type\" content=\"image\/jpeg\" \/>\n<meta name=\"author\" content=\"Amanda Gushiken\" \/>\n<meta name=\"twitter:card\" content=\"summary_large_image\" \/>\n<meta name=\"twitter:creator\" content=\"@sunoresearch\" \/>\n<meta name=\"twitter:site\" content=\"@sunoresearch\" \/>\n<meta name=\"twitter:label1\" content=\"Escrito por\" \/>\n\t<meta name=\"twitter:data1\" content=\"Amanda Gushiken\" \/>\n\t<meta name=\"twitter:label2\" content=\"Est. tempo de leitura\" \/>\n\t<meta name=\"twitter:data2\" content=\"2 minutos\" \/>\n<script type=\"application\/ld+json\" class=\"yoast-schema-graph\">{\"@context\":\"https:\/\/schema.org\",\"@graph\":[{\"@type\":\"NewsArticle\",\"@id\":\"https:\/\/www.suno.com.br\/noticias\/petrobras-cessao-onerosa-governo-ministro-ultimos-detalhes\/#article\",\"isPartOf\":{\"@id\":\"https:\/\/www.suno.com.br\/noticias\/petrobras-cessao-onerosa-governo-ministro-ultimos-detalhes\/\"},\"author\":{\"name\":\"Amanda Gushiken\",\"@id\":\"https:\/\/www.suno.com.br\/noticias\/#\/schema\/person\/a5b06fa4e879d8e8e119c6ed3cd630d1\"},\"headline\":\"Petrobras: acordo da cess\u00e3o onerosa, com governo, chega \u00e0 fase final\",\"datePublished\":\"2019-04-04T17:18:41+00:00\",\"dateModified\":\"2019-04-04T17:19:10+00:00\",\"mainEntityOfPage\":{\"@id\":\"https:\/\/www.suno.com.br\/noticias\/petrobras-cessao-onerosa-governo-ministro-ultimos-detalhes\/\"},\"wordCount\":434,\"publisher\":{\"@id\":\"https:\/\/www.suno.com.br\/noticias\/#organization\"},\"image\":{\"@id\":\"https:\/\/www.suno.com.br\/noticias\/petrobras-cessao-onerosa-governo-ministro-ultimos-detalhes\/#primaryimage\"},\"thumbnailUrl\":\"https:\/\/files.sunoresearch.com.br\/n\/uploads\/2018\/11\/7836f21f-petrobras-jpg.webp\",\"keywords\":[\"Petrobras (PETR4)\"],\"articleSection\":[\"Neg\u00f3cios\"],\"inLanguage\":\"pt-BR\"},{\"@type\":\"WebPage\",\"@id\":\"https:\/\/www.suno.com.br\/noticias\/petrobras-cessao-onerosa-governo-ministro-ultimos-detalhes\/\",\"url\":\"https:\/\/www.suno.com.br\/noticias\/petrobras-cessao-onerosa-governo-ministro-ultimos-detalhes\/\",\"name\":\"Petrobras: acordo da cess\u00e3o onerosa, com governo, chega \u00e0 fase final\",\"isPartOf\":{\"@id\":\"https:\/\/www.suno.com.br\/noticias\/#website\"},\"primaryImageOfPage\":{\"@id\":\"https:\/\/www.suno.com.br\/noticias\/petrobras-cessao-onerosa-governo-ministro-ultimos-detalhes\/#primaryimage\"},\"image\":{\"@id\":\"https:\/\/www.suno.com.br\/noticias\/petrobras-cessao-onerosa-governo-ministro-ultimos-detalhes\/#primaryimage\"},\"thumbnailUrl\":\"https:\/\/files.sunoresearch.com.br\/n\/uploads\/2018\/11\/7836f21f-petrobras-jpg.webp\",\"datePublished\":\"2019-04-04T17:18:41+00:00\",\"dateModified\":\"2019-04-04T17:19:10+00:00\",\"description\":\"Bento Albuquerque afirmou que o governo deve ajustar em 9 de abril\u00a0os \u00faltimos detalhes para o acordo com a Petrobras. Clique para saber mais.\",\"breadcrumb\":{\"@id\":\"https:\/\/www.suno.com.br\/noticias\/petrobras-cessao-onerosa-governo-ministro-ultimos-detalhes\/#breadcrumb\"},\"inLanguage\":\"pt-BR\",\"potentialAction\":[{\"@type\":\"ReadAction\",\"target\":[\"https:\/\/www.suno.com.br\/noticias\/petrobras-cessao-onerosa-governo-ministro-ultimos-detalhes\/\"]}]},{\"@type\":\"ImageObject\",\"inLanguage\":\"pt-BR\",\"@id\":\"https:\/\/www.suno.com.br\/noticias\/petrobras-cessao-onerosa-governo-ministro-ultimos-detalhes\/#primaryimage\",\"url\":\"https:\/\/files.sunoresearch.com.br\/n\/uploads\/2018\/11\/7836f21f-petrobras-jpg.webp\",\"contentUrl\":\"https:\/\/files.sunoresearch.com.br\/n\/uploads\/2018\/11\/7836f21f-petrobras-jpg.webp\",\"width\":1346,\"height\":861,\"caption\":\"Petrobras (PETR4): BNDES reprovou bonifica\u00e7\u00e3o para diretoria, diz jornal\"},{\"@type\":\"BreadcrumbList\",\"@id\":\"https:\/\/www.suno.com.br\/noticias\/petrobras-cessao-onerosa-governo-ministro-ultimos-detalhes\/#breadcrumb\",\"itemListElement\":[{\"@type\":\"ListItem\",\"position\":1,\"name\":\"Not\u00edcias\",\"item\":\"https:\/\/www.suno.com.br\/noticias\/\"},{\"@type\":\"ListItem\",\"position\":2,\"name\":\"Neg\u00f3cios\",\"item\":\"https:\/\/www.suno.com.br\/noticias\/negocios\/\"},{\"@type\":\"ListItem\",\"position\":3,\"name\":\"Petrobras: acordo da cess\u00e3o onerosa, com governo, chega \u00e0 fase final\"}]},{\"@type\":\"WebSite\",\"@id\":\"https:\/\/www.suno.com.br\/noticias\/#website\",\"url\":\"https:\/\/www.suno.com.br\/noticias\/\",\"name\":\"Suno Not\u00edcias\",\"description\":\"Seu portal de informa\u00e7\u00e3o sobre o mundo dos investimentos\",\"publisher\":{\"@id\":\"https:\/\/www.suno.com.br\/noticias\/#organization\"},\"potentialAction\":[{\"@type\":\"SearchAction\",\"target\":{\"@type\":\"EntryPoint\",\"urlTemplate\":\"https:\/\/www.suno.com.br\/noticias\/?s={search_term_string}\"},\"query-input\":{\"@type\":\"PropertyValueSpecification\",\"valueRequired\":true,\"valueName\":\"search_term_string\"}}],\"inLanguage\":\"pt-BR\"},{\"@type\":\"Organization\",\"@id\":\"https:\/\/www.suno.com.br\/noticias\/#organization\",\"name\":\"Suno Not\u00edcias\",\"url\":\"https:\/\/www.suno.com.br\/noticias\/\",\"logo\":{\"@type\":\"ImageObject\",\"inLanguage\":\"pt-BR\",\"@id\":\"https:\/\/www.suno.com.br\/noticias\/#\/schema\/logo\/image\/\",\"url\":\"https:\/\/files.sunoresearch.com.br\/n\/uploads\/2021\/09\/suno-logo.png\",\"contentUrl\":\"https:\/\/files.sunoresearch.com.br\/n\/uploads\/2021\/09\/suno-logo.png\",\"width\":180,\"height\":180,\"caption\":\"Suno Not\u00edcias\"},\"image\":{\"@id\":\"https:\/\/www.suno.com.br\/noticias\/#\/schema\/logo\/image\/\"},\"sameAs\":[\"https:\/\/facebook.com\/sunoresearch\",\"https:\/\/x.com\/sunoresearch\",\"https:\/\/www.instagram.com\/suno\",\"https:\/\/www.linkedin.com\/company\/suno-research\/\",\"https:\/\/www.youtube.com\/c\/sunoresearch\"]},{\"@type\":\"Person\",\"@id\":\"https:\/\/www.suno.com.br\/noticias\/#\/schema\/person\/a5b06fa4e879d8e8e119c6ed3cd630d1\",\"name\":\"Amanda Gushiken\",\"image\":{\"@type\":\"ImageObject\",\"inLanguage\":\"pt-BR\",\"@id\":\"https:\/\/www.suno.com.br\/noticias\/#\/schema\/person\/image\/\",\"url\":\"https:\/\/secure.gravatar.com\/avatar\/ecd84705e6b65e3685ae80d725501fbe?s=96&r=g\",\"contentUrl\":\"https:\/\/secure.gravatar.com\/avatar\/ecd84705e6b65e3685ae80d725501fbe?s=96&r=g\",\"caption\":\"Amanda Gushiken\"},\"description\":\"Amanda Sayuri Gushiken escreve sobre finan\u00e7as e neg\u00f3cios para o portal Suno Not\u00edcias. Antes, trabalhou selecionando not\u00edcias da imprensa para clientes do mercado financeiro. Tamb\u00e9m desenvolveu pesquisa acad\u00eamica pela Universidade Anhembi Morumbi na \u00e1rea de Teorias da Comunica\u00e7\u00e3o e \u00e9 fot\u00f3grafa nas horas vagas.\",\"url\":\"https:\/\/www.suno.com.br\/noticias\/author\/amanda\/\"}]}<\/script>\n<!-- \/ Yoast SEO plugin. -->","yoast_head_json":{"title":"Petrobras: acordo da cess\u00e3o onerosa, com governo, chega \u00e0 fase final","description":"Bento Albuquerque afirmou que o governo deve ajustar em 9 de abril\u00a0os \u00faltimos detalhes para o acordo com a Petrobras. Clique para saber mais.","robots":{"index":"index","follow":"follow","max-snippet":"max-snippet:-1","max-image-preview":"max-image-preview:large","max-video-preview":"max-video-preview:-1"},"canonical":"https:\/\/www.suno.com.br\/noticias\/petrobras-cessao-onerosa-governo-ministro-ultimos-detalhes\/","og_locale":"pt_BR","og_type":"article","og_title":"Petrobras: acordo da cess\u00e3o onerosa, com governo, chega \u00e0 fase final","og_description":"Bento Albuquerque afirmou que o governo deve ajustar em 9 de abril\u00a0os \u00faltimos detalhes para o acordo com a Petrobras. Clique para saber mais.","og_url":"https:\/\/www.suno.com.br\/noticias\/petrobras-cessao-onerosa-governo-ministro-ultimos-detalhes\/","og_site_name":"Suno Not\u00edcias","article_publisher":"https:\/\/facebook.com\/sunoresearch","og_image":[{"width":1346,"height":861,"url":"https:\/\/files.sunoresearch.com.br\/n\/uploads\/2018\/11\/7836f21f-petrobras.jpg","type":"image\/jpeg"}],"author":"Amanda Gushiken","twitter_card":"summary_large_image","twitter_creator":"@sunoresearch","twitter_site":"@sunoresearch","twitter_misc":{"Escrito por":"Amanda Gushiken","Est. tempo de leitura":"2 minutos"},"schema":{"@context":"https:\/\/schema.org","@graph":[{"@type":"NewsArticle","@id":"https:\/\/www.suno.com.br\/noticias\/petrobras-cessao-onerosa-governo-ministro-ultimos-detalhes\/#article","isPartOf":{"@id":"https:\/\/www.suno.com.br\/noticias\/petrobras-cessao-onerosa-governo-ministro-ultimos-detalhes\/"},"author":{"name":"Amanda Gushiken","@id":"https:\/\/www.suno.com.br\/noticias\/#\/schema\/person\/a5b06fa4e879d8e8e119c6ed3cd630d1"},"headline":"Petrobras: acordo da cess\u00e3o onerosa, com governo, chega \u00e0 fase final","datePublished":"2019-04-04T17:18:41+00:00","dateModified":"2019-04-04T17:19:10+00:00","mainEntityOfPage":{"@id":"https:\/\/www.suno.com.br\/noticias\/petrobras-cessao-onerosa-governo-ministro-ultimos-detalhes\/"},"wordCount":434,"publisher":{"@id":"https:\/\/www.suno.com.br\/noticias\/#organization"},"image":{"@id":"https:\/\/www.suno.com.br\/noticias\/petrobras-cessao-onerosa-governo-ministro-ultimos-detalhes\/#primaryimage"},"thumbnailUrl":"https:\/\/files.sunoresearch.com.br\/n\/uploads\/2018\/11\/7836f21f-petrobras-jpg.webp","keywords":["Petrobras (PETR4)"],"articleSection":["Neg\u00f3cios"],"inLanguage":"pt-BR"},{"@type":"WebPage","@id":"https:\/\/www.suno.com.br\/noticias\/petrobras-cessao-onerosa-governo-ministro-ultimos-detalhes\/","url":"https:\/\/www.suno.com.br\/noticias\/petrobras-cessao-onerosa-governo-ministro-ultimos-detalhes\/","name":"Petrobras: acordo da cess\u00e3o onerosa, com governo, chega \u00e0 fase final","isPartOf":{"@id":"https:\/\/www.suno.com.br\/noticias\/#website"},"primaryImageOfPage":{"@id":"https:\/\/www.suno.com.br\/noticias\/petrobras-cessao-onerosa-governo-ministro-ultimos-detalhes\/#primaryimage"},"image":{"@id":"https:\/\/www.suno.com.br\/noticias\/petrobras-cessao-onerosa-governo-ministro-ultimos-detalhes\/#primaryimage"},"thumbnailUrl":"https:\/\/files.sunoresearch.com.br\/n\/uploads\/2018\/11\/7836f21f-petrobras-jpg.webp","datePublished":"2019-04-04T17:18:41+00:00","dateModified":"2019-04-04T17:19:10+00:00","description":"Bento Albuquerque afirmou que o governo deve ajustar em 9 de abril\u00a0os \u00faltimos detalhes para o acordo com a Petrobras. Clique para saber mais.","breadcrumb":{"@id":"https:\/\/www.suno.com.br\/noticias\/petrobras-cessao-onerosa-governo-ministro-ultimos-detalhes\/#breadcrumb"},"inLanguage":"pt-BR","potentialAction":[{"@type":"ReadAction","target":["https:\/\/www.suno.com.br\/noticias\/petrobras-cessao-onerosa-governo-ministro-ultimos-detalhes\/"]}]},{"@type":"ImageObject","inLanguage":"pt-BR","@id":"https:\/\/www.suno.com.br\/noticias\/petrobras-cessao-onerosa-governo-ministro-ultimos-detalhes\/#primaryimage","url":"https:\/\/files.sunoresearch.com.br\/n\/uploads\/2018\/11\/7836f21f-petrobras-jpg.webp","contentUrl":"https:\/\/files.sunoresearch.com.br\/n\/uploads\/2018\/11\/7836f21f-petrobras-jpg.webp","width":1346,"height":861,"caption":"Petrobras (PETR4): BNDES reprovou bonifica\u00e7\u00e3o para diretoria, diz jornal"},{"@type":"BreadcrumbList","@id":"https:\/\/www.suno.com.br\/noticias\/petrobras-cessao-onerosa-governo-ministro-ultimos-detalhes\/#breadcrumb","itemListElement":[{"@type":"ListItem","position":1,"name":"Not\u00edcias","item":"https:\/\/www.suno.com.br\/noticias\/"},{"@type":"ListItem","position":2,"name":"Neg\u00f3cios","item":"https:\/\/www.suno.com.br\/noticias\/negocios\/"},{"@type":"ListItem","position":3,"name":"Petrobras: acordo da cess\u00e3o onerosa, com governo, chega \u00e0 fase final"}]},{"@type":"WebSite","@id":"https:\/\/www.suno.com.br\/noticias\/#website","url":"https:\/\/www.suno.com.br\/noticias\/","name":"Suno Not\u00edcias","description":"Seu portal de informa\u00e7\u00e3o sobre o mundo dos investimentos","publisher":{"@id":"https:\/\/www.suno.com.br\/noticias\/#organization"},"potentialAction":[{"@type":"SearchAction","target":{"@type":"EntryPoint","urlTemplate":"https:\/\/www.suno.com.br\/noticias\/?s={search_term_string}"},"query-input":{"@type":"PropertyValueSpecification","valueRequired":true,"valueName":"search_term_string"}}],"inLanguage":"pt-BR"},{"@type":"Organization","@id":"https:\/\/www.suno.com.br\/noticias\/#organization","name":"Suno Not\u00edcias","url":"https:\/\/www.suno.com.br\/noticias\/","logo":{"@type":"ImageObject","inLanguage":"pt-BR","@id":"https:\/\/www.suno.com.br\/noticias\/#\/schema\/logo\/image\/","url":"https:\/\/files.sunoresearch.com.br\/n\/uploads\/2021\/09\/suno-logo.png","contentUrl":"https:\/\/files.sunoresearch.com.br\/n\/uploads\/2021\/09\/suno-logo.png","width":180,"height":180,"caption":"Suno Not\u00edcias"},"image":{"@id":"https:\/\/www.suno.com.br\/noticias\/#\/schema\/logo\/image\/"},"sameAs":["https:\/\/facebook.com\/sunoresearch","https:\/\/x.com\/sunoresearch","https:\/\/www.instagram.com\/suno","https:\/\/www.linkedin.com\/company\/suno-research\/","https:\/\/www.youtube.com\/c\/sunoresearch"]},{"@type":"Person","@id":"https:\/\/www.suno.com.br\/noticias\/#\/schema\/person\/a5b06fa4e879d8e8e119c6ed3cd630d1","name":"Amanda Gushiken","image":{"@type":"ImageObject","inLanguage":"pt-BR","@id":"https:\/\/www.suno.com.br\/noticias\/#\/schema\/person\/image\/","url":"https:\/\/secure.gravatar.com\/avatar\/ecd84705e6b65e3685ae80d725501fbe?s=96&r=g","contentUrl":"https:\/\/secure.gravatar.com\/avatar\/ecd84705e6b65e3685ae80d725501fbe?s=96&r=g","caption":"Amanda Gushiken"},"description":"Amanda Sayuri Gushiken escreve sobre finan\u00e7as e neg\u00f3cios para o portal Suno Not\u00edcias. Antes, trabalhou selecionando not\u00edcias da imprensa para clientes do mercado financeiro. Tamb\u00e9m desenvolveu pesquisa acad\u00eamica pela Universidade Anhembi Morumbi na \u00e1rea de Teorias da Comunica\u00e7\u00e3o e \u00e9 fot\u00f3grafa nas horas vagas.","url":"https:\/\/www.suno.com.br\/noticias\/author\/amanda\/"}]}},"default_loop_html":"<div class=\"cardsPage__listCard__boxs\"><div class=\"cardsPage__listCard__boxs__img\"><a href=\"https:\/\/www.suno.com.br\/noticias\/petrobras-cessao-onerosa-governo-ministro-ultimos-detalhes\/\"><img class=\"mask\" src=\"https:\/\/www.suno.com.br\/noticias\/wp-content\/themes\/suno\/resources\/images\/spotlight\/spotlight1img\/bg-mask.png\" alt=\"Image Mask\"\/><img src=\"https:\/\/files.sunoresearch.com.br\/n\/uploads\/2018\/11\/7836f21f-petrobras-400x200.webp\" alt=\"Petrobras: acordo da cess\u00e3o onerosa, com governo, chega \u00e0 fase final\"\/><\/a><span class=\"spotlightCategory\"><a href=\"https:\/\/www.suno.com.br\/noticias\/negocios\/\">Neg\u00f3cios<\/a><\/span><\/div><div class=\"cardsPage__listCard__boxs__content\"><a href=\"https:\/\/www.suno.com.br\/noticias\/petrobras-cessao-onerosa-governo-ministro-ultimos-detalhes\/\"><h2 class=\"content__title\">Petrobras: acordo da cess\u00e3o onerosa, com governo, chega \u00e0 fase final<\/h2><\/a><div class=\"newsContent__article__meta\"><div class=\"newsContent__article__meta__authorBox\"><a href=\"https:\/\/www.suno.com.br\/noticias\/author\/amanda\/\" class=\"authorBox__avatar noMobi\"><img src=\"https:\/\/files.sunoresearch.com.br\/n\/uploads\/2018\/11\/c6ad30be-amanda-150x150.webp\" alt=\"Amanda Gushiken\"><\/a><div class=\"authorBox__name\"><span>por\n\t\t\t<a href=\"https:\/\/www.suno.com.br\/noticias\/author\/amanda\/\"><span itemprop=\"author\">Amanda Gushiken<\/span><\/a><\/span><time datetime=\"2019-04-04T14:18:41-03:00\" itemprop=\"datePublished\">04\/04\/2019 14:18<\/time><\/div><\/div><\/div><\/div><\/div>","single_layout":"posts","amp_enabled":true,"_links":{"self":[{"href":"https:\/\/www.suno.com.br\/noticias\/wp-json\/wp\/v2\/posts\/19994"}],"collection":[{"href":"https:\/\/www.suno.com.br\/noticias\/wp-json\/wp\/v2\/posts"}],"about":[{"href":"https:\/\/www.suno.com.br\/noticias\/wp-json\/wp\/v2\/types\/post"}],"author":[{"embeddable":true,"href":"https:\/\/www.suno.com.br\/noticias\/wp-json\/wp\/v2\/users\/12"}],"replies":[{"embeddable":true,"href":"https:\/\/www.suno.com.br\/noticias\/wp-json\/wp\/v2\/comments?post=19994"}],"version-history":[{"count":0,"href":"https:\/\/www.suno.com.br\/noticias\/wp-json\/wp\/v2\/posts\/19994\/revisions"}],"wp:featuredmedia":[{"embeddable":true,"href":"https:\/\/www.suno.com.br\/noticias\/wp-json\/wp\/v2\/media\/7316"}],"wp:attachment":[{"href":"https:\/\/www.suno.com.br\/noticias\/wp-json\/wp\/v2\/media?parent=19994"}],"wp:term":[{"taxonomy":"category","embeddable":true,"href":"https:\/\/www.suno.com.br\/noticias\/wp-json\/wp\/v2\/categories?post=19994"},{"taxonomy":"post_tag","embeddable":true,"href":"https:\/\/www.suno.com.br\/noticias\/wp-json\/wp\/v2\/tags?post=19994"},{"taxonomy":"suno_strategy","embeddable":true,"href":"https:\/\/www.suno.com.br\/noticias\/wp-json\/wp\/v2\/suno_strategy?post=19994"}],"curies":[{"name":"wp","href":"https:\/\/api.w.org\/{rel}","templated":true}]}}