{"id":199871,"date":"2021-11-01T11:13:21","date_gmt":"2021-11-01T14:13:21","guid":{"rendered":"https:\/\/www.suno.com.br\/noticias\/?p=199871"},"modified":"2021-11-01T11:13:21","modified_gmt":"2021-11-01T14:13:21","slug":"ibovespa-alta-de-14-cogna-cong3-sobe","status":"publish","type":"post","link":"https:\/\/www.suno.com.br\/noticias\/ibovespa-alta-de-14-cogna-cong3-sobe\/","title":{"rendered":"Ibovespa abre em recupera\u00e7\u00e3o com alta de 1,4%; Cogna (COGN3) sobe 10%"},"content":{"rendered":"<p>Iniciando o primeiro preg\u00e3o de novembro, nesta segunda (1), o <strong>Ibovespa<\/strong> abre aos 104.962 pontos em alta de 1,41%. Na ponta positiva, a <a href=\"https:\/\/www.suno.com.br\/acoes\/cogn3\/\">Cogna (COGN3)<\/a> sobe 10%, em conson\u00e2ncia com as pr\u00e9vias da <a class=\"suno-keyword\" href=\"https:\/\/www.suno.com.br\/acoes\/SEER3\/\" target=\"_blank\" rel=\"noopener\" data-force=\"yes\" data-priority=\"2\">Ser Educacional\u00a0(SEER3)<\/a>. A companhia divulgou dados acima do esperado e puxou alta no segmento de educa\u00e7\u00e3o desde ent\u00e3o.<\/p>\t<div class=\"wrapper-featured-image\">\n\t\t<figure class=\"spotlightImg\">\n\n\t\t\t<picture>\n\t\t\t\t<source media=\"(max-width: 768px)\" srcset=\"https:\/\/files.sunoresearch.com.br\/n\/uploads\/2021\/11\/Kroton_Divulgacao-628x353-1-400x200.jpg\">\n\t\t\t\t<img loading=\"lazy\" decoding=\"async\" class=\"newsContent__article__imgCapa lazyloadDisabled \" src=\"https:\/\/files.sunoresearch.com.br\/n\/uploads\/2021\/11\/Kroton_Divulgacao-628x353-1-800x450.jpg\" width=\"800\" height=\"450\" alt=\"Ibovespa abre em recupera\u00e7\u00e3o com alta de 1,4%; Cogna (COGN3) sobe 10%\" fetchpriority=high \/>\n\t\t\t<\/picture>\n\n\t\t\t<figcaption class=\"wp-caption-text wp-caption-text--show\">Cogna Day segue com aposta no ensino digital - Foto: Divulga\u00e7\u00e3o<\/figcaption>\n\t\t<\/figure>\n\t<\/div>\n\n\n\t<p>\n\t\t<a href=\"https:\/\/lp.suno.com.br\/planilha-controle-gastos\/\" target=\"_blank\" data-element=\"shortcode-suno-banner\" title=\"Banner SUNO, clique e saiba mais\">\n\t\t\t<picture>\n\t\t\t\t<source media=\"(max-width: 500px)\" srcset=\"https:\/\/files.sunoresearch.com.br\/n\/uploads\/2023\/03\/400x300-Planilha-controle-de-gastos.png\">\n\t\t\t\t<img class=\"newsContent__article__imgCapa newsContent__article__imgCapa--banner\"\n\t\t\t\t\tsrc=\"https:\/\/files.sunoresearch.com.br\/n\/uploads\/2023\/03\/1420x240-Planilha-controle-de-gastos.png\"\n\t\t\t\t\tdata-promo-id=\"101751\"\t\t\t\t\t\t\t\t\t\twidth='1420' height='240'\t\t\t\t\talt=\"https:\/\/files.sunoresearch.com.br\/n\/uploads\/2023\/03\/1420x240-Planilha-controle-de-gastos.png\"\n\t\t\t\t>\n\t\t\t<\/picture>\n\t\t<\/a>\n\t<\/p>\n\n\n<p>O <strong>Ibovespa hoje<\/strong> lida com os resultados das empresas divulgados no fim da semana passada, as not\u00edcias recentes sobre o <a href=\"https:\/\/www.suno.com.br\/noticias\/nubank-ipo-nyse-bdr-b3-bolsa-oferta-estreia\/\">IPO do Nubank<\/a> e a recupera\u00e7\u00e3o ap\u00f3s o tombo de sexta (29). No dia, o \u00edndice caiu para o seu menor patamar desde novembro de 2020.<\/p>\n<p>&#8220;Aqui, para variar, o Ibovespa registrou queda de 6,7% no m\u00eas e que por sinal foi o quarto m\u00eas consecutivo que fechou no vermelho (queda de 13% no ano). Se os problemas de infla\u00e7\u00e3o alta, bancos centrais revisando suas estrat\u00e9gias de pol\u00edtica monet\u00e1ria, crise de energia e resultados das empresas do 3T21 superando mais de 80% as estimativas (aqui e l\u00e1 fora), o que justifica esta disparidade&#8221;, afirma o analista CNPI da Mirae Asset, Pedro Galdi.<\/p>\n<p>A deteriora\u00e7\u00e3o do cen\u00e1rio macroecon\u00f4mico, vale lembrar, fez corretoras e bancos revisarem suas proje\u00e7\u00f5es para 2022 com maior pessimismo &#8211; vendo juros mais altos, infla\u00e7\u00e3o crescente e bolsa encolhendo.<\/p>\n<p>A manh\u00e3 de hoje n\u00e3o conta com balan\u00e7os trimestrais, que devem retornar somente na quarta (3) ap\u00f3s o feriado, j\u00e1 com o resultado financeiro do Ita\u00fa (ITUB4).\u00a0Al\u00e9m disso, nenhum balan\u00e7o foi divulgado na noite de sexta (29).<\/p>\n\t<div data-element=\"shortcode-read-more\" class=\"knowMore\">\n\t\t\t\t<span class=\"knowMore__title\">Leia mais<\/span>\n\t\t\t\t<a class=\"knowMore__link\" href=\"https:\/\/www.suno.com.br\/noticias\/asia-evergrande-queda-toquio-hong-kong\/\">\n\t\t\tNa \u00c1sia, Evergrande pressiona Bolsa em T\u00f3quio mas Hong Kong se recupera\t\t<\/a>\n\t<\/div>\n\n\n<p>Nos indicadores, o PMI Industrial do Brasil fica em 51,7, conforme divulga\u00e7\u00e3o feita \u00e0s 10h, ao passo que o PMI dos Estados Unidos deve ser divulgado \u00e0s 11h &#8211; com proje\u00e7\u00e3o de 59,2.<\/p>\n<p>Os pa\u00edses da Europa divulga o mesmo indicador ainda na ter\u00e7a (2), quando \u00e9 feriado no Brasil, ao passo que a quarta (3) conta com os balan\u00e7os e uma nova decis\u00e3o do Federal Reserve, dias ap\u00f3s o Banco Central brasileiro subir a Selic a 7,75%.<\/p>\n<h2>Not\u00edcias que v\u00e3o movimentar o Ibovespa hoje<\/h2>\n<ul>\n<li><b>B3<\/b> recebe multa<\/li>\n<li><b>Vibra<\/b> far\u00e1 emiss\u00e3o de deb\u00eantures<\/li>\n<li><b>CVC <\/b>fecha compra de companhia argentina<\/li>\n<\/ul>\n<h2>Receita aplica multa na B3<\/h2>\n<p>Ainda na sexta (29), a B3 (B3SA3) informou que recebeu uma infra\u00e7\u00e3o da Receita Federal no valor de R$ 1,172 bilh\u00e3o relacionada ao c\u00f4mputo das varia\u00e7\u00f5es cambiais positivas do investimento no CME Group.<\/p>\n<p>A multa da B3 decorre da venda dessa fatia que a companhia promoveu em 2016.<\/p>\n<p>Trata-se da segunda multa que a companhia da bolsa brasileira recebe na semana, j\u00e1 que ainda na quarta (27) a empresa informou ter sido multada em R$ 204 milh\u00f5es em meio a questionamentos sobre a amortiza\u00e7\u00e3o, para fins fiscais, no exerc\u00edcio de 2017, de \u00e1gio gerado pela combina\u00e7\u00e3o dos neg\u00f3cios com a Bovespa Holding, o que ocorreu em maio de 2008.<\/p>\n\t<p>\n\t\t<a href=\"https:\/\/lp.suno.com.br\/planilha-da-vida-financeira\/\" target=\"_blank\" data-element=\"shortcode-suno-banner\" title=\"Banner SUNO, clique e saiba mais\">\n\t\t\t<picture>\n\t\t\t\t<source media=\"(max-width: 500px)\" srcset=\"https:\/\/files.sunoresearch.com.br\/n\/uploads\/2023\/04\/400x300-Planilha-vida-financeira-true.png\">\n\t\t\t\t<img class=\"newsContent__article__imgCapa newsContent__article__imgCapa--banner\"\n\t\t\t\t\tsrc=\"https:\/\/files.sunoresearch.com.br\/n\/uploads\/2023\/04\/1420x240-Planilha-vida-financeira-true.png\"\n\t\t\t\t\tdata-promo-id=\"106682\"\t\t\t\t\t\t\t\t\t\twidth='1420' height='240'\t\t\t\t\talt=\"https:\/\/files.sunoresearch.com.br\/n\/uploads\/2023\/04\/1420x240-Planilha-vida-financeira-true.png\"\n\t\t\t\t>\n\t\t\t<\/picture>\n\t\t<\/a>\n\t<\/p>\n\n\n<p>De acordo com comunicado divulgado pela empresa, o auto de infra\u00e7\u00e3o encontra-se fundamentado, em s\u00edntese, na alega\u00e7\u00e3o de que as varia\u00e7\u00f5es cambiais positivas n\u00e3o poderiam ter sido computadas no valor cont\u00e1bil do investimento para o c\u00e1lculo do ganho de capital na sua venda.<\/p>\n<p>As <strong>a\u00e7\u00f5es da B3 <\/strong>sobem 0,4% no <strong>Ibovespa hoje<\/strong>, acompanhando o \u00edndice.<\/p>\n<h2>Vibra emitir\u00e1 deb\u00eantures<\/h2>\n<p>Conforme divulgado pela ex-BR Distribuidora, a\u00a0<a href=\"https:\/\/www.suno.com.br\/acoes\/BRDT3\/\"><strong>Vibra<\/strong> (VVBR3)<\/a>, ser\u00e3o emitidos R$ 1,8 bilh\u00e3o em deb\u00eantures como forma de &#8220;otimizar o capital da companhia&#8221;.<\/p>\n<p>Em <a class=\"suno-keyword\" href=\"https:\/\/www.suno.com.br\/artigos\/fato-relevante\/\" target=\"_blank\" rel=\"noopener\" data-force=\"no\" data-priority=\"1\"><strong>fato relevante<\/strong><\/a> ap\u00f3s o <a class=\"suno-keyword\" href=\"https:\/\/www.suno.com.br\/artigos\/fechamento-do-mercado\/\" target=\"_blank\" rel=\"noopener\" data-force=\"no\" data-priority=\"1\">fechamento do mercado<\/a> na sexta (29), a Vibra comunicou que a decis\u00e3o foi tomada ap\u00f3s reuni\u00e3o do <a class=\"suno-keyword\" href=\"https:\/\/www.suno.com.br\/artigos\/conselho-administracao\/\" target=\"_blank\" rel=\"noopener\" data-force=\"no\" data-priority=\"1\">Conselho de Administra\u00e7\u00e3o<\/a> na quarta (27).<\/p>\n<p><a href=\"https:\/\/www.suno.com.br\/guias\/debentures\/\">A emiss\u00e3o<\/a> ser\u00e1 de deb\u00eantures &#8220;n\u00e3o convers\u00edveis em a\u00e7\u00f5es, em at\u00e9 duas s\u00e9ries, da esp\u00e9cie quirograf\u00e1ria, a serem distribu\u00eddas com esfor\u00e7os restritos, em regime de <a class=\"suno-keyword\" href=\"https:\/\/www.suno.com.br\/artigos\/garantia-firme\/\" target=\"_blank\" rel=\"noopener\" data-force=\"no\" data-priority=\"1\">garantia firme<\/a>&#8220;, segundo o documento arquivado pela empresa na <a href=\"https:\/\/www.suno.com.br\/artigos\/cvm\/\">Comiss\u00e3o de Valores Mobili\u00e1rios (<strong>CVM<\/strong>)<\/a>.<\/p>\n<p>Al\u00e9m disso, a empresa frisa que ser\u00e1 permitida a distribui\u00e7\u00e3o parcial no montante m\u00ednimo de R$ 1,5 bilh\u00e3o.<\/p>\n<p>Na emiss\u00e3o de <strong>deb\u00eantures da Vibra<\/strong>, ser\u00e1 &#8220;adotado o procedimento de coleta de inten\u00e7\u00f5es de investimento dos potenciais investidores no \u00e2mbito da oferta&#8221;.<\/p>\n<p>As deb\u00eantures da primeira s\u00e9rie ter\u00e3o prazo de <strong>vencimento<\/strong> de sete anos, ao passo que as da segunda s\u00e9rie ter\u00e3o prazo de dez anos a partir da data de emiss\u00e3o.<\/p>\n<p>As <strong>a\u00e7\u00f5es da Vibra <\/strong>sobem 2,5% no <strong>Ibovespa hoje<\/strong>.<\/p>\n<h2>CVC avan\u00e7a na Argentina<\/h2>\n<p>Tamb\u00e9m com informe efeito na sexta (29), a <a href=\"https:\/\/www.suno.com.br\/acoes\/cvcb3\"><strong>CVC<\/strong> (CVCB3)<\/a> concluiu a compra dos 40% restantes da Ola, empresa da Argentina &#8220;consolidadora de viagens corporativas e de lazer&#8221;. Com a compra, a CVC passa a deter 100% do <a class=\"suno-keyword\" href=\"https:\/\/www.suno.com.br\/artigos\/capital-social\/\" target=\"_blank\" rel=\"noopener\" data-force=\"no\" data-priority=\"2\">capital social<\/a> da companhia. O valor n\u00e3o foi divulgado pois &#8220;n\u00e3o representa impactos relevantes nas\u00a0 <a class=\"suno-keyword\" href=\"https:\/\/www.suno.com.br\/artigos\/demonstracoes-financeiras\/\" target=\"_blank\" rel=\"noopener\" data-force=\"no\" data-priority=\"1\">demonstra\u00e7\u00f5es financeiras<\/a>&#8220;.<\/p>\n<p>Segundo o comunicado ao mercado arquivado na CVM, a <strong>compra da Ola<\/strong> pela CVC ocorre por conta da &#8220;prioriza\u00e7\u00e3o e fortalecimento de suas opera\u00e7\u00f5es nos mercados considerados estrat\u00e9gicos e com relev\u00e2ncia competitiva&#8221;.<\/p>\n<p>A <strong>aquisi\u00e7\u00e3o<\/strong> anterior, de somente 60% do capital da Ola pela CVC, ocorreu em 2018.<\/p>\n\t<p>\n\t\t<a href=\"https:\/\/lp.suno.com.br\/ebook-como-analisar-uma-acao\/\" target=\"_blank\" data-element=\"shortcode-suno-banner\" title=\"Banner SUNO, clique e saiba mais\">\n\t\t\t<picture>\n\t\t\t\t<source media=\"(max-width: 500px)\" srcset=\"https:\/\/files.sunoresearch.com.br\/n\/uploads\/2023\/03\/Ebook-Acoes-Mobile-1.jpg\">\n\t\t\t\t<img class=\"newsContent__article__imgCapa newsContent__article__imgCapa--banner\"\n\t\t\t\t\tsrc=\"https:\/\/files.sunoresearch.com.br\/n\/uploads\/2023\/03\/Ebook-Acoes-Desktop-1.jpg\"\n\t\t\t\t\tdata-promo-id=\"171998\"\t\t\t\t\t\t\t\t\t\twidth='1420' height='286'\t\t\t\t\talt=\"https:\/\/files.sunoresearch.com.br\/n\/uploads\/2023\/03\/Ebook-Acoes-Desktop-1.jpg\"\n\t\t\t\t>\n\t\t\t<\/picture>\n\t\t<\/a>\n\t<\/p>\n\n\n<p>A Ola atua no setor de turismo h\u00e1 mais de 40 anos no segmento B2B <em>(business to<\/em> business). Os principais destinos da Ola s\u00e3o viagens nacionais, al\u00e9m de outros trajetos no continente, como ao Brasil, ao Caribe e \u00e0 Am\u00e9rica Central.<\/p>\n<p>Com a conclus\u00e3o da Opera\u00e7\u00e3o a <strong>CVC Corp<\/strong> passa a deter todo o capital de todas as empresas da Ola que operam em solo argentino.<\/p>\n<p>Segundo o comunicado da CVC, a aquisi\u00e7\u00e3o deve aumentar a presen\u00e7a da CVC em um &#8220;relevante mercado latino-americano&#8221; e avan\u00e7ar na integra\u00e7\u00e3o com as demais empresas, buscando &#8220;importantes sinergias e fortalecimento da opera\u00e7\u00e3o&#8221;.<\/p>\n<p>&#8220;A Argentina \u00e9 um mercado-chave para a CVC Corp, com papel central em sua estrat\u00e9gia de se posicionar para melhor captura dos ganhos decorrentes da retomada do setor de turismo. No primeiro semestre do ano, opera\u00e7\u00f5es neste pa\u00eds representaram 14,8% da <a class=\"suno-keyword\" href=\"https:\/\/www.suno.com.br\/artigos\/o-que-receita-liquida\/\" target=\"_blank\" rel=\"noopener\" data-force=\"no\" data-priority=\"1\">Receita L\u00edquida<\/a> da CVC Corp&#8221;, diz o documento.<\/p>\n<p>As <strong>a\u00e7\u00f5es da CVC <\/strong>sobem 4,2% na <strong>bolsa de valores hoje<\/strong>, ficando entre as maiores altas da bolsa no in\u00edcio do preg\u00e3o.<\/p>\n<h2>Destaques do Ibovespa<\/h2>\n<p>As principais altas no Ibovespa, por volta das 10h40 s\u00e3o:<\/p>\n<ul>\n<li><a href=\"https:\/\/www.suno.com.br\/acoes\/FLRY3\/\"><strong>Cogna <\/strong>(COGN3)<\/a>: +10,4%<\/li>\n<li><a href=\"https:\/\/www.suno.com.br\/acoes\/JBSS3\/\"><strong>Banco Inter <\/strong>(BIDI11)<\/a>: +2,8%<\/li>\n<li><a href=\"https:\/\/www.suno.com.br\/acoes\/SUZB3\/\"><strong>Azul <\/strong>(AZUL4)<\/a>: +6,5%<\/li>\n<li><a href=\"https:\/\/www.suno.com.br\/acoes\/MRFG3\/\"><strong>Banco Inter <\/strong>(BIDI4)<\/a>: +6,4%<\/li>\n<li><a href=\"https:\/\/www.suno.com.br\/acoes\/BEEF3\/\"><strong>Gol <\/strong>(GOLL4)<\/a>: +5%<\/li>\n<\/ul>\n<p>No mesmo hor\u00e1rio, as principais quedas no Ibovespa eram:<\/p>\n<ul>\n<li><a href=\"https:\/\/www.suno.com.br\/acoes\/USIM5\/\"><strong>Marfrig <\/strong>(MRFG3)<\/a>: -2,3%<\/li>\n<li><a href=\"https:\/\/www.suno.com.br\/acoes\/PETR4\/\"><strong>Klabin <\/strong>(KLBN11)<\/a>: -2%<\/li>\n<li><a href=\"https:\/\/www.suno.com.br\/acoes\/PETR3\/\"><strong>JBS <\/strong>(JBSS3)<\/a>: -1,9%<\/li>\n<li><a href=\"https:\/\/www.suno.com.br\/acoes\/CSNA3\/\"><strong>Usiminas <\/strong>(USIM5)<\/a>: -1,8%<\/li>\n<li><a href=\"https:\/\/www.suno.com.br\/acoes\/BIDI4\/\"><strong>Assa\u00ed <\/strong>(ASAI3)<\/a>: -1,5%<\/li>\n<\/ul>\n<h2>Principais \u00edndices<\/h2>\n<ul>\n<li><a href=\"https:\/\/www.suno.com.br\/artigos\/ifix\/\">IFIX<\/a>: +0,29%<\/li>\n<li><a href=\"https:\/\/www.suno.com.br\/artigos\/smll\/\">SMLL<\/a>: +1,34%<\/li>\n<li><a href=\"https:\/\/www.suno.com.br\/artigos\/idiv\/\">IDIV<\/a>: +1,22%<\/li>\n<li><a href=\"https:\/\/www.suno.com.br\/artigos\/ibrx\/\">IBRX 100<\/a>: +0,93%<\/li>\n<\/ul>\n<h2>Bolsas mundiais<\/h2>\n<p>Veja o desempenho dos principais \u00edndices acion\u00e1rios no exterior, al\u00e9m do \u00edndice Ibovespa<strong>:<\/strong><\/p>\n<ul>\n<li><a href=\"https:\/\/www.suno.com.br\/artigos\/indice-dow-jones-djia\/\">Nova York Dow Jones (DJIA) futuro<\/a>: +0,44%<\/li>\n<li><a href=\"https:\/\/www.suno.com.br\/artigos\/futuro-de-sp-500\/\">Nova York (S&amp;P 500) futuro<\/a>: +0,16%<\/li>\n<li><a href=\"https:\/\/www.suno.com.br\/artigos\/dax-30\/\">Frankfurt (DAX 30)<\/a>: +0,65%<\/li>\n<li><a href=\"https:\/\/www.suno.com.br\/artigos\/ftse-100\/\">Londres (FTSE 100)<\/a>: +0,71%<\/li>\n<li><a href=\"https:\/\/www.suno.com.br\/artigos\/cac-40\/\">Paris (CAC 40)<\/a>: +0,77%<\/li>\n<li><a href=\"https:\/\/www.suno.com.br\/artigos\/ftse-mib\/\">Mil\u00e3o (FTSE\/MIB)<\/a>: +1,04%<\/li>\n<li><a href=\"https:\/\/www.suno.com.br\/artigos\/nikkei-225\/\">T\u00f3quio (Nikkei 225)<\/a>: +2,61% (fechada)<\/li>\n<li><a href=\"https:\/\/www.suno.com.br\/artigos\/bolsa-de-xangai\/\">Xangai (SSE Composite)<\/a>: -0,08% (fechada)<\/li>\n<li><a href=\"https:\/\/www.suno.com.br\/artigos\/hang-seng\/\">Hong Kong (Hang Seng)<\/a>: -0,88% (fechada)<\/li>\n<\/ul>\n<h2>\u00daltima cota\u00e7\u00e3o do Ibovespa<\/h2>\n<p>No fechamento do preg\u00e3o de sexta (29) o <strong>Ibovespa<\/strong> fechou em queda de 2,09%, a 103.501 pontos, o menor patamar da bolsa desde novembro de 2020.<\/p>\n\t<p>\n\t\t<a href=\"https:\/\/lp.suno.com.br\/planilha-de-controle-de-investimentos\/\" target=\"_blank\" data-element=\"shortcode-suno-banner\" title=\"Banner SUNO, clique e saiba mais\">\n\t\t\t<picture>\n\t\t\t\t<source media=\"(max-width: 500px)\" srcset=\"https:\/\/files.sunoresearch.com.br\/n\/uploads\/2023\/03\/400x300-Controle-de-Investimentos.png\">\n\t\t\t\t<img class=\"newsContent__article__imgCapa newsContent__article__imgCapa--banner\"\n\t\t\t\t\tsrc=\"https:\/\/files.sunoresearch.com.br\/n\/uploads\/2023\/03\/1420x240-Controle-de-Investimentos.png\"\n\t\t\t\t\tdata-promo-id=\"75934\"\t\t\t\t\t\t\t\t\t\twidth='1420' height='240'\t\t\t\t\talt=\"https:\/\/files.sunoresearch.com.br\/n\/uploads\/2023\/03\/1420x240-Controle-de-Investimentos.png\"\n\t\t\t\t>\n\t\t\t<\/picture>\n\t\t<\/a>\n\t<\/p>\n\n\n","protected":false},"excerpt":{"rendered":"<p>Iniciando o primeiro preg\u00e3o de novembro, nesta segunda (1), o Ibovespa abre aos 104.962 pontos em alta de 1,41%. Na ponta positiva, a Cogna (COGN3) sobe 10%, em conson\u00e2ncia com as pr\u00e9vias da Ser Educacional\u00a0(SEER3). A companhia divulgou dados acima do esperado e puxou alta no segmento de educa\u00e7\u00e3o desde ent\u00e3o. Cogna Day segue com [&hellip;]<\/p>\n","protected":false},"author":73,"featured_media":199924,"comment_status":"closed","ping_status":"closed","sticky":false,"template":"","format":"standard","meta":[],"categories":[60],"tags":[367,309,2257,442,105816,721,848,596],"suno_strategy":[],"class_list":["post-199871","post","type-post","status-publish","format-standard","has-post-thumbnail","hentry","category-mercado","tag-b3-b3sa3","tag-bolsa-de-valores","tag-cogna-cogn3","tag-cvc-cvcb3","tag-especialistas","tag-ibovespa","tag-nubank","tag-vibra-energia-vbbr3"],"yoast_head":"<!-- This site is optimized with the Yoast SEO plugin v24.4 - https:\/\/yoast.com\/wordpress\/plugins\/seo\/ -->\n<title>Ibovespa se recupera em alta de 1,4%; Cogna (COGN3) sobe 10%<\/title>\n<meta name=\"description\" content=\"Entre o fim de semana e o feriado, Ibovespa \u00e9 movimentado pela temporada de balan\u00e7os e pelos indicadores recentes. Clique aqui e leia mais.\" \/>\n<meta name=\"robots\" content=\"index, follow, max-snippet:-1, max-image-preview:large, max-video-preview:-1\" \/>\n<link rel=\"canonical\" href=\"https:\/\/www.suno.com.br\/noticias\/ibovespa-alta-de-14-cogna-cong3-sobe\/\" \/>\n<meta property=\"og:locale\" content=\"pt_BR\" \/>\n<meta property=\"og:type\" content=\"article\" \/>\n<meta property=\"og:title\" content=\"Ibovespa se recupera em alta de 1,4%; Cogna (COGN3) sobe 10%\" \/>\n<meta property=\"og:description\" content=\"Entre o fim de semana e o feriado, Ibovespa \u00e9 movimentado pela temporada de balan\u00e7os e pelos indicadores recentes. Clique aqui e leia mais.\" \/>\n<meta property=\"og:url\" content=\"https:\/\/www.suno.com.br\/noticias\/ibovespa-alta-de-14-cogna-cong3-sobe\/\" \/>\n<meta property=\"og:site_name\" content=\"Suno Not\u00edcias\" \/>\n<meta property=\"article:publisher\" content=\"https:\/\/facebook.com\/sunoresearch\" \/>\n<meta property=\"og:image\" content=\"https:\/\/files.sunoresearch.com.br\/n\/uploads\/2021\/11\/Kroton_Divulgacao-628x353-1.jpg\" \/>\n\t<meta property=\"og:image:width\" content=\"1200\" \/>\n\t<meta property=\"og:image:height\" content=\"674\" \/>\n\t<meta property=\"og:image:type\" content=\"image\/jpeg\" \/>\n<meta name=\"author\" content=\"Eduardo Vargas\" \/>\n<meta name=\"twitter:card\" content=\"summary_large_image\" \/>\n<meta name=\"twitter:creator\" content=\"@sunoresearch\" \/>\n<meta name=\"twitter:site\" content=\"@sunoresearch\" \/>\n<meta name=\"twitter:label1\" content=\"Escrito por\" \/>\n\t<meta name=\"twitter:data1\" content=\"Eduardo Vargas\" \/>\n\t<meta name=\"twitter:label2\" content=\"Est. tempo de leitura\" \/>\n\t<meta name=\"twitter:data2\" content=\"5 minutos\" \/>\n<script type=\"application\/ld+json\" class=\"yoast-schema-graph\">{\"@context\":\"https:\/\/schema.org\",\"@graph\":[{\"@type\":\"NewsArticle\",\"@id\":\"https:\/\/www.suno.com.br\/noticias\/ibovespa-alta-de-14-cogna-cong3-sobe\/#article\",\"isPartOf\":{\"@id\":\"https:\/\/www.suno.com.br\/noticias\/ibovespa-alta-de-14-cogna-cong3-sobe\/\"},\"author\":{\"name\":\"Eduardo Vargas\",\"@id\":\"https:\/\/www.suno.com.br\/noticias\/#\/schema\/person\/7f4d362bf3518e76090143ae77bb49a5\"},\"headline\":\"Ibovespa abre em recupera\u00e7\u00e3o com alta de 1,4%; Cogna (COGN3) sobe 10%\",\"datePublished\":\"2021-11-01T14:13:21+00:00\",\"mainEntityOfPage\":{\"@id\":\"https:\/\/www.suno.com.br\/noticias\/ibovespa-alta-de-14-cogna-cong3-sobe\/\"},\"wordCount\":1202,\"publisher\":{\"@id\":\"https:\/\/www.suno.com.br\/noticias\/#organization\"},\"image\":{\"@id\":\"https:\/\/www.suno.com.br\/noticias\/ibovespa-alta-de-14-cogna-cong3-sobe\/#primaryimage\"},\"thumbnailUrl\":\"https:\/\/files.sunoresearch.com.br\/n\/uploads\/2021\/11\/Kroton_Divulgacao-628x353-1.jpg\",\"keywords\":[\"B3 (B3SA3)\",\"Bolsa de Valores\",\"Cogna (COGN3)\",\"CVC (CVCB3)\",\"Especialistas\",\"Ibovespa\",\"Nubank (NUBR33)\",\"Vibra Energia (VBBR3)\"],\"articleSection\":[\"Mercado\"],\"inLanguage\":\"pt-BR\"},{\"@type\":\"WebPage\",\"@id\":\"https:\/\/www.suno.com.br\/noticias\/ibovespa-alta-de-14-cogna-cong3-sobe\/\",\"url\":\"https:\/\/www.suno.com.br\/noticias\/ibovespa-alta-de-14-cogna-cong3-sobe\/\",\"name\":\"Ibovespa se recupera em alta de 1,4%; Cogna (COGN3) sobe 10%\",\"isPartOf\":{\"@id\":\"https:\/\/www.suno.com.br\/noticias\/#website\"},\"primaryImageOfPage\":{\"@id\":\"https:\/\/www.suno.com.br\/noticias\/ibovespa-alta-de-14-cogna-cong3-sobe\/#primaryimage\"},\"image\":{\"@id\":\"https:\/\/www.suno.com.br\/noticias\/ibovespa-alta-de-14-cogna-cong3-sobe\/#primaryimage\"},\"thumbnailUrl\":\"https:\/\/files.sunoresearch.com.br\/n\/uploads\/2021\/11\/Kroton_Divulgacao-628x353-1.jpg\",\"datePublished\":\"2021-11-01T14:13:21+00:00\",\"description\":\"Entre o fim de semana e o feriado, Ibovespa \u00e9 movimentado pela temporada de balan\u00e7os e pelos indicadores recentes. Clique aqui e leia mais.\",\"breadcrumb\":{\"@id\":\"https:\/\/www.suno.com.br\/noticias\/ibovespa-alta-de-14-cogna-cong3-sobe\/#breadcrumb\"},\"inLanguage\":\"pt-BR\",\"potentialAction\":[{\"@type\":\"ReadAction\",\"target\":[\"https:\/\/www.suno.com.br\/noticias\/ibovespa-alta-de-14-cogna-cong3-sobe\/\"]}]},{\"@type\":\"ImageObject\",\"inLanguage\":\"pt-BR\",\"@id\":\"https:\/\/www.suno.com.br\/noticias\/ibovespa-alta-de-14-cogna-cong3-sobe\/#primaryimage\",\"url\":\"https:\/\/files.sunoresearch.com.br\/n\/uploads\/2021\/11\/Kroton_Divulgacao-628x353-1.jpg\",\"contentUrl\":\"https:\/\/files.sunoresearch.com.br\/n\/uploads\/2021\/11\/Kroton_Divulgacao-628x353-1.jpg\",\"width\":1200,\"height\":674,\"caption\":\"Cogna Day segue com aposta no ensino digital - Foto: Divulga\u00e7\u00e3o\"},{\"@type\":\"BreadcrumbList\",\"@id\":\"https:\/\/www.suno.com.br\/noticias\/ibovespa-alta-de-14-cogna-cong3-sobe\/#breadcrumb\",\"itemListElement\":[{\"@type\":\"ListItem\",\"position\":1,\"name\":\"Not\u00edcias\",\"item\":\"https:\/\/www.suno.com.br\/noticias\/\"},{\"@type\":\"ListItem\",\"position\":2,\"name\":\"Mercado\",\"item\":\"https:\/\/www.suno.com.br\/noticias\/mercado\/\"},{\"@type\":\"ListItem\",\"position\":3,\"name\":\"Ibovespa abre em recupera\u00e7\u00e3o com alta de 1,4%; Cogna (COGN3) sobe 10%\"}]},{\"@type\":\"WebSite\",\"@id\":\"https:\/\/www.suno.com.br\/noticias\/#website\",\"url\":\"https:\/\/www.suno.com.br\/noticias\/\",\"name\":\"Suno Not\u00edcias\",\"description\":\"Seu portal de informa\u00e7\u00e3o sobre o mundo dos investimentos\",\"publisher\":{\"@id\":\"https:\/\/www.suno.com.br\/noticias\/#organization\"},\"potentialAction\":[{\"@type\":\"SearchAction\",\"target\":{\"@type\":\"EntryPoint\",\"urlTemplate\":\"https:\/\/www.suno.com.br\/noticias\/?s={search_term_string}\"},\"query-input\":{\"@type\":\"PropertyValueSpecification\",\"valueRequired\":true,\"valueName\":\"search_term_string\"}}],\"inLanguage\":\"pt-BR\"},{\"@type\":\"Organization\",\"@id\":\"https:\/\/www.suno.com.br\/noticias\/#organization\",\"name\":\"Suno Not\u00edcias\",\"url\":\"https:\/\/www.suno.com.br\/noticias\/\",\"logo\":{\"@type\":\"ImageObject\",\"inLanguage\":\"pt-BR\",\"@id\":\"https:\/\/www.suno.com.br\/noticias\/#\/schema\/logo\/image\/\",\"url\":\"https:\/\/files.sunoresearch.com.br\/n\/uploads\/2021\/09\/suno-logo.png\",\"contentUrl\":\"https:\/\/files.sunoresearch.com.br\/n\/uploads\/2021\/09\/suno-logo.png\",\"width\":180,\"height\":180,\"caption\":\"Suno Not\u00edcias\"},\"image\":{\"@id\":\"https:\/\/www.suno.com.br\/noticias\/#\/schema\/logo\/image\/\"},\"sameAs\":[\"https:\/\/facebook.com\/sunoresearch\",\"https:\/\/x.com\/sunoresearch\",\"https:\/\/www.instagram.com\/suno\",\"https:\/\/www.linkedin.com\/company\/suno-research\/\",\"https:\/\/www.youtube.com\/c\/sunoresearch\"]},{\"@type\":\"Person\",\"@id\":\"https:\/\/www.suno.com.br\/noticias\/#\/schema\/person\/7f4d362bf3518e76090143ae77bb49a5\",\"name\":\"Eduardo Vargas\",\"image\":{\"@type\":\"ImageObject\",\"inLanguage\":\"pt-BR\",\"@id\":\"https:\/\/www.suno.com.br\/noticias\/#\/schema\/person\/image\/\",\"url\":\"https:\/\/secure.gravatar.com\/avatar\/dac340933427a22924c9f99d1eb2e3f2?s=96&r=g\",\"contentUrl\":\"https:\/\/secure.gravatar.com\/avatar\/dac340933427a22924c9f99d1eb2e3f2?s=96&r=g\",\"caption\":\"Eduardo Vargas\"},\"description\":\"Jornalista formado pela UFSC, cobre macroeconomia, neg\u00f3cios e startups para o Suno Not\u00edcias, escrevendo principalmente not\u00edcias sobre o mercado financeiro e a bolsa de valores. No YouTube e no Instagram, \u00e9 respons\u00e1vel pela produ\u00e7\u00e3o de Reels e Shorts do Suno Not\u00edcias. Anteriormente, trabalhou cobrindo economia e cotidiano no ND+ e para o ND, maior jornal impresso de Santa Catarina. Cursou um semestre letivo de Estudos de M\u00eddia na Universidad de Buenos Aires.\",\"url\":\"https:\/\/www.suno.com.br\/noticias\/author\/eduardo-vargas\/\"}]}<\/script>\n<!-- \/ Yoast SEO plugin. -->","yoast_head_json":{"title":"Ibovespa se recupera em alta de 1,4%; Cogna (COGN3) sobe 10%","description":"Entre o fim de semana e o feriado, Ibovespa \u00e9 movimentado pela temporada de balan\u00e7os e pelos indicadores recentes. Clique aqui e leia mais.","robots":{"index":"index","follow":"follow","max-snippet":"max-snippet:-1","max-image-preview":"max-image-preview:large","max-video-preview":"max-video-preview:-1"},"canonical":"https:\/\/www.suno.com.br\/noticias\/ibovespa-alta-de-14-cogna-cong3-sobe\/","og_locale":"pt_BR","og_type":"article","og_title":"Ibovespa se recupera em alta de 1,4%; Cogna (COGN3) sobe 10%","og_description":"Entre o fim de semana e o feriado, Ibovespa \u00e9 movimentado pela temporada de balan\u00e7os e pelos indicadores recentes. Clique aqui e leia mais.","og_url":"https:\/\/www.suno.com.br\/noticias\/ibovespa-alta-de-14-cogna-cong3-sobe\/","og_site_name":"Suno Not\u00edcias","article_publisher":"https:\/\/facebook.com\/sunoresearch","og_image":[{"width":1200,"height":674,"url":"https:\/\/files.sunoresearch.com.br\/n\/uploads\/2021\/11\/Kroton_Divulgacao-628x353-1.jpg","type":"image\/jpeg"}],"author":"Eduardo Vargas","twitter_card":"summary_large_image","twitter_creator":"@sunoresearch","twitter_site":"@sunoresearch","twitter_misc":{"Escrito por":"Eduardo Vargas","Est. tempo de leitura":"5 minutos"},"schema":{"@context":"https:\/\/schema.org","@graph":[{"@type":"NewsArticle","@id":"https:\/\/www.suno.com.br\/noticias\/ibovespa-alta-de-14-cogna-cong3-sobe\/#article","isPartOf":{"@id":"https:\/\/www.suno.com.br\/noticias\/ibovespa-alta-de-14-cogna-cong3-sobe\/"},"author":{"name":"Eduardo Vargas","@id":"https:\/\/www.suno.com.br\/noticias\/#\/schema\/person\/7f4d362bf3518e76090143ae77bb49a5"},"headline":"Ibovespa abre em recupera\u00e7\u00e3o com alta de 1,4%; Cogna (COGN3) sobe 10%","datePublished":"2021-11-01T14:13:21+00:00","mainEntityOfPage":{"@id":"https:\/\/www.suno.com.br\/noticias\/ibovespa-alta-de-14-cogna-cong3-sobe\/"},"wordCount":1202,"publisher":{"@id":"https:\/\/www.suno.com.br\/noticias\/#organization"},"image":{"@id":"https:\/\/www.suno.com.br\/noticias\/ibovespa-alta-de-14-cogna-cong3-sobe\/#primaryimage"},"thumbnailUrl":"https:\/\/files.sunoresearch.com.br\/n\/uploads\/2021\/11\/Kroton_Divulgacao-628x353-1.jpg","keywords":["B3 (B3SA3)","Bolsa de Valores","Cogna (COGN3)","CVC (CVCB3)","Especialistas","Ibovespa","Nubank (NUBR33)","Vibra Energia (VBBR3)"],"articleSection":["Mercado"],"inLanguage":"pt-BR"},{"@type":"WebPage","@id":"https:\/\/www.suno.com.br\/noticias\/ibovespa-alta-de-14-cogna-cong3-sobe\/","url":"https:\/\/www.suno.com.br\/noticias\/ibovespa-alta-de-14-cogna-cong3-sobe\/","name":"Ibovespa se recupera em alta de 1,4%; Cogna (COGN3) sobe 10%","isPartOf":{"@id":"https:\/\/www.suno.com.br\/noticias\/#website"},"primaryImageOfPage":{"@id":"https:\/\/www.suno.com.br\/noticias\/ibovespa-alta-de-14-cogna-cong3-sobe\/#primaryimage"},"image":{"@id":"https:\/\/www.suno.com.br\/noticias\/ibovespa-alta-de-14-cogna-cong3-sobe\/#primaryimage"},"thumbnailUrl":"https:\/\/files.sunoresearch.com.br\/n\/uploads\/2021\/11\/Kroton_Divulgacao-628x353-1.jpg","datePublished":"2021-11-01T14:13:21+00:00","description":"Entre o fim de semana e o feriado, Ibovespa \u00e9 movimentado pela temporada de balan\u00e7os e pelos indicadores recentes. Clique aqui e leia mais.","breadcrumb":{"@id":"https:\/\/www.suno.com.br\/noticias\/ibovespa-alta-de-14-cogna-cong3-sobe\/#breadcrumb"},"inLanguage":"pt-BR","potentialAction":[{"@type":"ReadAction","target":["https:\/\/www.suno.com.br\/noticias\/ibovespa-alta-de-14-cogna-cong3-sobe\/"]}]},{"@type":"ImageObject","inLanguage":"pt-BR","@id":"https:\/\/www.suno.com.br\/noticias\/ibovespa-alta-de-14-cogna-cong3-sobe\/#primaryimage","url":"https:\/\/files.sunoresearch.com.br\/n\/uploads\/2021\/11\/Kroton_Divulgacao-628x353-1.jpg","contentUrl":"https:\/\/files.sunoresearch.com.br\/n\/uploads\/2021\/11\/Kroton_Divulgacao-628x353-1.jpg","width":1200,"height":674,"caption":"Cogna Day segue com aposta no ensino digital - Foto: Divulga\u00e7\u00e3o"},{"@type":"BreadcrumbList","@id":"https:\/\/www.suno.com.br\/noticias\/ibovespa-alta-de-14-cogna-cong3-sobe\/#breadcrumb","itemListElement":[{"@type":"ListItem","position":1,"name":"Not\u00edcias","item":"https:\/\/www.suno.com.br\/noticias\/"},{"@type":"ListItem","position":2,"name":"Mercado","item":"https:\/\/www.suno.com.br\/noticias\/mercado\/"},{"@type":"ListItem","position":3,"name":"Ibovespa abre em recupera\u00e7\u00e3o com alta de 1,4%; Cogna (COGN3) sobe 10%"}]},{"@type":"WebSite","@id":"https:\/\/www.suno.com.br\/noticias\/#website","url":"https:\/\/www.suno.com.br\/noticias\/","name":"Suno Not\u00edcias","description":"Seu portal de informa\u00e7\u00e3o sobre o mundo dos investimentos","publisher":{"@id":"https:\/\/www.suno.com.br\/noticias\/#organization"},"potentialAction":[{"@type":"SearchAction","target":{"@type":"EntryPoint","urlTemplate":"https:\/\/www.suno.com.br\/noticias\/?s={search_term_string}"},"query-input":{"@type":"PropertyValueSpecification","valueRequired":true,"valueName":"search_term_string"}}],"inLanguage":"pt-BR"},{"@type":"Organization","@id":"https:\/\/www.suno.com.br\/noticias\/#organization","name":"Suno Not\u00edcias","url":"https:\/\/www.suno.com.br\/noticias\/","logo":{"@type":"ImageObject","inLanguage":"pt-BR","@id":"https:\/\/www.suno.com.br\/noticias\/#\/schema\/logo\/image\/","url":"https:\/\/files.sunoresearch.com.br\/n\/uploads\/2021\/09\/suno-logo.png","contentUrl":"https:\/\/files.sunoresearch.com.br\/n\/uploads\/2021\/09\/suno-logo.png","width":180,"height":180,"caption":"Suno Not\u00edcias"},"image":{"@id":"https:\/\/www.suno.com.br\/noticias\/#\/schema\/logo\/image\/"},"sameAs":["https:\/\/facebook.com\/sunoresearch","https:\/\/x.com\/sunoresearch","https:\/\/www.instagram.com\/suno","https:\/\/www.linkedin.com\/company\/suno-research\/","https:\/\/www.youtube.com\/c\/sunoresearch"]},{"@type":"Person","@id":"https:\/\/www.suno.com.br\/noticias\/#\/schema\/person\/7f4d362bf3518e76090143ae77bb49a5","name":"Eduardo Vargas","image":{"@type":"ImageObject","inLanguage":"pt-BR","@id":"https:\/\/www.suno.com.br\/noticias\/#\/schema\/person\/image\/","url":"https:\/\/secure.gravatar.com\/avatar\/dac340933427a22924c9f99d1eb2e3f2?s=96&r=g","contentUrl":"https:\/\/secure.gravatar.com\/avatar\/dac340933427a22924c9f99d1eb2e3f2?s=96&r=g","caption":"Eduardo Vargas"},"description":"Jornalista formado pela UFSC, cobre macroeconomia, neg\u00f3cios e startups para o Suno Not\u00edcias, escrevendo principalmente not\u00edcias sobre o mercado financeiro e a bolsa de valores. No YouTube e no Instagram, \u00e9 respons\u00e1vel pela produ\u00e7\u00e3o de Reels e Shorts do Suno Not\u00edcias. Anteriormente, trabalhou cobrindo economia e cotidiano no ND+ e para o ND, maior jornal impresso de Santa Catarina. Cursou um semestre letivo de Estudos de M\u00eddia na Universidad de Buenos Aires.","url":"https:\/\/www.suno.com.br\/noticias\/author\/eduardo-vargas\/"}]}},"default_loop_html":"<div class=\"cardsPage__listCard__boxs\"><div class=\"cardsPage__listCard__boxs__img\"><a href=\"https:\/\/www.suno.com.br\/noticias\/ibovespa-alta-de-14-cogna-cong3-sobe\/\"><img class=\"mask\" src=\"https:\/\/www.suno.com.br\/noticias\/wp-content\/themes\/suno\/resources\/images\/spotlight\/spotlight1img\/bg-mask.png\" alt=\"Image Mask\"\/><img src=\"https:\/\/files.sunoresearch.com.br\/n\/uploads\/2021\/11\/Kroton_Divulgacao-628x353-1-400x200.jpg\" alt=\"Ibovespa abre em recupera\u00e7\u00e3o com alta de 1,4%; Cogna (COGN3) sobe 10%\"\/><\/a><span class=\"spotlightCategory\"><a href=\"https:\/\/www.suno.com.br\/noticias\/mercado\/\">Mercado<\/a><\/span><\/div><div class=\"cardsPage__listCard__boxs__content\"><a href=\"https:\/\/www.suno.com.br\/noticias\/ibovespa-alta-de-14-cogna-cong3-sobe\/\"><h2 class=\"content__title\">Ibovespa abre em recupera\u00e7\u00e3o com alta de 1,4%; Cogna (COGN3) sobe 10%<\/h2><\/a><div class=\"newsContent__article__meta\"><div class=\"newsContent__article__meta__authorBox\"><a href=\"https:\/\/www.suno.com.br\/noticias\/author\/eduardo-vargas\/\" class=\"authorBox__avatar noMobi\"><img src=\"https:\/\/secure.gravatar.com\/avatar\/dac340933427a22924c9f99d1eb2e3f2?s=96&#038;r=g\" alt=\"Eduardo Vargas\"><\/a><div class=\"authorBox__name\"><span>por\n\t\t\t<a href=\"https:\/\/www.suno.com.br\/noticias\/author\/eduardo-vargas\/\"><span itemprop=\"author\">Eduardo Vargas<\/span><\/a><\/span><time datetime=\"2021-11-01T11:13:21-03:00\" itemprop=\"datePublished\">01\/11\/2021 11:13<\/time><\/div><\/div><\/div><\/div><\/div>","single_layout":"posts","amp_enabled":true,"_links":{"self":[{"href":"https:\/\/www.suno.com.br\/noticias\/wp-json\/wp\/v2\/posts\/199871"}],"collection":[{"href":"https:\/\/www.suno.com.br\/noticias\/wp-json\/wp\/v2\/posts"}],"about":[{"href":"https:\/\/www.suno.com.br\/noticias\/wp-json\/wp\/v2\/types\/post"}],"author":[{"embeddable":true,"href":"https:\/\/www.suno.com.br\/noticias\/wp-json\/wp\/v2\/users\/73"}],"replies":[{"embeddable":true,"href":"https:\/\/www.suno.com.br\/noticias\/wp-json\/wp\/v2\/comments?post=199871"}],"version-history":[{"count":3,"href":"https:\/\/www.suno.com.br\/noticias\/wp-json\/wp\/v2\/posts\/199871\/revisions"}],"predecessor-version":[{"id":199934,"href":"https:\/\/www.suno.com.br\/noticias\/wp-json\/wp\/v2\/posts\/199871\/revisions\/199934"}],"wp:featuredmedia":[{"embeddable":true,"href":"https:\/\/www.suno.com.br\/noticias\/wp-json\/wp\/v2\/media\/199924"}],"wp:attachment":[{"href":"https:\/\/www.suno.com.br\/noticias\/wp-json\/wp\/v2\/media?parent=199871"}],"wp:term":[{"taxonomy":"category","embeddable":true,"href":"https:\/\/www.suno.com.br\/noticias\/wp-json\/wp\/v2\/categories?post=199871"},{"taxonomy":"post_tag","embeddable":true,"href":"https:\/\/www.suno.com.br\/noticias\/wp-json\/wp\/v2\/tags?post=199871"},{"taxonomy":"suno_strategy","embeddable":true,"href":"https:\/\/www.suno.com.br\/noticias\/wp-json\/wp\/v2\/suno_strategy?post=199871"}],"curies":[{"name":"wp","href":"https:\/\/api.w.org\/{rel}","templated":true}]}}