{"id":199833,"date":"2021-11-01T11:36:36","date_gmt":"2021-11-01T14:36:36","guid":{"rendered":"https:\/\/www.suno.com.br\/noticias\/?p=199833"},"modified":"2021-11-01T11:36:36","modified_gmt":"2021-11-01T14:36:36","slug":"cogna-cogn3-compra-editora-eleva-e-dispara-mais-de-10-veja-outros-destaques","status":"publish","type":"post","link":"https:\/\/www.suno.com.br\/noticias\/cogna-cogn3-compra-editora-eleva-e-dispara-mais-de-10-veja-outros-destaques\/","title":{"rendered":"Cogna (COGN3) compra Editora Eleva e dispara mais de 10%; veja outros destaques"},"content":{"rendered":"<p>Nos destaques de empresas desta segunda-feira (1), v\u00e9spera de feriado, chama a aten\u00e7\u00e3o do mercado a <a class=\"suno-keyword\" href=\"https:\/\/www.suno.com.br\/acoes\/COGN3\/\" target=\"_blank\" rel=\"noopener\" data-force=\"yes\" data-priority=\"2\"><strong>Cogna<\/strong> (COGN3)<\/a> que concluiu a compra da Editora Eleva. Hoje as a\u00e7\u00f5es da companhia dispararam mais de 10% e est\u00e3o sendo negociados a R$ 2,73.<\/p>\t<div class=\"wrapper-featured-image\">\n\t\t<figure class=\"spotlightImg\">\n\n\t\t\t<picture>\n\t\t\t\t<source media=\"(max-width: 768px)\" srcset=\"https:\/\/files.sunoresearch.com.br\/n\/uploads\/2021\/11\/Kroton_Divulgacao-628x353-1-400x200.jpg\">\n\t\t\t\t<img loading=\"lazy\" decoding=\"async\" class=\"newsContent__article__imgCapa lazyloadDisabled \" src=\"https:\/\/files.sunoresearch.com.br\/n\/uploads\/2021\/11\/Kroton_Divulgacao-628x353-1-800x450.jpg\" width=\"800\" height=\"450\" alt=\"Cogna (COGN3) compra Editora Eleva e dispara mais de 10%; veja outros destaques\" fetchpriority=high \/>\n\t\t\t<\/picture>\n\n\t\t\t<figcaption class=\"wp-caption-text wp-caption-text--show\">Cogna Day segue com aposta no ensino digital - Foto: Divulga\u00e7\u00e3o<\/figcaption>\n\t\t<\/figure>\n\t<\/div>\n\n\n\t<p>\n\t\t<a href=\"https:\/\/lp.suno.com.br\/planilha-controle-gastos\/\" target=\"_blank\" data-element=\"shortcode-suno-banner\" title=\"Banner SUNO, clique e saiba mais\">\n\t\t\t<picture>\n\t\t\t\t<source media=\"(max-width: 500px)\" srcset=\"https:\/\/files.sunoresearch.com.br\/n\/uploads\/2023\/03\/400x300-Planilha-controle-de-gastos.png\">\n\t\t\t\t<img class=\"newsContent__article__imgCapa newsContent__article__imgCapa--banner\"\n\t\t\t\t\tsrc=\"https:\/\/files.sunoresearch.com.br\/n\/uploads\/2023\/03\/1420x240-Planilha-controle-de-gastos.png\"\n\t\t\t\t\tdata-promo-id=\"101751\"\t\t\t\t\t\t\t\t\t\twidth='1420' height='240'\t\t\t\t\talt=\"https:\/\/files.sunoresearch.com.br\/n\/uploads\/2023\/03\/1420x240-Planilha-controle-de-gastos.png\"\n\t\t\t\t>\n\t\t\t<\/picture>\n\t\t<\/a>\n\t<\/p>\n\n\n<p>Al\u00e9m da Cogna, est\u00e1 entre os destaques a Vibra (VVBR3) &#8212; antiga <a class=\"suno-keyword\" href=\"https:\/\/www.suno.com.br\/acoes\/BRDT3\/\" target=\"_blank\" rel=\"noopener\" data-force=\"yes\" data-priority=\"2\"><strong>BR Distribuidora<\/strong> (BRDT3)<\/a> &#8212; que ir\u00e1 emitir R$ 1,8 bilh\u00e3o em deb\u00eantures. Por sua vez, a <a class=\"suno-keyword\" href=\"https:\/\/www.suno.com.br\/acoes\/CCRO3\/\" target=\"_blank\" rel=\"noopener\" data-force=\"yes\" data-priority=\"2\"><strong>CCR<\/strong> (CCRO3)<\/a> venceu o leil\u00e3o da rodovia Dutra e BR\/101 (SP\/RJ), em processo de relicita\u00e7\u00e3o que envolvia disputa com a\u00a0<a class=\"suno-keyword\" href=\"https:\/\/www.suno.com.br\/acoes\/ECOR3\/\" target=\"_blank\" rel=\"noopener\" data-force=\"yes\" data-priority=\"2\"><strong>EcoRodovias<\/strong> (ECOR3).<\/a><\/p>\n<p>J\u00e1 a <a class=\"suno-keyword\" href=\"https:\/\/www.suno.com.br\/acoes\/CVCB3\/\" target=\"_blank\" rel=\"noopener\" data-force=\"yes\" data-priority=\"2\"><strong>CVC<\/strong> (CVCB3)<\/a> concluiu a compra dos 40% restantes da Ola, empresa argentina.\u00a0\u00a0A temporada de balan\u00e7os nacionais do terceiro trimestre ser\u00e1 retomada na quarta-feira (3), ap\u00f3s o feriado de Finados.<\/p>\n\t<p>\n\t\t<a href=\"https:\/\/lp.suno.com.br\/planilha-da-vida-financeira\/\" target=\"_blank\" data-element=\"shortcode-suno-banner\" title=\"Banner SUNO, clique e saiba mais\">\n\t\t\t<picture>\n\t\t\t\t<source media=\"(max-width: 500px)\" srcset=\"https:\/\/files.sunoresearch.com.br\/n\/uploads\/2023\/04\/400x300-Planilha-vida-financeira-true.png\">\n\t\t\t\t<img class=\"newsContent__article__imgCapa newsContent__article__imgCapa--banner\"\n\t\t\t\t\tsrc=\"https:\/\/files.sunoresearch.com.br\/n\/uploads\/2023\/04\/1420x240-Planilha-vida-financeira-true.png\"\n\t\t\t\t\tdata-promo-id=\"106682\"\t\t\t\t\t\t\t\t\t\twidth='1420' height='240'\t\t\t\t\talt=\"https:\/\/files.sunoresearch.com.br\/n\/uploads\/2023\/04\/1420x240-Planilha-vida-financeira-true.png\"\n\t\t\t\t>\n\t\t\t<\/picture>\n\t\t<\/a>\n\t<\/p>\n\n\n<p><strong>Veja os destaques de empresas:<\/strong><\/p>\n<h2>Cogna<\/h2>\n<p>A Cogna concluiu as opera\u00e7\u00f5es com a Eleva Educa\u00e7\u00e3o. A Somos Sistemas, controlada da Vasta, adquiriu a Editora Eleva, sociedade que det\u00e9m os ativos relacionados aos sistemas de ensino at\u00e9 ent\u00e3o comercializados pela Eleva Educa\u00e7\u00e3o.<\/p>\n<p>De acordo com comunicado, a Vasta, controlada pela Cogna, se consolida como uma das principais companhias de subscri\u00e7\u00e3o de sistema de ensino do Brasil. A opera\u00e7\u00e3o est\u00e1 avaliada em R$ 580 milh\u00f5es, sujeito a um ajuste pelo caixa l\u00edquido da Editora estimado em R$ 32 milh\u00f5es.<\/p>\n<h2>Vibra<\/h2>\n<p>A Vibra ir\u00e1 emitir um montante de R$ 1,8 bilh\u00e3o em deb\u00eantures como forma de &#8220;otimizar o capital da companhia&#8221;. Em <a class=\"suno-keyword\" href=\"https:\/\/www.suno.com.br\/artigos\/fato-relevante\/\" target=\"_blank\" rel=\"noopener\" data-force=\"no\" data-priority=\"1\"><strong>fato relevante<\/strong><\/a> ap\u00f3s o <a class=\"suno-keyword\" href=\"https:\/\/www.suno.com.br\/artigos\/fechamento-do-mercado\/\" target=\"_blank\" rel=\"noopener\" data-force=\"no\" data-priority=\"1\">fechamento do mercado<\/a> na sexta-feira (29), a companhia comunicou que a decis\u00e3o foi tomada ap\u00f3s reuni\u00e3o do <a class=\"suno-keyword\" href=\"https:\/\/www.suno.com.br\/artigos\/conselho-administracao\/\" target=\"_blank\" rel=\"noopener\" data-force=\"no\" data-priority=\"1\">Conselho de Administra\u00e7\u00e3o<\/a> na quarta-feira (27).<\/p>\n\t<div data-element=\"shortcode-read-more\" class=\"knowMore\">\n\t\t\t\t<span class=\"knowMore__title\">Saiba Mais<\/span>\n\t\t\t\t<a class=\"knowMore__link\" href=\"https:\/\/www.suno.com.br\/noticias\/vibra-vvbr3-br-distribuidora-brdt3-debentures-emissao\/\">\n\t\t\tVibra (VBBR3) emitir\u00e1 R$ 1,8 bilh\u00e3o em deb\u00eantures n\u00e3o convers\u00edveis para &quot;otimizar capital&quot;\t\t<\/a>\n\t<\/div>\n\n\n<p><a href=\"https:\/\/www.suno.com.br\/guias\/debentures\/\">A emiss\u00e3o<\/a> ser\u00e1 de <strong>deb\u00eantures<\/strong> &#8220;n\u00e3o convers\u00edveis em a\u00e7\u00f5es, em at\u00e9 duas s\u00e9ries, da esp\u00e9cie quirograf\u00e1ria, a serem distribu\u00eddas com esfor\u00e7os restritos, em regime de <a class=\"suno-keyword\" href=\"https:\/\/www.suno.com.br\/artigos\/garantia-firme\/\" target=\"_blank\" rel=\"noopener\" data-force=\"no\" data-priority=\"1\">garantia firme<\/a>&#8220;, segundo o documento arquivado pela empresa na <a href=\"https:\/\/www.suno.com.br\/artigos\/cvm\/\">Comiss\u00e3o de Valores Mobili\u00e1rios (<strong>CVM<\/strong>)<\/a>.<\/p>\n<h2>CCR<\/h2>\n<p>A CCR\u00a0 foi a vencedora do leil\u00e3o da rodovia Dutra e da BR\/101 (SP\/RJ), em processo de relicita\u00e7\u00e3o que envolvia disputa com a EcoRodovias, empresas da \u00e1rea de concess\u00f5es rodovi\u00e1rias no Pa\u00eds. Com isso, a CCR continua a administrar a rodovia por mais 30 anos e vai fazer investimentos de R$ 15 bilh\u00f5es.<\/p>\n\t<div data-element=\"shortcode-read-more\" class=\"knowMore\">\n\t\t\t\t<span class=\"knowMore__title\">Saiba Mais<\/span>\n\t\t\t\t<a class=\"knowMore__link\" href=\"https:\/\/www.suno.com.br\/noticias\/ccr-ccro3-ecorodovias-ecor3-leilao-dutra\/\">\n\t\t\tCCR (CCRO3) vence leil\u00e3o da Dutra em disputa com EcoRodovias (ECOR3)\t\t<\/a>\n\t<\/div>\n\n\n<p>A CCR ganhou o leil\u00e3o depois de propor desconto de 15,31% em tarifa de ped\u00e1gio e outorga de R$ 1,8 bi. A Ecorodovias sugeriu desconto de 10,6% em cima da tarifa de ped\u00e1gio.<\/p>\n\t<p>\n\t\t<a href=\"https:\/\/lp.suno.com.br\/ebook-como-analisar-uma-acao\/\" target=\"_blank\" data-element=\"shortcode-suno-banner\" title=\"Banner SUNO, clique e saiba mais\">\n\t\t\t<picture>\n\t\t\t\t<source media=\"(max-width: 500px)\" srcset=\"https:\/\/files.sunoresearch.com.br\/n\/uploads\/2023\/03\/Ebook-Acoes-Mobile-1.jpg\">\n\t\t\t\t<img class=\"newsContent__article__imgCapa newsContent__article__imgCapa--banner\"\n\t\t\t\t\tsrc=\"https:\/\/files.sunoresearch.com.br\/n\/uploads\/2023\/03\/Ebook-Acoes-Desktop-1.jpg\"\n\t\t\t\t\tdata-promo-id=\"171998\"\t\t\t\t\t\t\t\t\t\twidth='1420' height='286'\t\t\t\t\talt=\"https:\/\/files.sunoresearch.com.br\/n\/uploads\/2023\/03\/Ebook-Acoes-Desktop-1.jpg\"\n\t\t\t\t>\n\t\t\t<\/picture>\n\t\t<\/a>\n\t<\/p>\n\n\n<h2>CVC<\/h2>\n<p>A CVC concluiu a compra dos 40% restantes da Ola, empresa da Argentina &#8220;consolidadora de viagens corporativas e de lazer&#8221;. Com a compra, a CVC passa a deter 100% do capital social da companhia. O valor n\u00e3o foi divulgado pois &#8220;n\u00e3o representa impactos relevantes nas demonstra\u00e7\u00f5es financeiras&#8221;.<\/p>\n\t<div data-element=\"shortcode-read-more\" class=\"knowMore\">\n\t\t\t\t<span class=\"knowMore__title\">Saiba Mais<\/span>\n\t\t\t\t<a class=\"knowMore__link\" href=\"https:\/\/www.suno.com.br\/noticias\/cvc-cvcb3argentina-compra-ola\/\">\n\t\t\tCVC (CVCB3) avan\u00e7a na Argentina e compra 100% da Ola\t\t<\/a>\n\t<\/div>\n\n\n<p>Segundo o comunicado ao mercado arquivado na Comiss\u00e3o de Valores Mobili\u00e1rios (CVM) na noite de sexta-feira (29), a compra da Ola pela CVC ocorre por conta da &#8220;prioriza\u00e7\u00e3o e fortalecimento de suas opera\u00e7\u00f5es nos mercados considerados estrat\u00e9gicos e com relev\u00e2ncia competitiva&#8221;. A aquisi\u00e7\u00e3o anterior, de somente 60% do capital da Ola pela CVC, ocorreu em 2018.<\/p>\n<p>Os destaques de empresas do Suno Not\u00edcias mostram os principais acontecimentos que prometem movimentar o mercado durante o dia, como a <strong>Cogna\u00a0<\/strong>que deve estar no foco dos investidores ao longo do dia.<\/p>\n\t<p>\n\t\t<a href=\"https:\/\/lp.suno.com.br\/planilha-de-controle-de-investimentos\/\" target=\"_blank\" data-element=\"shortcode-suno-banner\" title=\"Banner SUNO, clique e saiba mais\">\n\t\t\t<picture>\n\t\t\t\t<source media=\"(max-width: 500px)\" srcset=\"https:\/\/files.sunoresearch.com.br\/n\/uploads\/2023\/03\/400x300-Controle-de-Investimentos.png\">\n\t\t\t\t<img class=\"newsContent__article__imgCapa newsContent__article__imgCapa--banner\"\n\t\t\t\t\tsrc=\"https:\/\/files.sunoresearch.com.br\/n\/uploads\/2023\/03\/1420x240-Controle-de-Investimentos.png\"\n\t\t\t\t\tdata-promo-id=\"75934\"\t\t\t\t\t\t\t\t\t\twidth='1420' height='240'\t\t\t\t\talt=\"https:\/\/files.sunoresearch.com.br\/n\/uploads\/2023\/03\/1420x240-Controle-de-Investimentos.png\"\n\t\t\t\t>\n\t\t\t<\/picture>\n\t\t<\/a>\n\t<\/p>\n\n\n","protected":false},"excerpt":{"rendered":"<p>Nos destaques de empresas desta segunda-feira (1), v\u00e9spera de feriado, chama a aten\u00e7\u00e3o do mercado a Cogna (COGN3) que concluiu a compra da Editora Eleva. Hoje as a\u00e7\u00f5es da companhia dispararam mais de 10% e est\u00e3o sendo negociados a R$ 2,73. Cogna Day segue com aposta no ensino digital &#8211; Foto: Divulga\u00e7\u00e3o Al\u00e9m da Cogna, [&hellip;]<\/p>\n","protected":false},"author":15,"featured_media":199924,"comment_status":"closed","ping_status":"closed","sticky":false,"template":"","format":"standard","meta":[],"categories":[64],"tags":[2257,442,596],"suno_strategy":[],"class_list":["post-199833","post","type-post","status-publish","format-standard","has-post-thumbnail","hentry","category-negocios","tag-cogna-cogn3","tag-cvc-cvcb3","tag-vibra-energia-vbbr3"],"yoast_head":"<!-- This site is optimized with the Yoast SEO plugin v24.4 - https:\/\/yoast.com\/wordpress\/plugins\/seo\/ -->\n<title>Cogna (COGN3) compra Editora Eleva; veja outros destaques<\/title>\n<meta name=\"description\" content=\"Os destaques de empresas do Suno Not\u00edcias mostram os principais acontecimentos como a Cogna (COGN3). Clique aqui e saiba mais.\" \/>\n<meta name=\"robots\" content=\"index, follow, max-snippet:-1, max-image-preview:large, max-video-preview:-1\" \/>\n<link rel=\"canonical\" href=\"https:\/\/www.suno.com.br\/noticias\/cogna-cogn3-compra-editora-eleva-e-dispara-mais-de-10-veja-outros-destaques\/\" \/>\n<meta property=\"og:locale\" content=\"pt_BR\" \/>\n<meta property=\"og:type\" content=\"article\" \/>\n<meta property=\"og:title\" content=\"Cogna (COGN3) compra Editora Eleva; veja outros destaques\" \/>\n<meta property=\"og:description\" content=\"Os destaques de empresas do Suno Not\u00edcias mostram os principais acontecimentos como a Cogna (COGN3). Clique aqui e saiba mais.\" \/>\n<meta property=\"og:url\" content=\"https:\/\/www.suno.com.br\/noticias\/cogna-cogn3-compra-editora-eleva-e-dispara-mais-de-10-veja-outros-destaques\/\" \/>\n<meta property=\"og:site_name\" content=\"Suno Not\u00edcias\" \/>\n<meta property=\"article:publisher\" content=\"https:\/\/facebook.com\/sunoresearch\" \/>\n<meta property=\"og:image\" content=\"https:\/\/files.sunoresearch.com.br\/n\/uploads\/2021\/11\/Kroton_Divulgacao-628x353-1.jpg\" \/>\n\t<meta property=\"og:image:width\" content=\"1200\" \/>\n\t<meta property=\"og:image:height\" content=\"674\" \/>\n\t<meta property=\"og:image:type\" content=\"image\/jpeg\" \/>\n<meta name=\"author\" content=\"Poliana Santos\" \/>\n<meta name=\"twitter:card\" content=\"summary_large_image\" \/>\n<meta name=\"twitter:creator\" content=\"@sunoresearch\" \/>\n<meta name=\"twitter:site\" content=\"@sunoresearch\" \/>\n<meta name=\"twitter:label1\" content=\"Escrito por\" \/>\n\t<meta name=\"twitter:data1\" content=\"Poliana Santos\" \/>\n\t<meta name=\"twitter:label2\" content=\"Est. tempo de leitura\" \/>\n\t<meta name=\"twitter:data2\" content=\"3 minutos\" \/>\n<script type=\"application\/ld+json\" class=\"yoast-schema-graph\">{\"@context\":\"https:\/\/schema.org\",\"@graph\":[{\"@type\":\"NewsArticle\",\"@id\":\"https:\/\/www.suno.com.br\/noticias\/cogna-cogn3-compra-editora-eleva-e-dispara-mais-de-10-veja-outros-destaques\/#article\",\"isPartOf\":{\"@id\":\"https:\/\/www.suno.com.br\/noticias\/cogna-cogn3-compra-editora-eleva-e-dispara-mais-de-10-veja-outros-destaques\/\"},\"author\":{\"name\":\"Poliana Santos\",\"@id\":\"https:\/\/www.suno.com.br\/noticias\/#\/schema\/person\/02ec1f752758247878a2bf4abee1aeda\"},\"headline\":\"Cogna (COGN3) compra Editora Eleva e dispara mais de 10%; veja outros destaques\",\"datePublished\":\"2021-11-01T14:36:36+00:00\",\"mainEntityOfPage\":{\"@id\":\"https:\/\/www.suno.com.br\/noticias\/cogna-cogn3-compra-editora-eleva-e-dispara-mais-de-10-veja-outros-destaques\/\"},\"wordCount\":608,\"publisher\":{\"@id\":\"https:\/\/www.suno.com.br\/noticias\/#organization\"},\"image\":{\"@id\":\"https:\/\/www.suno.com.br\/noticias\/cogna-cogn3-compra-editora-eleva-e-dispara-mais-de-10-veja-outros-destaques\/#primaryimage\"},\"thumbnailUrl\":\"https:\/\/files.sunoresearch.com.br\/n\/uploads\/2021\/11\/Kroton_Divulgacao-628x353-1.jpg\",\"keywords\":[\"Cogna (COGN3)\",\"CVC (CVCB3)\",\"Vibra Energia (VBBR3)\"],\"articleSection\":[\"Neg\u00f3cios\"],\"inLanguage\":\"pt-BR\"},{\"@type\":\"WebPage\",\"@id\":\"https:\/\/www.suno.com.br\/noticias\/cogna-cogn3-compra-editora-eleva-e-dispara-mais-de-10-veja-outros-destaques\/\",\"url\":\"https:\/\/www.suno.com.br\/noticias\/cogna-cogn3-compra-editora-eleva-e-dispara-mais-de-10-veja-outros-destaques\/\",\"name\":\"Cogna (COGN3) compra Editora Eleva; veja outros destaques\",\"isPartOf\":{\"@id\":\"https:\/\/www.suno.com.br\/noticias\/#website\"},\"primaryImageOfPage\":{\"@id\":\"https:\/\/www.suno.com.br\/noticias\/cogna-cogn3-compra-editora-eleva-e-dispara-mais-de-10-veja-outros-destaques\/#primaryimage\"},\"image\":{\"@id\":\"https:\/\/www.suno.com.br\/noticias\/cogna-cogn3-compra-editora-eleva-e-dispara-mais-de-10-veja-outros-destaques\/#primaryimage\"},\"thumbnailUrl\":\"https:\/\/files.sunoresearch.com.br\/n\/uploads\/2021\/11\/Kroton_Divulgacao-628x353-1.jpg\",\"datePublished\":\"2021-11-01T14:36:36+00:00\",\"description\":\"Os destaques de empresas do Suno Not\u00edcias mostram os principais acontecimentos como a Cogna (COGN3). Clique aqui e saiba mais.\",\"breadcrumb\":{\"@id\":\"https:\/\/www.suno.com.br\/noticias\/cogna-cogn3-compra-editora-eleva-e-dispara-mais-de-10-veja-outros-destaques\/#breadcrumb\"},\"inLanguage\":\"pt-BR\",\"potentialAction\":[{\"@type\":\"ReadAction\",\"target\":[\"https:\/\/www.suno.com.br\/noticias\/cogna-cogn3-compra-editora-eleva-e-dispara-mais-de-10-veja-outros-destaques\/\"]}]},{\"@type\":\"ImageObject\",\"inLanguage\":\"pt-BR\",\"@id\":\"https:\/\/www.suno.com.br\/noticias\/cogna-cogn3-compra-editora-eleva-e-dispara-mais-de-10-veja-outros-destaques\/#primaryimage\",\"url\":\"https:\/\/files.sunoresearch.com.br\/n\/uploads\/2021\/11\/Kroton_Divulgacao-628x353-1.jpg\",\"contentUrl\":\"https:\/\/files.sunoresearch.com.br\/n\/uploads\/2021\/11\/Kroton_Divulgacao-628x353-1.jpg\",\"width\":1200,\"height\":674,\"caption\":\"Cogna Day segue com aposta no ensino digital - Foto: Divulga\u00e7\u00e3o\"},{\"@type\":\"BreadcrumbList\",\"@id\":\"https:\/\/www.suno.com.br\/noticias\/cogna-cogn3-compra-editora-eleva-e-dispara-mais-de-10-veja-outros-destaques\/#breadcrumb\",\"itemListElement\":[{\"@type\":\"ListItem\",\"position\":1,\"name\":\"Not\u00edcias\",\"item\":\"https:\/\/www.suno.com.br\/noticias\/\"},{\"@type\":\"ListItem\",\"position\":2,\"name\":\"Neg\u00f3cios\",\"item\":\"https:\/\/www.suno.com.br\/noticias\/negocios\/\"},{\"@type\":\"ListItem\",\"position\":3,\"name\":\"Cogna (COGN3) compra Editora Eleva e dispara mais de 10%; veja outros destaques\"}]},{\"@type\":\"WebSite\",\"@id\":\"https:\/\/www.suno.com.br\/noticias\/#website\",\"url\":\"https:\/\/www.suno.com.br\/noticias\/\",\"name\":\"Suno Not\u00edcias\",\"description\":\"Seu portal de informa\u00e7\u00e3o sobre o mundo dos investimentos\",\"publisher\":{\"@id\":\"https:\/\/www.suno.com.br\/noticias\/#organization\"},\"potentialAction\":[{\"@type\":\"SearchAction\",\"target\":{\"@type\":\"EntryPoint\",\"urlTemplate\":\"https:\/\/www.suno.com.br\/noticias\/?s={search_term_string}\"},\"query-input\":{\"@type\":\"PropertyValueSpecification\",\"valueRequired\":true,\"valueName\":\"search_term_string\"}}],\"inLanguage\":\"pt-BR\"},{\"@type\":\"Organization\",\"@id\":\"https:\/\/www.suno.com.br\/noticias\/#organization\",\"name\":\"Suno Not\u00edcias\",\"url\":\"https:\/\/www.suno.com.br\/noticias\/\",\"logo\":{\"@type\":\"ImageObject\",\"inLanguage\":\"pt-BR\",\"@id\":\"https:\/\/www.suno.com.br\/noticias\/#\/schema\/logo\/image\/\",\"url\":\"https:\/\/files.sunoresearch.com.br\/n\/uploads\/2021\/09\/suno-logo.png\",\"contentUrl\":\"https:\/\/files.sunoresearch.com.br\/n\/uploads\/2021\/09\/suno-logo.png\",\"width\":180,\"height\":180,\"caption\":\"Suno Not\u00edcias\"},\"image\":{\"@id\":\"https:\/\/www.suno.com.br\/noticias\/#\/schema\/logo\/image\/\"},\"sameAs\":[\"https:\/\/facebook.com\/sunoresearch\",\"https:\/\/x.com\/sunoresearch\",\"https:\/\/www.instagram.com\/suno\",\"https:\/\/www.linkedin.com\/company\/suno-research\/\",\"https:\/\/www.youtube.com\/c\/sunoresearch\"]},{\"@type\":\"Person\",\"@id\":\"https:\/\/www.suno.com.br\/noticias\/#\/schema\/person\/02ec1f752758247878a2bf4abee1aeda\",\"name\":\"Poliana Santos\",\"image\":{\"@type\":\"ImageObject\",\"inLanguage\":\"pt-BR\",\"@id\":\"https:\/\/www.suno.com.br\/noticias\/#\/schema\/person\/image\/\",\"url\":\"https:\/\/secure.gravatar.com\/avatar\/0645bd32f23d87b2130f2b2dff1d3f8d?s=96&r=g\",\"contentUrl\":\"https:\/\/secure.gravatar.com\/avatar\/0645bd32f23d87b2130f2b2dff1d3f8d?s=96&r=g\",\"caption\":\"Poliana Santos\"},\"description\":\"Rep\u00f3rter no Suno Not\u00edcias, com cobertura em mercado financeiro, economia, finan\u00e7as pessoais, renda fixa e varejo. Jornalista formada pela Faculdade C\u00e1sper L\u00edbero e possui passagem na R\u00e1dio Gazeta AM com a produ\u00e7\u00e3o de conte\u00fado sobre economia, pol\u00edtica, sa\u00fade, moda e m\u00fasica. Possui certificado de conclus\u00e3o do curso de An\u00e1lise de Balan\u00e7os pela Funda\u00e7\u00e3o Bradesco, Agenda Brasil pela FAAP, Educa\u00e7\u00e3o Pol\u00edtica por Alexandre Garcia e do Tesouro Direto e Mercado de A\u00e7\u00f5es pela B3.\",\"url\":\"https:\/\/www.suno.com.br\/noticias\/author\/poliana-santos\/\"}]}<\/script>\n<!-- \/ Yoast SEO plugin. -->","yoast_head_json":{"title":"Cogna (COGN3) compra Editora Eleva; veja outros destaques","description":"Os destaques de empresas do Suno Not\u00edcias mostram os principais acontecimentos como a Cogna (COGN3). Clique aqui e saiba mais.","robots":{"index":"index","follow":"follow","max-snippet":"max-snippet:-1","max-image-preview":"max-image-preview:large","max-video-preview":"max-video-preview:-1"},"canonical":"https:\/\/www.suno.com.br\/noticias\/cogna-cogn3-compra-editora-eleva-e-dispara-mais-de-10-veja-outros-destaques\/","og_locale":"pt_BR","og_type":"article","og_title":"Cogna (COGN3) compra Editora Eleva; veja outros destaques","og_description":"Os destaques de empresas do Suno Not\u00edcias mostram os principais acontecimentos como a Cogna (COGN3). Clique aqui e saiba mais.","og_url":"https:\/\/www.suno.com.br\/noticias\/cogna-cogn3-compra-editora-eleva-e-dispara-mais-de-10-veja-outros-destaques\/","og_site_name":"Suno Not\u00edcias","article_publisher":"https:\/\/facebook.com\/sunoresearch","og_image":[{"width":1200,"height":674,"url":"https:\/\/files.sunoresearch.com.br\/n\/uploads\/2021\/11\/Kroton_Divulgacao-628x353-1.jpg","type":"image\/jpeg"}],"author":"Poliana Santos","twitter_card":"summary_large_image","twitter_creator":"@sunoresearch","twitter_site":"@sunoresearch","twitter_misc":{"Escrito por":"Poliana Santos","Est. tempo de leitura":"3 minutos"},"schema":{"@context":"https:\/\/schema.org","@graph":[{"@type":"NewsArticle","@id":"https:\/\/www.suno.com.br\/noticias\/cogna-cogn3-compra-editora-eleva-e-dispara-mais-de-10-veja-outros-destaques\/#article","isPartOf":{"@id":"https:\/\/www.suno.com.br\/noticias\/cogna-cogn3-compra-editora-eleva-e-dispara-mais-de-10-veja-outros-destaques\/"},"author":{"name":"Poliana Santos","@id":"https:\/\/www.suno.com.br\/noticias\/#\/schema\/person\/02ec1f752758247878a2bf4abee1aeda"},"headline":"Cogna (COGN3) compra Editora Eleva e dispara mais de 10%; veja outros destaques","datePublished":"2021-11-01T14:36:36+00:00","mainEntityOfPage":{"@id":"https:\/\/www.suno.com.br\/noticias\/cogna-cogn3-compra-editora-eleva-e-dispara-mais-de-10-veja-outros-destaques\/"},"wordCount":608,"publisher":{"@id":"https:\/\/www.suno.com.br\/noticias\/#organization"},"image":{"@id":"https:\/\/www.suno.com.br\/noticias\/cogna-cogn3-compra-editora-eleva-e-dispara-mais-de-10-veja-outros-destaques\/#primaryimage"},"thumbnailUrl":"https:\/\/files.sunoresearch.com.br\/n\/uploads\/2021\/11\/Kroton_Divulgacao-628x353-1.jpg","keywords":["Cogna (COGN3)","CVC (CVCB3)","Vibra Energia (VBBR3)"],"articleSection":["Neg\u00f3cios"],"inLanguage":"pt-BR"},{"@type":"WebPage","@id":"https:\/\/www.suno.com.br\/noticias\/cogna-cogn3-compra-editora-eleva-e-dispara-mais-de-10-veja-outros-destaques\/","url":"https:\/\/www.suno.com.br\/noticias\/cogna-cogn3-compra-editora-eleva-e-dispara-mais-de-10-veja-outros-destaques\/","name":"Cogna (COGN3) compra Editora Eleva; veja outros destaques","isPartOf":{"@id":"https:\/\/www.suno.com.br\/noticias\/#website"},"primaryImageOfPage":{"@id":"https:\/\/www.suno.com.br\/noticias\/cogna-cogn3-compra-editora-eleva-e-dispara-mais-de-10-veja-outros-destaques\/#primaryimage"},"image":{"@id":"https:\/\/www.suno.com.br\/noticias\/cogna-cogn3-compra-editora-eleva-e-dispara-mais-de-10-veja-outros-destaques\/#primaryimage"},"thumbnailUrl":"https:\/\/files.sunoresearch.com.br\/n\/uploads\/2021\/11\/Kroton_Divulgacao-628x353-1.jpg","datePublished":"2021-11-01T14:36:36+00:00","description":"Os destaques de empresas do Suno Not\u00edcias mostram os principais acontecimentos como a Cogna (COGN3). Clique aqui e saiba mais.","breadcrumb":{"@id":"https:\/\/www.suno.com.br\/noticias\/cogna-cogn3-compra-editora-eleva-e-dispara-mais-de-10-veja-outros-destaques\/#breadcrumb"},"inLanguage":"pt-BR","potentialAction":[{"@type":"ReadAction","target":["https:\/\/www.suno.com.br\/noticias\/cogna-cogn3-compra-editora-eleva-e-dispara-mais-de-10-veja-outros-destaques\/"]}]},{"@type":"ImageObject","inLanguage":"pt-BR","@id":"https:\/\/www.suno.com.br\/noticias\/cogna-cogn3-compra-editora-eleva-e-dispara-mais-de-10-veja-outros-destaques\/#primaryimage","url":"https:\/\/files.sunoresearch.com.br\/n\/uploads\/2021\/11\/Kroton_Divulgacao-628x353-1.jpg","contentUrl":"https:\/\/files.sunoresearch.com.br\/n\/uploads\/2021\/11\/Kroton_Divulgacao-628x353-1.jpg","width":1200,"height":674,"caption":"Cogna Day segue com aposta no ensino digital - Foto: Divulga\u00e7\u00e3o"},{"@type":"BreadcrumbList","@id":"https:\/\/www.suno.com.br\/noticias\/cogna-cogn3-compra-editora-eleva-e-dispara-mais-de-10-veja-outros-destaques\/#breadcrumb","itemListElement":[{"@type":"ListItem","position":1,"name":"Not\u00edcias","item":"https:\/\/www.suno.com.br\/noticias\/"},{"@type":"ListItem","position":2,"name":"Neg\u00f3cios","item":"https:\/\/www.suno.com.br\/noticias\/negocios\/"},{"@type":"ListItem","position":3,"name":"Cogna (COGN3) compra Editora Eleva e dispara mais de 10%; veja outros destaques"}]},{"@type":"WebSite","@id":"https:\/\/www.suno.com.br\/noticias\/#website","url":"https:\/\/www.suno.com.br\/noticias\/","name":"Suno Not\u00edcias","description":"Seu portal de informa\u00e7\u00e3o sobre o mundo dos investimentos","publisher":{"@id":"https:\/\/www.suno.com.br\/noticias\/#organization"},"potentialAction":[{"@type":"SearchAction","target":{"@type":"EntryPoint","urlTemplate":"https:\/\/www.suno.com.br\/noticias\/?s={search_term_string}"},"query-input":{"@type":"PropertyValueSpecification","valueRequired":true,"valueName":"search_term_string"}}],"inLanguage":"pt-BR"},{"@type":"Organization","@id":"https:\/\/www.suno.com.br\/noticias\/#organization","name":"Suno Not\u00edcias","url":"https:\/\/www.suno.com.br\/noticias\/","logo":{"@type":"ImageObject","inLanguage":"pt-BR","@id":"https:\/\/www.suno.com.br\/noticias\/#\/schema\/logo\/image\/","url":"https:\/\/files.sunoresearch.com.br\/n\/uploads\/2021\/09\/suno-logo.png","contentUrl":"https:\/\/files.sunoresearch.com.br\/n\/uploads\/2021\/09\/suno-logo.png","width":180,"height":180,"caption":"Suno Not\u00edcias"},"image":{"@id":"https:\/\/www.suno.com.br\/noticias\/#\/schema\/logo\/image\/"},"sameAs":["https:\/\/facebook.com\/sunoresearch","https:\/\/x.com\/sunoresearch","https:\/\/www.instagram.com\/suno","https:\/\/www.linkedin.com\/company\/suno-research\/","https:\/\/www.youtube.com\/c\/sunoresearch"]},{"@type":"Person","@id":"https:\/\/www.suno.com.br\/noticias\/#\/schema\/person\/02ec1f752758247878a2bf4abee1aeda","name":"Poliana Santos","image":{"@type":"ImageObject","inLanguage":"pt-BR","@id":"https:\/\/www.suno.com.br\/noticias\/#\/schema\/person\/image\/","url":"https:\/\/secure.gravatar.com\/avatar\/0645bd32f23d87b2130f2b2dff1d3f8d?s=96&r=g","contentUrl":"https:\/\/secure.gravatar.com\/avatar\/0645bd32f23d87b2130f2b2dff1d3f8d?s=96&r=g","caption":"Poliana Santos"},"description":"Rep\u00f3rter no Suno Not\u00edcias, com cobertura em mercado financeiro, economia, finan\u00e7as pessoais, renda fixa e varejo. Jornalista formada pela Faculdade C\u00e1sper L\u00edbero e possui passagem na R\u00e1dio Gazeta AM com a produ\u00e7\u00e3o de conte\u00fado sobre economia, pol\u00edtica, sa\u00fade, moda e m\u00fasica. Possui certificado de conclus\u00e3o do curso de An\u00e1lise de Balan\u00e7os pela Funda\u00e7\u00e3o Bradesco, Agenda Brasil pela FAAP, Educa\u00e7\u00e3o Pol\u00edtica por Alexandre Garcia e do Tesouro Direto e Mercado de A\u00e7\u00f5es pela B3.","url":"https:\/\/www.suno.com.br\/noticias\/author\/poliana-santos\/"}]}},"default_loop_html":"<div class=\"cardsPage__listCard__boxs\"><div class=\"cardsPage__listCard__boxs__img\"><a href=\"https:\/\/www.suno.com.br\/noticias\/cogna-cogn3-compra-editora-eleva-e-dispara-mais-de-10-veja-outros-destaques\/\"><img class=\"mask\" src=\"https:\/\/www.suno.com.br\/noticias\/wp-content\/themes\/suno\/resources\/images\/spotlight\/spotlight1img\/bg-mask.png\" alt=\"Image Mask\"\/><img src=\"https:\/\/files.sunoresearch.com.br\/n\/uploads\/2021\/11\/Kroton_Divulgacao-628x353-1-400x200.jpg\" alt=\"Cogna (COGN3) compra Editora Eleva e dispara mais de 10%; veja outros destaques\"\/><\/a><span class=\"spotlightCategory\"><a href=\"https:\/\/www.suno.com.br\/noticias\/negocios\/\">Neg\u00f3cios<\/a><\/span><\/div><div class=\"cardsPage__listCard__boxs__content\"><a href=\"https:\/\/www.suno.com.br\/noticias\/cogna-cogn3-compra-editora-eleva-e-dispara-mais-de-10-veja-outros-destaques\/\"><h2 class=\"content__title\">Cogna (COGN3) compra Editora Eleva e dispara mais de 10%; veja outros destaques<\/h2><\/a><div class=\"newsContent__article__meta\"><div class=\"newsContent__article__meta__authorBox\"><a href=\"https:\/\/www.suno.com.br\/noticias\/author\/poliana-santos\/\" class=\"authorBox__avatar noMobi\"><img src=\"https:\/\/files.sunoresearch.com.br\/n\/uploads\/2020\/08\/7ef34026-whatsapp-image-2020-08-03-at-12.37.57-150x150.webp\" alt=\"Poliana Santos\"><\/a><div class=\"authorBox__name\"><span>por\n\t\t\t<a href=\"https:\/\/www.suno.com.br\/noticias\/author\/poliana-santos\/\"><span itemprop=\"author\">Poliana Santos<\/span><\/a><\/span><time datetime=\"2021-11-01T11:36:36-03:00\" itemprop=\"datePublished\">01\/11\/2021 11:36<\/time><\/div><\/div><\/div><\/div><\/div>","single_layout":"posts","amp_enabled":true,"_links":{"self":[{"href":"https:\/\/www.suno.com.br\/noticias\/wp-json\/wp\/v2\/posts\/199833"}],"collection":[{"href":"https:\/\/www.suno.com.br\/noticias\/wp-json\/wp\/v2\/posts"}],"about":[{"href":"https:\/\/www.suno.com.br\/noticias\/wp-json\/wp\/v2\/types\/post"}],"author":[{"embeddable":true,"href":"https:\/\/www.suno.com.br\/noticias\/wp-json\/wp\/v2\/users\/15"}],"replies":[{"embeddable":true,"href":"https:\/\/www.suno.com.br\/noticias\/wp-json\/wp\/v2\/comments?post=199833"}],"version-history":[{"count":3,"href":"https:\/\/www.suno.com.br\/noticias\/wp-json\/wp\/v2\/posts\/199833\/revisions"}],"predecessor-version":[{"id":199947,"href":"https:\/\/www.suno.com.br\/noticias\/wp-json\/wp\/v2\/posts\/199833\/revisions\/199947"}],"wp:featuredmedia":[{"embeddable":true,"href":"https:\/\/www.suno.com.br\/noticias\/wp-json\/wp\/v2\/media\/199924"}],"wp:attachment":[{"href":"https:\/\/www.suno.com.br\/noticias\/wp-json\/wp\/v2\/media?parent=199833"}],"wp:term":[{"taxonomy":"category","embeddable":true,"href":"https:\/\/www.suno.com.br\/noticias\/wp-json\/wp\/v2\/categories?post=199833"},{"taxonomy":"post_tag","embeddable":true,"href":"https:\/\/www.suno.com.br\/noticias\/wp-json\/wp\/v2\/tags?post=199833"},{"taxonomy":"suno_strategy","embeddable":true,"href":"https:\/\/www.suno.com.br\/noticias\/wp-json\/wp\/v2\/suno_strategy?post=199833"}],"curies":[{"name":"wp","href":"https:\/\/api.w.org\/{rel}","templated":true}]}}