{"id":19977,"date":"2019-04-04T12:20:03","date_gmt":"2019-04-04T15:20:03","guid":{"rendered":"https:\/\/www.suno.com.br\/noticias\/?p=19977"},"modified":"2019-04-04T12:20:03","modified_gmt":"2019-04-04T15:20:03","slug":"bolsonaro-liderancas-reunem-palacio","status":"publish","type":"post","link":"https:\/\/www.suno.com.br\/noticias\/bolsonaro-liderancas-reunem-palacio\/","title":{"rendered":"Bolsonaro e lideran\u00e7as partid\u00e1rias se re\u00fanem no Pal\u00e1cio do Planalto"},"content":{"rendered":"<p>O presidente Jair Bolsonaro est\u00e1 recebendo lideran\u00e7as partid\u00e1rias no Pal\u00e1cio do Planalto, nesta quinta-feira (4).<\/p>\t<div class=\"wrapper-featured-image\">\n\t\t<figure class=\"spotlightImg\">\n\n\t\t\t<picture>\n\t\t\t\t<source media=\"(max-width: 768px)\" srcset=\"https:\/\/files.sunoresearch.com.br\/n\/uploads\/2019\/04\/00bb0a94-bolsonaro-400x200.webp\">\n\t\t\t\t<img loading=\"lazy\" decoding=\"async\" class=\"newsContent__article__imgCapa lazyloadDisabled newsContent__article__imgCapa--noCaption\" src=\"https:\/\/files.sunoresearch.com.br\/n\/uploads\/2019\/04\/00bb0a94-bolsonaro-800x450.webp\" width=\"800\" height=\"450\" alt=\"Bolsonaro e lideran\u00e7as partid\u00e1rias se re\u00fanem no Pal\u00e1cio do Planalto\" fetchpriority=high \/>\n\t\t\t<\/picture>\n\n\t\t\t<figcaption class=\"wp-caption-text wp-caption-text--hide\">Governo prepara pacote de medidas para caminhoneiros<\/figcaption>\n\t\t<\/figure>\n\t<\/div>\n\n\n<p>At\u00e9 o momento se reuniram com <strong>Bolsonaro<\/strong>:<\/p>\n<ul>\n<li>Presidente do PRB &#8211; Marcos Pereira<\/li>\n<li>Presidente do PSD &#8211; Gilberto Kassab<\/li>\n<li>Presidente do PSDB &#8211; Geraldo Alckmin<\/li>\n<\/ul>\n<p>[optin-monster-shortcode id=&#8221;npkxlwaleraa8psvnego&#8221;]<\/p>\n<p>No entanto, ainda est\u00e1 previsto que o presidente da Rep\u00fablica se junte a outros tr\u00eas l\u00edderes ainda hoje. S\u00e3o eles:<\/p>\n<ul>\n<li>Presidente do PP &#8211; Ciro Nogueira<\/li>\n<li>Presidente do DEM &#8211; ACM Neto<\/li>\n<li>Presidente do MDB &#8211; Romero Juc\u00e1<\/li>\n<\/ul>\n<p>O objetivo das conversas \u00e9 a forma\u00e7\u00e3o de uma base parlamentar que tamb\u00e9m de apoio \u00e0 reforma da Previd\u00eancia.<\/p>\n<p>As bancadas dos partidos que est\u00e3o na agenda de Bolsonaro somam juntas 196 deputados, dividas da seguinte forma:<\/p>\n<ul>\n<li><strong>PRB<\/strong> &#8211; 31<\/li>\n<li><strong>PSD<\/strong> &#8211; 36<\/li>\n<li><strong>PSDB<\/strong> &#8211; 30<\/li>\n<li><strong>PP<\/strong> &#8211; 38<\/li>\n<li><strong>DEM<\/strong> &#8211; 27<\/li>\n<li><strong>MDB<\/strong> &#8211; 34<\/li>\n<\/ul>\n<p><a href=\"https:\/\/www.suno.com.br\/noticias\/nova-previdencia-onyx-lorenzoni-camara-junho\/\">Saiba mais: Onyx planeja que a C\u00e2mara vote a Nova Previd\u00eancia em junho<\/a><\/p>\n<h2>Bolsonaro sobre a reforma<\/h2>\n<p>As reuni\u00f5es com as lideran\u00e7as partid\u00e1rias s\u00e3o os primeiros compromissos oficiais do presidente <strong>Jair Bolsonaro<\/strong>, ap\u00f3s a viagem de quatro dias para Israel. Antes de voltar para o Brasil, o presidente j\u00e1 havia informado que voltaria com foto total e que ia &#8220;jogar pesado&#8221; na <strong>reforma da Previd\u00eancia<\/strong>.<\/p>\n<p>&#8220;Vamos jogar pesado na [reforma da] Previd\u00eancia, porque \u00e9 um marco, tem tudo para fazer o Brasil decolar&#8221;, afirmou o presidente.<\/p>\n\t<p>\n\t\t<a href=\"https:\/\/lp.suno.com.br\/ao\/servico-especializado-suno-tf\/?utm_source=adwords&#038;utm_medium=search&#038;utm_campaign=search.servico.funilconsultoria&#038;utm_content=1147_responsivo-a&#038;hsa_acc=2326072784&#038;hsa_cam=18022897917&#038;hsa_grp=141470255993&#038;hsa_ad=616145467912&#038;hsa_src=g&#038;hsa_tgt=kwd-303658942458&#038;hsa_kw=gestora+de+investimentos&#038;hsa_mt=b&#038;hsa_net=adwords&#038;hsa_ver=3&#038;gad_source=1&#038;gclid=CjwKCAjw1emzBhB8EiwAHwZZxQMvA3xJVRzLGZ70LmuSzR55X-KvxijSay8c5Hm88Sznnq97j8XbORoC-sMQAvD_BwE\" target=\"_blank\" data-element=\"shortcode-suno-banner\" title=\"Banner SUNO, clique e saiba mais\">\n\t\t\t<picture>\n\t\t\t\t<source media=\"(max-width: 500px)\" srcset=\"https:\/\/files.sunoresearch.com.br\/n\/uploads\/2024\/06\/400x300-Mobile-Artigos-5.png\">\n\t\t\t\t<img class=\"newsContent__article__imgCapa newsContent__article__imgCapa--banner\"\n\t\t\t\t\tsrc=\"https:\/\/files.sunoresearch.com.br\/n\/uploads\/2024\/06\/1420x240-Banner-Artigos-1-_-Banner-Materias-3.png\"\n\t\t\t\t\tdata-promo-id=\"563605\"\t\t\t\t\t\t\t\t\t\twidth='1420' height='240'\t\t\t\t\talt=\"https:\/\/files.sunoresearch.com.br\/n\/uploads\/2024\/06\/1420x240-Banner-Artigos-1-_-Banner-Materias-3.png\"\n\t\t\t\t>\n\t\t\t<\/picture>\n\t\t<\/a>\n\t<\/p>\n\n\n<p>Mesmo assim o presidente admitiu que a proposta inicial sofrer\u00e1 mudan\u00e7as. &#8220;O Parlamento \u00e9 soberano para fazer polimentos, tirar alguma coisa. Eu gostaria que passasse como chegou, mas n\u00f3s sabemos que vai ter mudan\u00e7as. N\u00e3o existe projeto que n\u00e3o tem mudan\u00e7a, \u00e9 coisa rara isso, ainda mais num projeto amplo como o da Previd\u00eancia&#8221;.<\/p>\n<p>De acordo com Bolsonaro, a\u00a0&#8220;boa previd\u00eancia \u00e9 aquela que passa&#8221;.<\/p>\n<p>Iniciando seu quarto m\u00eas de governo, <strong>Bolsonaro<\/strong> ainda n\u00e3o conquistou uma base parlamentar organizada. Amostra disso foi a troca de farpas entre ele e o presidente da C\u00e2mara dos Deputados, <strong>Rodrigo Maia<\/strong>. O desentendimento aconteceu por conta das acusa\u00e7\u00f5es de falta de articula\u00e7\u00e3o na reforma por parte do <strong>governo<\/strong>.<\/p>\n","protected":false},"excerpt":{"rendered":"<p>O presidente Jair Bolsonaro est\u00e1 recebendo lideran\u00e7as partid\u00e1rias no Pal\u00e1cio do Planalto, nesta quinta-feira (4). Governo prepara pacote de medidas para caminhoneiros At\u00e9 o momento se reuniram com Bolsonaro: Presidente do PRB &#8211; Marcos Pereira Presidente do PSD &#8211; Gilberto Kassab Presidente do PSDB &#8211; Geraldo Alckmin [optin-monster-shortcode id=&#8221;npkxlwaleraa8psvnego&#8221;] No entanto, ainda est\u00e1 previsto que [&hellip;]<\/p>\n","protected":false},"author":11,"featured_media":19982,"comment_status":"closed","ping_status":"closed","sticky":false,"template":"","format":"standard","meta":[],"categories":[61],"tags":[719],"suno_strategy":[],"class_list":["post-19977","post","type-post","status-publish","format-standard","has-post-thumbnail","hentry","category-politica","tag-jair-bolsonaro"],"yoast_head":"<!-- This site is optimized with the Yoast SEO plugin v24.4 - https:\/\/yoast.com\/wordpress\/plugins\/seo\/ -->\n<title>Bolsonaro e lideran\u00e7as partid\u00e1rias se re\u00fanem no Pal\u00e1cio do Planalto<\/title>\n<meta name=\"description\" content=\"Seguindo a fala de &quot;jogar pesado&quot; na Previd\u00eancia, Bolsonaro se re\u00fanem com presidentes de partidos para falar da reforma. Clique e saiba mais.\" \/>\n<meta name=\"robots\" content=\"index, follow, max-snippet:-1, max-image-preview:large, max-video-preview:-1\" \/>\n<link rel=\"canonical\" href=\"https:\/\/www.suno.com.br\/noticias\/bolsonaro-liderancas-reunem-palacio\/\" \/>\n<meta property=\"og:locale\" content=\"pt_BR\" \/>\n<meta property=\"og:type\" content=\"article\" \/>\n<meta property=\"og:title\" content=\"Bolsonaro e lideran\u00e7as partid\u00e1rias se re\u00fanem no Pal\u00e1cio do Planalto\" \/>\n<meta property=\"og:description\" content=\"Seguindo a fala de &quot;jogar pesado&quot; na Previd\u00eancia, Bolsonaro se re\u00fanem com presidentes de partidos para falar da reforma. Clique e saiba mais.\" \/>\n<meta property=\"og:url\" content=\"https:\/\/www.suno.com.br\/noticias\/bolsonaro-liderancas-reunem-palacio\/\" \/>\n<meta property=\"og:site_name\" content=\"Suno Not\u00edcias\" \/>\n<meta property=\"article:publisher\" content=\"https:\/\/facebook.com\/sunoresearch\" \/>\n<meta property=\"og:image\" content=\"https:\/\/files.sunoresearch.com.br\/n\/uploads\/2019\/04\/00bb0a94-bolsonaro.jpg\" \/>\n\t<meta property=\"og:image:width\" content=\"1140\" \/>\n\t<meta property=\"og:image:height\" content=\"760\" \/>\n\t<meta property=\"og:image:type\" content=\"image\/jpeg\" \/>\n<meta name=\"author\" content=\"Renan Bandeira\" \/>\n<meta name=\"twitter:card\" content=\"summary_large_image\" \/>\n<meta name=\"twitter:creator\" content=\"@sunoresearch\" \/>\n<meta name=\"twitter:site\" content=\"@sunoresearch\" \/>\n<meta name=\"twitter:label1\" content=\"Escrito por\" \/>\n\t<meta name=\"twitter:data1\" content=\"Renan Bandeira\" \/>\n\t<meta name=\"twitter:label2\" content=\"Est. tempo de leitura\" \/>\n\t<meta name=\"twitter:data2\" content=\"2 minutos\" \/>\n<script type=\"application\/ld+json\" class=\"yoast-schema-graph\">{\"@context\":\"https:\/\/schema.org\",\"@graph\":[{\"@type\":\"NewsArticle\",\"@id\":\"https:\/\/www.suno.com.br\/noticias\/bolsonaro-liderancas-reunem-palacio\/#article\",\"isPartOf\":{\"@id\":\"https:\/\/www.suno.com.br\/noticias\/bolsonaro-liderancas-reunem-palacio\/\"},\"author\":{\"name\":\"Renan Bandeira\",\"@id\":\"https:\/\/www.suno.com.br\/noticias\/#\/schema\/person\/fc144a1c6108bd1dcd43784e88a3c138\"},\"headline\":\"Bolsonaro e lideran\u00e7as partid\u00e1rias se re\u00fanem no Pal\u00e1cio do Planalto\",\"datePublished\":\"2019-04-04T15:20:03+00:00\",\"mainEntityOfPage\":{\"@id\":\"https:\/\/www.suno.com.br\/noticias\/bolsonaro-liderancas-reunem-palacio\/\"},\"wordCount\":373,\"publisher\":{\"@id\":\"https:\/\/www.suno.com.br\/noticias\/#organization\"},\"image\":{\"@id\":\"https:\/\/www.suno.com.br\/noticias\/bolsonaro-liderancas-reunem-palacio\/#primaryimage\"},\"thumbnailUrl\":\"https:\/\/files.sunoresearch.com.br\/n\/uploads\/2019\/04\/00bb0a94-bolsonaro-jpg.webp\",\"keywords\":[\"Jair Bolsonaro\"],\"articleSection\":[\"Pol\u00edtica\"],\"inLanguage\":\"pt-BR\"},{\"@type\":\"WebPage\",\"@id\":\"https:\/\/www.suno.com.br\/noticias\/bolsonaro-liderancas-reunem-palacio\/\",\"url\":\"https:\/\/www.suno.com.br\/noticias\/bolsonaro-liderancas-reunem-palacio\/\",\"name\":\"Bolsonaro e lideran\u00e7as partid\u00e1rias se re\u00fanem no Pal\u00e1cio do Planalto\",\"isPartOf\":{\"@id\":\"https:\/\/www.suno.com.br\/noticias\/#website\"},\"primaryImageOfPage\":{\"@id\":\"https:\/\/www.suno.com.br\/noticias\/bolsonaro-liderancas-reunem-palacio\/#primaryimage\"},\"image\":{\"@id\":\"https:\/\/www.suno.com.br\/noticias\/bolsonaro-liderancas-reunem-palacio\/#primaryimage\"},\"thumbnailUrl\":\"https:\/\/files.sunoresearch.com.br\/n\/uploads\/2019\/04\/00bb0a94-bolsonaro-jpg.webp\",\"datePublished\":\"2019-04-04T15:20:03+00:00\",\"description\":\"Seguindo a fala de \\\"jogar pesado\\\" na Previd\u00eancia, Bolsonaro se re\u00fanem com presidentes de partidos para falar da reforma. Clique e saiba mais.\",\"breadcrumb\":{\"@id\":\"https:\/\/www.suno.com.br\/noticias\/bolsonaro-liderancas-reunem-palacio\/#breadcrumb\"},\"inLanguage\":\"pt-BR\",\"potentialAction\":[{\"@type\":\"ReadAction\",\"target\":[\"https:\/\/www.suno.com.br\/noticias\/bolsonaro-liderancas-reunem-palacio\/\"]}]},{\"@type\":\"ImageObject\",\"inLanguage\":\"pt-BR\",\"@id\":\"https:\/\/www.suno.com.br\/noticias\/bolsonaro-liderancas-reunem-palacio\/#primaryimage\",\"url\":\"https:\/\/files.sunoresearch.com.br\/n\/uploads\/2019\/04\/00bb0a94-bolsonaro-jpg.webp\",\"contentUrl\":\"https:\/\/files.sunoresearch.com.br\/n\/uploads\/2019\/04\/00bb0a94-bolsonaro-jpg.webp\",\"width\":1140,\"height\":760,\"caption\":\"Governo prepara pacote de medidas para caminhoneiros\"},{\"@type\":\"BreadcrumbList\",\"@id\":\"https:\/\/www.suno.com.br\/noticias\/bolsonaro-liderancas-reunem-palacio\/#breadcrumb\",\"itemListElement\":[{\"@type\":\"ListItem\",\"position\":1,\"name\":\"Not\u00edcias\",\"item\":\"https:\/\/www.suno.com.br\/noticias\/\"},{\"@type\":\"ListItem\",\"position\":2,\"name\":\"Pol\u00edtica\",\"item\":\"https:\/\/www.suno.com.br\/noticias\/politica\/\"},{\"@type\":\"ListItem\",\"position\":3,\"name\":\"Bolsonaro e lideran\u00e7as partid\u00e1rias se re\u00fanem no Pal\u00e1cio do Planalto\"}]},{\"@type\":\"WebSite\",\"@id\":\"https:\/\/www.suno.com.br\/noticias\/#website\",\"url\":\"https:\/\/www.suno.com.br\/noticias\/\",\"name\":\"Suno Not\u00edcias\",\"description\":\"Seu portal de informa\u00e7\u00e3o sobre o mundo dos investimentos\",\"publisher\":{\"@id\":\"https:\/\/www.suno.com.br\/noticias\/#organization\"},\"potentialAction\":[{\"@type\":\"SearchAction\",\"target\":{\"@type\":\"EntryPoint\",\"urlTemplate\":\"https:\/\/www.suno.com.br\/noticias\/?s={search_term_string}\"},\"query-input\":{\"@type\":\"PropertyValueSpecification\",\"valueRequired\":true,\"valueName\":\"search_term_string\"}}],\"inLanguage\":\"pt-BR\"},{\"@type\":\"Organization\",\"@id\":\"https:\/\/www.suno.com.br\/noticias\/#organization\",\"name\":\"Suno Not\u00edcias\",\"url\":\"https:\/\/www.suno.com.br\/noticias\/\",\"logo\":{\"@type\":\"ImageObject\",\"inLanguage\":\"pt-BR\",\"@id\":\"https:\/\/www.suno.com.br\/noticias\/#\/schema\/logo\/image\/\",\"url\":\"https:\/\/files.sunoresearch.com.br\/n\/uploads\/2021\/09\/suno-logo.png\",\"contentUrl\":\"https:\/\/files.sunoresearch.com.br\/n\/uploads\/2021\/09\/suno-logo.png\",\"width\":180,\"height\":180,\"caption\":\"Suno Not\u00edcias\"},\"image\":{\"@id\":\"https:\/\/www.suno.com.br\/noticias\/#\/schema\/logo\/image\/\"},\"sameAs\":[\"https:\/\/facebook.com\/sunoresearch\",\"https:\/\/x.com\/sunoresearch\",\"https:\/\/www.instagram.com\/suno\",\"https:\/\/www.linkedin.com\/company\/suno-research\/\",\"https:\/\/www.youtube.com\/c\/sunoresearch\"]},{\"@type\":\"Person\",\"@id\":\"https:\/\/www.suno.com.br\/noticias\/#\/schema\/person\/fc144a1c6108bd1dcd43784e88a3c138\",\"name\":\"Renan Bandeira\",\"image\":{\"@type\":\"ImageObject\",\"inLanguage\":\"pt-BR\",\"@id\":\"https:\/\/www.suno.com.br\/noticias\/#\/schema\/person\/image\/\",\"url\":\"https:\/\/secure.gravatar.com\/avatar\/68359cdb608f14f11bbefcb78f3fc747?s=96&r=g\",\"contentUrl\":\"https:\/\/secure.gravatar.com\/avatar\/68359cdb608f14f11bbefcb78f3fc747?s=96&r=g\",\"caption\":\"Renan Bandeira\"},\"description\":\"Renan Bandeira escreve sobre pol\u00edtica e economia para o portal da Suno Research. Antes da Suno, trabalhou em uma rede de televis\u00e3o, onde fazia reportagens sobre os mesmos temas. Estuda na Universidade Metodista de S\u00e3o Paulo.\",\"url\":\"https:\/\/www.suno.com.br\/noticias\/author\/renan-bandeira\/\"}]}<\/script>\n<!-- \/ Yoast SEO plugin. -->","yoast_head_json":{"title":"Bolsonaro e lideran\u00e7as partid\u00e1rias se re\u00fanem no Pal\u00e1cio do Planalto","description":"Seguindo a fala de \"jogar pesado\" na Previd\u00eancia, Bolsonaro se re\u00fanem com presidentes de partidos para falar da reforma. Clique e saiba mais.","robots":{"index":"index","follow":"follow","max-snippet":"max-snippet:-1","max-image-preview":"max-image-preview:large","max-video-preview":"max-video-preview:-1"},"canonical":"https:\/\/www.suno.com.br\/noticias\/bolsonaro-liderancas-reunem-palacio\/","og_locale":"pt_BR","og_type":"article","og_title":"Bolsonaro e lideran\u00e7as partid\u00e1rias se re\u00fanem no Pal\u00e1cio do Planalto","og_description":"Seguindo a fala de \"jogar pesado\" na Previd\u00eancia, Bolsonaro se re\u00fanem com presidentes de partidos para falar da reforma. Clique e saiba mais.","og_url":"https:\/\/www.suno.com.br\/noticias\/bolsonaro-liderancas-reunem-palacio\/","og_site_name":"Suno Not\u00edcias","article_publisher":"https:\/\/facebook.com\/sunoresearch","og_image":[{"width":1140,"height":760,"url":"https:\/\/files.sunoresearch.com.br\/n\/uploads\/2019\/04\/00bb0a94-bolsonaro.jpg","type":"image\/jpeg"}],"author":"Renan Bandeira","twitter_card":"summary_large_image","twitter_creator":"@sunoresearch","twitter_site":"@sunoresearch","twitter_misc":{"Escrito por":"Renan Bandeira","Est. tempo de leitura":"2 minutos"},"schema":{"@context":"https:\/\/schema.org","@graph":[{"@type":"NewsArticle","@id":"https:\/\/www.suno.com.br\/noticias\/bolsonaro-liderancas-reunem-palacio\/#article","isPartOf":{"@id":"https:\/\/www.suno.com.br\/noticias\/bolsonaro-liderancas-reunem-palacio\/"},"author":{"name":"Renan Bandeira","@id":"https:\/\/www.suno.com.br\/noticias\/#\/schema\/person\/fc144a1c6108bd1dcd43784e88a3c138"},"headline":"Bolsonaro e lideran\u00e7as partid\u00e1rias se re\u00fanem no Pal\u00e1cio do Planalto","datePublished":"2019-04-04T15:20:03+00:00","mainEntityOfPage":{"@id":"https:\/\/www.suno.com.br\/noticias\/bolsonaro-liderancas-reunem-palacio\/"},"wordCount":373,"publisher":{"@id":"https:\/\/www.suno.com.br\/noticias\/#organization"},"image":{"@id":"https:\/\/www.suno.com.br\/noticias\/bolsonaro-liderancas-reunem-palacio\/#primaryimage"},"thumbnailUrl":"https:\/\/files.sunoresearch.com.br\/n\/uploads\/2019\/04\/00bb0a94-bolsonaro-jpg.webp","keywords":["Jair Bolsonaro"],"articleSection":["Pol\u00edtica"],"inLanguage":"pt-BR"},{"@type":"WebPage","@id":"https:\/\/www.suno.com.br\/noticias\/bolsonaro-liderancas-reunem-palacio\/","url":"https:\/\/www.suno.com.br\/noticias\/bolsonaro-liderancas-reunem-palacio\/","name":"Bolsonaro e lideran\u00e7as partid\u00e1rias se re\u00fanem no Pal\u00e1cio do Planalto","isPartOf":{"@id":"https:\/\/www.suno.com.br\/noticias\/#website"},"primaryImageOfPage":{"@id":"https:\/\/www.suno.com.br\/noticias\/bolsonaro-liderancas-reunem-palacio\/#primaryimage"},"image":{"@id":"https:\/\/www.suno.com.br\/noticias\/bolsonaro-liderancas-reunem-palacio\/#primaryimage"},"thumbnailUrl":"https:\/\/files.sunoresearch.com.br\/n\/uploads\/2019\/04\/00bb0a94-bolsonaro-jpg.webp","datePublished":"2019-04-04T15:20:03+00:00","description":"Seguindo a fala de \"jogar pesado\" na Previd\u00eancia, Bolsonaro se re\u00fanem com presidentes de partidos para falar da reforma. Clique e saiba mais.","breadcrumb":{"@id":"https:\/\/www.suno.com.br\/noticias\/bolsonaro-liderancas-reunem-palacio\/#breadcrumb"},"inLanguage":"pt-BR","potentialAction":[{"@type":"ReadAction","target":["https:\/\/www.suno.com.br\/noticias\/bolsonaro-liderancas-reunem-palacio\/"]}]},{"@type":"ImageObject","inLanguage":"pt-BR","@id":"https:\/\/www.suno.com.br\/noticias\/bolsonaro-liderancas-reunem-palacio\/#primaryimage","url":"https:\/\/files.sunoresearch.com.br\/n\/uploads\/2019\/04\/00bb0a94-bolsonaro-jpg.webp","contentUrl":"https:\/\/files.sunoresearch.com.br\/n\/uploads\/2019\/04\/00bb0a94-bolsonaro-jpg.webp","width":1140,"height":760,"caption":"Governo prepara pacote de medidas para caminhoneiros"},{"@type":"BreadcrumbList","@id":"https:\/\/www.suno.com.br\/noticias\/bolsonaro-liderancas-reunem-palacio\/#breadcrumb","itemListElement":[{"@type":"ListItem","position":1,"name":"Not\u00edcias","item":"https:\/\/www.suno.com.br\/noticias\/"},{"@type":"ListItem","position":2,"name":"Pol\u00edtica","item":"https:\/\/www.suno.com.br\/noticias\/politica\/"},{"@type":"ListItem","position":3,"name":"Bolsonaro e lideran\u00e7as partid\u00e1rias se re\u00fanem no Pal\u00e1cio do Planalto"}]},{"@type":"WebSite","@id":"https:\/\/www.suno.com.br\/noticias\/#website","url":"https:\/\/www.suno.com.br\/noticias\/","name":"Suno Not\u00edcias","description":"Seu portal de informa\u00e7\u00e3o sobre o mundo dos investimentos","publisher":{"@id":"https:\/\/www.suno.com.br\/noticias\/#organization"},"potentialAction":[{"@type":"SearchAction","target":{"@type":"EntryPoint","urlTemplate":"https:\/\/www.suno.com.br\/noticias\/?s={search_term_string}"},"query-input":{"@type":"PropertyValueSpecification","valueRequired":true,"valueName":"search_term_string"}}],"inLanguage":"pt-BR"},{"@type":"Organization","@id":"https:\/\/www.suno.com.br\/noticias\/#organization","name":"Suno Not\u00edcias","url":"https:\/\/www.suno.com.br\/noticias\/","logo":{"@type":"ImageObject","inLanguage":"pt-BR","@id":"https:\/\/www.suno.com.br\/noticias\/#\/schema\/logo\/image\/","url":"https:\/\/files.sunoresearch.com.br\/n\/uploads\/2021\/09\/suno-logo.png","contentUrl":"https:\/\/files.sunoresearch.com.br\/n\/uploads\/2021\/09\/suno-logo.png","width":180,"height":180,"caption":"Suno Not\u00edcias"},"image":{"@id":"https:\/\/www.suno.com.br\/noticias\/#\/schema\/logo\/image\/"},"sameAs":["https:\/\/facebook.com\/sunoresearch","https:\/\/x.com\/sunoresearch","https:\/\/www.instagram.com\/suno","https:\/\/www.linkedin.com\/company\/suno-research\/","https:\/\/www.youtube.com\/c\/sunoresearch"]},{"@type":"Person","@id":"https:\/\/www.suno.com.br\/noticias\/#\/schema\/person\/fc144a1c6108bd1dcd43784e88a3c138","name":"Renan Bandeira","image":{"@type":"ImageObject","inLanguage":"pt-BR","@id":"https:\/\/www.suno.com.br\/noticias\/#\/schema\/person\/image\/","url":"https:\/\/secure.gravatar.com\/avatar\/68359cdb608f14f11bbefcb78f3fc747?s=96&r=g","contentUrl":"https:\/\/secure.gravatar.com\/avatar\/68359cdb608f14f11bbefcb78f3fc747?s=96&r=g","caption":"Renan Bandeira"},"description":"Renan Bandeira escreve sobre pol\u00edtica e economia para o portal da Suno Research. Antes da Suno, trabalhou em uma rede de televis\u00e3o, onde fazia reportagens sobre os mesmos temas. Estuda na Universidade Metodista de S\u00e3o Paulo.","url":"https:\/\/www.suno.com.br\/noticias\/author\/renan-bandeira\/"}]}},"default_loop_html":"<div class=\"cardsPage__listCard__boxs\"><div class=\"cardsPage__listCard__boxs__img\"><a href=\"https:\/\/www.suno.com.br\/noticias\/bolsonaro-liderancas-reunem-palacio\/\"><img class=\"mask\" src=\"https:\/\/www.suno.com.br\/noticias\/wp-content\/themes\/suno\/resources\/images\/spotlight\/spotlight1img\/bg-mask.png\" alt=\"Image Mask\"\/><img src=\"https:\/\/files.sunoresearch.com.br\/n\/uploads\/2019\/04\/00bb0a94-bolsonaro-400x200.webp\" alt=\"Bolsonaro e lideran\u00e7as partid\u00e1rias se re\u00fanem no Pal\u00e1cio do Planalto\"\/><\/a><span class=\"spotlightCategory\"><a href=\"https:\/\/www.suno.com.br\/noticias\/politica\/\">Pol\u00edtica<\/a><\/span><\/div><div class=\"cardsPage__listCard__boxs__content\"><a href=\"https:\/\/www.suno.com.br\/noticias\/bolsonaro-liderancas-reunem-palacio\/\"><h2 class=\"content__title\">Bolsonaro e lideran\u00e7as partid\u00e1rias se re\u00fanem no Pal\u00e1cio do Planalto<\/h2><\/a><div class=\"newsContent__article__meta\"><div class=\"newsContent__article__meta__authorBox\"><a href=\"https:\/\/www.suno.com.br\/noticias\/author\/renan-bandeira\/\" class=\"authorBox__avatar noMobi\"><img src=\"https:\/\/secure.gravatar.com\/avatar\/68359cdb608f14f11bbefcb78f3fc747?s=96&#038;r=g\" alt=\"Renan Bandeira\"><\/a><div class=\"authorBox__name\"><span>por\n\t\t\t<a href=\"https:\/\/www.suno.com.br\/noticias\/author\/renan-bandeira\/\"><span itemprop=\"author\">Renan Bandeira<\/span><\/a><\/span><time datetime=\"2019-04-04T12:20:03-03:00\" itemprop=\"datePublished\">04\/04\/2019 12:20<\/time><\/div><\/div><\/div><\/div><\/div>","single_layout":"posts","amp_enabled":true,"_links":{"self":[{"href":"https:\/\/www.suno.com.br\/noticias\/wp-json\/wp\/v2\/posts\/19977"}],"collection":[{"href":"https:\/\/www.suno.com.br\/noticias\/wp-json\/wp\/v2\/posts"}],"about":[{"href":"https:\/\/www.suno.com.br\/noticias\/wp-json\/wp\/v2\/types\/post"}],"author":[{"embeddable":true,"href":"https:\/\/www.suno.com.br\/noticias\/wp-json\/wp\/v2\/users\/11"}],"replies":[{"embeddable":true,"href":"https:\/\/www.suno.com.br\/noticias\/wp-json\/wp\/v2\/comments?post=19977"}],"version-history":[{"count":0,"href":"https:\/\/www.suno.com.br\/noticias\/wp-json\/wp\/v2\/posts\/19977\/revisions"}],"wp:featuredmedia":[{"embeddable":true,"href":"https:\/\/www.suno.com.br\/noticias\/wp-json\/wp\/v2\/media\/19982"}],"wp:attachment":[{"href":"https:\/\/www.suno.com.br\/noticias\/wp-json\/wp\/v2\/media?parent=19977"}],"wp:term":[{"taxonomy":"category","embeddable":true,"href":"https:\/\/www.suno.com.br\/noticias\/wp-json\/wp\/v2\/categories?post=19977"},{"taxonomy":"post_tag","embeddable":true,"href":"https:\/\/www.suno.com.br\/noticias\/wp-json\/wp\/v2\/tags?post=19977"},{"taxonomy":"suno_strategy","embeddable":true,"href":"https:\/\/www.suno.com.br\/noticias\/wp-json\/wp\/v2\/suno_strategy?post=19977"}],"curies":[{"name":"wp","href":"https:\/\/api.w.org\/{rel}","templated":true}]}}