{"id":19975,"date":"2019-04-04T11:44:25","date_gmt":"2019-04-04T14:44:25","guid":{"rendered":"https:\/\/www.suno.com.br\/noticias\/?p=19975"},"modified":"2019-04-04T16:30:24","modified_gmt":"2019-04-04T19:30:24","slug":"cvm-acusa-graca-foster-abreu-lima","status":"publish","type":"post","link":"https:\/\/www.suno.com.br\/noticias\/cvm-acusa-graca-foster-abreu-lima\/","title":{"rendered":"CVM acusa Gra\u00e7a Foster de interverir em investiga\u00e7\u00e3o sobre Abreu e Lima"},"content":{"rendered":"<p>A <strong>Comiss\u00e3o de Valores Mobili\u00e1rios (CVM)<\/strong> apontou ind\u00edcios contra a ex-presidente da Petrobras, <strong>Gra\u00e7a Foster.<\/strong> Segundo o \u00f3rg\u00e3o, a ex-executiva interferiu indevidamente na atua\u00e7\u00e3o da <strong>Comiss\u00e3o Interna de Investiga\u00e7\u00e3o (CIA)<\/strong> da estatal petrol\u00edfera. A Comiss\u00e3o tinha sido criada para verificar eventuais irregularidades na constru\u00e7\u00e3o da <strong>Refinaria Abreu e Lima<\/strong>, em Pernambuco.<\/p>\t<div class=\"wrapper-featured-image\">\n\t\t<figure class=\"spotlightImg\">\n\n\t\t\t<picture>\n\t\t\t\t<source media=\"(max-width: 768px)\" srcset=\"https:\/\/files.sunoresearch.com.br\/n\/uploads\/2019\/04\/6165caa1-gra\u00e7a-foster-petrobras-400x200.webp\">\n\t\t\t\t<img loading=\"lazy\" decoding=\"async\" class=\"newsContent__article__imgCapa lazyloadDisabled newsContent__article__imgCapa--noCaption\" src=\"https:\/\/files.sunoresearch.com.br\/n\/uploads\/2019\/04\/6165caa1-gra\u00e7a-foster-petrobras-800x450.webp\" width=\"800\" height=\"450\" alt=\"CVM acusa Gra\u00e7a Foster de interverir em investiga\u00e7\u00e3o sobre Abreu e Lima\" fetchpriority=high \/>\n\t\t\t<\/picture>\n\n\t\t\t<figcaption class=\"wp-caption-text wp-caption-text--hide\">Gra\u00e7a Foster encobriu irregularidades de contratos da Petrobras, segundo Pol\u00edcia Federal<\/figcaption>\n\t\t<\/figure>\n\t<\/div>\n\n\n<div>[optin-monster-shortcode id=&#8221;npkxlwaleraa8psvnego&#8221;]<\/div>\n<p>Segundo o relat\u00f3rio da <strong>CVM, Foster<\/strong> teria interferido nos trabalhos da comiss\u00e3o sobre as obras da <strong>Petrobras.<\/strong> No relat\u00f3rio final apresentado pela <strong>CIA,<\/strong> v\u00e1rias irregularidades teriam sido omitidas. Entre os ind\u00edcios est\u00e1 at\u00e9 a dimens\u00e3o do documento. A\u00a0minuta que precedeu o relat\u00f3rio possu\u00eda 63 p\u00e1ginas, enquanto o relat\u00f3rio final apresentado apenas 28. As informa\u00e7\u00f5es s\u00e3o da &#8220;Folha de S.Paulo&#8221;.<\/p>\n<p><a href=\"https:\/\/www.suno.com.br\/noticias\/petrobras-refinaria-pasadena-chevron\/\">Saiba mais: Petrobras: compra da refinaria em Pasadena pela Chevron \u00e9 interrompida\u00a0<\/a><\/p>\n<p>Segundo a CVM, se\u00e7\u00f5es inteiras foram suprimidas do documento final. Entre elas, uma mencionava a autoriza\u00e7\u00e3o de Foster para uma nova fase de constru\u00e7\u00e3o da refinaria. Isso apesar dos alertas apresentados pelas \u00e1reas t\u00e9cnicas da <strong>Petrobras<\/strong> sobre a viabilidade financeira do projeto. Outro trecho que desapareceu foi aquele que analisava contratos, e que acabou apontando n\u00e3o conformidades em aditivos.<\/p>\n<p style=\"text-align: center;\"><iframe loading=\"lazy\" src=\"https:\/\/www.youtube.com\/embed\/75nurK-jk8Q\" width=\"560\" height=\"315\" frameborder=\"0\" allowfullscreen=\"allowfullscreen\"><\/iframe><\/p>\n<p>Segundo membros do conselho, Foster teria atuado diretamente nas reuni\u00f5es da CIA atrav\u00e9s de seus assessores. Eles teriam sugerido altera\u00e7\u00f5es no relat\u00f3rio final, salientando como os trechos fugiriam do escopo da comiss\u00e3o.<\/p>\n<p>Al\u00e9m disso, funcion\u00e1rios informaram a <strong>CVM<\/strong> relatam que uma vers\u00e3o da minuta com anota\u00e7\u00f5es em caligrafia identificada como a de <strong>Foster<\/strong> foi apresentada nas reuni\u00f5es do conselho. Teriam sido os pr\u00f3prios assessores da ent\u00e3o presidente da companhia a levar para as reuni\u00f5es os documentos modificados. Isso mesmo se a ex-executiva n\u00e3o deveria ter acesso a eles.<\/p>\n<div>\t<p>\n\t\t<a href=\"https:\/\/lp.suno.com.br\/ao\/cadastro-whatsapp\/\" target=\"_blank\" data-element=\"shortcode-suno-banner\" title=\"Banner SUNO, clique e saiba mais\">\n\t\t\t<picture>\n\t\t\t\t<source media=\"(max-width: 500px)\" srcset=\"https:\/\/files.sunoresearch.com.br\/n\/uploads\/2024\/03\/400x300-whatsapp-Suno.png\">\n\t\t\t\t<img class=\"newsContent__article__imgCapa newsContent__article__imgCapa--banner\"\n\t\t\t\t\tsrc=\"https:\/\/files.sunoresearch.com.br\/n\/uploads\/2024\/03\/1420x240-whatsapp-Suno.png\"\n\t\t\t\t\tdata-promo-id=\"101743\"\t\t\t\t\t\t\t\t\t\twidth='1420' height='240'\t\t\t\t\talt=\"https:\/\/files.sunoresearch.com.br\/n\/uploads\/2024\/03\/1420x240-whatsapp-Suno.png\"\n\t\t\t\t>\n\t\t\t<\/picture>\n\t\t<\/a>\n\t<\/p>\n\n<\/div>\n<p>Segundo a CVM, Foster impediu uma an\u00e1lise aprofundada das quest\u00f5es consideradas relevantes pela comiss\u00e3o. Dessa forma ela teria atuado contra os interesses da Petrobr\u00e1s.<\/p>\n<p><a href=\"https:\/\/www.suno.com.br\/noticias\/petrobras-perderao-direito-privatizacoes\/\">Saiba mais:\u00a0Petrobras: acionistas minorit\u00e1rios perder\u00e3o direito de opinar sobre privatiza\u00e7\u00f5es\u00a0<\/a><\/p>\n<p>O relat\u00f3rio responsabiliza a ex-executiva, junto ao Conselho de Administra\u00e7\u00e3o, pelo preju\u00edzos na constru\u00e7\u00e3o da <strong>refinaria Abreu e Lima<\/strong>.<\/p>\n<h2>Obra sobrefaturada<\/h2>\n<p>A refinaria Abreu e Lima passou de um custo estimado de US$ 4,1 bilh\u00f5es em 2009,\u00a0quando o projeto passou para a fase de execu\u00e7\u00e3o, para US$ 13,3 bilh\u00f5es em 2011.<\/p>\n<p>A <strong>CIA<\/strong> foi instaurada em abril de 2014, ap\u00f3s den\u00fancias de irregularidades apresentadas na <strong>opera\u00e7\u00e3o Lava Jato<\/strong>. O objetivo da Comiss\u00e3o era verificar ind\u00edcios ou ocorr\u00eancias contra a for\u00e7a de trabalho ou patrim\u00f4nio da <strong>Petrobras.<\/strong><\/p>\n","protected":false},"excerpt":{"rendered":"<p>A Comiss\u00e3o de Valores Mobili\u00e1rios (CVM) apontou ind\u00edcios contra a ex-presidente da Petrobras, Gra\u00e7a Foster. Segundo o \u00f3rg\u00e3o, a ex-executiva interferiu indevidamente na atua\u00e7\u00e3o da Comiss\u00e3o Interna de Investiga\u00e7\u00e3o (CIA) da estatal petrol\u00edfera. A Comiss\u00e3o tinha sido criada para verificar eventuais irregularidades na constru\u00e7\u00e3o da Refinaria Abreu e Lima, em Pernambuco. Gra\u00e7a Foster encobriu irregularidades [&hellip;]<\/p>\n","protected":false},"author":9,"featured_media":19978,"comment_status":"closed","ping_status":"closed","sticky":false,"template":"","format":"standard","meta":[],"categories":[64],"tags":[902,595],"suno_strategy":[],"class_list":["post-19975","post","type-post","status-publish","format-standard","has-post-thumbnail","hentry","category-negocios","tag-comissao-de-valores-mobiliarios-cvm","tag-petrobras-petr4"],"yoast_head":"<!-- This site is optimized with the Yoast SEO plugin v24.4 - https:\/\/yoast.com\/wordpress\/plugins\/seo\/ -->\n<title>CVM acusa Gra\u00e7a Foster de interverir em investiga\u00e7\u00e3o sobre Abreu e Lima<\/title>\n<meta name=\"description\" content=\"A CVM apontou ind\u00edcios contra a ex-presidente da Petrobras por irregularidades na constru\u00e7\u00e3o da refinaria. Clique aqui para saber mais.\" \/>\n<meta name=\"robots\" content=\"index, follow, max-snippet:-1, max-image-preview:large, max-video-preview:-1\" \/>\n<link rel=\"canonical\" href=\"https:\/\/www.suno.com.br\/noticias\/cvm-acusa-graca-foster-abreu-lima\/\" \/>\n<meta property=\"og:locale\" content=\"pt_BR\" \/>\n<meta property=\"og:type\" content=\"article\" \/>\n<meta property=\"og:title\" content=\"CVM acusa Gra\u00e7a Foster de interverir em investiga\u00e7\u00e3o sobre Abreu e Lima\" \/>\n<meta property=\"og:description\" content=\"A CVM apontou ind\u00edcios contra a ex-presidente da Petrobras por irregularidades na constru\u00e7\u00e3o da refinaria. Clique aqui para saber mais.\" \/>\n<meta property=\"og:url\" content=\"https:\/\/www.suno.com.br\/noticias\/cvm-acusa-graca-foster-abreu-lima\/\" \/>\n<meta property=\"og:site_name\" content=\"Suno Not\u00edcias\" \/>\n<meta property=\"article:publisher\" content=\"https:\/\/facebook.com\/sunoresearch\" \/>\n<meta property=\"og:image\" content=\"https:\/\/files.sunoresearch.com.br\/n\/uploads\/2019\/04\/6165caa1-gra\u00e7a-foster-petrobras.jpg\" \/>\n\t<meta property=\"og:image:width\" content=\"1920\" \/>\n\t<meta property=\"og:image:height\" content=\"1080\" \/>\n\t<meta property=\"og:image:type\" content=\"image\/jpeg\" \/>\n<meta name=\"author\" content=\"Carlo Cauti\" \/>\n<meta name=\"twitter:card\" content=\"summary_large_image\" \/>\n<meta name=\"twitter:creator\" content=\"@sunoresearch\" \/>\n<meta name=\"twitter:site\" content=\"@sunoresearch\" \/>\n<meta name=\"twitter:label1\" content=\"Escrito por\" \/>\n\t<meta name=\"twitter:data1\" content=\"Carlo Cauti\" \/>\n\t<meta name=\"twitter:label2\" content=\"Est. tempo de leitura\" \/>\n\t<meta name=\"twitter:data2\" content=\"2 minutos\" \/>\n<script type=\"application\/ld+json\" class=\"yoast-schema-graph\">{\"@context\":\"https:\/\/schema.org\",\"@graph\":[{\"@type\":\"NewsArticle\",\"@id\":\"https:\/\/www.suno.com.br\/noticias\/cvm-acusa-graca-foster-abreu-lima\/#article\",\"isPartOf\":{\"@id\":\"https:\/\/www.suno.com.br\/noticias\/cvm-acusa-graca-foster-abreu-lima\/\"},\"author\":{\"name\":\"Carlo Cauti\",\"@id\":\"https:\/\/www.suno.com.br\/noticias\/#\/schema\/person\/e6e0f723cc177805027f4566c1d5e0c8\"},\"headline\":\"CVM acusa Gra\u00e7a Foster de interverir em investiga\u00e7\u00e3o sobre Abreu e Lima\",\"datePublished\":\"2019-04-04T14:44:25+00:00\",\"dateModified\":\"2019-04-04T19:30:24+00:00\",\"mainEntityOfPage\":{\"@id\":\"https:\/\/www.suno.com.br\/noticias\/cvm-acusa-graca-foster-abreu-lima\/\"},\"wordCount\":470,\"publisher\":{\"@id\":\"https:\/\/www.suno.com.br\/noticias\/#organization\"},\"image\":{\"@id\":\"https:\/\/www.suno.com.br\/noticias\/cvm-acusa-graca-foster-abreu-lima\/#primaryimage\"},\"thumbnailUrl\":\"https:\/\/files.sunoresearch.com.br\/n\/uploads\/2019\/04\/6165caa1-gra\u00e7a-foster-petrobras-jpg.webp\",\"keywords\":[\"Comiss\u00e3o de Valores Mobili\u00e1rios (CVM)\",\"Petrobras (PETR4)\"],\"articleSection\":[\"Neg\u00f3cios\"],\"inLanguage\":\"pt-BR\"},{\"@type\":\"WebPage\",\"@id\":\"https:\/\/www.suno.com.br\/noticias\/cvm-acusa-graca-foster-abreu-lima\/\",\"url\":\"https:\/\/www.suno.com.br\/noticias\/cvm-acusa-graca-foster-abreu-lima\/\",\"name\":\"CVM acusa Gra\u00e7a Foster de interverir em investiga\u00e7\u00e3o sobre Abreu e Lima\",\"isPartOf\":{\"@id\":\"https:\/\/www.suno.com.br\/noticias\/#website\"},\"primaryImageOfPage\":{\"@id\":\"https:\/\/www.suno.com.br\/noticias\/cvm-acusa-graca-foster-abreu-lima\/#primaryimage\"},\"image\":{\"@id\":\"https:\/\/www.suno.com.br\/noticias\/cvm-acusa-graca-foster-abreu-lima\/#primaryimage\"},\"thumbnailUrl\":\"https:\/\/files.sunoresearch.com.br\/n\/uploads\/2019\/04\/6165caa1-gra\u00e7a-foster-petrobras-jpg.webp\",\"datePublished\":\"2019-04-04T14:44:25+00:00\",\"dateModified\":\"2019-04-04T19:30:24+00:00\",\"description\":\"A CVM apontou ind\u00edcios contra a ex-presidente da Petrobras por irregularidades na constru\u00e7\u00e3o da refinaria. Clique aqui para saber mais.\",\"breadcrumb\":{\"@id\":\"https:\/\/www.suno.com.br\/noticias\/cvm-acusa-graca-foster-abreu-lima\/#breadcrumb\"},\"inLanguage\":\"pt-BR\",\"potentialAction\":[{\"@type\":\"ReadAction\",\"target\":[\"https:\/\/www.suno.com.br\/noticias\/cvm-acusa-graca-foster-abreu-lima\/\"]}]},{\"@type\":\"ImageObject\",\"inLanguage\":\"pt-BR\",\"@id\":\"https:\/\/www.suno.com.br\/noticias\/cvm-acusa-graca-foster-abreu-lima\/#primaryimage\",\"url\":\"https:\/\/files.sunoresearch.com.br\/n\/uploads\/2019\/04\/6165caa1-gra\u00e7a-foster-petrobras-jpg.webp\",\"contentUrl\":\"https:\/\/files.sunoresearch.com.br\/n\/uploads\/2019\/04\/6165caa1-gra\u00e7a-foster-petrobras-jpg.webp\",\"width\":1920,\"height\":1080,\"caption\":\"Gra\u00e7a Foster encobriu irregularidades de contratos da Petrobras, segundo Pol\u00edcia Federal\"},{\"@type\":\"BreadcrumbList\",\"@id\":\"https:\/\/www.suno.com.br\/noticias\/cvm-acusa-graca-foster-abreu-lima\/#breadcrumb\",\"itemListElement\":[{\"@type\":\"ListItem\",\"position\":1,\"name\":\"Not\u00edcias\",\"item\":\"https:\/\/www.suno.com.br\/noticias\/\"},{\"@type\":\"ListItem\",\"position\":2,\"name\":\"Neg\u00f3cios\",\"item\":\"https:\/\/www.suno.com.br\/noticias\/negocios\/\"},{\"@type\":\"ListItem\",\"position\":3,\"name\":\"CVM acusa Gra\u00e7a Foster de interverir em investiga\u00e7\u00e3o sobre Abreu e Lima\"}]},{\"@type\":\"WebSite\",\"@id\":\"https:\/\/www.suno.com.br\/noticias\/#website\",\"url\":\"https:\/\/www.suno.com.br\/noticias\/\",\"name\":\"Suno Not\u00edcias\",\"description\":\"Seu portal de informa\u00e7\u00e3o sobre o mundo dos investimentos\",\"publisher\":{\"@id\":\"https:\/\/www.suno.com.br\/noticias\/#organization\"},\"potentialAction\":[{\"@type\":\"SearchAction\",\"target\":{\"@type\":\"EntryPoint\",\"urlTemplate\":\"https:\/\/www.suno.com.br\/noticias\/?s={search_term_string}\"},\"query-input\":{\"@type\":\"PropertyValueSpecification\",\"valueRequired\":true,\"valueName\":\"search_term_string\"}}],\"inLanguage\":\"pt-BR\"},{\"@type\":\"Organization\",\"@id\":\"https:\/\/www.suno.com.br\/noticias\/#organization\",\"name\":\"Suno Not\u00edcias\",\"url\":\"https:\/\/www.suno.com.br\/noticias\/\",\"logo\":{\"@type\":\"ImageObject\",\"inLanguage\":\"pt-BR\",\"@id\":\"https:\/\/www.suno.com.br\/noticias\/#\/schema\/logo\/image\/\",\"url\":\"https:\/\/files.sunoresearch.com.br\/n\/uploads\/2021\/09\/suno-logo.png\",\"contentUrl\":\"https:\/\/files.sunoresearch.com.br\/n\/uploads\/2021\/09\/suno-logo.png\",\"width\":180,\"height\":180,\"caption\":\"Suno Not\u00edcias\"},\"image\":{\"@id\":\"https:\/\/www.suno.com.br\/noticias\/#\/schema\/logo\/image\/\"},\"sameAs\":[\"https:\/\/facebook.com\/sunoresearch\",\"https:\/\/x.com\/sunoresearch\",\"https:\/\/www.instagram.com\/suno\",\"https:\/\/www.linkedin.com\/company\/suno-research\/\",\"https:\/\/www.youtube.com\/c\/sunoresearch\"]},{\"@type\":\"Person\",\"@id\":\"https:\/\/www.suno.com.br\/noticias\/#\/schema\/person\/e6e0f723cc177805027f4566c1d5e0c8\",\"name\":\"Carlo Cauti\",\"image\":{\"@type\":\"ImageObject\",\"inLanguage\":\"pt-BR\",\"@id\":\"https:\/\/www.suno.com.br\/noticias\/#\/schema\/person\/image\/\",\"url\":\"https:\/\/secure.gravatar.com\/avatar\/3ada9e0bd164c23abd4792a9606d583c?s=96&r=g\",\"contentUrl\":\"https:\/\/secure.gravatar.com\/avatar\/3ada9e0bd164c23abd4792a9606d583c?s=96&r=g\",\"caption\":\"Carlo Cauti\"},\"description\":\"Editor multim\u00eddia do SUNO Not\u00edcias. Italiano, formado em Ci\u00eancias Pol\u00edticas pela universidade LUISS G. Carli de Roma e mestre cum laude em Rela\u00e7\u00f5es Internacionais, Jornalismo Internacional e de Guerra e em Economia Internacional. Concluiu tamb\u00e9m um MBA em Finan\u00e7as na B3. No Brasil, teve passagem por ve\u00edculos como Estad\u00e3o, Globo, Veja e EXAME. e nas ag\u00eancias de not\u00edcias italianas ANSA e NOVA.\",\"url\":\"https:\/\/www.suno.com.br\/noticias\/author\/carlo-cauti\/\"}]}<\/script>\n<!-- \/ Yoast SEO plugin. -->","yoast_head_json":{"title":"CVM acusa Gra\u00e7a Foster de interverir em investiga\u00e7\u00e3o sobre Abreu e Lima","description":"A CVM apontou ind\u00edcios contra a ex-presidente da Petrobras por irregularidades na constru\u00e7\u00e3o da refinaria. Clique aqui para saber mais.","robots":{"index":"index","follow":"follow","max-snippet":"max-snippet:-1","max-image-preview":"max-image-preview:large","max-video-preview":"max-video-preview:-1"},"canonical":"https:\/\/www.suno.com.br\/noticias\/cvm-acusa-graca-foster-abreu-lima\/","og_locale":"pt_BR","og_type":"article","og_title":"CVM acusa Gra\u00e7a Foster de interverir em investiga\u00e7\u00e3o sobre Abreu e Lima","og_description":"A CVM apontou ind\u00edcios contra a ex-presidente da Petrobras por irregularidades na constru\u00e7\u00e3o da refinaria. Clique aqui para saber mais.","og_url":"https:\/\/www.suno.com.br\/noticias\/cvm-acusa-graca-foster-abreu-lima\/","og_site_name":"Suno Not\u00edcias","article_publisher":"https:\/\/facebook.com\/sunoresearch","og_image":[{"width":1920,"height":1080,"url":"https:\/\/files.sunoresearch.com.br\/n\/uploads\/2019\/04\/6165caa1-gra\u00e7a-foster-petrobras.jpg","type":"image\/jpeg"}],"author":"Carlo Cauti","twitter_card":"summary_large_image","twitter_creator":"@sunoresearch","twitter_site":"@sunoresearch","twitter_misc":{"Escrito por":"Carlo Cauti","Est. tempo de leitura":"2 minutos"},"schema":{"@context":"https:\/\/schema.org","@graph":[{"@type":"NewsArticle","@id":"https:\/\/www.suno.com.br\/noticias\/cvm-acusa-graca-foster-abreu-lima\/#article","isPartOf":{"@id":"https:\/\/www.suno.com.br\/noticias\/cvm-acusa-graca-foster-abreu-lima\/"},"author":{"name":"Carlo Cauti","@id":"https:\/\/www.suno.com.br\/noticias\/#\/schema\/person\/e6e0f723cc177805027f4566c1d5e0c8"},"headline":"CVM acusa Gra\u00e7a Foster de interverir em investiga\u00e7\u00e3o sobre Abreu e Lima","datePublished":"2019-04-04T14:44:25+00:00","dateModified":"2019-04-04T19:30:24+00:00","mainEntityOfPage":{"@id":"https:\/\/www.suno.com.br\/noticias\/cvm-acusa-graca-foster-abreu-lima\/"},"wordCount":470,"publisher":{"@id":"https:\/\/www.suno.com.br\/noticias\/#organization"},"image":{"@id":"https:\/\/www.suno.com.br\/noticias\/cvm-acusa-graca-foster-abreu-lima\/#primaryimage"},"thumbnailUrl":"https:\/\/files.sunoresearch.com.br\/n\/uploads\/2019\/04\/6165caa1-gra\u00e7a-foster-petrobras-jpg.webp","keywords":["Comiss\u00e3o de Valores Mobili\u00e1rios (CVM)","Petrobras (PETR4)"],"articleSection":["Neg\u00f3cios"],"inLanguage":"pt-BR"},{"@type":"WebPage","@id":"https:\/\/www.suno.com.br\/noticias\/cvm-acusa-graca-foster-abreu-lima\/","url":"https:\/\/www.suno.com.br\/noticias\/cvm-acusa-graca-foster-abreu-lima\/","name":"CVM acusa Gra\u00e7a Foster de interverir em investiga\u00e7\u00e3o sobre Abreu e Lima","isPartOf":{"@id":"https:\/\/www.suno.com.br\/noticias\/#website"},"primaryImageOfPage":{"@id":"https:\/\/www.suno.com.br\/noticias\/cvm-acusa-graca-foster-abreu-lima\/#primaryimage"},"image":{"@id":"https:\/\/www.suno.com.br\/noticias\/cvm-acusa-graca-foster-abreu-lima\/#primaryimage"},"thumbnailUrl":"https:\/\/files.sunoresearch.com.br\/n\/uploads\/2019\/04\/6165caa1-gra\u00e7a-foster-petrobras-jpg.webp","datePublished":"2019-04-04T14:44:25+00:00","dateModified":"2019-04-04T19:30:24+00:00","description":"A CVM apontou ind\u00edcios contra a ex-presidente da Petrobras por irregularidades na constru\u00e7\u00e3o da refinaria. Clique aqui para saber mais.","breadcrumb":{"@id":"https:\/\/www.suno.com.br\/noticias\/cvm-acusa-graca-foster-abreu-lima\/#breadcrumb"},"inLanguage":"pt-BR","potentialAction":[{"@type":"ReadAction","target":["https:\/\/www.suno.com.br\/noticias\/cvm-acusa-graca-foster-abreu-lima\/"]}]},{"@type":"ImageObject","inLanguage":"pt-BR","@id":"https:\/\/www.suno.com.br\/noticias\/cvm-acusa-graca-foster-abreu-lima\/#primaryimage","url":"https:\/\/files.sunoresearch.com.br\/n\/uploads\/2019\/04\/6165caa1-gra\u00e7a-foster-petrobras-jpg.webp","contentUrl":"https:\/\/files.sunoresearch.com.br\/n\/uploads\/2019\/04\/6165caa1-gra\u00e7a-foster-petrobras-jpg.webp","width":1920,"height":1080,"caption":"Gra\u00e7a Foster encobriu irregularidades de contratos da Petrobras, segundo Pol\u00edcia Federal"},{"@type":"BreadcrumbList","@id":"https:\/\/www.suno.com.br\/noticias\/cvm-acusa-graca-foster-abreu-lima\/#breadcrumb","itemListElement":[{"@type":"ListItem","position":1,"name":"Not\u00edcias","item":"https:\/\/www.suno.com.br\/noticias\/"},{"@type":"ListItem","position":2,"name":"Neg\u00f3cios","item":"https:\/\/www.suno.com.br\/noticias\/negocios\/"},{"@type":"ListItem","position":3,"name":"CVM acusa Gra\u00e7a Foster de interverir em investiga\u00e7\u00e3o sobre Abreu e Lima"}]},{"@type":"WebSite","@id":"https:\/\/www.suno.com.br\/noticias\/#website","url":"https:\/\/www.suno.com.br\/noticias\/","name":"Suno Not\u00edcias","description":"Seu portal de informa\u00e7\u00e3o sobre o mundo dos investimentos","publisher":{"@id":"https:\/\/www.suno.com.br\/noticias\/#organization"},"potentialAction":[{"@type":"SearchAction","target":{"@type":"EntryPoint","urlTemplate":"https:\/\/www.suno.com.br\/noticias\/?s={search_term_string}"},"query-input":{"@type":"PropertyValueSpecification","valueRequired":true,"valueName":"search_term_string"}}],"inLanguage":"pt-BR"},{"@type":"Organization","@id":"https:\/\/www.suno.com.br\/noticias\/#organization","name":"Suno Not\u00edcias","url":"https:\/\/www.suno.com.br\/noticias\/","logo":{"@type":"ImageObject","inLanguage":"pt-BR","@id":"https:\/\/www.suno.com.br\/noticias\/#\/schema\/logo\/image\/","url":"https:\/\/files.sunoresearch.com.br\/n\/uploads\/2021\/09\/suno-logo.png","contentUrl":"https:\/\/files.sunoresearch.com.br\/n\/uploads\/2021\/09\/suno-logo.png","width":180,"height":180,"caption":"Suno Not\u00edcias"},"image":{"@id":"https:\/\/www.suno.com.br\/noticias\/#\/schema\/logo\/image\/"},"sameAs":["https:\/\/facebook.com\/sunoresearch","https:\/\/x.com\/sunoresearch","https:\/\/www.instagram.com\/suno","https:\/\/www.linkedin.com\/company\/suno-research\/","https:\/\/www.youtube.com\/c\/sunoresearch"]},{"@type":"Person","@id":"https:\/\/www.suno.com.br\/noticias\/#\/schema\/person\/e6e0f723cc177805027f4566c1d5e0c8","name":"Carlo Cauti","image":{"@type":"ImageObject","inLanguage":"pt-BR","@id":"https:\/\/www.suno.com.br\/noticias\/#\/schema\/person\/image\/","url":"https:\/\/secure.gravatar.com\/avatar\/3ada9e0bd164c23abd4792a9606d583c?s=96&r=g","contentUrl":"https:\/\/secure.gravatar.com\/avatar\/3ada9e0bd164c23abd4792a9606d583c?s=96&r=g","caption":"Carlo Cauti"},"description":"Editor multim\u00eddia do SUNO Not\u00edcias. Italiano, formado em Ci\u00eancias Pol\u00edticas pela universidade LUISS G. Carli de Roma e mestre cum laude em Rela\u00e7\u00f5es Internacionais, Jornalismo Internacional e de Guerra e em Economia Internacional. Concluiu tamb\u00e9m um MBA em Finan\u00e7as na B3. No Brasil, teve passagem por ve\u00edculos como Estad\u00e3o, Globo, Veja e EXAME. e nas ag\u00eancias de not\u00edcias italianas ANSA e NOVA.","url":"https:\/\/www.suno.com.br\/noticias\/author\/carlo-cauti\/"}]}},"default_loop_html":"<div class=\"cardsPage__listCard__boxs\"><div class=\"cardsPage__listCard__boxs__img\"><a href=\"https:\/\/www.suno.com.br\/noticias\/cvm-acusa-graca-foster-abreu-lima\/\"><img class=\"mask\" src=\"https:\/\/www.suno.com.br\/noticias\/wp-content\/themes\/suno\/resources\/images\/spotlight\/spotlight1img\/bg-mask.png\" alt=\"Image Mask\"\/><img src=\"https:\/\/files.sunoresearch.com.br\/n\/uploads\/2019\/04\/6165caa1-gra\u00e7a-foster-petrobras-400x200.webp\" alt=\"CVM acusa Gra\u00e7a Foster de interverir em investiga\u00e7\u00e3o sobre Abreu e Lima\"\/><\/a><span class=\"spotlightCategory\"><a href=\"https:\/\/www.suno.com.br\/noticias\/negocios\/\">Neg\u00f3cios<\/a><\/span><\/div><div class=\"cardsPage__listCard__boxs__content\"><a href=\"https:\/\/www.suno.com.br\/noticias\/cvm-acusa-graca-foster-abreu-lima\/\"><h2 class=\"content__title\">CVM acusa Gra\u00e7a Foster de interverir em investiga\u00e7\u00e3o sobre Abreu e Lima<\/h2><\/a><div class=\"newsContent__article__meta\"><div class=\"newsContent__article__meta__authorBox\"><a href=\"https:\/\/www.suno.com.br\/noticias\/author\/carlo-cauti\/\" class=\"authorBox__avatar noMobi\"><img src=\"https:\/\/files.sunoresearch.com.br\/n\/uploads\/2020\/08\/e3745f9a-perfil-carlo-cauti-150x150.webp\" alt=\"Carlo Cauti\"><\/a><div class=\"authorBox__name\"><span>por\n\t\t\t<a href=\"https:\/\/www.suno.com.br\/noticias\/author\/carlo-cauti\/\"><span itemprop=\"author\">Carlo Cauti<\/span><\/a><\/span><time datetime=\"2019-04-04T11:44:25-03:00\" itemprop=\"datePublished\">04\/04\/2019 11:44<\/time><\/div><\/div><\/div><\/div><\/div>","single_layout":"posts","amp_enabled":true,"_links":{"self":[{"href":"https:\/\/www.suno.com.br\/noticias\/wp-json\/wp\/v2\/posts\/19975"}],"collection":[{"href":"https:\/\/www.suno.com.br\/noticias\/wp-json\/wp\/v2\/posts"}],"about":[{"href":"https:\/\/www.suno.com.br\/noticias\/wp-json\/wp\/v2\/types\/post"}],"author":[{"embeddable":true,"href":"https:\/\/www.suno.com.br\/noticias\/wp-json\/wp\/v2\/users\/9"}],"replies":[{"embeddable":true,"href":"https:\/\/www.suno.com.br\/noticias\/wp-json\/wp\/v2\/comments?post=19975"}],"version-history":[{"count":0,"href":"https:\/\/www.suno.com.br\/noticias\/wp-json\/wp\/v2\/posts\/19975\/revisions"}],"wp:featuredmedia":[{"embeddable":true,"href":"https:\/\/www.suno.com.br\/noticias\/wp-json\/wp\/v2\/media\/19978"}],"wp:attachment":[{"href":"https:\/\/www.suno.com.br\/noticias\/wp-json\/wp\/v2\/media?parent=19975"}],"wp:term":[{"taxonomy":"category","embeddable":true,"href":"https:\/\/www.suno.com.br\/noticias\/wp-json\/wp\/v2\/categories?post=19975"},{"taxonomy":"post_tag","embeddable":true,"href":"https:\/\/www.suno.com.br\/noticias\/wp-json\/wp\/v2\/tags?post=19975"},{"taxonomy":"suno_strategy","embeddable":true,"href":"https:\/\/www.suno.com.br\/noticias\/wp-json\/wp\/v2\/suno_strategy?post=19975"}],"curies":[{"name":"wp","href":"https:\/\/api.w.org\/{rel}","templated":true}]}}