{"id":199581,"date":"2021-10-31T11:48:19","date_gmt":"2021-10-31T14:48:19","guid":{"rendered":"https:\/\/www.suno.com.br\/noticias\/?p=199581"},"modified":"2021-10-31T15:21:11","modified_gmt":"2021-10-31T18:21:11","slug":"cop26-veja-5-fatos-sobre-evento-glasgow","status":"publish","type":"post","link":"https:\/\/www.suno.com.br\/noticias\/cop26-veja-5-fatos-sobre-evento-glasgow\/","title":{"rendered":"COP26: Veja 5 fatos sobre o evento que come\u00e7a hoje (31) em Glasgow"},"content":{"rendered":"<p>A <strong>COP26,<\/strong> evento das Na\u00e7\u00f5es Unidas considerado chave no combate ao aquecimento global, come\u00e7a hoje (31) em Glasgow, na Esc\u00f3cia. O tema est\u00e1 em todos os jornais nos \u00faltimos dias, e promete continuar assim enquanto durarem os encontros. Entenda em 5 fatos o que \u00e9 a COP e por que ela \u00e9 importante.<\/p>\t<div class=\"wrapper-featured-image\">\n\t\t<figure class=\"spotlightImg\">\n\n\t\t\t<picture>\n\t\t\t\t<source media=\"(max-width: 768px)\" srcset=\"https:\/\/files.sunoresearch.com.br\/n\/uploads\/2021\/10\/cop26-400x200.jpg\">\n\t\t\t\t<img loading=\"lazy\" decoding=\"async\" class=\"newsContent__article__imgCapa lazyloadDisabled \" src=\"https:\/\/files.sunoresearch.com.br\/n\/uploads\/2021\/10\/cop26-800x450.jpg\" width=\"800\" height=\"450\" alt=\"COP26: Veja 5 fatos sobre o evento que come\u00e7a hoje (31) em Glasgow\" fetchpriority=high \/>\n\t\t\t<\/picture>\n\n\t\t\t<figcaption class=\"wp-caption-text wp-caption-text--show\">Cr\u00e9dito Pixabay<\/figcaption>\n\t\t<\/figure>\n\t<\/div>\n\n\n\t<p>\n\t\t<a href=\"https:\/\/lp.suno.com.br\/planilha-controle-gastos\/\" target=\"_blank\" data-element=\"shortcode-suno-banner\" title=\"Banner SUNO, clique e saiba mais\">\n\t\t\t<picture>\n\t\t\t\t<source media=\"(max-width: 500px)\" srcset=\"https:\/\/files.sunoresearch.com.br\/n\/uploads\/2023\/03\/400x300-Planilha-controle-de-gastos.png\">\n\t\t\t\t<img class=\"newsContent__article__imgCapa newsContent__article__imgCapa--banner\"\n\t\t\t\t\tsrc=\"https:\/\/files.sunoresearch.com.br\/n\/uploads\/2023\/03\/1420x240-Planilha-controle-de-gastos.png\"\n\t\t\t\t\tdata-promo-id=\"101751\"\t\t\t\t\t\t\t\t\t\twidth='1420' height='240'\t\t\t\t\talt=\"https:\/\/files.sunoresearch.com.br\/n\/uploads\/2023\/03\/1420x240-Planilha-controle-de-gastos.png\"\n\t\t\t\t>\n\t\t\t<\/picture>\n\t\t<\/a>\n\t<\/p>\n\n\n<h2>1. O que \u00e9 COP26?<\/h2>\n<p>COP significa <strong>Confer\u00eancia entre as Partes<\/strong>. O evento ocorre anualmente desde 1995, com exce\u00e7\u00e3o de 2020, quanto foi adiado por causa da pandemia da covid-19.<\/p>\n<p>O anfitri\u00e3o desta edi\u00e7\u00e3o, que reunir\u00e1 196 o pa\u00edses e a <a class=\"suno-keyword\" href=\"https:\/\/www.suno.com.br\/artigos\/uniao-europeia\/\" target=\"_blank\" rel=\"noopener\" data-force=\"no\" data-priority=\"2\">Uni\u00e3o Europeia<\/a>, ser\u00e1 o Reino Unido. Os encontros ocorrem entre hoje (31) e o dia 12 de novembro. Os envolvidos fazem parte de um tratado internacional sobre <strong>mudan\u00e7as clim\u00e1ticas<\/strong> que foi fruto da C\u00fapula da Terra, ocorrida no Rio de Janeiro em 1992.<\/p>\n<h2>2. Por que a COP26 \u00e9 importante?<\/h2>\n<p>A urg\u00eancia de a\u00e7\u00f5es clim\u00e1ticas est\u00e1 cada vez mais n\u00edtida, ainda mais em meio a relat\u00f3rios que t\u00eam sido divulgados pela comunidade cient\u00edfica. O problema \u00e9 que, at\u00e9 o momento, os compromissos dos pa\u00edses ainda n\u00e3o s\u00e3o suficientes para garantir que o aquecimento global ficar\u00e1 no n\u00edvel determinado no Acordo de Paris.<\/p>\n<p>Para investidores, \u00e9 importante ficar de olho no evento porque as a\u00e7\u00f5es resultantes do evento devem impactar as empresas, possivelmente beneficiando as que j\u00e1 est\u00e3o atentas \u00e0<a href=\"https:\/\/www.suno.com.br\/artigos\/esg\/\"> agenda ESG<\/a>.<\/p>\n\t<p>\n\t\t<a href=\"https:\/\/lp.suno.com.br\/planilha-da-vida-financeira\/\" target=\"_blank\" data-element=\"shortcode-suno-banner\" title=\"Banner SUNO, clique e saiba mais\">\n\t\t\t<picture>\n\t\t\t\t<source media=\"(max-width: 500px)\" srcset=\"https:\/\/files.sunoresearch.com.br\/n\/uploads\/2023\/04\/400x300-Planilha-vida-financeira-true.png\">\n\t\t\t\t<img class=\"newsContent__article__imgCapa newsContent__article__imgCapa--banner\"\n\t\t\t\t\tsrc=\"https:\/\/files.sunoresearch.com.br\/n\/uploads\/2023\/04\/1420x240-Planilha-vida-financeira-true.png\"\n\t\t\t\t\tdata-promo-id=\"106682\"\t\t\t\t\t\t\t\t\t\twidth='1420' height='240'\t\t\t\t\talt=\"https:\/\/files.sunoresearch.com.br\/n\/uploads\/2023\/04\/1420x240-Planilha-vida-financeira-true.png\"\n\t\t\t\t>\n\t\t\t<\/picture>\n\t\t<\/a>\n\t<\/p>\n\n\n<h2>3. O que ser\u00e1 debatido?<\/h2>\n<p>As <strong>negocia\u00e7\u00f5es da COP26<\/strong> prometem ser intensas. Entre os temas que ser\u00e3o debatidos est\u00e3o metas maiores para <strong>redu\u00e7\u00e3o da emiss\u00e3o de gases de efeito estufa<\/strong>, al\u00e9m de como financiar este tipo de medida.<\/p>\n<p>Assuntos como <strong>justi\u00e7a clim\u00e1tica<\/strong> &#8211; debate sobre os diferentes n\u00edveis de responsabilidade dos pa\u00edses sobre as mudan\u00e7as clim\u00e1ticas &#8211; e o <strong>mercado global de carbono<\/strong> tamb\u00e9m estar\u00e3o no centro das conversas da COP26.<\/p>\n<p>O primeiro-ministro do Reino Unido, Boris Johnson, anfitri\u00e3o da COP26, disse que os objetivos do encontro se resumem a quatro palavras: &#8220;carv\u00e3o, carros, dinheiro e \u00e1rvores&#8221;. Em outras palavras, eliminar o uso do combust\u00edvel f\u00f3ssil, incentivar a transi\u00e7\u00e3o para carros el\u00e9tricos, garantir recursos para os pa\u00edses pobres seguirem o mesmo caminho e reverter o desmatamento.<\/p>\n<p>O mercado de carbono prev\u00ea o seguinte mecanismo: pa\u00edses que reduzem suas emiss\u00f5es al\u00e9m das metas podem vender seus cr\u00e9ditos para outros pa\u00edses, direcionando o dinheiro para os locais que mais precisam evoluir nesta \u00e1rea.<\/p>\n<p>O desafio ser\u00e1 chegar a um consenso sobre as <strong>regras do mercado de carbono<\/strong>.<\/p>\n\t<p>\n\t\t<a href=\"https:\/\/lp.suno.com.br\/ebook-como-analisar-uma-acao\/\" target=\"_blank\" data-element=\"shortcode-suno-banner\" title=\"Banner SUNO, clique e saiba mais\">\n\t\t\t<picture>\n\t\t\t\t<source media=\"(max-width: 500px)\" srcset=\"https:\/\/files.sunoresearch.com.br\/n\/uploads\/2023\/03\/Ebook-Acoes-Mobile-1.jpg\">\n\t\t\t\t<img class=\"newsContent__article__imgCapa newsContent__article__imgCapa--banner\"\n\t\t\t\t\tsrc=\"https:\/\/files.sunoresearch.com.br\/n\/uploads\/2023\/03\/Ebook-Acoes-Desktop-1.jpg\"\n\t\t\t\t\tdata-promo-id=\"171998\"\t\t\t\t\t\t\t\t\t\twidth='1420' height='286'\t\t\t\t\talt=\"https:\/\/files.sunoresearch.com.br\/n\/uploads\/2023\/03\/Ebook-Acoes-Desktop-1.jpg\"\n\t\t\t\t>\n\t\t\t<\/picture>\n\t\t<\/a>\n\t<\/p>\n\n\n<h2>4. O que o Acordo de Paris tem a ver com isso?<\/h2>\n<p>Em 2015, quase todos os pa\u00edses do mundo concordaram na COP21 em assinar o Acordo de Paris. O tratado prev\u00ea que o <strong>aquecimento global\u00a0<\/strong>deve ficar abaixo dos 2 graus Celsius at\u00e9 o final do s\u00e9culo. Para isso, os pa\u00edses combinaram que apresentariam Contribui\u00e7\u00f5es Nacionalmente Determinadas (NDCs, em ingl\u00eas), com os planos de cada governo. Estas NDCs devem ser atualizadas a cada cinco anos.<\/p>\n<p>Antes mesmo do <strong>encontro de Glasgow,\u00a0<\/strong>v\u00e1rios pa\u00edses anunciaram suas novas metas, e outros v\u00e3o divulgar durante os pr\u00f3ximos dias.<\/p>\n<p>O preocupante \u00e9 que os pa\u00edses ricos anunciaram que s\u00f3 v\u00e3o cumprir em 2023 a meta de colocar US$ 100 bilh\u00f5es por ano em a\u00e7\u00f5es clim\u00e1ticas nos pa\u00edses em desenvolvimento, sendo que a meta inicial do Acordo de Paris era ter feito isso tr\u00eas anos antes.<\/p>\n<h2>5. E o papel do Brasil na COP26?<\/h2>\n<p>\u00c0s v\u00e9speras do evento, o Congresso colocou em pauta projetos verdes, justamente para tentar melhorar a imagem do Brasil no Evento.\u00a0O presidente do Senado, Rodrigo Pacheco (PSD-MG), vai ao COP26, assim como congressistas ligados \u00e0 pauta ambiental e ao agroneg\u00f3cio. O presidente da C\u00e2mara, Arthur Lira (PP-AL), ainda n\u00e3o confirmou presen\u00e7a.<\/p>\n<p>Segundo a Folha de S.Paulo, nos \u00faltimos dias Lira modulou seu discurso para incluir a defesa de uma agenda mais verde e defendeu o projeto que cria o mercado de carbono no pa\u00eds.<\/p>\n<p>Mesmo assim, o pa\u00eds deve chegar desacreditado \u00e0 <strong>COP26<\/strong>, em meio ao aumento de desmatamento e queimadas. Al\u00e9m disso, projetos aprovados este ano na C\u00e2mara, como o que flexibiliza o licenciamento ambiental, contribuem para o descr\u00e9dito.<\/p>\n\t<p>\n\t\t<a href=\"https:\/\/lp.suno.com.br\/planilha-de-controle-de-investimentos\/\" target=\"_blank\" data-element=\"shortcode-suno-banner\" title=\"Banner SUNO, clique e saiba mais\">\n\t\t\t<picture>\n\t\t\t\t<source media=\"(max-width: 500px)\" srcset=\"https:\/\/files.sunoresearch.com.br\/n\/uploads\/2023\/03\/400x300-Controle-de-Investimentos.png\">\n\t\t\t\t<img class=\"newsContent__article__imgCapa newsContent__article__imgCapa--banner\"\n\t\t\t\t\tsrc=\"https:\/\/files.sunoresearch.com.br\/n\/uploads\/2023\/03\/1420x240-Controle-de-Investimentos.png\"\n\t\t\t\t\tdata-promo-id=\"75934\"\t\t\t\t\t\t\t\t\t\twidth='1420' height='240'\t\t\t\t\talt=\"https:\/\/files.sunoresearch.com.br\/n\/uploads\/2023\/03\/1420x240-Controle-de-Investimentos.png\"\n\t\t\t\t>\n\t\t\t<\/picture>\n\t\t<\/a>\n\t<\/p>\n\n\n","protected":false},"excerpt":{"rendered":"<p>A COP26, evento das Na\u00e7\u00f5es Unidas considerado chave no combate ao aquecimento global, come\u00e7a hoje (31) em Glasgow, na Esc\u00f3cia. O tema est\u00e1 em todos os jornais nos \u00faltimos dias, e promete continuar assim enquanto durarem os encontros. Entenda em 5 fatos o que \u00e9 a COP e por que ela \u00e9 importante. Cr\u00e9dito Pixabay [&hellip;]<\/p>\n","protected":false},"author":60,"featured_media":199584,"comment_status":"closed","ping_status":"closed","sticky":false,"template":"","format":"standard","meta":[],"categories":[63],"tags":[75364],"suno_strategy":[],"class_list":["post-199581","post","type-post","status-publish","format-standard","has-post-thumbnail","hentry","category-internacional","tag-esg"],"yoast_head":"<!-- This site is optimized with the Yoast SEO plugin v24.4 - https:\/\/yoast.com\/wordpress\/plugins\/seo\/ -->\n<title>COP26: Veja 5 fatos sobre o evento que come\u00e7a hoje (31) em Glasgow<\/title>\n<meta name=\"description\" content=\"O COP26, evento considerado chave no combate ao aquecimento global, come\u00e7a hoje. Entenda em 5 fatos o que \u00e9 a COP26 e por que \u00e9 importante.\" \/>\n<meta name=\"robots\" content=\"index, follow, max-snippet:-1, max-image-preview:large, max-video-preview:-1\" \/>\n<link rel=\"canonical\" href=\"https:\/\/www.suno.com.br\/noticias\/cop26-veja-5-fatos-sobre-evento-glasgow\/\" \/>\n<meta property=\"og:locale\" content=\"pt_BR\" \/>\n<meta property=\"og:type\" content=\"article\" \/>\n<meta property=\"og:title\" content=\"COP26: Veja 5 fatos sobre o evento que come\u00e7a hoje (31) em Glasgow\" \/>\n<meta property=\"og:description\" content=\"O COP26, evento considerado chave no combate ao aquecimento global, come\u00e7a hoje. Entenda em 5 fatos o que \u00e9 a COP26 e por que \u00e9 importante.\" \/>\n<meta property=\"og:url\" content=\"https:\/\/www.suno.com.br\/noticias\/cop26-veja-5-fatos-sobre-evento-glasgow\/\" \/>\n<meta property=\"og:site_name\" content=\"Suno Not\u00edcias\" \/>\n<meta property=\"article:publisher\" content=\"https:\/\/facebook.com\/sunoresearch\" \/>\n<meta property=\"og:image\" content=\"https:\/\/files.sunoresearch.com.br\/n\/uploads\/2021\/10\/cop26.jpg\" \/>\n\t<meta property=\"og:image:width\" content=\"1920\" \/>\n\t<meta property=\"og:image:height\" content=\"1253\" \/>\n\t<meta property=\"og:image:type\" content=\"image\/jpeg\" \/>\n<meta name=\"author\" content=\"Natalia G\u00f3mez\" \/>\n<meta name=\"twitter:card\" content=\"summary_large_image\" \/>\n<meta name=\"twitter:creator\" content=\"@sunoresearch\" \/>\n<meta name=\"twitter:site\" content=\"@sunoresearch\" \/>\n<meta name=\"twitter:label1\" content=\"Escrito por\" \/>\n\t<meta name=\"twitter:data1\" content=\"Natalia G\u00f3mez\" \/>\n\t<meta name=\"twitter:label2\" content=\"Est. tempo de leitura\" \/>\n\t<meta name=\"twitter:data2\" content=\"3 minutos\" \/>\n<script type=\"application\/ld+json\" class=\"yoast-schema-graph\">{\"@context\":\"https:\/\/schema.org\",\"@graph\":[{\"@type\":\"NewsArticle\",\"@id\":\"https:\/\/www.suno.com.br\/noticias\/cop26-veja-5-fatos-sobre-evento-glasgow\/#article\",\"isPartOf\":{\"@id\":\"https:\/\/www.suno.com.br\/noticias\/cop26-veja-5-fatos-sobre-evento-glasgow\/\"},\"author\":{\"name\":\"Natalia G\u00f3mez\",\"@id\":\"https:\/\/www.suno.com.br\/noticias\/#\/schema\/person\/1b24d67c140a42e864ef414497edb164\"},\"headline\":\"COP26: Veja 5 fatos sobre o evento que come\u00e7a hoje (31) em Glasgow\",\"datePublished\":\"2021-10-31T14:48:19+00:00\",\"dateModified\":\"2021-10-31T18:21:11+00:00\",\"mainEntityOfPage\":{\"@id\":\"https:\/\/www.suno.com.br\/noticias\/cop26-veja-5-fatos-sobre-evento-glasgow\/\"},\"wordCount\":746,\"publisher\":{\"@id\":\"https:\/\/www.suno.com.br\/noticias\/#organization\"},\"image\":{\"@id\":\"https:\/\/www.suno.com.br\/noticias\/cop26-veja-5-fatos-sobre-evento-glasgow\/#primaryimage\"},\"thumbnailUrl\":\"https:\/\/files.sunoresearch.com.br\/n\/uploads\/2021\/10\/cop26.jpg\",\"keywords\":[\"ESG\"],\"articleSection\":[\"Internacional\"],\"inLanguage\":\"pt-BR\"},{\"@type\":\"WebPage\",\"@id\":\"https:\/\/www.suno.com.br\/noticias\/cop26-veja-5-fatos-sobre-evento-glasgow\/\",\"url\":\"https:\/\/www.suno.com.br\/noticias\/cop26-veja-5-fatos-sobre-evento-glasgow\/\",\"name\":\"COP26: Veja 5 fatos sobre o evento que come\u00e7a hoje (31) em Glasgow\",\"isPartOf\":{\"@id\":\"https:\/\/www.suno.com.br\/noticias\/#website\"},\"primaryImageOfPage\":{\"@id\":\"https:\/\/www.suno.com.br\/noticias\/cop26-veja-5-fatos-sobre-evento-glasgow\/#primaryimage\"},\"image\":{\"@id\":\"https:\/\/www.suno.com.br\/noticias\/cop26-veja-5-fatos-sobre-evento-glasgow\/#primaryimage\"},\"thumbnailUrl\":\"https:\/\/files.sunoresearch.com.br\/n\/uploads\/2021\/10\/cop26.jpg\",\"datePublished\":\"2021-10-31T14:48:19+00:00\",\"dateModified\":\"2021-10-31T18:21:11+00:00\",\"description\":\"O COP26, evento considerado chave no combate ao aquecimento global, come\u00e7a hoje. Entenda em 5 fatos o que \u00e9 a COP26 e por que \u00e9 importante.\",\"breadcrumb\":{\"@id\":\"https:\/\/www.suno.com.br\/noticias\/cop26-veja-5-fatos-sobre-evento-glasgow\/#breadcrumb\"},\"inLanguage\":\"pt-BR\",\"potentialAction\":[{\"@type\":\"ReadAction\",\"target\":[\"https:\/\/www.suno.com.br\/noticias\/cop26-veja-5-fatos-sobre-evento-glasgow\/\"]}]},{\"@type\":\"ImageObject\",\"inLanguage\":\"pt-BR\",\"@id\":\"https:\/\/www.suno.com.br\/noticias\/cop26-veja-5-fatos-sobre-evento-glasgow\/#primaryimage\",\"url\":\"https:\/\/files.sunoresearch.com.br\/n\/uploads\/2021\/10\/cop26.jpg\",\"contentUrl\":\"https:\/\/files.sunoresearch.com.br\/n\/uploads\/2021\/10\/cop26.jpg\",\"width\":1920,\"height\":1253,\"caption\":\"Cr\u00e9dito Pixabay\"},{\"@type\":\"BreadcrumbList\",\"@id\":\"https:\/\/www.suno.com.br\/noticias\/cop26-veja-5-fatos-sobre-evento-glasgow\/#breadcrumb\",\"itemListElement\":[{\"@type\":\"ListItem\",\"position\":1,\"name\":\"Not\u00edcias\",\"item\":\"https:\/\/www.suno.com.br\/noticias\/\"},{\"@type\":\"ListItem\",\"position\":2,\"name\":\"Internacional\",\"item\":\"https:\/\/www.suno.com.br\/noticias\/internacional\/\"},{\"@type\":\"ListItem\",\"position\":3,\"name\":\"COP26: Veja 5 fatos sobre o evento que come\u00e7a hoje (31) em Glasgow\"}]},{\"@type\":\"WebSite\",\"@id\":\"https:\/\/www.suno.com.br\/noticias\/#website\",\"url\":\"https:\/\/www.suno.com.br\/noticias\/\",\"name\":\"Suno Not\u00edcias\",\"description\":\"Seu portal de informa\u00e7\u00e3o sobre o mundo dos investimentos\",\"publisher\":{\"@id\":\"https:\/\/www.suno.com.br\/noticias\/#organization\"},\"potentialAction\":[{\"@type\":\"SearchAction\",\"target\":{\"@type\":\"EntryPoint\",\"urlTemplate\":\"https:\/\/www.suno.com.br\/noticias\/?s={search_term_string}\"},\"query-input\":{\"@type\":\"PropertyValueSpecification\",\"valueRequired\":true,\"valueName\":\"search_term_string\"}}],\"inLanguage\":\"pt-BR\"},{\"@type\":\"Organization\",\"@id\":\"https:\/\/www.suno.com.br\/noticias\/#organization\",\"name\":\"Suno Not\u00edcias\",\"url\":\"https:\/\/www.suno.com.br\/noticias\/\",\"logo\":{\"@type\":\"ImageObject\",\"inLanguage\":\"pt-BR\",\"@id\":\"https:\/\/www.suno.com.br\/noticias\/#\/schema\/logo\/image\/\",\"url\":\"https:\/\/files.sunoresearch.com.br\/n\/uploads\/2021\/09\/suno-logo.png\",\"contentUrl\":\"https:\/\/files.sunoresearch.com.br\/n\/uploads\/2021\/09\/suno-logo.png\",\"width\":180,\"height\":180,\"caption\":\"Suno Not\u00edcias\"},\"image\":{\"@id\":\"https:\/\/www.suno.com.br\/noticias\/#\/schema\/logo\/image\/\"},\"sameAs\":[\"https:\/\/facebook.com\/sunoresearch\",\"https:\/\/x.com\/sunoresearch\",\"https:\/\/www.instagram.com\/suno\",\"https:\/\/www.linkedin.com\/company\/suno-research\/\",\"https:\/\/www.youtube.com\/c\/sunoresearch\"]},{\"@type\":\"Person\",\"@id\":\"https:\/\/www.suno.com.br\/noticias\/#\/schema\/person\/1b24d67c140a42e864ef414497edb164\",\"name\":\"Natalia G\u00f3mez\",\"image\":{\"@type\":\"ImageObject\",\"inLanguage\":\"pt-BR\",\"@id\":\"https:\/\/www.suno.com.br\/noticias\/#\/schema\/person\/image\/\",\"url\":\"https:\/\/secure.gravatar.com\/avatar\/9e957e0b2b485c2d42c3f4145c16d940?s=96&r=g\",\"contentUrl\":\"https:\/\/secure.gravatar.com\/avatar\/9e957e0b2b485c2d42c3f4145c16d940?s=96&r=g\",\"caption\":\"Natalia G\u00f3mez\"},\"description\":\"Editora do Suno Not\u00edcias desde outubro de 2020, \u00e9 jornalista formada pela PUC-SP, com p\u00f3s-gradua\u00e7\u00e3o em jornalismo liter\u00e1rio. Atua no mercado financeiro desde 2003, quando iniciou a carreira no jornal econ\u00f4mico DCI, cobrindo o setor de alimentos no caderno de Ind\u00fastria. Foi trainee do jornal Valor Econ\u00f4mico, onde atuou no Caderno de Empresas por quase tr\u00eas anos. L\u00e1, cobriu o setor de ind\u00fastria, com foco em siderurgia, embalagens e aeroespacial. Fez coberturas setoriais em viagens para S\u00e3o Jos\u00e9 dos Campos e Franca (SP), al\u00e9m de coberturas internacionais na Alemanha e na Su\u00e9cia. Trabalhou por cinco anos na Ag\u00eancia Estado\/Broadcast, do Grupo Estado, onde foi rep\u00f3rter dos setores de minera\u00e7\u00e3o e siderurgia, alimentos e bebidas e finan\u00e7as. Foi premiada como o pr\u00eamio Destaque de Reportagem da AE em 2007 e 2008. Al\u00e9m de atuar no servi\u00e7o de not\u00edcias em tempo real, fez participa\u00e7\u00f5es no caderno de Economia do jornal Estado de S.Paulo e na R\u00e1dio Eldorado. Ainda no Grupo Estado, foi editora assistente da editoria Empresas e Setores, atuando com edi\u00e7\u00e3o e pauta, al\u00e9m de cobrir mercados diariamente com o cen\u00e1rio de bolsa e fazer reportagens especiais com foco em governan\u00e7a corporativa. Trabalhou tamb\u00e9m como correspondente de finan\u00e7as no servi\u00e7o da Thomson Reuters em portugu\u00eas por quase um ano. Atuou por cerca de oito anos como jornalista independente, contribuindo para ve\u00edculos como UOL Economia, Infomoney e Revista Voc\u00ea SA, al\u00e9m de ter trabalhado em projetos na \u00e1rea de conte\u00fado e comunica\u00e7\u00e3o de institui\u00e7\u00f5es financeiras como Anbima, Banco BS2, Banco Pine, Ita\u00fa BBA e EQI.\",\"url\":\"https:\/\/www.suno.com.br\/noticias\/author\/natalia-gomez\/\"}]}<\/script>\n<!-- \/ Yoast SEO plugin. -->","yoast_head_json":{"title":"COP26: Veja 5 fatos sobre o evento que come\u00e7a hoje (31) em Glasgow","description":"O COP26, evento considerado chave no combate ao aquecimento global, come\u00e7a hoje. Entenda em 5 fatos o que \u00e9 a COP26 e por que \u00e9 importante.","robots":{"index":"index","follow":"follow","max-snippet":"max-snippet:-1","max-image-preview":"max-image-preview:large","max-video-preview":"max-video-preview:-1"},"canonical":"https:\/\/www.suno.com.br\/noticias\/cop26-veja-5-fatos-sobre-evento-glasgow\/","og_locale":"pt_BR","og_type":"article","og_title":"COP26: Veja 5 fatos sobre o evento que come\u00e7a hoje (31) em Glasgow","og_description":"O COP26, evento considerado chave no combate ao aquecimento global, come\u00e7a hoje. Entenda em 5 fatos o que \u00e9 a COP26 e por que \u00e9 importante.","og_url":"https:\/\/www.suno.com.br\/noticias\/cop26-veja-5-fatos-sobre-evento-glasgow\/","og_site_name":"Suno Not\u00edcias","article_publisher":"https:\/\/facebook.com\/sunoresearch","og_image":[{"width":1920,"height":1253,"url":"https:\/\/files.sunoresearch.com.br\/n\/uploads\/2021\/10\/cop26.jpg","type":"image\/jpeg"}],"author":"Natalia G\u00f3mez","twitter_card":"summary_large_image","twitter_creator":"@sunoresearch","twitter_site":"@sunoresearch","twitter_misc":{"Escrito por":"Natalia G\u00f3mez","Est. tempo de leitura":"3 minutos"},"schema":{"@context":"https:\/\/schema.org","@graph":[{"@type":"NewsArticle","@id":"https:\/\/www.suno.com.br\/noticias\/cop26-veja-5-fatos-sobre-evento-glasgow\/#article","isPartOf":{"@id":"https:\/\/www.suno.com.br\/noticias\/cop26-veja-5-fatos-sobre-evento-glasgow\/"},"author":{"name":"Natalia G\u00f3mez","@id":"https:\/\/www.suno.com.br\/noticias\/#\/schema\/person\/1b24d67c140a42e864ef414497edb164"},"headline":"COP26: Veja 5 fatos sobre o evento que come\u00e7a hoje (31) em Glasgow","datePublished":"2021-10-31T14:48:19+00:00","dateModified":"2021-10-31T18:21:11+00:00","mainEntityOfPage":{"@id":"https:\/\/www.suno.com.br\/noticias\/cop26-veja-5-fatos-sobre-evento-glasgow\/"},"wordCount":746,"publisher":{"@id":"https:\/\/www.suno.com.br\/noticias\/#organization"},"image":{"@id":"https:\/\/www.suno.com.br\/noticias\/cop26-veja-5-fatos-sobre-evento-glasgow\/#primaryimage"},"thumbnailUrl":"https:\/\/files.sunoresearch.com.br\/n\/uploads\/2021\/10\/cop26.jpg","keywords":["ESG"],"articleSection":["Internacional"],"inLanguage":"pt-BR"},{"@type":"WebPage","@id":"https:\/\/www.suno.com.br\/noticias\/cop26-veja-5-fatos-sobre-evento-glasgow\/","url":"https:\/\/www.suno.com.br\/noticias\/cop26-veja-5-fatos-sobre-evento-glasgow\/","name":"COP26: Veja 5 fatos sobre o evento que come\u00e7a hoje (31) em Glasgow","isPartOf":{"@id":"https:\/\/www.suno.com.br\/noticias\/#website"},"primaryImageOfPage":{"@id":"https:\/\/www.suno.com.br\/noticias\/cop26-veja-5-fatos-sobre-evento-glasgow\/#primaryimage"},"image":{"@id":"https:\/\/www.suno.com.br\/noticias\/cop26-veja-5-fatos-sobre-evento-glasgow\/#primaryimage"},"thumbnailUrl":"https:\/\/files.sunoresearch.com.br\/n\/uploads\/2021\/10\/cop26.jpg","datePublished":"2021-10-31T14:48:19+00:00","dateModified":"2021-10-31T18:21:11+00:00","description":"O COP26, evento considerado chave no combate ao aquecimento global, come\u00e7a hoje. Entenda em 5 fatos o que \u00e9 a COP26 e por que \u00e9 importante.","breadcrumb":{"@id":"https:\/\/www.suno.com.br\/noticias\/cop26-veja-5-fatos-sobre-evento-glasgow\/#breadcrumb"},"inLanguage":"pt-BR","potentialAction":[{"@type":"ReadAction","target":["https:\/\/www.suno.com.br\/noticias\/cop26-veja-5-fatos-sobre-evento-glasgow\/"]}]},{"@type":"ImageObject","inLanguage":"pt-BR","@id":"https:\/\/www.suno.com.br\/noticias\/cop26-veja-5-fatos-sobre-evento-glasgow\/#primaryimage","url":"https:\/\/files.sunoresearch.com.br\/n\/uploads\/2021\/10\/cop26.jpg","contentUrl":"https:\/\/files.sunoresearch.com.br\/n\/uploads\/2021\/10\/cop26.jpg","width":1920,"height":1253,"caption":"Cr\u00e9dito Pixabay"},{"@type":"BreadcrumbList","@id":"https:\/\/www.suno.com.br\/noticias\/cop26-veja-5-fatos-sobre-evento-glasgow\/#breadcrumb","itemListElement":[{"@type":"ListItem","position":1,"name":"Not\u00edcias","item":"https:\/\/www.suno.com.br\/noticias\/"},{"@type":"ListItem","position":2,"name":"Internacional","item":"https:\/\/www.suno.com.br\/noticias\/internacional\/"},{"@type":"ListItem","position":3,"name":"COP26: Veja 5 fatos sobre o evento que come\u00e7a hoje (31) em Glasgow"}]},{"@type":"WebSite","@id":"https:\/\/www.suno.com.br\/noticias\/#website","url":"https:\/\/www.suno.com.br\/noticias\/","name":"Suno Not\u00edcias","description":"Seu portal de informa\u00e7\u00e3o sobre o mundo dos investimentos","publisher":{"@id":"https:\/\/www.suno.com.br\/noticias\/#organization"},"potentialAction":[{"@type":"SearchAction","target":{"@type":"EntryPoint","urlTemplate":"https:\/\/www.suno.com.br\/noticias\/?s={search_term_string}"},"query-input":{"@type":"PropertyValueSpecification","valueRequired":true,"valueName":"search_term_string"}}],"inLanguage":"pt-BR"},{"@type":"Organization","@id":"https:\/\/www.suno.com.br\/noticias\/#organization","name":"Suno Not\u00edcias","url":"https:\/\/www.suno.com.br\/noticias\/","logo":{"@type":"ImageObject","inLanguage":"pt-BR","@id":"https:\/\/www.suno.com.br\/noticias\/#\/schema\/logo\/image\/","url":"https:\/\/files.sunoresearch.com.br\/n\/uploads\/2021\/09\/suno-logo.png","contentUrl":"https:\/\/files.sunoresearch.com.br\/n\/uploads\/2021\/09\/suno-logo.png","width":180,"height":180,"caption":"Suno Not\u00edcias"},"image":{"@id":"https:\/\/www.suno.com.br\/noticias\/#\/schema\/logo\/image\/"},"sameAs":["https:\/\/facebook.com\/sunoresearch","https:\/\/x.com\/sunoresearch","https:\/\/www.instagram.com\/suno","https:\/\/www.linkedin.com\/company\/suno-research\/","https:\/\/www.youtube.com\/c\/sunoresearch"]},{"@type":"Person","@id":"https:\/\/www.suno.com.br\/noticias\/#\/schema\/person\/1b24d67c140a42e864ef414497edb164","name":"Natalia G\u00f3mez","image":{"@type":"ImageObject","inLanguage":"pt-BR","@id":"https:\/\/www.suno.com.br\/noticias\/#\/schema\/person\/image\/","url":"https:\/\/secure.gravatar.com\/avatar\/9e957e0b2b485c2d42c3f4145c16d940?s=96&r=g","contentUrl":"https:\/\/secure.gravatar.com\/avatar\/9e957e0b2b485c2d42c3f4145c16d940?s=96&r=g","caption":"Natalia G\u00f3mez"},"description":"Editora do Suno Not\u00edcias desde outubro de 2020, \u00e9 jornalista formada pela PUC-SP, com p\u00f3s-gradua\u00e7\u00e3o em jornalismo liter\u00e1rio. Atua no mercado financeiro desde 2003, quando iniciou a carreira no jornal econ\u00f4mico DCI, cobrindo o setor de alimentos no caderno de Ind\u00fastria. Foi trainee do jornal Valor Econ\u00f4mico, onde atuou no Caderno de Empresas por quase tr\u00eas anos. L\u00e1, cobriu o setor de ind\u00fastria, com foco em siderurgia, embalagens e aeroespacial. Fez coberturas setoriais em viagens para S\u00e3o Jos\u00e9 dos Campos e Franca (SP), al\u00e9m de coberturas internacionais na Alemanha e na Su\u00e9cia. Trabalhou por cinco anos na Ag\u00eancia Estado\/Broadcast, do Grupo Estado, onde foi rep\u00f3rter dos setores de minera\u00e7\u00e3o e siderurgia, alimentos e bebidas e finan\u00e7as. Foi premiada como o pr\u00eamio Destaque de Reportagem da AE em 2007 e 2008. Al\u00e9m de atuar no servi\u00e7o de not\u00edcias em tempo real, fez participa\u00e7\u00f5es no caderno de Economia do jornal Estado de S.Paulo e na R\u00e1dio Eldorado. Ainda no Grupo Estado, foi editora assistente da editoria Empresas e Setores, atuando com edi\u00e7\u00e3o e pauta, al\u00e9m de cobrir mercados diariamente com o cen\u00e1rio de bolsa e fazer reportagens especiais com foco em governan\u00e7a corporativa. Trabalhou tamb\u00e9m como correspondente de finan\u00e7as no servi\u00e7o da Thomson Reuters em portugu\u00eas por quase um ano. Atuou por cerca de oito anos como jornalista independente, contribuindo para ve\u00edculos como UOL Economia, Infomoney e Revista Voc\u00ea SA, al\u00e9m de ter trabalhado em projetos na \u00e1rea de conte\u00fado e comunica\u00e7\u00e3o de institui\u00e7\u00f5es financeiras como Anbima, Banco BS2, Banco Pine, Ita\u00fa BBA e EQI.","url":"https:\/\/www.suno.com.br\/noticias\/author\/natalia-gomez\/"}]}},"default_loop_html":"<div class=\"cardsPage__listCard__boxs\"><div class=\"cardsPage__listCard__boxs__img\"><a href=\"https:\/\/www.suno.com.br\/noticias\/cop26-veja-5-fatos-sobre-evento-glasgow\/\"><img class=\"mask\" src=\"https:\/\/www.suno.com.br\/noticias\/wp-content\/themes\/suno\/resources\/images\/spotlight\/spotlight1img\/bg-mask.png\" alt=\"Image Mask\"\/><img src=\"https:\/\/files.sunoresearch.com.br\/n\/uploads\/2021\/10\/cop26-400x200.jpg\" alt=\"COP26: Veja 5 fatos sobre o evento que come\u00e7a hoje (31) em Glasgow\"\/><\/a><span class=\"spotlightCategory\"><a href=\"https:\/\/www.suno.com.br\/noticias\/internacional\/\">Internacional<\/a><\/span><\/div><div class=\"cardsPage__listCard__boxs__content\"><a href=\"https:\/\/www.suno.com.br\/noticias\/cop26-veja-5-fatos-sobre-evento-glasgow\/\"><h2 class=\"content__title\">COP26: Veja 5 fatos sobre o evento que come\u00e7a hoje (31) em Glasgow<\/h2><\/a><div class=\"newsContent__article__meta\"><div class=\"newsContent__article__meta__authorBox\"><a href=\"https:\/\/www.suno.com.br\/noticias\/author\/natalia-gomez\/\" class=\"authorBox__avatar noMobi\"><img src=\"https:\/\/secure.gravatar.com\/avatar\/9e957e0b2b485c2d42c3f4145c16d940?s=96&#038;r=g\" alt=\"Natalia G\u00f3mez\"><\/a><div class=\"authorBox__name\"><span>por\n\t\t\t<a href=\"https:\/\/www.suno.com.br\/noticias\/author\/natalia-gomez\/\"><span itemprop=\"author\">Natalia G\u00f3mez<\/span><\/a><\/span><time datetime=\"2021-10-31T11:48:19-03:00\" itemprop=\"datePublished\">31\/10\/2021 11:48<\/time><\/div><\/div><\/div><\/div><\/div>","single_layout":"posts","amp_enabled":true,"_links":{"self":[{"href":"https:\/\/www.suno.com.br\/noticias\/wp-json\/wp\/v2\/posts\/199581"}],"collection":[{"href":"https:\/\/www.suno.com.br\/noticias\/wp-json\/wp\/v2\/posts"}],"about":[{"href":"https:\/\/www.suno.com.br\/noticias\/wp-json\/wp\/v2\/types\/post"}],"author":[{"embeddable":true,"href":"https:\/\/www.suno.com.br\/noticias\/wp-json\/wp\/v2\/users\/60"}],"replies":[{"embeddable":true,"href":"https:\/\/www.suno.com.br\/noticias\/wp-json\/wp\/v2\/comments?post=199581"}],"version-history":[{"count":4,"href":"https:\/\/www.suno.com.br\/noticias\/wp-json\/wp\/v2\/posts\/199581\/revisions"}],"predecessor-version":[{"id":199749,"href":"https:\/\/www.suno.com.br\/noticias\/wp-json\/wp\/v2\/posts\/199581\/revisions\/199749"}],"wp:featuredmedia":[{"embeddable":true,"href":"https:\/\/www.suno.com.br\/noticias\/wp-json\/wp\/v2\/media\/199584"}],"wp:attachment":[{"href":"https:\/\/www.suno.com.br\/noticias\/wp-json\/wp\/v2\/media?parent=199581"}],"wp:term":[{"taxonomy":"category","embeddable":true,"href":"https:\/\/www.suno.com.br\/noticias\/wp-json\/wp\/v2\/categories?post=199581"},{"taxonomy":"post_tag","embeddable":true,"href":"https:\/\/www.suno.com.br\/noticias\/wp-json\/wp\/v2\/tags?post=199581"},{"taxonomy":"suno_strategy","embeddable":true,"href":"https:\/\/www.suno.com.br\/noticias\/wp-json\/wp\/v2\/suno_strategy?post=199581"}],"curies":[{"name":"wp","href":"https:\/\/api.w.org\/{rel}","templated":true}]}}