{"id":199544,"date":"2021-10-30T20:14:07","date_gmt":"2021-10-30T23:14:07","guid":{"rendered":"https:\/\/www.suno.com.br\/noticias\/?p=199544"},"modified":"2021-10-30T20:14:07","modified_gmt":"2021-10-30T23:14:07","slug":"veja-cinco-maiores-quedas-ibovespa-semana-getnet-gett11","status":"publish","type":"post","link":"https:\/\/www.suno.com.br\/noticias\/veja-cinco-maiores-quedas-ibovespa-semana-getnet-gett11\/","title":{"rendered":"Veja as cinco maiores quedas do Ibovespa na semana; Getnet (GETT11) cai 22% com corre\u00e7\u00e3o"},"content":{"rendered":"<p>Seguindo<a href=\"https:\/\/www.suno.com.br\/artigos\/resultado-financeiro\"> na temporada de balan\u00e7os e com divulga\u00e7\u00e3o de indicadores<\/a>, o <strong>Ibovespa<\/strong> seguiu em queda nesta semana, fechando o preg\u00e3o de sexta (29) aos 103.500 pontos &#8211; e somente 12 pap\u00e9is dentre mais de 90 em saldo positivo.<\/p>\t<div class=\"wrapper-featured-image\">\n\t\t<figure class=\"spotlightImg\">\n\n\t\t\t<picture>\n\t\t\t\t<source media=\"(max-width: 768px)\" srcset=\"https:\/\/files.sunoresearch.com.br\/n\/uploads\/2021\/10\/getnet-3-1-400x200.png\">\n\t\t\t\t<img loading=\"lazy\" decoding=\"async\" class=\"newsContent__article__imgCapa lazyloadDisabled \" src=\"https:\/\/files.sunoresearch.com.br\/n\/uploads\/2021\/10\/getnet-3-1-800x450.png\" width=\"800\" height=\"450\" alt=\"Veja as cinco maiores quedas do Ibovespa na semana; Getnet (GETT11) cai 22% com corre\u00e7\u00e3o\" fetchpriority=high \/>\n\t\t\t<\/picture>\n\n\t\t\t<figcaption class=\"wp-caption-text wp-caption-text--show\">Getnet (GETT11)  - Foto: Divulga\u00e7\u00e3o<\/figcaption>\n\t\t<\/figure>\n\t<\/div>\n\n\n\t<p>\n\t\t<a href=\"https:\/\/lp.suno.com.br\/planilha-controle-gastos\/\" target=\"_blank\" data-element=\"shortcode-suno-banner\" title=\"Banner SUNO, clique e saiba mais\">\n\t\t\t<picture>\n\t\t\t\t<source media=\"(max-width: 500px)\" srcset=\"https:\/\/files.sunoresearch.com.br\/n\/uploads\/2023\/03\/400x300-Planilha-controle-de-gastos.png\">\n\t\t\t\t<img class=\"newsContent__article__imgCapa newsContent__article__imgCapa--banner\"\n\t\t\t\t\tsrc=\"https:\/\/files.sunoresearch.com.br\/n\/uploads\/2023\/03\/1420x240-Planilha-controle-de-gastos.png\"\n\t\t\t\t\tdata-promo-id=\"101751\"\t\t\t\t\t\t\t\t\t\twidth='1420' height='240'\t\t\t\t\talt=\"https:\/\/files.sunoresearch.com.br\/n\/uploads\/2023\/03\/1420x240-Planilha-controle-de-gastos.png\"\n\t\t\t\t>\n\t\t\t<\/picture>\n\t\t<\/a>\n\t<\/p>\n\n\n<p><a href=\"https:\/\/www.suno.com.br\/artigos\/ibovespa\">Acompanhando o Ibovespa<\/a>, companhias do varejo e a\u00e9reas sofreram no acumulado dos cinco dias \u00fateis, com <a href=\"https:\/\/www.suno.com.br\/artigos\/inflacao\">influ\u00eancia da <strong>infla\u00e7\u00e3o<\/strong> acima do esperado e o risco fiscal aumentando<\/a>.<\/p>\n<p>Vale lembrar que recentemente algumas casas de an\u00e1lise e corretoras revisaram suas proje\u00e7\u00f5es par ao Ibovespa e para o ano de 2022 no cen\u00e1rio macroecon\u00f4mico. Em praticamente todas as revis\u00f5es, os analistas aumentaram o pessimismo e projetaram cen\u00e1rios mais problem\u00e1ticos do que os vistos em an\u00e1lises anteriores.<\/p>\n<p>&#8220;A deteriora\u00e7\u00e3o no cen\u00e1rio inflacion\u00e1rio sustenta um cen\u00e1rio com juros mais altos. O comunicado indicou que o ritmo do ajuste continuar\u00e1 o mesmo na pr\u00f3xima reuni\u00e3o&#8221;, dizem os analistas do Banco Safra.<\/p>\n<p>Na sua revis\u00e3o Extraordin\u00e1ria, o Ita\u00fa BBA <a href=\"https:\/\/www.suno.com.br\/artigos\/desemprego\">tamb\u00e9m piorou as proje\u00e7\u00f5es, em ajuste ainda mais dr\u00e1stico<\/a>.<\/p>\n<p>&#8220;Not\u00edcias sobre o aumento dos gastos fiscais aumentaram as d\u00favidas sobre o futuro do <strong>arcabou\u00e7o fiscal<\/strong> no Brasil, que desde 2016 tem sido baseado em um <a class=\"suno-keyword\" href=\"https:\/\/www.suno.com.br\/artigos\/teto-de-gastos\/\" target=\"_blank\" rel=\"noopener\" data-force=\"no\" data-priority=\"1\">teto de gastos<\/a> ajust\u00e1vel. Embora a discuss\u00e3o sobre domin\u00e2ncia fiscal pare\u00e7a exagerada no momento, \u00e9 verdade que, sem uma \u00e2ncora fiscal cr\u00edvel, a tarefa do Banco Central em manter a infla\u00e7\u00e3o na meta se torna mais dif\u00edcil&#8221;, afirma Mario Mesquita, economista-chefe do Ita\u00fa.<\/p>\n<p>Al\u00e9m disso, a <a class=\"suno-keyword\" href=\"https:\/\/www.suno.com.br\/acoes\/PETR4\/\" target=\"_blank\" rel=\"noopener\" data-force=\"yes\" data-priority=\"2\"><strong>Petrobras<\/strong> (PETR4)<\/a> teve protagonismo nos \u00faltimos dias, apesar de ficar no saldo negativo. Em falas recentes, o Presidente da Rep\u00fablica citou uma poss\u00edvel privatiza\u00e7\u00e3o em meio \u00e0 alta dos combust\u00edveis e ao balan\u00e7o trimestral &#8211; com lucro acima do esperado e <a class=\"suno-keyword\" href=\"https:\/\/www.suno.com.br\/guias\/dividendos\/\" target=\"_blank\" rel=\"noopener\" data-force=\"no\" data-priority=\"1\">dividendos<\/a> bilion\u00e1rios.<\/p>\n<p>Confira as <strong>maiores quedas<\/strong> do Ibovespa na \u00faltima semana:<\/p>\n<ul>\n<li><a href=\"https:\/\/www.suno.com.br\/acoes\/GETT11\"><strong>GetNet <\/strong>(GETT11)<\/a>: -22,9%<\/li>\n<li><a href=\"https:\/\/www.suno.com.br\/acoes\/cash3\"><strong>M\u00e9liuz <\/strong>(CASH3)<\/a>: -15,35%<\/li>\n<li><a href=\"https:\/\/www.suno.com.br\/acoes\/azul4\"><strong>Azul <\/strong>(AZUL4)<\/a>: -14,8%<\/li>\n<li><a href=\"https:\/\/www.suno.com.br\/acoes\/mglu3\"><strong>Magazine Luiza <\/strong>(MGLU3)<\/a>: -12,9%<\/li>\n<li><a href=\"https:\/\/www.suno.com.br\/acoes\/amer3\"><strong>Americanas S.A. <\/strong>(AMER3)<\/a>: -11,9%<\/li>\n<\/ul>\n<h2>GetNet tem corre\u00e7\u00e3o ao adentrar o Ibovespa<\/h2>\n<p>A\u00a0<a href=\"https:\/\/www.suno.com.br\/noticias\/santander-sanb11-conclui-etapas-acoes-getnet-b3\/\"><strong>GetNet<\/strong>\u00a0(GETT3)<\/a>, empresa de maquininhas do\u00a0<a class=\"suno-keyword\" href=\"https:\/\/www.suno.com.br\/acoes\/SANB11\/\" target=\"_blank\" rel=\"noopener\" data-force=\"yes\" data-priority=\"2\">Santander (SANB11)<\/a>, estreou na bolsa no dia 18 ap\u00f3s concluir todas as etapas necess\u00e1rias para a cis\u00e3o do neg\u00f3cio. Os pap\u00e9is ordin\u00e1rios da companhia chegaram a subir 100% no intradia, saindo de R$ 2,22 para R$ 4,44, por volta das 11h45.<\/p>\n<p>Contudo, nesta semana a corre\u00e7\u00e3o na negocia\u00e7\u00e3o das units jogou a cota\u00e7\u00e3o para R$ 4,36, deixando o saldo no negativo em rela\u00e7\u00e3o a semana anterior.<\/p>\n<p>No dia 21 a companhia teve suas primeira corre\u00e7\u00f5es, com press\u00e3o mercado em torno do risco fiscal, ap\u00f3s o governo ensaiar aplica\u00e7\u00e3o de medidas para encontrar espa\u00e7o no or\u00e7amento fora do <a class=\"suno-keyword\" href=\"https:\/\/www.suno.com.br\/artigos\/teto-de-gastos\/\" target=\"_blank\" rel=\"noopener\" data-force=\"no\" data-priority=\"1\">teto de gastos<\/a>.<\/p>\n\n\t<div data-element=\"shortcode-read-more\" class=\"readToo\">\n\t\t\t\t<span class=\"readToo__title\">Leia mais<\/span>\n\t\t\t\t<ul class=\"readToo__list\">\n\t\t\t<li><a href=\"https:\/\/www.suno.com.br\/noticias\/petrobras-petr4-petr3-problema-bolsonaro-g20\/\">A Petrobras (PETR4) \u00e9 um problema, afirma Bolsonaro no G20<\/a><\/li><li><a href=\"https:\/\/www.suno.com.br\/noticias\/safra-pib-brasil-selic-risco-fiscal-pessimismo\/\">Com Selic e risco fiscal, Safra piora proje\u00e7\u00e3o do PIB e do IPCA<\/a><\/li>\t\t<\/ul>\n\t<\/div>\n\n\n<p>No preg\u00e3o em quest\u00e3o a\u00a0GetNet teve queda de 19.76%, negociada a R$ 6,82. A empresa teve m\u00e1xima \u00e0s 10h30, negociada a R$ 9,50. Ao longo do dia, na medida em que as not\u00edcias do governo e do teto de gastos foram divulgadas, a <strong>GETT11<\/strong> liderou as quedas na bolsa, alcan\u00e7ando m\u00ednima de R$ 6,60.<\/p>\n<h2>M\u00e9liuz segue com volatilidade<\/h2>\n<p>Pela segunda semana consecutiva os pap\u00e9is da companhia foram os mais desvalorizados do Ibovespa.<\/p>\n<p>Apesar disso, as a\u00e7\u00f5es ordin\u00e1rias n\u00e3o tiveram nenhuma influ\u00eancia direta de alguma not\u00edcia nem nenhum documento arquivado que derrubou a cota\u00e7\u00e3o.<\/p>\n\t<p>\n\t\t<a href=\"https:\/\/lp.suno.com.br\/planilha-da-vida-financeira\/\" target=\"_blank\" data-element=\"shortcode-suno-banner\" title=\"Banner SUNO, clique e saiba mais\">\n\t\t\t<picture>\n\t\t\t\t<source media=\"(max-width: 500px)\" srcset=\"https:\/\/files.sunoresearch.com.br\/n\/uploads\/2023\/04\/400x300-Planilha-vida-financeira-true.png\">\n\t\t\t\t<img class=\"newsContent__article__imgCapa newsContent__article__imgCapa--banner\"\n\t\t\t\t\tsrc=\"https:\/\/files.sunoresearch.com.br\/n\/uploads\/2023\/04\/1420x240-Planilha-vida-financeira-true.png\"\n\t\t\t\t\tdata-promo-id=\"106682\"\t\t\t\t\t\t\t\t\t\twidth='1420' height='240'\t\t\t\t\talt=\"https:\/\/files.sunoresearch.com.br\/n\/uploads\/2023\/04\/1420x240-Planilha-vida-financeira-true.png\"\n\t\t\t\t>\n\t\t\t<\/picture>\n\t\t<\/a>\n\t<\/p>\n\n\n<p>Seguindo a tend\u00eancia do \u00edndice, a\u00a0<strong>desvaloriza\u00e7\u00e3o do M\u00e9liuz<\/strong> nesta semana seguiu o padr\u00e3o de volatilidade que as a\u00e7\u00f5es da empresa registram h\u00e1 semanas, com acumulado de\u00a0 45% de queda nos \u00faltimos seis meses.<\/p>\n<h2>Azul tem cen\u00e1rio incerto<\/h2>\n<p>Com o seu balan\u00e7o ainda a ser divulgado, as especula\u00e7\u00f5es e corre\u00e7\u00f5es nas <strong>a\u00e7\u00f5es da Azul<\/strong> derrubaram a cota\u00e7\u00e3o para R$ 24,87 na semana.<\/p>\n<p>De um modo geral, apesar das festas de fim de ano e do aumento dos \u00edndices de vacina\u00e7\u00e3o contra Covid-19 na popula\u00e7\u00e3o, o que d\u00e1 uma perspectiva positiva para o setor, alguns fatores podem ser limitantes.<\/p>\n<p>Alguns analistas citam que o aumento dos pre\u00e7os do\u00a0<strong>querosene de avia\u00e7\u00e3o<\/strong>, que tem um peso relevante para as empresas do segmento &#8211; com o c\u00e2mbio alto e uma deteriora\u00e7\u00e3o do cen\u00e1rio macroecon\u00f4mico &#8211; podem gerar dificuldades.<\/p>\n\t<p>\n\t\t<a href=\"https:\/\/lp.suno.com.br\/ebook-como-analisar-uma-acao\/\" target=\"_blank\" data-element=\"shortcode-suno-banner\" title=\"Banner SUNO, clique e saiba mais\">\n\t\t\t<picture>\n\t\t\t\t<source media=\"(max-width: 500px)\" srcset=\"https:\/\/files.sunoresearch.com.br\/n\/uploads\/2023\/03\/Ebook-Acoes-Mobile-1.jpg\">\n\t\t\t\t<img class=\"newsContent__article__imgCapa newsContent__article__imgCapa--banner\"\n\t\t\t\t\tsrc=\"https:\/\/files.sunoresearch.com.br\/n\/uploads\/2023\/03\/Ebook-Acoes-Desktop-1.jpg\"\n\t\t\t\t\tdata-promo-id=\"171998\"\t\t\t\t\t\t\t\t\t\twidth='1420' height='286'\t\t\t\t\talt=\"https:\/\/files.sunoresearch.com.br\/n\/uploads\/2023\/03\/Ebook-Acoes-Desktop-1.jpg\"\n\t\t\t\t>\n\t\t\t<\/picture>\n\t\t<\/a>\n\t<\/p>\n\n\n<p>O analista Vitor Suzaki, do Banco Daycoval, frisa que o baixo <a class=\"suno-keyword\" href=\"https:\/\/www.suno.com.br\/artigos\/poder-aquisitivo\/\" target=\"_blank\" rel=\"noopener\" data-force=\"no\" data-priority=\"1\">poder aquisitivo<\/a>\u00a0do consumidor, causado pelas altas taxas de desemprego, e o endividamento das fam\u00edlias n\u00e3o d\u00e3o espa\u00e7o para que aumentos de\u00a0<strong>pre\u00e7os das passagens<\/strong>\u00a0sejam absorvidos, inibindo portanto a retomada.<\/p>\n<h2>Magazine Luiza sofre com deteriora\u00e7\u00e3o do cen\u00e1rio macro<\/h2>\n<p>Da mesma forma que o M\u00e9liuz, as <strong>a\u00e7\u00f5es do Magazine Luiza<\/strong> tem quedas associadas ao ambiente macroecon\u00f4mico e acompanham o Ibovespa.<\/p>\n<p>A varejista teve a compra da <strong>Kabum<\/strong> aprovada pelo Conselho Administrativo de Defesa Econ\u00f4mica (CADE) e lan\u00e7ou recentemente uma marca pr\u00f3pria de moda, a Vista Magalu, com valores ESG.<\/p>\n<p>Contudo, apesar desses movimentos, o mercado penalizou os pap\u00e9is da companhia em um cen\u00e1rio de juros e infla\u00e7\u00e3o em alta com maior risco fiscal.<\/p>\n\t<p>\n\t\t<a href=\"https:\/\/lp.suno.com.br\/planilha-de-controle-de-investimentos\/\" target=\"_blank\" data-element=\"shortcode-suno-banner\" title=\"Banner SUNO, clique e saiba mais\">\n\t\t\t<picture>\n\t\t\t\t<source media=\"(max-width: 500px)\" srcset=\"https:\/\/files.sunoresearch.com.br\/n\/uploads\/2023\/03\/400x300-Controle-de-Investimentos.png\">\n\t\t\t\t<img class=\"newsContent__article__imgCapa newsContent__article__imgCapa--banner\"\n\t\t\t\t\tsrc=\"https:\/\/files.sunoresearch.com.br\/n\/uploads\/2023\/03\/1420x240-Controle-de-Investimentos.png\"\n\t\t\t\t\tdata-promo-id=\"75934\"\t\t\t\t\t\t\t\t\t\twidth='1420' height='240'\t\t\t\t\talt=\"https:\/\/files.sunoresearch.com.br\/n\/uploads\/2023\/03\/1420x240-Controle-de-Investimentos.png\"\n\t\t\t\t>\n\t\t\t<\/picture>\n\t\t<\/a>\n\t<\/p>\n\n\n<p>Vale lembrar que as varejistas como um todo sofrem no ano de 2021. No acumulado do ano, as a\u00e7\u00f5es da Magalu j\u00e1 ca\u00edram 57% em rela\u00e7\u00e3o ao primeiro preg\u00e3o.<\/p>\n<h2>Americanas cai 11%<\/h2>\n<p>Seguindo a tend\u00eancia do setor, a varejista tamb\u00e9m \u00e9 penalizada pelo mercado, com Selic em escalada. Com o pre\u00e7o em queda, recentemente a a XP Investimentos reiterou sua recomenda\u00e7\u00e3o de compra para os pap\u00e9is, com pre\u00e7o-alvo de R$ 82,0 para os pr\u00f3ximos 12 meses.<\/p>\n<p>A corretora afirma que enxerga o an\u00fancio \u201ccomo positivo, dado que a opera\u00e7\u00e3o melhoraria os padr\u00f5es de governan\u00e7a da empresa\u201d.<\/p>\n<p>Contudo, a preocupa\u00e7\u00e3o com rela\u00e7\u00e3o \u00e0 fus\u00e3o se mant\u00e9m.<\/p>\n<p>\u201cEntretanto, esperamos um\u00a0<a class=\"suno-keyword\" href=\"https:\/\/www.suno.com.br\/artigos\/curto-prazo\/\" target=\"_blank\" rel=\"noopener\" data-force=\"no\" data-priority=\"1\">curto prazo<\/a> vol\u00e1til devido \u00e0 falta de visibilidade quanto a fus\u00e3o das bases acion\u00e1rias, cen\u00e1rio macroecon\u00f4mico desafiador e aumento da competi\u00e7\u00e3o no setor\u201d, diz relat\u00f3rio da corretora.<\/p>\n<p>Com a Selic em ciclo de alta, em 7,75% atuais, o setor das varejistas sofre no <strong>Ibovespa<\/strong>, <a href=\"https:\/\/www.suno.com.br\/noticias\/via-viia3-americanas-amer3-varejistas-selic-alta\/\">conforme reportado pelo Suno Not\u00edcias<\/a>. A mesma XP que recomendou compra para os pap\u00e9is citou, em relat\u00f3rio sobre o setor, que h\u00e1 uma \u201cperspectiva macroecon\u00f4mica mais desafiadora \u00e0 frente, assim como uma maior volatilidade pol\u00edtica\u201d.<\/p>\n\t<p>\n\t\t<a href=\"\" target=\"_blank\" data-element=\"shortcode-suno-banner\" title=\"Banner SUNO, clique e saiba mais\">\n\t\t\t<picture>\n\t\t\t\t<source media=\"(max-width: 500px)\" srcset=\"\">\n\t\t\t\t<img class=\"newsContent__article__imgCapa newsContent__article__imgCapa--banner\"\n\t\t\t\t\tsrc=\"\"\n\t\t\t\t\tdata-promo-id=\"184190\"\t\t\t\t\t\t\t\t\t\t\t\t\t\t\talt=\"\"\n\t\t\t\t>\n\t\t\t<\/picture>\n\t\t<\/a>\n\t<\/p>\n\n\n","protected":false},"excerpt":{"rendered":"<p>Seguindo na temporada de balan\u00e7os e com divulga\u00e7\u00e3o de indicadores, o Ibovespa seguiu em queda nesta semana, fechando o preg\u00e3o de sexta (29) aos 103.500 pontos &#8211; e somente 12 pap\u00e9is dentre mais de 90 em saldo positivo. Safra: &quot;Crise h\u00eddrica tamb\u00e9m \u00e9 outro fator de risco a ser monitorado no ambiente dom\u00e9stico.&quot; &#8211; Foto: [&hellip;]<\/p>\n","protected":false},"author":73,"featured_media":194454,"comment_status":"closed","ping_status":"closed","sticky":false,"template":"","format":"standard","meta":[],"categories":[60],"tags":[106605,106932,105816,106793,721,548,104467],"suno_strategy":[],"class_list":["post-199544","post","type-post","status-publish","format-standard","has-post-thumbnail","hentry","category-mercado","tag-americanas-s-a-amer3","tag-azul-azul4","tag-especialistas","tag-getnet-gett11-gett4-gett3","tag-ibovespa","tag-magazine-luiza-mglu3","tag-meliuz-cash3"],"yoast_head":"<!-- This site is optimized with the Yoast SEO plugin v24.4 - https:\/\/yoast.com\/wordpress\/plugins\/seo\/ -->\n<title>Veja as 5 maiores baixas do Ibovespa; Getnet (GETT11) derrete 23%<\/title>\n<meta name=\"description\" content=\"Com corre\u00e7\u00f5es e ambiente macroecon\u00f4mico inst\u00e1vel, a\u00e7\u00f5es da GetNet tiveram a maior queda no Ibovespa. Clique aqui e leia mais.\" \/>\n<meta name=\"robots\" content=\"index, follow, max-snippet:-1, max-image-preview:large, max-video-preview:-1\" \/>\n<link rel=\"canonical\" href=\"https:\/\/www.suno.com.br\/noticias\/veja-cinco-maiores-quedas-ibovespa-semana-getnet-gett11\/\" \/>\n<meta property=\"og:locale\" content=\"pt_BR\" \/>\n<meta property=\"og:type\" content=\"article\" \/>\n<meta property=\"og:title\" content=\"Veja as 5 maiores baixas do Ibovespa; Getnet (GETT11) derrete 23%\" \/>\n<meta property=\"og:description\" content=\"Com corre\u00e7\u00f5es e ambiente macroecon\u00f4mico inst\u00e1vel, a\u00e7\u00f5es da GetNet tiveram a maior queda no Ibovespa. Clique aqui e leia mais.\" \/>\n<meta property=\"og:url\" content=\"https:\/\/www.suno.com.br\/noticias\/veja-cinco-maiores-quedas-ibovespa-semana-getnet-gett11\/\" \/>\n<meta property=\"og:site_name\" content=\"Suno Not\u00edcias\" \/>\n<meta property=\"article:publisher\" content=\"https:\/\/facebook.com\/sunoresearch\" \/>\n<meta property=\"og:image\" content=\"https:\/\/files.sunoresearch.com.br\/n\/uploads\/2021\/10\/getnet-3-1.png\" \/>\n\t<meta property=\"og:image:width\" content=\"1280\" \/>\n\t<meta property=\"og:image:height\" content=\"600\" \/>\n\t<meta property=\"og:image:type\" content=\"image\/png\" \/>\n<meta name=\"author\" content=\"Eduardo Vargas\" \/>\n<meta name=\"twitter:card\" content=\"summary_large_image\" \/>\n<meta name=\"twitter:creator\" content=\"@sunoresearch\" \/>\n<meta name=\"twitter:site\" content=\"@sunoresearch\" \/>\n<meta name=\"twitter:label1\" content=\"Escrito por\" \/>\n\t<meta name=\"twitter:data1\" content=\"Eduardo Vargas\" \/>\n\t<meta name=\"twitter:label2\" content=\"Est. tempo de leitura\" \/>\n\t<meta name=\"twitter:data2\" content=\"5 minutos\" \/>\n<script type=\"application\/ld+json\" class=\"yoast-schema-graph\">{\"@context\":\"https:\/\/schema.org\",\"@graph\":[{\"@type\":\"NewsArticle\",\"@id\":\"https:\/\/www.suno.com.br\/noticias\/veja-cinco-maiores-quedas-ibovespa-semana-getnet-gett11\/#article\",\"isPartOf\":{\"@id\":\"https:\/\/www.suno.com.br\/noticias\/veja-cinco-maiores-quedas-ibovespa-semana-getnet-gett11\/\"},\"author\":{\"name\":\"Eduardo Vargas\",\"@id\":\"https:\/\/www.suno.com.br\/noticias\/#\/schema\/person\/7f4d362bf3518e76090143ae77bb49a5\"},\"headline\":\"Veja as cinco maiores quedas do Ibovespa na semana; Getnet (GETT11) cai 22% com corre\u00e7\u00e3o\",\"datePublished\":\"2021-10-30T23:14:07+00:00\",\"mainEntityOfPage\":{\"@id\":\"https:\/\/www.suno.com.br\/noticias\/veja-cinco-maiores-quedas-ibovespa-semana-getnet-gett11\/\"},\"wordCount\":1104,\"publisher\":{\"@id\":\"https:\/\/www.suno.com.br\/noticias\/#organization\"},\"image\":{\"@id\":\"https:\/\/www.suno.com.br\/noticias\/veja-cinco-maiores-quedas-ibovespa-semana-getnet-gett11\/#primaryimage\"},\"thumbnailUrl\":\"https:\/\/files.sunoresearch.com.br\/n\/uploads\/2021\/10\/getnet-3-1.png\",\"keywords\":[\"Americanas (AMER3)\",\"Azul (AZUL4)\",\"Especialistas\",\"Getnet (GETT11\/GETT4\/GETT3)\",\"Ibovespa\",\"Magazine Luiza (MGLU3)\",\"M\u00e9liuz (CASH3)\"],\"articleSection\":[\"Mercado\"],\"inLanguage\":\"pt-BR\"},{\"@type\":\"WebPage\",\"@id\":\"https:\/\/www.suno.com.br\/noticias\/veja-cinco-maiores-quedas-ibovespa-semana-getnet-gett11\/\",\"url\":\"https:\/\/www.suno.com.br\/noticias\/veja-cinco-maiores-quedas-ibovespa-semana-getnet-gett11\/\",\"name\":\"Veja as 5 maiores baixas do Ibovespa; Getnet (GETT11) derrete 23%\",\"isPartOf\":{\"@id\":\"https:\/\/www.suno.com.br\/noticias\/#website\"},\"primaryImageOfPage\":{\"@id\":\"https:\/\/www.suno.com.br\/noticias\/veja-cinco-maiores-quedas-ibovespa-semana-getnet-gett11\/#primaryimage\"},\"image\":{\"@id\":\"https:\/\/www.suno.com.br\/noticias\/veja-cinco-maiores-quedas-ibovespa-semana-getnet-gett11\/#primaryimage\"},\"thumbnailUrl\":\"https:\/\/files.sunoresearch.com.br\/n\/uploads\/2021\/10\/getnet-3-1.png\",\"datePublished\":\"2021-10-30T23:14:07+00:00\",\"description\":\"Com corre\u00e7\u00f5es e ambiente macroecon\u00f4mico inst\u00e1vel, a\u00e7\u00f5es da GetNet tiveram a maior queda no Ibovespa. Clique aqui e leia mais.\",\"breadcrumb\":{\"@id\":\"https:\/\/www.suno.com.br\/noticias\/veja-cinco-maiores-quedas-ibovespa-semana-getnet-gett11\/#breadcrumb\"},\"inLanguage\":\"pt-BR\",\"potentialAction\":[{\"@type\":\"ReadAction\",\"target\":[\"https:\/\/www.suno.com.br\/noticias\/veja-cinco-maiores-quedas-ibovespa-semana-getnet-gett11\/\"]}]},{\"@type\":\"ImageObject\",\"inLanguage\":\"pt-BR\",\"@id\":\"https:\/\/www.suno.com.br\/noticias\/veja-cinco-maiores-quedas-ibovespa-semana-getnet-gett11\/#primaryimage\",\"url\":\"https:\/\/files.sunoresearch.com.br\/n\/uploads\/2021\/10\/getnet-3-1.png\",\"contentUrl\":\"https:\/\/files.sunoresearch.com.br\/n\/uploads\/2021\/10\/getnet-3-1.png\",\"width\":1280,\"height\":600,\"caption\":\"Getnet (GETT11) - Foto: Divulga\u00e7\u00e3o\"},{\"@type\":\"BreadcrumbList\",\"@id\":\"https:\/\/www.suno.com.br\/noticias\/veja-cinco-maiores-quedas-ibovespa-semana-getnet-gett11\/#breadcrumb\",\"itemListElement\":[{\"@type\":\"ListItem\",\"position\":1,\"name\":\"Not\u00edcias\",\"item\":\"https:\/\/www.suno.com.br\/noticias\/\"},{\"@type\":\"ListItem\",\"position\":2,\"name\":\"Mercado\",\"item\":\"https:\/\/www.suno.com.br\/noticias\/mercado\/\"},{\"@type\":\"ListItem\",\"position\":3,\"name\":\"Veja as cinco maiores quedas do Ibovespa na semana; Getnet (GETT11) cai 22% com corre\u00e7\u00e3o\"}]},{\"@type\":\"WebSite\",\"@id\":\"https:\/\/www.suno.com.br\/noticias\/#website\",\"url\":\"https:\/\/www.suno.com.br\/noticias\/\",\"name\":\"Suno Not\u00edcias\",\"description\":\"Seu portal de informa\u00e7\u00e3o sobre o mundo dos investimentos\",\"publisher\":{\"@id\":\"https:\/\/www.suno.com.br\/noticias\/#organization\"},\"potentialAction\":[{\"@type\":\"SearchAction\",\"target\":{\"@type\":\"EntryPoint\",\"urlTemplate\":\"https:\/\/www.suno.com.br\/noticias\/?s={search_term_string}\"},\"query-input\":{\"@type\":\"PropertyValueSpecification\",\"valueRequired\":true,\"valueName\":\"search_term_string\"}}],\"inLanguage\":\"pt-BR\"},{\"@type\":\"Organization\",\"@id\":\"https:\/\/www.suno.com.br\/noticias\/#organization\",\"name\":\"Suno Not\u00edcias\",\"url\":\"https:\/\/www.suno.com.br\/noticias\/\",\"logo\":{\"@type\":\"ImageObject\",\"inLanguage\":\"pt-BR\",\"@id\":\"https:\/\/www.suno.com.br\/noticias\/#\/schema\/logo\/image\/\",\"url\":\"https:\/\/files.sunoresearch.com.br\/n\/uploads\/2021\/09\/suno-logo.png\",\"contentUrl\":\"https:\/\/files.sunoresearch.com.br\/n\/uploads\/2021\/09\/suno-logo.png\",\"width\":180,\"height\":180,\"caption\":\"Suno Not\u00edcias\"},\"image\":{\"@id\":\"https:\/\/www.suno.com.br\/noticias\/#\/schema\/logo\/image\/\"},\"sameAs\":[\"https:\/\/facebook.com\/sunoresearch\",\"https:\/\/x.com\/sunoresearch\",\"https:\/\/www.instagram.com\/suno\",\"https:\/\/www.linkedin.com\/company\/suno-research\/\",\"https:\/\/www.youtube.com\/c\/sunoresearch\"]},{\"@type\":\"Person\",\"@id\":\"https:\/\/www.suno.com.br\/noticias\/#\/schema\/person\/7f4d362bf3518e76090143ae77bb49a5\",\"name\":\"Eduardo Vargas\",\"image\":{\"@type\":\"ImageObject\",\"inLanguage\":\"pt-BR\",\"@id\":\"https:\/\/www.suno.com.br\/noticias\/#\/schema\/person\/image\/\",\"url\":\"https:\/\/secure.gravatar.com\/avatar\/dac340933427a22924c9f99d1eb2e3f2?s=96&r=g\",\"contentUrl\":\"https:\/\/secure.gravatar.com\/avatar\/dac340933427a22924c9f99d1eb2e3f2?s=96&r=g\",\"caption\":\"Eduardo Vargas\"},\"description\":\"Jornalista formado pela UFSC, cobre macroeconomia, neg\u00f3cios e startups para o Suno Not\u00edcias, escrevendo principalmente not\u00edcias sobre o mercado financeiro e a bolsa de valores. No YouTube e no Instagram, \u00e9 respons\u00e1vel pela produ\u00e7\u00e3o de Reels e Shorts do Suno Not\u00edcias. Anteriormente, trabalhou cobrindo economia e cotidiano no ND+ e para o ND, maior jornal impresso de Santa Catarina. Cursou um semestre letivo de Estudos de M\u00eddia na Universidad de Buenos Aires.\",\"url\":\"https:\/\/www.suno.com.br\/noticias\/author\/eduardo-vargas\/\"}]}<\/script>\n<!-- \/ Yoast SEO plugin. -->","yoast_head_json":{"title":"Veja as 5 maiores baixas do Ibovespa; Getnet (GETT11) derrete 23%","description":"Com corre\u00e7\u00f5es e ambiente macroecon\u00f4mico inst\u00e1vel, a\u00e7\u00f5es da GetNet tiveram a maior queda no Ibovespa. Clique aqui e leia mais.","robots":{"index":"index","follow":"follow","max-snippet":"max-snippet:-1","max-image-preview":"max-image-preview:large","max-video-preview":"max-video-preview:-1"},"canonical":"https:\/\/www.suno.com.br\/noticias\/veja-cinco-maiores-quedas-ibovespa-semana-getnet-gett11\/","og_locale":"pt_BR","og_type":"article","og_title":"Veja as 5 maiores baixas do Ibovespa; Getnet (GETT11) derrete 23%","og_description":"Com corre\u00e7\u00f5es e ambiente macroecon\u00f4mico inst\u00e1vel, a\u00e7\u00f5es da GetNet tiveram a maior queda no Ibovespa. Clique aqui e leia mais.","og_url":"https:\/\/www.suno.com.br\/noticias\/veja-cinco-maiores-quedas-ibovespa-semana-getnet-gett11\/","og_site_name":"Suno Not\u00edcias","article_publisher":"https:\/\/facebook.com\/sunoresearch","og_image":[{"width":1280,"height":600,"url":"https:\/\/files.sunoresearch.com.br\/n\/uploads\/2021\/10\/getnet-3-1.png","type":"image\/png"}],"author":"Eduardo Vargas","twitter_card":"summary_large_image","twitter_creator":"@sunoresearch","twitter_site":"@sunoresearch","twitter_misc":{"Escrito por":"Eduardo Vargas","Est. tempo de leitura":"5 minutos"},"schema":{"@context":"https:\/\/schema.org","@graph":[{"@type":"NewsArticle","@id":"https:\/\/www.suno.com.br\/noticias\/veja-cinco-maiores-quedas-ibovespa-semana-getnet-gett11\/#article","isPartOf":{"@id":"https:\/\/www.suno.com.br\/noticias\/veja-cinco-maiores-quedas-ibovespa-semana-getnet-gett11\/"},"author":{"name":"Eduardo Vargas","@id":"https:\/\/www.suno.com.br\/noticias\/#\/schema\/person\/7f4d362bf3518e76090143ae77bb49a5"},"headline":"Veja as cinco maiores quedas do Ibovespa na semana; Getnet (GETT11) cai 22% com corre\u00e7\u00e3o","datePublished":"2021-10-30T23:14:07+00:00","mainEntityOfPage":{"@id":"https:\/\/www.suno.com.br\/noticias\/veja-cinco-maiores-quedas-ibovespa-semana-getnet-gett11\/"},"wordCount":1104,"publisher":{"@id":"https:\/\/www.suno.com.br\/noticias\/#organization"},"image":{"@id":"https:\/\/www.suno.com.br\/noticias\/veja-cinco-maiores-quedas-ibovespa-semana-getnet-gett11\/#primaryimage"},"thumbnailUrl":"https:\/\/files.sunoresearch.com.br\/n\/uploads\/2021\/10\/getnet-3-1.png","keywords":["Americanas (AMER3)","Azul (AZUL4)","Especialistas","Getnet (GETT11\/GETT4\/GETT3)","Ibovespa","Magazine Luiza (MGLU3)","M\u00e9liuz (CASH3)"],"articleSection":["Mercado"],"inLanguage":"pt-BR"},{"@type":"WebPage","@id":"https:\/\/www.suno.com.br\/noticias\/veja-cinco-maiores-quedas-ibovespa-semana-getnet-gett11\/","url":"https:\/\/www.suno.com.br\/noticias\/veja-cinco-maiores-quedas-ibovespa-semana-getnet-gett11\/","name":"Veja as 5 maiores baixas do Ibovespa; Getnet (GETT11) derrete 23%","isPartOf":{"@id":"https:\/\/www.suno.com.br\/noticias\/#website"},"primaryImageOfPage":{"@id":"https:\/\/www.suno.com.br\/noticias\/veja-cinco-maiores-quedas-ibovespa-semana-getnet-gett11\/#primaryimage"},"image":{"@id":"https:\/\/www.suno.com.br\/noticias\/veja-cinco-maiores-quedas-ibovespa-semana-getnet-gett11\/#primaryimage"},"thumbnailUrl":"https:\/\/files.sunoresearch.com.br\/n\/uploads\/2021\/10\/getnet-3-1.png","datePublished":"2021-10-30T23:14:07+00:00","description":"Com corre\u00e7\u00f5es e ambiente macroecon\u00f4mico inst\u00e1vel, a\u00e7\u00f5es da GetNet tiveram a maior queda no Ibovespa. Clique aqui e leia mais.","breadcrumb":{"@id":"https:\/\/www.suno.com.br\/noticias\/veja-cinco-maiores-quedas-ibovespa-semana-getnet-gett11\/#breadcrumb"},"inLanguage":"pt-BR","potentialAction":[{"@type":"ReadAction","target":["https:\/\/www.suno.com.br\/noticias\/veja-cinco-maiores-quedas-ibovespa-semana-getnet-gett11\/"]}]},{"@type":"ImageObject","inLanguage":"pt-BR","@id":"https:\/\/www.suno.com.br\/noticias\/veja-cinco-maiores-quedas-ibovespa-semana-getnet-gett11\/#primaryimage","url":"https:\/\/files.sunoresearch.com.br\/n\/uploads\/2021\/10\/getnet-3-1.png","contentUrl":"https:\/\/files.sunoresearch.com.br\/n\/uploads\/2021\/10\/getnet-3-1.png","width":1280,"height":600,"caption":"Getnet (GETT11) - Foto: Divulga\u00e7\u00e3o"},{"@type":"BreadcrumbList","@id":"https:\/\/www.suno.com.br\/noticias\/veja-cinco-maiores-quedas-ibovespa-semana-getnet-gett11\/#breadcrumb","itemListElement":[{"@type":"ListItem","position":1,"name":"Not\u00edcias","item":"https:\/\/www.suno.com.br\/noticias\/"},{"@type":"ListItem","position":2,"name":"Mercado","item":"https:\/\/www.suno.com.br\/noticias\/mercado\/"},{"@type":"ListItem","position":3,"name":"Veja as cinco maiores quedas do Ibovespa na semana; Getnet (GETT11) cai 22% com corre\u00e7\u00e3o"}]},{"@type":"WebSite","@id":"https:\/\/www.suno.com.br\/noticias\/#website","url":"https:\/\/www.suno.com.br\/noticias\/","name":"Suno Not\u00edcias","description":"Seu portal de informa\u00e7\u00e3o sobre o mundo dos investimentos","publisher":{"@id":"https:\/\/www.suno.com.br\/noticias\/#organization"},"potentialAction":[{"@type":"SearchAction","target":{"@type":"EntryPoint","urlTemplate":"https:\/\/www.suno.com.br\/noticias\/?s={search_term_string}"},"query-input":{"@type":"PropertyValueSpecification","valueRequired":true,"valueName":"search_term_string"}}],"inLanguage":"pt-BR"},{"@type":"Organization","@id":"https:\/\/www.suno.com.br\/noticias\/#organization","name":"Suno Not\u00edcias","url":"https:\/\/www.suno.com.br\/noticias\/","logo":{"@type":"ImageObject","inLanguage":"pt-BR","@id":"https:\/\/www.suno.com.br\/noticias\/#\/schema\/logo\/image\/","url":"https:\/\/files.sunoresearch.com.br\/n\/uploads\/2021\/09\/suno-logo.png","contentUrl":"https:\/\/files.sunoresearch.com.br\/n\/uploads\/2021\/09\/suno-logo.png","width":180,"height":180,"caption":"Suno Not\u00edcias"},"image":{"@id":"https:\/\/www.suno.com.br\/noticias\/#\/schema\/logo\/image\/"},"sameAs":["https:\/\/facebook.com\/sunoresearch","https:\/\/x.com\/sunoresearch","https:\/\/www.instagram.com\/suno","https:\/\/www.linkedin.com\/company\/suno-research\/","https:\/\/www.youtube.com\/c\/sunoresearch"]},{"@type":"Person","@id":"https:\/\/www.suno.com.br\/noticias\/#\/schema\/person\/7f4d362bf3518e76090143ae77bb49a5","name":"Eduardo Vargas","image":{"@type":"ImageObject","inLanguage":"pt-BR","@id":"https:\/\/www.suno.com.br\/noticias\/#\/schema\/person\/image\/","url":"https:\/\/secure.gravatar.com\/avatar\/dac340933427a22924c9f99d1eb2e3f2?s=96&r=g","contentUrl":"https:\/\/secure.gravatar.com\/avatar\/dac340933427a22924c9f99d1eb2e3f2?s=96&r=g","caption":"Eduardo Vargas"},"description":"Jornalista formado pela UFSC, cobre macroeconomia, neg\u00f3cios e startups para o Suno Not\u00edcias, escrevendo principalmente not\u00edcias sobre o mercado financeiro e a bolsa de valores. No YouTube e no Instagram, \u00e9 respons\u00e1vel pela produ\u00e7\u00e3o de Reels e Shorts do Suno Not\u00edcias. Anteriormente, trabalhou cobrindo economia e cotidiano no ND+ e para o ND, maior jornal impresso de Santa Catarina. Cursou um semestre letivo de Estudos de M\u00eddia na Universidad de Buenos Aires.","url":"https:\/\/www.suno.com.br\/noticias\/author\/eduardo-vargas\/"}]}},"default_loop_html":"<div class=\"cardsPage__listCard__boxs\"><div class=\"cardsPage__listCard__boxs__img\"><a href=\"https:\/\/www.suno.com.br\/noticias\/safra-pib-brasil-selic-risco-fiscal-pessimismo\/\"><img class=\"mask\" src=\"https:\/\/www.suno.com.br\/noticias\/wp-content\/themes\/suno\/resources\/images\/spotlight\/spotlight1img\/bg-mask.png\" alt=\"Image Mask\"\/><img src=\"https:\/\/files.sunoresearch.com.br\/n\/uploads\/2021\/09\/copomselic-400x200.png\" alt=\"Com Selic e risco fiscal, Safra piora proje\u00e7\u00e3o do PIB e do IPCA\"\/><\/a><span class=\"spotlightCategory\"><a href=\"https:\/\/www.suno.com.br\/noticias\/economia\/\">Economia<\/a><\/span><\/div><div class=\"cardsPage__listCard__boxs__content\"><a href=\"https:\/\/www.suno.com.br\/noticias\/safra-pib-brasil-selic-risco-fiscal-pessimismo\/\"><h2 class=\"content__title\">Com Selic e risco fiscal, Safra piora proje\u00e7\u00e3o do PIB e do IPCA<\/h2><\/a><div class=\"newsContent__article__meta\"><div class=\"newsContent__article__meta__authorBox\"><a href=\"https:\/\/www.suno.com.br\/noticias\/author\/eduardo-vargas\/\" class=\"authorBox__avatar noMobi\"><img src=\"https:\/\/secure.gravatar.com\/avatar\/dac340933427a22924c9f99d1eb2e3f2?s=96&#038;r=g\" alt=\"Eduardo Vargas\"><\/a><div class=\"authorBox__name\"><span>por\n\t\t\t<a href=\"https:\/\/www.suno.com.br\/noticias\/author\/eduardo-vargas\/\"><span itemprop=\"author\">Eduardo Vargas<\/span><\/a><\/span><time datetime=\"2021-10-29T17:09:06-03:00\" itemprop=\"datePublished\">29\/10\/2021 17:09<\/time><\/div><\/div><\/div><\/div><\/div>","single_layout":"posts","amp_enabled":true,"_links":{"self":[{"href":"https:\/\/www.suno.com.br\/noticias\/wp-json\/wp\/v2\/posts\/199544"}],"collection":[{"href":"https:\/\/www.suno.com.br\/noticias\/wp-json\/wp\/v2\/posts"}],"about":[{"href":"https:\/\/www.suno.com.br\/noticias\/wp-json\/wp\/v2\/types\/post"}],"author":[{"embeddable":true,"href":"https:\/\/www.suno.com.br\/noticias\/wp-json\/wp\/v2\/users\/73"}],"replies":[{"embeddable":true,"href":"https:\/\/www.suno.com.br\/noticias\/wp-json\/wp\/v2\/comments?post=199544"}],"version-history":[{"count":2,"href":"https:\/\/www.suno.com.br\/noticias\/wp-json\/wp\/v2\/posts\/199544\/revisions"}],"predecessor-version":[{"id":202222,"href":"https:\/\/www.suno.com.br\/noticias\/wp-json\/wp\/v2\/posts\/199544\/revisions\/202222"}],"wp:featuredmedia":[{"embeddable":true,"href":"https:\/\/www.suno.com.br\/noticias\/wp-json\/wp\/v2\/media\/194454"}],"wp:attachment":[{"href":"https:\/\/www.suno.com.br\/noticias\/wp-json\/wp\/v2\/media?parent=199544"}],"wp:term":[{"taxonomy":"category","embeddable":true,"href":"https:\/\/www.suno.com.br\/noticias\/wp-json\/wp\/v2\/categories?post=199544"},{"taxonomy":"post_tag","embeddable":true,"href":"https:\/\/www.suno.com.br\/noticias\/wp-json\/wp\/v2\/tags?post=199544"},{"taxonomy":"suno_strategy","embeddable":true,"href":"https:\/\/www.suno.com.br\/noticias\/wp-json\/wp\/v2\/suno_strategy?post=199544"}],"curies":[{"name":"wp","href":"https:\/\/api.w.org\/{rel}","templated":true}]}}