{"id":199513,"date":"2021-10-30T18:41:25","date_gmt":"2021-10-30T21:41:25","guid":{"rendered":"https:\/\/www.suno.com.br\/noticias\/?p=199513"},"modified":"2021-11-07T18:08:08","modified_gmt":"2021-11-07T21:08:08","slug":"veja-cinco-maiores-altas-ibovespa-semana-ambev-abev3-lidera","status":"publish","type":"post","link":"https:\/\/www.suno.com.br\/noticias\/veja-cinco-maiores-altas-ibovespa-semana-ambev-abev3-lidera\/","title":{"rendered":"Veja as 5 maiores altas do Ibovespa na semana; Ambev (ABEV3) lidera com 13%"},"content":{"rendered":"<p>Seguindo na temporada de balan\u00e7os e com divulga\u00e7\u00e3o de indicadores, o <strong>Ibovespa<\/strong> seguiu em queda nesta semana, fechando o preg\u00e3o de sexta (29) aos 103.500 pontos.<\/p>\t<div class=\"wrapper-featured-image\">\n\t\t<figure class=\"spotlightImg\">\n\n\t\t\t<picture>\n\t\t\t\t<source media=\"(max-width: 768px)\" srcset=\"https:\/\/files.sunoresearch.com.br\/n\/uploads\/2021\/10\/DSC7581baixa-400x200.jpg\">\n\t\t\t\t<img loading=\"lazy\" decoding=\"async\" class=\"newsContent__article__imgCapa lazyloadDisabled \" src=\"https:\/\/files.sunoresearch.com.br\/n\/uploads\/2021\/10\/DSC7581baixa-800x450.jpg\" width=\"800\" height=\"450\" alt=\"Veja as 5 maiores altas do Ibovespa na semana; Ambev (ABEV3) lidera com 13%\" fetchpriority=high \/>\n\t\t\t<\/picture>\n\n\t\t\t<figcaption class=\"wp-caption-text wp-caption-text--show\">Ambev (ABEV3) - Foto: Germano L\u00fcders\/Reprodu\u00e7\u00e3o\/LinkedIn<\/figcaption>\n\t\t<\/figure>\n\t<\/div>\n\n\n\t<p>\n\t\t<a href=\"https:\/\/lp.suno.com.br\/planilha-controle-gastos\/\" target=\"_blank\" data-element=\"shortcode-suno-banner\" title=\"Banner SUNO, clique e saiba mais\">\n\t\t\t<picture>\n\t\t\t\t<source media=\"(max-width: 500px)\" srcset=\"https:\/\/files.sunoresearch.com.br\/n\/uploads\/2023\/03\/400x300-Planilha-controle-de-gastos.png\">\n\t\t\t\t<img class=\"newsContent__article__imgCapa newsContent__article__imgCapa--banner\"\n\t\t\t\t\tsrc=\"https:\/\/files.sunoresearch.com.br\/n\/uploads\/2023\/03\/1420x240-Planilha-controle-de-gastos.png\"\n\t\t\t\t\tdata-promo-id=\"101751\"\t\t\t\t\t\t\t\t\t\twidth='1420' height='240'\t\t\t\t\talt=\"https:\/\/files.sunoresearch.com.br\/n\/uploads\/2023\/03\/1420x240-Planilha-controle-de-gastos.png\"\n\t\t\t\t>\n\t\t\t<\/picture>\n\t\t<\/a>\n\t<\/p>\n\n\n<p>Apesar disso, algumas a\u00e7\u00f5es do Ibovespa tiveram altas no per\u00edodo, com 21 pap\u00e9is tendo saldo positivo. A <strong>Ambev<\/strong> (ABEV3)\u00a0foi o destaque, com balan\u00e7o acima do esperado. A companhia subiu mais de 13% no acumulado, se aproximando de R$ 17 no fim da semana.<\/p>\n<p>O mercado, vale lembrar, seguiu com complica\u00e7\u00f5es vindas de Bras\u00edlia &#8211; dada a possibilidade de furo do <a class=\"suno-keyword\" href=\"https:\/\/www.suno.com.br\/artigos\/teto-de-gastos\/\" target=\"_blank\" rel=\"noopener\" data-force=\"no\" data-priority=\"1\">teto de gastos<\/a> com o pagamento do Aux\u00edlio Brasil.<\/p>\n<p>Al\u00e9m disso, vale lembrar, a <a class=\"suno-keyword\" href=\"https:\/\/www.suno.com.br\/acoes\/PETR4\/\" target=\"_blank\" rel=\"noopener\" data-force=\"yes\" data-priority=\"2\"><strong>Petrobras<\/strong> (PETR4)<\/a> teve protagonismo, apesar de ficar no saldo negativo. Em falas recentes, o Presidente da Rep\u00fablica citou uma poss\u00edvel privatiza\u00e7\u00e3o em meio \u00e0 alta dos combust\u00edveis e ao balan\u00e7o trimestral &#8211; com lucro acima do esperado e <a class=\"suno-keyword\" href=\"https:\/\/www.suno.com.br\/guias\/dividendos\/\" target=\"_blank\" rel=\"noopener\" data-force=\"no\" data-priority=\"1\">dividendos<\/a> bilion\u00e1rios.<\/p>\n<p>No campo positivo, os frigor\u00edficos que divulgaram seus resultados tamb\u00e9m tiveram destaque, com duas empresas do segmento ficando dentre as maiores valoriza\u00e7\u00f5es.<\/p>\n<p>Confira as <strong>maiores altas <\/strong>do Ibovespa na \u00faltima semana:<\/p>\n<ul>\n<li><a href=\"https:\/\/www.suno.com.br\/acoes\/abev3\"><strong>Ambev<\/strong> (ABEV3)<\/a>: +13,27%<\/li>\n<li><a href=\"https:\/\/www.suno.com.br\/acoes\/radl3\"><strong>Raia Drogasil<\/strong> (RADL3)<\/a>: +7,79%<\/li>\n<li><a href=\"https:\/\/www.suno.com.br\/acoes\/brfs3\"><strong>BRF<\/strong> (BRFS3)<\/a>: +5,54%<\/li>\n<li><a href=\"https:\/\/www.suno.com.br\/acoes\/mrfg3\"><strong>Marfrig<\/strong> (MRFG3)<\/a>: +5,49%<\/li>\n<li><a href=\"https:\/\/www.suno.com.br\/acoes\/mult3\"><strong>Multiplan<\/strong> (MULT3)<\/a>: +5,41%<\/li>\n<\/ul>\n<h2>Ambev sobe com balan\u00e7o acima do esperado<\/h2>\n<p>Acima das expectativas do mercado, o resultado financeiro da empresa puxou alta expressiva na semana. Segundo o balan\u00e7o trimestral, o\u00a0<a class=\"suno-keyword\" href=\"https:\/\/www.suno.com.br\/artigos\/lucro-liquido\/\" target=\"_blank\" rel=\"noopener\" data-force=\"no\" data-priority=\"1\">lucro l\u00edquido<\/a> foi de R$ 3,712 bilh\u00f5es. O valor \u00e9 57,4% superior ao de igual per\u00edodo do ano passado, a cervejeira lucrou R$ 2,359 bilh\u00f5es.<\/p>\n<p>J\u00e1 a <strong><a class=\"suno-keyword\" href=\"https:\/\/www.suno.com.br\/artigos\/o-que-receita-liquida\/\" target=\"_blank\" rel=\"noopener\" data-force=\"no\" data-priority=\"1\">receita l\u00edquida<\/a>\u00a0da Ambev\u00a0<\/strong>foi de R$ 18,492 bilh\u00f5es, alta de 20,8% na base anual, impulsionada por maiores volumes consolidados. De acordo com a empresa, foi o maior volume registrado em um terceiro trimestre, com crescimento de 7,7% contra o mesmo per\u00edodo do ano passado.<\/p>\n\n\t<div data-element=\"shortcode-read-more\" class=\"readToo\">\n\t\t\t\t<span class=\"readToo__title\">Leia mais<\/span>\n\t\t\t\t<ul class=\"readToo__list\">\n\t\t\t<li><a href=\"https:\/\/www.suno.com.br\/noticias\/petrobras-petr4-petr3-problema-bolsonaro-g20\/\">A Petrobras (PETR4) \u00e9 um problema, afirma Bolsonaro no G20<\/a><\/li><li><a href=\"https:\/\/www.suno.com.br\/noticias\/economistas-teto-de-gastos-discordam\/\">Teto de Gastos: Pess\u00f4a e Barbosa criticam governo por incerteza<\/a><\/li>\t\t<\/ul>\n\t<\/div>\n\n\n<p>O\u00a0<strong>resultado da Ambev no 3T21<\/strong> avan\u00e7ou por conta da estrat\u00e9gia de atratividade do portf\u00f3lio de marcas e dos investimentos no crescimento de longo praco da companhia, afirma a administra\u00e7\u00e3o em relat\u00f3rio.<\/p>\n<p>\u201cA maioria dos pa\u00edses est\u00e1 entregando avan\u00e7o cont\u00ednuo com crescimento de volume acima dos n\u00edveis do 3T20 e 3T19\u201d, afirma a companhia em balan\u00e7o.<\/p>\n<p>Aos olhos da XP, o resultado da companhia demonstra forte crescimento apesar da press\u00e3o das margens por conta do c\u00e2mbio e da escalada do <a href=\"https:\/\/www.suno.com.br\/artigos\/cotacao-do-petroleo\">pre\u00e7o das commodities<\/a>.<\/p>\n<p>\u201c<a href=\"https:\/\/www.suno.com.br\/artigos\/crescimento-economico\">Fomos surpreendidos por um crescimento de 7,7% no comparativo anual<\/a> nos volumes consolidados, principalmente devido a um desempenho melhor do que o esperado na unidade Cerveja Brasil, o que consideramos positivo dada a base de compara\u00e7\u00e3o mais dif\u00edcil. Oito dos dez principais mercados da AmBev j\u00e1 est\u00e3o crescendo acima do 3T19\u2033, dizem os analistas da corretora.<\/p>\n<p>Ambos frisam a recomenda\u00e7\u00e3o de compra para Ambev, mirando pre\u00e7o-alvo de R$ 20, cota\u00e7\u00e3o vista pela \u00faltima vez em agosto de 2019.<\/p>\n<p><iframe loading=\"lazy\" title=\"Temporada de Balan\u00e7os 3T21: Cervejaria Ambev (ABEV3)\" width=\"1080\" height=\"608\" src=\"https:\/\/www.youtube.com\/embed\/7VY4XggiYTg?feature=oembed&#038;enablejsapi=1&#038;origin=https:\/\/www.suno.com.br\" frameborder=\"0\" allow=\"accelerometer; autoplay; clipboard-write; encrypted-media; gyroscope; picture-in-picture\" allowfullscreen><\/iframe><\/p>\n\t<p>\n\t\t<a href=\"https:\/\/lp.suno.com.br\/planilha-da-vida-financeira\/\" target=\"_blank\" data-element=\"shortcode-suno-banner\" title=\"Banner SUNO, clique e saiba mais\">\n\t\t\t<picture>\n\t\t\t\t<source media=\"(max-width: 500px)\" srcset=\"https:\/\/files.sunoresearch.com.br\/n\/uploads\/2023\/04\/400x300-Planilha-vida-financeira-true.png\">\n\t\t\t\t<img class=\"newsContent__article__imgCapa newsContent__article__imgCapa--banner\"\n\t\t\t\t\tsrc=\"https:\/\/files.sunoresearch.com.br\/n\/uploads\/2023\/04\/1420x240-Planilha-vida-financeira-true.png\"\n\t\t\t\t\tdata-promo-id=\"106682\"\t\t\t\t\t\t\t\t\t\twidth='1420' height='240'\t\t\t\t\talt=\"https:\/\/files.sunoresearch.com.br\/n\/uploads\/2023\/04\/1420x240-Planilha-vida-financeira-true.png\"\n\t\t\t\t>\n\t\t\t<\/picture>\n\t\t<\/a>\n\t<\/p>\n\n\n<h2>Raia surpreende e aumenta otimismo para 2022<\/h2>\n<p>Tamb\u00e9m com resultado divulgado na semana, a <strong>Raia Drogasil<\/strong> teve lucro l\u00edquido ajustado com alta de 276% na compara\u00e7\u00e3o anual e totalizou R$ 232,022 milh\u00f5es.<\/p>\n<p>Excluindo os ajustes, diz a Raia Drogasil, o\u00a0<strong>lucro<\/strong>\u00a0seria de R$ 266,443 milh\u00f5es, com avan\u00e7o de 342% na compara\u00e7\u00e3o anual.<\/p>\n<p>Segundo o seu balan\u00e7o, o\u00a0<strong>Ebitda (lucro antes de juros, impostos, amortiza\u00e7\u00f5es e deprecia\u00e7\u00e3o)<\/strong>\u00a0ajustado da companhia atingiu R$ 497,1 milh\u00f5es no trimestre, crescimento de 114% na compara\u00e7\u00e3o com igual intervalo de 2020. A\u00a0<a class=\"suno-keyword\" href=\"https:\/\/www.suno.com.br\/artigos\/margem-ebitda\/\" target=\"_blank\" rel=\"noopener noreferrer\" data-force=\"no\" data-priority=\"1\">margem Ebitda<\/a>\u00a0ajustada passou de 4,9% para 8%.<\/p>\n<p>\u201cO crescimento de receita no 2T21 foi favorecido pela queda at\u00edpica de vendas no 2T20, em fun\u00e7\u00e3o do rigoroso isolamento social verificado naquele trimestre\u201d, diz a companhia.<\/p>\n\t<p>\n\t\t<a href=\"https:\/\/lp.suno.com.br\/ebook-como-analisar-uma-acao\/\" target=\"_blank\" data-element=\"shortcode-suno-banner\" title=\"Banner SUNO, clique e saiba mais\">\n\t\t\t<picture>\n\t\t\t\t<source media=\"(max-width: 500px)\" srcset=\"https:\/\/files.sunoresearch.com.br\/n\/uploads\/2023\/03\/Ebook-Acoes-Mobile-1.jpg\">\n\t\t\t\t<img class=\"newsContent__article__imgCapa newsContent__article__imgCapa--banner\"\n\t\t\t\t\tsrc=\"https:\/\/files.sunoresearch.com.br\/n\/uploads\/2023\/03\/Ebook-Acoes-Desktop-1.jpg\"\n\t\t\t\t\tdata-promo-id=\"171998\"\t\t\t\t\t\t\t\t\t\twidth='1420' height='286'\t\t\t\t\talt=\"https:\/\/files.sunoresearch.com.br\/n\/uploads\/2023\/03\/Ebook-Acoes-Desktop-1.jpg\"\n\t\t\t\t>\n\t\t\t<\/picture>\n\t\t<\/a>\n\t<\/p>\n\n\n<p>Com essa perspectiva, o otimismo para o ano de 2022 aumentou, o que motivou revis\u00e3o do\u00a0<em>guidance<\/em>. A RD passou a projetar uma abertura de 260 lojas no ano que vem \u2013 ante 240 na \u00faltima proje\u00e7\u00e3o.<\/p>\n<p>Em parecer recente, o JP Morgan recomendou compra para as\u00a0<strong>a\u00e7\u00f5es da Raia Drogasil<\/strong>, juntamente com\u00a0<a class=\"suno-keyword\" href=\"https:\/\/www.suno.com.br\/acoes\/PETZ3\/\" target=\"_blank\" rel=\"noopener\" data-force=\"yes\" data-priority=\"2\">Petz (PETZ3)<\/a>,\u00a0<a href=\"https:\/\/www.suno.com.br\/acoes\/rdor3\">Rede D\u2019Or (RDOR3)<\/a>,\u00a0<a href=\"https:\/\/www.suno.com.br\/acoes\/asai3\">Assa\u00ed (ASAI3)<\/a>\u00a0e\u00a0<a href=\"https:\/\/statusinvest.com.br\/acoes\/brdt3?__hstc=189907700.683be205053588a6a8174edf3b3f781a.1622644341353.1635620666495.1635628452539.659&amp;__hssc=189907700.7.1635628452539&amp;__hsfp=1281309305\">Vibra Energia (BRDT3)<\/a> &#8211; sendo todos pap\u00e9is que comp\u00f5em o Ibovespa.<\/p>\n<p>Para o banco, as a\u00e7\u00f5es com boas perspectivas da bolsa se concentram em exportadoras de commodities e companhias do setor financeiro \u2013 al\u00e9m das que s\u00e3o focadas no \u2018mercado interno n\u00e3o-c\u00edclico\u2019, menos sens\u00edveis ao ambiente macroecon\u00f4mico \u2013\u00a0<a href=\"https:\/\/www.suno.com.br\/artigos\/ibovespa\">que tem derrubado o Ibovespa nas \u00faltimas semanas<\/a>.<\/p>\n<h2>BRF sobe no Ibovespa e Ab\u00edlio sai<\/h2>\n<p>Ainda sem a divulga\u00e7\u00e3o do seu resultado financeiro, a BRF contou com a sa\u00edda do seu capital social do empres\u00e1rio Abilio Diniz &#8211; que vendeu sua fatia de 3,8% para a\u00a0<a class=\"suno-keyword\" href=\"https:\/\/www.suno.com.br\/acoes\/MRFG3\/\" target=\"_blank\" rel=\"noopener\" data-force=\"yes\" data-priority=\"2\">Marfrig (MRFG3)<\/a> por R$ 898,9 milh\u00f5es. A sa\u00edda se d\u00e1 ap\u00f3s quase nove anos como acionista da empresa.<\/p>\n<p>O empres\u00e1rio vendeu sua participa\u00e7\u00e3o na empresa com preju\u00edzo e, prioritariamente, a informa\u00e7\u00e3o foi divulgada pelo jornal Valor Econ\u00f4mico.<\/p>\n<p>Segundo o jornal, os fundos da<strong>\u00a0Pen\u00ednsula Participa\u00e7\u00f5es<\/strong>, cujo presidente do conselho \u00e9 o\u00a0<strong>Diniz<\/strong>, investiram mais de R$ 1 bilh\u00e3o na BRF entre fim de 2012 e in\u00edcio de 2013. Nessa \u00e9poca as a\u00e7\u00f5es da<strong>\u00a0dona da Sadia<\/strong>\u00a0eram cotadas pr\u00f3ximo de R$ 40, mas a\u00a0<strong>Marfrig<\/strong>\u00a0pagou, em maio deste ano, R$ 28,75 pelos pap\u00e9is, o que se configura como um preju\u00edzo.<\/p>\n<p>Apesar disso, a possibilidade de um balan\u00e7o otimista para a empresa \u00e9 grande. Segundo o BofA, os spreads de prote\u00ednas melhoraram neste terceiro trimestre por causa do aumento dos <strong>pre\u00e7os da carne<\/strong>\u00a0no Brasil e no exterior, com um al\u00edvio marginal nos custos.<\/p>\n<h2>Marfrig tem boas margens nos EUA<\/h2>\n<p>Com alta de 148,7% no lucro, a Marfrig anotou um\u00a0<a href=\"https:\/\/www.suno.com.br\/artigos\/lucro-liquido\/\">lucro l\u00edquido<\/a> de R$ 1,7 bilh\u00e3o, acima das expectativas e com forte impacto da opera\u00e7\u00e3o na Am\u00e9rica do Norte.<\/p>\n\t<p>\n\t\t<a href=\"https:\/\/lp.suno.com.br\/planilha-de-controle-de-investimentos\/\" target=\"_blank\" data-element=\"shortcode-suno-banner\" title=\"Banner SUNO, clique e saiba mais\">\n\t\t\t<picture>\n\t\t\t\t<source media=\"(max-width: 500px)\" srcset=\"https:\/\/files.sunoresearch.com.br\/n\/uploads\/2023\/03\/400x300-Controle-de-Investimentos.png\">\n\t\t\t\t<img class=\"newsContent__article__imgCapa newsContent__article__imgCapa--banner\"\n\t\t\t\t\tsrc=\"https:\/\/files.sunoresearch.com.br\/n\/uploads\/2023\/03\/1420x240-Controle-de-Investimentos.png\"\n\t\t\t\t\tdata-promo-id=\"75934\"\t\t\t\t\t\t\t\t\t\twidth='1420' height='240'\t\t\t\t\talt=\"https:\/\/files.sunoresearch.com.br\/n\/uploads\/2023\/03\/1420x240-Controle-de-Investimentos.png\"\n\t\t\t\t>\n\t\t\t<\/picture>\n\t\t<\/a>\n\t<\/p>\n\n\n<p>A<strong> diversifica\u00e7\u00e3o geogr\u00e1fica<\/strong> fez com que a companhia alcan\u00e7asse um resultado com recordes na <a class=\"suno-keyword\" href=\"https:\/\/www.suno.com.br\/artigos\/o-que-receita-liquida\/\" target=\"_blank\" rel=\"noopener\" data-force=\"no\" data-priority=\"1\">receita l\u00edquida<\/a>, que atingiu 23,6 bilh\u00f5es ao final de setembro, alta de 40,4% na compara\u00e7\u00e3o anualizada.<\/p>\n<p>No mesmo sentido, o <a href=\"https:\/\/www.suno.com.br\/artigos\/ebitda\/\">Ebitda (lucro antes de juros, impostos, deprecia\u00e7\u00e3o e amortiza\u00e7\u00e3o)<\/a>\u00a0ajustado tamb\u00e9m foi recorde e somou R$ 4,7 bilh\u00f5es, alta de 115,6%, na base anual.<\/p>\n<p>No resultado financeiro, <strong>Marcos<\/strong>\u00a0<strong>Molina<\/strong>, presidente do\u00a0<a class=\"suno-keyword\" href=\"https:\/\/www.suno.com.br\/artigos\/conselho-administracao\/\" target=\"_blank\" rel=\"noopener\" data-force=\"no\" data-priority=\"1\">conselho de administra\u00e7\u00e3o<\/a>, destacou o compromisso \u201cinegoci\u00e1vel com a solidez financeira da Marfrig\u201d. Diz ele: \u201cTerminamos o trimestre com o menor \u00edndice de alavancagem (rela\u00e7\u00e3o <a class=\"suno-keyword\" href=\"https:\/\/www.suno.com.br\/artigos\/divida-liquida\/\" target=\"_blank\" rel=\"noopener\" data-force=\"no\" data-priority=\"1\">d\u00edvida l\u00edquida<\/a>\u00a0\/ EBITDAaj UDM) da hist\u00f3ria da Marfrig \u2013 1,10x em reais e 1,07x quando mensurado em d\u00f3lares.\u201d<\/p>\n<h2>Multiplan lucra R$ 99 milh\u00f5es em alta de 82%<\/h2>\n<p>Por fim, as a\u00e7\u00f5es da\u00a0rede de shopping centers <strong>Multiplan (MULT3)<\/strong> contaram com a influ\u00eancia dos resultados obtidos no terceiro semestre de 2021.<\/p>\n<p>O <a class=\"suno-keyword\" href=\"https:\/\/www.suno.com.br\/artigos\/lucro-liquido\/\" target=\"_blank\" rel=\"noopener\" data-force=\"no\" data-priority=\"1\">lucro l\u00edquido<\/a>\u00a0somou R$ 99,404 milh\u00f5es no per\u00edodo, o que equivale a uma queda de 82,5% em compara\u00e7\u00e3o com o ganho de R$ 568.762 milh\u00f5es apurado no mesmo per\u00edodo em 2020.<\/p>\n<p>J\u00e1 a<strong><a href=\"https:\/\/www.suno.com.br\/artigos\/o-que-receita-liquida\/\">\u00a0receita l\u00edquida<\/a>\u00a0da\u00a0<a class=\"suno-keyword\" href=\"https:\/\/www.suno.com.br\/acoes\/MULT3\/\" target=\"_blank\" rel=\"noopener\" data-force=\"yes\" data-priority=\"2\">Multiplan\u00a0<\/a><\/strong>atingiu R$ 322.260 milh\u00f5es ao final de junho. O montante representa queda de 68,5% comparado \u00e0 receita reportada no mesmo trimestre do ano passado. O<strong>\u00a0EBTDA da Multiplan<\/strong>\u00a0(lucro antes de juros, impostos,\u00a0<a class=\"suno-keyword\" href=\"https:\/\/www.suno.com.br\/artigos\/depreciacao-amortizacao\/\" target=\"_blank\" rel=\"noopener\" data-force=\"no\" data-priority=\"1\">deprecia\u00e7\u00e3o e amortiza\u00e7\u00e3o<\/a>), por sua vez, foi de R$ 216.068 milh\u00f5es, queda de 69,3% comparado aos R$ 703.848 milh\u00f5es do ano passado.<\/p>\n<p>A receita, vale frisar, teve n\u00fameros inferiores aos do ano passado, e foram mais influenciados pela venda de im\u00f3veis, que neste trimestre representaram apenas R$ 2.122 milh\u00f5es, enquanto no terceiro trimestre do ano passado atingiu R$ 814.129 milh\u00f5es. Outros par\u00e2metros que comp\u00f5em a receita, no entanto, tiveram ganhos.<\/p>\n<p>No\u00a0balan\u00e7o que motivou a alta no <strong>Ibovespa<\/strong>, a Multiplan\u00a0destaca que as vendas nas mesmas lojas aumentaram 1,5% em compara\u00e7\u00e3o com n\u00edvel pr\u00e9-pandemia de 2019, e as vendas totais nos primeiros 25 dias em outubro de 2021 superaram as do mesmo m\u00eas em 2019 em 9,7%.<\/p>\n\t<p>\n\t\t<a href=\"\" target=\"_blank\" data-element=\"shortcode-suno-banner\" title=\"Banner SUNO, clique e saiba mais\">\n\t\t\t<picture>\n\t\t\t\t<source media=\"(max-width: 500px)\" srcset=\"\">\n\t\t\t\t<img class=\"newsContent__article__imgCapa newsContent__article__imgCapa--banner\"\n\t\t\t\t\tsrc=\"\"\n\t\t\t\t\tdata-promo-id=\"184190\"\t\t\t\t\t\t\t\t\t\t\t\t\t\t\talt=\"\"\n\t\t\t\t>\n\t\t\t<\/picture>\n\t\t<\/a>\n\t<\/p>\n\n\n","protected":false},"excerpt":{"rendered":"<p>Seguindo na temporada de balan\u00e7os e com divulga\u00e7\u00e3o de indicadores, o Ibovespa seguiu em queda nesta semana, fechando o preg\u00e3o de sexta (29) aos 103.500 pontos. O poss\u00edvel furo do teto de gastos se d\u00e1 por conta do pagamento do Aux\u00edlio Brasil &#8211; Foto: Ag\u00eancia Brasil Apesar disso, algumas a\u00e7\u00f5es do Ibovespa tiveram altas no [&hellip;]<\/p>\n","protected":false},"author":73,"featured_media":199535,"comment_status":"closed","ping_status":"closed","sticky":false,"template":"","format":"standard","meta":[],"categories":[60],"tags":[359,397,105816,721,552,570,613],"suno_strategy":[],"class_list":["post-199513","post","type-post","status-publish","format-standard","has-post-thumbnail","hentry","category-mercado","tag-ambev-abev3","tag-brf-brfs3","tag-especialistas","tag-ibovespa","tag-marfrig-mrfg3","tag-multiplan-mult3","tag-raia-drogasil-radl3"],"yoast_head":"<!-- This site is optimized with the Yoast SEO plugin v24.4 - https:\/\/yoast.com\/wordpress\/plugins\/seo\/ -->\n<title>Veja as 5 maiores altas do Ibovespa na semana; Ambev (ABEV3) lidera<\/title>\n<meta name=\"description\" content=\"Com balan\u00e7o trimestral acima das expectativas, Ambev encabe\u00e7a a semana no Ibovespa e sobe mais de 13%. Clique aqui e leia mais.\" \/>\n<meta name=\"robots\" content=\"index, follow, max-snippet:-1, max-image-preview:large, max-video-preview:-1\" \/>\n<link rel=\"canonical\" href=\"https:\/\/www.suno.com.br\/noticias\/veja-cinco-maiores-altas-ibovespa-semana-ambev-abev3-lidera\/\" \/>\n<meta property=\"og:locale\" content=\"pt_BR\" \/>\n<meta property=\"og:type\" content=\"article\" \/>\n<meta property=\"og:title\" content=\"Veja as 5 maiores altas do Ibovespa na semana; Ambev (ABEV3) lidera\" \/>\n<meta property=\"og:description\" content=\"Com balan\u00e7o trimestral acima das expectativas, Ambev encabe\u00e7a a semana no Ibovespa e sobe mais de 13%. Clique aqui e leia mais.\" \/>\n<meta property=\"og:url\" content=\"https:\/\/www.suno.com.br\/noticias\/veja-cinco-maiores-altas-ibovespa-semana-ambev-abev3-lidera\/\" \/>\n<meta property=\"og:site_name\" content=\"Suno Not\u00edcias\" \/>\n<meta property=\"article:publisher\" content=\"https:\/\/facebook.com\/sunoresearch\" \/>\n<meta property=\"og:image\" content=\"https:\/\/files.sunoresearch.com.br\/n\/uploads\/2021\/10\/DSC7581baixa.jpg\" \/>\n\t<meta property=\"og:image:width\" content=\"1199\" \/>\n\t<meta property=\"og:image:height\" content=\"800\" \/>\n\t<meta property=\"og:image:type\" content=\"image\/jpeg\" \/>\n<meta name=\"author\" content=\"Eduardo Vargas\" \/>\n<meta name=\"twitter:card\" content=\"summary_large_image\" \/>\n<meta name=\"twitter:creator\" content=\"@sunoresearch\" \/>\n<meta name=\"twitter:site\" content=\"@sunoresearch\" \/>\n<meta name=\"twitter:label1\" content=\"Escrito por\" \/>\n\t<meta name=\"twitter:data1\" content=\"Eduardo Vargas\" \/>\n\t<meta name=\"twitter:label2\" content=\"Est. tempo de leitura\" \/>\n\t<meta name=\"twitter:data2\" content=\"6 minutos\" \/>\n<script type=\"application\/ld+json\" class=\"yoast-schema-graph\">{\"@context\":\"https:\/\/schema.org\",\"@graph\":[{\"@type\":\"NewsArticle\",\"@id\":\"https:\/\/www.suno.com.br\/noticias\/veja-cinco-maiores-altas-ibovespa-semana-ambev-abev3-lidera\/#article\",\"isPartOf\":{\"@id\":\"https:\/\/www.suno.com.br\/noticias\/veja-cinco-maiores-altas-ibovespa-semana-ambev-abev3-lidera\/\"},\"author\":{\"name\":\"Eduardo Vargas\",\"@id\":\"https:\/\/www.suno.com.br\/noticias\/#\/schema\/person\/7f4d362bf3518e76090143ae77bb49a5\"},\"headline\":\"Veja as 5 maiores altas do Ibovespa na semana; Ambev (ABEV3) lidera com 13%\",\"datePublished\":\"2021-10-30T21:41:25+00:00\",\"dateModified\":\"2021-11-07T21:08:08+00:00\",\"mainEntityOfPage\":{\"@id\":\"https:\/\/www.suno.com.br\/noticias\/veja-cinco-maiores-altas-ibovespa-semana-ambev-abev3-lidera\/\"},\"wordCount\":1346,\"publisher\":{\"@id\":\"https:\/\/www.suno.com.br\/noticias\/#organization\"},\"image\":{\"@id\":\"https:\/\/www.suno.com.br\/noticias\/veja-cinco-maiores-altas-ibovespa-semana-ambev-abev3-lidera\/#primaryimage\"},\"thumbnailUrl\":\"https:\/\/files.sunoresearch.com.br\/n\/uploads\/2021\/10\/DSC7581baixa.jpg\",\"keywords\":[\"AMBEV (ABEV3)\",\"BRF (BRFS3)\",\"Especialistas\",\"Ibovespa\",\"Marfrig (MRFG3)\",\"Multiplan (MULT3)\",\"Raia Drogasil (RADL3)\"],\"articleSection\":[\"Mercado\"],\"inLanguage\":\"pt-BR\"},{\"@type\":\"WebPage\",\"@id\":\"https:\/\/www.suno.com.br\/noticias\/veja-cinco-maiores-altas-ibovespa-semana-ambev-abev3-lidera\/\",\"url\":\"https:\/\/www.suno.com.br\/noticias\/veja-cinco-maiores-altas-ibovespa-semana-ambev-abev3-lidera\/\",\"name\":\"Veja as 5 maiores altas do Ibovespa na semana; Ambev (ABEV3) lidera\",\"isPartOf\":{\"@id\":\"https:\/\/www.suno.com.br\/noticias\/#website\"},\"primaryImageOfPage\":{\"@id\":\"https:\/\/www.suno.com.br\/noticias\/veja-cinco-maiores-altas-ibovespa-semana-ambev-abev3-lidera\/#primaryimage\"},\"image\":{\"@id\":\"https:\/\/www.suno.com.br\/noticias\/veja-cinco-maiores-altas-ibovespa-semana-ambev-abev3-lidera\/#primaryimage\"},\"thumbnailUrl\":\"https:\/\/files.sunoresearch.com.br\/n\/uploads\/2021\/10\/DSC7581baixa.jpg\",\"datePublished\":\"2021-10-30T21:41:25+00:00\",\"dateModified\":\"2021-11-07T21:08:08+00:00\",\"description\":\"Com balan\u00e7o trimestral acima das expectativas, Ambev encabe\u00e7a a semana no Ibovespa e sobe mais de 13%. Clique aqui e leia mais.\",\"breadcrumb\":{\"@id\":\"https:\/\/www.suno.com.br\/noticias\/veja-cinco-maiores-altas-ibovespa-semana-ambev-abev3-lidera\/#breadcrumb\"},\"inLanguage\":\"pt-BR\",\"potentialAction\":[{\"@type\":\"ReadAction\",\"target\":[\"https:\/\/www.suno.com.br\/noticias\/veja-cinco-maiores-altas-ibovespa-semana-ambev-abev3-lidera\/\"]}]},{\"@type\":\"ImageObject\",\"inLanguage\":\"pt-BR\",\"@id\":\"https:\/\/www.suno.com.br\/noticias\/veja-cinco-maiores-altas-ibovespa-semana-ambev-abev3-lidera\/#primaryimage\",\"url\":\"https:\/\/files.sunoresearch.com.br\/n\/uploads\/2021\/10\/DSC7581baixa.jpg\",\"contentUrl\":\"https:\/\/files.sunoresearch.com.br\/n\/uploads\/2021\/10\/DSC7581baixa.jpg\",\"width\":1199,\"height\":800,\"caption\":\"Ambev (ABEV3) - Foto: Germano L\u00fcders\/Reprodu\u00e7\u00e3o\/LinkedIn\"},{\"@type\":\"BreadcrumbList\",\"@id\":\"https:\/\/www.suno.com.br\/noticias\/veja-cinco-maiores-altas-ibovespa-semana-ambev-abev3-lidera\/#breadcrumb\",\"itemListElement\":[{\"@type\":\"ListItem\",\"position\":1,\"name\":\"Not\u00edcias\",\"item\":\"https:\/\/www.suno.com.br\/noticias\/\"},{\"@type\":\"ListItem\",\"position\":2,\"name\":\"Mercado\",\"item\":\"https:\/\/www.suno.com.br\/noticias\/mercado\/\"},{\"@type\":\"ListItem\",\"position\":3,\"name\":\"Veja as 5 maiores altas do Ibovespa na semana; Ambev (ABEV3) lidera com 13%\"}]},{\"@type\":\"WebSite\",\"@id\":\"https:\/\/www.suno.com.br\/noticias\/#website\",\"url\":\"https:\/\/www.suno.com.br\/noticias\/\",\"name\":\"Suno Not\u00edcias\",\"description\":\"Seu portal de informa\u00e7\u00e3o sobre o mundo dos investimentos\",\"publisher\":{\"@id\":\"https:\/\/www.suno.com.br\/noticias\/#organization\"},\"potentialAction\":[{\"@type\":\"SearchAction\",\"target\":{\"@type\":\"EntryPoint\",\"urlTemplate\":\"https:\/\/www.suno.com.br\/noticias\/?s={search_term_string}\"},\"query-input\":{\"@type\":\"PropertyValueSpecification\",\"valueRequired\":true,\"valueName\":\"search_term_string\"}}],\"inLanguage\":\"pt-BR\"},{\"@type\":\"Organization\",\"@id\":\"https:\/\/www.suno.com.br\/noticias\/#organization\",\"name\":\"Suno Not\u00edcias\",\"url\":\"https:\/\/www.suno.com.br\/noticias\/\",\"logo\":{\"@type\":\"ImageObject\",\"inLanguage\":\"pt-BR\",\"@id\":\"https:\/\/www.suno.com.br\/noticias\/#\/schema\/logo\/image\/\",\"url\":\"https:\/\/files.sunoresearch.com.br\/n\/uploads\/2021\/09\/suno-logo.png\",\"contentUrl\":\"https:\/\/files.sunoresearch.com.br\/n\/uploads\/2021\/09\/suno-logo.png\",\"width\":180,\"height\":180,\"caption\":\"Suno Not\u00edcias\"},\"image\":{\"@id\":\"https:\/\/www.suno.com.br\/noticias\/#\/schema\/logo\/image\/\"},\"sameAs\":[\"https:\/\/facebook.com\/sunoresearch\",\"https:\/\/x.com\/sunoresearch\",\"https:\/\/www.instagram.com\/suno\",\"https:\/\/www.linkedin.com\/company\/suno-research\/\",\"https:\/\/www.youtube.com\/c\/sunoresearch\"]},{\"@type\":\"Person\",\"@id\":\"https:\/\/www.suno.com.br\/noticias\/#\/schema\/person\/7f4d362bf3518e76090143ae77bb49a5\",\"name\":\"Eduardo Vargas\",\"image\":{\"@type\":\"ImageObject\",\"inLanguage\":\"pt-BR\",\"@id\":\"https:\/\/www.suno.com.br\/noticias\/#\/schema\/person\/image\/\",\"url\":\"https:\/\/secure.gravatar.com\/avatar\/dac340933427a22924c9f99d1eb2e3f2?s=96&r=g\",\"contentUrl\":\"https:\/\/secure.gravatar.com\/avatar\/dac340933427a22924c9f99d1eb2e3f2?s=96&r=g\",\"caption\":\"Eduardo Vargas\"},\"description\":\"Jornalista formado pela UFSC, cobre macroeconomia, neg\u00f3cios e startups para o Suno Not\u00edcias, escrevendo principalmente not\u00edcias sobre o mercado financeiro e a bolsa de valores. No YouTube e no Instagram, \u00e9 respons\u00e1vel pela produ\u00e7\u00e3o de Reels e Shorts do Suno Not\u00edcias. Anteriormente, trabalhou cobrindo economia e cotidiano no ND+ e para o ND, maior jornal impresso de Santa Catarina. Cursou um semestre letivo de Estudos de M\u00eddia na Universidad de Buenos Aires.\",\"url\":\"https:\/\/www.suno.com.br\/noticias\/author\/eduardo-vargas\/\"}]}<\/script>\n<!-- \/ Yoast SEO plugin. -->","yoast_head_json":{"title":"Veja as 5 maiores altas do Ibovespa na semana; Ambev (ABEV3) lidera","description":"Com balan\u00e7o trimestral acima das expectativas, Ambev encabe\u00e7a a semana no Ibovespa e sobe mais de 13%. Clique aqui e leia mais.","robots":{"index":"index","follow":"follow","max-snippet":"max-snippet:-1","max-image-preview":"max-image-preview:large","max-video-preview":"max-video-preview:-1"},"canonical":"https:\/\/www.suno.com.br\/noticias\/veja-cinco-maiores-altas-ibovespa-semana-ambev-abev3-lidera\/","og_locale":"pt_BR","og_type":"article","og_title":"Veja as 5 maiores altas do Ibovespa na semana; Ambev (ABEV3) lidera","og_description":"Com balan\u00e7o trimestral acima das expectativas, Ambev encabe\u00e7a a semana no Ibovespa e sobe mais de 13%. Clique aqui e leia mais.","og_url":"https:\/\/www.suno.com.br\/noticias\/veja-cinco-maiores-altas-ibovespa-semana-ambev-abev3-lidera\/","og_site_name":"Suno Not\u00edcias","article_publisher":"https:\/\/facebook.com\/sunoresearch","og_image":[{"width":1199,"height":800,"url":"https:\/\/files.sunoresearch.com.br\/n\/uploads\/2021\/10\/DSC7581baixa.jpg","type":"image\/jpeg"}],"author":"Eduardo Vargas","twitter_card":"summary_large_image","twitter_creator":"@sunoresearch","twitter_site":"@sunoresearch","twitter_misc":{"Escrito por":"Eduardo Vargas","Est. tempo de leitura":"6 minutos"},"schema":{"@context":"https:\/\/schema.org","@graph":[{"@type":"NewsArticle","@id":"https:\/\/www.suno.com.br\/noticias\/veja-cinco-maiores-altas-ibovespa-semana-ambev-abev3-lidera\/#article","isPartOf":{"@id":"https:\/\/www.suno.com.br\/noticias\/veja-cinco-maiores-altas-ibovespa-semana-ambev-abev3-lidera\/"},"author":{"name":"Eduardo Vargas","@id":"https:\/\/www.suno.com.br\/noticias\/#\/schema\/person\/7f4d362bf3518e76090143ae77bb49a5"},"headline":"Veja as 5 maiores altas do Ibovespa na semana; Ambev (ABEV3) lidera com 13%","datePublished":"2021-10-30T21:41:25+00:00","dateModified":"2021-11-07T21:08:08+00:00","mainEntityOfPage":{"@id":"https:\/\/www.suno.com.br\/noticias\/veja-cinco-maiores-altas-ibovespa-semana-ambev-abev3-lidera\/"},"wordCount":1346,"publisher":{"@id":"https:\/\/www.suno.com.br\/noticias\/#organization"},"image":{"@id":"https:\/\/www.suno.com.br\/noticias\/veja-cinco-maiores-altas-ibovespa-semana-ambev-abev3-lidera\/#primaryimage"},"thumbnailUrl":"https:\/\/files.sunoresearch.com.br\/n\/uploads\/2021\/10\/DSC7581baixa.jpg","keywords":["AMBEV (ABEV3)","BRF (BRFS3)","Especialistas","Ibovespa","Marfrig (MRFG3)","Multiplan (MULT3)","Raia Drogasil (RADL3)"],"articleSection":["Mercado"],"inLanguage":"pt-BR"},{"@type":"WebPage","@id":"https:\/\/www.suno.com.br\/noticias\/veja-cinco-maiores-altas-ibovespa-semana-ambev-abev3-lidera\/","url":"https:\/\/www.suno.com.br\/noticias\/veja-cinco-maiores-altas-ibovespa-semana-ambev-abev3-lidera\/","name":"Veja as 5 maiores altas do Ibovespa na semana; Ambev (ABEV3) lidera","isPartOf":{"@id":"https:\/\/www.suno.com.br\/noticias\/#website"},"primaryImageOfPage":{"@id":"https:\/\/www.suno.com.br\/noticias\/veja-cinco-maiores-altas-ibovespa-semana-ambev-abev3-lidera\/#primaryimage"},"image":{"@id":"https:\/\/www.suno.com.br\/noticias\/veja-cinco-maiores-altas-ibovespa-semana-ambev-abev3-lidera\/#primaryimage"},"thumbnailUrl":"https:\/\/files.sunoresearch.com.br\/n\/uploads\/2021\/10\/DSC7581baixa.jpg","datePublished":"2021-10-30T21:41:25+00:00","dateModified":"2021-11-07T21:08:08+00:00","description":"Com balan\u00e7o trimestral acima das expectativas, Ambev encabe\u00e7a a semana no Ibovespa e sobe mais de 13%. Clique aqui e leia mais.","breadcrumb":{"@id":"https:\/\/www.suno.com.br\/noticias\/veja-cinco-maiores-altas-ibovespa-semana-ambev-abev3-lidera\/#breadcrumb"},"inLanguage":"pt-BR","potentialAction":[{"@type":"ReadAction","target":["https:\/\/www.suno.com.br\/noticias\/veja-cinco-maiores-altas-ibovespa-semana-ambev-abev3-lidera\/"]}]},{"@type":"ImageObject","inLanguage":"pt-BR","@id":"https:\/\/www.suno.com.br\/noticias\/veja-cinco-maiores-altas-ibovespa-semana-ambev-abev3-lidera\/#primaryimage","url":"https:\/\/files.sunoresearch.com.br\/n\/uploads\/2021\/10\/DSC7581baixa.jpg","contentUrl":"https:\/\/files.sunoresearch.com.br\/n\/uploads\/2021\/10\/DSC7581baixa.jpg","width":1199,"height":800,"caption":"Ambev (ABEV3) - Foto: Germano L\u00fcders\/Reprodu\u00e7\u00e3o\/LinkedIn"},{"@type":"BreadcrumbList","@id":"https:\/\/www.suno.com.br\/noticias\/veja-cinco-maiores-altas-ibovespa-semana-ambev-abev3-lidera\/#breadcrumb","itemListElement":[{"@type":"ListItem","position":1,"name":"Not\u00edcias","item":"https:\/\/www.suno.com.br\/noticias\/"},{"@type":"ListItem","position":2,"name":"Mercado","item":"https:\/\/www.suno.com.br\/noticias\/mercado\/"},{"@type":"ListItem","position":3,"name":"Veja as 5 maiores altas do Ibovespa na semana; Ambev (ABEV3) lidera com 13%"}]},{"@type":"WebSite","@id":"https:\/\/www.suno.com.br\/noticias\/#website","url":"https:\/\/www.suno.com.br\/noticias\/","name":"Suno Not\u00edcias","description":"Seu portal de informa\u00e7\u00e3o sobre o mundo dos investimentos","publisher":{"@id":"https:\/\/www.suno.com.br\/noticias\/#organization"},"potentialAction":[{"@type":"SearchAction","target":{"@type":"EntryPoint","urlTemplate":"https:\/\/www.suno.com.br\/noticias\/?s={search_term_string}"},"query-input":{"@type":"PropertyValueSpecification","valueRequired":true,"valueName":"search_term_string"}}],"inLanguage":"pt-BR"},{"@type":"Organization","@id":"https:\/\/www.suno.com.br\/noticias\/#organization","name":"Suno Not\u00edcias","url":"https:\/\/www.suno.com.br\/noticias\/","logo":{"@type":"ImageObject","inLanguage":"pt-BR","@id":"https:\/\/www.suno.com.br\/noticias\/#\/schema\/logo\/image\/","url":"https:\/\/files.sunoresearch.com.br\/n\/uploads\/2021\/09\/suno-logo.png","contentUrl":"https:\/\/files.sunoresearch.com.br\/n\/uploads\/2021\/09\/suno-logo.png","width":180,"height":180,"caption":"Suno Not\u00edcias"},"image":{"@id":"https:\/\/www.suno.com.br\/noticias\/#\/schema\/logo\/image\/"},"sameAs":["https:\/\/facebook.com\/sunoresearch","https:\/\/x.com\/sunoresearch","https:\/\/www.instagram.com\/suno","https:\/\/www.linkedin.com\/company\/suno-research\/","https:\/\/www.youtube.com\/c\/sunoresearch"]},{"@type":"Person","@id":"https:\/\/www.suno.com.br\/noticias\/#\/schema\/person\/7f4d362bf3518e76090143ae77bb49a5","name":"Eduardo Vargas","image":{"@type":"ImageObject","inLanguage":"pt-BR","@id":"https:\/\/www.suno.com.br\/noticias\/#\/schema\/person\/image\/","url":"https:\/\/secure.gravatar.com\/avatar\/dac340933427a22924c9f99d1eb2e3f2?s=96&r=g","contentUrl":"https:\/\/secure.gravatar.com\/avatar\/dac340933427a22924c9f99d1eb2e3f2?s=96&r=g","caption":"Eduardo Vargas"},"description":"Jornalista formado pela UFSC, cobre macroeconomia, neg\u00f3cios e startups para o Suno Not\u00edcias, escrevendo principalmente not\u00edcias sobre o mercado financeiro e a bolsa de valores. No YouTube e no Instagram, \u00e9 respons\u00e1vel pela produ\u00e7\u00e3o de Reels e Shorts do Suno Not\u00edcias. Anteriormente, trabalhou cobrindo economia e cotidiano no ND+ e para o ND, maior jornal impresso de Santa Catarina. Cursou um semestre letivo de Estudos de M\u00eddia na Universidad de Buenos Aires.","url":"https:\/\/www.suno.com.br\/noticias\/author\/eduardo-vargas\/"}]}},"default_loop_html":"<div class=\"cardsPage__listCard__boxs\"><div class=\"cardsPage__listCard__boxs__img\"><a href=\"https:\/\/www.suno.com.br\/noticias\/economistas-teto-de-gastos-discordam\/\"><img class=\"mask\" src=\"https:\/\/www.suno.com.br\/noticias\/wp-content\/themes\/suno\/resources\/images\/spotlight\/spotlight1img\/bg-mask.png\" alt=\"Image Mask\"\/><img src=\"https:\/\/files.sunoresearch.com.br\/n\/uploads\/2021\/10\/bolsoguedes-400x200.jpg\" alt=\"Teto de Gastos: Pess\u00f4a e Barbosa criticam governo por incerteza\"\/><\/a><span class=\"spotlightCategory\"><a href=\"https:\/\/www.suno.com.br\/noticias\/economia\/\">Economia<\/a><\/span><\/div><div class=\"cardsPage__listCard__boxs__content\"><a href=\"https:\/\/www.suno.com.br\/noticias\/economistas-teto-de-gastos-discordam\/\"><h2 class=\"content__title\">Teto de Gastos: Pess\u00f4a e Barbosa criticam governo por incerteza<\/h2><\/a><div class=\"newsContent__article__meta\"><div class=\"newsContent__article__meta__authorBox\"><a href=\"https:\/\/www.suno.com.br\/noticias\/author\/eduardo-vargas\/\" class=\"authorBox__avatar noMobi\"><img src=\"https:\/\/secure.gravatar.com\/avatar\/dac340933427a22924c9f99d1eb2e3f2?s=96&#038;r=g\" alt=\"Eduardo Vargas\"><\/a><div class=\"authorBox__name\"><span>por\n\t\t\t<a href=\"https:\/\/www.suno.com.br\/noticias\/author\/eduardo-vargas\/\"><span itemprop=\"author\">Eduardo Vargas<\/span><\/a><\/span><time datetime=\"2021-10-30T13:06:16-03:00\" itemprop=\"datePublished\">30\/10\/2021 13:06<\/time><\/div><\/div><\/div><\/div><\/div>","single_layout":"posts","amp_enabled":true,"_links":{"self":[{"href":"https:\/\/www.suno.com.br\/noticias\/wp-json\/wp\/v2\/posts\/199513"}],"collection":[{"href":"https:\/\/www.suno.com.br\/noticias\/wp-json\/wp\/v2\/posts"}],"about":[{"href":"https:\/\/www.suno.com.br\/noticias\/wp-json\/wp\/v2\/types\/post"}],"author":[{"embeddable":true,"href":"https:\/\/www.suno.com.br\/noticias\/wp-json\/wp\/v2\/users\/73"}],"replies":[{"embeddable":true,"href":"https:\/\/www.suno.com.br\/noticias\/wp-json\/wp\/v2\/comments?post=199513"}],"version-history":[{"count":3,"href":"https:\/\/www.suno.com.br\/noticias\/wp-json\/wp\/v2\/posts\/199513\/revisions"}],"predecessor-version":[{"id":202340,"href":"https:\/\/www.suno.com.br\/noticias\/wp-json\/wp\/v2\/posts\/199513\/revisions\/202340"}],"wp:featuredmedia":[{"embeddable":true,"href":"https:\/\/www.suno.com.br\/noticias\/wp-json\/wp\/v2\/media\/199535"}],"wp:attachment":[{"href":"https:\/\/www.suno.com.br\/noticias\/wp-json\/wp\/v2\/media?parent=199513"}],"wp:term":[{"taxonomy":"category","embeddable":true,"href":"https:\/\/www.suno.com.br\/noticias\/wp-json\/wp\/v2\/categories?post=199513"},{"taxonomy":"post_tag","embeddable":true,"href":"https:\/\/www.suno.com.br\/noticias\/wp-json\/wp\/v2\/tags?post=199513"},{"taxonomy":"suno_strategy","embeddable":true,"href":"https:\/\/www.suno.com.br\/noticias\/wp-json\/wp\/v2\/suno_strategy?post=199513"}],"curies":[{"name":"wp","href":"https:\/\/api.w.org\/{rel}","templated":true}]}}