{"id":19949,"date":"2019-04-03T20:51:51","date_gmt":"2019-04-03T23:51:51","guid":{"rendered":"https:\/\/www.suno.com.br\/noticias\/?p=19949"},"modified":"2019-04-03T20:53:05","modified_gmt":"2019-04-03T23:53:05","slug":"eletrobras-capitalizacao-nao-maleficios","status":"publish","type":"post","link":"https:\/\/www.suno.com.br\/noticias\/eletrobras-capitalizacao-nao-maleficios\/","title":{"rendered":"Eletrobras: capitaliza\u00e7\u00e3o n\u00e3o tem malef\u00edcios, diz presidente da estatal"},"content":{"rendered":"<p>O presidente da Eletrobras, Wilson Ferreira, disse nesta quarta-feira (03) que a <a href=\"https:\/\/www.suno.com.br\/artigos\/capitalizacao-de-mercado\/\">capitaliza\u00e7\u00e3o<\/a> n\u00e3o traz malef\u00edcios \u00e0 empresa. Segundo o executivo, h\u00e1 argumentos para defender a medida no Congresso Nacional.<\/p>\t<div class=\"wrapper-featured-image\">\n\t\t<figure class=\"spotlightImg\">\n\n\t\t\t<picture>\n\t\t\t\t<source media=\"(max-width: 768px)\" srcset=\"https:\/\/files.sunoresearch.com.br\/n\/uploads\/2018\/08\/37c43d92-4789738445_475f20fb16_o-400x200.webp\">\n\t\t\t\t<img loading=\"lazy\" decoding=\"async\" class=\"newsContent__article__imgCapa lazyloadDisabled newsContent__article__imgCapa--noCaption\" src=\"https:\/\/files.sunoresearch.com.br\/n\/uploads\/2018\/08\/37c43d92-4789738445_475f20fb16_o-800x450.webp\" width=\"800\" height=\"450\" alt=\"Eletrobras: capitaliza\u00e7\u00e3o n\u00e3o tem malef\u00edcios, diz presidente da estatal\" fetchpriority=high \/>\n\t\t\t<\/picture>\n\n\t\t\t<figcaption class=\"wp-caption-text wp-caption-text--hide\">Eletrobras<\/figcaption>\n\t\t<\/figure>\n\t<\/div>\n\n\n<p>O processo de capitaliza\u00e7\u00e3o da <strong>Eletrobras<\/strong> encontra-se parado no <strong>Congresso<\/strong>. O projeto foi inciado pelo governo do ex-presidente Michel Temer. Entre os pontos da medida est\u00e1 a <strong>privatiza\u00e7\u00e3o<\/strong> da estatal por meio da emiss\u00e3o de a\u00e7\u00f5es. Dessa forma, a <strong>Uni\u00e3o<\/strong> ficaria com menos de 50% das a\u00e7\u00f5es e perderia o controle da empresa.<\/p>\n<p><a href=\"https:\/\/www.suno.com.br\/noticias\/novo-modelo-capitalizacao-eletrobras-junho-minas-energia\/\">Saiba mais:\u00a0Novo modelo de capitaliza\u00e7\u00e3o da Eletrobras deve ser definido at\u00e9 junho<\/a><\/p>\n<p>\u201cH\u00e1 argumentos suficientes para defender a capitaliza\u00e7\u00e3o. Ela vai ser ben\u00e9fica para os consumidores e a empresa vai gerar mais resultado\u201d, afirmou o executivo, durante participa\u00e7\u00e3o em evento do banco Bradesco em S\u00e3o Paulo.<\/p>\n<p>[optin-monster-shortcode id=&#8221;npkxlwaleraa8psvnego&#8221;]<\/p>\n<p>O ministro de Minas e Energia j\u00e1 havia dito que o <strong>governo<\/strong> do presidente Jair Bolsonaro daria continuidade ao processo de <strong>privatiza\u00e7\u00e3o<\/strong> da empresa.<\/p>\n<p><a href=\"https:\/\/www.suno.com.br\/noticias\/uniao-acionista-eletrobras\/\">Saiba mais:\u00a0Uni\u00e3o n\u00e3o ser\u00e1 maior acionista da Eletrobras, diz ministro<\/a><\/p>\n<p>Para reduzir o seu tamanho, a estatal<b>\u00a0<\/b>adota o regime de\u00a0<strong>Sociedades de Prop\u00f3sito Espec\u00edfico (SPEs)<\/strong>, que s\u00e3o empresas controladas pelo grupo Eletrobras. O objetivo \u00e9 construir e administrar projetos de gera\u00e7\u00e3o e transmiss\u00e3o de energia el\u00e9trica.<\/p>\n<p>De acordo com o <strong>governo<\/strong>, o modelo de privatiza\u00e7\u00e3o da empresa\u00a0deve ser parecido com adotado pela <strong>Embraer<\/strong> no passado.<\/p>\n\t<p>\n\t\t<a href=\"https:\/\/lp2.suno.com.br\/pv\/curso-zero-ao-primeiro-rendimento\/?utm_source=suno-noticias&#038;utm_medium=banner&#038;utm_campaign=_SNC4CCF8112_\" target=\"_blank\" data-element=\"shortcode-suno-banner\" title=\"Banner SUNO, clique e saiba mais\">\n\t\t\t<picture>\n\t\t\t\t<source media=\"(max-width: 500px)\" srcset=\"https:\/\/files.sunoresearch.com.br\/n\/uploads\/2025\/12\/Artigos-e-Noticias-Banner-Materias-02-Mobile_-400x300-1-png.webp\">\n\t\t\t\t<img class=\"newsContent__article__imgCapa newsContent__article__imgCapa--banner\"\n\t\t\t\t\tsrc=\"https:\/\/files.sunoresearch.com.br\/n\/uploads\/2025\/12\/Artigos-e-Noticias-Banner-Materias-01-Desktop_-1420x240-1-png.webp\"\n\t\t\t\t\tdata-promo-id=\"635313\"\t\t\t\t\t\t\t\t\t\twidth='1420' height='240'\t\t\t\t\talt=\"https:\/\/files.sunoresearch.com.br\/n\/uploads\/2025\/12\/Artigos-e-Noticias-Banner-Materias-01-Desktop_-1420x240-1-png.webp\"\n\t\t\t\t>\n\t\t\t<\/picture>\n\t\t<\/a>\n\t<\/p>\n\n\n<h2>Vendas de SPEs<\/h2>\n<p>O presidente da <strong>Eletrobras<\/strong> afirmou que o processo de negocia\u00e7\u00e3o de 47 SPEs deve ser anunciado entre o fim de m\u00eas e o in\u00edcio de maio.\u201cA venda dessas 47 SPEs deve ser anunciada no fim de abril e come\u00e7o de maio e ela ocorre num per\u00edodo em que temos o cuidado de melhorar a efici\u00eancia da empresa\u201d, disse Ferreira.<\/p>\n<p><a href=\"https:\/\/www.suno.com.br\/noticias\/eletrobras-reverte-prejuizo-melhor-resultado\/\">Saiba mais:\u00a0Eletrobras reverte preju\u00edzo de 2017 e tem melhor resultado em 20 anos<\/a><\/p>\n","protected":false},"excerpt":{"rendered":"<p>O presidente da Eletrobras, Wilson Ferreira, disse nesta quarta-feira (03) que a capitaliza\u00e7\u00e3o n\u00e3o traz malef\u00edcios \u00e0 empresa. Segundo o executivo, h\u00e1 argumentos para defender a medida no Congresso Nacional. Eletrobras O processo de capitaliza\u00e7\u00e3o da Eletrobras encontra-se parado no Congresso. O projeto foi inciado pelo governo do ex-presidente Michel Temer. Entre os pontos da [&hellip;]<\/p>\n","protected":false},"author":14,"featured_media":3028,"comment_status":"closed","ping_status":"closed","sticky":false,"template":"","format":"standard","meta":[],"categories":[62],"tags":[455,945],"suno_strategy":[],"class_list":["post-19949","post","type-post","status-publish","format-standard","has-post-thumbnail","hentry","category-economia","tag-eletrobras-elet3-elet5-elet6","tag-privatizacoes"],"yoast_head":"<!-- This site is optimized with the Yoast SEO plugin v24.4 - https:\/\/yoast.com\/wordpress\/plugins\/seo\/ -->\n<title>Eletrobras: capitaliza\u00e7\u00e3o n\u00e3o tem malef\u00edcios, diz presidente da estatal<\/title>\n<meta name=\"description\" content=\"O processo de capitaliza\u00e7\u00e3o da Eletrobras encontra-se parado no Congresso. O projeto foi inciado pelo governo anterior. Clique e saiba mais.\" \/>\n<meta name=\"robots\" content=\"index, follow, max-snippet:-1, max-image-preview:large, max-video-preview:-1\" \/>\n<link rel=\"canonical\" href=\"https:\/\/www.suno.com.br\/noticias\/eletrobras-capitalizacao-nao-maleficios\/\" \/>\n<meta property=\"og:locale\" content=\"pt_BR\" \/>\n<meta property=\"og:type\" content=\"article\" \/>\n<meta property=\"og:title\" content=\"Eletrobras: capitaliza\u00e7\u00e3o n\u00e3o tem malef\u00edcios, diz presidente da estatal\" \/>\n<meta property=\"og:description\" content=\"O processo de capitaliza\u00e7\u00e3o da Eletrobras encontra-se parado no Congresso. O projeto foi inciado pelo governo anterior. Clique e saiba mais.\" \/>\n<meta property=\"og:url\" content=\"https:\/\/www.suno.com.br\/noticias\/eletrobras-capitalizacao-nao-maleficios\/\" \/>\n<meta property=\"og:site_name\" content=\"Suno Not\u00edcias\" \/>\n<meta property=\"article:publisher\" content=\"https:\/\/facebook.com\/sunoresearch\" \/>\n<meta property=\"og:image\" content=\"https:\/\/files.sunoresearch.com.br\/n\/uploads\/2018\/08\/37c43d92-4789738445_475f20fb16_o.jpg\" \/>\n\t<meta property=\"og:image:width\" content=\"1024\" \/>\n\t<meta property=\"og:image:height\" content=\"768\" \/>\n\t<meta property=\"og:image:type\" content=\"image\/jpeg\" \/>\n<meta name=\"author\" content=\"Renan Dantas\" \/>\n<meta name=\"twitter:card\" content=\"summary_large_image\" \/>\n<meta name=\"twitter:creator\" content=\"@sunoresearch\" \/>\n<meta name=\"twitter:site\" content=\"@sunoresearch\" \/>\n<meta name=\"twitter:label1\" content=\"Escrito por\" \/>\n\t<meta name=\"twitter:data1\" content=\"Renan Dantas\" \/>\n\t<meta name=\"twitter:label2\" content=\"Est. tempo de leitura\" \/>\n\t<meta name=\"twitter:data2\" content=\"2 minutos\" \/>\n<script type=\"application\/ld+json\" class=\"yoast-schema-graph\">{\"@context\":\"https:\/\/schema.org\",\"@graph\":[{\"@type\":\"NewsArticle\",\"@id\":\"https:\/\/www.suno.com.br\/noticias\/eletrobras-capitalizacao-nao-maleficios\/#article\",\"isPartOf\":{\"@id\":\"https:\/\/www.suno.com.br\/noticias\/eletrobras-capitalizacao-nao-maleficios\/\"},\"author\":{\"name\":\"Renan Dantas\",\"@id\":\"https:\/\/www.suno.com.br\/noticias\/#\/schema\/person\/3f7693d5795a3f6d5ce15309ee785699\"},\"headline\":\"Eletrobras: capitaliza\u00e7\u00e3o n\u00e3o tem malef\u00edcios, diz presidente da estatal\",\"datePublished\":\"2019-04-03T23:51:51+00:00\",\"dateModified\":\"2019-04-03T23:53:05+00:00\",\"mainEntityOfPage\":{\"@id\":\"https:\/\/www.suno.com.br\/noticias\/eletrobras-capitalizacao-nao-maleficios\/\"},\"wordCount\":341,\"publisher\":{\"@id\":\"https:\/\/www.suno.com.br\/noticias\/#organization\"},\"image\":{\"@id\":\"https:\/\/www.suno.com.br\/noticias\/eletrobras-capitalizacao-nao-maleficios\/#primaryimage\"},\"thumbnailUrl\":\"https:\/\/files.sunoresearch.com.br\/n\/uploads\/2018\/08\/37c43d92-4789738445_475f20fb16_o-jpg.webp\",\"keywords\":[\"Eletrobras (ELET3\/ELET5\/ELET6)\",\"privatiza\u00e7\u00f5es\"],\"articleSection\":[\"Economia\"],\"inLanguage\":\"pt-BR\"},{\"@type\":\"WebPage\",\"@id\":\"https:\/\/www.suno.com.br\/noticias\/eletrobras-capitalizacao-nao-maleficios\/\",\"url\":\"https:\/\/www.suno.com.br\/noticias\/eletrobras-capitalizacao-nao-maleficios\/\",\"name\":\"Eletrobras: capitaliza\u00e7\u00e3o n\u00e3o tem malef\u00edcios, diz presidente da estatal\",\"isPartOf\":{\"@id\":\"https:\/\/www.suno.com.br\/noticias\/#website\"},\"primaryImageOfPage\":{\"@id\":\"https:\/\/www.suno.com.br\/noticias\/eletrobras-capitalizacao-nao-maleficios\/#primaryimage\"},\"image\":{\"@id\":\"https:\/\/www.suno.com.br\/noticias\/eletrobras-capitalizacao-nao-maleficios\/#primaryimage\"},\"thumbnailUrl\":\"https:\/\/files.sunoresearch.com.br\/n\/uploads\/2018\/08\/37c43d92-4789738445_475f20fb16_o-jpg.webp\",\"datePublished\":\"2019-04-03T23:51:51+00:00\",\"dateModified\":\"2019-04-03T23:53:05+00:00\",\"description\":\"O processo de capitaliza\u00e7\u00e3o da Eletrobras encontra-se parado no Congresso. O projeto foi inciado pelo governo anterior. Clique e saiba mais.\",\"breadcrumb\":{\"@id\":\"https:\/\/www.suno.com.br\/noticias\/eletrobras-capitalizacao-nao-maleficios\/#breadcrumb\"},\"inLanguage\":\"pt-BR\",\"potentialAction\":[{\"@type\":\"ReadAction\",\"target\":[\"https:\/\/www.suno.com.br\/noticias\/eletrobras-capitalizacao-nao-maleficios\/\"]}]},{\"@type\":\"ImageObject\",\"inLanguage\":\"pt-BR\",\"@id\":\"https:\/\/www.suno.com.br\/noticias\/eletrobras-capitalizacao-nao-maleficios\/#primaryimage\",\"url\":\"https:\/\/files.sunoresearch.com.br\/n\/uploads\/2018\/08\/37c43d92-4789738445_475f20fb16_o-jpg.webp\",\"contentUrl\":\"https:\/\/files.sunoresearch.com.br\/n\/uploads\/2018\/08\/37c43d92-4789738445_475f20fb16_o-jpg.webp\",\"width\":1024,\"height\":768,\"caption\":\"Eletrobras\"},{\"@type\":\"BreadcrumbList\",\"@id\":\"https:\/\/www.suno.com.br\/noticias\/eletrobras-capitalizacao-nao-maleficios\/#breadcrumb\",\"itemListElement\":[{\"@type\":\"ListItem\",\"position\":1,\"name\":\"Not\u00edcias\",\"item\":\"https:\/\/www.suno.com.br\/noticias\/\"},{\"@type\":\"ListItem\",\"position\":2,\"name\":\"Economia\",\"item\":\"https:\/\/www.suno.com.br\/noticias\/economia\/\"},{\"@type\":\"ListItem\",\"position\":3,\"name\":\"Eletrobras: capitaliza\u00e7\u00e3o n\u00e3o tem malef\u00edcios, diz presidente da estatal\"}]},{\"@type\":\"WebSite\",\"@id\":\"https:\/\/www.suno.com.br\/noticias\/#website\",\"url\":\"https:\/\/www.suno.com.br\/noticias\/\",\"name\":\"Suno Not\u00edcias\",\"description\":\"Seu portal de informa\u00e7\u00e3o sobre o mundo dos investimentos\",\"publisher\":{\"@id\":\"https:\/\/www.suno.com.br\/noticias\/#organization\"},\"potentialAction\":[{\"@type\":\"SearchAction\",\"target\":{\"@type\":\"EntryPoint\",\"urlTemplate\":\"https:\/\/www.suno.com.br\/noticias\/?s={search_term_string}\"},\"query-input\":{\"@type\":\"PropertyValueSpecification\",\"valueRequired\":true,\"valueName\":\"search_term_string\"}}],\"inLanguage\":\"pt-BR\"},{\"@type\":\"Organization\",\"@id\":\"https:\/\/www.suno.com.br\/noticias\/#organization\",\"name\":\"Suno Not\u00edcias\",\"url\":\"https:\/\/www.suno.com.br\/noticias\/\",\"logo\":{\"@type\":\"ImageObject\",\"inLanguage\":\"pt-BR\",\"@id\":\"https:\/\/www.suno.com.br\/noticias\/#\/schema\/logo\/image\/\",\"url\":\"https:\/\/files.sunoresearch.com.br\/n\/uploads\/2021\/09\/suno-logo.png\",\"contentUrl\":\"https:\/\/files.sunoresearch.com.br\/n\/uploads\/2021\/09\/suno-logo.png\",\"width\":180,\"height\":180,\"caption\":\"Suno Not\u00edcias\"},\"image\":{\"@id\":\"https:\/\/www.suno.com.br\/noticias\/#\/schema\/logo\/image\/\"},\"sameAs\":[\"https:\/\/facebook.com\/sunoresearch\",\"https:\/\/x.com\/sunoresearch\",\"https:\/\/www.instagram.com\/suno\",\"https:\/\/www.linkedin.com\/company\/suno-research\/\",\"https:\/\/www.youtube.com\/c\/sunoresearch\"]},{\"@type\":\"Person\",\"@id\":\"https:\/\/www.suno.com.br\/noticias\/#\/schema\/person\/3f7693d5795a3f6d5ce15309ee785699\",\"name\":\"Renan Dantas\",\"image\":{\"@type\":\"ImageObject\",\"inLanguage\":\"pt-BR\",\"@id\":\"https:\/\/www.suno.com.br\/noticias\/#\/schema\/person\/image\/\",\"url\":\"https:\/\/secure.gravatar.com\/avatar\/1787b83e7484a08e51d62ac8b41c8396?s=96&r=g\",\"contentUrl\":\"https:\/\/secure.gravatar.com\/avatar\/1787b83e7484a08e51d62ac8b41c8396?s=96&r=g\",\"caption\":\"Renan Dantas\"},\"description\":\"Escreve sobre pol\u00edtica e mercado financeiro para o portal Suno Not\u00edcias. Antes, atuou na assessoria de comunica\u00e7\u00e3o do Minist\u00e9rio P\u00fablico do Trabalho e na R\u00e1dio Mackenzie, onde apresentava e produzia um programa sobre artistas da m\u00fasica brasileira. \u00c9 estudante na Universidade Presbiteriana Mackenzie.\",\"url\":\"https:\/\/www.suno.com.br\/noticias\/author\/renan-dantas\/\"}]}<\/script>\n<!-- \/ Yoast SEO plugin. -->","yoast_head_json":{"title":"Eletrobras: capitaliza\u00e7\u00e3o n\u00e3o tem malef\u00edcios, diz presidente da estatal","description":"O processo de capitaliza\u00e7\u00e3o da Eletrobras encontra-se parado no Congresso. O projeto foi inciado pelo governo anterior. Clique e saiba mais.","robots":{"index":"index","follow":"follow","max-snippet":"max-snippet:-1","max-image-preview":"max-image-preview:large","max-video-preview":"max-video-preview:-1"},"canonical":"https:\/\/www.suno.com.br\/noticias\/eletrobras-capitalizacao-nao-maleficios\/","og_locale":"pt_BR","og_type":"article","og_title":"Eletrobras: capitaliza\u00e7\u00e3o n\u00e3o tem malef\u00edcios, diz presidente da estatal","og_description":"O processo de capitaliza\u00e7\u00e3o da Eletrobras encontra-se parado no Congresso. O projeto foi inciado pelo governo anterior. Clique e saiba mais.","og_url":"https:\/\/www.suno.com.br\/noticias\/eletrobras-capitalizacao-nao-maleficios\/","og_site_name":"Suno Not\u00edcias","article_publisher":"https:\/\/facebook.com\/sunoresearch","og_image":[{"width":1024,"height":768,"url":"https:\/\/files.sunoresearch.com.br\/n\/uploads\/2018\/08\/37c43d92-4789738445_475f20fb16_o.jpg","type":"image\/jpeg"}],"author":"Renan Dantas","twitter_card":"summary_large_image","twitter_creator":"@sunoresearch","twitter_site":"@sunoresearch","twitter_misc":{"Escrito por":"Renan Dantas","Est. tempo de leitura":"2 minutos"},"schema":{"@context":"https:\/\/schema.org","@graph":[{"@type":"NewsArticle","@id":"https:\/\/www.suno.com.br\/noticias\/eletrobras-capitalizacao-nao-maleficios\/#article","isPartOf":{"@id":"https:\/\/www.suno.com.br\/noticias\/eletrobras-capitalizacao-nao-maleficios\/"},"author":{"name":"Renan Dantas","@id":"https:\/\/www.suno.com.br\/noticias\/#\/schema\/person\/3f7693d5795a3f6d5ce15309ee785699"},"headline":"Eletrobras: capitaliza\u00e7\u00e3o n\u00e3o tem malef\u00edcios, diz presidente da estatal","datePublished":"2019-04-03T23:51:51+00:00","dateModified":"2019-04-03T23:53:05+00:00","mainEntityOfPage":{"@id":"https:\/\/www.suno.com.br\/noticias\/eletrobras-capitalizacao-nao-maleficios\/"},"wordCount":341,"publisher":{"@id":"https:\/\/www.suno.com.br\/noticias\/#organization"},"image":{"@id":"https:\/\/www.suno.com.br\/noticias\/eletrobras-capitalizacao-nao-maleficios\/#primaryimage"},"thumbnailUrl":"https:\/\/files.sunoresearch.com.br\/n\/uploads\/2018\/08\/37c43d92-4789738445_475f20fb16_o-jpg.webp","keywords":["Eletrobras (ELET3\/ELET5\/ELET6)","privatiza\u00e7\u00f5es"],"articleSection":["Economia"],"inLanguage":"pt-BR"},{"@type":"WebPage","@id":"https:\/\/www.suno.com.br\/noticias\/eletrobras-capitalizacao-nao-maleficios\/","url":"https:\/\/www.suno.com.br\/noticias\/eletrobras-capitalizacao-nao-maleficios\/","name":"Eletrobras: capitaliza\u00e7\u00e3o n\u00e3o tem malef\u00edcios, diz presidente da estatal","isPartOf":{"@id":"https:\/\/www.suno.com.br\/noticias\/#website"},"primaryImageOfPage":{"@id":"https:\/\/www.suno.com.br\/noticias\/eletrobras-capitalizacao-nao-maleficios\/#primaryimage"},"image":{"@id":"https:\/\/www.suno.com.br\/noticias\/eletrobras-capitalizacao-nao-maleficios\/#primaryimage"},"thumbnailUrl":"https:\/\/files.sunoresearch.com.br\/n\/uploads\/2018\/08\/37c43d92-4789738445_475f20fb16_o-jpg.webp","datePublished":"2019-04-03T23:51:51+00:00","dateModified":"2019-04-03T23:53:05+00:00","description":"O processo de capitaliza\u00e7\u00e3o da Eletrobras encontra-se parado no Congresso. O projeto foi inciado pelo governo anterior. Clique e saiba mais.","breadcrumb":{"@id":"https:\/\/www.suno.com.br\/noticias\/eletrobras-capitalizacao-nao-maleficios\/#breadcrumb"},"inLanguage":"pt-BR","potentialAction":[{"@type":"ReadAction","target":["https:\/\/www.suno.com.br\/noticias\/eletrobras-capitalizacao-nao-maleficios\/"]}]},{"@type":"ImageObject","inLanguage":"pt-BR","@id":"https:\/\/www.suno.com.br\/noticias\/eletrobras-capitalizacao-nao-maleficios\/#primaryimage","url":"https:\/\/files.sunoresearch.com.br\/n\/uploads\/2018\/08\/37c43d92-4789738445_475f20fb16_o-jpg.webp","contentUrl":"https:\/\/files.sunoresearch.com.br\/n\/uploads\/2018\/08\/37c43d92-4789738445_475f20fb16_o-jpg.webp","width":1024,"height":768,"caption":"Eletrobras"},{"@type":"BreadcrumbList","@id":"https:\/\/www.suno.com.br\/noticias\/eletrobras-capitalizacao-nao-maleficios\/#breadcrumb","itemListElement":[{"@type":"ListItem","position":1,"name":"Not\u00edcias","item":"https:\/\/www.suno.com.br\/noticias\/"},{"@type":"ListItem","position":2,"name":"Economia","item":"https:\/\/www.suno.com.br\/noticias\/economia\/"},{"@type":"ListItem","position":3,"name":"Eletrobras: capitaliza\u00e7\u00e3o n\u00e3o tem malef\u00edcios, diz presidente da estatal"}]},{"@type":"WebSite","@id":"https:\/\/www.suno.com.br\/noticias\/#website","url":"https:\/\/www.suno.com.br\/noticias\/","name":"Suno Not\u00edcias","description":"Seu portal de informa\u00e7\u00e3o sobre o mundo dos investimentos","publisher":{"@id":"https:\/\/www.suno.com.br\/noticias\/#organization"},"potentialAction":[{"@type":"SearchAction","target":{"@type":"EntryPoint","urlTemplate":"https:\/\/www.suno.com.br\/noticias\/?s={search_term_string}"},"query-input":{"@type":"PropertyValueSpecification","valueRequired":true,"valueName":"search_term_string"}}],"inLanguage":"pt-BR"},{"@type":"Organization","@id":"https:\/\/www.suno.com.br\/noticias\/#organization","name":"Suno Not\u00edcias","url":"https:\/\/www.suno.com.br\/noticias\/","logo":{"@type":"ImageObject","inLanguage":"pt-BR","@id":"https:\/\/www.suno.com.br\/noticias\/#\/schema\/logo\/image\/","url":"https:\/\/files.sunoresearch.com.br\/n\/uploads\/2021\/09\/suno-logo.png","contentUrl":"https:\/\/files.sunoresearch.com.br\/n\/uploads\/2021\/09\/suno-logo.png","width":180,"height":180,"caption":"Suno Not\u00edcias"},"image":{"@id":"https:\/\/www.suno.com.br\/noticias\/#\/schema\/logo\/image\/"},"sameAs":["https:\/\/facebook.com\/sunoresearch","https:\/\/x.com\/sunoresearch","https:\/\/www.instagram.com\/suno","https:\/\/www.linkedin.com\/company\/suno-research\/","https:\/\/www.youtube.com\/c\/sunoresearch"]},{"@type":"Person","@id":"https:\/\/www.suno.com.br\/noticias\/#\/schema\/person\/3f7693d5795a3f6d5ce15309ee785699","name":"Renan Dantas","image":{"@type":"ImageObject","inLanguage":"pt-BR","@id":"https:\/\/www.suno.com.br\/noticias\/#\/schema\/person\/image\/","url":"https:\/\/secure.gravatar.com\/avatar\/1787b83e7484a08e51d62ac8b41c8396?s=96&r=g","contentUrl":"https:\/\/secure.gravatar.com\/avatar\/1787b83e7484a08e51d62ac8b41c8396?s=96&r=g","caption":"Renan Dantas"},"description":"Escreve sobre pol\u00edtica e mercado financeiro para o portal Suno Not\u00edcias. Antes, atuou na assessoria de comunica\u00e7\u00e3o do Minist\u00e9rio P\u00fablico do Trabalho e na R\u00e1dio Mackenzie, onde apresentava e produzia um programa sobre artistas da m\u00fasica brasileira. \u00c9 estudante na Universidade Presbiteriana Mackenzie.","url":"https:\/\/www.suno.com.br\/noticias\/author\/renan-dantas\/"}]}},"default_loop_html":"<div class=\"cardsPage__listCard__boxs\"><div class=\"cardsPage__listCard__boxs__img\"><a href=\"https:\/\/www.suno.com.br\/noticias\/eletrobras-capitalizacao-nao-maleficios\/\"><img class=\"mask\" src=\"https:\/\/www.suno.com.br\/noticias\/wp-content\/themes\/suno\/resources\/images\/spotlight\/spotlight1img\/bg-mask.png\" alt=\"Image Mask\"\/><img src=\"https:\/\/files.sunoresearch.com.br\/n\/uploads\/2018\/08\/37c43d92-4789738445_475f20fb16_o-400x200.webp\" alt=\"Eletrobras: capitaliza\u00e7\u00e3o n\u00e3o tem malef\u00edcios, diz presidente da estatal\"\/><\/a><span class=\"spotlightCategory\"><a href=\"https:\/\/www.suno.com.br\/noticias\/economia\/\">Economia<\/a><\/span><\/div><div class=\"cardsPage__listCard__boxs__content\"><a href=\"https:\/\/www.suno.com.br\/noticias\/eletrobras-capitalizacao-nao-maleficios\/\"><h2 class=\"content__title\">Eletrobras: capitaliza\u00e7\u00e3o n\u00e3o tem malef\u00edcios, diz presidente da estatal<\/h2><\/a><div class=\"newsContent__article__meta\"><div class=\"newsContent__article__meta__authorBox\"><a href=\"https:\/\/www.suno.com.br\/noticias\/author\/renan-dantas\/\" class=\"authorBox__avatar noMobi\"><img src=\"https:\/\/secure.gravatar.com\/avatar\/1787b83e7484a08e51d62ac8b41c8396?s=96&#038;r=g\" alt=\"Renan Dantas\"><\/a><div class=\"authorBox__name\"><span>por\n\t\t\t<a href=\"https:\/\/www.suno.com.br\/noticias\/author\/renan-dantas\/\"><span itemprop=\"author\">Renan Dantas<\/span><\/a><\/span><time datetime=\"2019-04-03T20:51:51-03:00\" itemprop=\"datePublished\">03\/04\/2019 20:51<\/time><\/div><\/div><\/div><\/div><\/div>","single_layout":"posts","amp_enabled":true,"_links":{"self":[{"href":"https:\/\/www.suno.com.br\/noticias\/wp-json\/wp\/v2\/posts\/19949"}],"collection":[{"href":"https:\/\/www.suno.com.br\/noticias\/wp-json\/wp\/v2\/posts"}],"about":[{"href":"https:\/\/www.suno.com.br\/noticias\/wp-json\/wp\/v2\/types\/post"}],"author":[{"embeddable":true,"href":"https:\/\/www.suno.com.br\/noticias\/wp-json\/wp\/v2\/users\/14"}],"replies":[{"embeddable":true,"href":"https:\/\/www.suno.com.br\/noticias\/wp-json\/wp\/v2\/comments?post=19949"}],"version-history":[{"count":0,"href":"https:\/\/www.suno.com.br\/noticias\/wp-json\/wp\/v2\/posts\/19949\/revisions"}],"wp:featuredmedia":[{"embeddable":true,"href":"https:\/\/www.suno.com.br\/noticias\/wp-json\/wp\/v2\/media\/3028"}],"wp:attachment":[{"href":"https:\/\/www.suno.com.br\/noticias\/wp-json\/wp\/v2\/media?parent=19949"}],"wp:term":[{"taxonomy":"category","embeddable":true,"href":"https:\/\/www.suno.com.br\/noticias\/wp-json\/wp\/v2\/categories?post=19949"},{"taxonomy":"post_tag","embeddable":true,"href":"https:\/\/www.suno.com.br\/noticias\/wp-json\/wp\/v2\/tags?post=19949"},{"taxonomy":"suno_strategy","embeddable":true,"href":"https:\/\/www.suno.com.br\/noticias\/wp-json\/wp\/v2\/suno_strategy?post=19949"}],"curies":[{"name":"wp","href":"https:\/\/api.w.org\/{rel}","templated":true}]}}