{"id":199436,"date":"2021-10-30T12:26:57","date_gmt":"2021-10-30T15:26:57","guid":{"rendered":"https:\/\/www.suno.com.br\/noticias\/?p=199436"},"modified":"2021-11-16T17:19:06","modified_gmt":"2021-11-16T20:19:06","slug":"vibra-vvbr3-br-distribuidora-brdt3-debentures-emissao","status":"publish","type":"post","link":"https:\/\/www.suno.com.br\/noticias\/vibra-vvbr3-br-distribuidora-brdt3-debentures-emissao\/","title":{"rendered":"Vibra (VBBR3) emitir\u00e1 R$ 1,8 bilh\u00e3o em deb\u00eantures n\u00e3o convers\u00edveis para &#8220;otimizar capital&#8221;"},"content":{"rendered":"<p>A <a href=\"https:\/\/www.suno.com.br\/acoes\/BRDT3\/\"><strong>Vibra<\/strong> (VBBR3)<\/a>, ex-BR Distribuidora, ir\u00e1 emitir um montante de R$ 1,8 bilh\u00e3o em deb\u00eantures como forma de &#8220;otimizar o capital da companhia&#8221;.<\/p>\t<div class=\"wrapper-featured-image\">\n\t\t<figure class=\"spotlightImg\">\n\n\t\t\t<picture>\n\t\t\t\t<source media=\"(max-width: 768px)\" srcset=\"https:\/\/files.sunoresearch.com.br\/n\/uploads\/2021\/02\/7cc74510-logo-testeira-padrao_ps-400x200.webp\">\n\t\t\t\t<img loading=\"lazy\" decoding=\"async\" class=\"newsContent__article__imgCapa lazyloadDisabled \" src=\"https:\/\/files.sunoresearch.com.br\/n\/uploads\/2021\/02\/7cc74510-logo-testeira-padrao_ps-800x450.webp\" width=\"800\" height=\"450\" alt=\"Vibra (VBBR3) emitir\u00e1 R$ 1,8 bilh\u00e3o em deb\u00eantures n\u00e3o convers\u00edveis para &#8220;otimizar capital&#8221;\" fetchpriority=high \/>\n\t\t\t<\/picture>\n\n\t\t\t<figcaption class=\"wp-caption-text wp-caption-text--show\">Vibra Energia - Foto: BR Distribuidora\/Divulga\u00e7\u00e3o<\/figcaption>\n\t\t<\/figure>\n\t<\/div>\n\n\n\t<p>\n\t\t<a href=\"https:\/\/lp.suno.com.br\/planilha-controle-gastos\/\" target=\"_blank\" data-element=\"shortcode-suno-banner\" title=\"Banner SUNO, clique e saiba mais\">\n\t\t\t<picture>\n\t\t\t\t<source media=\"(max-width: 500px)\" srcset=\"https:\/\/files.sunoresearch.com.br\/n\/uploads\/2023\/03\/400x300-Planilha-controle-de-gastos.png\">\n\t\t\t\t<img class=\"newsContent__article__imgCapa newsContent__article__imgCapa--banner\"\n\t\t\t\t\tsrc=\"https:\/\/files.sunoresearch.com.br\/n\/uploads\/2023\/03\/1420x240-Planilha-controle-de-gastos.png\"\n\t\t\t\t\tdata-promo-id=\"101751\"\t\t\t\t\t\t\t\t\t\twidth='1420' height='240'\t\t\t\t\talt=\"https:\/\/files.sunoresearch.com.br\/n\/uploads\/2023\/03\/1420x240-Planilha-controle-de-gastos.png\"\n\t\t\t\t>\n\t\t\t<\/picture>\n\t\t<\/a>\n\t<\/p>\n\n\n<p>Em <a class=\"suno-keyword\" href=\"https:\/\/www.suno.com.br\/artigos\/fato-relevante\/\" target=\"_blank\" rel=\"noopener\" data-force=\"no\" data-priority=\"1\"><strong>fato relevante<\/strong><\/a> ap\u00f3s o <a class=\"suno-keyword\" href=\"https:\/\/www.suno.com.br\/artigos\/fechamento-do-mercado\/\" target=\"_blank\" rel=\"noopener\" data-force=\"no\" data-priority=\"1\">fechamento do mercado<\/a> na sexta-feira (29), a Vibra comunicou que a decis\u00e3o foi tomada ap\u00f3s reuni\u00e3o do <a class=\"suno-keyword\" href=\"https:\/\/www.suno.com.br\/artigos\/conselho-administracao\/\" target=\"_blank\" rel=\"noopener\" data-force=\"no\" data-priority=\"1\">Conselho de Administra\u00e7\u00e3o<\/a> na quarta-feira (27).<\/p>\n<p><a href=\"https:\/\/www.suno.com.br\/guias\/debentures\/\">A emiss\u00e3o<\/a> ser\u00e1 de <strong>deb\u00eantures<\/strong> &#8220;n\u00e3o convers\u00edveis em a\u00e7\u00f5es, em at\u00e9 duas s\u00e9ries, da esp\u00e9cie quirograf\u00e1ria, a serem distribu\u00eddas com esfor\u00e7os restritos, em regime de <a class=\"suno-keyword\" href=\"https:\/\/www.suno.com.br\/artigos\/garantia-firme\/\" target=\"_blank\" rel=\"noopener\" data-force=\"no\" data-priority=\"1\">garantia firme<\/a>&#8220;, segundo o documento arquivado pela empresa na <a href=\"https:\/\/www.suno.com.br\/artigos\/cvm\/\">Comiss\u00e3o de Valores Mobili\u00e1rios (<strong>CVM<\/strong>)<\/a>.<\/p>\n<p>Al\u00e9m disso, a empresa frisa que ser\u00e1 permitida a distribui\u00e7\u00e3o parcial no montante m\u00ednimo de R$ 1,5 bilh\u00e3o.<\/p>\n\n\t<div data-element=\"shortcode-read-more\" class=\"readToo\">\n\t\t\t\t<span class=\"readToo__title\">Leia mais<\/span>\n\t\t\t\t<ul class=\"readToo__list\">\n\t\t\t<li><a href=\"https:\/\/www.suno.com.br\/noticias\/unidas-lcam3-emitir-bilhao-debentures\/\">Unidas (LCAM3) vai emitir R$ 1 bilh\u00e3o em deb\u00eantures<\/a><\/li><li><a href=\"https:\/\/www.suno.com.br\/noticias\/sabesp-sbsp3-vai-emitir-r-125-bilhao-em-debentures\/\">Sabesp (SBSP3) vai emitir R$ 1,25 bilh\u00e3o em deb\u00eantures<\/a><\/li>\t\t<\/ul>\n\t<\/div>\n\n\n<p>Na emiss\u00e3o de <strong>deb\u00eantures da Vibra<\/strong>, ser\u00e1 &#8220;adotado o procedimento de coleta de inten\u00e7\u00f5es de investimento dos potenciais investidores no \u00e2mbito da oferta&#8221;.<\/p>\n<p>As deb\u00eantures da primeira s\u00e9rie ter\u00e3o prazo de <strong>vencimento<\/strong> de sete anos, ao passo que as da segunda s\u00e9rie ter\u00e3o prazo de dez anos a partir da data de emiss\u00e3o.<\/p>\n<p>&#8220;A emiss\u00e3o das Deb\u00eantures est\u00e1 alinhada ao direcionamento estrat\u00e9gico da Companhia de constante avalia\u00e7\u00e3o de alternativas de capta\u00e7\u00e3o de recursos para otimiza\u00e7\u00e3o da sua <a class=\"suno-keyword\" href=\"https:\/\/www.suno.com.br\/artigos\/indicadores-estrutura-capital\/\" target=\"_blank\" rel=\"noopener\" data-force=\"no\" data-priority=\"1\">estrutura de <strong>capital<\/strong><\/a> e financeira&#8221;, diz a ex-<strong>BR Distribuidora<\/strong>.<\/p>\n\t<p>\n\t\t<a href=\"https:\/\/lp.suno.com.br\/planilha-da-vida-financeira\/\" target=\"_blank\" data-element=\"shortcode-suno-banner\" title=\"Banner SUNO, clique e saiba mais\">\n\t\t\t<picture>\n\t\t\t\t<source media=\"(max-width: 500px)\" srcset=\"https:\/\/files.sunoresearch.com.br\/n\/uploads\/2023\/04\/400x300-Planilha-vida-financeira-true.png\">\n\t\t\t\t<img class=\"newsContent__article__imgCapa newsContent__article__imgCapa--banner\"\n\t\t\t\t\tsrc=\"https:\/\/files.sunoresearch.com.br\/n\/uploads\/2023\/04\/1420x240-Planilha-vida-financeira-true.png\"\n\t\t\t\t\tdata-promo-id=\"106682\"\t\t\t\t\t\t\t\t\t\twidth='1420' height='240'\t\t\t\t\talt=\"https:\/\/files.sunoresearch.com.br\/n\/uploads\/2023\/04\/1420x240-Planilha-vida-financeira-true.png\"\n\t\t\t\t>\n\t\t\t<\/picture>\n\t\t<\/a>\n\t<\/p>\n\n\n<h2>Entenda a mudan\u00e7a de ticker da Vibra<\/h2>\n<p>Ainda na quarta-feira (13) a companhia divulgou que devido \u00e0 altera\u00e7\u00e3o do seu nome de preg\u00e3o para Vibra em substitui\u00e7\u00e3o \u00e0 Petrobras BR, e por isso, a partir do dia 22 de outubro, as a\u00e7\u00f5es da companhia passou a ser negociada na B3 sob o c\u00f3digo VVBR3, em substitui\u00e7\u00e3o ao c\u00f3digo <strong>BRDT3<\/strong>.<\/p>\n<p>Em documento enviado \u00e0 CVM, a companhia frisou que &#8220;o novo posicionamento da marca institucional, nova assinatura corporativa e <a href=\"https:\/\/www.suno.com.br\/artigos\/ticker\/\">agora a altera\u00e7\u00e3o do ticker<\/a> para <strong>VBBR3<\/strong>\u00a0t\u00eam como direcionadores de sua nova marca: orienta\u00e7\u00e3o ao cliente; confian\u00e7a que conecta; parcerias genu\u00ednas; e evolu\u00e7\u00e3o constante.&#8221;<\/p>\n\t<p>\n\t\t<a href=\"https:\/\/lp.suno.com.br\/ebook-como-analisar-uma-acao\/\" target=\"_blank\" data-element=\"shortcode-suno-banner\" title=\"Banner SUNO, clique e saiba mais\">\n\t\t\t<picture>\n\t\t\t\t<source media=\"(max-width: 500px)\" srcset=\"https:\/\/files.sunoresearch.com.br\/n\/uploads\/2023\/03\/Ebook-Acoes-Mobile-1.jpg\">\n\t\t\t\t<img class=\"newsContent__article__imgCapa newsContent__article__imgCapa--banner\"\n\t\t\t\t\tsrc=\"https:\/\/files.sunoresearch.com.br\/n\/uploads\/2023\/03\/Ebook-Acoes-Desktop-1.jpg\"\n\t\t\t\t\tdata-promo-id=\"171998\"\t\t\t\t\t\t\t\t\t\twidth='1420' height='286'\t\t\t\t\talt=\"https:\/\/files.sunoresearch.com.br\/n\/uploads\/2023\/03\/Ebook-Acoes-Desktop-1.jpg\"\n\t\t\t\t>\n\t\t\t<\/picture>\n\t\t<\/a>\n\t<\/p>\n\n\n<p>Na ocasi\u00e3o a companhia lembrou que est\u00e1 passando por um processo de &#8220;transforma\u00e7\u00e3o organizacional e cultural baseada em quatro pilares que refletem a vis\u00e3o aspiracional da nova empresa&#8221;.<\/p>\n<p>Nesse sentido, os pilares s\u00e3o: &#8220;vis\u00e3o de neg\u00f3cio que tem compromisso com seus clientes e busca a excel\u00eancia em tudo o que faz; um relacionamento com os diferentes p\u00fablicos baseado em flexibilidade e empatia; os diferenciais de proximidade e conveni\u00eancia na rela\u00e7\u00e3o com os clientes; e finalmente uma vis\u00e3o de futuro alicer\u00e7ada em agilidade e inova\u00e7\u00e3o.&#8221;<\/p>\n<h2>Cota\u00e7\u00e3o de BRDT3<\/h2>\n<p>Em queda de 5% nos \u00faltimos cinco dias, as a\u00e7\u00f5es da <strong>Vibra<\/strong> fecharam o preg\u00e3o de sexta (29) cotadas a R$ 20,98. No acumulado anual, contudo, <a href=\"https:\/\/www.suno.com.br\/artigos\/acoes-ordinarias\">os pap\u00e9is ordin\u00e1rios da companhia ca\u00edram 3,98%<\/a> &#8211; considerando que no primeiro preg\u00e3o de 2021 a cota\u00e7\u00e3o era de R$ 21,85.<\/p>\n\t<p>\n\t\t<a href=\"https:\/\/lp.suno.com.br\/planilha-de-controle-de-investimentos\/\" target=\"_blank\" data-element=\"shortcode-suno-banner\" title=\"Banner SUNO, clique e saiba mais\">\n\t\t\t<picture>\n\t\t\t\t<source media=\"(max-width: 500px)\" srcset=\"https:\/\/files.sunoresearch.com.br\/n\/uploads\/2023\/03\/400x300-Controle-de-Investimentos.png\">\n\t\t\t\t<img class=\"newsContent__article__imgCapa newsContent__article__imgCapa--banner\"\n\t\t\t\t\tsrc=\"https:\/\/files.sunoresearch.com.br\/n\/uploads\/2023\/03\/1420x240-Controle-de-Investimentos.png\"\n\t\t\t\t\tdata-promo-id=\"75934\"\t\t\t\t\t\t\t\t\t\twidth='1420' height='240'\t\t\t\t\talt=\"https:\/\/files.sunoresearch.com.br\/n\/uploads\/2023\/03\/1420x240-Controle-de-Investimentos.png\"\n\t\t\t\t>\n\t\t\t<\/picture>\n\t\t<\/a>\n\t<\/p>\n\n\n","protected":false},"excerpt":{"rendered":"<p>A Vibra (VBBR3), ex-BR Distribuidora, ir\u00e1 emitir um montante de R$ 1,8 bilh\u00e3o em deb\u00eantures como forma de &#8220;otimizar o capital da companhia&#8221;. Sabesp (SBSP3) &#8211; Foto: Divulga\u00e7\u00e3o Em fato relevante ap\u00f3s o fechamento do mercado na sexta-feira (29), a Vibra comunicou que a decis\u00e3o foi tomada ap\u00f3s reuni\u00e3o do Conselho de Administra\u00e7\u00e3o na quarta-feira [&hellip;]<\/p>\n","protected":false},"author":73,"featured_media":119185,"comment_status":"closed","ping_status":"closed","sticky":false,"template":"","format":"standard","meta":[],"categories":[64],"tags":[1151,596],"suno_strategy":[],"class_list":["post-199436","post","type-post","status-publish","format-standard","has-post-thumbnail","hentry","category-negocios","tag-debentures","tag-vibra-energia-vbbr3"],"yoast_head":"<!-- This site is optimized with the Yoast SEO plugin v24.4 - https:\/\/yoast.com\/wordpress\/plugins\/seo\/ -->\n<title>Vibra (VVBR3) emitir\u00e1 R$ 1,8 bilh\u00e3o em deb\u00eantures n\u00e3o convers\u00edveis<\/title>\n<meta name=\"description\" content=\"A emiss\u00e3o de deb\u00eantures, segundo o fato relevante da Vibra, visa otimizar o capital da distribuidora. Clique aqui e leia mais.\" \/>\n<meta name=\"robots\" content=\"index, follow, max-snippet:-1, max-image-preview:large, max-video-preview:-1\" \/>\n<link rel=\"canonical\" href=\"https:\/\/www.suno.com.br\/noticias\/vibra-vvbr3-br-distribuidora-brdt3-debentures-emissao\/\" \/>\n<meta property=\"og:locale\" content=\"pt_BR\" \/>\n<meta property=\"og:type\" content=\"article\" \/>\n<meta property=\"og:title\" content=\"Vibra (VVBR3) emitir\u00e1 R$ 1,8 bilh\u00e3o em deb\u00eantures n\u00e3o convers\u00edveis\" \/>\n<meta property=\"og:description\" content=\"A emiss\u00e3o de deb\u00eantures, segundo o fato relevante da Vibra, visa otimizar o capital da distribuidora. Clique aqui e leia mais.\" \/>\n<meta property=\"og:url\" content=\"https:\/\/www.suno.com.br\/noticias\/vibra-vvbr3-br-distribuidora-brdt3-debentures-emissao\/\" \/>\n<meta property=\"og:site_name\" content=\"Suno Not\u00edcias\" \/>\n<meta property=\"article:publisher\" content=\"https:\/\/facebook.com\/sunoresearch\" \/>\n<meta property=\"og:image\" content=\"https:\/\/files.sunoresearch.com.br\/n\/uploads\/2021\/02\/7cc74510-logo-testeira-padrao_ps.jpg\" \/>\n\t<meta property=\"og:image:width\" content=\"1920\" \/>\n\t<meta property=\"og:image:height\" content=\"1133\" \/>\n\t<meta property=\"og:image:type\" content=\"image\/jpeg\" \/>\n<meta name=\"author\" content=\"Eduardo Vargas\" \/>\n<meta name=\"twitter:card\" content=\"summary_large_image\" \/>\n<meta name=\"twitter:creator\" content=\"@sunoresearch\" \/>\n<meta name=\"twitter:site\" content=\"@sunoresearch\" \/>\n<meta name=\"twitter:label1\" content=\"Escrito por\" \/>\n\t<meta name=\"twitter:data1\" content=\"Eduardo Vargas\" \/>\n\t<meta name=\"twitter:label2\" content=\"Est. tempo de leitura\" \/>\n\t<meta name=\"twitter:data2\" content=\"2 minutos\" \/>\n<script type=\"application\/ld+json\" class=\"yoast-schema-graph\">{\"@context\":\"https:\/\/schema.org\",\"@graph\":[{\"@type\":\"NewsArticle\",\"@id\":\"https:\/\/www.suno.com.br\/noticias\/vibra-vvbr3-br-distribuidora-brdt3-debentures-emissao\/#article\",\"isPartOf\":{\"@id\":\"https:\/\/www.suno.com.br\/noticias\/vibra-vvbr3-br-distribuidora-brdt3-debentures-emissao\/\"},\"author\":{\"name\":\"Eduardo Vargas\",\"@id\":\"https:\/\/www.suno.com.br\/noticias\/#\/schema\/person\/7f4d362bf3518e76090143ae77bb49a5\"},\"headline\":\"Vibra (VBBR3) emitir\u00e1 R$ 1,8 bilh\u00e3o em deb\u00eantures n\u00e3o convers\u00edveis para &#8220;otimizar capital&#8221;\",\"datePublished\":\"2021-10-30T15:26:57+00:00\",\"dateModified\":\"2021-11-16T20:19:06+00:00\",\"mainEntityOfPage\":{\"@id\":\"https:\/\/www.suno.com.br\/noticias\/vibra-vvbr3-br-distribuidora-brdt3-debentures-emissao\/\"},\"wordCount\":524,\"publisher\":{\"@id\":\"https:\/\/www.suno.com.br\/noticias\/#organization\"},\"image\":{\"@id\":\"https:\/\/www.suno.com.br\/noticias\/vibra-vvbr3-br-distribuidora-brdt3-debentures-emissao\/#primaryimage\"},\"thumbnailUrl\":\"https:\/\/files.sunoresearch.com.br\/n\/uploads\/2021\/02\/7cc74510-logo-testeira-padrao_ps-jpg.webp\",\"keywords\":[\"deb\u00eantures\",\"Vibra Energia (VBBR3)\"],\"articleSection\":[\"Neg\u00f3cios\"],\"inLanguage\":\"pt-BR\"},{\"@type\":\"WebPage\",\"@id\":\"https:\/\/www.suno.com.br\/noticias\/vibra-vvbr3-br-distribuidora-brdt3-debentures-emissao\/\",\"url\":\"https:\/\/www.suno.com.br\/noticias\/vibra-vvbr3-br-distribuidora-brdt3-debentures-emissao\/\",\"name\":\"Vibra (VVBR3) emitir\u00e1 R$ 1,8 bilh\u00e3o em deb\u00eantures n\u00e3o convers\u00edveis\",\"isPartOf\":{\"@id\":\"https:\/\/www.suno.com.br\/noticias\/#website\"},\"primaryImageOfPage\":{\"@id\":\"https:\/\/www.suno.com.br\/noticias\/vibra-vvbr3-br-distribuidora-brdt3-debentures-emissao\/#primaryimage\"},\"image\":{\"@id\":\"https:\/\/www.suno.com.br\/noticias\/vibra-vvbr3-br-distribuidora-brdt3-debentures-emissao\/#primaryimage\"},\"thumbnailUrl\":\"https:\/\/files.sunoresearch.com.br\/n\/uploads\/2021\/02\/7cc74510-logo-testeira-padrao_ps-jpg.webp\",\"datePublished\":\"2021-10-30T15:26:57+00:00\",\"dateModified\":\"2021-11-16T20:19:06+00:00\",\"description\":\"A emiss\u00e3o de deb\u00eantures, segundo o fato relevante da Vibra, visa otimizar o capital da distribuidora. Clique aqui e leia mais.\",\"breadcrumb\":{\"@id\":\"https:\/\/www.suno.com.br\/noticias\/vibra-vvbr3-br-distribuidora-brdt3-debentures-emissao\/#breadcrumb\"},\"inLanguage\":\"pt-BR\",\"potentialAction\":[{\"@type\":\"ReadAction\",\"target\":[\"https:\/\/www.suno.com.br\/noticias\/vibra-vvbr3-br-distribuidora-brdt3-debentures-emissao\/\"]}]},{\"@type\":\"ImageObject\",\"inLanguage\":\"pt-BR\",\"@id\":\"https:\/\/www.suno.com.br\/noticias\/vibra-vvbr3-br-distribuidora-brdt3-debentures-emissao\/#primaryimage\",\"url\":\"https:\/\/files.sunoresearch.com.br\/n\/uploads\/2021\/02\/7cc74510-logo-testeira-padrao_ps-jpg.webp\",\"contentUrl\":\"https:\/\/files.sunoresearch.com.br\/n\/uploads\/2021\/02\/7cc74510-logo-testeira-padrao_ps-jpg.webp\",\"width\":1920,\"height\":1133,\"caption\":\"Vibra Energia - Foto: BR Distribuidora\/Divulga\u00e7\u00e3o\"},{\"@type\":\"BreadcrumbList\",\"@id\":\"https:\/\/www.suno.com.br\/noticias\/vibra-vvbr3-br-distribuidora-brdt3-debentures-emissao\/#breadcrumb\",\"itemListElement\":[{\"@type\":\"ListItem\",\"position\":1,\"name\":\"Not\u00edcias\",\"item\":\"https:\/\/www.suno.com.br\/noticias\/\"},{\"@type\":\"ListItem\",\"position\":2,\"name\":\"Neg\u00f3cios\",\"item\":\"https:\/\/www.suno.com.br\/noticias\/negocios\/\"},{\"@type\":\"ListItem\",\"position\":3,\"name\":\"Vibra (VBBR3) emitir\u00e1 R$ 1,8 bilh\u00e3o em deb\u00eantures n\u00e3o convers\u00edveis para &#8220;otimizar capital&#8221;\"}]},{\"@type\":\"WebSite\",\"@id\":\"https:\/\/www.suno.com.br\/noticias\/#website\",\"url\":\"https:\/\/www.suno.com.br\/noticias\/\",\"name\":\"Suno Not\u00edcias\",\"description\":\"Seu portal de informa\u00e7\u00e3o sobre o mundo dos investimentos\",\"publisher\":{\"@id\":\"https:\/\/www.suno.com.br\/noticias\/#organization\"},\"potentialAction\":[{\"@type\":\"SearchAction\",\"target\":{\"@type\":\"EntryPoint\",\"urlTemplate\":\"https:\/\/www.suno.com.br\/noticias\/?s={search_term_string}\"},\"query-input\":{\"@type\":\"PropertyValueSpecification\",\"valueRequired\":true,\"valueName\":\"search_term_string\"}}],\"inLanguage\":\"pt-BR\"},{\"@type\":\"Organization\",\"@id\":\"https:\/\/www.suno.com.br\/noticias\/#organization\",\"name\":\"Suno Not\u00edcias\",\"url\":\"https:\/\/www.suno.com.br\/noticias\/\",\"logo\":{\"@type\":\"ImageObject\",\"inLanguage\":\"pt-BR\",\"@id\":\"https:\/\/www.suno.com.br\/noticias\/#\/schema\/logo\/image\/\",\"url\":\"https:\/\/files.sunoresearch.com.br\/n\/uploads\/2021\/09\/suno-logo.png\",\"contentUrl\":\"https:\/\/files.sunoresearch.com.br\/n\/uploads\/2021\/09\/suno-logo.png\",\"width\":180,\"height\":180,\"caption\":\"Suno Not\u00edcias\"},\"image\":{\"@id\":\"https:\/\/www.suno.com.br\/noticias\/#\/schema\/logo\/image\/\"},\"sameAs\":[\"https:\/\/facebook.com\/sunoresearch\",\"https:\/\/x.com\/sunoresearch\",\"https:\/\/www.instagram.com\/suno\",\"https:\/\/www.linkedin.com\/company\/suno-research\/\",\"https:\/\/www.youtube.com\/c\/sunoresearch\"]},{\"@type\":\"Person\",\"@id\":\"https:\/\/www.suno.com.br\/noticias\/#\/schema\/person\/7f4d362bf3518e76090143ae77bb49a5\",\"name\":\"Eduardo Vargas\",\"image\":{\"@type\":\"ImageObject\",\"inLanguage\":\"pt-BR\",\"@id\":\"https:\/\/www.suno.com.br\/noticias\/#\/schema\/person\/image\/\",\"url\":\"https:\/\/secure.gravatar.com\/avatar\/dac340933427a22924c9f99d1eb2e3f2?s=96&r=g\",\"contentUrl\":\"https:\/\/secure.gravatar.com\/avatar\/dac340933427a22924c9f99d1eb2e3f2?s=96&r=g\",\"caption\":\"Eduardo Vargas\"},\"description\":\"Jornalista formado pela UFSC, cobre macroeconomia, neg\u00f3cios e startups para o Suno Not\u00edcias, escrevendo principalmente not\u00edcias sobre o mercado financeiro e a bolsa de valores. No YouTube e no Instagram, \u00e9 respons\u00e1vel pela produ\u00e7\u00e3o de Reels e Shorts do Suno Not\u00edcias. Anteriormente, trabalhou cobrindo economia e cotidiano no ND+ e para o ND, maior jornal impresso de Santa Catarina. Cursou um semestre letivo de Estudos de M\u00eddia na Universidad de Buenos Aires.\",\"url\":\"https:\/\/www.suno.com.br\/noticias\/author\/eduardo-vargas\/\"}]}<\/script>\n<!-- \/ Yoast SEO plugin. -->","yoast_head_json":{"title":"Vibra (VVBR3) emitir\u00e1 R$ 1,8 bilh\u00e3o em deb\u00eantures n\u00e3o convers\u00edveis","description":"A emiss\u00e3o de deb\u00eantures, segundo o fato relevante da Vibra, visa otimizar o capital da distribuidora. Clique aqui e leia mais.","robots":{"index":"index","follow":"follow","max-snippet":"max-snippet:-1","max-image-preview":"max-image-preview:large","max-video-preview":"max-video-preview:-1"},"canonical":"https:\/\/www.suno.com.br\/noticias\/vibra-vvbr3-br-distribuidora-brdt3-debentures-emissao\/","og_locale":"pt_BR","og_type":"article","og_title":"Vibra (VVBR3) emitir\u00e1 R$ 1,8 bilh\u00e3o em deb\u00eantures n\u00e3o convers\u00edveis","og_description":"A emiss\u00e3o de deb\u00eantures, segundo o fato relevante da Vibra, visa otimizar o capital da distribuidora. Clique aqui e leia mais.","og_url":"https:\/\/www.suno.com.br\/noticias\/vibra-vvbr3-br-distribuidora-brdt3-debentures-emissao\/","og_site_name":"Suno Not\u00edcias","article_publisher":"https:\/\/facebook.com\/sunoresearch","og_image":[{"width":1920,"height":1133,"url":"https:\/\/files.sunoresearch.com.br\/n\/uploads\/2021\/02\/7cc74510-logo-testeira-padrao_ps.jpg","type":"image\/jpeg"}],"author":"Eduardo Vargas","twitter_card":"summary_large_image","twitter_creator":"@sunoresearch","twitter_site":"@sunoresearch","twitter_misc":{"Escrito por":"Eduardo Vargas","Est. tempo de leitura":"2 minutos"},"schema":{"@context":"https:\/\/schema.org","@graph":[{"@type":"NewsArticle","@id":"https:\/\/www.suno.com.br\/noticias\/vibra-vvbr3-br-distribuidora-brdt3-debentures-emissao\/#article","isPartOf":{"@id":"https:\/\/www.suno.com.br\/noticias\/vibra-vvbr3-br-distribuidora-brdt3-debentures-emissao\/"},"author":{"name":"Eduardo Vargas","@id":"https:\/\/www.suno.com.br\/noticias\/#\/schema\/person\/7f4d362bf3518e76090143ae77bb49a5"},"headline":"Vibra (VBBR3) emitir\u00e1 R$ 1,8 bilh\u00e3o em deb\u00eantures n\u00e3o convers\u00edveis para &#8220;otimizar capital&#8221;","datePublished":"2021-10-30T15:26:57+00:00","dateModified":"2021-11-16T20:19:06+00:00","mainEntityOfPage":{"@id":"https:\/\/www.suno.com.br\/noticias\/vibra-vvbr3-br-distribuidora-brdt3-debentures-emissao\/"},"wordCount":524,"publisher":{"@id":"https:\/\/www.suno.com.br\/noticias\/#organization"},"image":{"@id":"https:\/\/www.suno.com.br\/noticias\/vibra-vvbr3-br-distribuidora-brdt3-debentures-emissao\/#primaryimage"},"thumbnailUrl":"https:\/\/files.sunoresearch.com.br\/n\/uploads\/2021\/02\/7cc74510-logo-testeira-padrao_ps-jpg.webp","keywords":["deb\u00eantures","Vibra Energia (VBBR3)"],"articleSection":["Neg\u00f3cios"],"inLanguage":"pt-BR"},{"@type":"WebPage","@id":"https:\/\/www.suno.com.br\/noticias\/vibra-vvbr3-br-distribuidora-brdt3-debentures-emissao\/","url":"https:\/\/www.suno.com.br\/noticias\/vibra-vvbr3-br-distribuidora-brdt3-debentures-emissao\/","name":"Vibra (VVBR3) emitir\u00e1 R$ 1,8 bilh\u00e3o em deb\u00eantures n\u00e3o convers\u00edveis","isPartOf":{"@id":"https:\/\/www.suno.com.br\/noticias\/#website"},"primaryImageOfPage":{"@id":"https:\/\/www.suno.com.br\/noticias\/vibra-vvbr3-br-distribuidora-brdt3-debentures-emissao\/#primaryimage"},"image":{"@id":"https:\/\/www.suno.com.br\/noticias\/vibra-vvbr3-br-distribuidora-brdt3-debentures-emissao\/#primaryimage"},"thumbnailUrl":"https:\/\/files.sunoresearch.com.br\/n\/uploads\/2021\/02\/7cc74510-logo-testeira-padrao_ps-jpg.webp","datePublished":"2021-10-30T15:26:57+00:00","dateModified":"2021-11-16T20:19:06+00:00","description":"A emiss\u00e3o de deb\u00eantures, segundo o fato relevante da Vibra, visa otimizar o capital da distribuidora. Clique aqui e leia mais.","breadcrumb":{"@id":"https:\/\/www.suno.com.br\/noticias\/vibra-vvbr3-br-distribuidora-brdt3-debentures-emissao\/#breadcrumb"},"inLanguage":"pt-BR","potentialAction":[{"@type":"ReadAction","target":["https:\/\/www.suno.com.br\/noticias\/vibra-vvbr3-br-distribuidora-brdt3-debentures-emissao\/"]}]},{"@type":"ImageObject","inLanguage":"pt-BR","@id":"https:\/\/www.suno.com.br\/noticias\/vibra-vvbr3-br-distribuidora-brdt3-debentures-emissao\/#primaryimage","url":"https:\/\/files.sunoresearch.com.br\/n\/uploads\/2021\/02\/7cc74510-logo-testeira-padrao_ps-jpg.webp","contentUrl":"https:\/\/files.sunoresearch.com.br\/n\/uploads\/2021\/02\/7cc74510-logo-testeira-padrao_ps-jpg.webp","width":1920,"height":1133,"caption":"Vibra Energia - Foto: BR Distribuidora\/Divulga\u00e7\u00e3o"},{"@type":"BreadcrumbList","@id":"https:\/\/www.suno.com.br\/noticias\/vibra-vvbr3-br-distribuidora-brdt3-debentures-emissao\/#breadcrumb","itemListElement":[{"@type":"ListItem","position":1,"name":"Not\u00edcias","item":"https:\/\/www.suno.com.br\/noticias\/"},{"@type":"ListItem","position":2,"name":"Neg\u00f3cios","item":"https:\/\/www.suno.com.br\/noticias\/negocios\/"},{"@type":"ListItem","position":3,"name":"Vibra (VBBR3) emitir\u00e1 R$ 1,8 bilh\u00e3o em deb\u00eantures n\u00e3o convers\u00edveis para &#8220;otimizar capital&#8221;"}]},{"@type":"WebSite","@id":"https:\/\/www.suno.com.br\/noticias\/#website","url":"https:\/\/www.suno.com.br\/noticias\/","name":"Suno Not\u00edcias","description":"Seu portal de informa\u00e7\u00e3o sobre o mundo dos investimentos","publisher":{"@id":"https:\/\/www.suno.com.br\/noticias\/#organization"},"potentialAction":[{"@type":"SearchAction","target":{"@type":"EntryPoint","urlTemplate":"https:\/\/www.suno.com.br\/noticias\/?s={search_term_string}"},"query-input":{"@type":"PropertyValueSpecification","valueRequired":true,"valueName":"search_term_string"}}],"inLanguage":"pt-BR"},{"@type":"Organization","@id":"https:\/\/www.suno.com.br\/noticias\/#organization","name":"Suno Not\u00edcias","url":"https:\/\/www.suno.com.br\/noticias\/","logo":{"@type":"ImageObject","inLanguage":"pt-BR","@id":"https:\/\/www.suno.com.br\/noticias\/#\/schema\/logo\/image\/","url":"https:\/\/files.sunoresearch.com.br\/n\/uploads\/2021\/09\/suno-logo.png","contentUrl":"https:\/\/files.sunoresearch.com.br\/n\/uploads\/2021\/09\/suno-logo.png","width":180,"height":180,"caption":"Suno Not\u00edcias"},"image":{"@id":"https:\/\/www.suno.com.br\/noticias\/#\/schema\/logo\/image\/"},"sameAs":["https:\/\/facebook.com\/sunoresearch","https:\/\/x.com\/sunoresearch","https:\/\/www.instagram.com\/suno","https:\/\/www.linkedin.com\/company\/suno-research\/","https:\/\/www.youtube.com\/c\/sunoresearch"]},{"@type":"Person","@id":"https:\/\/www.suno.com.br\/noticias\/#\/schema\/person\/7f4d362bf3518e76090143ae77bb49a5","name":"Eduardo Vargas","image":{"@type":"ImageObject","inLanguage":"pt-BR","@id":"https:\/\/www.suno.com.br\/noticias\/#\/schema\/person\/image\/","url":"https:\/\/secure.gravatar.com\/avatar\/dac340933427a22924c9f99d1eb2e3f2?s=96&r=g","contentUrl":"https:\/\/secure.gravatar.com\/avatar\/dac340933427a22924c9f99d1eb2e3f2?s=96&r=g","caption":"Eduardo Vargas"},"description":"Jornalista formado pela UFSC, cobre macroeconomia, neg\u00f3cios e startups para o Suno Not\u00edcias, escrevendo principalmente not\u00edcias sobre o mercado financeiro e a bolsa de valores. No YouTube e no Instagram, \u00e9 respons\u00e1vel pela produ\u00e7\u00e3o de Reels e Shorts do Suno Not\u00edcias. Anteriormente, trabalhou cobrindo economia e cotidiano no ND+ e para o ND, maior jornal impresso de Santa Catarina. Cursou um semestre letivo de Estudos de M\u00eddia na Universidad de Buenos Aires.","url":"https:\/\/www.suno.com.br\/noticias\/author\/eduardo-vargas\/"}]}},"default_loop_html":"<div class=\"cardsPage__listCard__boxs\"><div class=\"cardsPage__listCard__boxs__img\"><a href=\"https:\/\/www.suno.com.br\/noticias\/sabesp-sbsp3-vai-emitir-r-125-bilhao-em-debentures\/\"><img class=\"mask\" src=\"https:\/\/www.suno.com.br\/noticias\/wp-content\/themes\/suno\/resources\/images\/spotlight\/spotlight1img\/bg-mask.png\" alt=\"Image Mask\"\/><img src=\"https:\/\/files.sunoresearch.com.br\/n\/uploads\/2021\/03\/bc798517-sabesp_2-400x200.webp\" alt=\"Sabesp (SBSP3) vai emitir R$ 1,25 bilh\u00e3o em deb\u00eantures\"\/><\/a><span class=\"spotlightCategory\"><a href=\"https:\/\/www.suno.com.br\/noticias\/negocios\/\">Neg\u00f3cios<\/a><\/span><\/div><div class=\"cardsPage__listCard__boxs__content\"><a href=\"https:\/\/www.suno.com.br\/noticias\/sabesp-sbsp3-vai-emitir-r-125-bilhao-em-debentures\/\"><h2 class=\"content__title\">Sabesp (SBSP3) vai emitir R$ 1,25 bilh\u00e3o em deb\u00eantures<\/h2><\/a><div class=\"newsContent__article__meta\"><div class=\"newsContent__article__meta__authorBox\"><a href=\"https:\/\/www.suno.com.br\/noticias\/author\/poliana-santos\/\" class=\"authorBox__avatar noMobi\"><img src=\"https:\/\/files.sunoresearch.com.br\/n\/uploads\/2020\/08\/7ef34026-whatsapp-image-2020-08-03-at-12.37.57-150x150.webp\" alt=\"Poliana Santos\"><\/a><div class=\"authorBox__name\"><span>por\n\t\t\t<a href=\"https:\/\/www.suno.com.br\/noticias\/author\/poliana-santos\/\"><span itemprop=\"author\">Poliana Santos<\/span><\/a><\/span><time datetime=\"2021-10-29T07:27:14-03:00\" itemprop=\"datePublished\">29\/10\/2021 07:27<\/time><\/div><\/div><\/div><\/div><\/div>","single_layout":"posts","amp_enabled":true,"_links":{"self":[{"href":"https:\/\/www.suno.com.br\/noticias\/wp-json\/wp\/v2\/posts\/199436"}],"collection":[{"href":"https:\/\/www.suno.com.br\/noticias\/wp-json\/wp\/v2\/posts"}],"about":[{"href":"https:\/\/www.suno.com.br\/noticias\/wp-json\/wp\/v2\/types\/post"}],"author":[{"embeddable":true,"href":"https:\/\/www.suno.com.br\/noticias\/wp-json\/wp\/v2\/users\/73"}],"replies":[{"embeddable":true,"href":"https:\/\/www.suno.com.br\/noticias\/wp-json\/wp\/v2\/comments?post=199436"}],"version-history":[{"count":4,"href":"https:\/\/www.suno.com.br\/noticias\/wp-json\/wp\/v2\/posts\/199436\/revisions"}],"predecessor-version":[{"id":205717,"href":"https:\/\/www.suno.com.br\/noticias\/wp-json\/wp\/v2\/posts\/199436\/revisions\/205717"}],"wp:featuredmedia":[{"embeddable":true,"href":"https:\/\/www.suno.com.br\/noticias\/wp-json\/wp\/v2\/media\/119185"}],"wp:attachment":[{"href":"https:\/\/www.suno.com.br\/noticias\/wp-json\/wp\/v2\/media?parent=199436"}],"wp:term":[{"taxonomy":"category","embeddable":true,"href":"https:\/\/www.suno.com.br\/noticias\/wp-json\/wp\/v2\/categories?post=199436"},{"taxonomy":"post_tag","embeddable":true,"href":"https:\/\/www.suno.com.br\/noticias\/wp-json\/wp\/v2\/tags?post=199436"},{"taxonomy":"suno_strategy","embeddable":true,"href":"https:\/\/www.suno.com.br\/noticias\/wp-json\/wp\/v2\/suno_strategy?post=199436"}],"curies":[{"name":"wp","href":"https:\/\/api.w.org\/{rel}","templated":true}]}}