{"id":199413,"date":"2021-10-30T13:06:16","date_gmt":"2021-10-30T16:06:16","guid":{"rendered":"https:\/\/www.suno.com.br\/noticias\/?p=199413"},"modified":"2021-10-30T13:06:16","modified_gmt":"2021-10-30T16:06:16","slug":"economistas-teto-de-gastos-discordam","status":"publish","type":"post","link":"https:\/\/www.suno.com.br\/noticias\/economistas-teto-de-gastos-discordam\/","title":{"rendered":"Teto de Gastos: Pess\u00f4a e Barbosa criticam governo por incerteza"},"content":{"rendered":"<p>Ambos contr\u00e1rios ao vigor da <a class=\"suno-keyword\" href=\"https:\/\/www.suno.com.br\/artigos\/politica-economica\/\" target=\"_blank\" rel=\"noopener\" data-force=\"no\" data-priority=\"1\">pol\u00edtica econ\u00f4mica<\/a>, Nelson Barbosa, ministro da Fazenda no segundo governo Dilma Rousseff (PT), e Samuel Pess\u00f4a, s\u00f3cio da gestora de recursos Julius Baer <a class=\"suno-keyword\" href=\"https:\/\/www.suno.com.br\/artigos\/family-office\/\" target=\"_blank\" rel=\"noopener\" data-force=\"no\" data-priority=\"1\">Family Office<\/a>, concordam que tanto o Planalto quando o Congresso nacional precisam chegar a um acordo sobre\u00a0o <strong>teto de gastos<\/strong>.<\/p>\t<div class=\"wrapper-featured-image\">\n\t\t<figure class=\"spotlightImg\">\n\n\t\t\t<picture>\n\t\t\t\t<source media=\"(max-width: 768px)\" srcset=\"https:\/\/files.sunoresearch.com.br\/n\/uploads\/2021\/10\/bolsoguedes-400x200.jpg\">\n\t\t\t\t<img loading=\"lazy\" decoding=\"async\" class=\"newsContent__article__imgCapa lazyloadDisabled \" src=\"https:\/\/files.sunoresearch.com.br\/n\/uploads\/2021\/10\/bolsoguedes-800x450.jpg\" width=\"800\" height=\"450\" alt=\"Teto de Gastos: Pess\u00f4a e Barbosa criticam governo por incerteza\" fetchpriority=high \/>\n\t\t\t<\/picture>\n\n\t\t\t<figcaption class=\"wp-caption-text wp-caption-text--show\">O poss\u00edvel furo do teto de gastos se d\u00e1 por conta do pagamento do Aux\u00edlio Brasil - Foto: Ag\u00eancia Brasil<\/figcaption>\n\t\t<\/figure>\n\t<\/div>\n\n\n\t<p>\n\t\t<a href=\"https:\/\/lp.suno.com.br\/planilha-controle-gastos\/\" target=\"_blank\" data-element=\"shortcode-suno-banner\" title=\"Banner SUNO, clique e saiba mais\">\n\t\t\t<picture>\n\t\t\t\t<source media=\"(max-width: 500px)\" srcset=\"https:\/\/files.sunoresearch.com.br\/n\/uploads\/2023\/03\/400x300-Planilha-controle-de-gastos.png\">\n\t\t\t\t<img class=\"newsContent__article__imgCapa newsContent__article__imgCapa--banner\"\n\t\t\t\t\tsrc=\"https:\/\/files.sunoresearch.com.br\/n\/uploads\/2023\/03\/1420x240-Planilha-controle-de-gastos.png\"\n\t\t\t\t\tdata-promo-id=\"101751\"\t\t\t\t\t\t\t\t\t\twidth='1420' height='240'\t\t\t\t\talt=\"https:\/\/files.sunoresearch.com.br\/n\/uploads\/2023\/03\/1420x240-Planilha-controle-de-gastos.png\"\n\t\t\t\t>\n\t\t\t<\/picture>\n\t\t<\/a>\n\t<\/p>\n\n\n<p>Os argumentos sobre o tema do teto de gastos visam um\u00a0acordo que d\u00ea previsibilidade para o tamanho do <a href=\"https:\/\/www.suno.com.br\/artigos\/deficit-publico\/\">desequil\u00edbrio nas <strong>contas<\/strong> do <strong>governo<\/strong> em 2022 e nos anos seguintes<\/a>. O melhor seria definir rapidamente o tamanho do rombo nas contas, disseram os especialistas, em <strong>debate<\/strong> do Instituto Brasileiro de Economia da Funda\u00e7\u00e3o Get\u00falio Vargas (Ibre\/FGV) em parceria com o Estad\u00e3o.<\/p>\n<p>&#8220;Melhor seria definir nesta semana qual o gasto adicional de 2022 e colocar isso numa <strong>PEC<\/strong> (proposta de emenda constitucional) ou num cr\u00e9dito extraordin\u00e1rio, se os \u00f3rg\u00e3os de controle permitirem&#8221;, afirmou <strong>Nelson Barbosa<\/strong>, durante o semin\u00e1rio online &#8220;Caminhos para um Crescimento Sustent\u00e1vel&#8221;.<\/p>\n\n\t<div data-element=\"shortcode-read-more\" class=\"readToo\">\n\t\t\t\t<span class=\"readToo__title\">Leia mais<\/span>\n\t\t\t\t<ul class=\"readToo__list\">\n\t\t\t<li><a href=\"https:\/\/www.suno.com.br\/noticias\/pais-esta-quase-falido-arminio-fraga\/\">Brasil est\u00e1 beirando a fal\u00eancia e \u00e9 preciso repensar gastos p\u00fablicos, afirma Arminio Fraga<\/a><\/li><li><a href=\"https:\/\/www.suno.com.br\/noticias\/democratas-imposto-corporativo-camara-eua\/\">Democratas dos EUA querem aumentar imposto corporativo para 25,6% e financiar gastos sociais, diz WSJ<\/a><\/li>\t\t<\/ul>\n\t<\/div>\n\n\n<h2>Teto de gastos e &#8216;ajuste ruim&#8217;<\/h2>\n<p>O debate foi marcado por cr\u00edticas \u00e0 forma como o governo federal est\u00e1 ajustando as contas p\u00fablicas para fazer caber no Or\u00e7amento de 2021 e 2022 o <strong>Aux\u00edlio<\/strong> <strong>Brasil<\/strong>, sucessor do <strong>Bolsa<\/strong> <strong>Fam\u00edlia<\/strong>, com um valor de benef\u00edcio m\u00e9dio mais elevado do que o que \u00e9 pago atualmente.<\/p>\n<p>Barbosa lembrou que o fato de o governo propor o valor mais elevado no Aux\u00edlio Brasil com dura\u00e7\u00e3o apenas at\u00e9 o fim de 2022 tamb\u00e9m criou problemas para o equil\u00edbrio das contas p\u00fablicas de 2023 em diante.<\/p>\n<p>Por isso, <a href=\"https:\/\/www.suno.com.br\/artigos\/politica-fiscal\/\">ele defende alguma nova medida <strong>fiscal<\/strong><\/a>, a ser aprovada em 2022, antes das elei\u00e7\u00f5es, para dar alguma sinaliza\u00e7\u00e3o para 2023. A ideia seria, antes das elei\u00e7\u00f5es, formar um &#8220;grupo de trabalho no Congresso&#8221; para definir uma nova regra fiscal, &#8220;com alguma flexibilidade&#8221;, para valer para 2023.<\/p>\n\t<p>\n\t\t<a href=\"https:\/\/lp.suno.com.br\/planilha-da-vida-financeira\/\" target=\"_blank\" data-element=\"shortcode-suno-banner\" title=\"Banner SUNO, clique e saiba mais\">\n\t\t\t<picture>\n\t\t\t\t<source media=\"(max-width: 500px)\" srcset=\"https:\/\/files.sunoresearch.com.br\/n\/uploads\/2023\/04\/400x300-Planilha-vida-financeira-true.png\">\n\t\t\t\t<img class=\"newsContent__article__imgCapa newsContent__article__imgCapa--banner\"\n\t\t\t\t\tsrc=\"https:\/\/files.sunoresearch.com.br\/n\/uploads\/2023\/04\/1420x240-Planilha-vida-financeira-true.png\"\n\t\t\t\t\tdata-promo-id=\"106682\"\t\t\t\t\t\t\t\t\t\twidth='1420' height='240'\t\t\t\t\talt=\"https:\/\/files.sunoresearch.com.br\/n\/uploads\/2023\/04\/1420x240-Planilha-vida-financeira-true.png\"\n\t\t\t\t>\n\t\t\t<\/picture>\n\t\t<\/a>\n\t<\/p>\n\n\n<p>Pess\u00f4a concordou. Para o pesquisador seria importante que o <strong>Congresso<\/strong>, &#8220;com transpar\u00eancia&#8221;, decidisse o que vai de fato ser feito de gasto p\u00fablico acima do teto.<\/p>\n<p>&#8220;Nesse quadro, gastar mais com emendas de relator e com o fundo eleitoral \u00e9 um esc\u00e2ndalo&#8221;, afirmou <strong>Pess\u00f4a<\/strong>, referindo-se a outros gastos que dever\u00e3o ser elevados no contexto da aprova\u00e7\u00e3o da proposta de emenda constitucional (PEC) dos precat\u00f3rios, forma escolhida pelo <a href=\"https:\/\/www.suno.com.br\/artigos\/crise-economica-oportunidade-ou-ameaca\/?__hstc=189907700.683be205053588a6a8174edf3b3f781a.1622644341353.1635600345568.1635606203857.655&amp;__hssc=189907700.11.1635606203857&amp;__hsfp=1281309305\">governo federal para resolver a piora na crise fiscal<\/a>, que est\u00e1 em discuss\u00e3o no Congresso.<\/p>\n<h2>Pires chama aten\u00e7\u00e3o para crise de confian\u00e7a<\/h2>\n<p>Tamb\u00e9m participante do semin\u00e1rio online, o coordenador do Observat\u00f3rio Fiscal do Ibre\/<strong>FGV<\/strong>, Manoel Pires, chamou a aten\u00e7\u00e3o para uma &#8220;crise de confian\u00e7a&#8221; causada pela proposta de flexibilizar o <a class=\"suno-keyword\" href=\"https:\/\/www.suno.com.br\/artigos\/teto-de-gastos\/\" target=\"_blank\" rel=\"noopener\" data-force=\"no\" data-priority=\"1\">teto de gastos<\/a>. O economista, que integrou a equipe do Minist\u00e9rio da Fazenda no governo Dilma Rousseff, d\u00e1 raz\u00e3o ao ministro da Economia, Paulo Guedes, quando diz que os dados fiscais est\u00e3o, de fato, melhorando.<\/p>\n\t<p>\n\t\t<a href=\"https:\/\/lp.suno.com.br\/ebook-como-analisar-uma-acao\/\" target=\"_blank\" data-element=\"shortcode-suno-banner\" title=\"Banner SUNO, clique e saiba mais\">\n\t\t\t<picture>\n\t\t\t\t<source media=\"(max-width: 500px)\" srcset=\"https:\/\/files.sunoresearch.com.br\/n\/uploads\/2023\/03\/Ebook-Acoes-Mobile-1.jpg\">\n\t\t\t\t<img class=\"newsContent__article__imgCapa newsContent__article__imgCapa--banner\"\n\t\t\t\t\tsrc=\"https:\/\/files.sunoresearch.com.br\/n\/uploads\/2023\/03\/Ebook-Acoes-Desktop-1.jpg\"\n\t\t\t\t\tdata-promo-id=\"171998\"\t\t\t\t\t\t\t\t\t\twidth='1420' height='286'\t\t\t\t\talt=\"https:\/\/files.sunoresearch.com.br\/n\/uploads\/2023\/03\/Ebook-Acoes-Desktop-1.jpg\"\n\t\t\t\t>\n\t\t\t<\/picture>\n\t\t<\/a>\n\t<\/p>\n\n\n<p>Tamb\u00e9m cr\u00ea que, no fim das contas, o mais prov\u00e1vel \u00e9 que a &#8220;<strong>pol\u00edtica<\/strong>&#8221; encontre um &#8220;meio termo&#8221; entre a rea\u00e7\u00e3o do <a href=\"https:\/\/www.suno.com.br\/guias\/mercado-financeiro\/\">mercado financeiro<\/a> \u00e0 incerteza fiscal e a necessidade de <a href=\"https:\/\/www.suno.com.br\/artigos\/deficit-publico\/\">ampliar gastos p\u00fablicos<\/a>.\u00a0O problema \u00e9 que a forma como a discuss\u00e3o foi encaminhada pelo Executivo importa.<\/p>\n<p>&#8220;O governo est\u00e1 h\u00e1 anos dizendo que vai cumprir o <strong>teto de gastos<\/strong> e agora n\u00e3o vai&#8221;, afirmou Pires, lembrando que a proposta para flexibilizar a regra levou uma &#8220;grande d\u00favida&#8221; aos agentes econ\u00f4micos, especialmente no mercado financeiro, que passaram a n\u00e3o ter ideia sobre o tamanho do rombo nas contas p\u00fablicas.<\/p>\n<p><em>Com informa\u00e7\u00f5es do Estad\u00e3o Conte\u00fado<\/em><\/p>\n\t<p>\n\t\t<a href=\"https:\/\/lp.suno.com.br\/planilha-de-controle-de-investimentos\/\" target=\"_blank\" data-element=\"shortcode-suno-banner\" title=\"Banner SUNO, clique e saiba mais\">\n\t\t\t<picture>\n\t\t\t\t<source media=\"(max-width: 500px)\" srcset=\"https:\/\/files.sunoresearch.com.br\/n\/uploads\/2023\/03\/400x300-Controle-de-Investimentos.png\">\n\t\t\t\t<img class=\"newsContent__article__imgCapa newsContent__article__imgCapa--banner\"\n\t\t\t\t\tsrc=\"https:\/\/files.sunoresearch.com.br\/n\/uploads\/2023\/03\/1420x240-Controle-de-Investimentos.png\"\n\t\t\t\t\tdata-promo-id=\"75934\"\t\t\t\t\t\t\t\t\t\twidth='1420' height='240'\t\t\t\t\talt=\"https:\/\/files.sunoresearch.com.br\/n\/uploads\/2023\/03\/1420x240-Controle-de-Investimentos.png\"\n\t\t\t\t>\n\t\t\t<\/picture>\n\t\t<\/a>\n\t<\/p>\n\n\n","protected":false},"excerpt":{"rendered":"<p>Ambos contr\u00e1rios ao vigor da pol\u00edtica econ\u00f4mica, Nelson Barbosa, ministro da Fazenda no segundo governo Dilma Rousseff (PT), e Samuel Pess\u00f4a, s\u00f3cio da gestora de recursos Julius Baer Family Office, concordam que tanto o Planalto quando o Congresso nacional precisam chegar a um acordo sobre\u00a0o teto de gastos. Embate pol\u00edtico: acordo sobre teto da d\u00edvida [&hellip;]<\/p>\n","protected":false},"author":73,"featured_media":198452,"comment_status":"closed","ping_status":"closed","sticky":false,"template":"","format":"standard","meta":[],"categories":[62],"tags":[106444,1769,2251,797,83329],"suno_strategy":[],"class_list":["post-199413","post","type-post","status-publish","format-standard","has-post-thumbnail","hentry","category-economia","tag-agencias","tag-contas-publicas","tag-economia-brasileira","tag-fgv","tag-teto-de-gastos"],"yoast_head":"<!-- This site is optimized with the Yoast SEO plugin v24.4 - https:\/\/yoast.com\/wordpress\/plugins\/seo\/ -->\n<title>Teto de Gastos: Pess\u00f4a e Barbosa criticam governo por incerteza<\/title>\n<meta name=\"description\" content=\"Discuss\u00e3o sobre o teto de gastos ganhou for\u00e7a ap\u00f3s governo sinalizar rompimento para pagar Aux\u00edlio Brasil. Clique aqui e leia mais.\" \/>\n<meta name=\"robots\" content=\"index, follow, max-snippet:-1, max-image-preview:large, max-video-preview:-1\" \/>\n<link rel=\"canonical\" href=\"https:\/\/www.suno.com.br\/noticias\/economistas-teto-de-gastos-discordam\/\" \/>\n<meta property=\"og:locale\" content=\"pt_BR\" \/>\n<meta property=\"og:type\" content=\"article\" \/>\n<meta property=\"og:title\" content=\"Teto de Gastos: Pess\u00f4a e Barbosa criticam governo por incerteza\" \/>\n<meta property=\"og:description\" content=\"Discuss\u00e3o sobre o teto de gastos ganhou for\u00e7a ap\u00f3s governo sinalizar rompimento para pagar Aux\u00edlio Brasil. Clique aqui e leia mais.\" \/>\n<meta property=\"og:url\" content=\"https:\/\/www.suno.com.br\/noticias\/economistas-teto-de-gastos-discordam\/\" \/>\n<meta property=\"og:site_name\" content=\"Suno Not\u00edcias\" \/>\n<meta property=\"article:publisher\" content=\"https:\/\/facebook.com\/sunoresearch\" \/>\n<meta property=\"og:image\" content=\"https:\/\/files.sunoresearch.com.br\/n\/uploads\/2021\/10\/bolsoguedes-scaled.jpg\" \/>\n\t<meta property=\"og:image:width\" content=\"2560\" \/>\n\t<meta property=\"og:image:height\" content=\"1707\" \/>\n\t<meta property=\"og:image:type\" content=\"image\/jpeg\" \/>\n<meta name=\"author\" content=\"Eduardo Vargas\" \/>\n<meta name=\"twitter:card\" content=\"summary_large_image\" \/>\n<meta name=\"twitter:creator\" content=\"@sunoresearch\" \/>\n<meta name=\"twitter:site\" content=\"@sunoresearch\" \/>\n<meta name=\"twitter:label1\" content=\"Escrito por\" \/>\n\t<meta name=\"twitter:data1\" content=\"Eduardo Vargas\" \/>\n\t<meta name=\"twitter:label2\" content=\"Est. tempo de leitura\" \/>\n\t<meta name=\"twitter:data2\" content=\"3 minutos\" \/>\n<script type=\"application\/ld+json\" class=\"yoast-schema-graph\">{\"@context\":\"https:\/\/schema.org\",\"@graph\":[{\"@type\":\"NewsArticle\",\"@id\":\"https:\/\/www.suno.com.br\/noticias\/economistas-teto-de-gastos-discordam\/#article\",\"isPartOf\":{\"@id\":\"https:\/\/www.suno.com.br\/noticias\/economistas-teto-de-gastos-discordam\/\"},\"author\":{\"name\":\"Eduardo Vargas\",\"@id\":\"https:\/\/www.suno.com.br\/noticias\/#\/schema\/person\/7f4d362bf3518e76090143ae77bb49a5\"},\"headline\":\"Teto de Gastos: Pess\u00f4a e Barbosa criticam governo por incerteza\",\"datePublished\":\"2021-10-30T16:06:16+00:00\",\"mainEntityOfPage\":{\"@id\":\"https:\/\/www.suno.com.br\/noticias\/economistas-teto-de-gastos-discordam\/\"},\"wordCount\":627,\"publisher\":{\"@id\":\"https:\/\/www.suno.com.br\/noticias\/#organization\"},\"image\":{\"@id\":\"https:\/\/www.suno.com.br\/noticias\/economistas-teto-de-gastos-discordam\/#primaryimage\"},\"thumbnailUrl\":\"https:\/\/files.sunoresearch.com.br\/n\/uploads\/2021\/10\/bolsoguedes-scaled.jpg\",\"keywords\":[\"Ag\u00eancias\",\"contas p\u00fablicas\",\"economia brasileira\",\"FGV\",\"teto de gastos\"],\"articleSection\":[\"Economia\"],\"inLanguage\":\"pt-BR\"},{\"@type\":\"WebPage\",\"@id\":\"https:\/\/www.suno.com.br\/noticias\/economistas-teto-de-gastos-discordam\/\",\"url\":\"https:\/\/www.suno.com.br\/noticias\/economistas-teto-de-gastos-discordam\/\",\"name\":\"Teto de Gastos: Pess\u00f4a e Barbosa criticam governo por incerteza\",\"isPartOf\":{\"@id\":\"https:\/\/www.suno.com.br\/noticias\/#website\"},\"primaryImageOfPage\":{\"@id\":\"https:\/\/www.suno.com.br\/noticias\/economistas-teto-de-gastos-discordam\/#primaryimage\"},\"image\":{\"@id\":\"https:\/\/www.suno.com.br\/noticias\/economistas-teto-de-gastos-discordam\/#primaryimage\"},\"thumbnailUrl\":\"https:\/\/files.sunoresearch.com.br\/n\/uploads\/2021\/10\/bolsoguedes-scaled.jpg\",\"datePublished\":\"2021-10-30T16:06:16+00:00\",\"description\":\"Discuss\u00e3o sobre o teto de gastos ganhou for\u00e7a ap\u00f3s governo sinalizar rompimento para pagar Aux\u00edlio Brasil. Clique aqui e leia mais.\",\"breadcrumb\":{\"@id\":\"https:\/\/www.suno.com.br\/noticias\/economistas-teto-de-gastos-discordam\/#breadcrumb\"},\"inLanguage\":\"pt-BR\",\"potentialAction\":[{\"@type\":\"ReadAction\",\"target\":[\"https:\/\/www.suno.com.br\/noticias\/economistas-teto-de-gastos-discordam\/\"]}]},{\"@type\":\"ImageObject\",\"inLanguage\":\"pt-BR\",\"@id\":\"https:\/\/www.suno.com.br\/noticias\/economistas-teto-de-gastos-discordam\/#primaryimage\",\"url\":\"https:\/\/files.sunoresearch.com.br\/n\/uploads\/2021\/10\/bolsoguedes-scaled.jpg\",\"contentUrl\":\"https:\/\/files.sunoresearch.com.br\/n\/uploads\/2021\/10\/bolsoguedes-scaled.jpg\",\"width\":2560,\"height\":1707,\"caption\":\"O poss\u00edvel furo do teto de gastos se d\u00e1 por conta do pagamento do Aux\u00edlio Brasil - Foto: Ag\u00eancia Brasil\"},{\"@type\":\"BreadcrumbList\",\"@id\":\"https:\/\/www.suno.com.br\/noticias\/economistas-teto-de-gastos-discordam\/#breadcrumb\",\"itemListElement\":[{\"@type\":\"ListItem\",\"position\":1,\"name\":\"Not\u00edcias\",\"item\":\"https:\/\/www.suno.com.br\/noticias\/\"},{\"@type\":\"ListItem\",\"position\":2,\"name\":\"Economia\",\"item\":\"https:\/\/www.suno.com.br\/noticias\/economia\/\"},{\"@type\":\"ListItem\",\"position\":3,\"name\":\"Teto de Gastos: Pess\u00f4a e Barbosa criticam governo por incerteza\"}]},{\"@type\":\"WebSite\",\"@id\":\"https:\/\/www.suno.com.br\/noticias\/#website\",\"url\":\"https:\/\/www.suno.com.br\/noticias\/\",\"name\":\"Suno Not\u00edcias\",\"description\":\"Seu portal de informa\u00e7\u00e3o sobre o mundo dos investimentos\",\"publisher\":{\"@id\":\"https:\/\/www.suno.com.br\/noticias\/#organization\"},\"potentialAction\":[{\"@type\":\"SearchAction\",\"target\":{\"@type\":\"EntryPoint\",\"urlTemplate\":\"https:\/\/www.suno.com.br\/noticias\/?s={search_term_string}\"},\"query-input\":{\"@type\":\"PropertyValueSpecification\",\"valueRequired\":true,\"valueName\":\"search_term_string\"}}],\"inLanguage\":\"pt-BR\"},{\"@type\":\"Organization\",\"@id\":\"https:\/\/www.suno.com.br\/noticias\/#organization\",\"name\":\"Suno Not\u00edcias\",\"url\":\"https:\/\/www.suno.com.br\/noticias\/\",\"logo\":{\"@type\":\"ImageObject\",\"inLanguage\":\"pt-BR\",\"@id\":\"https:\/\/www.suno.com.br\/noticias\/#\/schema\/logo\/image\/\",\"url\":\"https:\/\/files.sunoresearch.com.br\/n\/uploads\/2021\/09\/suno-logo.png\",\"contentUrl\":\"https:\/\/files.sunoresearch.com.br\/n\/uploads\/2021\/09\/suno-logo.png\",\"width\":180,\"height\":180,\"caption\":\"Suno Not\u00edcias\"},\"image\":{\"@id\":\"https:\/\/www.suno.com.br\/noticias\/#\/schema\/logo\/image\/\"},\"sameAs\":[\"https:\/\/facebook.com\/sunoresearch\",\"https:\/\/x.com\/sunoresearch\",\"https:\/\/www.instagram.com\/suno\",\"https:\/\/www.linkedin.com\/company\/suno-research\/\",\"https:\/\/www.youtube.com\/c\/sunoresearch\"]},{\"@type\":\"Person\",\"@id\":\"https:\/\/www.suno.com.br\/noticias\/#\/schema\/person\/7f4d362bf3518e76090143ae77bb49a5\",\"name\":\"Eduardo Vargas\",\"image\":{\"@type\":\"ImageObject\",\"inLanguage\":\"pt-BR\",\"@id\":\"https:\/\/www.suno.com.br\/noticias\/#\/schema\/person\/image\/\",\"url\":\"https:\/\/secure.gravatar.com\/avatar\/dac340933427a22924c9f99d1eb2e3f2?s=96&r=g\",\"contentUrl\":\"https:\/\/secure.gravatar.com\/avatar\/dac340933427a22924c9f99d1eb2e3f2?s=96&r=g\",\"caption\":\"Eduardo Vargas\"},\"description\":\"Jornalista formado pela UFSC, cobre macroeconomia, neg\u00f3cios e startups para o Suno Not\u00edcias, escrevendo principalmente not\u00edcias sobre o mercado financeiro e a bolsa de valores. No YouTube e no Instagram, \u00e9 respons\u00e1vel pela produ\u00e7\u00e3o de Reels e Shorts do Suno Not\u00edcias. Anteriormente, trabalhou cobrindo economia e cotidiano no ND+ e para o ND, maior jornal impresso de Santa Catarina. Cursou um semestre letivo de Estudos de M\u00eddia na Universidad de Buenos Aires.\",\"url\":\"https:\/\/www.suno.com.br\/noticias\/author\/eduardo-vargas\/\"}]}<\/script>\n<!-- \/ Yoast SEO plugin. -->","yoast_head_json":{"title":"Teto de Gastos: Pess\u00f4a e Barbosa criticam governo por incerteza","description":"Discuss\u00e3o sobre o teto de gastos ganhou for\u00e7a ap\u00f3s governo sinalizar rompimento para pagar Aux\u00edlio Brasil. Clique aqui e leia mais.","robots":{"index":"index","follow":"follow","max-snippet":"max-snippet:-1","max-image-preview":"max-image-preview:large","max-video-preview":"max-video-preview:-1"},"canonical":"https:\/\/www.suno.com.br\/noticias\/economistas-teto-de-gastos-discordam\/","og_locale":"pt_BR","og_type":"article","og_title":"Teto de Gastos: Pess\u00f4a e Barbosa criticam governo por incerteza","og_description":"Discuss\u00e3o sobre o teto de gastos ganhou for\u00e7a ap\u00f3s governo sinalizar rompimento para pagar Aux\u00edlio Brasil. Clique aqui e leia mais.","og_url":"https:\/\/www.suno.com.br\/noticias\/economistas-teto-de-gastos-discordam\/","og_site_name":"Suno Not\u00edcias","article_publisher":"https:\/\/facebook.com\/sunoresearch","og_image":[{"width":2560,"height":1707,"url":"https:\/\/files.sunoresearch.com.br\/n\/uploads\/2021\/10\/bolsoguedes-scaled.jpg","type":"image\/jpeg"}],"author":"Eduardo Vargas","twitter_card":"summary_large_image","twitter_creator":"@sunoresearch","twitter_site":"@sunoresearch","twitter_misc":{"Escrito por":"Eduardo Vargas","Est. tempo de leitura":"3 minutos"},"schema":{"@context":"https:\/\/schema.org","@graph":[{"@type":"NewsArticle","@id":"https:\/\/www.suno.com.br\/noticias\/economistas-teto-de-gastos-discordam\/#article","isPartOf":{"@id":"https:\/\/www.suno.com.br\/noticias\/economistas-teto-de-gastos-discordam\/"},"author":{"name":"Eduardo Vargas","@id":"https:\/\/www.suno.com.br\/noticias\/#\/schema\/person\/7f4d362bf3518e76090143ae77bb49a5"},"headline":"Teto de Gastos: Pess\u00f4a e Barbosa criticam governo por incerteza","datePublished":"2021-10-30T16:06:16+00:00","mainEntityOfPage":{"@id":"https:\/\/www.suno.com.br\/noticias\/economistas-teto-de-gastos-discordam\/"},"wordCount":627,"publisher":{"@id":"https:\/\/www.suno.com.br\/noticias\/#organization"},"image":{"@id":"https:\/\/www.suno.com.br\/noticias\/economistas-teto-de-gastos-discordam\/#primaryimage"},"thumbnailUrl":"https:\/\/files.sunoresearch.com.br\/n\/uploads\/2021\/10\/bolsoguedes-scaled.jpg","keywords":["Ag\u00eancias","contas p\u00fablicas","economia brasileira","FGV","teto de gastos"],"articleSection":["Economia"],"inLanguage":"pt-BR"},{"@type":"WebPage","@id":"https:\/\/www.suno.com.br\/noticias\/economistas-teto-de-gastos-discordam\/","url":"https:\/\/www.suno.com.br\/noticias\/economistas-teto-de-gastos-discordam\/","name":"Teto de Gastos: Pess\u00f4a e Barbosa criticam governo por incerteza","isPartOf":{"@id":"https:\/\/www.suno.com.br\/noticias\/#website"},"primaryImageOfPage":{"@id":"https:\/\/www.suno.com.br\/noticias\/economistas-teto-de-gastos-discordam\/#primaryimage"},"image":{"@id":"https:\/\/www.suno.com.br\/noticias\/economistas-teto-de-gastos-discordam\/#primaryimage"},"thumbnailUrl":"https:\/\/files.sunoresearch.com.br\/n\/uploads\/2021\/10\/bolsoguedes-scaled.jpg","datePublished":"2021-10-30T16:06:16+00:00","description":"Discuss\u00e3o sobre o teto de gastos ganhou for\u00e7a ap\u00f3s governo sinalizar rompimento para pagar Aux\u00edlio Brasil. Clique aqui e leia mais.","breadcrumb":{"@id":"https:\/\/www.suno.com.br\/noticias\/economistas-teto-de-gastos-discordam\/#breadcrumb"},"inLanguage":"pt-BR","potentialAction":[{"@type":"ReadAction","target":["https:\/\/www.suno.com.br\/noticias\/economistas-teto-de-gastos-discordam\/"]}]},{"@type":"ImageObject","inLanguage":"pt-BR","@id":"https:\/\/www.suno.com.br\/noticias\/economistas-teto-de-gastos-discordam\/#primaryimage","url":"https:\/\/files.sunoresearch.com.br\/n\/uploads\/2021\/10\/bolsoguedes-scaled.jpg","contentUrl":"https:\/\/files.sunoresearch.com.br\/n\/uploads\/2021\/10\/bolsoguedes-scaled.jpg","width":2560,"height":1707,"caption":"O poss\u00edvel furo do teto de gastos se d\u00e1 por conta do pagamento do Aux\u00edlio Brasil - Foto: Ag\u00eancia Brasil"},{"@type":"BreadcrumbList","@id":"https:\/\/www.suno.com.br\/noticias\/economistas-teto-de-gastos-discordam\/#breadcrumb","itemListElement":[{"@type":"ListItem","position":1,"name":"Not\u00edcias","item":"https:\/\/www.suno.com.br\/noticias\/"},{"@type":"ListItem","position":2,"name":"Economia","item":"https:\/\/www.suno.com.br\/noticias\/economia\/"},{"@type":"ListItem","position":3,"name":"Teto de Gastos: Pess\u00f4a e Barbosa criticam governo por incerteza"}]},{"@type":"WebSite","@id":"https:\/\/www.suno.com.br\/noticias\/#website","url":"https:\/\/www.suno.com.br\/noticias\/","name":"Suno Not\u00edcias","description":"Seu portal de informa\u00e7\u00e3o sobre o mundo dos investimentos","publisher":{"@id":"https:\/\/www.suno.com.br\/noticias\/#organization"},"potentialAction":[{"@type":"SearchAction","target":{"@type":"EntryPoint","urlTemplate":"https:\/\/www.suno.com.br\/noticias\/?s={search_term_string}"},"query-input":{"@type":"PropertyValueSpecification","valueRequired":true,"valueName":"search_term_string"}}],"inLanguage":"pt-BR"},{"@type":"Organization","@id":"https:\/\/www.suno.com.br\/noticias\/#organization","name":"Suno Not\u00edcias","url":"https:\/\/www.suno.com.br\/noticias\/","logo":{"@type":"ImageObject","inLanguage":"pt-BR","@id":"https:\/\/www.suno.com.br\/noticias\/#\/schema\/logo\/image\/","url":"https:\/\/files.sunoresearch.com.br\/n\/uploads\/2021\/09\/suno-logo.png","contentUrl":"https:\/\/files.sunoresearch.com.br\/n\/uploads\/2021\/09\/suno-logo.png","width":180,"height":180,"caption":"Suno Not\u00edcias"},"image":{"@id":"https:\/\/www.suno.com.br\/noticias\/#\/schema\/logo\/image\/"},"sameAs":["https:\/\/facebook.com\/sunoresearch","https:\/\/x.com\/sunoresearch","https:\/\/www.instagram.com\/suno","https:\/\/www.linkedin.com\/company\/suno-research\/","https:\/\/www.youtube.com\/c\/sunoresearch"]},{"@type":"Person","@id":"https:\/\/www.suno.com.br\/noticias\/#\/schema\/person\/7f4d362bf3518e76090143ae77bb49a5","name":"Eduardo Vargas","image":{"@type":"ImageObject","inLanguage":"pt-BR","@id":"https:\/\/www.suno.com.br\/noticias\/#\/schema\/person\/image\/","url":"https:\/\/secure.gravatar.com\/avatar\/dac340933427a22924c9f99d1eb2e3f2?s=96&r=g","contentUrl":"https:\/\/secure.gravatar.com\/avatar\/dac340933427a22924c9f99d1eb2e3f2?s=96&r=g","caption":"Eduardo Vargas"},"description":"Jornalista formado pela UFSC, cobre macroeconomia, neg\u00f3cios e startups para o Suno Not\u00edcias, escrevendo principalmente not\u00edcias sobre o mercado financeiro e a bolsa de valores. No YouTube e no Instagram, \u00e9 respons\u00e1vel pela produ\u00e7\u00e3o de Reels e Shorts do Suno Not\u00edcias. Anteriormente, trabalhou cobrindo economia e cotidiano no ND+ e para o ND, maior jornal impresso de Santa Catarina. Cursou um semestre letivo de Estudos de M\u00eddia na Universidad de Buenos Aires.","url":"https:\/\/www.suno.com.br\/noticias\/author\/eduardo-vargas\/"}]}},"default_loop_html":"<div class=\"cardsPage__listCard__boxs\"><div class=\"cardsPage__listCard__boxs__img\"><a href=\"https:\/\/www.suno.com.br\/noticias\/democratas-imposto-corporativo-camara-eua\/\"><img class=\"mask\" src=\"https:\/\/www.suno.com.br\/noticias\/wp-content\/themes\/suno\/resources\/images\/spotlight\/spotlight1img\/bg-mask.png\" alt=\"Image Mask\"\/><img src=\"https:\/\/files.sunoresearch.com.br\/n\/uploads\/2021\/08\/2b60a95f-px5a5blzqjaq3jqs5nfheqtrze-400x200.jpg\" alt=\"Democratas dos EUA querem aumentar imposto corporativo para 25,6% e financiar gastos sociais, diz WSJ\"\/><\/a><span class=\"spotlightCategory\"><a href=\"https:\/\/www.suno.com.br\/noticias\/internacional\/\">Internacional<\/a><\/span><\/div><div class=\"cardsPage__listCard__boxs__content\"><a href=\"https:\/\/www.suno.com.br\/noticias\/democratas-imposto-corporativo-camara-eua\/\"><h2 class=\"content__title\">Democratas dos EUA querem aumentar imposto corporativo para 25,6% e financiar gastos sociais, diz WSJ<\/h2><\/a><div class=\"newsContent__article__meta\"><div class=\"newsContent__article__meta__authorBox\"><a href=\"https:\/\/www.suno.com.br\/noticias\/author\/eduardo-vargas\/\" class=\"authorBox__avatar noMobi\"><img src=\"https:\/\/secure.gravatar.com\/avatar\/dac340933427a22924c9f99d1eb2e3f2?s=96&#038;r=g\" alt=\"Eduardo Vargas\"><\/a><div class=\"authorBox__name\"><span>por\n\t\t\t<a href=\"https:\/\/www.suno.com.br\/noticias\/author\/eduardo-vargas\/\"><span itemprop=\"author\">Eduardo Vargas<\/span><\/a><\/span><time datetime=\"2021-09-13T11:19:13-03:00\" itemprop=\"datePublished\">13\/09\/2021 11:19<\/time><\/div><\/div><\/div><\/div><\/div>","single_layout":"posts","amp_enabled":true,"_links":{"self":[{"href":"https:\/\/www.suno.com.br\/noticias\/wp-json\/wp\/v2\/posts\/199413"}],"collection":[{"href":"https:\/\/www.suno.com.br\/noticias\/wp-json\/wp\/v2\/posts"}],"about":[{"href":"https:\/\/www.suno.com.br\/noticias\/wp-json\/wp\/v2\/types\/post"}],"author":[{"embeddable":true,"href":"https:\/\/www.suno.com.br\/noticias\/wp-json\/wp\/v2\/users\/73"}],"replies":[{"embeddable":true,"href":"https:\/\/www.suno.com.br\/noticias\/wp-json\/wp\/v2\/comments?post=199413"}],"version-history":[{"count":3,"href":"https:\/\/www.suno.com.br\/noticias\/wp-json\/wp\/v2\/posts\/199413\/revisions"}],"predecessor-version":[{"id":199455,"href":"https:\/\/www.suno.com.br\/noticias\/wp-json\/wp\/v2\/posts\/199413\/revisions\/199455"}],"wp:featuredmedia":[{"embeddable":true,"href":"https:\/\/www.suno.com.br\/noticias\/wp-json\/wp\/v2\/media\/198452"}],"wp:attachment":[{"href":"https:\/\/www.suno.com.br\/noticias\/wp-json\/wp\/v2\/media?parent=199413"}],"wp:term":[{"taxonomy":"category","embeddable":true,"href":"https:\/\/www.suno.com.br\/noticias\/wp-json\/wp\/v2\/categories?post=199413"},{"taxonomy":"post_tag","embeddable":true,"href":"https:\/\/www.suno.com.br\/noticias\/wp-json\/wp\/v2\/tags?post=199413"},{"taxonomy":"suno_strategy","embeddable":true,"href":"https:\/\/www.suno.com.br\/noticias\/wp-json\/wp\/v2\/suno_strategy?post=199413"}],"curies":[{"name":"wp","href":"https:\/\/api.w.org\/{rel}","templated":true}]}}