{"id":199170,"date":"2021-10-29T21:37:52","date_gmt":"2021-10-30T00:37:52","guid":{"rendered":"https:\/\/www.suno.com.br\/noticias\/?p=199170"},"modified":"2021-10-29T21:37:52","modified_gmt":"2021-10-30T00:37:52","slug":"sem-pec-dos-precatorios-e-auxilio-brasil-governo-estuda-prorrogar-auxilio-emergencial","status":"publish","type":"post","link":"https:\/\/www.suno.com.br\/noticias\/sem-pec-dos-precatorios-e-auxilio-brasil-governo-estuda-prorrogar-auxilio-emergencial\/","title":{"rendered":"Sem PEC dos precat\u00f3rios e Aux\u00edlio Brasil, governo estuda prorrogar aux\u00edlio emergencial"},"content":{"rendered":"<p>Em busca de um financiamento para o novo programa de distribui\u00e7\u00e3o de renda, o Aux\u00edlio Brasil, o governo contava com a aprova\u00e7\u00e3o da PEC dos precat\u00f3rios &#8212; com vota\u00e7\u00e3o adiada na C\u00e2mara &#8212; para liberar espa\u00e7o no or\u00e7amento. Sem garantia de que seja aprovada, no entanto, o presidente Jair Bolsonaro tem sido aconselhado a fazer uma consulta formal ao Tribunal de Contas da Uni\u00e3o (TCU) sobre a possibilidade de prorrogar o<strong> aux\u00edlio emergencial.<\/strong><\/p>\t<div class=\"wrapper-featured-image\">\n\t\t<figure class=\"spotlightImg\">\n\n\t\t\t<picture>\n\t\t\t\t<source media=\"(max-width: 768px)\" srcset=\"https:\/\/files.sunoresearch.com.br\/n\/uploads\/2020\/09\/e0625333-congresso_nacional_0-400x200.webp\">\n\t\t\t\t<img loading=\"lazy\" decoding=\"async\" class=\"newsContent__article__imgCapa lazyloadDisabled \" src=\"https:\/\/files.sunoresearch.com.br\/n\/uploads\/2020\/09\/e0625333-congresso_nacional_0-800x450.webp\" width=\"800\" height=\"450\" alt=\"Sem PEC dos precat\u00f3rios e Aux\u00edlio Brasil, governo estuda prorrogar aux\u00edlio emergencial\" fetchpriority=high \/>\n\t\t\t<\/picture>\n\n\t\t\t<figcaption class=\"wp-caption-text wp-caption-text--show\">Governo estuda ampliar aux\u00edlio emergencial caso PEC dos precat\u00f3rios n\u00e3o seja aprovada<\/figcaption>\n\t\t<\/figure>\n\t<\/div>\n\n\n\t<p>\n\t\t<a href=\"https:\/\/lp.suno.com.br\/planilha-controle-gastos\/\" target=\"_blank\" data-element=\"shortcode-suno-banner\" title=\"Banner SUNO, clique e saiba mais\">\n\t\t\t<picture>\n\t\t\t\t<source media=\"(max-width: 500px)\" srcset=\"https:\/\/files.sunoresearch.com.br\/n\/uploads\/2023\/03\/400x300-Planilha-controle-de-gastos.png\">\n\t\t\t\t<img class=\"newsContent__article__imgCapa newsContent__article__imgCapa--banner\"\n\t\t\t\t\tsrc=\"https:\/\/files.sunoresearch.com.br\/n\/uploads\/2023\/03\/1420x240-Planilha-controle-de-gastos.png\"\n\t\t\t\t\tdata-promo-id=\"101751\"\t\t\t\t\t\t\t\t\t\twidth='1420' height='240'\t\t\t\t\talt=\"https:\/\/files.sunoresearch.com.br\/n\/uploads\/2023\/03\/1420x240-Planilha-controle-de-gastos.png\"\n\t\t\t\t>\n\t\t\t<\/picture>\n\t\t<\/a>\n\t<\/p>\n\n\n<p>A ideia est\u00e1 entre as alternativas que s\u00e3o analisadas por lideran\u00e7as do Congresso e integrantes do governo para contornar o rev\u00e9s imposto pela falta de qu\u00f3rum na vota\u00e7\u00e3o da PEC dos precat\u00f3rios na quarta-feira passada. A proposta abre ao menos R$ 83 bilh\u00f5es para gastos no Or\u00e7amento de 2022, parte destinada \u00e0<strong> amplia\u00e7\u00e3o do aux\u00edlio<\/strong>. O <strong>Aux\u00edlio Brasil<\/strong> proposto pelo governo pretende pagar ao menos R$ 400 mensais aos benefici\u00e1rios at\u00e9 dezembro de 2022.<\/p>\n\t<div data-element=\"shortcode-read-more\" class=\"knowMore\">\n\t\t\t\t<span class=\"knowMore__title\">Saiba mais<\/span>\n\t\t\t\t<a class=\"knowMore__link\" href=\"https:\/\/www.suno.com.br\/noticias\/pec-precatorios-camara-adia-votacao\/\">\n\t\t\tPEC dos Precat\u00f3rios: sem qu\u00f3rum, C\u00e2mara adia vota\u00e7\u00e3o para pr\u00f3xima quarta (3)\t\t<\/a>\n\t<\/div>\n\n\n<p>H\u00e1 promessa de nova <strong>vota\u00e7\u00e3o da PEC dos Precat\u00f3rios<\/strong> ap\u00f3s o feriado, mas lideran\u00e7as t\u00eam d\u00favidas se o governo ter\u00e1 os 308 votos necess\u00e1rios para a aprova\u00e7\u00e3o do texto. O assunto precisa ser liquidado at\u00e9 a segunda semana de novembro para viabilizar os pagamentos.<\/p>\n\t<p>\n\t\t<a href=\"https:\/\/lp.suno.com.br\/planilha-da-vida-financeira\/\" target=\"_blank\" data-element=\"shortcode-suno-banner\" title=\"Banner SUNO, clique e saiba mais\">\n\t\t\t<picture>\n\t\t\t\t<source media=\"(max-width: 500px)\" srcset=\"https:\/\/files.sunoresearch.com.br\/n\/uploads\/2023\/04\/400x300-Planilha-vida-financeira-true.png\">\n\t\t\t\t<img class=\"newsContent__article__imgCapa newsContent__article__imgCapa--banner\"\n\t\t\t\t\tsrc=\"https:\/\/files.sunoresearch.com.br\/n\/uploads\/2023\/04\/1420x240-Planilha-vida-financeira-true.png\"\n\t\t\t\t\tdata-promo-id=\"106682\"\t\t\t\t\t\t\t\t\t\twidth='1420' height='240'\t\t\t\t\talt=\"https:\/\/files.sunoresearch.com.br\/n\/uploads\/2023\/04\/1420x240-Planilha-vida-financeira-true.png\"\n\t\t\t\t>\n\t\t\t<\/picture>\n\t\t<\/a>\n\t<\/p>\n\n\n<p>Outra op\u00e7\u00e3o defendida nos bastidores \u00e9 de uma nova decreta\u00e7\u00e3o de <strong>calamidade p\u00fablica<\/strong>, o que abriria caminho ao pagamento de benef\u00edcios sociais sem as travas fiscais que existem hoje. As duas medidas podem, inclusive, vir combinadas, pois h\u00e1 uma d\u00favida jur\u00eddica se seria necess\u00e1rio decretar estado de calamidade para, ent\u00e3o, prorrogar o aux\u00edlio emergencial.<\/p>\n<p>Segundo apurou o <i>Estad\u00e3o\/Broadcast<\/i>, conversas informais sobre a extens\u00e3o do benef\u00edcio j\u00e1 ocorreram, mas a consulta ainda n\u00e3o foi formalizada ao TCU. Uma fonte da ala pol\u00edtica do governo afirma que, caso a <strong>PEC dos precat\u00f3rios n\u00e3o seja aprovada<\/strong>, dificilmente <strong>Bolsonaro<\/strong> &#8220;vai ficar sentado sem fazer nada&#8221;.<\/p>\n<p>O aux\u00edlio emergencial atual, que paga parcelas que v\u00e3o de R$ 150 a R$ 375, <strong>acaba neste domingo<\/strong>. Pouco mais de 39 milh\u00f5es de fam\u00edlias s\u00e3o beneficiadas. H\u00e1 nos bastidores a discuss\u00e3o se a prorroga\u00e7\u00e3o alcan\u00e7aria todos os atuais benefici\u00e1rios, como \u00e9 o desejo da ala pol\u00edtica, ou se ficaria restrita \u00e0s 17 milh\u00f5es de fam\u00edlias que far\u00e3o parte do Aux\u00edlio Brasil.<\/p>\n\t<p>\n\t\t<a href=\"https:\/\/lp.suno.com.br\/ebook-como-analisar-uma-acao\/\" target=\"_blank\" data-element=\"shortcode-suno-banner\" title=\"Banner SUNO, clique e saiba mais\">\n\t\t\t<picture>\n\t\t\t\t<source media=\"(max-width: 500px)\" srcset=\"https:\/\/files.sunoresearch.com.br\/n\/uploads\/2023\/03\/Ebook-Acoes-Mobile-1.jpg\">\n\t\t\t\t<img class=\"newsContent__article__imgCapa newsContent__article__imgCapa--banner\"\n\t\t\t\t\tsrc=\"https:\/\/files.sunoresearch.com.br\/n\/uploads\/2023\/03\/Ebook-Acoes-Desktop-1.jpg\"\n\t\t\t\t\tdata-promo-id=\"171998\"\t\t\t\t\t\t\t\t\t\twidth='1420' height='286'\t\t\t\t\talt=\"https:\/\/files.sunoresearch.com.br\/n\/uploads\/2023\/03\/Ebook-Acoes-Desktop-1.jpg\"\n\t\t\t\t>\n\t\t\t<\/picture>\n\t\t<\/a>\n\t<\/p>\n\n\n<p>As alternativas ganharam for\u00e7a ontem, depois do vaiv\u00e9m de declara\u00e7\u00f5es de autoridades e muita incerteza sobre qual ser\u00e1 a f\u00f3rmula final adotada pelo governo para contemplar os vulner\u00e1veis.<\/p>\n<h2>PEC dos precat\u00f3rios \u00e9 a \u00fanica aposta do governo para financiar Aux\u00edlio Brasil, diz ministro<\/h2>\n<p>O <strong>ministro da Cidadania<\/strong>, Jo\u00e3o Roma, disse que o governo est\u00e1 empenhado na vota\u00e7\u00e3o da PEC dos precat\u00f3rios. &#8220;N\u00e3o h\u00e1 plano B. Estamos focados na aprova\u00e7\u00e3o da PEC dos precat\u00f3rios&#8221;, disse. Ele descartou a prorroga\u00e7\u00e3o do aux\u00edlio e explicou que, mesmo que houvesse decis\u00e3o nesse sentido, n\u00e3o haveria mais tempo h\u00e1bil para pagar o benef\u00edcio em novembro.<\/p>\n\t<p>\n\t\t<a href=\"https:\/\/lp.suno.com.br\/planilha-de-controle-de-investimentos\/\" target=\"_blank\" data-element=\"shortcode-suno-banner\" title=\"Banner SUNO, clique e saiba mais\">\n\t\t\t<picture>\n\t\t\t\t<source media=\"(max-width: 500px)\" srcset=\"https:\/\/files.sunoresearch.com.br\/n\/uploads\/2023\/03\/400x300-Controle-de-Investimentos.png\">\n\t\t\t\t<img class=\"newsContent__article__imgCapa newsContent__article__imgCapa--banner\"\n\t\t\t\t\tsrc=\"https:\/\/files.sunoresearch.com.br\/n\/uploads\/2023\/03\/1420x240-Controle-de-Investimentos.png\"\n\t\t\t\t\tdata-promo-id=\"75934\"\t\t\t\t\t\t\t\t\t\twidth='1420' height='240'\t\t\t\t\talt=\"https:\/\/files.sunoresearch.com.br\/n\/uploads\/2023\/03\/1420x240-Controle-de-Investimentos.png\"\n\t\t\t\t>\n\t\t\t<\/picture>\n\t\t<\/a>\n\t<\/p>\n\n\n<p>Lideran\u00e7as governistas mudaram de discurso ao longo do dia. O l\u00edder do governo na C\u00e2mara, Ricardo Barros (PP-PR), disse, no in\u00edcio da tarde, que n\u00e3o haveria nem prorroga\u00e7\u00e3o do aux\u00edlio, nem decreta\u00e7\u00e3o de calamidade. &#8220;Vai passar precat\u00f3rio. J\u00e1 est\u00e1 tudo certo, tem dia para votar, e a mobiliza\u00e7\u00e3o est\u00e1 feita&#8221;, disse. Horas depois, Barros admitiu a hip\u00f3tese de extens\u00e3o do benef\u00edcio.<\/p>\n<p>Para levar adiante a proposta de prorrogar o<strong> aux\u00edlio emergencia<\/strong>l, o argumento \u00e9 o de que os efeitos econ\u00f4micos e sociais da pandemia de covid-19 persistem. A extens\u00e3o do benef\u00edcio social se daria por meio de cr\u00e9dito extraordin\u00e1rio, fora do <a class=\"suno-keyword\" href=\"https:\/\/www.suno.com.br\/artigos\/teto-de-gastos\/\" target=\"_blank\" rel=\"noopener\" data-force=\"no\" data-priority=\"1\">teto de gastos<\/a>, a regra que limita o avan\u00e7o das despesas \u00e0 infla\u00e7\u00e3o.<\/p>\n<p><em>(Com Ag\u00eancia Estado)<\/em><\/p>\n\t<p>\n\t\t<a href=\"\" target=\"_blank\" data-element=\"shortcode-suno-banner\" title=\"Banner SUNO, clique e saiba mais\">\n\t\t\t<picture>\n\t\t\t\t<source media=\"(max-width: 500px)\" srcset=\"\">\n\t\t\t\t<img class=\"newsContent__article__imgCapa newsContent__article__imgCapa--banner\"\n\t\t\t\t\tsrc=\"\"\n\t\t\t\t\tdata-promo-id=\"184190\"\t\t\t\t\t\t\t\t\t\t\t\t\t\t\talt=\"\"\n\t\t\t\t>\n\t\t\t<\/picture>\n\t\t<\/a>\n\t<\/p>\n\n\n","protected":false},"excerpt":{"rendered":"<p>Em busca de um financiamento para o novo programa de distribui\u00e7\u00e3o de renda, o Aux\u00edlio Brasil, o governo contava com a aprova\u00e7\u00e3o da PEC dos precat\u00f3rios &#8212; com vota\u00e7\u00e3o adiada na C\u00e2mara &#8212; para liberar espa\u00e7o no or\u00e7amento. Sem garantia de que seja aprovada, no entanto, o presidente Jair Bolsonaro tem sido aconselhado a fazer [&hellip;]<\/p>\n","protected":false},"author":118,"featured_media":84310,"comment_status":"closed","ping_status":"closed","sticky":false,"template":"","format":"standard","meta":[],"categories":[62],"tags":[17139,719,104591],"suno_strategy":[],"class_list":["post-199170","post","type-post","status-publish","format-standard","has-post-thumbnail","hentry","category-economia","tag-auxilio-emergencial","tag-jair-bolsonaro","tag-precatorios"],"yoast_head":"<!-- This site is optimized with the Yoast SEO plugin v24.4 - https:\/\/yoast.com\/wordpress\/plugins\/seo\/ -->\n<title>Sem PEC dos precat\u00f3rios e Aux\u00edlio Brasil, governo estuda prorrogar aux\u00edlio emergencial<\/title>\n<meta name=\"description\" content=\"Sem a aprova\u00e7\u00e3o da PEC dos precat\u00f3rios para financiar o Aux\u00edlio Brasil, o governo avalia estender prazo do aux\u00edlio emergencial...Saiba mais\" \/>\n<meta name=\"robots\" content=\"index, follow, max-snippet:-1, max-image-preview:large, max-video-preview:-1\" \/>\n<link rel=\"canonical\" href=\"https:\/\/www.suno.com.br\/noticias\/sem-pec-dos-precatorios-e-auxilio-brasil-governo-estuda-prorrogar-auxilio-emergencial\/\" \/>\n<meta property=\"og:locale\" content=\"pt_BR\" \/>\n<meta property=\"og:type\" content=\"article\" \/>\n<meta property=\"og:title\" content=\"Sem PEC dos precat\u00f3rios e Aux\u00edlio Brasil, governo estuda prorrogar aux\u00edlio emergencial\" \/>\n<meta property=\"og:description\" content=\"Sem a aprova\u00e7\u00e3o da PEC dos precat\u00f3rios para financiar o Aux\u00edlio Brasil, o governo avalia estender prazo do aux\u00edlio emergencial...Saiba mais\" \/>\n<meta property=\"og:url\" content=\"https:\/\/www.suno.com.br\/noticias\/sem-pec-dos-precatorios-e-auxilio-brasil-governo-estuda-prorrogar-auxilio-emergencial\/\" \/>\n<meta property=\"og:site_name\" content=\"Suno Not\u00edcias\" \/>\n<meta property=\"article:publisher\" content=\"https:\/\/facebook.com\/sunoresearch\" \/>\n<meta property=\"og:image\" content=\"https:\/\/files.sunoresearch.com.br\/n\/uploads\/2020\/09\/e0625333-congresso_nacional_0.jpg\" \/>\n\t<meta property=\"og:image:width\" content=\"1170\" \/>\n\t<meta property=\"og:image:height\" content=\"700\" \/>\n\t<meta property=\"og:image:type\" content=\"image\/jpeg\" \/>\n<meta name=\"author\" content=\"Bruno Galv\u00e3o\" \/>\n<meta name=\"twitter:card\" content=\"summary_large_image\" \/>\n<meta name=\"twitter:creator\" content=\"@sunoresearch\" \/>\n<meta name=\"twitter:site\" content=\"@sunoresearch\" \/>\n<meta name=\"twitter:label1\" content=\"Escrito por\" \/>\n\t<meta name=\"twitter:data1\" content=\"Bruno Galv\u00e3o\" \/>\n\t<meta name=\"twitter:label2\" content=\"Est. tempo de leitura\" \/>\n\t<meta name=\"twitter:data2\" content=\"3 minutos\" \/>\n<script type=\"application\/ld+json\" class=\"yoast-schema-graph\">{\"@context\":\"https:\/\/schema.org\",\"@graph\":[{\"@type\":\"NewsArticle\",\"@id\":\"https:\/\/www.suno.com.br\/noticias\/sem-pec-dos-precatorios-e-auxilio-brasil-governo-estuda-prorrogar-auxilio-emergencial\/#article\",\"isPartOf\":{\"@id\":\"https:\/\/www.suno.com.br\/noticias\/sem-pec-dos-precatorios-e-auxilio-brasil-governo-estuda-prorrogar-auxilio-emergencial\/\"},\"author\":{\"name\":\"Bruno Galv\u00e3o\",\"@id\":\"https:\/\/www.suno.com.br\/noticias\/#\/schema\/person\/06f0d962a6b1c54852e4860f16935600\"},\"headline\":\"Sem PEC dos precat\u00f3rios e Aux\u00edlio Brasil, governo estuda prorrogar aux\u00edlio emergencial\",\"datePublished\":\"2021-10-30T00:37:52+00:00\",\"mainEntityOfPage\":{\"@id\":\"https:\/\/www.suno.com.br\/noticias\/sem-pec-dos-precatorios-e-auxilio-brasil-governo-estuda-prorrogar-auxilio-emergencial\/\"},\"wordCount\":695,\"publisher\":{\"@id\":\"https:\/\/www.suno.com.br\/noticias\/#organization\"},\"image\":{\"@id\":\"https:\/\/www.suno.com.br\/noticias\/sem-pec-dos-precatorios-e-auxilio-brasil-governo-estuda-prorrogar-auxilio-emergencial\/#primaryimage\"},\"thumbnailUrl\":\"https:\/\/files.sunoresearch.com.br\/n\/uploads\/2020\/09\/e0625333-congresso_nacional_0-jpg.webp\",\"keywords\":[\"aux\u00edlio emergencial\",\"Jair Bolsonaro\",\"precat\u00f3rios\"],\"articleSection\":[\"Economia\"],\"inLanguage\":\"pt-BR\"},{\"@type\":\"WebPage\",\"@id\":\"https:\/\/www.suno.com.br\/noticias\/sem-pec-dos-precatorios-e-auxilio-brasil-governo-estuda-prorrogar-auxilio-emergencial\/\",\"url\":\"https:\/\/www.suno.com.br\/noticias\/sem-pec-dos-precatorios-e-auxilio-brasil-governo-estuda-prorrogar-auxilio-emergencial\/\",\"name\":\"Sem PEC dos precat\u00f3rios e Aux\u00edlio Brasil, governo estuda prorrogar aux\u00edlio emergencial\",\"isPartOf\":{\"@id\":\"https:\/\/www.suno.com.br\/noticias\/#website\"},\"primaryImageOfPage\":{\"@id\":\"https:\/\/www.suno.com.br\/noticias\/sem-pec-dos-precatorios-e-auxilio-brasil-governo-estuda-prorrogar-auxilio-emergencial\/#primaryimage\"},\"image\":{\"@id\":\"https:\/\/www.suno.com.br\/noticias\/sem-pec-dos-precatorios-e-auxilio-brasil-governo-estuda-prorrogar-auxilio-emergencial\/#primaryimage\"},\"thumbnailUrl\":\"https:\/\/files.sunoresearch.com.br\/n\/uploads\/2020\/09\/e0625333-congresso_nacional_0-jpg.webp\",\"datePublished\":\"2021-10-30T00:37:52+00:00\",\"description\":\"Sem a aprova\u00e7\u00e3o da PEC dos precat\u00f3rios para financiar o Aux\u00edlio Brasil, o governo avalia estender prazo do aux\u00edlio emergencial...Saiba mais\",\"breadcrumb\":{\"@id\":\"https:\/\/www.suno.com.br\/noticias\/sem-pec-dos-precatorios-e-auxilio-brasil-governo-estuda-prorrogar-auxilio-emergencial\/#breadcrumb\"},\"inLanguage\":\"pt-BR\",\"potentialAction\":[{\"@type\":\"ReadAction\",\"target\":[\"https:\/\/www.suno.com.br\/noticias\/sem-pec-dos-precatorios-e-auxilio-brasil-governo-estuda-prorrogar-auxilio-emergencial\/\"]}]},{\"@type\":\"ImageObject\",\"inLanguage\":\"pt-BR\",\"@id\":\"https:\/\/www.suno.com.br\/noticias\/sem-pec-dos-precatorios-e-auxilio-brasil-governo-estuda-prorrogar-auxilio-emergencial\/#primaryimage\",\"url\":\"https:\/\/files.sunoresearch.com.br\/n\/uploads\/2020\/09\/e0625333-congresso_nacional_0-jpg.webp\",\"contentUrl\":\"https:\/\/files.sunoresearch.com.br\/n\/uploads\/2020\/09\/e0625333-congresso_nacional_0-jpg.webp\",\"width\":1170,\"height\":700,\"caption\":\"Governo estuda ampliar aux\u00edlio emergencial caso PEC dos precat\u00f3rios n\u00e3o seja aprovada\"},{\"@type\":\"BreadcrumbList\",\"@id\":\"https:\/\/www.suno.com.br\/noticias\/sem-pec-dos-precatorios-e-auxilio-brasil-governo-estuda-prorrogar-auxilio-emergencial\/#breadcrumb\",\"itemListElement\":[{\"@type\":\"ListItem\",\"position\":1,\"name\":\"Not\u00edcias\",\"item\":\"https:\/\/www.suno.com.br\/noticias\/\"},{\"@type\":\"ListItem\",\"position\":2,\"name\":\"Economia\",\"item\":\"https:\/\/www.suno.com.br\/noticias\/economia\/\"},{\"@type\":\"ListItem\",\"position\":3,\"name\":\"Sem PEC dos precat\u00f3rios e Aux\u00edlio Brasil, governo estuda prorrogar aux\u00edlio emergencial\"}]},{\"@type\":\"WebSite\",\"@id\":\"https:\/\/www.suno.com.br\/noticias\/#website\",\"url\":\"https:\/\/www.suno.com.br\/noticias\/\",\"name\":\"Suno Not\u00edcias\",\"description\":\"Seu portal de informa\u00e7\u00e3o sobre o mundo dos investimentos\",\"publisher\":{\"@id\":\"https:\/\/www.suno.com.br\/noticias\/#organization\"},\"potentialAction\":[{\"@type\":\"SearchAction\",\"target\":{\"@type\":\"EntryPoint\",\"urlTemplate\":\"https:\/\/www.suno.com.br\/noticias\/?s={search_term_string}\"},\"query-input\":{\"@type\":\"PropertyValueSpecification\",\"valueRequired\":true,\"valueName\":\"search_term_string\"}}],\"inLanguage\":\"pt-BR\"},{\"@type\":\"Organization\",\"@id\":\"https:\/\/www.suno.com.br\/noticias\/#organization\",\"name\":\"Suno Not\u00edcias\",\"url\":\"https:\/\/www.suno.com.br\/noticias\/\",\"logo\":{\"@type\":\"ImageObject\",\"inLanguage\":\"pt-BR\",\"@id\":\"https:\/\/www.suno.com.br\/noticias\/#\/schema\/logo\/image\/\",\"url\":\"https:\/\/files.sunoresearch.com.br\/n\/uploads\/2021\/09\/suno-logo.png\",\"contentUrl\":\"https:\/\/files.sunoresearch.com.br\/n\/uploads\/2021\/09\/suno-logo.png\",\"width\":180,\"height\":180,\"caption\":\"Suno Not\u00edcias\"},\"image\":{\"@id\":\"https:\/\/www.suno.com.br\/noticias\/#\/schema\/logo\/image\/\"},\"sameAs\":[\"https:\/\/facebook.com\/sunoresearch\",\"https:\/\/x.com\/sunoresearch\",\"https:\/\/www.instagram.com\/suno\",\"https:\/\/www.linkedin.com\/company\/suno-research\/\",\"https:\/\/www.youtube.com\/c\/sunoresearch\"]},{\"@type\":\"Person\",\"@id\":\"https:\/\/www.suno.com.br\/noticias\/#\/schema\/person\/06f0d962a6b1c54852e4860f16935600\",\"name\":\"Bruno Galv\u00e3o\",\"image\":{\"@type\":\"ImageObject\",\"inLanguage\":\"pt-BR\",\"@id\":\"https:\/\/www.suno.com.br\/noticias\/#\/schema\/person\/image\/\",\"url\":\"https:\/\/secure.gravatar.com\/avatar\/53598df0b41c00f12f287a912d0e918e?s=96&r=g\",\"contentUrl\":\"https:\/\/secure.gravatar.com\/avatar\/53598df0b41c00f12f287a912d0e918e?s=96&r=g\",\"caption\":\"Bruno Galv\u00e3o\"},\"description\":\"Escreve para o portal Suno Not\u00edcias. \u00c9 estudante de Jornalismo pela Faculdade C\u00e1sper L\u00edbero e Letras pela USP. Entusiasta de tecnologia e intelig\u00eancia artificial.\",\"url\":\"https:\/\/www.suno.com.br\/noticias\/author\/bruno-garcia\/\"}]}<\/script>\n<!-- \/ Yoast SEO plugin. -->","yoast_head_json":{"title":"Sem PEC dos precat\u00f3rios e Aux\u00edlio Brasil, governo estuda prorrogar aux\u00edlio emergencial","description":"Sem a aprova\u00e7\u00e3o da PEC dos precat\u00f3rios para financiar o Aux\u00edlio Brasil, o governo avalia estender prazo do aux\u00edlio emergencial...Saiba mais","robots":{"index":"index","follow":"follow","max-snippet":"max-snippet:-1","max-image-preview":"max-image-preview:large","max-video-preview":"max-video-preview:-1"},"canonical":"https:\/\/www.suno.com.br\/noticias\/sem-pec-dos-precatorios-e-auxilio-brasil-governo-estuda-prorrogar-auxilio-emergencial\/","og_locale":"pt_BR","og_type":"article","og_title":"Sem PEC dos precat\u00f3rios e Aux\u00edlio Brasil, governo estuda prorrogar aux\u00edlio emergencial","og_description":"Sem a aprova\u00e7\u00e3o da PEC dos precat\u00f3rios para financiar o Aux\u00edlio Brasil, o governo avalia estender prazo do aux\u00edlio emergencial...Saiba mais","og_url":"https:\/\/www.suno.com.br\/noticias\/sem-pec-dos-precatorios-e-auxilio-brasil-governo-estuda-prorrogar-auxilio-emergencial\/","og_site_name":"Suno Not\u00edcias","article_publisher":"https:\/\/facebook.com\/sunoresearch","og_image":[{"width":1170,"height":700,"url":"https:\/\/files.sunoresearch.com.br\/n\/uploads\/2020\/09\/e0625333-congresso_nacional_0.jpg","type":"image\/jpeg"}],"author":"Bruno Galv\u00e3o","twitter_card":"summary_large_image","twitter_creator":"@sunoresearch","twitter_site":"@sunoresearch","twitter_misc":{"Escrito por":"Bruno Galv\u00e3o","Est. tempo de leitura":"3 minutos"},"schema":{"@context":"https:\/\/schema.org","@graph":[{"@type":"NewsArticle","@id":"https:\/\/www.suno.com.br\/noticias\/sem-pec-dos-precatorios-e-auxilio-brasil-governo-estuda-prorrogar-auxilio-emergencial\/#article","isPartOf":{"@id":"https:\/\/www.suno.com.br\/noticias\/sem-pec-dos-precatorios-e-auxilio-brasil-governo-estuda-prorrogar-auxilio-emergencial\/"},"author":{"name":"Bruno Galv\u00e3o","@id":"https:\/\/www.suno.com.br\/noticias\/#\/schema\/person\/06f0d962a6b1c54852e4860f16935600"},"headline":"Sem PEC dos precat\u00f3rios e Aux\u00edlio Brasil, governo estuda prorrogar aux\u00edlio emergencial","datePublished":"2021-10-30T00:37:52+00:00","mainEntityOfPage":{"@id":"https:\/\/www.suno.com.br\/noticias\/sem-pec-dos-precatorios-e-auxilio-brasil-governo-estuda-prorrogar-auxilio-emergencial\/"},"wordCount":695,"publisher":{"@id":"https:\/\/www.suno.com.br\/noticias\/#organization"},"image":{"@id":"https:\/\/www.suno.com.br\/noticias\/sem-pec-dos-precatorios-e-auxilio-brasil-governo-estuda-prorrogar-auxilio-emergencial\/#primaryimage"},"thumbnailUrl":"https:\/\/files.sunoresearch.com.br\/n\/uploads\/2020\/09\/e0625333-congresso_nacional_0-jpg.webp","keywords":["aux\u00edlio emergencial","Jair Bolsonaro","precat\u00f3rios"],"articleSection":["Economia"],"inLanguage":"pt-BR"},{"@type":"WebPage","@id":"https:\/\/www.suno.com.br\/noticias\/sem-pec-dos-precatorios-e-auxilio-brasil-governo-estuda-prorrogar-auxilio-emergencial\/","url":"https:\/\/www.suno.com.br\/noticias\/sem-pec-dos-precatorios-e-auxilio-brasil-governo-estuda-prorrogar-auxilio-emergencial\/","name":"Sem PEC dos precat\u00f3rios e Aux\u00edlio Brasil, governo estuda prorrogar aux\u00edlio emergencial","isPartOf":{"@id":"https:\/\/www.suno.com.br\/noticias\/#website"},"primaryImageOfPage":{"@id":"https:\/\/www.suno.com.br\/noticias\/sem-pec-dos-precatorios-e-auxilio-brasil-governo-estuda-prorrogar-auxilio-emergencial\/#primaryimage"},"image":{"@id":"https:\/\/www.suno.com.br\/noticias\/sem-pec-dos-precatorios-e-auxilio-brasil-governo-estuda-prorrogar-auxilio-emergencial\/#primaryimage"},"thumbnailUrl":"https:\/\/files.sunoresearch.com.br\/n\/uploads\/2020\/09\/e0625333-congresso_nacional_0-jpg.webp","datePublished":"2021-10-30T00:37:52+00:00","description":"Sem a aprova\u00e7\u00e3o da PEC dos precat\u00f3rios para financiar o Aux\u00edlio Brasil, o governo avalia estender prazo do aux\u00edlio emergencial...Saiba mais","breadcrumb":{"@id":"https:\/\/www.suno.com.br\/noticias\/sem-pec-dos-precatorios-e-auxilio-brasil-governo-estuda-prorrogar-auxilio-emergencial\/#breadcrumb"},"inLanguage":"pt-BR","potentialAction":[{"@type":"ReadAction","target":["https:\/\/www.suno.com.br\/noticias\/sem-pec-dos-precatorios-e-auxilio-brasil-governo-estuda-prorrogar-auxilio-emergencial\/"]}]},{"@type":"ImageObject","inLanguage":"pt-BR","@id":"https:\/\/www.suno.com.br\/noticias\/sem-pec-dos-precatorios-e-auxilio-brasil-governo-estuda-prorrogar-auxilio-emergencial\/#primaryimage","url":"https:\/\/files.sunoresearch.com.br\/n\/uploads\/2020\/09\/e0625333-congresso_nacional_0-jpg.webp","contentUrl":"https:\/\/files.sunoresearch.com.br\/n\/uploads\/2020\/09\/e0625333-congresso_nacional_0-jpg.webp","width":1170,"height":700,"caption":"Governo estuda ampliar aux\u00edlio emergencial caso PEC dos precat\u00f3rios n\u00e3o seja aprovada"},{"@type":"BreadcrumbList","@id":"https:\/\/www.suno.com.br\/noticias\/sem-pec-dos-precatorios-e-auxilio-brasil-governo-estuda-prorrogar-auxilio-emergencial\/#breadcrumb","itemListElement":[{"@type":"ListItem","position":1,"name":"Not\u00edcias","item":"https:\/\/www.suno.com.br\/noticias\/"},{"@type":"ListItem","position":2,"name":"Economia","item":"https:\/\/www.suno.com.br\/noticias\/economia\/"},{"@type":"ListItem","position":3,"name":"Sem PEC dos precat\u00f3rios e Aux\u00edlio Brasil, governo estuda prorrogar aux\u00edlio emergencial"}]},{"@type":"WebSite","@id":"https:\/\/www.suno.com.br\/noticias\/#website","url":"https:\/\/www.suno.com.br\/noticias\/","name":"Suno Not\u00edcias","description":"Seu portal de informa\u00e7\u00e3o sobre o mundo dos investimentos","publisher":{"@id":"https:\/\/www.suno.com.br\/noticias\/#organization"},"potentialAction":[{"@type":"SearchAction","target":{"@type":"EntryPoint","urlTemplate":"https:\/\/www.suno.com.br\/noticias\/?s={search_term_string}"},"query-input":{"@type":"PropertyValueSpecification","valueRequired":true,"valueName":"search_term_string"}}],"inLanguage":"pt-BR"},{"@type":"Organization","@id":"https:\/\/www.suno.com.br\/noticias\/#organization","name":"Suno Not\u00edcias","url":"https:\/\/www.suno.com.br\/noticias\/","logo":{"@type":"ImageObject","inLanguage":"pt-BR","@id":"https:\/\/www.suno.com.br\/noticias\/#\/schema\/logo\/image\/","url":"https:\/\/files.sunoresearch.com.br\/n\/uploads\/2021\/09\/suno-logo.png","contentUrl":"https:\/\/files.sunoresearch.com.br\/n\/uploads\/2021\/09\/suno-logo.png","width":180,"height":180,"caption":"Suno Not\u00edcias"},"image":{"@id":"https:\/\/www.suno.com.br\/noticias\/#\/schema\/logo\/image\/"},"sameAs":["https:\/\/facebook.com\/sunoresearch","https:\/\/x.com\/sunoresearch","https:\/\/www.instagram.com\/suno","https:\/\/www.linkedin.com\/company\/suno-research\/","https:\/\/www.youtube.com\/c\/sunoresearch"]},{"@type":"Person","@id":"https:\/\/www.suno.com.br\/noticias\/#\/schema\/person\/06f0d962a6b1c54852e4860f16935600","name":"Bruno Galv\u00e3o","image":{"@type":"ImageObject","inLanguage":"pt-BR","@id":"https:\/\/www.suno.com.br\/noticias\/#\/schema\/person\/image\/","url":"https:\/\/secure.gravatar.com\/avatar\/53598df0b41c00f12f287a912d0e918e?s=96&r=g","contentUrl":"https:\/\/secure.gravatar.com\/avatar\/53598df0b41c00f12f287a912d0e918e?s=96&r=g","caption":"Bruno Galv\u00e3o"},"description":"Escreve para o portal Suno Not\u00edcias. \u00c9 estudante de Jornalismo pela Faculdade C\u00e1sper L\u00edbero e Letras pela USP. Entusiasta de tecnologia e intelig\u00eancia artificial.","url":"https:\/\/www.suno.com.br\/noticias\/author\/bruno-garcia\/"}]}},"default_loop_html":"<div class=\"cardsPage__listCard__boxs\"><div class=\"cardsPage__listCard__boxs__img\"><a href=\"https:\/\/www.suno.com.br\/noticias\/sem-pec-dos-precatorios-e-auxilio-brasil-governo-estuda-prorrogar-auxilio-emergencial\/\"><img class=\"mask\" src=\"https:\/\/www.suno.com.br\/noticias\/wp-content\/themes\/suno\/resources\/images\/spotlight\/spotlight1img\/bg-mask.png\" alt=\"Image Mask\"\/><img src=\"https:\/\/files.sunoresearch.com.br\/n\/uploads\/2020\/09\/e0625333-congresso_nacional_0-400x200.webp\" alt=\"Sem PEC dos precat\u00f3rios e Aux\u00edlio Brasil, governo estuda prorrogar aux\u00edlio emergencial\"\/><\/a><span class=\"spotlightCategory\"><a href=\"https:\/\/www.suno.com.br\/noticias\/economia\/\">Economia<\/a><\/span><\/div><div class=\"cardsPage__listCard__boxs__content\"><a href=\"https:\/\/www.suno.com.br\/noticias\/sem-pec-dos-precatorios-e-auxilio-brasil-governo-estuda-prorrogar-auxilio-emergencial\/\"><h2 class=\"content__title\">Sem PEC dos precat\u00f3rios e Aux\u00edlio Brasil, governo estuda prorrogar aux\u00edlio emergencial<\/h2><\/a><div class=\"newsContent__article__meta\"><div class=\"newsContent__article__meta__authorBox\"><a href=\"https:\/\/www.suno.com.br\/noticias\/author\/bruno-garcia\/\" class=\"authorBox__avatar noMobi\"><img src=\"https:\/\/secure.gravatar.com\/avatar\/53598df0b41c00f12f287a912d0e918e?s=96&#038;r=g\" alt=\"Bruno Galv\u00e3o\"><\/a><div class=\"authorBox__name\"><span>por\n\t\t\t<a href=\"https:\/\/www.suno.com.br\/noticias\/author\/bruno-garcia\/\"><span itemprop=\"author\">Bruno Galv\u00e3o<\/span><\/a><\/span><time datetime=\"2021-10-29T21:37:52-03:00\" itemprop=\"datePublished\">29\/10\/2021 21:37<\/time><\/div><\/div><\/div><\/div><\/div>","single_layout":"posts","amp_enabled":true,"_links":{"self":[{"href":"https:\/\/www.suno.com.br\/noticias\/wp-json\/wp\/v2\/posts\/199170"}],"collection":[{"href":"https:\/\/www.suno.com.br\/noticias\/wp-json\/wp\/v2\/posts"}],"about":[{"href":"https:\/\/www.suno.com.br\/noticias\/wp-json\/wp\/v2\/types\/post"}],"author":[{"embeddable":true,"href":"https:\/\/www.suno.com.br\/noticias\/wp-json\/wp\/v2\/users\/118"}],"replies":[{"embeddable":true,"href":"https:\/\/www.suno.com.br\/noticias\/wp-json\/wp\/v2\/comments?post=199170"}],"version-history":[{"count":4,"href":"https:\/\/www.suno.com.br\/noticias\/wp-json\/wp\/v2\/posts\/199170\/revisions"}],"predecessor-version":[{"id":199311,"href":"https:\/\/www.suno.com.br\/noticias\/wp-json\/wp\/v2\/posts\/199170\/revisions\/199311"}],"wp:featuredmedia":[{"embeddable":true,"href":"https:\/\/www.suno.com.br\/noticias\/wp-json\/wp\/v2\/media\/84310"}],"wp:attachment":[{"href":"https:\/\/www.suno.com.br\/noticias\/wp-json\/wp\/v2\/media?parent=199170"}],"wp:term":[{"taxonomy":"category","embeddable":true,"href":"https:\/\/www.suno.com.br\/noticias\/wp-json\/wp\/v2\/categories?post=199170"},{"taxonomy":"post_tag","embeddable":true,"href":"https:\/\/www.suno.com.br\/noticias\/wp-json\/wp\/v2\/tags?post=199170"},{"taxonomy":"suno_strategy","embeddable":true,"href":"https:\/\/www.suno.com.br\/noticias\/wp-json\/wp\/v2\/suno_strategy?post=199170"}],"curies":[{"name":"wp","href":"https:\/\/api.w.org\/{rel}","templated":true}]}}