{"id":199130,"date":"2021-10-29T17:34:36","date_gmt":"2021-10-29T20:34:36","guid":{"rendered":"https:\/\/www.suno.com.br\/noticias\/?p=199130"},"modified":"2021-10-29T18:35:09","modified_gmt":"2021-10-29T21:35:09","slug":"petrobras-petr4-presidente-responde-bolsonaro","status":"publish","type":"post","link":"https:\/\/www.suno.com.br\/noticias\/petrobras-petr4-presidente-responde-bolsonaro\/","title":{"rendered":"Presidente da Petrobras (PETR4) responde declara\u00e7\u00f5es de Bolsonaro e diz que n\u00e3o h\u00e1 press\u00e3o pela greve de caminhoneiros"},"content":{"rendered":"<p>Em encontro com acionistas nesta sexta-feira (29), o presidente da <strong>Petrobras<\/strong> (PETR4), Joaquim Silva e Luna, respondeu de forma indireta as declara\u00e7\u00f5es que o presidente Jair Bolsonaro fez em rela\u00e7\u00e3o \u00e0 estatal nesta semana. O presidente da companhia disse que a empresa contribui socialmente pagando <a class=\"suno-keyword\" href=\"https:\/\/www.suno.com.br\/guias\/dividendos\/\" target=\"_blank\" rel=\"noopener\" data-force=\"no\" data-priority=\"1\">dividendos<\/a> e impostos e que n\u00e3o se sente pressionado pela greve de caminhoneiros.<\/p>\t<div class=\"wrapper-featured-image\">\n\t\t<figure class=\"spotlightImg\">\n\n\t\t\t<picture>\n\t\t\t\t<source media=\"(max-width: 768px)\" srcset=\"https:\/\/files.sunoresearch.com.br\/n\/uploads\/2021\/09\/mcmgo_abr_2910191346-400x200.jpg\">\n\t\t\t\t<img loading=\"lazy\" decoding=\"async\" class=\"newsContent__article__imgCapa lazyloadDisabled \" src=\"https:\/\/files.sunoresearch.com.br\/n\/uploads\/2021\/09\/mcmgo_abr_2910191346-800x450.jpg\" width=\"800\" height=\"450\" alt=\"Presidente da Petrobras (PETR4) responde declara\u00e7\u00f5es de Bolsonaro e diz que n\u00e3o h\u00e1 press\u00e3o pela greve de caminhoneiros\" fetchpriority=high \/>\n\t\t\t<\/picture>\n\n\t\t\t<figcaption class=\"wp-caption-text wp-caption-text--show\">Presidente da Petrobras (PETR4), Silva e Luna - Foto: Marcelo Camargo\/Ag\u00eancia Brasil<\/figcaption>\n\t\t<\/figure>\n\t<\/div>\n\n\n\t<p>\n\t\t<a href=\"https:\/\/lp.suno.com.br\/planilha-controle-gastos\/\" target=\"_blank\" data-element=\"shortcode-suno-banner\" title=\"Banner SUNO, clique e saiba mais\">\n\t\t\t<picture>\n\t\t\t\t<source media=\"(max-width: 500px)\" srcset=\"https:\/\/files.sunoresearch.com.br\/n\/uploads\/2023\/03\/400x300-Planilha-controle-de-gastos.png\">\n\t\t\t\t<img class=\"newsContent__article__imgCapa newsContent__article__imgCapa--banner\"\n\t\t\t\t\tsrc=\"https:\/\/files.sunoresearch.com.br\/n\/uploads\/2023\/03\/1420x240-Planilha-controle-de-gastos.png\"\n\t\t\t\t\tdata-promo-id=\"101751\"\t\t\t\t\t\t\t\t\t\twidth='1420' height='240'\t\t\t\t\talt=\"https:\/\/files.sunoresearch.com.br\/n\/uploads\/2023\/03\/1420x240-Planilha-controle-de-gastos.png\"\n\t\t\t\t>\n\t\t\t<\/picture>\n\t\t<\/a>\n\t<\/p>\n\n\n<p>Ontem Bolsonaro disse que a Petrobras \u201ctem que ser uma empresa que n\u00e3o d\u00ea um lucro muito alto como tem dado&#8221;. Afirmou ainda que a estatal petrol\u00edfera s\u00f3 d\u00e1 dor de cabe\u00e7a. \u00a0\u201c\u00c9 uma empresa que hoje em dia est\u00e1 prestando servi\u00e7os para acionistas\u201d, declarou. \u201cEssa empresa \u00e9 nossa ou de alguns privilegiados? Sei que tem gente humilde comprando a\u00e7\u00f5es, mas n\u00e3o \u00e9 justo o que est\u00e1 acontecendo\u201d, disse.<\/p>\n\t<div data-element=\"shortcode-read-more\" class=\"knowMore\">\n\t\t\t\t<span class=\"knowMore__title\">Saiba mais<\/span>\n\t\t\t\t<a class=\"knowMore__link\" href=\"https:\/\/www.suno.com.br\/noticias\/bolsonaro-petrobras-dor-cabeca-adrs\/\">\n\t\t\tBolsonaro diz que Petrobras (PETR4) teve lucro excessivo e ADRs despencam no after hours\t\t<\/a>\n\t<\/div>\n\n\n<p>Em resposta,<strong> Silva e Luna<\/strong> disse que \u201cquanto mais saud\u00e1vel geradora de recursos, mais a empresa consegue devolver riquezas \u00e0 sociedade em forma de tributos, para munic\u00edpios, Estados e Uni\u00e3o\u201d.<\/p>\n\t<p>\n\t\t<a href=\"https:\/\/lp.suno.com.br\/planilha-da-vida-financeira\/\" target=\"_blank\" data-element=\"shortcode-suno-banner\" title=\"Banner SUNO, clique e saiba mais\">\n\t\t\t<picture>\n\t\t\t\t<source media=\"(max-width: 500px)\" srcset=\"https:\/\/files.sunoresearch.com.br\/n\/uploads\/2023\/04\/400x300-Planilha-vida-financeira-true.png\">\n\t\t\t\t<img class=\"newsContent__article__imgCapa newsContent__article__imgCapa--banner\"\n\t\t\t\t\tsrc=\"https:\/\/files.sunoresearch.com.br\/n\/uploads\/2023\/04\/1420x240-Planilha-vida-financeira-true.png\"\n\t\t\t\t\tdata-promo-id=\"106682\"\t\t\t\t\t\t\t\t\t\twidth='1420' height='240'\t\t\t\t\talt=\"https:\/\/files.sunoresearch.com.br\/n\/uploads\/2023\/04\/1420x240-Planilha-vida-financeira-true.png\"\n\t\t\t\t>\n\t\t\t<\/picture>\n\t\t<\/a>\n\t<\/p>\n\n\n<p>Comentando sobre o resultado l\u00edquido de mais de R$ 31 bilh\u00f5es divulgados no balan\u00e7o do terceiro semestre de 2021, o <strong>presidente da Petrobras<\/strong> disse que \u201cem 2021, os s\u00f3lidos resultados permitir\u00e3o que a sociedade brasileira, por meio da Uni\u00e3o, receba R$ 23,3 bilh\u00f5es em dividendos, s\u00e3o recursos que ajudam a sustentar pol\u00edticas p\u00fablicas para todos os brasileiros e que beneficiam especialmente os mais vulner\u00e1veis\u201d.<\/p>\n<p>\u201cContinuaremos atuando com disciplina de capital, investindo em ativos com altas taxas de retorno, com foco na gera\u00e7\u00e3o de valor para a sociedade. O resultado num\u00e9rico desse trabalho \u00e9 traduzido em <strong>lucro<\/strong>\u201d, completa.<\/p>\n\t<p>\n\t\t<a href=\"https:\/\/lp.suno.com.br\/ebook-como-analisar-uma-acao\/\" target=\"_blank\" data-element=\"shortcode-suno-banner\" title=\"Banner SUNO, clique e saiba mais\">\n\t\t\t<picture>\n\t\t\t\t<source media=\"(max-width: 500px)\" srcset=\"https:\/\/files.sunoresearch.com.br\/n\/uploads\/2023\/03\/Ebook-Acoes-Mobile-1.jpg\">\n\t\t\t\t<img class=\"newsContent__article__imgCapa newsContent__article__imgCapa--banner\"\n\t\t\t\t\tsrc=\"https:\/\/files.sunoresearch.com.br\/n\/uploads\/2023\/03\/Ebook-Acoes-Desktop-1.jpg\"\n\t\t\t\t\tdata-promo-id=\"171998\"\t\t\t\t\t\t\t\t\t\twidth='1420' height='286'\t\t\t\t\talt=\"https:\/\/files.sunoresearch.com.br\/n\/uploads\/2023\/03\/Ebook-Acoes-Desktop-1.jpg\"\n\t\t\t\t>\n\t\t\t<\/picture>\n\t\t<\/a>\n\t<\/p>\n\n\n<p>A estatal tem sido agora pressionada tamb\u00e9m por uma iminente <strong>greve dos caminhoneiros<\/strong>, confirmada para a pr\u00f3xima segunda-feira (1\u00ba).<\/p>\n<p>\u201cApresentamos a agenda, questionamos a pol\u00edtica de pre\u00e7os dos combust\u00edveis da Petrobras, pedimos apoio aos deputados nas pautas e refor\u00e7amos a greve [dos caminhoneiros] para o dia 1\u00ba. O recado foi dado\u201d, relatou o presidente do Conselho Nacional do Transporte Rodovi\u00e1rio de Cargas (CNTRC), Pl\u00ednio Dias, ao Broadcast Agro, sistema de not\u00edcias em tempo real do Grupo Estado.<\/p>\n<h2>Diretor diz que Petrobras segue pol\u00edtica de pre\u00e7os &#8216;com firmeza&#8217;<\/h2>\n<p>O diretor de Comercializa\u00e7\u00e3o e Log\u00edstica da Petrobras, Cl\u00e1udio Mastella, afastou nesta sexta qualquer d\u00favida em rela\u00e7\u00e3o \u00e0 pol\u00edtica de pre\u00e7os de combust\u00edveis da estatal, ao ser perguntado por analistas qual a atual situa\u00e7\u00e3o dessa pol\u00edtica e se pode ser modificada. &#8220;Seguimos com firmeza a pol\u00edtica de pre\u00e7os, com base t\u00e9cnica e independente&#8221;, afirmou, durante apresenta\u00e7\u00e3o do resultado do terceiro trimestre da companhia, quando lucrou R$ 31 bilh\u00f5es.<\/p>\n\t<p>\n\t\t<a href=\"https:\/\/lp.suno.com.br\/planilha-de-controle-de-investimentos\/\" target=\"_blank\" data-element=\"shortcode-suno-banner\" title=\"Banner SUNO, clique e saiba mais\">\n\t\t\t<picture>\n\t\t\t\t<source media=\"(max-width: 500px)\" srcset=\"https:\/\/files.sunoresearch.com.br\/n\/uploads\/2023\/03\/400x300-Controle-de-Investimentos.png\">\n\t\t\t\t<img class=\"newsContent__article__imgCapa newsContent__article__imgCapa--banner\"\n\t\t\t\t\tsrc=\"https:\/\/files.sunoresearch.com.br\/n\/uploads\/2023\/03\/1420x240-Controle-de-Investimentos.png\"\n\t\t\t\t\tdata-promo-id=\"75934\"\t\t\t\t\t\t\t\t\t\twidth='1420' height='240'\t\t\t\t\talt=\"https:\/\/files.sunoresearch.com.br\/n\/uploads\/2023\/03\/1420x240-Controle-de-Investimentos.png\"\n\t\t\t\t>\n\t\t\t<\/picture>\n\t\t<\/a>\n\t<\/p>\n\n\n<p>Mastella tamb\u00e9m afastou qualquer poss\u00edvel falta de <strong>combust\u00edvel<\/strong> no mercado em novembro, apesar de ter recebido pedido de um fornecimento maior que j\u00e1 avisou que n\u00e3o ir\u00e1 atender.<\/p>\n<p>&#8220;A gente n\u00e3o viu nenhum evento que identificasse aumento na demanda interna para novembro. Temos dezenas de clientes e cada um com sua vis\u00e3o do mercado. Mas n\u00e3o vemos novembro justificando nenhuma aumento relevante de demanda&#8221;, informou o diretor da <strong>Petrobras<\/strong>.<\/p>\n<p><em>(Com Ag\u00eancia Estado)<\/em><\/p>\n\t<p>\n\t\t<a href=\"\" target=\"_blank\" data-element=\"shortcode-suno-banner\" title=\"Banner SUNO, clique e saiba mais\">\n\t\t\t<picture>\n\t\t\t\t<source media=\"(max-width: 500px)\" srcset=\"\">\n\t\t\t\t<img class=\"newsContent__article__imgCapa newsContent__article__imgCapa--banner\"\n\t\t\t\t\tsrc=\"\"\n\t\t\t\t\tdata-promo-id=\"184190\"\t\t\t\t\t\t\t\t\t\t\t\t\t\t\talt=\"\"\n\t\t\t\t>\n\t\t\t<\/picture>\n\t\t<\/a>\n\t<\/p>\n\n\n","protected":false},"excerpt":{"rendered":"<p>Em encontro com acionistas nesta sexta-feira (29), o presidente da Petrobras (PETR4), Joaquim Silva e Luna, respondeu de forma indireta as declara\u00e7\u00f5es que o presidente Jair Bolsonaro fez em rela\u00e7\u00e3o \u00e0 estatal nesta semana. O presidente da companhia disse que a empresa contribui socialmente pagando dividendos e impostos e que n\u00e3o se sente pressionado pela [&hellip;]<\/p>\n","protected":false},"author":118,"featured_media":183619,"comment_status":"closed","ping_status":"closed","sticky":false,"template":"","format":"standard","meta":[],"categories":[62],"tags":[719,105988,595],"suno_strategy":[],"class_list":["post-199130","post","type-post","status-publish","format-standard","has-post-thumbnail","hentry","category-economia","tag-jair-bolsonaro","tag-joaquim-silva-e-luna","tag-petrobras-petr4"],"yoast_head":"<!-- This site is optimized with the Yoast SEO plugin v24.4 - https:\/\/yoast.com\/wordpress\/plugins\/seo\/ -->\n<title>Presidente da Petrobras (PETR4) responde declara\u00e7\u00f5es de Bolsonaro<\/title>\n<meta name=\"description\" content=\"Em encontro com acionistas nesta sexta-feira (29), o presidente da Petrobras (PETR4), Joaquim Silva e Luna respondeu de...Saiba mais\" \/>\n<meta name=\"robots\" content=\"index, follow, max-snippet:-1, max-image-preview:large, max-video-preview:-1\" \/>\n<link rel=\"canonical\" href=\"https:\/\/www.suno.com.br\/noticias\/petrobras-petr4-presidente-responde-bolsonaro\/\" \/>\n<meta property=\"og:locale\" content=\"pt_BR\" \/>\n<meta property=\"og:type\" content=\"article\" \/>\n<meta property=\"og:title\" content=\"Presidente da Petrobras (PETR4) responde declara\u00e7\u00f5es de Bolsonaro\" \/>\n<meta property=\"og:description\" content=\"Em encontro com acionistas nesta sexta-feira (29), o presidente da Petrobras (PETR4), Joaquim Silva e Luna respondeu de...Saiba mais\" \/>\n<meta property=\"og:url\" content=\"https:\/\/www.suno.com.br\/noticias\/petrobras-petr4-presidente-responde-bolsonaro\/\" \/>\n<meta property=\"og:site_name\" content=\"Suno Not\u00edcias\" \/>\n<meta property=\"article:publisher\" content=\"https:\/\/facebook.com\/sunoresearch\" \/>\n<meta property=\"og:image\" content=\"https:\/\/files.sunoresearch.com.br\/n\/uploads\/2021\/09\/mcmgo_abr_2910191346-scaled.jpg\" \/>\n\t<meta property=\"og:image:width\" content=\"2560\" \/>\n\t<meta property=\"og:image:height\" content=\"1707\" \/>\n\t<meta property=\"og:image:type\" content=\"image\/jpeg\" \/>\n<meta name=\"author\" content=\"Bruno Galv\u00e3o\" \/>\n<meta name=\"twitter:card\" content=\"summary_large_image\" \/>\n<meta name=\"twitter:creator\" content=\"@sunoresearch\" \/>\n<meta name=\"twitter:site\" content=\"@sunoresearch\" \/>\n<meta name=\"twitter:label1\" content=\"Escrito por\" \/>\n\t<meta name=\"twitter:data1\" content=\"Bruno Galv\u00e3o\" \/>\n\t<meta name=\"twitter:label2\" content=\"Est. tempo de leitura\" \/>\n\t<meta name=\"twitter:data2\" content=\"3 minutos\" \/>\n<script type=\"application\/ld+json\" class=\"yoast-schema-graph\">{\"@context\":\"https:\/\/schema.org\",\"@graph\":[{\"@type\":\"NewsArticle\",\"@id\":\"https:\/\/www.suno.com.br\/noticias\/petrobras-petr4-presidente-responde-bolsonaro\/#article\",\"isPartOf\":{\"@id\":\"https:\/\/www.suno.com.br\/noticias\/petrobras-petr4-presidente-responde-bolsonaro\/\"},\"author\":{\"name\":\"Bruno Galv\u00e3o\",\"@id\":\"https:\/\/www.suno.com.br\/noticias\/#\/schema\/person\/06f0d962a6b1c54852e4860f16935600\"},\"headline\":\"Presidente da Petrobras (PETR4) responde declara\u00e7\u00f5es de Bolsonaro e diz que n\u00e3o h\u00e1 press\u00e3o pela greve de caminhoneiros\",\"datePublished\":\"2021-10-29T20:34:36+00:00\",\"dateModified\":\"2021-10-29T21:35:09+00:00\",\"mainEntityOfPage\":{\"@id\":\"https:\/\/www.suno.com.br\/noticias\/petrobras-petr4-presidente-responde-bolsonaro\/\"},\"wordCount\":568,\"publisher\":{\"@id\":\"https:\/\/www.suno.com.br\/noticias\/#organization\"},\"image\":{\"@id\":\"https:\/\/www.suno.com.br\/noticias\/petrobras-petr4-presidente-responde-bolsonaro\/#primaryimage\"},\"thumbnailUrl\":\"https:\/\/files.sunoresearch.com.br\/n\/uploads\/2021\/09\/mcmgo_abr_2910191346-scaled.jpg\",\"keywords\":[\"Jair Bolsonaro\",\"Joaquim Silva e Luna\",\"Petrobras (PETR4)\"],\"articleSection\":[\"Economia\"],\"inLanguage\":\"pt-BR\"},{\"@type\":\"WebPage\",\"@id\":\"https:\/\/www.suno.com.br\/noticias\/petrobras-petr4-presidente-responde-bolsonaro\/\",\"url\":\"https:\/\/www.suno.com.br\/noticias\/petrobras-petr4-presidente-responde-bolsonaro\/\",\"name\":\"Presidente da Petrobras (PETR4) responde declara\u00e7\u00f5es de Bolsonaro\",\"isPartOf\":{\"@id\":\"https:\/\/www.suno.com.br\/noticias\/#website\"},\"primaryImageOfPage\":{\"@id\":\"https:\/\/www.suno.com.br\/noticias\/petrobras-petr4-presidente-responde-bolsonaro\/#primaryimage\"},\"image\":{\"@id\":\"https:\/\/www.suno.com.br\/noticias\/petrobras-petr4-presidente-responde-bolsonaro\/#primaryimage\"},\"thumbnailUrl\":\"https:\/\/files.sunoresearch.com.br\/n\/uploads\/2021\/09\/mcmgo_abr_2910191346-scaled.jpg\",\"datePublished\":\"2021-10-29T20:34:36+00:00\",\"dateModified\":\"2021-10-29T21:35:09+00:00\",\"description\":\"Em encontro com acionistas nesta sexta-feira (29), o presidente da Petrobras (PETR4), Joaquim Silva e Luna respondeu de...Saiba mais\",\"breadcrumb\":{\"@id\":\"https:\/\/www.suno.com.br\/noticias\/petrobras-petr4-presidente-responde-bolsonaro\/#breadcrumb\"},\"inLanguage\":\"pt-BR\",\"potentialAction\":[{\"@type\":\"ReadAction\",\"target\":[\"https:\/\/www.suno.com.br\/noticias\/petrobras-petr4-presidente-responde-bolsonaro\/\"]}]},{\"@type\":\"ImageObject\",\"inLanguage\":\"pt-BR\",\"@id\":\"https:\/\/www.suno.com.br\/noticias\/petrobras-petr4-presidente-responde-bolsonaro\/#primaryimage\",\"url\":\"https:\/\/files.sunoresearch.com.br\/n\/uploads\/2021\/09\/mcmgo_abr_2910191346-scaled.jpg\",\"contentUrl\":\"https:\/\/files.sunoresearch.com.br\/n\/uploads\/2021\/09\/mcmgo_abr_2910191346-scaled.jpg\",\"width\":2560,\"height\":1707,\"caption\":\"Presidente da Petrobras (PETR4), Silva e Luna - Foto: Marcelo Camargo\/Ag\u00eancia Brasil\"},{\"@type\":\"BreadcrumbList\",\"@id\":\"https:\/\/www.suno.com.br\/noticias\/petrobras-petr4-presidente-responde-bolsonaro\/#breadcrumb\",\"itemListElement\":[{\"@type\":\"ListItem\",\"position\":1,\"name\":\"Not\u00edcias\",\"item\":\"https:\/\/www.suno.com.br\/noticias\/\"},{\"@type\":\"ListItem\",\"position\":2,\"name\":\"Economia\",\"item\":\"https:\/\/www.suno.com.br\/noticias\/economia\/\"},{\"@type\":\"ListItem\",\"position\":3,\"name\":\"Presidente da Petrobras (PETR4) responde declara\u00e7\u00f5es de Bolsonaro e diz que n\u00e3o h\u00e1 press\u00e3o pela greve de caminhoneiros\"}]},{\"@type\":\"WebSite\",\"@id\":\"https:\/\/www.suno.com.br\/noticias\/#website\",\"url\":\"https:\/\/www.suno.com.br\/noticias\/\",\"name\":\"Suno Not\u00edcias\",\"description\":\"Seu portal de informa\u00e7\u00e3o sobre o mundo dos investimentos\",\"publisher\":{\"@id\":\"https:\/\/www.suno.com.br\/noticias\/#organization\"},\"potentialAction\":[{\"@type\":\"SearchAction\",\"target\":{\"@type\":\"EntryPoint\",\"urlTemplate\":\"https:\/\/www.suno.com.br\/noticias\/?s={search_term_string}\"},\"query-input\":{\"@type\":\"PropertyValueSpecification\",\"valueRequired\":true,\"valueName\":\"search_term_string\"}}],\"inLanguage\":\"pt-BR\"},{\"@type\":\"Organization\",\"@id\":\"https:\/\/www.suno.com.br\/noticias\/#organization\",\"name\":\"Suno Not\u00edcias\",\"url\":\"https:\/\/www.suno.com.br\/noticias\/\",\"logo\":{\"@type\":\"ImageObject\",\"inLanguage\":\"pt-BR\",\"@id\":\"https:\/\/www.suno.com.br\/noticias\/#\/schema\/logo\/image\/\",\"url\":\"https:\/\/files.sunoresearch.com.br\/n\/uploads\/2021\/09\/suno-logo.png\",\"contentUrl\":\"https:\/\/files.sunoresearch.com.br\/n\/uploads\/2021\/09\/suno-logo.png\",\"width\":180,\"height\":180,\"caption\":\"Suno Not\u00edcias\"},\"image\":{\"@id\":\"https:\/\/www.suno.com.br\/noticias\/#\/schema\/logo\/image\/\"},\"sameAs\":[\"https:\/\/facebook.com\/sunoresearch\",\"https:\/\/x.com\/sunoresearch\",\"https:\/\/www.instagram.com\/suno\",\"https:\/\/www.linkedin.com\/company\/suno-research\/\",\"https:\/\/www.youtube.com\/c\/sunoresearch\"]},{\"@type\":\"Person\",\"@id\":\"https:\/\/www.suno.com.br\/noticias\/#\/schema\/person\/06f0d962a6b1c54852e4860f16935600\",\"name\":\"Bruno Galv\u00e3o\",\"image\":{\"@type\":\"ImageObject\",\"inLanguage\":\"pt-BR\",\"@id\":\"https:\/\/www.suno.com.br\/noticias\/#\/schema\/person\/image\/\",\"url\":\"https:\/\/secure.gravatar.com\/avatar\/53598df0b41c00f12f287a912d0e918e?s=96&r=g\",\"contentUrl\":\"https:\/\/secure.gravatar.com\/avatar\/53598df0b41c00f12f287a912d0e918e?s=96&r=g\",\"caption\":\"Bruno Galv\u00e3o\"},\"description\":\"Escreve para o portal Suno Not\u00edcias. \u00c9 estudante de Jornalismo pela Faculdade C\u00e1sper L\u00edbero e Letras pela USP. Entusiasta de tecnologia e intelig\u00eancia artificial.\",\"url\":\"https:\/\/www.suno.com.br\/noticias\/author\/bruno-garcia\/\"}]}<\/script>\n<!-- \/ Yoast SEO plugin. -->","yoast_head_json":{"title":"Presidente da Petrobras (PETR4) responde declara\u00e7\u00f5es de Bolsonaro","description":"Em encontro com acionistas nesta sexta-feira (29), o presidente da Petrobras (PETR4), Joaquim Silva e Luna respondeu de...Saiba mais","robots":{"index":"index","follow":"follow","max-snippet":"max-snippet:-1","max-image-preview":"max-image-preview:large","max-video-preview":"max-video-preview:-1"},"canonical":"https:\/\/www.suno.com.br\/noticias\/petrobras-petr4-presidente-responde-bolsonaro\/","og_locale":"pt_BR","og_type":"article","og_title":"Presidente da Petrobras (PETR4) responde declara\u00e7\u00f5es de Bolsonaro","og_description":"Em encontro com acionistas nesta sexta-feira (29), o presidente da Petrobras (PETR4), Joaquim Silva e Luna respondeu de...Saiba mais","og_url":"https:\/\/www.suno.com.br\/noticias\/petrobras-petr4-presidente-responde-bolsonaro\/","og_site_name":"Suno Not\u00edcias","article_publisher":"https:\/\/facebook.com\/sunoresearch","og_image":[{"width":2560,"height":1707,"url":"https:\/\/files.sunoresearch.com.br\/n\/uploads\/2021\/09\/mcmgo_abr_2910191346-scaled.jpg","type":"image\/jpeg"}],"author":"Bruno Galv\u00e3o","twitter_card":"summary_large_image","twitter_creator":"@sunoresearch","twitter_site":"@sunoresearch","twitter_misc":{"Escrito por":"Bruno Galv\u00e3o","Est. tempo de leitura":"3 minutos"},"schema":{"@context":"https:\/\/schema.org","@graph":[{"@type":"NewsArticle","@id":"https:\/\/www.suno.com.br\/noticias\/petrobras-petr4-presidente-responde-bolsonaro\/#article","isPartOf":{"@id":"https:\/\/www.suno.com.br\/noticias\/petrobras-petr4-presidente-responde-bolsonaro\/"},"author":{"name":"Bruno Galv\u00e3o","@id":"https:\/\/www.suno.com.br\/noticias\/#\/schema\/person\/06f0d962a6b1c54852e4860f16935600"},"headline":"Presidente da Petrobras (PETR4) responde declara\u00e7\u00f5es de Bolsonaro e diz que n\u00e3o h\u00e1 press\u00e3o pela greve de caminhoneiros","datePublished":"2021-10-29T20:34:36+00:00","dateModified":"2021-10-29T21:35:09+00:00","mainEntityOfPage":{"@id":"https:\/\/www.suno.com.br\/noticias\/petrobras-petr4-presidente-responde-bolsonaro\/"},"wordCount":568,"publisher":{"@id":"https:\/\/www.suno.com.br\/noticias\/#organization"},"image":{"@id":"https:\/\/www.suno.com.br\/noticias\/petrobras-petr4-presidente-responde-bolsonaro\/#primaryimage"},"thumbnailUrl":"https:\/\/files.sunoresearch.com.br\/n\/uploads\/2021\/09\/mcmgo_abr_2910191346-scaled.jpg","keywords":["Jair Bolsonaro","Joaquim Silva e Luna","Petrobras (PETR4)"],"articleSection":["Economia"],"inLanguage":"pt-BR"},{"@type":"WebPage","@id":"https:\/\/www.suno.com.br\/noticias\/petrobras-petr4-presidente-responde-bolsonaro\/","url":"https:\/\/www.suno.com.br\/noticias\/petrobras-petr4-presidente-responde-bolsonaro\/","name":"Presidente da Petrobras (PETR4) responde declara\u00e7\u00f5es de Bolsonaro","isPartOf":{"@id":"https:\/\/www.suno.com.br\/noticias\/#website"},"primaryImageOfPage":{"@id":"https:\/\/www.suno.com.br\/noticias\/petrobras-petr4-presidente-responde-bolsonaro\/#primaryimage"},"image":{"@id":"https:\/\/www.suno.com.br\/noticias\/petrobras-petr4-presidente-responde-bolsonaro\/#primaryimage"},"thumbnailUrl":"https:\/\/files.sunoresearch.com.br\/n\/uploads\/2021\/09\/mcmgo_abr_2910191346-scaled.jpg","datePublished":"2021-10-29T20:34:36+00:00","dateModified":"2021-10-29T21:35:09+00:00","description":"Em encontro com acionistas nesta sexta-feira (29), o presidente da Petrobras (PETR4), Joaquim Silva e Luna respondeu de...Saiba mais","breadcrumb":{"@id":"https:\/\/www.suno.com.br\/noticias\/petrobras-petr4-presidente-responde-bolsonaro\/#breadcrumb"},"inLanguage":"pt-BR","potentialAction":[{"@type":"ReadAction","target":["https:\/\/www.suno.com.br\/noticias\/petrobras-petr4-presidente-responde-bolsonaro\/"]}]},{"@type":"ImageObject","inLanguage":"pt-BR","@id":"https:\/\/www.suno.com.br\/noticias\/petrobras-petr4-presidente-responde-bolsonaro\/#primaryimage","url":"https:\/\/files.sunoresearch.com.br\/n\/uploads\/2021\/09\/mcmgo_abr_2910191346-scaled.jpg","contentUrl":"https:\/\/files.sunoresearch.com.br\/n\/uploads\/2021\/09\/mcmgo_abr_2910191346-scaled.jpg","width":2560,"height":1707,"caption":"Presidente da Petrobras (PETR4), Silva e Luna - Foto: Marcelo Camargo\/Ag\u00eancia Brasil"},{"@type":"BreadcrumbList","@id":"https:\/\/www.suno.com.br\/noticias\/petrobras-petr4-presidente-responde-bolsonaro\/#breadcrumb","itemListElement":[{"@type":"ListItem","position":1,"name":"Not\u00edcias","item":"https:\/\/www.suno.com.br\/noticias\/"},{"@type":"ListItem","position":2,"name":"Economia","item":"https:\/\/www.suno.com.br\/noticias\/economia\/"},{"@type":"ListItem","position":3,"name":"Presidente da Petrobras (PETR4) responde declara\u00e7\u00f5es de Bolsonaro e diz que n\u00e3o h\u00e1 press\u00e3o pela greve de caminhoneiros"}]},{"@type":"WebSite","@id":"https:\/\/www.suno.com.br\/noticias\/#website","url":"https:\/\/www.suno.com.br\/noticias\/","name":"Suno Not\u00edcias","description":"Seu portal de informa\u00e7\u00e3o sobre o mundo dos investimentos","publisher":{"@id":"https:\/\/www.suno.com.br\/noticias\/#organization"},"potentialAction":[{"@type":"SearchAction","target":{"@type":"EntryPoint","urlTemplate":"https:\/\/www.suno.com.br\/noticias\/?s={search_term_string}"},"query-input":{"@type":"PropertyValueSpecification","valueRequired":true,"valueName":"search_term_string"}}],"inLanguage":"pt-BR"},{"@type":"Organization","@id":"https:\/\/www.suno.com.br\/noticias\/#organization","name":"Suno Not\u00edcias","url":"https:\/\/www.suno.com.br\/noticias\/","logo":{"@type":"ImageObject","inLanguage":"pt-BR","@id":"https:\/\/www.suno.com.br\/noticias\/#\/schema\/logo\/image\/","url":"https:\/\/files.sunoresearch.com.br\/n\/uploads\/2021\/09\/suno-logo.png","contentUrl":"https:\/\/files.sunoresearch.com.br\/n\/uploads\/2021\/09\/suno-logo.png","width":180,"height":180,"caption":"Suno Not\u00edcias"},"image":{"@id":"https:\/\/www.suno.com.br\/noticias\/#\/schema\/logo\/image\/"},"sameAs":["https:\/\/facebook.com\/sunoresearch","https:\/\/x.com\/sunoresearch","https:\/\/www.instagram.com\/suno","https:\/\/www.linkedin.com\/company\/suno-research\/","https:\/\/www.youtube.com\/c\/sunoresearch"]},{"@type":"Person","@id":"https:\/\/www.suno.com.br\/noticias\/#\/schema\/person\/06f0d962a6b1c54852e4860f16935600","name":"Bruno Galv\u00e3o","image":{"@type":"ImageObject","inLanguage":"pt-BR","@id":"https:\/\/www.suno.com.br\/noticias\/#\/schema\/person\/image\/","url":"https:\/\/secure.gravatar.com\/avatar\/53598df0b41c00f12f287a912d0e918e?s=96&r=g","contentUrl":"https:\/\/secure.gravatar.com\/avatar\/53598df0b41c00f12f287a912d0e918e?s=96&r=g","caption":"Bruno Galv\u00e3o"},"description":"Escreve para o portal Suno Not\u00edcias. \u00c9 estudante de Jornalismo pela Faculdade C\u00e1sper L\u00edbero e Letras pela USP. Entusiasta de tecnologia e intelig\u00eancia artificial.","url":"https:\/\/www.suno.com.br\/noticias\/author\/bruno-garcia\/"}]}},"default_loop_html":"<div class=\"cardsPage__listCard__boxs\"><div class=\"cardsPage__listCard__boxs__img\"><a href=\"https:\/\/www.suno.com.br\/noticias\/petrobras-petr4-presidente-responde-bolsonaro\/\"><img class=\"mask\" src=\"https:\/\/www.suno.com.br\/noticias\/wp-content\/themes\/suno\/resources\/images\/spotlight\/spotlight1img\/bg-mask.png\" alt=\"Image Mask\"\/><img src=\"https:\/\/files.sunoresearch.com.br\/n\/uploads\/2021\/09\/mcmgo_abr_2910191346-400x200.jpg\" alt=\"Presidente da Petrobras (PETR4) responde declara\u00e7\u00f5es de Bolsonaro e diz que n\u00e3o h\u00e1 press\u00e3o pela greve de caminhoneiros\"\/><\/a><span class=\"spotlightCategory\"><a href=\"https:\/\/www.suno.com.br\/noticias\/economia\/\">Economia<\/a><\/span><\/div><div class=\"cardsPage__listCard__boxs__content\"><a href=\"https:\/\/www.suno.com.br\/noticias\/petrobras-petr4-presidente-responde-bolsonaro\/\"><h2 class=\"content__title\">Presidente da Petrobras (PETR4) responde declara\u00e7\u00f5es de Bolsonaro e diz que n\u00e3o h\u00e1 press\u00e3o pela greve de caminhoneiros<\/h2><\/a><div class=\"newsContent__article__meta\"><div class=\"newsContent__article__meta__authorBox\"><a href=\"https:\/\/www.suno.com.br\/noticias\/author\/bruno-garcia\/\" class=\"authorBox__avatar noMobi\"><img src=\"https:\/\/secure.gravatar.com\/avatar\/53598df0b41c00f12f287a912d0e918e?s=96&#038;r=g\" alt=\"Bruno Galv\u00e3o\"><\/a><div class=\"authorBox__name\"><span>por\n\t\t\t<a href=\"https:\/\/www.suno.com.br\/noticias\/author\/bruno-garcia\/\"><span itemprop=\"author\">Bruno Galv\u00e3o<\/span><\/a><\/span><time datetime=\"2021-10-29T17:34:36-03:00\" itemprop=\"datePublished\">29\/10\/2021 17:34<\/time><\/div><\/div><\/div><\/div><\/div>","single_layout":"posts","amp_enabled":true,"_links":{"self":[{"href":"https:\/\/www.suno.com.br\/noticias\/wp-json\/wp\/v2\/posts\/199130"}],"collection":[{"href":"https:\/\/www.suno.com.br\/noticias\/wp-json\/wp\/v2\/posts"}],"about":[{"href":"https:\/\/www.suno.com.br\/noticias\/wp-json\/wp\/v2\/types\/post"}],"author":[{"embeddable":true,"href":"https:\/\/www.suno.com.br\/noticias\/wp-json\/wp\/v2\/users\/118"}],"replies":[{"embeddable":true,"href":"https:\/\/www.suno.com.br\/noticias\/wp-json\/wp\/v2\/comments?post=199130"}],"version-history":[{"count":3,"href":"https:\/\/www.suno.com.br\/noticias\/wp-json\/wp\/v2\/posts\/199130\/revisions"}],"predecessor-version":[{"id":199185,"href":"https:\/\/www.suno.com.br\/noticias\/wp-json\/wp\/v2\/posts\/199130\/revisions\/199185"}],"wp:featuredmedia":[{"embeddable":true,"href":"https:\/\/www.suno.com.br\/noticias\/wp-json\/wp\/v2\/media\/183619"}],"wp:attachment":[{"href":"https:\/\/www.suno.com.br\/noticias\/wp-json\/wp\/v2\/media?parent=199130"}],"wp:term":[{"taxonomy":"category","embeddable":true,"href":"https:\/\/www.suno.com.br\/noticias\/wp-json\/wp\/v2\/categories?post=199130"},{"taxonomy":"post_tag","embeddable":true,"href":"https:\/\/www.suno.com.br\/noticias\/wp-json\/wp\/v2\/tags?post=199130"},{"taxonomy":"suno_strategy","embeddable":true,"href":"https:\/\/www.suno.com.br\/noticias\/wp-json\/wp\/v2\/suno_strategy?post=199130"}],"curies":[{"name":"wp","href":"https:\/\/api.w.org\/{rel}","templated":true}]}}