{"id":198998,"date":"2021-10-29T17:09:06","date_gmt":"2021-10-29T20:09:06","guid":{"rendered":"https:\/\/www.suno.com.br\/noticias\/?p=198998"},"modified":"2021-10-29T17:13:31","modified_gmt":"2021-10-29T20:13:31","slug":"safra-pib-brasil-selic-risco-fiscal-pessimismo","status":"publish","type":"post","link":"https:\/\/www.suno.com.br\/noticias\/safra-pib-brasil-selic-risco-fiscal-pessimismo\/","title":{"rendered":"Com Selic e risco fiscal, Safra piora proje\u00e7\u00e3o do PIB e do IPCA"},"content":{"rendered":"<p>Na sua revis\u00e3o sobre os <a class=\"suno-keyword\" href=\"https:\/\/www.suno.com.br\/artigos\/indicadores-economicos\/\" target=\"_blank\" rel=\"noopener\" data-force=\"no\" data-priority=\"1\">indicadores econ\u00f4micos<\/a> de 2022, o <strong>Safra<\/strong> deixou suas expectativas mais pessimistas para o Brasil, reduzindo a proje\u00e7\u00e3o do <a href=\"https:\/\/www.suno.com.br\/artigos\/pib-produto-interno-bruto\/\">Produto Interno Bruto (PIB)<\/a> e aumentando a do <a href=\"https:\/\/www.suno.com.br\/guias\/ipca\/\">\u00cdndice Nacional de Pre\u00e7os ao Consumidor Amplo (IPCA)<\/a>.<\/p>\t<div class=\"wrapper-featured-image\">\n\t\t<figure class=\"spotlightImg\">\n\n\t\t\t<picture>\n\t\t\t\t<source media=\"(max-width: 768px)\" srcset=\"https:\/\/files.sunoresearch.com.br\/n\/uploads\/2021\/09\/copomselic-400x200.png\">\n\t\t\t\t<img loading=\"lazy\" decoding=\"async\" class=\"newsContent__article__imgCapa lazyloadDisabled \" src=\"https:\/\/files.sunoresearch.com.br\/n\/uploads\/2021\/09\/copomselic-800x450.png\" width=\"800\" height=\"450\" alt=\"Com Selic e risco fiscal, Safra piora proje\u00e7\u00e3o do PIB e do IPCA\" fetchpriority=high \/>\n\t\t\t<\/picture>\n\n\t\t\t<figcaption class=\"wp-caption-text wp-caption-text--show\">Safra: &quot;Crise h\u00eddrica tamb\u00e9m \u00e9 outro fator de risco a ser monitorado no ambiente dom\u00e9stico.&quot; -  Foto: Marcello Casal Jr Ag\u00eancia Brasil<\/figcaption>\n\t\t<\/figure>\n\t<\/div>\n\n\n\t<p>\n\t\t<a href=\"https:\/\/lp.suno.com.br\/planilha-controle-gastos\/\" target=\"_blank\" data-element=\"shortcode-suno-banner\" title=\"Banner SUNO, clique e saiba mais\">\n\t\t\t<picture>\n\t\t\t\t<source media=\"(max-width: 500px)\" srcset=\"https:\/\/files.sunoresearch.com.br\/n\/uploads\/2023\/03\/400x300-Planilha-controle-de-gastos.png\">\n\t\t\t\t<img class=\"newsContent__article__imgCapa newsContent__article__imgCapa--banner\"\n\t\t\t\t\tsrc=\"https:\/\/files.sunoresearch.com.br\/n\/uploads\/2023\/03\/1420x240-Planilha-controle-de-gastos.png\"\n\t\t\t\t\tdata-promo-id=\"101751\"\t\t\t\t\t\t\t\t\t\twidth='1420' height='240'\t\t\t\t\talt=\"https:\/\/files.sunoresearch.com.br\/n\/uploads\/2023\/03\/1420x240-Planilha-controle-de-gastos.png\"\n\t\t\t\t>\n\t\t\t<\/picture>\n\t\t<\/a>\n\t<\/p>\n\n\n<p>Em 2022, o Safra estima um\u00a0<strong>PIB<\/strong> de 0,6% ante 1,1% anteriores, com infla\u00e7\u00e3o de 4,1% &#8211; somente um ponto percentual acima do progn\u00f3stico anterior.<\/p>\n<p>Para este ano de 2021, o banco revisou sua <strong>proje\u00e7\u00e3o do IPCA<\/strong> de 9,0% para 9,4%, ao passo que a previs\u00e3o do PIB segue est\u00e1vel em 4,8%.<\/p>\n<p>A <strong>proje\u00e7\u00e3o do Safra<\/strong> vem ap\u00f3s o <a href=\"https:\/\/www.suno.com.br\/artigos\/risco-brasil\">cen\u00e1rio fiscal do Brasil apresentar maiores riscos<\/a>, com possibilidade do furo do teto de gastos para o pagamento do Aux\u00edlio Brasil. Nesse sentido, o Comit\u00ea de Pol\u00edtica Monet\u00e1rio (Copom) do <a class=\"suno-keyword\" href=\"https:\/\/www.suno.com.br\/artigos\/bacen\/\" target=\"_blank\" rel=\"noopener\" data-force=\"no\" data-priority=\"3\"><strong>Banco<\/strong> <strong>Central<\/strong> (BC)<\/a> aumentou os juros acima do que era esperado antes desse cen\u00e1rio &#8211; deixando a Selic a 7,75% ao ano, conforme decis\u00e3o da quarta (27).<\/p>\n<p>&#8220;A deteriora\u00e7\u00e3o no cen\u00e1rio inflacion\u00e1rio sustenta um cen\u00e1rio com juros mais altos. O comunicado indicou que o ritmo do ajuste continuar\u00e1 o mesmo na pr\u00f3xima reuni\u00e3o&#8221;, dizem os analistas do Banco Safra.<\/p>\n\n\t<div data-element=\"shortcode-read-more\" class=\"readToo\">\n\t\t\t\t<span class=\"readToo__title\">Leia mais<\/span>\n\t\t\t\t<ul class=\"readToo__list\">\n\t\t\t<li><a href=\"https:\/\/www.suno.com.br\/noticias\/banco-central-bc-mudancas-diretoria-campos-neto\/\">Banco Central tem mudan\u00e7as na diretoria e Campos Neto faz indica\u00e7\u00e3o<\/a><\/li><li><a href=\"https:\/\/www.suno.com.br\/noticias\/divida-publica-federal-cai-54-trilhoes-revela-tesouro\/\">D\u00edvida P\u00fablica Federal cai para R$ 5,4 trilh\u00f5es, revela o Tesouro<\/a><\/li><li><a href=\"https:\/\/www.suno.com.br\/noticias\/inflacao-2022-tendencia-ipca\/\">IPCA deve recuar a partir de meados de 2022; veja as perspectivas<\/a><\/li>\t\t<\/ul>\n\t<\/div>\n\n\n<p>Na publica\u00e7\u00e3o, a casa lembra que os membros do Copom inclu\u00edram um coment\u00e1rio sobre as contas p\u00fablicas, ressaltando os questionamentos recentes sobre o arcabou\u00e7o fiscal e o risco de desancoragem das expectativas de <strong>infla\u00e7\u00e3o<\/strong>.<\/p>\n<p>A estimativa \u00e9 de que ocorra nova alta de 1,5 ponto percentual na pr\u00f3xima <strong><a class=\"suno-keyword\" href=\"https:\/\/www.suno.com.br\/artigos\/copom\/\" target=\"_blank\" rel=\"noopener\" data-force=\"no\" data-priority=\"2\">reuni\u00e3o do Copom<\/a><\/strong>, em dezembro. Em seguida, deve ocorrer uma eleva\u00e7\u00e3o de 1 ponto na reuni\u00e3o de fevereiro do pr\u00f3ximo ano, levando a Selic para o n\u00edvel de 10,25% no primeiro trimestre de 2022.<\/p>\n<p>A an\u00e1lise do Safra diz que a divulga\u00e7\u00e3o da Ata do Copom na pr\u00f3xima quarta-feira (3) deve &#8220;trazer informa\u00e7\u00f5es adicionais e mais aprofundadas sobre as proje\u00e7\u00f5es e balan\u00e7o de riscos do Banco Central&#8221;.<\/p>\n\t<p>\n\t\t<a href=\"https:\/\/lp.suno.com.br\/planilha-da-vida-financeira\/\" target=\"_blank\" data-element=\"shortcode-suno-banner\" title=\"Banner SUNO, clique e saiba mais\">\n\t\t\t<picture>\n\t\t\t\t<source media=\"(max-width: 500px)\" srcset=\"https:\/\/files.sunoresearch.com.br\/n\/uploads\/2023\/04\/400x300-Planilha-vida-financeira-true.png\">\n\t\t\t\t<img class=\"newsContent__article__imgCapa newsContent__article__imgCapa--banner\"\n\t\t\t\t\tsrc=\"https:\/\/files.sunoresearch.com.br\/n\/uploads\/2023\/04\/1420x240-Planilha-vida-financeira-true.png\"\n\t\t\t\t\tdata-promo-id=\"106682\"\t\t\t\t\t\t\t\t\t\twidth='1420' height='240'\t\t\t\t\talt=\"https:\/\/files.sunoresearch.com.br\/n\/uploads\/2023\/04\/1420x240-Planilha-vida-financeira-true.png\"\n\t\t\t\t>\n\t\t\t<\/picture>\n\t\t<\/a>\n\t<\/p>\n\n\n<h2>No in\u00edcio do m\u00eas, Safra reduziu expectativa com Ibovespa<\/h2>\n<p>Al\u00e9m das proje\u00e7\u00f5es macroecon\u00f4micas, nos primeiros dias de outubro o time de analistas do banco revisou o pre\u00e7o-alvo para o <strong>Ibovespa<\/strong> de 145 mil pontos para 121 mil pontos em 2021, ap\u00f3s &#8220;incorporar uma condi\u00e7\u00e3o macroecon\u00f4mica mais desafiadora no \u00e2mbito pol\u00edtico, fiscal e da atividade&#8221;.<\/p>\n<p>A an\u00e1lise, vale frisar, precede a decis\u00e3o do <strong>Copom<\/strong> e as especula\u00e7\u00f5es sobre o furo do teto de gastos.<\/p>\n<p>&#8220;Em um cen\u00e1rio econ\u00f4mico mais desafiador, agravados pela alta persistente da infla\u00e7\u00e3o, corroborando com premissas de juros mais elevados do que esper\u00e1vamos anteriormente e crescimento econ\u00f4mico menor, elevamos as premissas de <a class=\"suno-keyword\" href=\"https:\/\/www.suno.com.br\/artigos\/taxa-de-desconto\/\" target=\"_blank\" rel=\"noopener\" data-force=\"no\" data-priority=\"1\">taxa de desconto<\/a> e reduzimos as expectativas de crescimento de lucro para os pr\u00f3ximos anos. Assim, passamos a ter uma avalia\u00e7\u00e3o mais conservadora para a bolsa brasileira&#8221;, afirma o Safra.<\/p>\n\t<p>\n\t\t<a href=\"https:\/\/lp.suno.com.br\/ebook-como-analisar-uma-acao\/\" target=\"_blank\" data-element=\"shortcode-suno-banner\" title=\"Banner SUNO, clique e saiba mais\">\n\t\t\t<picture>\n\t\t\t\t<source media=\"(max-width: 500px)\" srcset=\"https:\/\/files.sunoresearch.com.br\/n\/uploads\/2023\/03\/Ebook-Acoes-Mobile-1.jpg\">\n\t\t\t\t<img class=\"newsContent__article__imgCapa newsContent__article__imgCapa--banner\"\n\t\t\t\t\tsrc=\"https:\/\/files.sunoresearch.com.br\/n\/uploads\/2023\/03\/Ebook-Acoes-Desktop-1.jpg\"\n\t\t\t\t\tdata-promo-id=\"171998\"\t\t\t\t\t\t\t\t\t\twidth='1420' height='286'\t\t\t\t\talt=\"https:\/\/files.sunoresearch.com.br\/n\/uploads\/2023\/03\/Ebook-Acoes-Desktop-1.jpg\"\n\t\t\t\t>\n\t\t\t<\/picture>\n\t\t<\/a>\n\t<\/p>\n\n\n<p>&#8220;Acreditamos que a <strong>crise h\u00eddrica<\/strong> tamb\u00e9m \u00e9 outro fator de risco a ser monitorado no ambiente dom\u00e9stico.\u00a0Por fim, considerando que o pre\u00e7o das commodities foi um grande impulsionador de resultados em 2021 para algumas empresas com peso representativo no \u00edndice, a recente queda no pre\u00e7o das mat\u00e9rias-primas e receios de uma maior desacelera\u00e7\u00e3o do crescimento econ\u00f4mico chin\u00eas s\u00e3o fatores que podem afetar a din\u00e2mica de lucros para o Ibovespa nos pr\u00f3ximos anos&#8221;, conclui.<\/p>\n<h2>Ita\u00fa refor\u00e7a pessimismo<\/h2>\n<p>O <strong>Ita\u00fa <\/strong>BBA tamb\u00e9m projetou um ano de 2022 com cen\u00e1rio econ\u00f4mico mais preocupante. Os analistas revisaram o crescimento do PIB de 0,5% de crescimento para uma queda de 0,5%, al\u00e9m de projetarem uma Selic de 11,25% ante 9% anteriores.<\/p>\n<p>Neste caso, a revis\u00e3o ocorreu entre as especula\u00e7\u00f5es sobre o furo do teto de gastos e a decis\u00e3o do Copom, publicada no dia 25.<\/p>\n<p>&#8220;Not\u00edcias sobre o aumento dos gastos fiscais aumentaram as d\u00favidas sobre o futuro do <strong>arcabou\u00e7o fiscal<\/strong> no Brasil, que desde 2016 tem sido baseado em um <a class=\"suno-keyword\" href=\"https:\/\/www.suno.com.br\/artigos\/teto-de-gastos\/\" target=\"_blank\" rel=\"noopener\" data-force=\"no\" data-priority=\"1\">teto de gastos<\/a> ajust\u00e1vel. Embora a discuss\u00e3o sobre domin\u00e2ncia fiscal pare\u00e7a exagerada no momento, \u00e9 verdade que, sem uma \u00e2ncora fiscal cr\u00edvel, a tarefa do Banco Central em manter a infla\u00e7\u00e3o na meta se torna mais dif\u00edcil&#8221;, afirma Mario Mesquita, economista-chefe do Ita\u00fa.<\/p>\n\t<p>\n\t\t<a href=\"https:\/\/lp.suno.com.br\/planilha-de-controle-de-investimentos\/\" target=\"_blank\" data-element=\"shortcode-suno-banner\" title=\"Banner SUNO, clique e saiba mais\">\n\t\t\t<picture>\n\t\t\t\t<source media=\"(max-width: 500px)\" srcset=\"https:\/\/files.sunoresearch.com.br\/n\/uploads\/2023\/03\/400x300-Controle-de-Investimentos.png\">\n\t\t\t\t<img class=\"newsContent__article__imgCapa newsContent__article__imgCapa--banner\"\n\t\t\t\t\tsrc=\"https:\/\/files.sunoresearch.com.br\/n\/uploads\/2023\/03\/1420x240-Controle-de-Investimentos.png\"\n\t\t\t\t\tdata-promo-id=\"75934\"\t\t\t\t\t\t\t\t\t\twidth='1420' height='240'\t\t\t\t\talt=\"https:\/\/files.sunoresearch.com.br\/n\/uploads\/2023\/03\/1420x240-Controle-de-Investimentos.png\"\n\t\t\t\t>\n\t\t\t<\/picture>\n\t\t<\/a>\n\t<\/p>\n\n\n<p>Segundo o relat\u00f3rio, o aumento da incerteza fiscal provocado pelos eventos da semana passada, que incluem o aumento do risco de um furo do teto de gastos com o <strong>Aux\u00edlio Brasil<\/strong> e um &#8216;vale-diesel&#8217; para os caminhoneiros, eleva o <strong><a class=\"suno-keyword\" href=\"https:\/\/www.suno.com.br\/artigos\/embi\/\" target=\"_blank\" rel=\"noopener\" data-force=\"no\" data-priority=\"1\">Risco Brasil<\/a><\/strong> e \u00e9 o principal driver para infla\u00e7\u00e3o mais alta &#8211; com 18,4% de IGP-M e 9% de IPCA ainda em 2021, aumento de 0,9 e 0,3 pontos percentuais, respectivamente.<\/p>\n<p>Para o time de an\u00e1lise do Ita\u00fa BBA, o <b>BC<\/b>\u00a0enfrenta os problemas de ter que acomodar choques sucessivos sem perder a credibilidade, o que exige um equil\u00edbrio entre a sinaliza\u00e7\u00e3o do compromisso com as metas de infla\u00e7\u00e3o ao mesmo tempo que \u00e9 necess\u00e1rio &#8216;cortar na pr\u00f3pria carne&#8217; para manobrar os juros a custos de crescimento econ\u00f4mico.<\/p>\n<p>&#8220;Em nossa vis\u00e3o, elevar a taxa Selic em 1,0- 1,25 ponto percentual seria uma resposta inadequada, pois sinalizaria uma disposi\u00e7\u00e3o excessiva para acomodar os riscos de infla\u00e7\u00e3o mais elevada, enquanto um movimento acima de 1,5 ponto percentual provavelmente levaria a uma <a class=\"suno-keyword\" href=\"https:\/\/www.suno.com.br\/artigos\/juros\/\" target=\"_blank\" rel=\"noopener\" data-force=\"no\" data-priority=\"2\">taxa de juros<\/a> terminal que colocaria a economia em recess\u00e3o profunda. O meio-termo n\u00e3o evitar\u00e1 uma recess\u00e3o, mas contribuir\u00e1 para limitar o aumento das expectativas de infla\u00e7\u00e3o&#8221;, analisa o relat\u00f3rio.<\/p>\n<p>Apesar de ser mais pessimista do que o <strong>Safra<\/strong>, o banco ressalta que a retomada de pautas como a reforma administrativa pode ser um sinalizador para uma maior &#8216;resili\u00eancia fiscal&#8217;, o que deve ajudar a aliviar a press\u00e3o sob o <a class=\"suno-keyword\" href=\"https:\/\/www.suno.com.br\/artigos\/orcamento-publico\/\" target=\"_blank\" rel=\"noopener\" data-force=\"no\" data-priority=\"1\">or\u00e7amento p\u00fablico<\/a> e reduzir as incertezas do cen\u00e1rio econ\u00f4mico futuro.<\/p>\n\t<p>\n\t\t<a href=\"\" target=\"_blank\" data-element=\"shortcode-suno-banner\" title=\"Banner SUNO, clique e saiba mais\">\n\t\t\t<picture>\n\t\t\t\t<source media=\"(max-width: 500px)\" srcset=\"\">\n\t\t\t\t<img class=\"newsContent__article__imgCapa newsContent__article__imgCapa--banner\"\n\t\t\t\t\tsrc=\"\"\n\t\t\t\t\tdata-promo-id=\"184190\"\t\t\t\t\t\t\t\t\t\t\t\t\t\t\talt=\"\"\n\t\t\t\t>\n\t\t\t<\/picture>\n\t\t<\/a>\n\t<\/p>\n\n\n","protected":false},"excerpt":{"rendered":"<p>Na sua revis\u00e3o sobre os indicadores econ\u00f4micos de 2022, o Safra deixou suas expectativas mais pessimistas para o Brasil, reduzindo a proje\u00e7\u00e3o do Produto Interno Bruto (PIB) e aumentando a do \u00cdndice Nacional de Pre\u00e7os ao Consumidor Amplo (IPCA). Com desacelera\u00e7\u00e3o e infla\u00e7\u00e3o, pre\u00e7os de produ\u00e7\u00e3o e transporte escalaram drasticamente, com mais de 430% de [&hellip;]<\/p>\n","protected":false},"author":73,"featured_media":186505,"comment_status":"closed","ping_status":"closed","sticky":false,"template":"","format":"standard","meta":[],"categories":[62],"tags":[1518,740,2251,721,850,966,1886,807],"suno_strategy":[],"class_list":["post-198998","post","type-post","status-publish","format-standard","has-post-thumbnail","hentry","category-economia","tag-banco-safra","tag-economia","tag-economia-brasileira","tag-ibovespa","tag-inflacao","tag-ipca","tag-itau-bba","tag-produto-interno-bruto-pib"],"yoast_head":"<!-- This site is optimized with the Yoast SEO plugin v24.4 - https:\/\/yoast.com\/wordpress\/plugins\/seo\/ -->\n<title>Safra aumenta pessimismo e corta proje\u00e7\u00e3o do PIB de 1,1% para 0,6%<\/title>\n<meta name=\"description\" content=\"Ap\u00f3s a \u00faltima reuni\u00e3o do Copom, com Selic em 7,75% ao ano, Safra v\u00ea 2022 com maiores problemas no Brasil. Clique aqui e leia mais.\" \/>\n<meta name=\"robots\" content=\"index, follow, max-snippet:-1, max-image-preview:large, max-video-preview:-1\" \/>\n<link rel=\"canonical\" href=\"https:\/\/www.suno.com.br\/noticias\/safra-pib-brasil-selic-risco-fiscal-pessimismo\/\" \/>\n<meta property=\"og:locale\" content=\"pt_BR\" \/>\n<meta property=\"og:type\" content=\"article\" \/>\n<meta property=\"og:title\" content=\"Safra aumenta pessimismo e corta proje\u00e7\u00e3o do PIB de 1,1% para 0,6%\" \/>\n<meta property=\"og:description\" content=\"Ap\u00f3s a \u00faltima reuni\u00e3o do Copom, com Selic em 7,75% ao ano, Safra v\u00ea 2022 com maiores problemas no Brasil. Clique aqui e leia mais.\" \/>\n<meta property=\"og:url\" content=\"https:\/\/www.suno.com.br\/noticias\/safra-pib-brasil-selic-risco-fiscal-pessimismo\/\" \/>\n<meta property=\"og:site_name\" content=\"Suno Not\u00edcias\" \/>\n<meta property=\"article:publisher\" content=\"https:\/\/facebook.com\/sunoresearch\" \/>\n<meta property=\"og:image\" content=\"https:\/\/files.sunoresearch.com.br\/n\/uploads\/2021\/09\/copomselic.png\" \/>\n\t<meta property=\"og:image:width\" content=\"1200\" \/>\n\t<meta property=\"og:image:height\" content=\"800\" \/>\n\t<meta property=\"og:image:type\" content=\"image\/png\" \/>\n<meta name=\"author\" content=\"Eduardo Vargas\" \/>\n<meta name=\"twitter:card\" content=\"summary_large_image\" \/>\n<meta name=\"twitter:creator\" content=\"@sunoresearch\" \/>\n<meta name=\"twitter:site\" content=\"@sunoresearch\" \/>\n<meta name=\"twitter:label1\" content=\"Escrito por\" \/>\n\t<meta name=\"twitter:data1\" content=\"Eduardo Vargas\" \/>\n\t<meta name=\"twitter:label2\" content=\"Est. tempo de leitura\" \/>\n\t<meta name=\"twitter:data2\" content=\"4 minutos\" \/>\n<script type=\"application\/ld+json\" class=\"yoast-schema-graph\">{\"@context\":\"https:\/\/schema.org\",\"@graph\":[{\"@type\":\"NewsArticle\",\"@id\":\"https:\/\/www.suno.com.br\/noticias\/safra-pib-brasil-selic-risco-fiscal-pessimismo\/#article\",\"isPartOf\":{\"@id\":\"https:\/\/www.suno.com.br\/noticias\/safra-pib-brasil-selic-risco-fiscal-pessimismo\/\"},\"author\":{\"name\":\"Eduardo Vargas\",\"@id\":\"https:\/\/www.suno.com.br\/noticias\/#\/schema\/person\/7f4d362bf3518e76090143ae77bb49a5\"},\"headline\":\"Com Selic e risco fiscal, Safra piora proje\u00e7\u00e3o do PIB e do IPCA\",\"datePublished\":\"2021-10-29T20:09:06+00:00\",\"dateModified\":\"2021-10-29T20:13:31+00:00\",\"mainEntityOfPage\":{\"@id\":\"https:\/\/www.suno.com.br\/noticias\/safra-pib-brasil-selic-risco-fiscal-pessimismo\/\"},\"wordCount\":1006,\"publisher\":{\"@id\":\"https:\/\/www.suno.com.br\/noticias\/#organization\"},\"image\":{\"@id\":\"https:\/\/www.suno.com.br\/noticias\/safra-pib-brasil-selic-risco-fiscal-pessimismo\/#primaryimage\"},\"thumbnailUrl\":\"https:\/\/files.sunoresearch.com.br\/n\/uploads\/2021\/09\/copomselic.png\",\"keywords\":[\"Banco Safra\",\"Economia\",\"economia brasileira\",\"Ibovespa\",\"infla\u00e7\u00e3o\",\"IPCA\",\"Ita\u00fa BBA\",\"Produto Interno Bruto (PIB)\"],\"articleSection\":[\"Economia\"],\"inLanguage\":\"pt-BR\"},{\"@type\":\"WebPage\",\"@id\":\"https:\/\/www.suno.com.br\/noticias\/safra-pib-brasil-selic-risco-fiscal-pessimismo\/\",\"url\":\"https:\/\/www.suno.com.br\/noticias\/safra-pib-brasil-selic-risco-fiscal-pessimismo\/\",\"name\":\"Safra aumenta pessimismo e corta proje\u00e7\u00e3o do PIB de 1,1% para 0,6%\",\"isPartOf\":{\"@id\":\"https:\/\/www.suno.com.br\/noticias\/#website\"},\"primaryImageOfPage\":{\"@id\":\"https:\/\/www.suno.com.br\/noticias\/safra-pib-brasil-selic-risco-fiscal-pessimismo\/#primaryimage\"},\"image\":{\"@id\":\"https:\/\/www.suno.com.br\/noticias\/safra-pib-brasil-selic-risco-fiscal-pessimismo\/#primaryimage\"},\"thumbnailUrl\":\"https:\/\/files.sunoresearch.com.br\/n\/uploads\/2021\/09\/copomselic.png\",\"datePublished\":\"2021-10-29T20:09:06+00:00\",\"dateModified\":\"2021-10-29T20:13:31+00:00\",\"description\":\"Ap\u00f3s a \u00faltima reuni\u00e3o do Copom, com Selic em 7,75% ao ano, Safra v\u00ea 2022 com maiores problemas no Brasil. Clique aqui e leia mais.\",\"breadcrumb\":{\"@id\":\"https:\/\/www.suno.com.br\/noticias\/safra-pib-brasil-selic-risco-fiscal-pessimismo\/#breadcrumb\"},\"inLanguage\":\"pt-BR\",\"potentialAction\":[{\"@type\":\"ReadAction\",\"target\":[\"https:\/\/www.suno.com.br\/noticias\/safra-pib-brasil-selic-risco-fiscal-pessimismo\/\"]}]},{\"@type\":\"ImageObject\",\"inLanguage\":\"pt-BR\",\"@id\":\"https:\/\/www.suno.com.br\/noticias\/safra-pib-brasil-selic-risco-fiscal-pessimismo\/#primaryimage\",\"url\":\"https:\/\/files.sunoresearch.com.br\/n\/uploads\/2021\/09\/copomselic.png\",\"contentUrl\":\"https:\/\/files.sunoresearch.com.br\/n\/uploads\/2021\/09\/copomselic.png\",\"width\":1200,\"height\":800,\"caption\":\"Safra: \\\"Crise h\u00eddrica tamb\u00e9m \u00e9 outro fator de risco a ser monitorado no ambiente dom\u00e9stico.\\\" - Foto: Marcello Casal Jr Ag\u00eancia Brasil\"},{\"@type\":\"BreadcrumbList\",\"@id\":\"https:\/\/www.suno.com.br\/noticias\/safra-pib-brasil-selic-risco-fiscal-pessimismo\/#breadcrumb\",\"itemListElement\":[{\"@type\":\"ListItem\",\"position\":1,\"name\":\"Not\u00edcias\",\"item\":\"https:\/\/www.suno.com.br\/noticias\/\"},{\"@type\":\"ListItem\",\"position\":2,\"name\":\"Economia\",\"item\":\"https:\/\/www.suno.com.br\/noticias\/economia\/\"},{\"@type\":\"ListItem\",\"position\":3,\"name\":\"Com Selic e risco fiscal, Safra piora proje\u00e7\u00e3o do PIB e do IPCA\"}]},{\"@type\":\"WebSite\",\"@id\":\"https:\/\/www.suno.com.br\/noticias\/#website\",\"url\":\"https:\/\/www.suno.com.br\/noticias\/\",\"name\":\"Suno Not\u00edcias\",\"description\":\"Seu portal de informa\u00e7\u00e3o sobre o mundo dos investimentos\",\"publisher\":{\"@id\":\"https:\/\/www.suno.com.br\/noticias\/#organization\"},\"potentialAction\":[{\"@type\":\"SearchAction\",\"target\":{\"@type\":\"EntryPoint\",\"urlTemplate\":\"https:\/\/www.suno.com.br\/noticias\/?s={search_term_string}\"},\"query-input\":{\"@type\":\"PropertyValueSpecification\",\"valueRequired\":true,\"valueName\":\"search_term_string\"}}],\"inLanguage\":\"pt-BR\"},{\"@type\":\"Organization\",\"@id\":\"https:\/\/www.suno.com.br\/noticias\/#organization\",\"name\":\"Suno Not\u00edcias\",\"url\":\"https:\/\/www.suno.com.br\/noticias\/\",\"logo\":{\"@type\":\"ImageObject\",\"inLanguage\":\"pt-BR\",\"@id\":\"https:\/\/www.suno.com.br\/noticias\/#\/schema\/logo\/image\/\",\"url\":\"https:\/\/files.sunoresearch.com.br\/n\/uploads\/2021\/09\/suno-logo.png\",\"contentUrl\":\"https:\/\/files.sunoresearch.com.br\/n\/uploads\/2021\/09\/suno-logo.png\",\"width\":180,\"height\":180,\"caption\":\"Suno Not\u00edcias\"},\"image\":{\"@id\":\"https:\/\/www.suno.com.br\/noticias\/#\/schema\/logo\/image\/\"},\"sameAs\":[\"https:\/\/facebook.com\/sunoresearch\",\"https:\/\/x.com\/sunoresearch\",\"https:\/\/www.instagram.com\/suno\",\"https:\/\/www.linkedin.com\/company\/suno-research\/\",\"https:\/\/www.youtube.com\/c\/sunoresearch\"]},{\"@type\":\"Person\",\"@id\":\"https:\/\/www.suno.com.br\/noticias\/#\/schema\/person\/7f4d362bf3518e76090143ae77bb49a5\",\"name\":\"Eduardo Vargas\",\"image\":{\"@type\":\"ImageObject\",\"inLanguage\":\"pt-BR\",\"@id\":\"https:\/\/www.suno.com.br\/noticias\/#\/schema\/person\/image\/\",\"url\":\"https:\/\/secure.gravatar.com\/avatar\/dac340933427a22924c9f99d1eb2e3f2?s=96&r=g\",\"contentUrl\":\"https:\/\/secure.gravatar.com\/avatar\/dac340933427a22924c9f99d1eb2e3f2?s=96&r=g\",\"caption\":\"Eduardo Vargas\"},\"description\":\"Jornalista formado pela UFSC, cobre macroeconomia, neg\u00f3cios e startups para o Suno Not\u00edcias, escrevendo principalmente not\u00edcias sobre o mercado financeiro e a bolsa de valores. No YouTube e no Instagram, \u00e9 respons\u00e1vel pela produ\u00e7\u00e3o de Reels e Shorts do Suno Not\u00edcias. Anteriormente, trabalhou cobrindo economia e cotidiano no ND+ e para o ND, maior jornal impresso de Santa Catarina. Cursou um semestre letivo de Estudos de M\u00eddia na Universidad de Buenos Aires.\",\"url\":\"https:\/\/www.suno.com.br\/noticias\/author\/eduardo-vargas\/\"}]}<\/script>\n<!-- \/ Yoast SEO plugin. -->","yoast_head_json":{"title":"Safra aumenta pessimismo e corta proje\u00e7\u00e3o do PIB de 1,1% para 0,6%","description":"Ap\u00f3s a \u00faltima reuni\u00e3o do Copom, com Selic em 7,75% ao ano, Safra v\u00ea 2022 com maiores problemas no Brasil. Clique aqui e leia mais.","robots":{"index":"index","follow":"follow","max-snippet":"max-snippet:-1","max-image-preview":"max-image-preview:large","max-video-preview":"max-video-preview:-1"},"canonical":"https:\/\/www.suno.com.br\/noticias\/safra-pib-brasil-selic-risco-fiscal-pessimismo\/","og_locale":"pt_BR","og_type":"article","og_title":"Safra aumenta pessimismo e corta proje\u00e7\u00e3o do PIB de 1,1% para 0,6%","og_description":"Ap\u00f3s a \u00faltima reuni\u00e3o do Copom, com Selic em 7,75% ao ano, Safra v\u00ea 2022 com maiores problemas no Brasil. Clique aqui e leia mais.","og_url":"https:\/\/www.suno.com.br\/noticias\/safra-pib-brasil-selic-risco-fiscal-pessimismo\/","og_site_name":"Suno Not\u00edcias","article_publisher":"https:\/\/facebook.com\/sunoresearch","og_image":[{"width":1200,"height":800,"url":"https:\/\/files.sunoresearch.com.br\/n\/uploads\/2021\/09\/copomselic.png","type":"image\/png"}],"author":"Eduardo Vargas","twitter_card":"summary_large_image","twitter_creator":"@sunoresearch","twitter_site":"@sunoresearch","twitter_misc":{"Escrito por":"Eduardo Vargas","Est. tempo de leitura":"4 minutos"},"schema":{"@context":"https:\/\/schema.org","@graph":[{"@type":"NewsArticle","@id":"https:\/\/www.suno.com.br\/noticias\/safra-pib-brasil-selic-risco-fiscal-pessimismo\/#article","isPartOf":{"@id":"https:\/\/www.suno.com.br\/noticias\/safra-pib-brasil-selic-risco-fiscal-pessimismo\/"},"author":{"name":"Eduardo Vargas","@id":"https:\/\/www.suno.com.br\/noticias\/#\/schema\/person\/7f4d362bf3518e76090143ae77bb49a5"},"headline":"Com Selic e risco fiscal, Safra piora proje\u00e7\u00e3o do PIB e do IPCA","datePublished":"2021-10-29T20:09:06+00:00","dateModified":"2021-10-29T20:13:31+00:00","mainEntityOfPage":{"@id":"https:\/\/www.suno.com.br\/noticias\/safra-pib-brasil-selic-risco-fiscal-pessimismo\/"},"wordCount":1006,"publisher":{"@id":"https:\/\/www.suno.com.br\/noticias\/#organization"},"image":{"@id":"https:\/\/www.suno.com.br\/noticias\/safra-pib-brasil-selic-risco-fiscal-pessimismo\/#primaryimage"},"thumbnailUrl":"https:\/\/files.sunoresearch.com.br\/n\/uploads\/2021\/09\/copomselic.png","keywords":["Banco Safra","Economia","economia brasileira","Ibovespa","infla\u00e7\u00e3o","IPCA","Ita\u00fa BBA","Produto Interno Bruto (PIB)"],"articleSection":["Economia"],"inLanguage":"pt-BR"},{"@type":"WebPage","@id":"https:\/\/www.suno.com.br\/noticias\/safra-pib-brasil-selic-risco-fiscal-pessimismo\/","url":"https:\/\/www.suno.com.br\/noticias\/safra-pib-brasil-selic-risco-fiscal-pessimismo\/","name":"Safra aumenta pessimismo e corta proje\u00e7\u00e3o do PIB de 1,1% para 0,6%","isPartOf":{"@id":"https:\/\/www.suno.com.br\/noticias\/#website"},"primaryImageOfPage":{"@id":"https:\/\/www.suno.com.br\/noticias\/safra-pib-brasil-selic-risco-fiscal-pessimismo\/#primaryimage"},"image":{"@id":"https:\/\/www.suno.com.br\/noticias\/safra-pib-brasil-selic-risco-fiscal-pessimismo\/#primaryimage"},"thumbnailUrl":"https:\/\/files.sunoresearch.com.br\/n\/uploads\/2021\/09\/copomselic.png","datePublished":"2021-10-29T20:09:06+00:00","dateModified":"2021-10-29T20:13:31+00:00","description":"Ap\u00f3s a \u00faltima reuni\u00e3o do Copom, com Selic em 7,75% ao ano, Safra v\u00ea 2022 com maiores problemas no Brasil. Clique aqui e leia mais.","breadcrumb":{"@id":"https:\/\/www.suno.com.br\/noticias\/safra-pib-brasil-selic-risco-fiscal-pessimismo\/#breadcrumb"},"inLanguage":"pt-BR","potentialAction":[{"@type":"ReadAction","target":["https:\/\/www.suno.com.br\/noticias\/safra-pib-brasil-selic-risco-fiscal-pessimismo\/"]}]},{"@type":"ImageObject","inLanguage":"pt-BR","@id":"https:\/\/www.suno.com.br\/noticias\/safra-pib-brasil-selic-risco-fiscal-pessimismo\/#primaryimage","url":"https:\/\/files.sunoresearch.com.br\/n\/uploads\/2021\/09\/copomselic.png","contentUrl":"https:\/\/files.sunoresearch.com.br\/n\/uploads\/2021\/09\/copomselic.png","width":1200,"height":800,"caption":"Safra: \"Crise h\u00eddrica tamb\u00e9m \u00e9 outro fator de risco a ser monitorado no ambiente dom\u00e9stico.\" - Foto: Marcello Casal Jr Ag\u00eancia Brasil"},{"@type":"BreadcrumbList","@id":"https:\/\/www.suno.com.br\/noticias\/safra-pib-brasil-selic-risco-fiscal-pessimismo\/#breadcrumb","itemListElement":[{"@type":"ListItem","position":1,"name":"Not\u00edcias","item":"https:\/\/www.suno.com.br\/noticias\/"},{"@type":"ListItem","position":2,"name":"Economia","item":"https:\/\/www.suno.com.br\/noticias\/economia\/"},{"@type":"ListItem","position":3,"name":"Com Selic e risco fiscal, Safra piora proje\u00e7\u00e3o do PIB e do IPCA"}]},{"@type":"WebSite","@id":"https:\/\/www.suno.com.br\/noticias\/#website","url":"https:\/\/www.suno.com.br\/noticias\/","name":"Suno Not\u00edcias","description":"Seu portal de informa\u00e7\u00e3o sobre o mundo dos investimentos","publisher":{"@id":"https:\/\/www.suno.com.br\/noticias\/#organization"},"potentialAction":[{"@type":"SearchAction","target":{"@type":"EntryPoint","urlTemplate":"https:\/\/www.suno.com.br\/noticias\/?s={search_term_string}"},"query-input":{"@type":"PropertyValueSpecification","valueRequired":true,"valueName":"search_term_string"}}],"inLanguage":"pt-BR"},{"@type":"Organization","@id":"https:\/\/www.suno.com.br\/noticias\/#organization","name":"Suno Not\u00edcias","url":"https:\/\/www.suno.com.br\/noticias\/","logo":{"@type":"ImageObject","inLanguage":"pt-BR","@id":"https:\/\/www.suno.com.br\/noticias\/#\/schema\/logo\/image\/","url":"https:\/\/files.sunoresearch.com.br\/n\/uploads\/2021\/09\/suno-logo.png","contentUrl":"https:\/\/files.sunoresearch.com.br\/n\/uploads\/2021\/09\/suno-logo.png","width":180,"height":180,"caption":"Suno Not\u00edcias"},"image":{"@id":"https:\/\/www.suno.com.br\/noticias\/#\/schema\/logo\/image\/"},"sameAs":["https:\/\/facebook.com\/sunoresearch","https:\/\/x.com\/sunoresearch","https:\/\/www.instagram.com\/suno","https:\/\/www.linkedin.com\/company\/suno-research\/","https:\/\/www.youtube.com\/c\/sunoresearch"]},{"@type":"Person","@id":"https:\/\/www.suno.com.br\/noticias\/#\/schema\/person\/7f4d362bf3518e76090143ae77bb49a5","name":"Eduardo Vargas","image":{"@type":"ImageObject","inLanguage":"pt-BR","@id":"https:\/\/www.suno.com.br\/noticias\/#\/schema\/person\/image\/","url":"https:\/\/secure.gravatar.com\/avatar\/dac340933427a22924c9f99d1eb2e3f2?s=96&r=g","contentUrl":"https:\/\/secure.gravatar.com\/avatar\/dac340933427a22924c9f99d1eb2e3f2?s=96&r=g","caption":"Eduardo Vargas"},"description":"Jornalista formado pela UFSC, cobre macroeconomia, neg\u00f3cios e startups para o Suno Not\u00edcias, escrevendo principalmente not\u00edcias sobre o mercado financeiro e a bolsa de valores. No YouTube e no Instagram, \u00e9 respons\u00e1vel pela produ\u00e7\u00e3o de Reels e Shorts do Suno Not\u00edcias. Anteriormente, trabalhou cobrindo economia e cotidiano no ND+ e para o ND, maior jornal impresso de Santa Catarina. Cursou um semestre letivo de Estudos de M\u00eddia na Universidad de Buenos Aires.","url":"https:\/\/www.suno.com.br\/noticias\/author\/eduardo-vargas\/"}]}},"default_loop_html":"<div class=\"cardsPage__listCard__boxs\"><div class=\"cardsPage__listCard__boxs__img\"><a href=\"https:\/\/www.suno.com.br\/noticias\/inflacao-2022-tendencia-ipca\/\"><img class=\"mask\" src=\"https:\/\/www.suno.com.br\/noticias\/wp-content\/themes\/suno\/resources\/images\/spotlight\/spotlight1img\/bg-mask.png\" alt=\"Image Mask\"\/><img src=\"https:\/\/files.sunoresearch.com.br\/n\/uploads\/2021\/10\/jordan-g17b673dbe_1920-400x200.jpg\" alt=\"IPCA deve recuar a partir de meados de 2022; veja as perspectivas\"\/><\/a><span class=\"spotlightCategory\"><a href=\"https:\/\/www.suno.com.br\/noticias\/economia\/\">Economia<\/a><\/span><\/div><div class=\"cardsPage__listCard__boxs__content\"><a href=\"https:\/\/www.suno.com.br\/noticias\/inflacao-2022-tendencia-ipca\/\"><h2 class=\"content__title\">IPCA deve recuar a partir de meados de 2022; veja as perspectivas<\/h2><\/a><div class=\"newsContent__article__meta\"><div class=\"newsContent__article__meta__authorBox\"><a href=\"https:\/\/www.suno.com.br\/noticias\/author\/eduardo-vargas\/\" class=\"authorBox__avatar noMobi\"><img src=\"https:\/\/secure.gravatar.com\/avatar\/dac340933427a22924c9f99d1eb2e3f2?s=96&#038;r=g\" alt=\"Eduardo Vargas\"><\/a><div class=\"authorBox__name\"><span>por\n\t\t\t<a href=\"https:\/\/www.suno.com.br\/noticias\/author\/eduardo-vargas\/\"><span itemprop=\"author\">Eduardo Vargas<\/span><\/a><\/span><time datetime=\"2021-10-26T07:17:01-03:00\" itemprop=\"datePublished\">26\/10\/2021 07:17<\/time><\/div><\/div><\/div><\/div><\/div>","single_layout":"posts","amp_enabled":true,"_links":{"self":[{"href":"https:\/\/www.suno.com.br\/noticias\/wp-json\/wp\/v2\/posts\/198998"}],"collection":[{"href":"https:\/\/www.suno.com.br\/noticias\/wp-json\/wp\/v2\/posts"}],"about":[{"href":"https:\/\/www.suno.com.br\/noticias\/wp-json\/wp\/v2\/types\/post"}],"author":[{"embeddable":true,"href":"https:\/\/www.suno.com.br\/noticias\/wp-json\/wp\/v2\/users\/73"}],"replies":[{"embeddable":true,"href":"https:\/\/www.suno.com.br\/noticias\/wp-json\/wp\/v2\/comments?post=198998"}],"version-history":[{"count":3,"href":"https:\/\/www.suno.com.br\/noticias\/wp-json\/wp\/v2\/posts\/198998\/revisions"}],"predecessor-version":[{"id":199125,"href":"https:\/\/www.suno.com.br\/noticias\/wp-json\/wp\/v2\/posts\/198998\/revisions\/199125"}],"wp:featuredmedia":[{"embeddable":true,"href":"https:\/\/www.suno.com.br\/noticias\/wp-json\/wp\/v2\/media\/186505"}],"wp:attachment":[{"href":"https:\/\/www.suno.com.br\/noticias\/wp-json\/wp\/v2\/media?parent=198998"}],"wp:term":[{"taxonomy":"category","embeddable":true,"href":"https:\/\/www.suno.com.br\/noticias\/wp-json\/wp\/v2\/categories?post=198998"},{"taxonomy":"post_tag","embeddable":true,"href":"https:\/\/www.suno.com.br\/noticias\/wp-json\/wp\/v2\/tags?post=198998"},{"taxonomy":"suno_strategy","embeddable":true,"href":"https:\/\/www.suno.com.br\/noticias\/wp-json\/wp\/v2\/suno_strategy?post=198998"}],"curies":[{"name":"wp","href":"https:\/\/api.w.org\/{rel}","templated":true}]}}