{"id":198903,"date":"2021-10-29T15:22:17","date_gmt":"2021-10-29T18:22:17","guid":{"rendered":"https:\/\/www.suno.com.br\/noticias\/?p=198903"},"modified":"2021-10-29T17:46:27","modified_gmt":"2021-10-29T20:46:27","slug":"ccr-ccro3-ecorodovias-ecor3-leilao-dutra","status":"publish","type":"post","link":"https:\/\/www.suno.com.br\/noticias\/ccr-ccro3-ecorodovias-ecor3-leilao-dutra\/","title":{"rendered":"CCR (CCRO3) vence leil\u00e3o da Dutra em disputa com EcoRodovias (ECOR3)"},"content":{"rendered":"<p>A CCR (CCRO3) foi a vencedora do leil\u00e3o da rodovia Dutra e da BR\/101 (SP\/RJ), em processo de relicita\u00e7\u00e3o que envolvia disputa com a <a class=\"suno-keyword\" href=\"https:\/\/www.suno.com.br\/acoes\/ECOR3\/\" target=\"_blank\" rel=\"noopener\" data-force=\"yes\" data-priority=\"2\">EcoRodovias (ECOR3)<\/a>, empresas da \u00e1rea de concess\u00f5es rodovi\u00e1rias no Pa\u00eds. Com isso, a CCR continua a administrar a rodovia por mais 30 anos e vai fazer investimentos de R$ 15 bilh\u00f5es.<\/p>\t<div class=\"wrapper-featured-image\">\n\t\t<figure class=\"spotlightImg\">\n\n\t\t\t<picture>\n\t\t\t\t<source media=\"(max-width: 768px)\" srcset=\"https:\/\/files.sunoresearch.com.br\/n\/uploads\/2021\/10\/b2ap3_large_2020-01-17-CCR-NovaDutra-400x200.jpg\">\n\t\t\t\t<img loading=\"lazy\" decoding=\"async\" class=\"newsContent__article__imgCapa lazyloadDisabled \" src=\"https:\/\/files.sunoresearch.com.br\/n\/uploads\/2021\/10\/b2ap3_large_2020-01-17-CCR-NovaDutra-800x450.jpg\" width=\"800\" height=\"450\" alt=\"CCR (CCRO3) vence leil\u00e3o da Dutra em disputa com EcoRodovias (ECOR3)\" fetchpriority=high \/>\n\t\t\t<\/picture>\n\n\t\t\t<figcaption class=\"wp-caption-text wp-caption-text--show\">Rodovia: leil\u00e3o - Foto: Reprodu\u00e7\u00e3o\/Associa\u00e7\u00e3o Brasileira de Concession\u00e1rias de Rodovias \/ABCR<\/figcaption>\n\t\t<\/figure>\n\t<\/div>\n\n\n\t<p>\n\t\t<a href=\"https:\/\/lp.suno.com.br\/planilha-controle-gastos\/\" target=\"_blank\" data-element=\"shortcode-suno-banner\" title=\"Banner SUNO, clique e saiba mais\">\n\t\t\t<picture>\n\t\t\t\t<source media=\"(max-width: 500px)\" srcset=\"https:\/\/files.sunoresearch.com.br\/n\/uploads\/2023\/03\/400x300-Planilha-controle-de-gastos.png\">\n\t\t\t\t<img class=\"newsContent__article__imgCapa newsContent__article__imgCapa--banner\"\n\t\t\t\t\tsrc=\"https:\/\/files.sunoresearch.com.br\/n\/uploads\/2023\/03\/1420x240-Planilha-controle-de-gastos.png\"\n\t\t\t\t\tdata-promo-id=\"101751\"\t\t\t\t\t\t\t\t\t\twidth='1420' height='240'\t\t\t\t\talt=\"https:\/\/files.sunoresearch.com.br\/n\/uploads\/2023\/03\/1420x240-Planilha-controle-de-gastos.png\"\n\t\t\t\t>\n\t\t\t<\/picture>\n\t\t<\/a>\n\t<\/p>\n\n\n<p>Com o resultado <strong>as a\u00e7\u00f5es da CCR<\/strong> ampliam ganhos no Ibovespa, \u00e0s 15h10, subindo 2,78%, para R$ 11,82.<\/p>\n<p>A CCR ganhou o leil\u00e3o depois de propor desconto de 15,31% em tarifa de ped\u00e1gio e outorga de R$ 1,8 bi. A Ecorodovias sugeriu desconto de 10,6% em cima da tarifa de ped\u00e1gio.<\/p>\n<p>A companhia, que assumiu a concess\u00e3o da Dutra em 1996, vai administrar 625,8 quil\u00f4metros da rodovia entre S\u00e3o Paulo e Rio de Janeiro por um per\u00edodo de mais 30 anos. Outros 272 quil\u00f4metros da rodovia Rio-Santos (BR 101), entre Rio e Ubatuba (SP), ficar\u00e3o tamb\u00e9m com a CCR. A empresa ser\u00e1 respons\u00e1vel por revitalizar o trecho, agora sob gest\u00e3o privada.<\/p>\n<p><a href=\"https:\/\/www.suno.com.br\/artigos\/mercado-de-capitais\">O mercado n\u00e3o esperava a vinda de novos investidores<\/a>, mas contava com a participa\u00e7\u00e3o daqueles que j\u00e1 estavam aqui, como <strong>Arteris<\/strong> e a gestora <strong>P\u00e1tria<\/strong>.\u00a0Especialistas avaliam que n\u00e3o houve um esfor\u00e7o muito grande por parte do governo para atrair novos investidores para essa disputa entre a CCR e a <strong>EcoRodovias<\/strong>, como a realiza\u00e7\u00e3o de mais road shows (apresenta\u00e7\u00e3o do projeto a investidores internacionais).<\/p>\n<p>Al\u00e9m disso, <a href=\"https:\/\/www.suno.com.br\/artigos\/pregao-eletronico\/\">o tempo de 60 dias para se preparar para o <strong>leil\u00e3o<\/strong> foi considerado curto<\/a>.<\/p>\n\t<div data-element=\"shortcode-read-more\" class=\"knowMore\">\n\t\t\t\t<span class=\"knowMore__title\">Leia mais<\/span>\n\t\t\t\t<a class=\"knowMore__link\" href=\"https:\/\/www.suno.com.br\/noticias\/ccr-ccro3-leilao-dutra-movimentara-grandes-operadores-rodoviarios\/\">\n\t\t\tCCR (CCRO3): leil\u00e3o da Dutra ser\u00e1 o maior da hist\u00f3ria, diz ministro\t\t<\/a>\n\t<\/div>\n\n\n<p>&#8220;Um investidor internacional, como fundos que ainda n\u00e3o est\u00e3o aqui, precisa de mais tempo para avaliar todos os detalhes do projeto. S\u00e3o muitas novidades inclu\u00eddas no processo&#8221;, diz o s\u00f3cio da consultoria Vallya Jo\u00e3o Pedro Cortez.<\/p>\n<p>Respons\u00e1vel pela movimenta\u00e7\u00e3o de quase metade do <a class=\"suno-keyword\" href=\"https:\/\/www.suno.com.br\/artigos\/pib-produto-interno-bruto\/\" target=\"_blank\" rel=\"noopener\" data-force=\"no\" data-priority=\"2\">Produto Interno Bruto (PIB)<\/a> nacional, a <strong>Dutra<\/strong> \u00e9 considerada a &#8220;joia da coroa&#8221; nas concess\u00f5es rodovi\u00e1rias pelo tr\u00e1fego e por ligar duas das regi\u00f5es mais ricas do Brasil. Al\u00e9m disso, corta o importante polo industrial do Vale do Para\u00edba.<\/p>\n<p>Com uma nova modelagem, o <strong>governo<\/strong> quer transformar a estrada num modelo para as demais concess\u00f5es. A rodovia ser\u00e1 pioneira na implementa\u00e7\u00e3o de inova\u00e7\u00f5es como o free flow (sistema de cobran\u00e7a sem pra\u00e7a de ped\u00e1gio), <a class=\"suno-keyword\" href=\"https:\/\/www.suno.com.br\/artigos\/programa-de-fidelidade\/\" target=\"_blank\" rel=\"noopener\" data-force=\"no\" data-priority=\"1\">programa de fidelidade<\/a> para quem mais usar a estrada e Wi-Fi em toda a sua extens\u00e3o. O desafio ser\u00e1 fazer tudo isso e reduzir em 20% a tarifa de ped\u00e1gio.<\/p>\n<p>Respons\u00e1vel pela movimenta\u00e7\u00e3o de quase metade do Produto Interno Bruto (PIB) nacional, a Dutra \u00e9 uma das melhores concess\u00f5es do Pa\u00eds por causa do tr\u00e1fego e por ligar duas das regi\u00f5es mais ricas do Brasil. Al\u00e9m disso, corta o importante polo industrial do Vale do Para\u00edba.<\/p>\n<p>A rodovia deve servir de modelo para outras concess\u00f5es que devem vir pela frente.\u00a0O desafio ser\u00e1 fazer tudo isso e reduzir em 20% a tarifa de ped\u00e1gio.<\/p>\n\t<p>\n\t\t<a href=\"https:\/\/lp.suno.com.br\/planilha-da-vida-financeira\/\" target=\"_blank\" data-element=\"shortcode-suno-banner\" title=\"Banner SUNO, clique e saiba mais\">\n\t\t\t<picture>\n\t\t\t\t<source media=\"(max-width: 500px)\" srcset=\"https:\/\/files.sunoresearch.com.br\/n\/uploads\/2023\/04\/400x300-Planilha-vida-financeira-true.png\">\n\t\t\t\t<img class=\"newsContent__article__imgCapa newsContent__article__imgCapa--banner\"\n\t\t\t\t\tsrc=\"https:\/\/files.sunoresearch.com.br\/n\/uploads\/2023\/04\/1420x240-Planilha-vida-financeira-true.png\"\n\t\t\t\t\tdata-promo-id=\"106682\"\t\t\t\t\t\t\t\t\t\twidth='1420' height='240'\t\t\t\t\talt=\"https:\/\/files.sunoresearch.com.br\/n\/uploads\/2023\/04\/1420x240-Planilha-vida-financeira-true.png\"\n\t\t\t\t>\n\t\t\t<\/picture>\n\t\t<\/a>\n\t<\/p>\n\n\n<h2>CCR administra a Dutra atualmente<\/h2>\n<p>Atualmente, a <strong>rodovia<\/strong> \u00e9 administrada pelo grupo CCR, que assumiu a\u00a0<a href=\"https:\/\/www.suno.com.br\/artigos\/privatizacao\/\"><strong>concess\u00e3o<\/strong> em mar\u00e7o de 1996<\/a>. Na \u00e9poca, a Dutra estava sucateada pela falta de investimentos, e o n\u00famero de mortos em acidentes era da ordem de 500 pessoas por ano.<\/p>\n<p>Nestes 25 anos, a rodovia teve muitos avan\u00e7os na infraestrutura, com in\u00fameras obras. Mas, aos poucos, come\u00e7ou a enfrentar o estrangulamento das vias, sobretudo nas regi\u00f5es metropolitanas.<\/p>\n\t<p>\n\t\t<a href=\"https:\/\/lp.suno.com.br\/ebook-como-analisar-uma-acao\/\" target=\"_blank\" data-element=\"shortcode-suno-banner\" title=\"Banner SUNO, clique e saiba mais\">\n\t\t\t<picture>\n\t\t\t\t<source media=\"(max-width: 500px)\" srcset=\"https:\/\/files.sunoresearch.com.br\/n\/uploads\/2023\/03\/Ebook-Acoes-Mobile-1.jpg\">\n\t\t\t\t<img class=\"newsContent__article__imgCapa newsContent__article__imgCapa--banner\"\n\t\t\t\t\tsrc=\"https:\/\/files.sunoresearch.com.br\/n\/uploads\/2023\/03\/Ebook-Acoes-Desktop-1.jpg\"\n\t\t\t\t\tdata-promo-id=\"171998\"\t\t\t\t\t\t\t\t\t\twidth='1420' height='286'\t\t\t\t\talt=\"https:\/\/files.sunoresearch.com.br\/n\/uploads\/2023\/03\/Ebook-Acoes-Desktop-1.jpg\"\n\t\t\t\t>\n\t\t\t<\/picture>\n\t\t<\/a>\n\t<\/p>\n\n\n<p>Seja em S\u00e3o Paulo, seja no Rio de Janeiro, a Dutra virou quase uma avenida, <a href=\"https:\/\/www.suno.com.br\/artigos\/demanda-agregada\/\">com intenso <strong>tr\u00e1fego<\/strong> durante todo o dia na chegada \u00e0s cidades<\/a>.<\/p>\n<p>O vencedor do leil\u00e3o de hoje vai investir R$ 15 bilh\u00f5es. Pelas regras do edital de licita\u00e7\u00e3o, o leil\u00e3o foi h\u00edbrido. A disputa foi pela menor tarifa de ped\u00e1gio, mas com limite de 15% no des\u00e1gio.<\/p>\n<p>Na disputa que envolve a <strong>CCR<\/strong>, se mais de um concorrente chegasse a esse patamar de desconto, o leil\u00e3o iria para ofertas de outorgas, sem limite.<\/p>\n<p><em>Com informa\u00e7\u00f5es\u00a0do Estad\u00e3o Conte\u00fado<\/em><\/p>\n\t<p>\n\t\t<a href=\"https:\/\/lp.suno.com.br\/planilha-de-controle-de-investimentos\/\" target=\"_blank\" data-element=\"shortcode-suno-banner\" title=\"Banner SUNO, clique e saiba mais\">\n\t\t\t<picture>\n\t\t\t\t<source media=\"(max-width: 500px)\" srcset=\"https:\/\/files.sunoresearch.com.br\/n\/uploads\/2023\/03\/400x300-Controle-de-Investimentos.png\">\n\t\t\t\t<img class=\"newsContent__article__imgCapa newsContent__article__imgCapa--banner\"\n\t\t\t\t\tsrc=\"https:\/\/files.sunoresearch.com.br\/n\/uploads\/2023\/03\/1420x240-Controle-de-Investimentos.png\"\n\t\t\t\t\tdata-promo-id=\"75934\"\t\t\t\t\t\t\t\t\t\twidth='1420' height='240'\t\t\t\t\talt=\"https:\/\/files.sunoresearch.com.br\/n\/uploads\/2023\/03\/1420x240-Controle-de-Investimentos.png\"\n\t\t\t\t>\n\t\t\t<\/picture>\n\t\t<\/a>\n\t<\/p>\n\n\n","protected":false},"excerpt":{"rendered":"<p>A CCR (CCRO3) foi a vencedora do leil\u00e3o da rodovia Dutra e da BR\/101 (SP\/RJ), em processo de relicita\u00e7\u00e3o que envolvia disputa com a EcoRodovias (ECOR3), empresas da \u00e1rea de concess\u00f5es rodovi\u00e1rias no Pa\u00eds. Com isso, a CCR continua a administrar a rodovia por mais 30 anos e vai fazer investimentos de R$ 15 bilh\u00f5es. [&hellip;]<\/p>\n","protected":false},"author":73,"featured_media":199066,"comment_status":"closed","ping_status":"closed","sticky":false,"template":"","format":"standard","meta":[],"categories":[64],"tags":[106444,407,452],"suno_strategy":[],"class_list":["post-198903","post","type-post","status-publish","format-standard","has-post-thumbnail","hentry","category-negocios","tag-agencias","tag-ccr-ccro3","tag-ecorodovias-ecor3"],"yoast_head":"<!-- This site is optimized with the Yoast SEO plugin v24.4 - https:\/\/yoast.com\/wordpress\/plugins\/seo\/ -->\n<title>CCR (CCRO3) vence EcoRodovias (ECOR3) em leil\u00e3o da Dutra<\/title>\n<meta name=\"description\" content=\"Especialistas avaliam que n\u00e3o houve um esfor\u00e7o do governo para atrair novos investidores disputa entre a CCR e EcoRodovias. Leia mais.\" \/>\n<meta name=\"robots\" content=\"index, follow, max-snippet:-1, max-image-preview:large, max-video-preview:-1\" \/>\n<link rel=\"canonical\" href=\"https:\/\/www.suno.com.br\/noticias\/ccr-ccro3-ecorodovias-ecor3-leilao-dutra\/\" \/>\n<meta property=\"og:locale\" content=\"pt_BR\" \/>\n<meta property=\"og:type\" content=\"article\" \/>\n<meta property=\"og:title\" content=\"CCR (CCRO3) vence EcoRodovias (ECOR3) em leil\u00e3o da Dutra\" \/>\n<meta property=\"og:description\" content=\"Especialistas avaliam que n\u00e3o houve um esfor\u00e7o do governo para atrair novos investidores disputa entre a CCR e EcoRodovias. Leia mais.\" \/>\n<meta property=\"og:url\" content=\"https:\/\/www.suno.com.br\/noticias\/ccr-ccro3-ecorodovias-ecor3-leilao-dutra\/\" \/>\n<meta property=\"og:site_name\" content=\"Suno Not\u00edcias\" \/>\n<meta property=\"article:publisher\" content=\"https:\/\/facebook.com\/sunoresearch\" \/>\n<meta property=\"og:image\" content=\"https:\/\/files.sunoresearch.com.br\/n\/uploads\/2021\/10\/b2ap3_large_2020-01-17-CCR-NovaDutra.jpg\" \/>\n\t<meta property=\"og:image:width\" content=\"1280\" \/>\n\t<meta property=\"og:image:height\" content=\"940\" \/>\n\t<meta property=\"og:image:type\" content=\"image\/jpeg\" \/>\n<meta name=\"author\" content=\"Eduardo Vargas\" \/>\n<meta name=\"twitter:card\" content=\"summary_large_image\" \/>\n<meta name=\"twitter:creator\" content=\"@sunoresearch\" \/>\n<meta name=\"twitter:site\" content=\"@sunoresearch\" \/>\n<meta name=\"twitter:label1\" content=\"Escrito por\" \/>\n\t<meta name=\"twitter:data1\" content=\"Eduardo Vargas\" \/>\n\t<meta name=\"twitter:label2\" content=\"Est. tempo de leitura\" \/>\n\t<meta name=\"twitter:data2\" content=\"3 minutos\" \/>\n<script type=\"application\/ld+json\" class=\"yoast-schema-graph\">{\"@context\":\"https:\/\/schema.org\",\"@graph\":[{\"@type\":\"NewsArticle\",\"@id\":\"https:\/\/www.suno.com.br\/noticias\/ccr-ccro3-ecorodovias-ecor3-leilao-dutra\/#article\",\"isPartOf\":{\"@id\":\"https:\/\/www.suno.com.br\/noticias\/ccr-ccro3-ecorodovias-ecor3-leilao-dutra\/\"},\"author\":{\"name\":\"Eduardo Vargas\",\"@id\":\"https:\/\/www.suno.com.br\/noticias\/#\/schema\/person\/7f4d362bf3518e76090143ae77bb49a5\"},\"headline\":\"CCR (CCRO3) vence leil\u00e3o da Dutra em disputa com EcoRodovias (ECOR3)\",\"datePublished\":\"2021-10-29T18:22:17+00:00\",\"dateModified\":\"2021-10-29T20:46:27+00:00\",\"mainEntityOfPage\":{\"@id\":\"https:\/\/www.suno.com.br\/noticias\/ccr-ccro3-ecorodovias-ecor3-leilao-dutra\/\"},\"wordCount\":722,\"publisher\":{\"@id\":\"https:\/\/www.suno.com.br\/noticias\/#organization\"},\"image\":{\"@id\":\"https:\/\/www.suno.com.br\/noticias\/ccr-ccro3-ecorodovias-ecor3-leilao-dutra\/#primaryimage\"},\"thumbnailUrl\":\"https:\/\/files.sunoresearch.com.br\/n\/uploads\/2021\/10\/b2ap3_large_2020-01-17-CCR-NovaDutra.jpg\",\"keywords\":[\"Ag\u00eancias\",\"CCR (CCRO3)\",\"Ecorodovias (ECOR3)\"],\"articleSection\":[\"Neg\u00f3cios\"],\"inLanguage\":\"pt-BR\"},{\"@type\":\"WebPage\",\"@id\":\"https:\/\/www.suno.com.br\/noticias\/ccr-ccro3-ecorodovias-ecor3-leilao-dutra\/\",\"url\":\"https:\/\/www.suno.com.br\/noticias\/ccr-ccro3-ecorodovias-ecor3-leilao-dutra\/\",\"name\":\"CCR (CCRO3) vence EcoRodovias (ECOR3) em leil\u00e3o da Dutra\",\"isPartOf\":{\"@id\":\"https:\/\/www.suno.com.br\/noticias\/#website\"},\"primaryImageOfPage\":{\"@id\":\"https:\/\/www.suno.com.br\/noticias\/ccr-ccro3-ecorodovias-ecor3-leilao-dutra\/#primaryimage\"},\"image\":{\"@id\":\"https:\/\/www.suno.com.br\/noticias\/ccr-ccro3-ecorodovias-ecor3-leilao-dutra\/#primaryimage\"},\"thumbnailUrl\":\"https:\/\/files.sunoresearch.com.br\/n\/uploads\/2021\/10\/b2ap3_large_2020-01-17-CCR-NovaDutra.jpg\",\"datePublished\":\"2021-10-29T18:22:17+00:00\",\"dateModified\":\"2021-10-29T20:46:27+00:00\",\"description\":\"Especialistas avaliam que n\u00e3o houve um esfor\u00e7o do governo para atrair novos investidores disputa entre a CCR e EcoRodovias. Leia mais.\",\"breadcrumb\":{\"@id\":\"https:\/\/www.suno.com.br\/noticias\/ccr-ccro3-ecorodovias-ecor3-leilao-dutra\/#breadcrumb\"},\"inLanguage\":\"pt-BR\",\"potentialAction\":[{\"@type\":\"ReadAction\",\"target\":[\"https:\/\/www.suno.com.br\/noticias\/ccr-ccro3-ecorodovias-ecor3-leilao-dutra\/\"]}]},{\"@type\":\"ImageObject\",\"inLanguage\":\"pt-BR\",\"@id\":\"https:\/\/www.suno.com.br\/noticias\/ccr-ccro3-ecorodovias-ecor3-leilao-dutra\/#primaryimage\",\"url\":\"https:\/\/files.sunoresearch.com.br\/n\/uploads\/2021\/10\/b2ap3_large_2020-01-17-CCR-NovaDutra.jpg\",\"contentUrl\":\"https:\/\/files.sunoresearch.com.br\/n\/uploads\/2021\/10\/b2ap3_large_2020-01-17-CCR-NovaDutra.jpg\",\"width\":1280,\"height\":940,\"caption\":\"Rodovia: leil\u00e3o - Foto: Reprodu\u00e7\u00e3o\/Associa\u00e7\u00e3o Brasileira de Concession\u00e1rias de Rodovias \/ABCR\"},{\"@type\":\"BreadcrumbList\",\"@id\":\"https:\/\/www.suno.com.br\/noticias\/ccr-ccro3-ecorodovias-ecor3-leilao-dutra\/#breadcrumb\",\"itemListElement\":[{\"@type\":\"ListItem\",\"position\":1,\"name\":\"Not\u00edcias\",\"item\":\"https:\/\/www.suno.com.br\/noticias\/\"},{\"@type\":\"ListItem\",\"position\":2,\"name\":\"Neg\u00f3cios\",\"item\":\"https:\/\/www.suno.com.br\/noticias\/negocios\/\"},{\"@type\":\"ListItem\",\"position\":3,\"name\":\"CCR (CCRO3) vence leil\u00e3o da Dutra em disputa com EcoRodovias (ECOR3)\"}]},{\"@type\":\"WebSite\",\"@id\":\"https:\/\/www.suno.com.br\/noticias\/#website\",\"url\":\"https:\/\/www.suno.com.br\/noticias\/\",\"name\":\"Suno Not\u00edcias\",\"description\":\"Seu portal de informa\u00e7\u00e3o sobre o mundo dos investimentos\",\"publisher\":{\"@id\":\"https:\/\/www.suno.com.br\/noticias\/#organization\"},\"potentialAction\":[{\"@type\":\"SearchAction\",\"target\":{\"@type\":\"EntryPoint\",\"urlTemplate\":\"https:\/\/www.suno.com.br\/noticias\/?s={search_term_string}\"},\"query-input\":{\"@type\":\"PropertyValueSpecification\",\"valueRequired\":true,\"valueName\":\"search_term_string\"}}],\"inLanguage\":\"pt-BR\"},{\"@type\":\"Organization\",\"@id\":\"https:\/\/www.suno.com.br\/noticias\/#organization\",\"name\":\"Suno Not\u00edcias\",\"url\":\"https:\/\/www.suno.com.br\/noticias\/\",\"logo\":{\"@type\":\"ImageObject\",\"inLanguage\":\"pt-BR\",\"@id\":\"https:\/\/www.suno.com.br\/noticias\/#\/schema\/logo\/image\/\",\"url\":\"https:\/\/files.sunoresearch.com.br\/n\/uploads\/2021\/09\/suno-logo.png\",\"contentUrl\":\"https:\/\/files.sunoresearch.com.br\/n\/uploads\/2021\/09\/suno-logo.png\",\"width\":180,\"height\":180,\"caption\":\"Suno Not\u00edcias\"},\"image\":{\"@id\":\"https:\/\/www.suno.com.br\/noticias\/#\/schema\/logo\/image\/\"},\"sameAs\":[\"https:\/\/facebook.com\/sunoresearch\",\"https:\/\/x.com\/sunoresearch\",\"https:\/\/www.instagram.com\/suno\",\"https:\/\/www.linkedin.com\/company\/suno-research\/\",\"https:\/\/www.youtube.com\/c\/sunoresearch\"]},{\"@type\":\"Person\",\"@id\":\"https:\/\/www.suno.com.br\/noticias\/#\/schema\/person\/7f4d362bf3518e76090143ae77bb49a5\",\"name\":\"Eduardo Vargas\",\"image\":{\"@type\":\"ImageObject\",\"inLanguage\":\"pt-BR\",\"@id\":\"https:\/\/www.suno.com.br\/noticias\/#\/schema\/person\/image\/\",\"url\":\"https:\/\/secure.gravatar.com\/avatar\/dac340933427a22924c9f99d1eb2e3f2?s=96&r=g\",\"contentUrl\":\"https:\/\/secure.gravatar.com\/avatar\/dac340933427a22924c9f99d1eb2e3f2?s=96&r=g\",\"caption\":\"Eduardo Vargas\"},\"description\":\"Jornalista formado pela UFSC, cobre macroeconomia, neg\u00f3cios e startups para o Suno Not\u00edcias, escrevendo principalmente not\u00edcias sobre o mercado financeiro e a bolsa de valores. No YouTube e no Instagram, \u00e9 respons\u00e1vel pela produ\u00e7\u00e3o de Reels e Shorts do Suno Not\u00edcias. Anteriormente, trabalhou cobrindo economia e cotidiano no ND+ e para o ND, maior jornal impresso de Santa Catarina. Cursou um semestre letivo de Estudos de M\u00eddia na Universidad de Buenos Aires.\",\"url\":\"https:\/\/www.suno.com.br\/noticias\/author\/eduardo-vargas\/\"}]}<\/script>\n<!-- \/ Yoast SEO plugin. -->","yoast_head_json":{"title":"CCR (CCRO3) vence EcoRodovias (ECOR3) em leil\u00e3o da Dutra","description":"Especialistas avaliam que n\u00e3o houve um esfor\u00e7o do governo para atrair novos investidores disputa entre a CCR e EcoRodovias. Leia mais.","robots":{"index":"index","follow":"follow","max-snippet":"max-snippet:-1","max-image-preview":"max-image-preview:large","max-video-preview":"max-video-preview:-1"},"canonical":"https:\/\/www.suno.com.br\/noticias\/ccr-ccro3-ecorodovias-ecor3-leilao-dutra\/","og_locale":"pt_BR","og_type":"article","og_title":"CCR (CCRO3) vence EcoRodovias (ECOR3) em leil\u00e3o da Dutra","og_description":"Especialistas avaliam que n\u00e3o houve um esfor\u00e7o do governo para atrair novos investidores disputa entre a CCR e EcoRodovias. Leia mais.","og_url":"https:\/\/www.suno.com.br\/noticias\/ccr-ccro3-ecorodovias-ecor3-leilao-dutra\/","og_site_name":"Suno Not\u00edcias","article_publisher":"https:\/\/facebook.com\/sunoresearch","og_image":[{"width":1280,"height":940,"url":"https:\/\/files.sunoresearch.com.br\/n\/uploads\/2021\/10\/b2ap3_large_2020-01-17-CCR-NovaDutra.jpg","type":"image\/jpeg"}],"author":"Eduardo Vargas","twitter_card":"summary_large_image","twitter_creator":"@sunoresearch","twitter_site":"@sunoresearch","twitter_misc":{"Escrito por":"Eduardo Vargas","Est. tempo de leitura":"3 minutos"},"schema":{"@context":"https:\/\/schema.org","@graph":[{"@type":"NewsArticle","@id":"https:\/\/www.suno.com.br\/noticias\/ccr-ccro3-ecorodovias-ecor3-leilao-dutra\/#article","isPartOf":{"@id":"https:\/\/www.suno.com.br\/noticias\/ccr-ccro3-ecorodovias-ecor3-leilao-dutra\/"},"author":{"name":"Eduardo Vargas","@id":"https:\/\/www.suno.com.br\/noticias\/#\/schema\/person\/7f4d362bf3518e76090143ae77bb49a5"},"headline":"CCR (CCRO3) vence leil\u00e3o da Dutra em disputa com EcoRodovias (ECOR3)","datePublished":"2021-10-29T18:22:17+00:00","dateModified":"2021-10-29T20:46:27+00:00","mainEntityOfPage":{"@id":"https:\/\/www.suno.com.br\/noticias\/ccr-ccro3-ecorodovias-ecor3-leilao-dutra\/"},"wordCount":722,"publisher":{"@id":"https:\/\/www.suno.com.br\/noticias\/#organization"},"image":{"@id":"https:\/\/www.suno.com.br\/noticias\/ccr-ccro3-ecorodovias-ecor3-leilao-dutra\/#primaryimage"},"thumbnailUrl":"https:\/\/files.sunoresearch.com.br\/n\/uploads\/2021\/10\/b2ap3_large_2020-01-17-CCR-NovaDutra.jpg","keywords":["Ag\u00eancias","CCR (CCRO3)","Ecorodovias (ECOR3)"],"articleSection":["Neg\u00f3cios"],"inLanguage":"pt-BR"},{"@type":"WebPage","@id":"https:\/\/www.suno.com.br\/noticias\/ccr-ccro3-ecorodovias-ecor3-leilao-dutra\/","url":"https:\/\/www.suno.com.br\/noticias\/ccr-ccro3-ecorodovias-ecor3-leilao-dutra\/","name":"CCR (CCRO3) vence EcoRodovias (ECOR3) em leil\u00e3o da Dutra","isPartOf":{"@id":"https:\/\/www.suno.com.br\/noticias\/#website"},"primaryImageOfPage":{"@id":"https:\/\/www.suno.com.br\/noticias\/ccr-ccro3-ecorodovias-ecor3-leilao-dutra\/#primaryimage"},"image":{"@id":"https:\/\/www.suno.com.br\/noticias\/ccr-ccro3-ecorodovias-ecor3-leilao-dutra\/#primaryimage"},"thumbnailUrl":"https:\/\/files.sunoresearch.com.br\/n\/uploads\/2021\/10\/b2ap3_large_2020-01-17-CCR-NovaDutra.jpg","datePublished":"2021-10-29T18:22:17+00:00","dateModified":"2021-10-29T20:46:27+00:00","description":"Especialistas avaliam que n\u00e3o houve um esfor\u00e7o do governo para atrair novos investidores disputa entre a CCR e EcoRodovias. Leia mais.","breadcrumb":{"@id":"https:\/\/www.suno.com.br\/noticias\/ccr-ccro3-ecorodovias-ecor3-leilao-dutra\/#breadcrumb"},"inLanguage":"pt-BR","potentialAction":[{"@type":"ReadAction","target":["https:\/\/www.suno.com.br\/noticias\/ccr-ccro3-ecorodovias-ecor3-leilao-dutra\/"]}]},{"@type":"ImageObject","inLanguage":"pt-BR","@id":"https:\/\/www.suno.com.br\/noticias\/ccr-ccro3-ecorodovias-ecor3-leilao-dutra\/#primaryimage","url":"https:\/\/files.sunoresearch.com.br\/n\/uploads\/2021\/10\/b2ap3_large_2020-01-17-CCR-NovaDutra.jpg","contentUrl":"https:\/\/files.sunoresearch.com.br\/n\/uploads\/2021\/10\/b2ap3_large_2020-01-17-CCR-NovaDutra.jpg","width":1280,"height":940,"caption":"Rodovia: leil\u00e3o - Foto: Reprodu\u00e7\u00e3o\/Associa\u00e7\u00e3o Brasileira de Concession\u00e1rias de Rodovias \/ABCR"},{"@type":"BreadcrumbList","@id":"https:\/\/www.suno.com.br\/noticias\/ccr-ccro3-ecorodovias-ecor3-leilao-dutra\/#breadcrumb","itemListElement":[{"@type":"ListItem","position":1,"name":"Not\u00edcias","item":"https:\/\/www.suno.com.br\/noticias\/"},{"@type":"ListItem","position":2,"name":"Neg\u00f3cios","item":"https:\/\/www.suno.com.br\/noticias\/negocios\/"},{"@type":"ListItem","position":3,"name":"CCR (CCRO3) vence leil\u00e3o da Dutra em disputa com EcoRodovias (ECOR3)"}]},{"@type":"WebSite","@id":"https:\/\/www.suno.com.br\/noticias\/#website","url":"https:\/\/www.suno.com.br\/noticias\/","name":"Suno Not\u00edcias","description":"Seu portal de informa\u00e7\u00e3o sobre o mundo dos investimentos","publisher":{"@id":"https:\/\/www.suno.com.br\/noticias\/#organization"},"potentialAction":[{"@type":"SearchAction","target":{"@type":"EntryPoint","urlTemplate":"https:\/\/www.suno.com.br\/noticias\/?s={search_term_string}"},"query-input":{"@type":"PropertyValueSpecification","valueRequired":true,"valueName":"search_term_string"}}],"inLanguage":"pt-BR"},{"@type":"Organization","@id":"https:\/\/www.suno.com.br\/noticias\/#organization","name":"Suno Not\u00edcias","url":"https:\/\/www.suno.com.br\/noticias\/","logo":{"@type":"ImageObject","inLanguage":"pt-BR","@id":"https:\/\/www.suno.com.br\/noticias\/#\/schema\/logo\/image\/","url":"https:\/\/files.sunoresearch.com.br\/n\/uploads\/2021\/09\/suno-logo.png","contentUrl":"https:\/\/files.sunoresearch.com.br\/n\/uploads\/2021\/09\/suno-logo.png","width":180,"height":180,"caption":"Suno Not\u00edcias"},"image":{"@id":"https:\/\/www.suno.com.br\/noticias\/#\/schema\/logo\/image\/"},"sameAs":["https:\/\/facebook.com\/sunoresearch","https:\/\/x.com\/sunoresearch","https:\/\/www.instagram.com\/suno","https:\/\/www.linkedin.com\/company\/suno-research\/","https:\/\/www.youtube.com\/c\/sunoresearch"]},{"@type":"Person","@id":"https:\/\/www.suno.com.br\/noticias\/#\/schema\/person\/7f4d362bf3518e76090143ae77bb49a5","name":"Eduardo Vargas","image":{"@type":"ImageObject","inLanguage":"pt-BR","@id":"https:\/\/www.suno.com.br\/noticias\/#\/schema\/person\/image\/","url":"https:\/\/secure.gravatar.com\/avatar\/dac340933427a22924c9f99d1eb2e3f2?s=96&r=g","contentUrl":"https:\/\/secure.gravatar.com\/avatar\/dac340933427a22924c9f99d1eb2e3f2?s=96&r=g","caption":"Eduardo Vargas"},"description":"Jornalista formado pela UFSC, cobre macroeconomia, neg\u00f3cios e startups para o Suno Not\u00edcias, escrevendo principalmente not\u00edcias sobre o mercado financeiro e a bolsa de valores. No YouTube e no Instagram, \u00e9 respons\u00e1vel pela produ\u00e7\u00e3o de Reels e Shorts do Suno Not\u00edcias. Anteriormente, trabalhou cobrindo economia e cotidiano no ND+ e para o ND, maior jornal impresso de Santa Catarina. Cursou um semestre letivo de Estudos de M\u00eddia na Universidad de Buenos Aires.","url":"https:\/\/www.suno.com.br\/noticias\/author\/eduardo-vargas\/"}]}},"default_loop_html":"<div class=\"cardsPage__listCard__boxs\"><div class=\"cardsPage__listCard__boxs__img\"><a href=\"https:\/\/www.suno.com.br\/noticias\/ccr-ccro3-ecorodovias-ecor3-leilao-dutra\/\"><img class=\"mask\" src=\"https:\/\/www.suno.com.br\/noticias\/wp-content\/themes\/suno\/resources\/images\/spotlight\/spotlight1img\/bg-mask.png\" alt=\"Image Mask\"\/><img src=\"https:\/\/files.sunoresearch.com.br\/n\/uploads\/2021\/10\/b2ap3_large_2020-01-17-CCR-NovaDutra-400x200.jpg\" alt=\"CCR (CCRO3) vence leil\u00e3o da Dutra em disputa com EcoRodovias (ECOR3)\"\/><\/a><span class=\"spotlightCategory\"><a href=\"https:\/\/www.suno.com.br\/noticias\/negocios\/\">Neg\u00f3cios<\/a><\/span><\/div><div class=\"cardsPage__listCard__boxs__content\"><a href=\"https:\/\/www.suno.com.br\/noticias\/ccr-ccro3-ecorodovias-ecor3-leilao-dutra\/\"><h2 class=\"content__title\">CCR (CCRO3) vence leil\u00e3o da Dutra em disputa com EcoRodovias (ECOR3)<\/h2><\/a><div class=\"newsContent__article__meta\"><div class=\"newsContent__article__meta__authorBox\"><a href=\"https:\/\/www.suno.com.br\/noticias\/author\/eduardo-vargas\/\" class=\"authorBox__avatar noMobi\"><img src=\"https:\/\/secure.gravatar.com\/avatar\/dac340933427a22924c9f99d1eb2e3f2?s=96&#038;r=g\" alt=\"Eduardo Vargas\"><\/a><div class=\"authorBox__name\"><span>por\n\t\t\t<a href=\"https:\/\/www.suno.com.br\/noticias\/author\/eduardo-vargas\/\"><span itemprop=\"author\">Eduardo Vargas<\/span><\/a><\/span><time datetime=\"2021-10-29T15:22:17-03:00\" itemprop=\"datePublished\">29\/10\/2021 15:22<\/time><\/div><\/div><\/div><\/div><\/div>","single_layout":"posts","amp_enabled":true,"_links":{"self":[{"href":"https:\/\/www.suno.com.br\/noticias\/wp-json\/wp\/v2\/posts\/198903"}],"collection":[{"href":"https:\/\/www.suno.com.br\/noticias\/wp-json\/wp\/v2\/posts"}],"about":[{"href":"https:\/\/www.suno.com.br\/noticias\/wp-json\/wp\/v2\/types\/post"}],"author":[{"embeddable":true,"href":"https:\/\/www.suno.com.br\/noticias\/wp-json\/wp\/v2\/users\/73"}],"replies":[{"embeddable":true,"href":"https:\/\/www.suno.com.br\/noticias\/wp-json\/wp\/v2\/comments?post=198903"}],"version-history":[{"count":4,"href":"https:\/\/www.suno.com.br\/noticias\/wp-json\/wp\/v2\/posts\/198903\/revisions"}],"predecessor-version":[{"id":199194,"href":"https:\/\/www.suno.com.br\/noticias\/wp-json\/wp\/v2\/posts\/198903\/revisions\/199194"}],"wp:featuredmedia":[{"embeddable":true,"href":"https:\/\/www.suno.com.br\/noticias\/wp-json\/wp\/v2\/media\/199066"}],"wp:attachment":[{"href":"https:\/\/www.suno.com.br\/noticias\/wp-json\/wp\/v2\/media?parent=198903"}],"wp:term":[{"taxonomy":"category","embeddable":true,"href":"https:\/\/www.suno.com.br\/noticias\/wp-json\/wp\/v2\/categories?post=198903"},{"taxonomy":"post_tag","embeddable":true,"href":"https:\/\/www.suno.com.br\/noticias\/wp-json\/wp\/v2\/tags?post=198903"},{"taxonomy":"suno_strategy","embeddable":true,"href":"https:\/\/www.suno.com.br\/noticias\/wp-json\/wp\/v2\/suno_strategy?post=198903"}],"curies":[{"name":"wp","href":"https:\/\/api.w.org\/{rel}","templated":true}]}}