{"id":198875,"date":"2021-10-29T09:48:48","date_gmt":"2021-10-29T12:48:48","guid":{"rendered":"https:\/\/www.suno.com.br\/noticias\/?p=198875"},"modified":"2021-10-29T09:48:48","modified_gmt":"2021-10-29T12:48:48","slug":"grendene-grnd3-dividendos-adianta-resultado-3t21-acionistas","status":"publish","type":"post","link":"https:\/\/www.suno.com.br\/noticias\/grendene-grnd3-dividendos-adianta-resultado-3t21-acionistas\/","title":{"rendered":"Grendene adianta dividendos e pagar\u00e1 R$ 134 milh\u00f5es aos acionistas"},"content":{"rendered":"<p>A <strong>Grendene<\/strong> (GRND3) adiantou o pagamento de <a class=\"suno-keyword\" href=\"https:\/\/www.suno.com.br\/guias\/dividendos\/\" target=\"_blank\" rel=\"noopener\" data-force=\"no\" data-priority=\"1\">dividendos<\/a> ap\u00f3s a publica\u00e7\u00e3o do seu <a class=\"suno-keyword\" href=\"https:\/\/www.suno.com.br\/artigos\/resultado-financeiro\/\" target=\"_blank\" rel=\"noopener\" data-force=\"no\" data-priority=\"1\">resultado financeiro<\/a>. Nesta quinta-feira (28), a companhia comunicou ao mercado que pagar\u00e1 R$ 134,7 milh\u00f5es em dividendos para quem detiver a\u00e7\u00f5es da companhia no fechamento do dia 5 de novembro &#8211;\u00a0 pr\u00f3xima sexta-feira.<\/p>\t<div class=\"wrapper-featured-image\">\n\t\t<figure class=\"spotlightImg\">\n\n\t\t\t<picture>\n\t\t\t\t<source media=\"(max-width: 768px)\" srcset=\"https:\/\/files.sunoresearch.com.br\/n\/uploads\/2021\/10\/Grendene-reproducao-400x200.jpg\">\n\t\t\t\t<img loading=\"lazy\" decoding=\"async\" class=\"newsContent__article__imgCapa lazyloadDisabled \" src=\"https:\/\/files.sunoresearch.com.br\/n\/uploads\/2021\/10\/Grendene-reproducao-800x450.jpg\" width=\"800\" height=\"450\" alt=\"Grendene adianta dividendos e pagar\u00e1 R$ 134 milh\u00f5es aos acionistas\" fetchpriority=high \/>\n\t\t\t<\/picture>\n\n\t\t\t<figcaption class=\"wp-caption-text wp-caption-text--show\">Grendene teve alta de 87% no seu lucro, segundo balan\u00e7o trimestral publicado na quinta (28) - Foto: Reprodu\u00e7\u00e3o\/LinkedIn\/Grendene<\/figcaption>\n\t\t<\/figure>\n\t<\/div>\n\n\n\t<p>\n\t\t<a href=\"https:\/\/lp.suno.com.br\/planilha-controle-gastos\/\" target=\"_blank\" data-element=\"shortcode-suno-banner\" title=\"Banner SUNO, clique e saiba mais\">\n\t\t\t<picture>\n\t\t\t\t<source media=\"(max-width: 500px)\" srcset=\"https:\/\/files.sunoresearch.com.br\/n\/uploads\/2023\/03\/400x300-Planilha-controle-de-gastos.png\">\n\t\t\t\t<img class=\"newsContent__article__imgCapa newsContent__article__imgCapa--banner\"\n\t\t\t\t\tsrc=\"https:\/\/files.sunoresearch.com.br\/n\/uploads\/2023\/03\/1420x240-Planilha-controle-de-gastos.png\"\n\t\t\t\t\tdata-promo-id=\"101751\"\t\t\t\t\t\t\t\t\t\twidth='1420' height='240'\t\t\t\t\talt=\"https:\/\/files.sunoresearch.com.br\/n\/uploads\/2023\/03\/1420x240-Planilha-controle-de-gastos.png\"\n\t\t\t\t>\n\t\t\t<\/picture>\n\t\t<\/a>\n\t<\/p>\n\n\n<p>Os <strong>dividendos da Grendene<\/strong> correspondem a R$ 0,149262 por a\u00e7\u00e3o. Segundo o comunicado da empresa, arquivado na Comiss\u00e3o de Valores Mobili\u00e1rios (CVM), o pagamento ser\u00e1 realizado no dia 24 de novembro. As a\u00e7\u00f5es\u00a0<strong>a\u00e7\u00f5es GRND3<\/strong> ser\u00e3o negociadas ex-dividendo a partir de 8 de novembro<\/p>\n<p>Pela cota\u00e7\u00e3o das <strong>a\u00e7\u00f5es da Grendene <\/strong>no fechamento de quinta (28), o pagamento corresponde a um rendimento (<strong>dividend yield<\/strong>) aproximado de 1,71% por a\u00e7\u00e3o. Os pap\u00e9is da empresa encerraram o dia negociados a R$ 8,68, apresentando uma queda de 4,5% nos \u00faltimos 30 dias.<\/p>\n<p>Apesar disso, o ano de 2021 segue positivo para os acionistas. A companhia subiu 4,58% do primeiro preg\u00e3o do ano at\u00e9 ontem.<\/p>\n\t<p>\n\t\t<a href=\"https:\/\/lp.suno.com.br\/planilha-da-vida-financeira\/\" target=\"_blank\" data-element=\"shortcode-suno-banner\" title=\"Banner SUNO, clique e saiba mais\">\n\t\t\t<picture>\n\t\t\t\t<source media=\"(max-width: 500px)\" srcset=\"https:\/\/files.sunoresearch.com.br\/n\/uploads\/2023\/04\/400x300-Planilha-vida-financeira-true.png\">\n\t\t\t\t<img class=\"newsContent__article__imgCapa newsContent__article__imgCapa--banner\"\n\t\t\t\t\tsrc=\"https:\/\/files.sunoresearch.com.br\/n\/uploads\/2023\/04\/1420x240-Planilha-vida-financeira-true.png\"\n\t\t\t\t\tdata-promo-id=\"106682\"\t\t\t\t\t\t\t\t\t\twidth='1420' height='240'\t\t\t\t\talt=\"https:\/\/files.sunoresearch.com.br\/n\/uploads\/2023\/04\/1420x240-Planilha-vida-financeira-true.png\"\n\t\t\t\t>\n\t\t\t<\/picture>\n\t\t<\/a>\n\t<\/p>\n\n\n<h2>Grendene fica perto de dobrar lucro<\/h2>\n<p>A Grendene tamb\u00e9m informou ontem o seu resultado trimestral com <a class=\"suno-keyword\" href=\"https:\/\/www.suno.com.br\/artigos\/lucro-liquido\/\" target=\"_blank\" rel=\"noopener\" data-force=\"no\" data-priority=\"1\">lucro l\u00edquido<\/a>\u00a0de R$ 208,1 milh\u00f5es no terceiro trimestre de 2021, um crescimento 87,7% em rela\u00e7\u00e3o ao mesmo per\u00edodo de 2020.<\/p>\n<p>O\u00a0<strong>lucro <\/strong>foi positivamente impactado por um efeito n\u00e3o recorrente de cr\u00e9dito de a\u00e7\u00e3o judicial no valor R$ 77,9 milh\u00f5es, com efeito l\u00edquido de R$ 71,6 milh\u00f5es.<\/p>\n\t<p>\n\t\t<a href=\"https:\/\/lp.suno.com.br\/ebook-como-analisar-uma-acao\/\" target=\"_blank\" data-element=\"shortcode-suno-banner\" title=\"Banner SUNO, clique e saiba mais\">\n\t\t\t<picture>\n\t\t\t\t<source media=\"(max-width: 500px)\" srcset=\"https:\/\/files.sunoresearch.com.br\/n\/uploads\/2023\/03\/Ebook-Acoes-Mobile-1.jpg\">\n\t\t\t\t<img class=\"newsContent__article__imgCapa newsContent__article__imgCapa--banner\"\n\t\t\t\t\tsrc=\"https:\/\/files.sunoresearch.com.br\/n\/uploads\/2023\/03\/Ebook-Acoes-Desktop-1.jpg\"\n\t\t\t\t\tdata-promo-id=\"171998\"\t\t\t\t\t\t\t\t\t\twidth='1420' height='286'\t\t\t\t\talt=\"https:\/\/files.sunoresearch.com.br\/n\/uploads\/2023\/03\/Ebook-Acoes-Desktop-1.jpg\"\n\t\t\t\t>\n\t\t\t<\/picture>\n\t\t<\/a>\n\t<\/p>\n\n\n<p>O Ebit (lucro antes de juros e impostos) recorrente teve um recuo de 6%, a R$ 133,9 milh\u00f5es. A margem Ebit caiu de 21,1% para 18,8%.<\/p>\n<p>J\u00e1 <strong>receita l\u00edquida de vendas<\/strong>\u00a0cresceu 6,4% em compara\u00e7\u00e3o com o terceiro trimestre de 2020, a R$ 671,4 milh\u00f5es, impulsionada pelo incremento da\u00a0<a class=\"suno-keyword\" href=\"https:\/\/www.suno.com.br\/artigos\/o-que-receita-bruta\/\" target=\"_blank\" rel=\"noopener\" data-force=\"no\" data-priority=\"1\">receita bruta<\/a>\u00a0por par e desempenho positivo de produtos de maior valor agregado.<\/p>\n<p>A empresa cal\u00e7adista apurou a melhor receita bruta da hist\u00f3rica em um terceiro trimestre: R$ 818,3 milh\u00f5es, 5,9% de crescimento ante o ano passado. O volume de pares embarcados recuou 17,1% para 44,0 milh\u00f5es, frente \u00e0 forte base de compara\u00e7\u00e3o de 2020.<\/p>\n<p>O <strong>balan\u00e7o da Grendene no 3T21 <\/strong>em receita bruta por par expandiu 27,6% para R$18,61, reflexo da recupera\u00e7\u00e3o das vendas da marca Melissa, do restabelecimento dos embarques para o mercado internacional, da reabilita\u00e7\u00e3o do canal varejo no mercado brasileiro e dos reajustes realizados desde o ano passado.<\/p>\n\t<p>\n\t\t<a href=\"https:\/\/lp.suno.com.br\/planilha-de-controle-de-investimentos\/\" target=\"_blank\" data-element=\"shortcode-suno-banner\" title=\"Banner SUNO, clique e saiba mais\">\n\t\t\t<picture>\n\t\t\t\t<source media=\"(max-width: 500px)\" srcset=\"https:\/\/files.sunoresearch.com.br\/n\/uploads\/2023\/03\/400x300-Controle-de-Investimentos.png\">\n\t\t\t\t<img class=\"newsContent__article__imgCapa newsContent__article__imgCapa--banner\"\n\t\t\t\t\tsrc=\"https:\/\/files.sunoresearch.com.br\/n\/uploads\/2023\/03\/1420x240-Controle-de-Investimentos.png\"\n\t\t\t\t\tdata-promo-id=\"75934\"\t\t\t\t\t\t\t\t\t\twidth='1420' height='240'\t\t\t\t\talt=\"https:\/\/files.sunoresearch.com.br\/n\/uploads\/2023\/03\/1420x240-Controle-de-Investimentos.png\"\n\t\t\t\t>\n\t\t\t<\/picture>\n\t\t<\/a>\n\t<\/p>\n\n\n<p>No mercado dom\u00e9stico, a companhia apresentou receita bruta recorde de R$ 662,8 milh\u00f5es, ainda que o volume de pares embarcados tenha encolhido 17,7% em rela\u00e7\u00e3o a 2020. O resultado da Grendene no terceiro trimestre de 2021 foi reflexo do efeito positivo do mix das linhas comercializadas e do pre\u00e7o dos produtos vendidos.<\/p>\n<p>Dentre os segmentos da <strong>Grendene<\/strong>, a Melissa, a linha feminina (Grendha, Zaxy e Azaleia) e kids foram os maiores respons\u00e1veis pelo resultado positivo do mercado interno entre os meses de julho e setembro.<\/p>\n\t<p>\n\t\t<a href=\"\" target=\"_blank\" data-element=\"shortcode-suno-banner\" title=\"Banner SUNO, clique e saiba mais\">\n\t\t\t<picture>\n\t\t\t\t<source media=\"(max-width: 500px)\" srcset=\"\">\n\t\t\t\t<img class=\"newsContent__article__imgCapa newsContent__article__imgCapa--banner\"\n\t\t\t\t\tsrc=\"\"\n\t\t\t\t\tdata-promo-id=\"184190\"\t\t\t\t\t\t\t\t\t\t\t\t\t\t\talt=\"\"\n\t\t\t\t>\n\t\t\t<\/picture>\n\t\t<\/a>\n\t<\/p>\n\n\n","protected":false},"excerpt":{"rendered":"<p>A Grendene (GRND3) adiantou o pagamento de dividendos ap\u00f3s a publica\u00e7\u00e3o do seu resultado financeiro. Nesta quinta-feira (28), a companhia comunicou ao mercado que pagar\u00e1 R$ 134,7 milh\u00f5es em dividendos para quem detiver a\u00e7\u00f5es da companhia no fechamento do dia 5 de novembro &#8211;\u00a0 pr\u00f3xima sexta-feira. Grendene teve alta de 87% no seu lucro, segundo [&hellip;]<\/p>\n","protected":false},"author":73,"featured_media":198922,"comment_status":"closed","ping_status":"closed","sticky":false,"template":"","format":"standard","meta":[],"categories":[64],"tags":[295,493,104804],"suno_strategy":[],"class_list":["post-198875","post","type-post","status-publish","format-standard","has-post-thumbnail","hentry","category-negocios","tag-dividendos","tag-grendene-grnd3","tag-proventos"],"yoast_head":"<!-- This site is optimized with the Yoast SEO plugin v24.4 - https:\/\/yoast.com\/wordpress\/plugins\/seo\/ -->\n<title>Grendene adianta dividendos e pagar\u00e1 R$ 134 milh\u00f5es aos acionistas<\/title>\n<meta name=\"description\" content=\"Grendene anunciou remunera\u00e7\u00e3o aos acionistas ap\u00f3s divulgar seu resultado trimestral, com alta de 87% no lucro. Clique aqui e leia mais.\" \/>\n<meta name=\"robots\" content=\"index, follow, max-snippet:-1, max-image-preview:large, max-video-preview:-1\" \/>\n<link rel=\"canonical\" href=\"https:\/\/www.suno.com.br\/noticias\/grendene-grnd3-dividendos-adianta-resultado-3t21-acionistas\/\" \/>\n<meta property=\"og:locale\" content=\"pt_BR\" \/>\n<meta property=\"og:type\" content=\"article\" \/>\n<meta property=\"og:title\" content=\"Grendene adianta dividendos e pagar\u00e1 R$ 134 milh\u00f5es aos acionistas\" \/>\n<meta property=\"og:description\" content=\"Grendene anunciou remunera\u00e7\u00e3o aos acionistas ap\u00f3s divulgar seu resultado trimestral, com alta de 87% no lucro. Clique aqui e leia mais.\" \/>\n<meta property=\"og:url\" content=\"https:\/\/www.suno.com.br\/noticias\/grendene-grnd3-dividendos-adianta-resultado-3t21-acionistas\/\" \/>\n<meta property=\"og:site_name\" content=\"Suno Not\u00edcias\" \/>\n<meta property=\"article:publisher\" content=\"https:\/\/facebook.com\/sunoresearch\" \/>\n<meta property=\"og:image\" content=\"https:\/\/files.sunoresearch.com.br\/n\/uploads\/2021\/10\/Grendene-reproducao.jpg\" \/>\n\t<meta property=\"og:image:width\" content=\"1200\" \/>\n\t<meta property=\"og:image:height\" content=\"675\" \/>\n\t<meta property=\"og:image:type\" content=\"image\/jpeg\" \/>\n<meta name=\"author\" content=\"Eduardo Vargas\" \/>\n<meta name=\"twitter:card\" content=\"summary_large_image\" \/>\n<meta name=\"twitter:creator\" content=\"@sunoresearch\" \/>\n<meta name=\"twitter:site\" content=\"@sunoresearch\" \/>\n<meta name=\"twitter:label1\" content=\"Escrito por\" \/>\n\t<meta name=\"twitter:data1\" content=\"Eduardo Vargas\" \/>\n\t<meta name=\"twitter:label2\" content=\"Est. tempo de leitura\" \/>\n\t<meta name=\"twitter:data2\" content=\"3 minutos\" \/>\n<script type=\"application\/ld+json\" class=\"yoast-schema-graph\">{\"@context\":\"https:\/\/schema.org\",\"@graph\":[{\"@type\":\"NewsArticle\",\"@id\":\"https:\/\/www.suno.com.br\/noticias\/grendene-grnd3-dividendos-adianta-resultado-3t21-acionistas\/#article\",\"isPartOf\":{\"@id\":\"https:\/\/www.suno.com.br\/noticias\/grendene-grnd3-dividendos-adianta-resultado-3t21-acionistas\/\"},\"author\":{\"name\":\"Eduardo Vargas\",\"@id\":\"https:\/\/www.suno.com.br\/noticias\/#\/schema\/person\/7f4d362bf3518e76090143ae77bb49a5\"},\"headline\":\"Grendene adianta dividendos e pagar\u00e1 R$ 134 milh\u00f5es aos acionistas\",\"datePublished\":\"2021-10-29T12:48:48+00:00\",\"mainEntityOfPage\":{\"@id\":\"https:\/\/www.suno.com.br\/noticias\/grendene-grnd3-dividendos-adianta-resultado-3t21-acionistas\/\"},\"wordCount\":488,\"publisher\":{\"@id\":\"https:\/\/www.suno.com.br\/noticias\/#organization\"},\"image\":{\"@id\":\"https:\/\/www.suno.com.br\/noticias\/grendene-grnd3-dividendos-adianta-resultado-3t21-acionistas\/#primaryimage\"},\"thumbnailUrl\":\"https:\/\/files.sunoresearch.com.br\/n\/uploads\/2021\/10\/Grendene-reproducao.jpg\",\"keywords\":[\"dividendos\",\"Grendene (GRND3)\",\"proventos\"],\"articleSection\":[\"Neg\u00f3cios\"],\"inLanguage\":\"pt-BR\"},{\"@type\":\"WebPage\",\"@id\":\"https:\/\/www.suno.com.br\/noticias\/grendene-grnd3-dividendos-adianta-resultado-3t21-acionistas\/\",\"url\":\"https:\/\/www.suno.com.br\/noticias\/grendene-grnd3-dividendos-adianta-resultado-3t21-acionistas\/\",\"name\":\"Grendene adianta dividendos e pagar\u00e1 R$ 134 milh\u00f5es aos acionistas\",\"isPartOf\":{\"@id\":\"https:\/\/www.suno.com.br\/noticias\/#website\"},\"primaryImageOfPage\":{\"@id\":\"https:\/\/www.suno.com.br\/noticias\/grendene-grnd3-dividendos-adianta-resultado-3t21-acionistas\/#primaryimage\"},\"image\":{\"@id\":\"https:\/\/www.suno.com.br\/noticias\/grendene-grnd3-dividendos-adianta-resultado-3t21-acionistas\/#primaryimage\"},\"thumbnailUrl\":\"https:\/\/files.sunoresearch.com.br\/n\/uploads\/2021\/10\/Grendene-reproducao.jpg\",\"datePublished\":\"2021-10-29T12:48:48+00:00\",\"description\":\"Grendene anunciou remunera\u00e7\u00e3o aos acionistas ap\u00f3s divulgar seu resultado trimestral, com alta de 87% no lucro. Clique aqui e leia mais.\",\"breadcrumb\":{\"@id\":\"https:\/\/www.suno.com.br\/noticias\/grendene-grnd3-dividendos-adianta-resultado-3t21-acionistas\/#breadcrumb\"},\"inLanguage\":\"pt-BR\",\"potentialAction\":[{\"@type\":\"ReadAction\",\"target\":[\"https:\/\/www.suno.com.br\/noticias\/grendene-grnd3-dividendos-adianta-resultado-3t21-acionistas\/\"]}]},{\"@type\":\"ImageObject\",\"inLanguage\":\"pt-BR\",\"@id\":\"https:\/\/www.suno.com.br\/noticias\/grendene-grnd3-dividendos-adianta-resultado-3t21-acionistas\/#primaryimage\",\"url\":\"https:\/\/files.sunoresearch.com.br\/n\/uploads\/2021\/10\/Grendene-reproducao.jpg\",\"contentUrl\":\"https:\/\/files.sunoresearch.com.br\/n\/uploads\/2021\/10\/Grendene-reproducao.jpg\",\"width\":1200,\"height\":675,\"caption\":\"Grendene teve alta de 87% no seu lucro, segundo balan\u00e7o trimestral publicado na quinta (28) - Foto: Reprodu\u00e7\u00e3o\/LinkedIn\/Grendene\"},{\"@type\":\"BreadcrumbList\",\"@id\":\"https:\/\/www.suno.com.br\/noticias\/grendene-grnd3-dividendos-adianta-resultado-3t21-acionistas\/#breadcrumb\",\"itemListElement\":[{\"@type\":\"ListItem\",\"position\":1,\"name\":\"Not\u00edcias\",\"item\":\"https:\/\/www.suno.com.br\/noticias\/\"},{\"@type\":\"ListItem\",\"position\":2,\"name\":\"Neg\u00f3cios\",\"item\":\"https:\/\/www.suno.com.br\/noticias\/negocios\/\"},{\"@type\":\"ListItem\",\"position\":3,\"name\":\"Grendene adianta dividendos e pagar\u00e1 R$ 134 milh\u00f5es aos acionistas\"}]},{\"@type\":\"WebSite\",\"@id\":\"https:\/\/www.suno.com.br\/noticias\/#website\",\"url\":\"https:\/\/www.suno.com.br\/noticias\/\",\"name\":\"Suno Not\u00edcias\",\"description\":\"Seu portal de informa\u00e7\u00e3o sobre o mundo dos investimentos\",\"publisher\":{\"@id\":\"https:\/\/www.suno.com.br\/noticias\/#organization\"},\"potentialAction\":[{\"@type\":\"SearchAction\",\"target\":{\"@type\":\"EntryPoint\",\"urlTemplate\":\"https:\/\/www.suno.com.br\/noticias\/?s={search_term_string}\"},\"query-input\":{\"@type\":\"PropertyValueSpecification\",\"valueRequired\":true,\"valueName\":\"search_term_string\"}}],\"inLanguage\":\"pt-BR\"},{\"@type\":\"Organization\",\"@id\":\"https:\/\/www.suno.com.br\/noticias\/#organization\",\"name\":\"Suno Not\u00edcias\",\"url\":\"https:\/\/www.suno.com.br\/noticias\/\",\"logo\":{\"@type\":\"ImageObject\",\"inLanguage\":\"pt-BR\",\"@id\":\"https:\/\/www.suno.com.br\/noticias\/#\/schema\/logo\/image\/\",\"url\":\"https:\/\/files.sunoresearch.com.br\/n\/uploads\/2021\/09\/suno-logo.png\",\"contentUrl\":\"https:\/\/files.sunoresearch.com.br\/n\/uploads\/2021\/09\/suno-logo.png\",\"width\":180,\"height\":180,\"caption\":\"Suno Not\u00edcias\"},\"image\":{\"@id\":\"https:\/\/www.suno.com.br\/noticias\/#\/schema\/logo\/image\/\"},\"sameAs\":[\"https:\/\/facebook.com\/sunoresearch\",\"https:\/\/x.com\/sunoresearch\",\"https:\/\/www.instagram.com\/suno\",\"https:\/\/www.linkedin.com\/company\/suno-research\/\",\"https:\/\/www.youtube.com\/c\/sunoresearch\"]},{\"@type\":\"Person\",\"@id\":\"https:\/\/www.suno.com.br\/noticias\/#\/schema\/person\/7f4d362bf3518e76090143ae77bb49a5\",\"name\":\"Eduardo Vargas\",\"image\":{\"@type\":\"ImageObject\",\"inLanguage\":\"pt-BR\",\"@id\":\"https:\/\/www.suno.com.br\/noticias\/#\/schema\/person\/image\/\",\"url\":\"https:\/\/secure.gravatar.com\/avatar\/dac340933427a22924c9f99d1eb2e3f2?s=96&r=g\",\"contentUrl\":\"https:\/\/secure.gravatar.com\/avatar\/dac340933427a22924c9f99d1eb2e3f2?s=96&r=g\",\"caption\":\"Eduardo Vargas\"},\"description\":\"Jornalista formado pela UFSC, cobre macroeconomia, neg\u00f3cios e startups para o Suno Not\u00edcias, escrevendo principalmente not\u00edcias sobre o mercado financeiro e a bolsa de valores. No YouTube e no Instagram, \u00e9 respons\u00e1vel pela produ\u00e7\u00e3o de Reels e Shorts do Suno Not\u00edcias. Anteriormente, trabalhou cobrindo economia e cotidiano no ND+ e para o ND, maior jornal impresso de Santa Catarina. Cursou um semestre letivo de Estudos de M\u00eddia na Universidad de Buenos Aires.\",\"url\":\"https:\/\/www.suno.com.br\/noticias\/author\/eduardo-vargas\/\"}]}<\/script>\n<!-- \/ Yoast SEO plugin. -->","yoast_head_json":{"title":"Grendene adianta dividendos e pagar\u00e1 R$ 134 milh\u00f5es aos acionistas","description":"Grendene anunciou remunera\u00e7\u00e3o aos acionistas ap\u00f3s divulgar seu resultado trimestral, com alta de 87% no lucro. Clique aqui e leia mais.","robots":{"index":"index","follow":"follow","max-snippet":"max-snippet:-1","max-image-preview":"max-image-preview:large","max-video-preview":"max-video-preview:-1"},"canonical":"https:\/\/www.suno.com.br\/noticias\/grendene-grnd3-dividendos-adianta-resultado-3t21-acionistas\/","og_locale":"pt_BR","og_type":"article","og_title":"Grendene adianta dividendos e pagar\u00e1 R$ 134 milh\u00f5es aos acionistas","og_description":"Grendene anunciou remunera\u00e7\u00e3o aos acionistas ap\u00f3s divulgar seu resultado trimestral, com alta de 87% no lucro. Clique aqui e leia mais.","og_url":"https:\/\/www.suno.com.br\/noticias\/grendene-grnd3-dividendos-adianta-resultado-3t21-acionistas\/","og_site_name":"Suno Not\u00edcias","article_publisher":"https:\/\/facebook.com\/sunoresearch","og_image":[{"width":1200,"height":675,"url":"https:\/\/files.sunoresearch.com.br\/n\/uploads\/2021\/10\/Grendene-reproducao.jpg","type":"image\/jpeg"}],"author":"Eduardo Vargas","twitter_card":"summary_large_image","twitter_creator":"@sunoresearch","twitter_site":"@sunoresearch","twitter_misc":{"Escrito por":"Eduardo Vargas","Est. tempo de leitura":"3 minutos"},"schema":{"@context":"https:\/\/schema.org","@graph":[{"@type":"NewsArticle","@id":"https:\/\/www.suno.com.br\/noticias\/grendene-grnd3-dividendos-adianta-resultado-3t21-acionistas\/#article","isPartOf":{"@id":"https:\/\/www.suno.com.br\/noticias\/grendene-grnd3-dividendos-adianta-resultado-3t21-acionistas\/"},"author":{"name":"Eduardo Vargas","@id":"https:\/\/www.suno.com.br\/noticias\/#\/schema\/person\/7f4d362bf3518e76090143ae77bb49a5"},"headline":"Grendene adianta dividendos e pagar\u00e1 R$ 134 milh\u00f5es aos acionistas","datePublished":"2021-10-29T12:48:48+00:00","mainEntityOfPage":{"@id":"https:\/\/www.suno.com.br\/noticias\/grendene-grnd3-dividendos-adianta-resultado-3t21-acionistas\/"},"wordCount":488,"publisher":{"@id":"https:\/\/www.suno.com.br\/noticias\/#organization"},"image":{"@id":"https:\/\/www.suno.com.br\/noticias\/grendene-grnd3-dividendos-adianta-resultado-3t21-acionistas\/#primaryimage"},"thumbnailUrl":"https:\/\/files.sunoresearch.com.br\/n\/uploads\/2021\/10\/Grendene-reproducao.jpg","keywords":["dividendos","Grendene (GRND3)","proventos"],"articleSection":["Neg\u00f3cios"],"inLanguage":"pt-BR"},{"@type":"WebPage","@id":"https:\/\/www.suno.com.br\/noticias\/grendene-grnd3-dividendos-adianta-resultado-3t21-acionistas\/","url":"https:\/\/www.suno.com.br\/noticias\/grendene-grnd3-dividendos-adianta-resultado-3t21-acionistas\/","name":"Grendene adianta dividendos e pagar\u00e1 R$ 134 milh\u00f5es aos acionistas","isPartOf":{"@id":"https:\/\/www.suno.com.br\/noticias\/#website"},"primaryImageOfPage":{"@id":"https:\/\/www.suno.com.br\/noticias\/grendene-grnd3-dividendos-adianta-resultado-3t21-acionistas\/#primaryimage"},"image":{"@id":"https:\/\/www.suno.com.br\/noticias\/grendene-grnd3-dividendos-adianta-resultado-3t21-acionistas\/#primaryimage"},"thumbnailUrl":"https:\/\/files.sunoresearch.com.br\/n\/uploads\/2021\/10\/Grendene-reproducao.jpg","datePublished":"2021-10-29T12:48:48+00:00","description":"Grendene anunciou remunera\u00e7\u00e3o aos acionistas ap\u00f3s divulgar seu resultado trimestral, com alta de 87% no lucro. Clique aqui e leia mais.","breadcrumb":{"@id":"https:\/\/www.suno.com.br\/noticias\/grendene-grnd3-dividendos-adianta-resultado-3t21-acionistas\/#breadcrumb"},"inLanguage":"pt-BR","potentialAction":[{"@type":"ReadAction","target":["https:\/\/www.suno.com.br\/noticias\/grendene-grnd3-dividendos-adianta-resultado-3t21-acionistas\/"]}]},{"@type":"ImageObject","inLanguage":"pt-BR","@id":"https:\/\/www.suno.com.br\/noticias\/grendene-grnd3-dividendos-adianta-resultado-3t21-acionistas\/#primaryimage","url":"https:\/\/files.sunoresearch.com.br\/n\/uploads\/2021\/10\/Grendene-reproducao.jpg","contentUrl":"https:\/\/files.sunoresearch.com.br\/n\/uploads\/2021\/10\/Grendene-reproducao.jpg","width":1200,"height":675,"caption":"Grendene teve alta de 87% no seu lucro, segundo balan\u00e7o trimestral publicado na quinta (28) - Foto: Reprodu\u00e7\u00e3o\/LinkedIn\/Grendene"},{"@type":"BreadcrumbList","@id":"https:\/\/www.suno.com.br\/noticias\/grendene-grnd3-dividendos-adianta-resultado-3t21-acionistas\/#breadcrumb","itemListElement":[{"@type":"ListItem","position":1,"name":"Not\u00edcias","item":"https:\/\/www.suno.com.br\/noticias\/"},{"@type":"ListItem","position":2,"name":"Neg\u00f3cios","item":"https:\/\/www.suno.com.br\/noticias\/negocios\/"},{"@type":"ListItem","position":3,"name":"Grendene adianta dividendos e pagar\u00e1 R$ 134 milh\u00f5es aos acionistas"}]},{"@type":"WebSite","@id":"https:\/\/www.suno.com.br\/noticias\/#website","url":"https:\/\/www.suno.com.br\/noticias\/","name":"Suno Not\u00edcias","description":"Seu portal de informa\u00e7\u00e3o sobre o mundo dos investimentos","publisher":{"@id":"https:\/\/www.suno.com.br\/noticias\/#organization"},"potentialAction":[{"@type":"SearchAction","target":{"@type":"EntryPoint","urlTemplate":"https:\/\/www.suno.com.br\/noticias\/?s={search_term_string}"},"query-input":{"@type":"PropertyValueSpecification","valueRequired":true,"valueName":"search_term_string"}}],"inLanguage":"pt-BR"},{"@type":"Organization","@id":"https:\/\/www.suno.com.br\/noticias\/#organization","name":"Suno Not\u00edcias","url":"https:\/\/www.suno.com.br\/noticias\/","logo":{"@type":"ImageObject","inLanguage":"pt-BR","@id":"https:\/\/www.suno.com.br\/noticias\/#\/schema\/logo\/image\/","url":"https:\/\/files.sunoresearch.com.br\/n\/uploads\/2021\/09\/suno-logo.png","contentUrl":"https:\/\/files.sunoresearch.com.br\/n\/uploads\/2021\/09\/suno-logo.png","width":180,"height":180,"caption":"Suno Not\u00edcias"},"image":{"@id":"https:\/\/www.suno.com.br\/noticias\/#\/schema\/logo\/image\/"},"sameAs":["https:\/\/facebook.com\/sunoresearch","https:\/\/x.com\/sunoresearch","https:\/\/www.instagram.com\/suno","https:\/\/www.linkedin.com\/company\/suno-research\/","https:\/\/www.youtube.com\/c\/sunoresearch"]},{"@type":"Person","@id":"https:\/\/www.suno.com.br\/noticias\/#\/schema\/person\/7f4d362bf3518e76090143ae77bb49a5","name":"Eduardo Vargas","image":{"@type":"ImageObject","inLanguage":"pt-BR","@id":"https:\/\/www.suno.com.br\/noticias\/#\/schema\/person\/image\/","url":"https:\/\/secure.gravatar.com\/avatar\/dac340933427a22924c9f99d1eb2e3f2?s=96&r=g","contentUrl":"https:\/\/secure.gravatar.com\/avatar\/dac340933427a22924c9f99d1eb2e3f2?s=96&r=g","caption":"Eduardo Vargas"},"description":"Jornalista formado pela UFSC, cobre macroeconomia, neg\u00f3cios e startups para o Suno Not\u00edcias, escrevendo principalmente not\u00edcias sobre o mercado financeiro e a bolsa de valores. No YouTube e no Instagram, \u00e9 respons\u00e1vel pela produ\u00e7\u00e3o de Reels e Shorts do Suno Not\u00edcias. Anteriormente, trabalhou cobrindo economia e cotidiano no ND+ e para o ND, maior jornal impresso de Santa Catarina. Cursou um semestre letivo de Estudos de M\u00eddia na Universidad de Buenos Aires.","url":"https:\/\/www.suno.com.br\/noticias\/author\/eduardo-vargas\/"}]}},"default_loop_html":"<div class=\"cardsPage__listCard__boxs\"><div class=\"cardsPage__listCard__boxs__img\"><a href=\"https:\/\/www.suno.com.br\/noticias\/grendene-grnd3-dividendos-adianta-resultado-3t21-acionistas\/\"><img class=\"mask\" src=\"https:\/\/www.suno.com.br\/noticias\/wp-content\/themes\/suno\/resources\/images\/spotlight\/spotlight1img\/bg-mask.png\" alt=\"Image Mask\"\/><img src=\"https:\/\/files.sunoresearch.com.br\/n\/uploads\/2021\/10\/Grendene-reproducao-400x200.jpg\" alt=\"Grendene adianta dividendos e pagar\u00e1 R$ 134 milh\u00f5es aos acionistas\"\/><\/a><span class=\"spotlightCategory\"><a href=\"https:\/\/www.suno.com.br\/noticias\/negocios\/\">Neg\u00f3cios<\/a><\/span><\/div><div class=\"cardsPage__listCard__boxs__content\"><a href=\"https:\/\/www.suno.com.br\/noticias\/grendene-grnd3-dividendos-adianta-resultado-3t21-acionistas\/\"><h2 class=\"content__title\">Grendene adianta dividendos e pagar\u00e1 R$ 134 milh\u00f5es aos acionistas<\/h2><\/a><div class=\"newsContent__article__meta\"><div class=\"newsContent__article__meta__authorBox\"><a href=\"https:\/\/www.suno.com.br\/noticias\/author\/eduardo-vargas\/\" class=\"authorBox__avatar noMobi\"><img src=\"https:\/\/secure.gravatar.com\/avatar\/dac340933427a22924c9f99d1eb2e3f2?s=96&#038;r=g\" alt=\"Eduardo Vargas\"><\/a><div class=\"authorBox__name\"><span>por\n\t\t\t<a href=\"https:\/\/www.suno.com.br\/noticias\/author\/eduardo-vargas\/\"><span itemprop=\"author\">Eduardo Vargas<\/span><\/a><\/span><time datetime=\"2021-10-29T09:48:48-03:00\" itemprop=\"datePublished\">29\/10\/2021 09:48<\/time><\/div><\/div><\/div><\/div><\/div>","single_layout":"posts","amp_enabled":true,"_links":{"self":[{"href":"https:\/\/www.suno.com.br\/noticias\/wp-json\/wp\/v2\/posts\/198875"}],"collection":[{"href":"https:\/\/www.suno.com.br\/noticias\/wp-json\/wp\/v2\/posts"}],"about":[{"href":"https:\/\/www.suno.com.br\/noticias\/wp-json\/wp\/v2\/types\/post"}],"author":[{"embeddable":true,"href":"https:\/\/www.suno.com.br\/noticias\/wp-json\/wp\/v2\/users\/73"}],"replies":[{"embeddable":true,"href":"https:\/\/www.suno.com.br\/noticias\/wp-json\/wp\/v2\/comments?post=198875"}],"version-history":[{"count":3,"href":"https:\/\/www.suno.com.br\/noticias\/wp-json\/wp\/v2\/posts\/198875\/revisions"}],"predecessor-version":[{"id":198951,"href":"https:\/\/www.suno.com.br\/noticias\/wp-json\/wp\/v2\/posts\/198875\/revisions\/198951"}],"wp:featuredmedia":[{"embeddable":true,"href":"https:\/\/www.suno.com.br\/noticias\/wp-json\/wp\/v2\/media\/198922"}],"wp:attachment":[{"href":"https:\/\/www.suno.com.br\/noticias\/wp-json\/wp\/v2\/media?parent=198875"}],"wp:term":[{"taxonomy":"category","embeddable":true,"href":"https:\/\/www.suno.com.br\/noticias\/wp-json\/wp\/v2\/categories?post=198875"},{"taxonomy":"post_tag","embeddable":true,"href":"https:\/\/www.suno.com.br\/noticias\/wp-json\/wp\/v2\/tags?post=198875"},{"taxonomy":"suno_strategy","embeddable":true,"href":"https:\/\/www.suno.com.br\/noticias\/wp-json\/wp\/v2\/suno_strategy?post=198875"}],"curies":[{"name":"wp","href":"https:\/\/api.w.org\/{rel}","templated":true}]}}