{"id":19875,"date":"2019-04-03T17:07:00","date_gmt":"2019-04-03T20:07:00","guid":{"rendered":"https:\/\/www.suno.com.br\/noticias\/?p=19875"},"modified":"2019-04-05T14:32:03","modified_gmt":"2019-04-05T17:32:03","slug":"guedes-atritos-ccj-deputados-bolsa-cai","status":"publish","type":"post","link":"https:\/\/www.suno.com.br\/noticias\/guedes-atritos-ccj-deputados-bolsa-cai\/","title":{"rendered":"Guedes tem atritos com deputados; em paralelo, Bolsa cai quase 1%"},"content":{"rendered":"<p>A audi\u00eancia p\u00fablica da <strong>Comiss\u00e3o de Constitui\u00e7\u00e3o, Justi\u00e7a e Cidadania<\/strong> (CCJ) da <strong>Proposta de Emenda Constitucional<\/strong> (PEC) da reforma da Previd\u00eancia da <strong>C\u00e2mara Federal<\/strong> obteve <strong>atritos<\/strong> entre o ministro da Economia, <a href=\"https:\/\/www.suno.com.br\/tudo-sobre\/paulo-guedes\/\"><strong>Paulo Guedes<\/strong><\/a>, e os <strong>deputados<\/strong>.<\/p>\t<div class=\"wrapper-featured-image\">\n\t\t<figure class=\"spotlightImg\">\n\n\t\t\t<picture>\n\t\t\t\t<source media=\"(max-width: 768px)\" srcset=\"https:\/\/files.sunoresearch.com.br\/n\/uploads\/2019\/04\/4cc1416c-guedes-400x200.webp\">\n\t\t\t\t<img loading=\"lazy\" decoding=\"async\" class=\"newsContent__article__imgCapa lazyloadDisabled newsContent__article__imgCapa--noCaption\" src=\"https:\/\/files.sunoresearch.com.br\/n\/uploads\/2019\/04\/4cc1416c-guedes-800x450.webp\" width=\"800\" height=\"450\" alt=\"Guedes tem atritos com deputados; em paralelo, Bolsa cai quase 1%\" fetchpriority=high \/>\n\t\t\t<\/picture>\n\n\t\t\t<figcaption class=\"wp-caption-text wp-caption-text--hide\">Petrobras<\/figcaption>\n\t\t<\/figure>\n\t<\/div>\n\n\n<p>Paralelamente ao in\u00edcio da <strong>CCJ<\/strong> com a presen\u00e7a de <strong>Guedes<\/strong>, o \u00edndice acion\u00e1rio <a href=\"https:\/\/www.suno.com.br\/artigos\/ibovespa\/\"><strong>Ibovespa<\/strong><\/a> iniciou uma <strong>trajet\u00f3ria de queda<\/strong>. No fechamento, a baixa era de<strong> 0,94%<\/strong> a 94.491,48 pontos.<\/p>\n<p><a href=\"https:\/\/www.suno.com.br\/noticias\/maia-sistema-capitalizacao-passar\/\">Saiba mais &#8211;\u00a0Maia: sistema de capitaliza\u00e7\u00e3o da Previd\u00eancia n\u00e3o ser\u00e1 aprovado<\/a><\/p>\n<p>Citando a <strong>economia<\/strong>, prevista pelo governo, de\u00a0<strong>R$ 1 trilh\u00e3o em 10 anos<\/strong>, com a aprova\u00e7\u00e3o\u00a0da <strong>reforma da Previd\u00eancia<\/strong>, Guedes defendeu a implanta\u00e7\u00e3o do <strong>sistema de capitaliza\u00e7\u00e3o<\/strong>, e afirmou que o projeto deve prevenir &#8220;filhos e netos de parlamentares e gera\u00e7\u00f5es futuras sofram com o mesmo <strong>problema do Rio de Janeiro<\/strong>, e alguns Estados que n\u00e3o podem pagar sal\u00e1rios\u201d.<\/p>\n<p>Ap\u00f3s a fala do ministro, deputados iniciaram coment\u00e1rios, em voz alta, por\u00e9m,<strong> fora do microfone<\/strong>, acerca do <strong>sistema de capitaliza\u00e7\u00e3o<\/strong>. Houve cita\u00e7\u00e3o do sistema chileno, que passou por altera\u00e7\u00f5es por n\u00e3o garantir um <strong>benef\u00edcio m\u00ednimo<\/strong> para os trabalhadores de <strong>baixa renda<\/strong>.<\/p>\n<p>[optin-monster-shortcode id=&#8221;npkxlwaleraa8psvnego&#8221;]<\/p>\n<h2>Presidente da CCJ pede respeito<\/h2>\n<p>Durante a defesa do <strong>sistema de capitaliza\u00e7\u00e3o<\/strong> pelo ministro, parlamentares come\u00e7aram a gritar <strong>&#8220;Chile&#8221;<\/strong>. Os deputados faziam alus\u00e3o ao <strong>sistema previdenci\u00e1rio<\/strong> do pa\u00eds, que adota o regime.<\/p>\n<p>Guedes respondeu:\u00a0&#8220;Chile, <strong>US$ 26 mil de renda per capita<\/strong>, quase o dobro do Brasil&#8221;, disse Paulo Guedes. &#8220;Acho que a <strong>Venezuela<\/strong> est\u00e1 bem melhor&#8221;, disse o ministro, em tom ir\u00f4nico, referindo-se ao <strong>par\u00e2metro de compara\u00e7\u00e3o<\/strong>.<\/p>\n<p>Mais tarde, <strong>Guedes<\/strong> pediu, novamente em tom ir\u00f4nico: \u201cFalem mais alto, eu n\u00e3o estou ouvindo\u201d.<\/p>\n<p>O presidente da CCJ,<strong> Felipe Francischini<\/strong> (PSL) pediu por <strong>respeito<\/strong>, de ambos os lados.<\/p>\n<p>\u201cPe\u00e7o respeito de ambas as partes. O Brasil inteiro est\u00e1 ouvindo esta audi\u00eancia (&#8230;) Sem manifesta\u00e7\u00f5es no plen\u00e1rio! N\u00e3o tolerarei manifesta\u00e7\u00f5es positivas ou negativas (&#8230;) <strong>Isso n\u00e3o \u00e9 briga de rua<\/strong>\u201d, interferiu a lideran\u00e7a da comiss\u00e3o.<\/p>\n<p>Guedes mudou o posicionamento, e disse: \u201cCometi um <strong>erro<\/strong> s\u00e9rio aqui, eu tentei responder a uma coloca\u00e7\u00e3o da deputada Gleisi [Hoffmann]. Me aconselharam para n\u00e3o reagir. Mas quis ser atencioso. Eu sou muito respeitoso. <strong>Os senhores t\u00eam muita familiaridade com esse ambiente e eu n\u00e3o.<\/strong> Os senhores poderiam ter um pouco de aten\u00e7\u00e3o comigo e entender que eu posso cometer erros (&#8230;)<strong> Cometi o erro de interagir.<\/strong> Quando fiz isso, voc\u00eas transformaram isso em outra coisa\u201d, disse Guedes.<\/p>\n\t<p>\n\t\t<a href=\"https:\/\/lp.suno.com.br\/planilha-controle-gastos\/\" target=\"_blank\" data-element=\"shortcode-suno-banner\" title=\"Banner SUNO, clique e saiba mais\">\n\t\t\t<picture>\n\t\t\t\t<source media=\"(max-width: 500px)\" srcset=\"https:\/\/files.sunoresearch.com.br\/n\/uploads\/2023\/03\/400x300-Planilha-controle-de-gastos.png\">\n\t\t\t\t<img class=\"newsContent__article__imgCapa newsContent__article__imgCapa--banner\"\n\t\t\t\t\tsrc=\"https:\/\/files.sunoresearch.com.br\/n\/uploads\/2023\/03\/1420x240-Planilha-controle-de-gastos.png\"\n\t\t\t\t\tdata-promo-id=\"102417\"\t\t\t\t\t\t\t\t\t\twidth='1420' height='240'\t\t\t\t\talt=\"https:\/\/files.sunoresearch.com.br\/n\/uploads\/2023\/03\/1420x240-Planilha-controle-de-gastos.png\"\n\t\t\t\t>\n\t\t\t<\/picture>\n\t\t<\/a>\n\t<\/p>\n\n\n<h2>Provoca\u00e7\u00f5es espec\u00edficas<\/h2>\n<p>O <strong>ministro da Economia<\/strong>\u00a0provocou os <strong>parlamentares do PT<\/strong>, ao afirmar que a ex-presidenta da Rep\u00fablica, <strong>Dilma Rousseff<\/strong>, foi a &#8220;primeira&#8221; a instaurar a capitaliza\u00e7\u00e3o, quando instituiu o <strong>Funpresp<\/strong> (a aposentadoria complementar dos servidores p\u00fablicos).<\/p>\n<p>Ao passo que em\u00a0resposta ao deputado<strong> Pompeo de Mattos<\/strong> (PDT), o ministro novamente demonstrou tom ir\u00f4nico. Mattos, que \u00e9 da <strong>Previ<\/strong> (fundo de pens\u00e3o dos funcion\u00e1rios do Banco do Brasil), havia questionado Guedes acerca do <strong>sistema de capitaliza\u00e7\u00e3o<\/strong> proposta pelo governo na reforma.<\/p>\n<p>\u201cO senhor \u00e9 um<strong> felizardo benefici\u00e1rio<\/strong> [da capitaliza\u00e7\u00e3o], eu gostaria que os outros pudessem usufruir (&#8230;) Ent\u00e3o, o <strong>regime em si n\u00e3o \u00e9 t\u00e3o ruim<\/strong>\u201d, afirmou Guedes.<\/p>\n<p>Por fim, o ministro pediu aos parlamentares por um debate menos passional. \u201cN\u00e3o podemos ser superficiais. Ficamos apaixonados. <strong>A elei\u00e7\u00e3o acabou h\u00e1 tr\u00eas meses.<\/strong> N\u00e3o d\u00e1 para apaixonar. <strong>O governo foi eleito<\/strong>\u201d, e completou que ser\u00e1 o jovem a escolher em qual sistema deseja entrar, o antigo ou aquele de capitaliza\u00e7\u00e3o.<\/p>\n","protected":false},"excerpt":{"rendered":"<p>A audi\u00eancia p\u00fablica da Comiss\u00e3o de Constitui\u00e7\u00e3o, Justi\u00e7a e Cidadania (CCJ) da Proposta de Emenda Constitucional (PEC) da reforma da Previd\u00eancia da C\u00e2mara Federal obteve atritos entre o ministro da Economia, Paulo Guedes, e os deputados. Petrobras Paralelamente ao in\u00edcio da CCJ com a presen\u00e7a de Guedes, o \u00edndice acion\u00e1rio Ibovespa iniciou uma trajet\u00f3ria de [&hellip;]<\/p>\n","protected":false},"author":12,"featured_media":19896,"comment_status":"closed","ping_status":"closed","sticky":false,"template":"","format":"standard","meta":[],"categories":[64],"tags":[1284,489],"suno_strategy":[],"class_list":["post-19875","post","type-post","status-publish","format-standard","has-post-thumbnail","hentry","category-negocios","tag-elliott-management","tag-gol-linhas-aereas-goll11-goll4"],"yoast_head":"<!-- This site is optimized with the Yoast SEO plugin v24.4 - https:\/\/yoast.com\/wordpress\/plugins\/seo\/ -->\n<title>Guedes tem atritos com deputados; em paralelo, Bolsa cai quase 1%<\/title>\n<meta name=\"description\" content=\"A audi\u00eancia p\u00fablica da CCJ da reforma da Previd\u00eancia da C\u00e2mara obteve atritos entre o Paulo Guedes, e os deputados.\u00a0Clique para saber mais.\" \/>\n<meta name=\"robots\" content=\"index, follow, max-snippet:-1, max-image-preview:large, max-video-preview:-1\" \/>\n<link rel=\"canonical\" href=\"https:\/\/www.suno.com.br\/noticias\/guedes-atritos-ccj-deputados-bolsa-cai\/\" \/>\n<meta property=\"og:locale\" content=\"pt_BR\" \/>\n<meta property=\"og:type\" content=\"article\" \/>\n<meta property=\"og:title\" content=\"Guedes tem atritos com deputados; em paralelo, Bolsa cai quase 1%\" \/>\n<meta property=\"og:description\" content=\"A audi\u00eancia p\u00fablica da CCJ da reforma da Previd\u00eancia da C\u00e2mara obteve atritos entre o Paulo Guedes, e os deputados.\u00a0Clique para saber mais.\" \/>\n<meta property=\"og:url\" content=\"https:\/\/www.suno.com.br\/noticias\/guedes-atritos-ccj-deputados-bolsa-cai\/\" \/>\n<meta property=\"og:site_name\" content=\"Suno Not\u00edcias\" \/>\n<meta property=\"article:publisher\" content=\"https:\/\/facebook.com\/sunoresearch\" \/>\n<meta property=\"og:image\" content=\"https:\/\/files.sunoresearch.com.br\/n\/uploads\/2019\/04\/4cc1416c-guedes.jpg\" \/>\n\t<meta property=\"og:image:width\" content=\"1140\" \/>\n\t<meta property=\"og:image:height\" content=\"760\" \/>\n\t<meta property=\"og:image:type\" content=\"image\/jpeg\" \/>\n<meta name=\"author\" content=\"Amanda Gushiken\" \/>\n<meta name=\"twitter:card\" content=\"summary_large_image\" \/>\n<meta name=\"twitter:creator\" content=\"@sunoresearch\" \/>\n<meta name=\"twitter:site\" content=\"@sunoresearch\" \/>\n<meta name=\"twitter:label1\" content=\"Escrito por\" \/>\n\t<meta name=\"twitter:data1\" content=\"Amanda Gushiken\" \/>\n\t<meta name=\"twitter:label2\" content=\"Est. tempo de leitura\" \/>\n\t<meta name=\"twitter:data2\" content=\"3 minutos\" \/>\n<script type=\"application\/ld+json\" class=\"yoast-schema-graph\">{\"@context\":\"https:\/\/schema.org\",\"@graph\":[{\"@type\":\"NewsArticle\",\"@id\":\"https:\/\/www.suno.com.br\/noticias\/guedes-atritos-ccj-deputados-bolsa-cai\/#article\",\"isPartOf\":{\"@id\":\"https:\/\/www.suno.com.br\/noticias\/guedes-atritos-ccj-deputados-bolsa-cai\/\"},\"author\":{\"name\":\"Amanda Gushiken\",\"@id\":\"https:\/\/www.suno.com.br\/noticias\/#\/schema\/person\/a5b06fa4e879d8e8e119c6ed3cd630d1\"},\"headline\":\"Guedes tem atritos com deputados; em paralelo, Bolsa cai quase 1%\",\"datePublished\":\"2019-04-03T20:07:00+00:00\",\"dateModified\":\"2019-04-05T17:32:03+00:00\",\"mainEntityOfPage\":{\"@id\":\"https:\/\/www.suno.com.br\/noticias\/guedes-atritos-ccj-deputados-bolsa-cai\/\"},\"wordCount\":628,\"publisher\":{\"@id\":\"https:\/\/www.suno.com.br\/noticias\/#organization\"},\"image\":{\"@id\":\"https:\/\/www.suno.com.br\/noticias\/guedes-atritos-ccj-deputados-bolsa-cai\/#primaryimage\"},\"thumbnailUrl\":\"https:\/\/files.sunoresearch.com.br\/n\/uploads\/2019\/04\/4cc1416c-guedes-jpg.webp\",\"keywords\":[\"Elliott Management\",\"Gol Linhas A\u00e9reas (GOLL11\/GOLL4)\"],\"articleSection\":[\"Neg\u00f3cios\"],\"inLanguage\":\"pt-BR\"},{\"@type\":\"WebPage\",\"@id\":\"https:\/\/www.suno.com.br\/noticias\/guedes-atritos-ccj-deputados-bolsa-cai\/\",\"url\":\"https:\/\/www.suno.com.br\/noticias\/guedes-atritos-ccj-deputados-bolsa-cai\/\",\"name\":\"Guedes tem atritos com deputados; em paralelo, Bolsa cai quase 1%\",\"isPartOf\":{\"@id\":\"https:\/\/www.suno.com.br\/noticias\/#website\"},\"primaryImageOfPage\":{\"@id\":\"https:\/\/www.suno.com.br\/noticias\/guedes-atritos-ccj-deputados-bolsa-cai\/#primaryimage\"},\"image\":{\"@id\":\"https:\/\/www.suno.com.br\/noticias\/guedes-atritos-ccj-deputados-bolsa-cai\/#primaryimage\"},\"thumbnailUrl\":\"https:\/\/files.sunoresearch.com.br\/n\/uploads\/2019\/04\/4cc1416c-guedes-jpg.webp\",\"datePublished\":\"2019-04-03T20:07:00+00:00\",\"dateModified\":\"2019-04-05T17:32:03+00:00\",\"description\":\"A audi\u00eancia p\u00fablica da CCJ da reforma da Previd\u00eancia da C\u00e2mara obteve atritos entre o Paulo Guedes, e os deputados.\u00a0Clique para saber mais.\",\"breadcrumb\":{\"@id\":\"https:\/\/www.suno.com.br\/noticias\/guedes-atritos-ccj-deputados-bolsa-cai\/#breadcrumb\"},\"inLanguage\":\"pt-BR\",\"potentialAction\":[{\"@type\":\"ReadAction\",\"target\":[\"https:\/\/www.suno.com.br\/noticias\/guedes-atritos-ccj-deputados-bolsa-cai\/\"]}]},{\"@type\":\"ImageObject\",\"inLanguage\":\"pt-BR\",\"@id\":\"https:\/\/www.suno.com.br\/noticias\/guedes-atritos-ccj-deputados-bolsa-cai\/#primaryimage\",\"url\":\"https:\/\/files.sunoresearch.com.br\/n\/uploads\/2019\/04\/4cc1416c-guedes-jpg.webp\",\"contentUrl\":\"https:\/\/files.sunoresearch.com.br\/n\/uploads\/2019\/04\/4cc1416c-guedes-jpg.webp\",\"width\":1140,\"height\":760,\"caption\":\"Petrobras\"},{\"@type\":\"BreadcrumbList\",\"@id\":\"https:\/\/www.suno.com.br\/noticias\/guedes-atritos-ccj-deputados-bolsa-cai\/#breadcrumb\",\"itemListElement\":[{\"@type\":\"ListItem\",\"position\":1,\"name\":\"Not\u00edcias\",\"item\":\"https:\/\/www.suno.com.br\/noticias\/\"},{\"@type\":\"ListItem\",\"position\":2,\"name\":\"Neg\u00f3cios\",\"item\":\"https:\/\/www.suno.com.br\/noticias\/negocios\/\"},{\"@type\":\"ListItem\",\"position\":3,\"name\":\"Guedes tem atritos com deputados; em paralelo, Bolsa cai quase 1%\"}]},{\"@type\":\"WebSite\",\"@id\":\"https:\/\/www.suno.com.br\/noticias\/#website\",\"url\":\"https:\/\/www.suno.com.br\/noticias\/\",\"name\":\"Suno Not\u00edcias\",\"description\":\"Seu portal de informa\u00e7\u00e3o sobre o mundo dos investimentos\",\"publisher\":{\"@id\":\"https:\/\/www.suno.com.br\/noticias\/#organization\"},\"potentialAction\":[{\"@type\":\"SearchAction\",\"target\":{\"@type\":\"EntryPoint\",\"urlTemplate\":\"https:\/\/www.suno.com.br\/noticias\/?s={search_term_string}\"},\"query-input\":{\"@type\":\"PropertyValueSpecification\",\"valueRequired\":true,\"valueName\":\"search_term_string\"}}],\"inLanguage\":\"pt-BR\"},{\"@type\":\"Organization\",\"@id\":\"https:\/\/www.suno.com.br\/noticias\/#organization\",\"name\":\"Suno Not\u00edcias\",\"url\":\"https:\/\/www.suno.com.br\/noticias\/\",\"logo\":{\"@type\":\"ImageObject\",\"inLanguage\":\"pt-BR\",\"@id\":\"https:\/\/www.suno.com.br\/noticias\/#\/schema\/logo\/image\/\",\"url\":\"https:\/\/files.sunoresearch.com.br\/n\/uploads\/2021\/09\/suno-logo.png\",\"contentUrl\":\"https:\/\/files.sunoresearch.com.br\/n\/uploads\/2021\/09\/suno-logo.png\",\"width\":180,\"height\":180,\"caption\":\"Suno Not\u00edcias\"},\"image\":{\"@id\":\"https:\/\/www.suno.com.br\/noticias\/#\/schema\/logo\/image\/\"},\"sameAs\":[\"https:\/\/facebook.com\/sunoresearch\",\"https:\/\/x.com\/sunoresearch\",\"https:\/\/www.instagram.com\/suno\",\"https:\/\/www.linkedin.com\/company\/suno-research\/\",\"https:\/\/www.youtube.com\/c\/sunoresearch\"]},{\"@type\":\"Person\",\"@id\":\"https:\/\/www.suno.com.br\/noticias\/#\/schema\/person\/a5b06fa4e879d8e8e119c6ed3cd630d1\",\"name\":\"Amanda Gushiken\",\"image\":{\"@type\":\"ImageObject\",\"inLanguage\":\"pt-BR\",\"@id\":\"https:\/\/www.suno.com.br\/noticias\/#\/schema\/person\/image\/\",\"url\":\"https:\/\/secure.gravatar.com\/avatar\/ecd84705e6b65e3685ae80d725501fbe?s=96&r=g\",\"contentUrl\":\"https:\/\/secure.gravatar.com\/avatar\/ecd84705e6b65e3685ae80d725501fbe?s=96&r=g\",\"caption\":\"Amanda Gushiken\"},\"description\":\"Amanda Sayuri Gushiken escreve sobre finan\u00e7as e neg\u00f3cios para o portal Suno Not\u00edcias. Antes, trabalhou selecionando not\u00edcias da imprensa para clientes do mercado financeiro. Tamb\u00e9m desenvolveu pesquisa acad\u00eamica pela Universidade Anhembi Morumbi na \u00e1rea de Teorias da Comunica\u00e7\u00e3o e \u00e9 fot\u00f3grafa nas horas vagas.\",\"url\":\"https:\/\/www.suno.com.br\/noticias\/author\/amanda\/\"}]}<\/script>\n<!-- \/ Yoast SEO plugin. -->","yoast_head_json":{"title":"Guedes tem atritos com deputados; em paralelo, Bolsa cai quase 1%","description":"A audi\u00eancia p\u00fablica da CCJ da reforma da Previd\u00eancia da C\u00e2mara obteve atritos entre o Paulo Guedes, e os deputados.\u00a0Clique para saber mais.","robots":{"index":"index","follow":"follow","max-snippet":"max-snippet:-1","max-image-preview":"max-image-preview:large","max-video-preview":"max-video-preview:-1"},"canonical":"https:\/\/www.suno.com.br\/noticias\/guedes-atritos-ccj-deputados-bolsa-cai\/","og_locale":"pt_BR","og_type":"article","og_title":"Guedes tem atritos com deputados; em paralelo, Bolsa cai quase 1%","og_description":"A audi\u00eancia p\u00fablica da CCJ da reforma da Previd\u00eancia da C\u00e2mara obteve atritos entre o Paulo Guedes, e os deputados.\u00a0Clique para saber mais.","og_url":"https:\/\/www.suno.com.br\/noticias\/guedes-atritos-ccj-deputados-bolsa-cai\/","og_site_name":"Suno Not\u00edcias","article_publisher":"https:\/\/facebook.com\/sunoresearch","og_image":[{"width":1140,"height":760,"url":"https:\/\/files.sunoresearch.com.br\/n\/uploads\/2019\/04\/4cc1416c-guedes.jpg","type":"image\/jpeg"}],"author":"Amanda Gushiken","twitter_card":"summary_large_image","twitter_creator":"@sunoresearch","twitter_site":"@sunoresearch","twitter_misc":{"Escrito por":"Amanda Gushiken","Est. tempo de leitura":"3 minutos"},"schema":{"@context":"https:\/\/schema.org","@graph":[{"@type":"NewsArticle","@id":"https:\/\/www.suno.com.br\/noticias\/guedes-atritos-ccj-deputados-bolsa-cai\/#article","isPartOf":{"@id":"https:\/\/www.suno.com.br\/noticias\/guedes-atritos-ccj-deputados-bolsa-cai\/"},"author":{"name":"Amanda Gushiken","@id":"https:\/\/www.suno.com.br\/noticias\/#\/schema\/person\/a5b06fa4e879d8e8e119c6ed3cd630d1"},"headline":"Guedes tem atritos com deputados; em paralelo, Bolsa cai quase 1%","datePublished":"2019-04-03T20:07:00+00:00","dateModified":"2019-04-05T17:32:03+00:00","mainEntityOfPage":{"@id":"https:\/\/www.suno.com.br\/noticias\/guedes-atritos-ccj-deputados-bolsa-cai\/"},"wordCount":628,"publisher":{"@id":"https:\/\/www.suno.com.br\/noticias\/#organization"},"image":{"@id":"https:\/\/www.suno.com.br\/noticias\/guedes-atritos-ccj-deputados-bolsa-cai\/#primaryimage"},"thumbnailUrl":"https:\/\/files.sunoresearch.com.br\/n\/uploads\/2019\/04\/4cc1416c-guedes-jpg.webp","keywords":["Elliott Management","Gol Linhas A\u00e9reas (GOLL11\/GOLL4)"],"articleSection":["Neg\u00f3cios"],"inLanguage":"pt-BR"},{"@type":"WebPage","@id":"https:\/\/www.suno.com.br\/noticias\/guedes-atritos-ccj-deputados-bolsa-cai\/","url":"https:\/\/www.suno.com.br\/noticias\/guedes-atritos-ccj-deputados-bolsa-cai\/","name":"Guedes tem atritos com deputados; em paralelo, Bolsa cai quase 1%","isPartOf":{"@id":"https:\/\/www.suno.com.br\/noticias\/#website"},"primaryImageOfPage":{"@id":"https:\/\/www.suno.com.br\/noticias\/guedes-atritos-ccj-deputados-bolsa-cai\/#primaryimage"},"image":{"@id":"https:\/\/www.suno.com.br\/noticias\/guedes-atritos-ccj-deputados-bolsa-cai\/#primaryimage"},"thumbnailUrl":"https:\/\/files.sunoresearch.com.br\/n\/uploads\/2019\/04\/4cc1416c-guedes-jpg.webp","datePublished":"2019-04-03T20:07:00+00:00","dateModified":"2019-04-05T17:32:03+00:00","description":"A audi\u00eancia p\u00fablica da CCJ da reforma da Previd\u00eancia da C\u00e2mara obteve atritos entre o Paulo Guedes, e os deputados.\u00a0Clique para saber mais.","breadcrumb":{"@id":"https:\/\/www.suno.com.br\/noticias\/guedes-atritos-ccj-deputados-bolsa-cai\/#breadcrumb"},"inLanguage":"pt-BR","potentialAction":[{"@type":"ReadAction","target":["https:\/\/www.suno.com.br\/noticias\/guedes-atritos-ccj-deputados-bolsa-cai\/"]}]},{"@type":"ImageObject","inLanguage":"pt-BR","@id":"https:\/\/www.suno.com.br\/noticias\/guedes-atritos-ccj-deputados-bolsa-cai\/#primaryimage","url":"https:\/\/files.sunoresearch.com.br\/n\/uploads\/2019\/04\/4cc1416c-guedes-jpg.webp","contentUrl":"https:\/\/files.sunoresearch.com.br\/n\/uploads\/2019\/04\/4cc1416c-guedes-jpg.webp","width":1140,"height":760,"caption":"Petrobras"},{"@type":"BreadcrumbList","@id":"https:\/\/www.suno.com.br\/noticias\/guedes-atritos-ccj-deputados-bolsa-cai\/#breadcrumb","itemListElement":[{"@type":"ListItem","position":1,"name":"Not\u00edcias","item":"https:\/\/www.suno.com.br\/noticias\/"},{"@type":"ListItem","position":2,"name":"Neg\u00f3cios","item":"https:\/\/www.suno.com.br\/noticias\/negocios\/"},{"@type":"ListItem","position":3,"name":"Guedes tem atritos com deputados; em paralelo, Bolsa cai quase 1%"}]},{"@type":"WebSite","@id":"https:\/\/www.suno.com.br\/noticias\/#website","url":"https:\/\/www.suno.com.br\/noticias\/","name":"Suno Not\u00edcias","description":"Seu portal de informa\u00e7\u00e3o sobre o mundo dos investimentos","publisher":{"@id":"https:\/\/www.suno.com.br\/noticias\/#organization"},"potentialAction":[{"@type":"SearchAction","target":{"@type":"EntryPoint","urlTemplate":"https:\/\/www.suno.com.br\/noticias\/?s={search_term_string}"},"query-input":{"@type":"PropertyValueSpecification","valueRequired":true,"valueName":"search_term_string"}}],"inLanguage":"pt-BR"},{"@type":"Organization","@id":"https:\/\/www.suno.com.br\/noticias\/#organization","name":"Suno Not\u00edcias","url":"https:\/\/www.suno.com.br\/noticias\/","logo":{"@type":"ImageObject","inLanguage":"pt-BR","@id":"https:\/\/www.suno.com.br\/noticias\/#\/schema\/logo\/image\/","url":"https:\/\/files.sunoresearch.com.br\/n\/uploads\/2021\/09\/suno-logo.png","contentUrl":"https:\/\/files.sunoresearch.com.br\/n\/uploads\/2021\/09\/suno-logo.png","width":180,"height":180,"caption":"Suno Not\u00edcias"},"image":{"@id":"https:\/\/www.suno.com.br\/noticias\/#\/schema\/logo\/image\/"},"sameAs":["https:\/\/facebook.com\/sunoresearch","https:\/\/x.com\/sunoresearch","https:\/\/www.instagram.com\/suno","https:\/\/www.linkedin.com\/company\/suno-research\/","https:\/\/www.youtube.com\/c\/sunoresearch"]},{"@type":"Person","@id":"https:\/\/www.suno.com.br\/noticias\/#\/schema\/person\/a5b06fa4e879d8e8e119c6ed3cd630d1","name":"Amanda Gushiken","image":{"@type":"ImageObject","inLanguage":"pt-BR","@id":"https:\/\/www.suno.com.br\/noticias\/#\/schema\/person\/image\/","url":"https:\/\/secure.gravatar.com\/avatar\/ecd84705e6b65e3685ae80d725501fbe?s=96&r=g","contentUrl":"https:\/\/secure.gravatar.com\/avatar\/ecd84705e6b65e3685ae80d725501fbe?s=96&r=g","caption":"Amanda Gushiken"},"description":"Amanda Sayuri Gushiken escreve sobre finan\u00e7as e neg\u00f3cios para o portal Suno Not\u00edcias. Antes, trabalhou selecionando not\u00edcias da imprensa para clientes do mercado financeiro. Tamb\u00e9m desenvolveu pesquisa acad\u00eamica pela Universidade Anhembi Morumbi na \u00e1rea de Teorias da Comunica\u00e7\u00e3o e \u00e9 fot\u00f3grafa nas horas vagas.","url":"https:\/\/www.suno.com.br\/noticias\/author\/amanda\/"}]}},"default_loop_html":"<div class=\"cardsPage__listCard__boxs\"><div class=\"cardsPage__listCard__boxs__img\"><a href=\"https:\/\/www.suno.com.br\/noticias\/guedes-atritos-ccj-deputados-bolsa-cai\/\"><img class=\"mask\" src=\"https:\/\/www.suno.com.br\/noticias\/wp-content\/themes\/suno\/resources\/images\/spotlight\/spotlight1img\/bg-mask.png\" alt=\"Image Mask\"\/><img src=\"https:\/\/files.sunoresearch.com.br\/n\/uploads\/2019\/04\/4cc1416c-guedes-400x200.webp\" alt=\"Guedes tem atritos com deputados; em paralelo, Bolsa cai quase 1%\"\/><\/a><span class=\"spotlightCategory\"><a href=\"https:\/\/www.suno.com.br\/noticias\/negocios\/\">Neg\u00f3cios<\/a><\/span><\/div><div class=\"cardsPage__listCard__boxs__content\"><a href=\"https:\/\/www.suno.com.br\/noticias\/guedes-atritos-ccj-deputados-bolsa-cai\/\"><h2 class=\"content__title\">Guedes tem atritos com deputados; em paralelo, Bolsa cai quase 1%<\/h2><\/a><div class=\"newsContent__article__meta\"><div class=\"newsContent__article__meta__authorBox\"><a href=\"https:\/\/www.suno.com.br\/noticias\/author\/amanda\/\" class=\"authorBox__avatar noMobi\"><img src=\"https:\/\/files.sunoresearch.com.br\/n\/uploads\/2018\/11\/c6ad30be-amanda-150x150.webp\" alt=\"Amanda Gushiken\"><\/a><div class=\"authorBox__name\"><span>por\n\t\t\t<a href=\"https:\/\/www.suno.com.br\/noticias\/author\/amanda\/\"><span itemprop=\"author\">Amanda Gushiken<\/span><\/a><\/span><time datetime=\"2019-04-03T17:07:00-03:00\" itemprop=\"datePublished\">03\/04\/2019 17:07<\/time><\/div><\/div><\/div><\/div><\/div>","single_layout":"posts","amp_enabled":true,"_links":{"self":[{"href":"https:\/\/www.suno.com.br\/noticias\/wp-json\/wp\/v2\/posts\/19875"}],"collection":[{"href":"https:\/\/www.suno.com.br\/noticias\/wp-json\/wp\/v2\/posts"}],"about":[{"href":"https:\/\/www.suno.com.br\/noticias\/wp-json\/wp\/v2\/types\/post"}],"author":[{"embeddable":true,"href":"https:\/\/www.suno.com.br\/noticias\/wp-json\/wp\/v2\/users\/12"}],"replies":[{"embeddable":true,"href":"https:\/\/www.suno.com.br\/noticias\/wp-json\/wp\/v2\/comments?post=19875"}],"version-history":[{"count":0,"href":"https:\/\/www.suno.com.br\/noticias\/wp-json\/wp\/v2\/posts\/19875\/revisions"}],"wp:featuredmedia":[{"embeddable":true,"href":"https:\/\/www.suno.com.br\/noticias\/wp-json\/wp\/v2\/media\/19896"}],"wp:attachment":[{"href":"https:\/\/www.suno.com.br\/noticias\/wp-json\/wp\/v2\/media?parent=19875"}],"wp:term":[{"taxonomy":"category","embeddable":true,"href":"https:\/\/www.suno.com.br\/noticias\/wp-json\/wp\/v2\/categories?post=19875"},{"taxonomy":"post_tag","embeddable":true,"href":"https:\/\/www.suno.com.br\/noticias\/wp-json\/wp\/v2\/tags?post=19875"},{"taxonomy":"suno_strategy","embeddable":true,"href":"https:\/\/www.suno.com.br\/noticias\/wp-json\/wp\/v2\/suno_strategy?post=19875"}],"curies":[{"name":"wp","href":"https:\/\/api.w.org\/{rel}","templated":true}]}}