{"id":198567,"date":"2021-10-28T19:05:56","date_gmt":"2021-10-28T22:05:56","guid":{"rendered":"https:\/\/www.suno.com.br\/noticias\/?p=198567"},"modified":"2021-10-28T19:05:56","modified_gmt":"2021-10-28T22:05:56","slug":"copom-alta-selic-aumento-risco","status":"publish","type":"post","link":"https:\/\/www.suno.com.br\/noticias\/copom-alta-selic-aumento-risco\/","title":{"rendered":"Copom: alta da Selic refor\u00e7a aumento da percep\u00e7\u00e3o de risco"},"content":{"rendered":"<p>A decis\u00e3o do <a class=\"suno-keyword\" href=\"https:\/\/www.suno.com.br\/artigos\/copom\/\" target=\"_blank\" rel=\"noopener\" data-force=\"no\" data-priority=\"2\">Comit\u00ea de Pol\u00edtica Monet\u00e1ria (Copom)<\/a> do Banco Central (BC) de elevar a taxa b\u00e1sica de juros (<strong>Selic<\/strong>) em 1,5 ponto percentual, para 7,75% ao ano, veio em linha com a proje\u00e7\u00e3o majorit\u00e1ria dos participantes de mercado e refor\u00e7ou o aumento da percep\u00e7\u00e3o de risco.<\/p>\t<div class=\"wrapper-featured-image\">\n\t\t<figure class=\"spotlightImg\">\n\n\t\t\t<picture>\n\t\t\t\t<source media=\"(max-width: 768px)\" srcset=\"https:\/\/files.sunoresearch.com.br\/n\/uploads\/2021\/06\/0310b5f0-49964064697_040ade0f3c_k-400x200.webp\">\n\t\t\t\t<img loading=\"lazy\" decoding=\"async\" class=\"newsContent__article__imgCapa lazyloadDisabled \" src=\"https:\/\/files.sunoresearch.com.br\/n\/uploads\/2021\/06\/0310b5f0-49964064697_040ade0f3c_k-800x450.webp\" width=\"800\" height=\"450\" alt=\"Copom: alta da Selic refor\u00e7a aumento da percep\u00e7\u00e3o de risco\" fetchpriority=high \/>\n\t\t\t<\/picture>\n\n\t\t\t<figcaption class=\"wp-caption-text wp-caption-text--show\">Segundo O BC, todo relacionamento do cidad\u00e3o com o servi\u00e7o ser\u00e1 feito pela nova p\u00e1gina, e n\u00e3o ser\u00e1 poss\u00edvel acessar o sistema pelo site principal do \u00f3rg\u00e3o. Foto: Leonardo S\u00e1 Ag\u00eancia Senado<\/figcaption>\n\t\t<\/figure>\n\t<\/div>\n\n\n\t<p>\n\t\t<a href=\"https:\/\/lp.suno.com.br\/planilha-controle-gastos\/\" target=\"_blank\" data-element=\"shortcode-suno-banner\" title=\"Banner SUNO, clique e saiba mais\">\n\t\t\t<picture>\n\t\t\t\t<source media=\"(max-width: 500px)\" srcset=\"https:\/\/files.sunoresearch.com.br\/n\/uploads\/2023\/03\/400x300-Planilha-controle-de-gastos.png\">\n\t\t\t\t<img class=\"newsContent__article__imgCapa newsContent__article__imgCapa--banner\"\n\t\t\t\t\tsrc=\"https:\/\/files.sunoresearch.com.br\/n\/uploads\/2023\/03\/1420x240-Planilha-controle-de-gastos.png\"\n\t\t\t\t\tdata-promo-id=\"101751\"\t\t\t\t\t\t\t\t\t\twidth='1420' height='240'\t\t\t\t\talt=\"https:\/\/files.sunoresearch.com.br\/n\/uploads\/2023\/03\/1420x240-Planilha-controle-de-gastos.png\"\n\t\t\t\t>\n\t\t\t<\/picture>\n\t\t<\/a>\n\t<\/p>\n\n\n<p>O Copom imprimiu o sexto aumento consecutivo da<strong> taxa Selic <\/strong>e contratou um incremento da mesma magnitude, de 1,5 ponto percentual, para a pr\u00f3xima reuni\u00e3o, em dezembro, para 9,25% ao ano.<\/p>\n<p>O colegiado entregou uma eleva\u00e7\u00e3o prevista pela revis\u00e3o recente do <strong>Ita\u00fa BBA<\/strong>. Na an\u00e1lise de Mario Mesquita, economista-chefe do banco, o comunicado assinou o aumento das incertezas acerca da <a class=\"suno-keyword\" href=\"https:\/\/www.suno.com.br\/artigos\/politica-fiscal\/\" target=\"_blank\" rel=\"noopener\" data-force=\"no\" data-priority=\"1\">pol\u00edtica fiscal<\/a> e indicou que uma maior volatilidade poderia levar a autoridade monet\u00e1ria recalibrar a postura.\u00a0 &#8220;Por ora, eles est\u00e3o em pleno modo de conten\u00e7\u00e3o de danos.&#8221;<\/p>\n<p>O Ita\u00fa BBA conferiu destaque \u00e0 declara\u00e7\u00e3o do BC sobre o aumento do risco de desancoragem das expectativas de infla\u00e7\u00e3o, em meio a questionamentos em rela\u00e7\u00e3o ao arcabou\u00e7o fiscal.<\/p>\n\t<p>\n\t\t<a href=\"https:\/\/lp.suno.com.br\/planilha-da-vida-financeira\/\" target=\"_blank\" data-element=\"shortcode-suno-banner\" title=\"Banner SUNO, clique e saiba mais\">\n\t\t\t<picture>\n\t\t\t\t<source media=\"(max-width: 500px)\" srcset=\"https:\/\/files.sunoresearch.com.br\/n\/uploads\/2023\/04\/400x300-Planilha-vida-financeira-true.png\">\n\t\t\t\t<img class=\"newsContent__article__imgCapa newsContent__article__imgCapa--banner\"\n\t\t\t\t\tsrc=\"https:\/\/files.sunoresearch.com.br\/n\/uploads\/2023\/04\/1420x240-Planilha-vida-financeira-true.png\"\n\t\t\t\t\tdata-promo-id=\"106682\"\t\t\t\t\t\t\t\t\t\twidth='1420' height='240'\t\t\t\t\talt=\"https:\/\/files.sunoresearch.com.br\/n\/uploads\/2023\/04\/1420x240-Planilha-vida-financeira-true.png\"\n\t\t\t\t>\n\t\t\t<\/picture>\n\t\t<\/a>\n\t<\/p>\n\n\n<p>A expectativa do banco \u00e9 de que o comit\u00ea eleve a taxa Selic em mais 1,5 ponto percentual na reuni\u00e3o de dezembro, conforme sinalizado pelo Banco Central, atingindo 9,25% ao ano ao final de 2021.<\/p>\n<h2>Ritmo de alta da Selic pode acelerar com agravamento do quadro fiscal<\/h2>\n<p>A proje\u00e7\u00e3o do Ita\u00fa \u00e9 a mesma do Credit Suisse: 1,5 ponto percentual na pr\u00f3xima reuni\u00e3o do <strong>Copom<\/strong>. Para Solange Srour, economista-chefe do Banco no Brasil, o comunicado do BC teve tom semelhante \u00e0 expectativa da casa.<\/p>\n<p>A especialista reconheceu que os riscos fiscal podem elevar e possivelmente acelerar o ritmo do aperto monet\u00e1rio feito pelo Banco Central.<\/p>\n<p>A avalia\u00e7\u00e3o relativa \u00e0 taxa <strong>Selic<\/strong> deve-se ao potencial enfraquecimento do quadro fiscal, especialmente durante as discuss\u00f5es acerca do <a class=\"suno-keyword\" href=\"https:\/\/www.suno.com.br\/artigos\/teto-de-gastos\/\" target=\"_blank\" rel=\"noopener\" data-force=\"no\" data-priority=\"1\">teto de gastos<\/a> no Congresso Nacional. &#8220;Mudan\u00e7as na regra fiscal com o objetivo de aumentar as despesas nos pr\u00f3ximos anos provavelmente reduzir\u00e3o a credibilidade da regra para estabilizar a trajet\u00f3ria da d\u00edvida bruta no m\u00e9dio a longo prazo.&#8221;<\/p>\n\t<p>\n\t\t<a href=\"\" target=\"_blank\" data-element=\"shortcode-suno-banner\" title=\"Banner SUNO, clique e saiba mais\">\n\t\t\t<picture>\n\t\t\t\t<source media=\"(max-width: 500px)\" srcset=\"\">\n\t\t\t\t<img class=\"newsContent__article__imgCapa newsContent__article__imgCapa--banner\"\n\t\t\t\t\tsrc=\"\"\n\t\t\t\t\tdata-promo-id=\"184190\"\t\t\t\t\t\t\t\t\t\t\t\t\t\t\talt=\"\"\n\t\t\t\t>\n\t\t\t<\/picture>\n\t\t<\/a>\n\t<\/p>\n\n\n","protected":false},"excerpt":{"rendered":"<p>A decis\u00e3o do Comit\u00ea de Pol\u00edtica Monet\u00e1ria (Copom) do Banco Central (BC) de elevar a taxa b\u00e1sica de juros (Selic) em 1,5 ponto percentual, para 7,75% ao ano, veio em linha com a proje\u00e7\u00e3o majorit\u00e1ria dos participantes de mercado e refor\u00e7ou o aumento da percep\u00e7\u00e3o de risco. Segundo O BC, todo relacionamento do cidad\u00e3o com [&hellip;]<\/p>\n","protected":false},"author":35,"featured_media":158689,"comment_status":"closed","ping_status":"closed","sticky":false,"template":"","format":"standard","meta":[],"categories":[64],"tags":[1788,105816,1886,290],"suno_strategy":[],"class_list":["post-198567","post","type-post","status-publish","format-standard","has-post-thumbnail","hentry","category-negocios","tag-credit-suisse-c1su34","tag-especialistas","tag-itau-bba","tag-taxa-selic"],"yoast_head":"<!-- This site is optimized with the Yoast SEO plugin v24.4 - https:\/\/yoast.com\/wordpress\/plugins\/seo\/ -->\n<title>Copom: alta da Selic refor\u00e7a aumento da percep\u00e7\u00e3o de risco<\/title>\n<meta name=\"description\" content=\"A decis\u00e3o do Copom de elevar a taxa Selic em 1,5 ponto refor\u00e7ou o aumento da percep\u00e7\u00e3o de risco. Clique aqui para saber mais.\" \/>\n<meta name=\"robots\" content=\"index, follow, max-snippet:-1, max-image-preview:large, max-video-preview:-1\" \/>\n<link rel=\"canonical\" href=\"https:\/\/www.suno.com.br\/noticias\/copom-alta-selic-aumento-risco\/\" \/>\n<meta property=\"og:locale\" content=\"pt_BR\" \/>\n<meta property=\"og:type\" content=\"article\" \/>\n<meta property=\"og:title\" content=\"Copom: alta da Selic refor\u00e7a aumento da percep\u00e7\u00e3o de risco\" \/>\n<meta property=\"og:description\" content=\"A decis\u00e3o do Copom de elevar a taxa Selic em 1,5 ponto refor\u00e7ou o aumento da percep\u00e7\u00e3o de risco. Clique aqui para saber mais.\" \/>\n<meta property=\"og:url\" content=\"https:\/\/www.suno.com.br\/noticias\/copom-alta-selic-aumento-risco\/\" \/>\n<meta property=\"og:site_name\" content=\"Suno Not\u00edcias\" \/>\n<meta property=\"article:publisher\" content=\"https:\/\/facebook.com\/sunoresearch\" \/>\n<meta property=\"og:image\" content=\"https:\/\/files.sunoresearch.com.br\/n\/uploads\/2021\/06\/0310b5f0-49964064697_040ade0f3c_k.jpg\" \/>\n\t<meta property=\"og:image:width\" content=\"2048\" \/>\n\t<meta property=\"og:image:height\" content=\"1364\" \/>\n\t<meta property=\"og:image:type\" content=\"image\/jpeg\" \/>\n<meta name=\"author\" content=\"Arthur Guimar\u00e3es\" \/>\n<meta name=\"twitter:card\" content=\"summary_large_image\" \/>\n<meta name=\"twitter:creator\" content=\"@sunoresearch\" \/>\n<meta name=\"twitter:site\" content=\"@sunoresearch\" \/>\n<meta name=\"twitter:label1\" content=\"Escrito por\" \/>\n\t<meta name=\"twitter:data1\" content=\"Arthur Guimar\u00e3es\" \/>\n\t<meta name=\"twitter:label2\" content=\"Est. tempo de leitura\" \/>\n\t<meta name=\"twitter:data2\" content=\"2 minutos\" \/>\n<script type=\"application\/ld+json\" class=\"yoast-schema-graph\">{\"@context\":\"https:\/\/schema.org\",\"@graph\":[{\"@type\":\"NewsArticle\",\"@id\":\"https:\/\/www.suno.com.br\/noticias\/copom-alta-selic-aumento-risco\/#article\",\"isPartOf\":{\"@id\":\"https:\/\/www.suno.com.br\/noticias\/copom-alta-selic-aumento-risco\/\"},\"author\":{\"name\":\"Arthur Guimar\u00e3es\",\"@id\":\"https:\/\/www.suno.com.br\/noticias\/#\/schema\/person\/053a750a709a263919a20f976caae91c\"},\"headline\":\"Copom: alta da Selic refor\u00e7a aumento da percep\u00e7\u00e3o de risco\",\"datePublished\":\"2021-10-28T22:05:56+00:00\",\"mainEntityOfPage\":{\"@id\":\"https:\/\/www.suno.com.br\/noticias\/copom-alta-selic-aumento-risco\/\"},\"wordCount\":367,\"publisher\":{\"@id\":\"https:\/\/www.suno.com.br\/noticias\/#organization\"},\"image\":{\"@id\":\"https:\/\/www.suno.com.br\/noticias\/copom-alta-selic-aumento-risco\/#primaryimage\"},\"thumbnailUrl\":\"https:\/\/files.sunoresearch.com.br\/n\/uploads\/2021\/06\/0310b5f0-49964064697_040ade0f3c_k-jpg.webp\",\"keywords\":[\"Credit Suisse (C1SU34)\",\"Especialistas\",\"Ita\u00fa BBA\",\"Taxa Selic\"],\"articleSection\":[\"Neg\u00f3cios\"],\"inLanguage\":\"pt-BR\"},{\"@type\":\"WebPage\",\"@id\":\"https:\/\/www.suno.com.br\/noticias\/copom-alta-selic-aumento-risco\/\",\"url\":\"https:\/\/www.suno.com.br\/noticias\/copom-alta-selic-aumento-risco\/\",\"name\":\"Copom: alta da Selic refor\u00e7a aumento da percep\u00e7\u00e3o de risco\",\"isPartOf\":{\"@id\":\"https:\/\/www.suno.com.br\/noticias\/#website\"},\"primaryImageOfPage\":{\"@id\":\"https:\/\/www.suno.com.br\/noticias\/copom-alta-selic-aumento-risco\/#primaryimage\"},\"image\":{\"@id\":\"https:\/\/www.suno.com.br\/noticias\/copom-alta-selic-aumento-risco\/#primaryimage\"},\"thumbnailUrl\":\"https:\/\/files.sunoresearch.com.br\/n\/uploads\/2021\/06\/0310b5f0-49964064697_040ade0f3c_k-jpg.webp\",\"datePublished\":\"2021-10-28T22:05:56+00:00\",\"description\":\"A decis\u00e3o do Copom de elevar a taxa Selic em 1,5 ponto refor\u00e7ou o aumento da percep\u00e7\u00e3o de risco. Clique aqui para saber mais.\",\"breadcrumb\":{\"@id\":\"https:\/\/www.suno.com.br\/noticias\/copom-alta-selic-aumento-risco\/#breadcrumb\"},\"inLanguage\":\"pt-BR\",\"potentialAction\":[{\"@type\":\"ReadAction\",\"target\":[\"https:\/\/www.suno.com.br\/noticias\/copom-alta-selic-aumento-risco\/\"]}]},{\"@type\":\"ImageObject\",\"inLanguage\":\"pt-BR\",\"@id\":\"https:\/\/www.suno.com.br\/noticias\/copom-alta-selic-aumento-risco\/#primaryimage\",\"url\":\"https:\/\/files.sunoresearch.com.br\/n\/uploads\/2021\/06\/0310b5f0-49964064697_040ade0f3c_k-jpg.webp\",\"contentUrl\":\"https:\/\/files.sunoresearch.com.br\/n\/uploads\/2021\/06\/0310b5f0-49964064697_040ade0f3c_k-jpg.webp\",\"width\":2048,\"height\":1364,\"caption\":\"Segundo O BC, todo relacionamento do cidad\u00e3o com o servi\u00e7o ser\u00e1 feito pela nova p\u00e1gina, e n\u00e3o ser\u00e1 poss\u00edvel acessar o sistema pelo site principal do \u00f3rg\u00e3o. Foto: Leonardo S\u00e1 Ag\u00eancia Senado\"},{\"@type\":\"BreadcrumbList\",\"@id\":\"https:\/\/www.suno.com.br\/noticias\/copom-alta-selic-aumento-risco\/#breadcrumb\",\"itemListElement\":[{\"@type\":\"ListItem\",\"position\":1,\"name\":\"Not\u00edcias\",\"item\":\"https:\/\/www.suno.com.br\/noticias\/\"},{\"@type\":\"ListItem\",\"position\":2,\"name\":\"Neg\u00f3cios\",\"item\":\"https:\/\/www.suno.com.br\/noticias\/negocios\/\"},{\"@type\":\"ListItem\",\"position\":3,\"name\":\"Copom: alta da Selic refor\u00e7a aumento da percep\u00e7\u00e3o de risco\"}]},{\"@type\":\"WebSite\",\"@id\":\"https:\/\/www.suno.com.br\/noticias\/#website\",\"url\":\"https:\/\/www.suno.com.br\/noticias\/\",\"name\":\"Suno Not\u00edcias\",\"description\":\"Seu portal de informa\u00e7\u00e3o sobre o mundo dos investimentos\",\"publisher\":{\"@id\":\"https:\/\/www.suno.com.br\/noticias\/#organization\"},\"potentialAction\":[{\"@type\":\"SearchAction\",\"target\":{\"@type\":\"EntryPoint\",\"urlTemplate\":\"https:\/\/www.suno.com.br\/noticias\/?s={search_term_string}\"},\"query-input\":{\"@type\":\"PropertyValueSpecification\",\"valueRequired\":true,\"valueName\":\"search_term_string\"}}],\"inLanguage\":\"pt-BR\"},{\"@type\":\"Organization\",\"@id\":\"https:\/\/www.suno.com.br\/noticias\/#organization\",\"name\":\"Suno Not\u00edcias\",\"url\":\"https:\/\/www.suno.com.br\/noticias\/\",\"logo\":{\"@type\":\"ImageObject\",\"inLanguage\":\"pt-BR\",\"@id\":\"https:\/\/www.suno.com.br\/noticias\/#\/schema\/logo\/image\/\",\"url\":\"https:\/\/files.sunoresearch.com.br\/n\/uploads\/2021\/09\/suno-logo.png\",\"contentUrl\":\"https:\/\/files.sunoresearch.com.br\/n\/uploads\/2021\/09\/suno-logo.png\",\"width\":180,\"height\":180,\"caption\":\"Suno Not\u00edcias\"},\"image\":{\"@id\":\"https:\/\/www.suno.com.br\/noticias\/#\/schema\/logo\/image\/\"},\"sameAs\":[\"https:\/\/facebook.com\/sunoresearch\",\"https:\/\/x.com\/sunoresearch\",\"https:\/\/www.instagram.com\/suno\",\"https:\/\/www.linkedin.com\/company\/suno-research\/\",\"https:\/\/www.youtube.com\/c\/sunoresearch\"]},{\"@type\":\"Person\",\"@id\":\"https:\/\/www.suno.com.br\/noticias\/#\/schema\/person\/053a750a709a263919a20f976caae91c\",\"name\":\"Arthur Guimar\u00e3es\",\"image\":{\"@type\":\"ImageObject\",\"inLanguage\":\"pt-BR\",\"@id\":\"https:\/\/www.suno.com.br\/noticias\/#\/schema\/person\/image\/\",\"url\":\"https:\/\/secure.gravatar.com\/avatar\/1affd86a11209ae09eb6dd3bcad3e96c?s=96&r=g\",\"contentUrl\":\"https:\/\/secure.gravatar.com\/avatar\/1affd86a11209ae09eb6dd3bcad3e96c?s=96&r=g\",\"caption\":\"Arthur Guimar\u00e3es\"},\"description\":\"Arthur Guimar\u00e3es escreve sobre pol\u00edtica, economia e neg\u00f3cios para o portal de not\u00edcias da Suno Research. Atualmente, \u00e9 estudante de jornalismo pela Faculdade C\u00e1sper L\u00edbero.\",\"url\":\"https:\/\/www.suno.com.br\/noticias\/author\/arthur-guimaraes\/\"}]}<\/script>\n<!-- \/ Yoast SEO plugin. -->","yoast_head_json":{"title":"Copom: alta da Selic refor\u00e7a aumento da percep\u00e7\u00e3o de risco","description":"A decis\u00e3o do Copom de elevar a taxa Selic em 1,5 ponto refor\u00e7ou o aumento da percep\u00e7\u00e3o de risco. Clique aqui para saber mais.","robots":{"index":"index","follow":"follow","max-snippet":"max-snippet:-1","max-image-preview":"max-image-preview:large","max-video-preview":"max-video-preview:-1"},"canonical":"https:\/\/www.suno.com.br\/noticias\/copom-alta-selic-aumento-risco\/","og_locale":"pt_BR","og_type":"article","og_title":"Copom: alta da Selic refor\u00e7a aumento da percep\u00e7\u00e3o de risco","og_description":"A decis\u00e3o do Copom de elevar a taxa Selic em 1,5 ponto refor\u00e7ou o aumento da percep\u00e7\u00e3o de risco. Clique aqui para saber mais.","og_url":"https:\/\/www.suno.com.br\/noticias\/copom-alta-selic-aumento-risco\/","og_site_name":"Suno Not\u00edcias","article_publisher":"https:\/\/facebook.com\/sunoresearch","og_image":[{"width":2048,"height":1364,"url":"https:\/\/files.sunoresearch.com.br\/n\/uploads\/2021\/06\/0310b5f0-49964064697_040ade0f3c_k.jpg","type":"image\/jpeg"}],"author":"Arthur Guimar\u00e3es","twitter_card":"summary_large_image","twitter_creator":"@sunoresearch","twitter_site":"@sunoresearch","twitter_misc":{"Escrito por":"Arthur Guimar\u00e3es","Est. tempo de leitura":"2 minutos"},"schema":{"@context":"https:\/\/schema.org","@graph":[{"@type":"NewsArticle","@id":"https:\/\/www.suno.com.br\/noticias\/copom-alta-selic-aumento-risco\/#article","isPartOf":{"@id":"https:\/\/www.suno.com.br\/noticias\/copom-alta-selic-aumento-risco\/"},"author":{"name":"Arthur Guimar\u00e3es","@id":"https:\/\/www.suno.com.br\/noticias\/#\/schema\/person\/053a750a709a263919a20f976caae91c"},"headline":"Copom: alta da Selic refor\u00e7a aumento da percep\u00e7\u00e3o de risco","datePublished":"2021-10-28T22:05:56+00:00","mainEntityOfPage":{"@id":"https:\/\/www.suno.com.br\/noticias\/copom-alta-selic-aumento-risco\/"},"wordCount":367,"publisher":{"@id":"https:\/\/www.suno.com.br\/noticias\/#organization"},"image":{"@id":"https:\/\/www.suno.com.br\/noticias\/copom-alta-selic-aumento-risco\/#primaryimage"},"thumbnailUrl":"https:\/\/files.sunoresearch.com.br\/n\/uploads\/2021\/06\/0310b5f0-49964064697_040ade0f3c_k-jpg.webp","keywords":["Credit Suisse (C1SU34)","Especialistas","Ita\u00fa BBA","Taxa Selic"],"articleSection":["Neg\u00f3cios"],"inLanguage":"pt-BR"},{"@type":"WebPage","@id":"https:\/\/www.suno.com.br\/noticias\/copom-alta-selic-aumento-risco\/","url":"https:\/\/www.suno.com.br\/noticias\/copom-alta-selic-aumento-risco\/","name":"Copom: alta da Selic refor\u00e7a aumento da percep\u00e7\u00e3o de risco","isPartOf":{"@id":"https:\/\/www.suno.com.br\/noticias\/#website"},"primaryImageOfPage":{"@id":"https:\/\/www.suno.com.br\/noticias\/copom-alta-selic-aumento-risco\/#primaryimage"},"image":{"@id":"https:\/\/www.suno.com.br\/noticias\/copom-alta-selic-aumento-risco\/#primaryimage"},"thumbnailUrl":"https:\/\/files.sunoresearch.com.br\/n\/uploads\/2021\/06\/0310b5f0-49964064697_040ade0f3c_k-jpg.webp","datePublished":"2021-10-28T22:05:56+00:00","description":"A decis\u00e3o do Copom de elevar a taxa Selic em 1,5 ponto refor\u00e7ou o aumento da percep\u00e7\u00e3o de risco. Clique aqui para saber mais.","breadcrumb":{"@id":"https:\/\/www.suno.com.br\/noticias\/copom-alta-selic-aumento-risco\/#breadcrumb"},"inLanguage":"pt-BR","potentialAction":[{"@type":"ReadAction","target":["https:\/\/www.suno.com.br\/noticias\/copom-alta-selic-aumento-risco\/"]}]},{"@type":"ImageObject","inLanguage":"pt-BR","@id":"https:\/\/www.suno.com.br\/noticias\/copom-alta-selic-aumento-risco\/#primaryimage","url":"https:\/\/files.sunoresearch.com.br\/n\/uploads\/2021\/06\/0310b5f0-49964064697_040ade0f3c_k-jpg.webp","contentUrl":"https:\/\/files.sunoresearch.com.br\/n\/uploads\/2021\/06\/0310b5f0-49964064697_040ade0f3c_k-jpg.webp","width":2048,"height":1364,"caption":"Segundo O BC, todo relacionamento do cidad\u00e3o com o servi\u00e7o ser\u00e1 feito pela nova p\u00e1gina, e n\u00e3o ser\u00e1 poss\u00edvel acessar o sistema pelo site principal do \u00f3rg\u00e3o. Foto: Leonardo S\u00e1 Ag\u00eancia Senado"},{"@type":"BreadcrumbList","@id":"https:\/\/www.suno.com.br\/noticias\/copom-alta-selic-aumento-risco\/#breadcrumb","itemListElement":[{"@type":"ListItem","position":1,"name":"Not\u00edcias","item":"https:\/\/www.suno.com.br\/noticias\/"},{"@type":"ListItem","position":2,"name":"Neg\u00f3cios","item":"https:\/\/www.suno.com.br\/noticias\/negocios\/"},{"@type":"ListItem","position":3,"name":"Copom: alta da Selic refor\u00e7a aumento da percep\u00e7\u00e3o de risco"}]},{"@type":"WebSite","@id":"https:\/\/www.suno.com.br\/noticias\/#website","url":"https:\/\/www.suno.com.br\/noticias\/","name":"Suno Not\u00edcias","description":"Seu portal de informa\u00e7\u00e3o sobre o mundo dos investimentos","publisher":{"@id":"https:\/\/www.suno.com.br\/noticias\/#organization"},"potentialAction":[{"@type":"SearchAction","target":{"@type":"EntryPoint","urlTemplate":"https:\/\/www.suno.com.br\/noticias\/?s={search_term_string}"},"query-input":{"@type":"PropertyValueSpecification","valueRequired":true,"valueName":"search_term_string"}}],"inLanguage":"pt-BR"},{"@type":"Organization","@id":"https:\/\/www.suno.com.br\/noticias\/#organization","name":"Suno Not\u00edcias","url":"https:\/\/www.suno.com.br\/noticias\/","logo":{"@type":"ImageObject","inLanguage":"pt-BR","@id":"https:\/\/www.suno.com.br\/noticias\/#\/schema\/logo\/image\/","url":"https:\/\/files.sunoresearch.com.br\/n\/uploads\/2021\/09\/suno-logo.png","contentUrl":"https:\/\/files.sunoresearch.com.br\/n\/uploads\/2021\/09\/suno-logo.png","width":180,"height":180,"caption":"Suno Not\u00edcias"},"image":{"@id":"https:\/\/www.suno.com.br\/noticias\/#\/schema\/logo\/image\/"},"sameAs":["https:\/\/facebook.com\/sunoresearch","https:\/\/x.com\/sunoresearch","https:\/\/www.instagram.com\/suno","https:\/\/www.linkedin.com\/company\/suno-research\/","https:\/\/www.youtube.com\/c\/sunoresearch"]},{"@type":"Person","@id":"https:\/\/www.suno.com.br\/noticias\/#\/schema\/person\/053a750a709a263919a20f976caae91c","name":"Arthur Guimar\u00e3es","image":{"@type":"ImageObject","inLanguage":"pt-BR","@id":"https:\/\/www.suno.com.br\/noticias\/#\/schema\/person\/image\/","url":"https:\/\/secure.gravatar.com\/avatar\/1affd86a11209ae09eb6dd3bcad3e96c?s=96&r=g","contentUrl":"https:\/\/secure.gravatar.com\/avatar\/1affd86a11209ae09eb6dd3bcad3e96c?s=96&r=g","caption":"Arthur Guimar\u00e3es"},"description":"Arthur Guimar\u00e3es escreve sobre pol\u00edtica, economia e neg\u00f3cios para o portal de not\u00edcias da Suno Research. Atualmente, \u00e9 estudante de jornalismo pela Faculdade C\u00e1sper L\u00edbero.","url":"https:\/\/www.suno.com.br\/noticias\/author\/arthur-guimaraes\/"}]}},"default_loop_html":"<div class=\"cardsPage__listCard__boxs\"><div class=\"cardsPage__listCard__boxs__img\"><a href=\"https:\/\/www.suno.com.br\/noticias\/copom-alta-selic-aumento-risco\/\"><img class=\"mask\" src=\"https:\/\/www.suno.com.br\/noticias\/wp-content\/themes\/suno\/resources\/images\/spotlight\/spotlight1img\/bg-mask.png\" alt=\"Image Mask\"\/><img src=\"https:\/\/files.sunoresearch.com.br\/n\/uploads\/2021\/06\/0310b5f0-49964064697_040ade0f3c_k-400x200.webp\" alt=\"Copom: alta da Selic refor\u00e7a aumento da percep\u00e7\u00e3o de risco\"\/><\/a><span class=\"spotlightCategory\"><a href=\"https:\/\/www.suno.com.br\/noticias\/negocios\/\">Neg\u00f3cios<\/a><\/span><\/div><div class=\"cardsPage__listCard__boxs__content\"><a href=\"https:\/\/www.suno.com.br\/noticias\/copom-alta-selic-aumento-risco\/\"><h2 class=\"content__title\">Copom: alta da Selic refor\u00e7a aumento da percep\u00e7\u00e3o de risco<\/h2><\/a><div class=\"newsContent__article__meta\"><div class=\"newsContent__article__meta__authorBox\"><a href=\"https:\/\/www.suno.com.br\/noticias\/author\/arthur-guimaraes\/\" class=\"authorBox__avatar noMobi\"><img src=\"https:\/\/files.sunoresearch.com.br\/n\/uploads\/2020\/02\/dfb40897-eu-150x150.webp\" alt=\"Arthur Guimar\u00e3es\"><\/a><div class=\"authorBox__name\"><span>por\n\t\t\t<a href=\"https:\/\/www.suno.com.br\/noticias\/author\/arthur-guimaraes\/\"><span itemprop=\"author\">Arthur Guimar\u00e3es<\/span><\/a><\/span><time datetime=\"2021-10-28T19:05:56-03:00\" itemprop=\"datePublished\">28\/10\/2021 19:05<\/time><\/div><\/div><\/div><\/div><\/div>","single_layout":"posts","amp_enabled":true,"_links":{"self":[{"href":"https:\/\/www.suno.com.br\/noticias\/wp-json\/wp\/v2\/posts\/198567"}],"collection":[{"href":"https:\/\/www.suno.com.br\/noticias\/wp-json\/wp\/v2\/posts"}],"about":[{"href":"https:\/\/www.suno.com.br\/noticias\/wp-json\/wp\/v2\/types\/post"}],"author":[{"embeddable":true,"href":"https:\/\/www.suno.com.br\/noticias\/wp-json\/wp\/v2\/users\/35"}],"replies":[{"embeddable":true,"href":"https:\/\/www.suno.com.br\/noticias\/wp-json\/wp\/v2\/comments?post=198567"}],"version-history":[{"count":3,"href":"https:\/\/www.suno.com.br\/noticias\/wp-json\/wp\/v2\/posts\/198567\/revisions"}],"predecessor-version":[{"id":198710,"href":"https:\/\/www.suno.com.br\/noticias\/wp-json\/wp\/v2\/posts\/198567\/revisions\/198710"}],"wp:featuredmedia":[{"embeddable":true,"href":"https:\/\/www.suno.com.br\/noticias\/wp-json\/wp\/v2\/media\/158689"}],"wp:attachment":[{"href":"https:\/\/www.suno.com.br\/noticias\/wp-json\/wp\/v2\/media?parent=198567"}],"wp:term":[{"taxonomy":"category","embeddable":true,"href":"https:\/\/www.suno.com.br\/noticias\/wp-json\/wp\/v2\/categories?post=198567"},{"taxonomy":"post_tag","embeddable":true,"href":"https:\/\/www.suno.com.br\/noticias\/wp-json\/wp\/v2\/tags?post=198567"},{"taxonomy":"suno_strategy","embeddable":true,"href":"https:\/\/www.suno.com.br\/noticias\/wp-json\/wp\/v2\/suno_strategy?post=198567"}],"curies":[{"name":"wp","href":"https:\/\/api.w.org\/{rel}","templated":true}]}}