{"id":198488,"date":"2021-10-28T15:19:06","date_gmt":"2021-10-28T18:19:06","guid":{"rendered":"https:\/\/www.suno.com.br\/noticias\/?p=198488"},"modified":"2021-10-28T15:19:06","modified_gmt":"2021-10-28T18:19:06","slug":"governo-central-superavit-primario-setembro","status":"publish","type":"post","link":"https:\/\/www.suno.com.br\/noticias\/governo-central-superavit-primario-setembro\/","title":{"rendered":"Governo tem super\u00e1vit prim\u00e1rio de R$ 303 mi em setembro, melhor valor para o m\u00eas desde 2012"},"content":{"rendered":"<p>O Tesouro reportou nesta quinta-feira (28) que as contas do Governo Central registraram <strong>super\u00e1vit<\/strong> prim\u00e1rio de R$ 303 milh\u00f5es em setembro. O resultado re\u00fane as contas do <a class=\"suno-keyword\" href=\"https:\/\/www.suno.com.br\/artigos\/tesouro-nacional\/\" target=\"_blank\" rel=\"noopener\" data-force=\"no\" data-priority=\"2\">Tesouro Nacional<\/a>, Previd\u00eancia Social e Banco Central.<\/p>\t<div class=\"wrapper-featured-image\">\n\t\t<figure class=\"spotlightImg\">\n\n\t\t\t<picture>\n\t\t\t\t<source media=\"(max-width: 768px)\" srcset=\"https:\/\/files.sunoresearch.com.br\/n\/uploads\/2021\/04\/f9640bf4-ballots-1195056_1920-400x200.webp\">\n\t\t\t\t<img loading=\"lazy\" decoding=\"async\" class=\"newsContent__article__imgCapa lazyloadDisabled \" src=\"https:\/\/files.sunoresearch.com.br\/n\/uploads\/2021\/04\/f9640bf4-ballots-1195056_1920-800x450.webp\" width=\"800\" height=\"450\" alt=\"Governo tem super\u00e1vit prim\u00e1rio de R$ 303 mi em setembro, melhor valor para o m\u00eas desde 2012\" fetchpriority=high \/>\n\t\t\t<\/picture>\n\n\t\t\t<figcaption class=\"wp-caption-text wp-caption-text--show\">IPCA-15 sobe 0,52% em dezembro, fechando 2022 com alta de 5,90%. Foto: Pixabay<\/figcaption>\n\t\t<\/figure>\n\t<\/div>\n\n\n\t<p>\n\t\t<a href=\"https:\/\/lp.suno.com.br\/planilha-controle-gastos\/\" target=\"_blank\" data-element=\"shortcode-suno-banner\" title=\"Banner SUNO, clique e saiba mais\">\n\t\t\t<picture>\n\t\t\t\t<source media=\"(max-width: 500px)\" srcset=\"https:\/\/files.sunoresearch.com.br\/n\/uploads\/2023\/03\/400x300-Planilha-controle-de-gastos.png\">\n\t\t\t\t<img class=\"newsContent__article__imgCapa newsContent__article__imgCapa--banner\"\n\t\t\t\t\tsrc=\"https:\/\/files.sunoresearch.com.br\/n\/uploads\/2023\/03\/1420x240-Planilha-controle-de-gastos.png\"\n\t\t\t\t\tdata-promo-id=\"101751\"\t\t\t\t\t\t\t\t\t\twidth='1420' height='240'\t\t\t\t\talt=\"https:\/\/files.sunoresearch.com.br\/n\/uploads\/2023\/03\/1420x240-Planilha-controle-de-gastos.png\"\n\t\t\t\t>\n\t\t\t<\/picture>\n\t\t<\/a>\n\t<\/p>\n\n\n<p>O resultado do m\u00eas passado veio melhor do que as expectativas do mercado financeiro, cuja mediana apontava um saldo negativo de R$ 4,250 bilh\u00f5es, de acordo com levantamento do <em>Proje\u00e7\u00f5es Broadcast<\/em> . O<strong> resultado prim\u00e1rio de setembro<\/strong> ficou dentro do intervalo das estimativas, que eram de d\u00e9ficit de R$ 26,0 bilh\u00f5es a super\u00e1vit de R$ 7,423 bilh\u00f5es.<\/p>\n<p>De acordo com o <strong>Tesouro Nacional<\/strong>, foi o melhor desempenho para o m\u00eas desde 2012. Em setembro de 2020, o resultado havia sido negativo em R$ 76,144 bilh\u00f5es por conta dos gastos com a pandemia do coronav\u00edrus.<\/p>\n<p>Para o subsecret\u00e1rio de Planejamento Estrat\u00e9gico da <a class=\"suno-keyword\" href=\"https:\/\/www.suno.com.br\/artigos\/politica-fiscal\/\" target=\"_blank\" rel=\"noopener\" data-force=\"no\" data-priority=\"1\">Pol\u00edtica Fiscal<\/a>, David Rebelo Athayde, o<strong> super\u00e1vit de setembro<\/strong> \u00e9 mais um que vem em linha com a tend\u00eancia de recupera\u00e7\u00e3o das <strong>contas p\u00fablicas<\/strong>.<\/p>\n\t<p>\n\t\t<a href=\"\" target=\"_blank\" data-element=\"shortcode-suno-banner\" title=\"Banner SUNO, clique e saiba mais\">\n\t\t\t<picture>\n\t\t\t\t<source media=\"(max-width: 500px)\" srcset=\"\">\n\t\t\t\t<img class=\"newsContent__article__imgCapa newsContent__article__imgCapa--banner\"\n\t\t\t\t\tsrc=\"\"\n\t\t\t\t\tdata-promo-id=\"88999\"\t\t\t\t\t\t\t\t\t\t\t\t\t\t\talt=\"\"\n\t\t\t\t>\n\t\t\t<\/picture>\n\t\t<\/a>\n\t<\/p>\n\n\n<p>\u201cTemos notado esse movimento m\u00eas ap\u00f3s m\u00eas\u201d, destacou Athayde e afirmou que trata-se do reflexo de dois movimentos paralelos: recupera\u00e7\u00e3o da <strong>arrecada\u00e7\u00e3o de receitas<\/strong> e maior focaliza\u00e7\u00e3o de despesas com a Covid-19.<\/p>\n<h2><b>Acumulado do resultado prim\u00e1rio no ano<\/b><\/h2>\n<p>No ano at\u00e9 setembro, o r<strong>esultado prim\u00e1rio<\/strong> foi de d\u00e9ficit de R$ 82,486 bilh\u00f5es, o quinto pior da s\u00e9rie hist\u00f3rica, que tem in\u00edcio em 1997. Em igual per\u00edodo do ano passado, esse mesmo resultado era negativo em R$ 677,446 bilh\u00f5es.<\/p>\n<p>Em setembro, as receitas tiveram alta real de 12,9% em rela\u00e7\u00e3o a igual m\u00eas do ano passado. J\u00e1 as despesas ca\u00edram 36,4% na mesma compara\u00e7\u00e3o, j\u00e1 descontada a infla\u00e7\u00e3o.\u00a0Em 12 meses at\u00e9 setembro, o <strong>Governo Central<\/strong> apresenta um d\u00e9ficit de R$ 154,2 bilh\u00f5es &#8211; equivalente a 1,8% do PIB.<\/p>\n<p>A <a class=\"suno-keyword\" href=\"https:\/\/www.suno.com.br\/artigos\/meta-fiscal\/\" target=\"_blank\" rel=\"noopener\" data-force=\"no\" data-priority=\"1\">meta fiscal<\/a> proposta pela equipe econ\u00f4mica para este ano admite um d\u00e9ficit de at\u00e9 R$ 247,118 bilh\u00f5es nas contas do Governo Central, mas no \u00faltimo relat\u00f3rio bimestral o governo previu um rombo menor, de R$ 139,435 bilh\u00f5es, mesmo com despesas extras por causa da pandemia de Covid-19.<\/p>\n\t<p>\n\t\t<a href=\"https:\/\/lp.suno.com.br\/planilha-da-vida-financeira\/\" target=\"_blank\" data-element=\"shortcode-suno-banner\" title=\"Banner SUNO, clique e saiba mais\">\n\t\t\t<picture>\n\t\t\t\t<source media=\"(max-width: 500px)\" srcset=\"https:\/\/files.sunoresearch.com.br\/n\/uploads\/2023\/04\/400x300-Planilha-vida-financeira-true.png\">\n\t\t\t\t<img class=\"newsContent__article__imgCapa newsContent__article__imgCapa--banner\"\n\t\t\t\t\tsrc=\"https:\/\/files.sunoresearch.com.br\/n\/uploads\/2023\/04\/1420x240-Planilha-vida-financeira-true.png\"\n\t\t\t\t\tdata-promo-id=\"106682\"\t\t\t\t\t\t\t\t\t\twidth='1420' height='240'\t\t\t\t\talt=\"https:\/\/files.sunoresearch.com.br\/n\/uploads\/2023\/04\/1420x240-Planilha-vida-financeira-true.png\"\n\t\t\t\t>\n\t\t\t<\/picture>\n\t\t<\/a>\n\t<\/p>\n\n\n<h2>Composi\u00e7\u00e3o do super\u00e1vit de setembro<\/h2>\n<p>As contas do Tesouro Nacional &#8211; incluindo o Banco Central &#8211; registraram um <strong><a class=\"suno-keyword\" href=\"https:\/\/www.suno.com.br\/artigos\/superavit-primario\/\" target=\"_blank\" rel=\"noopener\" data-force=\"no\" data-priority=\"1\">super\u00e1vit prim\u00e1rio<\/a><\/strong> de R$ 15,347 bilh\u00f5es em setembro, de acordo com dados divulgados pelo Tesouro. No acumulado dos nove meses do ano, o super\u00e1vit prim\u00e1rio do \u00f3rg\u00e3o \u00e9 de R$ 143,336 bilh\u00f5es.<\/p>\n<p>J\u00e1 o <strong>resultado do INSS<\/strong> foi um d\u00e9ficit de R$ 14,876 bilh\u00f5es no m\u00eas passado. No ano at\u00e9 setembro, o resultado foi negativo em 225,305 bilh\u00f5es.<\/p>\n<p>As contas apenas do Banco Central tiveram d\u00e9ficit de R$ 169 milh\u00f5es em setembro e de R$ 517 milh\u00f5es no acumulado do ano at\u00e9 o m\u00eas passado.<\/p>\n<h2><b>Despesas com o teto de gastos<\/b><\/h2>\n<p>As despesas sujeitas ao <a href=\"https:\/\/www.suno.com.br\/artigos\/teto-de-gastos\/\" target=\"_blank\" rel=\"noopener\">teto de gastos<\/a> subiram 3,6% em setembro na compara\u00e7\u00e3o com igual m\u00eas de 2020, segundo o Tesouro Nacional. A conta n\u00e3o inclui os<strong> gastos extraordin\u00e1rios<\/strong> feitos para combater os efeitos da pandemia do novo coronav\u00edrus, que ficam de fora do teto por terem sido classificados como urgentes e imprevistos.<\/p>\n<p>Pela regra do teto, o limite de crescimento das<strong> despesas do governo<\/strong> \u00e9 a varia\u00e7\u00e3o acumulada da infla\u00e7\u00e3o em 12 meses at\u00e9 junho do ano passado. Por\u00e9m, como o governo n\u00e3o ocupou todo o limite previsto em anos anteriores, na pr\u00e1tica h\u00e1 uma margem para expans\u00e3o de at\u00e9 5,9%.<\/p>\n<p>As despesas do Poder Executivo variaram 3,7% no per\u00edodo (margem \u00e9 de 6,0%). Do Legislativo, cresceram 1,0% (margem de 10,6%) e, do Judici\u00e1rio, 0,5% (margem de 3,9%).<\/p>\n\t<p>\n\t\t<a href=\"https:\/\/lp.suno.com.br\/planilha-de-controle-de-investimentos\/\" target=\"_blank\" data-element=\"shortcode-suno-banner\" title=\"Banner SUNO, clique e saiba mais\">\n\t\t\t<picture>\n\t\t\t\t<source media=\"(max-width: 500px)\" srcset=\"https:\/\/files.sunoresearch.com.br\/n\/uploads\/2023\/03\/400x300-Controle-de-Investimentos.png\">\n\t\t\t\t<img class=\"newsContent__article__imgCapa newsContent__article__imgCapa--banner\"\n\t\t\t\t\tsrc=\"https:\/\/files.sunoresearch.com.br\/n\/uploads\/2023\/03\/1420x240-Controle-de-Investimentos.png\"\n\t\t\t\t\tdata-promo-id=\"75934\"\t\t\t\t\t\t\t\t\t\twidth='1420' height='240'\t\t\t\t\talt=\"https:\/\/files.sunoresearch.com.br\/n\/uploads\/2023\/03\/1420x240-Controle-de-Investimentos.png\"\n\t\t\t\t>\n\t\t\t<\/picture>\n\t\t<\/a>\n\t<\/p>\n\n\n<p><em>Com informa\u00e7\u00f5es de Estad\u00e3o Conte\u00fado.\u00a0<\/em><\/p>\n","protected":false},"excerpt":{"rendered":"<p>O Tesouro reportou nesta quinta-feira (28) que as contas do Governo Central registraram super\u00e1vit prim\u00e1rio de R$ 303 milh\u00f5es em setembro. O resultado re\u00fane as contas do Tesouro Nacional, Previd\u00eancia Social e Banco Central. IPCA-15 sobe 0,52% em dezembro, fechando 2022 com alta de 5,90%. Foto: Pixabay O resultado do m\u00eas passado veio melhor do [&hellip;]<\/p>\n","protected":false},"author":102,"featured_media":139912,"comment_status":"closed","ping_status":"closed","sticky":false,"template":"","format":"standard","meta":[],"categories":[62],"tags":[1488,1044],"suno_strategy":[],"class_list":["post-198488","post","type-post","status-publish","format-standard","has-post-thumbnail","hentry","category-economia","tag-arrecadacao-federal","tag-tesouro-nacional"],"yoast_head":"<!-- This site is optimized with the Yoast SEO plugin v24.4 - https:\/\/yoast.com\/wordpress\/plugins\/seo\/ -->\n<title>Governo tem super\u00e1vit prim\u00e1rio de R$ 303 mi em setembro<\/title>\n<meta name=\"description\" content=\"O Tesouro reportou que as contas do Governo Central registraram super\u00e1vit de R$ 303 milh\u00f5es em setembro, maior valor para o m\u00eas desde 2012.\" \/>\n<meta name=\"robots\" content=\"index, follow, max-snippet:-1, max-image-preview:large, max-video-preview:-1\" \/>\n<link rel=\"canonical\" href=\"https:\/\/www.suno.com.br\/noticias\/governo-central-superavit-primario-setembro\/\" \/>\n<meta property=\"og:locale\" content=\"pt_BR\" \/>\n<meta property=\"og:type\" content=\"article\" \/>\n<meta property=\"og:title\" content=\"Governo tem super\u00e1vit prim\u00e1rio de R$ 303 mi em setembro\" \/>\n<meta property=\"og:description\" content=\"O Tesouro reportou que as contas do Governo Central registraram super\u00e1vit de R$ 303 milh\u00f5es em setembro, maior valor para o m\u00eas desde 2012.\" \/>\n<meta property=\"og:url\" content=\"https:\/\/www.suno.com.br\/noticias\/governo-central-superavit-primario-setembro\/\" \/>\n<meta property=\"og:site_name\" content=\"Suno Not\u00edcias\" \/>\n<meta property=\"article:publisher\" content=\"https:\/\/facebook.com\/sunoresearch\" \/>\n<meta property=\"og:image\" content=\"https:\/\/files.sunoresearch.com.br\/n\/uploads\/2021\/04\/f9640bf4-ballots-1195056_1920.jpg\" \/>\n\t<meta property=\"og:image:width\" content=\"1920\" \/>\n\t<meta property=\"og:image:height\" content=\"1280\" \/>\n\t<meta property=\"og:image:type\" content=\"image\/jpeg\" \/>\n<meta name=\"author\" content=\"Monique Lima\" \/>\n<meta name=\"twitter:card\" content=\"summary_large_image\" \/>\n<meta name=\"twitter:creator\" content=\"@sunoresearch\" \/>\n<meta name=\"twitter:site\" content=\"@sunoresearch\" \/>\n<meta name=\"twitter:label1\" content=\"Escrito por\" \/>\n\t<meta name=\"twitter:data1\" content=\"Monique Lima\" \/>\n\t<meta name=\"twitter:label2\" content=\"Est. tempo de leitura\" \/>\n\t<meta name=\"twitter:data2\" content=\"3 minutos\" \/>\n<script type=\"application\/ld+json\" class=\"yoast-schema-graph\">{\"@context\":\"https:\/\/schema.org\",\"@graph\":[{\"@type\":\"NewsArticle\",\"@id\":\"https:\/\/www.suno.com.br\/noticias\/governo-central-superavit-primario-setembro\/#article\",\"isPartOf\":{\"@id\":\"https:\/\/www.suno.com.br\/noticias\/governo-central-superavit-primario-setembro\/\"},\"author\":{\"name\":\"Monique Lima\",\"@id\":\"https:\/\/www.suno.com.br\/noticias\/#\/schema\/person\/d712329319cc9b10f254d02d654cb36a\"},\"headline\":\"Governo tem super\u00e1vit prim\u00e1rio de R$ 303 mi em setembro, melhor valor para o m\u00eas desde 2012\",\"datePublished\":\"2021-10-28T18:19:06+00:00\",\"mainEntityOfPage\":{\"@id\":\"https:\/\/www.suno.com.br\/noticias\/governo-central-superavit-primario-setembro\/\"},\"wordCount\":652,\"publisher\":{\"@id\":\"https:\/\/www.suno.com.br\/noticias\/#organization\"},\"image\":{\"@id\":\"https:\/\/www.suno.com.br\/noticias\/governo-central-superavit-primario-setembro\/#primaryimage\"},\"thumbnailUrl\":\"https:\/\/files.sunoresearch.com.br\/n\/uploads\/2021\/04\/f9640bf4-ballots-1195056_1920-jpg.webp\",\"keywords\":[\"Arrecada\u00e7\u00e3o federal\",\"Tesouro Nacional\"],\"articleSection\":[\"Economia\"],\"inLanguage\":\"pt-BR\"},{\"@type\":\"WebPage\",\"@id\":\"https:\/\/www.suno.com.br\/noticias\/governo-central-superavit-primario-setembro\/\",\"url\":\"https:\/\/www.suno.com.br\/noticias\/governo-central-superavit-primario-setembro\/\",\"name\":\"Governo tem super\u00e1vit prim\u00e1rio de R$ 303 mi em setembro\",\"isPartOf\":{\"@id\":\"https:\/\/www.suno.com.br\/noticias\/#website\"},\"primaryImageOfPage\":{\"@id\":\"https:\/\/www.suno.com.br\/noticias\/governo-central-superavit-primario-setembro\/#primaryimage\"},\"image\":{\"@id\":\"https:\/\/www.suno.com.br\/noticias\/governo-central-superavit-primario-setembro\/#primaryimage\"},\"thumbnailUrl\":\"https:\/\/files.sunoresearch.com.br\/n\/uploads\/2021\/04\/f9640bf4-ballots-1195056_1920-jpg.webp\",\"datePublished\":\"2021-10-28T18:19:06+00:00\",\"description\":\"O Tesouro reportou que as contas do Governo Central registraram super\u00e1vit de R$ 303 milh\u00f5es em setembro, maior valor para o m\u00eas desde 2012.\",\"breadcrumb\":{\"@id\":\"https:\/\/www.suno.com.br\/noticias\/governo-central-superavit-primario-setembro\/#breadcrumb\"},\"inLanguage\":\"pt-BR\",\"potentialAction\":[{\"@type\":\"ReadAction\",\"target\":[\"https:\/\/www.suno.com.br\/noticias\/governo-central-superavit-primario-setembro\/\"]}]},{\"@type\":\"ImageObject\",\"inLanguage\":\"pt-BR\",\"@id\":\"https:\/\/www.suno.com.br\/noticias\/governo-central-superavit-primario-setembro\/#primaryimage\",\"url\":\"https:\/\/files.sunoresearch.com.br\/n\/uploads\/2021\/04\/f9640bf4-ballots-1195056_1920-jpg.webp\",\"contentUrl\":\"https:\/\/files.sunoresearch.com.br\/n\/uploads\/2021\/04\/f9640bf4-ballots-1195056_1920-jpg.webp\",\"width\":1920,\"height\":1280,\"caption\":\"IPCA-15 sobe 0,52% em dezembro, fechando 2022 com alta de 5,90%. Foto: Pixabay\"},{\"@type\":\"BreadcrumbList\",\"@id\":\"https:\/\/www.suno.com.br\/noticias\/governo-central-superavit-primario-setembro\/#breadcrumb\",\"itemListElement\":[{\"@type\":\"ListItem\",\"position\":1,\"name\":\"Not\u00edcias\",\"item\":\"https:\/\/www.suno.com.br\/noticias\/\"},{\"@type\":\"ListItem\",\"position\":2,\"name\":\"Economia\",\"item\":\"https:\/\/www.suno.com.br\/noticias\/economia\/\"},{\"@type\":\"ListItem\",\"position\":3,\"name\":\"Governo tem super\u00e1vit prim\u00e1rio de R$ 303 mi em setembro, melhor valor para o m\u00eas desde 2012\"}]},{\"@type\":\"WebSite\",\"@id\":\"https:\/\/www.suno.com.br\/noticias\/#website\",\"url\":\"https:\/\/www.suno.com.br\/noticias\/\",\"name\":\"Suno Not\u00edcias\",\"description\":\"Seu portal de informa\u00e7\u00e3o sobre o mundo dos investimentos\",\"publisher\":{\"@id\":\"https:\/\/www.suno.com.br\/noticias\/#organization\"},\"potentialAction\":[{\"@type\":\"SearchAction\",\"target\":{\"@type\":\"EntryPoint\",\"urlTemplate\":\"https:\/\/www.suno.com.br\/noticias\/?s={search_term_string}\"},\"query-input\":{\"@type\":\"PropertyValueSpecification\",\"valueRequired\":true,\"valueName\":\"search_term_string\"}}],\"inLanguage\":\"pt-BR\"},{\"@type\":\"Organization\",\"@id\":\"https:\/\/www.suno.com.br\/noticias\/#organization\",\"name\":\"Suno Not\u00edcias\",\"url\":\"https:\/\/www.suno.com.br\/noticias\/\",\"logo\":{\"@type\":\"ImageObject\",\"inLanguage\":\"pt-BR\",\"@id\":\"https:\/\/www.suno.com.br\/noticias\/#\/schema\/logo\/image\/\",\"url\":\"https:\/\/files.sunoresearch.com.br\/n\/uploads\/2021\/09\/suno-logo.png\",\"contentUrl\":\"https:\/\/files.sunoresearch.com.br\/n\/uploads\/2021\/09\/suno-logo.png\",\"width\":180,\"height\":180,\"caption\":\"Suno Not\u00edcias\"},\"image\":{\"@id\":\"https:\/\/www.suno.com.br\/noticias\/#\/schema\/logo\/image\/\"},\"sameAs\":[\"https:\/\/facebook.com\/sunoresearch\",\"https:\/\/x.com\/sunoresearch\",\"https:\/\/www.instagram.com\/suno\",\"https:\/\/www.linkedin.com\/company\/suno-research\/\",\"https:\/\/www.youtube.com\/c\/sunoresearch\"]},{\"@type\":\"Person\",\"@id\":\"https:\/\/www.suno.com.br\/noticias\/#\/schema\/person\/d712329319cc9b10f254d02d654cb36a\",\"name\":\"Monique Lima\",\"image\":{\"@type\":\"ImageObject\",\"inLanguage\":\"pt-BR\",\"@id\":\"https:\/\/www.suno.com.br\/noticias\/#\/schema\/person\/image\/\",\"url\":\"https:\/\/secure.gravatar.com\/avatar\/daee7f16d906c2e9ffed236206ca2c30?s=96&r=g\",\"contentUrl\":\"https:\/\/secure.gravatar.com\/avatar\/daee7f16d906c2e9ffed236206ca2c30?s=96&r=g\",\"caption\":\"Monique Lima\"},\"description\":\"Rep\u00f3rter de Mercado no Suno Not\u00edcias, \u00e9 jornalista com experi\u00eancia na cobertura de economia, empreendedorismo, finan\u00e7as pessoais, mercado financeiro, carreira e recursos humanos. Formada em Jornalismo pela Universidade Paulista, teve experi\u00eancias em ve\u00edculos de comunica\u00e7\u00e3o como a Ag\u00eancia TradeMap, Revista Voc\u00ea S\/A e Revista Voc\u00ea RH, as duas \u00faltimas publica\u00e7\u00f5es da Editora Abril. No Suno Not\u00edcias, fala sobre as principais not\u00edcias de Fundos Imobili\u00e1rios, Fiagro, Startups e empresas listadas na Bolsa.\",\"url\":\"https:\/\/www.suno.com.br\/noticias\/author\/monique-lima\/\"}]}<\/script>\n<!-- \/ Yoast SEO plugin. -->","yoast_head_json":{"title":"Governo tem super\u00e1vit prim\u00e1rio de R$ 303 mi em setembro","description":"O Tesouro reportou que as contas do Governo Central registraram super\u00e1vit de R$ 303 milh\u00f5es em setembro, maior valor para o m\u00eas desde 2012.","robots":{"index":"index","follow":"follow","max-snippet":"max-snippet:-1","max-image-preview":"max-image-preview:large","max-video-preview":"max-video-preview:-1"},"canonical":"https:\/\/www.suno.com.br\/noticias\/governo-central-superavit-primario-setembro\/","og_locale":"pt_BR","og_type":"article","og_title":"Governo tem super\u00e1vit prim\u00e1rio de R$ 303 mi em setembro","og_description":"O Tesouro reportou que as contas do Governo Central registraram super\u00e1vit de R$ 303 milh\u00f5es em setembro, maior valor para o m\u00eas desde 2012.","og_url":"https:\/\/www.suno.com.br\/noticias\/governo-central-superavit-primario-setembro\/","og_site_name":"Suno Not\u00edcias","article_publisher":"https:\/\/facebook.com\/sunoresearch","og_image":[{"width":1920,"height":1280,"url":"https:\/\/files.sunoresearch.com.br\/n\/uploads\/2021\/04\/f9640bf4-ballots-1195056_1920.jpg","type":"image\/jpeg"}],"author":"Monique Lima","twitter_card":"summary_large_image","twitter_creator":"@sunoresearch","twitter_site":"@sunoresearch","twitter_misc":{"Escrito por":"Monique Lima","Est. tempo de leitura":"3 minutos"},"schema":{"@context":"https:\/\/schema.org","@graph":[{"@type":"NewsArticle","@id":"https:\/\/www.suno.com.br\/noticias\/governo-central-superavit-primario-setembro\/#article","isPartOf":{"@id":"https:\/\/www.suno.com.br\/noticias\/governo-central-superavit-primario-setembro\/"},"author":{"name":"Monique Lima","@id":"https:\/\/www.suno.com.br\/noticias\/#\/schema\/person\/d712329319cc9b10f254d02d654cb36a"},"headline":"Governo tem super\u00e1vit prim\u00e1rio de R$ 303 mi em setembro, melhor valor para o m\u00eas desde 2012","datePublished":"2021-10-28T18:19:06+00:00","mainEntityOfPage":{"@id":"https:\/\/www.suno.com.br\/noticias\/governo-central-superavit-primario-setembro\/"},"wordCount":652,"publisher":{"@id":"https:\/\/www.suno.com.br\/noticias\/#organization"},"image":{"@id":"https:\/\/www.suno.com.br\/noticias\/governo-central-superavit-primario-setembro\/#primaryimage"},"thumbnailUrl":"https:\/\/files.sunoresearch.com.br\/n\/uploads\/2021\/04\/f9640bf4-ballots-1195056_1920-jpg.webp","keywords":["Arrecada\u00e7\u00e3o federal","Tesouro Nacional"],"articleSection":["Economia"],"inLanguage":"pt-BR"},{"@type":"WebPage","@id":"https:\/\/www.suno.com.br\/noticias\/governo-central-superavit-primario-setembro\/","url":"https:\/\/www.suno.com.br\/noticias\/governo-central-superavit-primario-setembro\/","name":"Governo tem super\u00e1vit prim\u00e1rio de R$ 303 mi em setembro","isPartOf":{"@id":"https:\/\/www.suno.com.br\/noticias\/#website"},"primaryImageOfPage":{"@id":"https:\/\/www.suno.com.br\/noticias\/governo-central-superavit-primario-setembro\/#primaryimage"},"image":{"@id":"https:\/\/www.suno.com.br\/noticias\/governo-central-superavit-primario-setembro\/#primaryimage"},"thumbnailUrl":"https:\/\/files.sunoresearch.com.br\/n\/uploads\/2021\/04\/f9640bf4-ballots-1195056_1920-jpg.webp","datePublished":"2021-10-28T18:19:06+00:00","description":"O Tesouro reportou que as contas do Governo Central registraram super\u00e1vit de R$ 303 milh\u00f5es em setembro, maior valor para o m\u00eas desde 2012.","breadcrumb":{"@id":"https:\/\/www.suno.com.br\/noticias\/governo-central-superavit-primario-setembro\/#breadcrumb"},"inLanguage":"pt-BR","potentialAction":[{"@type":"ReadAction","target":["https:\/\/www.suno.com.br\/noticias\/governo-central-superavit-primario-setembro\/"]}]},{"@type":"ImageObject","inLanguage":"pt-BR","@id":"https:\/\/www.suno.com.br\/noticias\/governo-central-superavit-primario-setembro\/#primaryimage","url":"https:\/\/files.sunoresearch.com.br\/n\/uploads\/2021\/04\/f9640bf4-ballots-1195056_1920-jpg.webp","contentUrl":"https:\/\/files.sunoresearch.com.br\/n\/uploads\/2021\/04\/f9640bf4-ballots-1195056_1920-jpg.webp","width":1920,"height":1280,"caption":"IPCA-15 sobe 0,52% em dezembro, fechando 2022 com alta de 5,90%. Foto: Pixabay"},{"@type":"BreadcrumbList","@id":"https:\/\/www.suno.com.br\/noticias\/governo-central-superavit-primario-setembro\/#breadcrumb","itemListElement":[{"@type":"ListItem","position":1,"name":"Not\u00edcias","item":"https:\/\/www.suno.com.br\/noticias\/"},{"@type":"ListItem","position":2,"name":"Economia","item":"https:\/\/www.suno.com.br\/noticias\/economia\/"},{"@type":"ListItem","position":3,"name":"Governo tem super\u00e1vit prim\u00e1rio de R$ 303 mi em setembro, melhor valor para o m\u00eas desde 2012"}]},{"@type":"WebSite","@id":"https:\/\/www.suno.com.br\/noticias\/#website","url":"https:\/\/www.suno.com.br\/noticias\/","name":"Suno Not\u00edcias","description":"Seu portal de informa\u00e7\u00e3o sobre o mundo dos investimentos","publisher":{"@id":"https:\/\/www.suno.com.br\/noticias\/#organization"},"potentialAction":[{"@type":"SearchAction","target":{"@type":"EntryPoint","urlTemplate":"https:\/\/www.suno.com.br\/noticias\/?s={search_term_string}"},"query-input":{"@type":"PropertyValueSpecification","valueRequired":true,"valueName":"search_term_string"}}],"inLanguage":"pt-BR"},{"@type":"Organization","@id":"https:\/\/www.suno.com.br\/noticias\/#organization","name":"Suno Not\u00edcias","url":"https:\/\/www.suno.com.br\/noticias\/","logo":{"@type":"ImageObject","inLanguage":"pt-BR","@id":"https:\/\/www.suno.com.br\/noticias\/#\/schema\/logo\/image\/","url":"https:\/\/files.sunoresearch.com.br\/n\/uploads\/2021\/09\/suno-logo.png","contentUrl":"https:\/\/files.sunoresearch.com.br\/n\/uploads\/2021\/09\/suno-logo.png","width":180,"height":180,"caption":"Suno Not\u00edcias"},"image":{"@id":"https:\/\/www.suno.com.br\/noticias\/#\/schema\/logo\/image\/"},"sameAs":["https:\/\/facebook.com\/sunoresearch","https:\/\/x.com\/sunoresearch","https:\/\/www.instagram.com\/suno","https:\/\/www.linkedin.com\/company\/suno-research\/","https:\/\/www.youtube.com\/c\/sunoresearch"]},{"@type":"Person","@id":"https:\/\/www.suno.com.br\/noticias\/#\/schema\/person\/d712329319cc9b10f254d02d654cb36a","name":"Monique Lima","image":{"@type":"ImageObject","inLanguage":"pt-BR","@id":"https:\/\/www.suno.com.br\/noticias\/#\/schema\/person\/image\/","url":"https:\/\/secure.gravatar.com\/avatar\/daee7f16d906c2e9ffed236206ca2c30?s=96&r=g","contentUrl":"https:\/\/secure.gravatar.com\/avatar\/daee7f16d906c2e9ffed236206ca2c30?s=96&r=g","caption":"Monique Lima"},"description":"Rep\u00f3rter de Mercado no Suno Not\u00edcias, \u00e9 jornalista com experi\u00eancia na cobertura de economia, empreendedorismo, finan\u00e7as pessoais, mercado financeiro, carreira e recursos humanos. Formada em Jornalismo pela Universidade Paulista, teve experi\u00eancias em ve\u00edculos de comunica\u00e7\u00e3o como a Ag\u00eancia TradeMap, Revista Voc\u00ea S\/A e Revista Voc\u00ea RH, as duas \u00faltimas publica\u00e7\u00f5es da Editora Abril. No Suno Not\u00edcias, fala sobre as principais not\u00edcias de Fundos Imobili\u00e1rios, Fiagro, Startups e empresas listadas na Bolsa.","url":"https:\/\/www.suno.com.br\/noticias\/author\/monique-lima\/"}]}},"default_loop_html":"<div class=\"cardsPage__listCard__boxs\"><div class=\"cardsPage__listCard__boxs__img\"><a href=\"https:\/\/www.suno.com.br\/noticias\/governo-central-superavit-primario-setembro\/\"><img class=\"mask\" src=\"https:\/\/www.suno.com.br\/noticias\/wp-content\/themes\/suno\/resources\/images\/spotlight\/spotlight1img\/bg-mask.png\" alt=\"Image Mask\"\/><img src=\"https:\/\/files.sunoresearch.com.br\/n\/uploads\/2021\/04\/f9640bf4-ballots-1195056_1920-400x200.webp\" alt=\"Governo tem super\u00e1vit prim\u00e1rio de R$ 303 mi em setembro, melhor valor para o m\u00eas desde 2012\"\/><\/a><span class=\"spotlightCategory\"><a href=\"https:\/\/www.suno.com.br\/noticias\/economia\/\">Economia<\/a><\/span><\/div><div class=\"cardsPage__listCard__boxs__content\"><a href=\"https:\/\/www.suno.com.br\/noticias\/governo-central-superavit-primario-setembro\/\"><h2 class=\"content__title\">Governo tem super\u00e1vit prim\u00e1rio de R$ 303 mi em setembro, melhor valor para o m\u00eas desde 2012<\/h2><\/a><div class=\"newsContent__article__meta\"><div class=\"newsContent__article__meta__authorBox\"><a href=\"https:\/\/www.suno.com.br\/noticias\/author\/monique-lima\/\" class=\"authorBox__avatar noMobi\"><img src=\"https:\/\/secure.gravatar.com\/avatar\/daee7f16d906c2e9ffed236206ca2c30?s=96&#038;r=g\" alt=\"Monique Lima\"><\/a><div class=\"authorBox__name\"><span>por\n\t\t\t<a href=\"https:\/\/www.suno.com.br\/noticias\/author\/monique-lima\/\"><span itemprop=\"author\">Monique Lima<\/span><\/a><\/span><time datetime=\"2021-10-28T15:19:06-03:00\" itemprop=\"datePublished\">28\/10\/2021 15:19<\/time><\/div><\/div><\/div><\/div><\/div>","single_layout":"posts","amp_enabled":true,"_links":{"self":[{"href":"https:\/\/www.suno.com.br\/noticias\/wp-json\/wp\/v2\/posts\/198488"}],"collection":[{"href":"https:\/\/www.suno.com.br\/noticias\/wp-json\/wp\/v2\/posts"}],"about":[{"href":"https:\/\/www.suno.com.br\/noticias\/wp-json\/wp\/v2\/types\/post"}],"author":[{"embeddable":true,"href":"https:\/\/www.suno.com.br\/noticias\/wp-json\/wp\/v2\/users\/102"}],"replies":[{"embeddable":true,"href":"https:\/\/www.suno.com.br\/noticias\/wp-json\/wp\/v2\/comments?post=198488"}],"version-history":[{"count":2,"href":"https:\/\/www.suno.com.br\/noticias\/wp-json\/wp\/v2\/posts\/198488\/revisions"}],"predecessor-version":[{"id":198512,"href":"https:\/\/www.suno.com.br\/noticias\/wp-json\/wp\/v2\/posts\/198488\/revisions\/198512"}],"wp:featuredmedia":[{"embeddable":true,"href":"https:\/\/www.suno.com.br\/noticias\/wp-json\/wp\/v2\/media\/139912"}],"wp:attachment":[{"href":"https:\/\/www.suno.com.br\/noticias\/wp-json\/wp\/v2\/media?parent=198488"}],"wp:term":[{"taxonomy":"category","embeddable":true,"href":"https:\/\/www.suno.com.br\/noticias\/wp-json\/wp\/v2\/categories?post=198488"},{"taxonomy":"post_tag","embeddable":true,"href":"https:\/\/www.suno.com.br\/noticias\/wp-json\/wp\/v2\/tags?post=198488"},{"taxonomy":"suno_strategy","embeddable":true,"href":"https:\/\/www.suno.com.br\/noticias\/wp-json\/wp\/v2\/suno_strategy?post=198488"}],"curies":[{"name":"wp","href":"https:\/\/api.w.org\/{rel}","templated":true}]}}