{"id":19847,"date":"2019-04-03T13:38:40","date_gmt":"2019-04-03T16:38:40","guid":{"rendered":"https:\/\/www.suno.com.br\/noticias\/?p=19847"},"modified":"2021-06-01T22:06:50","modified_gmt":"2021-06-02T01:06:50","slug":"mei-microempreendedor-individual","status":"publish","type":"post","link":"https:\/\/www.suno.com.br\/noticias\/mei-microempreendedor-individual\/","title":{"rendered":"MEI: microempreendedores individuais j\u00e1 s\u00e3o 8,155 milh\u00f5es no Pa\u00eds"},"content":{"rendered":"<p>A quantidade de microempreendedores individuais (MEI) ultrapassou a marca dos oito milh\u00f5es no Brasil neste ano. Mais especificamente, o n\u00famero chegou a 8.154.678 registros em mar\u00e7o. Os dados s\u00e3o do Portal do Empreendedor do governo federal, publicados pelo G1.<\/p>\t<div class=\"wrapper-featured-image\">\n\t\t<figure class=\"spotlightImg\">\n\n\t\t\t<picture>\n\t\t\t\t<source media=\"(max-width: 768px)\" srcset=\"https:\/\/files.sunoresearch.com.br\/n\/uploads\/2019\/04\/f36ca44f-mei-400x200.webp\">\n\t\t\t\t<img loading=\"lazy\" decoding=\"async\" class=\"newsContent__article__imgCapa lazyloadDisabled newsContent__article__imgCapa--noCaption\" src=\"https:\/\/files.sunoresearch.com.br\/n\/uploads\/2019\/04\/f36ca44f-mei-800x450.webp\" width=\"800\" height=\"450\" alt=\"MEI: microempreendedores individuais j\u00e1 s\u00e3o 8,155 milh\u00f5es no Pa\u00eds\" fetchpriority=high \/>\n\t\t\t<\/picture>\n\n\t\t\t<figcaption class=\"wp-caption-text wp-caption-text--hide\">MEI<\/figcaption>\n\t\t<\/figure>\n\t<\/div>\n\n\n<p>Em 2019, o <strong>MEI<\/strong> completa dez anos. Esse tipo de registro foi criado com foco nos trabalhadores de <strong>pequenos neg\u00f3cios<\/strong> e <strong>aut\u00f4nomos,<\/strong> como vendedores e cabeleireiros, que exerciam sua atividade na informalidade. Para isso, esse programa \u00e9 de baixo custo, o que permitiu a r\u00e1pida ado\u00e7\u00e3o por parte dos trabalhadores.<\/p>\n<p><a href=\"https:\/\/www.suno.com.br\/noticias\/desemprego-brasil-sobe-demissoes-funcionarios-temporarios\/\">Saiba mais: Demiss\u00e3o no Brasil sobe com demiss\u00f5es de funcion\u00e1rios tempor\u00e1rios<\/a><\/p>\n<h2>O n\u00famero de MEIs no Brasil ao longo do tempo<\/h2>\n<ul>\n<li><strong>2009:<\/strong> 44.188<\/li>\n<li><strong>2010:<\/strong> 771.715<\/li>\n<li><strong>2011:<\/strong> 1.656.953<\/li>\n<li><strong>2012:<\/strong> 2.655.605<\/li>\n<li><strong>2013:<\/strong> 3.659.781<\/li>\n<li><strong>2014:<\/strong> 4.653.080<\/li>\n<li><strong>2015:<\/strong> 5.680.614<\/li>\n<li><strong>2016:<\/strong> 6.649.896<\/li>\n<li><strong>2017:<\/strong> 7.738.590<\/li>\n<li><strong>2018:<\/strong> 7.739.452<\/li>\n<li><strong>2019:<\/strong> 8.154.678<\/li>\n<\/ul>\n<p><a href=\"https:\/\/www.suno.com.br\/noticias\/criancas-adolescentes-titulares-empresas\/\">Saiba mais: Governo permite a crian\u00e7as e adolescentes serem titulares de empresas<\/a><\/p>\n<p>A <strong>crise econ\u00f4mica<\/strong> dos \u00faltimos anos, no entanto, for\u00e7ou muitos trabalhadores a trabalhar por conta pr\u00f3pria ou em ocupa\u00e7\u00f5es tempor\u00e1rias. O MEI se tornou uma boa alternativa para muitos deles. Ainda que a economia tenha sa\u00eddo da recess\u00e3o, ela demonstra recupera\u00e7\u00e3o fraca e o desemprego ainda n\u00e3o melhorou.<\/p>\n<p>No trimestre encerrado em fevereiro, a taxa de desemprego no Brasil foi de 12,4%, em m\u00e9dia. O \u00edndice subiu ante o trimestre anterior, quando a taxa era de 11,6%. Foram 13,1 milh\u00f5es de <strong>desempregados,<\/strong> alta de 7,3% sobre o os tr\u00eas meses anteriores.<\/p>\n<p><a href=\"https:\/\/www.suno.com.br\/noticias\/boletim-focus-crescimento-do-pib-menos-2\/\">Saiba mais: Boletim Focus: crescimento do PIB cai para menos de 2%<\/a><\/p>\n<p>O motivo da alta da <strong>taxa de desemprego<\/strong>, segundo o Instituto Brasileiro de Geografia e Estat\u00edstica <strong>(<a href=\"https:\/\/www.ibge.gov.br\/\">IBGE<\/a>),<\/strong> respons\u00e1vel pelo levantamento, foi o n\u00famero de demiss\u00f5es tempor\u00e1rias, costumeiras no per\u00edodo. Al\u00e9m disso, houve significativas demiss\u00f5es nas \u00e1reas da sa\u00fade e educa\u00e7\u00e3o das prefeituras.<\/p>\n<p>A faixa et\u00e1ria com maior n\u00famero de trabalhadores com registro de\u00a0<strong>MEI<\/strong>\u00a0\u00e9 entre os 31 e 40 anos, em que est\u00e3o concentradas 2,5 milh\u00f5es de pessoas. \u00c9 quase um ter\u00e7o do total de <a href=\"https:\/\/www.suno.com.br\/artigos\/limite-mei\/\"><strong>microempreendedores individuais<\/strong><\/a> no Pa\u00eds. Mas os mais jovens tamb\u00e9m aderiram em peso ao registro. Atualmente, 1,7 milh\u00e3o deles possuem at\u00e9 30 anos &#8211; 22% do total.<\/p>\n","protected":false},"excerpt":{"rendered":"<p>A quantidade de microempreendedores individuais (MEI) ultrapassou a marca dos oito milh\u00f5es no Brasil neste ano. Mais especificamente, o n\u00famero chegou a 8.154.678 registros em mar\u00e7o. Os dados s\u00e3o do Portal do Empreendedor do governo federal, publicados pelo G1. MEI Em 2019, o MEI completa dez anos. Esse tipo de registro foi criado com foco [&hellip;]<\/p>\n","protected":false},"author":13,"featured_media":19848,"comment_status":"closed","ping_status":"closed","sticky":false,"template":"","format":"standard","meta":[],"categories":[60],"tags":[1296],"suno_strategy":[],"class_list":["post-19847","post","type-post","status-publish","format-standard","has-post-thumbnail","hentry","category-mercado","tag-desemprego"],"yoast_head":"<!-- This site is optimized with the Yoast SEO plugin v24.4 - https:\/\/yoast.com\/wordpress\/plugins\/seo\/ -->\n<title>MEI: microempreendedores individuais j\u00e1 s\u00e3o 8,155 milh\u00f5es no Pa\u00eds<\/title>\n<meta name=\"description\" content=\"A quantidade de microempreendedores individuais (MEI) ultrapassou a marca dos oito milh\u00f5es no Brasil neste ano. Clique e saiba mais\" \/>\n<meta name=\"robots\" content=\"index, follow, max-snippet:-1, max-image-preview:large, max-video-preview:-1\" \/>\n<link rel=\"canonical\" href=\"https:\/\/www.suno.com.br\/noticias\/mei-microempreendedor-individual\/\" \/>\n<meta property=\"og:locale\" content=\"pt_BR\" \/>\n<meta property=\"og:type\" content=\"article\" \/>\n<meta property=\"og:title\" content=\"MEI: microempreendedores individuais j\u00e1 s\u00e3o 8,155 milh\u00f5es no Pa\u00eds\" \/>\n<meta property=\"og:description\" content=\"A quantidade de microempreendedores individuais (MEI) ultrapassou a marca dos oito milh\u00f5es no Brasil neste ano. Clique e saiba mais\" \/>\n<meta property=\"og:url\" content=\"https:\/\/www.suno.com.br\/noticias\/mei-microempreendedor-individual\/\" \/>\n<meta property=\"og:site_name\" content=\"Suno Not\u00edcias\" \/>\n<meta property=\"article:publisher\" content=\"https:\/\/facebook.com\/sunoresearch\" \/>\n<meta property=\"og:image\" content=\"https:\/\/files.sunoresearch.com.br\/n\/uploads\/2019\/04\/f36ca44f-mei.jpg\" \/>\n\t<meta property=\"og:image:width\" content=\"1024\" \/>\n\t<meta property=\"og:image:height\" content=\"683\" \/>\n\t<meta property=\"og:image:type\" content=\"image\/jpeg\" \/>\n<meta name=\"author\" content=\"Guilherme Caetano\" \/>\n<meta name=\"twitter:card\" content=\"summary_large_image\" \/>\n<meta name=\"twitter:creator\" content=\"@sunoresearch\" \/>\n<meta name=\"twitter:site\" content=\"@sunoresearch\" \/>\n<meta name=\"twitter:label1\" content=\"Escrito por\" \/>\n\t<meta name=\"twitter:data1\" content=\"Guilherme Caetano\" \/>\n\t<meta name=\"twitter:label2\" content=\"Est. tempo de leitura\" \/>\n\t<meta name=\"twitter:data2\" content=\"2 minutos\" \/>\n<script type=\"application\/ld+json\" class=\"yoast-schema-graph\">{\"@context\":\"https:\/\/schema.org\",\"@graph\":[{\"@type\":\"NewsArticle\",\"@id\":\"https:\/\/www.suno.com.br\/noticias\/mei-microempreendedor-individual\/#article\",\"isPartOf\":{\"@id\":\"https:\/\/www.suno.com.br\/noticias\/mei-microempreendedor-individual\/\"},\"author\":{\"name\":\"Guilherme Caetano\",\"@id\":\"https:\/\/www.suno.com.br\/noticias\/#\/schema\/person\/0d0c9687cd2f600c564f25980c140de9\"},\"headline\":\"MEI: microempreendedores individuais j\u00e1 s\u00e3o 8,155 milh\u00f5es no Pa\u00eds\",\"datePublished\":\"2019-04-03T16:38:40+00:00\",\"dateModified\":\"2021-06-02T01:06:50+00:00\",\"mainEntityOfPage\":{\"@id\":\"https:\/\/www.suno.com.br\/noticias\/mei-microempreendedor-individual\/\"},\"wordCount\":366,\"publisher\":{\"@id\":\"https:\/\/www.suno.com.br\/noticias\/#organization\"},\"image\":{\"@id\":\"https:\/\/www.suno.com.br\/noticias\/mei-microempreendedor-individual\/#primaryimage\"},\"thumbnailUrl\":\"https:\/\/files.sunoresearch.com.br\/n\/uploads\/2019\/04\/f36ca44f-mei-jpg.webp\",\"keywords\":[\"Desemprego\"],\"articleSection\":[\"Mercado\"],\"inLanguage\":\"pt-BR\"},{\"@type\":\"WebPage\",\"@id\":\"https:\/\/www.suno.com.br\/noticias\/mei-microempreendedor-individual\/\",\"url\":\"https:\/\/www.suno.com.br\/noticias\/mei-microempreendedor-individual\/\",\"name\":\"MEI: microempreendedores individuais j\u00e1 s\u00e3o 8,155 milh\u00f5es no Pa\u00eds\",\"isPartOf\":{\"@id\":\"https:\/\/www.suno.com.br\/noticias\/#website\"},\"primaryImageOfPage\":{\"@id\":\"https:\/\/www.suno.com.br\/noticias\/mei-microempreendedor-individual\/#primaryimage\"},\"image\":{\"@id\":\"https:\/\/www.suno.com.br\/noticias\/mei-microempreendedor-individual\/#primaryimage\"},\"thumbnailUrl\":\"https:\/\/files.sunoresearch.com.br\/n\/uploads\/2019\/04\/f36ca44f-mei-jpg.webp\",\"datePublished\":\"2019-04-03T16:38:40+00:00\",\"dateModified\":\"2021-06-02T01:06:50+00:00\",\"description\":\"A quantidade de microempreendedores individuais (MEI) ultrapassou a marca dos oito milh\u00f5es no Brasil neste ano. Clique e saiba mais\",\"breadcrumb\":{\"@id\":\"https:\/\/www.suno.com.br\/noticias\/mei-microempreendedor-individual\/#breadcrumb\"},\"inLanguage\":\"pt-BR\",\"potentialAction\":[{\"@type\":\"ReadAction\",\"target\":[\"https:\/\/www.suno.com.br\/noticias\/mei-microempreendedor-individual\/\"]}]},{\"@type\":\"ImageObject\",\"inLanguage\":\"pt-BR\",\"@id\":\"https:\/\/www.suno.com.br\/noticias\/mei-microempreendedor-individual\/#primaryimage\",\"url\":\"https:\/\/files.sunoresearch.com.br\/n\/uploads\/2019\/04\/f36ca44f-mei-jpg.webp\",\"contentUrl\":\"https:\/\/files.sunoresearch.com.br\/n\/uploads\/2019\/04\/f36ca44f-mei-jpg.webp\",\"width\":1024,\"height\":683,\"caption\":\"MEI\"},{\"@type\":\"BreadcrumbList\",\"@id\":\"https:\/\/www.suno.com.br\/noticias\/mei-microempreendedor-individual\/#breadcrumb\",\"itemListElement\":[{\"@type\":\"ListItem\",\"position\":1,\"name\":\"Not\u00edcias\",\"item\":\"https:\/\/www.suno.com.br\/noticias\/\"},{\"@type\":\"ListItem\",\"position\":2,\"name\":\"Mercado\",\"item\":\"https:\/\/www.suno.com.br\/noticias\/mercado\/\"},{\"@type\":\"ListItem\",\"position\":3,\"name\":\"MEI: microempreendedores individuais j\u00e1 s\u00e3o 8,155 milh\u00f5es no Pa\u00eds\"}]},{\"@type\":\"WebSite\",\"@id\":\"https:\/\/www.suno.com.br\/noticias\/#website\",\"url\":\"https:\/\/www.suno.com.br\/noticias\/\",\"name\":\"Suno Not\u00edcias\",\"description\":\"Seu portal de informa\u00e7\u00e3o sobre o mundo dos investimentos\",\"publisher\":{\"@id\":\"https:\/\/www.suno.com.br\/noticias\/#organization\"},\"potentialAction\":[{\"@type\":\"SearchAction\",\"target\":{\"@type\":\"EntryPoint\",\"urlTemplate\":\"https:\/\/www.suno.com.br\/noticias\/?s={search_term_string}\"},\"query-input\":{\"@type\":\"PropertyValueSpecification\",\"valueRequired\":true,\"valueName\":\"search_term_string\"}}],\"inLanguage\":\"pt-BR\"},{\"@type\":\"Organization\",\"@id\":\"https:\/\/www.suno.com.br\/noticias\/#organization\",\"name\":\"Suno Not\u00edcias\",\"url\":\"https:\/\/www.suno.com.br\/noticias\/\",\"logo\":{\"@type\":\"ImageObject\",\"inLanguage\":\"pt-BR\",\"@id\":\"https:\/\/www.suno.com.br\/noticias\/#\/schema\/logo\/image\/\",\"url\":\"https:\/\/files.sunoresearch.com.br\/n\/uploads\/2021\/09\/suno-logo.png\",\"contentUrl\":\"https:\/\/files.sunoresearch.com.br\/n\/uploads\/2021\/09\/suno-logo.png\",\"width\":180,\"height\":180,\"caption\":\"Suno Not\u00edcias\"},\"image\":{\"@id\":\"https:\/\/www.suno.com.br\/noticias\/#\/schema\/logo\/image\/\"},\"sameAs\":[\"https:\/\/facebook.com\/sunoresearch\",\"https:\/\/x.com\/sunoresearch\",\"https:\/\/www.instagram.com\/suno\",\"https:\/\/www.linkedin.com\/company\/suno-research\/\",\"https:\/\/www.youtube.com\/c\/sunoresearch\"]},{\"@type\":\"Person\",\"@id\":\"https:\/\/www.suno.com.br\/noticias\/#\/schema\/person\/0d0c9687cd2f600c564f25980c140de9\",\"name\":\"Guilherme Caetano\",\"image\":{\"@type\":\"ImageObject\",\"inLanguage\":\"pt-BR\",\"@id\":\"https:\/\/www.suno.com.br\/noticias\/#\/schema\/person\/image\/\",\"url\":\"https:\/\/secure.gravatar.com\/avatar\/e48357351a01702a0d19307070e081bf?s=96&r=g\",\"contentUrl\":\"https:\/\/secure.gravatar.com\/avatar\/e48357351a01702a0d19307070e081bf?s=96&r=g\",\"caption\":\"Guilherme Caetano\"},\"description\":\"Formado em jornalismo pela Escola de Comunica\u00e7\u00f5es e Artes da USP, Guilherme Caetano escreve para o portal de not\u00edcias da Suno Research. Passou pelas reda\u00e7\u00f5es da Folha de S.Paulo e da revista \u00c9poca.\",\"url\":\"https:\/\/www.suno.com.br\/noticias\/author\/guilherme-caetano\/\"}]}<\/script>\n<!-- \/ Yoast SEO plugin. -->","yoast_head_json":{"title":"MEI: microempreendedores individuais j\u00e1 s\u00e3o 8,155 milh\u00f5es no Pa\u00eds","description":"A quantidade de microempreendedores individuais (MEI) ultrapassou a marca dos oito milh\u00f5es no Brasil neste ano. Clique e saiba mais","robots":{"index":"index","follow":"follow","max-snippet":"max-snippet:-1","max-image-preview":"max-image-preview:large","max-video-preview":"max-video-preview:-1"},"canonical":"https:\/\/www.suno.com.br\/noticias\/mei-microempreendedor-individual\/","og_locale":"pt_BR","og_type":"article","og_title":"MEI: microempreendedores individuais j\u00e1 s\u00e3o 8,155 milh\u00f5es no Pa\u00eds","og_description":"A quantidade de microempreendedores individuais (MEI) ultrapassou a marca dos oito milh\u00f5es no Brasil neste ano. Clique e saiba mais","og_url":"https:\/\/www.suno.com.br\/noticias\/mei-microempreendedor-individual\/","og_site_name":"Suno Not\u00edcias","article_publisher":"https:\/\/facebook.com\/sunoresearch","og_image":[{"width":1024,"height":683,"url":"https:\/\/files.sunoresearch.com.br\/n\/uploads\/2019\/04\/f36ca44f-mei.jpg","type":"image\/jpeg"}],"author":"Guilherme Caetano","twitter_card":"summary_large_image","twitter_creator":"@sunoresearch","twitter_site":"@sunoresearch","twitter_misc":{"Escrito por":"Guilherme Caetano","Est. tempo de leitura":"2 minutos"},"schema":{"@context":"https:\/\/schema.org","@graph":[{"@type":"NewsArticle","@id":"https:\/\/www.suno.com.br\/noticias\/mei-microempreendedor-individual\/#article","isPartOf":{"@id":"https:\/\/www.suno.com.br\/noticias\/mei-microempreendedor-individual\/"},"author":{"name":"Guilherme Caetano","@id":"https:\/\/www.suno.com.br\/noticias\/#\/schema\/person\/0d0c9687cd2f600c564f25980c140de9"},"headline":"MEI: microempreendedores individuais j\u00e1 s\u00e3o 8,155 milh\u00f5es no Pa\u00eds","datePublished":"2019-04-03T16:38:40+00:00","dateModified":"2021-06-02T01:06:50+00:00","mainEntityOfPage":{"@id":"https:\/\/www.suno.com.br\/noticias\/mei-microempreendedor-individual\/"},"wordCount":366,"publisher":{"@id":"https:\/\/www.suno.com.br\/noticias\/#organization"},"image":{"@id":"https:\/\/www.suno.com.br\/noticias\/mei-microempreendedor-individual\/#primaryimage"},"thumbnailUrl":"https:\/\/files.sunoresearch.com.br\/n\/uploads\/2019\/04\/f36ca44f-mei-jpg.webp","keywords":["Desemprego"],"articleSection":["Mercado"],"inLanguage":"pt-BR"},{"@type":"WebPage","@id":"https:\/\/www.suno.com.br\/noticias\/mei-microempreendedor-individual\/","url":"https:\/\/www.suno.com.br\/noticias\/mei-microempreendedor-individual\/","name":"MEI: microempreendedores individuais j\u00e1 s\u00e3o 8,155 milh\u00f5es no Pa\u00eds","isPartOf":{"@id":"https:\/\/www.suno.com.br\/noticias\/#website"},"primaryImageOfPage":{"@id":"https:\/\/www.suno.com.br\/noticias\/mei-microempreendedor-individual\/#primaryimage"},"image":{"@id":"https:\/\/www.suno.com.br\/noticias\/mei-microempreendedor-individual\/#primaryimage"},"thumbnailUrl":"https:\/\/files.sunoresearch.com.br\/n\/uploads\/2019\/04\/f36ca44f-mei-jpg.webp","datePublished":"2019-04-03T16:38:40+00:00","dateModified":"2021-06-02T01:06:50+00:00","description":"A quantidade de microempreendedores individuais (MEI) ultrapassou a marca dos oito milh\u00f5es no Brasil neste ano. Clique e saiba mais","breadcrumb":{"@id":"https:\/\/www.suno.com.br\/noticias\/mei-microempreendedor-individual\/#breadcrumb"},"inLanguage":"pt-BR","potentialAction":[{"@type":"ReadAction","target":["https:\/\/www.suno.com.br\/noticias\/mei-microempreendedor-individual\/"]}]},{"@type":"ImageObject","inLanguage":"pt-BR","@id":"https:\/\/www.suno.com.br\/noticias\/mei-microempreendedor-individual\/#primaryimage","url":"https:\/\/files.sunoresearch.com.br\/n\/uploads\/2019\/04\/f36ca44f-mei-jpg.webp","contentUrl":"https:\/\/files.sunoresearch.com.br\/n\/uploads\/2019\/04\/f36ca44f-mei-jpg.webp","width":1024,"height":683,"caption":"MEI"},{"@type":"BreadcrumbList","@id":"https:\/\/www.suno.com.br\/noticias\/mei-microempreendedor-individual\/#breadcrumb","itemListElement":[{"@type":"ListItem","position":1,"name":"Not\u00edcias","item":"https:\/\/www.suno.com.br\/noticias\/"},{"@type":"ListItem","position":2,"name":"Mercado","item":"https:\/\/www.suno.com.br\/noticias\/mercado\/"},{"@type":"ListItem","position":3,"name":"MEI: microempreendedores individuais j\u00e1 s\u00e3o 8,155 milh\u00f5es no Pa\u00eds"}]},{"@type":"WebSite","@id":"https:\/\/www.suno.com.br\/noticias\/#website","url":"https:\/\/www.suno.com.br\/noticias\/","name":"Suno Not\u00edcias","description":"Seu portal de informa\u00e7\u00e3o sobre o mundo dos investimentos","publisher":{"@id":"https:\/\/www.suno.com.br\/noticias\/#organization"},"potentialAction":[{"@type":"SearchAction","target":{"@type":"EntryPoint","urlTemplate":"https:\/\/www.suno.com.br\/noticias\/?s={search_term_string}"},"query-input":{"@type":"PropertyValueSpecification","valueRequired":true,"valueName":"search_term_string"}}],"inLanguage":"pt-BR"},{"@type":"Organization","@id":"https:\/\/www.suno.com.br\/noticias\/#organization","name":"Suno Not\u00edcias","url":"https:\/\/www.suno.com.br\/noticias\/","logo":{"@type":"ImageObject","inLanguage":"pt-BR","@id":"https:\/\/www.suno.com.br\/noticias\/#\/schema\/logo\/image\/","url":"https:\/\/files.sunoresearch.com.br\/n\/uploads\/2021\/09\/suno-logo.png","contentUrl":"https:\/\/files.sunoresearch.com.br\/n\/uploads\/2021\/09\/suno-logo.png","width":180,"height":180,"caption":"Suno Not\u00edcias"},"image":{"@id":"https:\/\/www.suno.com.br\/noticias\/#\/schema\/logo\/image\/"},"sameAs":["https:\/\/facebook.com\/sunoresearch","https:\/\/x.com\/sunoresearch","https:\/\/www.instagram.com\/suno","https:\/\/www.linkedin.com\/company\/suno-research\/","https:\/\/www.youtube.com\/c\/sunoresearch"]},{"@type":"Person","@id":"https:\/\/www.suno.com.br\/noticias\/#\/schema\/person\/0d0c9687cd2f600c564f25980c140de9","name":"Guilherme Caetano","image":{"@type":"ImageObject","inLanguage":"pt-BR","@id":"https:\/\/www.suno.com.br\/noticias\/#\/schema\/person\/image\/","url":"https:\/\/secure.gravatar.com\/avatar\/e48357351a01702a0d19307070e081bf?s=96&r=g","contentUrl":"https:\/\/secure.gravatar.com\/avatar\/e48357351a01702a0d19307070e081bf?s=96&r=g","caption":"Guilherme Caetano"},"description":"Formado em jornalismo pela Escola de Comunica\u00e7\u00f5es e Artes da USP, Guilherme Caetano escreve para o portal de not\u00edcias da Suno Research. Passou pelas reda\u00e7\u00f5es da Folha de S.Paulo e da revista \u00c9poca.","url":"https:\/\/www.suno.com.br\/noticias\/author\/guilherme-caetano\/"}]}},"default_loop_html":"<div class=\"cardsPage__listCard__boxs\"><div class=\"cardsPage__listCard__boxs__img\"><a href=\"https:\/\/www.suno.com.br\/noticias\/mei-microempreendedor-individual\/\"><img class=\"mask\" src=\"https:\/\/www.suno.com.br\/noticias\/wp-content\/themes\/suno\/resources\/images\/spotlight\/spotlight1img\/bg-mask.png\" alt=\"Image Mask\"\/><img src=\"https:\/\/files.sunoresearch.com.br\/n\/uploads\/2019\/04\/f36ca44f-mei-400x200.webp\" alt=\"MEI: microempreendedores individuais j\u00e1 s\u00e3o 8,155 milh\u00f5es no Pa\u00eds\"\/><\/a><span class=\"spotlightCategory\"><a href=\"https:\/\/www.suno.com.br\/noticias\/mercado\/\">Mercado<\/a><\/span><\/div><div class=\"cardsPage__listCard__boxs__content\"><a href=\"https:\/\/www.suno.com.br\/noticias\/mei-microempreendedor-individual\/\"><h2 class=\"content__title\">MEI: microempreendedores individuais j\u00e1 s\u00e3o 8,155 milh\u00f5es no Pa\u00eds<\/h2><\/a><div class=\"newsContent__article__meta\"><div class=\"newsContent__article__meta__authorBox\"><a href=\"https:\/\/www.suno.com.br\/noticias\/author\/guilherme-caetano\/\" class=\"authorBox__avatar noMobi\"><img src=\"https:\/\/secure.gravatar.com\/avatar\/e48357351a01702a0d19307070e081bf?s=96&#038;r=g\" alt=\"Guilherme Caetano\"><\/a><div class=\"authorBox__name\"><span>por\n\t\t\t<a href=\"https:\/\/www.suno.com.br\/noticias\/author\/guilherme-caetano\/\"><span itemprop=\"author\">Guilherme Caetano<\/span><\/a><\/span><time datetime=\"2019-04-03T13:38:40-03:00\" itemprop=\"datePublished\">03\/04\/2019 13:38<\/time><\/div><\/div><\/div><\/div><\/div>","single_layout":"posts","amp_enabled":true,"_links":{"self":[{"href":"https:\/\/www.suno.com.br\/noticias\/wp-json\/wp\/v2\/posts\/19847"}],"collection":[{"href":"https:\/\/www.suno.com.br\/noticias\/wp-json\/wp\/v2\/posts"}],"about":[{"href":"https:\/\/www.suno.com.br\/noticias\/wp-json\/wp\/v2\/types\/post"}],"author":[{"embeddable":true,"href":"https:\/\/www.suno.com.br\/noticias\/wp-json\/wp\/v2\/users\/13"}],"replies":[{"embeddable":true,"href":"https:\/\/www.suno.com.br\/noticias\/wp-json\/wp\/v2\/comments?post=19847"}],"version-history":[{"count":1,"href":"https:\/\/www.suno.com.br\/noticias\/wp-json\/wp\/v2\/posts\/19847\/revisions"}],"predecessor-version":[{"id":153935,"href":"https:\/\/www.suno.com.br\/noticias\/wp-json\/wp\/v2\/posts\/19847\/revisions\/153935"}],"wp:featuredmedia":[{"embeddable":true,"href":"https:\/\/www.suno.com.br\/noticias\/wp-json\/wp\/v2\/media\/19848"}],"wp:attachment":[{"href":"https:\/\/www.suno.com.br\/noticias\/wp-json\/wp\/v2\/media?parent=19847"}],"wp:term":[{"taxonomy":"category","embeddable":true,"href":"https:\/\/www.suno.com.br\/noticias\/wp-json\/wp\/v2\/categories?post=19847"},{"taxonomy":"post_tag","embeddable":true,"href":"https:\/\/www.suno.com.br\/noticias\/wp-json\/wp\/v2\/tags?post=19847"},{"taxonomy":"suno_strategy","embeddable":true,"href":"https:\/\/www.suno.com.br\/noticias\/wp-json\/wp\/v2\/suno_strategy?post=19847"}],"curies":[{"name":"wp","href":"https:\/\/api.w.org\/{rel}","templated":true}]}}