{"id":19846,"date":"2019-04-03T14:03:56","date_gmt":"2019-04-03T17:03:56","guid":{"rendered":"https:\/\/www.suno.com.br\/noticias\/?p=19846"},"modified":"2019-04-03T14:05:46","modified_gmt":"2019-04-03T17:05:46","slug":"nova-previdencia-onyx-lorenzoni-camara-junho","status":"publish","type":"post","link":"https:\/\/www.suno.com.br\/noticias\/nova-previdencia-onyx-lorenzoni-camara-junho\/","title":{"rendered":"Onyx planeja que a C\u00e2mara vote a Nova Previd\u00eancia em junho"},"content":{"rendered":"<p>O ministro da Casa Civil, <strong>Onyx Lorenzoni<\/strong>, afirmou que a base aliada ao governo, a ser formada, dever\u00e1 votar a <strong>Proposta de Emenda Constitucional<\/strong> (PEC) da <strong>reforma da Previd\u00eancia<\/strong>, no plen\u00e1rio da <strong>C\u00e2mara dos Deputados<\/strong>, em <strong>junho<\/strong>.<\/p>\t<div class=\"wrapper-featured-image\">\n\t\t<figure class=\"spotlightImg\">\n\n\t\t\t<picture>\n\t\t\t\t<source media=\"(max-width: 768px)\" srcset=\"https:\/\/files.sunoresearch.com.br\/n\/uploads\/2019\/01\/65061e0b-onyx-lorenzoni2-400x200.webp\">\n\t\t\t\t<img loading=\"lazy\" decoding=\"async\" class=\"newsContent__article__imgCapa lazyloadDisabled newsContent__article__imgCapa--noCaption\" src=\"https:\/\/files.sunoresearch.com.br\/n\/uploads\/2019\/01\/65061e0b-onyx-lorenzoni2-jpg.webp\" width=\"800\" height=\"450\" alt=\"Onyx planeja que a C\u00e2mara vote a Nova Previd\u00eancia em junho\" fetchpriority=high \/>\n\t\t\t<\/picture>\n\n\t\t\t<figcaption class=\"wp-caption-text wp-caption-text--hide\">coronavoucher - Onyx<\/figcaption>\n\t\t<\/figure>\n\t<\/div>\n\n\n<p>&#8220;Para que n\u00f3s tenhamos uma base constitu\u00edda, precisamos dialogar. Convidar e abrir a porta: \u00e9 o que a gente est\u00e1 fazendo. Abrindo a porta para a <strong>constru\u00e7\u00e3o<\/strong> dessa base que vai se expressar na vota\u00e7\u00e3o da <strong>Nova Previd\u00eancia<\/strong>, em <strong>junho<\/strong>&#8220;, afirmou o ministro \u00e0 Imprensa nesta quarta-feira (3).<\/p>\n<p>O ministro anunciou que o presidente da Rep\u00fablica, <strong>Jair Bolsonaro<\/strong>, far\u00e1 convites para partidos adentrarem, oficialmente, a<strong> base aliada<\/strong> do governo no <strong>Congresso Nacional<\/strong>. Isto ocorrer\u00e1 a partir de quinta-feira, na s\u00e9rie de reuni\u00f5es agendadas que o presidente ter\u00e1 com chefes de partidos.<\/p>\n<p>O intuito de Bolsonaro, segundo o ministro, \u00e9 que forme-se uma <strong>base aliada<\/strong> concreta para a vota\u00e7\u00e3o da<strong> PEC da reforma Previd\u00eancia<\/strong>, chamada pelo governo de <strong>&#8220;Nova Previd\u00eancia&#8221;<\/strong>, devido \u00e0 exist\u00eancia do projeto arquivado da gest\u00e3o de Michel Temer (MDB).<\/p>\n<p>&#8220;Vai ser o tom de convid\u00e1-los, a<strong> institui\u00e7\u00e3o partid\u00e1ria<\/strong>, para que participe desse esfor\u00e7o de constru\u00e7\u00e3o de entendimento na busca de poder ter a<strong> Nova Previd\u00eancia<\/strong> aprovada, que o Brasil encontre o equil\u00edbrio fiscal, porque esse \u00e9 o <strong>passaporte para o portal da prosperidade<\/strong>&#8220;, acrescentou o ministro.<\/p>\n<p>[optin-monster-shortcode id=&#8221;npkxlwaleraa8psvnego&#8221;]<\/p>\n<p>&nbsp;<\/p>\n<p>Respondendo \u00e0 quest\u00e3o da poss\u00edvel demora do governo em buscar os partidos para formar a base aliada, <strong>Onyx<\/strong> respondeu que eram necess\u00e1rios:<\/p>\n<ul>\n<li>tempo;<\/li>\n<li>paci\u00eancia;<\/li>\n<li>e di\u00e1logo.<\/li>\n<\/ul>\n<p>Em adendo, o ministro comparou o mandato de quatro anos do<strong> presidente da Rep\u00fablica<\/strong> a uma maratona.<\/p>\n<p><a href=\"https:\/\/www.suno.com.br\/noticias\/maia-sistema-capitalizacao-passar\/\">Saiba mais &#8211;\u00a0Maia: sistema de capitaliza\u00e7\u00e3o da Previd\u00eancia n\u00e3o ser\u00e1 aprovado\u00a0<\/a><\/p>\n\t<p>\n\t\t<a href=\"https:\/\/lps.suno.com.br\/asset\/newsletter\/\" target=\"_blank\" data-element=\"shortcode-suno-banner\" title=\"Banner SUNO, clique e saiba mais\">\n\t\t\t<picture>\n\t\t\t\t<source media=\"(max-width: 500px)\" srcset=\"https:\/\/files.sunoresearch.com.br\/n\/uploads\/2023\/04\/400x300-Mobile-Artigos-4.jpg\">\n\t\t\t\t<img class=\"newsContent__article__imgCapa newsContent__article__imgCapa--banner\"\n\t\t\t\t\tsrc=\"https:\/\/files.sunoresearch.com.br\/n\/uploads\/2023\/04\/1420x240-Banner-Artigos-1-_-Banner-Materias-1.jpg\"\n\t\t\t\t\tdata-promo-id=\"386700\"\t\t\t\t\t\t\t\t\t\twidth='1420' height='240'\t\t\t\t\talt=\"https:\/\/files.sunoresearch.com.br\/n\/uploads\/2023\/04\/1420x240-Banner-Artigos-1-_-Banner-Materias-1.jpg\"\n\t\t\t\t>\n\t\t\t<\/picture>\n\t\t<\/a>\n\t<\/p>\n\n\n<h2>L\u00edderes de partidos com encontro marcado<\/h2>\n<p>Na quinta-feira (4), <strong>Jair Bolsonaro<\/strong> ter\u00e1 encontro com:<\/p>\n<ul>\n<li>presidente do <strong>PRB<\/strong>, Marcos Pereira;<\/li>\n<li>presidente do <strong>PSD<\/strong>, Gilberto Kassab;<\/li>\n<li>presidente do <strong>PSDB<\/strong>, Geraldo Alckmin;<\/li>\n<li>presidente do <strong>DEM<\/strong>, ACM Neto;<\/li>\n<li>presidente do <strong>PP<\/strong>,\u00a0Ciro Nogueira;<\/li>\n<li>e o\u00a0presidente\u00a0do <strong>MDB<\/strong>, Romero Juc\u00e1.<\/li>\n<\/ul>\n<p>De acordo com o ministro, outros presidentes de partidos ser\u00e3o recebidos na pr\u00f3xima semana. Dentre os quais: <strong>PSL<\/strong>, <strong>SD<\/strong>, <strong>PR<\/strong> e <strong>Podemos<\/strong>.<\/p>\n<p><strong>Onyx Lorenzoni<\/strong> descartou um poss\u00edvel encontro entre<strong> Bolsonaro<\/strong> e o presidente da C\u00e2mara Federal, Rodrigo Maia (DEM), nesta semana. Ap\u00f3s as farpas trocadas entre ambos devido a articula\u00e7\u00e3o da <strong>Nova Previd\u00eancia<\/strong>.<\/p>\n","protected":false},"excerpt":{"rendered":"<p>O ministro da Casa Civil, Onyx Lorenzoni, afirmou que a base aliada ao governo, a ser formada, dever\u00e1 votar a Proposta de Emenda Constitucional (PEC) da reforma da Previd\u00eancia, no plen\u00e1rio da C\u00e2mara dos Deputados, em junho. coronavoucher &#8211; Onyx &#8220;Para que n\u00f3s tenhamos uma base constitu\u00edda, precisamos dialogar. Convidar e abrir a porta: \u00e9 [&hellip;]<\/p>\n","protected":false},"author":12,"featured_media":10761,"comment_status":"closed","ping_status":"closed","sticky":false,"template":"","format":"standard","meta":[],"categories":[61],"tags":[719,939,940,892],"suno_strategy":[],"class_list":["post-19846","post","type-post","status-publish","format-standard","has-post-thumbnail","hentry","category-politica","tag-jair-bolsonaro","tag-onyx-lorenzoni","tag-reforma-da-previdencia","tag-rodrigo-maia"],"yoast_head":"<!-- This site is optimized with the Yoast SEO plugin v24.4 - https:\/\/yoast.com\/wordpress\/plugins\/seo\/ -->\n<title>Onyx planeja que a C\u00e2mara vote a Nova Previd\u00eancia em junho<\/title>\n<meta name=\"description\" content=\"Onyx disse que a base aliada ao governo, a ser formada, deve votar a Previd\u00eancia, no plen\u00e1rio da C\u00e2mara em junho. Clique para saber mais.\" \/>\n<meta name=\"robots\" content=\"index, follow, max-snippet:-1, max-image-preview:large, max-video-preview:-1\" \/>\n<link rel=\"canonical\" href=\"https:\/\/www.suno.com.br\/noticias\/nova-previdencia-onyx-lorenzoni-camara-junho\/\" \/>\n<meta property=\"og:locale\" content=\"pt_BR\" \/>\n<meta property=\"og:type\" content=\"article\" \/>\n<meta property=\"og:title\" content=\"Onyx planeja que a C\u00e2mara vote a Nova Previd\u00eancia em junho\" \/>\n<meta property=\"og:description\" content=\"Onyx disse que a base aliada ao governo, a ser formada, deve votar a Previd\u00eancia, no plen\u00e1rio da C\u00e2mara em junho. Clique para saber mais.\" \/>\n<meta property=\"og:url\" content=\"https:\/\/www.suno.com.br\/noticias\/nova-previdencia-onyx-lorenzoni-camara-junho\/\" \/>\n<meta property=\"og:site_name\" content=\"Suno Not\u00edcias\" \/>\n<meta property=\"article:publisher\" content=\"https:\/\/facebook.com\/sunoresearch\" \/>\n<meta property=\"og:image\" content=\"https:\/\/files.sunoresearch.com.br\/n\/uploads\/2019\/01\/65061e0b-onyx-lorenzoni2.jpg\" \/>\n\t<meta property=\"og:image:width\" content=\"652\" \/>\n\t<meta property=\"og:image:height\" content=\"408\" \/>\n\t<meta property=\"og:image:type\" content=\"image\/jpeg\" \/>\n<meta name=\"author\" content=\"Amanda Gushiken\" \/>\n<meta name=\"twitter:card\" content=\"summary_large_image\" \/>\n<meta name=\"twitter:creator\" content=\"@sunoresearch\" \/>\n<meta name=\"twitter:site\" content=\"@sunoresearch\" \/>\n<meta name=\"twitter:label1\" content=\"Escrito por\" \/>\n\t<meta name=\"twitter:data1\" content=\"Amanda Gushiken\" \/>\n\t<meta name=\"twitter:label2\" content=\"Est. tempo de leitura\" \/>\n\t<meta name=\"twitter:data2\" content=\"2 minutos\" \/>\n<script type=\"application\/ld+json\" class=\"yoast-schema-graph\">{\"@context\":\"https:\/\/schema.org\",\"@graph\":[{\"@type\":\"NewsArticle\",\"@id\":\"https:\/\/www.suno.com.br\/noticias\/nova-previdencia-onyx-lorenzoni-camara-junho\/#article\",\"isPartOf\":{\"@id\":\"https:\/\/www.suno.com.br\/noticias\/nova-previdencia-onyx-lorenzoni-camara-junho\/\"},\"author\":{\"name\":\"Amanda Gushiken\",\"@id\":\"https:\/\/www.suno.com.br\/noticias\/#\/schema\/person\/a5b06fa4e879d8e8e119c6ed3cd630d1\"},\"headline\":\"Onyx planeja que a C\u00e2mara vote a Nova Previd\u00eancia em junho\",\"datePublished\":\"2019-04-03T17:03:56+00:00\",\"dateModified\":\"2019-04-03T17:05:46+00:00\",\"mainEntityOfPage\":{\"@id\":\"https:\/\/www.suno.com.br\/noticias\/nova-previdencia-onyx-lorenzoni-camara-junho\/\"},\"wordCount\":422,\"publisher\":{\"@id\":\"https:\/\/www.suno.com.br\/noticias\/#organization\"},\"image\":{\"@id\":\"https:\/\/www.suno.com.br\/noticias\/nova-previdencia-onyx-lorenzoni-camara-junho\/#primaryimage\"},\"thumbnailUrl\":\"https:\/\/files.sunoresearch.com.br\/n\/uploads\/2019\/01\/65061e0b-onyx-lorenzoni2-jpg.webp\",\"keywords\":[\"Jair Bolsonaro\",\"Onyx Lorenzoni\",\"Reforma da Previd\u00eancia\",\"Rodrigo Maia\"],\"articleSection\":[\"Pol\u00edtica\"],\"inLanguage\":\"pt-BR\"},{\"@type\":\"WebPage\",\"@id\":\"https:\/\/www.suno.com.br\/noticias\/nova-previdencia-onyx-lorenzoni-camara-junho\/\",\"url\":\"https:\/\/www.suno.com.br\/noticias\/nova-previdencia-onyx-lorenzoni-camara-junho\/\",\"name\":\"Onyx planeja que a C\u00e2mara vote a Nova Previd\u00eancia em junho\",\"isPartOf\":{\"@id\":\"https:\/\/www.suno.com.br\/noticias\/#website\"},\"primaryImageOfPage\":{\"@id\":\"https:\/\/www.suno.com.br\/noticias\/nova-previdencia-onyx-lorenzoni-camara-junho\/#primaryimage\"},\"image\":{\"@id\":\"https:\/\/www.suno.com.br\/noticias\/nova-previdencia-onyx-lorenzoni-camara-junho\/#primaryimage\"},\"thumbnailUrl\":\"https:\/\/files.sunoresearch.com.br\/n\/uploads\/2019\/01\/65061e0b-onyx-lorenzoni2-jpg.webp\",\"datePublished\":\"2019-04-03T17:03:56+00:00\",\"dateModified\":\"2019-04-03T17:05:46+00:00\",\"description\":\"Onyx disse que a base aliada ao governo, a ser formada, deve votar a Previd\u00eancia, no plen\u00e1rio da C\u00e2mara em junho. Clique para saber mais.\",\"breadcrumb\":{\"@id\":\"https:\/\/www.suno.com.br\/noticias\/nova-previdencia-onyx-lorenzoni-camara-junho\/#breadcrumb\"},\"inLanguage\":\"pt-BR\",\"potentialAction\":[{\"@type\":\"ReadAction\",\"target\":[\"https:\/\/www.suno.com.br\/noticias\/nova-previdencia-onyx-lorenzoni-camara-junho\/\"]}]},{\"@type\":\"ImageObject\",\"inLanguage\":\"pt-BR\",\"@id\":\"https:\/\/www.suno.com.br\/noticias\/nova-previdencia-onyx-lorenzoni-camara-junho\/#primaryimage\",\"url\":\"https:\/\/files.sunoresearch.com.br\/n\/uploads\/2019\/01\/65061e0b-onyx-lorenzoni2-jpg.webp\",\"contentUrl\":\"https:\/\/files.sunoresearch.com.br\/n\/uploads\/2019\/01\/65061e0b-onyx-lorenzoni2-jpg.webp\",\"width\":652,\"height\":408,\"caption\":\"coronavoucher - Onyx\"},{\"@type\":\"BreadcrumbList\",\"@id\":\"https:\/\/www.suno.com.br\/noticias\/nova-previdencia-onyx-lorenzoni-camara-junho\/#breadcrumb\",\"itemListElement\":[{\"@type\":\"ListItem\",\"position\":1,\"name\":\"Not\u00edcias\",\"item\":\"https:\/\/www.suno.com.br\/noticias\/\"},{\"@type\":\"ListItem\",\"position\":2,\"name\":\"Pol\u00edtica\",\"item\":\"https:\/\/www.suno.com.br\/noticias\/politica\/\"},{\"@type\":\"ListItem\",\"position\":3,\"name\":\"Onyx planeja que a C\u00e2mara vote a Nova Previd\u00eancia em junho\"}]},{\"@type\":\"WebSite\",\"@id\":\"https:\/\/www.suno.com.br\/noticias\/#website\",\"url\":\"https:\/\/www.suno.com.br\/noticias\/\",\"name\":\"Suno Not\u00edcias\",\"description\":\"Seu portal de informa\u00e7\u00e3o sobre o mundo dos investimentos\",\"publisher\":{\"@id\":\"https:\/\/www.suno.com.br\/noticias\/#organization\"},\"potentialAction\":[{\"@type\":\"SearchAction\",\"target\":{\"@type\":\"EntryPoint\",\"urlTemplate\":\"https:\/\/www.suno.com.br\/noticias\/?s={search_term_string}\"},\"query-input\":{\"@type\":\"PropertyValueSpecification\",\"valueRequired\":true,\"valueName\":\"search_term_string\"}}],\"inLanguage\":\"pt-BR\"},{\"@type\":\"Organization\",\"@id\":\"https:\/\/www.suno.com.br\/noticias\/#organization\",\"name\":\"Suno Not\u00edcias\",\"url\":\"https:\/\/www.suno.com.br\/noticias\/\",\"logo\":{\"@type\":\"ImageObject\",\"inLanguage\":\"pt-BR\",\"@id\":\"https:\/\/www.suno.com.br\/noticias\/#\/schema\/logo\/image\/\",\"url\":\"https:\/\/files.sunoresearch.com.br\/n\/uploads\/2021\/09\/suno-logo.png\",\"contentUrl\":\"https:\/\/files.sunoresearch.com.br\/n\/uploads\/2021\/09\/suno-logo.png\",\"width\":180,\"height\":180,\"caption\":\"Suno Not\u00edcias\"},\"image\":{\"@id\":\"https:\/\/www.suno.com.br\/noticias\/#\/schema\/logo\/image\/\"},\"sameAs\":[\"https:\/\/facebook.com\/sunoresearch\",\"https:\/\/x.com\/sunoresearch\",\"https:\/\/www.instagram.com\/suno\",\"https:\/\/www.linkedin.com\/company\/suno-research\/\",\"https:\/\/www.youtube.com\/c\/sunoresearch\"]},{\"@type\":\"Person\",\"@id\":\"https:\/\/www.suno.com.br\/noticias\/#\/schema\/person\/a5b06fa4e879d8e8e119c6ed3cd630d1\",\"name\":\"Amanda Gushiken\",\"image\":{\"@type\":\"ImageObject\",\"inLanguage\":\"pt-BR\",\"@id\":\"https:\/\/www.suno.com.br\/noticias\/#\/schema\/person\/image\/\",\"url\":\"https:\/\/secure.gravatar.com\/avatar\/ecd84705e6b65e3685ae80d725501fbe?s=96&r=g\",\"contentUrl\":\"https:\/\/secure.gravatar.com\/avatar\/ecd84705e6b65e3685ae80d725501fbe?s=96&r=g\",\"caption\":\"Amanda Gushiken\"},\"description\":\"Amanda Sayuri Gushiken escreve sobre finan\u00e7as e neg\u00f3cios para o portal Suno Not\u00edcias. Antes, trabalhou selecionando not\u00edcias da imprensa para clientes do mercado financeiro. Tamb\u00e9m desenvolveu pesquisa acad\u00eamica pela Universidade Anhembi Morumbi na \u00e1rea de Teorias da Comunica\u00e7\u00e3o e \u00e9 fot\u00f3grafa nas horas vagas.\",\"url\":\"https:\/\/www.suno.com.br\/noticias\/author\/amanda\/\"}]}<\/script>\n<!-- \/ Yoast SEO plugin. -->","yoast_head_json":{"title":"Onyx planeja que a C\u00e2mara vote a Nova Previd\u00eancia em junho","description":"Onyx disse que a base aliada ao governo, a ser formada, deve votar a Previd\u00eancia, no plen\u00e1rio da C\u00e2mara em junho. Clique para saber mais.","robots":{"index":"index","follow":"follow","max-snippet":"max-snippet:-1","max-image-preview":"max-image-preview:large","max-video-preview":"max-video-preview:-1"},"canonical":"https:\/\/www.suno.com.br\/noticias\/nova-previdencia-onyx-lorenzoni-camara-junho\/","og_locale":"pt_BR","og_type":"article","og_title":"Onyx planeja que a C\u00e2mara vote a Nova Previd\u00eancia em junho","og_description":"Onyx disse que a base aliada ao governo, a ser formada, deve votar a Previd\u00eancia, no plen\u00e1rio da C\u00e2mara em junho. Clique para saber mais.","og_url":"https:\/\/www.suno.com.br\/noticias\/nova-previdencia-onyx-lorenzoni-camara-junho\/","og_site_name":"Suno Not\u00edcias","article_publisher":"https:\/\/facebook.com\/sunoresearch","og_image":[{"width":652,"height":408,"url":"https:\/\/files.sunoresearch.com.br\/n\/uploads\/2019\/01\/65061e0b-onyx-lorenzoni2.jpg","type":"image\/jpeg"}],"author":"Amanda Gushiken","twitter_card":"summary_large_image","twitter_creator":"@sunoresearch","twitter_site":"@sunoresearch","twitter_misc":{"Escrito por":"Amanda Gushiken","Est. tempo de leitura":"2 minutos"},"schema":{"@context":"https:\/\/schema.org","@graph":[{"@type":"NewsArticle","@id":"https:\/\/www.suno.com.br\/noticias\/nova-previdencia-onyx-lorenzoni-camara-junho\/#article","isPartOf":{"@id":"https:\/\/www.suno.com.br\/noticias\/nova-previdencia-onyx-lorenzoni-camara-junho\/"},"author":{"name":"Amanda Gushiken","@id":"https:\/\/www.suno.com.br\/noticias\/#\/schema\/person\/a5b06fa4e879d8e8e119c6ed3cd630d1"},"headline":"Onyx planeja que a C\u00e2mara vote a Nova Previd\u00eancia em junho","datePublished":"2019-04-03T17:03:56+00:00","dateModified":"2019-04-03T17:05:46+00:00","mainEntityOfPage":{"@id":"https:\/\/www.suno.com.br\/noticias\/nova-previdencia-onyx-lorenzoni-camara-junho\/"},"wordCount":422,"publisher":{"@id":"https:\/\/www.suno.com.br\/noticias\/#organization"},"image":{"@id":"https:\/\/www.suno.com.br\/noticias\/nova-previdencia-onyx-lorenzoni-camara-junho\/#primaryimage"},"thumbnailUrl":"https:\/\/files.sunoresearch.com.br\/n\/uploads\/2019\/01\/65061e0b-onyx-lorenzoni2-jpg.webp","keywords":["Jair Bolsonaro","Onyx Lorenzoni","Reforma da Previd\u00eancia","Rodrigo Maia"],"articleSection":["Pol\u00edtica"],"inLanguage":"pt-BR"},{"@type":"WebPage","@id":"https:\/\/www.suno.com.br\/noticias\/nova-previdencia-onyx-lorenzoni-camara-junho\/","url":"https:\/\/www.suno.com.br\/noticias\/nova-previdencia-onyx-lorenzoni-camara-junho\/","name":"Onyx planeja que a C\u00e2mara vote a Nova Previd\u00eancia em junho","isPartOf":{"@id":"https:\/\/www.suno.com.br\/noticias\/#website"},"primaryImageOfPage":{"@id":"https:\/\/www.suno.com.br\/noticias\/nova-previdencia-onyx-lorenzoni-camara-junho\/#primaryimage"},"image":{"@id":"https:\/\/www.suno.com.br\/noticias\/nova-previdencia-onyx-lorenzoni-camara-junho\/#primaryimage"},"thumbnailUrl":"https:\/\/files.sunoresearch.com.br\/n\/uploads\/2019\/01\/65061e0b-onyx-lorenzoni2-jpg.webp","datePublished":"2019-04-03T17:03:56+00:00","dateModified":"2019-04-03T17:05:46+00:00","description":"Onyx disse que a base aliada ao governo, a ser formada, deve votar a Previd\u00eancia, no plen\u00e1rio da C\u00e2mara em junho. Clique para saber mais.","breadcrumb":{"@id":"https:\/\/www.suno.com.br\/noticias\/nova-previdencia-onyx-lorenzoni-camara-junho\/#breadcrumb"},"inLanguage":"pt-BR","potentialAction":[{"@type":"ReadAction","target":["https:\/\/www.suno.com.br\/noticias\/nova-previdencia-onyx-lorenzoni-camara-junho\/"]}]},{"@type":"ImageObject","inLanguage":"pt-BR","@id":"https:\/\/www.suno.com.br\/noticias\/nova-previdencia-onyx-lorenzoni-camara-junho\/#primaryimage","url":"https:\/\/files.sunoresearch.com.br\/n\/uploads\/2019\/01\/65061e0b-onyx-lorenzoni2-jpg.webp","contentUrl":"https:\/\/files.sunoresearch.com.br\/n\/uploads\/2019\/01\/65061e0b-onyx-lorenzoni2-jpg.webp","width":652,"height":408,"caption":"coronavoucher - Onyx"},{"@type":"BreadcrumbList","@id":"https:\/\/www.suno.com.br\/noticias\/nova-previdencia-onyx-lorenzoni-camara-junho\/#breadcrumb","itemListElement":[{"@type":"ListItem","position":1,"name":"Not\u00edcias","item":"https:\/\/www.suno.com.br\/noticias\/"},{"@type":"ListItem","position":2,"name":"Pol\u00edtica","item":"https:\/\/www.suno.com.br\/noticias\/politica\/"},{"@type":"ListItem","position":3,"name":"Onyx planeja que a C\u00e2mara vote a Nova Previd\u00eancia em junho"}]},{"@type":"WebSite","@id":"https:\/\/www.suno.com.br\/noticias\/#website","url":"https:\/\/www.suno.com.br\/noticias\/","name":"Suno Not\u00edcias","description":"Seu portal de informa\u00e7\u00e3o sobre o mundo dos investimentos","publisher":{"@id":"https:\/\/www.suno.com.br\/noticias\/#organization"},"potentialAction":[{"@type":"SearchAction","target":{"@type":"EntryPoint","urlTemplate":"https:\/\/www.suno.com.br\/noticias\/?s={search_term_string}"},"query-input":{"@type":"PropertyValueSpecification","valueRequired":true,"valueName":"search_term_string"}}],"inLanguage":"pt-BR"},{"@type":"Organization","@id":"https:\/\/www.suno.com.br\/noticias\/#organization","name":"Suno Not\u00edcias","url":"https:\/\/www.suno.com.br\/noticias\/","logo":{"@type":"ImageObject","inLanguage":"pt-BR","@id":"https:\/\/www.suno.com.br\/noticias\/#\/schema\/logo\/image\/","url":"https:\/\/files.sunoresearch.com.br\/n\/uploads\/2021\/09\/suno-logo.png","contentUrl":"https:\/\/files.sunoresearch.com.br\/n\/uploads\/2021\/09\/suno-logo.png","width":180,"height":180,"caption":"Suno Not\u00edcias"},"image":{"@id":"https:\/\/www.suno.com.br\/noticias\/#\/schema\/logo\/image\/"},"sameAs":["https:\/\/facebook.com\/sunoresearch","https:\/\/x.com\/sunoresearch","https:\/\/www.instagram.com\/suno","https:\/\/www.linkedin.com\/company\/suno-research\/","https:\/\/www.youtube.com\/c\/sunoresearch"]},{"@type":"Person","@id":"https:\/\/www.suno.com.br\/noticias\/#\/schema\/person\/a5b06fa4e879d8e8e119c6ed3cd630d1","name":"Amanda Gushiken","image":{"@type":"ImageObject","inLanguage":"pt-BR","@id":"https:\/\/www.suno.com.br\/noticias\/#\/schema\/person\/image\/","url":"https:\/\/secure.gravatar.com\/avatar\/ecd84705e6b65e3685ae80d725501fbe?s=96&r=g","contentUrl":"https:\/\/secure.gravatar.com\/avatar\/ecd84705e6b65e3685ae80d725501fbe?s=96&r=g","caption":"Amanda Gushiken"},"description":"Amanda Sayuri Gushiken escreve sobre finan\u00e7as e neg\u00f3cios para o portal Suno Not\u00edcias. Antes, trabalhou selecionando not\u00edcias da imprensa para clientes do mercado financeiro. Tamb\u00e9m desenvolveu pesquisa acad\u00eamica pela Universidade Anhembi Morumbi na \u00e1rea de Teorias da Comunica\u00e7\u00e3o e \u00e9 fot\u00f3grafa nas horas vagas.","url":"https:\/\/www.suno.com.br\/noticias\/author\/amanda\/"}]}},"default_loop_html":"<div class=\"cardsPage__listCard__boxs\"><div class=\"cardsPage__listCard__boxs__img\"><a href=\"https:\/\/www.suno.com.br\/noticias\/nova-previdencia-onyx-lorenzoni-camara-junho\/\"><img class=\"mask\" src=\"https:\/\/www.suno.com.br\/noticias\/wp-content\/themes\/suno\/resources\/images\/spotlight\/spotlight1img\/bg-mask.png\" alt=\"Image Mask\"\/><img src=\"https:\/\/files.sunoresearch.com.br\/n\/uploads\/2019\/01\/65061e0b-onyx-lorenzoni2-400x200.webp\" alt=\"Onyx planeja que a C\u00e2mara vote a Nova Previd\u00eancia em junho\"\/><\/a><span class=\"spotlightCategory\"><a href=\"https:\/\/www.suno.com.br\/noticias\/politica\/\">Pol\u00edtica<\/a><\/span><\/div><div class=\"cardsPage__listCard__boxs__content\"><a href=\"https:\/\/www.suno.com.br\/noticias\/nova-previdencia-onyx-lorenzoni-camara-junho\/\"><h2 class=\"content__title\">Onyx planeja que a C\u00e2mara vote a Nova Previd\u00eancia em junho<\/h2><\/a><div class=\"newsContent__article__meta\"><div class=\"newsContent__article__meta__authorBox\"><a href=\"https:\/\/www.suno.com.br\/noticias\/author\/amanda\/\" class=\"authorBox__avatar noMobi\"><img src=\"https:\/\/files.sunoresearch.com.br\/n\/uploads\/2018\/11\/c6ad30be-amanda-150x150.webp\" alt=\"Amanda Gushiken\"><\/a><div class=\"authorBox__name\"><span>por\n\t\t\t<a href=\"https:\/\/www.suno.com.br\/noticias\/author\/amanda\/\"><span itemprop=\"author\">Amanda Gushiken<\/span><\/a><\/span><time datetime=\"2019-04-03T14:03:56-03:00\" itemprop=\"datePublished\">03\/04\/2019 14:03<\/time><\/div><\/div><\/div><\/div><\/div>","single_layout":"posts","amp_enabled":true,"_links":{"self":[{"href":"https:\/\/www.suno.com.br\/noticias\/wp-json\/wp\/v2\/posts\/19846"}],"collection":[{"href":"https:\/\/www.suno.com.br\/noticias\/wp-json\/wp\/v2\/posts"}],"about":[{"href":"https:\/\/www.suno.com.br\/noticias\/wp-json\/wp\/v2\/types\/post"}],"author":[{"embeddable":true,"href":"https:\/\/www.suno.com.br\/noticias\/wp-json\/wp\/v2\/users\/12"}],"replies":[{"embeddable":true,"href":"https:\/\/www.suno.com.br\/noticias\/wp-json\/wp\/v2\/comments?post=19846"}],"version-history":[{"count":0,"href":"https:\/\/www.suno.com.br\/noticias\/wp-json\/wp\/v2\/posts\/19846\/revisions"}],"wp:featuredmedia":[{"embeddable":true,"href":"https:\/\/www.suno.com.br\/noticias\/wp-json\/wp\/v2\/media\/10761"}],"wp:attachment":[{"href":"https:\/\/www.suno.com.br\/noticias\/wp-json\/wp\/v2\/media?parent=19846"}],"wp:term":[{"taxonomy":"category","embeddable":true,"href":"https:\/\/www.suno.com.br\/noticias\/wp-json\/wp\/v2\/categories?post=19846"},{"taxonomy":"post_tag","embeddable":true,"href":"https:\/\/www.suno.com.br\/noticias\/wp-json\/wp\/v2\/tags?post=19846"},{"taxonomy":"suno_strategy","embeddable":true,"href":"https:\/\/www.suno.com.br\/noticias\/wp-json\/wp\/v2\/suno_strategy?post=19846"}],"curies":[{"name":"wp","href":"https:\/\/api.w.org\/{rel}","templated":true}]}}