{"id":198377,"date":"2021-10-28T10:10:39","date_gmt":"2021-10-28T13:10:39","guid":{"rendered":"https:\/\/www.suno.com.br\/noticias\/?p=198377"},"modified":"2021-10-28T10:10:39","modified_gmt":"2021-10-28T13:10:39","slug":"apos-ambev-abev3-mercado-espera-por-petrobras-petr4-e-vale-vale3","status":"publish","type":"post","link":"https:\/\/www.suno.com.br\/noticias\/apos-ambev-abev3-mercado-espera-por-petrobras-petr4-e-vale-vale3\/","title":{"rendered":"Ap\u00f3s Ambev (ABEV3), mercado espera por Petrobras (PETR4) e Vale (VALE3)"},"content":{"rendered":"<p>Nos destaques de empresas desta quinta-feira (28) chama a aten\u00e7\u00e3o do mercado a <a class=\"suno-keyword\" href=\"https:\/\/www.suno.com.br\/acoes\/ABEV3\/\" target=\"_blank\" rel=\"noopener\" data-force=\"yes\" data-priority=\"2\"><strong>Ambev<\/strong> (ABEV3)<\/a> que logo pela manh\u00e3 anunciou seus <a class=\"suno-keyword\" href=\"https:\/\/www.suno.com.br\/artigos\/resultados-trimestrais\/\" target=\"_blank\" rel=\"noopener\" data-force=\"no\" data-priority=\"1\">resultados trimestrais<\/a>. A cervejaria registrou lucro de R$ 3,7 bilh\u00f5es, crescimento de 57,4% na compara\u00e7\u00e3o com o mesmo per\u00edodo. Mais tarde, ap\u00f3s o fechamento do preg\u00e3o, o mercado espera por <a class=\"suno-keyword\" href=\"https:\/\/www.suno.com.br\/acoes\/PETR4\/\" target=\"_blank\" rel=\"noopener\" data-force=\"yes\" data-priority=\"2\">Petrobras (PETR4)<\/a> e <a class=\"suno-keyword\" href=\"https:\/\/www.suno.com.br\/acoes\/VALE3\/\" target=\"_blank\" rel=\"noopener\" data-force=\"yes\" data-priority=\"2\">Vale (VALE3).<\/a><\/p>\t<div class=\"wrapper-featured-image\">\n\t\t<figure class=\"spotlightImg\">\n\n\t\t\t<picture>\n\t\t\t\t<source media=\"(max-width: 768px)\" srcset=\"https:\/\/files.sunoresearch.com.br\/n\/uploads\/2021\/05\/13e91340-ambev-facebook-400x200.webp\">\n\t\t\t\t<img loading=\"lazy\" decoding=\"async\" class=\"newsContent__article__imgCapa lazyloadDisabled \" src=\"https:\/\/files.sunoresearch.com.br\/n\/uploads\/2021\/05\/13e91340-ambev-facebook-800x450.webp\" width=\"800\" height=\"450\" alt=\"Ap\u00f3s Ambev (ABEV3), mercado espera por Petrobras (PETR4) e Vale (VALE3)\" fetchpriority=high \/>\n\t\t\t<\/picture>\n\n\t\t\t<figcaption class=\"wp-caption-text wp-caption-text--show\">Ambev. Foto: Reprodu\u00e7\u00e3o<\/figcaption>\n\t\t<\/figure>\n\t<\/div>\n\n\n\t<p>\n\t\t<a href=\"https:\/\/lp.suno.com.br\/planilha-controle-gastos\/\" target=\"_blank\" data-element=\"shortcode-suno-banner\" title=\"Banner SUNO, clique e saiba mais\">\n\t\t\t<picture>\n\t\t\t\t<source media=\"(max-width: 500px)\" srcset=\"https:\/\/files.sunoresearch.com.br\/n\/uploads\/2023\/03\/400x300-Planilha-controle-de-gastos.png\">\n\t\t\t\t<img class=\"newsContent__article__imgCapa newsContent__article__imgCapa--banner\"\n\t\t\t\t\tsrc=\"https:\/\/files.sunoresearch.com.br\/n\/uploads\/2023\/03\/1420x240-Planilha-controle-de-gastos.png\"\n\t\t\t\t\tdata-promo-id=\"101751\"\t\t\t\t\t\t\t\t\t\twidth='1420' height='240'\t\t\t\t\talt=\"https:\/\/files.sunoresearch.com.br\/n\/uploads\/2023\/03\/1420x240-Planilha-controle-de-gastos.png\"\n\t\t\t\t>\n\t\t\t<\/picture>\n\t\t<\/a>\n\t<\/p>\n\n\n<p>Al\u00e9m da Ambev, est\u00e1 entre os destaques tamb\u00e9m a <a class=\"suno-keyword\" href=\"https:\/\/www.suno.com.br\/acoes\/OIBR3\/\" target=\"_blank\" rel=\"noopener\" data-force=\"yes\" data-priority=\"2\"><strong>Oi<\/strong> (OIBR3)<\/a> ap\u00f3s o Conselho Administrativo de Defesa Econ\u00f4mica (Cade) pedir mais 90 dias para analisar a venda de ativos m\u00f3veis para o cons\u00f3rcio. Por sua vez, a <a class=\"suno-keyword\" href=\"https:\/\/www.suno.com.br\/acoes\/RDOR3\/\" target=\"_blank\" rel=\"noopener\" data-force=\"yes\" data-priority=\"2\"><strong>Rede D&#8217;Or<\/strong> (RDOR3)<\/a> comprou o Hospital Santa Isabel por R$ 208 milh\u00f5es.<\/p>\n<p>J\u00e1 no cen\u00e1rio de balan\u00e7os, a <a class=\"suno-keyword\" href=\"https:\/\/www.suno.com.br\/acoes\/VIVT3\/\" target=\"_blank\" rel=\"noopener\" data-force=\"yes\" data-priority=\"2\"><strong>Telef\u00f4nica<\/strong> (VIVT3)<\/a> lucrou R$ 1,3 bilh\u00e3o, alta de 8,5%. A <a class=\"suno-keyword\" href=\"https:\/\/www.suno.com.br\/acoes\/MULT3\/\" target=\"_blank\" rel=\"noopener\" data-force=\"yes\" data-priority=\"2\"><strong>Multiplan<\/strong> (MULT3)<\/a> registrou queda de 82,5% no lucro, para R$ 99,4 milh\u00f5es.<\/p>\n<p>Nesta quinta-feira, al\u00e9m da Petrobras e Vale, anunciar\u00e3o seus resultados empresas como <a class=\"suno-keyword\" href=\"https:\/\/www.suno.com.br\/acoes\/SUZB3\/\" target=\"_blank\" rel=\"noopener\" data-force=\"yes\" data-priority=\"2\"><strong>Suzano<\/strong> (SUZB3)<\/a> e\u00a0Assa\u00ed (ASAI3).<\/p>\n\t<p>\n\t\t<a href=\"https:\/\/lp.suno.com.br\/planilha-da-vida-financeira\/\" target=\"_blank\" data-element=\"shortcode-suno-banner\" title=\"Banner SUNO, clique e saiba mais\">\n\t\t\t<picture>\n\t\t\t\t<source media=\"(max-width: 500px)\" srcset=\"https:\/\/files.sunoresearch.com.br\/n\/uploads\/2023\/04\/400x300-Planilha-vida-financeira-true.png\">\n\t\t\t\t<img class=\"newsContent__article__imgCapa newsContent__article__imgCapa--banner\"\n\t\t\t\t\tsrc=\"https:\/\/files.sunoresearch.com.br\/n\/uploads\/2023\/04\/1420x240-Planilha-vida-financeira-true.png\"\n\t\t\t\t\tdata-promo-id=\"106682\"\t\t\t\t\t\t\t\t\t\twidth='1420' height='240'\t\t\t\t\talt=\"https:\/\/files.sunoresearch.com.br\/n\/uploads\/2023\/04\/1420x240-Planilha-vida-financeira-true.png\"\n\t\t\t\t>\n\t\t\t<\/picture>\n\t\t<\/a>\n\t<\/p>\n\n\n<p><strong>Veja os destaques de empresas:<\/strong><\/p>\n<h2>Ambev<\/h2>\n<p>O lucro l\u00edquido da Ambev no terceiro trimestre de 2021 (3T21) foi de R$ 3,712 bilh\u00f5es. O valor \u00e9 57,4% superior ao de igual per\u00edodo do ano passado, a cervejeira lucrou R$ 2,359 bilh\u00f5es.<\/p>\n\t<div data-element=\"shortcode-read-more\" class=\"knowMore\">\n\t\t\t\t<span class=\"knowMore__title\">Saiba Mais<\/span>\n\t\t\t\t<a class=\"knowMore__link\" href=\"https:\/\/www.suno.com.br\/noticias\/ambev-abev3-aumento-de-volume-3t21\/\">\n\t\t\tAmbev (ABEV3) lucra R$ 3,7 bi com aumento de vendas; Veja o v\u00eddeo com o balan\u00e7o detalhado\t\t<\/a>\n\t<\/div>\n\n\n<p>O <strong>resultado da Ambev no 3T21<\/strong> avan\u00e7ou gra\u00e7as a estrat\u00e9gia de atratividade do portf\u00f3lio de marcas e dos investimentos no crescimento de longo prazo da companhia, afirma a administra\u00e7\u00e3o em relat\u00f3rio.<\/p>\n<h2>Oi<\/h2>\n<p>A Superintend\u00eancia-geral do <a class=\"suno-keyword\" href=\"https:\/\/www.suno.com.br\/artigos\/cade\/\" target=\"_blank\" rel=\"noopener\" data-force=\"no\" data-priority=\"2\">Conselho Administrativo de Defesa Econ\u00f4mica (Cade)<\/a> solicitou prazo maior de 90 dias para analisar a compra dos ativos m\u00f3veis da <strong>Oi<\/strong>\u00a0pelo cons\u00f3rcio <a class=\"suno-keyword\" href=\"https:\/\/www.suno.com.br\/acoes\/TIMS3\/\" target=\"_blank\" rel=\"noopener\" data-force=\"yes\" data-priority=\"2\">TIM (TIMS3)<\/a>, <a class=\"suno-keyword\" href=\"https:\/\/www.suno.com.br\/acoes\/VIVT3\/\" target=\"_blank\" rel=\"noopener\" data-force=\"yes\" data-priority=\"2\">Vivo (VIVT3)<\/a> e Claro, por R$ 16,5 bilh\u00f5es.<\/p>\n\t<div data-element=\"shortcode-read-more\" class=\"knowMore\">\n\t\t\t\t<span class=\"knowMore__title\">Saiba Mais<\/span>\n\t\t\t\t<a class=\"knowMore__link\" href=\"https:\/\/www.suno.com.br\/noticias\/oi-oibr3-cade-pede-3-meses-para-analisar-oi-movel\/\">\n\t\t\tOi (OIBR3): Cade pede mais 3 meses para analisar a venda dos ativos m\u00f3veis ao cons\u00f3rcio\t\t<\/a>\n\t<\/div>\n\n\n<p>O pedido precisa ainda ser aprovado pelo conselho, mas caso seja, a resolu\u00e7\u00e3o da venda da Oi acontecer\u00e1 em 2022. O pedido de prorroga\u00e7\u00e3o por mais tr\u00eas meses \u00e9 feito normalmente na etapa de an\u00e1lise do tribunal, portanto, a solicita\u00e7\u00e3o de prorroga\u00e7\u00e3o ainda na superintend\u00eancia \u00e9 raro.<\/p>\n\t<p>\n\t\t<a href=\"https:\/\/lp.suno.com.br\/ebook-como-analisar-uma-acao\/\" target=\"_blank\" data-element=\"shortcode-suno-banner\" title=\"Banner SUNO, clique e saiba mais\">\n\t\t\t<picture>\n\t\t\t\t<source media=\"(max-width: 500px)\" srcset=\"https:\/\/files.sunoresearch.com.br\/n\/uploads\/2023\/03\/Ebook-Acoes-Mobile-1.jpg\">\n\t\t\t\t<img class=\"newsContent__article__imgCapa newsContent__article__imgCapa--banner\"\n\t\t\t\t\tsrc=\"https:\/\/files.sunoresearch.com.br\/n\/uploads\/2023\/03\/Ebook-Acoes-Desktop-1.jpg\"\n\t\t\t\t\tdata-promo-id=\"171998\"\t\t\t\t\t\t\t\t\t\twidth='1420' height='286'\t\t\t\t\talt=\"https:\/\/files.sunoresearch.com.br\/n\/uploads\/2023\/03\/Ebook-Acoes-Desktop-1.jpg\"\n\t\t\t\t>\n\t\t\t<\/picture>\n\t\t<\/a>\n\t<\/p>\n\n\n<h2>Rede D&#8217;Or<\/h2>\n<p>A Hospitais Integrados da G\u00e1vea &#8211; Cl\u00ednica S\u00e3o Vicente, afiliada da Rede D&#8217;Or, fechou um contrato de compra e venda de a\u00e7\u00f5es para aquisi\u00e7\u00e3o de 100% do Hospital Santa Isabel, excluindo seus im\u00f3veis operacionais, por R$ 280 milh\u00f5es.<\/p>\n\t<div data-element=\"shortcode-read-more\" class=\"knowMore\">\n\t\t\t\t<span class=\"knowMore__title\">Saiba Mais<\/span>\n\t\t\t\t<a class=\"knowMore__link\" href=\"https:\/\/www.suno.com.br\/noticias\/rede-dor-rdor3-compra-hospital-santa-isabel\/\">\n\t\t\tRede D&#039;Or (RDOR3) compra Hospital Santa Isabel por R$ 280 milh\u00f5es\t\t<\/a>\n\t<\/div>\n\n\n<p>Em <a class=\"suno-keyword\" href=\"https:\/\/www.suno.com.br\/artigos\/fato-relevante\/\" target=\"_blank\" rel=\"noopener\" data-force=\"no\" data-priority=\"1\">fato relevante<\/a> enviado \u00e0 Comiss\u00e3o de Valores Mobili\u00e1rios (<strong>CVM<\/strong>), a Rede D&#8217;Or destaca que do valor de firma ser\u00e1 deduzido o endividamento l\u00edquido. No documento, a companhia ainda afirma que a opera\u00e7\u00e3o refor\u00e7a seu compromisso com a estrat\u00e9gia de expans\u00e3o e vis\u00e3o de longo prazo. Contudo, lembra que a transa\u00e7\u00e3o ainda est\u00e1 sujeita \u00e0 verifica\u00e7\u00e3o de determinadas condi\u00e7\u00f5es usuais, dentre elas, a aprova\u00e7\u00e3o pelo Cade.<\/p>\n<h2>Telef\u00f4nica<\/h2>\n<p>A <strong>Telef\u00f4nica Brasil<\/strong>, dona da Vivo, registrou <a class=\"suno-keyword\" href=\"https:\/\/www.suno.com.br\/artigos\/lucro-liquido\/\" target=\"_blank\" rel=\"noopener\" data-force=\"no\" data-priority=\"1\">lucro l\u00edquido<\/a> de R$ 1,315 bilh\u00e3o no terceiro trimestre de 2021, um aumento de 8,5% em compara\u00e7\u00e3o com igual per\u00edodo de 2020. De acordo com a operadora, o resultado foi impactado positivamente pelo crescimento da receita e pelo controle dos custos da opera\u00e7\u00e3o.<\/p>\n\t<div data-element=\"shortcode-read-more\" class=\"knowMore\">\n\t\t\t\t<span class=\"knowMore__title\">Saiba Mais<\/span>\n\t\t\t\t<a class=\"knowMore__link\" href=\"https:\/\/www.suno.com.br\/noticias\/telefonica-brasil-vivt3-resultado-3t21\/\">\n\t\t\tTelef\u00f4nica Brasil (VIVT3) lucra R$ 1,31 bi, alta de 8,5%, com expans\u00e3o da receita de servi\u00e7o m\u00f3vel\t\t<\/a>\n\t<\/div>\n\n\n<p>A <strong>receita l\u00edquida da Telef\u00f4nica Brasil <\/strong>cresceu 2,2% na base anual, a R$ 11,033 bilh\u00f5es, devido \u00e0 expans\u00e3o da receita de servi\u00e7o m\u00f3vel e \u00e0 volta do crescimento na receita fixa, impulsionado por fibra \u00f3tica residencial (FTTH, na sigla em ingl\u00eas) e Dados Corporativos e TIC.<\/p>\n<h2>Multiplan<\/h2>\n<p>A rede de shopping centers <strong>Multiplan <\/strong>divulgou os resultados obtidos no terceiro semestre de 2021. O lucro l\u00edquido somou R$ 99,404 milh\u00f5es no per\u00edodo, o que equivale a uma queda de 82,5% em compara\u00e7\u00e3o com o ganho de R$ 568.762 milh\u00f5es apurado no mesmo per\u00edodo em 2020.<\/p>\n\t<div data-element=\"shortcode-read-more\" class=\"knowMore\">\n\t\t\t\t<span class=\"knowMore__title\">Saiba Mais<\/span>\n\t\t\t\t<a class=\"knowMore__link\" href=\"https:\/\/www.suno.com.br\/noticias\/multiplan-mult3-lucro-cai-imoveis\/\">\n\t\t\tLucro da Multiplan (MULT3) cai 82,5%, para R$ 99,4 mi; venda de im\u00f3veis tem queda\t\t<\/a>\n\t<\/div>\n\n\n<p>J\u00e1 a\u00a0receita l\u00edquida da Multiplan atingiu R$ 322.260 milh\u00f5es ao final de junho. O montante representa queda de 68,5% comparado \u00e0 receita reportada no mesmo trimestre do ano passado. O EBTDA da Multiplan (lucro antes de juros, impostos, deprecia\u00e7\u00e3o e amortiza\u00e7\u00e3o), por sua vez, foi de R$ 216.068 milh\u00f5es, queda de 69,3% comparado aos R$ 703.848 milh\u00f5es do ano passado.<\/p>\n<h2>Balan\u00e7os de hoje<\/h2>\n<p>A quinta-feira promete ser agitada com mais de oito companhias informando seus resultados, veja abaixo:<\/p>\n<ul>\n<li>Petrobras<\/li>\n<li>Vale<\/li>\n<li><a class=\"suno-keyword\" href=\"https:\/\/www.suno.com.br\/acoes\/SUZB3\/\" target=\"_blank\" rel=\"noopener\" data-force=\"yes\" data-priority=\"2\">Suzano (SUZB3)<\/a><\/li>\n<li>Isa Cteep (TRLP4)<\/li>\n<li><a class=\"suno-keyword\" href=\"https:\/\/www.suno.com.br\/acoes\/ALPA4\/\" target=\"_blank\" rel=\"noopener\" data-force=\"yes\" data-priority=\"2\">Alpargatas (ALPA4)<\/a><\/li>\n<li>Assa\u00ed (ASAI3)<\/li>\n<li><a class=\"suno-keyword\" href=\"https:\/\/www.suno.com.br\/acoes\/FLRY3\/\" target=\"_blank\" rel=\"noopener\" data-force=\"yes\" data-priority=\"2\">Fleury (FLRY3)<\/a><\/li>\n<li><a class=\"suno-keyword\" href=\"https:\/\/www.suno.com.br\/acoes\/GRND3\/\" target=\"_blank\" rel=\"noopener\" data-force=\"yes\" data-priority=\"2\">Grendene (GRND3)<\/a><\/li>\n<li>Grupo Vamos (VAMO3)<\/li>\n<\/ul>\n<p>Os destaques de empresas do Suno Not\u00edcias mostram os principais acontecimentos que prometem movimentar o mercado durante o dia, como a <strong>Ambev\u00a0<\/strong>que deve estar no foco dos investidores ao longo do dia.<\/p>\n\t<p>\n\t\t<a href=\"https:\/\/lp.suno.com.br\/planilha-de-controle-de-investimentos\/\" target=\"_blank\" data-element=\"shortcode-suno-banner\" title=\"Banner SUNO, clique e saiba mais\">\n\t\t\t<picture>\n\t\t\t\t<source media=\"(max-width: 500px)\" srcset=\"https:\/\/files.sunoresearch.com.br\/n\/uploads\/2023\/03\/400x300-Controle-de-Investimentos.png\">\n\t\t\t\t<img class=\"newsContent__article__imgCapa newsContent__article__imgCapa--banner\"\n\t\t\t\t\tsrc=\"https:\/\/files.sunoresearch.com.br\/n\/uploads\/2023\/03\/1420x240-Controle-de-Investimentos.png\"\n\t\t\t\t\tdata-promo-id=\"75934\"\t\t\t\t\t\t\t\t\t\twidth='1420' height='240'\t\t\t\t\talt=\"https:\/\/files.sunoresearch.com.br\/n\/uploads\/2023\/03\/1420x240-Controle-de-Investimentos.png\"\n\t\t\t\t>\n\t\t\t<\/picture>\n\t\t<\/a>\n\t<\/p>\n\n\n","protected":false},"excerpt":{"rendered":"<p>Nos destaques de empresas desta quinta-feira (28) chama a aten\u00e7\u00e3o do mercado a Ambev (ABEV3) que logo pela manh\u00e3 anunciou seus resultados trimestrais. A cervejaria registrou lucro de R$ 3,7 bilh\u00f5es, crescimento de 57,4% na compara\u00e7\u00e3o com o mesmo per\u00edodo. Mais tarde, ap\u00f3s o fechamento do preg\u00e3o, o mercado espera por Petrobras (PETR4) e Vale [&hellip;]<\/p>\n","protected":false},"author":15,"featured_media":149010,"comment_status":"closed","ping_status":"closed","sticky":false,"template":"","format":"standard","meta":[],"categories":[64],"tags":[359,570,595,659,676],"suno_strategy":[],"class_list":["post-198377","post","type-post","status-publish","format-standard","has-post-thumbnail","hentry","category-negocios","tag-ambev-abev3","tag-multiplan-mult3","tag-petrobras-petr4","tag-telefonica-vivt3","tag-vale-vale3"],"yoast_head":"<!-- This site is optimized with the Yoast SEO plugin v24.4 - https:\/\/yoast.com\/wordpress\/plugins\/seo\/ -->\n<title>Ap\u00f3s Ambev (ABEV3), mercado espera por Petrobras (PETR4)<\/title>\n<meta name=\"description\" content=\"Os destaques de empresas do Suno Not\u00edcias mostram os principais acontecimento como a Ambev (ABEV3). Clique aqui e saiba mais\" \/>\n<meta name=\"robots\" content=\"index, follow, max-snippet:-1, max-image-preview:large, max-video-preview:-1\" \/>\n<link rel=\"canonical\" href=\"https:\/\/www.suno.com.br\/noticias\/apos-ambev-abev3-mercado-espera-por-petrobras-petr4-e-vale-vale3\/\" \/>\n<meta property=\"og:locale\" content=\"pt_BR\" \/>\n<meta property=\"og:type\" content=\"article\" \/>\n<meta property=\"og:title\" content=\"Ap\u00f3s Ambev (ABEV3), mercado espera por Petrobras (PETR4)\" \/>\n<meta property=\"og:description\" content=\"Os destaques de empresas do Suno Not\u00edcias mostram os principais acontecimento como a Ambev (ABEV3). Clique aqui e saiba mais\" \/>\n<meta property=\"og:url\" content=\"https:\/\/www.suno.com.br\/noticias\/apos-ambev-abev3-mercado-espera-por-petrobras-petr4-e-vale-vale3\/\" \/>\n<meta property=\"og:site_name\" content=\"Suno Not\u00edcias\" \/>\n<meta property=\"article:publisher\" content=\"https:\/\/facebook.com\/sunoresearch\" \/>\n<meta property=\"og:image\" content=\"https:\/\/files.sunoresearch.com.br\/n\/uploads\/2021\/05\/13e91340-ambev-facebook.png\" \/>\n\t<meta property=\"og:image:width\" content=\"820\" \/>\n\t<meta property=\"og:image:height\" content=\"462\" \/>\n\t<meta property=\"og:image:type\" content=\"image\/png\" \/>\n<meta name=\"author\" content=\"Poliana Santos\" \/>\n<meta name=\"twitter:card\" content=\"summary_large_image\" \/>\n<meta name=\"twitter:creator\" content=\"@sunoresearch\" \/>\n<meta name=\"twitter:site\" content=\"@sunoresearch\" \/>\n<meta name=\"twitter:label1\" content=\"Escrito por\" \/>\n\t<meta name=\"twitter:data1\" content=\"Poliana Santos\" \/>\n\t<meta name=\"twitter:label2\" content=\"Est. tempo de leitura\" \/>\n\t<meta name=\"twitter:data2\" content=\"4 minutos\" \/>\n<script type=\"application\/ld+json\" class=\"yoast-schema-graph\">{\"@context\":\"https:\/\/schema.org\",\"@graph\":[{\"@type\":\"NewsArticle\",\"@id\":\"https:\/\/www.suno.com.br\/noticias\/apos-ambev-abev3-mercado-espera-por-petrobras-petr4-e-vale-vale3\/#article\",\"isPartOf\":{\"@id\":\"https:\/\/www.suno.com.br\/noticias\/apos-ambev-abev3-mercado-espera-por-petrobras-petr4-e-vale-vale3\/\"},\"author\":{\"name\":\"Poliana Santos\",\"@id\":\"https:\/\/www.suno.com.br\/noticias\/#\/schema\/person\/02ec1f752758247878a2bf4abee1aeda\"},\"headline\":\"Ap\u00f3s Ambev (ABEV3), mercado espera por Petrobras (PETR4) e Vale (VALE3)\",\"datePublished\":\"2021-10-28T13:10:39+00:00\",\"mainEntityOfPage\":{\"@id\":\"https:\/\/www.suno.com.br\/noticias\/apos-ambev-abev3-mercado-espera-por-petrobras-petr4-e-vale-vale3\/\"},\"wordCount\":796,\"publisher\":{\"@id\":\"https:\/\/www.suno.com.br\/noticias\/#organization\"},\"image\":{\"@id\":\"https:\/\/www.suno.com.br\/noticias\/apos-ambev-abev3-mercado-espera-por-petrobras-petr4-e-vale-vale3\/#primaryimage\"},\"thumbnailUrl\":\"https:\/\/files.sunoresearch.com.br\/n\/uploads\/2021\/05\/13e91340-ambev-facebook-png.webp\",\"keywords\":[\"AMBEV (ABEV3)\",\"Multiplan (MULT3)\",\"Petrobras (PETR4)\",\"Telef\u00f4nica (VIVT3)\",\"Vale (VALE3)\"],\"articleSection\":[\"Neg\u00f3cios\"],\"inLanguage\":\"pt-BR\"},{\"@type\":\"WebPage\",\"@id\":\"https:\/\/www.suno.com.br\/noticias\/apos-ambev-abev3-mercado-espera-por-petrobras-petr4-e-vale-vale3\/\",\"url\":\"https:\/\/www.suno.com.br\/noticias\/apos-ambev-abev3-mercado-espera-por-petrobras-petr4-e-vale-vale3\/\",\"name\":\"Ap\u00f3s Ambev (ABEV3), mercado espera por Petrobras (PETR4)\",\"isPartOf\":{\"@id\":\"https:\/\/www.suno.com.br\/noticias\/#website\"},\"primaryImageOfPage\":{\"@id\":\"https:\/\/www.suno.com.br\/noticias\/apos-ambev-abev3-mercado-espera-por-petrobras-petr4-e-vale-vale3\/#primaryimage\"},\"image\":{\"@id\":\"https:\/\/www.suno.com.br\/noticias\/apos-ambev-abev3-mercado-espera-por-petrobras-petr4-e-vale-vale3\/#primaryimage\"},\"thumbnailUrl\":\"https:\/\/files.sunoresearch.com.br\/n\/uploads\/2021\/05\/13e91340-ambev-facebook-png.webp\",\"datePublished\":\"2021-10-28T13:10:39+00:00\",\"description\":\"Os destaques de empresas do Suno Not\u00edcias mostram os principais acontecimento como a Ambev (ABEV3). Clique aqui e saiba mais\",\"breadcrumb\":{\"@id\":\"https:\/\/www.suno.com.br\/noticias\/apos-ambev-abev3-mercado-espera-por-petrobras-petr4-e-vale-vale3\/#breadcrumb\"},\"inLanguage\":\"pt-BR\",\"potentialAction\":[{\"@type\":\"ReadAction\",\"target\":[\"https:\/\/www.suno.com.br\/noticias\/apos-ambev-abev3-mercado-espera-por-petrobras-petr4-e-vale-vale3\/\"]}]},{\"@type\":\"ImageObject\",\"inLanguage\":\"pt-BR\",\"@id\":\"https:\/\/www.suno.com.br\/noticias\/apos-ambev-abev3-mercado-espera-por-petrobras-petr4-e-vale-vale3\/#primaryimage\",\"url\":\"https:\/\/files.sunoresearch.com.br\/n\/uploads\/2021\/05\/13e91340-ambev-facebook-png.webp\",\"contentUrl\":\"https:\/\/files.sunoresearch.com.br\/n\/uploads\/2021\/05\/13e91340-ambev-facebook-png.webp\",\"width\":820,\"height\":462,\"caption\":\"Ambev. Foto: Reprodu\u00e7\u00e3o\"},{\"@type\":\"BreadcrumbList\",\"@id\":\"https:\/\/www.suno.com.br\/noticias\/apos-ambev-abev3-mercado-espera-por-petrobras-petr4-e-vale-vale3\/#breadcrumb\",\"itemListElement\":[{\"@type\":\"ListItem\",\"position\":1,\"name\":\"Not\u00edcias\",\"item\":\"https:\/\/www.suno.com.br\/noticias\/\"},{\"@type\":\"ListItem\",\"position\":2,\"name\":\"Neg\u00f3cios\",\"item\":\"https:\/\/www.suno.com.br\/noticias\/negocios\/\"},{\"@type\":\"ListItem\",\"position\":3,\"name\":\"Ap\u00f3s Ambev (ABEV3), mercado espera por Petrobras (PETR4) e Vale (VALE3)\"}]},{\"@type\":\"WebSite\",\"@id\":\"https:\/\/www.suno.com.br\/noticias\/#website\",\"url\":\"https:\/\/www.suno.com.br\/noticias\/\",\"name\":\"Suno Not\u00edcias\",\"description\":\"Seu portal de informa\u00e7\u00e3o sobre o mundo dos investimentos\",\"publisher\":{\"@id\":\"https:\/\/www.suno.com.br\/noticias\/#organization\"},\"potentialAction\":[{\"@type\":\"SearchAction\",\"target\":{\"@type\":\"EntryPoint\",\"urlTemplate\":\"https:\/\/www.suno.com.br\/noticias\/?s={search_term_string}\"},\"query-input\":{\"@type\":\"PropertyValueSpecification\",\"valueRequired\":true,\"valueName\":\"search_term_string\"}}],\"inLanguage\":\"pt-BR\"},{\"@type\":\"Organization\",\"@id\":\"https:\/\/www.suno.com.br\/noticias\/#organization\",\"name\":\"Suno Not\u00edcias\",\"url\":\"https:\/\/www.suno.com.br\/noticias\/\",\"logo\":{\"@type\":\"ImageObject\",\"inLanguage\":\"pt-BR\",\"@id\":\"https:\/\/www.suno.com.br\/noticias\/#\/schema\/logo\/image\/\",\"url\":\"https:\/\/files.sunoresearch.com.br\/n\/uploads\/2021\/09\/suno-logo.png\",\"contentUrl\":\"https:\/\/files.sunoresearch.com.br\/n\/uploads\/2021\/09\/suno-logo.png\",\"width\":180,\"height\":180,\"caption\":\"Suno Not\u00edcias\"},\"image\":{\"@id\":\"https:\/\/www.suno.com.br\/noticias\/#\/schema\/logo\/image\/\"},\"sameAs\":[\"https:\/\/facebook.com\/sunoresearch\",\"https:\/\/x.com\/sunoresearch\",\"https:\/\/www.instagram.com\/suno\",\"https:\/\/www.linkedin.com\/company\/suno-research\/\",\"https:\/\/www.youtube.com\/c\/sunoresearch\"]},{\"@type\":\"Person\",\"@id\":\"https:\/\/www.suno.com.br\/noticias\/#\/schema\/person\/02ec1f752758247878a2bf4abee1aeda\",\"name\":\"Poliana Santos\",\"image\":{\"@type\":\"ImageObject\",\"inLanguage\":\"pt-BR\",\"@id\":\"https:\/\/www.suno.com.br\/noticias\/#\/schema\/person\/image\/\",\"url\":\"https:\/\/secure.gravatar.com\/avatar\/0645bd32f23d87b2130f2b2dff1d3f8d?s=96&r=g\",\"contentUrl\":\"https:\/\/secure.gravatar.com\/avatar\/0645bd32f23d87b2130f2b2dff1d3f8d?s=96&r=g\",\"caption\":\"Poliana Santos\"},\"description\":\"Rep\u00f3rter no Suno Not\u00edcias, com cobertura em mercado financeiro, economia, finan\u00e7as pessoais, renda fixa e varejo. Jornalista formada pela Faculdade C\u00e1sper L\u00edbero e possui passagem na R\u00e1dio Gazeta AM com a produ\u00e7\u00e3o de conte\u00fado sobre economia, pol\u00edtica, sa\u00fade, moda e m\u00fasica. Possui certificado de conclus\u00e3o do curso de An\u00e1lise de Balan\u00e7os pela Funda\u00e7\u00e3o Bradesco, Agenda Brasil pela FAAP, Educa\u00e7\u00e3o Pol\u00edtica por Alexandre Garcia e do Tesouro Direto e Mercado de A\u00e7\u00f5es pela B3.\",\"url\":\"https:\/\/www.suno.com.br\/noticias\/author\/poliana-santos\/\"}]}<\/script>\n<!-- \/ Yoast SEO plugin. -->","yoast_head_json":{"title":"Ap\u00f3s Ambev (ABEV3), mercado espera por Petrobras (PETR4)","description":"Os destaques de empresas do Suno Not\u00edcias mostram os principais acontecimento como a Ambev (ABEV3). Clique aqui e saiba mais","robots":{"index":"index","follow":"follow","max-snippet":"max-snippet:-1","max-image-preview":"max-image-preview:large","max-video-preview":"max-video-preview:-1"},"canonical":"https:\/\/www.suno.com.br\/noticias\/apos-ambev-abev3-mercado-espera-por-petrobras-petr4-e-vale-vale3\/","og_locale":"pt_BR","og_type":"article","og_title":"Ap\u00f3s Ambev (ABEV3), mercado espera por Petrobras (PETR4)","og_description":"Os destaques de empresas do Suno Not\u00edcias mostram os principais acontecimento como a Ambev (ABEV3). Clique aqui e saiba mais","og_url":"https:\/\/www.suno.com.br\/noticias\/apos-ambev-abev3-mercado-espera-por-petrobras-petr4-e-vale-vale3\/","og_site_name":"Suno Not\u00edcias","article_publisher":"https:\/\/facebook.com\/sunoresearch","og_image":[{"width":820,"height":462,"url":"https:\/\/files.sunoresearch.com.br\/n\/uploads\/2021\/05\/13e91340-ambev-facebook.png","type":"image\/png"}],"author":"Poliana Santos","twitter_card":"summary_large_image","twitter_creator":"@sunoresearch","twitter_site":"@sunoresearch","twitter_misc":{"Escrito por":"Poliana Santos","Est. tempo de leitura":"4 minutos"},"schema":{"@context":"https:\/\/schema.org","@graph":[{"@type":"NewsArticle","@id":"https:\/\/www.suno.com.br\/noticias\/apos-ambev-abev3-mercado-espera-por-petrobras-petr4-e-vale-vale3\/#article","isPartOf":{"@id":"https:\/\/www.suno.com.br\/noticias\/apos-ambev-abev3-mercado-espera-por-petrobras-petr4-e-vale-vale3\/"},"author":{"name":"Poliana Santos","@id":"https:\/\/www.suno.com.br\/noticias\/#\/schema\/person\/02ec1f752758247878a2bf4abee1aeda"},"headline":"Ap\u00f3s Ambev (ABEV3), mercado espera por Petrobras (PETR4) e Vale (VALE3)","datePublished":"2021-10-28T13:10:39+00:00","mainEntityOfPage":{"@id":"https:\/\/www.suno.com.br\/noticias\/apos-ambev-abev3-mercado-espera-por-petrobras-petr4-e-vale-vale3\/"},"wordCount":796,"publisher":{"@id":"https:\/\/www.suno.com.br\/noticias\/#organization"},"image":{"@id":"https:\/\/www.suno.com.br\/noticias\/apos-ambev-abev3-mercado-espera-por-petrobras-petr4-e-vale-vale3\/#primaryimage"},"thumbnailUrl":"https:\/\/files.sunoresearch.com.br\/n\/uploads\/2021\/05\/13e91340-ambev-facebook-png.webp","keywords":["AMBEV (ABEV3)","Multiplan (MULT3)","Petrobras (PETR4)","Telef\u00f4nica (VIVT3)","Vale (VALE3)"],"articleSection":["Neg\u00f3cios"],"inLanguage":"pt-BR"},{"@type":"WebPage","@id":"https:\/\/www.suno.com.br\/noticias\/apos-ambev-abev3-mercado-espera-por-petrobras-petr4-e-vale-vale3\/","url":"https:\/\/www.suno.com.br\/noticias\/apos-ambev-abev3-mercado-espera-por-petrobras-petr4-e-vale-vale3\/","name":"Ap\u00f3s Ambev (ABEV3), mercado espera por Petrobras (PETR4)","isPartOf":{"@id":"https:\/\/www.suno.com.br\/noticias\/#website"},"primaryImageOfPage":{"@id":"https:\/\/www.suno.com.br\/noticias\/apos-ambev-abev3-mercado-espera-por-petrobras-petr4-e-vale-vale3\/#primaryimage"},"image":{"@id":"https:\/\/www.suno.com.br\/noticias\/apos-ambev-abev3-mercado-espera-por-petrobras-petr4-e-vale-vale3\/#primaryimage"},"thumbnailUrl":"https:\/\/files.sunoresearch.com.br\/n\/uploads\/2021\/05\/13e91340-ambev-facebook-png.webp","datePublished":"2021-10-28T13:10:39+00:00","description":"Os destaques de empresas do Suno Not\u00edcias mostram os principais acontecimento como a Ambev (ABEV3). Clique aqui e saiba mais","breadcrumb":{"@id":"https:\/\/www.suno.com.br\/noticias\/apos-ambev-abev3-mercado-espera-por-petrobras-petr4-e-vale-vale3\/#breadcrumb"},"inLanguage":"pt-BR","potentialAction":[{"@type":"ReadAction","target":["https:\/\/www.suno.com.br\/noticias\/apos-ambev-abev3-mercado-espera-por-petrobras-petr4-e-vale-vale3\/"]}]},{"@type":"ImageObject","inLanguage":"pt-BR","@id":"https:\/\/www.suno.com.br\/noticias\/apos-ambev-abev3-mercado-espera-por-petrobras-petr4-e-vale-vale3\/#primaryimage","url":"https:\/\/files.sunoresearch.com.br\/n\/uploads\/2021\/05\/13e91340-ambev-facebook-png.webp","contentUrl":"https:\/\/files.sunoresearch.com.br\/n\/uploads\/2021\/05\/13e91340-ambev-facebook-png.webp","width":820,"height":462,"caption":"Ambev. Foto: Reprodu\u00e7\u00e3o"},{"@type":"BreadcrumbList","@id":"https:\/\/www.suno.com.br\/noticias\/apos-ambev-abev3-mercado-espera-por-petrobras-petr4-e-vale-vale3\/#breadcrumb","itemListElement":[{"@type":"ListItem","position":1,"name":"Not\u00edcias","item":"https:\/\/www.suno.com.br\/noticias\/"},{"@type":"ListItem","position":2,"name":"Neg\u00f3cios","item":"https:\/\/www.suno.com.br\/noticias\/negocios\/"},{"@type":"ListItem","position":3,"name":"Ap\u00f3s Ambev (ABEV3), mercado espera por Petrobras (PETR4) e Vale (VALE3)"}]},{"@type":"WebSite","@id":"https:\/\/www.suno.com.br\/noticias\/#website","url":"https:\/\/www.suno.com.br\/noticias\/","name":"Suno Not\u00edcias","description":"Seu portal de informa\u00e7\u00e3o sobre o mundo dos investimentos","publisher":{"@id":"https:\/\/www.suno.com.br\/noticias\/#organization"},"potentialAction":[{"@type":"SearchAction","target":{"@type":"EntryPoint","urlTemplate":"https:\/\/www.suno.com.br\/noticias\/?s={search_term_string}"},"query-input":{"@type":"PropertyValueSpecification","valueRequired":true,"valueName":"search_term_string"}}],"inLanguage":"pt-BR"},{"@type":"Organization","@id":"https:\/\/www.suno.com.br\/noticias\/#organization","name":"Suno Not\u00edcias","url":"https:\/\/www.suno.com.br\/noticias\/","logo":{"@type":"ImageObject","inLanguage":"pt-BR","@id":"https:\/\/www.suno.com.br\/noticias\/#\/schema\/logo\/image\/","url":"https:\/\/files.sunoresearch.com.br\/n\/uploads\/2021\/09\/suno-logo.png","contentUrl":"https:\/\/files.sunoresearch.com.br\/n\/uploads\/2021\/09\/suno-logo.png","width":180,"height":180,"caption":"Suno Not\u00edcias"},"image":{"@id":"https:\/\/www.suno.com.br\/noticias\/#\/schema\/logo\/image\/"},"sameAs":["https:\/\/facebook.com\/sunoresearch","https:\/\/x.com\/sunoresearch","https:\/\/www.instagram.com\/suno","https:\/\/www.linkedin.com\/company\/suno-research\/","https:\/\/www.youtube.com\/c\/sunoresearch"]},{"@type":"Person","@id":"https:\/\/www.suno.com.br\/noticias\/#\/schema\/person\/02ec1f752758247878a2bf4abee1aeda","name":"Poliana Santos","image":{"@type":"ImageObject","inLanguage":"pt-BR","@id":"https:\/\/www.suno.com.br\/noticias\/#\/schema\/person\/image\/","url":"https:\/\/secure.gravatar.com\/avatar\/0645bd32f23d87b2130f2b2dff1d3f8d?s=96&r=g","contentUrl":"https:\/\/secure.gravatar.com\/avatar\/0645bd32f23d87b2130f2b2dff1d3f8d?s=96&r=g","caption":"Poliana Santos"},"description":"Rep\u00f3rter no Suno Not\u00edcias, com cobertura em mercado financeiro, economia, finan\u00e7as pessoais, renda fixa e varejo. Jornalista formada pela Faculdade C\u00e1sper L\u00edbero e possui passagem na R\u00e1dio Gazeta AM com a produ\u00e7\u00e3o de conte\u00fado sobre economia, pol\u00edtica, sa\u00fade, moda e m\u00fasica. Possui certificado de conclus\u00e3o do curso de An\u00e1lise de Balan\u00e7os pela Funda\u00e7\u00e3o Bradesco, Agenda Brasil pela FAAP, Educa\u00e7\u00e3o Pol\u00edtica por Alexandre Garcia e do Tesouro Direto e Mercado de A\u00e7\u00f5es pela B3.","url":"https:\/\/www.suno.com.br\/noticias\/author\/poliana-santos\/"}]}},"default_loop_html":"<div class=\"cardsPage__listCard__boxs\"><div class=\"cardsPage__listCard__boxs__img\"><a href=\"https:\/\/www.suno.com.br\/noticias\/apos-ambev-abev3-mercado-espera-por-petrobras-petr4-e-vale-vale3\/\"><img class=\"mask\" src=\"https:\/\/www.suno.com.br\/noticias\/wp-content\/themes\/suno\/resources\/images\/spotlight\/spotlight1img\/bg-mask.png\" alt=\"Image Mask\"\/><img src=\"https:\/\/files.sunoresearch.com.br\/n\/uploads\/2021\/05\/13e91340-ambev-facebook-400x200.webp\" alt=\"Ap\u00f3s Ambev (ABEV3), mercado espera por Petrobras (PETR4) e Vale (VALE3)\"\/><\/a><span class=\"spotlightCategory\"><a href=\"https:\/\/www.suno.com.br\/noticias\/negocios\/\">Neg\u00f3cios<\/a><\/span><\/div><div class=\"cardsPage__listCard__boxs__content\"><a href=\"https:\/\/www.suno.com.br\/noticias\/apos-ambev-abev3-mercado-espera-por-petrobras-petr4-e-vale-vale3\/\"><h2 class=\"content__title\">Ap\u00f3s Ambev (ABEV3), mercado espera por Petrobras (PETR4) e Vale (VALE3)<\/h2><\/a><div class=\"newsContent__article__meta\"><div class=\"newsContent__article__meta__authorBox\"><a href=\"https:\/\/www.suno.com.br\/noticias\/author\/poliana-santos\/\" class=\"authorBox__avatar noMobi\"><img src=\"https:\/\/files.sunoresearch.com.br\/n\/uploads\/2020\/08\/7ef34026-whatsapp-image-2020-08-03-at-12.37.57-150x150.webp\" alt=\"Poliana Santos\"><\/a><div class=\"authorBox__name\"><span>por\n\t\t\t<a href=\"https:\/\/www.suno.com.br\/noticias\/author\/poliana-santos\/\"><span itemprop=\"author\">Poliana Santos<\/span><\/a><\/span><time datetime=\"2021-10-28T10:10:39-03:00\" itemprop=\"datePublished\">28\/10\/2021 10:10<\/time><\/div><\/div><\/div><\/div><\/div>","single_layout":"posts","amp_enabled":true,"_links":{"self":[{"href":"https:\/\/www.suno.com.br\/noticias\/wp-json\/wp\/v2\/posts\/198377"}],"collection":[{"href":"https:\/\/www.suno.com.br\/noticias\/wp-json\/wp\/v2\/posts"}],"about":[{"href":"https:\/\/www.suno.com.br\/noticias\/wp-json\/wp\/v2\/types\/post"}],"author":[{"embeddable":true,"href":"https:\/\/www.suno.com.br\/noticias\/wp-json\/wp\/v2\/users\/15"}],"replies":[{"embeddable":true,"href":"https:\/\/www.suno.com.br\/noticias\/wp-json\/wp\/v2\/comments?post=198377"}],"version-history":[{"count":2,"href":"https:\/\/www.suno.com.br\/noticias\/wp-json\/wp\/v2\/posts\/198377\/revisions"}],"predecessor-version":[{"id":198391,"href":"https:\/\/www.suno.com.br\/noticias\/wp-json\/wp\/v2\/posts\/198377\/revisions\/198391"}],"wp:featuredmedia":[{"embeddable":true,"href":"https:\/\/www.suno.com.br\/noticias\/wp-json\/wp\/v2\/media\/149010"}],"wp:attachment":[{"href":"https:\/\/www.suno.com.br\/noticias\/wp-json\/wp\/v2\/media?parent=198377"}],"wp:term":[{"taxonomy":"category","embeddable":true,"href":"https:\/\/www.suno.com.br\/noticias\/wp-json\/wp\/v2\/categories?post=198377"},{"taxonomy":"post_tag","embeddable":true,"href":"https:\/\/www.suno.com.br\/noticias\/wp-json\/wp\/v2\/tags?post=198377"},{"taxonomy":"suno_strategy","embeddable":true,"href":"https:\/\/www.suno.com.br\/noticias\/wp-json\/wp\/v2\/suno_strategy?post=198377"}],"curies":[{"name":"wp","href":"https:\/\/api.w.org\/{rel}","templated":true}]}}