{"id":198342,"date":"2021-10-28T09:38:06","date_gmt":"2021-10-28T12:38:06","guid":{"rendered":"https:\/\/www.suno.com.br\/noticias\/?p=198342"},"modified":"2021-10-28T09:38:06","modified_gmt":"2021-10-28T12:38:06","slug":"apos-quase-nove-anos-abilio-diniz-deixa-brf-brfs3-com-prejuizo","status":"publish","type":"post","link":"https:\/\/www.suno.com.br\/noticias\/apos-quase-nove-anos-abilio-diniz-deixa-brf-brfs3-com-prejuizo\/","title":{"rendered":"Ap\u00f3s quase nove anos, Ab\u00edlio Diniz deixa BRF (BRFS3) &#8212; com preju\u00edzo"},"content":{"rendered":"<p>Abilio Diniz vendeu sua fatia de 3,8% da <a class=\"suno-keyword\" href=\"https:\/\/www.suno.com.br\/acoes\/BRFS3\/\" target=\"_blank\" rel=\"noopener\" data-force=\"yes\" data-priority=\"2\"><strong>BRF<\/strong> (BRFS3)<\/a> para a <a class=\"suno-keyword\" href=\"https:\/\/www.suno.com.br\/acoes\/MRFG3\/\" target=\"_blank\" rel=\"noopener\" data-force=\"yes\" data-priority=\"2\">Marfrig (MRFG3)<\/a> por R$ 898,9 milh\u00f5es, ap\u00f3s quase nove anos como acionista da empresa. O empres\u00e1rio vendeu sua participa\u00e7\u00e3o na empresa com preju\u00edzo. A informa\u00e7\u00e3o foi divulgada pelo jornal Valor Econ\u00f4mico.<\/p>\t<div class=\"wrapper-featured-image\">\n\t\t<figure class=\"spotlightImg\">\n\n\t\t\t<picture>\n\t\t\t\t<source media=\"(max-width: 768px)\" srcset=\"https:\/\/files.sunoresearch.com.br\/n\/uploads\/2021\/03\/20c1ec09-brf-4-400x200.webp\">\n\t\t\t\t<img loading=\"lazy\" decoding=\"async\" class=\"newsContent__article__imgCapa lazyloadDisabled \" src=\"https:\/\/files.sunoresearch.com.br\/n\/uploads\/2021\/03\/20c1ec09-brf-4-800x450.webp\" width=\"800\" height=\"450\" alt=\"Ap\u00f3s quase nove anos, Ab\u00edlio Diniz deixa BRF (BRFS3) &#8212; com preju\u00edzo\" fetchpriority=high \/>\n\t\t\t<\/picture>\n\n\t\t\t<figcaption class=\"wp-caption-text wp-caption-text--show\">BRF. Foto: Divulga\u00e7\u00e3o<\/figcaption>\n\t\t<\/figure>\n\t<\/div>\n\n\n\t<p>\n\t\t<a href=\"https:\/\/lp.suno.com.br\/planilha-controle-gastos\/\" target=\"_blank\" data-element=\"shortcode-suno-banner\" title=\"Banner SUNO, clique e saiba mais\">\n\t\t\t<picture>\n\t\t\t\t<source media=\"(max-width: 500px)\" srcset=\"https:\/\/files.sunoresearch.com.br\/n\/uploads\/2023\/03\/400x300-Planilha-controle-de-gastos.png\">\n\t\t\t\t<img class=\"newsContent__article__imgCapa newsContent__article__imgCapa--banner\"\n\t\t\t\t\tsrc=\"https:\/\/files.sunoresearch.com.br\/n\/uploads\/2023\/03\/1420x240-Planilha-controle-de-gastos.png\"\n\t\t\t\t\tdata-promo-id=\"101751\"\t\t\t\t\t\t\t\t\t\twidth='1420' height='240'\t\t\t\t\talt=\"https:\/\/files.sunoresearch.com.br\/n\/uploads\/2023\/03\/1420x240-Planilha-controle-de-gastos.png\"\n\t\t\t\t>\n\t\t\t<\/picture>\n\t\t<\/a>\n\t<\/p>\n\n\n<p>Segundo o ve\u00edculo, os fundos da<strong> Pen\u00ednsula Participa\u00e7\u00f5es<\/strong>, cujo presidente do conselho \u00e9 o <strong>Diniz<\/strong>, investiram mais de R$ 1 bilh\u00e3o na BRF entre fim de 2012 e in\u00edcio de 2013. Nessa \u00e9poca as a\u00e7\u00f5es da<strong> dona da Sadia<\/strong> eram cotadas pr\u00f3ximo de R$ 40, mas a <strong>Marfrig<\/strong> pagou, em maio deste ano, R$ 28,75 pelos pap\u00e9is, o que se configura como um preju\u00edzo.<\/p>\n<p>Mas Abilio Diniz pode amenizar as perdas com o investimento na BRF. Conforme o relat\u00f3rio do Bradesco BBI, no contrato entre Marfrig e <strong>Aspen<\/strong>, um dos fundos do empres\u00e1rio, h\u00e1 previs\u00e3o de pagamento de<strong> earn-out<\/strong>. O earn-out \u00e9 um pagamento realizado em um processo de aquisi\u00e7\u00e3o e fus\u00e3o para os antigos acionistas como forma de compens\u00e1-los com os lucros futuros que a companhia poder\u00e1 entregar.<\/p>\n\t<p>\n\t\t<a href=\"https:\/\/lp.suno.com.br\/planilha-da-vida-financeira\/\" target=\"_blank\" data-element=\"shortcode-suno-banner\" title=\"Banner SUNO, clique e saiba mais\">\n\t\t\t<picture>\n\t\t\t\t<source media=\"(max-width: 500px)\" srcset=\"https:\/\/files.sunoresearch.com.br\/n\/uploads\/2023\/04\/400x300-Planilha-vida-financeira-true.png\">\n\t\t\t\t<img class=\"newsContent__article__imgCapa newsContent__article__imgCapa--banner\"\n\t\t\t\t\tsrc=\"https:\/\/files.sunoresearch.com.br\/n\/uploads\/2023\/04\/1420x240-Planilha-vida-financeira-true.png\"\n\t\t\t\t\tdata-promo-id=\"106682\"\t\t\t\t\t\t\t\t\t\twidth='1420' height='240'\t\t\t\t\talt=\"https:\/\/files.sunoresearch.com.br\/n\/uploads\/2023\/04\/1420x240-Planilha-vida-financeira-true.png\"\n\t\t\t\t>\n\t\t\t<\/picture>\n\t\t<\/a>\n\t<\/p>\n\n\n<p>Dessa forma, se acontecer uma <strong>fus\u00e3o<\/strong> entre a BRF e Marfrig o contrato prev\u00ea que o empres\u00e1rio ter\u00e1 direito a 50% do que exceder os R$ 28,75.\u00a0Mas o relat\u00f3rio alerta que ap\u00f3s a nova assembleia da BRF, em que ir\u00e1 eleger um novo conselheiro, o direito ao earn-out expira.<\/p>\n<h2>Cade aprova opera\u00e7\u00e3o entre Marfrig e BRF<\/h2>\n<p>Ap\u00f3s fazer pedido de reabertura da an\u00e1lise da compra de a\u00e7\u00f5es da BRF pela Marfrig, feito na semana passada no Conselho Administrativo de Defesa Econ\u00f4mica (<strong>Cade<\/strong>), a conselheira Lenisa Prado mudou de posi\u00e7\u00e3o e desistiu da reavalia\u00e7\u00e3o. Assim, a opera\u00e7\u00e3o foi aprovada novamente.<\/p>\n\t<div data-element=\"shortcode-read-more\" class=\"knowMore\">\n\t\t\t\t<span class=\"knowMore__title\">Saiba Mais<\/span>\n\t\t\t\t<a class=\"knowMore__link\" href=\"https:\/\/www.suno.com.br\/noticias\/operacao-brf-brfs3-marfrig-mrfg3-aprovada\/\">\n\t\t\tOpera\u00e7\u00e3o entre Marfrig (MRFG3) e BRF (BRFS3) \u00e9 aprovada pelo Cade\t\t<\/a>\n\t<\/div>\n\n\n<p>A Marfrig ir\u00e1 se tornar o maior acionista individual da BRF. A Funda\u00e7\u00e3o Petrobras de Seguridade Social (Petros) fica com a segunda maior fatia, com 7% de participa\u00e7\u00e3o.<\/p>\n<p>Na sess\u00e3o desta quarta-feira, por\u00e9m, Lenisa disse que, ap\u00f3s reuni\u00f5es com advogados da <strong>BRF<\/strong> e Marfrig e a apresenta\u00e7\u00e3o de novos dados e documentos, entendeu que a opera\u00e7\u00e3o n\u00e3o oferece riscos ao mercado. &#8220;Houve esclarecimentos das quest\u00f5es concorrenciais&#8221;, completou.<\/p>\n\t<p>\n\t\t<a href=\"https:\/\/lp.suno.com.br\/planilha-de-controle-de-investimentos\/\" target=\"_blank\" data-element=\"shortcode-suno-banner\" title=\"Banner SUNO, clique e saiba mais\">\n\t\t\t<picture>\n\t\t\t\t<source media=\"(max-width: 500px)\" srcset=\"https:\/\/files.sunoresearch.com.br\/n\/uploads\/2023\/03\/400x300-Controle-de-Investimentos.png\">\n\t\t\t\t<img class=\"newsContent__article__imgCapa newsContent__article__imgCapa--banner\"\n\t\t\t\t\tsrc=\"https:\/\/files.sunoresearch.com.br\/n\/uploads\/2023\/03\/1420x240-Controle-de-Investimentos.png\"\n\t\t\t\t\tdata-promo-id=\"75934\"\t\t\t\t\t\t\t\t\t\twidth='1420' height='240'\t\t\t\t\talt=\"https:\/\/files.sunoresearch.com.br\/n\/uploads\/2023\/03\/1420x240-Controle-de-Investimentos.png\"\n\t\t\t\t>\n\t\t\t<\/picture>\n\t\t<\/a>\n\t<\/p>\n\n\n","protected":false},"excerpt":{"rendered":"<p>Abilio Diniz vendeu sua fatia de 3,8% da BRF (BRFS3) para a Marfrig (MRFG3) por R$ 898,9 milh\u00f5es, ap\u00f3s quase nove anos como acionista da empresa. O empres\u00e1rio vendeu sua participa\u00e7\u00e3o na empresa com preju\u00edzo. A informa\u00e7\u00e3o foi divulgada pelo jornal Valor Econ\u00f4mico. BRF. Foto: Divulga\u00e7\u00e3o Segundo o ve\u00edculo, os fundos da Pen\u00ednsula Participa\u00e7\u00f5es, cujo [&hellip;]<\/p>\n","protected":false},"author":15,"featured_media":130200,"comment_status":"closed","ping_status":"closed","sticky":false,"template":"","format":"standard","meta":[],"categories":[64],"tags":[397,552],"suno_strategy":[],"class_list":["post-198342","post","type-post","status-publish","format-standard","has-post-thumbnail","hentry","category-negocios","tag-brf-brfs3","tag-marfrig-mrfg3"],"yoast_head":"<!-- This site is optimized with the Yoast SEO plugin v24.4 - https:\/\/yoast.com\/wordpress\/plugins\/seo\/ -->\n<title>Ap\u00f3s quase nove anos, Ab\u00edlio Diniz deixa BRF (BRFS3) com preju\u00edzo<\/title>\n<meta name=\"description\" content=\"Abilio Diniz vendeu sua fatia de 3,8% da BRF (BRFS3) para a Marfrig (MRFG3) por R$ 898,9 mi, ap\u00f3s quase nove anos como acionista. Clique aqui\" \/>\n<meta name=\"robots\" content=\"index, follow, max-snippet:-1, max-image-preview:large, max-video-preview:-1\" \/>\n<link rel=\"canonical\" href=\"https:\/\/www.suno.com.br\/noticias\/apos-quase-nove-anos-abilio-diniz-deixa-brf-brfs3-com-prejuizo\/\" \/>\n<meta property=\"og:locale\" content=\"pt_BR\" \/>\n<meta property=\"og:type\" content=\"article\" \/>\n<meta property=\"og:title\" content=\"Ap\u00f3s quase nove anos, Ab\u00edlio Diniz deixa BRF (BRFS3) com preju\u00edzo\" \/>\n<meta property=\"og:description\" content=\"Abilio Diniz vendeu sua fatia de 3,8% da BRF (BRFS3) para a Marfrig (MRFG3) por R$ 898,9 mi, ap\u00f3s quase nove anos como acionista. Clique aqui\" \/>\n<meta property=\"og:url\" content=\"https:\/\/www.suno.com.br\/noticias\/apos-quase-nove-anos-abilio-diniz-deixa-brf-brfs3-com-prejuizo\/\" \/>\n<meta property=\"og:site_name\" content=\"Suno Not\u00edcias\" \/>\n<meta property=\"article:publisher\" content=\"https:\/\/facebook.com\/sunoresearch\" \/>\n<meta property=\"og:image\" content=\"https:\/\/files.sunoresearch.com.br\/n\/uploads\/2021\/03\/20c1ec09-brf-4.jpg\" \/>\n\t<meta property=\"og:image:width\" content=\"1200\" \/>\n\t<meta property=\"og:image:height\" content=\"800\" \/>\n\t<meta property=\"og:image:type\" content=\"image\/jpeg\" \/>\n<meta name=\"author\" content=\"Poliana Santos\" \/>\n<meta name=\"twitter:card\" content=\"summary_large_image\" \/>\n<meta name=\"twitter:creator\" content=\"@sunoresearch\" \/>\n<meta name=\"twitter:site\" content=\"@sunoresearch\" \/>\n<meta name=\"twitter:label1\" content=\"Escrito por\" \/>\n\t<meta name=\"twitter:data1\" content=\"Poliana Santos\" \/>\n\t<meta name=\"twitter:label2\" content=\"Est. tempo de leitura\" \/>\n\t<meta name=\"twitter:data2\" content=\"2 minutos\" \/>\n<script type=\"application\/ld+json\" class=\"yoast-schema-graph\">{\"@context\":\"https:\/\/schema.org\",\"@graph\":[{\"@type\":\"NewsArticle\",\"@id\":\"https:\/\/www.suno.com.br\/noticias\/apos-quase-nove-anos-abilio-diniz-deixa-brf-brfs3-com-prejuizo\/#article\",\"isPartOf\":{\"@id\":\"https:\/\/www.suno.com.br\/noticias\/apos-quase-nove-anos-abilio-diniz-deixa-brf-brfs3-com-prejuizo\/\"},\"author\":{\"name\":\"Poliana Santos\",\"@id\":\"https:\/\/www.suno.com.br\/noticias\/#\/schema\/person\/02ec1f752758247878a2bf4abee1aeda\"},\"headline\":\"Ap\u00f3s quase nove anos, Ab\u00edlio Diniz deixa BRF (BRFS3) &#8212; com preju\u00edzo\",\"datePublished\":\"2021-10-28T12:38:06+00:00\",\"mainEntityOfPage\":{\"@id\":\"https:\/\/www.suno.com.br\/noticias\/apos-quase-nove-anos-abilio-diniz-deixa-brf-brfs3-com-prejuizo\/\"},\"wordCount\":402,\"publisher\":{\"@id\":\"https:\/\/www.suno.com.br\/noticias\/#organization\"},\"image\":{\"@id\":\"https:\/\/www.suno.com.br\/noticias\/apos-quase-nove-anos-abilio-diniz-deixa-brf-brfs3-com-prejuizo\/#primaryimage\"},\"thumbnailUrl\":\"https:\/\/files.sunoresearch.com.br\/n\/uploads\/2021\/03\/20c1ec09-brf-4-jpg.webp\",\"keywords\":[\"BRF (BRFS3)\",\"Marfrig (MRFG3)\"],\"articleSection\":[\"Neg\u00f3cios\"],\"inLanguage\":\"pt-BR\"},{\"@type\":\"WebPage\",\"@id\":\"https:\/\/www.suno.com.br\/noticias\/apos-quase-nove-anos-abilio-diniz-deixa-brf-brfs3-com-prejuizo\/\",\"url\":\"https:\/\/www.suno.com.br\/noticias\/apos-quase-nove-anos-abilio-diniz-deixa-brf-brfs3-com-prejuizo\/\",\"name\":\"Ap\u00f3s quase nove anos, Ab\u00edlio Diniz deixa BRF (BRFS3) com preju\u00edzo\",\"isPartOf\":{\"@id\":\"https:\/\/www.suno.com.br\/noticias\/#website\"},\"primaryImageOfPage\":{\"@id\":\"https:\/\/www.suno.com.br\/noticias\/apos-quase-nove-anos-abilio-diniz-deixa-brf-brfs3-com-prejuizo\/#primaryimage\"},\"image\":{\"@id\":\"https:\/\/www.suno.com.br\/noticias\/apos-quase-nove-anos-abilio-diniz-deixa-brf-brfs3-com-prejuizo\/#primaryimage\"},\"thumbnailUrl\":\"https:\/\/files.sunoresearch.com.br\/n\/uploads\/2021\/03\/20c1ec09-brf-4-jpg.webp\",\"datePublished\":\"2021-10-28T12:38:06+00:00\",\"description\":\"Abilio Diniz vendeu sua fatia de 3,8% da BRF (BRFS3) para a Marfrig (MRFG3) por R$ 898,9 mi, ap\u00f3s quase nove anos como acionista. Clique aqui\",\"breadcrumb\":{\"@id\":\"https:\/\/www.suno.com.br\/noticias\/apos-quase-nove-anos-abilio-diniz-deixa-brf-brfs3-com-prejuizo\/#breadcrumb\"},\"inLanguage\":\"pt-BR\",\"potentialAction\":[{\"@type\":\"ReadAction\",\"target\":[\"https:\/\/www.suno.com.br\/noticias\/apos-quase-nove-anos-abilio-diniz-deixa-brf-brfs3-com-prejuizo\/\"]}]},{\"@type\":\"ImageObject\",\"inLanguage\":\"pt-BR\",\"@id\":\"https:\/\/www.suno.com.br\/noticias\/apos-quase-nove-anos-abilio-diniz-deixa-brf-brfs3-com-prejuizo\/#primaryimage\",\"url\":\"https:\/\/files.sunoresearch.com.br\/n\/uploads\/2021\/03\/20c1ec09-brf-4-jpg.webp\",\"contentUrl\":\"https:\/\/files.sunoresearch.com.br\/n\/uploads\/2021\/03\/20c1ec09-brf-4-jpg.webp\",\"width\":1200,\"height\":800,\"caption\":\"BRF. Foto: Divulga\u00e7\u00e3o\"},{\"@type\":\"BreadcrumbList\",\"@id\":\"https:\/\/www.suno.com.br\/noticias\/apos-quase-nove-anos-abilio-diniz-deixa-brf-brfs3-com-prejuizo\/#breadcrumb\",\"itemListElement\":[{\"@type\":\"ListItem\",\"position\":1,\"name\":\"Not\u00edcias\",\"item\":\"https:\/\/www.suno.com.br\/noticias\/\"},{\"@type\":\"ListItem\",\"position\":2,\"name\":\"Neg\u00f3cios\",\"item\":\"https:\/\/www.suno.com.br\/noticias\/negocios\/\"},{\"@type\":\"ListItem\",\"position\":3,\"name\":\"Ap\u00f3s quase nove anos, Ab\u00edlio Diniz deixa BRF (BRFS3) &#8212; com preju\u00edzo\"}]},{\"@type\":\"WebSite\",\"@id\":\"https:\/\/www.suno.com.br\/noticias\/#website\",\"url\":\"https:\/\/www.suno.com.br\/noticias\/\",\"name\":\"Suno Not\u00edcias\",\"description\":\"Seu portal de informa\u00e7\u00e3o sobre o mundo dos investimentos\",\"publisher\":{\"@id\":\"https:\/\/www.suno.com.br\/noticias\/#organization\"},\"potentialAction\":[{\"@type\":\"SearchAction\",\"target\":{\"@type\":\"EntryPoint\",\"urlTemplate\":\"https:\/\/www.suno.com.br\/noticias\/?s={search_term_string}\"},\"query-input\":{\"@type\":\"PropertyValueSpecification\",\"valueRequired\":true,\"valueName\":\"search_term_string\"}}],\"inLanguage\":\"pt-BR\"},{\"@type\":\"Organization\",\"@id\":\"https:\/\/www.suno.com.br\/noticias\/#organization\",\"name\":\"Suno Not\u00edcias\",\"url\":\"https:\/\/www.suno.com.br\/noticias\/\",\"logo\":{\"@type\":\"ImageObject\",\"inLanguage\":\"pt-BR\",\"@id\":\"https:\/\/www.suno.com.br\/noticias\/#\/schema\/logo\/image\/\",\"url\":\"https:\/\/files.sunoresearch.com.br\/n\/uploads\/2021\/09\/suno-logo.png\",\"contentUrl\":\"https:\/\/files.sunoresearch.com.br\/n\/uploads\/2021\/09\/suno-logo.png\",\"width\":180,\"height\":180,\"caption\":\"Suno Not\u00edcias\"},\"image\":{\"@id\":\"https:\/\/www.suno.com.br\/noticias\/#\/schema\/logo\/image\/\"},\"sameAs\":[\"https:\/\/facebook.com\/sunoresearch\",\"https:\/\/x.com\/sunoresearch\",\"https:\/\/www.instagram.com\/suno\",\"https:\/\/www.linkedin.com\/company\/suno-research\/\",\"https:\/\/www.youtube.com\/c\/sunoresearch\"]},{\"@type\":\"Person\",\"@id\":\"https:\/\/www.suno.com.br\/noticias\/#\/schema\/person\/02ec1f752758247878a2bf4abee1aeda\",\"name\":\"Poliana Santos\",\"image\":{\"@type\":\"ImageObject\",\"inLanguage\":\"pt-BR\",\"@id\":\"https:\/\/www.suno.com.br\/noticias\/#\/schema\/person\/image\/\",\"url\":\"https:\/\/secure.gravatar.com\/avatar\/0645bd32f23d87b2130f2b2dff1d3f8d?s=96&r=g\",\"contentUrl\":\"https:\/\/secure.gravatar.com\/avatar\/0645bd32f23d87b2130f2b2dff1d3f8d?s=96&r=g\",\"caption\":\"Poliana Santos\"},\"description\":\"Rep\u00f3rter no Suno Not\u00edcias, com cobertura em mercado financeiro, economia, finan\u00e7as pessoais, renda fixa e varejo. Jornalista formada pela Faculdade C\u00e1sper L\u00edbero e possui passagem na R\u00e1dio Gazeta AM com a produ\u00e7\u00e3o de conte\u00fado sobre economia, pol\u00edtica, sa\u00fade, moda e m\u00fasica. Possui certificado de conclus\u00e3o do curso de An\u00e1lise de Balan\u00e7os pela Funda\u00e7\u00e3o Bradesco, Agenda Brasil pela FAAP, Educa\u00e7\u00e3o Pol\u00edtica por Alexandre Garcia e do Tesouro Direto e Mercado de A\u00e7\u00f5es pela B3.\",\"url\":\"https:\/\/www.suno.com.br\/noticias\/author\/poliana-santos\/\"}]}<\/script>\n<!-- \/ Yoast SEO plugin. -->","yoast_head_json":{"title":"Ap\u00f3s quase nove anos, Ab\u00edlio Diniz deixa BRF (BRFS3) com preju\u00edzo","description":"Abilio Diniz vendeu sua fatia de 3,8% da BRF (BRFS3) para a Marfrig (MRFG3) por R$ 898,9 mi, ap\u00f3s quase nove anos como acionista. Clique aqui","robots":{"index":"index","follow":"follow","max-snippet":"max-snippet:-1","max-image-preview":"max-image-preview:large","max-video-preview":"max-video-preview:-1"},"canonical":"https:\/\/www.suno.com.br\/noticias\/apos-quase-nove-anos-abilio-diniz-deixa-brf-brfs3-com-prejuizo\/","og_locale":"pt_BR","og_type":"article","og_title":"Ap\u00f3s quase nove anos, Ab\u00edlio Diniz deixa BRF (BRFS3) com preju\u00edzo","og_description":"Abilio Diniz vendeu sua fatia de 3,8% da BRF (BRFS3) para a Marfrig (MRFG3) por R$ 898,9 mi, ap\u00f3s quase nove anos como acionista. Clique aqui","og_url":"https:\/\/www.suno.com.br\/noticias\/apos-quase-nove-anos-abilio-diniz-deixa-brf-brfs3-com-prejuizo\/","og_site_name":"Suno Not\u00edcias","article_publisher":"https:\/\/facebook.com\/sunoresearch","og_image":[{"width":1200,"height":800,"url":"https:\/\/files.sunoresearch.com.br\/n\/uploads\/2021\/03\/20c1ec09-brf-4.jpg","type":"image\/jpeg"}],"author":"Poliana Santos","twitter_card":"summary_large_image","twitter_creator":"@sunoresearch","twitter_site":"@sunoresearch","twitter_misc":{"Escrito por":"Poliana Santos","Est. tempo de leitura":"2 minutos"},"schema":{"@context":"https:\/\/schema.org","@graph":[{"@type":"NewsArticle","@id":"https:\/\/www.suno.com.br\/noticias\/apos-quase-nove-anos-abilio-diniz-deixa-brf-brfs3-com-prejuizo\/#article","isPartOf":{"@id":"https:\/\/www.suno.com.br\/noticias\/apos-quase-nove-anos-abilio-diniz-deixa-brf-brfs3-com-prejuizo\/"},"author":{"name":"Poliana Santos","@id":"https:\/\/www.suno.com.br\/noticias\/#\/schema\/person\/02ec1f752758247878a2bf4abee1aeda"},"headline":"Ap\u00f3s quase nove anos, Ab\u00edlio Diniz deixa BRF (BRFS3) &#8212; com preju\u00edzo","datePublished":"2021-10-28T12:38:06+00:00","mainEntityOfPage":{"@id":"https:\/\/www.suno.com.br\/noticias\/apos-quase-nove-anos-abilio-diniz-deixa-brf-brfs3-com-prejuizo\/"},"wordCount":402,"publisher":{"@id":"https:\/\/www.suno.com.br\/noticias\/#organization"},"image":{"@id":"https:\/\/www.suno.com.br\/noticias\/apos-quase-nove-anos-abilio-diniz-deixa-brf-brfs3-com-prejuizo\/#primaryimage"},"thumbnailUrl":"https:\/\/files.sunoresearch.com.br\/n\/uploads\/2021\/03\/20c1ec09-brf-4-jpg.webp","keywords":["BRF (BRFS3)","Marfrig (MRFG3)"],"articleSection":["Neg\u00f3cios"],"inLanguage":"pt-BR"},{"@type":"WebPage","@id":"https:\/\/www.suno.com.br\/noticias\/apos-quase-nove-anos-abilio-diniz-deixa-brf-brfs3-com-prejuizo\/","url":"https:\/\/www.suno.com.br\/noticias\/apos-quase-nove-anos-abilio-diniz-deixa-brf-brfs3-com-prejuizo\/","name":"Ap\u00f3s quase nove anos, Ab\u00edlio Diniz deixa BRF (BRFS3) com preju\u00edzo","isPartOf":{"@id":"https:\/\/www.suno.com.br\/noticias\/#website"},"primaryImageOfPage":{"@id":"https:\/\/www.suno.com.br\/noticias\/apos-quase-nove-anos-abilio-diniz-deixa-brf-brfs3-com-prejuizo\/#primaryimage"},"image":{"@id":"https:\/\/www.suno.com.br\/noticias\/apos-quase-nove-anos-abilio-diniz-deixa-brf-brfs3-com-prejuizo\/#primaryimage"},"thumbnailUrl":"https:\/\/files.sunoresearch.com.br\/n\/uploads\/2021\/03\/20c1ec09-brf-4-jpg.webp","datePublished":"2021-10-28T12:38:06+00:00","description":"Abilio Diniz vendeu sua fatia de 3,8% da BRF (BRFS3) para a Marfrig (MRFG3) por R$ 898,9 mi, ap\u00f3s quase nove anos como acionista. Clique aqui","breadcrumb":{"@id":"https:\/\/www.suno.com.br\/noticias\/apos-quase-nove-anos-abilio-diniz-deixa-brf-brfs3-com-prejuizo\/#breadcrumb"},"inLanguage":"pt-BR","potentialAction":[{"@type":"ReadAction","target":["https:\/\/www.suno.com.br\/noticias\/apos-quase-nove-anos-abilio-diniz-deixa-brf-brfs3-com-prejuizo\/"]}]},{"@type":"ImageObject","inLanguage":"pt-BR","@id":"https:\/\/www.suno.com.br\/noticias\/apos-quase-nove-anos-abilio-diniz-deixa-brf-brfs3-com-prejuizo\/#primaryimage","url":"https:\/\/files.sunoresearch.com.br\/n\/uploads\/2021\/03\/20c1ec09-brf-4-jpg.webp","contentUrl":"https:\/\/files.sunoresearch.com.br\/n\/uploads\/2021\/03\/20c1ec09-brf-4-jpg.webp","width":1200,"height":800,"caption":"BRF. Foto: Divulga\u00e7\u00e3o"},{"@type":"BreadcrumbList","@id":"https:\/\/www.suno.com.br\/noticias\/apos-quase-nove-anos-abilio-diniz-deixa-brf-brfs3-com-prejuizo\/#breadcrumb","itemListElement":[{"@type":"ListItem","position":1,"name":"Not\u00edcias","item":"https:\/\/www.suno.com.br\/noticias\/"},{"@type":"ListItem","position":2,"name":"Neg\u00f3cios","item":"https:\/\/www.suno.com.br\/noticias\/negocios\/"},{"@type":"ListItem","position":3,"name":"Ap\u00f3s quase nove anos, Ab\u00edlio Diniz deixa BRF (BRFS3) &#8212; com preju\u00edzo"}]},{"@type":"WebSite","@id":"https:\/\/www.suno.com.br\/noticias\/#website","url":"https:\/\/www.suno.com.br\/noticias\/","name":"Suno Not\u00edcias","description":"Seu portal de informa\u00e7\u00e3o sobre o mundo dos investimentos","publisher":{"@id":"https:\/\/www.suno.com.br\/noticias\/#organization"},"potentialAction":[{"@type":"SearchAction","target":{"@type":"EntryPoint","urlTemplate":"https:\/\/www.suno.com.br\/noticias\/?s={search_term_string}"},"query-input":{"@type":"PropertyValueSpecification","valueRequired":true,"valueName":"search_term_string"}}],"inLanguage":"pt-BR"},{"@type":"Organization","@id":"https:\/\/www.suno.com.br\/noticias\/#organization","name":"Suno Not\u00edcias","url":"https:\/\/www.suno.com.br\/noticias\/","logo":{"@type":"ImageObject","inLanguage":"pt-BR","@id":"https:\/\/www.suno.com.br\/noticias\/#\/schema\/logo\/image\/","url":"https:\/\/files.sunoresearch.com.br\/n\/uploads\/2021\/09\/suno-logo.png","contentUrl":"https:\/\/files.sunoresearch.com.br\/n\/uploads\/2021\/09\/suno-logo.png","width":180,"height":180,"caption":"Suno Not\u00edcias"},"image":{"@id":"https:\/\/www.suno.com.br\/noticias\/#\/schema\/logo\/image\/"},"sameAs":["https:\/\/facebook.com\/sunoresearch","https:\/\/x.com\/sunoresearch","https:\/\/www.instagram.com\/suno","https:\/\/www.linkedin.com\/company\/suno-research\/","https:\/\/www.youtube.com\/c\/sunoresearch"]},{"@type":"Person","@id":"https:\/\/www.suno.com.br\/noticias\/#\/schema\/person\/02ec1f752758247878a2bf4abee1aeda","name":"Poliana Santos","image":{"@type":"ImageObject","inLanguage":"pt-BR","@id":"https:\/\/www.suno.com.br\/noticias\/#\/schema\/person\/image\/","url":"https:\/\/secure.gravatar.com\/avatar\/0645bd32f23d87b2130f2b2dff1d3f8d?s=96&r=g","contentUrl":"https:\/\/secure.gravatar.com\/avatar\/0645bd32f23d87b2130f2b2dff1d3f8d?s=96&r=g","caption":"Poliana Santos"},"description":"Rep\u00f3rter no Suno Not\u00edcias, com cobertura em mercado financeiro, economia, finan\u00e7as pessoais, renda fixa e varejo. Jornalista formada pela Faculdade C\u00e1sper L\u00edbero e possui passagem na R\u00e1dio Gazeta AM com a produ\u00e7\u00e3o de conte\u00fado sobre economia, pol\u00edtica, sa\u00fade, moda e m\u00fasica. Possui certificado de conclus\u00e3o do curso de An\u00e1lise de Balan\u00e7os pela Funda\u00e7\u00e3o Bradesco, Agenda Brasil pela FAAP, Educa\u00e7\u00e3o Pol\u00edtica por Alexandre Garcia e do Tesouro Direto e Mercado de A\u00e7\u00f5es pela B3.","url":"https:\/\/www.suno.com.br\/noticias\/author\/poliana-santos\/"}]}},"default_loop_html":"<div class=\"cardsPage__listCard__boxs\"><div class=\"cardsPage__listCard__boxs__img\"><a href=\"https:\/\/www.suno.com.br\/noticias\/apos-quase-nove-anos-abilio-diniz-deixa-brf-brfs3-com-prejuizo\/\"><img class=\"mask\" src=\"https:\/\/www.suno.com.br\/noticias\/wp-content\/themes\/suno\/resources\/images\/spotlight\/spotlight1img\/bg-mask.png\" alt=\"Image Mask\"\/><img src=\"https:\/\/files.sunoresearch.com.br\/n\/uploads\/2021\/03\/20c1ec09-brf-4-400x200.webp\" alt=\"Ap\u00f3s quase nove anos, Ab\u00edlio Diniz deixa BRF (BRFS3) &#8212; com preju\u00edzo\"\/><\/a><span class=\"spotlightCategory\"><a href=\"https:\/\/www.suno.com.br\/noticias\/negocios\/\">Neg\u00f3cios<\/a><\/span><\/div><div class=\"cardsPage__listCard__boxs__content\"><a href=\"https:\/\/www.suno.com.br\/noticias\/apos-quase-nove-anos-abilio-diniz-deixa-brf-brfs3-com-prejuizo\/\"><h2 class=\"content__title\">Ap\u00f3s quase nove anos, Ab\u00edlio Diniz deixa BRF (BRFS3) &#8212; com preju\u00edzo<\/h2><\/a><div class=\"newsContent__article__meta\"><div class=\"newsContent__article__meta__authorBox\"><a href=\"https:\/\/www.suno.com.br\/noticias\/author\/poliana-santos\/\" class=\"authorBox__avatar noMobi\"><img src=\"https:\/\/files.sunoresearch.com.br\/n\/uploads\/2020\/08\/7ef34026-whatsapp-image-2020-08-03-at-12.37.57-150x150.webp\" alt=\"Poliana Santos\"><\/a><div class=\"authorBox__name\"><span>por\n\t\t\t<a href=\"https:\/\/www.suno.com.br\/noticias\/author\/poliana-santos\/\"><span itemprop=\"author\">Poliana Santos<\/span><\/a><\/span><time datetime=\"2021-10-28T09:38:06-03:00\" itemprop=\"datePublished\">28\/10\/2021 09:38<\/time><\/div><\/div><\/div><\/div><\/div>","single_layout":"posts","amp_enabled":true,"_links":{"self":[{"href":"https:\/\/www.suno.com.br\/noticias\/wp-json\/wp\/v2\/posts\/198342"}],"collection":[{"href":"https:\/\/www.suno.com.br\/noticias\/wp-json\/wp\/v2\/posts"}],"about":[{"href":"https:\/\/www.suno.com.br\/noticias\/wp-json\/wp\/v2\/types\/post"}],"author":[{"embeddable":true,"href":"https:\/\/www.suno.com.br\/noticias\/wp-json\/wp\/v2\/users\/15"}],"replies":[{"embeddable":true,"href":"https:\/\/www.suno.com.br\/noticias\/wp-json\/wp\/v2\/comments?post=198342"}],"version-history":[{"count":3,"href":"https:\/\/www.suno.com.br\/noticias\/wp-json\/wp\/v2\/posts\/198342\/revisions"}],"predecessor-version":[{"id":198368,"href":"https:\/\/www.suno.com.br\/noticias\/wp-json\/wp\/v2\/posts\/198342\/revisions\/198368"}],"wp:featuredmedia":[{"embeddable":true,"href":"https:\/\/www.suno.com.br\/noticias\/wp-json\/wp\/v2\/media\/130200"}],"wp:attachment":[{"href":"https:\/\/www.suno.com.br\/noticias\/wp-json\/wp\/v2\/media?parent=198342"}],"wp:term":[{"taxonomy":"category","embeddable":true,"href":"https:\/\/www.suno.com.br\/noticias\/wp-json\/wp\/v2\/categories?post=198342"},{"taxonomy":"post_tag","embeddable":true,"href":"https:\/\/www.suno.com.br\/noticias\/wp-json\/wp\/v2\/tags?post=198342"},{"taxonomy":"suno_strategy","embeddable":true,"href":"https:\/\/www.suno.com.br\/noticias\/wp-json\/wp\/v2\/suno_strategy?post=198342"}],"curies":[{"name":"wp","href":"https:\/\/api.w.org\/{rel}","templated":true}]}}