{"id":198336,"date":"2021-10-28T17:53:56","date_gmt":"2021-10-28T20:53:56","guid":{"rendered":"https:\/\/www.suno.com.br\/noticias\/?p=198336"},"modified":"2021-10-28T18:01:40","modified_gmt":"2021-10-28T21:01:40","slug":"pec-precatorios-camara-adia-votacao","status":"publish","type":"post","link":"https:\/\/www.suno.com.br\/noticias\/pec-precatorios-camara-adia-votacao\/","title":{"rendered":"PEC dos Precat\u00f3rios: sem qu\u00f3rum, C\u00e2mara adia vota\u00e7\u00e3o para pr\u00f3xima quarta (3)"},"content":{"rendered":"<p>A vota\u00e7\u00e3o da proposta de emenda \u00e0 Constitui\u00e7\u00e3o (PEC) 23 de 2021, que trata do pagamento de precat\u00f3rios, vai ficar para a pr\u00f3xima semana. O presidente da C\u00e2mara, Arthur Lira (PP-AL), tinha dito ontem que o qu\u00f3rum baixo no Congresso levaria ao adiamento da vota\u00e7\u00e3o da <strong>PEC dos precat\u00f3rios<\/strong> e foi o que aconteceu. A vota\u00e7\u00e3o est\u00e1 prevista agora para a pr\u00f3xima quarta (3).<\/p>\t<div class=\"wrapper-featured-image\">\n\t\t<figure class=\"spotlightImg\">\n\n\t\t\t<picture>\n\t\t\t\t<source media=\"(max-width: 768px)\" srcset=\"https:\/\/files.sunoresearch.com.br\/n\/uploads\/2021\/05\/61bd269f-congresso_nacional-400x200.webp\">\n\t\t\t\t<img loading=\"lazy\" decoding=\"async\" class=\"newsContent__article__imgCapa lazyloadDisabled \" src=\"https:\/\/files.sunoresearch.com.br\/n\/uploads\/2021\/05\/61bd269f-congresso_nacional-800x450.webp\" width=\"800\" height=\"450\" alt=\"PEC dos Precat\u00f3rios: sem qu\u00f3rum, C\u00e2mara adia vota\u00e7\u00e3o para pr\u00f3xima quarta (3)\" fetchpriority=high \/>\n\t\t\t<\/picture>\n\n\t\t\t<figcaption class=\"wp-caption-text wp-caption-text--show\">Congresso. Foto: Ag\u00eancia Brasil<\/figcaption>\n\t\t<\/figure>\n\t<\/div>\n\n\n\t<p>\n\t\t<a href=\"https:\/\/lp.suno.com.br\/planilha-controle-gastos\/\" target=\"_blank\" data-element=\"shortcode-suno-banner\" title=\"Banner SUNO, clique e saiba mais\">\n\t\t\t<picture>\n\t\t\t\t<source media=\"(max-width: 500px)\" srcset=\"https:\/\/files.sunoresearch.com.br\/n\/uploads\/2023\/03\/400x300-Planilha-controle-de-gastos.png\">\n\t\t\t\t<img class=\"newsContent__article__imgCapa newsContent__article__imgCapa--banner\"\n\t\t\t\t\tsrc=\"https:\/\/files.sunoresearch.com.br\/n\/uploads\/2023\/03\/1420x240-Planilha-controle-de-gastos.png\"\n\t\t\t\t\tdata-promo-id=\"101751\"\t\t\t\t\t\t\t\t\t\twidth='1420' height='240'\t\t\t\t\talt=\"https:\/\/files.sunoresearch.com.br\/n\/uploads\/2023\/03\/1420x240-Planilha-controle-de-gastos.png\"\n\t\t\t\t>\n\t\t\t<\/picture>\n\t\t<\/a>\n\t<\/p>\n\n\n<p>Lira disse que buscar\u00e1 di\u00e1logo com lideran\u00e7as da oposi\u00e7\u00e3o. Alertou que o prazo para a <strong>aprova\u00e7\u00e3o da PEC<\/strong> dos precat\u00f3rios em tempo razo\u00e1vel para viabilizar os pagamentos do Aux\u00edlio Brasil est\u00e1 estourado. &#8220;O prazo m\u00e1ximo j\u00e1 foi, estamos j\u00e1 na reserva morta&#8221;, afirmou.<\/p>\n<p>O presidente da C\u00e2mara ainda engrossou os apelos feitos mais cedo pelo <strong>ministro da Cidadania, Jo\u00e3o Rom<\/strong>a, em favor da aprova\u00e7\u00e3o da proposta. &#8220;Estamos tratando de um tema sens\u00edvel. A um ano da elei\u00e7\u00e3o, n\u00e3o podemos deixar de separar. Isso n\u00e3o \u00e9 assunto de oposi\u00e7\u00e3o ou de governo&#8221;, afirmou. <strong>Arthur Lira<\/strong> reclamou ainda que opositores sempre buscam &#8220;algum escudo&#8221; quando n\u00e3o querem votar algum projeto.<\/p>\n\t<p>\n\t\t<a href=\"https:\/\/lp.suno.com.br\/planilha-da-vida-financeira\/\" target=\"_blank\" data-element=\"shortcode-suno-banner\" title=\"Banner SUNO, clique e saiba mais\">\n\t\t\t<picture>\n\t\t\t\t<source media=\"(max-width: 500px)\" srcset=\"https:\/\/files.sunoresearch.com.br\/n\/uploads\/2023\/04\/400x300-Planilha-vida-financeira-true.png\">\n\t\t\t\t<img class=\"newsContent__article__imgCapa newsContent__article__imgCapa--banner\"\n\t\t\t\t\tsrc=\"https:\/\/files.sunoresearch.com.br\/n\/uploads\/2023\/04\/1420x240-Planilha-vida-financeira-true.png\"\n\t\t\t\t\tdata-promo-id=\"106682\"\t\t\t\t\t\t\t\t\t\twidth='1420' height='240'\t\t\t\t\talt=\"https:\/\/files.sunoresearch.com.br\/n\/uploads\/2023\/04\/1420x240-Planilha-vida-financeira-true.png\"\n\t\t\t\t>\n\t\t\t<\/picture>\n\t\t<\/a>\n\t<\/p>\n\n\n<p>A<strong> vota\u00e7\u00e3o da PEC<\/strong> estava prevista para quarta-feira, mas naufragou na falta de qu\u00f3rum necess\u00e1rio para dar ao governo a garantia de uma margem favor\u00e1vel de votos. As aus\u00eancias ocorreram na semana em que Lira decidiu retomar a obrigatoriedade da presen\u00e7a dos deputados na Casa para as vota\u00e7\u00f5es, acabando com o sistema remoto implementado devido \u00e0 pandemia de covid-19.<\/p>\n<p>Uma PEC precisa de 308 votos de deputados para ser aprovada, em dois turnos de vota\u00e7\u00e3o. Por isso, governistas calculam que, por seguran\u00e7a, o ideal \u00e9 ter 490 votantes no plen\u00e1rio. Nessa quarta-feira, a presen\u00e7a mal chegou a 450.<\/p>\n<p>&#8220;Cinquenta e poucos parlamentares levaram falta e ter\u00e3o corte no sal\u00e1rio&#8221;, avisou Lira. Nos bastidores, aliados do governo tentaram convocar os congressistas a retornarem a Bras\u00edlia nesta quinta-feira (28), dia em que normalmente eles viajam na dire\u00e7\u00e3o oposta, rumo \u00e0s suas bases. Por isso, uma tentativa de votar hoje o texto \u00e9 considerada improv\u00e1vel. Diversos deputados, a despeito da perda no sal\u00e1rio, avisaram que n\u00e3o retornar\u00e3o \u00e0 capital federal antes do feriado.<\/p>\n<p>At\u00e9 a pr\u00f3xima quarta-feira, Lira disse que buscar\u00e1 o di\u00e1logo com a oposi\u00e7\u00e3o, uma vez que, al\u00e9m do qu\u00f3rum, h\u00e1 um impasse em torno da discuss\u00e3o do texto.<\/p>\n\t<p>\n\t\t<a href=\"https:\/\/lp.suno.com.br\/ebook-como-analisar-uma-acao\/\" target=\"_blank\" data-element=\"shortcode-suno-banner\" title=\"Banner SUNO, clique e saiba mais\">\n\t\t\t<picture>\n\t\t\t\t<source media=\"(max-width: 500px)\" srcset=\"https:\/\/files.sunoresearch.com.br\/n\/uploads\/2023\/03\/Ebook-Acoes-Mobile-1.jpg\">\n\t\t\t\t<img class=\"newsContent__article__imgCapa newsContent__article__imgCapa--banner\"\n\t\t\t\t\tsrc=\"https:\/\/files.sunoresearch.com.br\/n\/uploads\/2023\/03\/Ebook-Acoes-Desktop-1.jpg\"\n\t\t\t\t\tdata-promo-id=\"171998\"\t\t\t\t\t\t\t\t\t\twidth='1420' height='286'\t\t\t\t\talt=\"https:\/\/files.sunoresearch.com.br\/n\/uploads\/2023\/03\/Ebook-Acoes-Desktop-1.jpg\"\n\t\t\t\t>\n\t\t\t<\/picture>\n\t\t<\/a>\n\t<\/p>\n\n\n<p>A oposi\u00e7\u00e3o n\u00e3o quer a limita\u00e7\u00e3o do <strong>pagamento dos precat\u00f3rios<\/strong> (d\u00edvidas judiciais), que resultaria no adiamento das d\u00edvidas da Uni\u00e3o com Estados relacionadas a repasses antigos devidos ao Fundef (fundo da educa\u00e7\u00e3o b\u00e1sica extinto), cuja quita\u00e7\u00e3o hoje est\u00e1 prevista para 2022. Como mostrou o <i>Estad\u00e3o\/Broadcast<\/i>, os governadores de Bahia, Cear\u00e1 e Pernambuco, maiores credores das a\u00e7\u00f5es do Fundef, entraram em campo para mobilizar parlamentares.<\/p>\n<p>&#8220;Sempre pode haver ajuste (no texto da PEC)&#8221;, disse Lira, ap\u00f3s uma s\u00e9rie de reuni\u00f5es com ministros do governo e lideran\u00e7as da C\u00e2mara para tentar destravar a proposta. &#8220;Vou conversar com membros da oposi\u00e7\u00e3o para tentar chegar a uma proposta. No nosso entendimento, n\u00e3o h\u00e1 preju\u00edzo para os Estados. S\u00f3 com a compensa\u00e7\u00e3o de d\u00e9bitos tribut\u00e1rios, vamos zerar a fila dos precat\u00f3rios (que forem adiados para o ano seguinte)&#8221;, afirmou o presidente da C\u00e2mara.<\/p>\n<p>Segundo Lira, \u00e9 &#8220;remota&#8221; a possibilidade de um acordo que resulte na retirada dos precat\u00f3rios (s\u00f3 do Fundef ou todos) do alcance do <a class=\"suno-keyword\" href=\"https:\/\/www.suno.com.br\/artigos\/teto-de-gastos\/\" target=\"_blank\" rel=\"noopener\" data-force=\"no\" data-priority=\"1\">teto de gastos<\/a>, a regra que limita o avan\u00e7o das despesas \u00e0 <strong>infla\u00e7\u00e3o<\/strong>. A ideia, diz o presidente da C\u00e2mara, \u00e9 fazer com que todas as despesas fiquem dentro do limite. Lira tamb\u00e9m voltou a cobrar a aprova\u00e7\u00e3o da reforma do Imposto de Renda pelo Senado Federal.<\/p>\n<h2>PEC dos precat\u00f3rios deve ser votada no Congresso at\u00e9 2\u00aa semana de novembro, diz ministro<\/h2>\n<p>O ministro da Cidadania, Jo\u00e3o Roma, alertou nesta quinta-feira, 28, que a Proposta de Emenda \u00e0 Constitui\u00e7\u00e3o (PEC) dos precat\u00f3rios precisa ser aprovada pelo Congresso Nacional at\u00e9, no m\u00e1ximo, a segunda semana de novembro, sob pena de o pagamento do<strong> Aux\u00edlio Brasil<\/strong> ser dificultado.<\/p>\n<p>&#8220;At\u00e9 o dia 15 de novembro, no caso antes, porque 15 \u00e9 segunda-feira de feriado. Nosso apelo \u00e9 para que, at\u00e9 a segunda semana de novembro, essa medida possa ser aprovada, porque, se n\u00e3o, ter\u00e3o dificuldades operacionais para fazer chegar o recurso \u00e0 popula\u00e7\u00e3o&#8221;, disse Roma a jornalistas na sa\u00edda do Pal\u00e1cio do Planalto. &#8220;Estamos sensibilizando o Parlamento para que seja o quanto antes a aprova\u00e7\u00e3o&#8221;, acrescentou.<\/p>\n\t<p>\n\t\t<a href=\"https:\/\/lp.suno.com.br\/planilha-de-controle-de-investimentos\/\" target=\"_blank\" data-element=\"shortcode-suno-banner\" title=\"Banner SUNO, clique e saiba mais\">\n\t\t\t<picture>\n\t\t\t\t<source media=\"(max-width: 500px)\" srcset=\"https:\/\/files.sunoresearch.com.br\/n\/uploads\/2023\/03\/400x300-Controle-de-Investimentos.png\">\n\t\t\t\t<img class=\"newsContent__article__imgCapa newsContent__article__imgCapa--banner\"\n\t\t\t\t\tsrc=\"https:\/\/files.sunoresearch.com.br\/n\/uploads\/2023\/03\/1420x240-Controle-de-Investimentos.png\"\n\t\t\t\t\tdata-promo-id=\"75934\"\t\t\t\t\t\t\t\t\t\twidth='1420' height='240'\t\t\t\t\talt=\"https:\/\/files.sunoresearch.com.br\/n\/uploads\/2023\/03\/1420x240-Controle-de-Investimentos.png\"\n\t\t\t\t>\n\t\t\t<\/picture>\n\t\t<\/a>\n\t<\/p>\n\n\n<p>&#8220;O que est\u00e1vamos fazendo ontem era justamente buscando sensibilizar o Congresso, visando aprova\u00e7\u00e3o c\u00e9lere da PEC, o instrumento que temos hoje para viabilizar o pagamento do Auxilio Brasil&#8221;, declarou Roma a jornalistas no per\u00edodo da manh\u00e3 desta quinta-feira. &#8220;Estamos muito preocupados com o tempo.&#8221;<\/p>\n<p>Ainda assim, o ministro da Cidadania voltou a mostrar confian\u00e7a na aprova\u00e7\u00e3o da<strong> PEC dos precat\u00f3rios.<\/strong> &#8220;Acredito que mais uma vez o Congresso estar\u00e1 ao lado dos mais necessitados&#8221;, disse Roma.<\/p>\n<p>(Com informa\u00e7\u00f5es da Ag\u00eancia Estado)<\/p>\n\t<p>\n\t\t<a href=\"\" target=\"_blank\" data-element=\"shortcode-suno-banner\" title=\"Banner SUNO, clique e saiba mais\">\n\t\t\t<picture>\n\t\t\t\t<source media=\"(max-width: 500px)\" srcset=\"\">\n\t\t\t\t<img class=\"newsContent__article__imgCapa newsContent__article__imgCapa--banner\"\n\t\t\t\t\tsrc=\"\"\n\t\t\t\t\tdata-promo-id=\"184190\"\t\t\t\t\t\t\t\t\t\t\t\t\t\t\talt=\"\"\n\t\t\t\t>\n\t\t\t<\/picture>\n\t\t<\/a>\n\t<\/p>\n\n\n","protected":false},"excerpt":{"rendered":"<p>A vota\u00e7\u00e3o da proposta de emenda \u00e0 Constitui\u00e7\u00e3o (PEC) 23 de 2021, que trata do pagamento de precat\u00f3rios, vai ficar para a pr\u00f3xima semana. O presidente da C\u00e2mara, Arthur Lira (PP-AL), tinha dito ontem que o qu\u00f3rum baixo no Congresso levaria ao adiamento da vota\u00e7\u00e3o da PEC dos precat\u00f3rios e foi o que aconteceu. A [&hellip;]<\/p>\n","protected":false},"author":118,"featured_media":144948,"comment_status":"closed","ping_status":"closed","sticky":false,"template":"","format":"standard","meta":[],"categories":[62],"tags":[901,104591],"suno_strategy":[],"class_list":["post-198336","post","type-post","status-publish","format-standard","has-post-thumbnail","hentry","category-economia","tag-congresso-nacional","tag-precatorios"],"yoast_head":"<!-- This site is optimized with the Yoast SEO plugin v24.4 - https:\/\/yoast.com\/wordpress\/plugins\/seo\/ -->\n<title>PEC dos Precat\u00f3rios: sem consenso, C\u00e2mara adia vota\u00e7\u00e3o<\/title>\n<meta name=\"description\" content=\"A vota\u00e7\u00e3o da proposta de emenda \u00e0 Constitui\u00e7\u00e3o PEC dos precat\u00f3rios, que trata do pagamento de precat\u00f3rios, deve ser passada para...Saiba mais\" \/>\n<meta name=\"robots\" content=\"index, follow, max-snippet:-1, max-image-preview:large, max-video-preview:-1\" \/>\n<link rel=\"canonical\" href=\"https:\/\/www.suno.com.br\/noticias\/pec-precatorios-camara-adia-votacao\/\" \/>\n<meta property=\"og:locale\" content=\"pt_BR\" \/>\n<meta property=\"og:type\" content=\"article\" \/>\n<meta property=\"og:title\" content=\"PEC dos Precat\u00f3rios: sem consenso, C\u00e2mara adia vota\u00e7\u00e3o\" \/>\n<meta property=\"og:description\" content=\"A vota\u00e7\u00e3o da proposta de emenda \u00e0 Constitui\u00e7\u00e3o PEC dos precat\u00f3rios, que trata do pagamento de precat\u00f3rios, deve ser passada para...Saiba mais\" \/>\n<meta property=\"og:url\" content=\"https:\/\/www.suno.com.br\/noticias\/pec-precatorios-camara-adia-votacao\/\" \/>\n<meta property=\"og:site_name\" content=\"Suno Not\u00edcias\" \/>\n<meta property=\"article:publisher\" content=\"https:\/\/facebook.com\/sunoresearch\" \/>\n<meta property=\"og:image\" content=\"https:\/\/files.sunoresearch.com.br\/n\/uploads\/2021\/05\/61bd269f-congresso_nacional.jpg\" \/>\n\t<meta property=\"og:image:width\" content=\"1170\" \/>\n\t<meta property=\"og:image:height\" content=\"700\" \/>\n\t<meta property=\"og:image:type\" content=\"image\/jpeg\" \/>\n<meta name=\"author\" content=\"Bruno Galv\u00e3o\" \/>\n<meta name=\"twitter:card\" content=\"summary_large_image\" \/>\n<meta name=\"twitter:creator\" content=\"@sunoresearch\" \/>\n<meta name=\"twitter:site\" content=\"@sunoresearch\" \/>\n<meta name=\"twitter:label1\" content=\"Escrito por\" \/>\n\t<meta name=\"twitter:data1\" content=\"Bruno Galv\u00e3o\" \/>\n\t<meta name=\"twitter:label2\" content=\"Est. tempo de leitura\" \/>\n\t<meta name=\"twitter:data2\" content=\"4 minutos\" \/>\n<script type=\"application\/ld+json\" class=\"yoast-schema-graph\">{\"@context\":\"https:\/\/schema.org\",\"@graph\":[{\"@type\":\"NewsArticle\",\"@id\":\"https:\/\/www.suno.com.br\/noticias\/pec-precatorios-camara-adia-votacao\/#article\",\"isPartOf\":{\"@id\":\"https:\/\/www.suno.com.br\/noticias\/pec-precatorios-camara-adia-votacao\/\"},\"author\":{\"name\":\"Bruno Galv\u00e3o\",\"@id\":\"https:\/\/www.suno.com.br\/noticias\/#\/schema\/person\/06f0d962a6b1c54852e4860f16935600\"},\"headline\":\"PEC dos Precat\u00f3rios: sem qu\u00f3rum, C\u00e2mara adia vota\u00e7\u00e3o para pr\u00f3xima quarta (3)\",\"datePublished\":\"2021-10-28T20:53:56+00:00\",\"dateModified\":\"2021-10-28T21:01:40+00:00\",\"mainEntityOfPage\":{\"@id\":\"https:\/\/www.suno.com.br\/noticias\/pec-precatorios-camara-adia-votacao\/\"},\"wordCount\":895,\"publisher\":{\"@id\":\"https:\/\/www.suno.com.br\/noticias\/#organization\"},\"image\":{\"@id\":\"https:\/\/www.suno.com.br\/noticias\/pec-precatorios-camara-adia-votacao\/#primaryimage\"},\"thumbnailUrl\":\"https:\/\/files.sunoresearch.com.br\/n\/uploads\/2021\/05\/61bd269f-congresso_nacional-jpg.webp\",\"keywords\":[\"Congresso Nacional\",\"precat\u00f3rios\"],\"articleSection\":[\"Economia\"],\"inLanguage\":\"pt-BR\"},{\"@type\":\"WebPage\",\"@id\":\"https:\/\/www.suno.com.br\/noticias\/pec-precatorios-camara-adia-votacao\/\",\"url\":\"https:\/\/www.suno.com.br\/noticias\/pec-precatorios-camara-adia-votacao\/\",\"name\":\"PEC dos Precat\u00f3rios: sem consenso, C\u00e2mara adia vota\u00e7\u00e3o\",\"isPartOf\":{\"@id\":\"https:\/\/www.suno.com.br\/noticias\/#website\"},\"primaryImageOfPage\":{\"@id\":\"https:\/\/www.suno.com.br\/noticias\/pec-precatorios-camara-adia-votacao\/#primaryimage\"},\"image\":{\"@id\":\"https:\/\/www.suno.com.br\/noticias\/pec-precatorios-camara-adia-votacao\/#primaryimage\"},\"thumbnailUrl\":\"https:\/\/files.sunoresearch.com.br\/n\/uploads\/2021\/05\/61bd269f-congresso_nacional-jpg.webp\",\"datePublished\":\"2021-10-28T20:53:56+00:00\",\"dateModified\":\"2021-10-28T21:01:40+00:00\",\"description\":\"A vota\u00e7\u00e3o da proposta de emenda \u00e0 Constitui\u00e7\u00e3o PEC dos precat\u00f3rios, que trata do pagamento de precat\u00f3rios, deve ser passada para...Saiba mais\",\"breadcrumb\":{\"@id\":\"https:\/\/www.suno.com.br\/noticias\/pec-precatorios-camara-adia-votacao\/#breadcrumb\"},\"inLanguage\":\"pt-BR\",\"potentialAction\":[{\"@type\":\"ReadAction\",\"target\":[\"https:\/\/www.suno.com.br\/noticias\/pec-precatorios-camara-adia-votacao\/\"]}]},{\"@type\":\"ImageObject\",\"inLanguage\":\"pt-BR\",\"@id\":\"https:\/\/www.suno.com.br\/noticias\/pec-precatorios-camara-adia-votacao\/#primaryimage\",\"url\":\"https:\/\/files.sunoresearch.com.br\/n\/uploads\/2021\/05\/61bd269f-congresso_nacional-jpg.webp\",\"contentUrl\":\"https:\/\/files.sunoresearch.com.br\/n\/uploads\/2021\/05\/61bd269f-congresso_nacional-jpg.webp\",\"width\":1170,\"height\":700,\"caption\":\"Congresso. Foto: Ag\u00eancia Brasil\"},{\"@type\":\"BreadcrumbList\",\"@id\":\"https:\/\/www.suno.com.br\/noticias\/pec-precatorios-camara-adia-votacao\/#breadcrumb\",\"itemListElement\":[{\"@type\":\"ListItem\",\"position\":1,\"name\":\"Not\u00edcias\",\"item\":\"https:\/\/www.suno.com.br\/noticias\/\"},{\"@type\":\"ListItem\",\"position\":2,\"name\":\"Economia\",\"item\":\"https:\/\/www.suno.com.br\/noticias\/economia\/\"},{\"@type\":\"ListItem\",\"position\":3,\"name\":\"PEC dos Precat\u00f3rios: sem qu\u00f3rum, C\u00e2mara adia vota\u00e7\u00e3o para pr\u00f3xima quarta (3)\"}]},{\"@type\":\"WebSite\",\"@id\":\"https:\/\/www.suno.com.br\/noticias\/#website\",\"url\":\"https:\/\/www.suno.com.br\/noticias\/\",\"name\":\"Suno Not\u00edcias\",\"description\":\"Seu portal de informa\u00e7\u00e3o sobre o mundo dos investimentos\",\"publisher\":{\"@id\":\"https:\/\/www.suno.com.br\/noticias\/#organization\"},\"potentialAction\":[{\"@type\":\"SearchAction\",\"target\":{\"@type\":\"EntryPoint\",\"urlTemplate\":\"https:\/\/www.suno.com.br\/noticias\/?s={search_term_string}\"},\"query-input\":{\"@type\":\"PropertyValueSpecification\",\"valueRequired\":true,\"valueName\":\"search_term_string\"}}],\"inLanguage\":\"pt-BR\"},{\"@type\":\"Organization\",\"@id\":\"https:\/\/www.suno.com.br\/noticias\/#organization\",\"name\":\"Suno Not\u00edcias\",\"url\":\"https:\/\/www.suno.com.br\/noticias\/\",\"logo\":{\"@type\":\"ImageObject\",\"inLanguage\":\"pt-BR\",\"@id\":\"https:\/\/www.suno.com.br\/noticias\/#\/schema\/logo\/image\/\",\"url\":\"https:\/\/files.sunoresearch.com.br\/n\/uploads\/2021\/09\/suno-logo.png\",\"contentUrl\":\"https:\/\/files.sunoresearch.com.br\/n\/uploads\/2021\/09\/suno-logo.png\",\"width\":180,\"height\":180,\"caption\":\"Suno Not\u00edcias\"},\"image\":{\"@id\":\"https:\/\/www.suno.com.br\/noticias\/#\/schema\/logo\/image\/\"},\"sameAs\":[\"https:\/\/facebook.com\/sunoresearch\",\"https:\/\/x.com\/sunoresearch\",\"https:\/\/www.instagram.com\/suno\",\"https:\/\/www.linkedin.com\/company\/suno-research\/\",\"https:\/\/www.youtube.com\/c\/sunoresearch\"]},{\"@type\":\"Person\",\"@id\":\"https:\/\/www.suno.com.br\/noticias\/#\/schema\/person\/06f0d962a6b1c54852e4860f16935600\",\"name\":\"Bruno Galv\u00e3o\",\"image\":{\"@type\":\"ImageObject\",\"inLanguage\":\"pt-BR\",\"@id\":\"https:\/\/www.suno.com.br\/noticias\/#\/schema\/person\/image\/\",\"url\":\"https:\/\/secure.gravatar.com\/avatar\/53598df0b41c00f12f287a912d0e918e?s=96&r=g\",\"contentUrl\":\"https:\/\/secure.gravatar.com\/avatar\/53598df0b41c00f12f287a912d0e918e?s=96&r=g\",\"caption\":\"Bruno Galv\u00e3o\"},\"description\":\"Escreve para o portal Suno Not\u00edcias. \u00c9 estudante de Jornalismo pela Faculdade C\u00e1sper L\u00edbero e Letras pela USP. Entusiasta de tecnologia e intelig\u00eancia artificial.\",\"url\":\"https:\/\/www.suno.com.br\/noticias\/author\/bruno-garcia\/\"}]}<\/script>\n<!-- \/ Yoast SEO plugin. -->","yoast_head_json":{"title":"PEC dos Precat\u00f3rios: sem consenso, C\u00e2mara adia vota\u00e7\u00e3o","description":"A vota\u00e7\u00e3o da proposta de emenda \u00e0 Constitui\u00e7\u00e3o PEC dos precat\u00f3rios, que trata do pagamento de precat\u00f3rios, deve ser passada para...Saiba mais","robots":{"index":"index","follow":"follow","max-snippet":"max-snippet:-1","max-image-preview":"max-image-preview:large","max-video-preview":"max-video-preview:-1"},"canonical":"https:\/\/www.suno.com.br\/noticias\/pec-precatorios-camara-adia-votacao\/","og_locale":"pt_BR","og_type":"article","og_title":"PEC dos Precat\u00f3rios: sem consenso, C\u00e2mara adia vota\u00e7\u00e3o","og_description":"A vota\u00e7\u00e3o da proposta de emenda \u00e0 Constitui\u00e7\u00e3o PEC dos precat\u00f3rios, que trata do pagamento de precat\u00f3rios, deve ser passada para...Saiba mais","og_url":"https:\/\/www.suno.com.br\/noticias\/pec-precatorios-camara-adia-votacao\/","og_site_name":"Suno Not\u00edcias","article_publisher":"https:\/\/facebook.com\/sunoresearch","og_image":[{"width":1170,"height":700,"url":"https:\/\/files.sunoresearch.com.br\/n\/uploads\/2021\/05\/61bd269f-congresso_nacional.jpg","type":"image\/jpeg"}],"author":"Bruno Galv\u00e3o","twitter_card":"summary_large_image","twitter_creator":"@sunoresearch","twitter_site":"@sunoresearch","twitter_misc":{"Escrito por":"Bruno Galv\u00e3o","Est. tempo de leitura":"4 minutos"},"schema":{"@context":"https:\/\/schema.org","@graph":[{"@type":"NewsArticle","@id":"https:\/\/www.suno.com.br\/noticias\/pec-precatorios-camara-adia-votacao\/#article","isPartOf":{"@id":"https:\/\/www.suno.com.br\/noticias\/pec-precatorios-camara-adia-votacao\/"},"author":{"name":"Bruno Galv\u00e3o","@id":"https:\/\/www.suno.com.br\/noticias\/#\/schema\/person\/06f0d962a6b1c54852e4860f16935600"},"headline":"PEC dos Precat\u00f3rios: sem qu\u00f3rum, C\u00e2mara adia vota\u00e7\u00e3o para pr\u00f3xima quarta (3)","datePublished":"2021-10-28T20:53:56+00:00","dateModified":"2021-10-28T21:01:40+00:00","mainEntityOfPage":{"@id":"https:\/\/www.suno.com.br\/noticias\/pec-precatorios-camara-adia-votacao\/"},"wordCount":895,"publisher":{"@id":"https:\/\/www.suno.com.br\/noticias\/#organization"},"image":{"@id":"https:\/\/www.suno.com.br\/noticias\/pec-precatorios-camara-adia-votacao\/#primaryimage"},"thumbnailUrl":"https:\/\/files.sunoresearch.com.br\/n\/uploads\/2021\/05\/61bd269f-congresso_nacional-jpg.webp","keywords":["Congresso Nacional","precat\u00f3rios"],"articleSection":["Economia"],"inLanguage":"pt-BR"},{"@type":"WebPage","@id":"https:\/\/www.suno.com.br\/noticias\/pec-precatorios-camara-adia-votacao\/","url":"https:\/\/www.suno.com.br\/noticias\/pec-precatorios-camara-adia-votacao\/","name":"PEC dos Precat\u00f3rios: sem consenso, C\u00e2mara adia vota\u00e7\u00e3o","isPartOf":{"@id":"https:\/\/www.suno.com.br\/noticias\/#website"},"primaryImageOfPage":{"@id":"https:\/\/www.suno.com.br\/noticias\/pec-precatorios-camara-adia-votacao\/#primaryimage"},"image":{"@id":"https:\/\/www.suno.com.br\/noticias\/pec-precatorios-camara-adia-votacao\/#primaryimage"},"thumbnailUrl":"https:\/\/files.sunoresearch.com.br\/n\/uploads\/2021\/05\/61bd269f-congresso_nacional-jpg.webp","datePublished":"2021-10-28T20:53:56+00:00","dateModified":"2021-10-28T21:01:40+00:00","description":"A vota\u00e7\u00e3o da proposta de emenda \u00e0 Constitui\u00e7\u00e3o PEC dos precat\u00f3rios, que trata do pagamento de precat\u00f3rios, deve ser passada para...Saiba mais","breadcrumb":{"@id":"https:\/\/www.suno.com.br\/noticias\/pec-precatorios-camara-adia-votacao\/#breadcrumb"},"inLanguage":"pt-BR","potentialAction":[{"@type":"ReadAction","target":["https:\/\/www.suno.com.br\/noticias\/pec-precatorios-camara-adia-votacao\/"]}]},{"@type":"ImageObject","inLanguage":"pt-BR","@id":"https:\/\/www.suno.com.br\/noticias\/pec-precatorios-camara-adia-votacao\/#primaryimage","url":"https:\/\/files.sunoresearch.com.br\/n\/uploads\/2021\/05\/61bd269f-congresso_nacional-jpg.webp","contentUrl":"https:\/\/files.sunoresearch.com.br\/n\/uploads\/2021\/05\/61bd269f-congresso_nacional-jpg.webp","width":1170,"height":700,"caption":"Congresso. Foto: Ag\u00eancia Brasil"},{"@type":"BreadcrumbList","@id":"https:\/\/www.suno.com.br\/noticias\/pec-precatorios-camara-adia-votacao\/#breadcrumb","itemListElement":[{"@type":"ListItem","position":1,"name":"Not\u00edcias","item":"https:\/\/www.suno.com.br\/noticias\/"},{"@type":"ListItem","position":2,"name":"Economia","item":"https:\/\/www.suno.com.br\/noticias\/economia\/"},{"@type":"ListItem","position":3,"name":"PEC dos Precat\u00f3rios: sem qu\u00f3rum, C\u00e2mara adia vota\u00e7\u00e3o para pr\u00f3xima quarta (3)"}]},{"@type":"WebSite","@id":"https:\/\/www.suno.com.br\/noticias\/#website","url":"https:\/\/www.suno.com.br\/noticias\/","name":"Suno Not\u00edcias","description":"Seu portal de informa\u00e7\u00e3o sobre o mundo dos investimentos","publisher":{"@id":"https:\/\/www.suno.com.br\/noticias\/#organization"},"potentialAction":[{"@type":"SearchAction","target":{"@type":"EntryPoint","urlTemplate":"https:\/\/www.suno.com.br\/noticias\/?s={search_term_string}"},"query-input":{"@type":"PropertyValueSpecification","valueRequired":true,"valueName":"search_term_string"}}],"inLanguage":"pt-BR"},{"@type":"Organization","@id":"https:\/\/www.suno.com.br\/noticias\/#organization","name":"Suno Not\u00edcias","url":"https:\/\/www.suno.com.br\/noticias\/","logo":{"@type":"ImageObject","inLanguage":"pt-BR","@id":"https:\/\/www.suno.com.br\/noticias\/#\/schema\/logo\/image\/","url":"https:\/\/files.sunoresearch.com.br\/n\/uploads\/2021\/09\/suno-logo.png","contentUrl":"https:\/\/files.sunoresearch.com.br\/n\/uploads\/2021\/09\/suno-logo.png","width":180,"height":180,"caption":"Suno Not\u00edcias"},"image":{"@id":"https:\/\/www.suno.com.br\/noticias\/#\/schema\/logo\/image\/"},"sameAs":["https:\/\/facebook.com\/sunoresearch","https:\/\/x.com\/sunoresearch","https:\/\/www.instagram.com\/suno","https:\/\/www.linkedin.com\/company\/suno-research\/","https:\/\/www.youtube.com\/c\/sunoresearch"]},{"@type":"Person","@id":"https:\/\/www.suno.com.br\/noticias\/#\/schema\/person\/06f0d962a6b1c54852e4860f16935600","name":"Bruno Galv\u00e3o","image":{"@type":"ImageObject","inLanguage":"pt-BR","@id":"https:\/\/www.suno.com.br\/noticias\/#\/schema\/person\/image\/","url":"https:\/\/secure.gravatar.com\/avatar\/53598df0b41c00f12f287a912d0e918e?s=96&r=g","contentUrl":"https:\/\/secure.gravatar.com\/avatar\/53598df0b41c00f12f287a912d0e918e?s=96&r=g","caption":"Bruno Galv\u00e3o"},"description":"Escreve para o portal Suno Not\u00edcias. \u00c9 estudante de Jornalismo pela Faculdade C\u00e1sper L\u00edbero e Letras pela USP. Entusiasta de tecnologia e intelig\u00eancia artificial.","url":"https:\/\/www.suno.com.br\/noticias\/author\/bruno-garcia\/"}]}},"default_loop_html":"<div class=\"cardsPage__listCard__boxs\"><div class=\"cardsPage__listCard__boxs__img\"><a href=\"https:\/\/www.suno.com.br\/noticias\/pec-precatorios-camara-adia-votacao\/\"><img class=\"mask\" src=\"https:\/\/www.suno.com.br\/noticias\/wp-content\/themes\/suno\/resources\/images\/spotlight\/spotlight1img\/bg-mask.png\" alt=\"Image Mask\"\/><img src=\"https:\/\/files.sunoresearch.com.br\/n\/uploads\/2021\/05\/61bd269f-congresso_nacional-400x200.webp\" alt=\"PEC dos Precat\u00f3rios: sem qu\u00f3rum, C\u00e2mara adia vota\u00e7\u00e3o para pr\u00f3xima quarta (3)\"\/><\/a><span class=\"spotlightCategory\"><a href=\"https:\/\/www.suno.com.br\/noticias\/economia\/\">Economia<\/a><\/span><\/div><div class=\"cardsPage__listCard__boxs__content\"><a href=\"https:\/\/www.suno.com.br\/noticias\/pec-precatorios-camara-adia-votacao\/\"><h2 class=\"content__title\">PEC dos Precat\u00f3rios: sem qu\u00f3rum, C\u00e2mara adia vota\u00e7\u00e3o para pr\u00f3xima quarta (3)<\/h2><\/a><div class=\"newsContent__article__meta\"><div class=\"newsContent__article__meta__authorBox\"><a href=\"https:\/\/www.suno.com.br\/noticias\/author\/bruno-garcia\/\" class=\"authorBox__avatar noMobi\"><img src=\"https:\/\/secure.gravatar.com\/avatar\/53598df0b41c00f12f287a912d0e918e?s=96&#038;r=g\" alt=\"Bruno Galv\u00e3o\"><\/a><div class=\"authorBox__name\"><span>por\n\t\t\t<a href=\"https:\/\/www.suno.com.br\/noticias\/author\/bruno-garcia\/\"><span itemprop=\"author\">Bruno Galv\u00e3o<\/span><\/a><\/span><time datetime=\"2021-10-28T17:53:56-03:00\" itemprop=\"datePublished\">28\/10\/2021 17:53<\/time><\/div><\/div><\/div><\/div><\/div>","single_layout":"posts","amp_enabled":true,"_links":{"self":[{"href":"https:\/\/www.suno.com.br\/noticias\/wp-json\/wp\/v2\/posts\/198336"}],"collection":[{"href":"https:\/\/www.suno.com.br\/noticias\/wp-json\/wp\/v2\/posts"}],"about":[{"href":"https:\/\/www.suno.com.br\/noticias\/wp-json\/wp\/v2\/types\/post"}],"author":[{"embeddable":true,"href":"https:\/\/www.suno.com.br\/noticias\/wp-json\/wp\/v2\/users\/118"}],"replies":[{"embeddable":true,"href":"https:\/\/www.suno.com.br\/noticias\/wp-json\/wp\/v2\/comments?post=198336"}],"version-history":[{"count":4,"href":"https:\/\/www.suno.com.br\/noticias\/wp-json\/wp\/v2\/posts\/198336\/revisions"}],"predecessor-version":[{"id":198658,"href":"https:\/\/www.suno.com.br\/noticias\/wp-json\/wp\/v2\/posts\/198336\/revisions\/198658"}],"wp:featuredmedia":[{"embeddable":true,"href":"https:\/\/www.suno.com.br\/noticias\/wp-json\/wp\/v2\/media\/144948"}],"wp:attachment":[{"href":"https:\/\/www.suno.com.br\/noticias\/wp-json\/wp\/v2\/media?parent=198336"}],"wp:term":[{"taxonomy":"category","embeddable":true,"href":"https:\/\/www.suno.com.br\/noticias\/wp-json\/wp\/v2\/categories?post=198336"},{"taxonomy":"post_tag","embeddable":true,"href":"https:\/\/www.suno.com.br\/noticias\/wp-json\/wp\/v2\/tags?post=198336"},{"taxonomy":"suno_strategy","embeddable":true,"href":"https:\/\/www.suno.com.br\/noticias\/wp-json\/wp\/v2\/suno_strategy?post=198336"}],"curies":[{"name":"wp","href":"https:\/\/api.w.org\/{rel}","templated":true}]}}