{"id":198309,"date":"2021-10-28T10:58:29","date_gmt":"2021-10-28T13:58:29","guid":{"rendered":"https:\/\/www.suno.com.br\/noticias\/?p=198309"},"modified":"2021-10-28T17:18:54","modified_gmt":"2021-10-28T20:18:54","slug":"controladora-ambev-abev3-lucra-abaixo-expectativas-ab-inbev","status":"publish","type":"post","link":"https:\/\/www.suno.com.br\/noticias\/controladora-ambev-abev3-lucra-abaixo-expectativas-ab-inbev\/","title":{"rendered":"AB InBev lucra abaixo das expectativas; Veja como foi o balan\u00e7o da Ambev (ABEV3)"},"content":{"rendered":"<p><iframe loading=\"lazy\" title=\"YouTube video player\" src=\"https:\/\/www.youtube.com\/embed\/7VY4XggiYTg\" width=\"560\" height=\"315\" frameborder=\"0\" allowfullscreen=\"allowfullscreen\"><\/iframe><br \/>\nA Anheuser-Busch InBev, <a href=\"https:\/\/www.suno.com.br\/artigos\/bdr\">AB InBev (ABUD34)<\/a>, maior cervejaria do mundo e controladora da <a href=\"https:\/\/www.suno.com.br\/acoes\/abev3\/\"><strong>AmBev<\/strong> (ABEV3)<\/a>, divulgou nesta quinta-feira (28) que obteve lucro l\u00edquido de US$ 250 milh\u00f5es no terceiro trimestre de 2021, representando uma fra\u00e7\u00e3o do ganho de US$ 1,04 bilh\u00e3o apurado em igual per\u00edodo do ano passado.<\/p>\t<div class=\"wrapper-featured-image\">\n\t\t<figure class=\"spotlightImg\">\n\n\t\t\t<picture>\n\t\t\t\t<source media=\"(max-width: 768px)\" srcset=\"https:\/\/files.sunoresearch.com.br\/n\/uploads\/2021\/05\/6c6d1bf7-beer-2288121_1280-400x200.webp\">\n\t\t\t\t<img loading=\"lazy\" decoding=\"async\" class=\"newsContent__article__imgCapa lazyloadDisabled \" src=\"https:\/\/files.sunoresearch.com.br\/n\/uploads\/2021\/05\/6c6d1bf7-beer-2288121_1280-800x450.webp\" width=\"800\" height=\"450\" alt=\"AB InBev lucra abaixo das expectativas; Veja como foi o balan\u00e7o da Ambev (ABEV3)\" fetchpriority=high \/>\n\t\t\t<\/picture>\n\n\t\t\t<figcaption class=\"wp-caption-text wp-caption-text--show\">Ambev (ABEV3) Foto: Pixabay<\/figcaption>\n\t\t<\/figure>\n\t<\/div>\n\n<p><iframe loading=\"lazy\" title=\"YouTube video player\" src=\"https:\/\/www.youtube.com\/embed\/7VY4XggiYTg\" width=\"560\" height=\"315\" frameborder=\"0\" allowfullscreen=\"allowfullscreen\"><\/iframe><br \/>\nA Anheuser-Busch InBev, <a href=\"https:\/\/www.suno.com.br\/artigos\/bdr\">AB InBev (ABUD34)<\/a>, maior cervejaria do mundo e controladora da <a href=\"https:\/\/www.suno.com.br\/acoes\/abev3\/\"><strong>AmBev<\/strong> (ABEV3)<\/a>, divulgou nesta quinta-feira (28) que obteve lucro l\u00edquido de US$ 250 milh\u00f5es no terceiro trimestre de 2021, representando uma fra\u00e7\u00e3o do ganho de US$ 1,04 bilh\u00e3o apurado em igual per\u00edodo do ano passado.<\/p>\n\t<p>\n\t\t<a href=\"https:\/\/lp.suno.com.br\/planilha-controle-gastos\/\" target=\"_blank\" data-element=\"shortcode-suno-banner\" title=\"Banner SUNO, clique e saiba mais\">\n\t\t\t<picture>\n\t\t\t\t<source media=\"(max-width: 500px)\" srcset=\"https:\/\/files.sunoresearch.com.br\/n\/uploads\/2023\/03\/400x300-Planilha-controle-de-gastos.png\">\n\t\t\t\t<img class=\"newsContent__article__imgCapa newsContent__article__imgCapa--banner\"\n\t\t\t\t\tsrc=\"https:\/\/files.sunoresearch.com.br\/n\/uploads\/2023\/03\/1420x240-Planilha-controle-de-gastos.png\"\n\t\t\t\t\tdata-promo-id=\"101751\"\t\t\t\t\t\t\t\t\t\twidth='1420' height='240'\t\t\t\t\talt=\"https:\/\/files.sunoresearch.com.br\/n\/uploads\/2023\/03\/1420x240-Planilha-controle-de-gastos.png\"\n\t\t\t\t>\n\t\t\t<\/picture>\n\t\t<\/a>\n\t<\/p>\n\n\n\n<p>Por outro lado, a receita da <strong>AB InBev<\/strong> teve expans\u00e3o anual de 7,9%, no trimestre, a US$ 14,27 bilh\u00f5es, e seu Ebitda normalizado avan\u00e7ou 3%, a US$ 5,21 bilh\u00f5es, superando o consenso da <em>FactSet<\/em>, de US$ 4,97 bilh\u00f5es.<\/p>\n<p>A AB InBev,\u00a0no Brasil, tamb\u00e9m ajustou sua previs\u00e3o de alta do Ebitda normalizado neste ano, para uma faixa de 10% a 12%. Anteriormente, a estimativa era de crescimento de 8% a 12%.<\/p>\n\t<div data-element=\"shortcode-read-more\" class=\"knowMore\">\n\t\t\t\t<span class=\"knowMore__title\">Leia mais<\/span>\n\t\t\t\t<a class=\"knowMore__link\" href=\"https:\/\/www.suno.com.br\/noticias\/ambev-abev3-bb-investimentos-eleva-recomendacao\/\">\n\t\t\tCom vacina, Carnaval e festas de volta, BBI recomenda compra da Ambev (ABEV3)\t\t<\/a>\n\t<\/div>\n\n\n<h2>Balan\u00e7o da Ambev<\/h2>\n<p>O\u00a0<a class=\"suno-keyword\" href=\"https:\/\/www.suno.com.br\/artigos\/lucro-liquido\/\" target=\"_blank\" rel=\"noopener\" data-force=\"no\" data-priority=\"1\">lucro l\u00edquido<\/a> da Ambev, companhia brasileira, foi de R$ 3,712 bilh\u00f5es no terceiro trimestre, segundo balan\u00e7o divulgado nesta quinta. O valor \u00e9 57,4% superior ao de igual per\u00edodo do ano passado, a cervejeira lucrou R$ 2,35 bilh\u00f5es.<\/p>\n<p>O\u00a0<strong>resultado da Ambev no 3T21<\/strong>\u00a0avan\u00e7ou gra\u00e7as a estrat\u00e9gia de atratividade do portf\u00f3lio de marcas e dos investimentos no crescimento de longo praco da companhia, afirma a administra\u00e7\u00e3o em relat\u00f3rio.<\/p>\n\t<p>\n\t\t<a href=\"https:\/\/lp.suno.com.br\/planilha-da-vida-financeira\/\" target=\"_blank\" data-element=\"shortcode-suno-banner\" title=\"Banner SUNO, clique e saiba mais\">\n\t\t\t<picture>\n\t\t\t\t<source media=\"(max-width: 500px)\" srcset=\"https:\/\/files.sunoresearch.com.br\/n\/uploads\/2023\/04\/400x300-Planilha-vida-financeira-true.png\">\n\t\t\t\t<img class=\"newsContent__article__imgCapa newsContent__article__imgCapa--banner\"\n\t\t\t\t\tsrc=\"https:\/\/files.sunoresearch.com.br\/n\/uploads\/2023\/04\/1420x240-Planilha-vida-financeira-true.png\"\n\t\t\t\t\tdata-promo-id=\"106682\"\t\t\t\t\t\t\t\t\t\twidth='1420' height='240'\t\t\t\t\talt=\"https:\/\/files.sunoresearch.com.br\/n\/uploads\/2023\/04\/1420x240-Planilha-vida-financeira-true.png\"\n\t\t\t\t>\n\t\t\t<\/picture>\n\t\t<\/a>\n\t<\/p>\n\n\n<p>A\u00a0<strong><a class=\"suno-keyword\" href=\"https:\/\/www.suno.com.br\/artigos\/o-que-receita-liquida\/\" target=\"_blank\" rel=\"noopener\" data-force=\"no\" data-priority=\"1\">receita l\u00edquida<\/a>\u00a0da Ambev\u00a0<\/strong>foi de R$ 18,492 bilh\u00f5es, alta de 20,8% na base anual, impulsionada por maiores volumes consolidados. De acordo com a empresa, foi o maior volume registrado em um terceiro trimestre, com crescimento de 7,7% contra o mesmo per\u00edodo do ano passado.<\/p>\n<p>Al\u00e9m disso, a receita por litro avan\u00e7ou 12,1%, impulsionada por iniciativas de premiumiza\u00e7\u00e3o, inova\u00e7\u00e3o e gest\u00e3o de receitas, afirma a companhia. Por regi\u00f5es, na compara\u00e7\u00e3o com o mesmo per\u00edodo do ano passado, o\u00a0<strong>faturamento<\/strong>\u00a0da Ambev cresceu:<\/p>\n<ul>\n<li>17,1% no Brasil;<\/li>\n<li>20,4% na Am\u00e9rica Central e Caribe;<\/li>\n<li>54,5% na Am\u00e9rica Latina; e<\/li>\n<li>-2,4%% no Canad\u00e1.<\/li>\n<\/ul>\n<p>\u201cA maioria dos pa\u00edses est\u00e1 entregando avan\u00e7o cont\u00ednuo com crescimento de volume acima dos n\u00edveis do terceiro trimestre de 2020 e 2019\u201d, afirma a <strong>Ambev<\/strong> seu em balan\u00e7o.<\/p>\n<p><em>(Com informa\u00e7\u00f5es do Estad\u00e3o Conte\u00fado)<\/em><\/p>\n\t<p>\n\t\t<a href=\"https:\/\/lp.suno.com.br\/ebook-como-analisar-uma-acao\/\" target=\"_blank\" data-element=\"shortcode-suno-banner\" title=\"Banner SUNO, clique e saiba mais\">\n\t\t\t<picture>\n\t\t\t\t<source media=\"(max-width: 500px)\" srcset=\"https:\/\/files.sunoresearch.com.br\/n\/uploads\/2023\/03\/Ebook-Acoes-Mobile-1.jpg\">\n\t\t\t\t<img class=\"newsContent__article__imgCapa newsContent__article__imgCapa--banner\"\n\t\t\t\t\tsrc=\"https:\/\/files.sunoresearch.com.br\/n\/uploads\/2023\/03\/Ebook-Acoes-Desktop-1.jpg\"\n\t\t\t\t\tdata-promo-id=\"171998\"\t\t\t\t\t\t\t\t\t\twidth='1420' height='286'\t\t\t\t\talt=\"https:\/\/files.sunoresearch.com.br\/n\/uploads\/2023\/03\/Ebook-Acoes-Desktop-1.jpg\"\n\t\t\t\t>\n\t\t\t<\/picture>\n\t\t<\/a>\n\t<\/p>\n\n\n","protected":false},"excerpt":{"rendered":"<p>A Anheuser-Busch InBev, AB InBev (ABUD34), maior cervejaria do mundo e controladora da AmBev (ABEV3), divulgou nesta quinta-feira (28) que obteve lucro l\u00edquido de US$ 250 milh\u00f5es no terceiro trimestre de 2021, representando uma fra\u00e7\u00e3o do ganho de US$ 1,04 bilh\u00e3o apurado em igual per\u00edodo do ano passado. Ambev (ABEV3) Foto: Pixabay A Anheuser-Busch InBev, [&hellip;]<\/p>\n","protected":false},"author":73,"featured_media":145255,"comment_status":"closed","ping_status":"closed","sticky":false,"template":"","format":"standard","meta":[],"categories":[64],"tags":[1072,106444,359],"suno_strategy":[],"class_list":["post-198309","post","type-post","status-publish","format-standard","has-post-thumbnail","hentry","category-negocios","tag-ab-inbev-abud34","tag-agencias","tag-ambev-abev3"],"yoast_head":"<!-- This site is optimized with the Yoast SEO plugin v24.4 - https:\/\/yoast.com\/wordpress\/plugins\/seo\/ -->\n<title>AB InBev lucra abaixo das expectativas; Veja como foi o balan\u00e7o da Ambev (ABEV3)<\/title>\n<meta name=\"description\" content=\"A controladora da Ambev no Brasil teve lucro de US$ 250 milh\u00f5es em sua opera\u00e7\u00e3o no terceiro trimestre. Clique aqui e saiba mais.\" \/>\n<meta name=\"robots\" content=\"index, follow, max-snippet:-1, max-image-preview:large, max-video-preview:-1\" \/>\n<link rel=\"canonical\" href=\"https:\/\/www.suno.com.br\/noticias\/controladora-ambev-abev3-lucra-abaixo-expectativas-ab-inbev\/\" \/>\n<meta property=\"og:locale\" content=\"pt_BR\" \/>\n<meta property=\"og:type\" content=\"article\" \/>\n<meta property=\"og:title\" content=\"AB InBev lucra abaixo das expectativas; Veja como foi o balan\u00e7o da Ambev (ABEV3)\" \/>\n<meta property=\"og:description\" content=\"A controladora da Ambev no Brasil teve lucro de US$ 250 milh\u00f5es em sua opera\u00e7\u00e3o no terceiro trimestre. Clique aqui e saiba mais.\" \/>\n<meta property=\"og:url\" content=\"https:\/\/www.suno.com.br\/noticias\/controladora-ambev-abev3-lucra-abaixo-expectativas-ab-inbev\/\" \/>\n<meta property=\"og:site_name\" content=\"Suno Not\u00edcias\" \/>\n<meta property=\"article:publisher\" content=\"https:\/\/facebook.com\/sunoresearch\" \/>\n<meta property=\"og:image\" content=\"https:\/\/files.sunoresearch.com.br\/n\/uploads\/2021\/05\/6c6d1bf7-beer-2288121_1280.jpg\" \/>\n\t<meta property=\"og:image:width\" content=\"1280\" \/>\n\t<meta property=\"og:image:height\" content=\"840\" \/>\n\t<meta property=\"og:image:type\" content=\"image\/jpeg\" \/>\n<meta name=\"author\" content=\"Eduardo Vargas\" \/>\n<meta name=\"twitter:card\" content=\"summary_large_image\" \/>\n<meta name=\"twitter:creator\" content=\"@sunoresearch\" \/>\n<meta name=\"twitter:site\" content=\"@sunoresearch\" \/>\n<meta name=\"twitter:label1\" content=\"Escrito por\" \/>\n\t<meta name=\"twitter:data1\" content=\"Eduardo Vargas\" \/>\n\t<meta name=\"twitter:label2\" content=\"Est. tempo de leitura\" \/>\n\t<meta name=\"twitter:data2\" content=\"2 minutos\" \/>\n<script type=\"application\/ld+json\" class=\"yoast-schema-graph\">{\"@context\":\"https:\/\/schema.org\",\"@graph\":[{\"@type\":\"NewsArticle\",\"@id\":\"https:\/\/www.suno.com.br\/noticias\/controladora-ambev-abev3-lucra-abaixo-expectativas-ab-inbev\/#article\",\"isPartOf\":{\"@id\":\"https:\/\/www.suno.com.br\/noticias\/controladora-ambev-abev3-lucra-abaixo-expectativas-ab-inbev\/\"},\"author\":{\"name\":\"Eduardo Vargas\",\"@id\":\"https:\/\/www.suno.com.br\/noticias\/#\/schema\/person\/7f4d362bf3518e76090143ae77bb49a5\"},\"headline\":\"AB InBev lucra abaixo das expectativas; Veja como foi o balan\u00e7o da Ambev (ABEV3)\",\"datePublished\":\"2021-10-28T13:58:29+00:00\",\"dateModified\":\"2021-10-28T20:18:54+00:00\",\"mainEntityOfPage\":{\"@id\":\"https:\/\/www.suno.com.br\/noticias\/controladora-ambev-abev3-lucra-abaixo-expectativas-ab-inbev\/\"},\"wordCount\":401,\"publisher\":{\"@id\":\"https:\/\/www.suno.com.br\/noticias\/#organization\"},\"image\":{\"@id\":\"https:\/\/www.suno.com.br\/noticias\/controladora-ambev-abev3-lucra-abaixo-expectativas-ab-inbev\/#primaryimage\"},\"thumbnailUrl\":\"https:\/\/files.sunoresearch.com.br\/n\/uploads\/2021\/05\/6c6d1bf7-beer-2288121_1280-jpg.webp\",\"keywords\":[\"Ab Inbev (ABUD34)\",\"Ag\u00eancias\",\"AMBEV (ABEV3)\"],\"articleSection\":[\"Neg\u00f3cios\"],\"inLanguage\":\"pt-BR\"},{\"@type\":\"WebPage\",\"@id\":\"https:\/\/www.suno.com.br\/noticias\/controladora-ambev-abev3-lucra-abaixo-expectativas-ab-inbev\/\",\"url\":\"https:\/\/www.suno.com.br\/noticias\/controladora-ambev-abev3-lucra-abaixo-expectativas-ab-inbev\/\",\"name\":\"AB InBev lucra abaixo das expectativas; Veja como foi o balan\u00e7o da Ambev (ABEV3)\",\"isPartOf\":{\"@id\":\"https:\/\/www.suno.com.br\/noticias\/#website\"},\"primaryImageOfPage\":{\"@id\":\"https:\/\/www.suno.com.br\/noticias\/controladora-ambev-abev3-lucra-abaixo-expectativas-ab-inbev\/#primaryimage\"},\"image\":{\"@id\":\"https:\/\/www.suno.com.br\/noticias\/controladora-ambev-abev3-lucra-abaixo-expectativas-ab-inbev\/#primaryimage\"},\"thumbnailUrl\":\"https:\/\/files.sunoresearch.com.br\/n\/uploads\/2021\/05\/6c6d1bf7-beer-2288121_1280-jpg.webp\",\"datePublished\":\"2021-10-28T13:58:29+00:00\",\"dateModified\":\"2021-10-28T20:18:54+00:00\",\"description\":\"A controladora da Ambev no Brasil teve lucro de US$ 250 milh\u00f5es em sua opera\u00e7\u00e3o no terceiro trimestre. Clique aqui e saiba mais.\",\"breadcrumb\":{\"@id\":\"https:\/\/www.suno.com.br\/noticias\/controladora-ambev-abev3-lucra-abaixo-expectativas-ab-inbev\/#breadcrumb\"},\"inLanguage\":\"pt-BR\",\"potentialAction\":[{\"@type\":\"ReadAction\",\"target\":[\"https:\/\/www.suno.com.br\/noticias\/controladora-ambev-abev3-lucra-abaixo-expectativas-ab-inbev\/\"]}]},{\"@type\":\"ImageObject\",\"inLanguage\":\"pt-BR\",\"@id\":\"https:\/\/www.suno.com.br\/noticias\/controladora-ambev-abev3-lucra-abaixo-expectativas-ab-inbev\/#primaryimage\",\"url\":\"https:\/\/files.sunoresearch.com.br\/n\/uploads\/2021\/05\/6c6d1bf7-beer-2288121_1280-jpg.webp\",\"contentUrl\":\"https:\/\/files.sunoresearch.com.br\/n\/uploads\/2021\/05\/6c6d1bf7-beer-2288121_1280-jpg.webp\",\"width\":1280,\"height\":840,\"caption\":\"Ambev (ABEV3) Foto: Pixabay\"},{\"@type\":\"BreadcrumbList\",\"@id\":\"https:\/\/www.suno.com.br\/noticias\/controladora-ambev-abev3-lucra-abaixo-expectativas-ab-inbev\/#breadcrumb\",\"itemListElement\":[{\"@type\":\"ListItem\",\"position\":1,\"name\":\"Not\u00edcias\",\"item\":\"https:\/\/www.suno.com.br\/noticias\/\"},{\"@type\":\"ListItem\",\"position\":2,\"name\":\"Neg\u00f3cios\",\"item\":\"https:\/\/www.suno.com.br\/noticias\/negocios\/\"},{\"@type\":\"ListItem\",\"position\":3,\"name\":\"AB InBev lucra abaixo das expectativas; Veja como foi o balan\u00e7o da Ambev (ABEV3)\"}]},{\"@type\":\"WebSite\",\"@id\":\"https:\/\/www.suno.com.br\/noticias\/#website\",\"url\":\"https:\/\/www.suno.com.br\/noticias\/\",\"name\":\"Suno Not\u00edcias\",\"description\":\"Seu portal de informa\u00e7\u00e3o sobre o mundo dos investimentos\",\"publisher\":{\"@id\":\"https:\/\/www.suno.com.br\/noticias\/#organization\"},\"potentialAction\":[{\"@type\":\"SearchAction\",\"target\":{\"@type\":\"EntryPoint\",\"urlTemplate\":\"https:\/\/www.suno.com.br\/noticias\/?s={search_term_string}\"},\"query-input\":{\"@type\":\"PropertyValueSpecification\",\"valueRequired\":true,\"valueName\":\"search_term_string\"}}],\"inLanguage\":\"pt-BR\"},{\"@type\":\"Organization\",\"@id\":\"https:\/\/www.suno.com.br\/noticias\/#organization\",\"name\":\"Suno Not\u00edcias\",\"url\":\"https:\/\/www.suno.com.br\/noticias\/\",\"logo\":{\"@type\":\"ImageObject\",\"inLanguage\":\"pt-BR\",\"@id\":\"https:\/\/www.suno.com.br\/noticias\/#\/schema\/logo\/image\/\",\"url\":\"https:\/\/files.sunoresearch.com.br\/n\/uploads\/2021\/09\/suno-logo.png\",\"contentUrl\":\"https:\/\/files.sunoresearch.com.br\/n\/uploads\/2021\/09\/suno-logo.png\",\"width\":180,\"height\":180,\"caption\":\"Suno Not\u00edcias\"},\"image\":{\"@id\":\"https:\/\/www.suno.com.br\/noticias\/#\/schema\/logo\/image\/\"},\"sameAs\":[\"https:\/\/facebook.com\/sunoresearch\",\"https:\/\/x.com\/sunoresearch\",\"https:\/\/www.instagram.com\/suno\",\"https:\/\/www.linkedin.com\/company\/suno-research\/\",\"https:\/\/www.youtube.com\/c\/sunoresearch\"]},{\"@type\":\"Person\",\"@id\":\"https:\/\/www.suno.com.br\/noticias\/#\/schema\/person\/7f4d362bf3518e76090143ae77bb49a5\",\"name\":\"Eduardo Vargas\",\"image\":{\"@type\":\"ImageObject\",\"inLanguage\":\"pt-BR\",\"@id\":\"https:\/\/www.suno.com.br\/noticias\/#\/schema\/person\/image\/\",\"url\":\"https:\/\/secure.gravatar.com\/avatar\/dac340933427a22924c9f99d1eb2e3f2?s=96&r=g\",\"contentUrl\":\"https:\/\/secure.gravatar.com\/avatar\/dac340933427a22924c9f99d1eb2e3f2?s=96&r=g\",\"caption\":\"Eduardo Vargas\"},\"description\":\"Jornalista formado pela UFSC, cobre macroeconomia, neg\u00f3cios e startups para o Suno Not\u00edcias, escrevendo principalmente not\u00edcias sobre o mercado financeiro e a bolsa de valores. No YouTube e no Instagram, \u00e9 respons\u00e1vel pela produ\u00e7\u00e3o de Reels e Shorts do Suno Not\u00edcias. Anteriormente, trabalhou cobrindo economia e cotidiano no ND+ e para o ND, maior jornal impresso de Santa Catarina. Cursou um semestre letivo de Estudos de M\u00eddia na Universidad de Buenos Aires.\",\"url\":\"https:\/\/www.suno.com.br\/noticias\/author\/eduardo-vargas\/\"}]}<\/script>\n<!-- \/ Yoast SEO plugin. -->","yoast_head_json":{"title":"AB InBev lucra abaixo das expectativas; Veja como foi o balan\u00e7o da Ambev (ABEV3)","description":"A controladora da Ambev no Brasil teve lucro de US$ 250 milh\u00f5es em sua opera\u00e7\u00e3o no terceiro trimestre. Clique aqui e saiba mais.","robots":{"index":"index","follow":"follow","max-snippet":"max-snippet:-1","max-image-preview":"max-image-preview:large","max-video-preview":"max-video-preview:-1"},"canonical":"https:\/\/www.suno.com.br\/noticias\/controladora-ambev-abev3-lucra-abaixo-expectativas-ab-inbev\/","og_locale":"pt_BR","og_type":"article","og_title":"AB InBev lucra abaixo das expectativas; Veja como foi o balan\u00e7o da Ambev (ABEV3)","og_description":"A controladora da Ambev no Brasil teve lucro de US$ 250 milh\u00f5es em sua opera\u00e7\u00e3o no terceiro trimestre. Clique aqui e saiba mais.","og_url":"https:\/\/www.suno.com.br\/noticias\/controladora-ambev-abev3-lucra-abaixo-expectativas-ab-inbev\/","og_site_name":"Suno Not\u00edcias","article_publisher":"https:\/\/facebook.com\/sunoresearch","og_image":[{"width":1280,"height":840,"url":"https:\/\/files.sunoresearch.com.br\/n\/uploads\/2021\/05\/6c6d1bf7-beer-2288121_1280.jpg","type":"image\/jpeg"}],"author":"Eduardo Vargas","twitter_card":"summary_large_image","twitter_creator":"@sunoresearch","twitter_site":"@sunoresearch","twitter_misc":{"Escrito por":"Eduardo Vargas","Est. tempo de leitura":"2 minutos"},"schema":{"@context":"https:\/\/schema.org","@graph":[{"@type":"NewsArticle","@id":"https:\/\/www.suno.com.br\/noticias\/controladora-ambev-abev3-lucra-abaixo-expectativas-ab-inbev\/#article","isPartOf":{"@id":"https:\/\/www.suno.com.br\/noticias\/controladora-ambev-abev3-lucra-abaixo-expectativas-ab-inbev\/"},"author":{"name":"Eduardo Vargas","@id":"https:\/\/www.suno.com.br\/noticias\/#\/schema\/person\/7f4d362bf3518e76090143ae77bb49a5"},"headline":"AB InBev lucra abaixo das expectativas; Veja como foi o balan\u00e7o da Ambev (ABEV3)","datePublished":"2021-10-28T13:58:29+00:00","dateModified":"2021-10-28T20:18:54+00:00","mainEntityOfPage":{"@id":"https:\/\/www.suno.com.br\/noticias\/controladora-ambev-abev3-lucra-abaixo-expectativas-ab-inbev\/"},"wordCount":401,"publisher":{"@id":"https:\/\/www.suno.com.br\/noticias\/#organization"},"image":{"@id":"https:\/\/www.suno.com.br\/noticias\/controladora-ambev-abev3-lucra-abaixo-expectativas-ab-inbev\/#primaryimage"},"thumbnailUrl":"https:\/\/files.sunoresearch.com.br\/n\/uploads\/2021\/05\/6c6d1bf7-beer-2288121_1280-jpg.webp","keywords":["Ab Inbev (ABUD34)","Ag\u00eancias","AMBEV (ABEV3)"],"articleSection":["Neg\u00f3cios"],"inLanguage":"pt-BR"},{"@type":"WebPage","@id":"https:\/\/www.suno.com.br\/noticias\/controladora-ambev-abev3-lucra-abaixo-expectativas-ab-inbev\/","url":"https:\/\/www.suno.com.br\/noticias\/controladora-ambev-abev3-lucra-abaixo-expectativas-ab-inbev\/","name":"AB InBev lucra abaixo das expectativas; Veja como foi o balan\u00e7o da Ambev (ABEV3)","isPartOf":{"@id":"https:\/\/www.suno.com.br\/noticias\/#website"},"primaryImageOfPage":{"@id":"https:\/\/www.suno.com.br\/noticias\/controladora-ambev-abev3-lucra-abaixo-expectativas-ab-inbev\/#primaryimage"},"image":{"@id":"https:\/\/www.suno.com.br\/noticias\/controladora-ambev-abev3-lucra-abaixo-expectativas-ab-inbev\/#primaryimage"},"thumbnailUrl":"https:\/\/files.sunoresearch.com.br\/n\/uploads\/2021\/05\/6c6d1bf7-beer-2288121_1280-jpg.webp","datePublished":"2021-10-28T13:58:29+00:00","dateModified":"2021-10-28T20:18:54+00:00","description":"A controladora da Ambev no Brasil teve lucro de US$ 250 milh\u00f5es em sua opera\u00e7\u00e3o no terceiro trimestre. Clique aqui e saiba mais.","breadcrumb":{"@id":"https:\/\/www.suno.com.br\/noticias\/controladora-ambev-abev3-lucra-abaixo-expectativas-ab-inbev\/#breadcrumb"},"inLanguage":"pt-BR","potentialAction":[{"@type":"ReadAction","target":["https:\/\/www.suno.com.br\/noticias\/controladora-ambev-abev3-lucra-abaixo-expectativas-ab-inbev\/"]}]},{"@type":"ImageObject","inLanguage":"pt-BR","@id":"https:\/\/www.suno.com.br\/noticias\/controladora-ambev-abev3-lucra-abaixo-expectativas-ab-inbev\/#primaryimage","url":"https:\/\/files.sunoresearch.com.br\/n\/uploads\/2021\/05\/6c6d1bf7-beer-2288121_1280-jpg.webp","contentUrl":"https:\/\/files.sunoresearch.com.br\/n\/uploads\/2021\/05\/6c6d1bf7-beer-2288121_1280-jpg.webp","width":1280,"height":840,"caption":"Ambev (ABEV3) Foto: Pixabay"},{"@type":"BreadcrumbList","@id":"https:\/\/www.suno.com.br\/noticias\/controladora-ambev-abev3-lucra-abaixo-expectativas-ab-inbev\/#breadcrumb","itemListElement":[{"@type":"ListItem","position":1,"name":"Not\u00edcias","item":"https:\/\/www.suno.com.br\/noticias\/"},{"@type":"ListItem","position":2,"name":"Neg\u00f3cios","item":"https:\/\/www.suno.com.br\/noticias\/negocios\/"},{"@type":"ListItem","position":3,"name":"AB InBev lucra abaixo das expectativas; Veja como foi o balan\u00e7o da Ambev (ABEV3)"}]},{"@type":"WebSite","@id":"https:\/\/www.suno.com.br\/noticias\/#website","url":"https:\/\/www.suno.com.br\/noticias\/","name":"Suno Not\u00edcias","description":"Seu portal de informa\u00e7\u00e3o sobre o mundo dos investimentos","publisher":{"@id":"https:\/\/www.suno.com.br\/noticias\/#organization"},"potentialAction":[{"@type":"SearchAction","target":{"@type":"EntryPoint","urlTemplate":"https:\/\/www.suno.com.br\/noticias\/?s={search_term_string}"},"query-input":{"@type":"PropertyValueSpecification","valueRequired":true,"valueName":"search_term_string"}}],"inLanguage":"pt-BR"},{"@type":"Organization","@id":"https:\/\/www.suno.com.br\/noticias\/#organization","name":"Suno Not\u00edcias","url":"https:\/\/www.suno.com.br\/noticias\/","logo":{"@type":"ImageObject","inLanguage":"pt-BR","@id":"https:\/\/www.suno.com.br\/noticias\/#\/schema\/logo\/image\/","url":"https:\/\/files.sunoresearch.com.br\/n\/uploads\/2021\/09\/suno-logo.png","contentUrl":"https:\/\/files.sunoresearch.com.br\/n\/uploads\/2021\/09\/suno-logo.png","width":180,"height":180,"caption":"Suno Not\u00edcias"},"image":{"@id":"https:\/\/www.suno.com.br\/noticias\/#\/schema\/logo\/image\/"},"sameAs":["https:\/\/facebook.com\/sunoresearch","https:\/\/x.com\/sunoresearch","https:\/\/www.instagram.com\/suno","https:\/\/www.linkedin.com\/company\/suno-research\/","https:\/\/www.youtube.com\/c\/sunoresearch"]},{"@type":"Person","@id":"https:\/\/www.suno.com.br\/noticias\/#\/schema\/person\/7f4d362bf3518e76090143ae77bb49a5","name":"Eduardo Vargas","image":{"@type":"ImageObject","inLanguage":"pt-BR","@id":"https:\/\/www.suno.com.br\/noticias\/#\/schema\/person\/image\/","url":"https:\/\/secure.gravatar.com\/avatar\/dac340933427a22924c9f99d1eb2e3f2?s=96&r=g","contentUrl":"https:\/\/secure.gravatar.com\/avatar\/dac340933427a22924c9f99d1eb2e3f2?s=96&r=g","caption":"Eduardo Vargas"},"description":"Jornalista formado pela UFSC, cobre macroeconomia, neg\u00f3cios e startups para o Suno Not\u00edcias, escrevendo principalmente not\u00edcias sobre o mercado financeiro e a bolsa de valores. No YouTube e no Instagram, \u00e9 respons\u00e1vel pela produ\u00e7\u00e3o de Reels e Shorts do Suno Not\u00edcias. Anteriormente, trabalhou cobrindo economia e cotidiano no ND+ e para o ND, maior jornal impresso de Santa Catarina. Cursou um semestre letivo de Estudos de M\u00eddia na Universidad de Buenos Aires.","url":"https:\/\/www.suno.com.br\/noticias\/author\/eduardo-vargas\/"}]}},"default_loop_html":"<div class=\"cardsPage__listCard__boxs\"><div class=\"cardsPage__listCard__boxs__img\"><a href=\"https:\/\/www.suno.com.br\/noticias\/controladora-ambev-abev3-lucra-abaixo-expectativas-ab-inbev\/\"><img class=\"mask\" src=\"https:\/\/www.suno.com.br\/noticias\/wp-content\/themes\/suno\/resources\/images\/spotlight\/spotlight1img\/bg-mask.png\" alt=\"Image Mask\"\/><img src=\"https:\/\/files.sunoresearch.com.br\/n\/uploads\/2021\/05\/6c6d1bf7-beer-2288121_1280-400x200.webp\" alt=\"AB InBev lucra abaixo das expectativas; Veja como foi o balan\u00e7o da Ambev (ABEV3)\"\/><\/a><span class=\"spotlightCategory\"><a href=\"https:\/\/www.suno.com.br\/noticias\/negocios\/\">Neg\u00f3cios<\/a><\/span><\/div><div class=\"cardsPage__listCard__boxs__content\"><a href=\"https:\/\/www.suno.com.br\/noticias\/controladora-ambev-abev3-lucra-abaixo-expectativas-ab-inbev\/\"><h2 class=\"content__title\">AB InBev lucra abaixo das expectativas; Veja como foi o balan\u00e7o da Ambev (ABEV3)<\/h2><\/a><div class=\"newsContent__article__meta\"><div class=\"newsContent__article__meta__authorBox\"><a href=\"https:\/\/www.suno.com.br\/noticias\/author\/eduardo-vargas\/\" class=\"authorBox__avatar noMobi\"><img src=\"https:\/\/secure.gravatar.com\/avatar\/dac340933427a22924c9f99d1eb2e3f2?s=96&#038;r=g\" alt=\"Eduardo Vargas\"><\/a><div class=\"authorBox__name\"><span>por\n\t\t\t<a href=\"https:\/\/www.suno.com.br\/noticias\/author\/eduardo-vargas\/\"><span itemprop=\"author\">Eduardo Vargas<\/span><\/a><\/span><time datetime=\"2021-10-28T10:58:29-03:00\" itemprop=\"datePublished\">28\/10\/2021 10:58<\/time><\/div><\/div><\/div><\/div><\/div>","single_layout":"posts","amp_enabled":true,"_links":{"self":[{"href":"https:\/\/www.suno.com.br\/noticias\/wp-json\/wp\/v2\/posts\/198309"}],"collection":[{"href":"https:\/\/www.suno.com.br\/noticias\/wp-json\/wp\/v2\/posts"}],"about":[{"href":"https:\/\/www.suno.com.br\/noticias\/wp-json\/wp\/v2\/types\/post"}],"author":[{"embeddable":true,"href":"https:\/\/www.suno.com.br\/noticias\/wp-json\/wp\/v2\/users\/73"}],"replies":[{"embeddable":true,"href":"https:\/\/www.suno.com.br\/noticias\/wp-json\/wp\/v2\/comments?post=198309"}],"version-history":[{"count":5,"href":"https:\/\/www.suno.com.br\/noticias\/wp-json\/wp\/v2\/posts\/198309\/revisions"}],"predecessor-version":[{"id":198626,"href":"https:\/\/www.suno.com.br\/noticias\/wp-json\/wp\/v2\/posts\/198309\/revisions\/198626"}],"wp:featuredmedia":[{"embeddable":true,"href":"https:\/\/www.suno.com.br\/noticias\/wp-json\/wp\/v2\/media\/145255"}],"wp:attachment":[{"href":"https:\/\/www.suno.com.br\/noticias\/wp-json\/wp\/v2\/media?parent=198309"}],"wp:term":[{"taxonomy":"category","embeddable":true,"href":"https:\/\/www.suno.com.br\/noticias\/wp-json\/wp\/v2\/categories?post=198309"},{"taxonomy":"post_tag","embeddable":true,"href":"https:\/\/www.suno.com.br\/noticias\/wp-json\/wp\/v2\/tags?post=198309"},{"taxonomy":"suno_strategy","embeddable":true,"href":"https:\/\/www.suno.com.br\/noticias\/wp-json\/wp\/v2\/suno_strategy?post=198309"}],"curies":[{"name":"wp","href":"https:\/\/api.w.org\/{rel}","templated":true}]}}