{"id":198225,"date":"2021-10-27T21:54:14","date_gmt":"2021-10-28T00:54:14","guid":{"rendered":"https:\/\/www.suno.com.br\/noticias\/?p=198225"},"modified":"2021-10-27T21:54:14","modified_gmt":"2021-10-28T00:54:14","slug":"radar-telefonica-vivt3-anima-anim3-odontoprev-odpv3-brasilagro-agro3","status":"publish","type":"post","link":"https:\/\/www.suno.com.br\/noticias\/radar-telefonica-vivt3-anima-anim3-odontoprev-odpv3-brasilagro-agro3\/","title":{"rendered":"Radar: Telef\u00f4nica (VIVT3) e \u00c2nima (ANIM3) formar\u00e3o joint venture, lucro da Odontoprev (ODPV3) cresce, BrasilAgro (AGRO3) pagar\u00e1 dividendos"},"content":{"rendered":"<p>A <a href=\"https:\/\/www.suno.com.br\/acoes\/vivt4\/\"><strong>Telef\u00f4nica<\/strong> Brasil (VIVT3)<\/a> assinou um memorando de entendimento n\u00e3o-vinculante com a \u00c2nima Educa\u00e7\u00e3o (ANIM3) para formar uma joint venture na \u00e1rea de educa\u00e7\u00e3o.<\/p>\t<div class=\"wrapper-featured-image\">\n\t\t<figure class=\"spotlightImg\">\n\n\t\t\t<picture>\n\t\t\t\t<source media=\"(max-width: 768px)\" srcset=\"https:\/\/files.sunoresearch.com.br\/n\/uploads\/2021\/03\/661ac8bc-telefonica-400x200.webp\">\n\t\t\t\t<img loading=\"lazy\" decoding=\"async\" class=\"newsContent__article__imgCapa lazyloadDisabled \" src=\"https:\/\/files.sunoresearch.com.br\/n\/uploads\/2021\/03\/661ac8bc-telefonica-800x450.webp\" width=\"800\" height=\"450\" alt=\"Radar: Telef\u00f4nica (VIVT3) e \u00c2nima (ANIM3) formar\u00e3o joint venture, lucro da Odontoprev (ODPV3) cresce, BrasilAgro (AGRO3) pagar\u00e1 dividendos\" fetchpriority=high \/>\n\t\t\t<\/picture>\n\n\t\t\t<figcaption class=\"wp-caption-text wp-caption-text--show\">Telefonica. Foto: Reprodu\u00e7\u00e3o Facebook<\/figcaption>\n\t\t<\/figure>\n\t<\/div>\n\n\n\t<p>\n\t\t<a href=\"https:\/\/lp.suno.com.br\/planilha-controle-gastos\/\" target=\"_blank\" data-element=\"shortcode-suno-banner\" title=\"Banner SUNO, clique e saiba mais\">\n\t\t\t<picture>\n\t\t\t\t<source media=\"(max-width: 500px)\" srcset=\"https:\/\/files.sunoresearch.com.br\/n\/uploads\/2023\/03\/400x300-Planilha-controle-de-gastos.png\">\n\t\t\t\t<img class=\"newsContent__article__imgCapa newsContent__article__imgCapa--banner\"\n\t\t\t\t\tsrc=\"https:\/\/files.sunoresearch.com.br\/n\/uploads\/2023\/03\/1420x240-Planilha-controle-de-gastos.png\"\n\t\t\t\t\tdata-promo-id=\"101751\"\t\t\t\t\t\t\t\t\t\twidth='1420' height='240'\t\t\t\t\talt=\"https:\/\/files.sunoresearch.com.br\/n\/uploads\/2023\/03\/1420x240-Planilha-controle-de-gastos.png\"\n\t\t\t\t>\n\t\t\t<\/picture>\n\t\t<\/a>\n\t<\/p>\n\n\n<p>Tanto a Telef\u00f4nica como a \u00c2nima ter\u00e3o participa\u00e7\u00e3o de 50% na joint venture que tem a finalidade de operacionalizar uma plataforma digital de educa\u00e7\u00e3o com cursos livres de capacita\u00e7\u00e3o, com foco em educa\u00e7\u00e3o continuada e empregabilidade em \u00e1reas de tecnologia, gest\u00e3o, neg\u00f3cios e turismo.<\/p>\n<p>As atividades tem previs\u00e3o de in\u00edcio em 2022, com uma equipe pr\u00f3pria e independente. &#8220;Esta iniciativa refor\u00e7a o posicionamento da Telef\u00f4nica Brasil como um hub de servi\u00e7os digitais, atendendo a todas as necessidades de tecnologia de seus clientes e visando promover servi\u00e7os de educa\u00e7\u00e3o acess\u00edveis e de qualidade&#8221;, diz o comunicado.<\/p>\n\t<p>\n\t\t<a href=\"https:\/\/lp.suno.com.br\/planilha-da-vida-financeira\/\" target=\"_blank\" data-element=\"shortcode-suno-banner\" title=\"Banner SUNO, clique e saiba mais\">\n\t\t\t<picture>\n\t\t\t\t<source media=\"(max-width: 500px)\" srcset=\"https:\/\/files.sunoresearch.com.br\/n\/uploads\/2023\/04\/400x300-Planilha-vida-financeira-true.png\">\n\t\t\t\t<img class=\"newsContent__article__imgCapa newsContent__article__imgCapa--banner\"\n\t\t\t\t\tsrc=\"https:\/\/files.sunoresearch.com.br\/n\/uploads\/2023\/04\/1420x240-Planilha-vida-financeira-true.png\"\n\t\t\t\t\tdata-promo-id=\"106682\"\t\t\t\t\t\t\t\t\t\twidth='1420' height='240'\t\t\t\t\talt=\"https:\/\/files.sunoresearch.com.br\/n\/uploads\/2023\/04\/1420x240-Planilha-vida-financeira-true.png\"\n\t\t\t\t>\n\t\t\t<\/picture>\n\t\t<\/a>\n\t<\/p>\n\n\n<p>Segundo a Telef\u00f4nica, ao associar o know-how da<strong> \u00c2nima Educa\u00e7\u00e3o<\/strong> em fornecer cursos na modalidade digital \u00e0 sua capacidade de distribui\u00e7\u00e3o em escala, a nova empresa ofertar\u00e1 aos clientes trilhas personalizadas, com conte\u00fado atual e com demanda no <a class=\"suno-keyword\" href=\"https:\/\/www.suno.com.br\/artigos\/mercado-de-trabalho\/\" target=\"_blank\" rel=\"noopener\" data-force=\"no\" data-priority=\"2\">mercado de trabalho<\/a>.<\/p>\n<p>Al\u00e9m da Telef\u00f4nica, veja outras empresas que ficaram no radar nessa quarta-feira:<\/p>\n<h2>BrasilAgro (AGRO3) pagar\u00e1 R$ 260 milh\u00f5es em dividendos<\/h2>\n<ul>\n<li>A <a href=\"https:\/\/www.suno.com.br\/acoes\/agro3\/\"><strong>BrasilAgro<\/strong> (AGRO3)<\/a> aprovou o pagamento de R$ 260 milh\u00f5es em <a class=\"suno-keyword\" href=\"https:\/\/www.suno.com.br\/guias\/dividendos\/\" target=\"_blank\" rel=\"noopener\" data-force=\"no\" data-priority=\"1\">dividendos<\/a>.<\/li>\n<li>O montante equivale a pouco mais de R$ 2,62118 por a\u00e7\u00e3o da companhia.<\/li>\n<li>Os dividendos da BrasilAgro ser\u00e3o pagos aos acionistas a partir do dia 10 de novembro.<\/li>\n<li>Apenas os investidores com a\u00e7\u00f5es da companhia ao final do preg\u00e3o de hoje ter\u00e3o direito de receber a remunera\u00e7\u00e3o.<\/li>\n<li>A partir de amanh\u00e3 (28), os pap\u00e9is ser\u00e3o negociados &#8220;ex-dividendos&#8221;.<\/li>\n<\/ul>\n<h2>Lucro da Multiplan (MULT3) cai 82,5%, para R$ 99,4 mi; venda de im\u00f3veis tem queda<\/h2>\n<ul>\n<li>O lucro l\u00edquido da\u00a0 rede de shopping centers <strong>Multiplan (MULT3)<\/strong> somou R$ 99,404 milh\u00f5es no terceiro trimestre desse ano, o que equivale a uma queda de 82,5% em compara\u00e7\u00e3o com o ganho de R$ 568.762 milh\u00f5es apurado no mesmo per\u00edodo em 2020.<\/li>\n<li>J\u00e1 a<strong><a href=\"https:\/\/www.suno.com.br\/artigos\/o-que-receita-liquida\/\">\u00a0receita l\u00edquida<\/a> da <a class=\"suno-keyword\" href=\"https:\/\/www.suno.com.br\/acoes\/MULT3\/\" target=\"_blank\" rel=\"noopener\" data-force=\"yes\" data-priority=\"2\">Multiplan <\/a><\/strong>atingiu R$ 322.260 milh\u00f5es ao final de junho. O montante representa queda de 68,5% comparado \u00e0 receita reportada no mesmo trimestre do ano passado.<\/li>\n<li>A receita l\u00edquida teve n\u00fameros inferiores aos do ano passado, e foram mais influenciados pela venda de im\u00f3veis, que neste trimestre representaram apenas R$ 2.122 milh\u00f5es, enquanto no terceiro trimestre do ano passado atingiu R$ 814.129 milh\u00f5es. Outros par\u00e2metros que comp\u00f5em a receita, no entanto, tiveram ganhos.<\/li>\n<li>A <strong>receita de loca\u00e7\u00e3o<\/strong> representou R$ 301.973 milh\u00f5es esse ano, comparada ao R$ 150.167 do ano passado, tendo assim dobrado o valor, com alta de 101,1%. a receita de estacionamento, por sua vez, atingiu R$ 46.116 milh\u00f5es, ante os R$ 22.300 milh\u00f5es do ano passado, alta de 106,8%.<\/li>\n<li>O<strong> Ebitda da Multiplan<\/strong> (lucro antes de juros, impostos, <a class=\"suno-keyword\" href=\"https:\/\/www.suno.com.br\/artigos\/depreciacao-amortizacao\/\" target=\"_blank\" rel=\"noopener\" data-force=\"no\" data-priority=\"1\">deprecia\u00e7\u00e3o e amortiza\u00e7\u00e3o<\/a>), por sua vez, foi de R$ 216.068 milh\u00f5es, queda de 69,3% comparado aos R$ 703.848 milh\u00f5es do ano passado.<\/li>\n<\/ul>\n\t<p>\n\t\t<a href=\"https:\/\/lp.suno.com.br\/ebook-como-analisar-uma-acao\/\" target=\"_blank\" data-element=\"shortcode-suno-banner\" title=\"Banner SUNO, clique e saiba mais\">\n\t\t\t<picture>\n\t\t\t\t<source media=\"(max-width: 500px)\" srcset=\"https:\/\/files.sunoresearch.com.br\/n\/uploads\/2023\/03\/Ebook-Acoes-Mobile-1.jpg\">\n\t\t\t\t<img class=\"newsContent__article__imgCapa newsContent__article__imgCapa--banner\"\n\t\t\t\t\tsrc=\"https:\/\/files.sunoresearch.com.br\/n\/uploads\/2023\/03\/Ebook-Acoes-Desktop-1.jpg\"\n\t\t\t\t\tdata-promo-id=\"171998\"\t\t\t\t\t\t\t\t\t\twidth='1420' height='286'\t\t\t\t\talt=\"https:\/\/files.sunoresearch.com.br\/n\/uploads\/2023\/03\/Ebook-Acoes-Desktop-1.jpg\"\n\t\t\t\t>\n\t\t\t<\/picture>\n\t\t<\/a>\n\t<\/p>\n\n\n<h2>Telef\u00f4nica Brasil (VIVT3) lucra R$ 1,31 no 3\u00ba trimestre, alta de 8,5%<\/h2>\n<ul>\n<li>A Telef\u00f4nica Brasil (VIVT3), dona da Vivo, registrou lucro l\u00edquido de R$ 1,315 bilh\u00e3o no terceiro trimestre de 2021, um aumento de 8,5% em compara\u00e7\u00e3o com igual per\u00edodo de 2020.<\/li>\n<li>De acordo com a operadora, o resultado foi impactado positivamente pelo crescimento da receita e pelo controle dos custos da opera\u00e7\u00e3o.<\/li>\n<li>A<strong> receita l\u00edquida da Telef\u00f4nica Brasil<\/strong> cresceu 2,2% na base anual, a R$ 11,033 bilh\u00f5es, devido \u00e0 expans\u00e3o da receita de servi\u00e7o m\u00f3vel e \u00e0 volta do crescimento na receita fixa, impulsionado por fibra \u00f3tica residencial (FTTH, na sigla em ingl\u00eas) e Dados Corporativos e TIC.<\/li>\n<li>O Ebitda ajustado (lucro antes de juros, impostos, deprecia\u00e7\u00e3o e amortiza\u00e7\u00e3o) foi de R$ 4,414 bilh\u00f5es no terceiro trimestre, um incremento de 2,1% quando comparado ao ano anterior, com margem Ebitda de 40,%. O desempenho refletiu a expans\u00e3o anual das receitas m\u00f3veis de 3,2% e o controle dos custos da opera\u00e7\u00e3o.<\/li>\n<li>A base de clientes da Telef\u00f4nica Brasil totalizou 97,4 milh\u00f5es de acessos. A base de clientes m\u00f3veis atingiu 82,3 milh\u00f5es de acessos, uma adi\u00e7\u00e3o de 5,5 milh\u00f5es em rela\u00e7\u00e3o a 2020, maior volume desde 2015.<\/li>\n<\/ul>\n<h2>Mudan\u00e7as no comando do IRB (IRBR3): diretora vice-presidente executiva de resseguros deixa o cargo<\/h2>\n<ul>\n<li>A Diretora Vice-Presidente Executiva de Resseguros do <a href=\"https:\/\/www.suno.com.br\/acoes\/irbr3\/\"><strong>IRB Brasil<\/strong> (IRBR3)<\/a>, Isabel Bl\u00e1zquez Solano, deixou o cargo nesta ter\u00e7a-feira (26).<\/li>\n<li>Em fato relevante enviado \u00e0 Comiss\u00e3o de Valores Mobili\u00e1rios (<strong>CVM<\/strong>), o IRB explica que agora o cargo ser\u00e1 ocupado interinamente pelo Diretor Presidente, Raphael Afonso Godinho de Carvalho, que acumular\u00e1 as fun\u00e7\u00f5es.<\/li>\n<li>Tamb\u00e9m nesta quarta-feira (27), o ressegurador comunicou o fim do mandato de Adriana Queiroz de Carvalho, como integrante do Comit\u00ea de Auditoria Estatu\u00e1rio da companhia. O mandato acabou em 19 de outubro deste ano, quando alcan\u00e7ou o prazo m\u00e1ximo de cinco anos permitido pela Superintend\u00eancia de Seguros Privados (SUSEP).<\/li>\n<\/ul>\n\t<p>\n\t\t<a href=\"https:\/\/lp.suno.com.br\/planilha-de-controle-de-investimentos\/\" target=\"_blank\" data-element=\"shortcode-suno-banner\" title=\"Banner SUNO, clique e saiba mais\">\n\t\t\t<picture>\n\t\t\t\t<source media=\"(max-width: 500px)\" srcset=\"https:\/\/files.sunoresearch.com.br\/n\/uploads\/2023\/03\/400x300-Controle-de-Investimentos.png\">\n\t\t\t\t<img class=\"newsContent__article__imgCapa newsContent__article__imgCapa--banner\"\n\t\t\t\t\tsrc=\"https:\/\/files.sunoresearch.com.br\/n\/uploads\/2023\/03\/1420x240-Controle-de-Investimentos.png\"\n\t\t\t\t\tdata-promo-id=\"75934\"\t\t\t\t\t\t\t\t\t\twidth='1420' height='240'\t\t\t\t\talt=\"https:\/\/files.sunoresearch.com.br\/n\/uploads\/2023\/03\/1420x240-Controle-de-Investimentos.png\"\n\t\t\t\t>\n\t\t\t<\/picture>\n\t\t<\/a>\n\t<\/p>\n\n\n<h2>Kepler Weber (KEPL3) tem lucro 79,2% maior no 3T21, com conjuntura favor\u00e1vel ao agroneg\u00f3cio<\/h2>\n<ul>\n<li>O lucro l\u00edquido da <a class=\"suno-keyword\" href=\"https:\/\/www.suno.com.br\/acoes\/KEPL3\/\" target=\"_blank\" rel=\"noopener\" data-force=\"yes\" data-priority=\"2\">Kepler Weber (KEPL3)<\/a> aumentou 79,2% no terceiro trimestre de 2021 e atingiu R$ 41,1 milh\u00f5es, empurrado pela conjuntura favor\u00e1vel para o setor do agroneg\u00f3cio.<\/li>\n<li>O <strong>resultado do Kepler Weber no terceiro trimestre de 2021<\/strong> foi impulsionado pela receita operacional l\u00edquida, que bateu recorde no per\u00edodo, com um crescimento anual de 63,9%, para R$ 330,5 milh\u00f5es.<\/li>\n<li>A receita l\u00edquida de armazenagem atingiu R$ 245,9 milh\u00f5es, aumento de 100,9% em rela\u00e7\u00e3o ao mesmo per\u00edodo de 2020, reflexo do aumento das entregas de projetos, da taxa de sucesso nas negocia\u00e7\u00f5es e da retomada do investimento de grandes cooperativas.<\/li>\n<li>As exporta\u00e7\u00f5es alcan\u00e7aram R$35,7 milh\u00f5es, uma redu\u00e7\u00e3o de 33,6% em rela\u00e7\u00e3o ao ano passado, quando um projeto portu\u00e1rio impulsionou pontualmente os n\u00fameros.<\/li>\n<li>O <a href=\"https:\/\/www.suno.com.br\/artigos\/ebitda\/\">Ebitda (lucro antes de juros, impostos, deprecia\u00e7\u00e3o e amortiza\u00e7\u00e3o)<\/a> no per\u00edodo foi de R$ 59,9 milh\u00f5es, 60,2% ao <strong>resultado da Kepler Weber <\/strong>na compara\u00e7\u00e3o anual.<\/li>\n<\/ul>\n<h2>Odontoprev (ODPV3) v\u00ea lucro crescer 13,9% no 3T21, para R$ 97,803 mi<\/h2>\n<ul>\n<li>O <a class=\"suno-keyword\" href=\"https:\/\/www.suno.com.br\/artigos\/lucro-liquido\/\" target=\"_blank\" rel=\"noopener\" data-force=\"no\" data-priority=\"1\">lucro l\u00edquido<\/a> da <a href=\"https:\/\/www.suno.com.br\/acoes\/odpv3\/\"><strong>Odontoprev<\/strong> (ODPV3)<\/a> no terceiro trimestre desse ano somou R$ 97,803 milh\u00f5es, uma alta de 13,9% ante os R$ 85,866 milh\u00f5es registrados no mesmo trimestre em 2020.<\/li>\n<li>O<strong> balan\u00e7o da Odontoprev no terceiro trimestre\u00a0<\/strong>desse ano mostra que o Ebitda (lucro antes de juros, impostos, <a class=\"suno-keyword\" href=\"https:\/\/www.suno.com.br\/artigos\/depreciacao-amortizacao\/\" target=\"_blank\" rel=\"noopener\" data-force=\"no\" data-priority=\"1\">deprecia\u00e7\u00e3o e amortiza\u00e7\u00e3o<\/a>) apresentou crescimento de 6,9% em rela\u00e7\u00e3o ao mesmo intervalo meses do ano passado, totalizando R$ 136,532 milh\u00f5es. No crit\u00e9rio ajustado, o indicador somou R$ 144,711 milh\u00f5es, avan\u00e7o de 8,9%<\/li>\n<li>J\u00e1 a <a class=\"suno-keyword\" href=\"https:\/\/www.suno.com.br\/artigos\/receita-liquida-operacional\/\" target=\"_blank\" rel=\"noopener\" data-force=\"no\" data-priority=\"1\">receita operacional l\u00edquida<\/a> (<strong>ROL<\/strong>) cresceu 8,5%, chegando a R$ 467,067 milh\u00f5es no \u00faltimo trimestre. O t\u00edquete m\u00e9dio da seguradora fechou o trimestre em R$ 20,51, leve recuo de 0,3% ante o mesmo per\u00edodo do ano passado.<\/li>\n<li>A operadora registrou <a class=\"suno-keyword\" href=\"https:\/\/www.suno.com.br\/artigos\/geracao-de-caixa\/\" target=\"_blank\" rel=\"noopener\" data-force=\"no\" data-priority=\"1\">gera\u00e7\u00e3o de caixa<\/a> nas opera\u00e7\u00f5es de R$ 193,082 milh\u00f5es, aumento de 20,5% na compara\u00e7\u00e3o anual. Por outro lado, a companhia queimou R$ 144,610 milh\u00f5es no conjunto de caixa, equivalentes e <a class=\"suno-keyword\" href=\"https:\/\/www.suno.com.br\/artigos\/aplicacoes-financeiras\/\" target=\"_blank\" rel=\"noopener\" data-force=\"no\" data-priority=\"1\">aplica\u00e7\u00f5es financeiras<\/a>.<\/li>\n<\/ul>\n<h2>Oi (OIBR3): Cade pede mais 3 meses para analisar a venda dos ativos m\u00f3veis ao cons\u00f3rcio<\/h2>\n<ul>\n<li>A Superintend\u00eancia-geral do <a class=\"suno-keyword\" href=\"https:\/\/www.suno.com.br\/artigos\/cade\/\" target=\"_blank\" rel=\"noopener\" data-force=\"no\" data-priority=\"2\">Conselho Administrativo de Defesa Econ\u00f4mica (Cade)<\/a> solicitou prazo maior de 90 dias para analisar a compra dos ativos m\u00f3veis da <a class=\"suno-keyword\" href=\"https:\/\/www.suno.com.br\/acoes\/OIBR3\/\" target=\"_blank\" rel=\"noopener\" data-force=\"yes\" data-priority=\"2\"><strong>Oi<\/strong> (OIBR3)<\/a> pelo cons\u00f3rcio <a class=\"suno-keyword\" href=\"https:\/\/www.suno.com.br\/acoes\/TIMS3\/\" target=\"_blank\" rel=\"noopener\" data-force=\"yes\" data-priority=\"2\">TIM (TIMS3)<\/a>, <a class=\"suno-keyword\" href=\"https:\/\/www.suno.com.br\/acoes\/VIVT3\/\" target=\"_blank\" rel=\"noopener\" data-force=\"yes\" data-priority=\"2\">Vivo (VIVT3)<\/a> e Claro, por R$ 16,5 bilh\u00f5es.<\/li>\n<li>O pedido precisa ainda ser aprovado pelo conselho, mas caso seja, a resolu\u00e7\u00e3o da venda da Oi acontecer\u00e1 em 2022.<\/li>\n<li>O pedido de prorroga\u00e7\u00e3o por mais tr\u00eas meses \u00e9 feito normalmente na etapa de an\u00e1lise do tribunal, portanto, a solicita\u00e7\u00e3o de prorroga\u00e7\u00e3o ainda na superintend\u00eancia \u00e9 raro.<\/li>\n<li>De acordo com o <em>jornal O Estado de S.Paul<\/em>o, a autarquia entende que a extens\u00e3o do prazo \u00e9 necess\u00e1ria pois est\u00e1 negociando com empresas de<strong> telecomunica\u00e7\u00f5es<\/strong> um acordo para mitigar os<strong> riscos de concorr\u00eancia<\/strong> que a compra dos ativos da Oi oferece ao mercado.<\/li>\n<li>\u00c9 v\u00e1lido lembrar que foram aceitos pelo Cade como terceiros interessados no processo a<strong> Algar Telecom,<\/strong> a Associa\u00e7\u00e3o Brasileira das Prestadoras de Servi\u00e7os de Telecomunica\u00e7\u00f5es Competitivas (<strong>TelComp<\/strong>), a<strong> Associa\u00e7\u00e3o Neo<\/strong>, o Instituto Brasileiro de Defesa do Consumidor (<strong>Idec<\/strong>) e a <strong>Sercomtel<\/strong>.<\/li>\n<li>Com essa medida, o neg\u00f3cio entre as operadoras passar\u00e1 de 18 de novembro deste ano para fevereiro de 2022.<\/li>\n<\/ul>\n<p>Da <strong>Telef\u00f4nica<\/strong> \u00e0 Oi, essas foram as empresas que se destacaram hoje. Para ler todas as mat\u00e9rias <a href=\"https:\/\/www.suno.com.br\/noticias\/\">clique aqui<\/a>.<\/p>\n\t<p>\n\t\t<a href=\"\" target=\"_blank\" data-element=\"shortcode-suno-banner\" title=\"Banner SUNO, clique e saiba mais\">\n\t\t\t<picture>\n\t\t\t\t<source media=\"(max-width: 500px)\" srcset=\"\">\n\t\t\t\t<img class=\"newsContent__article__imgCapa newsContent__article__imgCapa--banner\"\n\t\t\t\t\tsrc=\"\"\n\t\t\t\t\tdata-promo-id=\"184190\"\t\t\t\t\t\t\t\t\t\t\t\t\t\t\talt=\"\"\n\t\t\t\t>\n\t\t\t<\/picture>\n\t\t<\/a>\n\t<\/p>\n\n\n","protected":false},"excerpt":{"rendered":"<p>A Telef\u00f4nica Brasil (VIVT3) assinou um memorando de entendimento n\u00e3o-vinculante com a \u00c2nima Educa\u00e7\u00e3o (ANIM3) para formar uma joint venture na \u00e1rea de educa\u00e7\u00e3o. Telefonica. Foto: Reprodu\u00e7\u00e3o Facebook Tanto a Telef\u00f4nica como a \u00c2nima ter\u00e3o participa\u00e7\u00e3o de 50% na joint venture que tem a finalidade de operacionalizar uma plataforma digital de educa\u00e7\u00e3o com cursos livres [&hellip;]<\/p>\n","protected":false},"author":39,"featured_media":136687,"comment_status":"closed","ping_status":"closed","sticky":false,"template":"","format":"standard","meta":[],"categories":[64],"tags":[361,105738,1813,897,528,570,582,584,659],"suno_strategy":[],"class_list":["post-198225","post","type-post","status-publish","format-standard","has-post-thumbnail","hentry","category-negocios","tag-anima-anim3","tag-brasilagro-agro3","tag-irb-brasil-irbr3","tag-joint-venture","tag-kepler-weber-kepl11-kepl3","tag-multiplan-mult3","tag-odontoprev-odpv3","tag-oi-oibr3-oibr4","tag-telefonica-vivt3"],"yoast_head":"<!-- This site is optimized with the Yoast SEO plugin v24.4 - https:\/\/yoast.com\/wordpress\/plugins\/seo\/ -->\n<title>Radar: BrasilAgro (AGRO3) remunera e Vivo (VIVT3) ter\u00e1 joint venture<\/title>\n<meta name=\"description\" content=\"A Telef\u00f4nica (VIVT3) e \u00c2nima (ANIM3) formar\u00e3o joint venture e a BrasilAgro (AGRO3) pagar\u00e1 dividendos. Clique aqui para saber mais!\" \/>\n<meta name=\"robots\" content=\"index, follow, max-snippet:-1, max-image-preview:large, max-video-preview:-1\" \/>\n<link rel=\"canonical\" href=\"https:\/\/www.suno.com.br\/noticias\/radar-telefonica-vivt3-anima-anim3-odontoprev-odpv3-brasilagro-agro3\/\" \/>\n<meta property=\"og:locale\" content=\"pt_BR\" \/>\n<meta property=\"og:type\" content=\"article\" \/>\n<meta property=\"og:title\" content=\"Radar: BrasilAgro (AGRO3) remunera e Vivo (VIVT3) ter\u00e1 joint venture\" \/>\n<meta property=\"og:description\" content=\"A Telef\u00f4nica (VIVT3) e \u00c2nima (ANIM3) formar\u00e3o joint venture e a BrasilAgro (AGRO3) pagar\u00e1 dividendos. Clique aqui para saber mais!\" \/>\n<meta property=\"og:url\" content=\"https:\/\/www.suno.com.br\/noticias\/radar-telefonica-vivt3-anima-anim3-odontoprev-odpv3-brasilagro-agro3\/\" \/>\n<meta property=\"og:site_name\" content=\"Suno Not\u00edcias\" \/>\n<meta property=\"article:publisher\" content=\"https:\/\/facebook.com\/sunoresearch\" \/>\n<meta property=\"og:image\" content=\"https:\/\/files.sunoresearch.com.br\/n\/uploads\/2021\/03\/661ac8bc-telefonica.jpg\" \/>\n\t<meta property=\"og:image:width\" content=\"2048\" \/>\n\t<meta property=\"og:image:height\" content=\"1290\" \/>\n\t<meta property=\"og:image:type\" content=\"image\/jpeg\" \/>\n<meta name=\"author\" content=\"Laura Moutinho\" \/>\n<meta name=\"twitter:card\" content=\"summary_large_image\" \/>\n<meta name=\"twitter:creator\" content=\"@sunoresearch\" \/>\n<meta name=\"twitter:site\" content=\"@sunoresearch\" \/>\n<meta name=\"twitter:label1\" content=\"Escrito por\" \/>\n\t<meta name=\"twitter:data1\" content=\"Laura Moutinho\" \/>\n\t<meta name=\"twitter:label2\" content=\"Est. tempo de leitura\" \/>\n\t<meta name=\"twitter:data2\" content=\"6 minutos\" \/>\n<script type=\"application\/ld+json\" class=\"yoast-schema-graph\">{\"@context\":\"https:\/\/schema.org\",\"@graph\":[{\"@type\":\"NewsArticle\",\"@id\":\"https:\/\/www.suno.com.br\/noticias\/radar-telefonica-vivt3-anima-anim3-odontoprev-odpv3-brasilagro-agro3\/#article\",\"isPartOf\":{\"@id\":\"https:\/\/www.suno.com.br\/noticias\/radar-telefonica-vivt3-anima-anim3-odontoprev-odpv3-brasilagro-agro3\/\"},\"author\":{\"name\":\"Laura Moutinho\",\"@id\":\"https:\/\/www.suno.com.br\/noticias\/#\/schema\/person\/3df0d2808748b74496efe5dbeaef2c72\"},\"headline\":\"Radar: Telef\u00f4nica (VIVT3) e \u00c2nima (ANIM3) formar\u00e3o joint venture, lucro da Odontoprev (ODPV3) cresce, BrasilAgro (AGRO3) pagar\u00e1 dividendos\",\"datePublished\":\"2021-10-28T00:54:14+00:00\",\"mainEntityOfPage\":{\"@id\":\"https:\/\/www.suno.com.br\/noticias\/radar-telefonica-vivt3-anima-anim3-odontoprev-odpv3-brasilagro-agro3\/\"},\"wordCount\":1435,\"publisher\":{\"@id\":\"https:\/\/www.suno.com.br\/noticias\/#organization\"},\"image\":{\"@id\":\"https:\/\/www.suno.com.br\/noticias\/radar-telefonica-vivt3-anima-anim3-odontoprev-odpv3-brasilagro-agro3\/#primaryimage\"},\"thumbnailUrl\":\"https:\/\/files.sunoresearch.com.br\/n\/uploads\/2021\/03\/661ac8bc-telefonica-jpg.webp\",\"keywords\":[\"Anima (ANIM3)\",\"BrasilAgro (AGRO3)\",\"IRB Brasil (IRBR3)\",\"joint venture\",\"Kepler Weber (KEPL11\/KEPL3)\",\"Multiplan (MULT3)\",\"Odontoprev (ODPV3)\",\"Oi (OIBR3\/OIBR4)\",\"Telef\u00f4nica (VIVT3)\"],\"articleSection\":[\"Neg\u00f3cios\"],\"inLanguage\":\"pt-BR\"},{\"@type\":\"WebPage\",\"@id\":\"https:\/\/www.suno.com.br\/noticias\/radar-telefonica-vivt3-anima-anim3-odontoprev-odpv3-brasilagro-agro3\/\",\"url\":\"https:\/\/www.suno.com.br\/noticias\/radar-telefonica-vivt3-anima-anim3-odontoprev-odpv3-brasilagro-agro3\/\",\"name\":\"Radar: BrasilAgro (AGRO3) remunera e Vivo (VIVT3) ter\u00e1 joint venture\",\"isPartOf\":{\"@id\":\"https:\/\/www.suno.com.br\/noticias\/#website\"},\"primaryImageOfPage\":{\"@id\":\"https:\/\/www.suno.com.br\/noticias\/radar-telefonica-vivt3-anima-anim3-odontoprev-odpv3-brasilagro-agro3\/#primaryimage\"},\"image\":{\"@id\":\"https:\/\/www.suno.com.br\/noticias\/radar-telefonica-vivt3-anima-anim3-odontoprev-odpv3-brasilagro-agro3\/#primaryimage\"},\"thumbnailUrl\":\"https:\/\/files.sunoresearch.com.br\/n\/uploads\/2021\/03\/661ac8bc-telefonica-jpg.webp\",\"datePublished\":\"2021-10-28T00:54:14+00:00\",\"description\":\"A Telef\u00f4nica (VIVT3) e \u00c2nima (ANIM3) formar\u00e3o joint venture e a BrasilAgro (AGRO3) pagar\u00e1 dividendos. Clique aqui para saber mais!\",\"breadcrumb\":{\"@id\":\"https:\/\/www.suno.com.br\/noticias\/radar-telefonica-vivt3-anima-anim3-odontoprev-odpv3-brasilagro-agro3\/#breadcrumb\"},\"inLanguage\":\"pt-BR\",\"potentialAction\":[{\"@type\":\"ReadAction\",\"target\":[\"https:\/\/www.suno.com.br\/noticias\/radar-telefonica-vivt3-anima-anim3-odontoprev-odpv3-brasilagro-agro3\/\"]}]},{\"@type\":\"ImageObject\",\"inLanguage\":\"pt-BR\",\"@id\":\"https:\/\/www.suno.com.br\/noticias\/radar-telefonica-vivt3-anima-anim3-odontoprev-odpv3-brasilagro-agro3\/#primaryimage\",\"url\":\"https:\/\/files.sunoresearch.com.br\/n\/uploads\/2021\/03\/661ac8bc-telefonica-jpg.webp\",\"contentUrl\":\"https:\/\/files.sunoresearch.com.br\/n\/uploads\/2021\/03\/661ac8bc-telefonica-jpg.webp\",\"width\":2048,\"height\":1290,\"caption\":\"Telefonica. Foto: Reprodu\u00e7\u00e3o Facebook\"},{\"@type\":\"BreadcrumbList\",\"@id\":\"https:\/\/www.suno.com.br\/noticias\/radar-telefonica-vivt3-anima-anim3-odontoprev-odpv3-brasilagro-agro3\/#breadcrumb\",\"itemListElement\":[{\"@type\":\"ListItem\",\"position\":1,\"name\":\"Not\u00edcias\",\"item\":\"https:\/\/www.suno.com.br\/noticias\/\"},{\"@type\":\"ListItem\",\"position\":2,\"name\":\"Neg\u00f3cios\",\"item\":\"https:\/\/www.suno.com.br\/noticias\/negocios\/\"},{\"@type\":\"ListItem\",\"position\":3,\"name\":\"Radar: Telef\u00f4nica (VIVT3) e \u00c2nima (ANIM3) formar\u00e3o joint venture, lucro da Odontoprev (ODPV3) cresce, BrasilAgro (AGRO3) pagar\u00e1 dividendos\"}]},{\"@type\":\"WebSite\",\"@id\":\"https:\/\/www.suno.com.br\/noticias\/#website\",\"url\":\"https:\/\/www.suno.com.br\/noticias\/\",\"name\":\"Suno Not\u00edcias\",\"description\":\"Seu portal de informa\u00e7\u00e3o sobre o mundo dos investimentos\",\"publisher\":{\"@id\":\"https:\/\/www.suno.com.br\/noticias\/#organization\"},\"potentialAction\":[{\"@type\":\"SearchAction\",\"target\":{\"@type\":\"EntryPoint\",\"urlTemplate\":\"https:\/\/www.suno.com.br\/noticias\/?s={search_term_string}\"},\"query-input\":{\"@type\":\"PropertyValueSpecification\",\"valueRequired\":true,\"valueName\":\"search_term_string\"}}],\"inLanguage\":\"pt-BR\"},{\"@type\":\"Organization\",\"@id\":\"https:\/\/www.suno.com.br\/noticias\/#organization\",\"name\":\"Suno Not\u00edcias\",\"url\":\"https:\/\/www.suno.com.br\/noticias\/\",\"logo\":{\"@type\":\"ImageObject\",\"inLanguage\":\"pt-BR\",\"@id\":\"https:\/\/www.suno.com.br\/noticias\/#\/schema\/logo\/image\/\",\"url\":\"https:\/\/files.sunoresearch.com.br\/n\/uploads\/2021\/09\/suno-logo.png\",\"contentUrl\":\"https:\/\/files.sunoresearch.com.br\/n\/uploads\/2021\/09\/suno-logo.png\",\"width\":180,\"height\":180,\"caption\":\"Suno Not\u00edcias\"},\"image\":{\"@id\":\"https:\/\/www.suno.com.br\/noticias\/#\/schema\/logo\/image\/\"},\"sameAs\":[\"https:\/\/facebook.com\/sunoresearch\",\"https:\/\/x.com\/sunoresearch\",\"https:\/\/www.instagram.com\/suno\",\"https:\/\/www.linkedin.com\/company\/suno-research\/\",\"https:\/\/www.youtube.com\/c\/sunoresearch\"]},{\"@type\":\"Person\",\"@id\":\"https:\/\/www.suno.com.br\/noticias\/#\/schema\/person\/3df0d2808748b74496efe5dbeaef2c72\",\"name\":\"Laura Moutinho\",\"image\":{\"@type\":\"ImageObject\",\"inLanguage\":\"pt-BR\",\"@id\":\"https:\/\/www.suno.com.br\/noticias\/#\/schema\/person\/image\/\",\"url\":\"https:\/\/secure.gravatar.com\/avatar\/7571c7c8ca3a6fca5e41384ece5557ff?s=96&r=g\",\"contentUrl\":\"https:\/\/secure.gravatar.com\/avatar\/7571c7c8ca3a6fca5e41384ece5557ff?s=96&r=g\",\"caption\":\"Laura Moutinho\"},\"description\":\"Estagi\u00e1ria na Suno Not\u00edcias, escreve not\u00edcias que afetam o mercado financeiro. Estuda administra\u00e7\u00e3o na Universidade Presbiteriana Mackenzie.\",\"url\":\"https:\/\/www.suno.com.br\/noticias\/author\/laura-moutinho\/\"}]}<\/script>\n<!-- \/ Yoast SEO plugin. -->","yoast_head_json":{"title":"Radar: BrasilAgro (AGRO3) remunera e Vivo (VIVT3) ter\u00e1 joint venture","description":"A Telef\u00f4nica (VIVT3) e \u00c2nima (ANIM3) formar\u00e3o joint venture e a BrasilAgro (AGRO3) pagar\u00e1 dividendos. Clique aqui para saber mais!","robots":{"index":"index","follow":"follow","max-snippet":"max-snippet:-1","max-image-preview":"max-image-preview:large","max-video-preview":"max-video-preview:-1"},"canonical":"https:\/\/www.suno.com.br\/noticias\/radar-telefonica-vivt3-anima-anim3-odontoprev-odpv3-brasilagro-agro3\/","og_locale":"pt_BR","og_type":"article","og_title":"Radar: BrasilAgro (AGRO3) remunera e Vivo (VIVT3) ter\u00e1 joint venture","og_description":"A Telef\u00f4nica (VIVT3) e \u00c2nima (ANIM3) formar\u00e3o joint venture e a BrasilAgro (AGRO3) pagar\u00e1 dividendos. Clique aqui para saber mais!","og_url":"https:\/\/www.suno.com.br\/noticias\/radar-telefonica-vivt3-anima-anim3-odontoprev-odpv3-brasilagro-agro3\/","og_site_name":"Suno Not\u00edcias","article_publisher":"https:\/\/facebook.com\/sunoresearch","og_image":[{"width":2048,"height":1290,"url":"https:\/\/files.sunoresearch.com.br\/n\/uploads\/2021\/03\/661ac8bc-telefonica.jpg","type":"image\/jpeg"}],"author":"Laura Moutinho","twitter_card":"summary_large_image","twitter_creator":"@sunoresearch","twitter_site":"@sunoresearch","twitter_misc":{"Escrito por":"Laura Moutinho","Est. tempo de leitura":"6 minutos"},"schema":{"@context":"https:\/\/schema.org","@graph":[{"@type":"NewsArticle","@id":"https:\/\/www.suno.com.br\/noticias\/radar-telefonica-vivt3-anima-anim3-odontoprev-odpv3-brasilagro-agro3\/#article","isPartOf":{"@id":"https:\/\/www.suno.com.br\/noticias\/radar-telefonica-vivt3-anima-anim3-odontoprev-odpv3-brasilagro-agro3\/"},"author":{"name":"Laura Moutinho","@id":"https:\/\/www.suno.com.br\/noticias\/#\/schema\/person\/3df0d2808748b74496efe5dbeaef2c72"},"headline":"Radar: Telef\u00f4nica (VIVT3) e \u00c2nima (ANIM3) formar\u00e3o joint venture, lucro da Odontoprev (ODPV3) cresce, BrasilAgro (AGRO3) pagar\u00e1 dividendos","datePublished":"2021-10-28T00:54:14+00:00","mainEntityOfPage":{"@id":"https:\/\/www.suno.com.br\/noticias\/radar-telefonica-vivt3-anima-anim3-odontoprev-odpv3-brasilagro-agro3\/"},"wordCount":1435,"publisher":{"@id":"https:\/\/www.suno.com.br\/noticias\/#organization"},"image":{"@id":"https:\/\/www.suno.com.br\/noticias\/radar-telefonica-vivt3-anima-anim3-odontoprev-odpv3-brasilagro-agro3\/#primaryimage"},"thumbnailUrl":"https:\/\/files.sunoresearch.com.br\/n\/uploads\/2021\/03\/661ac8bc-telefonica-jpg.webp","keywords":["Anima (ANIM3)","BrasilAgro (AGRO3)","IRB Brasil (IRBR3)","joint venture","Kepler Weber (KEPL11\/KEPL3)","Multiplan (MULT3)","Odontoprev (ODPV3)","Oi (OIBR3\/OIBR4)","Telef\u00f4nica (VIVT3)"],"articleSection":["Neg\u00f3cios"],"inLanguage":"pt-BR"},{"@type":"WebPage","@id":"https:\/\/www.suno.com.br\/noticias\/radar-telefonica-vivt3-anima-anim3-odontoprev-odpv3-brasilagro-agro3\/","url":"https:\/\/www.suno.com.br\/noticias\/radar-telefonica-vivt3-anima-anim3-odontoprev-odpv3-brasilagro-agro3\/","name":"Radar: BrasilAgro (AGRO3) remunera e Vivo (VIVT3) ter\u00e1 joint venture","isPartOf":{"@id":"https:\/\/www.suno.com.br\/noticias\/#website"},"primaryImageOfPage":{"@id":"https:\/\/www.suno.com.br\/noticias\/radar-telefonica-vivt3-anima-anim3-odontoprev-odpv3-brasilagro-agro3\/#primaryimage"},"image":{"@id":"https:\/\/www.suno.com.br\/noticias\/radar-telefonica-vivt3-anima-anim3-odontoprev-odpv3-brasilagro-agro3\/#primaryimage"},"thumbnailUrl":"https:\/\/files.sunoresearch.com.br\/n\/uploads\/2021\/03\/661ac8bc-telefonica-jpg.webp","datePublished":"2021-10-28T00:54:14+00:00","description":"A Telef\u00f4nica (VIVT3) e \u00c2nima (ANIM3) formar\u00e3o joint venture e a BrasilAgro (AGRO3) pagar\u00e1 dividendos. Clique aqui para saber mais!","breadcrumb":{"@id":"https:\/\/www.suno.com.br\/noticias\/radar-telefonica-vivt3-anima-anim3-odontoprev-odpv3-brasilagro-agro3\/#breadcrumb"},"inLanguage":"pt-BR","potentialAction":[{"@type":"ReadAction","target":["https:\/\/www.suno.com.br\/noticias\/radar-telefonica-vivt3-anima-anim3-odontoprev-odpv3-brasilagro-agro3\/"]}]},{"@type":"ImageObject","inLanguage":"pt-BR","@id":"https:\/\/www.suno.com.br\/noticias\/radar-telefonica-vivt3-anima-anim3-odontoprev-odpv3-brasilagro-agro3\/#primaryimage","url":"https:\/\/files.sunoresearch.com.br\/n\/uploads\/2021\/03\/661ac8bc-telefonica-jpg.webp","contentUrl":"https:\/\/files.sunoresearch.com.br\/n\/uploads\/2021\/03\/661ac8bc-telefonica-jpg.webp","width":2048,"height":1290,"caption":"Telefonica. Foto: Reprodu\u00e7\u00e3o Facebook"},{"@type":"BreadcrumbList","@id":"https:\/\/www.suno.com.br\/noticias\/radar-telefonica-vivt3-anima-anim3-odontoprev-odpv3-brasilagro-agro3\/#breadcrumb","itemListElement":[{"@type":"ListItem","position":1,"name":"Not\u00edcias","item":"https:\/\/www.suno.com.br\/noticias\/"},{"@type":"ListItem","position":2,"name":"Neg\u00f3cios","item":"https:\/\/www.suno.com.br\/noticias\/negocios\/"},{"@type":"ListItem","position":3,"name":"Radar: Telef\u00f4nica (VIVT3) e \u00c2nima (ANIM3) formar\u00e3o joint venture, lucro da Odontoprev (ODPV3) cresce, BrasilAgro (AGRO3) pagar\u00e1 dividendos"}]},{"@type":"WebSite","@id":"https:\/\/www.suno.com.br\/noticias\/#website","url":"https:\/\/www.suno.com.br\/noticias\/","name":"Suno Not\u00edcias","description":"Seu portal de informa\u00e7\u00e3o sobre o mundo dos investimentos","publisher":{"@id":"https:\/\/www.suno.com.br\/noticias\/#organization"},"potentialAction":[{"@type":"SearchAction","target":{"@type":"EntryPoint","urlTemplate":"https:\/\/www.suno.com.br\/noticias\/?s={search_term_string}"},"query-input":{"@type":"PropertyValueSpecification","valueRequired":true,"valueName":"search_term_string"}}],"inLanguage":"pt-BR"},{"@type":"Organization","@id":"https:\/\/www.suno.com.br\/noticias\/#organization","name":"Suno Not\u00edcias","url":"https:\/\/www.suno.com.br\/noticias\/","logo":{"@type":"ImageObject","inLanguage":"pt-BR","@id":"https:\/\/www.suno.com.br\/noticias\/#\/schema\/logo\/image\/","url":"https:\/\/files.sunoresearch.com.br\/n\/uploads\/2021\/09\/suno-logo.png","contentUrl":"https:\/\/files.sunoresearch.com.br\/n\/uploads\/2021\/09\/suno-logo.png","width":180,"height":180,"caption":"Suno Not\u00edcias"},"image":{"@id":"https:\/\/www.suno.com.br\/noticias\/#\/schema\/logo\/image\/"},"sameAs":["https:\/\/facebook.com\/sunoresearch","https:\/\/x.com\/sunoresearch","https:\/\/www.instagram.com\/suno","https:\/\/www.linkedin.com\/company\/suno-research\/","https:\/\/www.youtube.com\/c\/sunoresearch"]},{"@type":"Person","@id":"https:\/\/www.suno.com.br\/noticias\/#\/schema\/person\/3df0d2808748b74496efe5dbeaef2c72","name":"Laura Moutinho","image":{"@type":"ImageObject","inLanguage":"pt-BR","@id":"https:\/\/www.suno.com.br\/noticias\/#\/schema\/person\/image\/","url":"https:\/\/secure.gravatar.com\/avatar\/7571c7c8ca3a6fca5e41384ece5557ff?s=96&r=g","contentUrl":"https:\/\/secure.gravatar.com\/avatar\/7571c7c8ca3a6fca5e41384ece5557ff?s=96&r=g","caption":"Laura Moutinho"},"description":"Estagi\u00e1ria na Suno Not\u00edcias, escreve not\u00edcias que afetam o mercado financeiro. Estuda administra\u00e7\u00e3o na Universidade Presbiteriana Mackenzie.","url":"https:\/\/www.suno.com.br\/noticias\/author\/laura-moutinho\/"}]}},"default_loop_html":"<div class=\"cardsPage__listCard__boxs\"><div class=\"cardsPage__listCard__boxs__img\"><a href=\"https:\/\/www.suno.com.br\/noticias\/radar-telefonica-vivt3-anima-anim3-odontoprev-odpv3-brasilagro-agro3\/\"><img class=\"mask\" src=\"https:\/\/www.suno.com.br\/noticias\/wp-content\/themes\/suno\/resources\/images\/spotlight\/spotlight1img\/bg-mask.png\" alt=\"Image Mask\"\/><img src=\"https:\/\/files.sunoresearch.com.br\/n\/uploads\/2021\/03\/661ac8bc-telefonica-400x200.webp\" alt=\"Radar: Telef\u00f4nica (VIVT3) e \u00c2nima (ANIM3) formar\u00e3o joint venture, lucro da Odontoprev (ODPV3) cresce, BrasilAgro (AGRO3) pagar\u00e1 dividendos\"\/><\/a><span class=\"spotlightCategory\"><a href=\"https:\/\/www.suno.com.br\/noticias\/negocios\/\">Neg\u00f3cios<\/a><\/span><\/div><div class=\"cardsPage__listCard__boxs__content\"><a href=\"https:\/\/www.suno.com.br\/noticias\/radar-telefonica-vivt3-anima-anim3-odontoprev-odpv3-brasilagro-agro3\/\"><h2 class=\"content__title\">Radar: Telef\u00f4nica (VIVT3) e \u00c2nima (ANIM3) formar\u00e3o joint venture, lucro da Odontoprev (ODPV3) cresce, BrasilAgro (AGRO3) pagar\u00e1 dividendos<\/h2><\/a><div class=\"newsContent__article__meta\"><div class=\"newsContent__article__meta__authorBox\"><a href=\"https:\/\/www.suno.com.br\/noticias\/author\/laura-moutinho\/\" class=\"authorBox__avatar noMobi\"><img src=\"https:\/\/files.sunoresearch.com.br\/n\/uploads\/2020\/08\/531ff69d-whatsapp-image-2020-08-03-at-14.54.38-150x150.webp\" alt=\"Laura Moutinho\"><\/a><div class=\"authorBox__name\"><span>por\n\t\t\t<a href=\"https:\/\/www.suno.com.br\/noticias\/author\/laura-moutinho\/\"><span itemprop=\"author\">Laura Moutinho<\/span><\/a><\/span><time datetime=\"2021-10-27T21:54:14-03:00\" itemprop=\"datePublished\">27\/10\/2021 21:54<\/time><\/div><\/div><\/div><\/div><\/div>","single_layout":"posts","amp_enabled":true,"_links":{"self":[{"href":"https:\/\/www.suno.com.br\/noticias\/wp-json\/wp\/v2\/posts\/198225"}],"collection":[{"href":"https:\/\/www.suno.com.br\/noticias\/wp-json\/wp\/v2\/posts"}],"about":[{"href":"https:\/\/www.suno.com.br\/noticias\/wp-json\/wp\/v2\/types\/post"}],"author":[{"embeddable":true,"href":"https:\/\/www.suno.com.br\/noticias\/wp-json\/wp\/v2\/users\/39"}],"replies":[{"embeddable":true,"href":"https:\/\/www.suno.com.br\/noticias\/wp-json\/wp\/v2\/comments?post=198225"}],"version-history":[{"count":3,"href":"https:\/\/www.suno.com.br\/noticias\/wp-json\/wp\/v2\/posts\/198225\/revisions"}],"predecessor-version":[{"id":198247,"href":"https:\/\/www.suno.com.br\/noticias\/wp-json\/wp\/v2\/posts\/198225\/revisions\/198247"}],"wp:featuredmedia":[{"embeddable":true,"href":"https:\/\/www.suno.com.br\/noticias\/wp-json\/wp\/v2\/media\/136687"}],"wp:attachment":[{"href":"https:\/\/www.suno.com.br\/noticias\/wp-json\/wp\/v2\/media?parent=198225"}],"wp:term":[{"taxonomy":"category","embeddable":true,"href":"https:\/\/www.suno.com.br\/noticias\/wp-json\/wp\/v2\/categories?post=198225"},{"taxonomy":"post_tag","embeddable":true,"href":"https:\/\/www.suno.com.br\/noticias\/wp-json\/wp\/v2\/tags?post=198225"},{"taxonomy":"suno_strategy","embeddable":true,"href":"https:\/\/www.suno.com.br\/noticias\/wp-json\/wp\/v2\/suno_strategy?post=198225"}],"curies":[{"name":"wp","href":"https:\/\/api.w.org\/{rel}","templated":true}]}}