{"id":198105,"date":"2021-10-27T20:16:22","date_gmt":"2021-10-27T23:16:22","guid":{"rendered":"https:\/\/www.suno.com.br\/noticias\/?p=198105"},"modified":"2021-10-27T20:16:22","modified_gmt":"2021-10-27T23:16:22","slug":"indiciado-por-9-crimes-bolsonaro-aciona-stf-contra-cpi-da-covid","status":"publish","type":"post","link":"https:\/\/www.suno.com.br\/noticias\/indiciado-por-9-crimes-bolsonaro-aciona-stf-contra-cpi-da-covid\/","title":{"rendered":"Indiciado por 9 crimes, Bolsonaro aciona STF contra CPI da Covid"},"content":{"rendered":"<p>Ap\u00f3s ser indiciado pela CPI da Covid por 9 crimes, o presidente Jair <strong>Bolsonaro<\/strong> entrou em nesta quarta (27) com mandado de seguran\u00e7a no STF (Supremo Tribunal Federal), requisitando \u00e0 Corte que denomine como &#8220;ilegal&#8221; e &#8220;arbitr\u00e1ria&#8221; a transfer\u00eancia do sigilo dos dados telem\u00e1ticos do presidente \u00e0 PGR e ao Supremo. A informa\u00e7\u00e3o foi dada por uma jornalista da CNN, Daniela Lima.<\/p>\t<div class=\"wrapper-featured-image\">\n\t\t<figure class=\"spotlightImg\">\n\n\t\t\t<picture>\n\t\t\t\t<source media=\"(max-width: 768px)\" srcset=\"https:\/\/files.sunoresearch.com.br\/n\/uploads\/2021\/03\/e1d35659-50998079955_2d3419eb09_b-400x200.webp\">\n\t\t\t\t<img loading=\"lazy\" decoding=\"async\" class=\"newsContent__article__imgCapa lazyloadDisabled \" src=\"https:\/\/files.sunoresearch.com.br\/n\/uploads\/2021\/03\/e1d35659-50998079955_2d3419eb09_b-800x450.webp\" width=\"800\" height=\"450\" alt=\"Indiciado por 9 crimes, Bolsonaro aciona STF contra CPI da Covid\" fetchpriority=high \/>\n\t\t\t<\/picture>\n\n\t\t\t<figcaption class=\"wp-caption-text wp-caption-text--show\">Jair Bolsonaro. Foto: Isac N\u00f3brega\/PR<\/figcaption>\n\t\t<\/figure>\n\t<\/div>\n\n\n\t<p>\n\t\t<a href=\"https:\/\/lp.suno.com.br\/planilha-controle-gastos\/\" target=\"_blank\" data-element=\"shortcode-suno-banner\" title=\"Banner SUNO, clique e saiba mais\">\n\t\t\t<picture>\n\t\t\t\t<source media=\"(max-width: 500px)\" srcset=\"https:\/\/files.sunoresearch.com.br\/n\/uploads\/2023\/03\/400x300-Planilha-controle-de-gastos.png\">\n\t\t\t\t<img class=\"newsContent__article__imgCapa newsContent__article__imgCapa--banner\"\n\t\t\t\t\tsrc=\"https:\/\/files.sunoresearch.com.br\/n\/uploads\/2023\/03\/1420x240-Planilha-controle-de-gastos.png\"\n\t\t\t\t\tdata-promo-id=\"101751\"\t\t\t\t\t\t\t\t\t\twidth='1420' height='240'\t\t\t\t\talt=\"https:\/\/files.sunoresearch.com.br\/n\/uploads\/2023\/03\/1420x240-Planilha-controle-de-gastos.png\"\n\t\t\t\t>\n\t\t\t<\/picture>\n\t\t<\/a>\n\t<\/p>\n\n\n<p>A CPI indiciou o presidente por ter divulgado fake news de que a vacina contra a Covid aumenta o risco de infec\u00e7\u00e3o pelo v\u00edrus da Aids. Os senadores querem incluir a declara\u00e7\u00e3o no inqu\u00e9rito das fake news, no qual Bolsonaro j\u00e1 est\u00e1 sendo investigado.<\/p>\n<p>Um dia depois do encerramento oficial dos trabalhos da Comiss\u00e3o Parlamentar de Inqu\u00e9rito (<strong>CPI<\/strong>) da Pandemia do <strong>Senado<\/strong>, integrantes do colegiado se reuniram com o procurador-geral da Rep\u00fablica (<strong>PGR<\/strong>), Augusto Aras. Ele recebeu uma c\u00f3pia do relat\u00f3rio final do senador <strong>Renan Calheiros<\/strong> (MDB-AL), aprovado pela <a href=\"https:\/\/agenciabrasil.ebc.com.br\/politica\/noticia\/2021-10\/cpi-da-pandemia-aprova-relatorio-final-e-pede-80-indiciamentos\" target=\"_blank\" rel=\"noopener\">comiss\u00e3o<\/a> ontem (26), em sua sess\u00e3o final.<\/p>\n<p>Com 80 pedidos de indiciamento, entre eles o do<strong> presidente da Rep\u00fablica<\/strong>, Jair Bolsonaro, por nove crimes, senadores independentes e de oposi\u00e7\u00e3o que foram maioria na CPI defendem que o PGR \u201ccumpra seu papel\u201d e d\u00ea seguimento aos fatos apurados pela comiss\u00e3o. Por ser um tribunal pol\u00edtico, uma comiss\u00e3o parlamentar de inqu\u00e9rito n\u00e3o pode, por si s\u00f3, punir qualquer cidad\u00e3o. Apesar de poder recomendar indiciamentos, o aprofundamento das investiga\u00e7\u00f5es e o eventual oferecimento de den\u00fancia dependem de outras institui\u00e7\u00f5es. No caso do presidente, ministros de Estado, deputados e senadores, isso cabe ao procurador-geral da Rep\u00fablica, chefe do Minist\u00e9rio P\u00fablico Federal (MPF).<\/p>\n<p>No encontro, o <strong>presidente da CPI<\/strong>, senador<strong> Omar Aziz<\/strong> (PSD-AM), fez um breve relato dos trabalhos da comiss\u00e3o, lembrou o n\u00famero de <strong>mortos em decorr\u00eancia da pandemia de covid-19<\/strong> e destacou a resist\u00eancia do governo federal na compra de <strong>vacinas<\/strong> como um dos aspectos mais graves apurados pelo colegiado. \u201cForam mais de 600 mil mortos. N\u00f3s n\u00e3o queremos vingan\u00e7a. Queremos justi\u00e7a. Que as pessoas que contribu\u00edram para isso possam ser responsabilizadas pela justi\u00e7a dos homens e confiamos no trabalho da Procuradoria-Geral da Rep\u00fablica e de todo o Minist\u00e9rio P\u00fablico Federal\u201d, disse Aziz.<\/p>\n\t<p>\n\t\t<a href=\"https:\/\/lp.suno.com.br\/planilha-da-vida-financeira\/\" target=\"_blank\" data-element=\"shortcode-suno-banner\" title=\"Banner SUNO, clique e saiba mais\">\n\t\t\t<picture>\n\t\t\t\t<source media=\"(max-width: 500px)\" srcset=\"https:\/\/files.sunoresearch.com.br\/n\/uploads\/2023\/04\/400x300-Planilha-vida-financeira-true.png\">\n\t\t\t\t<img class=\"newsContent__article__imgCapa newsContent__article__imgCapa--banner\"\n\t\t\t\t\tsrc=\"https:\/\/files.sunoresearch.com.br\/n\/uploads\/2023\/04\/1420x240-Planilha-vida-financeira-true.png\"\n\t\t\t\t\tdata-promo-id=\"106682\"\t\t\t\t\t\t\t\t\t\twidth='1420' height='240'\t\t\t\t\talt=\"https:\/\/files.sunoresearch.com.br\/n\/uploads\/2023\/04\/1420x240-Planilha-vida-financeira-true.png\"\n\t\t\t\t>\n\t\t\t<\/picture>\n\t\t<\/a>\n\t<\/p>\n\n\n<p>Aras, por sua vez, destacou aos senadores as provid\u00eancias tomadas pelo MPF desde o in\u00edcio da <strong>pandemia<\/strong>. Entre as a\u00e7\u00f5es, ele lembrou a instaura\u00e7\u00e3o do inqu\u00e9rito epidemiol\u00f3gico, cujo objetivo \u00e9 analisar causas e prevenir novos epis\u00f3dios de problemas sanit\u00e1rios. O procurador-geral tamb\u00e9m ressaltou a atua\u00e7\u00e3o feita em momentos mais cr\u00edticos da pandemia, seja para assegurar o fornecimento de oxig\u00eanio, de kits para intuba\u00e7\u00e3o de pacientes e a busca por responsabiliza\u00e7\u00e3o no caso de desvios de recursos destinados ao enfrentamento do novo <strong>coronav\u00edrus<\/strong>.<\/p>\n<p>Augusto Aras lembrou ainda o modelo de atua\u00e7\u00e3o do Minist\u00e9rio P\u00fablico, que prev\u00ea o trabalho descentralizado. Segundo ele, \u00e9 por isso que casos como o da <strong>Prevent Senior<\/strong> e da Precisa Medicamentos, que j\u00e1 s\u00e3o objeto de apura\u00e7\u00f5es do Minist\u00e9rio P\u00fablico, correm de forma independente na primeira inst\u00e2ncia, respectivamente, em S\u00e3o Paulo e em Bras\u00edlia. H\u00e1 ainda a\u00e7\u00f5es penais j\u00e1 apresentadas no STJ e em outros tribunais, todas com o acompanhamento de integrantes do Minist\u00e9rio P\u00fablico.<\/p>\n\t<p>\n\t\t<a href=\"https:\/\/lp.suno.com.br\/ebook-como-analisar-uma-acao\/\" target=\"_blank\" data-element=\"shortcode-suno-banner\" title=\"Banner SUNO, clique e saiba mais\">\n\t\t\t<picture>\n\t\t\t\t<source media=\"(max-width: 500px)\" srcset=\"https:\/\/files.sunoresearch.com.br\/n\/uploads\/2023\/03\/Ebook-Acoes-Mobile-1.jpg\">\n\t\t\t\t<img class=\"newsContent__article__imgCapa newsContent__article__imgCapa--banner\"\n\t\t\t\t\tsrc=\"https:\/\/files.sunoresearch.com.br\/n\/uploads\/2023\/03\/Ebook-Acoes-Desktop-1.jpg\"\n\t\t\t\t\tdata-promo-id=\"171998\"\t\t\t\t\t\t\t\t\t\twidth='1420' height='286'\t\t\t\t\talt=\"https:\/\/files.sunoresearch.com.br\/n\/uploads\/2023\/03\/Ebook-Acoes-Desktop-1.jpg\"\n\t\t\t\t>\n\t\t\t<\/picture>\n\t\t<\/a>\n\t<\/p>\n\n\n<p>Para dar agilidade \u00e0 an\u00e1lise das conclus\u00f5es da CPI, ficou acertado no encontro que caber\u00e1 a <strong>Augusto Aras<\/strong> o encaminhamento da an\u00e1lise de quem tem prerrogativa de foro. No caso de indiciados a quem cabe an\u00e1lise por outras inst\u00e2ncias do Minist\u00e9rio P\u00fablico, como a Procuradoria-Geral da Rep\u00fablica do Distrito Federal, do Amazonas, do Rio de Janeiro e de S\u00e3o Paulo, ficou acertado que a pr\u00f3pria CPI far\u00e1 essa reparti\u00e7\u00e3o de compet\u00eancias. O fatiamento, segundo assinalou o pr\u00f3prio Aras, deve ser feito o quanto antes para n\u00e3o atrasar o prazo de 30 dias para que a PGR se manifeste sobre o documento.<\/p>\n<p>Especificamente sobre o relat\u00f3rio, o procurador-geral reiterou que uma equipe qualificada analisar\u00e1, sob sua coordena\u00e7\u00e3o direta, todas as informa\u00e7\u00f5es e adotar\u00e1 as provid\u00eancias cab\u00edveis, \u201csempre sustentadas no respeito \u00e0 Constitui\u00e7\u00e3o e \u00e0s leis\u201d que, destacou, \u00e9 o que assegura credibilidade ao trabalho do Minist\u00e9rio P\u00fablico.<\/p>\n<p>Da PGR, os senadores seguiram para o <strong>Supremo Tribunal Federal (STF)<\/strong>, onde tamb\u00e9m entregaram uma c\u00f3pia do parecer final da CPI ao ministro <strong>Alexandre de Moraes<\/strong>, relator do inqu\u00e9rito que apura, na Suprema Corte, a dissemina\u00e7\u00e3o de not\u00edcias falsas. O grupo agradeceu o compartilhamento de informa\u00e7\u00f5es de Moraes com a CPI e pediu aten\u00e7\u00e3o especial para a aprecia\u00e7\u00e3o dos pedidos aprovados na \u00faltima sess\u00e3o do colegiado. Um deles pede a quebra do sigilo telem\u00e1tico do presidente Jair Bolsonaro nas redes sociais em raz\u00e3o da\u00a0<em><a href=\"https:\/\/agenciabrasil.ebc.com.br\/politica\/noticia\/2021-10\/facebook-remove-live-em-que-presidente-associa-vacina-de-covid-aids\" target=\"_blank\" rel=\"noopener\">live<\/a><\/em>\u00a0na qual ele relacionou a vacina contra a covid-19 \u00e0 aids.<\/p>\n\t<p>\n\t\t<a href=\"https:\/\/lp.suno.com.br\/planilha-de-controle-de-investimentos\/\" target=\"_blank\" data-element=\"shortcode-suno-banner\" title=\"Banner SUNO, clique e saiba mais\">\n\t\t\t<picture>\n\t\t\t\t<source media=\"(max-width: 500px)\" srcset=\"https:\/\/files.sunoresearch.com.br\/n\/uploads\/2023\/03\/400x300-Controle-de-Investimentos.png\">\n\t\t\t\t<img class=\"newsContent__article__imgCapa newsContent__article__imgCapa--banner\"\n\t\t\t\t\tsrc=\"https:\/\/files.sunoresearch.com.br\/n\/uploads\/2023\/03\/1420x240-Controle-de-Investimentos.png\"\n\t\t\t\t\tdata-promo-id=\"75934\"\t\t\t\t\t\t\t\t\t\twidth='1420' height='240'\t\t\t\t\talt=\"https:\/\/files.sunoresearch.com.br\/n\/uploads\/2023\/03\/1420x240-Controle-de-Investimentos.png\"\n\t\t\t\t>\n\t\t\t<\/picture>\n\t\t<\/a>\n\t<\/p>\n\n\n<p>Outro requerimento aprovado pede uma investiga\u00e7\u00e3o de Moraes pela mesma manifesta\u00e7\u00e3o realizada pelo presidente durante a transmiss\u00e3o ao vivo. Os parlamentares tamb\u00e9m encaminharam a Moraes os depoimentos dos empres\u00e1rios Ot\u00e1vio Fackoury e <strong>Luciano Hang<\/strong>, para contribuir com o inqu\u00e9rito das<strong> fake news<\/strong>.<\/p>\n<h2>Al\u00e9m de Bolsonaro, veja lista dos pedidos de indiciamento da CPI da Covid<\/h2>\n<p>Confira os principais nomes dos pedidos:<\/p>\n<ul>\n<li>Ministro da Sa\u00fade,\u00a0<strong>Marcelo Queiroga<\/strong>: epidemia com resultado morte e prevarica\u00e7\u00e3o;<\/li>\n<li>Ministro do Trabalho,\u00a0<strong>Onyx Lorenzoni<\/strong>\u00a0(Trabalho): incita\u00e7\u00e3o ao crime e crime contra a humanidade;<\/li>\n<li>Ex-Ministro da Sa\u00fade,\u00a0<strong>Eduardo Pazuello<\/strong>\u00a0(Sa\u00fade): epidemia com resultado morte, emprego irregular de verbas p\u00fablicas, prevarica\u00e7\u00e3o, comunica\u00e7\u00e3o falsa de crime e crime contra a humanidade<\/li>\n<li>Empres\u00e1rio\u00a0<strong><a class=\"suno-keyword\" href=\"https:\/\/www.suno.com.br\/tudo-sobre\/carlos-wizard\/\" target=\"_blank\" rel=\"noopener\" data-force=\"no\" data-priority=\"2\">Carlos Wizard<\/a><\/strong>: epidemia com resultado morte e incita\u00e7\u00e3o ao crime;<\/li>\n<li>Empres\u00e1rio\u00a0<strong>Luciano Hang<\/strong>: incita\u00e7\u00e3o ao crime;<\/li>\n<li>M\u00e9dico\u00a0<strong>Nise Yamaguchi<\/strong>: epidemia com resultado morte.<\/li>\n<li>M\u00e9dico\u00a0<strong>Paolo Zanotto<\/strong>: epidemia com resultado morte<\/li>\n<li><strong>Eduardo Bolsonaro<\/strong>, deputado federal: incita\u00e7\u00e3o ao crime;<\/li>\n<li><strong>Carlos Bolsonaro<\/strong>, vereador: incita\u00e7\u00e3o ao crime;<\/li>\n<li><strong>Fl\u00e1vio Bolsonaro<\/strong>, senador: incita\u00e7\u00e3o ao crime;<\/li>\n<\/ul>\n<p><em>(Com Ag\u00eancia Brasil)<\/em><\/p>\n\t<p>\n\t\t<a href=\"\" target=\"_blank\" data-element=\"shortcode-suno-banner\" title=\"Banner SUNO, clique e saiba mais\">\n\t\t\t<picture>\n\t\t\t\t<source media=\"(max-width: 500px)\" srcset=\"\">\n\t\t\t\t<img class=\"newsContent__article__imgCapa newsContent__article__imgCapa--banner\"\n\t\t\t\t\tsrc=\"\"\n\t\t\t\t\tdata-promo-id=\"184190\"\t\t\t\t\t\t\t\t\t\t\t\t\t\t\talt=\"\"\n\t\t\t\t>\n\t\t\t<\/picture>\n\t\t<\/a>\n\t<\/p>\n\n\n","protected":false},"excerpt":{"rendered":"<p>Ap\u00f3s ser indiciado pela CPI da Covid por 9 crimes, o presidente Jair Bolsonaro entrou em nesta quarta (27) com mandado de seguran\u00e7a no STF (Supremo Tribunal Federal), requisitando \u00e0 Corte que denomine como &#8220;ilegal&#8221; e &#8220;arbitr\u00e1ria&#8221; a transfer\u00eancia do sigilo dos dados telem\u00e1ticos do presidente \u00e0 PGR e ao Supremo. A informa\u00e7\u00e3o foi dada [&hellip;]<\/p>\n","protected":false},"author":118,"featured_media":135536,"comment_status":"closed","ping_status":"closed","sticky":false,"template":"","format":"standard","meta":[],"categories":[61],"tags":[1455,719,785],"suno_strategy":[],"class_list":["post-198105","post","type-post","status-publish","format-standard","has-post-thumbnail","hentry","category-politica","tag-comissao-parlamentar-inquerito-cpi","tag-jair-bolsonaro","tag-supremo-tribunal-federal-stf"],"yoast_head":"<!-- This site is optimized with the Yoast SEO plugin v24.4 - https:\/\/yoast.com\/wordpress\/plugins\/seo\/ -->\n<title>Indiciado por 9 crimes, Bolsonaro aciona STF contra CPI da Covid<\/title>\n<meta name=\"description\" content=\"Ap\u00f3s ser indiciado pela CPI da covid por 9 crimes diferentes, o presidente Jair Bolsonaro entrou em contato nesta quarta (27)...Saiba mais\" \/>\n<meta name=\"robots\" content=\"index, follow, max-snippet:-1, max-image-preview:large, max-video-preview:-1\" \/>\n<link rel=\"canonical\" href=\"https:\/\/www.suno.com.br\/noticias\/indiciado-por-9-crimes-bolsonaro-aciona-stf-contra-cpi-da-covid\/\" \/>\n<meta property=\"og:locale\" content=\"pt_BR\" \/>\n<meta property=\"og:type\" content=\"article\" \/>\n<meta property=\"og:title\" content=\"Indiciado por 9 crimes, Bolsonaro aciona STF contra CPI da Covid\" \/>\n<meta property=\"og:description\" content=\"Ap\u00f3s ser indiciado pela CPI da covid por 9 crimes diferentes, o presidente Jair Bolsonaro entrou em contato nesta quarta (27)...Saiba mais\" \/>\n<meta property=\"og:url\" content=\"https:\/\/www.suno.com.br\/noticias\/indiciado-por-9-crimes-bolsonaro-aciona-stf-contra-cpi-da-covid\/\" \/>\n<meta property=\"og:site_name\" content=\"Suno Not\u00edcias\" \/>\n<meta property=\"article:publisher\" content=\"https:\/\/facebook.com\/sunoresearch\" \/>\n<meta property=\"og:image\" content=\"https:\/\/files.sunoresearch.com.br\/n\/uploads\/2021\/03\/e1d35659-50998079955_2d3419eb09_b.jpg\" \/>\n\t<meta property=\"og:image:width\" content=\"1024\" \/>\n\t<meta property=\"og:image:height\" content=\"683\" \/>\n\t<meta property=\"og:image:type\" content=\"image\/jpeg\" \/>\n<meta name=\"author\" content=\"Bruno Galv\u00e3o\" \/>\n<meta name=\"twitter:card\" content=\"summary_large_image\" \/>\n<meta name=\"twitter:creator\" content=\"@sunoresearch\" \/>\n<meta name=\"twitter:site\" content=\"@sunoresearch\" \/>\n<meta name=\"twitter:label1\" content=\"Escrito por\" \/>\n\t<meta name=\"twitter:data1\" content=\"Bruno Galv\u00e3o\" \/>\n\t<meta name=\"twitter:label2\" content=\"Est. tempo de leitura\" \/>\n\t<meta name=\"twitter:data2\" content=\"5 minutos\" \/>\n<script type=\"application\/ld+json\" class=\"yoast-schema-graph\">{\"@context\":\"https:\/\/schema.org\",\"@graph\":[{\"@type\":\"NewsArticle\",\"@id\":\"https:\/\/www.suno.com.br\/noticias\/indiciado-por-9-crimes-bolsonaro-aciona-stf-contra-cpi-da-covid\/#article\",\"isPartOf\":{\"@id\":\"https:\/\/www.suno.com.br\/noticias\/indiciado-por-9-crimes-bolsonaro-aciona-stf-contra-cpi-da-covid\/\"},\"author\":{\"name\":\"Bruno Galv\u00e3o\",\"@id\":\"https:\/\/www.suno.com.br\/noticias\/#\/schema\/person\/06f0d962a6b1c54852e4860f16935600\"},\"headline\":\"Indiciado por 9 crimes, Bolsonaro aciona STF contra CPI da Covid\",\"datePublished\":\"2021-10-27T23:16:22+00:00\",\"mainEntityOfPage\":{\"@id\":\"https:\/\/www.suno.com.br\/noticias\/indiciado-por-9-crimes-bolsonaro-aciona-stf-contra-cpi-da-covid\/\"},\"wordCount\":1058,\"publisher\":{\"@id\":\"https:\/\/www.suno.com.br\/noticias\/#organization\"},\"image\":{\"@id\":\"https:\/\/www.suno.com.br\/noticias\/indiciado-por-9-crimes-bolsonaro-aciona-stf-contra-cpi-da-covid\/#primaryimage\"},\"thumbnailUrl\":\"https:\/\/files.sunoresearch.com.br\/n\/uploads\/2021\/03\/e1d35659-50998079955_2d3419eb09_b-jpg.webp\",\"keywords\":[\"Comiss\u00e3o Parlamentar de Inqu\u00e9rito (CPI)\",\"Jair Bolsonaro\",\"Supremo Tribunal Federal (STF)\"],\"articleSection\":[\"Pol\u00edtica\"],\"inLanguage\":\"pt-BR\"},{\"@type\":\"WebPage\",\"@id\":\"https:\/\/www.suno.com.br\/noticias\/indiciado-por-9-crimes-bolsonaro-aciona-stf-contra-cpi-da-covid\/\",\"url\":\"https:\/\/www.suno.com.br\/noticias\/indiciado-por-9-crimes-bolsonaro-aciona-stf-contra-cpi-da-covid\/\",\"name\":\"Indiciado por 9 crimes, Bolsonaro aciona STF contra CPI da Covid\",\"isPartOf\":{\"@id\":\"https:\/\/www.suno.com.br\/noticias\/#website\"},\"primaryImageOfPage\":{\"@id\":\"https:\/\/www.suno.com.br\/noticias\/indiciado-por-9-crimes-bolsonaro-aciona-stf-contra-cpi-da-covid\/#primaryimage\"},\"image\":{\"@id\":\"https:\/\/www.suno.com.br\/noticias\/indiciado-por-9-crimes-bolsonaro-aciona-stf-contra-cpi-da-covid\/#primaryimage\"},\"thumbnailUrl\":\"https:\/\/files.sunoresearch.com.br\/n\/uploads\/2021\/03\/e1d35659-50998079955_2d3419eb09_b-jpg.webp\",\"datePublished\":\"2021-10-27T23:16:22+00:00\",\"description\":\"Ap\u00f3s ser indiciado pela CPI da covid por 9 crimes diferentes, o presidente Jair Bolsonaro entrou em contato nesta quarta (27)...Saiba mais\",\"breadcrumb\":{\"@id\":\"https:\/\/www.suno.com.br\/noticias\/indiciado-por-9-crimes-bolsonaro-aciona-stf-contra-cpi-da-covid\/#breadcrumb\"},\"inLanguage\":\"pt-BR\",\"potentialAction\":[{\"@type\":\"ReadAction\",\"target\":[\"https:\/\/www.suno.com.br\/noticias\/indiciado-por-9-crimes-bolsonaro-aciona-stf-contra-cpi-da-covid\/\"]}]},{\"@type\":\"ImageObject\",\"inLanguage\":\"pt-BR\",\"@id\":\"https:\/\/www.suno.com.br\/noticias\/indiciado-por-9-crimes-bolsonaro-aciona-stf-contra-cpi-da-covid\/#primaryimage\",\"url\":\"https:\/\/files.sunoresearch.com.br\/n\/uploads\/2021\/03\/e1d35659-50998079955_2d3419eb09_b-jpg.webp\",\"contentUrl\":\"https:\/\/files.sunoresearch.com.br\/n\/uploads\/2021\/03\/e1d35659-50998079955_2d3419eb09_b-jpg.webp\",\"width\":1024,\"height\":683,\"caption\":\"Jair Bolsonaro. Foto: Isac N\u00f3brega\/PR\"},{\"@type\":\"BreadcrumbList\",\"@id\":\"https:\/\/www.suno.com.br\/noticias\/indiciado-por-9-crimes-bolsonaro-aciona-stf-contra-cpi-da-covid\/#breadcrumb\",\"itemListElement\":[{\"@type\":\"ListItem\",\"position\":1,\"name\":\"Not\u00edcias\",\"item\":\"https:\/\/www.suno.com.br\/noticias\/\"},{\"@type\":\"ListItem\",\"position\":2,\"name\":\"Pol\u00edtica\",\"item\":\"https:\/\/www.suno.com.br\/noticias\/politica\/\"},{\"@type\":\"ListItem\",\"position\":3,\"name\":\"Indiciado por 9 crimes, Bolsonaro aciona STF contra CPI da Covid\"}]},{\"@type\":\"WebSite\",\"@id\":\"https:\/\/www.suno.com.br\/noticias\/#website\",\"url\":\"https:\/\/www.suno.com.br\/noticias\/\",\"name\":\"Suno Not\u00edcias\",\"description\":\"Seu portal de informa\u00e7\u00e3o sobre o mundo dos investimentos\",\"publisher\":{\"@id\":\"https:\/\/www.suno.com.br\/noticias\/#organization\"},\"potentialAction\":[{\"@type\":\"SearchAction\",\"target\":{\"@type\":\"EntryPoint\",\"urlTemplate\":\"https:\/\/www.suno.com.br\/noticias\/?s={search_term_string}\"},\"query-input\":{\"@type\":\"PropertyValueSpecification\",\"valueRequired\":true,\"valueName\":\"search_term_string\"}}],\"inLanguage\":\"pt-BR\"},{\"@type\":\"Organization\",\"@id\":\"https:\/\/www.suno.com.br\/noticias\/#organization\",\"name\":\"Suno Not\u00edcias\",\"url\":\"https:\/\/www.suno.com.br\/noticias\/\",\"logo\":{\"@type\":\"ImageObject\",\"inLanguage\":\"pt-BR\",\"@id\":\"https:\/\/www.suno.com.br\/noticias\/#\/schema\/logo\/image\/\",\"url\":\"https:\/\/files.sunoresearch.com.br\/n\/uploads\/2021\/09\/suno-logo.png\",\"contentUrl\":\"https:\/\/files.sunoresearch.com.br\/n\/uploads\/2021\/09\/suno-logo.png\",\"width\":180,\"height\":180,\"caption\":\"Suno Not\u00edcias\"},\"image\":{\"@id\":\"https:\/\/www.suno.com.br\/noticias\/#\/schema\/logo\/image\/\"},\"sameAs\":[\"https:\/\/facebook.com\/sunoresearch\",\"https:\/\/x.com\/sunoresearch\",\"https:\/\/www.instagram.com\/suno\",\"https:\/\/www.linkedin.com\/company\/suno-research\/\",\"https:\/\/www.youtube.com\/c\/sunoresearch\"]},{\"@type\":\"Person\",\"@id\":\"https:\/\/www.suno.com.br\/noticias\/#\/schema\/person\/06f0d962a6b1c54852e4860f16935600\",\"name\":\"Bruno Galv\u00e3o\",\"image\":{\"@type\":\"ImageObject\",\"inLanguage\":\"pt-BR\",\"@id\":\"https:\/\/www.suno.com.br\/noticias\/#\/schema\/person\/image\/\",\"url\":\"https:\/\/secure.gravatar.com\/avatar\/53598df0b41c00f12f287a912d0e918e?s=96&r=g\",\"contentUrl\":\"https:\/\/secure.gravatar.com\/avatar\/53598df0b41c00f12f287a912d0e918e?s=96&r=g\",\"caption\":\"Bruno Galv\u00e3o\"},\"description\":\"Escreve para o portal Suno Not\u00edcias. \u00c9 estudante de Jornalismo pela Faculdade C\u00e1sper L\u00edbero e Letras pela USP. Entusiasta de tecnologia e intelig\u00eancia artificial.\",\"url\":\"https:\/\/www.suno.com.br\/noticias\/author\/bruno-garcia\/\"}]}<\/script>\n<!-- \/ Yoast SEO plugin. -->","yoast_head_json":{"title":"Indiciado por 9 crimes, Bolsonaro aciona STF contra CPI da Covid","description":"Ap\u00f3s ser indiciado pela CPI da covid por 9 crimes diferentes, o presidente Jair Bolsonaro entrou em contato nesta quarta (27)...Saiba mais","robots":{"index":"index","follow":"follow","max-snippet":"max-snippet:-1","max-image-preview":"max-image-preview:large","max-video-preview":"max-video-preview:-1"},"canonical":"https:\/\/www.suno.com.br\/noticias\/indiciado-por-9-crimes-bolsonaro-aciona-stf-contra-cpi-da-covid\/","og_locale":"pt_BR","og_type":"article","og_title":"Indiciado por 9 crimes, Bolsonaro aciona STF contra CPI da Covid","og_description":"Ap\u00f3s ser indiciado pela CPI da covid por 9 crimes diferentes, o presidente Jair Bolsonaro entrou em contato nesta quarta (27)...Saiba mais","og_url":"https:\/\/www.suno.com.br\/noticias\/indiciado-por-9-crimes-bolsonaro-aciona-stf-contra-cpi-da-covid\/","og_site_name":"Suno Not\u00edcias","article_publisher":"https:\/\/facebook.com\/sunoresearch","og_image":[{"width":1024,"height":683,"url":"https:\/\/files.sunoresearch.com.br\/n\/uploads\/2021\/03\/e1d35659-50998079955_2d3419eb09_b.jpg","type":"image\/jpeg"}],"author":"Bruno Galv\u00e3o","twitter_card":"summary_large_image","twitter_creator":"@sunoresearch","twitter_site":"@sunoresearch","twitter_misc":{"Escrito por":"Bruno Galv\u00e3o","Est. tempo de leitura":"5 minutos"},"schema":{"@context":"https:\/\/schema.org","@graph":[{"@type":"NewsArticle","@id":"https:\/\/www.suno.com.br\/noticias\/indiciado-por-9-crimes-bolsonaro-aciona-stf-contra-cpi-da-covid\/#article","isPartOf":{"@id":"https:\/\/www.suno.com.br\/noticias\/indiciado-por-9-crimes-bolsonaro-aciona-stf-contra-cpi-da-covid\/"},"author":{"name":"Bruno Galv\u00e3o","@id":"https:\/\/www.suno.com.br\/noticias\/#\/schema\/person\/06f0d962a6b1c54852e4860f16935600"},"headline":"Indiciado por 9 crimes, Bolsonaro aciona STF contra CPI da Covid","datePublished":"2021-10-27T23:16:22+00:00","mainEntityOfPage":{"@id":"https:\/\/www.suno.com.br\/noticias\/indiciado-por-9-crimes-bolsonaro-aciona-stf-contra-cpi-da-covid\/"},"wordCount":1058,"publisher":{"@id":"https:\/\/www.suno.com.br\/noticias\/#organization"},"image":{"@id":"https:\/\/www.suno.com.br\/noticias\/indiciado-por-9-crimes-bolsonaro-aciona-stf-contra-cpi-da-covid\/#primaryimage"},"thumbnailUrl":"https:\/\/files.sunoresearch.com.br\/n\/uploads\/2021\/03\/e1d35659-50998079955_2d3419eb09_b-jpg.webp","keywords":["Comiss\u00e3o Parlamentar de Inqu\u00e9rito (CPI)","Jair Bolsonaro","Supremo Tribunal Federal (STF)"],"articleSection":["Pol\u00edtica"],"inLanguage":"pt-BR"},{"@type":"WebPage","@id":"https:\/\/www.suno.com.br\/noticias\/indiciado-por-9-crimes-bolsonaro-aciona-stf-contra-cpi-da-covid\/","url":"https:\/\/www.suno.com.br\/noticias\/indiciado-por-9-crimes-bolsonaro-aciona-stf-contra-cpi-da-covid\/","name":"Indiciado por 9 crimes, Bolsonaro aciona STF contra CPI da Covid","isPartOf":{"@id":"https:\/\/www.suno.com.br\/noticias\/#website"},"primaryImageOfPage":{"@id":"https:\/\/www.suno.com.br\/noticias\/indiciado-por-9-crimes-bolsonaro-aciona-stf-contra-cpi-da-covid\/#primaryimage"},"image":{"@id":"https:\/\/www.suno.com.br\/noticias\/indiciado-por-9-crimes-bolsonaro-aciona-stf-contra-cpi-da-covid\/#primaryimage"},"thumbnailUrl":"https:\/\/files.sunoresearch.com.br\/n\/uploads\/2021\/03\/e1d35659-50998079955_2d3419eb09_b-jpg.webp","datePublished":"2021-10-27T23:16:22+00:00","description":"Ap\u00f3s ser indiciado pela CPI da covid por 9 crimes diferentes, o presidente Jair Bolsonaro entrou em contato nesta quarta (27)...Saiba mais","breadcrumb":{"@id":"https:\/\/www.suno.com.br\/noticias\/indiciado-por-9-crimes-bolsonaro-aciona-stf-contra-cpi-da-covid\/#breadcrumb"},"inLanguage":"pt-BR","potentialAction":[{"@type":"ReadAction","target":["https:\/\/www.suno.com.br\/noticias\/indiciado-por-9-crimes-bolsonaro-aciona-stf-contra-cpi-da-covid\/"]}]},{"@type":"ImageObject","inLanguage":"pt-BR","@id":"https:\/\/www.suno.com.br\/noticias\/indiciado-por-9-crimes-bolsonaro-aciona-stf-contra-cpi-da-covid\/#primaryimage","url":"https:\/\/files.sunoresearch.com.br\/n\/uploads\/2021\/03\/e1d35659-50998079955_2d3419eb09_b-jpg.webp","contentUrl":"https:\/\/files.sunoresearch.com.br\/n\/uploads\/2021\/03\/e1d35659-50998079955_2d3419eb09_b-jpg.webp","width":1024,"height":683,"caption":"Jair Bolsonaro. Foto: Isac N\u00f3brega\/PR"},{"@type":"BreadcrumbList","@id":"https:\/\/www.suno.com.br\/noticias\/indiciado-por-9-crimes-bolsonaro-aciona-stf-contra-cpi-da-covid\/#breadcrumb","itemListElement":[{"@type":"ListItem","position":1,"name":"Not\u00edcias","item":"https:\/\/www.suno.com.br\/noticias\/"},{"@type":"ListItem","position":2,"name":"Pol\u00edtica","item":"https:\/\/www.suno.com.br\/noticias\/politica\/"},{"@type":"ListItem","position":3,"name":"Indiciado por 9 crimes, Bolsonaro aciona STF contra CPI da Covid"}]},{"@type":"WebSite","@id":"https:\/\/www.suno.com.br\/noticias\/#website","url":"https:\/\/www.suno.com.br\/noticias\/","name":"Suno Not\u00edcias","description":"Seu portal de informa\u00e7\u00e3o sobre o mundo dos investimentos","publisher":{"@id":"https:\/\/www.suno.com.br\/noticias\/#organization"},"potentialAction":[{"@type":"SearchAction","target":{"@type":"EntryPoint","urlTemplate":"https:\/\/www.suno.com.br\/noticias\/?s={search_term_string}"},"query-input":{"@type":"PropertyValueSpecification","valueRequired":true,"valueName":"search_term_string"}}],"inLanguage":"pt-BR"},{"@type":"Organization","@id":"https:\/\/www.suno.com.br\/noticias\/#organization","name":"Suno Not\u00edcias","url":"https:\/\/www.suno.com.br\/noticias\/","logo":{"@type":"ImageObject","inLanguage":"pt-BR","@id":"https:\/\/www.suno.com.br\/noticias\/#\/schema\/logo\/image\/","url":"https:\/\/files.sunoresearch.com.br\/n\/uploads\/2021\/09\/suno-logo.png","contentUrl":"https:\/\/files.sunoresearch.com.br\/n\/uploads\/2021\/09\/suno-logo.png","width":180,"height":180,"caption":"Suno Not\u00edcias"},"image":{"@id":"https:\/\/www.suno.com.br\/noticias\/#\/schema\/logo\/image\/"},"sameAs":["https:\/\/facebook.com\/sunoresearch","https:\/\/x.com\/sunoresearch","https:\/\/www.instagram.com\/suno","https:\/\/www.linkedin.com\/company\/suno-research\/","https:\/\/www.youtube.com\/c\/sunoresearch"]},{"@type":"Person","@id":"https:\/\/www.suno.com.br\/noticias\/#\/schema\/person\/06f0d962a6b1c54852e4860f16935600","name":"Bruno Galv\u00e3o","image":{"@type":"ImageObject","inLanguage":"pt-BR","@id":"https:\/\/www.suno.com.br\/noticias\/#\/schema\/person\/image\/","url":"https:\/\/secure.gravatar.com\/avatar\/53598df0b41c00f12f287a912d0e918e?s=96&r=g","contentUrl":"https:\/\/secure.gravatar.com\/avatar\/53598df0b41c00f12f287a912d0e918e?s=96&r=g","caption":"Bruno Galv\u00e3o"},"description":"Escreve para o portal Suno Not\u00edcias. \u00c9 estudante de Jornalismo pela Faculdade C\u00e1sper L\u00edbero e Letras pela USP. Entusiasta de tecnologia e intelig\u00eancia artificial.","url":"https:\/\/www.suno.com.br\/noticias\/author\/bruno-garcia\/"}]}},"default_loop_html":"<div class=\"cardsPage__listCard__boxs\"><div class=\"cardsPage__listCard__boxs__img\"><a href=\"https:\/\/www.suno.com.br\/noticias\/indiciado-por-9-crimes-bolsonaro-aciona-stf-contra-cpi-da-covid\/\"><img class=\"mask\" src=\"https:\/\/www.suno.com.br\/noticias\/wp-content\/themes\/suno\/resources\/images\/spotlight\/spotlight1img\/bg-mask.png\" alt=\"Image Mask\"\/><img src=\"https:\/\/files.sunoresearch.com.br\/n\/uploads\/2021\/03\/e1d35659-50998079955_2d3419eb09_b-400x200.webp\" alt=\"Indiciado por 9 crimes, Bolsonaro aciona STF contra CPI da Covid\"\/><\/a><span class=\"spotlightCategory\"><a href=\"https:\/\/www.suno.com.br\/noticias\/politica\/\">Pol\u00edtica<\/a><\/span><\/div><div class=\"cardsPage__listCard__boxs__content\"><a href=\"https:\/\/www.suno.com.br\/noticias\/indiciado-por-9-crimes-bolsonaro-aciona-stf-contra-cpi-da-covid\/\"><h2 class=\"content__title\">Indiciado por 9 crimes, Bolsonaro aciona STF contra CPI da Covid<\/h2><\/a><div class=\"newsContent__article__meta\"><div class=\"newsContent__article__meta__authorBox\"><a href=\"https:\/\/www.suno.com.br\/noticias\/author\/bruno-garcia\/\" class=\"authorBox__avatar noMobi\"><img src=\"https:\/\/secure.gravatar.com\/avatar\/53598df0b41c00f12f287a912d0e918e?s=96&#038;r=g\" alt=\"Bruno Galv\u00e3o\"><\/a><div class=\"authorBox__name\"><span>por\n\t\t\t<a href=\"https:\/\/www.suno.com.br\/noticias\/author\/bruno-garcia\/\"><span itemprop=\"author\">Bruno Galv\u00e3o<\/span><\/a><\/span><time datetime=\"2021-10-27T20:16:22-03:00\" itemprop=\"datePublished\">27\/10\/2021 20:16<\/time><\/div><\/div><\/div><\/div><\/div>","single_layout":"posts","amp_enabled":true,"_links":{"self":[{"href":"https:\/\/www.suno.com.br\/noticias\/wp-json\/wp\/v2\/posts\/198105"}],"collection":[{"href":"https:\/\/www.suno.com.br\/noticias\/wp-json\/wp\/v2\/posts"}],"about":[{"href":"https:\/\/www.suno.com.br\/noticias\/wp-json\/wp\/v2\/types\/post"}],"author":[{"embeddable":true,"href":"https:\/\/www.suno.com.br\/noticias\/wp-json\/wp\/v2\/users\/118"}],"replies":[{"embeddable":true,"href":"https:\/\/www.suno.com.br\/noticias\/wp-json\/wp\/v2\/comments?post=198105"}],"version-history":[{"count":3,"href":"https:\/\/www.suno.com.br\/noticias\/wp-json\/wp\/v2\/posts\/198105\/revisions"}],"predecessor-version":[{"id":198204,"href":"https:\/\/www.suno.com.br\/noticias\/wp-json\/wp\/v2\/posts\/198105\/revisions\/198204"}],"wp:featuredmedia":[{"embeddable":true,"href":"https:\/\/www.suno.com.br\/noticias\/wp-json\/wp\/v2\/media\/135536"}],"wp:attachment":[{"href":"https:\/\/www.suno.com.br\/noticias\/wp-json\/wp\/v2\/media?parent=198105"}],"wp:term":[{"taxonomy":"category","embeddable":true,"href":"https:\/\/www.suno.com.br\/noticias\/wp-json\/wp\/v2\/categories?post=198105"},{"taxonomy":"post_tag","embeddable":true,"href":"https:\/\/www.suno.com.br\/noticias\/wp-json\/wp\/v2\/tags?post=198105"},{"taxonomy":"suno_strategy","embeddable":true,"href":"https:\/\/www.suno.com.br\/noticias\/wp-json\/wp\/v2\/suno_strategy?post=198105"}],"curies":[{"name":"wp","href":"https:\/\/api.w.org\/{rel}","templated":true}]}}