{"id":198054,"date":"2021-10-28T11:01:44","date_gmt":"2021-10-28T14:01:44","guid":{"rendered":"https:\/\/www.suno.com.br\/noticias\/?p=198054"},"modified":"2021-10-28T11:01:44","modified_gmt":"2021-10-28T14:01:44","slug":"governo-estrategia-divida-publica-ministerio-da-economia","status":"publish","type":"post","link":"https:\/\/www.suno.com.br\/noticias\/governo-estrategia-divida-publica-ministerio-da-economia\/","title":{"rendered":"Governo n\u00e3o ir\u00e1 mudar estrat\u00e9gia da d\u00edvida p\u00fablica ap\u00f3s debanada"},"content":{"rendered":"<p>Segundo o coordenador-geral de Opera\u00e7\u00f5es da <a class=\"suno-keyword\" href=\"https:\/\/www.suno.com.br\/artigos\/divida-publica\/\" target=\"_blank\" rel=\"noopener\" data-force=\"no\" data-priority=\"1\"><strong>D\u00edvida P\u00fablica<\/strong><\/a>, Luis Felipe Vital, ap\u00f3s a debandada de secret\u00e1rios do Minist\u00e9rio da Economia, n\u00e3o ocorrer\u00e1 altera\u00e7\u00e3o na gest\u00e3o da d\u00edvida p\u00fablica federal.<\/p>\t<div class=\"wrapper-featured-image\">\n\t\t<figure class=\"spotlightImg\">\n\n\t\t\t<picture>\n\t\t\t\t<source media=\"(max-width: 768px)\" srcset=\"https:\/\/files.sunoresearch.com.br\/n\/uploads\/2021\/10\/jfcrz_abr_26021912169-400x200.jpg\">\n\t\t\t\t<img loading=\"lazy\" decoding=\"async\" class=\"newsContent__article__imgCapa lazyloadDisabled \" src=\"https:\/\/files.sunoresearch.com.br\/n\/uploads\/2021\/10\/jfcrz_abr_26021912169-800x450.jpg\" width=\"800\" height=\"450\" alt=\"Governo n\u00e3o ir\u00e1 mudar estrat\u00e9gia da d\u00edvida p\u00fablica ap\u00f3s debanada\" fetchpriority=high \/>\n\t\t\t<\/picture>\n\n\t\t\t<figcaption class=\"wp-caption-text wp-caption-text--show\">Vital (foto) d\u00e1 declara\u00e7\u00e3o ap\u00f3s debanada do minist\u00e9rio motivada por imbr\u00f3glio no teto de gastos - Foto: Ag\u00eancia Brasil<\/figcaption>\n\t\t<\/figure>\n\t<\/div>\n\n\n\t<p>\n\t\t<a href=\"https:\/\/lp.suno.com.br\/planilha-controle-gastos\/\" target=\"_blank\" data-element=\"shortcode-suno-banner\" title=\"Banner SUNO, clique e saiba mais\">\n\t\t\t<picture>\n\t\t\t\t<source media=\"(max-width: 500px)\" srcset=\"https:\/\/files.sunoresearch.com.br\/n\/uploads\/2023\/03\/400x300-Planilha-controle-de-gastos.png\">\n\t\t\t\t<img class=\"newsContent__article__imgCapa newsContent__article__imgCapa--banner\"\n\t\t\t\t\tsrc=\"https:\/\/files.sunoresearch.com.br\/n\/uploads\/2023\/03\/1420x240-Planilha-controle-de-gastos.png\"\n\t\t\t\t\tdata-promo-id=\"101751\"\t\t\t\t\t\t\t\t\t\twidth='1420' height='240'\t\t\t\t\talt=\"https:\/\/files.sunoresearch.com.br\/n\/uploads\/2023\/03\/1420x240-Planilha-controle-de-gastos.png\"\n\t\t\t\t>\n\t\t\t<\/picture>\n\t\t<\/a>\n\t<\/p>\n\n\n<p>&#8220;N\u00e3o temos previs\u00e3o de mudan\u00e7a na <strong>estrat\u00e9gia da d\u00edvida<\/strong>. N\u00e3o temos perspectiva de mudar nenhum ponto na estrat\u00e9gia da d\u00edvida p\u00fablica deste ano&#8221;, completou o secret\u00e1rio.<\/p>\n<p>Ele disse ainda que a alta na <strong><a class=\"suno-keyword\" href=\"https:\/\/www.suno.com.br\/artigos\/curva-de-juros\/\" target=\"_blank\" rel=\"noopener\" data-force=\"no\" data-priority=\"1\">curva de juros<\/a> <\/strong>registrada no m\u00eas de outubro &#8220;basicamente traduz o notici\u00e1rio fiscal&#8221;.<\/p>\n<p>&#8220;O Tesouro teve uma postura mais ativa no acompanhamento de mercado em outubro, para ajustar a atua\u00e7\u00e3o a condi\u00e7\u00f5es de mercado. Quando observamos o mercado com maior volatilidade, ajustamos lotes de leil\u00e3o e hor\u00e1rios de portarias para contribuir com estabilidade&#8221;, completou.<\/p>\n\t<div data-element=\"shortcode-read-more\" class=\"knowMore\">\n\t\t\t\t<span class=\"knowMore__title\">Leia mais<\/span>\n\t\t\t\t<a class=\"knowMore__link\" href=\"https:\/\/www.suno.com.br\/noticias\/mp-sera-maior-boom-ferroviario-da-historia-do-pais-diz-tarcisio\/\">\n\t\t\tMP ser\u00e1 &#039;maior boom ferrovi\u00e1rio da hist\u00f3ria&#039; do Pa\u00eds, diz Tarc\u00edsio\t\t<\/a>\n\t<\/div>\n\n\n<p>Segundo Vital, isso explica o leil\u00e3o de menor volume registrado ontem.<\/p>\n<p>Ele ressaltou que, em outubro, a DPF poder\u00e1 voltar a observar resgate l\u00edquido depois de vencimentos &#8220;expressivos&#8221; &#8211; R$ 270 bilh\u00f5es s\u00f3 de LTN. Em novembro e dezembro, por\u00e9m, a expectativa \u00e9 de emiss\u00f5es l\u00edquidas.<\/p>\n<p>Em rela\u00e7\u00e3o ao aumento no <strong>custo da d\u00edvida p\u00fablica<\/strong> &#8212; que subiu de 6,44% a.a. em agosto para 6,91% a.a. em setembro &#8212; o secret\u00e1rio ressaltou que h\u00e1 uma s\u00e9rie de elementos que explicam isso, como a alta na infla\u00e7\u00e3o e na Selic.<\/p>\n\t<p>\n\t\t<a href=\"https:\/\/lp.suno.com.br\/planilha-da-vida-financeira\/\" target=\"_blank\" data-element=\"shortcode-suno-banner\" title=\"Banner SUNO, clique e saiba mais\">\n\t\t\t<picture>\n\t\t\t\t<source media=\"(max-width: 500px)\" srcset=\"https:\/\/files.sunoresearch.com.br\/n\/uploads\/2023\/04\/400x300-Planilha-vida-financeira-true.png\">\n\t\t\t\t<img class=\"newsContent__article__imgCapa newsContent__article__imgCapa--banner\"\n\t\t\t\t\tsrc=\"https:\/\/files.sunoresearch.com.br\/n\/uploads\/2023\/04\/1420x240-Planilha-vida-financeira-true.png\"\n\t\t\t\t\tdata-promo-id=\"106682\"\t\t\t\t\t\t\t\t\t\twidth='1420' height='240'\t\t\t\t\talt=\"https:\/\/files.sunoresearch.com.br\/n\/uploads\/2023\/04\/1420x240-Planilha-vida-financeira-true.png\"\n\t\t\t\t>\n\t\t\t<\/picture>\n\t\t<\/a>\n\t<\/p>\n\n\n<h2>Resgates<\/h2>\n<p>Vital disse que o resgate de pap\u00e9is registrados em setembro foi o segundo maior da hist\u00f3ria, atr\u00e1s apenas de abril deste ano. Em setembro, os resgates somaram R$ 236,198 bilh\u00f5es.<\/p>\n<p>Isso se deveu \u00e0 concentra\u00e7\u00e3o de vencimentos no m\u00eas passado, principalmente de pap\u00e9is atrelados \u00e0 <a class=\"suno-keyword\" href=\"https:\/\/www.suno.com.br\/artigos\/taxa-selic\/\" target=\"_blank\" rel=\"noopener\" data-force=\"no\" data-priority=\"3\">taxa Selic<\/a> &#8211; 96% dos resgates foram de LFT.<\/p>\n<p>&#8220;Setembro registrou maior avers\u00e3o a risco por investidores. Houve aumento na percep\u00e7\u00e3o de risco de emergentes em setembro&#8221;, completou.<\/p>\n\t<p>\n\t\t<a href=\"https:\/\/lp.suno.com.br\/ebook-como-analisar-uma-acao\/\" target=\"_blank\" data-element=\"shortcode-suno-banner\" title=\"Banner SUNO, clique e saiba mais\">\n\t\t\t<picture>\n\t\t\t\t<source media=\"(max-width: 500px)\" srcset=\"https:\/\/files.sunoresearch.com.br\/n\/uploads\/2023\/03\/Ebook-Acoes-Mobile-1.jpg\">\n\t\t\t\t<img class=\"newsContent__article__imgCapa newsContent__article__imgCapa--banner\"\n\t\t\t\t\tsrc=\"https:\/\/files.sunoresearch.com.br\/n\/uploads\/2023\/03\/Ebook-Acoes-Desktop-1.jpg\"\n\t\t\t\t\tdata-promo-id=\"171998\"\t\t\t\t\t\t\t\t\t\twidth='1420' height='286'\t\t\t\t\talt=\"https:\/\/files.sunoresearch.com.br\/n\/uploads\/2023\/03\/Ebook-Acoes-Desktop-1.jpg\"\n\t\t\t\t>\n\t\t\t<\/picture>\n\t\t<\/a>\n\t<\/p>\n\n\n<p>De acordo com o coordenador-geral de Opera\u00e7\u00f5es da <strong>D\u00edvida P\u00fablica<\/strong>, o aumento na curva de juros em setembro foi explicado por preocupa\u00e7\u00f5es com o fiscal. H\u00e1 pouco, o Tesouro informou ainda que a divulga\u00e7\u00e3o do Relat\u00f3rio Semestral de Proje\u00e7\u00f5es da D\u00edvida P\u00fablica, prevista para hoje, foi adiada para novembro.<\/p>\n<h2>D\u00edvida P\u00fablica Federal caiu para R$ 5,4 trilh\u00f5es<\/h2>\n<p>O estoque da D\u00edvida P\u00fablica Federal recuou 0,68% em setembro e fechou o m\u00eas em R$ 5,443 trilh\u00f5es. Os dados foram divulgados nesta quarta-feira, 27, pelo <a class=\"suno-keyword\" href=\"https:\/\/www.suno.com.br\/artigos\/tesouro-nacional\/\" target=\"_blank\" rel=\"noopener\" data-force=\"no\" data-priority=\"2\">Tesouro Nacional<\/a>. Em agosto, o estoque estava em R$ 5,480 trilh\u00f5es.<\/p>\n<p>A corre\u00e7\u00e3o de juros no estoque da DPF foi de R$ 52,92 bilh\u00f5es no m\u00eas passado, enquanto houve resgate l\u00edquido de R$ 90,27 bilh\u00f5es.<\/p>\n<p>A DPF inclui a <a class=\"suno-keyword\" href=\"https:\/\/www.suno.com.br\/artigos\/divida-interna\/\" target=\"_blank\" rel=\"noopener\" data-force=\"no\" data-priority=\"1\">d\u00edvida interna<\/a> e externa. A D\u00edvida P\u00fablica Mobili\u00e1ria Federal interna (DPMFi) subiu 0,98% em setembro e fechou o m\u00eas em R$ 5,185 trilh\u00f5es.<\/p>\n<p>J\u00e1 a <strong>D\u00edvida P\u00fablica<\/strong> Federal externa (DPFe) ficou 5,83% maior no m\u00eas, somando R$ 257,7 bilh\u00f5es ao fim de setembro.<\/p>\n<p><em>(Com informa\u00e7\u00f5es do Estad\u00e3o Conte\u00fado)<\/em><\/p>\n\t<p>\n\t\t<a href=\"https:\/\/lp.suno.com.br\/planilha-de-controle-de-investimentos\/\" target=\"_blank\" data-element=\"shortcode-suno-banner\" title=\"Banner SUNO, clique e saiba mais\">\n\t\t\t<picture>\n\t\t\t\t<source media=\"(max-width: 500px)\" srcset=\"https:\/\/files.sunoresearch.com.br\/n\/uploads\/2023\/03\/400x300-Controle-de-Investimentos.png\">\n\t\t\t\t<img class=\"newsContent__article__imgCapa newsContent__article__imgCapa--banner\"\n\t\t\t\t\tsrc=\"https:\/\/files.sunoresearch.com.br\/n\/uploads\/2023\/03\/1420x240-Controle-de-Investimentos.png\"\n\t\t\t\t\tdata-promo-id=\"75934\"\t\t\t\t\t\t\t\t\t\twidth='1420' height='240'\t\t\t\t\talt=\"https:\/\/files.sunoresearch.com.br\/n\/uploads\/2023\/03\/1420x240-Controle-de-Investimentos.png\"\n\t\t\t\t>\n\t\t\t<\/picture>\n\t\t<\/a>\n\t<\/p>\n\n\n","protected":false},"excerpt":{"rendered":"<p>Segundo o coordenador-geral de Opera\u00e7\u00f5es da D\u00edvida P\u00fablica, Luis Felipe Vital, ap\u00f3s a debandada de secret\u00e1rios do Minist\u00e9rio da Economia, n\u00e3o ocorrer\u00e1 altera\u00e7\u00e3o na gest\u00e3o da d\u00edvida p\u00fablica federal. Vital (foto) d\u00e1 declara\u00e7\u00e3o ap\u00f3s debanada do minist\u00e9rio motivada por imbr\u00f3glio no teto de gastos &#8211; Foto: Ag\u00eancia Brasil &#8220;N\u00e3o temos previs\u00e3o de mudan\u00e7a na estrat\u00e9gia [&hellip;]<\/p>\n","protected":false},"author":73,"featured_media":198369,"comment_status":"closed","ping_status":"closed","sticky":false,"template":"","format":"standard","meta":[],"categories":[62],"tags":[106444,1265],"suno_strategy":[],"class_list":["post-198054","post","type-post","status-publish","format-standard","has-post-thumbnail","hentry","category-economia","tag-agencias","tag-divida-publica-federal"],"yoast_head":"<!-- This site is optimized with the Yoast SEO plugin v24.4 - https:\/\/yoast.com\/wordpress\/plugins\/seo\/ -->\n<title>Governo n\u00e3o ir\u00e1 mudar estrat\u00e9gia da d\u00edvida p\u00fablica ap\u00f3s debanada<\/title>\n<meta name=\"description\" content=\"O secret\u00e1rio da d\u00edvida p\u00fablica tamb\u00e9m disse que a alta na curva de juros registrada em outubro &quot;traduz o notici\u00e1rio fiscal&quot;. Leia mais.\" \/>\n<meta name=\"robots\" content=\"index, follow, max-snippet:-1, max-image-preview:large, max-video-preview:-1\" \/>\n<link rel=\"canonical\" href=\"https:\/\/www.suno.com.br\/noticias\/governo-estrategia-divida-publica-ministerio-da-economia\/\" \/>\n<meta property=\"og:locale\" content=\"pt_BR\" \/>\n<meta property=\"og:type\" content=\"article\" \/>\n<meta property=\"og:title\" content=\"Governo n\u00e3o ir\u00e1 mudar estrat\u00e9gia da d\u00edvida p\u00fablica ap\u00f3s debanada\" \/>\n<meta property=\"og:description\" content=\"O secret\u00e1rio da d\u00edvida p\u00fablica tamb\u00e9m disse que a alta na curva de juros registrada em outubro &quot;traduz o notici\u00e1rio fiscal&quot;. Leia mais.\" \/>\n<meta property=\"og:url\" content=\"https:\/\/www.suno.com.br\/noticias\/governo-estrategia-divida-publica-ministerio-da-economia\/\" \/>\n<meta property=\"og:site_name\" content=\"Suno Not\u00edcias\" \/>\n<meta property=\"article:publisher\" content=\"https:\/\/facebook.com\/sunoresearch\" \/>\n<meta property=\"og:image\" content=\"https:\/\/files.sunoresearch.com.br\/n\/uploads\/2021\/10\/jfcrz_abr_26021912169-scaled.jpg\" \/>\n\t<meta property=\"og:image:width\" content=\"2560\" \/>\n\t<meta property=\"og:image:height\" content=\"1707\" \/>\n\t<meta property=\"og:image:type\" content=\"image\/jpeg\" \/>\n<meta name=\"author\" content=\"Eduardo Vargas\" \/>\n<meta name=\"twitter:card\" content=\"summary_large_image\" \/>\n<meta name=\"twitter:creator\" content=\"@sunoresearch\" \/>\n<meta name=\"twitter:site\" content=\"@sunoresearch\" \/>\n<meta name=\"twitter:label1\" content=\"Escrito por\" \/>\n\t<meta name=\"twitter:data1\" content=\"Eduardo Vargas\" \/>\n\t<meta name=\"twitter:label2\" content=\"Est. tempo de leitura\" \/>\n\t<meta name=\"twitter:data2\" content=\"3 minutos\" \/>\n<script type=\"application\/ld+json\" class=\"yoast-schema-graph\">{\"@context\":\"https:\/\/schema.org\",\"@graph\":[{\"@type\":\"NewsArticle\",\"@id\":\"https:\/\/www.suno.com.br\/noticias\/governo-estrategia-divida-publica-ministerio-da-economia\/#article\",\"isPartOf\":{\"@id\":\"https:\/\/www.suno.com.br\/noticias\/governo-estrategia-divida-publica-ministerio-da-economia\/\"},\"author\":{\"name\":\"Eduardo Vargas\",\"@id\":\"https:\/\/www.suno.com.br\/noticias\/#\/schema\/person\/7f4d362bf3518e76090143ae77bb49a5\"},\"headline\":\"Governo n\u00e3o ir\u00e1 mudar estrat\u00e9gia da d\u00edvida p\u00fablica ap\u00f3s debanada\",\"datePublished\":\"2021-10-28T14:01:44+00:00\",\"mainEntityOfPage\":{\"@id\":\"https:\/\/www.suno.com.br\/noticias\/governo-estrategia-divida-publica-ministerio-da-economia\/\"},\"wordCount\":549,\"publisher\":{\"@id\":\"https:\/\/www.suno.com.br\/noticias\/#organization\"},\"image\":{\"@id\":\"https:\/\/www.suno.com.br\/noticias\/governo-estrategia-divida-publica-ministerio-da-economia\/#primaryimage\"},\"thumbnailUrl\":\"https:\/\/files.sunoresearch.com.br\/n\/uploads\/2021\/10\/jfcrz_abr_26021912169-scaled.jpg\",\"keywords\":[\"Ag\u00eancias\",\"D\u00edvida P\u00fablica Federal\"],\"articleSection\":[\"Economia\"],\"inLanguage\":\"pt-BR\"},{\"@type\":\"WebPage\",\"@id\":\"https:\/\/www.suno.com.br\/noticias\/governo-estrategia-divida-publica-ministerio-da-economia\/\",\"url\":\"https:\/\/www.suno.com.br\/noticias\/governo-estrategia-divida-publica-ministerio-da-economia\/\",\"name\":\"Governo n\u00e3o ir\u00e1 mudar estrat\u00e9gia da d\u00edvida p\u00fablica ap\u00f3s debanada\",\"isPartOf\":{\"@id\":\"https:\/\/www.suno.com.br\/noticias\/#website\"},\"primaryImageOfPage\":{\"@id\":\"https:\/\/www.suno.com.br\/noticias\/governo-estrategia-divida-publica-ministerio-da-economia\/#primaryimage\"},\"image\":{\"@id\":\"https:\/\/www.suno.com.br\/noticias\/governo-estrategia-divida-publica-ministerio-da-economia\/#primaryimage\"},\"thumbnailUrl\":\"https:\/\/files.sunoresearch.com.br\/n\/uploads\/2021\/10\/jfcrz_abr_26021912169-scaled.jpg\",\"datePublished\":\"2021-10-28T14:01:44+00:00\",\"description\":\"O secret\u00e1rio da d\u00edvida p\u00fablica tamb\u00e9m disse que a alta na curva de juros registrada em outubro \\\"traduz o notici\u00e1rio fiscal\\\". Leia mais.\",\"breadcrumb\":{\"@id\":\"https:\/\/www.suno.com.br\/noticias\/governo-estrategia-divida-publica-ministerio-da-economia\/#breadcrumb\"},\"inLanguage\":\"pt-BR\",\"potentialAction\":[{\"@type\":\"ReadAction\",\"target\":[\"https:\/\/www.suno.com.br\/noticias\/governo-estrategia-divida-publica-ministerio-da-economia\/\"]}]},{\"@type\":\"ImageObject\",\"inLanguage\":\"pt-BR\",\"@id\":\"https:\/\/www.suno.com.br\/noticias\/governo-estrategia-divida-publica-ministerio-da-economia\/#primaryimage\",\"url\":\"https:\/\/files.sunoresearch.com.br\/n\/uploads\/2021\/10\/jfcrz_abr_26021912169-scaled.jpg\",\"contentUrl\":\"https:\/\/files.sunoresearch.com.br\/n\/uploads\/2021\/10\/jfcrz_abr_26021912169-scaled.jpg\",\"width\":2560,\"height\":1707,\"caption\":\"Vital (foto) d\u00e1 declara\u00e7\u00e3o ap\u00f3s debanada do minist\u00e9rio motivada por imbr\u00f3glio no teto de gastos - Foto: Ag\u00eancia Brasil\"},{\"@type\":\"BreadcrumbList\",\"@id\":\"https:\/\/www.suno.com.br\/noticias\/governo-estrategia-divida-publica-ministerio-da-economia\/#breadcrumb\",\"itemListElement\":[{\"@type\":\"ListItem\",\"position\":1,\"name\":\"Not\u00edcias\",\"item\":\"https:\/\/www.suno.com.br\/noticias\/\"},{\"@type\":\"ListItem\",\"position\":2,\"name\":\"Economia\",\"item\":\"https:\/\/www.suno.com.br\/noticias\/economia\/\"},{\"@type\":\"ListItem\",\"position\":3,\"name\":\"Governo n\u00e3o ir\u00e1 mudar estrat\u00e9gia da d\u00edvida p\u00fablica ap\u00f3s debanada\"}]},{\"@type\":\"WebSite\",\"@id\":\"https:\/\/www.suno.com.br\/noticias\/#website\",\"url\":\"https:\/\/www.suno.com.br\/noticias\/\",\"name\":\"Suno Not\u00edcias\",\"description\":\"Seu portal de informa\u00e7\u00e3o sobre o mundo dos investimentos\",\"publisher\":{\"@id\":\"https:\/\/www.suno.com.br\/noticias\/#organization\"},\"potentialAction\":[{\"@type\":\"SearchAction\",\"target\":{\"@type\":\"EntryPoint\",\"urlTemplate\":\"https:\/\/www.suno.com.br\/noticias\/?s={search_term_string}\"},\"query-input\":{\"@type\":\"PropertyValueSpecification\",\"valueRequired\":true,\"valueName\":\"search_term_string\"}}],\"inLanguage\":\"pt-BR\"},{\"@type\":\"Organization\",\"@id\":\"https:\/\/www.suno.com.br\/noticias\/#organization\",\"name\":\"Suno Not\u00edcias\",\"url\":\"https:\/\/www.suno.com.br\/noticias\/\",\"logo\":{\"@type\":\"ImageObject\",\"inLanguage\":\"pt-BR\",\"@id\":\"https:\/\/www.suno.com.br\/noticias\/#\/schema\/logo\/image\/\",\"url\":\"https:\/\/files.sunoresearch.com.br\/n\/uploads\/2021\/09\/suno-logo.png\",\"contentUrl\":\"https:\/\/files.sunoresearch.com.br\/n\/uploads\/2021\/09\/suno-logo.png\",\"width\":180,\"height\":180,\"caption\":\"Suno Not\u00edcias\"},\"image\":{\"@id\":\"https:\/\/www.suno.com.br\/noticias\/#\/schema\/logo\/image\/\"},\"sameAs\":[\"https:\/\/facebook.com\/sunoresearch\",\"https:\/\/x.com\/sunoresearch\",\"https:\/\/www.instagram.com\/suno\",\"https:\/\/www.linkedin.com\/company\/suno-research\/\",\"https:\/\/www.youtube.com\/c\/sunoresearch\"]},{\"@type\":\"Person\",\"@id\":\"https:\/\/www.suno.com.br\/noticias\/#\/schema\/person\/7f4d362bf3518e76090143ae77bb49a5\",\"name\":\"Eduardo Vargas\",\"image\":{\"@type\":\"ImageObject\",\"inLanguage\":\"pt-BR\",\"@id\":\"https:\/\/www.suno.com.br\/noticias\/#\/schema\/person\/image\/\",\"url\":\"https:\/\/secure.gravatar.com\/avatar\/dac340933427a22924c9f99d1eb2e3f2?s=96&r=g\",\"contentUrl\":\"https:\/\/secure.gravatar.com\/avatar\/dac340933427a22924c9f99d1eb2e3f2?s=96&r=g\",\"caption\":\"Eduardo Vargas\"},\"description\":\"Jornalista formado pela UFSC, cobre macroeconomia, neg\u00f3cios e startups para o Suno Not\u00edcias, escrevendo principalmente not\u00edcias sobre o mercado financeiro e a bolsa de valores. No YouTube e no Instagram, \u00e9 respons\u00e1vel pela produ\u00e7\u00e3o de Reels e Shorts do Suno Not\u00edcias. Anteriormente, trabalhou cobrindo economia e cotidiano no ND+ e para o ND, maior jornal impresso de Santa Catarina. Cursou um semestre letivo de Estudos de M\u00eddia na Universidad de Buenos Aires.\",\"url\":\"https:\/\/www.suno.com.br\/noticias\/author\/eduardo-vargas\/\"}]}<\/script>\n<!-- \/ Yoast SEO plugin. -->","yoast_head_json":{"title":"Governo n\u00e3o ir\u00e1 mudar estrat\u00e9gia da d\u00edvida p\u00fablica ap\u00f3s debanada","description":"O secret\u00e1rio da d\u00edvida p\u00fablica tamb\u00e9m disse que a alta na curva de juros registrada em outubro \"traduz o notici\u00e1rio fiscal\". Leia mais.","robots":{"index":"index","follow":"follow","max-snippet":"max-snippet:-1","max-image-preview":"max-image-preview:large","max-video-preview":"max-video-preview:-1"},"canonical":"https:\/\/www.suno.com.br\/noticias\/governo-estrategia-divida-publica-ministerio-da-economia\/","og_locale":"pt_BR","og_type":"article","og_title":"Governo n\u00e3o ir\u00e1 mudar estrat\u00e9gia da d\u00edvida p\u00fablica ap\u00f3s debanada","og_description":"O secret\u00e1rio da d\u00edvida p\u00fablica tamb\u00e9m disse que a alta na curva de juros registrada em outubro \"traduz o notici\u00e1rio fiscal\". Leia mais.","og_url":"https:\/\/www.suno.com.br\/noticias\/governo-estrategia-divida-publica-ministerio-da-economia\/","og_site_name":"Suno Not\u00edcias","article_publisher":"https:\/\/facebook.com\/sunoresearch","og_image":[{"width":2560,"height":1707,"url":"https:\/\/files.sunoresearch.com.br\/n\/uploads\/2021\/10\/jfcrz_abr_26021912169-scaled.jpg","type":"image\/jpeg"}],"author":"Eduardo Vargas","twitter_card":"summary_large_image","twitter_creator":"@sunoresearch","twitter_site":"@sunoresearch","twitter_misc":{"Escrito por":"Eduardo Vargas","Est. tempo de leitura":"3 minutos"},"schema":{"@context":"https:\/\/schema.org","@graph":[{"@type":"NewsArticle","@id":"https:\/\/www.suno.com.br\/noticias\/governo-estrategia-divida-publica-ministerio-da-economia\/#article","isPartOf":{"@id":"https:\/\/www.suno.com.br\/noticias\/governo-estrategia-divida-publica-ministerio-da-economia\/"},"author":{"name":"Eduardo Vargas","@id":"https:\/\/www.suno.com.br\/noticias\/#\/schema\/person\/7f4d362bf3518e76090143ae77bb49a5"},"headline":"Governo n\u00e3o ir\u00e1 mudar estrat\u00e9gia da d\u00edvida p\u00fablica ap\u00f3s debanada","datePublished":"2021-10-28T14:01:44+00:00","mainEntityOfPage":{"@id":"https:\/\/www.suno.com.br\/noticias\/governo-estrategia-divida-publica-ministerio-da-economia\/"},"wordCount":549,"publisher":{"@id":"https:\/\/www.suno.com.br\/noticias\/#organization"},"image":{"@id":"https:\/\/www.suno.com.br\/noticias\/governo-estrategia-divida-publica-ministerio-da-economia\/#primaryimage"},"thumbnailUrl":"https:\/\/files.sunoresearch.com.br\/n\/uploads\/2021\/10\/jfcrz_abr_26021912169-scaled.jpg","keywords":["Ag\u00eancias","D\u00edvida P\u00fablica Federal"],"articleSection":["Economia"],"inLanguage":"pt-BR"},{"@type":"WebPage","@id":"https:\/\/www.suno.com.br\/noticias\/governo-estrategia-divida-publica-ministerio-da-economia\/","url":"https:\/\/www.suno.com.br\/noticias\/governo-estrategia-divida-publica-ministerio-da-economia\/","name":"Governo n\u00e3o ir\u00e1 mudar estrat\u00e9gia da d\u00edvida p\u00fablica ap\u00f3s debanada","isPartOf":{"@id":"https:\/\/www.suno.com.br\/noticias\/#website"},"primaryImageOfPage":{"@id":"https:\/\/www.suno.com.br\/noticias\/governo-estrategia-divida-publica-ministerio-da-economia\/#primaryimage"},"image":{"@id":"https:\/\/www.suno.com.br\/noticias\/governo-estrategia-divida-publica-ministerio-da-economia\/#primaryimage"},"thumbnailUrl":"https:\/\/files.sunoresearch.com.br\/n\/uploads\/2021\/10\/jfcrz_abr_26021912169-scaled.jpg","datePublished":"2021-10-28T14:01:44+00:00","description":"O secret\u00e1rio da d\u00edvida p\u00fablica tamb\u00e9m disse que a alta na curva de juros registrada em outubro \"traduz o notici\u00e1rio fiscal\". Leia mais.","breadcrumb":{"@id":"https:\/\/www.suno.com.br\/noticias\/governo-estrategia-divida-publica-ministerio-da-economia\/#breadcrumb"},"inLanguage":"pt-BR","potentialAction":[{"@type":"ReadAction","target":["https:\/\/www.suno.com.br\/noticias\/governo-estrategia-divida-publica-ministerio-da-economia\/"]}]},{"@type":"ImageObject","inLanguage":"pt-BR","@id":"https:\/\/www.suno.com.br\/noticias\/governo-estrategia-divida-publica-ministerio-da-economia\/#primaryimage","url":"https:\/\/files.sunoresearch.com.br\/n\/uploads\/2021\/10\/jfcrz_abr_26021912169-scaled.jpg","contentUrl":"https:\/\/files.sunoresearch.com.br\/n\/uploads\/2021\/10\/jfcrz_abr_26021912169-scaled.jpg","width":2560,"height":1707,"caption":"Vital (foto) d\u00e1 declara\u00e7\u00e3o ap\u00f3s debanada do minist\u00e9rio motivada por imbr\u00f3glio no teto de gastos - Foto: Ag\u00eancia Brasil"},{"@type":"BreadcrumbList","@id":"https:\/\/www.suno.com.br\/noticias\/governo-estrategia-divida-publica-ministerio-da-economia\/#breadcrumb","itemListElement":[{"@type":"ListItem","position":1,"name":"Not\u00edcias","item":"https:\/\/www.suno.com.br\/noticias\/"},{"@type":"ListItem","position":2,"name":"Economia","item":"https:\/\/www.suno.com.br\/noticias\/economia\/"},{"@type":"ListItem","position":3,"name":"Governo n\u00e3o ir\u00e1 mudar estrat\u00e9gia da d\u00edvida p\u00fablica ap\u00f3s debanada"}]},{"@type":"WebSite","@id":"https:\/\/www.suno.com.br\/noticias\/#website","url":"https:\/\/www.suno.com.br\/noticias\/","name":"Suno Not\u00edcias","description":"Seu portal de informa\u00e7\u00e3o sobre o mundo dos investimentos","publisher":{"@id":"https:\/\/www.suno.com.br\/noticias\/#organization"},"potentialAction":[{"@type":"SearchAction","target":{"@type":"EntryPoint","urlTemplate":"https:\/\/www.suno.com.br\/noticias\/?s={search_term_string}"},"query-input":{"@type":"PropertyValueSpecification","valueRequired":true,"valueName":"search_term_string"}}],"inLanguage":"pt-BR"},{"@type":"Organization","@id":"https:\/\/www.suno.com.br\/noticias\/#organization","name":"Suno Not\u00edcias","url":"https:\/\/www.suno.com.br\/noticias\/","logo":{"@type":"ImageObject","inLanguage":"pt-BR","@id":"https:\/\/www.suno.com.br\/noticias\/#\/schema\/logo\/image\/","url":"https:\/\/files.sunoresearch.com.br\/n\/uploads\/2021\/09\/suno-logo.png","contentUrl":"https:\/\/files.sunoresearch.com.br\/n\/uploads\/2021\/09\/suno-logo.png","width":180,"height":180,"caption":"Suno Not\u00edcias"},"image":{"@id":"https:\/\/www.suno.com.br\/noticias\/#\/schema\/logo\/image\/"},"sameAs":["https:\/\/facebook.com\/sunoresearch","https:\/\/x.com\/sunoresearch","https:\/\/www.instagram.com\/suno","https:\/\/www.linkedin.com\/company\/suno-research\/","https:\/\/www.youtube.com\/c\/sunoresearch"]},{"@type":"Person","@id":"https:\/\/www.suno.com.br\/noticias\/#\/schema\/person\/7f4d362bf3518e76090143ae77bb49a5","name":"Eduardo Vargas","image":{"@type":"ImageObject","inLanguage":"pt-BR","@id":"https:\/\/www.suno.com.br\/noticias\/#\/schema\/person\/image\/","url":"https:\/\/secure.gravatar.com\/avatar\/dac340933427a22924c9f99d1eb2e3f2?s=96&r=g","contentUrl":"https:\/\/secure.gravatar.com\/avatar\/dac340933427a22924c9f99d1eb2e3f2?s=96&r=g","caption":"Eduardo Vargas"},"description":"Jornalista formado pela UFSC, cobre macroeconomia, neg\u00f3cios e startups para o Suno Not\u00edcias, escrevendo principalmente not\u00edcias sobre o mercado financeiro e a bolsa de valores. No YouTube e no Instagram, \u00e9 respons\u00e1vel pela produ\u00e7\u00e3o de Reels e Shorts do Suno Not\u00edcias. Anteriormente, trabalhou cobrindo economia e cotidiano no ND+ e para o ND, maior jornal impresso de Santa Catarina. Cursou um semestre letivo de Estudos de M\u00eddia na Universidad de Buenos Aires.","url":"https:\/\/www.suno.com.br\/noticias\/author\/eduardo-vargas\/"}]}},"default_loop_html":"<div class=\"cardsPage__listCard__boxs\"><div class=\"cardsPage__listCard__boxs__img\"><a href=\"https:\/\/www.suno.com.br\/noticias\/governo-estrategia-divida-publica-ministerio-da-economia\/\"><img class=\"mask\" src=\"https:\/\/www.suno.com.br\/noticias\/wp-content\/themes\/suno\/resources\/images\/spotlight\/spotlight1img\/bg-mask.png\" alt=\"Image Mask\"\/><img src=\"https:\/\/files.sunoresearch.com.br\/n\/uploads\/2021\/10\/jfcrz_abr_26021912169-400x200.jpg\" alt=\"Governo n\u00e3o ir\u00e1 mudar estrat\u00e9gia da d\u00edvida p\u00fablica ap\u00f3s debanada\"\/><\/a><span class=\"spotlightCategory\"><a href=\"https:\/\/www.suno.com.br\/noticias\/economia\/\">Economia<\/a><\/span><\/div><div class=\"cardsPage__listCard__boxs__content\"><a href=\"https:\/\/www.suno.com.br\/noticias\/governo-estrategia-divida-publica-ministerio-da-economia\/\"><h2 class=\"content__title\">Governo n\u00e3o ir\u00e1 mudar estrat\u00e9gia da d\u00edvida p\u00fablica ap\u00f3s debanada<\/h2><\/a><div class=\"newsContent__article__meta\"><div class=\"newsContent__article__meta__authorBox\"><a href=\"https:\/\/www.suno.com.br\/noticias\/author\/eduardo-vargas\/\" class=\"authorBox__avatar noMobi\"><img src=\"https:\/\/secure.gravatar.com\/avatar\/dac340933427a22924c9f99d1eb2e3f2?s=96&#038;r=g\" alt=\"Eduardo Vargas\"><\/a><div class=\"authorBox__name\"><span>por\n\t\t\t<a href=\"https:\/\/www.suno.com.br\/noticias\/author\/eduardo-vargas\/\"><span itemprop=\"author\">Eduardo Vargas<\/span><\/a><\/span><time datetime=\"2021-10-28T11:01:44-03:00\" itemprop=\"datePublished\">28\/10\/2021 11:01<\/time><\/div><\/div><\/div><\/div><\/div>","single_layout":"posts","amp_enabled":true,"_links":{"self":[{"href":"https:\/\/www.suno.com.br\/noticias\/wp-json\/wp\/v2\/posts\/198054"}],"collection":[{"href":"https:\/\/www.suno.com.br\/noticias\/wp-json\/wp\/v2\/posts"}],"about":[{"href":"https:\/\/www.suno.com.br\/noticias\/wp-json\/wp\/v2\/types\/post"}],"author":[{"embeddable":true,"href":"https:\/\/www.suno.com.br\/noticias\/wp-json\/wp\/v2\/users\/73"}],"replies":[{"embeddable":true,"href":"https:\/\/www.suno.com.br\/noticias\/wp-json\/wp\/v2\/comments?post=198054"}],"version-history":[{"count":4,"href":"https:\/\/www.suno.com.br\/noticias\/wp-json\/wp\/v2\/posts\/198054\/revisions"}],"predecessor-version":[{"id":198421,"href":"https:\/\/www.suno.com.br\/noticias\/wp-json\/wp\/v2\/posts\/198054\/revisions\/198421"}],"wp:featuredmedia":[{"embeddable":true,"href":"https:\/\/www.suno.com.br\/noticias\/wp-json\/wp\/v2\/media\/198369"}],"wp:attachment":[{"href":"https:\/\/www.suno.com.br\/noticias\/wp-json\/wp\/v2\/media?parent=198054"}],"wp:term":[{"taxonomy":"category","embeddable":true,"href":"https:\/\/www.suno.com.br\/noticias\/wp-json\/wp\/v2\/categories?post=198054"},{"taxonomy":"post_tag","embeddable":true,"href":"https:\/\/www.suno.com.br\/noticias\/wp-json\/wp\/v2\/tags?post=198054"},{"taxonomy":"suno_strategy","embeddable":true,"href":"https:\/\/www.suno.com.br\/noticias\/wp-json\/wp\/v2\/suno_strategy?post=198054"}],"curies":[{"name":"wp","href":"https:\/\/api.w.org\/{rel}","templated":true}]}}