{"id":198041,"date":"2021-10-27T21:15:35","date_gmt":"2021-10-28T00:15:35","guid":{"rendered":"https:\/\/www.suno.com.br\/noticias\/?p=198041"},"modified":"2021-10-27T23:17:14","modified_gmt":"2021-10-28T02:17:14","slug":"ccr-ccro3-leilao-dutra-movimentara-grandes-operadores-rodoviarios","status":"publish","type":"post","link":"https:\/\/www.suno.com.br\/noticias\/ccr-ccro3-leilao-dutra-movimentara-grandes-operadores-rodoviarios\/","title":{"rendered":"CCR (CCRO3): leil\u00e3o da Dutra ser\u00e1 o maior da hist\u00f3ria, diz ministro"},"content":{"rendered":"<p>O leil\u00e3o pela concess\u00e3o da rodovia <strong>Dutra<\/strong>, atualmente gerenciada pela <a class=\"suno-keyword\" href=\"https:\/\/www.suno.com.br\/acoes\/CCRO3\/\" target=\"_blank\" rel=\"noopener\" data-force=\"yes\" data-priority=\"2\">CCR (CCRO3),<\/a> marcado para a pr\u00f3xima sexta (29) na <a class=\"suno-keyword\" href=\"https:\/\/www.suno.com.br\/acoes\/B3SA3\/\" target=\"_blank\" rel=\"noopener\" data-force=\"yes\" data-priority=\"2\">B3 (B3SA3)<\/a>, ir\u00e1 movimentar\u00a0 &#8220;grandes operadores rodovi\u00e1rios&#8221;, disse o ministro da Infraestrutura, Tarc\u00edsio de Freitas, nesta quarta (27).<\/p>\t<div class=\"wrapper-featured-image\">\n\t\t<figure class=\"spotlightImg\">\n\n\t\t\t<picture>\n\t\t\t\t<source media=\"(max-width: 768px)\" srcset=\"https:\/\/files.sunoresearch.com.br\/n\/uploads\/2018\/12\/Dutra-400x200.webp\">\n\t\t\t\t<img loading=\"lazy\" decoding=\"async\" class=\"newsContent__article__imgCapa lazyloadDisabled \" src=\"https:\/\/files.sunoresearch.com.br\/n\/uploads\/2018\/12\/Dutra-800x450.webp\" width=\"800\" height=\"450\" alt=\"CCR (CCRO3): leil\u00e3o da Dutra ser\u00e1 o maior da hist\u00f3ria, diz ministro\" fetchpriority=high \/>\n\t\t\t<\/picture>\n\n\t\t\t<figcaption class=\"wp-caption-text wp-caption-text--show\">Via Dutra, administrada pela CCR (Foto: DIvulga\u00e7\u00e3o)<\/figcaption>\n\t\t<\/figure>\n\t<\/div>\n\n\n\t<p>\n\t\t<a href=\"https:\/\/lp.suno.com.br\/planilha-controle-gastos\/\" target=\"_blank\" data-element=\"shortcode-suno-banner\" title=\"Banner SUNO, clique e saiba mais\">\n\t\t\t<picture>\n\t\t\t\t<source media=\"(max-width: 500px)\" srcset=\"https:\/\/files.sunoresearch.com.br\/n\/uploads\/2023\/03\/400x300-Planilha-controle-de-gastos.png\">\n\t\t\t\t<img class=\"newsContent__article__imgCapa newsContent__article__imgCapa--banner\"\n\t\t\t\t\tsrc=\"https:\/\/files.sunoresearch.com.br\/n\/uploads\/2023\/03\/1420x240-Planilha-controle-de-gastos.png\"\n\t\t\t\t\tdata-promo-id=\"101751\"\t\t\t\t\t\t\t\t\t\twidth='1420' height='240'\t\t\t\t\talt=\"https:\/\/files.sunoresearch.com.br\/n\/uploads\/2023\/03\/1420x240-Planilha-controle-de-gastos.png\"\n\t\t\t\t>\n\t\t\t<\/picture>\n\t\t<\/a>\n\t<\/p>\n\n\n<p>O<strong> leil\u00e3o de concess\u00e3o rodovi\u00e1ria<\/strong> j\u00e1 \u00e9 considerado o maior da hist\u00f3ria brasileira na categoria, exigindo que o vencedor desembolse quase R$ 15 bilh\u00f5es de investimentos no projeto, que re\u00fane uma nova licita\u00e7\u00e3o da <strong>Dutra<\/strong> em conjunto com a Rio-Santos.<\/p>\n\t<div data-element=\"shortcode-read-more\" class=\"knowMore\">\n\t\t\t\t<span class=\"knowMore__title\">Saiba mais<\/span>\n\t\t\t\t<a class=\"knowMore__link\" href=\"https:\/\/www.suno.com.br\/noticias\/ccr-ccro3-btg-recomenda-compra-arremate-pampulha\/\">\n\t\t\tCCR (CCRO3): BTG v\u00ea potencial de valoriza\u00e7\u00e3o de 50% ap\u00f3s arremate de Pampulha\t\t<\/a>\n\t<\/div>\n\n\n<p>&#8220;\u00c9 uma concess\u00e3o para bolso grande, n\u00e3o \u00e9 para qualquer operador. Ent\u00e3o esperamos competi\u00e7\u00e3o entre grandes <strong>operadores rodovi\u00e1rios<\/strong>, uma disputa entre esses maiores operadores que est\u00e3o no segmento&#8221;, disse Tarc\u00edsio em evento promovido pelo <a class=\"suno-keyword\" href=\"https:\/\/www.suno.com.br\/acoes\/BPAC11\/\" target=\"_blank\" rel=\"noopener\" data-force=\"yes\" data-priority=\"2\">BTG Pactual (BPAC11)<\/a>.<\/p>\n\t<p>\n\t\t<a href=\"https:\/\/lp.suno.com.br\/planilha-da-vida-financeira\/\" target=\"_blank\" data-element=\"shortcode-suno-banner\" title=\"Banner SUNO, clique e saiba mais\">\n\t\t\t<picture>\n\t\t\t\t<source media=\"(max-width: 500px)\" srcset=\"https:\/\/files.sunoresearch.com.br\/n\/uploads\/2023\/04\/400x300-Planilha-vida-financeira-true.png\">\n\t\t\t\t<img class=\"newsContent__article__imgCapa newsContent__article__imgCapa--banner\"\n\t\t\t\t\tsrc=\"https:\/\/files.sunoresearch.com.br\/n\/uploads\/2023\/04\/1420x240-Planilha-vida-financeira-true.png\"\n\t\t\t\t\tdata-promo-id=\"106682\"\t\t\t\t\t\t\t\t\t\twidth='1420' height='240'\t\t\t\t\talt=\"https:\/\/files.sunoresearch.com.br\/n\/uploads\/2023\/04\/1420x240-Planilha-vida-financeira-true.png\"\n\t\t\t\t>\n\t\t\t<\/picture>\n\t\t<\/a>\n\t<\/p>\n\n\n<p>O leil\u00e3o dar\u00e1 o &#8216;start&#8217; ao que o Minist\u00e9rio da Infraestrutura vem chamando de &#8220;Super Infra&#8221;, nova temporada de leil\u00f5es de infraestrutura do governo, que deve captar mais R$ 23,5 bilh\u00f5es de investimentos no setor.<\/p>\n<p>Outro certame importante marcado para acontecer em breve, em 20 de dezembro, \u00e9 o da BR-381\/262, no trecho que liga Minas Gerais e Esp\u00edrito Santo, com expectativa de investimento superior a R$ 7 bilh\u00f5es. Inicialmente, o leil\u00e3o aconteceria em novembro. Segundo Tarc\u00edsio, o adiamento se deu em raz\u00e3o do grande interesse de grupos pelo ativo, que pediram mais tempo para estudar o projeto.<\/p>\n<h2>Al\u00e9m da Dutra, governo abre concess\u00f5es em MG<\/h2>\n<p>O governo de Minas Gerais, com apoio do <a class=\"suno-keyword\" href=\"https:\/\/www.suno.com.br\/artigos\/bndes\/\" target=\"_blank\" rel=\"noopener\" data-force=\"no\" data-priority=\"2\">Banco Nacional de Desenvolvimento Econ\u00f4mico e Social (BNDES),<\/a> abriu hoje (27) consulta p\u00fablica para quatro dos sete lotes do <strong>Programa de Concess\u00f5es Rodovi\u00e1rias<\/strong> do Estado. As contribui\u00e7\u00f5es ao projeto poder\u00e3o ser sugeridas por 45 dias <a href=\"https:\/\/www2.bdmg.mg.gov.br\/Paginas\/data-room.aspx\" target=\"_blank\" rel=\"noopener\">via internet<\/a>.<img decoding=\"async\" style=\"width: 1px; height: 1px;\" src=\"https:\/\/agenciabrasil.ebc.com.br\/ebc.png?id=1425785&amp;o=rss\" \/><img decoding=\"async\" style=\"width: 1px; height: 1px;\" src=\"https:\/\/agenciabrasil.ebc.com.br\/ebc.gif?id=1425785&amp;o=rss\" \/><\/p>\n\t<p>\n\t\t<a href=\"https:\/\/lp.suno.com.br\/ebook-como-analisar-uma-acao\/\" target=\"_blank\" data-element=\"shortcode-suno-banner\" title=\"Banner SUNO, clique e saiba mais\">\n\t\t\t<picture>\n\t\t\t\t<source media=\"(max-width: 500px)\" srcset=\"https:\/\/files.sunoresearch.com.br\/n\/uploads\/2023\/03\/Ebook-Acoes-Mobile-1.jpg\">\n\t\t\t\t<img class=\"newsContent__article__imgCapa newsContent__article__imgCapa--banner\"\n\t\t\t\t\tsrc=\"https:\/\/files.sunoresearch.com.br\/n\/uploads\/2023\/03\/Ebook-Acoes-Desktop-1.jpg\"\n\t\t\t\t\tdata-promo-id=\"171998\"\t\t\t\t\t\t\t\t\t\twidth='1420' height='286'\t\t\t\t\talt=\"https:\/\/files.sunoresearch.com.br\/n\/uploads\/2023\/03\/Ebook-Acoes-Desktop-1.jpg\"\n\t\t\t\t>\n\t\t\t<\/picture>\n\t\t<\/a>\n\t<\/p>\n\n\n<p>Ao todo, os quatro lotes de vias somam 1,5 mil quil\u00f4metros (km) de extens\u00e3o, sendo 432,8 km entre Varginha e Furnas, 442,9 km entre Lagoa da Prata e Itapecerica, 231,1 km entre Arcos e Patos de Minas e 452 km na regi\u00e3o de S\u00e3o Jo\u00e3o Del Rei.<\/p>\n<p>As concess\u00f5es ser\u00e3o debatidas tamb\u00e9m em uma s\u00e9rie de audi\u00eancias p\u00fablicas que ser\u00e3o realizadas pela Secretaria de Estado de Infraestrutura e Mobilidade (Seinfra), entre os dias 17 de novembro e 1\u00ba de dezembro.<\/p>\n\t<p>\n\t\t<a href=\"https:\/\/lp.suno.com.br\/planilha-de-controle-de-investimentos\/\" target=\"_blank\" data-element=\"shortcode-suno-banner\" title=\"Banner SUNO, clique e saiba mais\">\n\t\t\t<picture>\n\t\t\t\t<source media=\"(max-width: 500px)\" srcset=\"https:\/\/files.sunoresearch.com.br\/n\/uploads\/2023\/03\/400x300-Controle-de-Investimentos.png\">\n\t\t\t\t<img class=\"newsContent__article__imgCapa newsContent__article__imgCapa--banner\"\n\t\t\t\t\tsrc=\"https:\/\/files.sunoresearch.com.br\/n\/uploads\/2023\/03\/1420x240-Controle-de-Investimentos.png\"\n\t\t\t\t\tdata-promo-id=\"75934\"\t\t\t\t\t\t\t\t\t\twidth='1420' height='240'\t\t\t\t\talt=\"https:\/\/files.sunoresearch.com.br\/n\/uploads\/2023\/03\/1420x240-Controle-de-Investimentos.png\"\n\t\t\t\t>\n\t\t\t<\/picture>\n\t\t<\/a>\n\t<\/p>\n\n\n<p>O programa de concess\u00f5es de Minas Gerais prev\u00ea um total de 3 mil km de extens\u00e3o em seus sete lotes, que passam por 120 munic\u00edpios. Junto do leil\u00e3o da Dutra, o programa faz parte da estrat\u00e9gia do governo de para que sejam atra\u00eddos mais de R$ 11 bilh\u00f5es em investimentos privados para a amplia\u00e7\u00e3o de capacidade e recupera\u00e7\u00e3o das rodovia.<\/p>\n<p><em>(Com Ag\u00eancia Brasil e Ag\u00eancia Estado)<\/em><\/p>\n\t<p>\n\t\t<a href=\"\" target=\"_blank\" data-element=\"shortcode-suno-banner\" title=\"Banner SUNO, clique e saiba mais\">\n\t\t\t<picture>\n\t\t\t\t<source media=\"(max-width: 500px)\" srcset=\"\">\n\t\t\t\t<img class=\"newsContent__article__imgCapa newsContent__article__imgCapa--banner\"\n\t\t\t\t\tsrc=\"\"\n\t\t\t\t\tdata-promo-id=\"184190\"\t\t\t\t\t\t\t\t\t\t\t\t\t\t\talt=\"\"\n\t\t\t\t>\n\t\t\t<\/picture>\n\t\t<\/a>\n\t<\/p>\n\n\n","protected":false},"excerpt":{"rendered":"<p>O leil\u00e3o pela concess\u00e3o da rodovia Dutra, atualmente gerenciada pela CCR (CCRO3), marcado para a pr\u00f3xima sexta (29) na B3 (B3SA3), ir\u00e1 movimentar\u00a0 &#8220;grandes operadores rodovi\u00e1rios&#8221;, disse o ministro da Infraestrutura, Tarc\u00edsio de Freitas, nesta quarta (27). Via Dutra, administrada pela CCR (Foto: DIvulga\u00e7\u00e3o) O leil\u00e3o de concess\u00e3o rodovi\u00e1ria j\u00e1 \u00e9 considerado o maior da [&hellip;]<\/p>\n","protected":false},"author":118,"featured_media":8490,"comment_status":"closed","ping_status":"closed","sticky":false,"template":"","format":"standard","meta":[],"categories":[64],"tags":[367,399,407],"suno_strategy":[],"class_list":["post-198041","post","type-post","status-publish","format-standard","has-post-thumbnail","hentry","category-negocios","tag-b3-b3sa3","tag-btg-pactual-bpac11-bpac3-bpac5","tag-ccr-ccro3"],"yoast_head":"<!-- This site is optimized with the Yoast SEO plugin v24.4 - https:\/\/yoast.com\/wordpress\/plugins\/seo\/ -->\n<title>CCR (CCRO3): leil\u00e3o da Dutra ter\u00e1 &quot;grandes operadores&quot;, diz ministro<\/title>\n<meta name=\"description\" content=\"O leil\u00e3o pela concess\u00e3o da rodovia Dutra, marcado para acontecer na pr\u00f3xima sexta (29) na B3 (B3SA3), ir\u00e1 movimentar...Saiba mais\" \/>\n<meta name=\"robots\" content=\"index, follow, max-snippet:-1, max-image-preview:large, max-video-preview:-1\" \/>\n<link rel=\"canonical\" href=\"https:\/\/www.suno.com.br\/noticias\/ccr-ccro3-leilao-dutra-movimentara-grandes-operadores-rodoviarios\/\" \/>\n<meta property=\"og:locale\" content=\"pt_BR\" \/>\n<meta property=\"og:type\" content=\"article\" \/>\n<meta property=\"og:title\" content=\"CCR (CCRO3): leil\u00e3o da Dutra ter\u00e1 &quot;grandes operadores&quot;, diz ministro\" \/>\n<meta property=\"og:description\" content=\"O leil\u00e3o pela concess\u00e3o da rodovia Dutra, marcado para acontecer na pr\u00f3xima sexta (29) na B3 (B3SA3), ir\u00e1 movimentar...Saiba mais\" \/>\n<meta property=\"og:url\" content=\"https:\/\/www.suno.com.br\/noticias\/ccr-ccro3-leilao-dutra-movimentara-grandes-operadores-rodoviarios\/\" \/>\n<meta property=\"og:site_name\" content=\"Suno Not\u00edcias\" \/>\n<meta property=\"article:publisher\" content=\"https:\/\/facebook.com\/sunoresearch\" \/>\n<meta property=\"og:image\" content=\"https:\/\/files.sunoresearch.com.br\/n\/uploads\/2018\/12\/Dutra.jpg\" \/>\n\t<meta property=\"og:image:width\" content=\"1600\" \/>\n\t<meta property=\"og:image:height\" content=\"1200\" \/>\n\t<meta property=\"og:image:type\" content=\"image\/jpeg\" \/>\n<meta name=\"author\" content=\"Bruno Galv\u00e3o\" \/>\n<meta name=\"twitter:card\" content=\"summary_large_image\" \/>\n<meta name=\"twitter:creator\" content=\"@sunoresearch\" \/>\n<meta name=\"twitter:site\" content=\"@sunoresearch\" \/>\n<meta name=\"twitter:label1\" content=\"Escrito por\" \/>\n\t<meta name=\"twitter:data1\" content=\"Bruno Galv\u00e3o\" \/>\n\t<meta name=\"twitter:label2\" content=\"Est. tempo de leitura\" \/>\n\t<meta name=\"twitter:data2\" content=\"3 minutos\" \/>\n<script type=\"application\/ld+json\" class=\"yoast-schema-graph\">{\"@context\":\"https:\/\/schema.org\",\"@graph\":[{\"@type\":\"NewsArticle\",\"@id\":\"https:\/\/www.suno.com.br\/noticias\/ccr-ccro3-leilao-dutra-movimentara-grandes-operadores-rodoviarios\/#article\",\"isPartOf\":{\"@id\":\"https:\/\/www.suno.com.br\/noticias\/ccr-ccro3-leilao-dutra-movimentara-grandes-operadores-rodoviarios\/\"},\"author\":{\"name\":\"Bruno Galv\u00e3o\",\"@id\":\"https:\/\/www.suno.com.br\/noticias\/#\/schema\/person\/06f0d962a6b1c54852e4860f16935600\"},\"headline\":\"CCR (CCRO3): leil\u00e3o da Dutra ser\u00e1 o maior da hist\u00f3ria, diz ministro\",\"datePublished\":\"2021-10-28T00:15:35+00:00\",\"dateModified\":\"2021-10-28T02:17:14+00:00\",\"mainEntityOfPage\":{\"@id\":\"https:\/\/www.suno.com.br\/noticias\/ccr-ccro3-leilao-dutra-movimentara-grandes-operadores-rodoviarios\/\"},\"wordCount\":485,\"publisher\":{\"@id\":\"https:\/\/www.suno.com.br\/noticias\/#organization\"},\"image\":{\"@id\":\"https:\/\/www.suno.com.br\/noticias\/ccr-ccro3-leilao-dutra-movimentara-grandes-operadores-rodoviarios\/#primaryimage\"},\"thumbnailUrl\":\"https:\/\/files.sunoresearch.com.br\/n\/uploads\/2018\/12\/Dutra-jpg.webp\",\"keywords\":[\"B3 (B3SA3)\",\"BTG Pactual (BPAC11\/BPAC3\/BPAC5)\",\"CCR (CCRO3)\"],\"articleSection\":[\"Neg\u00f3cios\"],\"inLanguage\":\"pt-BR\"},{\"@type\":\"WebPage\",\"@id\":\"https:\/\/www.suno.com.br\/noticias\/ccr-ccro3-leilao-dutra-movimentara-grandes-operadores-rodoviarios\/\",\"url\":\"https:\/\/www.suno.com.br\/noticias\/ccr-ccro3-leilao-dutra-movimentara-grandes-operadores-rodoviarios\/\",\"name\":\"CCR (CCRO3): leil\u00e3o da Dutra ter\u00e1 \\\"grandes operadores\\\", diz ministro\",\"isPartOf\":{\"@id\":\"https:\/\/www.suno.com.br\/noticias\/#website\"},\"primaryImageOfPage\":{\"@id\":\"https:\/\/www.suno.com.br\/noticias\/ccr-ccro3-leilao-dutra-movimentara-grandes-operadores-rodoviarios\/#primaryimage\"},\"image\":{\"@id\":\"https:\/\/www.suno.com.br\/noticias\/ccr-ccro3-leilao-dutra-movimentara-grandes-operadores-rodoviarios\/#primaryimage\"},\"thumbnailUrl\":\"https:\/\/files.sunoresearch.com.br\/n\/uploads\/2018\/12\/Dutra-jpg.webp\",\"datePublished\":\"2021-10-28T00:15:35+00:00\",\"dateModified\":\"2021-10-28T02:17:14+00:00\",\"description\":\"O leil\u00e3o pela concess\u00e3o da rodovia Dutra, marcado para acontecer na pr\u00f3xima sexta (29) na B3 (B3SA3), ir\u00e1 movimentar...Saiba mais\",\"breadcrumb\":{\"@id\":\"https:\/\/www.suno.com.br\/noticias\/ccr-ccro3-leilao-dutra-movimentara-grandes-operadores-rodoviarios\/#breadcrumb\"},\"inLanguage\":\"pt-BR\",\"potentialAction\":[{\"@type\":\"ReadAction\",\"target\":[\"https:\/\/www.suno.com.br\/noticias\/ccr-ccro3-leilao-dutra-movimentara-grandes-operadores-rodoviarios\/\"]}]},{\"@type\":\"ImageObject\",\"inLanguage\":\"pt-BR\",\"@id\":\"https:\/\/www.suno.com.br\/noticias\/ccr-ccro3-leilao-dutra-movimentara-grandes-operadores-rodoviarios\/#primaryimage\",\"url\":\"https:\/\/files.sunoresearch.com.br\/n\/uploads\/2018\/12\/Dutra-jpg.webp\",\"contentUrl\":\"https:\/\/files.sunoresearch.com.br\/n\/uploads\/2018\/12\/Dutra-jpg.webp\",\"width\":1600,\"height\":1200,\"caption\":\"Via Dutra, administrada pela CCR (Foto: DIvulga\u00e7\u00e3o)\"},{\"@type\":\"BreadcrumbList\",\"@id\":\"https:\/\/www.suno.com.br\/noticias\/ccr-ccro3-leilao-dutra-movimentara-grandes-operadores-rodoviarios\/#breadcrumb\",\"itemListElement\":[{\"@type\":\"ListItem\",\"position\":1,\"name\":\"Not\u00edcias\",\"item\":\"https:\/\/www.suno.com.br\/noticias\/\"},{\"@type\":\"ListItem\",\"position\":2,\"name\":\"Neg\u00f3cios\",\"item\":\"https:\/\/www.suno.com.br\/noticias\/negocios\/\"},{\"@type\":\"ListItem\",\"position\":3,\"name\":\"CCR (CCRO3): leil\u00e3o da Dutra ser\u00e1 o maior da hist\u00f3ria, diz ministro\"}]},{\"@type\":\"WebSite\",\"@id\":\"https:\/\/www.suno.com.br\/noticias\/#website\",\"url\":\"https:\/\/www.suno.com.br\/noticias\/\",\"name\":\"Suno Not\u00edcias\",\"description\":\"Seu portal de informa\u00e7\u00e3o sobre o mundo dos investimentos\",\"publisher\":{\"@id\":\"https:\/\/www.suno.com.br\/noticias\/#organization\"},\"potentialAction\":[{\"@type\":\"SearchAction\",\"target\":{\"@type\":\"EntryPoint\",\"urlTemplate\":\"https:\/\/www.suno.com.br\/noticias\/?s={search_term_string}\"},\"query-input\":{\"@type\":\"PropertyValueSpecification\",\"valueRequired\":true,\"valueName\":\"search_term_string\"}}],\"inLanguage\":\"pt-BR\"},{\"@type\":\"Organization\",\"@id\":\"https:\/\/www.suno.com.br\/noticias\/#organization\",\"name\":\"Suno Not\u00edcias\",\"url\":\"https:\/\/www.suno.com.br\/noticias\/\",\"logo\":{\"@type\":\"ImageObject\",\"inLanguage\":\"pt-BR\",\"@id\":\"https:\/\/www.suno.com.br\/noticias\/#\/schema\/logo\/image\/\",\"url\":\"https:\/\/files.sunoresearch.com.br\/n\/uploads\/2021\/09\/suno-logo.png\",\"contentUrl\":\"https:\/\/files.sunoresearch.com.br\/n\/uploads\/2021\/09\/suno-logo.png\",\"width\":180,\"height\":180,\"caption\":\"Suno Not\u00edcias\"},\"image\":{\"@id\":\"https:\/\/www.suno.com.br\/noticias\/#\/schema\/logo\/image\/\"},\"sameAs\":[\"https:\/\/facebook.com\/sunoresearch\",\"https:\/\/x.com\/sunoresearch\",\"https:\/\/www.instagram.com\/suno\",\"https:\/\/www.linkedin.com\/company\/suno-research\/\",\"https:\/\/www.youtube.com\/c\/sunoresearch\"]},{\"@type\":\"Person\",\"@id\":\"https:\/\/www.suno.com.br\/noticias\/#\/schema\/person\/06f0d962a6b1c54852e4860f16935600\",\"name\":\"Bruno Galv\u00e3o\",\"image\":{\"@type\":\"ImageObject\",\"inLanguage\":\"pt-BR\",\"@id\":\"https:\/\/www.suno.com.br\/noticias\/#\/schema\/person\/image\/\",\"url\":\"https:\/\/secure.gravatar.com\/avatar\/53598df0b41c00f12f287a912d0e918e?s=96&r=g\",\"contentUrl\":\"https:\/\/secure.gravatar.com\/avatar\/53598df0b41c00f12f287a912d0e918e?s=96&r=g\",\"caption\":\"Bruno Galv\u00e3o\"},\"description\":\"Escreve para o portal Suno Not\u00edcias. \u00c9 estudante de Jornalismo pela Faculdade C\u00e1sper L\u00edbero e Letras pela USP. Entusiasta de tecnologia e intelig\u00eancia artificial.\",\"url\":\"https:\/\/www.suno.com.br\/noticias\/author\/bruno-garcia\/\"}]}<\/script>\n<!-- \/ Yoast SEO plugin. -->","yoast_head_json":{"title":"CCR (CCRO3): leil\u00e3o da Dutra ter\u00e1 \"grandes operadores\", diz ministro","description":"O leil\u00e3o pela concess\u00e3o da rodovia Dutra, marcado para acontecer na pr\u00f3xima sexta (29) na B3 (B3SA3), ir\u00e1 movimentar...Saiba mais","robots":{"index":"index","follow":"follow","max-snippet":"max-snippet:-1","max-image-preview":"max-image-preview:large","max-video-preview":"max-video-preview:-1"},"canonical":"https:\/\/www.suno.com.br\/noticias\/ccr-ccro3-leilao-dutra-movimentara-grandes-operadores-rodoviarios\/","og_locale":"pt_BR","og_type":"article","og_title":"CCR (CCRO3): leil\u00e3o da Dutra ter\u00e1 \"grandes operadores\", diz ministro","og_description":"O leil\u00e3o pela concess\u00e3o da rodovia Dutra, marcado para acontecer na pr\u00f3xima sexta (29) na B3 (B3SA3), ir\u00e1 movimentar...Saiba mais","og_url":"https:\/\/www.suno.com.br\/noticias\/ccr-ccro3-leilao-dutra-movimentara-grandes-operadores-rodoviarios\/","og_site_name":"Suno Not\u00edcias","article_publisher":"https:\/\/facebook.com\/sunoresearch","og_image":[{"width":1600,"height":1200,"url":"https:\/\/files.sunoresearch.com.br\/n\/uploads\/2018\/12\/Dutra.jpg","type":"image\/jpeg"}],"author":"Bruno Galv\u00e3o","twitter_card":"summary_large_image","twitter_creator":"@sunoresearch","twitter_site":"@sunoresearch","twitter_misc":{"Escrito por":"Bruno Galv\u00e3o","Est. tempo de leitura":"3 minutos"},"schema":{"@context":"https:\/\/schema.org","@graph":[{"@type":"NewsArticle","@id":"https:\/\/www.suno.com.br\/noticias\/ccr-ccro3-leilao-dutra-movimentara-grandes-operadores-rodoviarios\/#article","isPartOf":{"@id":"https:\/\/www.suno.com.br\/noticias\/ccr-ccro3-leilao-dutra-movimentara-grandes-operadores-rodoviarios\/"},"author":{"name":"Bruno Galv\u00e3o","@id":"https:\/\/www.suno.com.br\/noticias\/#\/schema\/person\/06f0d962a6b1c54852e4860f16935600"},"headline":"CCR (CCRO3): leil\u00e3o da Dutra ser\u00e1 o maior da hist\u00f3ria, diz ministro","datePublished":"2021-10-28T00:15:35+00:00","dateModified":"2021-10-28T02:17:14+00:00","mainEntityOfPage":{"@id":"https:\/\/www.suno.com.br\/noticias\/ccr-ccro3-leilao-dutra-movimentara-grandes-operadores-rodoviarios\/"},"wordCount":485,"publisher":{"@id":"https:\/\/www.suno.com.br\/noticias\/#organization"},"image":{"@id":"https:\/\/www.suno.com.br\/noticias\/ccr-ccro3-leilao-dutra-movimentara-grandes-operadores-rodoviarios\/#primaryimage"},"thumbnailUrl":"https:\/\/files.sunoresearch.com.br\/n\/uploads\/2018\/12\/Dutra-jpg.webp","keywords":["B3 (B3SA3)","BTG Pactual (BPAC11\/BPAC3\/BPAC5)","CCR (CCRO3)"],"articleSection":["Neg\u00f3cios"],"inLanguage":"pt-BR"},{"@type":"WebPage","@id":"https:\/\/www.suno.com.br\/noticias\/ccr-ccro3-leilao-dutra-movimentara-grandes-operadores-rodoviarios\/","url":"https:\/\/www.suno.com.br\/noticias\/ccr-ccro3-leilao-dutra-movimentara-grandes-operadores-rodoviarios\/","name":"CCR (CCRO3): leil\u00e3o da Dutra ter\u00e1 \"grandes operadores\", diz ministro","isPartOf":{"@id":"https:\/\/www.suno.com.br\/noticias\/#website"},"primaryImageOfPage":{"@id":"https:\/\/www.suno.com.br\/noticias\/ccr-ccro3-leilao-dutra-movimentara-grandes-operadores-rodoviarios\/#primaryimage"},"image":{"@id":"https:\/\/www.suno.com.br\/noticias\/ccr-ccro3-leilao-dutra-movimentara-grandes-operadores-rodoviarios\/#primaryimage"},"thumbnailUrl":"https:\/\/files.sunoresearch.com.br\/n\/uploads\/2018\/12\/Dutra-jpg.webp","datePublished":"2021-10-28T00:15:35+00:00","dateModified":"2021-10-28T02:17:14+00:00","description":"O leil\u00e3o pela concess\u00e3o da rodovia Dutra, marcado para acontecer na pr\u00f3xima sexta (29) na B3 (B3SA3), ir\u00e1 movimentar...Saiba mais","breadcrumb":{"@id":"https:\/\/www.suno.com.br\/noticias\/ccr-ccro3-leilao-dutra-movimentara-grandes-operadores-rodoviarios\/#breadcrumb"},"inLanguage":"pt-BR","potentialAction":[{"@type":"ReadAction","target":["https:\/\/www.suno.com.br\/noticias\/ccr-ccro3-leilao-dutra-movimentara-grandes-operadores-rodoviarios\/"]}]},{"@type":"ImageObject","inLanguage":"pt-BR","@id":"https:\/\/www.suno.com.br\/noticias\/ccr-ccro3-leilao-dutra-movimentara-grandes-operadores-rodoviarios\/#primaryimage","url":"https:\/\/files.sunoresearch.com.br\/n\/uploads\/2018\/12\/Dutra-jpg.webp","contentUrl":"https:\/\/files.sunoresearch.com.br\/n\/uploads\/2018\/12\/Dutra-jpg.webp","width":1600,"height":1200,"caption":"Via Dutra, administrada pela CCR (Foto: DIvulga\u00e7\u00e3o)"},{"@type":"BreadcrumbList","@id":"https:\/\/www.suno.com.br\/noticias\/ccr-ccro3-leilao-dutra-movimentara-grandes-operadores-rodoviarios\/#breadcrumb","itemListElement":[{"@type":"ListItem","position":1,"name":"Not\u00edcias","item":"https:\/\/www.suno.com.br\/noticias\/"},{"@type":"ListItem","position":2,"name":"Neg\u00f3cios","item":"https:\/\/www.suno.com.br\/noticias\/negocios\/"},{"@type":"ListItem","position":3,"name":"CCR (CCRO3): leil\u00e3o da Dutra ser\u00e1 o maior da hist\u00f3ria, diz ministro"}]},{"@type":"WebSite","@id":"https:\/\/www.suno.com.br\/noticias\/#website","url":"https:\/\/www.suno.com.br\/noticias\/","name":"Suno Not\u00edcias","description":"Seu portal de informa\u00e7\u00e3o sobre o mundo dos investimentos","publisher":{"@id":"https:\/\/www.suno.com.br\/noticias\/#organization"},"potentialAction":[{"@type":"SearchAction","target":{"@type":"EntryPoint","urlTemplate":"https:\/\/www.suno.com.br\/noticias\/?s={search_term_string}"},"query-input":{"@type":"PropertyValueSpecification","valueRequired":true,"valueName":"search_term_string"}}],"inLanguage":"pt-BR"},{"@type":"Organization","@id":"https:\/\/www.suno.com.br\/noticias\/#organization","name":"Suno Not\u00edcias","url":"https:\/\/www.suno.com.br\/noticias\/","logo":{"@type":"ImageObject","inLanguage":"pt-BR","@id":"https:\/\/www.suno.com.br\/noticias\/#\/schema\/logo\/image\/","url":"https:\/\/files.sunoresearch.com.br\/n\/uploads\/2021\/09\/suno-logo.png","contentUrl":"https:\/\/files.sunoresearch.com.br\/n\/uploads\/2021\/09\/suno-logo.png","width":180,"height":180,"caption":"Suno Not\u00edcias"},"image":{"@id":"https:\/\/www.suno.com.br\/noticias\/#\/schema\/logo\/image\/"},"sameAs":["https:\/\/facebook.com\/sunoresearch","https:\/\/x.com\/sunoresearch","https:\/\/www.instagram.com\/suno","https:\/\/www.linkedin.com\/company\/suno-research\/","https:\/\/www.youtube.com\/c\/sunoresearch"]},{"@type":"Person","@id":"https:\/\/www.suno.com.br\/noticias\/#\/schema\/person\/06f0d962a6b1c54852e4860f16935600","name":"Bruno Galv\u00e3o","image":{"@type":"ImageObject","inLanguage":"pt-BR","@id":"https:\/\/www.suno.com.br\/noticias\/#\/schema\/person\/image\/","url":"https:\/\/secure.gravatar.com\/avatar\/53598df0b41c00f12f287a912d0e918e?s=96&r=g","contentUrl":"https:\/\/secure.gravatar.com\/avatar\/53598df0b41c00f12f287a912d0e918e?s=96&r=g","caption":"Bruno Galv\u00e3o"},"description":"Escreve para o portal Suno Not\u00edcias. \u00c9 estudante de Jornalismo pela Faculdade C\u00e1sper L\u00edbero e Letras pela USP. Entusiasta de tecnologia e intelig\u00eancia artificial.","url":"https:\/\/www.suno.com.br\/noticias\/author\/bruno-garcia\/"}]}},"default_loop_html":"<div class=\"cardsPage__listCard__boxs\"><div class=\"cardsPage__listCard__boxs__img\"><a href=\"https:\/\/www.suno.com.br\/noticias\/ccr-ccro3-leilao-dutra-movimentara-grandes-operadores-rodoviarios\/\"><img class=\"mask\" src=\"https:\/\/www.suno.com.br\/noticias\/wp-content\/themes\/suno\/resources\/images\/spotlight\/spotlight1img\/bg-mask.png\" alt=\"Image Mask\"\/><img src=\"https:\/\/files.sunoresearch.com.br\/n\/uploads\/2018\/12\/Dutra-400x200.webp\" alt=\"CCR (CCRO3): leil\u00e3o da Dutra ser\u00e1 o maior da hist\u00f3ria, diz ministro\"\/><\/a><span class=\"spotlightCategory\"><a href=\"https:\/\/www.suno.com.br\/noticias\/negocios\/\">Neg\u00f3cios<\/a><\/span><\/div><div class=\"cardsPage__listCard__boxs__content\"><a href=\"https:\/\/www.suno.com.br\/noticias\/ccr-ccro3-leilao-dutra-movimentara-grandes-operadores-rodoviarios\/\"><h2 class=\"content__title\">CCR (CCRO3): leil\u00e3o da Dutra ser\u00e1 o maior da hist\u00f3ria, diz ministro<\/h2><\/a><div class=\"newsContent__article__meta\"><div class=\"newsContent__article__meta__authorBox\"><a href=\"https:\/\/www.suno.com.br\/noticias\/author\/bruno-garcia\/\" class=\"authorBox__avatar noMobi\"><img src=\"https:\/\/secure.gravatar.com\/avatar\/53598df0b41c00f12f287a912d0e918e?s=96&#038;r=g\" alt=\"Bruno Galv\u00e3o\"><\/a><div class=\"authorBox__name\"><span>por\n\t\t\t<a href=\"https:\/\/www.suno.com.br\/noticias\/author\/bruno-garcia\/\"><span itemprop=\"author\">Bruno Galv\u00e3o<\/span><\/a><\/span><time datetime=\"2021-10-27T21:15:35-03:00\" itemprop=\"datePublished\">27\/10\/2021 21:15<\/time><\/div><\/div><\/div><\/div><\/div>","single_layout":"posts","amp_enabled":true,"_links":{"self":[{"href":"https:\/\/www.suno.com.br\/noticias\/wp-json\/wp\/v2\/posts\/198041"}],"collection":[{"href":"https:\/\/www.suno.com.br\/noticias\/wp-json\/wp\/v2\/posts"}],"about":[{"href":"https:\/\/www.suno.com.br\/noticias\/wp-json\/wp\/v2\/types\/post"}],"author":[{"embeddable":true,"href":"https:\/\/www.suno.com.br\/noticias\/wp-json\/wp\/v2\/users\/118"}],"replies":[{"embeddable":true,"href":"https:\/\/www.suno.com.br\/noticias\/wp-json\/wp\/v2\/comments?post=198041"}],"version-history":[{"count":4,"href":"https:\/\/www.suno.com.br\/noticias\/wp-json\/wp\/v2\/posts\/198041\/revisions"}],"predecessor-version":[{"id":198273,"href":"https:\/\/www.suno.com.br\/noticias\/wp-json\/wp\/v2\/posts\/198041\/revisions\/198273"}],"wp:featuredmedia":[{"embeddable":true,"href":"https:\/\/www.suno.com.br\/noticias\/wp-json\/wp\/v2\/media\/8490"}],"wp:attachment":[{"href":"https:\/\/www.suno.com.br\/noticias\/wp-json\/wp\/v2\/media?parent=198041"}],"wp:term":[{"taxonomy":"category","embeddable":true,"href":"https:\/\/www.suno.com.br\/noticias\/wp-json\/wp\/v2\/categories?post=198041"},{"taxonomy":"post_tag","embeddable":true,"href":"https:\/\/www.suno.com.br\/noticias\/wp-json\/wp\/v2\/tags?post=198041"},{"taxonomy":"suno_strategy","embeddable":true,"href":"https:\/\/www.suno.com.br\/noticias\/wp-json\/wp\/v2\/suno_strategy?post=198041"}],"curies":[{"name":"wp","href":"https:\/\/api.w.org\/{rel}","templated":true}]}}