{"id":198012,"date":"2021-10-27T16:37:48","date_gmt":"2021-10-27T19:37:48","guid":{"rendered":"https:\/\/www.suno.com.br\/noticias\/?p=198012"},"modified":"2021-10-27T16:37:48","modified_gmt":"2021-10-27T19:37:48","slug":"divida-publica-federal-cai-54-trilhoes-revela-tesouro","status":"publish","type":"post","link":"https:\/\/www.suno.com.br\/noticias\/divida-publica-federal-cai-54-trilhoes-revela-tesouro\/","title":{"rendered":"D\u00edvida P\u00fablica Federal cai para R$ 5,4 trilh\u00f5es, revela o Tesouro"},"content":{"rendered":"<p>O estoque da <strong><a class=\"suno-keyword\" href=\"https:\/\/www.suno.com.br\/artigos\/divida-publica\/\" target=\"_blank\" rel=\"noopener\" data-force=\"no\" data-priority=\"1\">D\u00edvida P\u00fablica<\/a><\/strong> Federal (DPF) recuou 0,68% em setembro e fechou o m\u00eas em R$ 5,443 trilh\u00f5es. Os dados foram divulgados nesta quarta-feira, 27, pelo Tesouro Nacional. Em agosto, o estoque estava em R$ 5,480 trilh\u00f5es.<\/p>\t<div class=\"wrapper-featured-image\">\n\t\t<figure class=\"spotlightImg\">\n\n\t\t\t<picture>\n\t\t\t\t<source media=\"(max-width: 768px)\" srcset=\"https:\/\/files.sunoresearch.com.br\/n\/uploads\/2021\/10\/fcpzzb_abr_260620194999-400x200.jpg\">\n\t\t\t\t<img loading=\"lazy\" decoding=\"async\" class=\"newsContent__article__imgCapa lazyloadDisabled \" src=\"https:\/\/files.sunoresearch.com.br\/n\/uploads\/2021\/10\/fcpzzb_abr_260620194999-800x450.jpg\" width=\"800\" height=\"450\" alt=\"D\u00edvida P\u00fablica Federal cai para R$ 5,4 trilh\u00f5es, revela o Tesouro\" fetchpriority=high \/>\n\t\t\t<\/picture>\n\n\t\t\t<figcaption class=\"wp-caption-text wp-caption-text--show\">Al\u00e9m da D\u00edvida P\u00fablica, dados do Governo indicam recorde de arrecada\u00e7\u00e3o em setembro - Foto: Ag\u00eancia Brasil<\/figcaption>\n\t\t<\/figure>\n\t<\/div>\n\n\n\t<p>\n\t\t<a href=\"https:\/\/lp.suno.com.br\/planilha-controle-gastos\/\" target=\"_blank\" data-element=\"shortcode-suno-banner\" title=\"Banner SUNO, clique e saiba mais\">\n\t\t\t<picture>\n\t\t\t\t<source media=\"(max-width: 500px)\" srcset=\"https:\/\/files.sunoresearch.com.br\/n\/uploads\/2023\/03\/400x300-Planilha-controle-de-gastos.png\">\n\t\t\t\t<img class=\"newsContent__article__imgCapa newsContent__article__imgCapa--banner\"\n\t\t\t\t\tsrc=\"https:\/\/files.sunoresearch.com.br\/n\/uploads\/2023\/03\/1420x240-Planilha-controle-de-gastos.png\"\n\t\t\t\t\tdata-promo-id=\"101751\"\t\t\t\t\t\t\t\t\t\twidth='1420' height='240'\t\t\t\t\talt=\"https:\/\/files.sunoresearch.com.br\/n\/uploads\/2023\/03\/1420x240-Planilha-controle-de-gastos.png\"\n\t\t\t\t>\n\t\t\t<\/picture>\n\t\t<\/a>\n\t<\/p>\n\n\n<p>A corre\u00e7\u00e3o de juros no estoque da DPF foi de R$ 52,92 bilh\u00f5es no m\u00eas passado, enquanto houve resgate l\u00edquido de R$ 90,27 bilh\u00f5es.<\/p>\n<p>A DPF inclui a <a class=\"suno-keyword\" href=\"https:\/\/www.suno.com.br\/artigos\/divida-interna\/\" target=\"_blank\" rel=\"noopener\" data-force=\"no\" data-priority=\"1\">d\u00edvida interna<\/a> e externa. A D\u00edvida P\u00fablica Mobili\u00e1ria Federal interna (DPMFi) subiu 0,98% em setembro e fechou o m\u00eas em R$ 5,185 trilh\u00f5es.<\/p>\n<p>J\u00e1 a D\u00edvida P\u00fablica Federal externa (DPFe) ficou 5,83% maior no m\u00eas, somando R$ 257,7 bilh\u00f5es ao fim de setembro.<\/p>\n\n\t<div data-element=\"shortcode-read-more\" class=\"readToo\">\n\t\t\t\t<span class=\"readToo__title\">Leia mais<\/span>\n\t\t\t\t<ul class=\"readToo__list\">\n\t\t\t<li><a href=\"https:\/\/www.suno.com.br\/noticias\/lucro-kraft-heinz-3t21-balanco-resultado-trimestral\/\">Kraft Heinz (KHCB34) lucra US$ 733 milh\u00f5es no 3T21, alta de 22%<\/a><\/li><li><a href=\"https:\/\/www.suno.com.br\/noticias\/marfrig-mrfg3-recordes-xp-investimentos-recomenda-compra\/\">Resultado da Marfrig (MRFG3) mostra recordes e corresponde \u00e0s expectativas da XP<\/a><\/li>\t\t<\/ul>\n\t<\/div>\n\n\n<h2>T\u00edtulos prefixados<\/h2>\n<p>A parcela de t\u00edtulos prefixados na DPF subiu em setembro, para 32,58%. Em agosto, estava em 31,86%. J\u00e1 os pap\u00e9is atrelados \u00e0 Selic reduziram a fatia, de 36,11% para 33,95%.<\/p>\n\t<p>\n\t\t<a href=\"https:\/\/lp.suno.com.br\/planilha-da-vida-financeira\/\" target=\"_blank\" data-element=\"shortcode-suno-banner\" title=\"Banner SUNO, clique e saiba mais\">\n\t\t\t<picture>\n\t\t\t\t<source media=\"(max-width: 500px)\" srcset=\"https:\/\/files.sunoresearch.com.br\/n\/uploads\/2023\/04\/400x300-Planilha-vida-financeira-true.png\">\n\t\t\t\t<img class=\"newsContent__article__imgCapa newsContent__article__imgCapa--banner\"\n\t\t\t\t\tsrc=\"https:\/\/files.sunoresearch.com.br\/n\/uploads\/2023\/04\/1420x240-Planilha-vida-financeira-true.png\"\n\t\t\t\t\tdata-promo-id=\"106682\"\t\t\t\t\t\t\t\t\t\twidth='1420' height='240'\t\t\t\t\talt=\"https:\/\/files.sunoresearch.com.br\/n\/uploads\/2023\/04\/1420x240-Planilha-vida-financeira-true.png\"\n\t\t\t\t>\n\t\t\t<\/picture>\n\t\t<\/a>\n\t<\/p>\n\n\n<p>Os t\u00edtulos remunerados pela infla\u00e7\u00e3o subiram para 28,48% do estoque da DPF em setembro, ante 27,35% em agosto. Os pap\u00e9is cambiais aumentaram na participa\u00e7\u00e3o na DPF de 4,68% em agosto para 4,99% em setembro.<\/p>\n<h2>Doze meses<\/h2>\n<p>O Tesouro informou ainda que parcela da DPF a vencer em 12 meses apresentou redu\u00e7\u00e3o, passando de 25,18%, em agosto, para 24,34%, em setembro.<\/p>\n<p>O prazo m\u00e9dio da d\u00edvida apresentou aumento de 3,73 anos, em agosto, para 3,83 anos, em setembro.\u00a0O custo m\u00e9dio acumulado em 12 meses da DPF aumento de 7,55% ao ano, em agosto, para 7,79% ao ano., em setembro.<\/p>\n\t<p>\n\t\t<a href=\"https:\/\/lp.suno.com.br\/ebook-como-analisar-uma-acao\/\" target=\"_blank\" data-element=\"shortcode-suno-banner\" title=\"Banner SUNO, clique e saiba mais\">\n\t\t\t<picture>\n\t\t\t\t<source media=\"(max-width: 500px)\" srcset=\"https:\/\/files.sunoresearch.com.br\/n\/uploads\/2023\/03\/Ebook-Acoes-Mobile-1.jpg\">\n\t\t\t\t<img class=\"newsContent__article__imgCapa newsContent__article__imgCapa--banner\"\n\t\t\t\t\tsrc=\"https:\/\/files.sunoresearch.com.br\/n\/uploads\/2023\/03\/Ebook-Acoes-Desktop-1.jpg\"\n\t\t\t\t\tdata-promo-id=\"171998\"\t\t\t\t\t\t\t\t\t\twidth='1420' height='286'\t\t\t\t\talt=\"https:\/\/files.sunoresearch.com.br\/n\/uploads\/2023\/03\/Ebook-Acoes-Desktop-1.jpg\"\n\t\t\t\t>\n\t\t\t<\/picture>\n\t\t<\/a>\n\t<\/p>\n\n\n<h2>Participa\u00e7\u00f5es<\/h2>\n<p>Mesmo em meio \u00e0 volatilidade do mercado, a participa\u00e7\u00e3o dos investidores estrangeiros no total da D\u00edvida P\u00fablica aumentou em setembro. De acordo com dados divulgados pelo Tesouro Nacional, a parcela dos investidores n\u00e3o residentes no Brasil no estoque da DPMFi passou de 9,76% em agosto para 10,05% no m\u00eas passado. No fim de 2020, a fatia estava em 9,24%.<\/p>\n<p>O estoque de pap\u00e9is nas m\u00e3os dos estrangeiros somou R$ 521,39 bilh\u00f5es em setembro, ante R$ 510,90 bilh\u00f5es em agosto.<\/p>\n\t<p>\n\t\t<a href=\"https:\/\/lp.suno.com.br\/planilha-de-controle-de-investimentos\/\" target=\"_blank\" data-element=\"shortcode-suno-banner\" title=\"Banner SUNO, clique e saiba mais\">\n\t\t\t<picture>\n\t\t\t\t<source media=\"(max-width: 500px)\" srcset=\"https:\/\/files.sunoresearch.com.br\/n\/uploads\/2023\/03\/400x300-Controle-de-Investimentos.png\">\n\t\t\t\t<img class=\"newsContent__article__imgCapa newsContent__article__imgCapa--banner\"\n\t\t\t\t\tsrc=\"https:\/\/files.sunoresearch.com.br\/n\/uploads\/2023\/03\/1420x240-Controle-de-Investimentos.png\"\n\t\t\t\t\tdata-promo-id=\"75934\"\t\t\t\t\t\t\t\t\t\twidth='1420' height='240'\t\t\t\t\talt=\"https:\/\/files.sunoresearch.com.br\/n\/uploads\/2023\/03\/1420x240-Controle-de-Investimentos.png\"\n\t\t\t\t>\n\t\t\t<\/picture>\n\t\t<\/a>\n\t<\/p>\n\n\n<p>A maior participa\u00e7\u00e3o no estoque da DPMFi continuou com as <a class=\"suno-keyword\" href=\"https:\/\/www.suno.com.br\/artigos\/instituicoes-financeiras\/\" target=\"_blank\" rel=\"noopener\" data-force=\"no\" data-priority=\"1\">institui\u00e7\u00f5es financeiras<\/a> com 31,33% em setembro, ante 31,01% em agosto. A parcela dos fundos de investimentos passou de 24,06% para 23,15% em setembro.<\/p>\n<p>Na sequ\u00eancia, o grupo Previd\u00eancia passou de uma participa\u00e7\u00e3o de 21,96% para 21,76% de um m\u00eas para o outro. J\u00e1 as seguradoras passaram de 3,88% para 3,96% na mesma compara\u00e7\u00e3o.<\/p>\n<p><em>Com informa\u00e7\u00f5es do Estad\u00e3o Conte\u00fado<\/em><\/p>\n\t<p>\n\t\t<a href=\"\" target=\"_blank\" data-element=\"shortcode-suno-banner\" title=\"Banner SUNO, clique e saiba mais\">\n\t\t\t<picture>\n\t\t\t\t<source media=\"(max-width: 500px)\" srcset=\"\">\n\t\t\t\t<img class=\"newsContent__article__imgCapa newsContent__article__imgCapa--banner\"\n\t\t\t\t\tsrc=\"\"\n\t\t\t\t\tdata-promo-id=\"184190\"\t\t\t\t\t\t\t\t\t\t\t\t\t\t\talt=\"\"\n\t\t\t\t>\n\t\t\t<\/picture>\n\t\t<\/a>\n\t<\/p>\n\n\n","protected":false},"excerpt":{"rendered":"<p>O estoque da D\u00edvida P\u00fablica Federal (DPF) recuou 0,68% em setembro e fechou o m\u00eas em R$ 5,443 trilh\u00f5es. Os dados foram divulgados nesta quarta-feira, 27, pelo Tesouro Nacional. Em agosto, o estoque estava em R$ 5,480 trilh\u00f5es. Marfrig (MRFG3).Foto: Divulga\u00e7\u00e3o A corre\u00e7\u00e3o de juros no estoque da DPF foi de R$ 52,92 bilh\u00f5es no [&hellip;]<\/p>\n","protected":false},"author":73,"featured_media":198051,"comment_status":"closed","ping_status":"closed","sticky":false,"template":"","format":"standard","meta":[],"categories":[62],"tags":[106444,1769,1265,1556],"suno_strategy":[],"class_list":["post-198012","post","type-post","status-publish","format-standard","has-post-thumbnail","hentry","category-economia","tag-agencias","tag-contas-publicas","tag-divida-publica-federal","tag-governo-federal"],"yoast_head":"<!-- This site is optimized with the Yoast SEO plugin v24.4 - https:\/\/yoast.com\/wordpress\/plugins\/seo\/ -->\n<title>D\u00edvida P\u00fablica Federal cai para R$ 5,4 trilh\u00f5es, revela o Tesouro<\/title>\n<meta name=\"description\" content=\"Al\u00e9m dos dados da D\u00edvida P\u00fablica, governo revelou alta da arrecada\u00e7\u00e3o em setembro, com maior montante desde 1995. Clique aqui e leia mais.\" \/>\n<meta name=\"robots\" content=\"index, follow, max-snippet:-1, max-image-preview:large, max-video-preview:-1\" \/>\n<link rel=\"canonical\" href=\"https:\/\/www.suno.com.br\/noticias\/divida-publica-federal-cai-54-trilhoes-revela-tesouro\/\" \/>\n<meta property=\"og:locale\" content=\"pt_BR\" \/>\n<meta property=\"og:type\" content=\"article\" \/>\n<meta property=\"og:title\" content=\"D\u00edvida P\u00fablica Federal cai para R$ 5,4 trilh\u00f5es, revela o Tesouro\" \/>\n<meta property=\"og:description\" content=\"Al\u00e9m dos dados da D\u00edvida P\u00fablica, governo revelou alta da arrecada\u00e7\u00e3o em setembro, com maior montante desde 1995. Clique aqui e leia mais.\" \/>\n<meta property=\"og:url\" content=\"https:\/\/www.suno.com.br\/noticias\/divida-publica-federal-cai-54-trilhoes-revela-tesouro\/\" \/>\n<meta property=\"og:site_name\" content=\"Suno Not\u00edcias\" \/>\n<meta property=\"article:publisher\" content=\"https:\/\/facebook.com\/sunoresearch\" \/>\n<meta property=\"og:image\" content=\"https:\/\/files.sunoresearch.com.br\/n\/uploads\/2021\/10\/fcpzzb_abr_260620194999-scaled.jpg\" \/>\n\t<meta property=\"og:image:width\" content=\"2560\" \/>\n\t<meta property=\"og:image:height\" content=\"1707\" \/>\n\t<meta property=\"og:image:type\" content=\"image\/jpeg\" \/>\n<meta name=\"author\" content=\"Eduardo Vargas\" \/>\n<meta name=\"twitter:card\" content=\"summary_large_image\" \/>\n<meta name=\"twitter:creator\" content=\"@sunoresearch\" \/>\n<meta name=\"twitter:site\" content=\"@sunoresearch\" \/>\n<meta name=\"twitter:label1\" content=\"Escrito por\" \/>\n\t<meta name=\"twitter:data1\" content=\"Eduardo Vargas\" \/>\n\t<meta name=\"twitter:label2\" content=\"Est. tempo de leitura\" \/>\n\t<meta name=\"twitter:data2\" content=\"2 minutos\" \/>\n<script type=\"application\/ld+json\" class=\"yoast-schema-graph\">{\"@context\":\"https:\/\/schema.org\",\"@graph\":[{\"@type\":\"NewsArticle\",\"@id\":\"https:\/\/www.suno.com.br\/noticias\/divida-publica-federal-cai-54-trilhoes-revela-tesouro\/#article\",\"isPartOf\":{\"@id\":\"https:\/\/www.suno.com.br\/noticias\/divida-publica-federal-cai-54-trilhoes-revela-tesouro\/\"},\"author\":{\"name\":\"Eduardo Vargas\",\"@id\":\"https:\/\/www.suno.com.br\/noticias\/#\/schema\/person\/7f4d362bf3518e76090143ae77bb49a5\"},\"headline\":\"D\u00edvida P\u00fablica Federal cai para R$ 5,4 trilh\u00f5es, revela o Tesouro\",\"datePublished\":\"2021-10-27T19:37:48+00:00\",\"mainEntityOfPage\":{\"@id\":\"https:\/\/www.suno.com.br\/noticias\/divida-publica-federal-cai-54-trilhoes-revela-tesouro\/\"},\"wordCount\":432,\"publisher\":{\"@id\":\"https:\/\/www.suno.com.br\/noticias\/#organization\"},\"image\":{\"@id\":\"https:\/\/www.suno.com.br\/noticias\/divida-publica-federal-cai-54-trilhoes-revela-tesouro\/#primaryimage\"},\"thumbnailUrl\":\"https:\/\/files.sunoresearch.com.br\/n\/uploads\/2021\/10\/fcpzzb_abr_260620194999-scaled.jpg\",\"keywords\":[\"Ag\u00eancias\",\"contas p\u00fablicas\",\"D\u00edvida P\u00fablica Federal\",\"governo federal\"],\"articleSection\":[\"Economia\"],\"inLanguage\":\"pt-BR\"},{\"@type\":\"WebPage\",\"@id\":\"https:\/\/www.suno.com.br\/noticias\/divida-publica-federal-cai-54-trilhoes-revela-tesouro\/\",\"url\":\"https:\/\/www.suno.com.br\/noticias\/divida-publica-federal-cai-54-trilhoes-revela-tesouro\/\",\"name\":\"D\u00edvida P\u00fablica Federal cai para R$ 5,4 trilh\u00f5es, revela o Tesouro\",\"isPartOf\":{\"@id\":\"https:\/\/www.suno.com.br\/noticias\/#website\"},\"primaryImageOfPage\":{\"@id\":\"https:\/\/www.suno.com.br\/noticias\/divida-publica-federal-cai-54-trilhoes-revela-tesouro\/#primaryimage\"},\"image\":{\"@id\":\"https:\/\/www.suno.com.br\/noticias\/divida-publica-federal-cai-54-trilhoes-revela-tesouro\/#primaryimage\"},\"thumbnailUrl\":\"https:\/\/files.sunoresearch.com.br\/n\/uploads\/2021\/10\/fcpzzb_abr_260620194999-scaled.jpg\",\"datePublished\":\"2021-10-27T19:37:48+00:00\",\"description\":\"Al\u00e9m dos dados da D\u00edvida P\u00fablica, governo revelou alta da arrecada\u00e7\u00e3o em setembro, com maior montante desde 1995. Clique aqui e leia mais.\",\"breadcrumb\":{\"@id\":\"https:\/\/www.suno.com.br\/noticias\/divida-publica-federal-cai-54-trilhoes-revela-tesouro\/#breadcrumb\"},\"inLanguage\":\"pt-BR\",\"potentialAction\":[{\"@type\":\"ReadAction\",\"target\":[\"https:\/\/www.suno.com.br\/noticias\/divida-publica-federal-cai-54-trilhoes-revela-tesouro\/\"]}]},{\"@type\":\"ImageObject\",\"inLanguage\":\"pt-BR\",\"@id\":\"https:\/\/www.suno.com.br\/noticias\/divida-publica-federal-cai-54-trilhoes-revela-tesouro\/#primaryimage\",\"url\":\"https:\/\/files.sunoresearch.com.br\/n\/uploads\/2021\/10\/fcpzzb_abr_260620194999-scaled.jpg\",\"contentUrl\":\"https:\/\/files.sunoresearch.com.br\/n\/uploads\/2021\/10\/fcpzzb_abr_260620194999-scaled.jpg\",\"width\":2560,\"height\":1707,\"caption\":\"Al\u00e9m da D\u00edvida P\u00fablica, dados do Governo indicam recorde de arrecada\u00e7\u00e3o em setembro - Foto: Ag\u00eancia Brasil\"},{\"@type\":\"BreadcrumbList\",\"@id\":\"https:\/\/www.suno.com.br\/noticias\/divida-publica-federal-cai-54-trilhoes-revela-tesouro\/#breadcrumb\",\"itemListElement\":[{\"@type\":\"ListItem\",\"position\":1,\"name\":\"Not\u00edcias\",\"item\":\"https:\/\/www.suno.com.br\/noticias\/\"},{\"@type\":\"ListItem\",\"position\":2,\"name\":\"Economia\",\"item\":\"https:\/\/www.suno.com.br\/noticias\/economia\/\"},{\"@type\":\"ListItem\",\"position\":3,\"name\":\"D\u00edvida P\u00fablica Federal cai para R$ 5,4 trilh\u00f5es, revela o Tesouro\"}]},{\"@type\":\"WebSite\",\"@id\":\"https:\/\/www.suno.com.br\/noticias\/#website\",\"url\":\"https:\/\/www.suno.com.br\/noticias\/\",\"name\":\"Suno Not\u00edcias\",\"description\":\"Seu portal de informa\u00e7\u00e3o sobre o mundo dos investimentos\",\"publisher\":{\"@id\":\"https:\/\/www.suno.com.br\/noticias\/#organization\"},\"potentialAction\":[{\"@type\":\"SearchAction\",\"target\":{\"@type\":\"EntryPoint\",\"urlTemplate\":\"https:\/\/www.suno.com.br\/noticias\/?s={search_term_string}\"},\"query-input\":{\"@type\":\"PropertyValueSpecification\",\"valueRequired\":true,\"valueName\":\"search_term_string\"}}],\"inLanguage\":\"pt-BR\"},{\"@type\":\"Organization\",\"@id\":\"https:\/\/www.suno.com.br\/noticias\/#organization\",\"name\":\"Suno Not\u00edcias\",\"url\":\"https:\/\/www.suno.com.br\/noticias\/\",\"logo\":{\"@type\":\"ImageObject\",\"inLanguage\":\"pt-BR\",\"@id\":\"https:\/\/www.suno.com.br\/noticias\/#\/schema\/logo\/image\/\",\"url\":\"https:\/\/files.sunoresearch.com.br\/n\/uploads\/2021\/09\/suno-logo.png\",\"contentUrl\":\"https:\/\/files.sunoresearch.com.br\/n\/uploads\/2021\/09\/suno-logo.png\",\"width\":180,\"height\":180,\"caption\":\"Suno Not\u00edcias\"},\"image\":{\"@id\":\"https:\/\/www.suno.com.br\/noticias\/#\/schema\/logo\/image\/\"},\"sameAs\":[\"https:\/\/facebook.com\/sunoresearch\",\"https:\/\/x.com\/sunoresearch\",\"https:\/\/www.instagram.com\/suno\",\"https:\/\/www.linkedin.com\/company\/suno-research\/\",\"https:\/\/www.youtube.com\/c\/sunoresearch\"]},{\"@type\":\"Person\",\"@id\":\"https:\/\/www.suno.com.br\/noticias\/#\/schema\/person\/7f4d362bf3518e76090143ae77bb49a5\",\"name\":\"Eduardo Vargas\",\"image\":{\"@type\":\"ImageObject\",\"inLanguage\":\"pt-BR\",\"@id\":\"https:\/\/www.suno.com.br\/noticias\/#\/schema\/person\/image\/\",\"url\":\"https:\/\/secure.gravatar.com\/avatar\/dac340933427a22924c9f99d1eb2e3f2?s=96&r=g\",\"contentUrl\":\"https:\/\/secure.gravatar.com\/avatar\/dac340933427a22924c9f99d1eb2e3f2?s=96&r=g\",\"caption\":\"Eduardo Vargas\"},\"description\":\"Jornalista formado pela UFSC, cobre macroeconomia, neg\u00f3cios e startups para o Suno Not\u00edcias, escrevendo principalmente not\u00edcias sobre o mercado financeiro e a bolsa de valores. No YouTube e no Instagram, \u00e9 respons\u00e1vel pela produ\u00e7\u00e3o de Reels e Shorts do Suno Not\u00edcias. Anteriormente, trabalhou cobrindo economia e cotidiano no ND+ e para o ND, maior jornal impresso de Santa Catarina. Cursou um semestre letivo de Estudos de M\u00eddia na Universidad de Buenos Aires.\",\"url\":\"https:\/\/www.suno.com.br\/noticias\/author\/eduardo-vargas\/\"}]}<\/script>\n<!-- \/ Yoast SEO plugin. -->","yoast_head_json":{"title":"D\u00edvida P\u00fablica Federal cai para R$ 5,4 trilh\u00f5es, revela o Tesouro","description":"Al\u00e9m dos dados da D\u00edvida P\u00fablica, governo revelou alta da arrecada\u00e7\u00e3o em setembro, com maior montante desde 1995. Clique aqui e leia mais.","robots":{"index":"index","follow":"follow","max-snippet":"max-snippet:-1","max-image-preview":"max-image-preview:large","max-video-preview":"max-video-preview:-1"},"canonical":"https:\/\/www.suno.com.br\/noticias\/divida-publica-federal-cai-54-trilhoes-revela-tesouro\/","og_locale":"pt_BR","og_type":"article","og_title":"D\u00edvida P\u00fablica Federal cai para R$ 5,4 trilh\u00f5es, revela o Tesouro","og_description":"Al\u00e9m dos dados da D\u00edvida P\u00fablica, governo revelou alta da arrecada\u00e7\u00e3o em setembro, com maior montante desde 1995. Clique aqui e leia mais.","og_url":"https:\/\/www.suno.com.br\/noticias\/divida-publica-federal-cai-54-trilhoes-revela-tesouro\/","og_site_name":"Suno Not\u00edcias","article_publisher":"https:\/\/facebook.com\/sunoresearch","og_image":[{"width":2560,"height":1707,"url":"https:\/\/files.sunoresearch.com.br\/n\/uploads\/2021\/10\/fcpzzb_abr_260620194999-scaled.jpg","type":"image\/jpeg"}],"author":"Eduardo Vargas","twitter_card":"summary_large_image","twitter_creator":"@sunoresearch","twitter_site":"@sunoresearch","twitter_misc":{"Escrito por":"Eduardo Vargas","Est. tempo de leitura":"2 minutos"},"schema":{"@context":"https:\/\/schema.org","@graph":[{"@type":"NewsArticle","@id":"https:\/\/www.suno.com.br\/noticias\/divida-publica-federal-cai-54-trilhoes-revela-tesouro\/#article","isPartOf":{"@id":"https:\/\/www.suno.com.br\/noticias\/divida-publica-federal-cai-54-trilhoes-revela-tesouro\/"},"author":{"name":"Eduardo Vargas","@id":"https:\/\/www.suno.com.br\/noticias\/#\/schema\/person\/7f4d362bf3518e76090143ae77bb49a5"},"headline":"D\u00edvida P\u00fablica Federal cai para R$ 5,4 trilh\u00f5es, revela o Tesouro","datePublished":"2021-10-27T19:37:48+00:00","mainEntityOfPage":{"@id":"https:\/\/www.suno.com.br\/noticias\/divida-publica-federal-cai-54-trilhoes-revela-tesouro\/"},"wordCount":432,"publisher":{"@id":"https:\/\/www.suno.com.br\/noticias\/#organization"},"image":{"@id":"https:\/\/www.suno.com.br\/noticias\/divida-publica-federal-cai-54-trilhoes-revela-tesouro\/#primaryimage"},"thumbnailUrl":"https:\/\/files.sunoresearch.com.br\/n\/uploads\/2021\/10\/fcpzzb_abr_260620194999-scaled.jpg","keywords":["Ag\u00eancias","contas p\u00fablicas","D\u00edvida P\u00fablica Federal","governo federal"],"articleSection":["Economia"],"inLanguage":"pt-BR"},{"@type":"WebPage","@id":"https:\/\/www.suno.com.br\/noticias\/divida-publica-federal-cai-54-trilhoes-revela-tesouro\/","url":"https:\/\/www.suno.com.br\/noticias\/divida-publica-federal-cai-54-trilhoes-revela-tesouro\/","name":"D\u00edvida P\u00fablica Federal cai para R$ 5,4 trilh\u00f5es, revela o Tesouro","isPartOf":{"@id":"https:\/\/www.suno.com.br\/noticias\/#website"},"primaryImageOfPage":{"@id":"https:\/\/www.suno.com.br\/noticias\/divida-publica-federal-cai-54-trilhoes-revela-tesouro\/#primaryimage"},"image":{"@id":"https:\/\/www.suno.com.br\/noticias\/divida-publica-federal-cai-54-trilhoes-revela-tesouro\/#primaryimage"},"thumbnailUrl":"https:\/\/files.sunoresearch.com.br\/n\/uploads\/2021\/10\/fcpzzb_abr_260620194999-scaled.jpg","datePublished":"2021-10-27T19:37:48+00:00","description":"Al\u00e9m dos dados da D\u00edvida P\u00fablica, governo revelou alta da arrecada\u00e7\u00e3o em setembro, com maior montante desde 1995. Clique aqui e leia mais.","breadcrumb":{"@id":"https:\/\/www.suno.com.br\/noticias\/divida-publica-federal-cai-54-trilhoes-revela-tesouro\/#breadcrumb"},"inLanguage":"pt-BR","potentialAction":[{"@type":"ReadAction","target":["https:\/\/www.suno.com.br\/noticias\/divida-publica-federal-cai-54-trilhoes-revela-tesouro\/"]}]},{"@type":"ImageObject","inLanguage":"pt-BR","@id":"https:\/\/www.suno.com.br\/noticias\/divida-publica-federal-cai-54-trilhoes-revela-tesouro\/#primaryimage","url":"https:\/\/files.sunoresearch.com.br\/n\/uploads\/2021\/10\/fcpzzb_abr_260620194999-scaled.jpg","contentUrl":"https:\/\/files.sunoresearch.com.br\/n\/uploads\/2021\/10\/fcpzzb_abr_260620194999-scaled.jpg","width":2560,"height":1707,"caption":"Al\u00e9m da D\u00edvida P\u00fablica, dados do Governo indicam recorde de arrecada\u00e7\u00e3o em setembro - Foto: Ag\u00eancia Brasil"},{"@type":"BreadcrumbList","@id":"https:\/\/www.suno.com.br\/noticias\/divida-publica-federal-cai-54-trilhoes-revela-tesouro\/#breadcrumb","itemListElement":[{"@type":"ListItem","position":1,"name":"Not\u00edcias","item":"https:\/\/www.suno.com.br\/noticias\/"},{"@type":"ListItem","position":2,"name":"Economia","item":"https:\/\/www.suno.com.br\/noticias\/economia\/"},{"@type":"ListItem","position":3,"name":"D\u00edvida P\u00fablica Federal cai para R$ 5,4 trilh\u00f5es, revela o Tesouro"}]},{"@type":"WebSite","@id":"https:\/\/www.suno.com.br\/noticias\/#website","url":"https:\/\/www.suno.com.br\/noticias\/","name":"Suno Not\u00edcias","description":"Seu portal de informa\u00e7\u00e3o sobre o mundo dos investimentos","publisher":{"@id":"https:\/\/www.suno.com.br\/noticias\/#organization"},"potentialAction":[{"@type":"SearchAction","target":{"@type":"EntryPoint","urlTemplate":"https:\/\/www.suno.com.br\/noticias\/?s={search_term_string}"},"query-input":{"@type":"PropertyValueSpecification","valueRequired":true,"valueName":"search_term_string"}}],"inLanguage":"pt-BR"},{"@type":"Organization","@id":"https:\/\/www.suno.com.br\/noticias\/#organization","name":"Suno Not\u00edcias","url":"https:\/\/www.suno.com.br\/noticias\/","logo":{"@type":"ImageObject","inLanguage":"pt-BR","@id":"https:\/\/www.suno.com.br\/noticias\/#\/schema\/logo\/image\/","url":"https:\/\/files.sunoresearch.com.br\/n\/uploads\/2021\/09\/suno-logo.png","contentUrl":"https:\/\/files.sunoresearch.com.br\/n\/uploads\/2021\/09\/suno-logo.png","width":180,"height":180,"caption":"Suno Not\u00edcias"},"image":{"@id":"https:\/\/www.suno.com.br\/noticias\/#\/schema\/logo\/image\/"},"sameAs":["https:\/\/facebook.com\/sunoresearch","https:\/\/x.com\/sunoresearch","https:\/\/www.instagram.com\/suno","https:\/\/www.linkedin.com\/company\/suno-research\/","https:\/\/www.youtube.com\/c\/sunoresearch"]},{"@type":"Person","@id":"https:\/\/www.suno.com.br\/noticias\/#\/schema\/person\/7f4d362bf3518e76090143ae77bb49a5","name":"Eduardo Vargas","image":{"@type":"ImageObject","inLanguage":"pt-BR","@id":"https:\/\/www.suno.com.br\/noticias\/#\/schema\/person\/image\/","url":"https:\/\/secure.gravatar.com\/avatar\/dac340933427a22924c9f99d1eb2e3f2?s=96&r=g","contentUrl":"https:\/\/secure.gravatar.com\/avatar\/dac340933427a22924c9f99d1eb2e3f2?s=96&r=g","caption":"Eduardo Vargas"},"description":"Jornalista formado pela UFSC, cobre macroeconomia, neg\u00f3cios e startups para o Suno Not\u00edcias, escrevendo principalmente not\u00edcias sobre o mercado financeiro e a bolsa de valores. No YouTube e no Instagram, \u00e9 respons\u00e1vel pela produ\u00e7\u00e3o de Reels e Shorts do Suno Not\u00edcias. Anteriormente, trabalhou cobrindo economia e cotidiano no ND+ e para o ND, maior jornal impresso de Santa Catarina. Cursou um semestre letivo de Estudos de M\u00eddia na Universidad de Buenos Aires.","url":"https:\/\/www.suno.com.br\/noticias\/author\/eduardo-vargas\/"}]}},"default_loop_html":"<div class=\"cardsPage__listCard__boxs\"><div class=\"cardsPage__listCard__boxs__img\"><a href=\"https:\/\/www.suno.com.br\/noticias\/marfrig-mrfg3-recordes-xp-investimentos-recomenda-compra\/\"><img class=\"mask\" src=\"https:\/\/www.suno.com.br\/noticias\/wp-content\/themes\/suno\/resources\/images\/spotlight\/spotlight1img\/bg-mask.png\" alt=\"Image Mask\"\/><img src=\"https:\/\/files.sunoresearch.com.br\/n\/uploads\/2021\/02\/cf1e931e-marfrig-400x200.webp\" alt=\"Resultado da Marfrig (MRFG3) mostra recordes e corresponde \u00e0s expectativas da XP\"\/><\/a><span class=\"spotlightCategory\"><a href=\"https:\/\/www.suno.com.br\/noticias\/negocios\/\">Neg\u00f3cios<\/a><\/span><\/div><div class=\"cardsPage__listCard__boxs__content\"><a href=\"https:\/\/www.suno.com.br\/noticias\/marfrig-mrfg3-recordes-xp-investimentos-recomenda-compra\/\"><h2 class=\"content__title\">Resultado da Marfrig (MRFG3) mostra recordes e corresponde \u00e0s expectativas da XP<\/h2><\/a><div class=\"newsContent__article__meta\"><div class=\"newsContent__article__meta__authorBox\"><a href=\"https:\/\/www.suno.com.br\/noticias\/author\/eduardo-vargas\/\" class=\"authorBox__avatar noMobi\"><img src=\"https:\/\/secure.gravatar.com\/avatar\/dac340933427a22924c9f99d1eb2e3f2?s=96&#038;r=g\" alt=\"Eduardo Vargas\"><\/a><div class=\"authorBox__name\"><span>por\n\t\t\t<a href=\"https:\/\/www.suno.com.br\/noticias\/author\/eduardo-vargas\/\"><span itemprop=\"author\">Eduardo Vargas<\/span><\/a><\/span><time datetime=\"2021-10-27T13:01:05-03:00\" itemprop=\"datePublished\">27\/10\/2021 13:01<\/time><\/div><\/div><\/div><\/div><\/div>","single_layout":"posts","amp_enabled":true,"_links":{"self":[{"href":"https:\/\/www.suno.com.br\/noticias\/wp-json\/wp\/v2\/posts\/198012"}],"collection":[{"href":"https:\/\/www.suno.com.br\/noticias\/wp-json\/wp\/v2\/posts"}],"about":[{"href":"https:\/\/www.suno.com.br\/noticias\/wp-json\/wp\/v2\/types\/post"}],"author":[{"embeddable":true,"href":"https:\/\/www.suno.com.br\/noticias\/wp-json\/wp\/v2\/users\/73"}],"replies":[{"embeddable":true,"href":"https:\/\/www.suno.com.br\/noticias\/wp-json\/wp\/v2\/comments?post=198012"}],"version-history":[{"count":2,"href":"https:\/\/www.suno.com.br\/noticias\/wp-json\/wp\/v2\/posts\/198012\/revisions"}],"predecessor-version":[{"id":198055,"href":"https:\/\/www.suno.com.br\/noticias\/wp-json\/wp\/v2\/posts\/198012\/revisions\/198055"}],"wp:featuredmedia":[{"embeddable":true,"href":"https:\/\/www.suno.com.br\/noticias\/wp-json\/wp\/v2\/media\/198051"}],"wp:attachment":[{"href":"https:\/\/www.suno.com.br\/noticias\/wp-json\/wp\/v2\/media?parent=198012"}],"wp:term":[{"taxonomy":"category","embeddable":true,"href":"https:\/\/www.suno.com.br\/noticias\/wp-json\/wp\/v2\/categories?post=198012"},{"taxonomy":"post_tag","embeddable":true,"href":"https:\/\/www.suno.com.br\/noticias\/wp-json\/wp\/v2\/tags?post=198012"},{"taxonomy":"suno_strategy","embeddable":true,"href":"https:\/\/www.suno.com.br\/noticias\/wp-json\/wp\/v2\/suno_strategy?post=198012"}],"curies":[{"name":"wp","href":"https:\/\/api.w.org\/{rel}","templated":true}]}}