{"id":197977,"date":"2021-10-27T16:49:18","date_gmt":"2021-10-27T19:49:18","guid":{"rendered":"https:\/\/www.suno.com.br\/noticias\/?p=197977"},"modified":"2021-10-27T16:49:18","modified_gmt":"2021-10-27T19:49:18","slug":"mp-sera-maior-boom-ferroviario-da-historia-do-pais-diz-tarcisio","status":"publish","type":"post","link":"https:\/\/www.suno.com.br\/noticias\/mp-sera-maior-boom-ferroviario-da-historia-do-pais-diz-tarcisio\/","title":{"rendered":"MP ser\u00e1 &#8216;maior boom ferrovi\u00e1rio da hist\u00f3ria&#8217; do Pa\u00eds, diz Tarc\u00edsio"},"content":{"rendered":"<p>A autoriza\u00e7\u00e3o a atua\u00e7\u00e3o da esfera privada no setor <strong>ferrovi\u00e1rio<\/strong>\u00a0 &#8211; <a href=\"https:\/\/www.suno.com.br\/noticias\/ferrovias-novo-marco-legal-brasil-eua-ministro-tarcisio\/\">autorizada por meio de Medida Provis\u00f3ria a ser prorrogada<\/a> -foi considerada, pelo ministro da Infraestrutura, Tarc\u00edsio de Freitas, como o &#8220;maior boom ferrovi\u00e1rio&#8221; da hist\u00f3ria brasileira.<\/p>\t<div class=\"wrapper-featured-image\">\n\t\t<figure class=\"spotlightImg\">\n\n\t\t\t<picture>\n\t\t\t\t<source media=\"(max-width: 768px)\" srcset=\"https:\/\/files.sunoresearch.com.br\/n\/uploads\/2021\/10\/planalto_saude_coletiva_3003201195-400x200.jpg\">\n\t\t\t\t<img loading=\"lazy\" decoding=\"async\" class=\"newsContent__article__imgCapa lazyloadDisabled \" src=\"https:\/\/files.sunoresearch.com.br\/n\/uploads\/2021\/10\/planalto_saude_coletiva_3003201195-800x450.jpg\" width=\"800\" height=\"450\" alt=\"MP ser\u00e1 &#8216;maior boom ferrovi\u00e1rio da hist\u00f3ria&#8217; do Pa\u00eds, diz Tarc\u00edsio\" fetchpriority=high \/>\n\t\t\t<\/picture>\n\n\t\t\t<figcaption class=\"wp-caption-text wp-caption-text--show\">Porto de Santos, atualmente, \u00e9 o maior da Am\u00e9rica Latina - Foto: Ag\u00eancia Brasil<\/figcaption>\n\t\t<\/figure>\n\t<\/div>\n\n\n\t<p>\n\t\t<a href=\"https:\/\/lp.suno.com.br\/planilha-controle-gastos\/\" target=\"_blank\" data-element=\"shortcode-suno-banner\" title=\"Banner SUNO, clique e saiba mais\">\n\t\t\t<picture>\n\t\t\t\t<source media=\"(max-width: 500px)\" srcset=\"https:\/\/files.sunoresearch.com.br\/n\/uploads\/2023\/03\/400x300-Planilha-controle-de-gastos.png\">\n\t\t\t\t<img class=\"newsContent__article__imgCapa newsContent__article__imgCapa--banner\"\n\t\t\t\t\tsrc=\"https:\/\/files.sunoresearch.com.br\/n\/uploads\/2023\/03\/1420x240-Planilha-controle-de-gastos.png\"\n\t\t\t\t\tdata-promo-id=\"101751\"\t\t\t\t\t\t\t\t\t\twidth='1420' height='240'\t\t\t\t\talt=\"https:\/\/files.sunoresearch.com.br\/n\/uploads\/2023\/03\/1420x240-Planilha-controle-de-gastos.png\"\n\t\t\t\t>\n\t\t\t<\/picture>\n\t\t<\/a>\n\t<\/p>\n\n\n<p>Desde que editou a <strong>MP do setor ferrovi\u00e1rio<\/strong>, em agosto, o governo recebeu 23 requerimentos de empresas interessadas em construir e operar novos segmentos, com previs\u00e3o de cerca de R$ 100 bilh\u00f5es de investimentos.<\/p>\n<p>&#8220;Esper\u00e1vamos num primeiro momento receber seis, sete pedidos de autoriza\u00e7\u00e3o, que imagin\u00e1vamos estarem mais maduros. Superou muito nossas expectativas&#8221;, afirmou o ministro durante fala em evento promovido pelo <a class=\"suno-keyword\" href=\"https:\/\/www.suno.com.br\/acoes\/BPAC11\/\" target=\"_blank\" rel=\"noopener\" data-force=\"yes\" data-priority=\"2\"><strong>BTG<\/strong> <strong>Pactual<\/strong> (BPAC11)<\/a> nesta quarta-feira (27).<\/p>\n\t<div data-element=\"shortcode-read-more\" class=\"knowMore\">\n\t\t\t\t<span class=\"knowMore__title\">Leia mais<\/span>\n\t\t\t\t<a class=\"knowMore__link\" href=\"https:\/\/www.suno.com.br\/noticias\/governo-edita-mp-expansao-transporte-rodoviario\/\">\n\t\t\tGoverno edita e MP e facilita expans\u00e3o do transporte ferrovi\u00e1rio\t\t<\/a>\n\t<\/div>\n\n\n<p>O plano, por sua vez, corre o risco de ser inviabilizado at\u00e9 o fim desta semana, j\u00e1 que a <strong>MP<\/strong> perde sua validade nesta sexta-feira, 29.<\/p>\n<p>Para continuar em vigor, o presidente do Senado, Rodrigo Pacheco, precisa autorizar a prorroga\u00e7\u00e3o da medida por mais 60 dias.<\/p>\n<p>A renova\u00e7\u00e3o sempre foi considerada importante pelo governo porque a expectativa \u00e9 de que, ao fim da vig\u00eancia completa da MP, de 120 dias, a C\u00e2mara j\u00e1 tenha dado aval \u00e0 proposta <a href=\"https:\/\/www.suno.com.br\/noticias\/rumo-rail3-contrato-mt-construcao-ferrovia\/\">do novo <strong>marco legal das ferrovias<\/strong>, aprovada no Senado neste m\u00eas<\/a>.<\/p>\n<p>Dessa forma, n\u00e3o existiria um v\u00e1cuo na legisla\u00e7\u00e3o, que geraria inseguran\u00e7a ao setor e as empresas que pediram para construir ferrovias com base na MP.<\/p>\n\t<p>\n\t\t<a href=\"https:\/\/lp.suno.com.br\/planilha-da-vida-financeira\/\" target=\"_blank\" data-element=\"shortcode-suno-banner\" title=\"Banner SUNO, clique e saiba mais\">\n\t\t\t<picture>\n\t\t\t\t<source media=\"(max-width: 500px)\" srcset=\"https:\/\/files.sunoresearch.com.br\/n\/uploads\/2023\/04\/400x300-Planilha-vida-financeira-true.png\">\n\t\t\t\t<img class=\"newsContent__article__imgCapa newsContent__article__imgCapa--banner\"\n\t\t\t\t\tsrc=\"https:\/\/files.sunoresearch.com.br\/n\/uploads\/2023\/04\/1420x240-Planilha-vida-financeira-true.png\"\n\t\t\t\t\tdata-promo-id=\"106682\"\t\t\t\t\t\t\t\t\t\twidth='1420' height='240'\t\t\t\t\talt=\"https:\/\/files.sunoresearch.com.br\/n\/uploads\/2023\/04\/1420x240-Planilha-vida-financeira-true.png\"\n\t\t\t\t>\n\t\t\t<\/picture>\n\t\t<\/a>\n\t<\/p>\n\n\n<h2>Imbr\u00f3glio na MP do setor ferrovi\u00e1rio<\/h2>\n<p>Ao falar na ter\u00e7a sobre o assunto, Pacheco afirmou que o Senado busca uma &#8220;compatibiliza\u00e7\u00e3o&#8221; para que haja tempo para a C\u00e2mara apreciar o projeto dos senadores, dando-se &#8220;tempo para a MP, eventualmente com sua prorroga\u00e7\u00e3o&#8221;.<\/p>\n<p>Sem citar o imbr\u00f3glio, Tarc\u00edsio afirmou que o Brasil tem capacidade de alcan\u00e7ar o cen\u00e1rio de ferrovias dos Estados Unidos, em que coexistem centenas de operadores de <i>shortlines<\/i> (trechos mais curtos de ferrovias, normalmente operados pelo regime de autoriza\u00e7\u00e3o).<\/p>\n<p>O ministro tamb\u00e9m voltou a dizer que, com o regime de autoriza\u00e7\u00e3o, as novas concess\u00f5es e as renova\u00e7\u00f5es antecipadas de ferrovias, a <a href=\"https:\/\/www.suno.com.br\/noticias\/rumo-rail3-ferrovia-mt-investimento-r-11-bi\/\">participa\u00e7\u00e3o do modal ferrovi\u00e1rio na matriz de <strong>transportes<\/strong> vai saltar de 20% a 40% em 2035<\/a>.<\/p>\n\t<p>\n\t\t<a href=\"https:\/\/lp.suno.com.br\/ebook-como-analisar-uma-acao\/\" target=\"_blank\" data-element=\"shortcode-suno-banner\" title=\"Banner SUNO, clique e saiba mais\">\n\t\t\t<picture>\n\t\t\t\t<source media=\"(max-width: 500px)\" srcset=\"https:\/\/files.sunoresearch.com.br\/n\/uploads\/2023\/03\/Ebook-Acoes-Mobile-1.jpg\">\n\t\t\t\t<img class=\"newsContent__article__imgCapa newsContent__article__imgCapa--banner\"\n\t\t\t\t\tsrc=\"https:\/\/files.sunoresearch.com.br\/n\/uploads\/2023\/03\/Ebook-Acoes-Desktop-1.jpg\"\n\t\t\t\t\tdata-promo-id=\"171998\"\t\t\t\t\t\t\t\t\t\twidth='1420' height='286'\t\t\t\t\talt=\"https:\/\/files.sunoresearch.com.br\/n\/uploads\/2023\/03\/Ebook-Acoes-Desktop-1.jpg\"\n\t\t\t\t>\n\t\t\t<\/picture>\n\t\t<\/a>\n\t<\/p>\n\n\n<p>No evento, Tarc\u00edsio tamb\u00e9m ressaltou a estrat\u00e9gia do governo para fortalecer a log\u00edstica do Mato Grosso, grande produtor do agroneg\u00f3cio brasileiro. Atualmente, o plano envolve a Ferronorte, j\u00e1 em opera\u00e7\u00e3o; o projeto da Rumo de extens\u00e3o da malha at\u00e9 Lucas do Rio Verde (MT); a Ferrogr\u00e3o, entre Sinop (MT) e Miritituba (PA), que o governo tenta tirar do papel; e a Ferrovia de Integra\u00e7\u00e3o Centro-oeste (Fico).<\/p>\n<p>&#8220;Vai ter carga para todas essas ferrovias, sair com Fico, Ferronorte, Ferrogr\u00e3o. Tem demanda para todo mundo&#8221;, disse o ministro, sobre o setor <strong>Ferrovi\u00e1rio<\/strong>.<\/p>\n<p><em>Com informa\u00e7\u00f5es do Estad\u00e3o Conte\u00fado<\/em><\/p>\n\t<p>\n\t\t<a href=\"https:\/\/lp.suno.com.br\/planilha-de-controle-de-investimentos\/\" target=\"_blank\" data-element=\"shortcode-suno-banner\" title=\"Banner SUNO, clique e saiba mais\">\n\t\t\t<picture>\n\t\t\t\t<source media=\"(max-width: 500px)\" srcset=\"https:\/\/files.sunoresearch.com.br\/n\/uploads\/2023\/03\/400x300-Controle-de-Investimentos.png\">\n\t\t\t\t<img class=\"newsContent__article__imgCapa newsContent__article__imgCapa--banner\"\n\t\t\t\t\tsrc=\"https:\/\/files.sunoresearch.com.br\/n\/uploads\/2023\/03\/1420x240-Controle-de-Investimentos.png\"\n\t\t\t\t\tdata-promo-id=\"75934\"\t\t\t\t\t\t\t\t\t\twidth='1420' height='240'\t\t\t\t\talt=\"https:\/\/files.sunoresearch.com.br\/n\/uploads\/2023\/03\/1420x240-Controle-de-Investimentos.png\"\n\t\t\t\t>\n\t\t\t<\/picture>\n\t\t<\/a>\n\t<\/p>\n\n\n","protected":false},"excerpt":{"rendered":"<p>A autoriza\u00e7\u00e3o a atua\u00e7\u00e3o da esfera privada no setor ferrovi\u00e1rio\u00a0 &#8211; autorizada por meio de Medida Provis\u00f3ria a ser prorrogada -foi considerada, pelo ministro da Infraestrutura, Tarc\u00edsio de Freitas, como o &#8220;maior boom ferrovi\u00e1rio&#8221; da hist\u00f3ria brasileira. Porto de Santos, atualmente, \u00e9 o maior da Am\u00e9rica Latina &#8211; Foto: Ag\u00eancia Brasil Desde que editou a [&hellip;]<\/p>\n","protected":false},"author":73,"featured_media":198059,"comment_status":"closed","ping_status":"closed","sticky":false,"template":"","format":"standard","meta":[],"categories":[62],"tags":[106444,1556,1836],"suno_strategy":[],"class_list":["post-197977","post","type-post","status-publish","format-standard","has-post-thumbnail","hentry","category-economia","tag-agencias","tag-governo-federal","tag-medida-provisoria"],"yoast_head":"<!-- This site is optimized with the Yoast SEO plugin v24.4 - https:\/\/yoast.com\/wordpress\/plugins\/seo\/ -->\n<title>MP ser\u00e1 &#039;maior boom ferrovi\u00e1rio da hist\u00f3ria&#039; do Pa\u00eds, diz Tarc\u00edsio<\/title>\n<meta name=\"description\" content=\"Desde que editou a MP do setor ferrovi\u00e1rio, em agosto, o governo recebeu 23 requerimentos de empresas. Clique aqui e leia mais.\" \/>\n<meta name=\"robots\" content=\"index, follow, max-snippet:-1, max-image-preview:large, max-video-preview:-1\" \/>\n<link rel=\"canonical\" href=\"https:\/\/www.suno.com.br\/noticias\/mp-sera-maior-boom-ferroviario-da-historia-do-pais-diz-tarcisio\/\" \/>\n<meta property=\"og:locale\" content=\"pt_BR\" \/>\n<meta property=\"og:type\" content=\"article\" \/>\n<meta property=\"og:title\" content=\"MP ser\u00e1 &#039;maior boom ferrovi\u00e1rio da hist\u00f3ria&#039; do Pa\u00eds, diz Tarc\u00edsio\" \/>\n<meta property=\"og:description\" content=\"Desde que editou a MP do setor ferrovi\u00e1rio, em agosto, o governo recebeu 23 requerimentos de empresas. Clique aqui e leia mais.\" \/>\n<meta property=\"og:url\" content=\"https:\/\/www.suno.com.br\/noticias\/mp-sera-maior-boom-ferroviario-da-historia-do-pais-diz-tarcisio\/\" \/>\n<meta property=\"og:site_name\" content=\"Suno Not\u00edcias\" \/>\n<meta property=\"article:publisher\" content=\"https:\/\/facebook.com\/sunoresearch\" \/>\n<meta property=\"og:image\" content=\"https:\/\/files.sunoresearch.com.br\/n\/uploads\/2021\/10\/planalto_saude_coletiva_3003201195-scaled.jpg\" \/>\n\t<meta property=\"og:image:width\" content=\"2560\" \/>\n\t<meta property=\"og:image:height\" content=\"1704\" \/>\n\t<meta property=\"og:image:type\" content=\"image\/jpeg\" \/>\n<meta name=\"author\" content=\"Eduardo Vargas\" \/>\n<meta name=\"twitter:card\" content=\"summary_large_image\" \/>\n<meta name=\"twitter:creator\" content=\"@sunoresearch\" \/>\n<meta name=\"twitter:site\" content=\"@sunoresearch\" \/>\n<meta name=\"twitter:label1\" content=\"Escrito por\" \/>\n\t<meta name=\"twitter:data1\" content=\"Eduardo Vargas\" \/>\n\t<meta name=\"twitter:label2\" content=\"Est. tempo de leitura\" \/>\n\t<meta name=\"twitter:data2\" content=\"2 minutos\" \/>\n<script type=\"application\/ld+json\" class=\"yoast-schema-graph\">{\"@context\":\"https:\/\/schema.org\",\"@graph\":[{\"@type\":\"NewsArticle\",\"@id\":\"https:\/\/www.suno.com.br\/noticias\/mp-sera-maior-boom-ferroviario-da-historia-do-pais-diz-tarcisio\/#article\",\"isPartOf\":{\"@id\":\"https:\/\/www.suno.com.br\/noticias\/mp-sera-maior-boom-ferroviario-da-historia-do-pais-diz-tarcisio\/\"},\"author\":{\"name\":\"Eduardo Vargas\",\"@id\":\"https:\/\/www.suno.com.br\/noticias\/#\/schema\/person\/7f4d362bf3518e76090143ae77bb49a5\"},\"headline\":\"MP ser\u00e1 &#8216;maior boom ferrovi\u00e1rio da hist\u00f3ria&#8217; do Pa\u00eds, diz Tarc\u00edsio\",\"datePublished\":\"2021-10-27T19:49:18+00:00\",\"mainEntityOfPage\":{\"@id\":\"https:\/\/www.suno.com.br\/noticias\/mp-sera-maior-boom-ferroviario-da-historia-do-pais-diz-tarcisio\/\"},\"wordCount\":509,\"publisher\":{\"@id\":\"https:\/\/www.suno.com.br\/noticias\/#organization\"},\"image\":{\"@id\":\"https:\/\/www.suno.com.br\/noticias\/mp-sera-maior-boom-ferroviario-da-historia-do-pais-diz-tarcisio\/#primaryimage\"},\"thumbnailUrl\":\"https:\/\/files.sunoresearch.com.br\/n\/uploads\/2021\/10\/planalto_saude_coletiva_3003201195-scaled.jpg\",\"keywords\":[\"Ag\u00eancias\",\"governo federal\",\"medida provis\u00f3ria\"],\"articleSection\":[\"Economia\"],\"inLanguage\":\"pt-BR\"},{\"@type\":\"WebPage\",\"@id\":\"https:\/\/www.suno.com.br\/noticias\/mp-sera-maior-boom-ferroviario-da-historia-do-pais-diz-tarcisio\/\",\"url\":\"https:\/\/www.suno.com.br\/noticias\/mp-sera-maior-boom-ferroviario-da-historia-do-pais-diz-tarcisio\/\",\"name\":\"MP ser\u00e1 'maior boom ferrovi\u00e1rio da hist\u00f3ria' do Pa\u00eds, diz Tarc\u00edsio\",\"isPartOf\":{\"@id\":\"https:\/\/www.suno.com.br\/noticias\/#website\"},\"primaryImageOfPage\":{\"@id\":\"https:\/\/www.suno.com.br\/noticias\/mp-sera-maior-boom-ferroviario-da-historia-do-pais-diz-tarcisio\/#primaryimage\"},\"image\":{\"@id\":\"https:\/\/www.suno.com.br\/noticias\/mp-sera-maior-boom-ferroviario-da-historia-do-pais-diz-tarcisio\/#primaryimage\"},\"thumbnailUrl\":\"https:\/\/files.sunoresearch.com.br\/n\/uploads\/2021\/10\/planalto_saude_coletiva_3003201195-scaled.jpg\",\"datePublished\":\"2021-10-27T19:49:18+00:00\",\"description\":\"Desde que editou a MP do setor ferrovi\u00e1rio, em agosto, o governo recebeu 23 requerimentos de empresas. Clique aqui e leia mais.\",\"breadcrumb\":{\"@id\":\"https:\/\/www.suno.com.br\/noticias\/mp-sera-maior-boom-ferroviario-da-historia-do-pais-diz-tarcisio\/#breadcrumb\"},\"inLanguage\":\"pt-BR\",\"potentialAction\":[{\"@type\":\"ReadAction\",\"target\":[\"https:\/\/www.suno.com.br\/noticias\/mp-sera-maior-boom-ferroviario-da-historia-do-pais-diz-tarcisio\/\"]}]},{\"@type\":\"ImageObject\",\"inLanguage\":\"pt-BR\",\"@id\":\"https:\/\/www.suno.com.br\/noticias\/mp-sera-maior-boom-ferroviario-da-historia-do-pais-diz-tarcisio\/#primaryimage\",\"url\":\"https:\/\/files.sunoresearch.com.br\/n\/uploads\/2021\/10\/planalto_saude_coletiva_3003201195-scaled.jpg\",\"contentUrl\":\"https:\/\/files.sunoresearch.com.br\/n\/uploads\/2021\/10\/planalto_saude_coletiva_3003201195-scaled.jpg\",\"width\":2560,\"height\":1704,\"caption\":\"Porto de Santos, atualmente, \u00e9 o maior da Am\u00e9rica Latina - Foto: Ag\u00eancia Brasil\"},{\"@type\":\"BreadcrumbList\",\"@id\":\"https:\/\/www.suno.com.br\/noticias\/mp-sera-maior-boom-ferroviario-da-historia-do-pais-diz-tarcisio\/#breadcrumb\",\"itemListElement\":[{\"@type\":\"ListItem\",\"position\":1,\"name\":\"Not\u00edcias\",\"item\":\"https:\/\/www.suno.com.br\/noticias\/\"},{\"@type\":\"ListItem\",\"position\":2,\"name\":\"Economia\",\"item\":\"https:\/\/www.suno.com.br\/noticias\/economia\/\"},{\"@type\":\"ListItem\",\"position\":3,\"name\":\"MP ser\u00e1 &#8216;maior boom ferrovi\u00e1rio da hist\u00f3ria&#8217; do Pa\u00eds, diz Tarc\u00edsio\"}]},{\"@type\":\"WebSite\",\"@id\":\"https:\/\/www.suno.com.br\/noticias\/#website\",\"url\":\"https:\/\/www.suno.com.br\/noticias\/\",\"name\":\"Suno Not\u00edcias\",\"description\":\"Seu portal de informa\u00e7\u00e3o sobre o mundo dos investimentos\",\"publisher\":{\"@id\":\"https:\/\/www.suno.com.br\/noticias\/#organization\"},\"potentialAction\":[{\"@type\":\"SearchAction\",\"target\":{\"@type\":\"EntryPoint\",\"urlTemplate\":\"https:\/\/www.suno.com.br\/noticias\/?s={search_term_string}\"},\"query-input\":{\"@type\":\"PropertyValueSpecification\",\"valueRequired\":true,\"valueName\":\"search_term_string\"}}],\"inLanguage\":\"pt-BR\"},{\"@type\":\"Organization\",\"@id\":\"https:\/\/www.suno.com.br\/noticias\/#organization\",\"name\":\"Suno Not\u00edcias\",\"url\":\"https:\/\/www.suno.com.br\/noticias\/\",\"logo\":{\"@type\":\"ImageObject\",\"inLanguage\":\"pt-BR\",\"@id\":\"https:\/\/www.suno.com.br\/noticias\/#\/schema\/logo\/image\/\",\"url\":\"https:\/\/files.sunoresearch.com.br\/n\/uploads\/2021\/09\/suno-logo.png\",\"contentUrl\":\"https:\/\/files.sunoresearch.com.br\/n\/uploads\/2021\/09\/suno-logo.png\",\"width\":180,\"height\":180,\"caption\":\"Suno Not\u00edcias\"},\"image\":{\"@id\":\"https:\/\/www.suno.com.br\/noticias\/#\/schema\/logo\/image\/\"},\"sameAs\":[\"https:\/\/facebook.com\/sunoresearch\",\"https:\/\/x.com\/sunoresearch\",\"https:\/\/www.instagram.com\/suno\",\"https:\/\/www.linkedin.com\/company\/suno-research\/\",\"https:\/\/www.youtube.com\/c\/sunoresearch\"]},{\"@type\":\"Person\",\"@id\":\"https:\/\/www.suno.com.br\/noticias\/#\/schema\/person\/7f4d362bf3518e76090143ae77bb49a5\",\"name\":\"Eduardo Vargas\",\"image\":{\"@type\":\"ImageObject\",\"inLanguage\":\"pt-BR\",\"@id\":\"https:\/\/www.suno.com.br\/noticias\/#\/schema\/person\/image\/\",\"url\":\"https:\/\/secure.gravatar.com\/avatar\/dac340933427a22924c9f99d1eb2e3f2?s=96&r=g\",\"contentUrl\":\"https:\/\/secure.gravatar.com\/avatar\/dac340933427a22924c9f99d1eb2e3f2?s=96&r=g\",\"caption\":\"Eduardo Vargas\"},\"description\":\"Jornalista formado pela UFSC, cobre macroeconomia, neg\u00f3cios e startups para o Suno Not\u00edcias, escrevendo principalmente not\u00edcias sobre o mercado financeiro e a bolsa de valores. No YouTube e no Instagram, \u00e9 respons\u00e1vel pela produ\u00e7\u00e3o de Reels e Shorts do Suno Not\u00edcias. Anteriormente, trabalhou cobrindo economia e cotidiano no ND+ e para o ND, maior jornal impresso de Santa Catarina. Cursou um semestre letivo de Estudos de M\u00eddia na Universidad de Buenos Aires.\",\"url\":\"https:\/\/www.suno.com.br\/noticias\/author\/eduardo-vargas\/\"}]}<\/script>\n<!-- \/ Yoast SEO plugin. -->","yoast_head_json":{"title":"MP ser\u00e1 'maior boom ferrovi\u00e1rio da hist\u00f3ria' do Pa\u00eds, diz Tarc\u00edsio","description":"Desde que editou a MP do setor ferrovi\u00e1rio, em agosto, o governo recebeu 23 requerimentos de empresas. Clique aqui e leia mais.","robots":{"index":"index","follow":"follow","max-snippet":"max-snippet:-1","max-image-preview":"max-image-preview:large","max-video-preview":"max-video-preview:-1"},"canonical":"https:\/\/www.suno.com.br\/noticias\/mp-sera-maior-boom-ferroviario-da-historia-do-pais-diz-tarcisio\/","og_locale":"pt_BR","og_type":"article","og_title":"MP ser\u00e1 'maior boom ferrovi\u00e1rio da hist\u00f3ria' do Pa\u00eds, diz Tarc\u00edsio","og_description":"Desde que editou a MP do setor ferrovi\u00e1rio, em agosto, o governo recebeu 23 requerimentos de empresas. Clique aqui e leia mais.","og_url":"https:\/\/www.suno.com.br\/noticias\/mp-sera-maior-boom-ferroviario-da-historia-do-pais-diz-tarcisio\/","og_site_name":"Suno Not\u00edcias","article_publisher":"https:\/\/facebook.com\/sunoresearch","og_image":[{"width":2560,"height":1704,"url":"https:\/\/files.sunoresearch.com.br\/n\/uploads\/2021\/10\/planalto_saude_coletiva_3003201195-scaled.jpg","type":"image\/jpeg"}],"author":"Eduardo Vargas","twitter_card":"summary_large_image","twitter_creator":"@sunoresearch","twitter_site":"@sunoresearch","twitter_misc":{"Escrito por":"Eduardo Vargas","Est. tempo de leitura":"2 minutos"},"schema":{"@context":"https:\/\/schema.org","@graph":[{"@type":"NewsArticle","@id":"https:\/\/www.suno.com.br\/noticias\/mp-sera-maior-boom-ferroviario-da-historia-do-pais-diz-tarcisio\/#article","isPartOf":{"@id":"https:\/\/www.suno.com.br\/noticias\/mp-sera-maior-boom-ferroviario-da-historia-do-pais-diz-tarcisio\/"},"author":{"name":"Eduardo Vargas","@id":"https:\/\/www.suno.com.br\/noticias\/#\/schema\/person\/7f4d362bf3518e76090143ae77bb49a5"},"headline":"MP ser\u00e1 &#8216;maior boom ferrovi\u00e1rio da hist\u00f3ria&#8217; do Pa\u00eds, diz Tarc\u00edsio","datePublished":"2021-10-27T19:49:18+00:00","mainEntityOfPage":{"@id":"https:\/\/www.suno.com.br\/noticias\/mp-sera-maior-boom-ferroviario-da-historia-do-pais-diz-tarcisio\/"},"wordCount":509,"publisher":{"@id":"https:\/\/www.suno.com.br\/noticias\/#organization"},"image":{"@id":"https:\/\/www.suno.com.br\/noticias\/mp-sera-maior-boom-ferroviario-da-historia-do-pais-diz-tarcisio\/#primaryimage"},"thumbnailUrl":"https:\/\/files.sunoresearch.com.br\/n\/uploads\/2021\/10\/planalto_saude_coletiva_3003201195-scaled.jpg","keywords":["Ag\u00eancias","governo federal","medida provis\u00f3ria"],"articleSection":["Economia"],"inLanguage":"pt-BR"},{"@type":"WebPage","@id":"https:\/\/www.suno.com.br\/noticias\/mp-sera-maior-boom-ferroviario-da-historia-do-pais-diz-tarcisio\/","url":"https:\/\/www.suno.com.br\/noticias\/mp-sera-maior-boom-ferroviario-da-historia-do-pais-diz-tarcisio\/","name":"MP ser\u00e1 'maior boom ferrovi\u00e1rio da hist\u00f3ria' do Pa\u00eds, diz Tarc\u00edsio","isPartOf":{"@id":"https:\/\/www.suno.com.br\/noticias\/#website"},"primaryImageOfPage":{"@id":"https:\/\/www.suno.com.br\/noticias\/mp-sera-maior-boom-ferroviario-da-historia-do-pais-diz-tarcisio\/#primaryimage"},"image":{"@id":"https:\/\/www.suno.com.br\/noticias\/mp-sera-maior-boom-ferroviario-da-historia-do-pais-diz-tarcisio\/#primaryimage"},"thumbnailUrl":"https:\/\/files.sunoresearch.com.br\/n\/uploads\/2021\/10\/planalto_saude_coletiva_3003201195-scaled.jpg","datePublished":"2021-10-27T19:49:18+00:00","description":"Desde que editou a MP do setor ferrovi\u00e1rio, em agosto, o governo recebeu 23 requerimentos de empresas. Clique aqui e leia mais.","breadcrumb":{"@id":"https:\/\/www.suno.com.br\/noticias\/mp-sera-maior-boom-ferroviario-da-historia-do-pais-diz-tarcisio\/#breadcrumb"},"inLanguage":"pt-BR","potentialAction":[{"@type":"ReadAction","target":["https:\/\/www.suno.com.br\/noticias\/mp-sera-maior-boom-ferroviario-da-historia-do-pais-diz-tarcisio\/"]}]},{"@type":"ImageObject","inLanguage":"pt-BR","@id":"https:\/\/www.suno.com.br\/noticias\/mp-sera-maior-boom-ferroviario-da-historia-do-pais-diz-tarcisio\/#primaryimage","url":"https:\/\/files.sunoresearch.com.br\/n\/uploads\/2021\/10\/planalto_saude_coletiva_3003201195-scaled.jpg","contentUrl":"https:\/\/files.sunoresearch.com.br\/n\/uploads\/2021\/10\/planalto_saude_coletiva_3003201195-scaled.jpg","width":2560,"height":1704,"caption":"Porto de Santos, atualmente, \u00e9 o maior da Am\u00e9rica Latina - Foto: Ag\u00eancia Brasil"},{"@type":"BreadcrumbList","@id":"https:\/\/www.suno.com.br\/noticias\/mp-sera-maior-boom-ferroviario-da-historia-do-pais-diz-tarcisio\/#breadcrumb","itemListElement":[{"@type":"ListItem","position":1,"name":"Not\u00edcias","item":"https:\/\/www.suno.com.br\/noticias\/"},{"@type":"ListItem","position":2,"name":"Economia","item":"https:\/\/www.suno.com.br\/noticias\/economia\/"},{"@type":"ListItem","position":3,"name":"MP ser\u00e1 &#8216;maior boom ferrovi\u00e1rio da hist\u00f3ria&#8217; do Pa\u00eds, diz Tarc\u00edsio"}]},{"@type":"WebSite","@id":"https:\/\/www.suno.com.br\/noticias\/#website","url":"https:\/\/www.suno.com.br\/noticias\/","name":"Suno Not\u00edcias","description":"Seu portal de informa\u00e7\u00e3o sobre o mundo dos investimentos","publisher":{"@id":"https:\/\/www.suno.com.br\/noticias\/#organization"},"potentialAction":[{"@type":"SearchAction","target":{"@type":"EntryPoint","urlTemplate":"https:\/\/www.suno.com.br\/noticias\/?s={search_term_string}"},"query-input":{"@type":"PropertyValueSpecification","valueRequired":true,"valueName":"search_term_string"}}],"inLanguage":"pt-BR"},{"@type":"Organization","@id":"https:\/\/www.suno.com.br\/noticias\/#organization","name":"Suno Not\u00edcias","url":"https:\/\/www.suno.com.br\/noticias\/","logo":{"@type":"ImageObject","inLanguage":"pt-BR","@id":"https:\/\/www.suno.com.br\/noticias\/#\/schema\/logo\/image\/","url":"https:\/\/files.sunoresearch.com.br\/n\/uploads\/2021\/09\/suno-logo.png","contentUrl":"https:\/\/files.sunoresearch.com.br\/n\/uploads\/2021\/09\/suno-logo.png","width":180,"height":180,"caption":"Suno Not\u00edcias"},"image":{"@id":"https:\/\/www.suno.com.br\/noticias\/#\/schema\/logo\/image\/"},"sameAs":["https:\/\/facebook.com\/sunoresearch","https:\/\/x.com\/sunoresearch","https:\/\/www.instagram.com\/suno","https:\/\/www.linkedin.com\/company\/suno-research\/","https:\/\/www.youtube.com\/c\/sunoresearch"]},{"@type":"Person","@id":"https:\/\/www.suno.com.br\/noticias\/#\/schema\/person\/7f4d362bf3518e76090143ae77bb49a5","name":"Eduardo Vargas","image":{"@type":"ImageObject","inLanguage":"pt-BR","@id":"https:\/\/www.suno.com.br\/noticias\/#\/schema\/person\/image\/","url":"https:\/\/secure.gravatar.com\/avatar\/dac340933427a22924c9f99d1eb2e3f2?s=96&r=g","contentUrl":"https:\/\/secure.gravatar.com\/avatar\/dac340933427a22924c9f99d1eb2e3f2?s=96&r=g","caption":"Eduardo Vargas"},"description":"Jornalista formado pela UFSC, cobre macroeconomia, neg\u00f3cios e startups para o Suno Not\u00edcias, escrevendo principalmente not\u00edcias sobre o mercado financeiro e a bolsa de valores. No YouTube e no Instagram, \u00e9 respons\u00e1vel pela produ\u00e7\u00e3o de Reels e Shorts do Suno Not\u00edcias. Anteriormente, trabalhou cobrindo economia e cotidiano no ND+ e para o ND, maior jornal impresso de Santa Catarina. Cursou um semestre letivo de Estudos de M\u00eddia na Universidad de Buenos Aires.","url":"https:\/\/www.suno.com.br\/noticias\/author\/eduardo-vargas\/"}]}},"default_loop_html":"<div class=\"cardsPage__listCard__boxs\"><div class=\"cardsPage__listCard__boxs__img\"><a href=\"https:\/\/www.suno.com.br\/noticias\/mp-sera-maior-boom-ferroviario-da-historia-do-pais-diz-tarcisio\/\"><img class=\"mask\" src=\"https:\/\/www.suno.com.br\/noticias\/wp-content\/themes\/suno\/resources\/images\/spotlight\/spotlight1img\/bg-mask.png\" alt=\"Image Mask\"\/><img src=\"https:\/\/files.sunoresearch.com.br\/n\/uploads\/2021\/10\/planalto_saude_coletiva_3003201195-400x200.jpg\" alt=\"MP ser\u00e1 &#8216;maior boom ferrovi\u00e1rio da hist\u00f3ria&#8217; do Pa\u00eds, diz Tarc\u00edsio\"\/><\/a><span class=\"spotlightCategory\"><a href=\"https:\/\/www.suno.com.br\/noticias\/economia\/\">Economia<\/a><\/span><\/div><div class=\"cardsPage__listCard__boxs__content\"><a href=\"https:\/\/www.suno.com.br\/noticias\/mp-sera-maior-boom-ferroviario-da-historia-do-pais-diz-tarcisio\/\"><h2 class=\"content__title\">MP ser\u00e1 &#8216;maior boom ferrovi\u00e1rio da hist\u00f3ria&#8217; do Pa\u00eds, diz Tarc\u00edsio<\/h2><\/a><div class=\"newsContent__article__meta\"><div class=\"newsContent__article__meta__authorBox\"><a href=\"https:\/\/www.suno.com.br\/noticias\/author\/eduardo-vargas\/\" class=\"authorBox__avatar noMobi\"><img src=\"https:\/\/secure.gravatar.com\/avatar\/dac340933427a22924c9f99d1eb2e3f2?s=96&#038;r=g\" alt=\"Eduardo Vargas\"><\/a><div class=\"authorBox__name\"><span>por\n\t\t\t<a href=\"https:\/\/www.suno.com.br\/noticias\/author\/eduardo-vargas\/\"><span itemprop=\"author\">Eduardo Vargas<\/span><\/a><\/span><time datetime=\"2021-10-27T16:49:18-03:00\" itemprop=\"datePublished\">27\/10\/2021 16:49<\/time><\/div><\/div><\/div><\/div><\/div>","single_layout":"posts","amp_enabled":true,"_links":{"self":[{"href":"https:\/\/www.suno.com.br\/noticias\/wp-json\/wp\/v2\/posts\/197977"}],"collection":[{"href":"https:\/\/www.suno.com.br\/noticias\/wp-json\/wp\/v2\/posts"}],"about":[{"href":"https:\/\/www.suno.com.br\/noticias\/wp-json\/wp\/v2\/types\/post"}],"author":[{"embeddable":true,"href":"https:\/\/www.suno.com.br\/noticias\/wp-json\/wp\/v2\/users\/73"}],"replies":[{"embeddable":true,"href":"https:\/\/www.suno.com.br\/noticias\/wp-json\/wp\/v2\/comments?post=197977"}],"version-history":[{"count":3,"href":"https:\/\/www.suno.com.br\/noticias\/wp-json\/wp\/v2\/posts\/197977\/revisions"}],"predecessor-version":[{"id":198065,"href":"https:\/\/www.suno.com.br\/noticias\/wp-json\/wp\/v2\/posts\/197977\/revisions\/198065"}],"wp:featuredmedia":[{"embeddable":true,"href":"https:\/\/www.suno.com.br\/noticias\/wp-json\/wp\/v2\/media\/198059"}],"wp:attachment":[{"href":"https:\/\/www.suno.com.br\/noticias\/wp-json\/wp\/v2\/media?parent=197977"}],"wp:term":[{"taxonomy":"category","embeddable":true,"href":"https:\/\/www.suno.com.br\/noticias\/wp-json\/wp\/v2\/categories?post=197977"},{"taxonomy":"post_tag","embeddable":true,"href":"https:\/\/www.suno.com.br\/noticias\/wp-json\/wp\/v2\/tags?post=197977"},{"taxonomy":"suno_strategy","embeddable":true,"href":"https:\/\/www.suno.com.br\/noticias\/wp-json\/wp\/v2\/suno_strategy?post=197977"}],"curies":[{"name":"wp","href":"https:\/\/api.w.org\/{rel}","templated":true}]}}