{"id":197976,"date":"2021-10-27T18:36:46","date_gmt":"2021-10-27T21:36:46","guid":{"rendered":"https:\/\/www.suno.com.br\/noticias\/?p=197976"},"modified":"2021-10-29T14:33:09","modified_gmt":"2021-10-29T17:33:09","slug":"selic-copom-decisao-aumenta-775","status":"publish","type":"post","link":"https:\/\/www.suno.com.br\/noticias\/selic-copom-decisao-aumenta-775\/","title":{"rendered":"Copom eleva Selic para 7,75%; entenda por que o BC subiu os juros"},"content":{"rendered":"<p>O\u00a0<a class=\"suno-keyword\" href=\"https:\/\/www.suno.com.br\/artigos\/copom\/\" target=\"_blank\" rel=\"noopener\" data-force=\"no\" data-priority=\"2\">Comit\u00ea de Pol\u00edtica Monet\u00e1ria (Copom)<\/a> do Banco Central (BC) decidiu nesta quarta (27), em Bras\u00edlia, na s\u00e9tima reuni\u00e3o do ano, elevar a <a class=\"suno-keyword\" href=\"https:\/\/www.suno.com.br\/artigos\/taxa-basica-de-juros\/\" target=\"_blank\" rel=\"noopener\" data-force=\"no\" data-priority=\"1\">taxa b\u00e1sica de juros<\/a>, a\u00a0<strong>Selic<\/strong>, em 1,5 ponto percentual, atingindo o patamar de 7,75% ao ano.<\/p>\t<div class=\"wrapper-featured-image\">\n\t\t<figure class=\"spotlightImg\">\n\n\t\t\t<picture>\n\t\t\t\t<source media=\"(max-width: 768px)\" srcset=\"https:\/\/files.sunoresearch.com.br\/n\/uploads\/2021\/06\/eb18501c-banco_central_4_0-400x200.jpg\">\n\t\t\t\t<img loading=\"lazy\" decoding=\"async\" class=\"newsContent__article__imgCapa lazyloadDisabled \" src=\"https:\/\/files.sunoresearch.com.br\/n\/uploads\/2021\/06\/eb18501c-banco_central_4_0-800x450.jpg\" width=\"800\" height=\"450\" alt=\"Copom eleva Selic para 7,75%; entenda por que o BC subiu os juros\" fetchpriority=high \/>\n\t\t\t<\/picture>\n\n\t\t\t<figcaption class=\"wp-caption-text wp-caption-text--show\">Taxa Selic. Foto: Antonio Cruz\/Ag\u00eancia Brasil.<\/figcaption>\n\t\t<\/figure>\n\t<\/div>\n\n\n\t<p>\n\t\t<a href=\"https:\/\/lp.suno.com.br\/planilha-controle-gastos\/\" target=\"_blank\" data-element=\"shortcode-suno-banner\" title=\"Banner SUNO, clique e saiba mais\">\n\t\t\t<picture>\n\t\t\t\t<source media=\"(max-width: 500px)\" srcset=\"https:\/\/files.sunoresearch.com.br\/n\/uploads\/2023\/03\/400x300-Planilha-controle-de-gastos.png\">\n\t\t\t\t<img class=\"newsContent__article__imgCapa newsContent__article__imgCapa--banner\"\n\t\t\t\t\tsrc=\"https:\/\/files.sunoresearch.com.br\/n\/uploads\/2023\/03\/1420x240-Planilha-controle-de-gastos.png\"\n\t\t\t\t\tdata-promo-id=\"101751\"\t\t\t\t\t\t\t\t\t\twidth='1420' height='240'\t\t\t\t\talt=\"https:\/\/files.sunoresearch.com.br\/n\/uploads\/2023\/03\/1420x240-Planilha-controle-de-gastos.png\"\n\t\t\t\t>\n\t\t\t<\/picture>\n\t\t<\/a>\n\t<\/p>\n\n\n<p>Foi o sexto <strong>aumento consecutivo dos juros<\/strong> \u2013 em setembro e em agosto a alta foi de 1 p.p e, nas tr\u00eas decis\u00f5es anteriores, o BC subiu a taxa em 0,75 ponto porcentual. O comit\u00ea diz que um aumento da mesma magnitude est\u00e1 previsto para a pr\u00f3xima reuni\u00e3o, em dezembro: &#8220;O Copom antev\u00ea outro ajuste de 1,50 pp na pr\u00f3xima reuni\u00e3o, para 9,25%.&#8221; A taxa chegou assim ao n\u00edvel mais alto desde outubro de 2017, quando estava em 8,25% ao ano.<\/p>\n<p>Esse foi o maior aperto monet\u00e1rio em quase 20 anos. A \u00faltima vez em que o Copom tinha elevado a Selic em mais de 1 ponto percentual tinha sido em dezembro de 2002. Na ocasi\u00e3o, a taxa tinha passado de 22% para 25% ao ano, com alta de 3 pontos. \u00c9, portanto, o maior n\u00edvel dos juros b\u00e1sicos da economia do governo Bolsonaro. Quando o presidente chegou ao poder, a taxa Selic estava em 6,50%.<\/p>\n<p>Com o \u00faltimo movimento de aperto monet\u00e1rio, o Brasil voltou a ter a maior taxa de juros real (descontada a infla\u00e7\u00e3o) do mundo, considerando as 40 economias mais relevantes. C\u00e1lculos do site MoneYou e da Infinity Asset Management indicam que o juro real brasileiro est\u00e1 agora em +5,96% ao ano. Na segunda e terceira posi\u00e7\u00f5es, aparecem a R\u00fassia (4,77%) e a Turquia (3,46%). A m\u00e9dia dos 40 pa\u00edses considerados \u00e9 de -0,96%.<\/p>\n<p>O aumento na pr\u00f3xima reuni\u00e3o do Copom, em dezembro, pode ser ainda maior: &#8220;O Copom enfatiza que os passos futuros da pol\u00edtica monet\u00e1ria poder\u00e3o ser ajustados para assegurar o cumprimento da meta de infla\u00e7\u00e3o e depender\u00e3o da evolu\u00e7\u00e3o da atividade econ\u00f4mica, do balan\u00e7o de riscos e das proje\u00e7\u00f5es e expectativas de infla\u00e7\u00e3o para o horizonte relevante da pol\u00edtica monet\u00e1ria.&#8221;<\/p>\n<p>Diz o Copom: &#8220;A rea\u00e7\u00e3o de BCs \u00e0 infla\u00e7\u00e3o deve levar a um cen\u00e1rio mais desafiador para emergentes. Infla\u00e7\u00e3o ao consumidor continua elevada.&#8221;<\/p>\n<h2>Ciclo de aperto<\/h2>\n<p>Pesou na decis\u00e3o do comit\u00ea do BC, como se v\u00ea no texto do comunicado <em>(veja a integra abaixo)<\/em>, a alta da infla\u00e7\u00e3o. Mas n\u00e3o s\u00f3 a alta dos pre\u00e7os: uma semana ap\u00f3s o governo realizar uma manobra para furar o teto de gastos para bancar o programa Aux\u00edlio Brasil, o risco fiscal entrou no comunicado do Copom: &#8220;O fim do teto de gastos desancorou as expectativas. O Comit\u00ea avalia que recentes questionamentos em rela\u00e7\u00e3o ao arcabou\u00e7o fiscal elevaram o risco de desancoragem das expectativas de infla\u00e7\u00e3o.&#8221;<\/p>\n<div id=\"1635370683.211000\" class=\"c-virtual_list__item\" tabindex=\"-1\" role=\"listitem\" data-qa=\"virtual-list-item\">\n<div class=\"c-message_kit__background c-message_kit__background--hovered p-message_pane_message__message c-message_kit__message\" role=\"presentation\" data-qa=\"message_container\" data-qa-unprocessed=\"false\" data-qa-placeholder=\"false\">\n<div class=\"c-message_kit__hover c-message_kit__hover--hovered\" role=\"document\" aria-roledescription=\"mensagem\" data-qa-hover=\"true\">\n<div class=\"c-message_kit__actions c-message_kit__actions--above\">\n<div class=\"c-message_actions__container c-message__actions\" role=\"group\">\n<p>O comunicado explica: &#8220;O cen\u00e1rio b\u00e1sico indica ser apropriado que ciclo de aperto seja ainda mais contracionista. A decis\u00e3o \u00e9 compat\u00edvel com converg\u00eancia de infla\u00e7\u00e3o \u00e0 meta do horizonte relevante (2022 e 2023). Em cen\u00e1rio b\u00e1sico para a infla\u00e7\u00e3o, permanecem fatores de risco em ambas as dire\u00e7\u00f5es. Medidas de infla\u00e7\u00e3o subjacente est\u00e3o acima do intervalo compat\u00edvel com a meta.&#8221;<\/p>\n<\/div>\n<\/div>\n<\/div>\n<\/div>\n<\/div>\n\n\t<div data-element=\"shortcode-read-more\" class=\"readToo\">\n\t\t\t\t<span class=\"readToo__title\">Leia mais<\/span>\n\t\t\t\t<ul class=\"readToo__list\">\n\t\t\t<li><a href=\"https:\/\/www.suno.com.br\/noticias\/credit-suisse-c1su34-preve-alta-de-15-p-p-da-selic-e-taxa-em-925-no-fim-de-2021\/\">Credit Suisse (C1SU34) prev\u00ea alta de 1,5 p.p. da Selic nesta quarta e aumenta estimativa de infla\u00e7\u00e3o<\/a><\/li><li><a href=\"https:\/\/www.suno.com.br\/noticias\/copom-banco-central-taxa-de-juros-economia-risco-fiscal\/\">Copom: mercado prev\u00ea alta m\u00ednima de 1,25%, trazendo Selic para passado sombrio<\/a><\/li>\t\t<\/ul>\n\t<\/div>\n\n\n<p>As proje\u00e7\u00f5es de infla\u00e7\u00e3o do Copom situam-se em torno de 9,5% para 2021, 4,1% para 2022 e 3,1% para 2023: &#8220;Esse cen\u00e1rio sup\u00f5e trajet\u00f3ria de juros que se eleva para 8,75% a.a. neste ano e para 9,75% a.a. durante 2022, terminando o ano em 9,50%, e reduz-se para 7,00% a.a. em 2023.&#8221;<\/p>\n<p>O Copom v\u00ea fim do ciclo Selic muito abaixo do mercado. As institui\u00e7\u00f5es financeiras apontam para juros de at\u00e9 11% no fim ciclo e o BC est\u00e1 vendo 9,75% no topo, com um corte de juros em 2022.<\/p>\n<h2>Mercado previa aumentos maiores na Selic<\/h2>\n<p>Com o aumento de \u00edndices de infla\u00e7\u00e3o, como o do <a href=\"https:\/\/www.suno.com.br\/guias\/ipca\/\" target=\"_blank\" rel=\"noopener\">\u00cdndice Nacional de Pre\u00e7os ao Consumidor Amplo-15<\/a>(o\u00a0<strong>IPCA-15<\/strong>), que\u00a0<a href=\"https:\/\/www.suno.com.br\/noticias\/ipca-15-previa-da-inflacao-acelera-12-em-outubro-maior-variacao-para-o-mes-desde-1995\/\">registrou alta de 1,2%<\/a>\u00a0em outubro, renovando m\u00e1xima hist\u00f3rica para o m\u00eas \u2013, analistas subiram as\u00a0<strong>proje\u00e7\u00f5es para a Selic<\/strong> na \u00faltima ter\u00e7a. O indicador divulgado ontem veio acima do esperado.<\/p>\n<p>De 43 institui\u00e7\u00f5es ouvidas na segunda-feira pelo Proje\u00e7\u00f5es Broadcast, 18 esperavam alta de 1,50 ponto porcentual, para 7,75%, outras 18 de 1,25 ponto, para 7,50%, e sete acreditavam em aumento de 1,00 ponto, passo adotado em setembro, para 7,25%.<\/p>\n<p>Mas, diante do \u00cdndice Nacional de Pre\u00e7os ao Consumidor Amplo &#8211; 15 (IPCA-15) de outubro acima do esperado, algumas casas j\u00e1 est\u00e3o mudando de novo suas apostas, para um patamar mais elevado.<\/p>\n<p>No mercado de juros futuros, o pr\u00eamio embutido na curva se traduz em aumento na precifica\u00e7\u00e3o de alta de 1,75 ponto porcentual (80%) da Selic para 8,00%, nos c\u00e1lculos da Greenbay Investimentos.<\/p>\n<p>Analistas da Genial Investimentos e da Goldman Sachs chegaram a projetar um aumento ainda maior. A Genial Investimentos previa que o Copom subiria a Selic em 3 pontos percentuais na reuni\u00e3o de hoje, para 9,25%. O Goldman Sachs tamb\u00e9m atualizou seu relat\u00f3rio, sugerindo que o Copom poderia elevar a Selic em at\u00e9 2 pontos percentuais \u2014 tamb\u00e9m por causa do <strong>IPCA-15<\/strong>\u00a0de outubro.<\/p>\n<h2><strong>&#8220;BC aponta perda da \u00e2ncora fiscal como motivo para a decis\u00e3o&#8221;<\/strong><\/h2>\n<p>Segundo Jo\u00e3o Beck, economista e s\u00f3cio da BRA, essa foi a reuni\u00e3o com maior dispers\u00e3o de opini\u00f5es do mercado dos \u00faltimos anos: &#8220;De toda forma, a pr\u00f3pria decis\u00e3o da diretoria foi un\u00e2nime, o que mostra comprometimento t\u00e9cnico e aa independ\u00eancia de que o Banco Central vai seguir a cartilha e n\u00e3o se deixar influenciar pelo governo.&#8221;<\/p>\n<p>Beck avalia que o comunicado foi &#8220;ligeiramente mais objetivo que os anteriores e, no balan\u00e7o de riscos, o Banco Central aponta exatamente a perda da \u00e2ncora fiscal como motivo n\u00e3o s\u00f3 para uma eleva\u00e7\u00e3o de 150 pontos acima da trajet\u00f3ria anterior de 100 pontos.&#8221; E conclui: &#8220;No geral, o comunicado foi firme, objetivo e passando a mensagem de que irresponsabilidade fiscal ser\u00e1 remediado com mais juros, perseguindo a meta de infla\u00e7\u00e3o.&#8221;<\/p>\n<p>Jos\u00e9 M\u00e1rcio Camargo, economista-chefe da Genial Investimentos &#8212; casa que previa aumento de at\u00e9 3 pp &#8212; comentou o aumento da Selic: &#8220;Era basicamente o que uma boa parte do mercado estava esperando. Portanto dados os \u00faltimos acontecimentos na \u00e1rea fiscal como a eleva\u00e7\u00e3o do teto de gastos e tudo e todas as sequ\u00eancias que a gente teve no mercado com desvaloriza\u00e7\u00e3o cambial, achamos que o Coom deveria ter dado pelo menos um comunicado um pouco mais duro&#8221;<\/p>\n<p>Camargo argumenta: &#8220;Poderia sinalizar que a pol\u00edtica monet\u00e1ria vai ficar mais mais contracionista dado que a pol\u00edcia fiscal est\u00e1 mais expansionista. Pode ser ainda imposs\u00edvel precisar o comportamento do mercado, a priori, mas esse reajuste de hoje foi bem abaixo do que acho que se deveria ser. \u00c9 um abordagem muito fraca para reverter essa trajet\u00f3ria de deteriora\u00e7\u00e3o das expectativas. O pa\u00eds est\u00e1 passando por um momento extremamente dif\u00edcil com enorme volatilidade nos pre\u00e7os dos ativos.&#8221;<\/p>\n<h2>&#8220;Selic com dois d\u00edgitos parece ser uma realidade&#8221;<\/h2>\n<p>Fernanda Consorte, economista-chefe do Banco Ourinvest, acredita que o tom do comunicado deixou evidente o rumo da pol\u00edtica monet\u00e1ria do BC: &#8220;O agravamento do quadro fiscal, com possibilidade de furo do teto por causa do aumento com os gastos assistencialistas em 2022 e o impacto futuro que as medidas ter\u00e3o sobre a infla\u00e7\u00e3o, foram fundamentais para a decis\u00e3o do Banco Central de hoje.&#8221;<\/p>\n<p>Fernanda acrescenta: &#8220;Lembrando que, embora em linha com as expectativas, houve acelera\u00e7\u00e3o no ritmo de alta de juros. Al\u00e9m disso, o comunicado teve um tom ainda duro (hawkish), deixando claro que a autoridade monet\u00e1ria far\u00e1 o poss\u00edvel (leia-se mais aumento de juros pela frente) para tentar conter um avan\u00e7o mais expressivo da infla\u00e7\u00e3o. Inclusive j\u00e1 deixou claro outro aumento de juros na mesma magnitude. Como a \u00faltima pesquisa Focus projeta Selic de 9,50% para 2022, podemos esperar que ser\u00e1 bem mais que isso. Ouseja, taxa de juros de 2 d\u00edgitos j\u00e1 parece ser uma realidade pr\u00f3xima.&#8221;<\/p>\n<p>O Banco Central acertou em elevar a Selic em 1,5 ponto porcentual, para 7,75% ao ano, porque ele j\u00e1 estava atr\u00e1s da curva da infla\u00e7\u00e3o, disse o economista-chefe da Austin Rating, Alex Agostini.<\/p>\n<p>&#8220;Estava na hora de o BC acelerar o ritmo de alta da Selic ou de ampliar o per\u00edodo de altas porque ele estava atr\u00e1s da curva da infla\u00e7\u00e3o. O juro real negativo mostra isso&#8221;, disse o economista ao Broadcast, acrescentando que o BC tem de estar \u00e0 frente da infla\u00e7\u00e3o para estimular investimentos e desestimular consumo.<\/p>\n<p>O trade-off desta situa\u00e7\u00e3o, segundo Agostini, \u00e9 que o BC n\u00e3o pode fazer tudo sozinho e, ao tentar controlar a infla\u00e7\u00e3o, acaba correndo na contram\u00e3o o crescimento mundial. &#8220;O Brasil n\u00e3o cresce mais por conta das a\u00e7\u00f5es fiscais populistas, de querer gastar mais do que tem&#8221;, criticou o economista da Austin Rating.<\/p>\n<p>O \u00f4nus desse populismo, segundo Agostini, vai chegar depois e vir\u00e1 sobre a taxa de crescimento.<\/p>\n<p>&#8220;Por enquanto estamos colhendo os frutos de um crescimento tempor\u00e1rio&#8221;, disse ele, antecipando que vai s\u00f3 esperar os pr\u00f3ximos indicadores de atividade para revisar sua expectativa de PIB para 2022<\/p>\n<p>Para o Copom de dezembro, Agostini espera uma alta de igual 1,5 ponto porcentual sob o argumento de que o BC n\u00e3o vai dar um cavalo de pau na economia e tentar\u00e1 mostrar ao mercado que est\u00e1 no controle. Tomando como base para sua previs\u00e3o o cen\u00e1rio de hoje, o economista projeta para fevereiro de 2022 uma alta da taxa de juro menor, de 1 ponto porcentual para sinalizar que conseguiu controlar a infla\u00e7\u00e3o.<\/p>\n<p>&#8220;Mas essa previs\u00e3o de fevereiro \u00e9 com base no cen\u00e1rio de hoje. Se tudo piorar mais, teremos uma Selic acima de dois d\u00edgitos. E isso por conta de a\u00e7\u00f5es desnecess\u00e1rias estimuladas pelo governo. N\u00e3o d\u00e1 mais para colocar a culpa na pandemia&#8221;, concluiu Agostini.<\/p>\n<h2>Resist\u00eancia do BC<\/h2>\n<p>A decis\u00e3o do Comit\u00ea de Pol\u00edtica Monet\u00e1ria (Copom) de aumentar o ritmo de eleva\u00e7\u00e3o da Selic foi acertada e compat\u00edvel com uma deteriora\u00e7\u00e3o no cen\u00e1rio macroecon\u00f4mico pintado pelo Banco Central. A opini\u00e3o \u00e9 do economista-chefe do banco Original, Marco Caruso. Para ele, contudo, o comunicado feito hoje ainda mostra uma resist\u00eancia do BC de entregar todo o juro que est\u00e1 hoje impl\u00edcito na curva de juros, que mostra uma Selic acima de 11%.<\/p>\n<p>No cen\u00e1rio do Original, a taxa prevista para o fim do ciclo de aperto \u00e9 de 11%, mas Caruso afirma que aguarda a ata do Copom para garantir que ir\u00e1 refor\u00e7ar ou n\u00e3o esse patamar. &#8220;O tom (do comunicado) foi seco, as avalia\u00e7\u00f5es do fiscal foram justas, mas considero que o BC tem cartas na manga para em algum momento pausar o ciclo de altas no ano que vem&#8221;, disse.<\/p>\n<p>Ele cita, por exemplo, o fato de que o BC ainda n\u00e3o deixou expl\u00edcito o tamanho da desacelera\u00e7\u00e3o no crescimento da economia e ainda trabalha, dentro da previs\u00e3o de pre\u00e7os administrados, com uma bandeira vermelha para pre\u00e7os da energia at\u00e9 2023. Para ele, isso deixa um espa\u00e7o para que o Copom reavalie, mais \u00e0 frente, uma alta mais agressiva nos juros.<\/p>\n<p>Caruso apontou ainda que, com a decis\u00e3o de aumentar o ritmo de alta na Selic, dos 1 p.p indicados na \u00faltima reuni\u00e3o para 1,5 p.p, o BC responde \u00e0 altura \u00e0 piora no cen\u00e1rio fiscal. Mas destaca que, como tomador de informa\u00e7\u00e3o, o Copom trabalha ainda com a probabilidade de que o teto de gastos realmente seja alterado, n\u00e3o com a consolida\u00e7\u00e3o desse cen\u00e1rio. &#8220;S\u00f3 com a possibilidade de furo, as premissas pioraram&#8221;, alertou.<\/p>\n<h2>&#8220;Comunicado do Copom foi seco, chamou aten\u00e7\u00e3o pelo que n\u00e3o disse&#8221;<\/h2>\n<p>Ao elevar a taxa Selic em 1,5 ponto porcentual, o Copom atendeu \u00e0 ponta mais &#8220;dove&#8221; das estimativas do mercado, avalia a estrategista-chefe da MAG Investimentos, Patricia Pereira. Para a analista, o destaque da decis\u00e3o foi um comunicado seco da autoridade monet\u00e1ria, que n\u00e3o explicitou a sua avalia\u00e7\u00e3o a respeito das propostas de mudan\u00e7as no teto dos gastos.<\/p>\n<p>&#8220;O que chamou aten\u00e7\u00e3o foi o Copom n\u00e3o dizer, ser mais econ\u00f4mico&#8221;, diz Pereira. &#8220;O Copom mencionou questionamentos em torno do arcabou\u00e7o fiscal, mas isso quer dizer que, para ele, n\u00e3o est\u00e1 claro? Ele tem a opini\u00e3o de que o teto n\u00e3o foi quebrado? Ele tem espa\u00e7o para ser mais expl\u00edcito na ata, mas pode n\u00e3o ser. Pode tentar ganhar tempo, mantendo uma comunica\u00e7\u00e3o mais seca sobre a pol\u00edtica fiscal.&#8221;<\/p>\n<p>Ap\u00f3s a divulga\u00e7\u00e3o de planos do governo para pagar parte de um aux\u00edlio de R$ 400 em 2022 e para alterar o indexador fiscal, nas duas \u00faltimas semanas, a mediana de mercado apurada pelo Proje\u00e7\u00f5es Broadcast para o aumento de juros de outubro saltou de 1 ponto porcentual, para 1,5 ponto. Parte do mercado chegou a prever ajustes mais fortes nesta reuni\u00e3o, de 2 a 3 pontos.<\/p>\n<p>No comunicado, no entanto, o Copom apresentou um trecho sobre a pol\u00edtica fiscal no Brasil. &#8220;Apesar do desempenho mais positivo das contas p\u00fablicas, o Comit\u00ea avalia que recentes questionamentos em rela\u00e7\u00e3o ao arcabou\u00e7o fiscal elevaram o risco de desancoragem das expectativas de infla\u00e7\u00e3o, aumentando a assimetria altista no balan\u00e7o de riscos. Isso implica maior probabilidade de trajet\u00f3rias para infla\u00e7\u00e3o acima do projetado de acordo com o cen\u00e1rio b\u00e1sico&#8221;, diz o texto.<\/p>\n<p>Segundo Pereira, a sinaliza\u00e7\u00e3o do Copom de um novo aumento de 1,5 ponto em dezembro faz com que o cen\u00e1rio-base convirja para uma Selic de 9,25% no fim do ano. A men\u00e7\u00e3o do comunicado a um aperto monet\u00e1rio que avan\u00e7a &#8220;ainda mais em territ\u00f3rio contracionista&#8221; indica que o Banco Central (BC) tamb\u00e9m passou a enxergar uma taxa de juros maior no fim do ciclo, avalia a estrategista, que estima juros terminais pr\u00f3ximos de 11%.<\/p>\n<p>Pereira considera, no entanto, que a mudan\u00e7a das proje\u00e7\u00f5es de infla\u00e7\u00e3o do cen\u00e1rio b\u00e1sico do BC para 2022 &#8211; de 3,70% em setembro para 4,10% neste documento &#8211; indica que os diretores do BC podem abandonar em entrevistas o compromisso com o centro da meta de infla\u00e7\u00e3o do ano que vem, de 3,50%.<\/p>\n<p>&#8220;Se ficarem nessa ideia de entregar o centro da meta, teria de aumentar o passo em rela\u00e7\u00e3o a hoje, v\u00e3o ter de fazer muito mais&#8221;, nota Pereira. &#8220;Se flexibilizarem, podem reduzir um pouco o passo a partir de janeiro do ano que vem. N\u00e3o tem como advogar o cumprimento da meta, n\u00e3o \u00e9 cr\u00edvel.&#8221;<\/p>\n<h2>Impacto nas taxas cobradas no mercado<\/h2>\n<p>A alta da taxa Selic (juros b\u00e1sicos da economia), decidida hoje (27) pelo Banco Central, ter\u00e1 pouco impacto sobre as taxas cobradas dos consumidores e das empresas, avalia a Associa\u00e7\u00e3o Nacional dos Executivos de Finan\u00e7as, Administra\u00e7\u00e3o e Contabilidade (Anefac).<img decoding=\"async\" style=\"width: 1px; height: 1px;\" src=\"https:\/\/agenciabrasil.ebc.com.br\/ebc.png?id=1425860&amp;o=rss\" \/><img decoding=\"async\" style=\"width: 1px; height: 1px;\" src=\"https:\/\/agenciabrasil.ebc.com.br\/ebc.gif?id=1425860&amp;o=rss\" \/><\/p>\n<p>Segundo a entidade, existe uma diferen\u00e7a grande entre a taxa b\u00e1sica e os juros efetivos de prazo mais longo, o que dilui o impacto na ponta final.<\/p>\n<p>De acordo com a Anefac, o juro m\u00e9dio para as pessoas f\u00edsicas passar\u00e1 de 104,24% para 107,03% ao ano. Para as pessoas jur\u00eddicas, a taxa m\u00e9dia sair\u00e1 de 47,47% para 49,54% ao ano. A Selic passou de 6,25% para 7,75% ao ano.<\/p>\n<p>Apesar do impacto pequeno nas taxas m\u00e9dias, os consumidores e as empresas gastar\u00e3o mais para contratarem linhas de cr\u00e9dito, conforme as simula\u00e7\u00f5es detalhadas da entidade. No financiamento de uma geladeira de R$ 1,5 mil em 12 presta\u00e7\u00f5es, o comprador desembolsar\u00e1 R$ 13,72 a mais com a nova taxa Selic. O cliente que entra no cheque especial em R$ 1 mil por 20 dias pagar\u00e1 R$ 0,80 a mais.<\/p>\n<p>Na utiliza\u00e7\u00e3o de R$ 3 mil do rotativo do cart\u00e3o de cr\u00e9dito por 30 dias, o cliente gastar\u00e1 R$ 3,60 a mais. Um empr\u00e9stimo pessoal de R$ 5 mil por 12 meses cobrar\u00e1 R$ 43,92 a mais ap\u00f3s o pagamento da \u00faltima parcela. Caso seja feita em financeira, a opera\u00e7\u00e3o sair\u00e1 R$ 28,71 mais cara. No financiamento de um autom\u00f3vel de R$ 40 mil por 60 meses, o comprador pagar\u00e1 R$ 32,11 a mais por parcela e R$ 1.926,35 a mais no total da opera\u00e7\u00e3o.<\/p>\n<p>Em rela\u00e7\u00e3o \u00e0s pessoas jur\u00eddicas, as empresas pagar\u00e3o R$ 185,04 a mais por um empr\u00e9stimo de capital de giro de R$ 50 mil por 90 dias, R$ 74,25 pelo desconto de R$ 20 mil em duplicatas por 90 dias e apenas R$ 8 a mais pela utiliza\u00e7\u00e3o de conta garantida no valor de R$ 10 mil por 20 dias.<\/p>\n<h2>Veja o comunicado do Copom na \u00edntegra<\/h2>\n<p>Veja o comunicado de hoje na \u00edntegra:<\/p>\n<p><em>Em sua 242\u00aa reuni\u00e3o, o <strong>Comit\u00ea de Pol\u00edtica Monet\u00e1ria (Copom)<\/strong> decidiu, por unanimidade, elevar a taxa Selic para 7,75% a.a.<\/em><\/p>\n<p><em>A atualiza\u00e7\u00e3o do cen\u00e1rio b\u00e1sico do Copom pode ser descrita com as seguintes observa\u00e7\u00f5es:<\/em><\/p>\n<p><em>No cen\u00e1rio externo, o ambiente tem se tornado menos favor\u00e1vel e a rea\u00e7\u00e3o dos bancos centrais frente \u00e0 maior persist\u00eancia da infla\u00e7\u00e3o deve levar a um cen\u00e1rio mais desafiador para economias emergentes;<\/em><\/p>\n<p><em>Em rela\u00e7\u00e3o \u00e0 atividade econ\u00f4mica brasileira, indicadores divulgados desde a \u00faltima reuni\u00e3o mostram uma evolu\u00e7\u00e3o ligeiramente abaixo da esperada;<\/em><\/p>\n<p><em>A infla\u00e7\u00e3o ao consumidor continua elevada. A alta dos pre\u00e7os veio acima do esperado, liderada pelos componentes mais vol\u00e1teis, mas observam-se tamb\u00e9m press\u00f5es adicionais nos itens associados \u00e0 infla\u00e7\u00e3o subjacente;<\/em><\/p>\n<p><em>As diversas medidas de infla\u00e7\u00e3o subjacente apresentam-se acima do intervalo compat\u00edvel com o cumprimento da meta para a infla\u00e7\u00e3o;<\/em><\/p>\n<p><em>As expectativas de infla\u00e7\u00e3o para 2021, 2022 e 2023 apuradas pela pesquisa Focus encontram-se em torno de 9,0%, 4,4% e 3,3%, respectivamente; e<\/em><\/p>\n<p><em>No cen\u00e1rio b\u00e1sico, com trajet\u00f3ria para a taxa de juros extra\u00edda da pesquisa Focus e taxa de c\u00e2mbio partindo de USD\/BRL 5,60*, e evoluindo segundo a paridade do poder de compra (PPC), as proje\u00e7\u00f5es de infla\u00e7\u00e3o do Copom situam-se em torno de 9,5% para 2021, 4,1% para 2022 e 3,1% para 2023. Esse cen\u00e1rio sup\u00f5e trajet\u00f3ria de juros que se eleva para 8,75% a.a. neste ano e para 9,75% a.a. durante 2022, terminando o ano em 9,50%, e reduz-se para 7,00% a.a. em 2023. Nesse cen\u00e1rio, as proje\u00e7\u00f5es para a infla\u00e7\u00e3o de pre\u00e7os administrados s\u00e3o de 17,1% para 2021, 5,2% para 2022 e 5,1% para 2023. Adota-se a hip\u00f3tese de bandeiras tarif\u00e1rias &#8220;escassez h\u00eddrica&#8221; em dezembro de 2021 e &#8220;vermelha patamar 2&#8221; em dezembro de 2022 e dezembro de 2023.<\/em><\/p>\n<p><em>O Comit\u00ea ressalta que, em seu cen\u00e1rio b\u00e1sico para a infla\u00e7\u00e3o, permanecem fatores de risco em ambas as dire\u00e7\u00f5es.<\/em><\/p>\n<p><em>Por um lado, uma poss\u00edvel revers\u00e3o, ainda que parcial, do aumento recente nos pre\u00e7os das commodities internacionais em moeda local produziria trajet\u00f3ria de infla\u00e7\u00e3o abaixo do cen\u00e1rio b\u00e1sico.<\/em><\/p>\n<p><em>Por outro lado, novos prolongamentos das pol\u00edticas fiscais de resposta \u00e0 pandemia que pressionem a demanda agregada e piorem a trajet\u00f3ria fiscal podem elevar os pr\u00eamios de risco do pa\u00eds.<\/em><\/p>\n<p><em>Apesar do desempenho mais positivo das contas p\u00fablicas, o Comit\u00ea avalia que recentes questionamentos em rela\u00e7\u00e3o ao arcabou\u00e7o fiscal elevaram o risco de desancoragem das expectativas de infla\u00e7\u00e3o, aumentando a assimetria altista no balan\u00e7o de riscos. Isso implica maior probabilidade de trajet\u00f3rias para infla\u00e7\u00e3o acima do projetado de acordo com o cen\u00e1rio b\u00e1sico.<\/em><\/p>\n<p><em>Considerando o cen\u00e1rio b\u00e1sico, o balan\u00e7o de riscos e o amplo conjunto de informa\u00e7\u00f5es dispon\u00edveis, o Copom decidiu, por unanimidade, elevar a taxa b\u00e1sica de juros em 1,50 ponto percentual, para 7,75% a.a. O Comit\u00ea entende que essa decis\u00e3o reflete seu cen\u00e1rio b\u00e1sico e um balan\u00e7o de riscos de vari\u00e2ncia maior do que a usual para a infla\u00e7\u00e3o prospectiva e \u00e9 compat\u00edvel com a converg\u00eancia da infla\u00e7\u00e3o para as metas no horizonte relevante, que inclui os anos-calend\u00e1rio de 2022 e 2023. Sem preju\u00edzo de seu objetivo fundamental de assegurar a estabilidade de pre\u00e7os, essa decis\u00e3o tamb\u00e9m implica suaviza\u00e7\u00e3o das flutua\u00e7\u00f5es do n\u00edvel de atividade econ\u00f4mica e fomento do pleno emprego.<\/em><\/p>\n<p><em>O Copom considera que, diante da deteriora\u00e7\u00e3o no balan\u00e7o de riscos e do aumento de suas proje\u00e7\u00f5es, esse ritmo de ajuste \u00e9 o mais adequado para garantir a converg\u00eancia da infla\u00e7\u00e3o para as metas no horizonte relevante. Neste momento, o cen\u00e1rio b\u00e1sico e o balan\u00e7o de riscos do Copom indicam ser apropriado que o ciclo de aperto monet\u00e1rio avance ainda mais no territ\u00f3rio contracionista.<\/em><\/p>\n<p><em>Para a pr\u00f3xima reuni\u00e3o, o Comit\u00ea antev\u00ea outro ajuste da mesma magnitude. O Copom enfatiza que os passos futuros da pol\u00edtica monet\u00e1ria poder\u00e3o ser ajustados para assegurar o cumprimento da meta de infla\u00e7\u00e3o e depender\u00e3o da evolu\u00e7\u00e3o da atividade econ\u00f4mica, do balan\u00e7o de riscos e das proje\u00e7\u00f5es e expectativas de infla\u00e7\u00e3o para o horizonte relevante da pol\u00edtica monet\u00e1ria.<\/em><\/p>\n<p><em>Votaram por essa decis\u00e3o os seguintes membros do Comit\u00ea: Roberto Oliveira Campos Neto (presidente), Bruno Serra Fernandes, Carolina de Assis Barros, Fabio Kanczuk, Fernanda Magalh\u00e3es Rumenos Guardado, Jo\u00e3o Manoel Pinho de Mello, Maur\u00edcio Costa de Moura, Ot\u00e1vio Ribeiro Damaso e Paulo S\u00e9rgio Neves de Souza.<\/em><\/p>\n<p><em>*Valor obtido pelo procedimento usual de arredondar a cota\u00e7\u00e3o m\u00e9dia da taxa de c\u00e2mbio USD\/BRL observada nos cinco dias \u00fateis encerrados no \u00faltimo dia da semana anterior \u00e0 da reuni\u00e3o do Copom.<\/em><\/p>\n\t<p>\n\t\t<a href=\"\" target=\"_blank\" data-element=\"shortcode-suno-banner\" title=\"Banner SUNO, clique e saiba mais\">\n\t\t\t<picture>\n\t\t\t\t<source media=\"(max-width: 500px)\" srcset=\"\">\n\t\t\t\t<img class=\"newsContent__article__imgCapa newsContent__article__imgCapa--banner\"\n\t\t\t\t\tsrc=\"\"\n\t\t\t\t\tdata-promo-id=\"77053\"\t\t\t\t\t\t\t\t\t\t\t\t\t\t\talt=\"\"\n\t\t\t\t>\n\t\t\t<\/picture>\n\t\t<\/a>\n\t<\/p>\n\n\n<h2>Ciclo de altas da taxa Selic<\/h2>\n<p>Com uma pol\u00edtica monet\u00e1ria mais contracionista diante da piora recente dos \u00edndices de pre\u00e7os, a Selic continua em um ciclo de alta, depois de passar seis anos sem ser elevada. De julho de 2015 a outubro de 2016, a taxa permaneceu em 14,25% ao ano. Depois disso, o Copom voltou a reduzir os juros b\u00e1sicos da economia at\u00e9 que a taxa chegou a 6,5% ao ano, em mar\u00e7o de 2018.<\/p>\n<p>Em julho de 2019, a Selic voltou a ser reduzida at\u00e9 chegar ao menor n\u00edvel da hist\u00f3ria em agosto de 2020, em 2% ao ano. Come\u00e7ou a subir novamente em mar\u00e7o deste ano, quando avan\u00e7ou para 2,75% ao ano e, no in\u00edcio de maio, foi elevada para 3,5% ao ano. Em junho e agosto, subiu para 4,25% ao ano e 5,25% ao ano, respectivamente.<\/p>\n<p>A taxa b\u00e1sica de juros \u00e9 usada nas negocia\u00e7\u00f5es de\u00a0<a class=\"suno-keyword\" href=\"https:\/\/www.suno.com.br\/artigos\/titulos-publicos\/\" target=\"_blank\" rel=\"noopener\" data-force=\"no\" data-priority=\"1\">t\u00edtulos p\u00fablicos<\/a>\u00a0emitidos pelo Tesouro Nacional no\u00a0<a class=\"suno-keyword\" href=\"https:\/\/www.suno.com.br\/artigos\/sistema-especial-liquidacao-custodia\/\" target=\"_blank\" rel=\"noopener\" data-force=\"no\" data-priority=\"1\">Sistema Especial de Liquida\u00e7\u00e3o e Cust\u00f3dia<\/a>\u00a0(Selic) e serve de refer\u00eancia para as demais taxas da economia. Ela \u00e9 o principal instrumento do Banco Central para manter a infla\u00e7\u00e3o sob controle. O BC atua diariamente por meio de opera\u00e7\u00f5es de mercado aberto \u2013 comprando e vendendo t\u00edtulos p\u00fablicos federais \u2013 para manter a taxa de juros pr\u00f3xima ao valor definido na reuni\u00e3o.<\/p>\n<p>Quando o Copom aumenta a taxa b\u00e1sica de juros, a finalidade \u00e9 conter a demanda aquecida, e isso causa reflexos nos pre\u00e7os porque os juros mais altos encarecem o cr\u00e9dito e estimulam a poupan\u00e7a. Desse modo, taxas mais altas podem conter a atividade econ\u00f4mica. Ao reduzir a Selic, a tend\u00eancia \u00e9 de que o cr\u00e9dito fique mais barato, com incentivo \u00e0 produ\u00e7\u00e3o e ao consumo, reduzindo o controle da infla\u00e7\u00e3o e estimulando a atividade econ\u00f4mica.<\/p>\n\t<p>\n\t\t<a href=\"\" target=\"_blank\" data-element=\"shortcode-suno-banner\" title=\"Banner SUNO, clique e saiba mais\">\n\t\t\t<picture>\n\t\t\t\t<source media=\"(max-width: 500px)\" srcset=\"\">\n\t\t\t\t<img class=\"newsContent__article__imgCapa newsContent__article__imgCapa--banner\"\n\t\t\t\t\tsrc=\"\"\n\t\t\t\t\tdata-promo-id=\"89005\"\t\t\t\t\t\t\t\t\t\t\t\t\t\t\talt=\"\"\n\t\t\t\t>\n\t\t\t<\/picture>\n\t\t<\/a>\n\t<\/p>\n\n\n<p>Entretanto, as\u00a0<strong>taxas de juros do cr\u00e9dito<\/strong>\u00a0n\u00e3o variam na mesma propor\u00e7\u00e3o da Selic, pois a Selic \u00e9 apenas uma parte do custo do cr\u00e9dito. Os bancos tamb\u00e9m consideram outros fatores na hora de definir os juros cobrados dos consumidores, como risco de inadimpl\u00eancia, lucro e\u00a0<a class=\"suno-keyword\" href=\"https:\/\/www.suno.com.br\/artigos\/despesas-administrativas\/\" target=\"_blank\" rel=\"noopener\" data-force=\"no\" data-priority=\"1\">despesas administrativas<\/a>.<\/p>\n<p>O Copom re\u00fane-se a cada 45 dias. No primeiro dia do encontro, s\u00e3o feitas apresenta\u00e7\u00f5es t\u00e9cnicas sobre a evolu\u00e7\u00e3o e as perspectivas das economias brasileira e mundial e o comportamento do\u00a0<strong>mercado financeiro<\/strong>. No segundo dia, os membros do Copom, formado pela diretoria do BC, analisam as possibilidades e definem a Selic.<\/p>\n<h2>Entidades do setor produtivo consideram alta da Selic excessiva<\/h2>\n<p>A eleva\u00e7\u00e3o da taxa Selic recebeu cr\u00edticas de entidades do setor produtivo. Para o com\u00e9rcio e a ind\u00fastria, a decis\u00e3o do Copom foi excessiva e aumenta o risco de recess\u00e3o econ\u00f4mica em 2022.<img decoding=\"async\" style=\"width: 1px; height: 1px;\" src=\"https:\/\/agenciabrasil.ebc.com.br\/ebc.png?id=1425871&amp;o=rss\" \/><img decoding=\"async\" style=\"width: 1px; height: 1px;\" src=\"https:\/\/agenciabrasil.ebc.com.br\/ebc.gif?id=1425871&amp;o=rss\" \/><\/p>\n<p>Em nota, o presidente da Confedera\u00e7\u00e3o Nacional da Ind\u00fastria (CNI), Robson Andrade, informou que a decis\u00e3o prejudica a retomada do emprego e a recupera\u00e7\u00e3o da economia. Para a entidade, o BC poderia n\u00e3o ter acelerado o ritmo de reajuste, porque existe uma defasagem e os efeitos dos aumentos nos \u00faltimos meses sobre a infla\u00e7\u00e3o come\u00e7am a ser sentidos.<\/p>\n<p>\u201cOs aumentos anteriores da taxa de juros j\u00e1 come\u00e7aram a ter reflexos na economia. Percebemos que a atividade econ\u00f4mica d\u00e1 sinais de desaquecimento e, nos pr\u00f3ximos meses, os efeitos defasados do aumento da Selic v\u00e3o continuar contribuindo para desestimular o consumo e desacelerar a infla\u00e7\u00e3o\u201d, avalia Andrade. Para ele, aumentaram as chances de recess\u00e3o em 2022 por causa do impacto negativo dos juros mais altos sobre o cr\u00e9dito para os consumidores e as empresas.<\/p>\n<p>Para a Associa\u00e7\u00e3o Comercial de S\u00e3o Paulo (ACSP), a eleva\u00e7\u00e3o da Selic trar\u00e1 custos maiores para o com\u00e9rcio e para o setor produtivo em geral. Em comunicado, a entidade argumentou que o aumento de juros n\u00e3o se justificaria porque os pre\u00e7os est\u00e3o sendo pressionados por problemas de oferta, como alta nos combust\u00edveis e na luz, n\u00e3o por causa de excesso de demanda.<\/p>\n<p>Segundo a ACSP, o reajuste da Selic dificultar\u00e1 o acesso ao cr\u00e9dito. A associa\u00e7\u00e3o cobrou a resolu\u00e7\u00e3o do impasse entre o governo federal e o Congresso em torno da situa\u00e7\u00e3o fiscal, o que contribuiria para a valoriza\u00e7\u00e3o do real e a queda dos pre\u00e7os.<\/p>\n<p>A Federa\u00e7\u00e3o das Ind\u00fastrias do Rio de Janeiro (Firjan) entende que um aumento da taxa b\u00e1sica de juros da economia (Selic) em 1,5 ponto percentual foi excessivo neste momento.\u00a0\u201cO quadro inflacion\u00e1rio atual e as expectativas para a infla\u00e7\u00e3o, principalmente por conta da piora da situa\u00e7\u00e3o fiscal e da recomposi\u00e7\u00e3o da demanda, justificam a manuten\u00e7\u00e3o do ciclo de alta da taxa de juros. Por\u00e9m, entendemos que acelerar o ritmo de aumento foi precipitado e poder\u00e1 comprometer a recupera\u00e7\u00e3o de uma economia ainda fragilizada\u201d, avaliou a Firjan.<\/p>\n<p>A nota da federa\u00e7\u00e3o diz ainda que, diante de\u00a0perspectivas futuras de maior expans\u00e3o do gasto p\u00fablico,\u00a0a aprova\u00e7\u00e3o das reformas administrativa e tribut\u00e1ria se faz &#8220;inadi\u00e1vel e inegoci\u00e1vel&#8221;. &#8220;S\u00f3 assim ser\u00e1 poss\u00edvel manter as contas p\u00fablicas equilibradas, resgatar a confian\u00e7a dos empres\u00e1rios e promover um crescimento s\u00f3lido da atividade econ\u00f4mica\u201d.<\/p>\n<h2>Taxa Selic e press\u00e3o inflacion\u00e1ria<\/h2>\n<p>Para 2021, a\u00a0<a class=\"suno-keyword\" href=\"https:\/\/www.suno.com.br\/artigos\/meta-de-inflacao\/\" target=\"_blank\" rel=\"noopener\" data-force=\"no\" data-priority=\"1\">meta de infla\u00e7\u00e3o<\/a>\u00a0que deve ser perseguida pelo BC, definida pelo Conselho Monet\u00e1rio Nacional, \u00e9 de 3,75%, com intervalo de toler\u00e2ncia de 1,5 ponto percentual para cima ou para baixo. Ou seja, o limite inferior \u00e9 2,25% e o superior \u00e9 5,25%.<\/p>\n<p>No \u00faltimo\u00a0<strong>Relat\u00f3rio Trimestral de Infla\u00e7\u00e3o<\/strong>, divulgado no fim de setembro pelo Banco Central, a autoridade monet\u00e1ria estimava que, em 2021, o <strong>\u00cdndice Nacional de Pre\u00e7os ao Consumidor Amplo (IPCA)<\/strong>, a infla\u00e7\u00e3o oficial do pa\u00eds, fecharia o ano em 8,5% no ano<\/p>\n<p>Em setembro, o IPCA subiu 1,16%, ante a taxa de 0,87% registrada em agosto. Trata-se da maior varia\u00e7\u00e3o para um m\u00eas de setembro desde 1994, quando o \u00edndice foi de 1,53%. A informa\u00e7\u00e3o foi divulgado no \u00faltimo dia 8 de outubro pelo Instituto Brasileiro de Geografia e Estat\u00edstica (IBGE). O IPCA\u00a0apontou\u00a0para 10,25% de infla\u00e7\u00e3o acumulada em 12 meses. No ano, o indicador soma 6,90%, contando os nove meses de 2021.<\/p>\n<p>Dos nove grupos de produtos e servi\u00e7os pesquisados, oito tiveram alta em setembro. O maior impacto e a maior varia\u00e7\u00e3o vieram de Habita\u00e7\u00e3o, que acelerou em rela\u00e7\u00e3o a agosto.<\/p>\n<p>O resultado do grupo Habita\u00e7\u00e3o foi influenciado principalmente pela alta da\u00a0<strong>energia el\u00e9trica<\/strong>. Em setembro, passou a valer a bandeira Escassez H\u00eddrica, que acrescenta R$ 14,20 na conta de luz a cada 100 kWh consumidos. Em agosto, a bandeira vigente era a vermelha patamar 2, na qual o acr\u00e9scimo \u00e9 menor (de R$ 9,492 para os mesmos 100 kWh).<\/p>\n<p>Al\u00e9m disso, dentro dos subitens de Habita\u00e7\u00e3o est\u00e3o os pre\u00e7os do\u00a0<strong>g\u00e1s de botij\u00e3o<\/strong>\u00a0que\u00a0 tamb\u00e9m subiram e acumulam alta de 34,67% nos \u00faltimos 12 meses.<\/p>\n<p>No relat\u00f3rio\u00a0<strong>Boletim Focus\u00a0<\/strong>divulgado pelo Banco Central (BC) nesta segunda-feira (24), o mercado elevou\u00a0 a previs\u00e3o para o IPCA para pr\u00f3ximo de 9%.<\/p>\n<p>De acordo com os economistas ouvidos pelo BC, a\u00a0<strong>infla\u00e7\u00e3o do Brasil<\/strong> deve terminar o ano com ac\u00famulo de 8,96% de alta nos pre\u00e7os, registra o Boletim Focus. A revis\u00e3o aponta um aumento de 0,27 ponto percentual (p.p.) acima da \u00faltima proje\u00e7\u00e3o. Trata-se da 29\u00aa eleva\u00e7\u00e3o consecutiva do mercado para a\u00a0<strong>estimativa de infla\u00e7\u00e3o<\/strong>\u00a0do Pa\u00eds em 2021. H\u00e1 um m\u00eas, o Boletim Focus registrou que a proje\u00e7\u00e3o de alta era de 8,45%.<\/p>\n<p>O mercado tamb\u00e9m elevou a proje\u00e7\u00e3o da <strong>taxa Selic<\/strong>, que se manteve neutra por mais de um m\u00eas no Boletim Focus. A nova expectativa para a\u00a0<a class=\"suno-keyword\" href=\"https:\/\/www.suno.com.br\/artigos\/taxa-basica-de-juros\/\" target=\"_blank\" rel=\"noopener\" data-force=\"no\" data-priority=\"1\">taxa b\u00e1sica de juros<\/a>\u00a0da economia ao final de 2021 \u00e9 de 8,75% frente aos 8,25% anteriores.<\/p>\n<p><em>Com Ag\u00eancia Brasil e Ag\u00eancia Estado<\/em><\/p>\n\t<p>\n\t\t<a href=\"https:\/\/lp.suno.com.br\/planilha-de-controle-de-investimentos\/\" target=\"_blank\" data-element=\"shortcode-suno-banner\" title=\"Banner SUNO, clique e saiba mais\">\n\t\t\t<picture>\n\t\t\t\t<source media=\"(max-width: 500px)\" srcset=\"https:\/\/files.sunoresearch.com.br\/n\/uploads\/2023\/03\/400x300-Controle-de-Investimentos.png\">\n\t\t\t\t<img class=\"newsContent__article__imgCapa newsContent__article__imgCapa--banner\"\n\t\t\t\t\tsrc=\"https:\/\/files.sunoresearch.com.br\/n\/uploads\/2023\/03\/1420x240-Controle-de-Investimentos.png\"\n\t\t\t\t\tdata-promo-id=\"75934\"\t\t\t\t\t\t\t\t\t\twidth='1420' height='240'\t\t\t\t\talt=\"https:\/\/files.sunoresearch.com.br\/n\/uploads\/2023\/03\/1420x240-Controle-de-Investimentos.png\"\n\t\t\t\t>\n\t\t\t<\/picture>\n\t\t<\/a>\n\t<\/p>\n\n\n<p>&nbsp;<\/p>\n<p>&nbsp;<\/p>\n","protected":false},"excerpt":{"rendered":"<p>O\u00a0Comit\u00ea de Pol\u00edtica Monet\u00e1ria (Copom) do Banco Central (BC) decidiu nesta quarta (27), em Bras\u00edlia, na s\u00e9tima reuni\u00e3o do ano, elevar a taxa b\u00e1sica de juros, a\u00a0Selic, em 1,5 ponto percentual, atingindo o patamar de 7,75% ao ano. Foto: Pixabay Foi o sexto aumento consecutivo dos juros \u2013 em setembro e em agosto a alta [&hellip;]<\/p>\n","protected":false},"author":98,"featured_media":156634,"comment_status":"closed","ping_status":"closed","sticky":false,"template":"","format":"standard","meta":[],"categories":[62],"tags":[1842,1104,290],"suno_strategy":[],"class_list":["post-197976","post","type-post","status-publish","format-standard","has-post-thumbnail","hentry","category-economia","tag-banco-central-bc","tag-copom","tag-taxa-selic"],"yoast_head":"<!-- This site is optimized with the Yoast SEO plugin v24.4 - https:\/\/yoast.com\/wordpress\/plugins\/seo\/ -->\n<title>Copom eleva Selic para 7,75%; entenda por que o BC subiu os juros<\/title>\n<meta name=\"description\" content=\"O\u00a0Comit\u00ea de Pol\u00edtica Monet\u00e1ria (Copom) do Banco Central (BC) decidiu, na s\u00e9tima reuni\u00e3o do ano, elevar a taxa Selic, em 1.5 pp\" \/>\n<meta name=\"robots\" content=\"index, follow, max-snippet:-1, max-image-preview:large, max-video-preview:-1\" \/>\n<link rel=\"canonical\" href=\"https:\/\/www.suno.com.br\/noticias\/selic-copom-decisao-aumenta-775\/\" \/>\n<meta property=\"og:locale\" content=\"pt_BR\" \/>\n<meta property=\"og:type\" content=\"article\" \/>\n<meta property=\"og:title\" content=\"Copom eleva Selic para 7,75%; entenda por que o BC subiu os juros\" \/>\n<meta property=\"og:description\" content=\"O\u00a0Comit\u00ea de Pol\u00edtica Monet\u00e1ria (Copom) do Banco Central (BC) decidiu, na s\u00e9tima reuni\u00e3o do ano, elevar a taxa Selic, em 1.5 pp\" \/>\n<meta property=\"og:url\" content=\"https:\/\/www.suno.com.br\/noticias\/selic-copom-decisao-aumenta-775\/\" \/>\n<meta property=\"og:site_name\" content=\"Suno Not\u00edcias\" \/>\n<meta property=\"article:publisher\" content=\"https:\/\/facebook.com\/sunoresearch\" \/>\n<meta property=\"og:image\" content=\"https:\/\/files.sunoresearch.com.br\/n\/uploads\/2021\/06\/eb18501c-banco_central_4_0-scaled.jpg\" \/>\n\t<meta property=\"og:image:width\" content=\"2560\" \/>\n\t<meta property=\"og:image:height\" content=\"1703\" \/>\n\t<meta property=\"og:image:type\" content=\"image\/jpeg\" \/>\n<meta name=\"author\" content=\"Marco Ant\u00f4nio Lopes\" \/>\n<meta name=\"twitter:card\" content=\"summary_large_image\" \/>\n<meta name=\"twitter:creator\" content=\"@sunoresearch\" \/>\n<meta name=\"twitter:site\" content=\"@sunoresearch\" \/>\n<meta name=\"twitter:label1\" content=\"Escrito por\" \/>\n\t<meta name=\"twitter:data1\" content=\"Marco Ant\u00f4nio Lopes\" \/>\n\t<meta name=\"twitter:label2\" content=\"Est. tempo de leitura\" \/>\n\t<meta name=\"twitter:data2\" content=\"22 minutos\" \/>\n<script type=\"application\/ld+json\" class=\"yoast-schema-graph\">{\"@context\":\"https:\/\/schema.org\",\"@graph\":[{\"@type\":\"NewsArticle\",\"@id\":\"https:\/\/www.suno.com.br\/noticias\/selic-copom-decisao-aumenta-775\/#article\",\"isPartOf\":{\"@id\":\"https:\/\/www.suno.com.br\/noticias\/selic-copom-decisao-aumenta-775\/\"},\"author\":{\"name\":\"Marco Ant\u00f4nio Lopes\",\"@id\":\"https:\/\/www.suno.com.br\/noticias\/#\/schema\/person\/829bbe8d57f84333b966b96229c6bf5f\"},\"headline\":\"Copom eleva Selic para 7,75%; entenda por que o BC subiu os juros\",\"datePublished\":\"2021-10-27T21:36:46+00:00\",\"dateModified\":\"2021-10-29T17:33:09+00:00\",\"mainEntityOfPage\":{\"@id\":\"https:\/\/www.suno.com.br\/noticias\/selic-copom-decisao-aumenta-775\/\"},\"wordCount\":4967,\"publisher\":{\"@id\":\"https:\/\/www.suno.com.br\/noticias\/#organization\"},\"image\":{\"@id\":\"https:\/\/www.suno.com.br\/noticias\/selic-copom-decisao-aumenta-775\/#primaryimage\"},\"thumbnailUrl\":\"https:\/\/files.sunoresearch.com.br\/n\/uploads\/2021\/06\/eb18501c-banco_central_4_0-scaled.jpg\",\"keywords\":[\"Banco Central (BC)\",\"Copom\",\"Taxa Selic\"],\"articleSection\":[\"Economia\"],\"inLanguage\":\"pt-BR\"},{\"@type\":\"WebPage\",\"@id\":\"https:\/\/www.suno.com.br\/noticias\/selic-copom-decisao-aumenta-775\/\",\"url\":\"https:\/\/www.suno.com.br\/noticias\/selic-copom-decisao-aumenta-775\/\",\"name\":\"Copom eleva Selic para 7,75%; entenda por que o BC subiu os juros\",\"isPartOf\":{\"@id\":\"https:\/\/www.suno.com.br\/noticias\/#website\"},\"primaryImageOfPage\":{\"@id\":\"https:\/\/www.suno.com.br\/noticias\/selic-copom-decisao-aumenta-775\/#primaryimage\"},\"image\":{\"@id\":\"https:\/\/www.suno.com.br\/noticias\/selic-copom-decisao-aumenta-775\/#primaryimage\"},\"thumbnailUrl\":\"https:\/\/files.sunoresearch.com.br\/n\/uploads\/2021\/06\/eb18501c-banco_central_4_0-scaled.jpg\",\"datePublished\":\"2021-10-27T21:36:46+00:00\",\"dateModified\":\"2021-10-29T17:33:09+00:00\",\"description\":\"O\u00a0Comit\u00ea de Pol\u00edtica Monet\u00e1ria (Copom) do Banco Central (BC) decidiu, na s\u00e9tima reuni\u00e3o do ano, elevar a taxa Selic, em 1.5 pp\",\"breadcrumb\":{\"@id\":\"https:\/\/www.suno.com.br\/noticias\/selic-copom-decisao-aumenta-775\/#breadcrumb\"},\"inLanguage\":\"pt-BR\",\"potentialAction\":[{\"@type\":\"ReadAction\",\"target\":[\"https:\/\/www.suno.com.br\/noticias\/selic-copom-decisao-aumenta-775\/\"]}]},{\"@type\":\"ImageObject\",\"inLanguage\":\"pt-BR\",\"@id\":\"https:\/\/www.suno.com.br\/noticias\/selic-copom-decisao-aumenta-775\/#primaryimage\",\"url\":\"https:\/\/files.sunoresearch.com.br\/n\/uploads\/2021\/06\/eb18501c-banco_central_4_0-scaled.jpg\",\"contentUrl\":\"https:\/\/files.sunoresearch.com.br\/n\/uploads\/2021\/06\/eb18501c-banco_central_4_0-scaled.jpg\",\"width\":2560,\"height\":1703,\"caption\":\"Taxa Selic. Foto: Antonio Cruz\/Ag\u00eancia Brasil.\"},{\"@type\":\"BreadcrumbList\",\"@id\":\"https:\/\/www.suno.com.br\/noticias\/selic-copom-decisao-aumenta-775\/#breadcrumb\",\"itemListElement\":[{\"@type\":\"ListItem\",\"position\":1,\"name\":\"Not\u00edcias\",\"item\":\"https:\/\/www.suno.com.br\/noticias\/\"},{\"@type\":\"ListItem\",\"position\":2,\"name\":\"Economia\",\"item\":\"https:\/\/www.suno.com.br\/noticias\/economia\/\"},{\"@type\":\"ListItem\",\"position\":3,\"name\":\"Copom eleva Selic para 7,75%; entenda por que o BC subiu os juros\"}]},{\"@type\":\"WebSite\",\"@id\":\"https:\/\/www.suno.com.br\/noticias\/#website\",\"url\":\"https:\/\/www.suno.com.br\/noticias\/\",\"name\":\"Suno Not\u00edcias\",\"description\":\"Seu portal de informa\u00e7\u00e3o sobre o mundo dos investimentos\",\"publisher\":{\"@id\":\"https:\/\/www.suno.com.br\/noticias\/#organization\"},\"potentialAction\":[{\"@type\":\"SearchAction\",\"target\":{\"@type\":\"EntryPoint\",\"urlTemplate\":\"https:\/\/www.suno.com.br\/noticias\/?s={search_term_string}\"},\"query-input\":{\"@type\":\"PropertyValueSpecification\",\"valueRequired\":true,\"valueName\":\"search_term_string\"}}],\"inLanguage\":\"pt-BR\"},{\"@type\":\"Organization\",\"@id\":\"https:\/\/www.suno.com.br\/noticias\/#organization\",\"name\":\"Suno Not\u00edcias\",\"url\":\"https:\/\/www.suno.com.br\/noticias\/\",\"logo\":{\"@type\":\"ImageObject\",\"inLanguage\":\"pt-BR\",\"@id\":\"https:\/\/www.suno.com.br\/noticias\/#\/schema\/logo\/image\/\",\"url\":\"https:\/\/files.sunoresearch.com.br\/n\/uploads\/2021\/09\/suno-logo.png\",\"contentUrl\":\"https:\/\/files.sunoresearch.com.br\/n\/uploads\/2021\/09\/suno-logo.png\",\"width\":180,\"height\":180,\"caption\":\"Suno Not\u00edcias\"},\"image\":{\"@id\":\"https:\/\/www.suno.com.br\/noticias\/#\/schema\/logo\/image\/\"},\"sameAs\":[\"https:\/\/facebook.com\/sunoresearch\",\"https:\/\/x.com\/sunoresearch\",\"https:\/\/www.instagram.com\/suno\",\"https:\/\/www.linkedin.com\/company\/suno-research\/\",\"https:\/\/www.youtube.com\/c\/sunoresearch\"]},{\"@type\":\"Person\",\"@id\":\"https:\/\/www.suno.com.br\/noticias\/#\/schema\/person\/829bbe8d57f84333b966b96229c6bf5f\",\"name\":\"Marco Ant\u00f4nio Lopes\",\"image\":{\"@type\":\"ImageObject\",\"inLanguage\":\"pt-BR\",\"@id\":\"https:\/\/www.suno.com.br\/noticias\/#\/schema\/person\/image\/\",\"url\":\"https:\/\/secure.gravatar.com\/avatar\/385167b012fbc1cde32c5446ee253313?s=96&r=g\",\"contentUrl\":\"https:\/\/secure.gravatar.com\/avatar\/385167b012fbc1cde32c5446ee253313?s=96&r=g\",\"caption\":\"Marco Ant\u00f4nio Lopes\"},\"description\":\"Jornalista, \u00e9 editor no Suno Not\u00edcias. Trabalhou nas revistas Playboy, Super, Veja Comer &amp; Beber, Homem Vogue e Universo Masculino, al\u00e9m dos portais Abril.com, R7, nas editorias de Home, Esportes, Hora 7, Entretenimento e Geral, e Eu Quero Investir. Autor do livro Bruce Lee: Definitivo (Editora Conrad). Colaborou nas revistas Nova, Veja SP, Grandes Guerras, Placar, Bizz, Casa Claudia e Quatro Rodas.\",\"url\":\"https:\/\/www.suno.com.br\/noticias\/author\/marco-lopes\/\"}]}<\/script>\n<!-- \/ Yoast SEO plugin. -->","yoast_head_json":{"title":"Copom eleva Selic para 7,75%; entenda por que o BC subiu os juros","description":"O\u00a0Comit\u00ea de Pol\u00edtica Monet\u00e1ria (Copom) do Banco Central (BC) decidiu, na s\u00e9tima reuni\u00e3o do ano, elevar a taxa Selic, em 1.5 pp","robots":{"index":"index","follow":"follow","max-snippet":"max-snippet:-1","max-image-preview":"max-image-preview:large","max-video-preview":"max-video-preview:-1"},"canonical":"https:\/\/www.suno.com.br\/noticias\/selic-copom-decisao-aumenta-775\/","og_locale":"pt_BR","og_type":"article","og_title":"Copom eleva Selic para 7,75%; entenda por que o BC subiu os juros","og_description":"O\u00a0Comit\u00ea de Pol\u00edtica Monet\u00e1ria (Copom) do Banco Central (BC) decidiu, na s\u00e9tima reuni\u00e3o do ano, elevar a taxa Selic, em 1.5 pp","og_url":"https:\/\/www.suno.com.br\/noticias\/selic-copom-decisao-aumenta-775\/","og_site_name":"Suno Not\u00edcias","article_publisher":"https:\/\/facebook.com\/sunoresearch","og_image":[{"width":2560,"height":1703,"url":"https:\/\/files.sunoresearch.com.br\/n\/uploads\/2021\/06\/eb18501c-banco_central_4_0-scaled.jpg","type":"image\/jpeg"}],"author":"Marco Ant\u00f4nio Lopes","twitter_card":"summary_large_image","twitter_creator":"@sunoresearch","twitter_site":"@sunoresearch","twitter_misc":{"Escrito por":"Marco Ant\u00f4nio Lopes","Est. tempo de leitura":"22 minutos"},"schema":{"@context":"https:\/\/schema.org","@graph":[{"@type":"NewsArticle","@id":"https:\/\/www.suno.com.br\/noticias\/selic-copom-decisao-aumenta-775\/#article","isPartOf":{"@id":"https:\/\/www.suno.com.br\/noticias\/selic-copom-decisao-aumenta-775\/"},"author":{"name":"Marco Ant\u00f4nio Lopes","@id":"https:\/\/www.suno.com.br\/noticias\/#\/schema\/person\/829bbe8d57f84333b966b96229c6bf5f"},"headline":"Copom eleva Selic para 7,75%; entenda por que o BC subiu os juros","datePublished":"2021-10-27T21:36:46+00:00","dateModified":"2021-10-29T17:33:09+00:00","mainEntityOfPage":{"@id":"https:\/\/www.suno.com.br\/noticias\/selic-copom-decisao-aumenta-775\/"},"wordCount":4967,"publisher":{"@id":"https:\/\/www.suno.com.br\/noticias\/#organization"},"image":{"@id":"https:\/\/www.suno.com.br\/noticias\/selic-copom-decisao-aumenta-775\/#primaryimage"},"thumbnailUrl":"https:\/\/files.sunoresearch.com.br\/n\/uploads\/2021\/06\/eb18501c-banco_central_4_0-scaled.jpg","keywords":["Banco Central (BC)","Copom","Taxa Selic"],"articleSection":["Economia"],"inLanguage":"pt-BR"},{"@type":"WebPage","@id":"https:\/\/www.suno.com.br\/noticias\/selic-copom-decisao-aumenta-775\/","url":"https:\/\/www.suno.com.br\/noticias\/selic-copom-decisao-aumenta-775\/","name":"Copom eleva Selic para 7,75%; entenda por que o BC subiu os juros","isPartOf":{"@id":"https:\/\/www.suno.com.br\/noticias\/#website"},"primaryImageOfPage":{"@id":"https:\/\/www.suno.com.br\/noticias\/selic-copom-decisao-aumenta-775\/#primaryimage"},"image":{"@id":"https:\/\/www.suno.com.br\/noticias\/selic-copom-decisao-aumenta-775\/#primaryimage"},"thumbnailUrl":"https:\/\/files.sunoresearch.com.br\/n\/uploads\/2021\/06\/eb18501c-banco_central_4_0-scaled.jpg","datePublished":"2021-10-27T21:36:46+00:00","dateModified":"2021-10-29T17:33:09+00:00","description":"O\u00a0Comit\u00ea de Pol\u00edtica Monet\u00e1ria (Copom) do Banco Central (BC) decidiu, na s\u00e9tima reuni\u00e3o do ano, elevar a taxa Selic, em 1.5 pp","breadcrumb":{"@id":"https:\/\/www.suno.com.br\/noticias\/selic-copom-decisao-aumenta-775\/#breadcrumb"},"inLanguage":"pt-BR","potentialAction":[{"@type":"ReadAction","target":["https:\/\/www.suno.com.br\/noticias\/selic-copom-decisao-aumenta-775\/"]}]},{"@type":"ImageObject","inLanguage":"pt-BR","@id":"https:\/\/www.suno.com.br\/noticias\/selic-copom-decisao-aumenta-775\/#primaryimage","url":"https:\/\/files.sunoresearch.com.br\/n\/uploads\/2021\/06\/eb18501c-banco_central_4_0-scaled.jpg","contentUrl":"https:\/\/files.sunoresearch.com.br\/n\/uploads\/2021\/06\/eb18501c-banco_central_4_0-scaled.jpg","width":2560,"height":1703,"caption":"Taxa Selic. Foto: Antonio Cruz\/Ag\u00eancia Brasil."},{"@type":"BreadcrumbList","@id":"https:\/\/www.suno.com.br\/noticias\/selic-copom-decisao-aumenta-775\/#breadcrumb","itemListElement":[{"@type":"ListItem","position":1,"name":"Not\u00edcias","item":"https:\/\/www.suno.com.br\/noticias\/"},{"@type":"ListItem","position":2,"name":"Economia","item":"https:\/\/www.suno.com.br\/noticias\/economia\/"},{"@type":"ListItem","position":3,"name":"Copom eleva Selic para 7,75%; entenda por que o BC subiu os juros"}]},{"@type":"WebSite","@id":"https:\/\/www.suno.com.br\/noticias\/#website","url":"https:\/\/www.suno.com.br\/noticias\/","name":"Suno Not\u00edcias","description":"Seu portal de informa\u00e7\u00e3o sobre o mundo dos investimentos","publisher":{"@id":"https:\/\/www.suno.com.br\/noticias\/#organization"},"potentialAction":[{"@type":"SearchAction","target":{"@type":"EntryPoint","urlTemplate":"https:\/\/www.suno.com.br\/noticias\/?s={search_term_string}"},"query-input":{"@type":"PropertyValueSpecification","valueRequired":true,"valueName":"search_term_string"}}],"inLanguage":"pt-BR"},{"@type":"Organization","@id":"https:\/\/www.suno.com.br\/noticias\/#organization","name":"Suno Not\u00edcias","url":"https:\/\/www.suno.com.br\/noticias\/","logo":{"@type":"ImageObject","inLanguage":"pt-BR","@id":"https:\/\/www.suno.com.br\/noticias\/#\/schema\/logo\/image\/","url":"https:\/\/files.sunoresearch.com.br\/n\/uploads\/2021\/09\/suno-logo.png","contentUrl":"https:\/\/files.sunoresearch.com.br\/n\/uploads\/2021\/09\/suno-logo.png","width":180,"height":180,"caption":"Suno Not\u00edcias"},"image":{"@id":"https:\/\/www.suno.com.br\/noticias\/#\/schema\/logo\/image\/"},"sameAs":["https:\/\/facebook.com\/sunoresearch","https:\/\/x.com\/sunoresearch","https:\/\/www.instagram.com\/suno","https:\/\/www.linkedin.com\/company\/suno-research\/","https:\/\/www.youtube.com\/c\/sunoresearch"]},{"@type":"Person","@id":"https:\/\/www.suno.com.br\/noticias\/#\/schema\/person\/829bbe8d57f84333b966b96229c6bf5f","name":"Marco Ant\u00f4nio Lopes","image":{"@type":"ImageObject","inLanguage":"pt-BR","@id":"https:\/\/www.suno.com.br\/noticias\/#\/schema\/person\/image\/","url":"https:\/\/secure.gravatar.com\/avatar\/385167b012fbc1cde32c5446ee253313?s=96&r=g","contentUrl":"https:\/\/secure.gravatar.com\/avatar\/385167b012fbc1cde32c5446ee253313?s=96&r=g","caption":"Marco Ant\u00f4nio Lopes"},"description":"Jornalista, \u00e9 editor no Suno Not\u00edcias. Trabalhou nas revistas Playboy, Super, Veja Comer &amp; Beber, Homem Vogue e Universo Masculino, al\u00e9m dos portais Abril.com, R7, nas editorias de Home, Esportes, Hora 7, Entretenimento e Geral, e Eu Quero Investir. Autor do livro Bruce Lee: Definitivo (Editora Conrad). Colaborou nas revistas Nova, Veja SP, Grandes Guerras, Placar, Bizz, Casa Claudia e Quatro Rodas.","url":"https:\/\/www.suno.com.br\/noticias\/author\/marco-lopes\/"}]}},"default_loop_html":"<div class=\"cardsPage__listCard__boxs\"><div class=\"cardsPage__listCard__boxs__img\"><a href=\"https:\/\/www.suno.com.br\/noticias\/copom-banco-central-taxa-de-juros-economia-risco-fiscal\/\"><img class=\"mask\" src=\"https:\/\/www.suno.com.br\/noticias\/wp-content\/themes\/suno\/resources\/images\/spotlight\/spotlight1img\/bg-mask.png\" alt=\"Image Mask\"\/><img src=\"https:\/\/files.sunoresearch.com.br\/n\/uploads\/2021\/10\/calculator-g97ac0b218_1920-400x200.jpg\" alt=\"Copom: mercado prev\u00ea alta m\u00ednima de 1,25%, trazendo Selic para passado sombrio\"\/><\/a><span class=\"spotlightCategory\"><a href=\"https:\/\/www.suno.com.br\/noticias\/economia\/\">Economia<\/a><\/span><\/div><div class=\"cardsPage__listCard__boxs__content\"><a href=\"https:\/\/www.suno.com.br\/noticias\/copom-banco-central-taxa-de-juros-economia-risco-fiscal\/\"><h2 class=\"content__title\">Copom: mercado prev\u00ea alta m\u00ednima de 1,25%, trazendo Selic para passado sombrio<\/h2><\/a><div class=\"newsContent__article__meta\"><div class=\"newsContent__article__meta__authorBox\"><a href=\"https:\/\/www.suno.com.br\/noticias\/author\/jader-lazarini\/\" class=\"authorBox__avatar noMobi\"><img src=\"https:\/\/files.sunoresearch.com.br\/n\/uploads\/2021\/01\/178e6598-foto-perfil-2-150x150.jpg\" alt=\"Jader Lazarini\"><\/a><div class=\"authorBox__name\"><span>por\n\t\t\t<a href=\"https:\/\/www.suno.com.br\/noticias\/author\/jader-lazarini\/\"><span itemprop=\"author\">Jader Lazarini<\/span><\/a><\/span><time datetime=\"2021-10-26T14:44:57-03:00\" itemprop=\"datePublished\">26\/10\/2021 14:44<\/time><\/div><\/div><\/div><\/div><\/div>","single_layout":"posts","amp_enabled":true,"_links":{"self":[{"href":"https:\/\/www.suno.com.br\/noticias\/wp-json\/wp\/v2\/posts\/197976"}],"collection":[{"href":"https:\/\/www.suno.com.br\/noticias\/wp-json\/wp\/v2\/posts"}],"about":[{"href":"https:\/\/www.suno.com.br\/noticias\/wp-json\/wp\/v2\/types\/post"}],"author":[{"embeddable":true,"href":"https:\/\/www.suno.com.br\/noticias\/wp-json\/wp\/v2\/users\/98"}],"replies":[{"embeddable":true,"href":"https:\/\/www.suno.com.br\/noticias\/wp-json\/wp\/v2\/comments?post=197976"}],"version-history":[{"count":3,"href":"https:\/\/www.suno.com.br\/noticias\/wp-json\/wp\/v2\/posts\/197976\/revisions"}],"predecessor-version":[{"id":199068,"href":"https:\/\/www.suno.com.br\/noticias\/wp-json\/wp\/v2\/posts\/197976\/revisions\/199068"}],"wp:featuredmedia":[{"embeddable":true,"href":"https:\/\/www.suno.com.br\/noticias\/wp-json\/wp\/v2\/media\/156634"}],"wp:attachment":[{"href":"https:\/\/www.suno.com.br\/noticias\/wp-json\/wp\/v2\/media?parent=197976"}],"wp:term":[{"taxonomy":"category","embeddable":true,"href":"https:\/\/www.suno.com.br\/noticias\/wp-json\/wp\/v2\/categories?post=197976"},{"taxonomy":"post_tag","embeddable":true,"href":"https:\/\/www.suno.com.br\/noticias\/wp-json\/wp\/v2\/tags?post=197976"},{"taxonomy":"suno_strategy","embeddable":true,"href":"https:\/\/www.suno.com.br\/noticias\/wp-json\/wp\/v2\/suno_strategy?post=197976"}],"curies":[{"name":"wp","href":"https:\/\/api.w.org\/{rel}","templated":true}]}}