{"id":197828,"date":"2021-10-27T09:34:33","date_gmt":"2021-10-27T12:34:33","guid":{"rendered":"https:\/\/www.suno.com.br\/noticias\/?p=197828"},"modified":"2021-10-27T09:34:33","modified_gmt":"2021-10-27T12:34:33","slug":"banco-inter-bidi4-weg-wege3-e-santander-sanb11-agitam-mercado","status":"publish","type":"post","link":"https:\/\/www.suno.com.br\/noticias\/banco-inter-bidi4-weg-wege3-e-santander-sanb11-agitam-mercado\/","title":{"rendered":"Banco Inter (BIDI4), Weg (WEGE3) e Santander (SANB11) agitam mercado"},"content":{"rendered":"<p>Nos destaques de empresas desta quarta-feira (27) chama a aten\u00e7\u00e3o do mercado o <a href=\"https:\/\/www.suno.com.br\/acoes\/BIDI4\/\"><strong>Banco Inter<\/strong> (B<\/a><a class=\"suno-keyword\" href=\"https:\/\/www.suno.com.br\/acoes\/BIDI4\/\" target=\"_blank\" rel=\"noopener\" data-force=\"yes\" data-priority=\"2\">IDI4)<\/a> que reverteu o preju\u00edzo de R$ 8 milh\u00f5es e lucrou R$ 19,2 milh\u00f5es no terceiro trimestre.<\/p>\t<div class=\"wrapper-featured-image\">\n\t\t<figure class=\"spotlightImg\">\n\n\t\t\t<picture>\n\t\t\t\t<source media=\"(max-width: 768px)\" srcset=\"https:\/\/files.sunoresearch.com.br\/n\/uploads\/2021\/06\/dad9092c-fachada_inter-400x200.jpeg\">\n\t\t\t\t<img loading=\"lazy\" decoding=\"async\" class=\"newsContent__article__imgCapa lazyloadDisabled \" src=\"https:\/\/files.sunoresearch.com.br\/n\/uploads\/2021\/06\/dad9092c-fachada_inter-800x450.jpeg\" width=\"800\" height=\"450\" alt=\"Banco Inter (BIDI4), Weg (WEGE3) e Santander (SANB11) agitam mercado\" fetchpriority=high \/>\n\t\t\t<\/picture>\n\n\t\t\t<figcaption class=\"wp-caption-text wp-caption-text--show\">Banco Inter (BIDI11) - Foto: Divulga\u00e7\u00e3o<\/figcaption>\n\t\t<\/figure>\n\t<\/div>\n\n\n\t<p>\n\t\t<a href=\"https:\/\/lp.suno.com.br\/planilha-controle-gastos\/\" target=\"_blank\" data-element=\"shortcode-suno-banner\" title=\"Banner SUNO, clique e saiba mais\">\n\t\t\t<picture>\n\t\t\t\t<source media=\"(max-width: 500px)\" srcset=\"https:\/\/files.sunoresearch.com.br\/n\/uploads\/2023\/03\/400x300-Planilha-controle-de-gastos.png\">\n\t\t\t\t<img class=\"newsContent__article__imgCapa newsContent__article__imgCapa--banner\"\n\t\t\t\t\tsrc=\"https:\/\/files.sunoresearch.com.br\/n\/uploads\/2023\/03\/1420x240-Planilha-controle-de-gastos.png\"\n\t\t\t\t\tdata-promo-id=\"101751\"\t\t\t\t\t\t\t\t\t\twidth='1420' height='240'\t\t\t\t\talt=\"https:\/\/files.sunoresearch.com.br\/n\/uploads\/2023\/03\/1420x240-Planilha-controle-de-gastos.png\"\n\t\t\t\t>\n\t\t\t<\/picture>\n\t\t<\/a>\n\t<\/p>\n\n\n<p>Al\u00e9m do Banco Inter, est\u00e1 entre os destaques de empresas a <a class=\"suno-keyword\" href=\"https:\/\/www.suno.com.br\/acoes\/WEGE3\/\" target=\"_blank\" rel=\"noopener\" data-force=\"yes\" data-priority=\"2\">Weg (WEGE3)<\/a> que viu seu lucro saltar 26,2%, para R$ 812,9 milh\u00f5es no per\u00edodo de julho a setembro. J\u00e1 o <a class=\"suno-keyword\" href=\"https:\/\/www.suno.com.br\/acoes\/SANB11\/\" target=\"_blank\" rel=\"noopener\" data-force=\"yes\" data-priority=\"2\">Santander (SANB11)<\/a> deu o pontap\u00e9 inicial na divulga\u00e7\u00e3o de resultados dos bancos e informou que obteve lucro de R$ 4,3 bilh\u00f5es.<\/p>\n<p>A <a class=\"suno-keyword\" href=\"https:\/\/www.suno.com.br\/acoes\/GGBR4\/\" target=\"_blank\" rel=\"noopener\" data-force=\"yes\" data-priority=\"2\">Gerdau (GGBR4)<\/a> observou um avan\u00e7o de 604% no seu lucro e alcan\u00e7ou R$ 5,5 bilh\u00f5es. Por sua vez, a <a class=\"suno-keyword\" href=\"https:\/\/www.suno.com.br\/acoes\/MRFG3\/\" target=\"_blank\" rel=\"noopener\" data-force=\"yes\" data-priority=\"2\">Marfrig (MRFG3)<\/a> teve alta de 148,7% no resultado l\u00edquido.<\/p>\n<p>No \u00e2mbito de proventos, a\u00a0<a class=\"suno-keyword\" href=\"https:\/\/www.suno.com.br\/acoes\/GOAU4\/\" target=\"_blank\" rel=\"noopener\" data-force=\"yes\" data-priority=\"2\">Metal\u00fargica Gerdau (GOAU4)<\/a>, a Gerdau e a\u00a0<a class=\"suno-keyword\" href=\"https:\/\/www.suno.com.br\/acoes\/KLBN11\/\" target=\"_blank\" rel=\"noopener\" data-force=\"yes\" data-priority=\"2\">Klabin (KLBN11)<\/a> anunciaram pagamento de <a class=\"suno-keyword\" href=\"https:\/\/www.suno.com.br\/guias\/dividendos\/\" target=\"_blank\" rel=\"noopener\" data-force=\"no\" data-priority=\"1\">dividendos<\/a> e <a class=\"suno-keyword\" href=\"https:\/\/www.suno.com.br\/artigos\/entenda-o-jcp\/\" target=\"_blank\" rel=\"noopener\" data-force=\"no\" data-priority=\"1\">juros sobre capital pr\u00f3prio<\/a> (JCP).<\/p>\n<p>Al\u00e9m disso, esta quarta-feira promete ser agitada com a divulga\u00e7\u00e3o de mais oito companhias ap\u00f3s o fechamento de preg\u00e3o.<\/p>\n\t<p>\n\t\t<a href=\"https:\/\/lp.suno.com.br\/planilha-da-vida-financeira\/\" target=\"_blank\" data-element=\"shortcode-suno-banner\" title=\"Banner SUNO, clique e saiba mais\">\n\t\t\t<picture>\n\t\t\t\t<source media=\"(max-width: 500px)\" srcset=\"https:\/\/files.sunoresearch.com.br\/n\/uploads\/2023\/04\/400x300-Planilha-vida-financeira-true.png\">\n\t\t\t\t<img class=\"newsContent__article__imgCapa newsContent__article__imgCapa--banner\"\n\t\t\t\t\tsrc=\"https:\/\/files.sunoresearch.com.br\/n\/uploads\/2023\/04\/1420x240-Planilha-vida-financeira-true.png\"\n\t\t\t\t\tdata-promo-id=\"106682\"\t\t\t\t\t\t\t\t\t\twidth='1420' height='240'\t\t\t\t\talt=\"https:\/\/files.sunoresearch.com.br\/n\/uploads\/2023\/04\/1420x240-Planilha-vida-financeira-true.png\"\n\t\t\t\t>\n\t\t\t<\/picture>\n\t\t<\/a>\n\t<\/p>\n\n\n<p><strong>Veja os destaques de empresas de hoje:<\/strong><\/p>\n<h2>Banco Inter<\/h2>\n<p>O Banco Inter apurou lucro l\u00edquido de R$ 19,25 milh\u00f5es no terceiro trimestre de 2021, revertendo preju\u00edzo de R$ 8,06 milh\u00f5es registrado em igual per\u00edodo do ano passado.<\/p>\n\t<div data-element=\"shortcode-read-more\" class=\"knowMore\">\n\t\t\t\t<span class=\"knowMore__title\">Saiba Mais<\/span>\n\t\t\t\t<a class=\"knowMore__link\" href=\"https:\/\/www.suno.com.br\/noticias\/inter-bidi4-reverte-prejuizo-e-lucra-r-1925-milhoes-no-3o-tri\/\">\n\t\t\tBanco Inter (BIDI4) reverte preju\u00edzo e lucra R$ 19,25 milh\u00f5es no 3T21\t\t<\/a>\n\t<\/div>\n\n\n<p>De julho a setembro deste ano, as receitas do Banco Inter somaram R$ 720 milh\u00f5es, apresentando crescimento de 133% na compara\u00e7\u00e3o anual, apoiadas pelo mix saud\u00e1vel entre o <a class=\"suno-keyword\" href=\"https:\/\/www.suno.com.br\/artigos\/resultado-bruto\/\" target=\"_blank\" rel=\"noopener\" data-force=\"no\" data-priority=\"1\">resultado bruto<\/a> da <a class=\"suno-keyword\" href=\"https:\/\/www.suno.com.br\/artigos\/intermediacao-financeira\/\" target=\"_blank\" rel=\"noopener\" data-force=\"no\" data-priority=\"1\">intermedia\u00e7\u00e3o financeira<\/a> (NII) e a receita de servi\u00e7os.<\/p>\n<h2>Weg<\/h2>\n<p>A Weg registrou lucro l\u00edquido de R$ 812,925 milh\u00f5es no terceiro trimestre de 2021 (3T21). O valor representa um avan\u00e7o de 26,2% na compara\u00e7\u00e3o anual, entretanto, em rela\u00e7\u00e3o ao trimestre passado (R$ 1,134 bilh\u00e3o), trata-se de uma queda de 28,4%.<\/p>\n\t<div data-element=\"shortcode-read-more\" class=\"knowMore\">\n\t\t\t\t<span class=\"knowMore__title\">Saiba Mais<\/span>\n\t\t\t\t<a class=\"knowMore__link\" href=\"https:\/\/www.suno.com.br\/noticias\/weg-wege3-lucra-mais-3t21\/\">\n\t\t\tWeg (WEGE3) lucra 26,2% mais no 3T21, com aumento das vendas\t\t<\/a>\n\t<\/div>\n\n\n<p>No relat\u00f3rio do<strong> balan\u00e7o trimestral da Weg<\/strong>, divulgado na manh\u00e3 desta quarta (27), a companhia esclarece que o lucro l\u00edquida e o Ebitda do per\u00edodo de abril a junho foram impactados positivamente com cr\u00e9ditos referentes \u00e0 exclus\u00e3o do ICMS da base de c\u00e1lculo do PIS\/Cofins.<\/p>\n\t<p>\n\t\t<a href=\"https:\/\/lp.suno.com.br\/ebook-como-analisar-uma-acao\/\" target=\"_blank\" data-element=\"shortcode-suno-banner\" title=\"Banner SUNO, clique e saiba mais\">\n\t\t\t<picture>\n\t\t\t\t<source media=\"(max-width: 500px)\" srcset=\"https:\/\/files.sunoresearch.com.br\/n\/uploads\/2023\/03\/Ebook-Acoes-Mobile-1.jpg\">\n\t\t\t\t<img class=\"newsContent__article__imgCapa newsContent__article__imgCapa--banner\"\n\t\t\t\t\tsrc=\"https:\/\/files.sunoresearch.com.br\/n\/uploads\/2023\/03\/Ebook-Acoes-Desktop-1.jpg\"\n\t\t\t\t\tdata-promo-id=\"171998\"\t\t\t\t\t\t\t\t\t\twidth='1420' height='286'\t\t\t\t\talt=\"https:\/\/files.sunoresearch.com.br\/n\/uploads\/2023\/03\/Ebook-Acoes-Desktop-1.jpg\"\n\t\t\t\t>\n\t\t\t<\/picture>\n\t\t<\/a>\n\t<\/p>\n\n\n<h2>Santader<\/h2>\n<p>Com <a class=\"suno-keyword\" href=\"https:\/\/www.suno.com.br\/artigos\/lucro-liquido\/\" target=\"_blank\" rel=\"noopener noreferrer\" data-force=\"no\" data-priority=\"1\">lucro l\u00edquido<\/a> gerencial de R$ 4,34 bilh\u00f5es, o <strong>Santander<\/strong> Brasil abriu a temporada de balan\u00e7os para os bancos. O avan\u00e7o do lucro do banco espanhol no terceiro trimestre de 2021 foi de 12,5% em um ano e de 4,1% em tr\u00eas meses.<\/p>\n\t<div data-element=\"shortcode-read-more\" class=\"knowMore\">\n\t\t\t\t<span class=\"knowMore__title\">Saiba Mais<\/span>\n\t\t\t\t<a class=\"knowMore__link\" href=\"https:\/\/www.suno.com.br\/noticias\/santander-sanb11-balanco-3-trimestre\/\">\n\t\t\tSantander (SANB11) lucra R$ 4,34 bi, mas tem aumento de provis\u00f5es e custo de cr\u00e9dito\t\t<\/a>\n\t<\/div>\n\n\n<p>&#8220;Nosso lucro l\u00edquido de R$ 4,34 bilh\u00f5es no per\u00edodo, mostra nossa consist\u00eancia no resultado, baseado em um balan\u00e7o s\u00f3lido, com n\u00edveis de capital e liquidez em patamares confort\u00e1veis\u201d, diz Angel Santodomingo, <strong>CFO do Santander<\/strong> Brasil, em relat\u00f3rio.<\/p>\n<h2>Gerdau<\/h2>\n<p>A <strong>Gerdau<\/strong> registrou lucro l\u00edquido de R$ 5,59 bilh\u00f5es no terceiro trimestre de 2021, crescimento de 604% em rela\u00e7\u00e3o ao mesmo per\u00edodo de 2020.<\/p>\n<p>O lucro antes de juros, impostos, <a class=\"suno-keyword\" href=\"https:\/\/www.suno.com.br\/artigos\/depreciacao-amortizacao\/\" target=\"_blank\" rel=\"noopener\" data-force=\"no\" data-priority=\"1\">deprecia\u00e7\u00e3o e amortiza\u00e7\u00e3o<\/a> (Ebitda, na sigla em ingl\u00eas) ajustado somou R$ 7,023 bilh\u00f5es no 3T21, aumento de 228% em rela\u00e7\u00e3o ao mesmo per\u00edodo de 2020.<\/p>\n<h2>Marfrig<\/h2>\n<p>A Marfrig Global Foods, gigante das carnes, anotou um lucro l\u00edquido de R$ 1,7 bilh\u00e3o, um incremento de 148,7% em compara\u00e7\u00e3o com o ganho apurado no mesmo per\u00edodo de 2020.<\/p>\n\t<div data-element=\"shortcode-read-more\" class=\"knowMore\">\n\t\t\t\t<span class=\"knowMore__title\">Saiba Mais<\/span>\n\t\t\t\t<a class=\"knowMore__link\" href=\"https:\/\/www.suno.com.br\/noticias\/marfrig-mrfg3-tucro-liquido-3t21\/\">\n\t\t\tMarfrig (MRFG3) tem alta de 148,7% no lucro do 3T21 com impulso das opera\u00e7\u00f5es na Am\u00e9rica do Norte\t\t<\/a>\n\t<\/div>\n\n\n<p>A<strong> diversifica\u00e7\u00e3o geogr\u00e1fica da Marfrig<\/strong>, com sua forte presen\u00e7a na Am\u00e9rica do Norte, e com opera\u00e7\u00e3o na Am\u00e9rica do Sul, fez com que a companhia alcan\u00e7asse um resultado com recordes na <a class=\"suno-keyword\" href=\"https:\/\/www.suno.com.br\/artigos\/o-que-receita-liquida\/\" target=\"_blank\" rel=\"noopener\" data-force=\"no\" data-priority=\"1\">receita l\u00edquida<\/a>, que atingiu 23,6 bilh\u00f5es ao final de setembro, alta de 40,4% na compara\u00e7\u00e3o anualizada.\u00a0 Pelo mesmo motivo, o <a href=\"https:\/\/www.suno.com.br\/artigos\/ebitda\/\"> Ebitda (lucro antes de juros, impostos, deprecia\u00e7\u00e3o e amortiza\u00e7\u00e3o)<\/a> ajustado tamb\u00e9m foi recorde e somou R$ 4,7 bilh\u00f5es, alta de 115,6%, na base anual.<\/p>\n\t<p>\n\t\t<a href=\"\" target=\"_blank\" data-element=\"shortcode-suno-banner\" title=\"Banner SUNO, clique e saiba mais\">\n\t\t\t<picture>\n\t\t\t\t<source media=\"(max-width: 500px)\" srcset=\"\">\n\t\t\t\t<img class=\"newsContent__article__imgCapa newsContent__article__imgCapa--banner\"\n\t\t\t\t\tsrc=\"\"\n\t\t\t\t\tdata-promo-id=\"184190\"\t\t\t\t\t\t\t\t\t\t\t\t\t\t\talt=\"\"\n\t\t\t\t>\n\t\t\t<\/picture>\n\t\t<\/a>\n\t<\/p>\n\n\n<h2>Gerdau e Metal\u00fargica Gerdau pagar\u00e3o dividendos e JCP<\/h2>\n<p>As companhias <strong>Gerdau<\/strong> e <strong>Metal\u00fargica Gerdau<\/strong> \u00a0aprovaram, nesta quarta-feira, o pagamento de dividendos e de\u00a0 juros sobre capital pr\u00f3prio.<\/p>\n\t<div data-element=\"shortcode-read-more\" class=\"knowMore\">\n\t\t\t\t<span class=\"knowMore__title\">Saiba Mais<\/span>\n\t\t\t\t<a class=\"knowMore__link\" href=\"https:\/\/www.suno.com.br\/noticias\/gerdau-ggbr4-e-metalurgica-gerdau-goau4-pagarao-dividendos-e-jcp-confira-os-valores\/\">\n\t\t\tGerdau (GGBR4) e Metal\u00fargica Gerdau (GOAU4) pagar\u00e3o dividendos e JCP; confira os valores\t\t<\/a>\n\t<\/div>\n\n\n<p>No dia 16 de novembro, a companhia pagar\u00e1 R$ 1,42 por a\u00e7\u00e3o em dividendos e R$ 0,1700 em jcp, j\u00e1 descontada a reten\u00e7\u00e3o de imposto de renda na fonte a al\u00edquota de 15%. A vez da <strong>Metal\u00fargica Gerdau<\/strong> ser\u00e1 no dia 17 de novembro, quando a companhia pagar\u00e1 R$ 1,42 em dividendos por a\u00e7\u00e3o e R$ 0,0935 em juros sobre o capital pr\u00f3prio, j\u00e1 considerando a tributa\u00e7\u00e3o.<\/p>\n<h2>Klabin<\/h2>\n<p>A Klabin aprovou o pagamento de R$ 402 milh\u00f5es em dividendos intercalares\u00a0 e juros sobre capital pr\u00f3prio . O valor total corresponde a pouco mais de R$ 0,073194 por a\u00e7\u00e3o, e R$ 0,3659728 por Unit da companhia.<\/p>\n\t<div data-element=\"shortcode-read-more\" class=\"knowMore\">\n\t\t\t\t<span class=\"knowMore__title\">Saiba Mais<\/span>\n\t\t\t\t<a class=\"knowMore__link\" href=\"https:\/\/www.suno.com.br\/noticias\/klabin-klbn11-dividendos-jcp-3t21\/\">\n\t\t\tKlabin (KLBN11) pagar\u00e1 R$ 402 milh\u00f5es em dividendos e JCP\t\t<\/a>\n\t<\/div>\n\n\n<p>Os acionistas receber\u00e3o aproximadamente R$ 0,018571 por <strong>a\u00e7\u00e3o da Klabin<\/strong> e R$ 0,0928 por Unit em JCP. J\u00e1 em dividendos, a companhia distribuir\u00e1 R$ 300 milh\u00f5es, correspondentes a R$ 0,054622 por a\u00e7\u00e3o e R$ 0,27311 por <strong>unit<\/strong>.<\/p>\n<h2>Balan\u00e7os de hoje<\/h2>\n<p>A quarta-feira promete ser agitada com mais de sete companhias informando seus resultados, veja abaixo:<\/p>\n<ul>\n<li>Dexco (DXCO3) &#8211; ap\u00f3s o fechamento<\/li>\n<li><a class=\"suno-keyword\" href=\"https:\/\/www.suno.com.br\/acoes\/intb3\/\" target=\"_blank\" rel=\"noopener\" data-force=\"yes\" data-priority=\"2\">Intelbras (INTB3)<\/a> &#8211; ap\u00f3s o fechamento<\/li>\n<li><a class=\"suno-keyword\" href=\"https:\/\/www.suno.com.br\/acoes\/KEPL3\/\" target=\"_blank\" rel=\"noopener\" data-force=\"yes\" data-priority=\"2\">Kepler Weber (KEPL3)<\/a> &#8211; ap\u00f3s o fechamento<\/li>\n<li><a class=\"suno-keyword\" href=\"https:\/\/www.suno.com.br\/acoes\/MOVI3\/\" target=\"_blank\" rel=\"noopener\" data-force=\"yes\" data-priority=\"2\">Movida (MOVI3)<\/a> &#8211; ap\u00f3s o fechamento<\/li>\n<li><a class=\"suno-keyword\" href=\"https:\/\/www.suno.com.br\/acoes\/MULT3\/\" target=\"_blank\" rel=\"noopener\" data-force=\"yes\" data-priority=\"2\">Multiplan (MULT3)<\/a> &#8211; ap\u00f3s o fechamento<\/li>\n<li><a class=\"suno-keyword\" href=\"https:\/\/www.suno.com.br\/acoes\/ODPV3\/\" target=\"_blank\" rel=\"noopener\" data-force=\"yes\" data-priority=\"2\">Odontoprev (ODPV3)<\/a> &#8211; ap\u00f3s o fechamento<\/li>\n<li><a class=\"suno-keyword\" href=\"https:\/\/www.suno.com.br\/acoes\/VIVT3\/\" target=\"_blank\" rel=\"noopener\" data-force=\"yes\" data-priority=\"2\">Telef\u00f4nica (VIVT3)<\/a>&#8211; ap\u00f3s o fechamento<\/li>\n<li>Log Commercial (LOGG3) &#8211; ap\u00f3s o fechamento<\/li>\n<\/ul>\n<p>Os destaques de empresas do Suno Not\u00edcias mostram os principais acontecimentos que prometem movimentar o mercado durante o dia, como a <b>Banco Inter <\/b>que deve estar no foco dos investidores ao longo do dia.<\/p>\n\t<p>\n\t\t<a href=\"https:\/\/lp.suno.com.br\/planilha-de-controle-de-investimentos\/\" target=\"_blank\" data-element=\"shortcode-suno-banner\" title=\"Banner SUNO, clique e saiba mais\">\n\t\t\t<picture>\n\t\t\t\t<source media=\"(max-width: 500px)\" srcset=\"https:\/\/files.sunoresearch.com.br\/n\/uploads\/2023\/03\/400x300-Controle-de-Investimentos.png\">\n\t\t\t\t<img class=\"newsContent__article__imgCapa newsContent__article__imgCapa--banner\"\n\t\t\t\t\tsrc=\"https:\/\/files.sunoresearch.com.br\/n\/uploads\/2023\/03\/1420x240-Controle-de-Investimentos.png\"\n\t\t\t\t\tdata-promo-id=\"75934\"\t\t\t\t\t\t\t\t\t\twidth='1420' height='240'\t\t\t\t\talt=\"https:\/\/files.sunoresearch.com.br\/n\/uploads\/2023\/03\/1420x240-Controle-de-Investimentos.png\"\n\t\t\t\t>\n\t\t\t<\/picture>\n\t\t<\/a>\n\t<\/p>\n\n\n","protected":false},"excerpt":{"rendered":"<p>Nos destaques de empresas desta quarta-feira (27) chama a aten\u00e7\u00e3o do mercado o Banco Inter (BIDI4) que reverteu o preju\u00edzo de R$ 8 milh\u00f5es e lucrou R$ 19,2 milh\u00f5es no terceiro trimestre. Banco Inter (BIDI11) &#8211; Foto: Divulga\u00e7\u00e3o Al\u00e9m do Banco Inter, est\u00e1 entre os destaques de empresas a Weg (WEGE3) que viu seu lucro [&hellip;]<\/p>\n","protected":false},"author":15,"featured_media":154428,"comment_status":"closed","ping_status":"closed","sticky":false,"template":"","format":"standard","meta":[],"categories":[64],"tags":[369,104831,488,2634,529,552,624,681],"suno_strategy":[],"class_list":["post-197828","post","type-post","status-publish","format-standard","has-post-thumbnail","hentry","category-negocios","tag-banco-inter-bidi11-bidi4-bidi3","tag-destaques-de-empresas","tag-gerdau-ggbr3-ggbr4","tag-gerdau-metalurgica-goau3-goau4","tag-klabin-klbn11-klbn3-klbn4","tag-marfrig-mrfg3","tag-santander-sanb11-sanb3-sanb4","tag-weg-wege3"],"yoast_head":"<!-- This site is optimized with the Yoast SEO plugin v24.4 - https:\/\/yoast.com\/wordpress\/plugins\/seo\/ -->\n<title>Banco Inter (BIDI4) e Weg (WEGE3) e agitam mercado<\/title>\n<meta name=\"description\" content=\"Os destaques de empresas do Suno Not\u00edcias mostram os principais acontecimentos como resultado do Banco Inter (BIDI4). Clique aqui\" \/>\n<meta name=\"robots\" content=\"index, follow, max-snippet:-1, max-image-preview:large, max-video-preview:-1\" \/>\n<link rel=\"canonical\" href=\"https:\/\/www.suno.com.br\/noticias\/banco-inter-bidi4-weg-wege3-e-santander-sanb11-agitam-mercado\/\" \/>\n<meta property=\"og:locale\" content=\"pt_BR\" \/>\n<meta property=\"og:type\" content=\"article\" \/>\n<meta property=\"og:title\" content=\"Banco Inter (BIDI4) e Weg (WEGE3) e agitam mercado\" \/>\n<meta property=\"og:description\" content=\"Os destaques de empresas do Suno Not\u00edcias mostram os principais acontecimentos como resultado do Banco Inter (BIDI4). Clique aqui\" \/>\n<meta property=\"og:url\" content=\"https:\/\/www.suno.com.br\/noticias\/banco-inter-bidi4-weg-wege3-e-santander-sanb11-agitam-mercado\/\" \/>\n<meta property=\"og:site_name\" content=\"Suno Not\u00edcias\" \/>\n<meta property=\"article:publisher\" content=\"https:\/\/facebook.com\/sunoresearch\" \/>\n<meta property=\"og:image\" content=\"https:\/\/files.sunoresearch.com.br\/n\/uploads\/2021\/06\/dad9092c-fachada_inter-scaled.jpeg\" \/>\n\t<meta property=\"og:image:width\" content=\"2560\" \/>\n\t<meta property=\"og:image:height\" content=\"1707\" \/>\n\t<meta property=\"og:image:type\" content=\"image\/jpeg\" \/>\n<meta name=\"author\" content=\"Poliana Santos\" \/>\n<meta name=\"twitter:card\" content=\"summary_large_image\" \/>\n<meta name=\"twitter:creator\" content=\"@sunoresearch\" \/>\n<meta name=\"twitter:site\" content=\"@sunoresearch\" \/>\n<meta name=\"twitter:label1\" content=\"Escrito por\" \/>\n\t<meta name=\"twitter:data1\" content=\"Poliana Santos\" \/>\n\t<meta name=\"twitter:label2\" content=\"Est. tempo de leitura\" \/>\n\t<meta name=\"twitter:data2\" content=\"4 minutos\" \/>\n<script type=\"application\/ld+json\" class=\"yoast-schema-graph\">{\"@context\":\"https:\/\/schema.org\",\"@graph\":[{\"@type\":\"NewsArticle\",\"@id\":\"https:\/\/www.suno.com.br\/noticias\/banco-inter-bidi4-weg-wege3-e-santander-sanb11-agitam-mercado\/#article\",\"isPartOf\":{\"@id\":\"https:\/\/www.suno.com.br\/noticias\/banco-inter-bidi4-weg-wege3-e-santander-sanb11-agitam-mercado\/\"},\"author\":{\"name\":\"Poliana Santos\",\"@id\":\"https:\/\/www.suno.com.br\/noticias\/#\/schema\/person\/02ec1f752758247878a2bf4abee1aeda\"},\"headline\":\"Banco Inter (BIDI4), Weg (WEGE3) e Santander (SANB11) agitam mercado\",\"datePublished\":\"2021-10-27T12:34:33+00:00\",\"mainEntityOfPage\":{\"@id\":\"https:\/\/www.suno.com.br\/noticias\/banco-inter-bidi4-weg-wege3-e-santander-sanb11-agitam-mercado\/\"},\"wordCount\":958,\"publisher\":{\"@id\":\"https:\/\/www.suno.com.br\/noticias\/#organization\"},\"image\":{\"@id\":\"https:\/\/www.suno.com.br\/noticias\/banco-inter-bidi4-weg-wege3-e-santander-sanb11-agitam-mercado\/#primaryimage\"},\"thumbnailUrl\":\"https:\/\/files.sunoresearch.com.br\/n\/uploads\/2021\/06\/dad9092c-fachada_inter-scaled.jpeg\",\"keywords\":[\"Banco Inter (BIDI11\/BIDI4\/BIDI3)\",\"destaques de empresas\",\"Gerdau (GGBR3\/GGBR4)\",\"Gerdau Metal\u00fargica (GOAU3\/GOAU4)\",\"Klabin (KLBN11\/KLBN3\/KLBN4)\",\"Marfrig (MRFG3)\",\"Santander (SANB11\/SANB3\/SANB4)\",\"Weg (WEGE3)\"],\"articleSection\":[\"Neg\u00f3cios\"],\"inLanguage\":\"pt-BR\"},{\"@type\":\"WebPage\",\"@id\":\"https:\/\/www.suno.com.br\/noticias\/banco-inter-bidi4-weg-wege3-e-santander-sanb11-agitam-mercado\/\",\"url\":\"https:\/\/www.suno.com.br\/noticias\/banco-inter-bidi4-weg-wege3-e-santander-sanb11-agitam-mercado\/\",\"name\":\"Banco Inter (BIDI4) e Weg (WEGE3) e agitam mercado\",\"isPartOf\":{\"@id\":\"https:\/\/www.suno.com.br\/noticias\/#website\"},\"primaryImageOfPage\":{\"@id\":\"https:\/\/www.suno.com.br\/noticias\/banco-inter-bidi4-weg-wege3-e-santander-sanb11-agitam-mercado\/#primaryimage\"},\"image\":{\"@id\":\"https:\/\/www.suno.com.br\/noticias\/banco-inter-bidi4-weg-wege3-e-santander-sanb11-agitam-mercado\/#primaryimage\"},\"thumbnailUrl\":\"https:\/\/files.sunoresearch.com.br\/n\/uploads\/2021\/06\/dad9092c-fachada_inter-scaled.jpeg\",\"datePublished\":\"2021-10-27T12:34:33+00:00\",\"description\":\"Os destaques de empresas do Suno Not\u00edcias mostram os principais acontecimentos como resultado do Banco Inter (BIDI4). Clique aqui\",\"breadcrumb\":{\"@id\":\"https:\/\/www.suno.com.br\/noticias\/banco-inter-bidi4-weg-wege3-e-santander-sanb11-agitam-mercado\/#breadcrumb\"},\"inLanguage\":\"pt-BR\",\"potentialAction\":[{\"@type\":\"ReadAction\",\"target\":[\"https:\/\/www.suno.com.br\/noticias\/banco-inter-bidi4-weg-wege3-e-santander-sanb11-agitam-mercado\/\"]}]},{\"@type\":\"ImageObject\",\"inLanguage\":\"pt-BR\",\"@id\":\"https:\/\/www.suno.com.br\/noticias\/banco-inter-bidi4-weg-wege3-e-santander-sanb11-agitam-mercado\/#primaryimage\",\"url\":\"https:\/\/files.sunoresearch.com.br\/n\/uploads\/2021\/06\/dad9092c-fachada_inter-scaled.jpeg\",\"contentUrl\":\"https:\/\/files.sunoresearch.com.br\/n\/uploads\/2021\/06\/dad9092c-fachada_inter-scaled.jpeg\",\"width\":2560,\"height\":1707,\"caption\":\"Banco Inter (BIDI11) - Foto: Divulga\u00e7\u00e3o\"},{\"@type\":\"BreadcrumbList\",\"@id\":\"https:\/\/www.suno.com.br\/noticias\/banco-inter-bidi4-weg-wege3-e-santander-sanb11-agitam-mercado\/#breadcrumb\",\"itemListElement\":[{\"@type\":\"ListItem\",\"position\":1,\"name\":\"Not\u00edcias\",\"item\":\"https:\/\/www.suno.com.br\/noticias\/\"},{\"@type\":\"ListItem\",\"position\":2,\"name\":\"Neg\u00f3cios\",\"item\":\"https:\/\/www.suno.com.br\/noticias\/negocios\/\"},{\"@type\":\"ListItem\",\"position\":3,\"name\":\"Banco Inter (BIDI4), Weg (WEGE3) e Santander (SANB11) agitam mercado\"}]},{\"@type\":\"WebSite\",\"@id\":\"https:\/\/www.suno.com.br\/noticias\/#website\",\"url\":\"https:\/\/www.suno.com.br\/noticias\/\",\"name\":\"Suno Not\u00edcias\",\"description\":\"Seu portal de informa\u00e7\u00e3o sobre o mundo dos investimentos\",\"publisher\":{\"@id\":\"https:\/\/www.suno.com.br\/noticias\/#organization\"},\"potentialAction\":[{\"@type\":\"SearchAction\",\"target\":{\"@type\":\"EntryPoint\",\"urlTemplate\":\"https:\/\/www.suno.com.br\/noticias\/?s={search_term_string}\"},\"query-input\":{\"@type\":\"PropertyValueSpecification\",\"valueRequired\":true,\"valueName\":\"search_term_string\"}}],\"inLanguage\":\"pt-BR\"},{\"@type\":\"Organization\",\"@id\":\"https:\/\/www.suno.com.br\/noticias\/#organization\",\"name\":\"Suno Not\u00edcias\",\"url\":\"https:\/\/www.suno.com.br\/noticias\/\",\"logo\":{\"@type\":\"ImageObject\",\"inLanguage\":\"pt-BR\",\"@id\":\"https:\/\/www.suno.com.br\/noticias\/#\/schema\/logo\/image\/\",\"url\":\"https:\/\/files.sunoresearch.com.br\/n\/uploads\/2021\/09\/suno-logo.png\",\"contentUrl\":\"https:\/\/files.sunoresearch.com.br\/n\/uploads\/2021\/09\/suno-logo.png\",\"width\":180,\"height\":180,\"caption\":\"Suno Not\u00edcias\"},\"image\":{\"@id\":\"https:\/\/www.suno.com.br\/noticias\/#\/schema\/logo\/image\/\"},\"sameAs\":[\"https:\/\/facebook.com\/sunoresearch\",\"https:\/\/x.com\/sunoresearch\",\"https:\/\/www.instagram.com\/suno\",\"https:\/\/www.linkedin.com\/company\/suno-research\/\",\"https:\/\/www.youtube.com\/c\/sunoresearch\"]},{\"@type\":\"Person\",\"@id\":\"https:\/\/www.suno.com.br\/noticias\/#\/schema\/person\/02ec1f752758247878a2bf4abee1aeda\",\"name\":\"Poliana Santos\",\"image\":{\"@type\":\"ImageObject\",\"inLanguage\":\"pt-BR\",\"@id\":\"https:\/\/www.suno.com.br\/noticias\/#\/schema\/person\/image\/\",\"url\":\"https:\/\/secure.gravatar.com\/avatar\/0645bd32f23d87b2130f2b2dff1d3f8d?s=96&r=g\",\"contentUrl\":\"https:\/\/secure.gravatar.com\/avatar\/0645bd32f23d87b2130f2b2dff1d3f8d?s=96&r=g\",\"caption\":\"Poliana Santos\"},\"description\":\"Rep\u00f3rter no Suno Not\u00edcias, com cobertura em mercado financeiro, economia, finan\u00e7as pessoais, renda fixa e varejo. Jornalista formada pela Faculdade C\u00e1sper L\u00edbero e possui passagem na R\u00e1dio Gazeta AM com a produ\u00e7\u00e3o de conte\u00fado sobre economia, pol\u00edtica, sa\u00fade, moda e m\u00fasica. Possui certificado de conclus\u00e3o do curso de An\u00e1lise de Balan\u00e7os pela Funda\u00e7\u00e3o Bradesco, Agenda Brasil pela FAAP, Educa\u00e7\u00e3o Pol\u00edtica por Alexandre Garcia e do Tesouro Direto e Mercado de A\u00e7\u00f5es pela B3.\",\"url\":\"https:\/\/www.suno.com.br\/noticias\/author\/poliana-santos\/\"}]}<\/script>\n<!-- \/ Yoast SEO plugin. -->","yoast_head_json":{"title":"Banco Inter (BIDI4) e Weg (WEGE3) e agitam mercado","description":"Os destaques de empresas do Suno Not\u00edcias mostram os principais acontecimentos como resultado do Banco Inter (BIDI4). Clique aqui","robots":{"index":"index","follow":"follow","max-snippet":"max-snippet:-1","max-image-preview":"max-image-preview:large","max-video-preview":"max-video-preview:-1"},"canonical":"https:\/\/www.suno.com.br\/noticias\/banco-inter-bidi4-weg-wege3-e-santander-sanb11-agitam-mercado\/","og_locale":"pt_BR","og_type":"article","og_title":"Banco Inter (BIDI4) e Weg (WEGE3) e agitam mercado","og_description":"Os destaques de empresas do Suno Not\u00edcias mostram os principais acontecimentos como resultado do Banco Inter (BIDI4). Clique aqui","og_url":"https:\/\/www.suno.com.br\/noticias\/banco-inter-bidi4-weg-wege3-e-santander-sanb11-agitam-mercado\/","og_site_name":"Suno Not\u00edcias","article_publisher":"https:\/\/facebook.com\/sunoresearch","og_image":[{"width":2560,"height":1707,"url":"https:\/\/files.sunoresearch.com.br\/n\/uploads\/2021\/06\/dad9092c-fachada_inter-scaled.jpeg","type":"image\/jpeg"}],"author":"Poliana Santos","twitter_card":"summary_large_image","twitter_creator":"@sunoresearch","twitter_site":"@sunoresearch","twitter_misc":{"Escrito por":"Poliana Santos","Est. tempo de leitura":"4 minutos"},"schema":{"@context":"https:\/\/schema.org","@graph":[{"@type":"NewsArticle","@id":"https:\/\/www.suno.com.br\/noticias\/banco-inter-bidi4-weg-wege3-e-santander-sanb11-agitam-mercado\/#article","isPartOf":{"@id":"https:\/\/www.suno.com.br\/noticias\/banco-inter-bidi4-weg-wege3-e-santander-sanb11-agitam-mercado\/"},"author":{"name":"Poliana Santos","@id":"https:\/\/www.suno.com.br\/noticias\/#\/schema\/person\/02ec1f752758247878a2bf4abee1aeda"},"headline":"Banco Inter (BIDI4), Weg (WEGE3) e Santander (SANB11) agitam mercado","datePublished":"2021-10-27T12:34:33+00:00","mainEntityOfPage":{"@id":"https:\/\/www.suno.com.br\/noticias\/banco-inter-bidi4-weg-wege3-e-santander-sanb11-agitam-mercado\/"},"wordCount":958,"publisher":{"@id":"https:\/\/www.suno.com.br\/noticias\/#organization"},"image":{"@id":"https:\/\/www.suno.com.br\/noticias\/banco-inter-bidi4-weg-wege3-e-santander-sanb11-agitam-mercado\/#primaryimage"},"thumbnailUrl":"https:\/\/files.sunoresearch.com.br\/n\/uploads\/2021\/06\/dad9092c-fachada_inter-scaled.jpeg","keywords":["Banco Inter (BIDI11\/BIDI4\/BIDI3)","destaques de empresas","Gerdau (GGBR3\/GGBR4)","Gerdau Metal\u00fargica (GOAU3\/GOAU4)","Klabin (KLBN11\/KLBN3\/KLBN4)","Marfrig (MRFG3)","Santander (SANB11\/SANB3\/SANB4)","Weg (WEGE3)"],"articleSection":["Neg\u00f3cios"],"inLanguage":"pt-BR"},{"@type":"WebPage","@id":"https:\/\/www.suno.com.br\/noticias\/banco-inter-bidi4-weg-wege3-e-santander-sanb11-agitam-mercado\/","url":"https:\/\/www.suno.com.br\/noticias\/banco-inter-bidi4-weg-wege3-e-santander-sanb11-agitam-mercado\/","name":"Banco Inter (BIDI4) e Weg (WEGE3) e agitam mercado","isPartOf":{"@id":"https:\/\/www.suno.com.br\/noticias\/#website"},"primaryImageOfPage":{"@id":"https:\/\/www.suno.com.br\/noticias\/banco-inter-bidi4-weg-wege3-e-santander-sanb11-agitam-mercado\/#primaryimage"},"image":{"@id":"https:\/\/www.suno.com.br\/noticias\/banco-inter-bidi4-weg-wege3-e-santander-sanb11-agitam-mercado\/#primaryimage"},"thumbnailUrl":"https:\/\/files.sunoresearch.com.br\/n\/uploads\/2021\/06\/dad9092c-fachada_inter-scaled.jpeg","datePublished":"2021-10-27T12:34:33+00:00","description":"Os destaques de empresas do Suno Not\u00edcias mostram os principais acontecimentos como resultado do Banco Inter (BIDI4). Clique aqui","breadcrumb":{"@id":"https:\/\/www.suno.com.br\/noticias\/banco-inter-bidi4-weg-wege3-e-santander-sanb11-agitam-mercado\/#breadcrumb"},"inLanguage":"pt-BR","potentialAction":[{"@type":"ReadAction","target":["https:\/\/www.suno.com.br\/noticias\/banco-inter-bidi4-weg-wege3-e-santander-sanb11-agitam-mercado\/"]}]},{"@type":"ImageObject","inLanguage":"pt-BR","@id":"https:\/\/www.suno.com.br\/noticias\/banco-inter-bidi4-weg-wege3-e-santander-sanb11-agitam-mercado\/#primaryimage","url":"https:\/\/files.sunoresearch.com.br\/n\/uploads\/2021\/06\/dad9092c-fachada_inter-scaled.jpeg","contentUrl":"https:\/\/files.sunoresearch.com.br\/n\/uploads\/2021\/06\/dad9092c-fachada_inter-scaled.jpeg","width":2560,"height":1707,"caption":"Banco Inter (BIDI11) - Foto: Divulga\u00e7\u00e3o"},{"@type":"BreadcrumbList","@id":"https:\/\/www.suno.com.br\/noticias\/banco-inter-bidi4-weg-wege3-e-santander-sanb11-agitam-mercado\/#breadcrumb","itemListElement":[{"@type":"ListItem","position":1,"name":"Not\u00edcias","item":"https:\/\/www.suno.com.br\/noticias\/"},{"@type":"ListItem","position":2,"name":"Neg\u00f3cios","item":"https:\/\/www.suno.com.br\/noticias\/negocios\/"},{"@type":"ListItem","position":3,"name":"Banco Inter (BIDI4), Weg (WEGE3) e Santander (SANB11) agitam mercado"}]},{"@type":"WebSite","@id":"https:\/\/www.suno.com.br\/noticias\/#website","url":"https:\/\/www.suno.com.br\/noticias\/","name":"Suno Not\u00edcias","description":"Seu portal de informa\u00e7\u00e3o sobre o mundo dos investimentos","publisher":{"@id":"https:\/\/www.suno.com.br\/noticias\/#organization"},"potentialAction":[{"@type":"SearchAction","target":{"@type":"EntryPoint","urlTemplate":"https:\/\/www.suno.com.br\/noticias\/?s={search_term_string}"},"query-input":{"@type":"PropertyValueSpecification","valueRequired":true,"valueName":"search_term_string"}}],"inLanguage":"pt-BR"},{"@type":"Organization","@id":"https:\/\/www.suno.com.br\/noticias\/#organization","name":"Suno Not\u00edcias","url":"https:\/\/www.suno.com.br\/noticias\/","logo":{"@type":"ImageObject","inLanguage":"pt-BR","@id":"https:\/\/www.suno.com.br\/noticias\/#\/schema\/logo\/image\/","url":"https:\/\/files.sunoresearch.com.br\/n\/uploads\/2021\/09\/suno-logo.png","contentUrl":"https:\/\/files.sunoresearch.com.br\/n\/uploads\/2021\/09\/suno-logo.png","width":180,"height":180,"caption":"Suno Not\u00edcias"},"image":{"@id":"https:\/\/www.suno.com.br\/noticias\/#\/schema\/logo\/image\/"},"sameAs":["https:\/\/facebook.com\/sunoresearch","https:\/\/x.com\/sunoresearch","https:\/\/www.instagram.com\/suno","https:\/\/www.linkedin.com\/company\/suno-research\/","https:\/\/www.youtube.com\/c\/sunoresearch"]},{"@type":"Person","@id":"https:\/\/www.suno.com.br\/noticias\/#\/schema\/person\/02ec1f752758247878a2bf4abee1aeda","name":"Poliana Santos","image":{"@type":"ImageObject","inLanguage":"pt-BR","@id":"https:\/\/www.suno.com.br\/noticias\/#\/schema\/person\/image\/","url":"https:\/\/secure.gravatar.com\/avatar\/0645bd32f23d87b2130f2b2dff1d3f8d?s=96&r=g","contentUrl":"https:\/\/secure.gravatar.com\/avatar\/0645bd32f23d87b2130f2b2dff1d3f8d?s=96&r=g","caption":"Poliana Santos"},"description":"Rep\u00f3rter no Suno Not\u00edcias, com cobertura em mercado financeiro, economia, finan\u00e7as pessoais, renda fixa e varejo. Jornalista formada pela Faculdade C\u00e1sper L\u00edbero e possui passagem na R\u00e1dio Gazeta AM com a produ\u00e7\u00e3o de conte\u00fado sobre economia, pol\u00edtica, sa\u00fade, moda e m\u00fasica. Possui certificado de conclus\u00e3o do curso de An\u00e1lise de Balan\u00e7os pela Funda\u00e7\u00e3o Bradesco, Agenda Brasil pela FAAP, Educa\u00e7\u00e3o Pol\u00edtica por Alexandre Garcia e do Tesouro Direto e Mercado de A\u00e7\u00f5es pela B3.","url":"https:\/\/www.suno.com.br\/noticias\/author\/poliana-santos\/"}]}},"default_loop_html":"<div class=\"cardsPage__listCard__boxs\"><div class=\"cardsPage__listCard__boxs__img\"><a href=\"https:\/\/www.suno.com.br\/noticias\/banco-inter-bidi4-weg-wege3-e-santander-sanb11-agitam-mercado\/\"><img class=\"mask\" src=\"https:\/\/www.suno.com.br\/noticias\/wp-content\/themes\/suno\/resources\/images\/spotlight\/spotlight1img\/bg-mask.png\" alt=\"Image Mask\"\/><img src=\"https:\/\/files.sunoresearch.com.br\/n\/uploads\/2021\/06\/dad9092c-fachada_inter-400x200.jpeg\" alt=\"Banco Inter (BIDI4), Weg (WEGE3) e Santander (SANB11) agitam mercado\"\/><\/a><span class=\"spotlightCategory\"><a href=\"https:\/\/www.suno.com.br\/noticias\/negocios\/\">Neg\u00f3cios<\/a><\/span><\/div><div class=\"cardsPage__listCard__boxs__content\"><a href=\"https:\/\/www.suno.com.br\/noticias\/banco-inter-bidi4-weg-wege3-e-santander-sanb11-agitam-mercado\/\"><h2 class=\"content__title\">Banco Inter (BIDI4), Weg (WEGE3) e Santander (SANB11) agitam mercado<\/h2><\/a><div class=\"newsContent__article__meta\"><div class=\"newsContent__article__meta__authorBox\"><a href=\"https:\/\/www.suno.com.br\/noticias\/author\/poliana-santos\/\" class=\"authorBox__avatar noMobi\"><img src=\"https:\/\/files.sunoresearch.com.br\/n\/uploads\/2020\/08\/7ef34026-whatsapp-image-2020-08-03-at-12.37.57-150x150.webp\" alt=\"Poliana Santos\"><\/a><div class=\"authorBox__name\"><span>por\n\t\t\t<a href=\"https:\/\/www.suno.com.br\/noticias\/author\/poliana-santos\/\"><span itemprop=\"author\">Poliana Santos<\/span><\/a><\/span><time datetime=\"2021-10-27T09:34:33-03:00\" itemprop=\"datePublished\">27\/10\/2021 09:34<\/time><\/div><\/div><\/div><\/div><\/div>","single_layout":"posts","amp_enabled":true,"_links":{"self":[{"href":"https:\/\/www.suno.com.br\/noticias\/wp-json\/wp\/v2\/posts\/197828"}],"collection":[{"href":"https:\/\/www.suno.com.br\/noticias\/wp-json\/wp\/v2\/posts"}],"about":[{"href":"https:\/\/www.suno.com.br\/noticias\/wp-json\/wp\/v2\/types\/post"}],"author":[{"embeddable":true,"href":"https:\/\/www.suno.com.br\/noticias\/wp-json\/wp\/v2\/users\/15"}],"replies":[{"embeddable":true,"href":"https:\/\/www.suno.com.br\/noticias\/wp-json\/wp\/v2\/comments?post=197828"}],"version-history":[{"count":2,"href":"https:\/\/www.suno.com.br\/noticias\/wp-json\/wp\/v2\/posts\/197828\/revisions"}],"predecessor-version":[{"id":197841,"href":"https:\/\/www.suno.com.br\/noticias\/wp-json\/wp\/v2\/posts\/197828\/revisions\/197841"}],"wp:featuredmedia":[{"embeddable":true,"href":"https:\/\/www.suno.com.br\/noticias\/wp-json\/wp\/v2\/media\/154428"}],"wp:attachment":[{"href":"https:\/\/www.suno.com.br\/noticias\/wp-json\/wp\/v2\/media?parent=197828"}],"wp:term":[{"taxonomy":"category","embeddable":true,"href":"https:\/\/www.suno.com.br\/noticias\/wp-json\/wp\/v2\/categories?post=197828"},{"taxonomy":"post_tag","embeddable":true,"href":"https:\/\/www.suno.com.br\/noticias\/wp-json\/wp\/v2\/tags?post=197828"},{"taxonomy":"suno_strategy","embeddable":true,"href":"https:\/\/www.suno.com.br\/noticias\/wp-json\/wp\/v2\/suno_strategy?post=197828"}],"curies":[{"name":"wp","href":"https:\/\/api.w.org\/{rel}","templated":true}]}}