{"id":197821,"date":"2021-10-27T09:42:05","date_gmt":"2021-10-27T12:42:05","guid":{"rendered":"https:\/\/www.suno.com.br\/noticias\/?p=197821"},"modified":"2021-10-27T09:42:05","modified_gmt":"2021-10-27T12:42:05","slug":"itau-itub4-banco-do-brasil-bbas3-balanco-dos-bancos","status":"publish","type":"post","link":"https:\/\/www.suno.com.br\/noticias\/itau-itub4-banco-do-brasil-bbas3-balanco-dos-bancos\/","title":{"rendered":"Ita\u00fa (ITUB4), Banco do Brasil (BBAS3): o que esperar do balan\u00e7o dos bancos"},"content":{"rendered":"<p>O <a class=\"suno-keyword\" href=\"https:\/\/www.suno.com.br\/acoes\/SANB11\/\" target=\"_blank\" rel=\"noopener\" data-force=\"yes\" data-priority=\"2\">Santander (SANB11)<\/a> abriu a <strong>temporada de balan\u00e7os<\/strong> dos bancos registrando lucro 12,5% maior em um ano. O Retorno sobre Patrim\u00f4nio L\u00edquido foi recorde, a carteira de cr\u00e9dito avan\u00e7ou e a capta\u00e7\u00e3o de recursos tamb\u00e9m. Entretanto, houve aumento de provis\u00f5es e de inadimpl\u00eancia. Segundo analistas, o trimestre deve ser positivo para os bancos.<\/p>\t<div class=\"wrapper-featured-image\">\n\t\t<figure class=\"spotlightImg\">\n\n\t\t\t<picture>\n\t\t\t\t<source media=\"(max-width: 768px)\" srcset=\"https:\/\/files.sunoresearch.com.br\/n\/uploads\/2021\/04\/1fe27850-materia_banco-laranja-648x300_easy-resize.com_-400x200.webp\">\n\t\t\t\t<img loading=\"lazy\" decoding=\"async\" class=\"newsContent__article__imgCapa lazyloadDisabled \" src=\"https:\/\/files.sunoresearch.com.br\/n\/uploads\/2021\/04\/1fe27850-materia_banco-laranja-648x300_easy-resize.com_-800x450.webp\" width=\"800\" height=\"450\" alt=\"Ita\u00fa (ITUB4), Banco do Brasil (BBAS3): o que esperar do balan\u00e7o dos bancos\" fetchpriority=high \/>\n\t\t\t<\/picture>\n\n\t\t\t<figcaption class=\"wp-caption-text wp-caption-text--show\">Ita\u00fa (ITUB4) teve crescimento simult\u00e2neo de despesas e da expans\u00e3o da carteira de cr\u00e9dito - Foto: Reprodu\u00e7\u00e3o Site Ita\u00fa<\/figcaption>\n\t\t<\/figure>\n\t<\/div>\n\n\n\t<p>\n\t\t<a href=\"https:\/\/lp.suno.com.br\/planilha-controle-gastos\/\" target=\"_blank\" data-element=\"shortcode-suno-banner\" title=\"Banner SUNO, clique e saiba mais\">\n\t\t\t<picture>\n\t\t\t\t<source media=\"(max-width: 500px)\" srcset=\"https:\/\/files.sunoresearch.com.br\/n\/uploads\/2023\/03\/400x300-Planilha-controle-de-gastos.png\">\n\t\t\t\t<img class=\"newsContent__article__imgCapa newsContent__article__imgCapa--banner\"\n\t\t\t\t\tsrc=\"https:\/\/files.sunoresearch.com.br\/n\/uploads\/2023\/03\/1420x240-Planilha-controle-de-gastos.png\"\n\t\t\t\t\tdata-promo-id=\"101751\"\t\t\t\t\t\t\t\t\t\twidth='1420' height='240'\t\t\t\t\talt=\"https:\/\/files.sunoresearch.com.br\/n\/uploads\/2023\/03\/1420x240-Planilha-controle-de-gastos.png\"\n\t\t\t\t>\n\t\t\t<\/picture>\n\t\t<\/a>\n\t<\/p>\n\n\n<p>Embora o Santander tenha registrado aumento de provis\u00f5es e de custo do cr\u00e9dito, para os analistas do Inter Research, no geral, a temporada de <strong>balan\u00e7os dos bancos<\/strong> deve apresentar despesas com provis\u00f5es pr\u00f3ximas da normalidade de antes da pandemia.<\/p>\n<p>Para a<strong> XP Investimentos<\/strong>, a margem financeira das institui\u00e7\u00f5es ser\u00e3o beneficiadas pelo mix de cr\u00e9dito mais rent\u00e1vel, com crescimento puxado pela <strong>carteira de <a class=\"suno-keyword\" href=\"https:\/\/www.suno.com.br\/artigos\/pessoa-fisica\/\" target=\"_blank\" rel=\"noopener\" data-force=\"no\" data-priority=\"2\">pessoas f\u00edsicas<\/a><\/strong>, efeito parcialmente compensado pelo maior custo de capta\u00e7\u00e3o devido \u00e0 Selic mais alta.<\/p>\n<p>Os analista do <strong>Inter Research<\/strong> ainda acrescentam que, o aumento de cr\u00e9dito para pessoas f\u00edsicas &#8220;demonstra um arrefecimento na demanda em ramos que estavam em alta, como imobili\u00e1rio e consignado por exemplo, dando lugar ao <strong>cr\u00e9dito pessoal<\/strong>, cart\u00f5es e rotativo com a volta do consumo&#8221;.<\/p>\n\t<p>\n\t\t<a href=\"https:\/\/lp.suno.com.br\/planilha-da-vida-financeira\/\" target=\"_blank\" data-element=\"shortcode-suno-banner\" title=\"Banner SUNO, clique e saiba mais\">\n\t\t\t<picture>\n\t\t\t\t<source media=\"(max-width: 500px)\" srcset=\"https:\/\/files.sunoresearch.com.br\/n\/uploads\/2023\/04\/400x300-Planilha-vida-financeira-true.png\">\n\t\t\t\t<img class=\"newsContent__article__imgCapa newsContent__article__imgCapa--banner\"\n\t\t\t\t\tsrc=\"https:\/\/files.sunoresearch.com.br\/n\/uploads\/2023\/04\/1420x240-Planilha-vida-financeira-true.png\"\n\t\t\t\t\tdata-promo-id=\"106682\"\t\t\t\t\t\t\t\t\t\twidth='1420' height='240'\t\t\t\t\talt=\"https:\/\/files.sunoresearch.com.br\/n\/uploads\/2023\/04\/1420x240-Planilha-vida-financeira-true.png\"\n\t\t\t\t>\n\t\t\t<\/picture>\n\t\t<\/a>\n\t<\/p>\n\n\n<p>Tamb\u00e9m \u00e9 esperado no<strong> terceiro trimestre dos bancos<\/strong> um maior tom de recupera\u00e7\u00e3o no resultado com cart\u00f5es e seguros, &#8220;visto que ambos os ramos sofreram maiores impactos com a pandemia&#8221;, diz relat\u00f3rio da <strong>research do Banco <\/strong><a class=\"suno-keyword\" href=\"https:\/\/www.suno.com.br\/acoes\/BIDI4\/\" target=\"_blank\" rel=\"noopener\" data-force=\"yes\" data-priority=\"2\"><strong>Inter<\/strong> (BIDI4)<\/a>.<\/p>\n<h2>Destaques positivos e negativos do balan\u00e7o dos bancos<\/h2>\n<p>A corretora ainda aponta os seguintes pontos positivos:<\/p>\n<ul>\n<li><strong>receita de servi\u00e7os<\/strong>, impulsionado por maiores volumes e pela retomada da atividade econ\u00f4mica, mais do que compensando a press\u00e3o em tarifas pela ado\u00e7\u00e3o do Pix e da maior competi\u00e7\u00e3o proveniente dos bancos digitais; e<\/li>\n<li><strong>inadimpl\u00eancia<\/strong> ainda controlada em n\u00edveis baixos.<\/li>\n<\/ul>\n\t<p>\n\t\t<a href=\"https:\/\/lp.suno.com.br\/ebook-como-analisar-uma-acao\/\" target=\"_blank\" data-element=\"shortcode-suno-banner\" title=\"Banner SUNO, clique e saiba mais\">\n\t\t\t<picture>\n\t\t\t\t<source media=\"(max-width: 500px)\" srcset=\"https:\/\/files.sunoresearch.com.br\/n\/uploads\/2023\/03\/Ebook-Acoes-Mobile-1.jpg\">\n\t\t\t\t<img class=\"newsContent__article__imgCapa newsContent__article__imgCapa--banner\"\n\t\t\t\t\tsrc=\"https:\/\/files.sunoresearch.com.br\/n\/uploads\/2023\/03\/Ebook-Acoes-Desktop-1.jpg\"\n\t\t\t\t\tdata-promo-id=\"171998\"\t\t\t\t\t\t\t\t\t\twidth='1420' height='286'\t\t\t\t\talt=\"https:\/\/files.sunoresearch.com.br\/n\/uploads\/2023\/03\/Ebook-Acoes-Desktop-1.jpg\"\n\t\t\t\t>\n\t\t\t<\/picture>\n\t\t<\/a>\n\t<\/p>\n\n\n<p>J\u00e1 o destaque negativo fica para maiores <a class=\"suno-keyword\" href=\"https:\/\/www.suno.com.br\/artigos\/despesas-administrativas\/\" target=\"_blank\" rel=\"noopener\" data-force=\"no\" data-priority=\"1\">despesas administrativas<\/a>, devido ao <strong>reajuste salarial dos banc\u00e1rios<\/strong> a partir de setembro (11%). Nesse mesmo sentido, a research do Banco Inter acrescenta que &#8220;as margens financeiras podem seguir pressionadas devido ao aumento do custo de cr\u00e9dito com a maior taxa de juros no mercado&#8221;.<\/p>\n<p>&#8220;Dentre os bancos de nossa cobertura, esperamos que o <a class=\"suno-keyword\" href=\"https:\/\/www.suno.com.br\/acoes\/BBAS3\/\" target=\"_blank\" rel=\"noopener\" data-force=\"yes\" data-priority=\"2\"><strong>Banco do Brasil<\/strong> (BBAS3)<\/a> seja o destaque no trimestre impulsionado principalmente pelo <a class=\"suno-keyword\" href=\"https:\/\/www.suno.com.br\/artigos\/credito-rural\/\" target=\"_blank\" rel=\"noopener\" data-force=\"no\" data-priority=\"1\">cr\u00e9dito rural<\/a>&#8220;, diz relat\u00f3rio da XP.<\/p>\n<p>&#8220;Esperamos que o <a class=\"suno-keyword\" href=\"https:\/\/www.suno.com.br\/acoes\/ITUB4\/\" target=\"_blank\" rel=\"noopener\" data-force=\"yes\" data-priority=\"2\">Ita\u00fa Unibanco (ITUB4)<\/a> apresente bons resultados vindo de um maior controle das <a class=\"suno-keyword\" href=\"https:\/\/www.suno.com.br\/artigos\/despesas-operacionais\/\" target=\"_blank\" rel=\"noopener\" data-force=\"no\" data-priority=\"1\">despesas operacionais<\/a>, fator que pode se tornar maior diferencial para o desempenho dos bancos&#8221;, diz relat\u00f3rio do Inter Research sobre a<strong> temporada de balan\u00e7os<\/strong> dos bancos.<\/p>\n\t<p>\n\t\t<a href=\"\" target=\"_blank\" data-element=\"shortcode-suno-banner\" title=\"Banner SUNO, clique e saiba mais\">\n\t\t\t<picture>\n\t\t\t\t<source media=\"(max-width: 500px)\" srcset=\"\">\n\t\t\t\t<img class=\"newsContent__article__imgCapa newsContent__article__imgCapa--banner\"\n\t\t\t\t\tsrc=\"\"\n\t\t\t\t\tdata-promo-id=\"184190\"\t\t\t\t\t\t\t\t\t\t\t\t\t\t\talt=\"\"\n\t\t\t\t>\n\t\t\t<\/picture>\n\t\t<\/a>\n\t<\/p>\n\n\n","protected":false},"excerpt":{"rendered":"<p>O Santander (SANB11) abriu a temporada de balan\u00e7os dos bancos registrando lucro 12,5% maior em um ano. O Retorno sobre Patrim\u00f4nio L\u00edquido foi recorde, a carteira de cr\u00e9dito avan\u00e7ou e a capta\u00e7\u00e3o de recursos tamb\u00e9m. Entretanto, houve aumento de provis\u00f5es e de inadimpl\u00eancia. Segundo analistas, o trimestre deve ser positivo para os bancos. Ita\u00fa (ITUB4) [&hellip;]<\/p>\n","protected":false},"author":102,"featured_media":141539,"comment_status":"closed","ping_status":"closed","sticky":false,"template":"","format":"standard","meta":[],"categories":[64],"tags":[1029,732,105816,519,1607,624],"suno_strategy":[],"class_list":["post-197821","post","type-post","status-publish","format-standard","has-post-thumbnail","hentry","category-negocios","tag-balancos-trimestrais","tag-banco-do-brasil-bbas3","tag-especialistas","tag-itau-unibanco-itub3-itub4","tag-resultado-das-empresas","tag-santander-sanb11-sanb3-sanb4"],"yoast_head":"<!-- This site is optimized with the Yoast SEO plugin v24.4 - https:\/\/yoast.com\/wordpress\/plugins\/seo\/ -->\n<title>Ita\u00fa (ITUB4), Banco do Brasil (BBAS3): o que esperar do balan\u00e7o dos bancos<\/title>\n<meta name=\"description\" content=\"O Santander (SANB11) Brasil abriu a temporada de balan\u00e7os dos bancos. Veja o que os analistas esperam para os pr\u00f3ximos relat\u00f3rios. Leia aqui\" \/>\n<meta name=\"robots\" content=\"index, follow, max-snippet:-1, max-image-preview:large, max-video-preview:-1\" \/>\n<link rel=\"canonical\" href=\"https:\/\/www.suno.com.br\/noticias\/itau-itub4-banco-do-brasil-bbas3-balanco-dos-bancos\/\" \/>\n<meta property=\"og:locale\" content=\"pt_BR\" \/>\n<meta property=\"og:type\" content=\"article\" \/>\n<meta property=\"og:title\" content=\"Ita\u00fa (ITUB4), Banco do Brasil (BBAS3): o que esperar do balan\u00e7o dos bancos\" \/>\n<meta property=\"og:description\" content=\"O Santander (SANB11) Brasil abriu a temporada de balan\u00e7os dos bancos. Veja o que os analistas esperam para os pr\u00f3ximos relat\u00f3rios. Leia aqui\" \/>\n<meta property=\"og:url\" content=\"https:\/\/www.suno.com.br\/noticias\/itau-itub4-banco-do-brasil-bbas3-balanco-dos-bancos\/\" \/>\n<meta property=\"og:site_name\" content=\"Suno Not\u00edcias\" \/>\n<meta property=\"article:publisher\" content=\"https:\/\/facebook.com\/sunoresearch\" \/>\n<meta property=\"og:image\" content=\"https:\/\/files.sunoresearch.com.br\/n\/uploads\/2021\/04\/1fe27850-materia_banco-laranja-648x300_easy-resize.com_.jpg\" \/>\n\t<meta property=\"og:image:width\" content=\"1280\" \/>\n\t<meta property=\"og:image:height\" content=\"593\" \/>\n\t<meta property=\"og:image:type\" content=\"image\/jpeg\" \/>\n<meta name=\"author\" content=\"Monique Lima\" \/>\n<meta name=\"twitter:card\" content=\"summary_large_image\" \/>\n<meta name=\"twitter:creator\" content=\"@sunoresearch\" \/>\n<meta name=\"twitter:site\" content=\"@sunoresearch\" \/>\n<meta name=\"twitter:label1\" content=\"Escrito por\" \/>\n\t<meta name=\"twitter:data1\" content=\"Monique Lima\" \/>\n\t<meta name=\"twitter:label2\" content=\"Est. tempo de leitura\" \/>\n\t<meta name=\"twitter:data2\" content=\"2 minutos\" \/>\n<script type=\"application\/ld+json\" class=\"yoast-schema-graph\">{\"@context\":\"https:\/\/schema.org\",\"@graph\":[{\"@type\":\"NewsArticle\",\"@id\":\"https:\/\/www.suno.com.br\/noticias\/itau-itub4-banco-do-brasil-bbas3-balanco-dos-bancos\/#article\",\"isPartOf\":{\"@id\":\"https:\/\/www.suno.com.br\/noticias\/itau-itub4-banco-do-brasil-bbas3-balanco-dos-bancos\/\"},\"author\":{\"name\":\"Monique Lima\",\"@id\":\"https:\/\/www.suno.com.br\/noticias\/#\/schema\/person\/d712329319cc9b10f254d02d654cb36a\"},\"headline\":\"Ita\u00fa (ITUB4), Banco do Brasil (BBAS3): o que esperar do balan\u00e7o dos bancos\",\"datePublished\":\"2021-10-27T12:42:05+00:00\",\"mainEntityOfPage\":{\"@id\":\"https:\/\/www.suno.com.br\/noticias\/itau-itub4-banco-do-brasil-bbas3-balanco-dos-bancos\/\"},\"wordCount\":453,\"publisher\":{\"@id\":\"https:\/\/www.suno.com.br\/noticias\/#organization\"},\"image\":{\"@id\":\"https:\/\/www.suno.com.br\/noticias\/itau-itub4-banco-do-brasil-bbas3-balanco-dos-bancos\/#primaryimage\"},\"thumbnailUrl\":\"https:\/\/files.sunoresearch.com.br\/n\/uploads\/2021\/04\/1fe27850-materia_banco-laranja-648x300_easy-resize.com_-jpg.webp\",\"keywords\":[\"balan\u00e7os trimestrais\",\"Banco do Brasil (BBAS3)\",\"Especialistas\",\"Ita\u00fa Unibanco (ITUB3\/ITUB4)\",\"Resultado das empresas\",\"Santander (SANB11\/SANB3\/SANB4)\"],\"articleSection\":[\"Neg\u00f3cios\"],\"inLanguage\":\"pt-BR\"},{\"@type\":\"WebPage\",\"@id\":\"https:\/\/www.suno.com.br\/noticias\/itau-itub4-banco-do-brasil-bbas3-balanco-dos-bancos\/\",\"url\":\"https:\/\/www.suno.com.br\/noticias\/itau-itub4-banco-do-brasil-bbas3-balanco-dos-bancos\/\",\"name\":\"Ita\u00fa (ITUB4), Banco do Brasil (BBAS3): o que esperar do balan\u00e7o dos bancos\",\"isPartOf\":{\"@id\":\"https:\/\/www.suno.com.br\/noticias\/#website\"},\"primaryImageOfPage\":{\"@id\":\"https:\/\/www.suno.com.br\/noticias\/itau-itub4-banco-do-brasil-bbas3-balanco-dos-bancos\/#primaryimage\"},\"image\":{\"@id\":\"https:\/\/www.suno.com.br\/noticias\/itau-itub4-banco-do-brasil-bbas3-balanco-dos-bancos\/#primaryimage\"},\"thumbnailUrl\":\"https:\/\/files.sunoresearch.com.br\/n\/uploads\/2021\/04\/1fe27850-materia_banco-laranja-648x300_easy-resize.com_-jpg.webp\",\"datePublished\":\"2021-10-27T12:42:05+00:00\",\"description\":\"O Santander (SANB11) Brasil abriu a temporada de balan\u00e7os dos bancos. Veja o que os analistas esperam para os pr\u00f3ximos relat\u00f3rios. Leia aqui\",\"breadcrumb\":{\"@id\":\"https:\/\/www.suno.com.br\/noticias\/itau-itub4-banco-do-brasil-bbas3-balanco-dos-bancos\/#breadcrumb\"},\"inLanguage\":\"pt-BR\",\"potentialAction\":[{\"@type\":\"ReadAction\",\"target\":[\"https:\/\/www.suno.com.br\/noticias\/itau-itub4-banco-do-brasil-bbas3-balanco-dos-bancos\/\"]}]},{\"@type\":\"ImageObject\",\"inLanguage\":\"pt-BR\",\"@id\":\"https:\/\/www.suno.com.br\/noticias\/itau-itub4-banco-do-brasil-bbas3-balanco-dos-bancos\/#primaryimage\",\"url\":\"https:\/\/files.sunoresearch.com.br\/n\/uploads\/2021\/04\/1fe27850-materia_banco-laranja-648x300_easy-resize.com_-jpg.webp\",\"contentUrl\":\"https:\/\/files.sunoresearch.com.br\/n\/uploads\/2021\/04\/1fe27850-materia_banco-laranja-648x300_easy-resize.com_-jpg.webp\",\"width\":1280,\"height\":593,\"caption\":\"Ita\u00fa (ITUB4) teve crescimento simult\u00e2neo de despesas e da expans\u00e3o da carteira de cr\u00e9dito - Foto: Reprodu\u00e7\u00e3o Site Ita\u00fa\"},{\"@type\":\"BreadcrumbList\",\"@id\":\"https:\/\/www.suno.com.br\/noticias\/itau-itub4-banco-do-brasil-bbas3-balanco-dos-bancos\/#breadcrumb\",\"itemListElement\":[{\"@type\":\"ListItem\",\"position\":1,\"name\":\"Not\u00edcias\",\"item\":\"https:\/\/www.suno.com.br\/noticias\/\"},{\"@type\":\"ListItem\",\"position\":2,\"name\":\"Neg\u00f3cios\",\"item\":\"https:\/\/www.suno.com.br\/noticias\/negocios\/\"},{\"@type\":\"ListItem\",\"position\":3,\"name\":\"Ita\u00fa (ITUB4), Banco do Brasil (BBAS3): o que esperar do balan\u00e7o dos bancos\"}]},{\"@type\":\"WebSite\",\"@id\":\"https:\/\/www.suno.com.br\/noticias\/#website\",\"url\":\"https:\/\/www.suno.com.br\/noticias\/\",\"name\":\"Suno Not\u00edcias\",\"description\":\"Seu portal de informa\u00e7\u00e3o sobre o mundo dos investimentos\",\"publisher\":{\"@id\":\"https:\/\/www.suno.com.br\/noticias\/#organization\"},\"potentialAction\":[{\"@type\":\"SearchAction\",\"target\":{\"@type\":\"EntryPoint\",\"urlTemplate\":\"https:\/\/www.suno.com.br\/noticias\/?s={search_term_string}\"},\"query-input\":{\"@type\":\"PropertyValueSpecification\",\"valueRequired\":true,\"valueName\":\"search_term_string\"}}],\"inLanguage\":\"pt-BR\"},{\"@type\":\"Organization\",\"@id\":\"https:\/\/www.suno.com.br\/noticias\/#organization\",\"name\":\"Suno Not\u00edcias\",\"url\":\"https:\/\/www.suno.com.br\/noticias\/\",\"logo\":{\"@type\":\"ImageObject\",\"inLanguage\":\"pt-BR\",\"@id\":\"https:\/\/www.suno.com.br\/noticias\/#\/schema\/logo\/image\/\",\"url\":\"https:\/\/files.sunoresearch.com.br\/n\/uploads\/2021\/09\/suno-logo.png\",\"contentUrl\":\"https:\/\/files.sunoresearch.com.br\/n\/uploads\/2021\/09\/suno-logo.png\",\"width\":180,\"height\":180,\"caption\":\"Suno Not\u00edcias\"},\"image\":{\"@id\":\"https:\/\/www.suno.com.br\/noticias\/#\/schema\/logo\/image\/\"},\"sameAs\":[\"https:\/\/facebook.com\/sunoresearch\",\"https:\/\/x.com\/sunoresearch\",\"https:\/\/www.instagram.com\/suno\",\"https:\/\/www.linkedin.com\/company\/suno-research\/\",\"https:\/\/www.youtube.com\/c\/sunoresearch\"]},{\"@type\":\"Person\",\"@id\":\"https:\/\/www.suno.com.br\/noticias\/#\/schema\/person\/d712329319cc9b10f254d02d654cb36a\",\"name\":\"Monique Lima\",\"image\":{\"@type\":\"ImageObject\",\"inLanguage\":\"pt-BR\",\"@id\":\"https:\/\/www.suno.com.br\/noticias\/#\/schema\/person\/image\/\",\"url\":\"https:\/\/secure.gravatar.com\/avatar\/daee7f16d906c2e9ffed236206ca2c30?s=96&r=g\",\"contentUrl\":\"https:\/\/secure.gravatar.com\/avatar\/daee7f16d906c2e9ffed236206ca2c30?s=96&r=g\",\"caption\":\"Monique Lima\"},\"description\":\"Rep\u00f3rter de Mercado no Suno Not\u00edcias, \u00e9 jornalista com experi\u00eancia na cobertura de economia, empreendedorismo, finan\u00e7as pessoais, mercado financeiro, carreira e recursos humanos. Formada em Jornalismo pela Universidade Paulista, teve experi\u00eancias em ve\u00edculos de comunica\u00e7\u00e3o como a Ag\u00eancia TradeMap, Revista Voc\u00ea S\/A e Revista Voc\u00ea RH, as duas \u00faltimas publica\u00e7\u00f5es da Editora Abril. No Suno Not\u00edcias, fala sobre as principais not\u00edcias de Fundos Imobili\u00e1rios, Fiagro, Startups e empresas listadas na Bolsa.\",\"url\":\"https:\/\/www.suno.com.br\/noticias\/author\/monique-lima\/\"}]}<\/script>\n<!-- \/ Yoast SEO plugin. -->","yoast_head_json":{"title":"Ita\u00fa (ITUB4), Banco do Brasil (BBAS3): o que esperar do balan\u00e7o dos bancos","description":"O Santander (SANB11) Brasil abriu a temporada de balan\u00e7os dos bancos. Veja o que os analistas esperam para os pr\u00f3ximos relat\u00f3rios. Leia aqui","robots":{"index":"index","follow":"follow","max-snippet":"max-snippet:-1","max-image-preview":"max-image-preview:large","max-video-preview":"max-video-preview:-1"},"canonical":"https:\/\/www.suno.com.br\/noticias\/itau-itub4-banco-do-brasil-bbas3-balanco-dos-bancos\/","og_locale":"pt_BR","og_type":"article","og_title":"Ita\u00fa (ITUB4), Banco do Brasil (BBAS3): o que esperar do balan\u00e7o dos bancos","og_description":"O Santander (SANB11) Brasil abriu a temporada de balan\u00e7os dos bancos. Veja o que os analistas esperam para os pr\u00f3ximos relat\u00f3rios. Leia aqui","og_url":"https:\/\/www.suno.com.br\/noticias\/itau-itub4-banco-do-brasil-bbas3-balanco-dos-bancos\/","og_site_name":"Suno Not\u00edcias","article_publisher":"https:\/\/facebook.com\/sunoresearch","og_image":[{"width":1280,"height":593,"url":"https:\/\/files.sunoresearch.com.br\/n\/uploads\/2021\/04\/1fe27850-materia_banco-laranja-648x300_easy-resize.com_.jpg","type":"image\/jpeg"}],"author":"Monique Lima","twitter_card":"summary_large_image","twitter_creator":"@sunoresearch","twitter_site":"@sunoresearch","twitter_misc":{"Escrito por":"Monique Lima","Est. tempo de leitura":"2 minutos"},"schema":{"@context":"https:\/\/schema.org","@graph":[{"@type":"NewsArticle","@id":"https:\/\/www.suno.com.br\/noticias\/itau-itub4-banco-do-brasil-bbas3-balanco-dos-bancos\/#article","isPartOf":{"@id":"https:\/\/www.suno.com.br\/noticias\/itau-itub4-banco-do-brasil-bbas3-balanco-dos-bancos\/"},"author":{"name":"Monique Lima","@id":"https:\/\/www.suno.com.br\/noticias\/#\/schema\/person\/d712329319cc9b10f254d02d654cb36a"},"headline":"Ita\u00fa (ITUB4), Banco do Brasil (BBAS3): o que esperar do balan\u00e7o dos bancos","datePublished":"2021-10-27T12:42:05+00:00","mainEntityOfPage":{"@id":"https:\/\/www.suno.com.br\/noticias\/itau-itub4-banco-do-brasil-bbas3-balanco-dos-bancos\/"},"wordCount":453,"publisher":{"@id":"https:\/\/www.suno.com.br\/noticias\/#organization"},"image":{"@id":"https:\/\/www.suno.com.br\/noticias\/itau-itub4-banco-do-brasil-bbas3-balanco-dos-bancos\/#primaryimage"},"thumbnailUrl":"https:\/\/files.sunoresearch.com.br\/n\/uploads\/2021\/04\/1fe27850-materia_banco-laranja-648x300_easy-resize.com_-jpg.webp","keywords":["balan\u00e7os trimestrais","Banco do Brasil (BBAS3)","Especialistas","Ita\u00fa Unibanco (ITUB3\/ITUB4)","Resultado das empresas","Santander (SANB11\/SANB3\/SANB4)"],"articleSection":["Neg\u00f3cios"],"inLanguage":"pt-BR"},{"@type":"WebPage","@id":"https:\/\/www.suno.com.br\/noticias\/itau-itub4-banco-do-brasil-bbas3-balanco-dos-bancos\/","url":"https:\/\/www.suno.com.br\/noticias\/itau-itub4-banco-do-brasil-bbas3-balanco-dos-bancos\/","name":"Ita\u00fa (ITUB4), Banco do Brasil (BBAS3): o que esperar do balan\u00e7o dos bancos","isPartOf":{"@id":"https:\/\/www.suno.com.br\/noticias\/#website"},"primaryImageOfPage":{"@id":"https:\/\/www.suno.com.br\/noticias\/itau-itub4-banco-do-brasil-bbas3-balanco-dos-bancos\/#primaryimage"},"image":{"@id":"https:\/\/www.suno.com.br\/noticias\/itau-itub4-banco-do-brasil-bbas3-balanco-dos-bancos\/#primaryimage"},"thumbnailUrl":"https:\/\/files.sunoresearch.com.br\/n\/uploads\/2021\/04\/1fe27850-materia_banco-laranja-648x300_easy-resize.com_-jpg.webp","datePublished":"2021-10-27T12:42:05+00:00","description":"O Santander (SANB11) Brasil abriu a temporada de balan\u00e7os dos bancos. Veja o que os analistas esperam para os pr\u00f3ximos relat\u00f3rios. Leia aqui","breadcrumb":{"@id":"https:\/\/www.suno.com.br\/noticias\/itau-itub4-banco-do-brasil-bbas3-balanco-dos-bancos\/#breadcrumb"},"inLanguage":"pt-BR","potentialAction":[{"@type":"ReadAction","target":["https:\/\/www.suno.com.br\/noticias\/itau-itub4-banco-do-brasil-bbas3-balanco-dos-bancos\/"]}]},{"@type":"ImageObject","inLanguage":"pt-BR","@id":"https:\/\/www.suno.com.br\/noticias\/itau-itub4-banco-do-brasil-bbas3-balanco-dos-bancos\/#primaryimage","url":"https:\/\/files.sunoresearch.com.br\/n\/uploads\/2021\/04\/1fe27850-materia_banco-laranja-648x300_easy-resize.com_-jpg.webp","contentUrl":"https:\/\/files.sunoresearch.com.br\/n\/uploads\/2021\/04\/1fe27850-materia_banco-laranja-648x300_easy-resize.com_-jpg.webp","width":1280,"height":593,"caption":"Ita\u00fa (ITUB4) teve crescimento simult\u00e2neo de despesas e da expans\u00e3o da carteira de cr\u00e9dito - Foto: Reprodu\u00e7\u00e3o Site Ita\u00fa"},{"@type":"BreadcrumbList","@id":"https:\/\/www.suno.com.br\/noticias\/itau-itub4-banco-do-brasil-bbas3-balanco-dos-bancos\/#breadcrumb","itemListElement":[{"@type":"ListItem","position":1,"name":"Not\u00edcias","item":"https:\/\/www.suno.com.br\/noticias\/"},{"@type":"ListItem","position":2,"name":"Neg\u00f3cios","item":"https:\/\/www.suno.com.br\/noticias\/negocios\/"},{"@type":"ListItem","position":3,"name":"Ita\u00fa (ITUB4), Banco do Brasil (BBAS3): o que esperar do balan\u00e7o dos bancos"}]},{"@type":"WebSite","@id":"https:\/\/www.suno.com.br\/noticias\/#website","url":"https:\/\/www.suno.com.br\/noticias\/","name":"Suno Not\u00edcias","description":"Seu portal de informa\u00e7\u00e3o sobre o mundo dos investimentos","publisher":{"@id":"https:\/\/www.suno.com.br\/noticias\/#organization"},"potentialAction":[{"@type":"SearchAction","target":{"@type":"EntryPoint","urlTemplate":"https:\/\/www.suno.com.br\/noticias\/?s={search_term_string}"},"query-input":{"@type":"PropertyValueSpecification","valueRequired":true,"valueName":"search_term_string"}}],"inLanguage":"pt-BR"},{"@type":"Organization","@id":"https:\/\/www.suno.com.br\/noticias\/#organization","name":"Suno Not\u00edcias","url":"https:\/\/www.suno.com.br\/noticias\/","logo":{"@type":"ImageObject","inLanguage":"pt-BR","@id":"https:\/\/www.suno.com.br\/noticias\/#\/schema\/logo\/image\/","url":"https:\/\/files.sunoresearch.com.br\/n\/uploads\/2021\/09\/suno-logo.png","contentUrl":"https:\/\/files.sunoresearch.com.br\/n\/uploads\/2021\/09\/suno-logo.png","width":180,"height":180,"caption":"Suno Not\u00edcias"},"image":{"@id":"https:\/\/www.suno.com.br\/noticias\/#\/schema\/logo\/image\/"},"sameAs":["https:\/\/facebook.com\/sunoresearch","https:\/\/x.com\/sunoresearch","https:\/\/www.instagram.com\/suno","https:\/\/www.linkedin.com\/company\/suno-research\/","https:\/\/www.youtube.com\/c\/sunoresearch"]},{"@type":"Person","@id":"https:\/\/www.suno.com.br\/noticias\/#\/schema\/person\/d712329319cc9b10f254d02d654cb36a","name":"Monique Lima","image":{"@type":"ImageObject","inLanguage":"pt-BR","@id":"https:\/\/www.suno.com.br\/noticias\/#\/schema\/person\/image\/","url":"https:\/\/secure.gravatar.com\/avatar\/daee7f16d906c2e9ffed236206ca2c30?s=96&r=g","contentUrl":"https:\/\/secure.gravatar.com\/avatar\/daee7f16d906c2e9ffed236206ca2c30?s=96&r=g","caption":"Monique Lima"},"description":"Rep\u00f3rter de Mercado no Suno Not\u00edcias, \u00e9 jornalista com experi\u00eancia na cobertura de economia, empreendedorismo, finan\u00e7as pessoais, mercado financeiro, carreira e recursos humanos. Formada em Jornalismo pela Universidade Paulista, teve experi\u00eancias em ve\u00edculos de comunica\u00e7\u00e3o como a Ag\u00eancia TradeMap, Revista Voc\u00ea S\/A e Revista Voc\u00ea RH, as duas \u00faltimas publica\u00e7\u00f5es da Editora Abril. No Suno Not\u00edcias, fala sobre as principais not\u00edcias de Fundos Imobili\u00e1rios, Fiagro, Startups e empresas listadas na Bolsa.","url":"https:\/\/www.suno.com.br\/noticias\/author\/monique-lima\/"}]}},"default_loop_html":"<div class=\"cardsPage__listCard__boxs\"><div class=\"cardsPage__listCard__boxs__img\"><a href=\"https:\/\/www.suno.com.br\/noticias\/itau-itub4-banco-do-brasil-bbas3-balanco-dos-bancos\/\"><img class=\"mask\" src=\"https:\/\/www.suno.com.br\/noticias\/wp-content\/themes\/suno\/resources\/images\/spotlight\/spotlight1img\/bg-mask.png\" alt=\"Image Mask\"\/><img src=\"https:\/\/files.sunoresearch.com.br\/n\/uploads\/2021\/04\/1fe27850-materia_banco-laranja-648x300_easy-resize.com_-400x200.webp\" alt=\"Ita\u00fa (ITUB4), Banco do Brasil (BBAS3): o que esperar do balan\u00e7o dos bancos\"\/><\/a><span class=\"spotlightCategory\"><a href=\"https:\/\/www.suno.com.br\/noticias\/negocios\/\">Neg\u00f3cios<\/a><\/span><\/div><div class=\"cardsPage__listCard__boxs__content\"><a href=\"https:\/\/www.suno.com.br\/noticias\/itau-itub4-banco-do-brasil-bbas3-balanco-dos-bancos\/\"><h2 class=\"content__title\">Ita\u00fa (ITUB4), Banco do Brasil (BBAS3): o que esperar do balan\u00e7o dos bancos<\/h2><\/a><div class=\"newsContent__article__meta\"><div class=\"newsContent__article__meta__authorBox\"><a href=\"https:\/\/www.suno.com.br\/noticias\/author\/monique-lima\/\" class=\"authorBox__avatar noMobi\"><img src=\"https:\/\/secure.gravatar.com\/avatar\/daee7f16d906c2e9ffed236206ca2c30?s=96&#038;r=g\" alt=\"Monique Lima\"><\/a><div class=\"authorBox__name\"><span>por\n\t\t\t<a href=\"https:\/\/www.suno.com.br\/noticias\/author\/monique-lima\/\"><span itemprop=\"author\">Monique Lima<\/span><\/a><\/span><time datetime=\"2021-10-27T09:42:05-03:00\" itemprop=\"datePublished\">27\/10\/2021 09:42<\/time><\/div><\/div><\/div><\/div><\/div>","single_layout":"posts","amp_enabled":true,"_links":{"self":[{"href":"https:\/\/www.suno.com.br\/noticias\/wp-json\/wp\/v2\/posts\/197821"}],"collection":[{"href":"https:\/\/www.suno.com.br\/noticias\/wp-json\/wp\/v2\/posts"}],"about":[{"href":"https:\/\/www.suno.com.br\/noticias\/wp-json\/wp\/v2\/types\/post"}],"author":[{"embeddable":true,"href":"https:\/\/www.suno.com.br\/noticias\/wp-json\/wp\/v2\/users\/102"}],"replies":[{"embeddable":true,"href":"https:\/\/www.suno.com.br\/noticias\/wp-json\/wp\/v2\/comments?post=197821"}],"version-history":[{"count":3,"href":"https:\/\/www.suno.com.br\/noticias\/wp-json\/wp\/v2\/posts\/197821\/revisions"}],"predecessor-version":[{"id":197851,"href":"https:\/\/www.suno.com.br\/noticias\/wp-json\/wp\/v2\/posts\/197821\/revisions\/197851"}],"wp:featuredmedia":[{"embeddable":true,"href":"https:\/\/www.suno.com.br\/noticias\/wp-json\/wp\/v2\/media\/141539"}],"wp:attachment":[{"href":"https:\/\/www.suno.com.br\/noticias\/wp-json\/wp\/v2\/media?parent=197821"}],"wp:term":[{"taxonomy":"category","embeddable":true,"href":"https:\/\/www.suno.com.br\/noticias\/wp-json\/wp\/v2\/categories?post=197821"},{"taxonomy":"post_tag","embeddable":true,"href":"https:\/\/www.suno.com.br\/noticias\/wp-json\/wp\/v2\/tags?post=197821"},{"taxonomy":"suno_strategy","embeddable":true,"href":"https:\/\/www.suno.com.br\/noticias\/wp-json\/wp\/v2\/suno_strategy?post=197821"}],"curies":[{"name":"wp","href":"https:\/\/api.w.org\/{rel}","templated":true}]}}