{"id":197681,"date":"2021-10-26T20:07:29","date_gmt":"2021-10-26T23:07:29","guid":{"rendered":"https:\/\/www.suno.com.br\/noticias\/?p=197681"},"modified":"2021-10-26T20:07:29","modified_gmt":"2021-10-26T23:07:29","slug":"marfrig-mrfg3-tucro-liquido-3t21","status":"publish","type":"post","link":"https:\/\/www.suno.com.br\/noticias\/marfrig-mrfg3-tucro-liquido-3t21\/","title":{"rendered":"Marfrig (MRFG3) tem alta de 148,7% no lucro do 3T21 com impulso das opera\u00e7\u00f5es na Am\u00e9rica do Norte"},"content":{"rendered":"<p>A <a href=\"https:\/\/www.suno.com.br\/acoes\/mrfg3\/\"><strong>Marfrig <\/strong><strong>Global Foods <\/strong>(MRFG3)<\/a> divulgou nesta ter\u00e7a-feira (26) seus resultados do terceiro trimestre deste ano. A gigante das carnes anotou um <a href=\"https:\/\/www.suno.com.br\/artigos\/lucro-liquido\/\">lucro l\u00edquido<\/a> de R$ 1,7 bilh\u00e3o, um incremento de 148,7% em compara\u00e7\u00e3o com o ganho apurado no mesmo per\u00edodo de 2020.<\/p>\t<div class=\"wrapper-featured-image\">\n\t\t<figure class=\"spotlightImg\">\n\n\t\t\t<picture>\n\t\t\t\t<source media=\"(max-width: 768px)\" srcset=\"https:\/\/files.sunoresearch.com.br\/n\/uploads\/2021\/04\/d0bdb68a-marfrig1-400x200.webp\">\n\t\t\t\t<img loading=\"lazy\" decoding=\"async\" class=\"newsContent__article__imgCapa lazyloadDisabled \" src=\"https:\/\/files.sunoresearch.com.br\/n\/uploads\/2021\/04\/d0bdb68a-marfrig1-800x450.webp\" width=\"800\" height=\"450\" alt=\"Marfrig (MRFG3) tem alta de 148,7% no lucro do 3T21 com impulso das opera\u00e7\u00f5es na Am\u00e9rica do Norte\" fetchpriority=high \/>\n\t\t\t<\/picture>\n\n\t\t\t<figcaption class=\"wp-caption-text wp-caption-text--show\">Marfrig. Foto: Divulga\u00e7\u00e3o<\/figcaption>\n\t\t<\/figure>\n\t<\/div>\n\n\n\t<p>\n\t\t<a href=\"https:\/\/lp.suno.com.br\/planilha-controle-gastos\/\" target=\"_blank\" data-element=\"shortcode-suno-banner\" title=\"Banner SUNO, clique e saiba mais\">\n\t\t\t<picture>\n\t\t\t\t<source media=\"(max-width: 500px)\" srcset=\"https:\/\/files.sunoresearch.com.br\/n\/uploads\/2023\/03\/400x300-Planilha-controle-de-gastos.png\">\n\t\t\t\t<img class=\"newsContent__article__imgCapa newsContent__article__imgCapa--banner\"\n\t\t\t\t\tsrc=\"https:\/\/files.sunoresearch.com.br\/n\/uploads\/2023\/03\/1420x240-Planilha-controle-de-gastos.png\"\n\t\t\t\t\tdata-promo-id=\"101751\"\t\t\t\t\t\t\t\t\t\twidth='1420' height='240'\t\t\t\t\talt=\"https:\/\/files.sunoresearch.com.br\/n\/uploads\/2023\/03\/1420x240-Planilha-controle-de-gastos.png\"\n\t\t\t\t>\n\t\t\t<\/picture>\n\t\t<\/a>\n\t<\/p>\n\n\n<p>A<strong> diversifica\u00e7\u00e3o geogr\u00e1fica da Marfrig<\/strong>, com sua forte presen\u00e7a na Am\u00e9rica do Norte, e com opera\u00e7\u00e3o na Am\u00e9rica do Sul, fez com que a companhia alcan\u00e7asse um resultado com recordes na <a class=\"suno-keyword\" href=\"https:\/\/www.suno.com.br\/artigos\/o-que-receita-liquida\/\" target=\"_blank\" rel=\"noopener\" data-force=\"no\" data-priority=\"1\">receita l\u00edquida<\/a>, que atingiu 23,6 bilh\u00f5es ao final de setembro, alta de 40,4% na compara\u00e7\u00e3o anualizada.\u00a0 Pelo mesmo motivo, o <a href=\"https:\/\/www.suno.com.br\/artigos\/ebitda\/\"> Ebitda (lucro antes de juros, impostos, deprecia\u00e7\u00e3o e amortiza\u00e7\u00e3o)<\/a> ajustado tamb\u00e9m foi recorde e somou R$ 4,7 bilh\u00f5es, alta de 115,6%, na base anual.<\/p>\n<p>A <a class=\"suno-keyword\" href=\"https:\/\/www.suno.com.br\/artigos\/margem-ebitda\/\" target=\"_blank\" rel=\"noopener\" data-force=\"no\" data-priority=\"1\">margem Ebitda<\/a>, por sua vez, alcan\u00e7ou 20%, ap\u00f3s avan\u00e7ar 700 pontos base em rela\u00e7\u00e3o ao terceiro trimestre do ano passado.<\/p>\n\t<p>\n\t\t<a href=\"https:\/\/lp.suno.com.br\/planilha-da-vida-financeira\/\" target=\"_blank\" data-element=\"shortcode-suno-banner\" title=\"Banner SUNO, clique e saiba mais\">\n\t\t\t<picture>\n\t\t\t\t<source media=\"(max-width: 500px)\" srcset=\"https:\/\/files.sunoresearch.com.br\/n\/uploads\/2023\/04\/400x300-Planilha-vida-financeira-true.png\">\n\t\t\t\t<img class=\"newsContent__article__imgCapa newsContent__article__imgCapa--banner\"\n\t\t\t\t\tsrc=\"https:\/\/files.sunoresearch.com.br\/n\/uploads\/2023\/04\/1420x240-Planilha-vida-financeira-true.png\"\n\t\t\t\t\tdata-promo-id=\"106682\"\t\t\t\t\t\t\t\t\t\twidth='1420' height='240'\t\t\t\t\talt=\"https:\/\/files.sunoresearch.com.br\/n\/uploads\/2023\/04\/1420x240-Planilha-vida-financeira-true.png\"\n\t\t\t\t>\n\t\t\t<\/picture>\n\t\t<\/a>\n\t<\/p>\n\n\n<p>No balan\u00e7o, <strong>Marcos<\/strong> <strong>Molina<\/strong>, presidente do <a class=\"suno-keyword\" href=\"https:\/\/www.suno.com.br\/artigos\/conselho-administracao\/\" target=\"_blank\" rel=\"noopener\" data-force=\"no\" data-priority=\"1\">conselho de administra\u00e7\u00e3o<\/a> da companhia, destaca o compromisso &#8220;inegoci\u00e1vel com a solidez financeira da Marfrig&#8221;. Diz ele: &#8220;Terminamos o trimestre com o menor \u00edndice de alavancagem (rela\u00e7\u00e3o <a class=\"suno-keyword\" href=\"https:\/\/www.suno.com.br\/artigos\/divida-liquida\/\" target=\"_blank\" rel=\"noopener\" data-force=\"no\" data-priority=\"1\">d\u00edvida l\u00edquida<\/a> \/ EBITDAaj UDM) da hist\u00f3ria da Marfrig \u2013 1,10x em reais e 1,07x quando mensurado em d\u00f3lares.&#8221;<\/p>\n<p>A <strong>d\u00edvida l\u00edquida da Marfrig<\/strong> encerrou o trimestre em US$ 2,525 bilh\u00f5es, uma redu\u00e7\u00e3o de 12,2% em compara\u00e7\u00e3o com a d\u00edvida apurada ao final de junho. A companhia atribui a redu\u00e7\u00e3o \u00e0 forte <a class=\"suno-keyword\" href=\"https:\/\/www.suno.com.br\/artigos\/geracao-de-caixa\/\" target=\"_blank\" rel=\"noopener\" data-force=\"no\" data-priority=\"1\">gera\u00e7\u00e3o de caixa<\/a> no per\u00edodo.<\/p>\n<h2>Opera\u00e7\u00f5es na Am\u00e9rica do Norte<\/h2>\n<p>Molina aponta que durante o terceiro trimestre a empresa apresentou &#8220;um s\u00f3lido conjunto de resultados, com recorde de performance de nossa opera\u00e7\u00e3o na Am\u00e9rica no Norte, evidenciando a ampla disponibilidade de animais e forte demanda por carne bovina nos Estados Unidos.&#8221;<\/p>\n<p>O documento destaca que o crescimento da demanda na Am\u00e9rica do Norte \u00e9 justificado pela reabertura da economia americana, frente ao avan\u00e7o da vacina\u00e7\u00e3o contra o coronav\u00edrus; \u00e0 recomprosi\u00e7\u00e3o dos estoques da cadeia de food-service; ao cen\u00e1rio econ\u00f4mico ainda impulsionado pelos est\u00edmulos financeiros do governo federal e pela sazonalidade do per\u00edodo.<\/p>\n\t<p>\n\t\t<a href=\"https:\/\/lp.suno.com.br\/ebook-como-analisar-uma-acao\/\" target=\"_blank\" data-element=\"shortcode-suno-banner\" title=\"Banner SUNO, clique e saiba mais\">\n\t\t\t<picture>\n\t\t\t\t<source media=\"(max-width: 500px)\" srcset=\"https:\/\/files.sunoresearch.com.br\/n\/uploads\/2023\/03\/Ebook-Acoes-Mobile-1.jpg\">\n\t\t\t\t<img class=\"newsContent__article__imgCapa newsContent__article__imgCapa--banner\"\n\t\t\t\t\tsrc=\"https:\/\/files.sunoresearch.com.br\/n\/uploads\/2023\/03\/Ebook-Acoes-Desktop-1.jpg\"\n\t\t\t\t\tdata-promo-id=\"171998\"\t\t\t\t\t\t\t\t\t\twidth='1420' height='286'\t\t\t\t\talt=\"https:\/\/files.sunoresearch.com.br\/n\/uploads\/2023\/03\/Ebook-Acoes-Desktop-1.jpg\"\n\t\t\t\t>\n\t\t\t<\/picture>\n\t\t<\/a>\n\t<\/p>\n\n\n<p>O<strong> pre\u00e7o de venda de carnes<\/strong> foi 43% superior ao mesmo per\u00edodo de 2020 e somou US$ 298,7 no terceiro trimestre deste ano. O documento aponta que &#8220;somado ao maior volume de vendas, compensaram o incremento de quase 21% no custo do gado (na refer\u00eancia USDA KS Steer $\/cwt), e levaram a opera\u00e7\u00e3o ao seu melhor resultado hist\u00f3rico.&#8221;<\/p>\n<p>O volume total de vendas no trimestre da opera\u00e7\u00e3o da Am\u00e9rica do Norte foi de 516 mil toneladas, alta de 0,6% na base anual. Desse total, 441 mil toneladas foram direcionadas para o mercado interno.<\/p>\n<p>J\u00e1 a receita l\u00edquida da opera\u00e7\u00e3o Am\u00e9rica do Norte bateu um recorde, mais uma vez, e somou R$ 3,202 bilh\u00f5es (cerca de R$ 16,729 bilh\u00f5es), um salto de 43,2% em rela\u00e7\u00e3o ao terceiro trimestre de 2020.<\/p>\n<p>&#8220;A forte performance \u00e9 explicada, principalmente, pelo maior <a class=\"suno-keyword\" href=\"https:\/\/www.suno.com.br\/artigos\/preco-medio\/\" target=\"_blank\" rel=\"noopener\" data-force=\"no\" data-priority=\"1\">pre\u00e7o m\u00e9dio<\/a> de vendas em todos os mercados de atua\u00e7\u00e3o, combinado ao incremento no volume de vendas&#8221;, explica o documento arquivado na Comiss\u00e3o de Valores Mobili\u00e1rios (CVM).<\/p>\n<p>Entre julho e setembro desse ano, o <a class=\"suno-keyword\" href=\"https:\/\/www.suno.com.br\/artigos\/custo-de-produtos-vendidos\/\" target=\"_blank\" rel=\"noopener\" data-force=\"no\" data-priority=\"1\">custo de produtos vendidos<\/a> foi de US$ 2,275 bilh\u00f5es, um salto de 22,3% em rela\u00e7\u00e3o aos mesmos meses em 2020. O avan\u00e7o foi atribu\u00eddo ao aumento no pre\u00e7o m\u00e9dio de compra de gado.<\/p>\n<p>Por sua vez, o Ebitda do trimestre cresceu 166,7% na base anual e somou US$ 857 milh\u00f5es (cerca de R$ 4,479 milh\u00f5es), maior resultado trimestral e recorde hist\u00f3rico da opera\u00e7\u00e3o.<\/p>\n<h2>Opera\u00e7\u00f5es na Am\u00e9rica do Sul<\/h2>\n<p>J\u00e1 na Am\u00e9rica do Sul, a Marfrig apontou que o volume de vendas da opera\u00e7\u00e3o foi de 390 toneladas, alta de 5,4% em rela\u00e7\u00e3o ao terceiro trimestre de 2020. O desempenho foi atribu\u00eddo ao incremento de 8,3% no volume de exporta\u00e7\u00f5es.<\/p>\n<p>A receita l\u00edquida da opera\u00e7\u00e3o da Marfrig na Am\u00e9rica do Sul somou R$ 6,609 bilh\u00f5es, alta de 44,1%, na mesma base comparativa. &#8220;A performance \u00e9 recorde para a Opera\u00e7\u00e3o e \u00e9 explicada pelo aumento de 36,8% no pre\u00e7o m\u00e9dio total de vendas. O Destaque foi o pre\u00e7o m\u00e9dio de exporta\u00e7\u00f5es, quando mensurado em d\u00f3lar, que foi 38,7% superior ao 3T20 \u2013 US$ 5.530\/t no 3T21 vs US$ 3.978\/t no 3T20&#8221;, diz o balan\u00e7o.<\/p>\n\t<p>\n\t\t<a href=\"https:\/\/lp.suno.com.br\/planilha-de-controle-de-investimentos\/\" target=\"_blank\" data-element=\"shortcode-suno-banner\" title=\"Banner SUNO, clique e saiba mais\">\n\t\t\t<picture>\n\t\t\t\t<source media=\"(max-width: 500px)\" srcset=\"https:\/\/files.sunoresearch.com.br\/n\/uploads\/2023\/03\/400x300-Controle-de-Investimentos.png\">\n\t\t\t\t<img class=\"newsContent__article__imgCapa newsContent__article__imgCapa--banner\"\n\t\t\t\t\tsrc=\"https:\/\/files.sunoresearch.com.br\/n\/uploads\/2023\/03\/1420x240-Controle-de-Investimentos.png\"\n\t\t\t\t\tdata-promo-id=\"75934\"\t\t\t\t\t\t\t\t\t\twidth='1420' height='240'\t\t\t\t\talt=\"https:\/\/files.sunoresearch.com.br\/n\/uploads\/2023\/03\/1420x240-Controle-de-Investimentos.png\"\n\t\t\t\t>\n\t\t\t<\/picture>\n\t\t<\/a>\n\t<\/p>\n\n\n<p>&#8220;Na Am\u00e9rica do Sul, nossa gest\u00e3o eficiente e excel\u00eancia operacional foram fundamentais para enfrentarmos as adversidades em um cen\u00e1rio de pre\u00e7os altos de gado e medidas restritivas nas exporta\u00e7\u00f5es. Obtivemos recorde de receita l\u00edquida, mesmo em um cen\u00e1rio mais desafiador, apresentando um crescimento de mais de 5% no volume de vendas quando comparado ao mesmo per\u00edodo de 2020&#8221;, salienta o documento.<\/p>\n<p>Al\u00e9m disso, o custo de produtos vendidos foi de R$ 6,337 milh\u00f5es, salto de 55,9% em compara\u00e7\u00e3o com o mesmo trimestre de 2020. Esse avan\u00e7o foi explicado pelo custo de mat\u00e9ria prima que representou 86,8% da composi\u00e7\u00e3o total do CPV.<\/p>\n<p>J\u00e1 o Ebitda da opera\u00e7\u00e3o Am\u00e9rica do Sul caiu 40,5% na base anual, para R$ 301 milh\u00f5es.<\/p>\n<p>O documento destaca ainda que &#8220;no Brasil, de acordo com dados pr\u00e9vios do Minist\u00e9rio da Agricultura, o volume de abate no 3T21 foi de 5,2 milh\u00f5es de cabe\u00e7as, 11% menor que o mesmo per\u00edodo do ano anterior, explicado pelo cen\u00e1rio de escassez de mat\u00e9ria prima e pela auto suspens\u00e3o tempor\u00e1ria das exporta\u00e7\u00f5es brasileiras para China, ocorridas no in\u00edcio de setembro, devido aos casos at\u00edpicos de EEB (Encefalopatia Espongiforme Bovina). J\u00e1 a demanda dom\u00e9stica por prote\u00edna bovina, de acordo com o IBGE (Instituto Brasileiro de Geografia e Estat\u00edstica), foi a menor em quase 30 anos, e as exporta\u00e7\u00f5es continuam sendo a principal fonte de rentabilidade das empresas do setor.&#8221;<\/p>\n<p>Por outro lado, no Uruguai, &#8220;houve um aumento de 50% no total de abate na compara\u00e7\u00e3o com o mesmo per\u00edodo do ano anterior (691 mil cabe\u00e7as no 3T21 vs 459 mil no 3T20), sinalizando o momento positivo de disponibilidade de animais. Outro fator de destaque foi o aumento de 67% nas exporta\u00e7\u00f5es do Pa\u00eds, que se aproveita do momento de indefini\u00e7\u00f5es na pol\u00edtica de exporta\u00e7\u00f5es da Argentina e pela restri\u00e7\u00e3o das exporta\u00e7\u00f5es brasileiras \u00e0 China.&#8221;<\/p>\n<h2>Cota\u00e7\u00e3o da Marfrig<\/h2>\n<p>A <strong>a\u00e7\u00e3o da <a class=\"suno-keyword\" href=\"https:\/\/www.suno.com.br\/acoes\/MRFG3\/\" target=\"_blank\" rel=\"noopener\" data-force=\"yes\" data-priority=\"2\">Marfrig (MRFG3)<\/a><\/strong> encerrou o preg\u00e3o de hoje em queda de 0,85%, valendo R$ 24,61, antes da divulga\u00e7\u00e3o dos resultados.<\/p>\n<p>No ano, o papel da <strong>Marfrig<\/strong> acumula uma alta de 69,61%, frente ao fechamento a R$ 14,51%.<\/p>\n\t<p>\n\t\t<a href=\"\" target=\"_blank\" data-element=\"shortcode-suno-banner\" title=\"Banner SUNO, clique e saiba mais\">\n\t\t\t<picture>\n\t\t\t\t<source media=\"(max-width: 500px)\" srcset=\"\">\n\t\t\t\t<img class=\"newsContent__article__imgCapa newsContent__article__imgCapa--banner\"\n\t\t\t\t\tsrc=\"\"\n\t\t\t\t\tdata-promo-id=\"184190\"\t\t\t\t\t\t\t\t\t\t\t\t\t\t\talt=\"\"\n\t\t\t\t>\n\t\t\t<\/picture>\n\t\t<\/a>\n\t<\/p>\n\n\n","protected":false},"excerpt":{"rendered":"<p>A Marfrig Global Foods (MRFG3) divulgou nesta ter\u00e7a-feira (26) seus resultados do terceiro trimestre deste ano. A gigante das carnes anotou um lucro l\u00edquido de R$ 1,7 bilh\u00e3o, um incremento de 148,7% em compara\u00e7\u00e3o com o ganho apurado no mesmo per\u00edodo de 2020. Marfrig. Foto: Divulga\u00e7\u00e3o A diversifica\u00e7\u00e3o geogr\u00e1fica da Marfrig, com sua forte presen\u00e7a [&hellip;]<\/p>\n","protected":false},"author":39,"featured_media":138077,"comment_status":"closed","ping_status":"closed","sticky":false,"template":"","format":"standard","meta":[],"categories":[64],"tags":[1029,552],"suno_strategy":[],"class_list":["post-197681","post","type-post","status-publish","format-standard","has-post-thumbnail","hentry","category-negocios","tag-balancos-trimestrais","tag-marfrig-mrfg3"],"yoast_head":"<!-- This site is optimized with the Yoast SEO plugin v24.4 - https:\/\/yoast.com\/wordpress\/plugins\/seo\/ -->\n<title>Marfrig (MRFG3) tem alta de 148,7% no lucro do 3T21<\/title>\n<meta name=\"description\" content=\"A Marfrig Global Foods (MRFG3) anotou um lucro l\u00edquido de R$ 1,7 bilh\u00e3o terceiro trimestre desse ano, um incremento de 148,7%. Saiba mais\" \/>\n<meta name=\"robots\" content=\"index, follow, max-snippet:-1, max-image-preview:large, max-video-preview:-1\" \/>\n<link rel=\"canonical\" href=\"https:\/\/www.suno.com.br\/noticias\/marfrig-mrfg3-tucro-liquido-3t21\/\" \/>\n<meta property=\"og:locale\" content=\"pt_BR\" \/>\n<meta property=\"og:type\" content=\"article\" \/>\n<meta property=\"og:title\" content=\"Marfrig (MRFG3) tem alta de 148,7% no lucro do 3T21\" \/>\n<meta property=\"og:description\" content=\"A Marfrig Global Foods (MRFG3) anotou um lucro l\u00edquido de R$ 1,7 bilh\u00e3o terceiro trimestre desse ano, um incremento de 148,7%. Saiba mais\" \/>\n<meta property=\"og:url\" content=\"https:\/\/www.suno.com.br\/noticias\/marfrig-mrfg3-tucro-liquido-3t21\/\" \/>\n<meta property=\"og:site_name\" content=\"Suno Not\u00edcias\" \/>\n<meta property=\"article:publisher\" content=\"https:\/\/facebook.com\/sunoresearch\" \/>\n<meta property=\"og:image\" content=\"https:\/\/files.sunoresearch.com.br\/n\/uploads\/2021\/04\/d0bdb68a-marfrig1.jpg\" \/>\n\t<meta property=\"og:image:width\" content=\"1200\" \/>\n\t<meta property=\"og:image:height\" content=\"842\" \/>\n\t<meta property=\"og:image:type\" content=\"image\/jpeg\" \/>\n<meta name=\"author\" content=\"Laura Moutinho\" \/>\n<meta name=\"twitter:card\" content=\"summary_large_image\" \/>\n<meta name=\"twitter:creator\" content=\"@sunoresearch\" \/>\n<meta name=\"twitter:site\" content=\"@sunoresearch\" \/>\n<meta name=\"twitter:label1\" content=\"Escrito por\" \/>\n\t<meta name=\"twitter:data1\" content=\"Laura Moutinho\" \/>\n\t<meta name=\"twitter:label2\" content=\"Est. tempo de leitura\" \/>\n\t<meta name=\"twitter:data2\" content=\"5 minutos\" \/>\n<script type=\"application\/ld+json\" class=\"yoast-schema-graph\">{\"@context\":\"https:\/\/schema.org\",\"@graph\":[{\"@type\":\"NewsArticle\",\"@id\":\"https:\/\/www.suno.com.br\/noticias\/marfrig-mrfg3-tucro-liquido-3t21\/#article\",\"isPartOf\":{\"@id\":\"https:\/\/www.suno.com.br\/noticias\/marfrig-mrfg3-tucro-liquido-3t21\/\"},\"author\":{\"name\":\"Laura Moutinho\",\"@id\":\"https:\/\/www.suno.com.br\/noticias\/#\/schema\/person\/3df0d2808748b74496efe5dbeaef2c72\"},\"headline\":\"Marfrig (MRFG3) tem alta de 148,7% no lucro do 3T21 com impulso das opera\u00e7\u00f5es na Am\u00e9rica do Norte\",\"datePublished\":\"2021-10-26T23:07:29+00:00\",\"mainEntityOfPage\":{\"@id\":\"https:\/\/www.suno.com.br\/noticias\/marfrig-mrfg3-tucro-liquido-3t21\/\"},\"wordCount\":1139,\"publisher\":{\"@id\":\"https:\/\/www.suno.com.br\/noticias\/#organization\"},\"image\":{\"@id\":\"https:\/\/www.suno.com.br\/noticias\/marfrig-mrfg3-tucro-liquido-3t21\/#primaryimage\"},\"thumbnailUrl\":\"https:\/\/files.sunoresearch.com.br\/n\/uploads\/2021\/04\/d0bdb68a-marfrig1-jpg.webp\",\"keywords\":[\"balan\u00e7os trimestrais\",\"Marfrig (MRFG3)\"],\"articleSection\":[\"Neg\u00f3cios\"],\"inLanguage\":\"pt-BR\"},{\"@type\":\"WebPage\",\"@id\":\"https:\/\/www.suno.com.br\/noticias\/marfrig-mrfg3-tucro-liquido-3t21\/\",\"url\":\"https:\/\/www.suno.com.br\/noticias\/marfrig-mrfg3-tucro-liquido-3t21\/\",\"name\":\"Marfrig (MRFG3) tem alta de 148,7% no lucro do 3T21\",\"isPartOf\":{\"@id\":\"https:\/\/www.suno.com.br\/noticias\/#website\"},\"primaryImageOfPage\":{\"@id\":\"https:\/\/www.suno.com.br\/noticias\/marfrig-mrfg3-tucro-liquido-3t21\/#primaryimage\"},\"image\":{\"@id\":\"https:\/\/www.suno.com.br\/noticias\/marfrig-mrfg3-tucro-liquido-3t21\/#primaryimage\"},\"thumbnailUrl\":\"https:\/\/files.sunoresearch.com.br\/n\/uploads\/2021\/04\/d0bdb68a-marfrig1-jpg.webp\",\"datePublished\":\"2021-10-26T23:07:29+00:00\",\"description\":\"A Marfrig Global Foods (MRFG3) anotou um lucro l\u00edquido de R$ 1,7 bilh\u00e3o terceiro trimestre desse ano, um incremento de 148,7%. Saiba mais\",\"breadcrumb\":{\"@id\":\"https:\/\/www.suno.com.br\/noticias\/marfrig-mrfg3-tucro-liquido-3t21\/#breadcrumb\"},\"inLanguage\":\"pt-BR\",\"potentialAction\":[{\"@type\":\"ReadAction\",\"target\":[\"https:\/\/www.suno.com.br\/noticias\/marfrig-mrfg3-tucro-liquido-3t21\/\"]}]},{\"@type\":\"ImageObject\",\"inLanguage\":\"pt-BR\",\"@id\":\"https:\/\/www.suno.com.br\/noticias\/marfrig-mrfg3-tucro-liquido-3t21\/#primaryimage\",\"url\":\"https:\/\/files.sunoresearch.com.br\/n\/uploads\/2021\/04\/d0bdb68a-marfrig1-jpg.webp\",\"contentUrl\":\"https:\/\/files.sunoresearch.com.br\/n\/uploads\/2021\/04\/d0bdb68a-marfrig1-jpg.webp\",\"width\":1200,\"height\":842,\"caption\":\"Marfrig. Foto: Divulga\u00e7\u00e3o\"},{\"@type\":\"BreadcrumbList\",\"@id\":\"https:\/\/www.suno.com.br\/noticias\/marfrig-mrfg3-tucro-liquido-3t21\/#breadcrumb\",\"itemListElement\":[{\"@type\":\"ListItem\",\"position\":1,\"name\":\"Not\u00edcias\",\"item\":\"https:\/\/www.suno.com.br\/noticias\/\"},{\"@type\":\"ListItem\",\"position\":2,\"name\":\"Neg\u00f3cios\",\"item\":\"https:\/\/www.suno.com.br\/noticias\/negocios\/\"},{\"@type\":\"ListItem\",\"position\":3,\"name\":\"Marfrig (MRFG3) tem alta de 148,7% no lucro do 3T21 com impulso das opera\u00e7\u00f5es na Am\u00e9rica do Norte\"}]},{\"@type\":\"WebSite\",\"@id\":\"https:\/\/www.suno.com.br\/noticias\/#website\",\"url\":\"https:\/\/www.suno.com.br\/noticias\/\",\"name\":\"Suno Not\u00edcias\",\"description\":\"Seu portal de informa\u00e7\u00e3o sobre o mundo dos investimentos\",\"publisher\":{\"@id\":\"https:\/\/www.suno.com.br\/noticias\/#organization\"},\"potentialAction\":[{\"@type\":\"SearchAction\",\"target\":{\"@type\":\"EntryPoint\",\"urlTemplate\":\"https:\/\/www.suno.com.br\/noticias\/?s={search_term_string}\"},\"query-input\":{\"@type\":\"PropertyValueSpecification\",\"valueRequired\":true,\"valueName\":\"search_term_string\"}}],\"inLanguage\":\"pt-BR\"},{\"@type\":\"Organization\",\"@id\":\"https:\/\/www.suno.com.br\/noticias\/#organization\",\"name\":\"Suno Not\u00edcias\",\"url\":\"https:\/\/www.suno.com.br\/noticias\/\",\"logo\":{\"@type\":\"ImageObject\",\"inLanguage\":\"pt-BR\",\"@id\":\"https:\/\/www.suno.com.br\/noticias\/#\/schema\/logo\/image\/\",\"url\":\"https:\/\/files.sunoresearch.com.br\/n\/uploads\/2021\/09\/suno-logo.png\",\"contentUrl\":\"https:\/\/files.sunoresearch.com.br\/n\/uploads\/2021\/09\/suno-logo.png\",\"width\":180,\"height\":180,\"caption\":\"Suno Not\u00edcias\"},\"image\":{\"@id\":\"https:\/\/www.suno.com.br\/noticias\/#\/schema\/logo\/image\/\"},\"sameAs\":[\"https:\/\/facebook.com\/sunoresearch\",\"https:\/\/x.com\/sunoresearch\",\"https:\/\/www.instagram.com\/suno\",\"https:\/\/www.linkedin.com\/company\/suno-research\/\",\"https:\/\/www.youtube.com\/c\/sunoresearch\"]},{\"@type\":\"Person\",\"@id\":\"https:\/\/www.suno.com.br\/noticias\/#\/schema\/person\/3df0d2808748b74496efe5dbeaef2c72\",\"name\":\"Laura Moutinho\",\"image\":{\"@type\":\"ImageObject\",\"inLanguage\":\"pt-BR\",\"@id\":\"https:\/\/www.suno.com.br\/noticias\/#\/schema\/person\/image\/\",\"url\":\"https:\/\/secure.gravatar.com\/avatar\/7571c7c8ca3a6fca5e41384ece5557ff?s=96&r=g\",\"contentUrl\":\"https:\/\/secure.gravatar.com\/avatar\/7571c7c8ca3a6fca5e41384ece5557ff?s=96&r=g\",\"caption\":\"Laura Moutinho\"},\"description\":\"Estagi\u00e1ria na Suno Not\u00edcias, escreve not\u00edcias que afetam o mercado financeiro. Estuda administra\u00e7\u00e3o na Universidade Presbiteriana Mackenzie.\",\"url\":\"https:\/\/www.suno.com.br\/noticias\/author\/laura-moutinho\/\"}]}<\/script>\n<!-- \/ Yoast SEO plugin. -->","yoast_head_json":{"title":"Marfrig (MRFG3) tem alta de 148,7% no lucro do 3T21","description":"A Marfrig Global Foods (MRFG3) anotou um lucro l\u00edquido de R$ 1,7 bilh\u00e3o terceiro trimestre desse ano, um incremento de 148,7%. Saiba mais","robots":{"index":"index","follow":"follow","max-snippet":"max-snippet:-1","max-image-preview":"max-image-preview:large","max-video-preview":"max-video-preview:-1"},"canonical":"https:\/\/www.suno.com.br\/noticias\/marfrig-mrfg3-tucro-liquido-3t21\/","og_locale":"pt_BR","og_type":"article","og_title":"Marfrig (MRFG3) tem alta de 148,7% no lucro do 3T21","og_description":"A Marfrig Global Foods (MRFG3) anotou um lucro l\u00edquido de R$ 1,7 bilh\u00e3o terceiro trimestre desse ano, um incremento de 148,7%. Saiba mais","og_url":"https:\/\/www.suno.com.br\/noticias\/marfrig-mrfg3-tucro-liquido-3t21\/","og_site_name":"Suno Not\u00edcias","article_publisher":"https:\/\/facebook.com\/sunoresearch","og_image":[{"width":1200,"height":842,"url":"https:\/\/files.sunoresearch.com.br\/n\/uploads\/2021\/04\/d0bdb68a-marfrig1.jpg","type":"image\/jpeg"}],"author":"Laura Moutinho","twitter_card":"summary_large_image","twitter_creator":"@sunoresearch","twitter_site":"@sunoresearch","twitter_misc":{"Escrito por":"Laura Moutinho","Est. tempo de leitura":"5 minutos"},"schema":{"@context":"https:\/\/schema.org","@graph":[{"@type":"NewsArticle","@id":"https:\/\/www.suno.com.br\/noticias\/marfrig-mrfg3-tucro-liquido-3t21\/#article","isPartOf":{"@id":"https:\/\/www.suno.com.br\/noticias\/marfrig-mrfg3-tucro-liquido-3t21\/"},"author":{"name":"Laura Moutinho","@id":"https:\/\/www.suno.com.br\/noticias\/#\/schema\/person\/3df0d2808748b74496efe5dbeaef2c72"},"headline":"Marfrig (MRFG3) tem alta de 148,7% no lucro do 3T21 com impulso das opera\u00e7\u00f5es na Am\u00e9rica do Norte","datePublished":"2021-10-26T23:07:29+00:00","mainEntityOfPage":{"@id":"https:\/\/www.suno.com.br\/noticias\/marfrig-mrfg3-tucro-liquido-3t21\/"},"wordCount":1139,"publisher":{"@id":"https:\/\/www.suno.com.br\/noticias\/#organization"},"image":{"@id":"https:\/\/www.suno.com.br\/noticias\/marfrig-mrfg3-tucro-liquido-3t21\/#primaryimage"},"thumbnailUrl":"https:\/\/files.sunoresearch.com.br\/n\/uploads\/2021\/04\/d0bdb68a-marfrig1-jpg.webp","keywords":["balan\u00e7os trimestrais","Marfrig (MRFG3)"],"articleSection":["Neg\u00f3cios"],"inLanguage":"pt-BR"},{"@type":"WebPage","@id":"https:\/\/www.suno.com.br\/noticias\/marfrig-mrfg3-tucro-liquido-3t21\/","url":"https:\/\/www.suno.com.br\/noticias\/marfrig-mrfg3-tucro-liquido-3t21\/","name":"Marfrig (MRFG3) tem alta de 148,7% no lucro do 3T21","isPartOf":{"@id":"https:\/\/www.suno.com.br\/noticias\/#website"},"primaryImageOfPage":{"@id":"https:\/\/www.suno.com.br\/noticias\/marfrig-mrfg3-tucro-liquido-3t21\/#primaryimage"},"image":{"@id":"https:\/\/www.suno.com.br\/noticias\/marfrig-mrfg3-tucro-liquido-3t21\/#primaryimage"},"thumbnailUrl":"https:\/\/files.sunoresearch.com.br\/n\/uploads\/2021\/04\/d0bdb68a-marfrig1-jpg.webp","datePublished":"2021-10-26T23:07:29+00:00","description":"A Marfrig Global Foods (MRFG3) anotou um lucro l\u00edquido de R$ 1,7 bilh\u00e3o terceiro trimestre desse ano, um incremento de 148,7%. Saiba mais","breadcrumb":{"@id":"https:\/\/www.suno.com.br\/noticias\/marfrig-mrfg3-tucro-liquido-3t21\/#breadcrumb"},"inLanguage":"pt-BR","potentialAction":[{"@type":"ReadAction","target":["https:\/\/www.suno.com.br\/noticias\/marfrig-mrfg3-tucro-liquido-3t21\/"]}]},{"@type":"ImageObject","inLanguage":"pt-BR","@id":"https:\/\/www.suno.com.br\/noticias\/marfrig-mrfg3-tucro-liquido-3t21\/#primaryimage","url":"https:\/\/files.sunoresearch.com.br\/n\/uploads\/2021\/04\/d0bdb68a-marfrig1-jpg.webp","contentUrl":"https:\/\/files.sunoresearch.com.br\/n\/uploads\/2021\/04\/d0bdb68a-marfrig1-jpg.webp","width":1200,"height":842,"caption":"Marfrig. Foto: Divulga\u00e7\u00e3o"},{"@type":"BreadcrumbList","@id":"https:\/\/www.suno.com.br\/noticias\/marfrig-mrfg3-tucro-liquido-3t21\/#breadcrumb","itemListElement":[{"@type":"ListItem","position":1,"name":"Not\u00edcias","item":"https:\/\/www.suno.com.br\/noticias\/"},{"@type":"ListItem","position":2,"name":"Neg\u00f3cios","item":"https:\/\/www.suno.com.br\/noticias\/negocios\/"},{"@type":"ListItem","position":3,"name":"Marfrig (MRFG3) tem alta de 148,7% no lucro do 3T21 com impulso das opera\u00e7\u00f5es na Am\u00e9rica do Norte"}]},{"@type":"WebSite","@id":"https:\/\/www.suno.com.br\/noticias\/#website","url":"https:\/\/www.suno.com.br\/noticias\/","name":"Suno Not\u00edcias","description":"Seu portal de informa\u00e7\u00e3o sobre o mundo dos investimentos","publisher":{"@id":"https:\/\/www.suno.com.br\/noticias\/#organization"},"potentialAction":[{"@type":"SearchAction","target":{"@type":"EntryPoint","urlTemplate":"https:\/\/www.suno.com.br\/noticias\/?s={search_term_string}"},"query-input":{"@type":"PropertyValueSpecification","valueRequired":true,"valueName":"search_term_string"}}],"inLanguage":"pt-BR"},{"@type":"Organization","@id":"https:\/\/www.suno.com.br\/noticias\/#organization","name":"Suno Not\u00edcias","url":"https:\/\/www.suno.com.br\/noticias\/","logo":{"@type":"ImageObject","inLanguage":"pt-BR","@id":"https:\/\/www.suno.com.br\/noticias\/#\/schema\/logo\/image\/","url":"https:\/\/files.sunoresearch.com.br\/n\/uploads\/2021\/09\/suno-logo.png","contentUrl":"https:\/\/files.sunoresearch.com.br\/n\/uploads\/2021\/09\/suno-logo.png","width":180,"height":180,"caption":"Suno Not\u00edcias"},"image":{"@id":"https:\/\/www.suno.com.br\/noticias\/#\/schema\/logo\/image\/"},"sameAs":["https:\/\/facebook.com\/sunoresearch","https:\/\/x.com\/sunoresearch","https:\/\/www.instagram.com\/suno","https:\/\/www.linkedin.com\/company\/suno-research\/","https:\/\/www.youtube.com\/c\/sunoresearch"]},{"@type":"Person","@id":"https:\/\/www.suno.com.br\/noticias\/#\/schema\/person\/3df0d2808748b74496efe5dbeaef2c72","name":"Laura Moutinho","image":{"@type":"ImageObject","inLanguage":"pt-BR","@id":"https:\/\/www.suno.com.br\/noticias\/#\/schema\/person\/image\/","url":"https:\/\/secure.gravatar.com\/avatar\/7571c7c8ca3a6fca5e41384ece5557ff?s=96&r=g","contentUrl":"https:\/\/secure.gravatar.com\/avatar\/7571c7c8ca3a6fca5e41384ece5557ff?s=96&r=g","caption":"Laura Moutinho"},"description":"Estagi\u00e1ria na Suno Not\u00edcias, escreve not\u00edcias que afetam o mercado financeiro. Estuda administra\u00e7\u00e3o na Universidade Presbiteriana Mackenzie.","url":"https:\/\/www.suno.com.br\/noticias\/author\/laura-moutinho\/"}]}},"default_loop_html":"<div class=\"cardsPage__listCard__boxs\"><div class=\"cardsPage__listCard__boxs__img\"><a href=\"https:\/\/www.suno.com.br\/noticias\/marfrig-mrfg3-tucro-liquido-3t21\/\"><img class=\"mask\" src=\"https:\/\/www.suno.com.br\/noticias\/wp-content\/themes\/suno\/resources\/images\/spotlight\/spotlight1img\/bg-mask.png\" alt=\"Image Mask\"\/><img src=\"https:\/\/files.sunoresearch.com.br\/n\/uploads\/2021\/04\/d0bdb68a-marfrig1-400x200.webp\" alt=\"Marfrig (MRFG3) tem alta de 148,7% no lucro do 3T21 com impulso das opera\u00e7\u00f5es na Am\u00e9rica do Norte\"\/><\/a><span class=\"spotlightCategory\"><a href=\"https:\/\/www.suno.com.br\/noticias\/negocios\/\">Neg\u00f3cios<\/a><\/span><\/div><div class=\"cardsPage__listCard__boxs__content\"><a href=\"https:\/\/www.suno.com.br\/noticias\/marfrig-mrfg3-tucro-liquido-3t21\/\"><h2 class=\"content__title\">Marfrig (MRFG3) tem alta de 148,7% no lucro do 3T21 com impulso das opera\u00e7\u00f5es na Am\u00e9rica do Norte<\/h2><\/a><div class=\"newsContent__article__meta\"><div class=\"newsContent__article__meta__authorBox\"><a href=\"https:\/\/www.suno.com.br\/noticias\/author\/laura-moutinho\/\" class=\"authorBox__avatar noMobi\"><img src=\"https:\/\/files.sunoresearch.com.br\/n\/uploads\/2020\/08\/531ff69d-whatsapp-image-2020-08-03-at-14.54.38-150x150.webp\" alt=\"Laura Moutinho\"><\/a><div class=\"authorBox__name\"><span>por\n\t\t\t<a href=\"https:\/\/www.suno.com.br\/noticias\/author\/laura-moutinho\/\"><span itemprop=\"author\">Laura Moutinho<\/span><\/a><\/span><time datetime=\"2021-10-26T20:07:29-03:00\" itemprop=\"datePublished\">26\/10\/2021 20:07<\/time><\/div><\/div><\/div><\/div><\/div>","single_layout":"posts","amp_enabled":true,"_links":{"self":[{"href":"https:\/\/www.suno.com.br\/noticias\/wp-json\/wp\/v2\/posts\/197681"}],"collection":[{"href":"https:\/\/www.suno.com.br\/noticias\/wp-json\/wp\/v2\/posts"}],"about":[{"href":"https:\/\/www.suno.com.br\/noticias\/wp-json\/wp\/v2\/types\/post"}],"author":[{"embeddable":true,"href":"https:\/\/www.suno.com.br\/noticias\/wp-json\/wp\/v2\/users\/39"}],"replies":[{"embeddable":true,"href":"https:\/\/www.suno.com.br\/noticias\/wp-json\/wp\/v2\/comments?post=197681"}],"version-history":[{"count":3,"href":"https:\/\/www.suno.com.br\/noticias\/wp-json\/wp\/v2\/posts\/197681\/revisions"}],"predecessor-version":[{"id":197720,"href":"https:\/\/www.suno.com.br\/noticias\/wp-json\/wp\/v2\/posts\/197681\/revisions\/197720"}],"wp:featuredmedia":[{"embeddable":true,"href":"https:\/\/www.suno.com.br\/noticias\/wp-json\/wp\/v2\/media\/138077"}],"wp:attachment":[{"href":"https:\/\/www.suno.com.br\/noticias\/wp-json\/wp\/v2\/media?parent=197681"}],"wp:term":[{"taxonomy":"category","embeddable":true,"href":"https:\/\/www.suno.com.br\/noticias\/wp-json\/wp\/v2\/categories?post=197681"},{"taxonomy":"post_tag","embeddable":true,"href":"https:\/\/www.suno.com.br\/noticias\/wp-json\/wp\/v2\/tags?post=197681"},{"taxonomy":"suno_strategy","embeddable":true,"href":"https:\/\/www.suno.com.br\/noticias\/wp-json\/wp\/v2\/suno_strategy?post=197681"}],"curies":[{"name":"wp","href":"https:\/\/api.w.org\/{rel}","templated":true}]}}