{"id":197676,"date":"2021-10-26T20:41:10","date_gmt":"2021-10-26T23:41:10","guid":{"rendered":"https:\/\/www.suno.com.br\/noticias\/?p=197676"},"modified":"2021-10-26T20:41:10","modified_gmt":"2021-10-26T23:41:10","slug":"taxacao-dividendos-financiara-auxilio-brasil-lira","status":"publish","type":"post","link":"https:\/\/www.suno.com.br\/noticias\/taxacao-dividendos-financiara-auxilio-brasil-lira\/","title":{"rendered":"Aux\u00edlio Brasil pode se tornar permanente, diz Arthur Lira"},"content":{"rendered":"<p>Nesta ter\u00e7a-feira, o presidente da C\u00e2mara dos Deputados, Arthur Lira (PP-AL), deu a entender que o<strong> Aux\u00edlio Brasil<\/strong> pode se tornar uma medida permanente, financiado pela taxa\u00e7\u00e3o de <a class=\"suno-keyword\" href=\"https:\/\/www.suno.com.br\/guias\/dividendos\/\" target=\"_blank\" rel=\"noopener\" data-force=\"no\" data-priority=\"1\">dividendos<\/a> de empresas distribu\u00eddos \u00e0 <a class=\"suno-keyword\" href=\"https:\/\/www.suno.com.br\/artigos\/pessoa-fisica\/\" target=\"_blank\" rel=\"noopener\" data-force=\"no\" data-priority=\"1\">pessoa f\u00edsica<\/a>. A proposta est\u00e1 inclusa na reforma do Imposto de Renda, em pauta no Senado.<\/p>\t<div class=\"wrapper-featured-image\">\n\t\t<figure class=\"spotlightImg\">\n\n\t\t\t<picture>\n\t\t\t\t<source media=\"(max-width: 768px)\" srcset=\"https:\/\/files.sunoresearch.com.br\/n\/uploads\/2021\/03\/9904e31a-1024px-deputado_arthur_lira_em_2016-400x200.webp\">\n\t\t\t\t<img loading=\"lazy\" decoding=\"async\" class=\"newsContent__article__imgCapa lazyloadDisabled \" src=\"https:\/\/files.sunoresearch.com.br\/n\/uploads\/2021\/03\/9904e31a-1024px-deputado_arthur_lira_em_2016-800x450.webp\" width=\"800\" height=\"450\" alt=\"Aux\u00edlio Brasil pode se tornar permanente, diz Arthur Lira\" fetchpriority=high \/>\n\t\t\t<\/picture>\n\n\t\t\t<figcaption class=\"wp-caption-text wp-caption-text--show\">Presidente da C\u00e2mara dos Deputados, Arthur Lira<\/figcaption>\n\t\t<\/figure>\n\t<\/div>\n\n\n\t<p>\n\t\t<a href=\"https:\/\/lp.suno.com.br\/planilha-controle-gastos\/\" target=\"_blank\" data-element=\"shortcode-suno-banner\" title=\"Banner SUNO, clique e saiba mais\">\n\t\t\t<picture>\n\t\t\t\t<source media=\"(max-width: 500px)\" srcset=\"https:\/\/files.sunoresearch.com.br\/n\/uploads\/2023\/03\/400x300-Planilha-controle-de-gastos.png\">\n\t\t\t\t<img class=\"newsContent__article__imgCapa newsContent__article__imgCapa--banner\"\n\t\t\t\t\tsrc=\"https:\/\/files.sunoresearch.com.br\/n\/uploads\/2023\/03\/1420x240-Planilha-controle-de-gastos.png\"\n\t\t\t\t\tdata-promo-id=\"101751\"\t\t\t\t\t\t\t\t\t\twidth='1420' height='240'\t\t\t\t\talt=\"https:\/\/files.sunoresearch.com.br\/n\/uploads\/2023\/03\/1420x240-Planilha-controle-de-gastos.png\"\n\t\t\t\t>\n\t\t\t<\/picture>\n\t\t<\/a>\n\t<\/p>\n\n\n<p>&#8220;A qualquer momento que o <strong>Senado<\/strong> aprovar ou apreciar ou modificar o texto do<strong> Imposto de Renda<\/strong>, mantendo (a <strong>taxa\u00e7\u00e3o de<\/strong>) <strong>dividendos<\/strong>, que \u00e9 importante, o programa pode ser criado, se n\u00e3o para 2022, para 2023&#8243;, afirmou o parlamentar.<\/p>\n<p>A declara\u00e7\u00e3o de <strong>Arthur Lira<\/strong> vem no momento em que a expectativa de economistas e de integrantes do pr\u00f3prio governo \u00e9 de que, mesmo com um valor tempor\u00e1rio para fazer o Aux\u00edlio Brasil chegar ao piso de <strong>R$ 400<\/strong> por fam\u00edlia <strong>at\u00e9 dezembro de 2022<\/strong>, ser\u00e1 dif\u00edcil cortar o benef\u00edcio a partir de 2023, o que na pr\u00e1tica converte essa despesa em algo permanente. Como mostrou o Broadcast (sistema de not\u00edcias em tempo real do Grupo Estado), a situa\u00e7\u00e3o \u00e9 vista como uma &#8220;armadilha&#8221; a ser desarmada pelo pr\u00f3ximo presidente da Rep\u00fablica.<\/p>\n\t<p>\n\t\t<a href=\"https:\/\/lp.suno.com.br\/planilha-da-vida-financeira\/\" target=\"_blank\" data-element=\"shortcode-suno-banner\" title=\"Banner SUNO, clique e saiba mais\">\n\t\t\t<picture>\n\t\t\t\t<source media=\"(max-width: 500px)\" srcset=\"https:\/\/files.sunoresearch.com.br\/n\/uploads\/2023\/04\/400x300-Planilha-vida-financeira-true.png\">\n\t\t\t\t<img class=\"newsContent__article__imgCapa newsContent__article__imgCapa--banner\"\n\t\t\t\t\tsrc=\"https:\/\/files.sunoresearch.com.br\/n\/uploads\/2023\/04\/1420x240-Planilha-vida-financeira-true.png\"\n\t\t\t\t\tdata-promo-id=\"106682\"\t\t\t\t\t\t\t\t\t\twidth='1420' height='240'\t\t\t\t\talt=\"https:\/\/files.sunoresearch.com.br\/n\/uploads\/2023\/04\/1420x240-Planilha-vida-financeira-true.png\"\n\t\t\t\t>\n\t\t\t<\/picture>\n\t\t<\/a>\n\t<\/p>\n\n\n<p>O governo precisou construir uma solu\u00e7\u00e3o tempor\u00e1ria porque n\u00e3o teria fonte de financiamento para compensar um aumento permanente de despesas, como manda a<strong> Lei de Responsabilidade Fiscal<\/strong> (LRF). Essa fonte viria justamente da taxa\u00e7\u00e3o de dividendos, cuja proposta emperrou no Senado.<\/p>\n\t<div data-element=\"shortcode-read-more\" class=\"knowMore\">\n\t\t\t\t<span class=\"knowMore__title\">Leia mais<\/span>\n\t\t\t\t<a class=\"knowMore__link\" href=\"https:\/\/www.suno.com.br\/noticias\/governo-pede-abertura-de-credito-de-r-94-bilhoes-para-auxilio-brasil\/\">\n\t\t\tGoverno pede abertura de cr\u00e9dito de R$ 9,4 bilh\u00f5es para Aux\u00edlio Brasil\t\t<\/a>\n\t<\/div>\n\n\n<p>Nesta ter\u00e7a, o presidente da <strong>C\u00e2mara<\/strong> afirmou que isso inviabilizou que o programa fosse criado dentro do<strong> <a class=\"suno-keyword\" href=\"https:\/\/www.suno.com.br\/artigos\/teto-de-gastos\/\" target=\"_blank\" rel=\"noopener\" data-force=\"no\" data-priority=\"1\">teto de gastos<\/a><\/strong>. No entanto, a fonte de financiamento \u00e9 uma regra fiscal diferente do limite de despesas, e mesmo o gasto tempor\u00e1rio poderia ficar sob o teto. Esse era inclusive o desenho almejado pela equipe econ\u00f4mica, com pagamento m\u00e9dio total de R$ 300 mensais, mas isso foi rejeitado por <strong>Bolsonaro<\/strong> em uma decis\u00e3o pol\u00edtica. O presidente determinou que o valor chegasse a R$ 400, o que levou \u00e0 flexibiliza\u00e7\u00e3o do teto.<\/p>\n<p>Lira, que na semana passada j\u00e1 havia dito que n\u00e3o se pode &#8220;pensar s\u00f3 em teto de gastos e responsabilidade fiscal&#8221; em <strong>detrimento da popula\u00e7\u00e3o<\/strong>, afirmou nesta ter\u00e7a que a mudan\u00e7a no teto negociada pelo governo com o Congresso \u00e9 uma &#8220;pr\u00e1tica legal e dentro da opera\u00e7\u00e3o constitucional&#8221;.<\/p>\n\t<p>\n\t\t<a href=\"https:\/\/lp.suno.com.br\/ebook-como-analisar-uma-acao\/\" target=\"_blank\" data-element=\"shortcode-suno-banner\" title=\"Banner SUNO, clique e saiba mais\">\n\t\t\t<picture>\n\t\t\t\t<source media=\"(max-width: 500px)\" srcset=\"https:\/\/files.sunoresearch.com.br\/n\/uploads\/2023\/03\/Ebook-Acoes-Mobile-1.jpg\">\n\t\t\t\t<img class=\"newsContent__article__imgCapa newsContent__article__imgCapa--banner\"\n\t\t\t\t\tsrc=\"https:\/\/files.sunoresearch.com.br\/n\/uploads\/2023\/03\/Ebook-Acoes-Desktop-1.jpg\"\n\t\t\t\t\tdata-promo-id=\"171998\"\t\t\t\t\t\t\t\t\t\twidth='1420' height='286'\t\t\t\t\talt=\"https:\/\/files.sunoresearch.com.br\/n\/uploads\/2023\/03\/Ebook-Acoes-Desktop-1.jpg\"\n\t\t\t\t>\n\t\t\t<\/picture>\n\t\t<\/a>\n\t<\/p>\n\n\n<h2>Aux\u00edlio Brasil aposta em revis\u00e3o da \u00e2ncora fiscal<\/h2>\n<p>Para desviar da narrativa de <strong>furo no teto de gastos<\/strong> para bancar um valor turbinado no programa social Aux\u00edlio Brasil em 2022, ano em que o presidente Jair Bolsonaro buscar\u00e1 a <strong>reelei\u00e7\u00e3o<\/strong>, o governo mudou de estrat\u00e9gia e passou a apostar numa revis\u00e3o da \u00e2ncora fiscal, que pode liberar ao menos R$ 83 bilh\u00f5es para despesas extras no ano que vem. No mercado, a conta \u00e9 que o espa\u00e7o adicional ser\u00e1 at\u00e9 maior, passando dos R$ 90 bilh\u00f5es.<\/p>\n<p>Antes, a aposta da equipe econ\u00f4mica era uma &#8220;<strong>licen\u00e7a para gastar<\/strong>&#8221; limitada a R$ 30 bilh\u00f5es fora do teto de gastos. A mudan\u00e7a de estrat\u00e9gia desagradou o <a class=\"suno-keyword\" href=\"https:\/\/www.suno.com.br\/guias\/mercado-financeiro\/\" target=\"_blank\" rel=\"noopener\" data-force=\"no\" data-priority=\"2\">mercado financeiro<\/a>, que vem reagindo mal desde a semana passada.<\/p>\n\t<p>\n\t\t<a href=\"https:\/\/lp.suno.com.br\/planilha-de-controle-de-investimentos\/\" target=\"_blank\" data-element=\"shortcode-suno-banner\" title=\"Banner SUNO, clique e saiba mais\">\n\t\t\t<picture>\n\t\t\t\t<source media=\"(max-width: 500px)\" srcset=\"https:\/\/files.sunoresearch.com.br\/n\/uploads\/2023\/03\/400x300-Controle-de-Investimentos.png\">\n\t\t\t\t<img class=\"newsContent__article__imgCapa newsContent__article__imgCapa--banner\"\n\t\t\t\t\tsrc=\"https:\/\/files.sunoresearch.com.br\/n\/uploads\/2023\/03\/1420x240-Controle-de-Investimentos.png\"\n\t\t\t\t\tdata-promo-id=\"75934\"\t\t\t\t\t\t\t\t\t\twidth='1420' height='240'\t\t\t\t\talt=\"https:\/\/files.sunoresearch.com.br\/n\/uploads\/2023\/03\/1420x240-Controle-de-Investimentos.png\"\n\t\t\t\t>\n\t\t\t<\/picture>\n\t\t<\/a>\n\t<\/p>\n\n\n<p>&#8220;O mercado \u00e9 muito subjetivo, \u00e9 percep\u00e7\u00e3o e vers\u00e3o, e cabe a n\u00f3s esclarecer vers\u00f5es&#8221;, disse Lira nesta ter\u00e7a em pronunciamento. Ele reconheceu que as &#8220;<strong>incertezas<\/strong>&#8221; e as &#8220;vers\u00f5es&#8221; v\u00e3o continuar at\u00e9 a aprova\u00e7\u00e3o do texto, mas sinalizou com vota\u00e7\u00e3o j\u00e1 na quarta. &#8220;As especula\u00e7\u00f5es custam muito mais caro do que tratar o assunto como ele \u00e9&#8221;, comentou.<\/p>\n<p>Defendendo o <strong>Aux\u00edlio Brasil<\/strong>, o presidente da C\u00e2mara citou a necessidade de destinar &#8220;R$ 30 bilh\u00f5es para socorrer quem ainda precisa&#8221;. &#8220;Os problemas do rebote financeiro, inflacion\u00e1rio, de crises, de pessoas que est\u00e3o passando fome, isso persiste, e o parlamento precisa atender a isso&#8221;, afirmou.<\/p>\n<p><em>(Com informa\u00e7\u00f5es da Ag\u00eancia Estado)<\/em><\/p>\n\t<p>\n\t\t<a href=\"\" target=\"_blank\" data-element=\"shortcode-suno-banner\" title=\"Banner SUNO, clique e saiba mais\">\n\t\t\t<picture>\n\t\t\t\t<source media=\"(max-width: 500px)\" srcset=\"\">\n\t\t\t\t<img class=\"newsContent__article__imgCapa newsContent__article__imgCapa--banner\"\n\t\t\t\t\tsrc=\"\"\n\t\t\t\t\tdata-promo-id=\"184190\"\t\t\t\t\t\t\t\t\t\t\t\t\t\t\talt=\"\"\n\t\t\t\t>\n\t\t\t<\/picture>\n\t\t<\/a>\n\t<\/p>\n\n\n","protected":false},"excerpt":{"rendered":"<p>Nesta ter\u00e7a-feira, o presidente da C\u00e2mara dos Deputados, Arthur Lira (PP-AL), deu a entender que o Aux\u00edlio Brasil pode se tornar uma medida permanente, financiado pela taxa\u00e7\u00e3o de dividendos de empresas distribu\u00eddos \u00e0 pessoa f\u00edsica. A proposta est\u00e1 inclusa na reforma do Imposto de Renda, em pauta no Senado. Presidente da C\u00e2mara dos Deputados, Arthur [&hellip;]<\/p>\n","protected":false},"author":118,"featured_media":128606,"comment_status":"closed","ping_status":"closed","sticky":false,"template":"","format":"standard","meta":[],"categories":[64],"tags":[104858,17139,295],"suno_strategy":[],"class_list":["post-197676","post","type-post","status-publish","format-standard","has-post-thumbnail","hentry","category-negocios","tag-arthur-lira","tag-auxilio-emergencial","tag-dividendos"],"yoast_head":"<!-- This site is optimized with the Yoast SEO plugin v24.4 - https:\/\/yoast.com\/wordpress\/plugins\/seo\/ -->\n<title>Aux\u00edlio Brasil pode se tornar permanente, diz Arthur Lira<\/title>\n<meta name=\"description\" content=\"Nesta ter\u00e7a-feira, o presidente da C\u00e2mara dos Deputados, Arthur Lira (PP-AL), deu a entender que o Aux\u00edlio Brasil pode\" \/>\n<meta name=\"robots\" content=\"index, follow, max-snippet:-1, max-image-preview:large, max-video-preview:-1\" \/>\n<link rel=\"canonical\" href=\"https:\/\/www.suno.com.br\/noticias\/taxacao-dividendos-financiara-auxilio-brasil-lira\/\" \/>\n<meta property=\"og:locale\" content=\"pt_BR\" \/>\n<meta property=\"og:type\" content=\"article\" \/>\n<meta property=\"og:title\" content=\"Aux\u00edlio Brasil pode se tornar permanente, diz Arthur Lira\" \/>\n<meta property=\"og:description\" content=\"Nesta ter\u00e7a-feira, o presidente da C\u00e2mara dos Deputados, Arthur Lira (PP-AL), deu a entender que o Aux\u00edlio Brasil pode\" \/>\n<meta property=\"og:url\" content=\"https:\/\/www.suno.com.br\/noticias\/taxacao-dividendos-financiara-auxilio-brasil-lira\/\" \/>\n<meta property=\"og:site_name\" content=\"Suno Not\u00edcias\" \/>\n<meta property=\"article:publisher\" content=\"https:\/\/facebook.com\/sunoresearch\" \/>\n<meta property=\"og:image\" content=\"https:\/\/files.sunoresearch.com.br\/n\/uploads\/2021\/03\/9904e31a-1024px-deputado_arthur_lira_em_2016.jpg\" \/>\n\t<meta property=\"og:image:width\" content=\"1024\" \/>\n\t<meta property=\"og:image:height\" content=\"671\" \/>\n\t<meta property=\"og:image:type\" content=\"image\/jpeg\" \/>\n<meta name=\"author\" content=\"Bruno Galv\u00e3o\" \/>\n<meta name=\"twitter:card\" content=\"summary_large_image\" \/>\n<meta name=\"twitter:creator\" content=\"@sunoresearch\" \/>\n<meta name=\"twitter:site\" content=\"@sunoresearch\" \/>\n<meta name=\"twitter:label1\" content=\"Escrito por\" \/>\n\t<meta name=\"twitter:data1\" content=\"Bruno Galv\u00e3o\" \/>\n\t<meta name=\"twitter:label2\" content=\"Est. tempo de leitura\" \/>\n\t<meta name=\"twitter:data2\" content=\"3 minutos\" \/>\n<script type=\"application\/ld+json\" class=\"yoast-schema-graph\">{\"@context\":\"https:\/\/schema.org\",\"@graph\":[{\"@type\":\"NewsArticle\",\"@id\":\"https:\/\/www.suno.com.br\/noticias\/taxacao-dividendos-financiara-auxilio-brasil-lira\/#article\",\"isPartOf\":{\"@id\":\"https:\/\/www.suno.com.br\/noticias\/taxacao-dividendos-financiara-auxilio-brasil-lira\/\"},\"author\":{\"name\":\"Bruno Galv\u00e3o\",\"@id\":\"https:\/\/www.suno.com.br\/noticias\/#\/schema\/person\/06f0d962a6b1c54852e4860f16935600\"},\"headline\":\"Aux\u00edlio Brasil pode se tornar permanente, diz Arthur Lira\",\"datePublished\":\"2021-10-26T23:41:10+00:00\",\"mainEntityOfPage\":{\"@id\":\"https:\/\/www.suno.com.br\/noticias\/taxacao-dividendos-financiara-auxilio-brasil-lira\/\"},\"wordCount\":667,\"publisher\":{\"@id\":\"https:\/\/www.suno.com.br\/noticias\/#organization\"},\"image\":{\"@id\":\"https:\/\/www.suno.com.br\/noticias\/taxacao-dividendos-financiara-auxilio-brasil-lira\/#primaryimage\"},\"thumbnailUrl\":\"https:\/\/files.sunoresearch.com.br\/n\/uploads\/2021\/03\/9904e31a-1024px-deputado_arthur_lira_em_2016-jpg.webp\",\"keywords\":[\"Arthur Lira\",\"aux\u00edlio emergencial\",\"dividendos\"],\"articleSection\":[\"Neg\u00f3cios\"],\"inLanguage\":\"pt-BR\"},{\"@type\":\"WebPage\",\"@id\":\"https:\/\/www.suno.com.br\/noticias\/taxacao-dividendos-financiara-auxilio-brasil-lira\/\",\"url\":\"https:\/\/www.suno.com.br\/noticias\/taxacao-dividendos-financiara-auxilio-brasil-lira\/\",\"name\":\"Aux\u00edlio Brasil pode se tornar permanente, diz Arthur Lira\",\"isPartOf\":{\"@id\":\"https:\/\/www.suno.com.br\/noticias\/#website\"},\"primaryImageOfPage\":{\"@id\":\"https:\/\/www.suno.com.br\/noticias\/taxacao-dividendos-financiara-auxilio-brasil-lira\/#primaryimage\"},\"image\":{\"@id\":\"https:\/\/www.suno.com.br\/noticias\/taxacao-dividendos-financiara-auxilio-brasil-lira\/#primaryimage\"},\"thumbnailUrl\":\"https:\/\/files.sunoresearch.com.br\/n\/uploads\/2021\/03\/9904e31a-1024px-deputado_arthur_lira_em_2016-jpg.webp\",\"datePublished\":\"2021-10-26T23:41:10+00:00\",\"description\":\"Nesta ter\u00e7a-feira, o presidente da C\u00e2mara dos Deputados, Arthur Lira (PP-AL), deu a entender que o Aux\u00edlio Brasil pode\",\"breadcrumb\":{\"@id\":\"https:\/\/www.suno.com.br\/noticias\/taxacao-dividendos-financiara-auxilio-brasil-lira\/#breadcrumb\"},\"inLanguage\":\"pt-BR\",\"potentialAction\":[{\"@type\":\"ReadAction\",\"target\":[\"https:\/\/www.suno.com.br\/noticias\/taxacao-dividendos-financiara-auxilio-brasil-lira\/\"]}]},{\"@type\":\"ImageObject\",\"inLanguage\":\"pt-BR\",\"@id\":\"https:\/\/www.suno.com.br\/noticias\/taxacao-dividendos-financiara-auxilio-brasil-lira\/#primaryimage\",\"url\":\"https:\/\/files.sunoresearch.com.br\/n\/uploads\/2021\/03\/9904e31a-1024px-deputado_arthur_lira_em_2016-jpg.webp\",\"contentUrl\":\"https:\/\/files.sunoresearch.com.br\/n\/uploads\/2021\/03\/9904e31a-1024px-deputado_arthur_lira_em_2016-jpg.webp\",\"width\":1024,\"height\":671,\"caption\":\"Presidente da C\u00e2mara dos Deputados, Arthur Lira\"},{\"@type\":\"BreadcrumbList\",\"@id\":\"https:\/\/www.suno.com.br\/noticias\/taxacao-dividendos-financiara-auxilio-brasil-lira\/#breadcrumb\",\"itemListElement\":[{\"@type\":\"ListItem\",\"position\":1,\"name\":\"Not\u00edcias\",\"item\":\"https:\/\/www.suno.com.br\/noticias\/\"},{\"@type\":\"ListItem\",\"position\":2,\"name\":\"Neg\u00f3cios\",\"item\":\"https:\/\/www.suno.com.br\/noticias\/negocios\/\"},{\"@type\":\"ListItem\",\"position\":3,\"name\":\"Aux\u00edlio Brasil pode se tornar permanente, diz Arthur Lira\"}]},{\"@type\":\"WebSite\",\"@id\":\"https:\/\/www.suno.com.br\/noticias\/#website\",\"url\":\"https:\/\/www.suno.com.br\/noticias\/\",\"name\":\"Suno Not\u00edcias\",\"description\":\"Seu portal de informa\u00e7\u00e3o sobre o mundo dos investimentos\",\"publisher\":{\"@id\":\"https:\/\/www.suno.com.br\/noticias\/#organization\"},\"potentialAction\":[{\"@type\":\"SearchAction\",\"target\":{\"@type\":\"EntryPoint\",\"urlTemplate\":\"https:\/\/www.suno.com.br\/noticias\/?s={search_term_string}\"},\"query-input\":{\"@type\":\"PropertyValueSpecification\",\"valueRequired\":true,\"valueName\":\"search_term_string\"}}],\"inLanguage\":\"pt-BR\"},{\"@type\":\"Organization\",\"@id\":\"https:\/\/www.suno.com.br\/noticias\/#organization\",\"name\":\"Suno Not\u00edcias\",\"url\":\"https:\/\/www.suno.com.br\/noticias\/\",\"logo\":{\"@type\":\"ImageObject\",\"inLanguage\":\"pt-BR\",\"@id\":\"https:\/\/www.suno.com.br\/noticias\/#\/schema\/logo\/image\/\",\"url\":\"https:\/\/files.sunoresearch.com.br\/n\/uploads\/2021\/09\/suno-logo.png\",\"contentUrl\":\"https:\/\/files.sunoresearch.com.br\/n\/uploads\/2021\/09\/suno-logo.png\",\"width\":180,\"height\":180,\"caption\":\"Suno Not\u00edcias\"},\"image\":{\"@id\":\"https:\/\/www.suno.com.br\/noticias\/#\/schema\/logo\/image\/\"},\"sameAs\":[\"https:\/\/facebook.com\/sunoresearch\",\"https:\/\/x.com\/sunoresearch\",\"https:\/\/www.instagram.com\/suno\",\"https:\/\/www.linkedin.com\/company\/suno-research\/\",\"https:\/\/www.youtube.com\/c\/sunoresearch\"]},{\"@type\":\"Person\",\"@id\":\"https:\/\/www.suno.com.br\/noticias\/#\/schema\/person\/06f0d962a6b1c54852e4860f16935600\",\"name\":\"Bruno Galv\u00e3o\",\"image\":{\"@type\":\"ImageObject\",\"inLanguage\":\"pt-BR\",\"@id\":\"https:\/\/www.suno.com.br\/noticias\/#\/schema\/person\/image\/\",\"url\":\"https:\/\/secure.gravatar.com\/avatar\/53598df0b41c00f12f287a912d0e918e?s=96&r=g\",\"contentUrl\":\"https:\/\/secure.gravatar.com\/avatar\/53598df0b41c00f12f287a912d0e918e?s=96&r=g\",\"caption\":\"Bruno Galv\u00e3o\"},\"description\":\"Escreve para o portal Suno Not\u00edcias. \u00c9 estudante de Jornalismo pela Faculdade C\u00e1sper L\u00edbero e Letras pela USP. Entusiasta de tecnologia e intelig\u00eancia artificial.\",\"url\":\"https:\/\/www.suno.com.br\/noticias\/author\/bruno-garcia\/\"}]}<\/script>\n<!-- \/ Yoast SEO plugin. -->","yoast_head_json":{"title":"Aux\u00edlio Brasil pode se tornar permanente, diz Arthur Lira","description":"Nesta ter\u00e7a-feira, o presidente da C\u00e2mara dos Deputados, Arthur Lira (PP-AL), deu a entender que o Aux\u00edlio Brasil pode","robots":{"index":"index","follow":"follow","max-snippet":"max-snippet:-1","max-image-preview":"max-image-preview:large","max-video-preview":"max-video-preview:-1"},"canonical":"https:\/\/www.suno.com.br\/noticias\/taxacao-dividendos-financiara-auxilio-brasil-lira\/","og_locale":"pt_BR","og_type":"article","og_title":"Aux\u00edlio Brasil pode se tornar permanente, diz Arthur Lira","og_description":"Nesta ter\u00e7a-feira, o presidente da C\u00e2mara dos Deputados, Arthur Lira (PP-AL), deu a entender que o Aux\u00edlio Brasil pode","og_url":"https:\/\/www.suno.com.br\/noticias\/taxacao-dividendos-financiara-auxilio-brasil-lira\/","og_site_name":"Suno Not\u00edcias","article_publisher":"https:\/\/facebook.com\/sunoresearch","og_image":[{"width":1024,"height":671,"url":"https:\/\/files.sunoresearch.com.br\/n\/uploads\/2021\/03\/9904e31a-1024px-deputado_arthur_lira_em_2016.jpg","type":"image\/jpeg"}],"author":"Bruno Galv\u00e3o","twitter_card":"summary_large_image","twitter_creator":"@sunoresearch","twitter_site":"@sunoresearch","twitter_misc":{"Escrito por":"Bruno Galv\u00e3o","Est. tempo de leitura":"3 minutos"},"schema":{"@context":"https:\/\/schema.org","@graph":[{"@type":"NewsArticle","@id":"https:\/\/www.suno.com.br\/noticias\/taxacao-dividendos-financiara-auxilio-brasil-lira\/#article","isPartOf":{"@id":"https:\/\/www.suno.com.br\/noticias\/taxacao-dividendos-financiara-auxilio-brasil-lira\/"},"author":{"name":"Bruno Galv\u00e3o","@id":"https:\/\/www.suno.com.br\/noticias\/#\/schema\/person\/06f0d962a6b1c54852e4860f16935600"},"headline":"Aux\u00edlio Brasil pode se tornar permanente, diz Arthur Lira","datePublished":"2021-10-26T23:41:10+00:00","mainEntityOfPage":{"@id":"https:\/\/www.suno.com.br\/noticias\/taxacao-dividendos-financiara-auxilio-brasil-lira\/"},"wordCount":667,"publisher":{"@id":"https:\/\/www.suno.com.br\/noticias\/#organization"},"image":{"@id":"https:\/\/www.suno.com.br\/noticias\/taxacao-dividendos-financiara-auxilio-brasil-lira\/#primaryimage"},"thumbnailUrl":"https:\/\/files.sunoresearch.com.br\/n\/uploads\/2021\/03\/9904e31a-1024px-deputado_arthur_lira_em_2016-jpg.webp","keywords":["Arthur Lira","aux\u00edlio emergencial","dividendos"],"articleSection":["Neg\u00f3cios"],"inLanguage":"pt-BR"},{"@type":"WebPage","@id":"https:\/\/www.suno.com.br\/noticias\/taxacao-dividendos-financiara-auxilio-brasil-lira\/","url":"https:\/\/www.suno.com.br\/noticias\/taxacao-dividendos-financiara-auxilio-brasil-lira\/","name":"Aux\u00edlio Brasil pode se tornar permanente, diz Arthur Lira","isPartOf":{"@id":"https:\/\/www.suno.com.br\/noticias\/#website"},"primaryImageOfPage":{"@id":"https:\/\/www.suno.com.br\/noticias\/taxacao-dividendos-financiara-auxilio-brasil-lira\/#primaryimage"},"image":{"@id":"https:\/\/www.suno.com.br\/noticias\/taxacao-dividendos-financiara-auxilio-brasil-lira\/#primaryimage"},"thumbnailUrl":"https:\/\/files.sunoresearch.com.br\/n\/uploads\/2021\/03\/9904e31a-1024px-deputado_arthur_lira_em_2016-jpg.webp","datePublished":"2021-10-26T23:41:10+00:00","description":"Nesta ter\u00e7a-feira, o presidente da C\u00e2mara dos Deputados, Arthur Lira (PP-AL), deu a entender que o Aux\u00edlio Brasil pode","breadcrumb":{"@id":"https:\/\/www.suno.com.br\/noticias\/taxacao-dividendos-financiara-auxilio-brasil-lira\/#breadcrumb"},"inLanguage":"pt-BR","potentialAction":[{"@type":"ReadAction","target":["https:\/\/www.suno.com.br\/noticias\/taxacao-dividendos-financiara-auxilio-brasil-lira\/"]}]},{"@type":"ImageObject","inLanguage":"pt-BR","@id":"https:\/\/www.suno.com.br\/noticias\/taxacao-dividendos-financiara-auxilio-brasil-lira\/#primaryimage","url":"https:\/\/files.sunoresearch.com.br\/n\/uploads\/2021\/03\/9904e31a-1024px-deputado_arthur_lira_em_2016-jpg.webp","contentUrl":"https:\/\/files.sunoresearch.com.br\/n\/uploads\/2021\/03\/9904e31a-1024px-deputado_arthur_lira_em_2016-jpg.webp","width":1024,"height":671,"caption":"Presidente da C\u00e2mara dos Deputados, Arthur Lira"},{"@type":"BreadcrumbList","@id":"https:\/\/www.suno.com.br\/noticias\/taxacao-dividendos-financiara-auxilio-brasil-lira\/#breadcrumb","itemListElement":[{"@type":"ListItem","position":1,"name":"Not\u00edcias","item":"https:\/\/www.suno.com.br\/noticias\/"},{"@type":"ListItem","position":2,"name":"Neg\u00f3cios","item":"https:\/\/www.suno.com.br\/noticias\/negocios\/"},{"@type":"ListItem","position":3,"name":"Aux\u00edlio Brasil pode se tornar permanente, diz Arthur Lira"}]},{"@type":"WebSite","@id":"https:\/\/www.suno.com.br\/noticias\/#website","url":"https:\/\/www.suno.com.br\/noticias\/","name":"Suno Not\u00edcias","description":"Seu portal de informa\u00e7\u00e3o sobre o mundo dos investimentos","publisher":{"@id":"https:\/\/www.suno.com.br\/noticias\/#organization"},"potentialAction":[{"@type":"SearchAction","target":{"@type":"EntryPoint","urlTemplate":"https:\/\/www.suno.com.br\/noticias\/?s={search_term_string}"},"query-input":{"@type":"PropertyValueSpecification","valueRequired":true,"valueName":"search_term_string"}}],"inLanguage":"pt-BR"},{"@type":"Organization","@id":"https:\/\/www.suno.com.br\/noticias\/#organization","name":"Suno Not\u00edcias","url":"https:\/\/www.suno.com.br\/noticias\/","logo":{"@type":"ImageObject","inLanguage":"pt-BR","@id":"https:\/\/www.suno.com.br\/noticias\/#\/schema\/logo\/image\/","url":"https:\/\/files.sunoresearch.com.br\/n\/uploads\/2021\/09\/suno-logo.png","contentUrl":"https:\/\/files.sunoresearch.com.br\/n\/uploads\/2021\/09\/suno-logo.png","width":180,"height":180,"caption":"Suno Not\u00edcias"},"image":{"@id":"https:\/\/www.suno.com.br\/noticias\/#\/schema\/logo\/image\/"},"sameAs":["https:\/\/facebook.com\/sunoresearch","https:\/\/x.com\/sunoresearch","https:\/\/www.instagram.com\/suno","https:\/\/www.linkedin.com\/company\/suno-research\/","https:\/\/www.youtube.com\/c\/sunoresearch"]},{"@type":"Person","@id":"https:\/\/www.suno.com.br\/noticias\/#\/schema\/person\/06f0d962a6b1c54852e4860f16935600","name":"Bruno Galv\u00e3o","image":{"@type":"ImageObject","inLanguage":"pt-BR","@id":"https:\/\/www.suno.com.br\/noticias\/#\/schema\/person\/image\/","url":"https:\/\/secure.gravatar.com\/avatar\/53598df0b41c00f12f287a912d0e918e?s=96&r=g","contentUrl":"https:\/\/secure.gravatar.com\/avatar\/53598df0b41c00f12f287a912d0e918e?s=96&r=g","caption":"Bruno Galv\u00e3o"},"description":"Escreve para o portal Suno Not\u00edcias. \u00c9 estudante de Jornalismo pela Faculdade C\u00e1sper L\u00edbero e Letras pela USP. Entusiasta de tecnologia e intelig\u00eancia artificial.","url":"https:\/\/www.suno.com.br\/noticias\/author\/bruno-garcia\/"}]}},"default_loop_html":"<div class=\"cardsPage__listCard__boxs\"><div class=\"cardsPage__listCard__boxs__img\"><a href=\"https:\/\/www.suno.com.br\/noticias\/taxacao-dividendos-financiara-auxilio-brasil-lira\/\"><img class=\"mask\" src=\"https:\/\/www.suno.com.br\/noticias\/wp-content\/themes\/suno\/resources\/images\/spotlight\/spotlight1img\/bg-mask.png\" alt=\"Image Mask\"\/><img src=\"https:\/\/files.sunoresearch.com.br\/n\/uploads\/2021\/03\/9904e31a-1024px-deputado_arthur_lira_em_2016-400x200.webp\" alt=\"Aux\u00edlio Brasil pode se tornar permanente, diz Arthur Lira\"\/><\/a><span class=\"spotlightCategory\"><a href=\"https:\/\/www.suno.com.br\/noticias\/negocios\/\">Neg\u00f3cios<\/a><\/span><\/div><div class=\"cardsPage__listCard__boxs__content\"><a href=\"https:\/\/www.suno.com.br\/noticias\/taxacao-dividendos-financiara-auxilio-brasil-lira\/\"><h2 class=\"content__title\">Aux\u00edlio Brasil pode se tornar permanente, diz Arthur Lira<\/h2><\/a><div class=\"newsContent__article__meta\"><div class=\"newsContent__article__meta__authorBox\"><a href=\"https:\/\/www.suno.com.br\/noticias\/author\/bruno-garcia\/\" class=\"authorBox__avatar noMobi\"><img src=\"https:\/\/secure.gravatar.com\/avatar\/53598df0b41c00f12f287a912d0e918e?s=96&#038;r=g\" alt=\"Bruno Galv\u00e3o\"><\/a><div class=\"authorBox__name\"><span>por\n\t\t\t<a href=\"https:\/\/www.suno.com.br\/noticias\/author\/bruno-garcia\/\"><span itemprop=\"author\">Bruno Galv\u00e3o<\/span><\/a><\/span><time datetime=\"2021-10-26T20:41:10-03:00\" itemprop=\"datePublished\">26\/10\/2021 20:41<\/time><\/div><\/div><\/div><\/div><\/div>","single_layout":"posts","amp_enabled":true,"_links":{"self":[{"href":"https:\/\/www.suno.com.br\/noticias\/wp-json\/wp\/v2\/posts\/197676"}],"collection":[{"href":"https:\/\/www.suno.com.br\/noticias\/wp-json\/wp\/v2\/posts"}],"about":[{"href":"https:\/\/www.suno.com.br\/noticias\/wp-json\/wp\/v2\/types\/post"}],"author":[{"embeddable":true,"href":"https:\/\/www.suno.com.br\/noticias\/wp-json\/wp\/v2\/users\/118"}],"replies":[{"embeddable":true,"href":"https:\/\/www.suno.com.br\/noticias\/wp-json\/wp\/v2\/comments?post=197676"}],"version-history":[{"count":4,"href":"https:\/\/www.suno.com.br\/noticias\/wp-json\/wp\/v2\/posts\/197676\/revisions"}],"predecessor-version":[{"id":197740,"href":"https:\/\/www.suno.com.br\/noticias\/wp-json\/wp\/v2\/posts\/197676\/revisions\/197740"}],"wp:featuredmedia":[{"embeddable":true,"href":"https:\/\/www.suno.com.br\/noticias\/wp-json\/wp\/v2\/media\/128606"}],"wp:attachment":[{"href":"https:\/\/www.suno.com.br\/noticias\/wp-json\/wp\/v2\/media?parent=197676"}],"wp:term":[{"taxonomy":"category","embeddable":true,"href":"https:\/\/www.suno.com.br\/noticias\/wp-json\/wp\/v2\/categories?post=197676"},{"taxonomy":"post_tag","embeddable":true,"href":"https:\/\/www.suno.com.br\/noticias\/wp-json\/wp\/v2\/tags?post=197676"},{"taxonomy":"suno_strategy","embeddable":true,"href":"https:\/\/www.suno.com.br\/noticias\/wp-json\/wp\/v2\/suno_strategy?post=197676"}],"curies":[{"name":"wp","href":"https:\/\/api.w.org\/{rel}","templated":true}]}}