{"id":197656,"date":"2021-10-26T19:02:24","date_gmt":"2021-10-26T22:02:24","guid":{"rendered":"https:\/\/www.suno.com.br\/noticias\/?p=197656"},"modified":"2021-10-26T19:20:21","modified_gmt":"2021-10-26T22:20:21","slug":"credit-suisse-c1su34-preve-alta-de-15-p-p-da-selic-e-taxa-em-925-no-fim-de-2021","status":"publish","type":"post","link":"https:\/\/www.suno.com.br\/noticias\/credit-suisse-c1su34-preve-alta-de-15-p-p-da-selic-e-taxa-em-925-no-fim-de-2021\/","title":{"rendered":"Credit Suisse (C1SU34) prev\u00ea alta de 1,5 p.p. da Selic nesta quarta e aumenta estimativa de infla\u00e7\u00e3o"},"content":{"rendered":"<p>O Credit Suisse (C1SU34) revisou nesta ter\u00e7a-feira (26) a proje\u00e7\u00e3o para o \u00cdndice de Pre\u00e7os ao Consumidor Amplo (IPCA) de 9,1% para 9,8% em 2021 e a estimativa para a taxa b\u00e1sica de juros (<strong>Selic<\/strong>) de 8,75% a 9,25%.<\/p>\t<div class=\"wrapper-featured-image\">\n\t\t<figure class=\"spotlightImg\">\n\n\t\t\t<picture>\n\t\t\t\t<source media=\"(max-width: 768px)\" srcset=\"https:\/\/files.sunoresearch.com.br\/n\/uploads\/2021\/06\/0310b5f0-49964064697_040ade0f3c_k-400x200.webp\">\n\t\t\t\t<img loading=\"lazy\" decoding=\"async\" class=\"newsContent__article__imgCapa lazyloadDisabled \" src=\"https:\/\/files.sunoresearch.com.br\/n\/uploads\/2021\/06\/0310b5f0-49964064697_040ade0f3c_k-800x450.webp\" width=\"800\" height=\"450\" alt=\"Credit Suisse (C1SU34) prev\u00ea alta de 1,5 p.p. da Selic nesta quarta e aumenta estimativa de infla\u00e7\u00e3o\" fetchpriority=high \/>\n\t\t\t<\/picture>\n\n\t\t\t<figcaption class=\"wp-caption-text wp-caption-text--show\">Segundo O BC, todo relacionamento do cidad\u00e3o com o servi\u00e7o ser\u00e1 feito pela nova p\u00e1gina, e n\u00e3o ser\u00e1 poss\u00edvel acessar o sistema pelo site principal do \u00f3rg\u00e3o. Foto: Leonardo S\u00e1 Ag\u00eancia Senado<\/figcaption>\n\t\t<\/figure>\n\t<\/div>\n\n\n\t<p>\n\t\t<a href=\"https:\/\/lp.suno.com.br\/planilha-controle-gastos\/\" target=\"_blank\" data-element=\"shortcode-suno-banner\" title=\"Banner SUNO, clique e saiba mais\">\n\t\t\t<picture>\n\t\t\t\t<source media=\"(max-width: 500px)\" srcset=\"https:\/\/files.sunoresearch.com.br\/n\/uploads\/2023\/03\/400x300-Planilha-controle-de-gastos.png\">\n\t\t\t\t<img class=\"newsContent__article__imgCapa newsContent__article__imgCapa--banner\"\n\t\t\t\t\tsrc=\"https:\/\/files.sunoresearch.com.br\/n\/uploads\/2023\/03\/1420x240-Planilha-controle-de-gastos.png\"\n\t\t\t\t\tdata-promo-id=\"101751\"\t\t\t\t\t\t\t\t\t\twidth='1420' height='240'\t\t\t\t\talt=\"https:\/\/files.sunoresearch.com.br\/n\/uploads\/2023\/03\/1420x240-Planilha-controle-de-gastos.png\"\n\t\t\t\t>\n\t\t\t<\/picture>\n\t\t<\/a>\n\t<\/p>\n\n\n<p>A reavalia\u00e7\u00e3o do cen\u00e1rio para a<strong> taxa Selic<\/strong> e a infla\u00e7\u00e3o Pa\u00eds aconteceu ap\u00f3s o reajuste no pre\u00e7o dos combust\u00edveis pela <a class=\"suno-keyword\" href=\"https:\/\/www.suno.com.br\/acoes\/PETR4\/\" target=\"_blank\" rel=\"noopener\" data-force=\"yes\" data-priority=\"2\">Petrobras (PETR4)<\/a> e a divulga\u00e7\u00e3o do <a href=\"https:\/\/www.suno.com.br\/artigos\/ipca-15\/\">\u00cdndice Nacional de Pre\u00e7os ao Consumidor Amplo &#8211; 15 (IPCA-15)<\/a>. A pr\u00e9via da infla\u00e7\u00e3o saltou 1,20% em outubro, a maior varia\u00e7\u00e3o para o m\u00eas desde 1995, e acumula 10,34% em 12 meses.<\/p>\n<p>De acordo com os economistas Solange Srour e Lucas Vilela, o resultado do IPCA-15 continua apontando para uma din\u00e2mica desfavor\u00e1vel para a <strong>infla\u00e7\u00e3o<\/strong>, tanto quantitativa quanto qualitativamente.<\/p>\n<p>Para 2022, o Credit Suisse passou a esperar que o IPCA atinja 5,8% (ante 5,5%), devido ao maior impacto inercial esperado.<\/p>\n\t<p>\n\t\t<a href=\"https:\/\/lp.suno.com.br\/planilha-da-vida-financeira\/\" target=\"_blank\" data-element=\"shortcode-suno-banner\" title=\"Banner SUNO, clique e saiba mais\">\n\t\t\t<picture>\n\t\t\t\t<source media=\"(max-width: 500px)\" srcset=\"https:\/\/files.sunoresearch.com.br\/n\/uploads\/2023\/04\/400x300-Planilha-vida-financeira-true.png\">\n\t\t\t\t<img class=\"newsContent__article__imgCapa newsContent__article__imgCapa--banner\"\n\t\t\t\t\tsrc=\"https:\/\/files.sunoresearch.com.br\/n\/uploads\/2023\/04\/1420x240-Planilha-vida-financeira-true.png\"\n\t\t\t\t\tdata-promo-id=\"106682\"\t\t\t\t\t\t\t\t\t\twidth='1420' height='240'\t\t\t\t\talt=\"https:\/\/files.sunoresearch.com.br\/n\/uploads\/2023\/04\/1420x240-Planilha-vida-financeira-true.png\"\n\t\t\t\t>\n\t\t\t<\/picture>\n\t\t<\/a>\n\t<\/p>\n\n\n<h2>Credit Suisse prev\u00ea aumento mais robusto da Selic<\/h2>\n<p>O banco projeta que o <a href=\"https:\/\/www.suno.com.br\/artigos\/bacen\/\">Banco Central (BC)<\/a> acelere o ritmo do ciclo de altas e eleve a taxa Selic em 1,5 ponto percentual na reuni\u00e3o do Comit\u00ea de Pol\u00edtica Monet\u00e1ria (<strong>Copom<\/strong>) nesta quarta-feira (27).<\/p>\n<p>Em relat\u00f3rio anterior, o Credit Suisse havia argumentado pelo compromisso do governo com a responsabilidade fiscal, sem a qual a <a class=\"suno-keyword\" href=\"https:\/\/www.suno.com.br\/artigos\/aversao-ao-risco\/\" target=\"_blank\" rel=\"noopener\" data-force=\"no\" data-priority=\"1\">avers\u00e3o ao risco<\/a> poderia piorar e for\u00e7ar o BC a acelerar o ciclo de altas. Na an\u00e1lise dos economistas, as condi\u00e7\u00f5es n\u00e3o foram atendidas.<\/p>\n\t<p>\n\t\t<a href=\"https:\/\/lp.suno.com.br\/ebook-como-analisar-uma-acao\/\" target=\"_blank\" data-element=\"shortcode-suno-banner\" title=\"Banner SUNO, clique e saiba mais\">\n\t\t\t<picture>\n\t\t\t\t<source media=\"(max-width: 500px)\" srcset=\"https:\/\/files.sunoresearch.com.br\/n\/uploads\/2023\/03\/Ebook-Acoes-Mobile-1.jpg\">\n\t\t\t\t<img class=\"newsContent__article__imgCapa newsContent__article__imgCapa--banner\"\n\t\t\t\t\tsrc=\"https:\/\/files.sunoresearch.com.br\/n\/uploads\/2023\/03\/Ebook-Acoes-Desktop-1.jpg\"\n\t\t\t\t\tdata-promo-id=\"171998\"\t\t\t\t\t\t\t\t\t\twidth='1420' height='286'\t\t\t\t\talt=\"https:\/\/files.sunoresearch.com.br\/n\/uploads\/2023\/03\/Ebook-Acoes-Desktop-1.jpg\"\n\t\t\t\t>\n\t\t\t<\/picture>\n\t\t<\/a>\n\t<\/p>\n\n\n<p>&#8220;As taxas neutras mais elevadas ocasionadas pelo enfraquecimento do cen\u00e1rio fiscal e o pior balan\u00e7o de riscos para a infla\u00e7\u00e3o levar\u00e3o o banco central a aumentar mais rapidamente a taxa Selic e a elevar a <strong>taxa de juros<\/strong> para conter o aumento da infla\u00e7\u00e3o expectativas,&#8217; escreveram.<\/p>\n<p>Nas estimativas do banco, a taxa <strong>Selic<\/strong> deve subir 1,5 ponto percentual nas pr\u00f3ximas duas reuni\u00f5es do colegiado, nesta quarta-feira e em dezembro. A proje\u00e7\u00e3o para o final de 2022 \u00e9 de que a taxa b\u00e1sica de juros do Brasil chegue a 11,5%.<\/p>\n\t<p>\n\t\t<a href=\"\" target=\"_blank\" data-element=\"shortcode-suno-banner\" title=\"Banner SUNO, clique e saiba mais\">\n\t\t\t<picture>\n\t\t\t\t<source media=\"(max-width: 500px)\" srcset=\"\">\n\t\t\t\t<img class=\"newsContent__article__imgCapa newsContent__article__imgCapa--banner\"\n\t\t\t\t\tsrc=\"\"\n\t\t\t\t\tdata-promo-id=\"184190\"\t\t\t\t\t\t\t\t\t\t\t\t\t\t\talt=\"\"\n\t\t\t\t>\n\t\t\t<\/picture>\n\t\t<\/a>\n\t<\/p>\n\n\n","protected":false},"excerpt":{"rendered":"<p>O Credit Suisse (C1SU34) revisou nesta ter\u00e7a-feira (26) a proje\u00e7\u00e3o para o \u00cdndice de Pre\u00e7os ao Consumidor Amplo (IPCA) de 9,1% para 9,8% em 2021 e a estimativa para a taxa b\u00e1sica de juros (Selic) de 8,75% a 9,25%. Segundo O BC, todo relacionamento do cidad\u00e3o com o servi\u00e7o ser\u00e1 feito pela nova p\u00e1gina, e [&hellip;]<\/p>\n","protected":false},"author":35,"featured_media":158689,"comment_status":"closed","ping_status":"closed","sticky":false,"template":"","format":"standard","meta":[],"categories":[62],"tags":[1788,105816,966,290],"suno_strategy":[],"class_list":["post-197656","post","type-post","status-publish","format-standard","has-post-thumbnail","hentry","category-economia","tag-credit-suisse-c1su34","tag-especialistas","tag-ipca","tag-taxa-selic"],"yoast_head":"<!-- This site is optimized with the Yoast SEO plugin v24.4 - https:\/\/yoast.com\/wordpress\/plugins\/seo\/ -->\n<title>Credit prev\u00ea alta de 1,5 p.p. da Selic e taxa em 9,25% no fim de 2021<\/title>\n<meta name=\"description\" content=\"O Credit Suisse revisou IPCA de 9,1% para 9,8% em 2021 e a estimativa para a taxa Selic de 8,75% a 9,25%. Clique aqui para saber mais.\" \/>\n<meta name=\"robots\" content=\"index, follow, max-snippet:-1, max-image-preview:large, max-video-preview:-1\" \/>\n<link rel=\"canonical\" href=\"https:\/\/www.suno.com.br\/noticias\/credit-suisse-c1su34-preve-alta-de-15-p-p-da-selic-e-taxa-em-925-no-fim-de-2021\/\" \/>\n<meta property=\"og:locale\" content=\"pt_BR\" \/>\n<meta property=\"og:type\" content=\"article\" \/>\n<meta property=\"og:title\" content=\"Credit prev\u00ea alta de 1,5 p.p. da Selic e taxa em 9,25% no fim de 2021\" \/>\n<meta property=\"og:description\" content=\"O Credit Suisse revisou IPCA de 9,1% para 9,8% em 2021 e a estimativa para a taxa Selic de 8,75% a 9,25%. Clique aqui para saber mais.\" \/>\n<meta property=\"og:url\" content=\"https:\/\/www.suno.com.br\/noticias\/credit-suisse-c1su34-preve-alta-de-15-p-p-da-selic-e-taxa-em-925-no-fim-de-2021\/\" \/>\n<meta property=\"og:site_name\" content=\"Suno Not\u00edcias\" \/>\n<meta property=\"article:publisher\" content=\"https:\/\/facebook.com\/sunoresearch\" \/>\n<meta property=\"og:image\" content=\"https:\/\/files.sunoresearch.com.br\/n\/uploads\/2021\/06\/0310b5f0-49964064697_040ade0f3c_k.jpg\" \/>\n\t<meta property=\"og:image:width\" content=\"2048\" \/>\n\t<meta property=\"og:image:height\" content=\"1364\" \/>\n\t<meta property=\"og:image:type\" content=\"image\/jpeg\" \/>\n<meta name=\"author\" content=\"Arthur Guimar\u00e3es\" \/>\n<meta name=\"twitter:card\" content=\"summary_large_image\" \/>\n<meta name=\"twitter:creator\" content=\"@sunoresearch\" \/>\n<meta name=\"twitter:site\" content=\"@sunoresearch\" \/>\n<meta name=\"twitter:label1\" content=\"Escrito por\" \/>\n\t<meta name=\"twitter:data1\" content=\"Arthur Guimar\u00e3es\" \/>\n\t<meta name=\"twitter:label2\" content=\"Est. tempo de leitura\" \/>\n\t<meta name=\"twitter:data2\" content=\"2 minutos\" \/>\n<script type=\"application\/ld+json\" class=\"yoast-schema-graph\">{\"@context\":\"https:\/\/schema.org\",\"@graph\":[{\"@type\":\"NewsArticle\",\"@id\":\"https:\/\/www.suno.com.br\/noticias\/credit-suisse-c1su34-preve-alta-de-15-p-p-da-selic-e-taxa-em-925-no-fim-de-2021\/#article\",\"isPartOf\":{\"@id\":\"https:\/\/www.suno.com.br\/noticias\/credit-suisse-c1su34-preve-alta-de-15-p-p-da-selic-e-taxa-em-925-no-fim-de-2021\/\"},\"author\":{\"name\":\"Arthur Guimar\u00e3es\",\"@id\":\"https:\/\/www.suno.com.br\/noticias\/#\/schema\/person\/053a750a709a263919a20f976caae91c\"},\"headline\":\"Credit Suisse (C1SU34) prev\u00ea alta de 1,5 p.p. da Selic nesta quarta e aumenta estimativa de infla\u00e7\u00e3o\",\"datePublished\":\"2021-10-26T22:02:24+00:00\",\"dateModified\":\"2021-10-26T22:20:21+00:00\",\"mainEntityOfPage\":{\"@id\":\"https:\/\/www.suno.com.br\/noticias\/credit-suisse-c1su34-preve-alta-de-15-p-p-da-selic-e-taxa-em-925-no-fim-de-2021\/\"},\"wordCount\":372,\"publisher\":{\"@id\":\"https:\/\/www.suno.com.br\/noticias\/#organization\"},\"image\":{\"@id\":\"https:\/\/www.suno.com.br\/noticias\/credit-suisse-c1su34-preve-alta-de-15-p-p-da-selic-e-taxa-em-925-no-fim-de-2021\/#primaryimage\"},\"thumbnailUrl\":\"https:\/\/files.sunoresearch.com.br\/n\/uploads\/2021\/06\/0310b5f0-49964064697_040ade0f3c_k-jpg.webp\",\"keywords\":[\"Credit Suisse (C1SU34)\",\"Especialistas\",\"IPCA\",\"Taxa Selic\"],\"articleSection\":[\"Economia\"],\"inLanguage\":\"pt-BR\"},{\"@type\":\"WebPage\",\"@id\":\"https:\/\/www.suno.com.br\/noticias\/credit-suisse-c1su34-preve-alta-de-15-p-p-da-selic-e-taxa-em-925-no-fim-de-2021\/\",\"url\":\"https:\/\/www.suno.com.br\/noticias\/credit-suisse-c1su34-preve-alta-de-15-p-p-da-selic-e-taxa-em-925-no-fim-de-2021\/\",\"name\":\"Credit prev\u00ea alta de 1,5 p.p. da Selic e taxa em 9,25% no fim de 2021\",\"isPartOf\":{\"@id\":\"https:\/\/www.suno.com.br\/noticias\/#website\"},\"primaryImageOfPage\":{\"@id\":\"https:\/\/www.suno.com.br\/noticias\/credit-suisse-c1su34-preve-alta-de-15-p-p-da-selic-e-taxa-em-925-no-fim-de-2021\/#primaryimage\"},\"image\":{\"@id\":\"https:\/\/www.suno.com.br\/noticias\/credit-suisse-c1su34-preve-alta-de-15-p-p-da-selic-e-taxa-em-925-no-fim-de-2021\/#primaryimage\"},\"thumbnailUrl\":\"https:\/\/files.sunoresearch.com.br\/n\/uploads\/2021\/06\/0310b5f0-49964064697_040ade0f3c_k-jpg.webp\",\"datePublished\":\"2021-10-26T22:02:24+00:00\",\"dateModified\":\"2021-10-26T22:20:21+00:00\",\"description\":\"O Credit Suisse revisou IPCA de 9,1% para 9,8% em 2021 e a estimativa para a taxa Selic de 8,75% a 9,25%. Clique aqui para saber mais.\",\"breadcrumb\":{\"@id\":\"https:\/\/www.suno.com.br\/noticias\/credit-suisse-c1su34-preve-alta-de-15-p-p-da-selic-e-taxa-em-925-no-fim-de-2021\/#breadcrumb\"},\"inLanguage\":\"pt-BR\",\"potentialAction\":[{\"@type\":\"ReadAction\",\"target\":[\"https:\/\/www.suno.com.br\/noticias\/credit-suisse-c1su34-preve-alta-de-15-p-p-da-selic-e-taxa-em-925-no-fim-de-2021\/\"]}]},{\"@type\":\"ImageObject\",\"inLanguage\":\"pt-BR\",\"@id\":\"https:\/\/www.suno.com.br\/noticias\/credit-suisse-c1su34-preve-alta-de-15-p-p-da-selic-e-taxa-em-925-no-fim-de-2021\/#primaryimage\",\"url\":\"https:\/\/files.sunoresearch.com.br\/n\/uploads\/2021\/06\/0310b5f0-49964064697_040ade0f3c_k-jpg.webp\",\"contentUrl\":\"https:\/\/files.sunoresearch.com.br\/n\/uploads\/2021\/06\/0310b5f0-49964064697_040ade0f3c_k-jpg.webp\",\"width\":2048,\"height\":1364,\"caption\":\"Segundo O BC, todo relacionamento do cidad\u00e3o com o servi\u00e7o ser\u00e1 feito pela nova p\u00e1gina, e n\u00e3o ser\u00e1 poss\u00edvel acessar o sistema pelo site principal do \u00f3rg\u00e3o. Foto: Leonardo S\u00e1 Ag\u00eancia Senado\"},{\"@type\":\"BreadcrumbList\",\"@id\":\"https:\/\/www.suno.com.br\/noticias\/credit-suisse-c1su34-preve-alta-de-15-p-p-da-selic-e-taxa-em-925-no-fim-de-2021\/#breadcrumb\",\"itemListElement\":[{\"@type\":\"ListItem\",\"position\":1,\"name\":\"Not\u00edcias\",\"item\":\"https:\/\/www.suno.com.br\/noticias\/\"},{\"@type\":\"ListItem\",\"position\":2,\"name\":\"Economia\",\"item\":\"https:\/\/www.suno.com.br\/noticias\/economia\/\"},{\"@type\":\"ListItem\",\"position\":3,\"name\":\"Credit Suisse (C1SU34) prev\u00ea alta de 1,5 p.p. da Selic nesta quarta e aumenta estimativa de infla\u00e7\u00e3o\"}]},{\"@type\":\"WebSite\",\"@id\":\"https:\/\/www.suno.com.br\/noticias\/#website\",\"url\":\"https:\/\/www.suno.com.br\/noticias\/\",\"name\":\"Suno Not\u00edcias\",\"description\":\"Seu portal de informa\u00e7\u00e3o sobre o mundo dos investimentos\",\"publisher\":{\"@id\":\"https:\/\/www.suno.com.br\/noticias\/#organization\"},\"potentialAction\":[{\"@type\":\"SearchAction\",\"target\":{\"@type\":\"EntryPoint\",\"urlTemplate\":\"https:\/\/www.suno.com.br\/noticias\/?s={search_term_string}\"},\"query-input\":{\"@type\":\"PropertyValueSpecification\",\"valueRequired\":true,\"valueName\":\"search_term_string\"}}],\"inLanguage\":\"pt-BR\"},{\"@type\":\"Organization\",\"@id\":\"https:\/\/www.suno.com.br\/noticias\/#organization\",\"name\":\"Suno Not\u00edcias\",\"url\":\"https:\/\/www.suno.com.br\/noticias\/\",\"logo\":{\"@type\":\"ImageObject\",\"inLanguage\":\"pt-BR\",\"@id\":\"https:\/\/www.suno.com.br\/noticias\/#\/schema\/logo\/image\/\",\"url\":\"https:\/\/files.sunoresearch.com.br\/n\/uploads\/2021\/09\/suno-logo.png\",\"contentUrl\":\"https:\/\/files.sunoresearch.com.br\/n\/uploads\/2021\/09\/suno-logo.png\",\"width\":180,\"height\":180,\"caption\":\"Suno Not\u00edcias\"},\"image\":{\"@id\":\"https:\/\/www.suno.com.br\/noticias\/#\/schema\/logo\/image\/\"},\"sameAs\":[\"https:\/\/facebook.com\/sunoresearch\",\"https:\/\/x.com\/sunoresearch\",\"https:\/\/www.instagram.com\/suno\",\"https:\/\/www.linkedin.com\/company\/suno-research\/\",\"https:\/\/www.youtube.com\/c\/sunoresearch\"]},{\"@type\":\"Person\",\"@id\":\"https:\/\/www.suno.com.br\/noticias\/#\/schema\/person\/053a750a709a263919a20f976caae91c\",\"name\":\"Arthur Guimar\u00e3es\",\"image\":{\"@type\":\"ImageObject\",\"inLanguage\":\"pt-BR\",\"@id\":\"https:\/\/www.suno.com.br\/noticias\/#\/schema\/person\/image\/\",\"url\":\"https:\/\/secure.gravatar.com\/avatar\/1affd86a11209ae09eb6dd3bcad3e96c?s=96&r=g\",\"contentUrl\":\"https:\/\/secure.gravatar.com\/avatar\/1affd86a11209ae09eb6dd3bcad3e96c?s=96&r=g\",\"caption\":\"Arthur Guimar\u00e3es\"},\"description\":\"Arthur Guimar\u00e3es escreve sobre pol\u00edtica, economia e neg\u00f3cios para o portal de not\u00edcias da Suno Research. Atualmente, \u00e9 estudante de jornalismo pela Faculdade C\u00e1sper L\u00edbero.\",\"url\":\"https:\/\/www.suno.com.br\/noticias\/author\/arthur-guimaraes\/\"}]}<\/script>\n<!-- \/ Yoast SEO plugin. -->","yoast_head_json":{"title":"Credit prev\u00ea alta de 1,5 p.p. da Selic e taxa em 9,25% no fim de 2021","description":"O Credit Suisse revisou IPCA de 9,1% para 9,8% em 2021 e a estimativa para a taxa Selic de 8,75% a 9,25%. Clique aqui para saber mais.","robots":{"index":"index","follow":"follow","max-snippet":"max-snippet:-1","max-image-preview":"max-image-preview:large","max-video-preview":"max-video-preview:-1"},"canonical":"https:\/\/www.suno.com.br\/noticias\/credit-suisse-c1su34-preve-alta-de-15-p-p-da-selic-e-taxa-em-925-no-fim-de-2021\/","og_locale":"pt_BR","og_type":"article","og_title":"Credit prev\u00ea alta de 1,5 p.p. da Selic e taxa em 9,25% no fim de 2021","og_description":"O Credit Suisse revisou IPCA de 9,1% para 9,8% em 2021 e a estimativa para a taxa Selic de 8,75% a 9,25%. Clique aqui para saber mais.","og_url":"https:\/\/www.suno.com.br\/noticias\/credit-suisse-c1su34-preve-alta-de-15-p-p-da-selic-e-taxa-em-925-no-fim-de-2021\/","og_site_name":"Suno Not\u00edcias","article_publisher":"https:\/\/facebook.com\/sunoresearch","og_image":[{"width":2048,"height":1364,"url":"https:\/\/files.sunoresearch.com.br\/n\/uploads\/2021\/06\/0310b5f0-49964064697_040ade0f3c_k.jpg","type":"image\/jpeg"}],"author":"Arthur Guimar\u00e3es","twitter_card":"summary_large_image","twitter_creator":"@sunoresearch","twitter_site":"@sunoresearch","twitter_misc":{"Escrito por":"Arthur Guimar\u00e3es","Est. tempo de leitura":"2 minutos"},"schema":{"@context":"https:\/\/schema.org","@graph":[{"@type":"NewsArticle","@id":"https:\/\/www.suno.com.br\/noticias\/credit-suisse-c1su34-preve-alta-de-15-p-p-da-selic-e-taxa-em-925-no-fim-de-2021\/#article","isPartOf":{"@id":"https:\/\/www.suno.com.br\/noticias\/credit-suisse-c1su34-preve-alta-de-15-p-p-da-selic-e-taxa-em-925-no-fim-de-2021\/"},"author":{"name":"Arthur Guimar\u00e3es","@id":"https:\/\/www.suno.com.br\/noticias\/#\/schema\/person\/053a750a709a263919a20f976caae91c"},"headline":"Credit Suisse (C1SU34) prev\u00ea alta de 1,5 p.p. da Selic nesta quarta e aumenta estimativa de infla\u00e7\u00e3o","datePublished":"2021-10-26T22:02:24+00:00","dateModified":"2021-10-26T22:20:21+00:00","mainEntityOfPage":{"@id":"https:\/\/www.suno.com.br\/noticias\/credit-suisse-c1su34-preve-alta-de-15-p-p-da-selic-e-taxa-em-925-no-fim-de-2021\/"},"wordCount":372,"publisher":{"@id":"https:\/\/www.suno.com.br\/noticias\/#organization"},"image":{"@id":"https:\/\/www.suno.com.br\/noticias\/credit-suisse-c1su34-preve-alta-de-15-p-p-da-selic-e-taxa-em-925-no-fim-de-2021\/#primaryimage"},"thumbnailUrl":"https:\/\/files.sunoresearch.com.br\/n\/uploads\/2021\/06\/0310b5f0-49964064697_040ade0f3c_k-jpg.webp","keywords":["Credit Suisse (C1SU34)","Especialistas","IPCA","Taxa Selic"],"articleSection":["Economia"],"inLanguage":"pt-BR"},{"@type":"WebPage","@id":"https:\/\/www.suno.com.br\/noticias\/credit-suisse-c1su34-preve-alta-de-15-p-p-da-selic-e-taxa-em-925-no-fim-de-2021\/","url":"https:\/\/www.suno.com.br\/noticias\/credit-suisse-c1su34-preve-alta-de-15-p-p-da-selic-e-taxa-em-925-no-fim-de-2021\/","name":"Credit prev\u00ea alta de 1,5 p.p. da Selic e taxa em 9,25% no fim de 2021","isPartOf":{"@id":"https:\/\/www.suno.com.br\/noticias\/#website"},"primaryImageOfPage":{"@id":"https:\/\/www.suno.com.br\/noticias\/credit-suisse-c1su34-preve-alta-de-15-p-p-da-selic-e-taxa-em-925-no-fim-de-2021\/#primaryimage"},"image":{"@id":"https:\/\/www.suno.com.br\/noticias\/credit-suisse-c1su34-preve-alta-de-15-p-p-da-selic-e-taxa-em-925-no-fim-de-2021\/#primaryimage"},"thumbnailUrl":"https:\/\/files.sunoresearch.com.br\/n\/uploads\/2021\/06\/0310b5f0-49964064697_040ade0f3c_k-jpg.webp","datePublished":"2021-10-26T22:02:24+00:00","dateModified":"2021-10-26T22:20:21+00:00","description":"O Credit Suisse revisou IPCA de 9,1% para 9,8% em 2021 e a estimativa para a taxa Selic de 8,75% a 9,25%. Clique aqui para saber mais.","breadcrumb":{"@id":"https:\/\/www.suno.com.br\/noticias\/credit-suisse-c1su34-preve-alta-de-15-p-p-da-selic-e-taxa-em-925-no-fim-de-2021\/#breadcrumb"},"inLanguage":"pt-BR","potentialAction":[{"@type":"ReadAction","target":["https:\/\/www.suno.com.br\/noticias\/credit-suisse-c1su34-preve-alta-de-15-p-p-da-selic-e-taxa-em-925-no-fim-de-2021\/"]}]},{"@type":"ImageObject","inLanguage":"pt-BR","@id":"https:\/\/www.suno.com.br\/noticias\/credit-suisse-c1su34-preve-alta-de-15-p-p-da-selic-e-taxa-em-925-no-fim-de-2021\/#primaryimage","url":"https:\/\/files.sunoresearch.com.br\/n\/uploads\/2021\/06\/0310b5f0-49964064697_040ade0f3c_k-jpg.webp","contentUrl":"https:\/\/files.sunoresearch.com.br\/n\/uploads\/2021\/06\/0310b5f0-49964064697_040ade0f3c_k-jpg.webp","width":2048,"height":1364,"caption":"Segundo O BC, todo relacionamento do cidad\u00e3o com o servi\u00e7o ser\u00e1 feito pela nova p\u00e1gina, e n\u00e3o ser\u00e1 poss\u00edvel acessar o sistema pelo site principal do \u00f3rg\u00e3o. Foto: Leonardo S\u00e1 Ag\u00eancia Senado"},{"@type":"BreadcrumbList","@id":"https:\/\/www.suno.com.br\/noticias\/credit-suisse-c1su34-preve-alta-de-15-p-p-da-selic-e-taxa-em-925-no-fim-de-2021\/#breadcrumb","itemListElement":[{"@type":"ListItem","position":1,"name":"Not\u00edcias","item":"https:\/\/www.suno.com.br\/noticias\/"},{"@type":"ListItem","position":2,"name":"Economia","item":"https:\/\/www.suno.com.br\/noticias\/economia\/"},{"@type":"ListItem","position":3,"name":"Credit Suisse (C1SU34) prev\u00ea alta de 1,5 p.p. da Selic nesta quarta e aumenta estimativa de infla\u00e7\u00e3o"}]},{"@type":"WebSite","@id":"https:\/\/www.suno.com.br\/noticias\/#website","url":"https:\/\/www.suno.com.br\/noticias\/","name":"Suno Not\u00edcias","description":"Seu portal de informa\u00e7\u00e3o sobre o mundo dos investimentos","publisher":{"@id":"https:\/\/www.suno.com.br\/noticias\/#organization"},"potentialAction":[{"@type":"SearchAction","target":{"@type":"EntryPoint","urlTemplate":"https:\/\/www.suno.com.br\/noticias\/?s={search_term_string}"},"query-input":{"@type":"PropertyValueSpecification","valueRequired":true,"valueName":"search_term_string"}}],"inLanguage":"pt-BR"},{"@type":"Organization","@id":"https:\/\/www.suno.com.br\/noticias\/#organization","name":"Suno Not\u00edcias","url":"https:\/\/www.suno.com.br\/noticias\/","logo":{"@type":"ImageObject","inLanguage":"pt-BR","@id":"https:\/\/www.suno.com.br\/noticias\/#\/schema\/logo\/image\/","url":"https:\/\/files.sunoresearch.com.br\/n\/uploads\/2021\/09\/suno-logo.png","contentUrl":"https:\/\/files.sunoresearch.com.br\/n\/uploads\/2021\/09\/suno-logo.png","width":180,"height":180,"caption":"Suno Not\u00edcias"},"image":{"@id":"https:\/\/www.suno.com.br\/noticias\/#\/schema\/logo\/image\/"},"sameAs":["https:\/\/facebook.com\/sunoresearch","https:\/\/x.com\/sunoresearch","https:\/\/www.instagram.com\/suno","https:\/\/www.linkedin.com\/company\/suno-research\/","https:\/\/www.youtube.com\/c\/sunoresearch"]},{"@type":"Person","@id":"https:\/\/www.suno.com.br\/noticias\/#\/schema\/person\/053a750a709a263919a20f976caae91c","name":"Arthur Guimar\u00e3es","image":{"@type":"ImageObject","inLanguage":"pt-BR","@id":"https:\/\/www.suno.com.br\/noticias\/#\/schema\/person\/image\/","url":"https:\/\/secure.gravatar.com\/avatar\/1affd86a11209ae09eb6dd3bcad3e96c?s=96&r=g","contentUrl":"https:\/\/secure.gravatar.com\/avatar\/1affd86a11209ae09eb6dd3bcad3e96c?s=96&r=g","caption":"Arthur Guimar\u00e3es"},"description":"Arthur Guimar\u00e3es escreve sobre pol\u00edtica, economia e neg\u00f3cios para o portal de not\u00edcias da Suno Research. Atualmente, \u00e9 estudante de jornalismo pela Faculdade C\u00e1sper L\u00edbero.","url":"https:\/\/www.suno.com.br\/noticias\/author\/arthur-guimaraes\/"}]}},"default_loop_html":"<div class=\"cardsPage__listCard__boxs\"><div class=\"cardsPage__listCard__boxs__img\"><a href=\"https:\/\/www.suno.com.br\/noticias\/credit-suisse-c1su34-preve-alta-de-15-p-p-da-selic-e-taxa-em-925-no-fim-de-2021\/\"><img class=\"mask\" src=\"https:\/\/www.suno.com.br\/noticias\/wp-content\/themes\/suno\/resources\/images\/spotlight\/spotlight1img\/bg-mask.png\" alt=\"Image Mask\"\/><img src=\"https:\/\/files.sunoresearch.com.br\/n\/uploads\/2021\/06\/0310b5f0-49964064697_040ade0f3c_k-400x200.webp\" alt=\"Credit Suisse (C1SU34) prev\u00ea alta de 1,5 p.p. da Selic nesta quarta e aumenta estimativa de infla\u00e7\u00e3o\"\/><\/a><span class=\"spotlightCategory\"><a href=\"https:\/\/www.suno.com.br\/noticias\/economia\/\">Economia<\/a><\/span><\/div><div class=\"cardsPage__listCard__boxs__content\"><a href=\"https:\/\/www.suno.com.br\/noticias\/credit-suisse-c1su34-preve-alta-de-15-p-p-da-selic-e-taxa-em-925-no-fim-de-2021\/\"><h2 class=\"content__title\">Credit Suisse (C1SU34) prev\u00ea alta de 1,5 p.p. da Selic nesta quarta e aumenta estimativa de infla\u00e7\u00e3o<\/h2><\/a><div class=\"newsContent__article__meta\"><div class=\"newsContent__article__meta__authorBox\"><a href=\"https:\/\/www.suno.com.br\/noticias\/author\/arthur-guimaraes\/\" class=\"authorBox__avatar noMobi\"><img src=\"https:\/\/files.sunoresearch.com.br\/n\/uploads\/2020\/02\/dfb40897-eu-150x150.webp\" alt=\"Arthur Guimar\u00e3es\"><\/a><div class=\"authorBox__name\"><span>por\n\t\t\t<a href=\"https:\/\/www.suno.com.br\/noticias\/author\/arthur-guimaraes\/\"><span itemprop=\"author\">Arthur Guimar\u00e3es<\/span><\/a><\/span><time datetime=\"2021-10-26T19:02:24-03:00\" itemprop=\"datePublished\">26\/10\/2021 19:02<\/time><\/div><\/div><\/div><\/div><\/div>","single_layout":"posts","amp_enabled":true,"_links":{"self":[{"href":"https:\/\/www.suno.com.br\/noticias\/wp-json\/wp\/v2\/posts\/197656"}],"collection":[{"href":"https:\/\/www.suno.com.br\/noticias\/wp-json\/wp\/v2\/posts"}],"about":[{"href":"https:\/\/www.suno.com.br\/noticias\/wp-json\/wp\/v2\/types\/post"}],"author":[{"embeddable":true,"href":"https:\/\/www.suno.com.br\/noticias\/wp-json\/wp\/v2\/users\/35"}],"replies":[{"embeddable":true,"href":"https:\/\/www.suno.com.br\/noticias\/wp-json\/wp\/v2\/comments?post=197656"}],"version-history":[{"count":3,"href":"https:\/\/www.suno.com.br\/noticias\/wp-json\/wp\/v2\/posts\/197656\/revisions"}],"predecessor-version":[{"id":197696,"href":"https:\/\/www.suno.com.br\/noticias\/wp-json\/wp\/v2\/posts\/197656\/revisions\/197696"}],"wp:featuredmedia":[{"embeddable":true,"href":"https:\/\/www.suno.com.br\/noticias\/wp-json\/wp\/v2\/media\/158689"}],"wp:attachment":[{"href":"https:\/\/www.suno.com.br\/noticias\/wp-json\/wp\/v2\/media?parent=197656"}],"wp:term":[{"taxonomy":"category","embeddable":true,"href":"https:\/\/www.suno.com.br\/noticias\/wp-json\/wp\/v2\/categories?post=197656"},{"taxonomy":"post_tag","embeddable":true,"href":"https:\/\/www.suno.com.br\/noticias\/wp-json\/wp\/v2\/tags?post=197656"},{"taxonomy":"suno_strategy","embeddable":true,"href":"https:\/\/www.suno.com.br\/noticias\/wp-json\/wp\/v2\/suno_strategy?post=197656"}],"curies":[{"name":"wp","href":"https:\/\/api.w.org\/{rel}","templated":true}]}}