{"id":197639,"date":"2021-10-27T09:53:17","date_gmt":"2021-10-27T12:53:17","guid":{"rendered":"https:\/\/www.suno.com.br\/noticias\/?p=197639"},"modified":"2021-10-27T09:53:17","modified_gmt":"2021-10-27T12:53:17","slug":"camara-deve-votar-nesta-quarta-feira-a-pec-dos-precatorios","status":"publish","type":"post","link":"https:\/\/www.suno.com.br\/noticias\/camara-deve-votar-nesta-quarta-feira-a-pec-dos-precatorios\/","title":{"rendered":"C\u00e2mara deve votar nesta quarta-feira a PEC dos Precat\u00f3rios"},"content":{"rendered":"<p>A C\u00e2mara dos Deputados deve votar nesta a quarta-feira, 27, a Proposta de Emenda \u00e0 Constitui\u00e7\u00e3o <strong>(PEC) dos Precat\u00f3rios<\/strong>, que cria um limite para pagamento de d\u00edvidas judiciais e flexibiliza tamb\u00e9m o teto de gastos para abrir caminho ao Aux\u00edlio Brasil turbinado a R$ 400 mensais em ano eleitoral.<\/p>\t<div class=\"wrapper-featured-image\">\n\t\t<figure class=\"spotlightImg\">\n\n\t\t\t<picture>\n\t\t\t\t<source media=\"(max-width: 768px)\" srcset=\"https:\/\/files.sunoresearch.com.br\/n\/uploads\/2021\/08\/0cd5a35d-camara-dos-deputados-ebc-400x200.jpg\">\n\t\t\t\t<img loading=\"lazy\" decoding=\"async\" class=\"newsContent__article__imgCapa lazyloadDisabled \" src=\"https:\/\/files.sunoresearch.com.br\/n\/uploads\/2021\/08\/0cd5a35d-camara-dos-deputados-ebc-800x450.jpg\" width=\"800\" height=\"450\" alt=\"C\u00e2mara deve votar nesta quarta-feira a PEC dos Precat\u00f3rios\" fetchpriority=high \/>\n\t\t\t<\/picture>\n\n\t\t\t<figcaption class=\"wp-caption-text wp-caption-text--show\">PEC vota\u00e7\u00e3o - Foto: Marcelo Camargo\/Ag\u00eancia Brasil<\/figcaption>\n\t\t<\/figure>\n\t<\/div>\n\n\n\t<p>\n\t\t<a href=\"https:\/\/lp.suno.com.br\/planilha-controle-gastos\/\" target=\"_blank\" data-element=\"shortcode-suno-banner\" title=\"Banner SUNO, clique e saiba mais\">\n\t\t\t<picture>\n\t\t\t\t<source media=\"(max-width: 500px)\" srcset=\"https:\/\/files.sunoresearch.com.br\/n\/uploads\/2023\/03\/400x300-Planilha-controle-de-gastos.png\">\n\t\t\t\t<img class=\"newsContent__article__imgCapa newsContent__article__imgCapa--banner\"\n\t\t\t\t\tsrc=\"https:\/\/files.sunoresearch.com.br\/n\/uploads\/2023\/03\/1420x240-Planilha-controle-de-gastos.png\"\n\t\t\t\t\tdata-promo-id=\"101751\"\t\t\t\t\t\t\t\t\t\twidth='1420' height='240'\t\t\t\t\talt=\"https:\/\/files.sunoresearch.com.br\/n\/uploads\/2023\/03\/1420x240-Planilha-controle-de-gastos.png\"\n\t\t\t\t>\n\t\t\t<\/picture>\n\t\t<\/a>\n\t<\/p>\n\n\n<p>Segundo o <strong>presidente da C\u00e2mara<\/strong>, Arthur Lira (PP-AL), h\u00e1 &#8220;quest\u00f5es legais de adequa\u00e7\u00e3o de texto&#8221; da PEC dos precat\u00f3rios para serem discutidas ainda com as bancadas. Conforme apurou o<em> jornal O Estado de S.Paulo<\/em>, o governo j\u00e1 admite nos bastidores que a vota\u00e7\u00e3o ficou para hoje para &#8220;clarificar&#8221; partes do texto que t\u00eam gerado d\u00favida entre parlamentares.<\/p>\n<p>Lira disse ontem que tem dialogado com l\u00edderes da base do governo e que vai procurar lideran\u00e7as da oposi\u00e7\u00e3o &#8220;para ter um sentimento sobre o texto&#8221; da PEC. &#8220;Muito provavelmente estar\u00e1 pronto para ir \u00e0 vota\u00e7\u00e3o amanh\u00e3 [quarta-feira]&#8221;, afirmou.<\/p>\n\t<p>\n\t\t<a href=\"https:\/\/lp.suno.com.br\/planilha-da-vida-financeira\/\" target=\"_blank\" data-element=\"shortcode-suno-banner\" title=\"Banner SUNO, clique e saiba mais\">\n\t\t\t<picture>\n\t\t\t\t<source media=\"(max-width: 500px)\" srcset=\"https:\/\/files.sunoresearch.com.br\/n\/uploads\/2023\/04\/400x300-Planilha-vida-financeira-true.png\">\n\t\t\t\t<img class=\"newsContent__article__imgCapa newsContent__article__imgCapa--banner\"\n\t\t\t\t\tsrc=\"https:\/\/files.sunoresearch.com.br\/n\/uploads\/2023\/04\/1420x240-Planilha-vida-financeira-true.png\"\n\t\t\t\t\tdata-promo-id=\"106682\"\t\t\t\t\t\t\t\t\t\twidth='1420' height='240'\t\t\t\t\talt=\"https:\/\/files.sunoresearch.com.br\/n\/uploads\/2023\/04\/1420x240-Planilha-vida-financeira-true.png\"\n\t\t\t\t>\n\t\t\t<\/picture>\n\t\t<\/a>\n\t<\/p>\n\n\n<h2>Lira espera que PEC dos Precat\u00f3rios tenha votos na Casa<\/h2>\n<p>Segundo ele, eventualmente podem ser apresentadas emendas de texto ou supressivas ao texto da PEC durante a vota\u00e7\u00e3o no <strong>plen\u00e1rio da C\u00e2mara<\/strong>, &#8220;sempre para o melhor&#8221;. &#8220;Vamos aferir amanh\u00e3 [no caso hoje] se ter\u00e1 ou n\u00e3o votos, espero que tenha&#8221;, disse.<\/p>\n<p>Defensor do<strong> teto de gastos<\/strong>, a regra que limita o avan\u00e7o das despesas \u00e0 <strong>infla\u00e7\u00e3o<\/strong>, Lira voltou a falar na necessidade de atender \u00e0s<strong> fam\u00edlias de baixa renda<\/strong>. Embora busque se distanciar do carimbo de flexibiliza\u00e7\u00e3o do teto de gastos, dizendo que tinha proposta de encaminhamento era &#8220;diferente da do governo&#8221;, ele afirma que seria &#8220;insensibilidade n\u00e3o tratar desse assunto&#8221;.<\/p>\n\t<div data-element=\"shortcode-read-more\" class=\"knowMore\">\n\t\t\t\t<span class=\"knowMore__title\">Veja Tamb\u00e9m<\/span>\n\t\t\t\t<a class=\"knowMore__link\" href=\"https:\/\/www.suno.com.br\/noticias\/governo-muda-teto-de-gastos-pec-dos-precatorios\/\">\n\t\t\tEm jeitinho fiscal, governo muda c\u00e1lculo do teto de gastos na PEC dos Precat\u00f3rios\t\t<\/a>\n\t<\/div>\n\n\n<p>&#8220;Tivemos aprova\u00e7\u00e3o ano passado a PEC (do or\u00e7amento) de guerra, que abriu para R$ 700 bilh\u00f5es em despesas. Se fecharmos os olhos para os efeitos da infla\u00e7\u00e3o, que \u00e9 mundial, se fecharmos os olhos para os pre\u00e7os de commodities, para os problemas de energia, para o aumento de combust\u00edveis que impacta na vida dos mais humildes, se fecharmos os olhos para 20 milh\u00f5es de fam\u00edlias que est\u00e3o passando fome, abaixo da linha da pobreza, \u00e9 uma insensibilidade n\u00e3o tratar desse assunto&#8221;, comentou o presidente da C\u00e2mara sobre a vota\u00e7\u00e3o da <strong>PEC dos Precat\u00f3rios<\/strong>.<\/p>\n<p><em>(Com informa\u00e7\u00f5es do Estad\u00e3o Conte\u00fado)<\/em><\/p>\n\t<p>\n\t\t<a href=\"https:\/\/lp.suno.com.br\/planilha-de-controle-de-investimentos\/\" target=\"_blank\" data-element=\"shortcode-suno-banner\" title=\"Banner SUNO, clique e saiba mais\">\n\t\t\t<picture>\n\t\t\t\t<source media=\"(max-width: 500px)\" srcset=\"https:\/\/files.sunoresearch.com.br\/n\/uploads\/2023\/03\/400x300-Controle-de-Investimentos.png\">\n\t\t\t\t<img class=\"newsContent__article__imgCapa newsContent__article__imgCapa--banner\"\n\t\t\t\t\tsrc=\"https:\/\/files.sunoresearch.com.br\/n\/uploads\/2023\/03\/1420x240-Controle-de-Investimentos.png\"\n\t\t\t\t\tdata-promo-id=\"75934\"\t\t\t\t\t\t\t\t\t\twidth='1420' height='240'\t\t\t\t\talt=\"https:\/\/files.sunoresearch.com.br\/n\/uploads\/2023\/03\/1420x240-Controle-de-Investimentos.png\"\n\t\t\t\t>\n\t\t\t<\/picture>\n\t\t<\/a>\n\t<\/p>\n\n\n","protected":false},"excerpt":{"rendered":"<p>A C\u00e2mara dos Deputados deve votar nesta a quarta-feira, 27, a Proposta de Emenda \u00e0 Constitui\u00e7\u00e3o (PEC) dos Precat\u00f3rios, que cria um limite para pagamento de d\u00edvidas judiciais e flexibiliza tamb\u00e9m o teto de gastos para abrir caminho ao Aux\u00edlio Brasil turbinado a R$ 400 mensais em ano eleitoral. PEC vota\u00e7\u00e3o &#8211; Foto: Marcelo Camargo\/Ag\u00eancia [&hellip;]<\/p>\n","protected":false},"author":15,"featured_media":171985,"comment_status":"closed","ping_status":"closed","sticky":false,"template":"","format":"standard","meta":[],"categories":[64],"tags":[104858,938,1127],"suno_strategy":[],"class_list":["post-197639","post","type-post","status-publish","format-standard","has-post-thumbnail","hentry","category-negocios","tag-arthur-lira","tag-camara-dos-deputados","tag-pec-do-teto"],"yoast_head":"<!-- This site is optimized with the Yoast SEO plugin v24.4 - https:\/\/yoast.com\/wordpress\/plugins\/seo\/ -->\n<title>C\u00e2mara deve votar nesta quarta-feira a PEC dos Precat\u00f3rios<\/title>\n<meta name=\"description\" content=\"Segundo o presidente da C\u00e2mara, h\u00e1 &quot;quest\u00f5es legais de adequa\u00e7\u00e3o de texto&quot; da PEC dos precat\u00f3rios para serem discutidas. Clique aqui\" \/>\n<meta name=\"robots\" content=\"index, follow, max-snippet:-1, max-image-preview:large, max-video-preview:-1\" \/>\n<link rel=\"canonical\" href=\"https:\/\/www.suno.com.br\/noticias\/camara-deve-votar-nesta-quarta-feira-a-pec-dos-precatorios\/\" \/>\n<meta property=\"og:locale\" content=\"pt_BR\" \/>\n<meta property=\"og:type\" content=\"article\" \/>\n<meta property=\"og:title\" content=\"C\u00e2mara deve votar nesta quarta-feira a PEC dos Precat\u00f3rios\" \/>\n<meta property=\"og:description\" content=\"Segundo o presidente da C\u00e2mara, h\u00e1 &quot;quest\u00f5es legais de adequa\u00e7\u00e3o de texto&quot; da PEC dos precat\u00f3rios para serem discutidas. Clique aqui\" \/>\n<meta property=\"og:url\" content=\"https:\/\/www.suno.com.br\/noticias\/camara-deve-votar-nesta-quarta-feira-a-pec-dos-precatorios\/\" \/>\n<meta property=\"og:site_name\" content=\"Suno Not\u00edcias\" \/>\n<meta property=\"article:publisher\" content=\"https:\/\/facebook.com\/sunoresearch\" \/>\n<meta property=\"og:image\" content=\"https:\/\/files.sunoresearch.com.br\/n\/uploads\/2021\/08\/0cd5a35d-camara-dos-deputados-ebc-scaled.jpg\" \/>\n\t<meta property=\"og:image:width\" content=\"2560\" \/>\n\t<meta property=\"og:image:height\" content=\"1707\" \/>\n\t<meta property=\"og:image:type\" content=\"image\/jpeg\" \/>\n<meta name=\"author\" content=\"Poliana Santos\" \/>\n<meta name=\"twitter:card\" content=\"summary_large_image\" \/>\n<meta name=\"twitter:creator\" content=\"@sunoresearch\" \/>\n<meta name=\"twitter:site\" content=\"@sunoresearch\" \/>\n<meta name=\"twitter:label1\" content=\"Escrito por\" \/>\n\t<meta name=\"twitter:data1\" content=\"Poliana Santos\" \/>\n\t<meta name=\"twitter:label2\" content=\"Est. tempo de leitura\" \/>\n\t<meta name=\"twitter:data2\" content=\"2 minutos\" \/>\n<script type=\"application\/ld+json\" class=\"yoast-schema-graph\">{\"@context\":\"https:\/\/schema.org\",\"@graph\":[{\"@type\":\"NewsArticle\",\"@id\":\"https:\/\/www.suno.com.br\/noticias\/camara-deve-votar-nesta-quarta-feira-a-pec-dos-precatorios\/#article\",\"isPartOf\":{\"@id\":\"https:\/\/www.suno.com.br\/noticias\/camara-deve-votar-nesta-quarta-feira-a-pec-dos-precatorios\/\"},\"author\":{\"name\":\"Poliana Santos\",\"@id\":\"https:\/\/www.suno.com.br\/noticias\/#\/schema\/person\/02ec1f752758247878a2bf4abee1aeda\"},\"headline\":\"C\u00e2mara deve votar nesta quarta-feira a PEC dos Precat\u00f3rios\",\"datePublished\":\"2021-10-27T12:53:17+00:00\",\"mainEntityOfPage\":{\"@id\":\"https:\/\/www.suno.com.br\/noticias\/camara-deve-votar-nesta-quarta-feira-a-pec-dos-precatorios\/\"},\"wordCount\":417,\"publisher\":{\"@id\":\"https:\/\/www.suno.com.br\/noticias\/#organization\"},\"image\":{\"@id\":\"https:\/\/www.suno.com.br\/noticias\/camara-deve-votar-nesta-quarta-feira-a-pec-dos-precatorios\/#primaryimage\"},\"thumbnailUrl\":\"https:\/\/files.sunoresearch.com.br\/n\/uploads\/2021\/08\/0cd5a35d-camara-dos-deputados-ebc-scaled.jpg\",\"keywords\":[\"Arthur Lira\",\"C\u00e2mara dos Deputados\",\"PEC do teto\"],\"articleSection\":[\"Neg\u00f3cios\"],\"inLanguage\":\"pt-BR\"},{\"@type\":\"WebPage\",\"@id\":\"https:\/\/www.suno.com.br\/noticias\/camara-deve-votar-nesta-quarta-feira-a-pec-dos-precatorios\/\",\"url\":\"https:\/\/www.suno.com.br\/noticias\/camara-deve-votar-nesta-quarta-feira-a-pec-dos-precatorios\/\",\"name\":\"C\u00e2mara deve votar nesta quarta-feira a PEC dos Precat\u00f3rios\",\"isPartOf\":{\"@id\":\"https:\/\/www.suno.com.br\/noticias\/#website\"},\"primaryImageOfPage\":{\"@id\":\"https:\/\/www.suno.com.br\/noticias\/camara-deve-votar-nesta-quarta-feira-a-pec-dos-precatorios\/#primaryimage\"},\"image\":{\"@id\":\"https:\/\/www.suno.com.br\/noticias\/camara-deve-votar-nesta-quarta-feira-a-pec-dos-precatorios\/#primaryimage\"},\"thumbnailUrl\":\"https:\/\/files.sunoresearch.com.br\/n\/uploads\/2021\/08\/0cd5a35d-camara-dos-deputados-ebc-scaled.jpg\",\"datePublished\":\"2021-10-27T12:53:17+00:00\",\"description\":\"Segundo o presidente da C\u00e2mara, h\u00e1 \\\"quest\u00f5es legais de adequa\u00e7\u00e3o de texto\\\" da PEC dos precat\u00f3rios para serem discutidas. Clique aqui\",\"breadcrumb\":{\"@id\":\"https:\/\/www.suno.com.br\/noticias\/camara-deve-votar-nesta-quarta-feira-a-pec-dos-precatorios\/#breadcrumb\"},\"inLanguage\":\"pt-BR\",\"potentialAction\":[{\"@type\":\"ReadAction\",\"target\":[\"https:\/\/www.suno.com.br\/noticias\/camara-deve-votar-nesta-quarta-feira-a-pec-dos-precatorios\/\"]}]},{\"@type\":\"ImageObject\",\"inLanguage\":\"pt-BR\",\"@id\":\"https:\/\/www.suno.com.br\/noticias\/camara-deve-votar-nesta-quarta-feira-a-pec-dos-precatorios\/#primaryimage\",\"url\":\"https:\/\/files.sunoresearch.com.br\/n\/uploads\/2021\/08\/0cd5a35d-camara-dos-deputados-ebc-scaled.jpg\",\"contentUrl\":\"https:\/\/files.sunoresearch.com.br\/n\/uploads\/2021\/08\/0cd5a35d-camara-dos-deputados-ebc-scaled.jpg\",\"width\":2560,\"height\":1707,\"caption\":\"PEC vota\u00e7\u00e3o - Foto: Marcelo Camargo\/Ag\u00eancia Brasil\"},{\"@type\":\"BreadcrumbList\",\"@id\":\"https:\/\/www.suno.com.br\/noticias\/camara-deve-votar-nesta-quarta-feira-a-pec-dos-precatorios\/#breadcrumb\",\"itemListElement\":[{\"@type\":\"ListItem\",\"position\":1,\"name\":\"Not\u00edcias\",\"item\":\"https:\/\/www.suno.com.br\/noticias\/\"},{\"@type\":\"ListItem\",\"position\":2,\"name\":\"Neg\u00f3cios\",\"item\":\"https:\/\/www.suno.com.br\/noticias\/negocios\/\"},{\"@type\":\"ListItem\",\"position\":3,\"name\":\"C\u00e2mara deve votar nesta quarta-feira a PEC dos Precat\u00f3rios\"}]},{\"@type\":\"WebSite\",\"@id\":\"https:\/\/www.suno.com.br\/noticias\/#website\",\"url\":\"https:\/\/www.suno.com.br\/noticias\/\",\"name\":\"Suno Not\u00edcias\",\"description\":\"Seu portal de informa\u00e7\u00e3o sobre o mundo dos investimentos\",\"publisher\":{\"@id\":\"https:\/\/www.suno.com.br\/noticias\/#organization\"},\"potentialAction\":[{\"@type\":\"SearchAction\",\"target\":{\"@type\":\"EntryPoint\",\"urlTemplate\":\"https:\/\/www.suno.com.br\/noticias\/?s={search_term_string}\"},\"query-input\":{\"@type\":\"PropertyValueSpecification\",\"valueRequired\":true,\"valueName\":\"search_term_string\"}}],\"inLanguage\":\"pt-BR\"},{\"@type\":\"Organization\",\"@id\":\"https:\/\/www.suno.com.br\/noticias\/#organization\",\"name\":\"Suno Not\u00edcias\",\"url\":\"https:\/\/www.suno.com.br\/noticias\/\",\"logo\":{\"@type\":\"ImageObject\",\"inLanguage\":\"pt-BR\",\"@id\":\"https:\/\/www.suno.com.br\/noticias\/#\/schema\/logo\/image\/\",\"url\":\"https:\/\/files.sunoresearch.com.br\/n\/uploads\/2021\/09\/suno-logo.png\",\"contentUrl\":\"https:\/\/files.sunoresearch.com.br\/n\/uploads\/2021\/09\/suno-logo.png\",\"width\":180,\"height\":180,\"caption\":\"Suno Not\u00edcias\"},\"image\":{\"@id\":\"https:\/\/www.suno.com.br\/noticias\/#\/schema\/logo\/image\/\"},\"sameAs\":[\"https:\/\/facebook.com\/sunoresearch\",\"https:\/\/x.com\/sunoresearch\",\"https:\/\/www.instagram.com\/suno\",\"https:\/\/www.linkedin.com\/company\/suno-research\/\",\"https:\/\/www.youtube.com\/c\/sunoresearch\"]},{\"@type\":\"Person\",\"@id\":\"https:\/\/www.suno.com.br\/noticias\/#\/schema\/person\/02ec1f752758247878a2bf4abee1aeda\",\"name\":\"Poliana Santos\",\"image\":{\"@type\":\"ImageObject\",\"inLanguage\":\"pt-BR\",\"@id\":\"https:\/\/www.suno.com.br\/noticias\/#\/schema\/person\/image\/\",\"url\":\"https:\/\/secure.gravatar.com\/avatar\/0645bd32f23d87b2130f2b2dff1d3f8d?s=96&r=g\",\"contentUrl\":\"https:\/\/secure.gravatar.com\/avatar\/0645bd32f23d87b2130f2b2dff1d3f8d?s=96&r=g\",\"caption\":\"Poliana Santos\"},\"description\":\"Rep\u00f3rter no Suno Not\u00edcias, com cobertura em mercado financeiro, economia, finan\u00e7as pessoais, renda fixa e varejo. Jornalista formada pela Faculdade C\u00e1sper L\u00edbero e possui passagem na R\u00e1dio Gazeta AM com a produ\u00e7\u00e3o de conte\u00fado sobre economia, pol\u00edtica, sa\u00fade, moda e m\u00fasica. Possui certificado de conclus\u00e3o do curso de An\u00e1lise de Balan\u00e7os pela Funda\u00e7\u00e3o Bradesco, Agenda Brasil pela FAAP, Educa\u00e7\u00e3o Pol\u00edtica por Alexandre Garcia e do Tesouro Direto e Mercado de A\u00e7\u00f5es pela B3.\",\"url\":\"https:\/\/www.suno.com.br\/noticias\/author\/poliana-santos\/\"}]}<\/script>\n<!-- \/ Yoast SEO plugin. -->","yoast_head_json":{"title":"C\u00e2mara deve votar nesta quarta-feira a PEC dos Precat\u00f3rios","description":"Segundo o presidente da C\u00e2mara, h\u00e1 \"quest\u00f5es legais de adequa\u00e7\u00e3o de texto\" da PEC dos precat\u00f3rios para serem discutidas. Clique aqui","robots":{"index":"index","follow":"follow","max-snippet":"max-snippet:-1","max-image-preview":"max-image-preview:large","max-video-preview":"max-video-preview:-1"},"canonical":"https:\/\/www.suno.com.br\/noticias\/camara-deve-votar-nesta-quarta-feira-a-pec-dos-precatorios\/","og_locale":"pt_BR","og_type":"article","og_title":"C\u00e2mara deve votar nesta quarta-feira a PEC dos Precat\u00f3rios","og_description":"Segundo o presidente da C\u00e2mara, h\u00e1 \"quest\u00f5es legais de adequa\u00e7\u00e3o de texto\" da PEC dos precat\u00f3rios para serem discutidas. Clique aqui","og_url":"https:\/\/www.suno.com.br\/noticias\/camara-deve-votar-nesta-quarta-feira-a-pec-dos-precatorios\/","og_site_name":"Suno Not\u00edcias","article_publisher":"https:\/\/facebook.com\/sunoresearch","og_image":[{"width":2560,"height":1707,"url":"https:\/\/files.sunoresearch.com.br\/n\/uploads\/2021\/08\/0cd5a35d-camara-dos-deputados-ebc-scaled.jpg","type":"image\/jpeg"}],"author":"Poliana Santos","twitter_card":"summary_large_image","twitter_creator":"@sunoresearch","twitter_site":"@sunoresearch","twitter_misc":{"Escrito por":"Poliana Santos","Est. tempo de leitura":"2 minutos"},"schema":{"@context":"https:\/\/schema.org","@graph":[{"@type":"NewsArticle","@id":"https:\/\/www.suno.com.br\/noticias\/camara-deve-votar-nesta-quarta-feira-a-pec-dos-precatorios\/#article","isPartOf":{"@id":"https:\/\/www.suno.com.br\/noticias\/camara-deve-votar-nesta-quarta-feira-a-pec-dos-precatorios\/"},"author":{"name":"Poliana Santos","@id":"https:\/\/www.suno.com.br\/noticias\/#\/schema\/person\/02ec1f752758247878a2bf4abee1aeda"},"headline":"C\u00e2mara deve votar nesta quarta-feira a PEC dos Precat\u00f3rios","datePublished":"2021-10-27T12:53:17+00:00","mainEntityOfPage":{"@id":"https:\/\/www.suno.com.br\/noticias\/camara-deve-votar-nesta-quarta-feira-a-pec-dos-precatorios\/"},"wordCount":417,"publisher":{"@id":"https:\/\/www.suno.com.br\/noticias\/#organization"},"image":{"@id":"https:\/\/www.suno.com.br\/noticias\/camara-deve-votar-nesta-quarta-feira-a-pec-dos-precatorios\/#primaryimage"},"thumbnailUrl":"https:\/\/files.sunoresearch.com.br\/n\/uploads\/2021\/08\/0cd5a35d-camara-dos-deputados-ebc-scaled.jpg","keywords":["Arthur Lira","C\u00e2mara dos Deputados","PEC do teto"],"articleSection":["Neg\u00f3cios"],"inLanguage":"pt-BR"},{"@type":"WebPage","@id":"https:\/\/www.suno.com.br\/noticias\/camara-deve-votar-nesta-quarta-feira-a-pec-dos-precatorios\/","url":"https:\/\/www.suno.com.br\/noticias\/camara-deve-votar-nesta-quarta-feira-a-pec-dos-precatorios\/","name":"C\u00e2mara deve votar nesta quarta-feira a PEC dos Precat\u00f3rios","isPartOf":{"@id":"https:\/\/www.suno.com.br\/noticias\/#website"},"primaryImageOfPage":{"@id":"https:\/\/www.suno.com.br\/noticias\/camara-deve-votar-nesta-quarta-feira-a-pec-dos-precatorios\/#primaryimage"},"image":{"@id":"https:\/\/www.suno.com.br\/noticias\/camara-deve-votar-nesta-quarta-feira-a-pec-dos-precatorios\/#primaryimage"},"thumbnailUrl":"https:\/\/files.sunoresearch.com.br\/n\/uploads\/2021\/08\/0cd5a35d-camara-dos-deputados-ebc-scaled.jpg","datePublished":"2021-10-27T12:53:17+00:00","description":"Segundo o presidente da C\u00e2mara, h\u00e1 \"quest\u00f5es legais de adequa\u00e7\u00e3o de texto\" da PEC dos precat\u00f3rios para serem discutidas. Clique aqui","breadcrumb":{"@id":"https:\/\/www.suno.com.br\/noticias\/camara-deve-votar-nesta-quarta-feira-a-pec-dos-precatorios\/#breadcrumb"},"inLanguage":"pt-BR","potentialAction":[{"@type":"ReadAction","target":["https:\/\/www.suno.com.br\/noticias\/camara-deve-votar-nesta-quarta-feira-a-pec-dos-precatorios\/"]}]},{"@type":"ImageObject","inLanguage":"pt-BR","@id":"https:\/\/www.suno.com.br\/noticias\/camara-deve-votar-nesta-quarta-feira-a-pec-dos-precatorios\/#primaryimage","url":"https:\/\/files.sunoresearch.com.br\/n\/uploads\/2021\/08\/0cd5a35d-camara-dos-deputados-ebc-scaled.jpg","contentUrl":"https:\/\/files.sunoresearch.com.br\/n\/uploads\/2021\/08\/0cd5a35d-camara-dos-deputados-ebc-scaled.jpg","width":2560,"height":1707,"caption":"PEC vota\u00e7\u00e3o - Foto: Marcelo Camargo\/Ag\u00eancia Brasil"},{"@type":"BreadcrumbList","@id":"https:\/\/www.suno.com.br\/noticias\/camara-deve-votar-nesta-quarta-feira-a-pec-dos-precatorios\/#breadcrumb","itemListElement":[{"@type":"ListItem","position":1,"name":"Not\u00edcias","item":"https:\/\/www.suno.com.br\/noticias\/"},{"@type":"ListItem","position":2,"name":"Neg\u00f3cios","item":"https:\/\/www.suno.com.br\/noticias\/negocios\/"},{"@type":"ListItem","position":3,"name":"C\u00e2mara deve votar nesta quarta-feira a PEC dos Precat\u00f3rios"}]},{"@type":"WebSite","@id":"https:\/\/www.suno.com.br\/noticias\/#website","url":"https:\/\/www.suno.com.br\/noticias\/","name":"Suno Not\u00edcias","description":"Seu portal de informa\u00e7\u00e3o sobre o mundo dos investimentos","publisher":{"@id":"https:\/\/www.suno.com.br\/noticias\/#organization"},"potentialAction":[{"@type":"SearchAction","target":{"@type":"EntryPoint","urlTemplate":"https:\/\/www.suno.com.br\/noticias\/?s={search_term_string}"},"query-input":{"@type":"PropertyValueSpecification","valueRequired":true,"valueName":"search_term_string"}}],"inLanguage":"pt-BR"},{"@type":"Organization","@id":"https:\/\/www.suno.com.br\/noticias\/#organization","name":"Suno Not\u00edcias","url":"https:\/\/www.suno.com.br\/noticias\/","logo":{"@type":"ImageObject","inLanguage":"pt-BR","@id":"https:\/\/www.suno.com.br\/noticias\/#\/schema\/logo\/image\/","url":"https:\/\/files.sunoresearch.com.br\/n\/uploads\/2021\/09\/suno-logo.png","contentUrl":"https:\/\/files.sunoresearch.com.br\/n\/uploads\/2021\/09\/suno-logo.png","width":180,"height":180,"caption":"Suno Not\u00edcias"},"image":{"@id":"https:\/\/www.suno.com.br\/noticias\/#\/schema\/logo\/image\/"},"sameAs":["https:\/\/facebook.com\/sunoresearch","https:\/\/x.com\/sunoresearch","https:\/\/www.instagram.com\/suno","https:\/\/www.linkedin.com\/company\/suno-research\/","https:\/\/www.youtube.com\/c\/sunoresearch"]},{"@type":"Person","@id":"https:\/\/www.suno.com.br\/noticias\/#\/schema\/person\/02ec1f752758247878a2bf4abee1aeda","name":"Poliana Santos","image":{"@type":"ImageObject","inLanguage":"pt-BR","@id":"https:\/\/www.suno.com.br\/noticias\/#\/schema\/person\/image\/","url":"https:\/\/secure.gravatar.com\/avatar\/0645bd32f23d87b2130f2b2dff1d3f8d?s=96&r=g","contentUrl":"https:\/\/secure.gravatar.com\/avatar\/0645bd32f23d87b2130f2b2dff1d3f8d?s=96&r=g","caption":"Poliana Santos"},"description":"Rep\u00f3rter no Suno Not\u00edcias, com cobertura em mercado financeiro, economia, finan\u00e7as pessoais, renda fixa e varejo. Jornalista formada pela Faculdade C\u00e1sper L\u00edbero e possui passagem na R\u00e1dio Gazeta AM com a produ\u00e7\u00e3o de conte\u00fado sobre economia, pol\u00edtica, sa\u00fade, moda e m\u00fasica. Possui certificado de conclus\u00e3o do curso de An\u00e1lise de Balan\u00e7os pela Funda\u00e7\u00e3o Bradesco, Agenda Brasil pela FAAP, Educa\u00e7\u00e3o Pol\u00edtica por Alexandre Garcia e do Tesouro Direto e Mercado de A\u00e7\u00f5es pela B3.","url":"https:\/\/www.suno.com.br\/noticias\/author\/poliana-santos\/"}]}},"default_loop_html":"<div class=\"cardsPage__listCard__boxs\"><div class=\"cardsPage__listCard__boxs__img\"><a href=\"https:\/\/www.suno.com.br\/noticias\/camara-deve-votar-nesta-quarta-feira-a-pec-dos-precatorios\/\"><img class=\"mask\" src=\"https:\/\/www.suno.com.br\/noticias\/wp-content\/themes\/suno\/resources\/images\/spotlight\/spotlight1img\/bg-mask.png\" alt=\"Image Mask\"\/><img src=\"https:\/\/files.sunoresearch.com.br\/n\/uploads\/2021\/08\/0cd5a35d-camara-dos-deputados-ebc-400x200.jpg\" alt=\"C\u00e2mara deve votar nesta quarta-feira a PEC dos Precat\u00f3rios\"\/><\/a><span class=\"spotlightCategory\"><a href=\"https:\/\/www.suno.com.br\/noticias\/negocios\/\">Neg\u00f3cios<\/a><\/span><\/div><div class=\"cardsPage__listCard__boxs__content\"><a href=\"https:\/\/www.suno.com.br\/noticias\/camara-deve-votar-nesta-quarta-feira-a-pec-dos-precatorios\/\"><h2 class=\"content__title\">C\u00e2mara deve votar nesta quarta-feira a PEC dos Precat\u00f3rios<\/h2><\/a><div class=\"newsContent__article__meta\"><div class=\"newsContent__article__meta__authorBox\"><a href=\"https:\/\/www.suno.com.br\/noticias\/author\/poliana-santos\/\" class=\"authorBox__avatar noMobi\"><img src=\"https:\/\/files.sunoresearch.com.br\/n\/uploads\/2020\/08\/7ef34026-whatsapp-image-2020-08-03-at-12.37.57-150x150.webp\" alt=\"Poliana Santos\"><\/a><div class=\"authorBox__name\"><span>por\n\t\t\t<a href=\"https:\/\/www.suno.com.br\/noticias\/author\/poliana-santos\/\"><span itemprop=\"author\">Poliana Santos<\/span><\/a><\/span><time datetime=\"2021-10-27T09:53:17-03:00\" itemprop=\"datePublished\">27\/10\/2021 09:53<\/time><\/div><\/div><\/div><\/div><\/div>","single_layout":"posts","amp_enabled":true,"_links":{"self":[{"href":"https:\/\/www.suno.com.br\/noticias\/wp-json\/wp\/v2\/posts\/197639"}],"collection":[{"href":"https:\/\/www.suno.com.br\/noticias\/wp-json\/wp\/v2\/posts"}],"about":[{"href":"https:\/\/www.suno.com.br\/noticias\/wp-json\/wp\/v2\/types\/post"}],"author":[{"embeddable":true,"href":"https:\/\/www.suno.com.br\/noticias\/wp-json\/wp\/v2\/users\/15"}],"replies":[{"embeddable":true,"href":"https:\/\/www.suno.com.br\/noticias\/wp-json\/wp\/v2\/comments?post=197639"}],"version-history":[{"count":5,"href":"https:\/\/www.suno.com.br\/noticias\/wp-json\/wp\/v2\/posts\/197639\/revisions"}],"predecessor-version":[{"id":197862,"href":"https:\/\/www.suno.com.br\/noticias\/wp-json\/wp\/v2\/posts\/197639\/revisions\/197862"}],"wp:featuredmedia":[{"embeddable":true,"href":"https:\/\/www.suno.com.br\/noticias\/wp-json\/wp\/v2\/media\/171985"}],"wp:attachment":[{"href":"https:\/\/www.suno.com.br\/noticias\/wp-json\/wp\/v2\/media?parent=197639"}],"wp:term":[{"taxonomy":"category","embeddable":true,"href":"https:\/\/www.suno.com.br\/noticias\/wp-json\/wp\/v2\/categories?post=197639"},{"taxonomy":"post_tag","embeddable":true,"href":"https:\/\/www.suno.com.br\/noticias\/wp-json\/wp\/v2\/tags?post=197639"},{"taxonomy":"suno_strategy","embeddable":true,"href":"https:\/\/www.suno.com.br\/noticias\/wp-json\/wp\/v2\/suno_strategy?post=197639"}],"curies":[{"name":"wp","href":"https:\/\/api.w.org\/{rel}","templated":true}]}}