{"id":197604,"date":"2021-10-26T20:57:50","date_gmt":"2021-10-26T23:57:50","guid":{"rendered":"https:\/\/www.suno.com.br\/noticias\/?p=197604"},"modified":"2021-10-26T20:57:50","modified_gmt":"2021-10-26T23:57:50","slug":"petroleiros-planejam-greve-nacional-contra-privatizacao-da-petrobras-petr4","status":"publish","type":"post","link":"https:\/\/www.suno.com.br\/noticias\/petroleiros-planejam-greve-nacional-contra-privatizacao-da-petrobras-petr4\/","title":{"rendered":"Petroleiros planejam greve nacional contra privatiza\u00e7\u00e3o da Petrobras (PETR4)"},"content":{"rendered":"<p>Aa Federa\u00e7\u00e3o \u00danica dos Petroleiros (FUP) anunciou uma agenda de mobiliza\u00e7\u00f5es em oposi\u00e7\u00e3o ao plano de privatiza\u00e7\u00e3o da <strong>Petrobras<\/strong> (PETR4). A agenda inclui greve nacional dos petroleiros por tempo indeterminado, caso o governo apresente um projeto de lei ao Congresso para privatizar a estatal.<\/p>\t<div class=\"wrapper-featured-image\">\n\t\t<figure class=\"spotlightImg\">\n\n\t\t\t<picture>\n\t\t\t\t<source media=\"(max-width: 768px)\" srcset=\"https:\/\/files.sunoresearch.com.br\/n\/uploads\/2020\/09\/fe0b627f-petrobras-400x400-1-400x200.webp\">\n\t\t\t\t<img loading=\"lazy\" decoding=\"async\" class=\"newsContent__article__imgCapa lazyloadDisabled \" src=\"https:\/\/files.sunoresearch.com.br\/n\/uploads\/2020\/09\/fe0b627f-petrobras-400x400-1-jpeg.webp\" width=\"800\" height=\"450\" alt=\"Petroleiros planejam greve nacional contra privatiza\u00e7\u00e3o da Petrobras (PETR4)\" fetchpriority=high \/>\n\t\t\t<\/picture>\n\n\t\t\t<figcaption class=\"wp-caption-text wp-caption-text--show\">Os petroleiros protestam contra a venda da Petrobras. Foto: divulga\u00e7\u00e3o<\/figcaption>\n\t\t<\/figure>\n\t<\/div>\n\n\n\t<p>\n\t\t<a href=\"https:\/\/lp.suno.com.br\/planilha-controle-gastos\/\" target=\"_blank\" data-element=\"shortcode-suno-banner\" title=\"Banner SUNO, clique e saiba mais\">\n\t\t\t<picture>\n\t\t\t\t<source media=\"(max-width: 500px)\" srcset=\"https:\/\/files.sunoresearch.com.br\/n\/uploads\/2023\/03\/400x300-Planilha-controle-de-gastos.png\">\n\t\t\t\t<img class=\"newsContent__article__imgCapa newsContent__article__imgCapa--banner\"\n\t\t\t\t\tsrc=\"https:\/\/files.sunoresearch.com.br\/n\/uploads\/2023\/03\/1420x240-Planilha-controle-de-gastos.png\"\n\t\t\t\t\tdata-promo-id=\"101751\"\t\t\t\t\t\t\t\t\t\twidth='1420' height='240'\t\t\t\t\talt=\"https:\/\/files.sunoresearch.com.br\/n\/uploads\/2023\/03\/1420x240-Planilha-controle-de-gastos.png\"\n\t\t\t\t>\n\t\t\t<\/picture>\n\t\t<\/a>\n\t<\/p>\n\n\n<p>&#8220;A <strong>FUP<\/strong> e sindicatos decidiram iniciar um novo processo de mobiliza\u00e7\u00e3o da categoria petroleira contra a venda da <strong>maior empresa do Brasil<\/strong> e da Am\u00e9rica Latina. Caso tente privatizar a <a class=\"suno-keyword\" href=\"https:\/\/www.suno.com.br\/acoes\/PETR4\/\" target=\"_blank\" rel=\"noopener\" data-force=\"yes\" data-priority=\"2\">Petrobras<\/a>, o governo federal enfrentar\u00e1 a greve mais forte da hist\u00f3ria da categoria em defesa do patrim\u00f4nio p\u00fablico nacional&#8221;, avisa o coordenador-geral da FUP, Deyvid Bacelar.<\/p>\n<p>Na segunda (25), o ministro da Economia, <strong>Paulo Guedes,<\/strong> voltou a sinalizar apoio \u00e0 privatiza\u00e7\u00e3o da Petrobras, como uma forma de extrair mais r\u00e1pido o petr\u00f3leo e g\u00e1s natural brasileiros, assunto tamb\u00e9m abordado pelo presidente da Rep\u00fablica, Jair Bolsonaro. As a\u00e7\u00f5es da estatal subiram mais de 6% ap\u00f3s as declara\u00e7\u00f5es do ministro.<\/p>\n\t<p>\n\t\t<a href=\"https:\/\/lp.suno.com.br\/planilha-da-vida-financeira\/\" target=\"_blank\" data-element=\"shortcode-suno-banner\" title=\"Banner SUNO, clique e saiba mais\">\n\t\t\t<picture>\n\t\t\t\t<source media=\"(max-width: 500px)\" srcset=\"https:\/\/files.sunoresearch.com.br\/n\/uploads\/2023\/04\/400x300-Planilha-vida-financeira-true.png\">\n\t\t\t\t<img class=\"newsContent__article__imgCapa newsContent__article__imgCapa--banner\"\n\t\t\t\t\tsrc=\"https:\/\/files.sunoresearch.com.br\/n\/uploads\/2023\/04\/1420x240-Planilha-vida-financeira-true.png\"\n\t\t\t\t\tdata-promo-id=\"106682\"\t\t\t\t\t\t\t\t\t\twidth='1420' height='240'\t\t\t\t\talt=\"https:\/\/files.sunoresearch.com.br\/n\/uploads\/2023\/04\/1420x240-Planilha-vida-financeira-true.png\"\n\t\t\t\t>\n\t\t\t<\/picture>\n\t\t<\/a>\n\t<\/p>\n\n\n<p>\u201cO presidente <strong>Jair Bolsonaro<\/strong> falou que estudaria o que iria fazer com a Petrobras. S\u00e3o muitos os motivos\u00a0<em>[para fazer a privatiza\u00e7\u00e3o]<\/em>: estamos com crise h\u00eddrica, tivemos esc\u00e2ndalos de corrup\u00e7\u00e3o, s\u00e3o 30 a 40 anos de\u00a0<strong>monop\u00f3lio<\/strong>\u00a0no setor el\u00e9trico e no de petr\u00f3leo. Se daqui a 10 ou 20 anos, o mundo inteiro migrar para hidrog\u00eanio e energia limpa, abandonando o\u00a0<strong>combust\u00edvel f\u00f3ssil,\u00a0<\/strong>a Petrobras acabar valendo zero daqui a 30 anos\u201d, argumentou Guedes.<\/p>\n<p>&#8220;A Petrobras sempre cumpriu seu papel de<strong> desenvolvimento nacional<\/strong> e regional, gerando emprego e renda, apesar de, nos governos Temer e Bolsonaro, terem se afastado de seu <strong>papel social,<\/strong> que precisa ser resgatado&#8221;, afirmou Bacelar.<\/p>\n\t<p>\n\t\t<a href=\"https:\/\/lp.suno.com.br\/ebook-como-analisar-uma-acao\/\" target=\"_blank\" data-element=\"shortcode-suno-banner\" title=\"Banner SUNO, clique e saiba mais\">\n\t\t\t<picture>\n\t\t\t\t<source media=\"(max-width: 500px)\" srcset=\"https:\/\/files.sunoresearch.com.br\/n\/uploads\/2023\/03\/Ebook-Acoes-Mobile-1.jpg\">\n\t\t\t\t<img class=\"newsContent__article__imgCapa newsContent__article__imgCapa--banner\"\n\t\t\t\t\tsrc=\"https:\/\/files.sunoresearch.com.br\/n\/uploads\/2023\/03\/Ebook-Acoes-Desktop-1.jpg\"\n\t\t\t\t\tdata-promo-id=\"171998\"\t\t\t\t\t\t\t\t\t\twidth='1420' height='286'\t\t\t\t\talt=\"https:\/\/files.sunoresearch.com.br\/n\/uploads\/2023\/03\/Ebook-Acoes-Desktop-1.jpg\"\n\t\t\t\t>\n\t\t\t<\/picture>\n\t\t<\/a>\n\t<\/p>\n\n\n<h2>Rodrigo Maia acusa Guedes de usar Petrobras para manipular mercado<\/h2>\n<p>Ap\u00f3s falas recentes sobre uma poss\u00edvel privatiza\u00e7\u00e3o da\u00a0Petrobras\u00a0por parte do Ministro Paulo Guedes, o ex-presidente da C\u00e2mara, Rodrigo Maia, afirmou que o ministro estaria manipulando o <a class=\"suno-keyword\" href=\"https:\/\/www.suno.com.br\/artigos\/mercado-de-acoes\/\" target=\"_blank\" rel=\"noopener\" data-force=\"no\" data-priority=\"2\">mercado de a\u00e7\u00f5es<\/a>.<\/p>\n\t<p>\n\t\t<a href=\"https:\/\/lp.suno.com.br\/planilha-de-controle-de-investimentos\/\" target=\"_blank\" data-element=\"shortcode-suno-banner\" title=\"Banner SUNO, clique e saiba mais\">\n\t\t\t<picture>\n\t\t\t\t<source media=\"(max-width: 500px)\" srcset=\"https:\/\/files.sunoresearch.com.br\/n\/uploads\/2023\/03\/400x300-Controle-de-Investimentos.png\">\n\t\t\t\t<img class=\"newsContent__article__imgCapa newsContent__article__imgCapa--banner\"\n\t\t\t\t\tsrc=\"https:\/\/files.sunoresearch.com.br\/n\/uploads\/2023\/03\/1420x240-Controle-de-Investimentos.png\"\n\t\t\t\t\tdata-promo-id=\"75934\"\t\t\t\t\t\t\t\t\t\twidth='1420' height='240'\t\t\t\t\talt=\"https:\/\/files.sunoresearch.com.br\/n\/uploads\/2023\/03\/1420x240-Controle-de-Investimentos.png\"\n\t\t\t\t>\n\t\t\t<\/picture>\n\t\t<\/a>\n\t<\/p>\n\n\n<p>\u201cAlguma d\u00favida de que o Paulo Guedes est\u00e1 operando o\u00a0<strong>mercado<\/strong>? Onde est\u00e1 a\u00a0<strong>CVM<\/strong>???\u201d, disse maia,\u00a0<a href=\"https:\/\/www.suno.com.br\/artigos\/cvm\">em refer\u00eancia \u00e0 Comiss\u00e3o de Valores Mobili\u00e1rios<\/a>.<\/p>\n<p>Em seguida, Maia compartilhou uma captura de tela em que mostra a alta do pre\u00e7o da <strong>Petrobras<\/strong> na bolsa de valores. Com as especula\u00e7\u00f5es sobre a privatiza\u00e7\u00e3o da petroleira, as <a class=\"suno-keyword\" href=\"https:\/\/www.suno.com.br\/artigos\/acoes-preferenciais\/\" target=\"_blank\" rel=\"noopener\" data-force=\"no\" data-priority=\"1\">a\u00e7\u00f5es preferenciais<\/a>\u00a0subiram 6,7% em rela\u00e7\u00e3o ao pre\u00e7o do preg\u00e3o anterior.<\/p>\n<p><em>(Com Ag\u00eancia Estado)<\/em><\/p>\n\t<p>\n\t\t<a href=\"\" target=\"_blank\" data-element=\"shortcode-suno-banner\" title=\"Banner SUNO, clique e saiba mais\">\n\t\t\t<picture>\n\t\t\t\t<source media=\"(max-width: 500px)\" srcset=\"\">\n\t\t\t\t<img class=\"newsContent__article__imgCapa newsContent__article__imgCapa--banner\"\n\t\t\t\t\tsrc=\"\"\n\t\t\t\t\tdata-promo-id=\"184190\"\t\t\t\t\t\t\t\t\t\t\t\t\t\t\talt=\"\"\n\t\t\t\t>\n\t\t\t<\/picture>\n\t\t<\/a>\n\t<\/p>\n\n\n","protected":false},"excerpt":{"rendered":"<p>Aa Federa\u00e7\u00e3o \u00danica dos Petroleiros (FUP) anunciou uma agenda de mobiliza\u00e7\u00f5es em oposi\u00e7\u00e3o ao plano de privatiza\u00e7\u00e3o da Petrobras (PETR4). A agenda inclui greve nacional dos petroleiros por tempo indeterminado, caso o governo apresente um projeto de lei ao Congresso para privatizar a estatal. Os petroleiros protestam contra a venda da Petrobras. Foto: divulga\u00e7\u00e3o &#8220;A [&hellip;]<\/p>\n","protected":false},"author":118,"featured_media":85248,"comment_status":"closed","ping_status":"closed","sticky":false,"template":"","format":"standard","meta":[],"categories":[61],"tags":[796,595],"suno_strategy":[],"class_list":["post-197604","post","type-post","status-publish","format-standard","has-post-thumbnail","hentry","category-politica","tag-paulo-guedes","tag-petrobras-petr4"],"yoast_head":"<!-- This site is optimized with the Yoast SEO plugin v24.4 - https:\/\/yoast.com\/wordpress\/plugins\/seo\/ -->\n<title>Petroleiros planejam greve contra privatiza\u00e7\u00e3o da Petrobras (PETR4)<\/title>\n<meta name=\"description\" content=\"Nesta ter\u00e7a (26), foi anunciado pela FUP uma agenda de mobiliza\u00e7\u00f5es em oposi\u00e7\u00e3o ao plano de privatiza\u00e7\u00e3o da Petrobras...Saiba mais\" \/>\n<meta name=\"robots\" content=\"index, follow, max-snippet:-1, max-image-preview:large, max-video-preview:-1\" \/>\n<link rel=\"canonical\" href=\"https:\/\/www.suno.com.br\/noticias\/petroleiros-planejam-greve-nacional-contra-privatizacao-da-petrobras-petr4\/\" \/>\n<meta property=\"og:locale\" content=\"pt_BR\" \/>\n<meta property=\"og:type\" content=\"article\" \/>\n<meta property=\"og:title\" content=\"Petroleiros planejam greve contra privatiza\u00e7\u00e3o da Petrobras (PETR4)\" \/>\n<meta property=\"og:description\" content=\"Nesta ter\u00e7a (26), foi anunciado pela FUP uma agenda de mobiliza\u00e7\u00f5es em oposi\u00e7\u00e3o ao plano de privatiza\u00e7\u00e3o da Petrobras...Saiba mais\" \/>\n<meta property=\"og:url\" content=\"https:\/\/www.suno.com.br\/noticias\/petroleiros-planejam-greve-nacional-contra-privatizacao-da-petrobras-petr4\/\" \/>\n<meta property=\"og:site_name\" content=\"Suno Not\u00edcias\" \/>\n<meta property=\"article:publisher\" content=\"https:\/\/facebook.com\/sunoresearch\" \/>\n<meta property=\"og:image\" content=\"https:\/\/files.sunoresearch.com.br\/n\/uploads\/2020\/09\/fe0b627f-petrobras-400x400-1.jpeg\" \/>\n\t<meta property=\"og:image:width\" content=\"400\" \/>\n\t<meta property=\"og:image:height\" content=\"400\" \/>\n\t<meta property=\"og:image:type\" content=\"image\/jpeg\" \/>\n<meta name=\"author\" content=\"Bruno Galv\u00e3o\" \/>\n<meta name=\"twitter:card\" content=\"summary_large_image\" \/>\n<meta name=\"twitter:creator\" content=\"@sunoresearch\" \/>\n<meta name=\"twitter:site\" content=\"@sunoresearch\" \/>\n<meta name=\"twitter:label1\" content=\"Escrito por\" \/>\n\t<meta name=\"twitter:data1\" content=\"Bruno Galv\u00e3o\" \/>\n\t<meta name=\"twitter:label2\" content=\"Est. tempo de leitura\" \/>\n\t<meta name=\"twitter:data2\" content=\"2 minutos\" \/>\n<script type=\"application\/ld+json\" class=\"yoast-schema-graph\">{\"@context\":\"https:\/\/schema.org\",\"@graph\":[{\"@type\":\"NewsArticle\",\"@id\":\"https:\/\/www.suno.com.br\/noticias\/petroleiros-planejam-greve-nacional-contra-privatizacao-da-petrobras-petr4\/#article\",\"isPartOf\":{\"@id\":\"https:\/\/www.suno.com.br\/noticias\/petroleiros-planejam-greve-nacional-contra-privatizacao-da-petrobras-petr4\/\"},\"author\":{\"name\":\"Bruno Galv\u00e3o\",\"@id\":\"https:\/\/www.suno.com.br\/noticias\/#\/schema\/person\/06f0d962a6b1c54852e4860f16935600\"},\"headline\":\"Petroleiros planejam greve nacional contra privatiza\u00e7\u00e3o da Petrobras (PETR4)\",\"datePublished\":\"2021-10-26T23:57:50+00:00\",\"mainEntityOfPage\":{\"@id\":\"https:\/\/www.suno.com.br\/noticias\/petroleiros-planejam-greve-nacional-contra-privatizacao-da-petrobras-petr4\/\"},\"wordCount\":433,\"publisher\":{\"@id\":\"https:\/\/www.suno.com.br\/noticias\/#organization\"},\"image\":{\"@id\":\"https:\/\/www.suno.com.br\/noticias\/petroleiros-planejam-greve-nacional-contra-privatizacao-da-petrobras-petr4\/#primaryimage\"},\"thumbnailUrl\":\"https:\/\/files.sunoresearch.com.br\/n\/uploads\/2020\/09\/fe0b627f-petrobras-400x400-1-jpeg.webp\",\"keywords\":[\"Paulo Guedes\",\"Petrobras (PETR4)\"],\"articleSection\":[\"Pol\u00edtica\"],\"inLanguage\":\"pt-BR\"},{\"@type\":\"WebPage\",\"@id\":\"https:\/\/www.suno.com.br\/noticias\/petroleiros-planejam-greve-nacional-contra-privatizacao-da-petrobras-petr4\/\",\"url\":\"https:\/\/www.suno.com.br\/noticias\/petroleiros-planejam-greve-nacional-contra-privatizacao-da-petrobras-petr4\/\",\"name\":\"Petroleiros planejam greve contra privatiza\u00e7\u00e3o da Petrobras (PETR4)\",\"isPartOf\":{\"@id\":\"https:\/\/www.suno.com.br\/noticias\/#website\"},\"primaryImageOfPage\":{\"@id\":\"https:\/\/www.suno.com.br\/noticias\/petroleiros-planejam-greve-nacional-contra-privatizacao-da-petrobras-petr4\/#primaryimage\"},\"image\":{\"@id\":\"https:\/\/www.suno.com.br\/noticias\/petroleiros-planejam-greve-nacional-contra-privatizacao-da-petrobras-petr4\/#primaryimage\"},\"thumbnailUrl\":\"https:\/\/files.sunoresearch.com.br\/n\/uploads\/2020\/09\/fe0b627f-petrobras-400x400-1-jpeg.webp\",\"datePublished\":\"2021-10-26T23:57:50+00:00\",\"description\":\"Nesta ter\u00e7a (26), foi anunciado pela FUP uma agenda de mobiliza\u00e7\u00f5es em oposi\u00e7\u00e3o ao plano de privatiza\u00e7\u00e3o da Petrobras...Saiba mais\",\"breadcrumb\":{\"@id\":\"https:\/\/www.suno.com.br\/noticias\/petroleiros-planejam-greve-nacional-contra-privatizacao-da-petrobras-petr4\/#breadcrumb\"},\"inLanguage\":\"pt-BR\",\"potentialAction\":[{\"@type\":\"ReadAction\",\"target\":[\"https:\/\/www.suno.com.br\/noticias\/petroleiros-planejam-greve-nacional-contra-privatizacao-da-petrobras-petr4\/\"]}]},{\"@type\":\"ImageObject\",\"inLanguage\":\"pt-BR\",\"@id\":\"https:\/\/www.suno.com.br\/noticias\/petroleiros-planejam-greve-nacional-contra-privatizacao-da-petrobras-petr4\/#primaryimage\",\"url\":\"https:\/\/files.sunoresearch.com.br\/n\/uploads\/2020\/09\/fe0b627f-petrobras-400x400-1-jpeg.webp\",\"contentUrl\":\"https:\/\/files.sunoresearch.com.br\/n\/uploads\/2020\/09\/fe0b627f-petrobras-400x400-1-jpeg.webp\",\"width\":400,\"height\":400,\"caption\":\"Os petroleiros protestam contra a venda da Petrobras. Foto: divulga\u00e7\u00e3o\"},{\"@type\":\"BreadcrumbList\",\"@id\":\"https:\/\/www.suno.com.br\/noticias\/petroleiros-planejam-greve-nacional-contra-privatizacao-da-petrobras-petr4\/#breadcrumb\",\"itemListElement\":[{\"@type\":\"ListItem\",\"position\":1,\"name\":\"Not\u00edcias\",\"item\":\"https:\/\/www.suno.com.br\/noticias\/\"},{\"@type\":\"ListItem\",\"position\":2,\"name\":\"Pol\u00edtica\",\"item\":\"https:\/\/www.suno.com.br\/noticias\/politica\/\"},{\"@type\":\"ListItem\",\"position\":3,\"name\":\"Petroleiros planejam greve nacional contra privatiza\u00e7\u00e3o da Petrobras (PETR4)\"}]},{\"@type\":\"WebSite\",\"@id\":\"https:\/\/www.suno.com.br\/noticias\/#website\",\"url\":\"https:\/\/www.suno.com.br\/noticias\/\",\"name\":\"Suno Not\u00edcias\",\"description\":\"Seu portal de informa\u00e7\u00e3o sobre o mundo dos investimentos\",\"publisher\":{\"@id\":\"https:\/\/www.suno.com.br\/noticias\/#organization\"},\"potentialAction\":[{\"@type\":\"SearchAction\",\"target\":{\"@type\":\"EntryPoint\",\"urlTemplate\":\"https:\/\/www.suno.com.br\/noticias\/?s={search_term_string}\"},\"query-input\":{\"@type\":\"PropertyValueSpecification\",\"valueRequired\":true,\"valueName\":\"search_term_string\"}}],\"inLanguage\":\"pt-BR\"},{\"@type\":\"Organization\",\"@id\":\"https:\/\/www.suno.com.br\/noticias\/#organization\",\"name\":\"Suno Not\u00edcias\",\"url\":\"https:\/\/www.suno.com.br\/noticias\/\",\"logo\":{\"@type\":\"ImageObject\",\"inLanguage\":\"pt-BR\",\"@id\":\"https:\/\/www.suno.com.br\/noticias\/#\/schema\/logo\/image\/\",\"url\":\"https:\/\/files.sunoresearch.com.br\/n\/uploads\/2021\/09\/suno-logo.png\",\"contentUrl\":\"https:\/\/files.sunoresearch.com.br\/n\/uploads\/2021\/09\/suno-logo.png\",\"width\":180,\"height\":180,\"caption\":\"Suno Not\u00edcias\"},\"image\":{\"@id\":\"https:\/\/www.suno.com.br\/noticias\/#\/schema\/logo\/image\/\"},\"sameAs\":[\"https:\/\/facebook.com\/sunoresearch\",\"https:\/\/x.com\/sunoresearch\",\"https:\/\/www.instagram.com\/suno\",\"https:\/\/www.linkedin.com\/company\/suno-research\/\",\"https:\/\/www.youtube.com\/c\/sunoresearch\"]},{\"@type\":\"Person\",\"@id\":\"https:\/\/www.suno.com.br\/noticias\/#\/schema\/person\/06f0d962a6b1c54852e4860f16935600\",\"name\":\"Bruno Galv\u00e3o\",\"image\":{\"@type\":\"ImageObject\",\"inLanguage\":\"pt-BR\",\"@id\":\"https:\/\/www.suno.com.br\/noticias\/#\/schema\/person\/image\/\",\"url\":\"https:\/\/secure.gravatar.com\/avatar\/53598df0b41c00f12f287a912d0e918e?s=96&r=g\",\"contentUrl\":\"https:\/\/secure.gravatar.com\/avatar\/53598df0b41c00f12f287a912d0e918e?s=96&r=g\",\"caption\":\"Bruno Galv\u00e3o\"},\"description\":\"Escreve para o portal Suno Not\u00edcias. \u00c9 estudante de Jornalismo pela Faculdade C\u00e1sper L\u00edbero e Letras pela USP. Entusiasta de tecnologia e intelig\u00eancia artificial.\",\"url\":\"https:\/\/www.suno.com.br\/noticias\/author\/bruno-garcia\/\"}]}<\/script>\n<!-- \/ Yoast SEO plugin. -->","yoast_head_json":{"title":"Petroleiros planejam greve contra privatiza\u00e7\u00e3o da Petrobras (PETR4)","description":"Nesta ter\u00e7a (26), foi anunciado pela FUP uma agenda de mobiliza\u00e7\u00f5es em oposi\u00e7\u00e3o ao plano de privatiza\u00e7\u00e3o da Petrobras...Saiba mais","robots":{"index":"index","follow":"follow","max-snippet":"max-snippet:-1","max-image-preview":"max-image-preview:large","max-video-preview":"max-video-preview:-1"},"canonical":"https:\/\/www.suno.com.br\/noticias\/petroleiros-planejam-greve-nacional-contra-privatizacao-da-petrobras-petr4\/","og_locale":"pt_BR","og_type":"article","og_title":"Petroleiros planejam greve contra privatiza\u00e7\u00e3o da Petrobras (PETR4)","og_description":"Nesta ter\u00e7a (26), foi anunciado pela FUP uma agenda de mobiliza\u00e7\u00f5es em oposi\u00e7\u00e3o ao plano de privatiza\u00e7\u00e3o da Petrobras...Saiba mais","og_url":"https:\/\/www.suno.com.br\/noticias\/petroleiros-planejam-greve-nacional-contra-privatizacao-da-petrobras-petr4\/","og_site_name":"Suno Not\u00edcias","article_publisher":"https:\/\/facebook.com\/sunoresearch","og_image":[{"width":400,"height":400,"url":"https:\/\/files.sunoresearch.com.br\/n\/uploads\/2020\/09\/fe0b627f-petrobras-400x400-1.jpeg","type":"image\/jpeg"}],"author":"Bruno Galv\u00e3o","twitter_card":"summary_large_image","twitter_creator":"@sunoresearch","twitter_site":"@sunoresearch","twitter_misc":{"Escrito por":"Bruno Galv\u00e3o","Est. tempo de leitura":"2 minutos"},"schema":{"@context":"https:\/\/schema.org","@graph":[{"@type":"NewsArticle","@id":"https:\/\/www.suno.com.br\/noticias\/petroleiros-planejam-greve-nacional-contra-privatizacao-da-petrobras-petr4\/#article","isPartOf":{"@id":"https:\/\/www.suno.com.br\/noticias\/petroleiros-planejam-greve-nacional-contra-privatizacao-da-petrobras-petr4\/"},"author":{"name":"Bruno Galv\u00e3o","@id":"https:\/\/www.suno.com.br\/noticias\/#\/schema\/person\/06f0d962a6b1c54852e4860f16935600"},"headline":"Petroleiros planejam greve nacional contra privatiza\u00e7\u00e3o da Petrobras (PETR4)","datePublished":"2021-10-26T23:57:50+00:00","mainEntityOfPage":{"@id":"https:\/\/www.suno.com.br\/noticias\/petroleiros-planejam-greve-nacional-contra-privatizacao-da-petrobras-petr4\/"},"wordCount":433,"publisher":{"@id":"https:\/\/www.suno.com.br\/noticias\/#organization"},"image":{"@id":"https:\/\/www.suno.com.br\/noticias\/petroleiros-planejam-greve-nacional-contra-privatizacao-da-petrobras-petr4\/#primaryimage"},"thumbnailUrl":"https:\/\/files.sunoresearch.com.br\/n\/uploads\/2020\/09\/fe0b627f-petrobras-400x400-1-jpeg.webp","keywords":["Paulo Guedes","Petrobras (PETR4)"],"articleSection":["Pol\u00edtica"],"inLanguage":"pt-BR"},{"@type":"WebPage","@id":"https:\/\/www.suno.com.br\/noticias\/petroleiros-planejam-greve-nacional-contra-privatizacao-da-petrobras-petr4\/","url":"https:\/\/www.suno.com.br\/noticias\/petroleiros-planejam-greve-nacional-contra-privatizacao-da-petrobras-petr4\/","name":"Petroleiros planejam greve contra privatiza\u00e7\u00e3o da Petrobras (PETR4)","isPartOf":{"@id":"https:\/\/www.suno.com.br\/noticias\/#website"},"primaryImageOfPage":{"@id":"https:\/\/www.suno.com.br\/noticias\/petroleiros-planejam-greve-nacional-contra-privatizacao-da-petrobras-petr4\/#primaryimage"},"image":{"@id":"https:\/\/www.suno.com.br\/noticias\/petroleiros-planejam-greve-nacional-contra-privatizacao-da-petrobras-petr4\/#primaryimage"},"thumbnailUrl":"https:\/\/files.sunoresearch.com.br\/n\/uploads\/2020\/09\/fe0b627f-petrobras-400x400-1-jpeg.webp","datePublished":"2021-10-26T23:57:50+00:00","description":"Nesta ter\u00e7a (26), foi anunciado pela FUP uma agenda de mobiliza\u00e7\u00f5es em oposi\u00e7\u00e3o ao plano de privatiza\u00e7\u00e3o da Petrobras...Saiba mais","breadcrumb":{"@id":"https:\/\/www.suno.com.br\/noticias\/petroleiros-planejam-greve-nacional-contra-privatizacao-da-petrobras-petr4\/#breadcrumb"},"inLanguage":"pt-BR","potentialAction":[{"@type":"ReadAction","target":["https:\/\/www.suno.com.br\/noticias\/petroleiros-planejam-greve-nacional-contra-privatizacao-da-petrobras-petr4\/"]}]},{"@type":"ImageObject","inLanguage":"pt-BR","@id":"https:\/\/www.suno.com.br\/noticias\/petroleiros-planejam-greve-nacional-contra-privatizacao-da-petrobras-petr4\/#primaryimage","url":"https:\/\/files.sunoresearch.com.br\/n\/uploads\/2020\/09\/fe0b627f-petrobras-400x400-1-jpeg.webp","contentUrl":"https:\/\/files.sunoresearch.com.br\/n\/uploads\/2020\/09\/fe0b627f-petrobras-400x400-1-jpeg.webp","width":400,"height":400,"caption":"Os petroleiros protestam contra a venda da Petrobras. Foto: divulga\u00e7\u00e3o"},{"@type":"BreadcrumbList","@id":"https:\/\/www.suno.com.br\/noticias\/petroleiros-planejam-greve-nacional-contra-privatizacao-da-petrobras-petr4\/#breadcrumb","itemListElement":[{"@type":"ListItem","position":1,"name":"Not\u00edcias","item":"https:\/\/www.suno.com.br\/noticias\/"},{"@type":"ListItem","position":2,"name":"Pol\u00edtica","item":"https:\/\/www.suno.com.br\/noticias\/politica\/"},{"@type":"ListItem","position":3,"name":"Petroleiros planejam greve nacional contra privatiza\u00e7\u00e3o da Petrobras (PETR4)"}]},{"@type":"WebSite","@id":"https:\/\/www.suno.com.br\/noticias\/#website","url":"https:\/\/www.suno.com.br\/noticias\/","name":"Suno Not\u00edcias","description":"Seu portal de informa\u00e7\u00e3o sobre o mundo dos investimentos","publisher":{"@id":"https:\/\/www.suno.com.br\/noticias\/#organization"},"potentialAction":[{"@type":"SearchAction","target":{"@type":"EntryPoint","urlTemplate":"https:\/\/www.suno.com.br\/noticias\/?s={search_term_string}"},"query-input":{"@type":"PropertyValueSpecification","valueRequired":true,"valueName":"search_term_string"}}],"inLanguage":"pt-BR"},{"@type":"Organization","@id":"https:\/\/www.suno.com.br\/noticias\/#organization","name":"Suno Not\u00edcias","url":"https:\/\/www.suno.com.br\/noticias\/","logo":{"@type":"ImageObject","inLanguage":"pt-BR","@id":"https:\/\/www.suno.com.br\/noticias\/#\/schema\/logo\/image\/","url":"https:\/\/files.sunoresearch.com.br\/n\/uploads\/2021\/09\/suno-logo.png","contentUrl":"https:\/\/files.sunoresearch.com.br\/n\/uploads\/2021\/09\/suno-logo.png","width":180,"height":180,"caption":"Suno Not\u00edcias"},"image":{"@id":"https:\/\/www.suno.com.br\/noticias\/#\/schema\/logo\/image\/"},"sameAs":["https:\/\/facebook.com\/sunoresearch","https:\/\/x.com\/sunoresearch","https:\/\/www.instagram.com\/suno","https:\/\/www.linkedin.com\/company\/suno-research\/","https:\/\/www.youtube.com\/c\/sunoresearch"]},{"@type":"Person","@id":"https:\/\/www.suno.com.br\/noticias\/#\/schema\/person\/06f0d962a6b1c54852e4860f16935600","name":"Bruno Galv\u00e3o","image":{"@type":"ImageObject","inLanguage":"pt-BR","@id":"https:\/\/www.suno.com.br\/noticias\/#\/schema\/person\/image\/","url":"https:\/\/secure.gravatar.com\/avatar\/53598df0b41c00f12f287a912d0e918e?s=96&r=g","contentUrl":"https:\/\/secure.gravatar.com\/avatar\/53598df0b41c00f12f287a912d0e918e?s=96&r=g","caption":"Bruno Galv\u00e3o"},"description":"Escreve para o portal Suno Not\u00edcias. \u00c9 estudante de Jornalismo pela Faculdade C\u00e1sper L\u00edbero e Letras pela USP. Entusiasta de tecnologia e intelig\u00eancia artificial.","url":"https:\/\/www.suno.com.br\/noticias\/author\/bruno-garcia\/"}]}},"default_loop_html":"<div class=\"cardsPage__listCard__boxs\"><div class=\"cardsPage__listCard__boxs__img\"><a href=\"https:\/\/www.suno.com.br\/noticias\/petroleiros-planejam-greve-nacional-contra-privatizacao-da-petrobras-petr4\/\"><img class=\"mask\" src=\"https:\/\/www.suno.com.br\/noticias\/wp-content\/themes\/suno\/resources\/images\/spotlight\/spotlight1img\/bg-mask.png\" alt=\"Image Mask\"\/><img src=\"https:\/\/files.sunoresearch.com.br\/n\/uploads\/2020\/09\/fe0b627f-petrobras-400x400-1-400x200.webp\" alt=\"Petroleiros planejam greve nacional contra privatiza\u00e7\u00e3o da Petrobras (PETR4)\"\/><\/a><span class=\"spotlightCategory\"><a href=\"https:\/\/www.suno.com.br\/noticias\/politica\/\">Pol\u00edtica<\/a><\/span><\/div><div class=\"cardsPage__listCard__boxs__content\"><a href=\"https:\/\/www.suno.com.br\/noticias\/petroleiros-planejam-greve-nacional-contra-privatizacao-da-petrobras-petr4\/\"><h2 class=\"content__title\">Petroleiros planejam greve nacional contra privatiza\u00e7\u00e3o da Petrobras (PETR4)<\/h2><\/a><div class=\"newsContent__article__meta\"><div class=\"newsContent__article__meta__authorBox\"><a href=\"https:\/\/www.suno.com.br\/noticias\/author\/bruno-garcia\/\" class=\"authorBox__avatar noMobi\"><img src=\"https:\/\/secure.gravatar.com\/avatar\/53598df0b41c00f12f287a912d0e918e?s=96&#038;r=g\" alt=\"Bruno Galv\u00e3o\"><\/a><div class=\"authorBox__name\"><span>por\n\t\t\t<a href=\"https:\/\/www.suno.com.br\/noticias\/author\/bruno-garcia\/\"><span itemprop=\"author\">Bruno Galv\u00e3o<\/span><\/a><\/span><time datetime=\"2021-10-26T20:57:50-03:00\" itemprop=\"datePublished\">26\/10\/2021 20:57<\/time><\/div><\/div><\/div><\/div><\/div>","single_layout":"posts","amp_enabled":true,"_links":{"self":[{"href":"https:\/\/www.suno.com.br\/noticias\/wp-json\/wp\/v2\/posts\/197604"}],"collection":[{"href":"https:\/\/www.suno.com.br\/noticias\/wp-json\/wp\/v2\/posts"}],"about":[{"href":"https:\/\/www.suno.com.br\/noticias\/wp-json\/wp\/v2\/types\/post"}],"author":[{"embeddable":true,"href":"https:\/\/www.suno.com.br\/noticias\/wp-json\/wp\/v2\/users\/118"}],"replies":[{"embeddable":true,"href":"https:\/\/www.suno.com.br\/noticias\/wp-json\/wp\/v2\/comments?post=197604"}],"version-history":[{"count":4,"href":"https:\/\/www.suno.com.br\/noticias\/wp-json\/wp\/v2\/posts\/197604\/revisions"}],"predecessor-version":[{"id":197747,"href":"https:\/\/www.suno.com.br\/noticias\/wp-json\/wp\/v2\/posts\/197604\/revisions\/197747"}],"wp:featuredmedia":[{"embeddable":true,"href":"https:\/\/www.suno.com.br\/noticias\/wp-json\/wp\/v2\/media\/85248"}],"wp:attachment":[{"href":"https:\/\/www.suno.com.br\/noticias\/wp-json\/wp\/v2\/media?parent=197604"}],"wp:term":[{"taxonomy":"category","embeddable":true,"href":"https:\/\/www.suno.com.br\/noticias\/wp-json\/wp\/v2\/categories?post=197604"},{"taxonomy":"post_tag","embeddable":true,"href":"https:\/\/www.suno.com.br\/noticias\/wp-json\/wp\/v2\/tags?post=197604"},{"taxonomy":"suno_strategy","embeddable":true,"href":"https:\/\/www.suno.com.br\/noticias\/wp-json\/wp\/v2\/suno_strategy?post=197604"}],"curies":[{"name":"wp","href":"https:\/\/api.w.org\/{rel}","templated":true}]}}