{"id":19758,"date":"2019-04-02T16:25:17","date_gmt":"2019-04-02T19:25:17","guid":{"rendered":"https:\/\/www.suno.com.br\/noticias\/?p=19758"},"modified":"2019-04-02T19:46:31","modified_gmt":"2019-04-02T22:46:31","slug":"maia-sistema-capitalizacao-passar","status":"publish","type":"post","link":"https:\/\/www.suno.com.br\/noticias\/maia-sistema-capitalizacao-passar\/","title":{"rendered":"Maia: sistema de capitaliza\u00e7\u00e3o da Previd\u00eancia n\u00e3o ser\u00e1 aprovado"},"content":{"rendered":"<p>O presidente da C\u00e2mara dos Deputados, Rodrigo Maia (DEM-RJ) afirmou que o novo sistema de capitaliza\u00e7\u00e3o da Previd\u00eancia n\u00e3o tem a menor chance de ser aprovado. Segundo Maia, a Proposta de Emenda Constitucional\u00a0 (PEC) n\u00e3o passar\u00e1 da forma como foi concebida pelo ministro da economia, <a href=\"https:\/\/www.suno.com.br\/tudo-sobre\/paulo-guedes\/\">Paulo Guedes<\/a>.<\/p>\t<div class=\"wrapper-featured-image\">\n\t\t<figure class=\"spotlightImg\">\n\n\t\t\t<picture>\n\t\t\t\t<source media=\"(max-width: 768px)\" srcset=\"https:\/\/files.sunoresearch.com.br\/n\/uploads\/2019\/04\/90f55755-rodrigo-maia-400x200.webp\">\n\t\t\t\t<img loading=\"lazy\" decoding=\"async\" class=\"newsContent__article__imgCapa lazyloadDisabled newsContent__article__imgCapa--noCaption\" src=\"https:\/\/files.sunoresearch.com.br\/n\/uploads\/2019\/04\/90f55755-rodrigo-maia-800x450.webp\" width=\"800\" height=\"450\" alt=\"Maia: sistema de capitaliza\u00e7\u00e3o da Previd\u00eancia n\u00e3o ser\u00e1 aprovado\" fetchpriority=high \/>\n\t\t\t<\/picture>\n\n\t\t\t<figcaption class=\"wp-caption-text wp-caption-text--hide\">Autonomia do Banco Central ser\u00e1 aprovada ap\u00f3s Carnaval, diz Maia<\/figcaption>\n\t\t<\/figure>\n\t<\/div>\n\n\n<p>Maia discursou na \u00faltima segunda-feira (01) durante um evento promovido pelo banco de investimento\u00a0<strong>Goldman Sachs<\/strong>, em S\u00e3o Paulo. O encontro foi fechado \u00e0 imprensa. De acordo com um dos participantes ouvidos pelo jornal &#8220;Valor Econ\u00f4mico&#8221;, <strong>Maia<\/strong> disse tamb\u00e9m que a reforma da <strong>Previd\u00eancia<\/strong> s\u00f3 ser\u00e1 aprovada se trouxer uma economia de R$ 1 trilh\u00e3o em dez anos.<\/p>\n<p><a href=\"https:\/\/www.suno.com.br\/noticias\/reforma-previdencia-economia-estados\/\">Saiba mais:\u00a0Reforma da Previd\u00eancia vai gerar economia de R$ 330 bi aos estados<\/a><\/p>\n<p>Segundo uma fonte ouvida pelo &#8220;Valor&#8221;, o presidente da <strong>C\u00e2mara<\/strong> fez um discurso mais conciliador e otimista em rela\u00e7\u00e3o \u00e0 <strong>reforma<\/strong> da Previd\u00eancia. Maia acrescentou que esse <strong>Congresso<\/strong> \u00e9 semelhante ao da legislatura anterior. A maior diferen\u00e7a segundo ele, \u00e9 a oposi\u00e7\u00e3o, que conseguiu conquistar mais cadeiras. Al\u00e9m disso, o congressista destaca a import\u00e2ncia da aproxima\u00e7\u00e3o com governadores para o avan\u00e7o da reforma da <strong>Previd\u00eancia<\/strong>.<\/p>\n<div><b>C\u00f3digo de adi\u00e7\u00e3o do Random Banners:\u00a0<\/b><\/div>\n<div>\t<p>\n\t\t<a href=\"https:\/\/lp.suno.com.br\/ebook-investindo-em-fiis\/\" target=\"_blank\" data-element=\"shortcode-suno-banner\" title=\"Banner SUNO, clique e saiba mais\">\n\t\t\t<picture>\n\t\t\t\t<source media=\"(max-width: 500px)\" srcset=\"https:\/\/files.sunoresearch.com.br\/n\/uploads\/2023\/07\/Ebook-Fundos-Imobiliarios-Mobile.jpg\">\n\t\t\t\t<img class=\"newsContent__article__imgCapa newsContent__article__imgCapa--banner\"\n\t\t\t\t\tsrc=\"https:\/\/files.sunoresearch.com.br\/n\/uploads\/2023\/07\/Ebook-Fundos-Imobiliarios-Desktop.jpg\"\n\t\t\t\t\tdata-promo-id=\"378301\"\t\t\t\t\t\t\t\t\t\twidth='1420' height='286'\t\t\t\t\talt=\"https:\/\/files.sunoresearch.com.br\/n\/uploads\/2023\/07\/Ebook-Fundos-Imobiliarios-Desktop.jpg\"\n\t\t\t\t>\n\t\t\t<\/picture>\n\t\t<\/a>\n\t<\/p>\n\n<\/div>\n<p>De acordo com o deputado, s\u00f3 com um apoio sistem\u00e1tico entre os Estados e o Congresso \u00e9 poss\u00edvel aprovar a reforma da Previd\u00eancia. Isso porque o governo n\u00e3o possui maioria ampla no Legislativo.<\/p>\n<p>Por se tratar de uma medida que modifica a <strong>Constitui\u00e7\u00e3o<\/strong>, a reforma precisar\u00e1 passar por tr\u00eas comiss\u00f5es e quatro vota\u00e7\u00f5es no plen\u00e1rio: dois turnos na <strong>C\u00e2mara<\/strong> e no <strong>Senado<\/strong>. Para que a PEC seja aprovada s\u00e3o necess\u00e1rios 308 deputados e 49 senadores.<\/p>\n<p>Para <strong>Maia<\/strong>, a necessidade de uma reforma da <strong>Previd\u00eancia<\/strong> \u00e9 quase um consenso no <strong>Congresso<\/strong>. Entretanto,\u00a0h\u00e1 alguns pontos que causam diverg\u00eancias. Entre eles, o\u00a0<strong>Benef\u00edcio de Presta\u00e7\u00e3o Continuada (BPC)<\/strong>, a aposentadoria rural, a al\u00edquota efetiva dos servidores e o processo de transi\u00e7\u00e3o dos servidores que entraram no servi\u00e7o p\u00fablico antes de 2000.<\/p>\n<div><b>C\u00f3digo de adi\u00e7\u00e3o do form:<\/b><\/div>\n<div>[optin-monster-shortcode id=&#8221;npkxlwaleraa8psvnego&#8221;]<\/div>\n<p>Em sua conta do Instagram, Maia postou um v\u00eddeo com trechos de seu discurso. Em sua fala, o presidente da C\u00e2mara disse que o <strong>governo<\/strong> precisa organizar as despesas para abrir espa\u00e7os para investimentos.<\/p>\n<p><a href=\"https:\/\/www.suno.com.br\/noticias\/lideres-vetar-reforma-previdencia\/\">Saiba mais: L\u00edderes de maioria na C\u00e2mara v\u00e3o vetar trechos da reforma da Previd\u00eancia<\/a><\/p>\n<p>&#8220;Nada vai acontecer se n\u00f3s n\u00e3o organizarmos as despesas do Estado. Se n\u00e3o organizar o lado da despesa, como o <strong>Brasil<\/strong> vai ter espa\u00e7o para investimento?&#8221;, afirmou <strong>Maia<\/strong> durante o\u00a0evento salientando a improt\u00e2ncia da reforma da <strong>Previd\u00eancia,<\/strong> &#8220;Temos hoje um or\u00e7amento de fato com 94% de despesas obrigat\u00f3rias e capacidade de investimento do or\u00e7amento prim\u00e1rio de R$ 1 trilh\u00e3o&#8221;.<\/p>\n","protected":false},"excerpt":{"rendered":"<p>O presidente da C\u00e2mara dos Deputados, Rodrigo Maia (DEM-RJ) afirmou que o novo sistema de capitaliza\u00e7\u00e3o da Previd\u00eancia n\u00e3o tem a menor chance de ser aprovado. Segundo Maia, a Proposta de Emenda Constitucional\u00a0 (PEC) n\u00e3o passar\u00e1 da forma como foi concebida pelo ministro da economia, Paulo Guedes. Autonomia do Banco Central ser\u00e1 aprovada ap\u00f3s Carnaval, [&hellip;]<\/p>\n","protected":false},"author":14,"featured_media":19765,"comment_status":"closed","ping_status":"closed","sticky":false,"template":"","format":"standard","meta":[],"categories":[61],"tags":[901,940,892],"suno_strategy":[],"class_list":["post-19758","post","type-post","status-publish","format-standard","has-post-thumbnail","hentry","category-politica","tag-congresso-nacional","tag-reforma-da-previdencia","tag-rodrigo-maia"],"yoast_head":"<!-- This site is optimized with the Yoast SEO plugin v24.4 - https:\/\/yoast.com\/wordpress\/plugins\/seo\/ -->\n<title>Maia: sistema de capitaliza\u00e7\u00e3o da Previd\u00eancia n\u00e3o ser\u00e1 aprovado<\/title>\n<meta name=\"description\" content=\"A declara\u00e7\u00e3o do presidente da C\u00e2mara sobre a Previd\u00eancia ocorreu durante um evento organizado pelo Goldman Sachs. Clique para saber mais.\" \/>\n<meta name=\"robots\" content=\"index, follow, max-snippet:-1, max-image-preview:large, max-video-preview:-1\" \/>\n<link rel=\"canonical\" href=\"https:\/\/www.suno.com.br\/noticias\/maia-sistema-capitalizacao-passar\/\" \/>\n<meta property=\"og:locale\" content=\"pt_BR\" \/>\n<meta property=\"og:type\" content=\"article\" \/>\n<meta property=\"og:title\" content=\"Maia: sistema de capitaliza\u00e7\u00e3o da Previd\u00eancia n\u00e3o ser\u00e1 aprovado\" \/>\n<meta property=\"og:description\" content=\"A declara\u00e7\u00e3o do presidente da C\u00e2mara sobre a Previd\u00eancia ocorreu durante um evento organizado pelo Goldman Sachs. Clique para saber mais.\" \/>\n<meta property=\"og:url\" content=\"https:\/\/www.suno.com.br\/noticias\/maia-sistema-capitalizacao-passar\/\" \/>\n<meta property=\"og:site_name\" content=\"Suno Not\u00edcias\" \/>\n<meta property=\"article:publisher\" content=\"https:\/\/facebook.com\/sunoresearch\" \/>\n<meta property=\"og:image\" content=\"https:\/\/files.sunoresearch.com.br\/n\/uploads\/2019\/04\/90f55755-rodrigo-maia.jpg\" \/>\n\t<meta property=\"og:image:width\" content=\"1024\" \/>\n\t<meta property=\"og:image:height\" content=\"683\" \/>\n\t<meta property=\"og:image:type\" content=\"image\/jpeg\" \/>\n<meta name=\"author\" content=\"Renan Dantas\" \/>\n<meta name=\"twitter:card\" content=\"summary_large_image\" \/>\n<meta name=\"twitter:creator\" content=\"@sunoresearch\" \/>\n<meta name=\"twitter:site\" content=\"@sunoresearch\" \/>\n<meta name=\"twitter:label1\" content=\"Escrito por\" \/>\n\t<meta name=\"twitter:data1\" content=\"Renan Dantas\" \/>\n\t<meta name=\"twitter:label2\" content=\"Est. tempo de leitura\" \/>\n\t<meta name=\"twitter:data2\" content=\"2 minutos\" \/>\n<script type=\"application\/ld+json\" class=\"yoast-schema-graph\">{\"@context\":\"https:\/\/schema.org\",\"@graph\":[{\"@type\":\"NewsArticle\",\"@id\":\"https:\/\/www.suno.com.br\/noticias\/maia-sistema-capitalizacao-passar\/#article\",\"isPartOf\":{\"@id\":\"https:\/\/www.suno.com.br\/noticias\/maia-sistema-capitalizacao-passar\/\"},\"author\":{\"name\":\"Renan Dantas\",\"@id\":\"https:\/\/www.suno.com.br\/noticias\/#\/schema\/person\/3f7693d5795a3f6d5ce15309ee785699\"},\"headline\":\"Maia: sistema de capitaliza\u00e7\u00e3o da Previd\u00eancia n\u00e3o ser\u00e1 aprovado\",\"datePublished\":\"2019-04-02T19:25:17+00:00\",\"dateModified\":\"2019-04-02T22:46:31+00:00\",\"mainEntityOfPage\":{\"@id\":\"https:\/\/www.suno.com.br\/noticias\/maia-sistema-capitalizacao-passar\/\"},\"wordCount\":499,\"publisher\":{\"@id\":\"https:\/\/www.suno.com.br\/noticias\/#organization\"},\"image\":{\"@id\":\"https:\/\/www.suno.com.br\/noticias\/maia-sistema-capitalizacao-passar\/#primaryimage\"},\"thumbnailUrl\":\"https:\/\/files.sunoresearch.com.br\/n\/uploads\/2019\/04\/90f55755-rodrigo-maia-jpg.webp\",\"keywords\":[\"Congresso Nacional\",\"Reforma da Previd\u00eancia\",\"Rodrigo Maia\"],\"articleSection\":[\"Pol\u00edtica\"],\"inLanguage\":\"pt-BR\"},{\"@type\":\"WebPage\",\"@id\":\"https:\/\/www.suno.com.br\/noticias\/maia-sistema-capitalizacao-passar\/\",\"url\":\"https:\/\/www.suno.com.br\/noticias\/maia-sistema-capitalizacao-passar\/\",\"name\":\"Maia: sistema de capitaliza\u00e7\u00e3o da Previd\u00eancia n\u00e3o ser\u00e1 aprovado\",\"isPartOf\":{\"@id\":\"https:\/\/www.suno.com.br\/noticias\/#website\"},\"primaryImageOfPage\":{\"@id\":\"https:\/\/www.suno.com.br\/noticias\/maia-sistema-capitalizacao-passar\/#primaryimage\"},\"image\":{\"@id\":\"https:\/\/www.suno.com.br\/noticias\/maia-sistema-capitalizacao-passar\/#primaryimage\"},\"thumbnailUrl\":\"https:\/\/files.sunoresearch.com.br\/n\/uploads\/2019\/04\/90f55755-rodrigo-maia-jpg.webp\",\"datePublished\":\"2019-04-02T19:25:17+00:00\",\"dateModified\":\"2019-04-02T22:46:31+00:00\",\"description\":\"A declara\u00e7\u00e3o do presidente da C\u00e2mara sobre a Previd\u00eancia ocorreu durante um evento organizado pelo Goldman Sachs. Clique para saber mais.\",\"breadcrumb\":{\"@id\":\"https:\/\/www.suno.com.br\/noticias\/maia-sistema-capitalizacao-passar\/#breadcrumb\"},\"inLanguage\":\"pt-BR\",\"potentialAction\":[{\"@type\":\"ReadAction\",\"target\":[\"https:\/\/www.suno.com.br\/noticias\/maia-sistema-capitalizacao-passar\/\"]}]},{\"@type\":\"ImageObject\",\"inLanguage\":\"pt-BR\",\"@id\":\"https:\/\/www.suno.com.br\/noticias\/maia-sistema-capitalizacao-passar\/#primaryimage\",\"url\":\"https:\/\/files.sunoresearch.com.br\/n\/uploads\/2019\/04\/90f55755-rodrigo-maia-jpg.webp\",\"contentUrl\":\"https:\/\/files.sunoresearch.com.br\/n\/uploads\/2019\/04\/90f55755-rodrigo-maia-jpg.webp\",\"width\":1024,\"height\":683,\"caption\":\"Autonomia do Banco Central ser\u00e1 aprovada ap\u00f3s Carnaval, diz Maia\"},{\"@type\":\"BreadcrumbList\",\"@id\":\"https:\/\/www.suno.com.br\/noticias\/maia-sistema-capitalizacao-passar\/#breadcrumb\",\"itemListElement\":[{\"@type\":\"ListItem\",\"position\":1,\"name\":\"Not\u00edcias\",\"item\":\"https:\/\/www.suno.com.br\/noticias\/\"},{\"@type\":\"ListItem\",\"position\":2,\"name\":\"Pol\u00edtica\",\"item\":\"https:\/\/www.suno.com.br\/noticias\/politica\/\"},{\"@type\":\"ListItem\",\"position\":3,\"name\":\"Maia: sistema de capitaliza\u00e7\u00e3o da Previd\u00eancia n\u00e3o ser\u00e1 aprovado\"}]},{\"@type\":\"WebSite\",\"@id\":\"https:\/\/www.suno.com.br\/noticias\/#website\",\"url\":\"https:\/\/www.suno.com.br\/noticias\/\",\"name\":\"Suno Not\u00edcias\",\"description\":\"Seu portal de informa\u00e7\u00e3o sobre o mundo dos investimentos\",\"publisher\":{\"@id\":\"https:\/\/www.suno.com.br\/noticias\/#organization\"},\"potentialAction\":[{\"@type\":\"SearchAction\",\"target\":{\"@type\":\"EntryPoint\",\"urlTemplate\":\"https:\/\/www.suno.com.br\/noticias\/?s={search_term_string}\"},\"query-input\":{\"@type\":\"PropertyValueSpecification\",\"valueRequired\":true,\"valueName\":\"search_term_string\"}}],\"inLanguage\":\"pt-BR\"},{\"@type\":\"Organization\",\"@id\":\"https:\/\/www.suno.com.br\/noticias\/#organization\",\"name\":\"Suno Not\u00edcias\",\"url\":\"https:\/\/www.suno.com.br\/noticias\/\",\"logo\":{\"@type\":\"ImageObject\",\"inLanguage\":\"pt-BR\",\"@id\":\"https:\/\/www.suno.com.br\/noticias\/#\/schema\/logo\/image\/\",\"url\":\"https:\/\/files.sunoresearch.com.br\/n\/uploads\/2021\/09\/suno-logo.png\",\"contentUrl\":\"https:\/\/files.sunoresearch.com.br\/n\/uploads\/2021\/09\/suno-logo.png\",\"width\":180,\"height\":180,\"caption\":\"Suno Not\u00edcias\"},\"image\":{\"@id\":\"https:\/\/www.suno.com.br\/noticias\/#\/schema\/logo\/image\/\"},\"sameAs\":[\"https:\/\/facebook.com\/sunoresearch\",\"https:\/\/x.com\/sunoresearch\",\"https:\/\/www.instagram.com\/suno\",\"https:\/\/www.linkedin.com\/company\/suno-research\/\",\"https:\/\/www.youtube.com\/c\/sunoresearch\"]},{\"@type\":\"Person\",\"@id\":\"https:\/\/www.suno.com.br\/noticias\/#\/schema\/person\/3f7693d5795a3f6d5ce15309ee785699\",\"name\":\"Renan Dantas\",\"image\":{\"@type\":\"ImageObject\",\"inLanguage\":\"pt-BR\",\"@id\":\"https:\/\/www.suno.com.br\/noticias\/#\/schema\/person\/image\/\",\"url\":\"https:\/\/secure.gravatar.com\/avatar\/1787b83e7484a08e51d62ac8b41c8396?s=96&r=g\",\"contentUrl\":\"https:\/\/secure.gravatar.com\/avatar\/1787b83e7484a08e51d62ac8b41c8396?s=96&r=g\",\"caption\":\"Renan Dantas\"},\"description\":\"Escreve sobre pol\u00edtica e mercado financeiro para o portal Suno Not\u00edcias. Antes, atuou na assessoria de comunica\u00e7\u00e3o do Minist\u00e9rio P\u00fablico do Trabalho e na R\u00e1dio Mackenzie, onde apresentava e produzia um programa sobre artistas da m\u00fasica brasileira. \u00c9 estudante na Universidade Presbiteriana Mackenzie.\",\"url\":\"https:\/\/www.suno.com.br\/noticias\/author\/renan-dantas\/\"}]}<\/script>\n<!-- \/ Yoast SEO plugin. -->","yoast_head_json":{"title":"Maia: sistema de capitaliza\u00e7\u00e3o da Previd\u00eancia n\u00e3o ser\u00e1 aprovado","description":"A declara\u00e7\u00e3o do presidente da C\u00e2mara sobre a Previd\u00eancia ocorreu durante um evento organizado pelo Goldman Sachs. Clique para saber mais.","robots":{"index":"index","follow":"follow","max-snippet":"max-snippet:-1","max-image-preview":"max-image-preview:large","max-video-preview":"max-video-preview:-1"},"canonical":"https:\/\/www.suno.com.br\/noticias\/maia-sistema-capitalizacao-passar\/","og_locale":"pt_BR","og_type":"article","og_title":"Maia: sistema de capitaliza\u00e7\u00e3o da Previd\u00eancia n\u00e3o ser\u00e1 aprovado","og_description":"A declara\u00e7\u00e3o do presidente da C\u00e2mara sobre a Previd\u00eancia ocorreu durante um evento organizado pelo Goldman Sachs. Clique para saber mais.","og_url":"https:\/\/www.suno.com.br\/noticias\/maia-sistema-capitalizacao-passar\/","og_site_name":"Suno Not\u00edcias","article_publisher":"https:\/\/facebook.com\/sunoresearch","og_image":[{"width":1024,"height":683,"url":"https:\/\/files.sunoresearch.com.br\/n\/uploads\/2019\/04\/90f55755-rodrigo-maia.jpg","type":"image\/jpeg"}],"author":"Renan Dantas","twitter_card":"summary_large_image","twitter_creator":"@sunoresearch","twitter_site":"@sunoresearch","twitter_misc":{"Escrito por":"Renan Dantas","Est. tempo de leitura":"2 minutos"},"schema":{"@context":"https:\/\/schema.org","@graph":[{"@type":"NewsArticle","@id":"https:\/\/www.suno.com.br\/noticias\/maia-sistema-capitalizacao-passar\/#article","isPartOf":{"@id":"https:\/\/www.suno.com.br\/noticias\/maia-sistema-capitalizacao-passar\/"},"author":{"name":"Renan Dantas","@id":"https:\/\/www.suno.com.br\/noticias\/#\/schema\/person\/3f7693d5795a3f6d5ce15309ee785699"},"headline":"Maia: sistema de capitaliza\u00e7\u00e3o da Previd\u00eancia n\u00e3o ser\u00e1 aprovado","datePublished":"2019-04-02T19:25:17+00:00","dateModified":"2019-04-02T22:46:31+00:00","mainEntityOfPage":{"@id":"https:\/\/www.suno.com.br\/noticias\/maia-sistema-capitalizacao-passar\/"},"wordCount":499,"publisher":{"@id":"https:\/\/www.suno.com.br\/noticias\/#organization"},"image":{"@id":"https:\/\/www.suno.com.br\/noticias\/maia-sistema-capitalizacao-passar\/#primaryimage"},"thumbnailUrl":"https:\/\/files.sunoresearch.com.br\/n\/uploads\/2019\/04\/90f55755-rodrigo-maia-jpg.webp","keywords":["Congresso Nacional","Reforma da Previd\u00eancia","Rodrigo Maia"],"articleSection":["Pol\u00edtica"],"inLanguage":"pt-BR"},{"@type":"WebPage","@id":"https:\/\/www.suno.com.br\/noticias\/maia-sistema-capitalizacao-passar\/","url":"https:\/\/www.suno.com.br\/noticias\/maia-sistema-capitalizacao-passar\/","name":"Maia: sistema de capitaliza\u00e7\u00e3o da Previd\u00eancia n\u00e3o ser\u00e1 aprovado","isPartOf":{"@id":"https:\/\/www.suno.com.br\/noticias\/#website"},"primaryImageOfPage":{"@id":"https:\/\/www.suno.com.br\/noticias\/maia-sistema-capitalizacao-passar\/#primaryimage"},"image":{"@id":"https:\/\/www.suno.com.br\/noticias\/maia-sistema-capitalizacao-passar\/#primaryimage"},"thumbnailUrl":"https:\/\/files.sunoresearch.com.br\/n\/uploads\/2019\/04\/90f55755-rodrigo-maia-jpg.webp","datePublished":"2019-04-02T19:25:17+00:00","dateModified":"2019-04-02T22:46:31+00:00","description":"A declara\u00e7\u00e3o do presidente da C\u00e2mara sobre a Previd\u00eancia ocorreu durante um evento organizado pelo Goldman Sachs. Clique para saber mais.","breadcrumb":{"@id":"https:\/\/www.suno.com.br\/noticias\/maia-sistema-capitalizacao-passar\/#breadcrumb"},"inLanguage":"pt-BR","potentialAction":[{"@type":"ReadAction","target":["https:\/\/www.suno.com.br\/noticias\/maia-sistema-capitalizacao-passar\/"]}]},{"@type":"ImageObject","inLanguage":"pt-BR","@id":"https:\/\/www.suno.com.br\/noticias\/maia-sistema-capitalizacao-passar\/#primaryimage","url":"https:\/\/files.sunoresearch.com.br\/n\/uploads\/2019\/04\/90f55755-rodrigo-maia-jpg.webp","contentUrl":"https:\/\/files.sunoresearch.com.br\/n\/uploads\/2019\/04\/90f55755-rodrigo-maia-jpg.webp","width":1024,"height":683,"caption":"Autonomia do Banco Central ser\u00e1 aprovada ap\u00f3s Carnaval, diz Maia"},{"@type":"BreadcrumbList","@id":"https:\/\/www.suno.com.br\/noticias\/maia-sistema-capitalizacao-passar\/#breadcrumb","itemListElement":[{"@type":"ListItem","position":1,"name":"Not\u00edcias","item":"https:\/\/www.suno.com.br\/noticias\/"},{"@type":"ListItem","position":2,"name":"Pol\u00edtica","item":"https:\/\/www.suno.com.br\/noticias\/politica\/"},{"@type":"ListItem","position":3,"name":"Maia: sistema de capitaliza\u00e7\u00e3o da Previd\u00eancia n\u00e3o ser\u00e1 aprovado"}]},{"@type":"WebSite","@id":"https:\/\/www.suno.com.br\/noticias\/#website","url":"https:\/\/www.suno.com.br\/noticias\/","name":"Suno Not\u00edcias","description":"Seu portal de informa\u00e7\u00e3o sobre o mundo dos investimentos","publisher":{"@id":"https:\/\/www.suno.com.br\/noticias\/#organization"},"potentialAction":[{"@type":"SearchAction","target":{"@type":"EntryPoint","urlTemplate":"https:\/\/www.suno.com.br\/noticias\/?s={search_term_string}"},"query-input":{"@type":"PropertyValueSpecification","valueRequired":true,"valueName":"search_term_string"}}],"inLanguage":"pt-BR"},{"@type":"Organization","@id":"https:\/\/www.suno.com.br\/noticias\/#organization","name":"Suno Not\u00edcias","url":"https:\/\/www.suno.com.br\/noticias\/","logo":{"@type":"ImageObject","inLanguage":"pt-BR","@id":"https:\/\/www.suno.com.br\/noticias\/#\/schema\/logo\/image\/","url":"https:\/\/files.sunoresearch.com.br\/n\/uploads\/2021\/09\/suno-logo.png","contentUrl":"https:\/\/files.sunoresearch.com.br\/n\/uploads\/2021\/09\/suno-logo.png","width":180,"height":180,"caption":"Suno Not\u00edcias"},"image":{"@id":"https:\/\/www.suno.com.br\/noticias\/#\/schema\/logo\/image\/"},"sameAs":["https:\/\/facebook.com\/sunoresearch","https:\/\/x.com\/sunoresearch","https:\/\/www.instagram.com\/suno","https:\/\/www.linkedin.com\/company\/suno-research\/","https:\/\/www.youtube.com\/c\/sunoresearch"]},{"@type":"Person","@id":"https:\/\/www.suno.com.br\/noticias\/#\/schema\/person\/3f7693d5795a3f6d5ce15309ee785699","name":"Renan Dantas","image":{"@type":"ImageObject","inLanguage":"pt-BR","@id":"https:\/\/www.suno.com.br\/noticias\/#\/schema\/person\/image\/","url":"https:\/\/secure.gravatar.com\/avatar\/1787b83e7484a08e51d62ac8b41c8396?s=96&r=g","contentUrl":"https:\/\/secure.gravatar.com\/avatar\/1787b83e7484a08e51d62ac8b41c8396?s=96&r=g","caption":"Renan Dantas"},"description":"Escreve sobre pol\u00edtica e mercado financeiro para o portal Suno Not\u00edcias. Antes, atuou na assessoria de comunica\u00e7\u00e3o do Minist\u00e9rio P\u00fablico do Trabalho e na R\u00e1dio Mackenzie, onde apresentava e produzia um programa sobre artistas da m\u00fasica brasileira. \u00c9 estudante na Universidade Presbiteriana Mackenzie.","url":"https:\/\/www.suno.com.br\/noticias\/author\/renan-dantas\/"}]}},"default_loop_html":"<div class=\"cardsPage__listCard__boxs\"><div class=\"cardsPage__listCard__boxs__img\"><a href=\"https:\/\/www.suno.com.br\/noticias\/maia-sistema-capitalizacao-passar\/\"><img class=\"mask\" src=\"https:\/\/www.suno.com.br\/noticias\/wp-content\/themes\/suno\/resources\/images\/spotlight\/spotlight1img\/bg-mask.png\" alt=\"Image Mask\"\/><img src=\"https:\/\/files.sunoresearch.com.br\/n\/uploads\/2019\/04\/90f55755-rodrigo-maia-400x200.webp\" alt=\"Maia: sistema de capitaliza\u00e7\u00e3o da Previd\u00eancia n\u00e3o ser\u00e1 aprovado\"\/><\/a><span class=\"spotlightCategory\"><a href=\"https:\/\/www.suno.com.br\/noticias\/politica\/\">Pol\u00edtica<\/a><\/span><\/div><div class=\"cardsPage__listCard__boxs__content\"><a href=\"https:\/\/www.suno.com.br\/noticias\/maia-sistema-capitalizacao-passar\/\"><h2 class=\"content__title\">Maia: sistema de capitaliza\u00e7\u00e3o da Previd\u00eancia n\u00e3o ser\u00e1 aprovado<\/h2><\/a><div class=\"newsContent__article__meta\"><div class=\"newsContent__article__meta__authorBox\"><a href=\"https:\/\/www.suno.com.br\/noticias\/author\/renan-dantas\/\" class=\"authorBox__avatar noMobi\"><img src=\"https:\/\/secure.gravatar.com\/avatar\/1787b83e7484a08e51d62ac8b41c8396?s=96&#038;r=g\" alt=\"Renan Dantas\"><\/a><div class=\"authorBox__name\"><span>por\n\t\t\t<a href=\"https:\/\/www.suno.com.br\/noticias\/author\/renan-dantas\/\"><span itemprop=\"author\">Renan Dantas<\/span><\/a><\/span><time datetime=\"2019-04-02T16:25:17-03:00\" itemprop=\"datePublished\">02\/04\/2019 16:25<\/time><\/div><\/div><\/div><\/div><\/div>","single_layout":"posts","amp_enabled":true,"_links":{"self":[{"href":"https:\/\/www.suno.com.br\/noticias\/wp-json\/wp\/v2\/posts\/19758"}],"collection":[{"href":"https:\/\/www.suno.com.br\/noticias\/wp-json\/wp\/v2\/posts"}],"about":[{"href":"https:\/\/www.suno.com.br\/noticias\/wp-json\/wp\/v2\/types\/post"}],"author":[{"embeddable":true,"href":"https:\/\/www.suno.com.br\/noticias\/wp-json\/wp\/v2\/users\/14"}],"replies":[{"embeddable":true,"href":"https:\/\/www.suno.com.br\/noticias\/wp-json\/wp\/v2\/comments?post=19758"}],"version-history":[{"count":0,"href":"https:\/\/www.suno.com.br\/noticias\/wp-json\/wp\/v2\/posts\/19758\/revisions"}],"wp:featuredmedia":[{"embeddable":true,"href":"https:\/\/www.suno.com.br\/noticias\/wp-json\/wp\/v2\/media\/19765"}],"wp:attachment":[{"href":"https:\/\/www.suno.com.br\/noticias\/wp-json\/wp\/v2\/media?parent=19758"}],"wp:term":[{"taxonomy":"category","embeddable":true,"href":"https:\/\/www.suno.com.br\/noticias\/wp-json\/wp\/v2\/categories?post=19758"},{"taxonomy":"post_tag","embeddable":true,"href":"https:\/\/www.suno.com.br\/noticias\/wp-json\/wp\/v2\/tags?post=19758"},{"taxonomy":"suno_strategy","embeddable":true,"href":"https:\/\/www.suno.com.br\/noticias\/wp-json\/wp\/v2\/suno_strategy?post=19758"}],"curies":[{"name":"wp","href":"https:\/\/api.w.org\/{rel}","templated":true}]}}