{"id":197428,"date":"2021-10-26T17:09:42","date_gmt":"2021-10-26T20:09:42","guid":{"rendered":"https:\/\/www.suno.com.br\/noticias\/?p=197428"},"modified":"2021-10-26T17:09:42","modified_gmt":"2021-10-26T20:09:42","slug":"privatizacao-correios-votacao-3-de-novembro","status":"publish","type":"post","link":"https:\/\/www.suno.com.br\/noticias\/privatizacao-correios-votacao-3-de-novembro\/","title":{"rendered":"L\u00edder do governo quer vota\u00e7\u00e3o da privatiza\u00e7\u00e3o dos Correios em 3 de novembro"},"content":{"rendered":"<p>O l\u00edder do governo no Senado, Fernando Bezerra (MDB-PE), pediu que a Comiss\u00e3o de Assuntos Econ\u00f4micos (CAE) do Senado possa votar o projeto que permite a privatiza\u00e7\u00e3o dos <strong>Correios<\/strong> na quarta-feira (3).<\/p>\t<div class=\"wrapper-featured-image\">\n\t\t<figure class=\"spotlightImg\">\n\n\t\t\t<picture>\n\t\t\t\t<source media=\"(max-width: 768px)\" srcset=\"https:\/\/files.sunoresearch.com.br\/n\/uploads\/2021\/05\/df91ff5f-correios-400x200.webp\">\n\t\t\t\t<img loading=\"lazy\" decoding=\"async\" class=\"newsContent__article__imgCapa lazyloadDisabled \" src=\"https:\/\/files.sunoresearch.com.br\/n\/uploads\/2021\/05\/df91ff5f-correios-800x450.webp\" width=\"800\" height=\"450\" alt=\"L\u00edder do governo quer vota\u00e7\u00e3o da privatiza\u00e7\u00e3o dos Correios em 3 de novembro\" fetchpriority=high \/>\n\t\t\t<\/picture>\n\n\t\t\t<figcaption class=\"wp-caption-text wp-caption-text--show\">Correios - Foto: Reprodu\u00e7\u00e3o Facebook<\/figcaption>\n\t\t<\/figure>\n\t<\/div>\n\n\n\t<p>\n\t\t<a href=\"https:\/\/lp.suno.com.br\/planilha-controle-gastos\/\" target=\"_blank\" data-element=\"shortcode-suno-banner\" title=\"Banner SUNO, clique e saiba mais\">\n\t\t\t<picture>\n\t\t\t\t<source media=\"(max-width: 500px)\" srcset=\"https:\/\/files.sunoresearch.com.br\/n\/uploads\/2023\/03\/400x300-Planilha-controle-de-gastos.png\">\n\t\t\t\t<img class=\"newsContent__article__imgCapa newsContent__article__imgCapa--banner\"\n\t\t\t\t\tsrc=\"https:\/\/files.sunoresearch.com.br\/n\/uploads\/2023\/03\/1420x240-Planilha-controle-de-gastos.png\"\n\t\t\t\t\tdata-promo-id=\"101751\"\t\t\t\t\t\t\t\t\t\twidth='1420' height='240'\t\t\t\t\talt=\"https:\/\/files.sunoresearch.com.br\/n\/uploads\/2023\/03\/1420x240-Planilha-controle-de-gastos.png\"\n\t\t\t\t>\n\t\t\t<\/picture>\n\t\t<\/a>\n\t<\/p>\n\n\n<p>Tradicionalmente, o colegiado se re\u00fane \u00e0s ter\u00e7as, mas, em raz\u00e3o do Feriado de Finados, no dia 2, o l\u00edder solicitou que a CAE se re\u00fana extraordinariamente na quarta-feira para deliberar sobre a proposta de <strong>privatiza\u00e7\u00e3o dos Correios<\/strong>. Por ora, a previs\u00e3o \u00e9 de que o texto siga para vota\u00e7\u00e3o do plen\u00e1rio do Senado ap\u00f3s passar pela comiss\u00e3o.<\/p>\n<p>Bezerra afirmou que h\u00e1 confian\u00e7a de que a maioria dos senadores da CAE ir\u00e1 apoiar o relat\u00f3rio apresentado hoje mais cedo pelo senador Marcio Bittar (MDB-AC), favor\u00e1vel ao Projeto de Lei (PL). &#8220;Estamos confiantes de que a maioria da comiss\u00e3o ir\u00e1 apoiar o relat\u00f3rio&#8221;, disse.<\/p>\n<p>O<strong> l\u00edder do governo<\/strong> concordou com o pedido da oposi\u00e7\u00e3o, de dispor de alguns dias para os senadores analisarem o parecer, sem que a vota\u00e7\u00e3o ocorra ainda hoje. Por outro lado, Bezerra afirmou que n\u00e3o apoia a solicita\u00e7\u00e3o para realiza\u00e7\u00e3o de uma nova <strong>audi\u00eancia p\u00fablica<\/strong> sobre o PL na CAE, posi\u00e7\u00e3o que foi seguida por Bittar.<\/p>\n\t<p>\n\t\t<a href=\"https:\/\/lp.suno.com.br\/planilha-da-vida-financeira\/\" target=\"_blank\" data-element=\"shortcode-suno-banner\" title=\"Banner SUNO, clique e saiba mais\">\n\t\t\t<picture>\n\t\t\t\t<source media=\"(max-width: 500px)\" srcset=\"https:\/\/files.sunoresearch.com.br\/n\/uploads\/2023\/04\/400x300-Planilha-vida-financeira-true.png\">\n\t\t\t\t<img class=\"newsContent__article__imgCapa newsContent__article__imgCapa--banner\"\n\t\t\t\t\tsrc=\"https:\/\/files.sunoresearch.com.br\/n\/uploads\/2023\/04\/1420x240-Planilha-vida-financeira-true.png\"\n\t\t\t\t\tdata-promo-id=\"106682\"\t\t\t\t\t\t\t\t\t\twidth='1420' height='240'\t\t\t\t\talt=\"https:\/\/files.sunoresearch.com.br\/n\/uploads\/2023\/04\/1420x240-Planilha-vida-financeira-true.png\"\n\t\t\t\t>\n\t\t\t<\/picture>\n\t\t<\/a>\n\t<\/p>\n\n\n<p>Apesar da expectativa de que a proposta passe apenas pela CAE e siga para o plen\u00e1rio, o l\u00edder da Minoria no Senado, Jean Paul Prates (PT-RN), pediu nesta ter\u00e7a que o PL tamb\u00e9m seja analisado pela Comiss\u00e3o de Constitui\u00e7\u00e3o e Justi\u00e7a (CCJ) do <strong>Senado<\/strong>.<\/p>\n<p>&#8220;N\u00e3o h\u00e1 necessidade de se <strong>vender os Correios<\/strong> para se ter competitividade nesse setor. Se ela for vendida, \u00e9 certo que n\u00e3o teremos mais universaliza\u00e7\u00e3o no Brasil&#8221;, afirmou Prates.<\/p>\n<h2>Sem privatiza\u00e7\u00e3o, Correios ter\u00e1 mercado &#8220;abocanhado&#8221; pelo setor privado, diz ministro<\/h2>\n<p>Caso a privatiza\u00e7\u00e3o dos <strong>Correios<\/strong> n\u00e3o aconte\u00e7a, a tend\u00eancia \u00e9 de que outras empresas \u201cabocanhem\u201d o fil\u00e9 dos servi\u00e7os de log\u00edstica &#8212; a entrega de encomendas&#8211;, deixando a estatal com &#8220;apenas os ossos&#8221; dos seus servi\u00e7os oferecidos, que seria a entrega de correspond\u00eancias. A opini\u00e3o foi dada na semana passada pelo pelo ministro das Comunica\u00e7\u00f5es, F\u00e1bio Faria.<\/p>\n\t<div data-element=\"shortcode-read-more\" class=\"knowMore\">\n\t\t\t\t<span class=\"knowMore__title\">Saiba Mais <\/span>\n\t\t\t\t<a class=\"knowMore__link\" href=\"https:\/\/www.suno.com.br\/noticias\/privatizacao-correios-abocanhado-setor-privado\/\">\n\t\t\tSem privatiza\u00e7\u00e3o, Correios ter\u00e1 mercado &quot;abocanhado&quot; pelo setor privado, diz ministro\t\t<\/a>\n\t<\/div>\n\n\n<p>Segundo o ministro, essa tend\u00eancia j\u00e1 vem sendo percebida e foi refor\u00e7ada durante os per\u00edodos em que os servidores dos <strong>Correios<\/strong> fizeram paralisa\u00e7\u00f5es, o que levou empresas como <strong>Mercado Livre<\/strong> (MELI34) e <a href=\"https:\/\/www.suno.com.br\/acoes\/mglu3\/\"><strong>Magazine Luiza<\/strong> (MGLU3)<\/a> a buscarem alternativas para a entrega de encomendas. \u201cQuando a greve acaba, essas empresas n\u00e3o voltam para os Correios\u201d, disse o ministro durante audi\u00eancia p\u00fablica na Comiss\u00e3o de Assuntos Econ\u00f4micos do Senado. O projeto de <a href=\"https:\/\/agenciabrasil.ebc.com.br\/politica\/noticia\/2021-08\/camara-aprova-projeto-que-permite-privatizacao-dos-correios\" target=\"_blank\" rel=\"noopener\">privatiza\u00e7\u00e3o dos Correios j\u00e1 foi aprovado na C\u00e2mara<\/a>, mas est\u00e1 parado no Senado.<\/p>\n<p>Faria teceu elogios aos <strong>Correios<\/strong>, mas defendeu sua privatiza\u00e7\u00e3o. \u201c\u00c9 a \u00fanica empresa que est\u00e1 presente nos 5.568 munic\u00edpios brasileiros, entregando cartas e encomendas nas regi\u00f5es mais remotas do pa\u00eds, principalmente na<strong> Regi\u00e3o Amaz\u00f4nica<\/strong>, onde temos dificuldades de log\u00edstica\u201d, disse.<\/p>\n<p><em>(Com informa\u00e7\u00f5es do Estad\u00e3o Conte\u00fado)<\/em><\/p>\n\t<p>\n\t\t<a href=\"https:\/\/lp.suno.com.br\/planilha-de-controle-de-investimentos\/\" target=\"_blank\" data-element=\"shortcode-suno-banner\" title=\"Banner SUNO, clique e saiba mais\">\n\t\t\t<picture>\n\t\t\t\t<source media=\"(max-width: 500px)\" srcset=\"https:\/\/files.sunoresearch.com.br\/n\/uploads\/2023\/03\/400x300-Controle-de-Investimentos.png\">\n\t\t\t\t<img class=\"newsContent__article__imgCapa newsContent__article__imgCapa--banner\"\n\t\t\t\t\tsrc=\"https:\/\/files.sunoresearch.com.br\/n\/uploads\/2023\/03\/1420x240-Controle-de-Investimentos.png\"\n\t\t\t\t\tdata-promo-id=\"75934\"\t\t\t\t\t\t\t\t\t\twidth='1420' height='240'\t\t\t\t\talt=\"https:\/\/files.sunoresearch.com.br\/n\/uploads\/2023\/03\/1420x240-Controle-de-Investimentos.png\"\n\t\t\t\t>\n\t\t\t<\/picture>\n\t\t<\/a>\n\t<\/p>\n\n\n","protected":false},"excerpt":{"rendered":"<p>O l\u00edder do governo no Senado, Fernando Bezerra (MDB-PE), pediu que a Comiss\u00e3o de Assuntos Econ\u00f4micos (CAE) do Senado possa votar o projeto que permite a privatiza\u00e7\u00e3o dos Correios na quarta-feira (3). Correios &#8211; Foto: Reprodu\u00e7\u00e3o Facebook Tradicionalmente, o colegiado se re\u00fane \u00e0s ter\u00e7as, mas, em raz\u00e3o do Feriado de Finados, no dia 2, o [&hellip;]<\/p>\n","protected":false},"author":15,"featured_media":152959,"comment_status":"closed","ping_status":"closed","sticky":false,"template":"","format":"standard","meta":[],"categories":[64],"tags":[1325,700,945,1068],"suno_strategy":[],"class_list":["post-197428","post","type-post","status-publish","format-standard","has-post-thumbnail","hentry","category-negocios","tag-ccj","tag-correios","tag-privatizacoes","tag-senado-federal"],"yoast_head":"<!-- This site is optimized with the Yoast SEO plugin v24.4 - https:\/\/yoast.com\/wordpress\/plugins\/seo\/ -->\n<title>L\u00edder do governo quer vota\u00e7\u00e3o da PL dos Correios em 3 de novembro<\/title>\n<meta name=\"description\" content=\"Bezerra acredita que a maioria dos senadores da CAE ir\u00e1 apoiar a privatiza\u00e7\u00e3o dos Correios. Para saber mais clique aqui e confira\" \/>\n<meta name=\"robots\" content=\"index, follow, max-snippet:-1, max-image-preview:large, max-video-preview:-1\" \/>\n<link rel=\"canonical\" href=\"https:\/\/www.suno.com.br\/noticias\/privatizacao-correios-votacao-3-de-novembro\/\" \/>\n<meta property=\"og:locale\" content=\"pt_BR\" \/>\n<meta property=\"og:type\" content=\"article\" \/>\n<meta property=\"og:title\" content=\"L\u00edder do governo quer vota\u00e7\u00e3o da PL dos Correios em 3 de novembro\" \/>\n<meta property=\"og:description\" content=\"Bezerra acredita que a maioria dos senadores da CAE ir\u00e1 apoiar a privatiza\u00e7\u00e3o dos Correios. Para saber mais clique aqui e confira\" \/>\n<meta property=\"og:url\" content=\"https:\/\/www.suno.com.br\/noticias\/privatizacao-correios-votacao-3-de-novembro\/\" \/>\n<meta property=\"og:site_name\" content=\"Suno Not\u00edcias\" \/>\n<meta property=\"article:publisher\" content=\"https:\/\/facebook.com\/sunoresearch\" \/>\n<meta property=\"og:image\" content=\"https:\/\/files.sunoresearch.com.br\/n\/uploads\/2021\/05\/df91ff5f-correios.jpg\" \/>\n\t<meta property=\"og:image:width\" content=\"1926\" \/>\n\t<meta property=\"og:image:height\" content=\"1452\" \/>\n\t<meta property=\"og:image:type\" content=\"image\/jpeg\" \/>\n<meta name=\"author\" content=\"Poliana Santos\" \/>\n<meta name=\"twitter:card\" content=\"summary_large_image\" \/>\n<meta name=\"twitter:creator\" content=\"@sunoresearch\" \/>\n<meta name=\"twitter:site\" content=\"@sunoresearch\" \/>\n<meta name=\"twitter:label1\" content=\"Escrito por\" \/>\n\t<meta name=\"twitter:data1\" content=\"Poliana Santos\" \/>\n\t<meta name=\"twitter:label2\" content=\"Est. tempo de leitura\" \/>\n\t<meta name=\"twitter:data2\" content=\"3 minutos\" \/>\n<script type=\"application\/ld+json\" class=\"yoast-schema-graph\">{\"@context\":\"https:\/\/schema.org\",\"@graph\":[{\"@type\":\"NewsArticle\",\"@id\":\"https:\/\/www.suno.com.br\/noticias\/privatizacao-correios-votacao-3-de-novembro\/#article\",\"isPartOf\":{\"@id\":\"https:\/\/www.suno.com.br\/noticias\/privatizacao-correios-votacao-3-de-novembro\/\"},\"author\":{\"name\":\"Poliana Santos\",\"@id\":\"https:\/\/www.suno.com.br\/noticias\/#\/schema\/person\/02ec1f752758247878a2bf4abee1aeda\"},\"headline\":\"L\u00edder do governo quer vota\u00e7\u00e3o da privatiza\u00e7\u00e3o dos Correios em 3 de novembro\",\"datePublished\":\"2021-10-26T20:09:42+00:00\",\"mainEntityOfPage\":{\"@id\":\"https:\/\/www.suno.com.br\/noticias\/privatizacao-correios-votacao-3-de-novembro\/\"},\"wordCount\":555,\"publisher\":{\"@id\":\"https:\/\/www.suno.com.br\/noticias\/#organization\"},\"image\":{\"@id\":\"https:\/\/www.suno.com.br\/noticias\/privatizacao-correios-votacao-3-de-novembro\/#primaryimage\"},\"thumbnailUrl\":\"https:\/\/files.sunoresearch.com.br\/n\/uploads\/2021\/05\/df91ff5f-correios-jpg.webp\",\"keywords\":[\"CCJ\",\"Correios\",\"privatiza\u00e7\u00f5es\",\"Senado Federal\"],\"articleSection\":[\"Neg\u00f3cios\"],\"inLanguage\":\"pt-BR\"},{\"@type\":\"WebPage\",\"@id\":\"https:\/\/www.suno.com.br\/noticias\/privatizacao-correios-votacao-3-de-novembro\/\",\"url\":\"https:\/\/www.suno.com.br\/noticias\/privatizacao-correios-votacao-3-de-novembro\/\",\"name\":\"L\u00edder do governo quer vota\u00e7\u00e3o da PL dos Correios em 3 de novembro\",\"isPartOf\":{\"@id\":\"https:\/\/www.suno.com.br\/noticias\/#website\"},\"primaryImageOfPage\":{\"@id\":\"https:\/\/www.suno.com.br\/noticias\/privatizacao-correios-votacao-3-de-novembro\/#primaryimage\"},\"image\":{\"@id\":\"https:\/\/www.suno.com.br\/noticias\/privatizacao-correios-votacao-3-de-novembro\/#primaryimage\"},\"thumbnailUrl\":\"https:\/\/files.sunoresearch.com.br\/n\/uploads\/2021\/05\/df91ff5f-correios-jpg.webp\",\"datePublished\":\"2021-10-26T20:09:42+00:00\",\"description\":\"Bezerra acredita que a maioria dos senadores da CAE ir\u00e1 apoiar a privatiza\u00e7\u00e3o dos Correios. Para saber mais clique aqui e confira\",\"breadcrumb\":{\"@id\":\"https:\/\/www.suno.com.br\/noticias\/privatizacao-correios-votacao-3-de-novembro\/#breadcrumb\"},\"inLanguage\":\"pt-BR\",\"potentialAction\":[{\"@type\":\"ReadAction\",\"target\":[\"https:\/\/www.suno.com.br\/noticias\/privatizacao-correios-votacao-3-de-novembro\/\"]}]},{\"@type\":\"ImageObject\",\"inLanguage\":\"pt-BR\",\"@id\":\"https:\/\/www.suno.com.br\/noticias\/privatizacao-correios-votacao-3-de-novembro\/#primaryimage\",\"url\":\"https:\/\/files.sunoresearch.com.br\/n\/uploads\/2021\/05\/df91ff5f-correios-jpg.webp\",\"contentUrl\":\"https:\/\/files.sunoresearch.com.br\/n\/uploads\/2021\/05\/df91ff5f-correios-jpg.webp\",\"width\":1926,\"height\":1452,\"caption\":\"Correios - Foto: Reprodu\u00e7\u00e3o Facebook\"},{\"@type\":\"BreadcrumbList\",\"@id\":\"https:\/\/www.suno.com.br\/noticias\/privatizacao-correios-votacao-3-de-novembro\/#breadcrumb\",\"itemListElement\":[{\"@type\":\"ListItem\",\"position\":1,\"name\":\"Not\u00edcias\",\"item\":\"https:\/\/www.suno.com.br\/noticias\/\"},{\"@type\":\"ListItem\",\"position\":2,\"name\":\"Neg\u00f3cios\",\"item\":\"https:\/\/www.suno.com.br\/noticias\/negocios\/\"},{\"@type\":\"ListItem\",\"position\":3,\"name\":\"L\u00edder do governo quer vota\u00e7\u00e3o da privatiza\u00e7\u00e3o dos Correios em 3 de novembro\"}]},{\"@type\":\"WebSite\",\"@id\":\"https:\/\/www.suno.com.br\/noticias\/#website\",\"url\":\"https:\/\/www.suno.com.br\/noticias\/\",\"name\":\"Suno Not\u00edcias\",\"description\":\"Seu portal de informa\u00e7\u00e3o sobre o mundo dos investimentos\",\"publisher\":{\"@id\":\"https:\/\/www.suno.com.br\/noticias\/#organization\"},\"potentialAction\":[{\"@type\":\"SearchAction\",\"target\":{\"@type\":\"EntryPoint\",\"urlTemplate\":\"https:\/\/www.suno.com.br\/noticias\/?s={search_term_string}\"},\"query-input\":{\"@type\":\"PropertyValueSpecification\",\"valueRequired\":true,\"valueName\":\"search_term_string\"}}],\"inLanguage\":\"pt-BR\"},{\"@type\":\"Organization\",\"@id\":\"https:\/\/www.suno.com.br\/noticias\/#organization\",\"name\":\"Suno Not\u00edcias\",\"url\":\"https:\/\/www.suno.com.br\/noticias\/\",\"logo\":{\"@type\":\"ImageObject\",\"inLanguage\":\"pt-BR\",\"@id\":\"https:\/\/www.suno.com.br\/noticias\/#\/schema\/logo\/image\/\",\"url\":\"https:\/\/files.sunoresearch.com.br\/n\/uploads\/2021\/09\/suno-logo.png\",\"contentUrl\":\"https:\/\/files.sunoresearch.com.br\/n\/uploads\/2021\/09\/suno-logo.png\",\"width\":180,\"height\":180,\"caption\":\"Suno Not\u00edcias\"},\"image\":{\"@id\":\"https:\/\/www.suno.com.br\/noticias\/#\/schema\/logo\/image\/\"},\"sameAs\":[\"https:\/\/facebook.com\/sunoresearch\",\"https:\/\/x.com\/sunoresearch\",\"https:\/\/www.instagram.com\/suno\",\"https:\/\/www.linkedin.com\/company\/suno-research\/\",\"https:\/\/www.youtube.com\/c\/sunoresearch\"]},{\"@type\":\"Person\",\"@id\":\"https:\/\/www.suno.com.br\/noticias\/#\/schema\/person\/02ec1f752758247878a2bf4abee1aeda\",\"name\":\"Poliana Santos\",\"image\":{\"@type\":\"ImageObject\",\"inLanguage\":\"pt-BR\",\"@id\":\"https:\/\/www.suno.com.br\/noticias\/#\/schema\/person\/image\/\",\"url\":\"https:\/\/secure.gravatar.com\/avatar\/0645bd32f23d87b2130f2b2dff1d3f8d?s=96&r=g\",\"contentUrl\":\"https:\/\/secure.gravatar.com\/avatar\/0645bd32f23d87b2130f2b2dff1d3f8d?s=96&r=g\",\"caption\":\"Poliana Santos\"},\"description\":\"Rep\u00f3rter no Suno Not\u00edcias, com cobertura em mercado financeiro, economia, finan\u00e7as pessoais, renda fixa e varejo. Jornalista formada pela Faculdade C\u00e1sper L\u00edbero e possui passagem na R\u00e1dio Gazeta AM com a produ\u00e7\u00e3o de conte\u00fado sobre economia, pol\u00edtica, sa\u00fade, moda e m\u00fasica. Possui certificado de conclus\u00e3o do curso de An\u00e1lise de Balan\u00e7os pela Funda\u00e7\u00e3o Bradesco, Agenda Brasil pela FAAP, Educa\u00e7\u00e3o Pol\u00edtica por Alexandre Garcia e do Tesouro Direto e Mercado de A\u00e7\u00f5es pela B3.\",\"url\":\"https:\/\/www.suno.com.br\/noticias\/author\/poliana-santos\/\"}]}<\/script>\n<!-- \/ Yoast SEO plugin. -->","yoast_head_json":{"title":"L\u00edder do governo quer vota\u00e7\u00e3o da PL dos Correios em 3 de novembro","description":"Bezerra acredita que a maioria dos senadores da CAE ir\u00e1 apoiar a privatiza\u00e7\u00e3o dos Correios. Para saber mais clique aqui e confira","robots":{"index":"index","follow":"follow","max-snippet":"max-snippet:-1","max-image-preview":"max-image-preview:large","max-video-preview":"max-video-preview:-1"},"canonical":"https:\/\/www.suno.com.br\/noticias\/privatizacao-correios-votacao-3-de-novembro\/","og_locale":"pt_BR","og_type":"article","og_title":"L\u00edder do governo quer vota\u00e7\u00e3o da PL dos Correios em 3 de novembro","og_description":"Bezerra acredita que a maioria dos senadores da CAE ir\u00e1 apoiar a privatiza\u00e7\u00e3o dos Correios. Para saber mais clique aqui e confira","og_url":"https:\/\/www.suno.com.br\/noticias\/privatizacao-correios-votacao-3-de-novembro\/","og_site_name":"Suno Not\u00edcias","article_publisher":"https:\/\/facebook.com\/sunoresearch","og_image":[{"width":1926,"height":1452,"url":"https:\/\/files.sunoresearch.com.br\/n\/uploads\/2021\/05\/df91ff5f-correios.jpg","type":"image\/jpeg"}],"author":"Poliana Santos","twitter_card":"summary_large_image","twitter_creator":"@sunoresearch","twitter_site":"@sunoresearch","twitter_misc":{"Escrito por":"Poliana Santos","Est. tempo de leitura":"3 minutos"},"schema":{"@context":"https:\/\/schema.org","@graph":[{"@type":"NewsArticle","@id":"https:\/\/www.suno.com.br\/noticias\/privatizacao-correios-votacao-3-de-novembro\/#article","isPartOf":{"@id":"https:\/\/www.suno.com.br\/noticias\/privatizacao-correios-votacao-3-de-novembro\/"},"author":{"name":"Poliana Santos","@id":"https:\/\/www.suno.com.br\/noticias\/#\/schema\/person\/02ec1f752758247878a2bf4abee1aeda"},"headline":"L\u00edder do governo quer vota\u00e7\u00e3o da privatiza\u00e7\u00e3o dos Correios em 3 de novembro","datePublished":"2021-10-26T20:09:42+00:00","mainEntityOfPage":{"@id":"https:\/\/www.suno.com.br\/noticias\/privatizacao-correios-votacao-3-de-novembro\/"},"wordCount":555,"publisher":{"@id":"https:\/\/www.suno.com.br\/noticias\/#organization"},"image":{"@id":"https:\/\/www.suno.com.br\/noticias\/privatizacao-correios-votacao-3-de-novembro\/#primaryimage"},"thumbnailUrl":"https:\/\/files.sunoresearch.com.br\/n\/uploads\/2021\/05\/df91ff5f-correios-jpg.webp","keywords":["CCJ","Correios","privatiza\u00e7\u00f5es","Senado Federal"],"articleSection":["Neg\u00f3cios"],"inLanguage":"pt-BR"},{"@type":"WebPage","@id":"https:\/\/www.suno.com.br\/noticias\/privatizacao-correios-votacao-3-de-novembro\/","url":"https:\/\/www.suno.com.br\/noticias\/privatizacao-correios-votacao-3-de-novembro\/","name":"L\u00edder do governo quer vota\u00e7\u00e3o da PL dos Correios em 3 de novembro","isPartOf":{"@id":"https:\/\/www.suno.com.br\/noticias\/#website"},"primaryImageOfPage":{"@id":"https:\/\/www.suno.com.br\/noticias\/privatizacao-correios-votacao-3-de-novembro\/#primaryimage"},"image":{"@id":"https:\/\/www.suno.com.br\/noticias\/privatizacao-correios-votacao-3-de-novembro\/#primaryimage"},"thumbnailUrl":"https:\/\/files.sunoresearch.com.br\/n\/uploads\/2021\/05\/df91ff5f-correios-jpg.webp","datePublished":"2021-10-26T20:09:42+00:00","description":"Bezerra acredita que a maioria dos senadores da CAE ir\u00e1 apoiar a privatiza\u00e7\u00e3o dos Correios. Para saber mais clique aqui e confira","breadcrumb":{"@id":"https:\/\/www.suno.com.br\/noticias\/privatizacao-correios-votacao-3-de-novembro\/#breadcrumb"},"inLanguage":"pt-BR","potentialAction":[{"@type":"ReadAction","target":["https:\/\/www.suno.com.br\/noticias\/privatizacao-correios-votacao-3-de-novembro\/"]}]},{"@type":"ImageObject","inLanguage":"pt-BR","@id":"https:\/\/www.suno.com.br\/noticias\/privatizacao-correios-votacao-3-de-novembro\/#primaryimage","url":"https:\/\/files.sunoresearch.com.br\/n\/uploads\/2021\/05\/df91ff5f-correios-jpg.webp","contentUrl":"https:\/\/files.sunoresearch.com.br\/n\/uploads\/2021\/05\/df91ff5f-correios-jpg.webp","width":1926,"height":1452,"caption":"Correios - Foto: Reprodu\u00e7\u00e3o Facebook"},{"@type":"BreadcrumbList","@id":"https:\/\/www.suno.com.br\/noticias\/privatizacao-correios-votacao-3-de-novembro\/#breadcrumb","itemListElement":[{"@type":"ListItem","position":1,"name":"Not\u00edcias","item":"https:\/\/www.suno.com.br\/noticias\/"},{"@type":"ListItem","position":2,"name":"Neg\u00f3cios","item":"https:\/\/www.suno.com.br\/noticias\/negocios\/"},{"@type":"ListItem","position":3,"name":"L\u00edder do governo quer vota\u00e7\u00e3o da privatiza\u00e7\u00e3o dos Correios em 3 de novembro"}]},{"@type":"WebSite","@id":"https:\/\/www.suno.com.br\/noticias\/#website","url":"https:\/\/www.suno.com.br\/noticias\/","name":"Suno Not\u00edcias","description":"Seu portal de informa\u00e7\u00e3o sobre o mundo dos investimentos","publisher":{"@id":"https:\/\/www.suno.com.br\/noticias\/#organization"},"potentialAction":[{"@type":"SearchAction","target":{"@type":"EntryPoint","urlTemplate":"https:\/\/www.suno.com.br\/noticias\/?s={search_term_string}"},"query-input":{"@type":"PropertyValueSpecification","valueRequired":true,"valueName":"search_term_string"}}],"inLanguage":"pt-BR"},{"@type":"Organization","@id":"https:\/\/www.suno.com.br\/noticias\/#organization","name":"Suno Not\u00edcias","url":"https:\/\/www.suno.com.br\/noticias\/","logo":{"@type":"ImageObject","inLanguage":"pt-BR","@id":"https:\/\/www.suno.com.br\/noticias\/#\/schema\/logo\/image\/","url":"https:\/\/files.sunoresearch.com.br\/n\/uploads\/2021\/09\/suno-logo.png","contentUrl":"https:\/\/files.sunoresearch.com.br\/n\/uploads\/2021\/09\/suno-logo.png","width":180,"height":180,"caption":"Suno Not\u00edcias"},"image":{"@id":"https:\/\/www.suno.com.br\/noticias\/#\/schema\/logo\/image\/"},"sameAs":["https:\/\/facebook.com\/sunoresearch","https:\/\/x.com\/sunoresearch","https:\/\/www.instagram.com\/suno","https:\/\/www.linkedin.com\/company\/suno-research\/","https:\/\/www.youtube.com\/c\/sunoresearch"]},{"@type":"Person","@id":"https:\/\/www.suno.com.br\/noticias\/#\/schema\/person\/02ec1f752758247878a2bf4abee1aeda","name":"Poliana Santos","image":{"@type":"ImageObject","inLanguage":"pt-BR","@id":"https:\/\/www.suno.com.br\/noticias\/#\/schema\/person\/image\/","url":"https:\/\/secure.gravatar.com\/avatar\/0645bd32f23d87b2130f2b2dff1d3f8d?s=96&r=g","contentUrl":"https:\/\/secure.gravatar.com\/avatar\/0645bd32f23d87b2130f2b2dff1d3f8d?s=96&r=g","caption":"Poliana Santos"},"description":"Rep\u00f3rter no Suno Not\u00edcias, com cobertura em mercado financeiro, economia, finan\u00e7as pessoais, renda fixa e varejo. Jornalista formada pela Faculdade C\u00e1sper L\u00edbero e possui passagem na R\u00e1dio Gazeta AM com a produ\u00e7\u00e3o de conte\u00fado sobre economia, pol\u00edtica, sa\u00fade, moda e m\u00fasica. Possui certificado de conclus\u00e3o do curso de An\u00e1lise de Balan\u00e7os pela Funda\u00e7\u00e3o Bradesco, Agenda Brasil pela FAAP, Educa\u00e7\u00e3o Pol\u00edtica por Alexandre Garcia e do Tesouro Direto e Mercado de A\u00e7\u00f5es pela B3.","url":"https:\/\/www.suno.com.br\/noticias\/author\/poliana-santos\/"}]}},"default_loop_html":"<div class=\"cardsPage__listCard__boxs\"><div class=\"cardsPage__listCard__boxs__img\"><a href=\"https:\/\/www.suno.com.br\/noticias\/privatizacao-correios-votacao-3-de-novembro\/\"><img class=\"mask\" src=\"https:\/\/www.suno.com.br\/noticias\/wp-content\/themes\/suno\/resources\/images\/spotlight\/spotlight1img\/bg-mask.png\" alt=\"Image Mask\"\/><img src=\"https:\/\/files.sunoresearch.com.br\/n\/uploads\/2021\/05\/df91ff5f-correios-400x200.webp\" alt=\"L\u00edder do governo quer vota\u00e7\u00e3o da privatiza\u00e7\u00e3o dos Correios em 3 de novembro\"\/><\/a><span class=\"spotlightCategory\"><a href=\"https:\/\/www.suno.com.br\/noticias\/negocios\/\">Neg\u00f3cios<\/a><\/span><\/div><div class=\"cardsPage__listCard__boxs__content\"><a href=\"https:\/\/www.suno.com.br\/noticias\/privatizacao-correios-votacao-3-de-novembro\/\"><h2 class=\"content__title\">L\u00edder do governo quer vota\u00e7\u00e3o da privatiza\u00e7\u00e3o dos Correios em 3 de novembro<\/h2><\/a><div class=\"newsContent__article__meta\"><div class=\"newsContent__article__meta__authorBox\"><a href=\"https:\/\/www.suno.com.br\/noticias\/author\/poliana-santos\/\" class=\"authorBox__avatar noMobi\"><img src=\"https:\/\/files.sunoresearch.com.br\/n\/uploads\/2020\/08\/7ef34026-whatsapp-image-2020-08-03-at-12.37.57-150x150.webp\" alt=\"Poliana Santos\"><\/a><div class=\"authorBox__name\"><span>por\n\t\t\t<a href=\"https:\/\/www.suno.com.br\/noticias\/author\/poliana-santos\/\"><span itemprop=\"author\">Poliana Santos<\/span><\/a><\/span><time datetime=\"2021-10-26T17:09:42-03:00\" itemprop=\"datePublished\">26\/10\/2021 17:09<\/time><\/div><\/div><\/div><\/div><\/div>","single_layout":"posts","amp_enabled":true,"_links":{"self":[{"href":"https:\/\/www.suno.com.br\/noticias\/wp-json\/wp\/v2\/posts\/197428"}],"collection":[{"href":"https:\/\/www.suno.com.br\/noticias\/wp-json\/wp\/v2\/posts"}],"about":[{"href":"https:\/\/www.suno.com.br\/noticias\/wp-json\/wp\/v2\/types\/post"}],"author":[{"embeddable":true,"href":"https:\/\/www.suno.com.br\/noticias\/wp-json\/wp\/v2\/users\/15"}],"replies":[{"embeddable":true,"href":"https:\/\/www.suno.com.br\/noticias\/wp-json\/wp\/v2\/comments?post=197428"}],"version-history":[{"count":3,"href":"https:\/\/www.suno.com.br\/noticias\/wp-json\/wp\/v2\/posts\/197428\/revisions"}],"predecessor-version":[{"id":197611,"href":"https:\/\/www.suno.com.br\/noticias\/wp-json\/wp\/v2\/posts\/197428\/revisions\/197611"}],"wp:featuredmedia":[{"embeddable":true,"href":"https:\/\/www.suno.com.br\/noticias\/wp-json\/wp\/v2\/media\/152959"}],"wp:attachment":[{"href":"https:\/\/www.suno.com.br\/noticias\/wp-json\/wp\/v2\/media?parent=197428"}],"wp:term":[{"taxonomy":"category","embeddable":true,"href":"https:\/\/www.suno.com.br\/noticias\/wp-json\/wp\/v2\/categories?post=197428"},{"taxonomy":"post_tag","embeddable":true,"href":"https:\/\/www.suno.com.br\/noticias\/wp-json\/wp\/v2\/tags?post=197428"},{"taxonomy":"suno_strategy","embeddable":true,"href":"https:\/\/www.suno.com.br\/noticias\/wp-json\/wp\/v2\/suno_strategy?post=197428"}],"curies":[{"name":"wp","href":"https:\/\/api.w.org\/{rel}","templated":true}]}}