{"id":197059,"date":"2021-10-25T17:39:41","date_gmt":"2021-10-25T20:39:41","guid":{"rendered":"https:\/\/www.suno.com.br\/noticias\/?p=197059"},"modified":"2021-10-25T17:39:41","modified_gmt":"2021-10-25T20:39:41","slug":"ouro-recupera-marca-onca-troy-fecha-alta","status":"publish","type":"post","link":"https:\/\/www.suno.com.br\/noticias\/ouro-recupera-marca-onca-troy-fecha-alta\/","title":{"rendered":"Ouro recupera marca de US$ 1.800 a on\u00e7a-troy e fecha em alta de 0,58%"},"content":{"rendered":"<p>O contrato mais ativo do <strong>ouro\u00a0<\/strong>encerrou o primeiro dia da semana em alta. O metal precioso recuperou nesta segunda (25) a marca de US$ 1.800 por on\u00e7a-troy. Segundo os especialistas, o ouro foi mais requisitado por conta das especula\u00e7\u00f5es sobre alta na infla\u00e7\u00e3o, especialmente nos Estados Unidos e Europa.<\/p>\t<div class=\"wrapper-featured-image\">\n\t\t<figure class=\"spotlightImg\">\n\n\t\t\t<picture>\n\t\t\t\t<source media=\"(max-width: 768px)\" srcset=\"https:\/\/files.sunoresearch.com.br\/n\/uploads\/2021\/03\/902faf9e-gold-513062_1280-400x200.webp\">\n\t\t\t\t<img loading=\"lazy\" decoding=\"async\" class=\"newsContent__article__imgCapa lazyloadDisabled \" src=\"https:\/\/files.sunoresearch.com.br\/n\/uploads\/2021\/03\/902faf9e-gold-513062_1280-800x450.webp\" width=\"800\" height=\"450\" alt=\"Ouro recupera marca de US$ 1.800 a on\u00e7a-troy e fecha em alta de 0,58%\" fetchpriority=high \/>\n\t\t\t<\/picture>\n\n\t\t\t<figcaption class=\"wp-caption-text wp-caption-text--show\">Ouro Foto:  Steve Bidmead por Pixabay <\/figcaption>\n\t\t<\/figure>\n\t<\/div>\n\n\n\t<p>\n\t\t<a href=\"https:\/\/lp.suno.com.br\/planilha-controle-gastos\/\" target=\"_blank\" data-element=\"shortcode-suno-banner\" title=\"Banner SUNO, clique e saiba mais\">\n\t\t\t<picture>\n\t\t\t\t<source media=\"(max-width: 500px)\" srcset=\"https:\/\/files.sunoresearch.com.br\/n\/uploads\/2023\/03\/400x300-Planilha-controle-de-gastos.png\">\n\t\t\t\t<img class=\"newsContent__article__imgCapa newsContent__article__imgCapa--banner\"\n\t\t\t\t\tsrc=\"https:\/\/files.sunoresearch.com.br\/n\/uploads\/2023\/03\/1420x240-Planilha-controle-de-gastos.png\"\n\t\t\t\t\tdata-promo-id=\"101751\"\t\t\t\t\t\t\t\t\t\twidth='1420' height='240'\t\t\t\t\talt=\"https:\/\/files.sunoresearch.com.br\/n\/uploads\/2023\/03\/1420x240-Planilha-controle-de-gastos.png\"\n\t\t\t\t>\n\t\t\t<\/picture>\n\t\t<\/a>\n\t<\/p>\n\n\n<p>Na Comex, divis\u00e3o de metais da <a class=\"suno-keyword\" href=\"https:\/\/www.suno.com.br\/artigos\/nymex\/\" target=\"_blank\" rel=\"noopener\" data-force=\"no\" data-priority=\"1\">New York Mercantile Exchange (Nymex)<\/a>, o <strong>ouro para dezembro<\/strong> encerrou a sess\u00e3o em alta de 0,58%, a US$ 1.806,80 a on\u00e7a-troy.<\/p>\n<p>Para o Commerzbank, o ouro tem sido estimulado pelas expectativas de infla\u00e7\u00e3o ascendentes. &#8220;Os mercados est\u00e3o precificando uma infla\u00e7\u00e3o cada vez mais alta, e muitos participantes acreditam que ela n\u00e3o mais seja apenas tempor\u00e1ria&#8221;, diz o analista Daniel Briesemann. &#8220;O ouro deve lucrar com isso, dado seu papel de reserva de valor.&#8221;<\/p>\n\t<p>\n\t\t<a href=\"https:\/\/lp.suno.com.br\/planilha-da-vida-financeira\/\" target=\"_blank\" data-element=\"shortcode-suno-banner\" title=\"Banner SUNO, clique e saiba mais\">\n\t\t\t<picture>\n\t\t\t\t<source media=\"(max-width: 500px)\" srcset=\"https:\/\/files.sunoresearch.com.br\/n\/uploads\/2023\/04\/400x300-Planilha-vida-financeira-true.png\">\n\t\t\t\t<img class=\"newsContent__article__imgCapa newsContent__article__imgCapa--banner\"\n\t\t\t\t\tsrc=\"https:\/\/files.sunoresearch.com.br\/n\/uploads\/2023\/04\/1420x240-Planilha-vida-financeira-true.png\"\n\t\t\t\t\tdata-promo-id=\"106682\"\t\t\t\t\t\t\t\t\t\twidth='1420' height='240'\t\t\t\t\talt=\"https:\/\/files.sunoresearch.com.br\/n\/uploads\/2023\/04\/1420x240-Planilha-vida-financeira-true.png\"\n\t\t\t\t>\n\t\t\t<\/picture>\n\t\t<\/a>\n\t<\/p>\n\n\n<p>O TD Securities concorda com a import\u00e2ncia da alta infla\u00e7\u00e3o para os avan\u00e7os do metal precioso. No entanto, para seus analistas, investidores est\u00e3o mais cautelosos em rela\u00e7\u00e3o ao ouro do que em outros per\u00edodos, enquanto tentam precificar a retirada de est\u00edmulo monet\u00e1rio pelo Federal Reserve (Fed, o banco central norte-americano) na economia dos EUA. Para os economistas, com a imin\u00eancia do &#8220;<a class=\"suno-keyword\" href=\"https:\/\/www.suno.com.br\/artigos\/tapering\/\" target=\"_blank\" rel=\"noopener\" data-force=\"no\" data-priority=\"2\">tapering<\/a>&#8220;, os motivos para deter o metal amarelo &#8220;est\u00e3o se tornando mais atraentes&#8221;.<\/p>\n<p>Nesse contexto, os pre\u00e7os do ouro est\u00e3o apresentando um desempenho &#8220;tremendamente inferior&#8221; em rela\u00e7\u00e3o aos per\u00edodos an\u00e1logos, avalia o TD Securities. &#8220;Mas uma ruptura na tend\u00eancia de baixa de v\u00e1rios meses do metal pode sinalizar que os fluxos de cobertura de infla\u00e7\u00e3o est\u00e3o finalmente superando o \u00eaxodo especulativo vinculado \u00e0 precifica\u00e7\u00e3o das decis\u00f5es do Fed&#8221;, pontua.<\/p>\n\t<p>\n\t\t<a href=\"https:\/\/lp.suno.com.br\/ebook-como-analisar-uma-acao\/\" target=\"_blank\" data-element=\"shortcode-suno-banner\" title=\"Banner SUNO, clique e saiba mais\">\n\t\t\t<picture>\n\t\t\t\t<source media=\"(max-width: 500px)\" srcset=\"https:\/\/files.sunoresearch.com.br\/n\/uploads\/2023\/03\/Ebook-Acoes-Mobile-1.jpg\">\n\t\t\t\t<img class=\"newsContent__article__imgCapa newsContent__article__imgCapa--banner\"\n\t\t\t\t\tsrc=\"https:\/\/files.sunoresearch.com.br\/n\/uploads\/2023\/03\/Ebook-Acoes-Desktop-1.jpg\"\n\t\t\t\t\tdata-promo-id=\"171998\"\t\t\t\t\t\t\t\t\t\twidth='1420' height='286'\t\t\t\t\talt=\"https:\/\/files.sunoresearch.com.br\/n\/uploads\/2023\/03\/Ebook-Acoes-Desktop-1.jpg\"\n\t\t\t\t>\n\t\t\t<\/picture>\n\t\t<\/a>\n\t<\/p>\n\n\n<h2>\u00daltima cota\u00e7\u00e3o do ouro<\/h2>\n<p>O <a class=\"suno-keyword\" href=\"https:\/\/www.suno.com.br\/artigos\/contrato-futuro\/\" target=\"_blank\" rel=\"noopener\" data-force=\"no\" data-priority=\"1\">contrato futuro<\/a> de ouro mais ativo fechou em alta na \u00faltima sexta-feira (22), apoiado pelo enfraquecimento do <span class=\"aqPopupWrapper js-hover-me-wrapper\"><a id=\"61770e87aab17\" class=\"aqlink js-hover-me\" href=\"https:\/\/br.investing.com\/currencies\/usd-brl\" data-pairid=\"2103\">d\u00f3lar<\/a><\/span>\u00a0no mercado internacional. O cont\u00ednuo avan\u00e7o das expectativas de infla\u00e7\u00e3o nos Estados Unidos mant\u00eam os rendimentos reais dos Treasuries em baixa, o que oferece suporte ao metal precioso.<\/p>\n<p>Na Comex, divis\u00e3o de metais da New York Mercantile Exchange (Nymex),\u00a0<span class=\"aqPopupWrapper js-hover-me-wrapper\"><a id=\"61770e87aafa8\" class=\"aqlink js-hover-me\" href=\"https:\/\/br.investing.com\/commodities\/gold\" data-pairid=\"8830\">o ouro<\/a><\/span>\u00a0com entrega marcada para dezembro encerrou a sess\u00e3o com ganho de 0,81%, a US$ 1.796,30 a on\u00e7a-troy. Na compara\u00e7\u00e3o semanal, houve avan\u00e7o de 2,16%.<\/p>\n\t<p>\n\t\t<a href=\"\" target=\"_blank\" data-element=\"shortcode-suno-banner\" title=\"Banner SUNO, clique e saiba mais\">\n\t\t\t<picture>\n\t\t\t\t<source media=\"(max-width: 500px)\" srcset=\"\">\n\t\t\t\t<img class=\"newsContent__article__imgCapa newsContent__article__imgCapa--banner\"\n\t\t\t\t\tsrc=\"\"\n\t\t\t\t\tdata-promo-id=\"184190\"\t\t\t\t\t\t\t\t\t\t\t\t\t\t\talt=\"\"\n\t\t\t\t>\n\t\t\t<\/picture>\n\t\t<\/a>\n\t<\/p>\n\n\n<p><em>(Com informa\u00e7\u00f5es do Estad\u00e3o Conte\u00fado)<\/em><\/p>\n","protected":false},"excerpt":{"rendered":"<p>O contrato mais ativo do ouro\u00a0encerrou o primeiro dia da semana em alta. O metal precioso recuperou nesta segunda (25) a marca de US$ 1.800 por on\u00e7a-troy. Segundo os especialistas, o ouro foi mais requisitado por conta das especula\u00e7\u00f5es sobre alta na infla\u00e7\u00e3o, especialmente nos Estados Unidos e Europa. Ouro Foto: Steve Bidmead por Pixabay [&hellip;]<\/p>\n","protected":false},"author":118,"featured_media":137787,"comment_status":"closed","ping_status":"closed","sticky":false,"template":"","format":"standard","meta":[],"categories":[60],"tags":[973],"suno_strategy":[],"class_list":["post-197059","post","type-post","status-publish","format-standard","has-post-thumbnail","hentry","category-mercado","tag-ouro"],"yoast_head":"<!-- This site is optimized with the Yoast SEO plugin v24.4 - https:\/\/yoast.com\/wordpress\/plugins\/seo\/ -->\n<title>Ouro recupera marca de US$ 1.800 a on\u00e7a-troy e fecha em alta de 0,58%<\/title>\n<meta name=\"description\" content=\"O contrato mais ativo do ouro\u00a0encerrou o primeiro dia da semana em alta. O metal precioso recuperou nesta segunda (25)...Saiba mais\" \/>\n<meta name=\"robots\" content=\"index, follow, max-snippet:-1, max-image-preview:large, max-video-preview:-1\" \/>\n<link rel=\"canonical\" href=\"https:\/\/www.suno.com.br\/noticias\/ouro-recupera-marca-onca-troy-fecha-alta\/\" \/>\n<meta property=\"og:locale\" content=\"pt_BR\" \/>\n<meta property=\"og:type\" content=\"article\" \/>\n<meta property=\"og:title\" content=\"Ouro recupera marca de US$ 1.800 a on\u00e7a-troy e fecha em alta de 0,58%\" \/>\n<meta property=\"og:description\" content=\"O contrato mais ativo do ouro\u00a0encerrou o primeiro dia da semana em alta. O metal precioso recuperou nesta segunda (25)...Saiba mais\" \/>\n<meta property=\"og:url\" content=\"https:\/\/www.suno.com.br\/noticias\/ouro-recupera-marca-onca-troy-fecha-alta\/\" \/>\n<meta property=\"og:site_name\" content=\"Suno Not\u00edcias\" \/>\n<meta property=\"article:publisher\" content=\"https:\/\/facebook.com\/sunoresearch\" \/>\n<meta property=\"og:image\" content=\"https:\/\/files.sunoresearch.com.br\/n\/uploads\/2021\/03\/902faf9e-gold-513062_1280.jpg\" \/>\n\t<meta property=\"og:image:width\" content=\"1280\" \/>\n\t<meta property=\"og:image:height\" content=\"960\" \/>\n\t<meta property=\"og:image:type\" content=\"image\/jpeg\" \/>\n<meta name=\"author\" content=\"Bruno Galv\u00e3o\" \/>\n<meta name=\"twitter:card\" content=\"summary_large_image\" \/>\n<meta name=\"twitter:creator\" content=\"@sunoresearch\" \/>\n<meta name=\"twitter:site\" content=\"@sunoresearch\" \/>\n<meta name=\"twitter:label1\" content=\"Escrito por\" \/>\n\t<meta name=\"twitter:data1\" content=\"Bruno Galv\u00e3o\" \/>\n\t<meta name=\"twitter:label2\" content=\"Est. tempo de leitura\" \/>\n\t<meta name=\"twitter:data2\" content=\"2 minutos\" \/>\n<script type=\"application\/ld+json\" class=\"yoast-schema-graph\">{\"@context\":\"https:\/\/schema.org\",\"@graph\":[{\"@type\":\"NewsArticle\",\"@id\":\"https:\/\/www.suno.com.br\/noticias\/ouro-recupera-marca-onca-troy-fecha-alta\/#article\",\"isPartOf\":{\"@id\":\"https:\/\/www.suno.com.br\/noticias\/ouro-recupera-marca-onca-troy-fecha-alta\/\"},\"author\":{\"name\":\"Bruno Galv\u00e3o\",\"@id\":\"https:\/\/www.suno.com.br\/noticias\/#\/schema\/person\/06f0d962a6b1c54852e4860f16935600\"},\"headline\":\"Ouro recupera marca de US$ 1.800 a on\u00e7a-troy e fecha em alta de 0,58%\",\"datePublished\":\"2021-10-25T20:39:41+00:00\",\"mainEntityOfPage\":{\"@id\":\"https:\/\/www.suno.com.br\/noticias\/ouro-recupera-marca-onca-troy-fecha-alta\/\"},\"wordCount\":414,\"publisher\":{\"@id\":\"https:\/\/www.suno.com.br\/noticias\/#organization\"},\"image\":{\"@id\":\"https:\/\/www.suno.com.br\/noticias\/ouro-recupera-marca-onca-troy-fecha-alta\/#primaryimage\"},\"thumbnailUrl\":\"https:\/\/files.sunoresearch.com.br\/n\/uploads\/2021\/03\/902faf9e-gold-513062_1280-jpg.webp\",\"keywords\":[\"Ouro\"],\"articleSection\":[\"Mercado\"],\"inLanguage\":\"pt-BR\"},{\"@type\":\"WebPage\",\"@id\":\"https:\/\/www.suno.com.br\/noticias\/ouro-recupera-marca-onca-troy-fecha-alta\/\",\"url\":\"https:\/\/www.suno.com.br\/noticias\/ouro-recupera-marca-onca-troy-fecha-alta\/\",\"name\":\"Ouro recupera marca de US$ 1.800 a on\u00e7a-troy e fecha em alta de 0,58%\",\"isPartOf\":{\"@id\":\"https:\/\/www.suno.com.br\/noticias\/#website\"},\"primaryImageOfPage\":{\"@id\":\"https:\/\/www.suno.com.br\/noticias\/ouro-recupera-marca-onca-troy-fecha-alta\/#primaryimage\"},\"image\":{\"@id\":\"https:\/\/www.suno.com.br\/noticias\/ouro-recupera-marca-onca-troy-fecha-alta\/#primaryimage\"},\"thumbnailUrl\":\"https:\/\/files.sunoresearch.com.br\/n\/uploads\/2021\/03\/902faf9e-gold-513062_1280-jpg.webp\",\"datePublished\":\"2021-10-25T20:39:41+00:00\",\"description\":\"O contrato mais ativo do ouro\u00a0encerrou o primeiro dia da semana em alta. O metal precioso recuperou nesta segunda (25)...Saiba mais\",\"breadcrumb\":{\"@id\":\"https:\/\/www.suno.com.br\/noticias\/ouro-recupera-marca-onca-troy-fecha-alta\/#breadcrumb\"},\"inLanguage\":\"pt-BR\",\"potentialAction\":[{\"@type\":\"ReadAction\",\"target\":[\"https:\/\/www.suno.com.br\/noticias\/ouro-recupera-marca-onca-troy-fecha-alta\/\"]}]},{\"@type\":\"ImageObject\",\"inLanguage\":\"pt-BR\",\"@id\":\"https:\/\/www.suno.com.br\/noticias\/ouro-recupera-marca-onca-troy-fecha-alta\/#primaryimage\",\"url\":\"https:\/\/files.sunoresearch.com.br\/n\/uploads\/2021\/03\/902faf9e-gold-513062_1280-jpg.webp\",\"contentUrl\":\"https:\/\/files.sunoresearch.com.br\/n\/uploads\/2021\/03\/902faf9e-gold-513062_1280-jpg.webp\",\"width\":1280,\"height\":960,\"caption\":\"Ouro Foto: Steve Bidmead por Pixabay\"},{\"@type\":\"BreadcrumbList\",\"@id\":\"https:\/\/www.suno.com.br\/noticias\/ouro-recupera-marca-onca-troy-fecha-alta\/#breadcrumb\",\"itemListElement\":[{\"@type\":\"ListItem\",\"position\":1,\"name\":\"Not\u00edcias\",\"item\":\"https:\/\/www.suno.com.br\/noticias\/\"},{\"@type\":\"ListItem\",\"position\":2,\"name\":\"Mercado\",\"item\":\"https:\/\/www.suno.com.br\/noticias\/mercado\/\"},{\"@type\":\"ListItem\",\"position\":3,\"name\":\"Ouro recupera marca de US$ 1.800 a on\u00e7a-troy e fecha em alta de 0,58%\"}]},{\"@type\":\"WebSite\",\"@id\":\"https:\/\/www.suno.com.br\/noticias\/#website\",\"url\":\"https:\/\/www.suno.com.br\/noticias\/\",\"name\":\"Suno Not\u00edcias\",\"description\":\"Seu portal de informa\u00e7\u00e3o sobre o mundo dos investimentos\",\"publisher\":{\"@id\":\"https:\/\/www.suno.com.br\/noticias\/#organization\"},\"potentialAction\":[{\"@type\":\"SearchAction\",\"target\":{\"@type\":\"EntryPoint\",\"urlTemplate\":\"https:\/\/www.suno.com.br\/noticias\/?s={search_term_string}\"},\"query-input\":{\"@type\":\"PropertyValueSpecification\",\"valueRequired\":true,\"valueName\":\"search_term_string\"}}],\"inLanguage\":\"pt-BR\"},{\"@type\":\"Organization\",\"@id\":\"https:\/\/www.suno.com.br\/noticias\/#organization\",\"name\":\"Suno Not\u00edcias\",\"url\":\"https:\/\/www.suno.com.br\/noticias\/\",\"logo\":{\"@type\":\"ImageObject\",\"inLanguage\":\"pt-BR\",\"@id\":\"https:\/\/www.suno.com.br\/noticias\/#\/schema\/logo\/image\/\",\"url\":\"https:\/\/files.sunoresearch.com.br\/n\/uploads\/2021\/09\/suno-logo.png\",\"contentUrl\":\"https:\/\/files.sunoresearch.com.br\/n\/uploads\/2021\/09\/suno-logo.png\",\"width\":180,\"height\":180,\"caption\":\"Suno Not\u00edcias\"},\"image\":{\"@id\":\"https:\/\/www.suno.com.br\/noticias\/#\/schema\/logo\/image\/\"},\"sameAs\":[\"https:\/\/facebook.com\/sunoresearch\",\"https:\/\/x.com\/sunoresearch\",\"https:\/\/www.instagram.com\/suno\",\"https:\/\/www.linkedin.com\/company\/suno-research\/\",\"https:\/\/www.youtube.com\/c\/sunoresearch\"]},{\"@type\":\"Person\",\"@id\":\"https:\/\/www.suno.com.br\/noticias\/#\/schema\/person\/06f0d962a6b1c54852e4860f16935600\",\"name\":\"Bruno Galv\u00e3o\",\"image\":{\"@type\":\"ImageObject\",\"inLanguage\":\"pt-BR\",\"@id\":\"https:\/\/www.suno.com.br\/noticias\/#\/schema\/person\/image\/\",\"url\":\"https:\/\/secure.gravatar.com\/avatar\/53598df0b41c00f12f287a912d0e918e?s=96&r=g\",\"contentUrl\":\"https:\/\/secure.gravatar.com\/avatar\/53598df0b41c00f12f287a912d0e918e?s=96&r=g\",\"caption\":\"Bruno Galv\u00e3o\"},\"description\":\"Escreve para o portal Suno Not\u00edcias. \u00c9 estudante de Jornalismo pela Faculdade C\u00e1sper L\u00edbero e Letras pela USP. Entusiasta de tecnologia e intelig\u00eancia artificial.\",\"url\":\"https:\/\/www.suno.com.br\/noticias\/author\/bruno-garcia\/\"}]}<\/script>\n<!-- \/ Yoast SEO plugin. -->","yoast_head_json":{"title":"Ouro recupera marca de US$ 1.800 a on\u00e7a-troy e fecha em alta de 0,58%","description":"O contrato mais ativo do ouro\u00a0encerrou o primeiro dia da semana em alta. O metal precioso recuperou nesta segunda (25)...Saiba mais","robots":{"index":"index","follow":"follow","max-snippet":"max-snippet:-1","max-image-preview":"max-image-preview:large","max-video-preview":"max-video-preview:-1"},"canonical":"https:\/\/www.suno.com.br\/noticias\/ouro-recupera-marca-onca-troy-fecha-alta\/","og_locale":"pt_BR","og_type":"article","og_title":"Ouro recupera marca de US$ 1.800 a on\u00e7a-troy e fecha em alta de 0,58%","og_description":"O contrato mais ativo do ouro\u00a0encerrou o primeiro dia da semana em alta. O metal precioso recuperou nesta segunda (25)...Saiba mais","og_url":"https:\/\/www.suno.com.br\/noticias\/ouro-recupera-marca-onca-troy-fecha-alta\/","og_site_name":"Suno Not\u00edcias","article_publisher":"https:\/\/facebook.com\/sunoresearch","og_image":[{"width":1280,"height":960,"url":"https:\/\/files.sunoresearch.com.br\/n\/uploads\/2021\/03\/902faf9e-gold-513062_1280.jpg","type":"image\/jpeg"}],"author":"Bruno Galv\u00e3o","twitter_card":"summary_large_image","twitter_creator":"@sunoresearch","twitter_site":"@sunoresearch","twitter_misc":{"Escrito por":"Bruno Galv\u00e3o","Est. tempo de leitura":"2 minutos"},"schema":{"@context":"https:\/\/schema.org","@graph":[{"@type":"NewsArticle","@id":"https:\/\/www.suno.com.br\/noticias\/ouro-recupera-marca-onca-troy-fecha-alta\/#article","isPartOf":{"@id":"https:\/\/www.suno.com.br\/noticias\/ouro-recupera-marca-onca-troy-fecha-alta\/"},"author":{"name":"Bruno Galv\u00e3o","@id":"https:\/\/www.suno.com.br\/noticias\/#\/schema\/person\/06f0d962a6b1c54852e4860f16935600"},"headline":"Ouro recupera marca de US$ 1.800 a on\u00e7a-troy e fecha em alta de 0,58%","datePublished":"2021-10-25T20:39:41+00:00","mainEntityOfPage":{"@id":"https:\/\/www.suno.com.br\/noticias\/ouro-recupera-marca-onca-troy-fecha-alta\/"},"wordCount":414,"publisher":{"@id":"https:\/\/www.suno.com.br\/noticias\/#organization"},"image":{"@id":"https:\/\/www.suno.com.br\/noticias\/ouro-recupera-marca-onca-troy-fecha-alta\/#primaryimage"},"thumbnailUrl":"https:\/\/files.sunoresearch.com.br\/n\/uploads\/2021\/03\/902faf9e-gold-513062_1280-jpg.webp","keywords":["Ouro"],"articleSection":["Mercado"],"inLanguage":"pt-BR"},{"@type":"WebPage","@id":"https:\/\/www.suno.com.br\/noticias\/ouro-recupera-marca-onca-troy-fecha-alta\/","url":"https:\/\/www.suno.com.br\/noticias\/ouro-recupera-marca-onca-troy-fecha-alta\/","name":"Ouro recupera marca de US$ 1.800 a on\u00e7a-troy e fecha em alta de 0,58%","isPartOf":{"@id":"https:\/\/www.suno.com.br\/noticias\/#website"},"primaryImageOfPage":{"@id":"https:\/\/www.suno.com.br\/noticias\/ouro-recupera-marca-onca-troy-fecha-alta\/#primaryimage"},"image":{"@id":"https:\/\/www.suno.com.br\/noticias\/ouro-recupera-marca-onca-troy-fecha-alta\/#primaryimage"},"thumbnailUrl":"https:\/\/files.sunoresearch.com.br\/n\/uploads\/2021\/03\/902faf9e-gold-513062_1280-jpg.webp","datePublished":"2021-10-25T20:39:41+00:00","description":"O contrato mais ativo do ouro\u00a0encerrou o primeiro dia da semana em alta. O metal precioso recuperou nesta segunda (25)...Saiba mais","breadcrumb":{"@id":"https:\/\/www.suno.com.br\/noticias\/ouro-recupera-marca-onca-troy-fecha-alta\/#breadcrumb"},"inLanguage":"pt-BR","potentialAction":[{"@type":"ReadAction","target":["https:\/\/www.suno.com.br\/noticias\/ouro-recupera-marca-onca-troy-fecha-alta\/"]}]},{"@type":"ImageObject","inLanguage":"pt-BR","@id":"https:\/\/www.suno.com.br\/noticias\/ouro-recupera-marca-onca-troy-fecha-alta\/#primaryimage","url":"https:\/\/files.sunoresearch.com.br\/n\/uploads\/2021\/03\/902faf9e-gold-513062_1280-jpg.webp","contentUrl":"https:\/\/files.sunoresearch.com.br\/n\/uploads\/2021\/03\/902faf9e-gold-513062_1280-jpg.webp","width":1280,"height":960,"caption":"Ouro Foto: Steve Bidmead por Pixabay"},{"@type":"BreadcrumbList","@id":"https:\/\/www.suno.com.br\/noticias\/ouro-recupera-marca-onca-troy-fecha-alta\/#breadcrumb","itemListElement":[{"@type":"ListItem","position":1,"name":"Not\u00edcias","item":"https:\/\/www.suno.com.br\/noticias\/"},{"@type":"ListItem","position":2,"name":"Mercado","item":"https:\/\/www.suno.com.br\/noticias\/mercado\/"},{"@type":"ListItem","position":3,"name":"Ouro recupera marca de US$ 1.800 a on\u00e7a-troy e fecha em alta de 0,58%"}]},{"@type":"WebSite","@id":"https:\/\/www.suno.com.br\/noticias\/#website","url":"https:\/\/www.suno.com.br\/noticias\/","name":"Suno Not\u00edcias","description":"Seu portal de informa\u00e7\u00e3o sobre o mundo dos investimentos","publisher":{"@id":"https:\/\/www.suno.com.br\/noticias\/#organization"},"potentialAction":[{"@type":"SearchAction","target":{"@type":"EntryPoint","urlTemplate":"https:\/\/www.suno.com.br\/noticias\/?s={search_term_string}"},"query-input":{"@type":"PropertyValueSpecification","valueRequired":true,"valueName":"search_term_string"}}],"inLanguage":"pt-BR"},{"@type":"Organization","@id":"https:\/\/www.suno.com.br\/noticias\/#organization","name":"Suno Not\u00edcias","url":"https:\/\/www.suno.com.br\/noticias\/","logo":{"@type":"ImageObject","inLanguage":"pt-BR","@id":"https:\/\/www.suno.com.br\/noticias\/#\/schema\/logo\/image\/","url":"https:\/\/files.sunoresearch.com.br\/n\/uploads\/2021\/09\/suno-logo.png","contentUrl":"https:\/\/files.sunoresearch.com.br\/n\/uploads\/2021\/09\/suno-logo.png","width":180,"height":180,"caption":"Suno Not\u00edcias"},"image":{"@id":"https:\/\/www.suno.com.br\/noticias\/#\/schema\/logo\/image\/"},"sameAs":["https:\/\/facebook.com\/sunoresearch","https:\/\/x.com\/sunoresearch","https:\/\/www.instagram.com\/suno","https:\/\/www.linkedin.com\/company\/suno-research\/","https:\/\/www.youtube.com\/c\/sunoresearch"]},{"@type":"Person","@id":"https:\/\/www.suno.com.br\/noticias\/#\/schema\/person\/06f0d962a6b1c54852e4860f16935600","name":"Bruno Galv\u00e3o","image":{"@type":"ImageObject","inLanguage":"pt-BR","@id":"https:\/\/www.suno.com.br\/noticias\/#\/schema\/person\/image\/","url":"https:\/\/secure.gravatar.com\/avatar\/53598df0b41c00f12f287a912d0e918e?s=96&r=g","contentUrl":"https:\/\/secure.gravatar.com\/avatar\/53598df0b41c00f12f287a912d0e918e?s=96&r=g","caption":"Bruno Galv\u00e3o"},"description":"Escreve para o portal Suno Not\u00edcias. \u00c9 estudante de Jornalismo pela Faculdade C\u00e1sper L\u00edbero e Letras pela USP. Entusiasta de tecnologia e intelig\u00eancia artificial.","url":"https:\/\/www.suno.com.br\/noticias\/author\/bruno-garcia\/"}]}},"default_loop_html":"<div class=\"cardsPage__listCard__boxs\"><div class=\"cardsPage__listCard__boxs__img\"><a href=\"https:\/\/www.suno.com.br\/noticias\/ouro-recupera-marca-onca-troy-fecha-alta\/\"><img class=\"mask\" src=\"https:\/\/www.suno.com.br\/noticias\/wp-content\/themes\/suno\/resources\/images\/spotlight\/spotlight1img\/bg-mask.png\" alt=\"Image Mask\"\/><img src=\"https:\/\/files.sunoresearch.com.br\/n\/uploads\/2021\/03\/902faf9e-gold-513062_1280-400x200.webp\" alt=\"Ouro recupera marca de US$ 1.800 a on\u00e7a-troy e fecha em alta de 0,58%\"\/><\/a><span class=\"spotlightCategory\"><a href=\"https:\/\/www.suno.com.br\/noticias\/mercado\/\">Mercado<\/a><\/span><\/div><div class=\"cardsPage__listCard__boxs__content\"><a href=\"https:\/\/www.suno.com.br\/noticias\/ouro-recupera-marca-onca-troy-fecha-alta\/\"><h2 class=\"content__title\">Ouro recupera marca de US$ 1.800 a on\u00e7a-troy e fecha em alta de 0,58%<\/h2><\/a><div class=\"newsContent__article__meta\"><div class=\"newsContent__article__meta__authorBox\"><a href=\"https:\/\/www.suno.com.br\/noticias\/author\/bruno-garcia\/\" class=\"authorBox__avatar noMobi\"><img src=\"https:\/\/secure.gravatar.com\/avatar\/53598df0b41c00f12f287a912d0e918e?s=96&#038;r=g\" alt=\"Bruno Galv\u00e3o\"><\/a><div class=\"authorBox__name\"><span>por\n\t\t\t<a href=\"https:\/\/www.suno.com.br\/noticias\/author\/bruno-garcia\/\"><span itemprop=\"author\">Bruno Galv\u00e3o<\/span><\/a><\/span><time datetime=\"2021-10-25T17:39:41-03:00\" itemprop=\"datePublished\">25\/10\/2021 17:39<\/time><\/div><\/div><\/div><\/div><\/div>","single_layout":"posts","amp_enabled":true,"_links":{"self":[{"href":"https:\/\/www.suno.com.br\/noticias\/wp-json\/wp\/v2\/posts\/197059"}],"collection":[{"href":"https:\/\/www.suno.com.br\/noticias\/wp-json\/wp\/v2\/posts"}],"about":[{"href":"https:\/\/www.suno.com.br\/noticias\/wp-json\/wp\/v2\/types\/post"}],"author":[{"embeddable":true,"href":"https:\/\/www.suno.com.br\/noticias\/wp-json\/wp\/v2\/users\/118"}],"replies":[{"embeddable":true,"href":"https:\/\/www.suno.com.br\/noticias\/wp-json\/wp\/v2\/comments?post=197059"}],"version-history":[{"count":4,"href":"https:\/\/www.suno.com.br\/noticias\/wp-json\/wp\/v2\/posts\/197059\/revisions"}],"predecessor-version":[{"id":197145,"href":"https:\/\/www.suno.com.br\/noticias\/wp-json\/wp\/v2\/posts\/197059\/revisions\/197145"}],"wp:featuredmedia":[{"embeddable":true,"href":"https:\/\/www.suno.com.br\/noticias\/wp-json\/wp\/v2\/media\/137787"}],"wp:attachment":[{"href":"https:\/\/www.suno.com.br\/noticias\/wp-json\/wp\/v2\/media?parent=197059"}],"wp:term":[{"taxonomy":"category","embeddable":true,"href":"https:\/\/www.suno.com.br\/noticias\/wp-json\/wp\/v2\/categories?post=197059"},{"taxonomy":"post_tag","embeddable":true,"href":"https:\/\/www.suno.com.br\/noticias\/wp-json\/wp\/v2\/tags?post=197059"},{"taxonomy":"suno_strategy","embeddable":true,"href":"https:\/\/www.suno.com.br\/noticias\/wp-json\/wp\/v2\/suno_strategy?post=197059"}],"curies":[{"name":"wp","href":"https:\/\/api.w.org\/{rel}","templated":true}]}}