{"id":197026,"date":"2021-10-25T16:04:16","date_gmt":"2021-10-25T19:04:16","guid":{"rendered":"https:\/\/www.suno.com.br\/noticias\/?p=197026"},"modified":"2021-10-25T16:04:16","modified_gmt":"2021-10-25T19:04:16","slug":"preco-da-gasolina-e-diesel-defasado","status":"publish","type":"post","link":"https:\/\/www.suno.com.br\/noticias\/preco-da-gasolina-e-diesel-defasado\/","title":{"rendered":"Pre\u00e7o da gasolina est\u00e1 7% defasado e do diesel, 9%, diz associa\u00e7\u00e3o de combust\u00edveis"},"content":{"rendered":"<p>Mesmo com sucessivos aumentos no <strong>pre\u00e7o da gasolina<\/strong> e do diesel pela <a class=\"suno-keyword\" href=\"https:\/\/www.suno.com.br\/acoes\/PETR4\/\" target=\"_blank\" rel=\"noopener\" data-force=\"yes\" data-priority=\"2\">Petrobras (PETR4)<\/a>, os valores continuam defasados em rela\u00e7\u00e3o aos pre\u00e7os praticados no mercado internacional, informa o presidente da Associa\u00e7\u00e3o Brasileira dos Importadores de Combust\u00edveis (Abicom), S\u00e9rgio Ara\u00fajo.<\/p>\t<div class=\"wrapper-featured-image\">\n\t\t<figure class=\"spotlightImg\">\n\n\t\t\t<picture>\n\t\t\t\t<source media=\"(max-width: 768px)\" srcset=\"https:\/\/files.sunoresearch.com.br\/n\/uploads\/2021\/06\/1163e868-fuel-1596622_1920-400x200.webp\">\n\t\t\t\t<img loading=\"lazy\" decoding=\"async\" class=\"newsContent__article__imgCapa lazyloadDisabled \" src=\"https:\/\/files.sunoresearch.com.br\/n\/uploads\/2021\/06\/1163e868-fuel-1596622_1920-800x450.webp\" width=\"800\" height=\"450\" alt=\"Pre\u00e7o da gasolina est\u00e1 7% defasado e do diesel, 9%, diz associa\u00e7\u00e3o de combust\u00edveis\" fetchpriority=high \/>\n\t\t\t<\/picture>\n\n\t\t\t<figcaption class=\"wp-caption-text wp-caption-text--show\">ICMS, Foto:Pixabay<\/figcaption>\n\t\t<\/figure>\n\t<\/div>\n\n\n\t<p>\n\t\t<a href=\"https:\/\/lp.suno.com.br\/planilha-controle-gastos\/\" target=\"_blank\" data-element=\"shortcode-suno-banner\" title=\"Banner SUNO, clique e saiba mais\">\n\t\t\t<picture>\n\t\t\t\t<source media=\"(max-width: 500px)\" srcset=\"https:\/\/files.sunoresearch.com.br\/n\/uploads\/2023\/03\/400x300-Planilha-controle-de-gastos.png\">\n\t\t\t\t<img class=\"newsContent__article__imgCapa newsContent__article__imgCapa--banner\"\n\t\t\t\t\tsrc=\"https:\/\/files.sunoresearch.com.br\/n\/uploads\/2023\/03\/1420x240-Planilha-controle-de-gastos.png\"\n\t\t\t\t\tdata-promo-id=\"101751\"\t\t\t\t\t\t\t\t\t\twidth='1420' height='240'\t\t\t\t\talt=\"https:\/\/files.sunoresearch.com.br\/n\/uploads\/2023\/03\/1420x240-Planilha-controle-de-gastos.png\"\n\t\t\t\t>\n\t\t\t<\/picture>\n\t\t<\/a>\n\t<\/p>\n\n\n<p>Em entrevista ao <em>Broadcast<\/em>,\u00a0 o executivo afirmou que o pre\u00e7o da gasolina est\u00e1 7% mais barato no mercado interno do que no exterior. J\u00e1 a defasagem do<strong> pre\u00e7o do diesel<\/strong> \u00e9 de 9%.<\/p>\n<p>Para equiparar os pre\u00e7os, a Petrobras teria que elevar o valor do livro da gasolina em R$ 0,37 e em R$ 0,47 para o litro do diesel. Entretanto, a petroleira informou hoje que a partir de ter\u00e7a (26) o <strong>pre\u00e7o dos combust\u00edveis<\/strong> ter\u00e1 um reajuste de R$ 0,21\/l na gasolina e R$ 0,28\/l, pela ordem no diesel, abaixo do necess\u00e1rio para igualar os valores \u00e0 paridade internacional.<\/p>\n\t<p>\n\t\t<a href=\"https:\/\/lp.suno.com.br\/planilha-da-vida-financeira\/\" target=\"_blank\" data-element=\"shortcode-suno-banner\" title=\"Banner SUNO, clique e saiba mais\">\n\t\t\t<picture>\n\t\t\t\t<source media=\"(max-width: 500px)\" srcset=\"https:\/\/files.sunoresearch.com.br\/n\/uploads\/2023\/04\/400x300-Planilha-vida-financeira-true.png\">\n\t\t\t\t<img class=\"newsContent__article__imgCapa newsContent__article__imgCapa--banner\"\n\t\t\t\t\tsrc=\"https:\/\/files.sunoresearch.com.br\/n\/uploads\/2023\/04\/1420x240-Planilha-vida-financeira-true.png\"\n\t\t\t\t\tdata-promo-id=\"106682\"\t\t\t\t\t\t\t\t\t\twidth='1420' height='240'\t\t\t\t\talt=\"https:\/\/files.sunoresearch.com.br\/n\/uploads\/2023\/04\/1420x240-Planilha-vida-financeira-true.png\"\n\t\t\t\t>\n\t\t\t<\/picture>\n\t\t<\/a>\n\t<\/p>\n\n\n<p>Na pr\u00e1tica, <a href=\"https:\/\/www.suno.com.br\/noticias\/petrobras-petr4-reajuste-gasolina-acao-sobe\/\" target=\"_blank\" rel=\"noopener\">os aumentos no pre\u00e7o da gasolina e do diesel foram<\/a> de 7% e 9,2% respectivamente, com os combust\u00edveis passando a custar\u00a0R$ 3,19 e R$ 3,34 por litro, na sequ\u00eancia.<\/p>\n<p>Nos postos de abastecimento esses valores s\u00e3o acrescidos dos impostos e das margens de<strong> lucro da Petrobras<\/strong>, distribuidores e revendedores. Ainda pesa no pre\u00e7o final as misturas de <strong>etanol<\/strong>, no caso da gasolina (27%), e do <strong>biodiesel<\/strong> no diesel (10%).<\/p>\n<p>Leia mais:<\/p>\n\t<div data-element=\"shortcode-read-more\" class=\"knowMore\">\n\t\t\t\t<a class=\"knowMore__link\" href=\"https:\/\/www.suno.com.br\/noticias\/petrobras-petr4-reajuste-gasolina-acao-sobe\/\">\n\t\t\tPetrobras (PETR4) reajusta pre\u00e7o da gasolina e a\u00e7\u00e3o salta 4,6%; Brent sobe 1%\t\t<\/a>\n\t<\/div>\n\n\n<h2>Aumento na demanda por gasolina<\/h2>\n<p>Em comunicado, a Petrobras disse na semana passada que as distribuidoras encomendaram mais combust\u00edveis para novembro do que de costume, e que a companhia n\u00e3o teve tempo de se preparar para esse incremento, o que deveria ser feito pelos importadores.<\/p>\n<p>Segundo a Petrobras, comparado com novembro de 2019, a demanda por diesel aumentou 20% e a de gasolina, 10%.<\/p>\n\t<p>\n\t\t<a href=\"https:\/\/lp.suno.com.br\/ebook-como-analisar-uma-acao\/\" target=\"_blank\" data-element=\"shortcode-suno-banner\" title=\"Banner SUNO, clique e saiba mais\">\n\t\t\t<picture>\n\t\t\t\t<source media=\"(max-width: 500px)\" srcset=\"https:\/\/files.sunoresearch.com.br\/n\/uploads\/2023\/03\/Ebook-Acoes-Mobile-1.jpg\">\n\t\t\t\t<img class=\"newsContent__article__imgCapa newsContent__article__imgCapa--banner\"\n\t\t\t\t\tsrc=\"https:\/\/files.sunoresearch.com.br\/n\/uploads\/2023\/03\/Ebook-Acoes-Desktop-1.jpg\"\n\t\t\t\t\tdata-promo-id=\"171998\"\t\t\t\t\t\t\t\t\t\twidth='1420' height='286'\t\t\t\t\talt=\"https:\/\/files.sunoresearch.com.br\/n\/uploads\/2023\/03\/Ebook-Acoes-Desktop-1.jpg\"\n\t\t\t\t>\n\t\t\t<\/picture>\n\t\t<\/a>\n\t<\/p>\n\n\n<p>Para Ara\u00fajo, os importadores podem se programar para atender essa demanda extra, mas para isso precisa que a Petrobras informe a real situa\u00e7\u00e3o do mercado. Para novembro, a Ag\u00eancia Nacional do Petr\u00f3leo, G\u00e1s Natural e Biocombust\u00edveis (ANP) j\u00e1 garantiu o abastecimento.<\/p>\n<p>A d\u00favida agora \u00e9 dezembro, segundo o presidente da Abicom. &#8220;Se a Petrobras comunicar para as distribuidoras quais ser\u00e3o os volumes disponibilizados por suas refinarias para o m\u00eas de dezembro com anteced\u00eancia, ser\u00e1 poss\u00edvel realizar importa\u00e7\u00f5es para garantir o abastecimento do mercado&#8221;, afirmou.<\/p>\n<p>Caso a demanda por combust\u00edveis seja maior do que a oferta, o <strong>pre\u00e7o da gasolina<\/strong> e do diesel pode sofrer novos aumentos, al\u00e9m do acumulado segundo a paridade internacional.<\/p>\n\t<p>\n\t\t<a href=\"\" target=\"_blank\" data-element=\"shortcode-suno-banner\" title=\"Banner SUNO, clique e saiba mais\">\n\t\t\t<picture>\n\t\t\t\t<source media=\"(max-width: 500px)\" srcset=\"\">\n\t\t\t\t<img class=\"newsContent__article__imgCapa newsContent__article__imgCapa--banner\"\n\t\t\t\t\tsrc=\"\"\n\t\t\t\t\tdata-promo-id=\"184190\"\t\t\t\t\t\t\t\t\t\t\t\t\t\t\talt=\"\"\n\t\t\t\t>\n\t\t\t<\/picture>\n\t\t<\/a>\n\t<\/p>\n\n\n<p><em>Com informa\u00e7\u00f5es de Estad\u00e3o Conte\u00fado.\u00a0<\/em><\/p>\n","protected":false},"excerpt":{"rendered":"<p>Mesmo com sucessivos aumentos no pre\u00e7o da gasolina e do diesel pela Petrobras (PETR4), os valores continuam defasados em rela\u00e7\u00e3o aos pre\u00e7os praticados no mercado internacional, informa o presidente da Associa\u00e7\u00e3o Brasileira dos Importadores de Combust\u00edveis (Abicom), S\u00e9rgio Ara\u00fajo. ICMS, Foto:Pixabay Em entrevista ao Broadcast,\u00a0 o executivo afirmou que o pre\u00e7o da gasolina est\u00e1 7% [&hellip;]<\/p>\n","protected":false},"author":102,"featured_media":154190,"comment_status":"closed","ping_status":"closed","sticky":false,"template":"","format":"standard","meta":[],"categories":[64],"tags":[1437,1192,879,595],"suno_strategy":[],"class_list":["post-197026","post","type-post","status-publish","format-standard","has-post-thumbnail","hentry","category-negocios","tag-combustiveis","tag-diesel","tag-gasolina","tag-petrobras-petr4"],"yoast_head":"<!-- This site is optimized with the Yoast SEO plugin v24.4 - https:\/\/yoast.com\/wordpress\/plugins\/seo\/ -->\n<title>Pre\u00e7o da gasolina est\u00e1 7% defasado e do diesel, 9%, diz Abicom<\/title>\n<meta name=\"description\" content=\"Mesmo com aumentos sucessivos, pre\u00e7o da gasolina e do diesel ainda est\u00e3o abaixo da paridade internacional, informa associa\u00e7\u00e3o. Veja valores.\" \/>\n<meta name=\"robots\" content=\"index, follow, max-snippet:-1, max-image-preview:large, max-video-preview:-1\" \/>\n<link rel=\"canonical\" href=\"https:\/\/www.suno.com.br\/noticias\/preco-da-gasolina-e-diesel-defasado\/\" \/>\n<meta property=\"og:locale\" content=\"pt_BR\" \/>\n<meta property=\"og:type\" content=\"article\" \/>\n<meta property=\"og:title\" content=\"Pre\u00e7o da gasolina est\u00e1 7% defasado e do diesel, 9%, diz Abicom\" \/>\n<meta property=\"og:description\" content=\"Mesmo com aumentos sucessivos, pre\u00e7o da gasolina e do diesel ainda est\u00e3o abaixo da paridade internacional, informa associa\u00e7\u00e3o. Veja valores.\" \/>\n<meta property=\"og:url\" content=\"https:\/\/www.suno.com.br\/noticias\/preco-da-gasolina-e-diesel-defasado\/\" \/>\n<meta property=\"og:site_name\" content=\"Suno Not\u00edcias\" \/>\n<meta property=\"article:publisher\" content=\"https:\/\/facebook.com\/sunoresearch\" \/>\n<meta property=\"og:image\" content=\"https:\/\/files.sunoresearch.com.br\/n\/uploads\/2021\/06\/1163e868-fuel-1596622_1920.jpg\" \/>\n\t<meta property=\"og:image:width\" content=\"1920\" \/>\n\t<meta property=\"og:image:height\" content=\"1277\" \/>\n\t<meta property=\"og:image:type\" content=\"image\/jpeg\" \/>\n<meta name=\"author\" content=\"Monique Lima\" \/>\n<meta name=\"twitter:card\" content=\"summary_large_image\" \/>\n<meta name=\"twitter:creator\" content=\"@sunoresearch\" \/>\n<meta name=\"twitter:site\" content=\"@sunoresearch\" \/>\n<meta name=\"twitter:label1\" content=\"Escrito por\" \/>\n\t<meta name=\"twitter:data1\" content=\"Monique Lima\" \/>\n\t<meta name=\"twitter:label2\" content=\"Est. tempo de leitura\" \/>\n\t<meta name=\"twitter:data2\" content=\"2 minutos\" \/>\n<script type=\"application\/ld+json\" class=\"yoast-schema-graph\">{\"@context\":\"https:\/\/schema.org\",\"@graph\":[{\"@type\":\"NewsArticle\",\"@id\":\"https:\/\/www.suno.com.br\/noticias\/preco-da-gasolina-e-diesel-defasado\/#article\",\"isPartOf\":{\"@id\":\"https:\/\/www.suno.com.br\/noticias\/preco-da-gasolina-e-diesel-defasado\/\"},\"author\":{\"name\":\"Monique Lima\",\"@id\":\"https:\/\/www.suno.com.br\/noticias\/#\/schema\/person\/d712329319cc9b10f254d02d654cb36a\"},\"headline\":\"Pre\u00e7o da gasolina est\u00e1 7% defasado e do diesel, 9%, diz associa\u00e7\u00e3o de combust\u00edveis\",\"datePublished\":\"2021-10-25T19:04:16+00:00\",\"mainEntityOfPage\":{\"@id\":\"https:\/\/www.suno.com.br\/noticias\/preco-da-gasolina-e-diesel-defasado\/\"},\"wordCount\":450,\"publisher\":{\"@id\":\"https:\/\/www.suno.com.br\/noticias\/#organization\"},\"image\":{\"@id\":\"https:\/\/www.suno.com.br\/noticias\/preco-da-gasolina-e-diesel-defasado\/#primaryimage\"},\"thumbnailUrl\":\"https:\/\/files.sunoresearch.com.br\/n\/uploads\/2021\/06\/1163e868-fuel-1596622_1920-jpg.webp\",\"keywords\":[\"combust\u00edveis\",\"diesel\",\"Gasolina\",\"Petrobras (PETR4)\"],\"articleSection\":[\"Neg\u00f3cios\"],\"inLanguage\":\"pt-BR\"},{\"@type\":\"WebPage\",\"@id\":\"https:\/\/www.suno.com.br\/noticias\/preco-da-gasolina-e-diesel-defasado\/\",\"url\":\"https:\/\/www.suno.com.br\/noticias\/preco-da-gasolina-e-diesel-defasado\/\",\"name\":\"Pre\u00e7o da gasolina est\u00e1 7% defasado e do diesel, 9%, diz Abicom\",\"isPartOf\":{\"@id\":\"https:\/\/www.suno.com.br\/noticias\/#website\"},\"primaryImageOfPage\":{\"@id\":\"https:\/\/www.suno.com.br\/noticias\/preco-da-gasolina-e-diesel-defasado\/#primaryimage\"},\"image\":{\"@id\":\"https:\/\/www.suno.com.br\/noticias\/preco-da-gasolina-e-diesel-defasado\/#primaryimage\"},\"thumbnailUrl\":\"https:\/\/files.sunoresearch.com.br\/n\/uploads\/2021\/06\/1163e868-fuel-1596622_1920-jpg.webp\",\"datePublished\":\"2021-10-25T19:04:16+00:00\",\"description\":\"Mesmo com aumentos sucessivos, pre\u00e7o da gasolina e do diesel ainda est\u00e3o abaixo da paridade internacional, informa associa\u00e7\u00e3o. Veja valores.\",\"breadcrumb\":{\"@id\":\"https:\/\/www.suno.com.br\/noticias\/preco-da-gasolina-e-diesel-defasado\/#breadcrumb\"},\"inLanguage\":\"pt-BR\",\"potentialAction\":[{\"@type\":\"ReadAction\",\"target\":[\"https:\/\/www.suno.com.br\/noticias\/preco-da-gasolina-e-diesel-defasado\/\"]}]},{\"@type\":\"ImageObject\",\"inLanguage\":\"pt-BR\",\"@id\":\"https:\/\/www.suno.com.br\/noticias\/preco-da-gasolina-e-diesel-defasado\/#primaryimage\",\"url\":\"https:\/\/files.sunoresearch.com.br\/n\/uploads\/2021\/06\/1163e868-fuel-1596622_1920-jpg.webp\",\"contentUrl\":\"https:\/\/files.sunoresearch.com.br\/n\/uploads\/2021\/06\/1163e868-fuel-1596622_1920-jpg.webp\",\"width\":1920,\"height\":1277,\"caption\":\"ICMS, Foto:Pixabay\"},{\"@type\":\"BreadcrumbList\",\"@id\":\"https:\/\/www.suno.com.br\/noticias\/preco-da-gasolina-e-diesel-defasado\/#breadcrumb\",\"itemListElement\":[{\"@type\":\"ListItem\",\"position\":1,\"name\":\"Not\u00edcias\",\"item\":\"https:\/\/www.suno.com.br\/noticias\/\"},{\"@type\":\"ListItem\",\"position\":2,\"name\":\"Neg\u00f3cios\",\"item\":\"https:\/\/www.suno.com.br\/noticias\/negocios\/\"},{\"@type\":\"ListItem\",\"position\":3,\"name\":\"Pre\u00e7o da gasolina est\u00e1 7% defasado e do diesel, 9%, diz associa\u00e7\u00e3o de combust\u00edveis\"}]},{\"@type\":\"WebSite\",\"@id\":\"https:\/\/www.suno.com.br\/noticias\/#website\",\"url\":\"https:\/\/www.suno.com.br\/noticias\/\",\"name\":\"Suno Not\u00edcias\",\"description\":\"Seu portal de informa\u00e7\u00e3o sobre o mundo dos investimentos\",\"publisher\":{\"@id\":\"https:\/\/www.suno.com.br\/noticias\/#organization\"},\"potentialAction\":[{\"@type\":\"SearchAction\",\"target\":{\"@type\":\"EntryPoint\",\"urlTemplate\":\"https:\/\/www.suno.com.br\/noticias\/?s={search_term_string}\"},\"query-input\":{\"@type\":\"PropertyValueSpecification\",\"valueRequired\":true,\"valueName\":\"search_term_string\"}}],\"inLanguage\":\"pt-BR\"},{\"@type\":\"Organization\",\"@id\":\"https:\/\/www.suno.com.br\/noticias\/#organization\",\"name\":\"Suno Not\u00edcias\",\"url\":\"https:\/\/www.suno.com.br\/noticias\/\",\"logo\":{\"@type\":\"ImageObject\",\"inLanguage\":\"pt-BR\",\"@id\":\"https:\/\/www.suno.com.br\/noticias\/#\/schema\/logo\/image\/\",\"url\":\"https:\/\/files.sunoresearch.com.br\/n\/uploads\/2021\/09\/suno-logo.png\",\"contentUrl\":\"https:\/\/files.sunoresearch.com.br\/n\/uploads\/2021\/09\/suno-logo.png\",\"width\":180,\"height\":180,\"caption\":\"Suno Not\u00edcias\"},\"image\":{\"@id\":\"https:\/\/www.suno.com.br\/noticias\/#\/schema\/logo\/image\/\"},\"sameAs\":[\"https:\/\/facebook.com\/sunoresearch\",\"https:\/\/x.com\/sunoresearch\",\"https:\/\/www.instagram.com\/suno\",\"https:\/\/www.linkedin.com\/company\/suno-research\/\",\"https:\/\/www.youtube.com\/c\/sunoresearch\"]},{\"@type\":\"Person\",\"@id\":\"https:\/\/www.suno.com.br\/noticias\/#\/schema\/person\/d712329319cc9b10f254d02d654cb36a\",\"name\":\"Monique Lima\",\"image\":{\"@type\":\"ImageObject\",\"inLanguage\":\"pt-BR\",\"@id\":\"https:\/\/www.suno.com.br\/noticias\/#\/schema\/person\/image\/\",\"url\":\"https:\/\/secure.gravatar.com\/avatar\/daee7f16d906c2e9ffed236206ca2c30?s=96&r=g\",\"contentUrl\":\"https:\/\/secure.gravatar.com\/avatar\/daee7f16d906c2e9ffed236206ca2c30?s=96&r=g\",\"caption\":\"Monique Lima\"},\"description\":\"Rep\u00f3rter de Mercado no Suno Not\u00edcias, \u00e9 jornalista com experi\u00eancia na cobertura de economia, empreendedorismo, finan\u00e7as pessoais, mercado financeiro, carreira e recursos humanos. Formada em Jornalismo pela Universidade Paulista, teve experi\u00eancias em ve\u00edculos de comunica\u00e7\u00e3o como a Ag\u00eancia TradeMap, Revista Voc\u00ea S\/A e Revista Voc\u00ea RH, as duas \u00faltimas publica\u00e7\u00f5es da Editora Abril. No Suno Not\u00edcias, fala sobre as principais not\u00edcias de Fundos Imobili\u00e1rios, Fiagro, Startups e empresas listadas na Bolsa.\",\"url\":\"https:\/\/www.suno.com.br\/noticias\/author\/monique-lima\/\"}]}<\/script>\n<!-- \/ Yoast SEO plugin. -->","yoast_head_json":{"title":"Pre\u00e7o da gasolina est\u00e1 7% defasado e do diesel, 9%, diz Abicom","description":"Mesmo com aumentos sucessivos, pre\u00e7o da gasolina e do diesel ainda est\u00e3o abaixo da paridade internacional, informa associa\u00e7\u00e3o. Veja valores.","robots":{"index":"index","follow":"follow","max-snippet":"max-snippet:-1","max-image-preview":"max-image-preview:large","max-video-preview":"max-video-preview:-1"},"canonical":"https:\/\/www.suno.com.br\/noticias\/preco-da-gasolina-e-diesel-defasado\/","og_locale":"pt_BR","og_type":"article","og_title":"Pre\u00e7o da gasolina est\u00e1 7% defasado e do diesel, 9%, diz Abicom","og_description":"Mesmo com aumentos sucessivos, pre\u00e7o da gasolina e do diesel ainda est\u00e3o abaixo da paridade internacional, informa associa\u00e7\u00e3o. Veja valores.","og_url":"https:\/\/www.suno.com.br\/noticias\/preco-da-gasolina-e-diesel-defasado\/","og_site_name":"Suno Not\u00edcias","article_publisher":"https:\/\/facebook.com\/sunoresearch","og_image":[{"width":1920,"height":1277,"url":"https:\/\/files.sunoresearch.com.br\/n\/uploads\/2021\/06\/1163e868-fuel-1596622_1920.jpg","type":"image\/jpeg"}],"author":"Monique Lima","twitter_card":"summary_large_image","twitter_creator":"@sunoresearch","twitter_site":"@sunoresearch","twitter_misc":{"Escrito por":"Monique Lima","Est. tempo de leitura":"2 minutos"},"schema":{"@context":"https:\/\/schema.org","@graph":[{"@type":"NewsArticle","@id":"https:\/\/www.suno.com.br\/noticias\/preco-da-gasolina-e-diesel-defasado\/#article","isPartOf":{"@id":"https:\/\/www.suno.com.br\/noticias\/preco-da-gasolina-e-diesel-defasado\/"},"author":{"name":"Monique Lima","@id":"https:\/\/www.suno.com.br\/noticias\/#\/schema\/person\/d712329319cc9b10f254d02d654cb36a"},"headline":"Pre\u00e7o da gasolina est\u00e1 7% defasado e do diesel, 9%, diz associa\u00e7\u00e3o de combust\u00edveis","datePublished":"2021-10-25T19:04:16+00:00","mainEntityOfPage":{"@id":"https:\/\/www.suno.com.br\/noticias\/preco-da-gasolina-e-diesel-defasado\/"},"wordCount":450,"publisher":{"@id":"https:\/\/www.suno.com.br\/noticias\/#organization"},"image":{"@id":"https:\/\/www.suno.com.br\/noticias\/preco-da-gasolina-e-diesel-defasado\/#primaryimage"},"thumbnailUrl":"https:\/\/files.sunoresearch.com.br\/n\/uploads\/2021\/06\/1163e868-fuel-1596622_1920-jpg.webp","keywords":["combust\u00edveis","diesel","Gasolina","Petrobras (PETR4)"],"articleSection":["Neg\u00f3cios"],"inLanguage":"pt-BR"},{"@type":"WebPage","@id":"https:\/\/www.suno.com.br\/noticias\/preco-da-gasolina-e-diesel-defasado\/","url":"https:\/\/www.suno.com.br\/noticias\/preco-da-gasolina-e-diesel-defasado\/","name":"Pre\u00e7o da gasolina est\u00e1 7% defasado e do diesel, 9%, diz Abicom","isPartOf":{"@id":"https:\/\/www.suno.com.br\/noticias\/#website"},"primaryImageOfPage":{"@id":"https:\/\/www.suno.com.br\/noticias\/preco-da-gasolina-e-diesel-defasado\/#primaryimage"},"image":{"@id":"https:\/\/www.suno.com.br\/noticias\/preco-da-gasolina-e-diesel-defasado\/#primaryimage"},"thumbnailUrl":"https:\/\/files.sunoresearch.com.br\/n\/uploads\/2021\/06\/1163e868-fuel-1596622_1920-jpg.webp","datePublished":"2021-10-25T19:04:16+00:00","description":"Mesmo com aumentos sucessivos, pre\u00e7o da gasolina e do diesel ainda est\u00e3o abaixo da paridade internacional, informa associa\u00e7\u00e3o. Veja valores.","breadcrumb":{"@id":"https:\/\/www.suno.com.br\/noticias\/preco-da-gasolina-e-diesel-defasado\/#breadcrumb"},"inLanguage":"pt-BR","potentialAction":[{"@type":"ReadAction","target":["https:\/\/www.suno.com.br\/noticias\/preco-da-gasolina-e-diesel-defasado\/"]}]},{"@type":"ImageObject","inLanguage":"pt-BR","@id":"https:\/\/www.suno.com.br\/noticias\/preco-da-gasolina-e-diesel-defasado\/#primaryimage","url":"https:\/\/files.sunoresearch.com.br\/n\/uploads\/2021\/06\/1163e868-fuel-1596622_1920-jpg.webp","contentUrl":"https:\/\/files.sunoresearch.com.br\/n\/uploads\/2021\/06\/1163e868-fuel-1596622_1920-jpg.webp","width":1920,"height":1277,"caption":"ICMS, Foto:Pixabay"},{"@type":"BreadcrumbList","@id":"https:\/\/www.suno.com.br\/noticias\/preco-da-gasolina-e-diesel-defasado\/#breadcrumb","itemListElement":[{"@type":"ListItem","position":1,"name":"Not\u00edcias","item":"https:\/\/www.suno.com.br\/noticias\/"},{"@type":"ListItem","position":2,"name":"Neg\u00f3cios","item":"https:\/\/www.suno.com.br\/noticias\/negocios\/"},{"@type":"ListItem","position":3,"name":"Pre\u00e7o da gasolina est\u00e1 7% defasado e do diesel, 9%, diz associa\u00e7\u00e3o de combust\u00edveis"}]},{"@type":"WebSite","@id":"https:\/\/www.suno.com.br\/noticias\/#website","url":"https:\/\/www.suno.com.br\/noticias\/","name":"Suno Not\u00edcias","description":"Seu portal de informa\u00e7\u00e3o sobre o mundo dos investimentos","publisher":{"@id":"https:\/\/www.suno.com.br\/noticias\/#organization"},"potentialAction":[{"@type":"SearchAction","target":{"@type":"EntryPoint","urlTemplate":"https:\/\/www.suno.com.br\/noticias\/?s={search_term_string}"},"query-input":{"@type":"PropertyValueSpecification","valueRequired":true,"valueName":"search_term_string"}}],"inLanguage":"pt-BR"},{"@type":"Organization","@id":"https:\/\/www.suno.com.br\/noticias\/#organization","name":"Suno Not\u00edcias","url":"https:\/\/www.suno.com.br\/noticias\/","logo":{"@type":"ImageObject","inLanguage":"pt-BR","@id":"https:\/\/www.suno.com.br\/noticias\/#\/schema\/logo\/image\/","url":"https:\/\/files.sunoresearch.com.br\/n\/uploads\/2021\/09\/suno-logo.png","contentUrl":"https:\/\/files.sunoresearch.com.br\/n\/uploads\/2021\/09\/suno-logo.png","width":180,"height":180,"caption":"Suno Not\u00edcias"},"image":{"@id":"https:\/\/www.suno.com.br\/noticias\/#\/schema\/logo\/image\/"},"sameAs":["https:\/\/facebook.com\/sunoresearch","https:\/\/x.com\/sunoresearch","https:\/\/www.instagram.com\/suno","https:\/\/www.linkedin.com\/company\/suno-research\/","https:\/\/www.youtube.com\/c\/sunoresearch"]},{"@type":"Person","@id":"https:\/\/www.suno.com.br\/noticias\/#\/schema\/person\/d712329319cc9b10f254d02d654cb36a","name":"Monique Lima","image":{"@type":"ImageObject","inLanguage":"pt-BR","@id":"https:\/\/www.suno.com.br\/noticias\/#\/schema\/person\/image\/","url":"https:\/\/secure.gravatar.com\/avatar\/daee7f16d906c2e9ffed236206ca2c30?s=96&r=g","contentUrl":"https:\/\/secure.gravatar.com\/avatar\/daee7f16d906c2e9ffed236206ca2c30?s=96&r=g","caption":"Monique Lima"},"description":"Rep\u00f3rter de Mercado no Suno Not\u00edcias, \u00e9 jornalista com experi\u00eancia na cobertura de economia, empreendedorismo, finan\u00e7as pessoais, mercado financeiro, carreira e recursos humanos. Formada em Jornalismo pela Universidade Paulista, teve experi\u00eancias em ve\u00edculos de comunica\u00e7\u00e3o como a Ag\u00eancia TradeMap, Revista Voc\u00ea S\/A e Revista Voc\u00ea RH, as duas \u00faltimas publica\u00e7\u00f5es da Editora Abril. No Suno Not\u00edcias, fala sobre as principais not\u00edcias de Fundos Imobili\u00e1rios, Fiagro, Startups e empresas listadas na Bolsa.","url":"https:\/\/www.suno.com.br\/noticias\/author\/monique-lima\/"}]}},"default_loop_html":"<div class=\"cardsPage__listCard__boxs\"><div class=\"cardsPage__listCard__boxs__img\"><a href=\"https:\/\/www.suno.com.br\/noticias\/preco-da-gasolina-e-diesel-defasado\/\"><img class=\"mask\" src=\"https:\/\/www.suno.com.br\/noticias\/wp-content\/themes\/suno\/resources\/images\/spotlight\/spotlight1img\/bg-mask.png\" alt=\"Image Mask\"\/><img src=\"https:\/\/files.sunoresearch.com.br\/n\/uploads\/2021\/06\/1163e868-fuel-1596622_1920-400x200.webp\" alt=\"Pre\u00e7o da gasolina est\u00e1 7% defasado e do diesel, 9%, diz associa\u00e7\u00e3o de combust\u00edveis\"\/><\/a><span class=\"spotlightCategory\"><a href=\"https:\/\/www.suno.com.br\/noticias\/negocios\/\">Neg\u00f3cios<\/a><\/span><\/div><div class=\"cardsPage__listCard__boxs__content\"><a href=\"https:\/\/www.suno.com.br\/noticias\/preco-da-gasolina-e-diesel-defasado\/\"><h2 class=\"content__title\">Pre\u00e7o da gasolina est\u00e1 7% defasado e do diesel, 9%, diz associa\u00e7\u00e3o de combust\u00edveis<\/h2><\/a><div class=\"newsContent__article__meta\"><div class=\"newsContent__article__meta__authorBox\"><a href=\"https:\/\/www.suno.com.br\/noticias\/author\/monique-lima\/\" class=\"authorBox__avatar noMobi\"><img src=\"https:\/\/secure.gravatar.com\/avatar\/daee7f16d906c2e9ffed236206ca2c30?s=96&#038;r=g\" alt=\"Monique Lima\"><\/a><div class=\"authorBox__name\"><span>por\n\t\t\t<a href=\"https:\/\/www.suno.com.br\/noticias\/author\/monique-lima\/\"><span itemprop=\"author\">Monique Lima<\/span><\/a><\/span><time datetime=\"2021-10-25T16:04:16-03:00\" itemprop=\"datePublished\">25\/10\/2021 16:04<\/time><\/div><\/div><\/div><\/div><\/div>","single_layout":"posts","amp_enabled":true,"_links":{"self":[{"href":"https:\/\/www.suno.com.br\/noticias\/wp-json\/wp\/v2\/posts\/197026"}],"collection":[{"href":"https:\/\/www.suno.com.br\/noticias\/wp-json\/wp\/v2\/posts"}],"about":[{"href":"https:\/\/www.suno.com.br\/noticias\/wp-json\/wp\/v2\/types\/post"}],"author":[{"embeddable":true,"href":"https:\/\/www.suno.com.br\/noticias\/wp-json\/wp\/v2\/users\/102"}],"replies":[{"embeddable":true,"href":"https:\/\/www.suno.com.br\/noticias\/wp-json\/wp\/v2\/comments?post=197026"}],"version-history":[{"count":3,"href":"https:\/\/www.suno.com.br\/noticias\/wp-json\/wp\/v2\/posts\/197026\/revisions"}],"predecessor-version":[{"id":197066,"href":"https:\/\/www.suno.com.br\/noticias\/wp-json\/wp\/v2\/posts\/197026\/revisions\/197066"}],"wp:featuredmedia":[{"embeddable":true,"href":"https:\/\/www.suno.com.br\/noticias\/wp-json\/wp\/v2\/media\/154190"}],"wp:attachment":[{"href":"https:\/\/www.suno.com.br\/noticias\/wp-json\/wp\/v2\/media?parent=197026"}],"wp:term":[{"taxonomy":"category","embeddable":true,"href":"https:\/\/www.suno.com.br\/noticias\/wp-json\/wp\/v2\/categories?post=197026"},{"taxonomy":"post_tag","embeddable":true,"href":"https:\/\/www.suno.com.br\/noticias\/wp-json\/wp\/v2\/tags?post=197026"},{"taxonomy":"suno_strategy","embeddable":true,"href":"https:\/\/www.suno.com.br\/noticias\/wp-json\/wp\/v2\/suno_strategy?post=197026"}],"curies":[{"name":"wp","href":"https:\/\/api.w.org\/{rel}","templated":true}]}}