{"id":197002,"date":"2021-10-25T16:17:10","date_gmt":"2021-10-25T19:17:10","guid":{"rendered":"https:\/\/www.suno.com.br\/noticias\/?p=197002"},"modified":"2021-10-25T16:17:10","modified_gmt":"2021-10-25T19:17:10","slug":"teto-de-gastos-fiscal-itau-bba-2022-amargo-recessao","status":"publish","type":"post","link":"https:\/\/www.suno.com.br\/noticias\/teto-de-gastos-fiscal-itau-bba-2022-amargo-recessao\/","title":{"rendered":"Ap\u00f3s turbul\u00eancia fiscal, Ita\u00fa BBA piora previs\u00f5es para o PIB e infla\u00e7\u00e3o em 2022"},"content":{"rendered":"<p>Em revis\u00e3o especial por causa das turbul\u00eancias da semana anterior &#8211; que derrubaram o Ibovespa em mais de 7% -. o <strong>Ita\u00fa <\/strong>BBA projeta um ano de 2022 mais atribulado e com um cen\u00e1rio econ\u00f4mico mais preocupante. Os analistas revisaram o crescimento do <a class=\"suno-keyword\" href=\"https:\/\/www.suno.com.br\/artigos\/pib-produto-interno-bruto\/\" target=\"_blank\" rel=\"noopener\" data-force=\"no\" data-priority=\"2\">Produto Interno Bruto (PIB)<\/a> de 0,5% de crescimento para uma queda de 0,5%, al\u00e9m de projetarem uma Selic de 11,25% ante 9% anteriores.<\/p>\t<div class=\"wrapper-featured-image\">\n\t\t<figure class=\"spotlightImg\">\n\n\t\t\t<picture>\n\t\t\t\t<source media=\"(max-width: 768px)\" srcset=\"https:\/\/files.sunoresearch.com.br\/n\/uploads\/2021\/10\/jair_bolsonaro_paulo_guedes_declaracao_conjunta_a_imprensa_wdol_abr_2210212489-400x200.jpg\">\n\t\t\t\t<img loading=\"lazy\" decoding=\"async\" class=\"newsContent__article__imgCapa lazyloadDisabled \" src=\"https:\/\/files.sunoresearch.com.br\/n\/uploads\/2021\/10\/jair_bolsonaro_paulo_guedes_declaracao_conjunta_a_imprensa_wdol_abr_2210212489-800x450.jpg\" width=\"800\" height=\"450\" alt=\"Ap\u00f3s turbul\u00eancia fiscal, Ita\u00fa BBA piora previs\u00f5es para o PIB e infla\u00e7\u00e3o em 2022\" fetchpriority=high \/>\n\t\t\t<\/picture>\n\n\t\t\t<figcaption class=\"wp-caption-text wp-caption-text--show\">Possibilidade de furo do teto de gastos p\u00f5e sa\u00fade fiscal do pa\u00eds em risco e preocupa analistas do Ita\u00fa BBA - Foto: Ag\u00eancia Brasil<\/figcaption>\n\t\t<\/figure>\n\t<\/div>\n\n\n\t<p>\n\t\t<a href=\"https:\/\/lp.suno.com.br\/planilha-controle-gastos\/\" target=\"_blank\" data-element=\"shortcode-suno-banner\" title=\"Banner SUNO, clique e saiba mais\">\n\t\t\t<picture>\n\t\t\t\t<source media=\"(max-width: 500px)\" srcset=\"https:\/\/files.sunoresearch.com.br\/n\/uploads\/2023\/03\/400x300-Planilha-controle-de-gastos.png\">\n\t\t\t\t<img class=\"newsContent__article__imgCapa newsContent__article__imgCapa--banner\"\n\t\t\t\t\tsrc=\"https:\/\/files.sunoresearch.com.br\/n\/uploads\/2023\/03\/1420x240-Planilha-controle-de-gastos.png\"\n\t\t\t\t\tdata-promo-id=\"101751\"\t\t\t\t\t\t\t\t\t\twidth='1420' height='240'\t\t\t\t\talt=\"https:\/\/files.sunoresearch.com.br\/n\/uploads\/2023\/03\/1420x240-Planilha-controle-de-gastos.png\"\n\t\t\t\t>\n\t\t\t<\/picture>\n\t\t<\/a>\n\t<\/p>\n\n\n<p>&#8220;Not\u00edcias sobre o aumento dos gastos fiscais aumentaram as d\u00favidas sobre o futuro do arcabou\u00e7o <strong>fiscal<\/strong> no Brasil, que desde 2016 tem sido baseado em um <a class=\"suno-keyword\" href=\"https:\/\/www.suno.com.br\/artigos\/teto-de-gastos\/\" target=\"_blank\" rel=\"noopener\" data-force=\"no\" data-priority=\"1\">teto de gastos<\/a> ajust\u00e1vel. Embora a discuss\u00e3o sobre domin\u00e2ncia fiscal pare\u00e7a exagerada no momento, \u00e9 verdade que, sem uma \u00e2ncora fiscal cr\u00edvel, a tarefa do Banco Central em manter a infla\u00e7\u00e3o na meta se torna mais dif\u00edcil&#8221;, frisa Mario Mesquita, economista-chefe do Ita\u00fa.<\/p>\n<p>Segundo o relat\u00f3rio, o aumento da incerteza fiscal provocado pelos eventos da semana passada, que incluem o aumento do risco de um furo do teto de gastos com o <strong>Aux\u00edlio Brasil<\/strong> e um &#8216;vale-diesel&#8217; para os caminhoneiros, eleva o <strong><a class=\"suno-keyword\" href=\"https:\/\/www.suno.com.br\/artigos\/embi\/\" target=\"_blank\" rel=\"noopener\" data-force=\"no\" data-priority=\"1\">Risco Brasil<\/a><\/strong> e \u00e9 o principal driver para infla\u00e7\u00e3o mais alta &#8211; com 18,4% de IGP-M e 9% de IPCA ainda em 2021, aumento de 0,9 e 0,3 pontos percentuais, respectivamente.<\/p>\n\n\t<div data-element=\"shortcode-read-more\" class=\"readToo\">\n\t\t\t\t<span class=\"readToo__title\">Leia mais<\/span>\n\t\t\t\t<ul class=\"readToo__list\">\n\t\t\t<li><a href=\"https:\/\/www.suno.com.br\/noticias\/dolar-tarde-25102021\/\">D\u00f3lar recua mais de 1% com queda ante emergentes e Selic no radar<\/a><\/li><li><a href=\"https:\/\/www.suno.com.br\/noticias\/waiver-day-governo-vendeu-a-alma-para-o-centrao-diz-analista\/\">Waiver Day: &#8220;Governo vendeu a alma para o centr\u00e3o&#8221;, diz especialista<\/a><\/li>\t\t<\/ul>\n\t<\/div>\n\n\n<p>Para o time de an\u00e1lise do banco, o <a href=\"https:\/\/www.suno.com.br\/artigos\/bacen\"><strong>Banco Central<\/strong> (BC)<\/a> enfrenta os problemas de ter que acomodar choques sucessivos sem perder a credibilidade, o que exige um equil\u00edbrio entre a sinaliza\u00e7\u00e3o do compromisso com as metas de infla\u00e7\u00e3o ao mesmo tempo que \u00e9 necess\u00e1rio &#8216;cortar na pr\u00f3pria carne&#8217; para manobrar os juros a custos de crescimento econ\u00f4mico.<\/p>\n<p>&#8220;Em nossa vis\u00e3o, elevar a taxa <strong>Selic<\/strong> em 1,0- 1,25 ponto percentual seria uma resposta inadequada, pois sinalizaria uma disposi\u00e7\u00e3o excessiva para acomodar os riscos de infla\u00e7\u00e3o mais elevada, enquanto um movimento acima de 1,5 ponto percentual provavelmente levaria a uma <a class=\"suno-keyword\" href=\"https:\/\/www.suno.com.br\/artigos\/juros\/\" target=\"_blank\" rel=\"noopener\" data-force=\"no\" data-priority=\"2\">taxa de juros<\/a> terminal que colocaria a economia em recess\u00e3o profunda. O meio-termo n\u00e3o evitar\u00e1 uma recess\u00e3o, mas contribuir\u00e1 para limitar o aumento das expectativas de infla\u00e7\u00e3o&#8221;, analisa o relat\u00f3rio.<\/p>\n\t<p>\n\t\t<a href=\"https:\/\/lp.suno.com.br\/planilha-da-vida-financeira\/\" target=\"_blank\" data-element=\"shortcode-suno-banner\" title=\"Banner SUNO, clique e saiba mais\">\n\t\t\t<picture>\n\t\t\t\t<source media=\"(max-width: 500px)\" srcset=\"https:\/\/files.sunoresearch.com.br\/n\/uploads\/2023\/04\/400x300-Planilha-vida-financeira-true.png\">\n\t\t\t\t<img class=\"newsContent__article__imgCapa newsContent__article__imgCapa--banner\"\n\t\t\t\t\tsrc=\"https:\/\/files.sunoresearch.com.br\/n\/uploads\/2023\/04\/1420x240-Planilha-vida-financeira-true.png\"\n\t\t\t\t\tdata-promo-id=\"106682\"\t\t\t\t\t\t\t\t\t\twidth='1420' height='240'\t\t\t\t\talt=\"https:\/\/files.sunoresearch.com.br\/n\/uploads\/2023\/04\/1420x240-Planilha-vida-financeira-true.png\"\n\t\t\t\t>\n\t\t\t<\/picture>\n\t\t<\/a>\n\t<\/p>\n\n\n<h2>Reformas devem ser contrapeso, diz Ita\u00fa BBA<\/h2>\n<p>A agenda de reformas, ainda ofuscada entre as prioridades do Planalto, pode ser um instrumento de redu\u00e7\u00e3o do risco-pa\u00eds, segundo o time de an\u00e1lise.<\/p>\n<p>A retomada de pautas como a <strong>reforma administrativa<\/strong> pode ser um sinalizador para uma maior &#8216;resili\u00eancia fiscal&#8217;, o que deve ajudar a aliviar a press\u00e3o sob o <a class=\"suno-keyword\" href=\"https:\/\/www.suno.com.br\/artigos\/orcamento-publico\/\" target=\"_blank\" rel=\"noopener\" data-force=\"no\" data-priority=\"1\">or\u00e7amento p\u00fablico<\/a> e reduzir as incertezas do cen\u00e1rio econ\u00f4mico futuro.<\/p>\n\t<p>\n\t\t<a href=\"https:\/\/lp.suno.com.br\/ebook-como-analisar-uma-acao\/\" target=\"_blank\" data-element=\"shortcode-suno-banner\" title=\"Banner SUNO, clique e saiba mais\">\n\t\t\t<picture>\n\t\t\t\t<source media=\"(max-width: 500px)\" srcset=\"https:\/\/files.sunoresearch.com.br\/n\/uploads\/2023\/03\/Ebook-Acoes-Mobile-1.jpg\">\n\t\t\t\t<img class=\"newsContent__article__imgCapa newsContent__article__imgCapa--banner\"\n\t\t\t\t\tsrc=\"https:\/\/files.sunoresearch.com.br\/n\/uploads\/2023\/03\/Ebook-Acoes-Desktop-1.jpg\"\n\t\t\t\t\tdata-promo-id=\"171998\"\t\t\t\t\t\t\t\t\t\twidth='1420' height='286'\t\t\t\t\talt=\"https:\/\/files.sunoresearch.com.br\/n\/uploads\/2023\/03\/Ebook-Acoes-Desktop-1.jpg\"\n\t\t\t\t>\n\t\t\t<\/picture>\n\t\t<\/a>\n\t<\/p>\n\n\n<p>&#8220;Nesse cen\u00e1rio, a maior <a class=\"suno-keyword\" href=\"https:\/\/www.suno.com.br\/artigos\/confianca-do-consumidor\/\" target=\"_blank\" rel=\"noopener\" data-force=\"no\" data-priority=\"1\">confian\u00e7a do consumidor<\/a> e das empresas pode levar a um crescimento mais r\u00e1pido no pr\u00f3ximo ano. Mas as reformas precisam avan\u00e7ar&#8221;, frisa <strong>Mesquita<\/strong>, do Ita\u00fa BBA.<\/p>\n<h2>O que preocupa os analistas<\/h2>\n<p>Com elei\u00e7\u00f5es de 2022 j\u00e1 no radar, o <strong>governo<\/strong> <strong>federal<\/strong> planeja gastos mais dispendiosos &#8211; como \u00e9 costumeiro em anos eleitorais -. o que pode gerar uma flexibiliza\u00e7\u00e3o do teto de gastos e colocar as contas p\u00fablicas em xeque.<\/p>\n<p>A manobra cont\u00e1bil do Planalto para alterar o teto \u00e9 &#8216;respaldada&#8217; pela necessidade de conceder um programa social de R$ 400 a cerca de 17 milh\u00f5es de brasileiros, o que n\u00e3o cabe no or\u00e7amento atual com os limites firmados. Com a proposta de Aux\u00edlio, o d\u00f3lar disparou a R$ 5,7 e puxou a alta das exportadoras &#8211; as \u00fanicas que subiam na bolsa ante quedas generalizadas que formaram a pior semana do ano para o Ibovespa.<\/p>\n\t<p>\n\t\t<a href=\"https:\/\/lp.suno.com.br\/planilha-de-controle-de-investimentos\/\" target=\"_blank\" data-element=\"shortcode-suno-banner\" title=\"Banner SUNO, clique e saiba mais\">\n\t\t\t<picture>\n\t\t\t\t<source media=\"(max-width: 500px)\" srcset=\"https:\/\/files.sunoresearch.com.br\/n\/uploads\/2023\/03\/400x300-Controle-de-Investimentos.png\">\n\t\t\t\t<img class=\"newsContent__article__imgCapa newsContent__article__imgCapa--banner\"\n\t\t\t\t\tsrc=\"https:\/\/files.sunoresearch.com.br\/n\/uploads\/2023\/03\/1420x240-Controle-de-Investimentos.png\"\n\t\t\t\t\tdata-promo-id=\"75934\"\t\t\t\t\t\t\t\t\t\twidth='1420' height='240'\t\t\t\t\talt=\"https:\/\/files.sunoresearch.com.br\/n\/uploads\/2023\/03\/1420x240-Controle-de-Investimentos.png\"\n\t\t\t\t>\n\t\t\t<\/picture>\n\t\t<\/a>\n\t<\/p>\n\n\n<p>A licen\u00e7a para furar o teto no caso do Aux\u00edlio, em valores concretos, seria de uma cifra de R$ 30 bilh\u00f5es em 2022.<\/p>\n<p>Somado a isso, not\u00edcias recentes apontam que o novo relat\u00f3rio da <a href=\"https:\/\/www.suno.com.br\/artigos\/precatorios\/\"><strong>PEC dos precat\u00f3rios<\/strong><\/a> tamb\u00e9m traz mudan\u00e7a no c\u00e1lculo do teto de gastos, empurrando o limite para cima e abrindo espa\u00e7o no or\u00e7amento de forma artificial.<\/p>\n<p>A proposta &#8211; j\u00e1 aprovada na Comiss\u00e3o Especial e que ainda precisa passar pela C\u00e2mara e pelo Senado \u2014 prev\u00ea a possibilidade de o governo gastar R$ 83 bilh\u00f5es a mais em 2022, deteriorando o cen\u00e1rio fiscal para 2022 e preocupando o mercado, como deixaram evidente no relat\u00f3rio os analistas do <strong>Ita\u00fa <\/strong>BBA.<\/p>\n\t<p>\n\t\t<a href=\"\" target=\"_blank\" data-element=\"shortcode-suno-banner\" title=\"Banner SUNO, clique e saiba mais\">\n\t\t\t<picture>\n\t\t\t\t<source media=\"(max-width: 500px)\" srcset=\"\">\n\t\t\t\t<img class=\"newsContent__article__imgCapa newsContent__article__imgCapa--banner\"\n\t\t\t\t\tsrc=\"\"\n\t\t\t\t\tdata-promo-id=\"184190\"\t\t\t\t\t\t\t\t\t\t\t\t\t\t\talt=\"\"\n\t\t\t\t>\n\t\t\t<\/picture>\n\t\t<\/a>\n\t<\/p>\n\n\n","protected":false},"excerpt":{"rendered":"<p>Em revis\u00e3o especial por causa das turbul\u00eancias da semana anterior &#8211; que derrubaram o Ibovespa em mais de 7% -. o Ita\u00fa BBA projeta um ano de 2022 mais atribulado e com um cen\u00e1rio econ\u00f4mico mais preocupante. Os analistas revisaram o crescimento do Produto Interno Bruto (PIB) de 0,5% de crescimento para uma queda de [&hellip;]<\/p>\n","protected":false},"author":73,"featured_media":197036,"comment_status":"closed","ping_status":"closed","sticky":false,"template":"","format":"standard","meta":[],"categories":[62],"tags":[1556,850,1886,290,83329],"suno_strategy":[],"class_list":["post-197002","post","type-post","status-publish","format-standard","has-post-thumbnail","hentry","category-economia","tag-governo-federal","tag-inflacao","tag-itau-bba","tag-taxa-selic","tag-teto-de-gastos"],"yoast_head":"<!-- This site is optimized with the Yoast SEO plugin v24.4 - https:\/\/yoast.com\/wordpress\/plugins\/seo\/ -->\n<title>Ap\u00f3s turbul\u00eancia fiscal, Ita\u00fa BBA v\u00ea 2022 amargo e com recess\u00e3o<\/title>\n<meta name=\"description\" content=\"Ap\u00f3s o Planalto sinalizar furo do teto de gastos, analistas do Ita\u00fa BBA pioram proje\u00e7\u00f5es para o ano de 2022. Clique aqui e leia mais.\" \/>\n<meta name=\"robots\" content=\"index, follow, max-snippet:-1, max-image-preview:large, max-video-preview:-1\" \/>\n<link rel=\"canonical\" href=\"https:\/\/www.suno.com.br\/noticias\/teto-de-gastos-fiscal-itau-bba-2022-amargo-recessao\/\" \/>\n<meta property=\"og:locale\" content=\"pt_BR\" \/>\n<meta property=\"og:type\" content=\"article\" \/>\n<meta property=\"og:title\" content=\"Ap\u00f3s turbul\u00eancia fiscal, Ita\u00fa BBA v\u00ea 2022 amargo e com recess\u00e3o\" \/>\n<meta property=\"og:description\" content=\"Ap\u00f3s o Planalto sinalizar furo do teto de gastos, analistas do Ita\u00fa BBA pioram proje\u00e7\u00f5es para o ano de 2022. Clique aqui e leia mais.\" \/>\n<meta property=\"og:url\" content=\"https:\/\/www.suno.com.br\/noticias\/teto-de-gastos-fiscal-itau-bba-2022-amargo-recessao\/\" \/>\n<meta property=\"og:site_name\" content=\"Suno Not\u00edcias\" \/>\n<meta property=\"article:publisher\" content=\"https:\/\/facebook.com\/sunoresearch\" \/>\n<meta property=\"og:image\" content=\"https:\/\/files.sunoresearch.com.br\/n\/uploads\/2021\/10\/jair_bolsonaro_paulo_guedes_declaracao_conjunta_a_imprensa_wdol_abr_2210212489-scaled.jpg\" \/>\n\t<meta property=\"og:image:width\" content=\"2560\" \/>\n\t<meta property=\"og:image:height\" content=\"1707\" \/>\n\t<meta property=\"og:image:type\" content=\"image\/jpeg\" \/>\n<meta name=\"author\" content=\"Eduardo Vargas\" \/>\n<meta name=\"twitter:card\" content=\"summary_large_image\" \/>\n<meta name=\"twitter:creator\" content=\"@sunoresearch\" \/>\n<meta name=\"twitter:site\" content=\"@sunoresearch\" \/>\n<meta name=\"twitter:label1\" content=\"Escrito por\" \/>\n\t<meta name=\"twitter:data1\" content=\"Eduardo Vargas\" \/>\n\t<meta name=\"twitter:label2\" content=\"Est. tempo de leitura\" \/>\n\t<meta name=\"twitter:data2\" content=\"3 minutos\" \/>\n<script type=\"application\/ld+json\" class=\"yoast-schema-graph\">{\"@context\":\"https:\/\/schema.org\",\"@graph\":[{\"@type\":\"NewsArticle\",\"@id\":\"https:\/\/www.suno.com.br\/noticias\/teto-de-gastos-fiscal-itau-bba-2022-amargo-recessao\/#article\",\"isPartOf\":{\"@id\":\"https:\/\/www.suno.com.br\/noticias\/teto-de-gastos-fiscal-itau-bba-2022-amargo-recessao\/\"},\"author\":{\"name\":\"Eduardo Vargas\",\"@id\":\"https:\/\/www.suno.com.br\/noticias\/#\/schema\/person\/7f4d362bf3518e76090143ae77bb49a5\"},\"headline\":\"Ap\u00f3s turbul\u00eancia fiscal, Ita\u00fa BBA piora previs\u00f5es para o PIB e infla\u00e7\u00e3o em 2022\",\"datePublished\":\"2021-10-25T19:17:10+00:00\",\"mainEntityOfPage\":{\"@id\":\"https:\/\/www.suno.com.br\/noticias\/teto-de-gastos-fiscal-itau-bba-2022-amargo-recessao\/\"},\"wordCount\":746,\"publisher\":{\"@id\":\"https:\/\/www.suno.com.br\/noticias\/#organization\"},\"image\":{\"@id\":\"https:\/\/www.suno.com.br\/noticias\/teto-de-gastos-fiscal-itau-bba-2022-amargo-recessao\/#primaryimage\"},\"thumbnailUrl\":\"https:\/\/files.sunoresearch.com.br\/n\/uploads\/2021\/10\/jair_bolsonaro_paulo_guedes_declaracao_conjunta_a_imprensa_wdol_abr_2210212489-scaled.jpg\",\"keywords\":[\"governo federal\",\"infla\u00e7\u00e3o\",\"Ita\u00fa BBA\",\"Taxa Selic\",\"teto de gastos\"],\"articleSection\":[\"Economia\"],\"inLanguage\":\"pt-BR\"},{\"@type\":\"WebPage\",\"@id\":\"https:\/\/www.suno.com.br\/noticias\/teto-de-gastos-fiscal-itau-bba-2022-amargo-recessao\/\",\"url\":\"https:\/\/www.suno.com.br\/noticias\/teto-de-gastos-fiscal-itau-bba-2022-amargo-recessao\/\",\"name\":\"Ap\u00f3s turbul\u00eancia fiscal, Ita\u00fa BBA v\u00ea 2022 amargo e com recess\u00e3o\",\"isPartOf\":{\"@id\":\"https:\/\/www.suno.com.br\/noticias\/#website\"},\"primaryImageOfPage\":{\"@id\":\"https:\/\/www.suno.com.br\/noticias\/teto-de-gastos-fiscal-itau-bba-2022-amargo-recessao\/#primaryimage\"},\"image\":{\"@id\":\"https:\/\/www.suno.com.br\/noticias\/teto-de-gastos-fiscal-itau-bba-2022-amargo-recessao\/#primaryimage\"},\"thumbnailUrl\":\"https:\/\/files.sunoresearch.com.br\/n\/uploads\/2021\/10\/jair_bolsonaro_paulo_guedes_declaracao_conjunta_a_imprensa_wdol_abr_2210212489-scaled.jpg\",\"datePublished\":\"2021-10-25T19:17:10+00:00\",\"description\":\"Ap\u00f3s o Planalto sinalizar furo do teto de gastos, analistas do Ita\u00fa BBA pioram proje\u00e7\u00f5es para o ano de 2022. Clique aqui e leia mais.\",\"breadcrumb\":{\"@id\":\"https:\/\/www.suno.com.br\/noticias\/teto-de-gastos-fiscal-itau-bba-2022-amargo-recessao\/#breadcrumb\"},\"inLanguage\":\"pt-BR\",\"potentialAction\":[{\"@type\":\"ReadAction\",\"target\":[\"https:\/\/www.suno.com.br\/noticias\/teto-de-gastos-fiscal-itau-bba-2022-amargo-recessao\/\"]}]},{\"@type\":\"ImageObject\",\"inLanguage\":\"pt-BR\",\"@id\":\"https:\/\/www.suno.com.br\/noticias\/teto-de-gastos-fiscal-itau-bba-2022-amargo-recessao\/#primaryimage\",\"url\":\"https:\/\/files.sunoresearch.com.br\/n\/uploads\/2021\/10\/jair_bolsonaro_paulo_guedes_declaracao_conjunta_a_imprensa_wdol_abr_2210212489-scaled.jpg\",\"contentUrl\":\"https:\/\/files.sunoresearch.com.br\/n\/uploads\/2021\/10\/jair_bolsonaro_paulo_guedes_declaracao_conjunta_a_imprensa_wdol_abr_2210212489-scaled.jpg\",\"width\":2560,\"height\":1707,\"caption\":\"Possibilidade de furo do teto de gastos p\u00f5e sa\u00fade fiscal do pa\u00eds em risco e preocupa analistas do Ita\u00fa BBA - Foto: Ag\u00eancia Brasil\"},{\"@type\":\"BreadcrumbList\",\"@id\":\"https:\/\/www.suno.com.br\/noticias\/teto-de-gastos-fiscal-itau-bba-2022-amargo-recessao\/#breadcrumb\",\"itemListElement\":[{\"@type\":\"ListItem\",\"position\":1,\"name\":\"Not\u00edcias\",\"item\":\"https:\/\/www.suno.com.br\/noticias\/\"},{\"@type\":\"ListItem\",\"position\":2,\"name\":\"Economia\",\"item\":\"https:\/\/www.suno.com.br\/noticias\/economia\/\"},{\"@type\":\"ListItem\",\"position\":3,\"name\":\"Ap\u00f3s turbul\u00eancia fiscal, Ita\u00fa BBA piora previs\u00f5es para o PIB e infla\u00e7\u00e3o em 2022\"}]},{\"@type\":\"WebSite\",\"@id\":\"https:\/\/www.suno.com.br\/noticias\/#website\",\"url\":\"https:\/\/www.suno.com.br\/noticias\/\",\"name\":\"Suno Not\u00edcias\",\"description\":\"Seu portal de informa\u00e7\u00e3o sobre o mundo dos investimentos\",\"publisher\":{\"@id\":\"https:\/\/www.suno.com.br\/noticias\/#organization\"},\"potentialAction\":[{\"@type\":\"SearchAction\",\"target\":{\"@type\":\"EntryPoint\",\"urlTemplate\":\"https:\/\/www.suno.com.br\/noticias\/?s={search_term_string}\"},\"query-input\":{\"@type\":\"PropertyValueSpecification\",\"valueRequired\":true,\"valueName\":\"search_term_string\"}}],\"inLanguage\":\"pt-BR\"},{\"@type\":\"Organization\",\"@id\":\"https:\/\/www.suno.com.br\/noticias\/#organization\",\"name\":\"Suno Not\u00edcias\",\"url\":\"https:\/\/www.suno.com.br\/noticias\/\",\"logo\":{\"@type\":\"ImageObject\",\"inLanguage\":\"pt-BR\",\"@id\":\"https:\/\/www.suno.com.br\/noticias\/#\/schema\/logo\/image\/\",\"url\":\"https:\/\/files.sunoresearch.com.br\/n\/uploads\/2021\/09\/suno-logo.png\",\"contentUrl\":\"https:\/\/files.sunoresearch.com.br\/n\/uploads\/2021\/09\/suno-logo.png\",\"width\":180,\"height\":180,\"caption\":\"Suno Not\u00edcias\"},\"image\":{\"@id\":\"https:\/\/www.suno.com.br\/noticias\/#\/schema\/logo\/image\/\"},\"sameAs\":[\"https:\/\/facebook.com\/sunoresearch\",\"https:\/\/x.com\/sunoresearch\",\"https:\/\/www.instagram.com\/suno\",\"https:\/\/www.linkedin.com\/company\/suno-research\/\",\"https:\/\/www.youtube.com\/c\/sunoresearch\"]},{\"@type\":\"Person\",\"@id\":\"https:\/\/www.suno.com.br\/noticias\/#\/schema\/person\/7f4d362bf3518e76090143ae77bb49a5\",\"name\":\"Eduardo Vargas\",\"image\":{\"@type\":\"ImageObject\",\"inLanguage\":\"pt-BR\",\"@id\":\"https:\/\/www.suno.com.br\/noticias\/#\/schema\/person\/image\/\",\"url\":\"https:\/\/secure.gravatar.com\/avatar\/dac340933427a22924c9f99d1eb2e3f2?s=96&r=g\",\"contentUrl\":\"https:\/\/secure.gravatar.com\/avatar\/dac340933427a22924c9f99d1eb2e3f2?s=96&r=g\",\"caption\":\"Eduardo Vargas\"},\"description\":\"Jornalista formado pela UFSC, cobre macroeconomia, neg\u00f3cios e startups para o Suno Not\u00edcias, escrevendo principalmente not\u00edcias sobre o mercado financeiro e a bolsa de valores. No YouTube e no Instagram, \u00e9 respons\u00e1vel pela produ\u00e7\u00e3o de Reels e Shorts do Suno Not\u00edcias. Anteriormente, trabalhou cobrindo economia e cotidiano no ND+ e para o ND, maior jornal impresso de Santa Catarina. Cursou um semestre letivo de Estudos de M\u00eddia na Universidad de Buenos Aires.\",\"url\":\"https:\/\/www.suno.com.br\/noticias\/author\/eduardo-vargas\/\"}]}<\/script>\n<!-- \/ Yoast SEO plugin. -->","yoast_head_json":{"title":"Ap\u00f3s turbul\u00eancia fiscal, Ita\u00fa BBA v\u00ea 2022 amargo e com recess\u00e3o","description":"Ap\u00f3s o Planalto sinalizar furo do teto de gastos, analistas do Ita\u00fa BBA pioram proje\u00e7\u00f5es para o ano de 2022. Clique aqui e leia mais.","robots":{"index":"index","follow":"follow","max-snippet":"max-snippet:-1","max-image-preview":"max-image-preview:large","max-video-preview":"max-video-preview:-1"},"canonical":"https:\/\/www.suno.com.br\/noticias\/teto-de-gastos-fiscal-itau-bba-2022-amargo-recessao\/","og_locale":"pt_BR","og_type":"article","og_title":"Ap\u00f3s turbul\u00eancia fiscal, Ita\u00fa BBA v\u00ea 2022 amargo e com recess\u00e3o","og_description":"Ap\u00f3s o Planalto sinalizar furo do teto de gastos, analistas do Ita\u00fa BBA pioram proje\u00e7\u00f5es para o ano de 2022. Clique aqui e leia mais.","og_url":"https:\/\/www.suno.com.br\/noticias\/teto-de-gastos-fiscal-itau-bba-2022-amargo-recessao\/","og_site_name":"Suno Not\u00edcias","article_publisher":"https:\/\/facebook.com\/sunoresearch","og_image":[{"width":2560,"height":1707,"url":"https:\/\/files.sunoresearch.com.br\/n\/uploads\/2021\/10\/jair_bolsonaro_paulo_guedes_declaracao_conjunta_a_imprensa_wdol_abr_2210212489-scaled.jpg","type":"image\/jpeg"}],"author":"Eduardo Vargas","twitter_card":"summary_large_image","twitter_creator":"@sunoresearch","twitter_site":"@sunoresearch","twitter_misc":{"Escrito por":"Eduardo Vargas","Est. tempo de leitura":"3 minutos"},"schema":{"@context":"https:\/\/schema.org","@graph":[{"@type":"NewsArticle","@id":"https:\/\/www.suno.com.br\/noticias\/teto-de-gastos-fiscal-itau-bba-2022-amargo-recessao\/#article","isPartOf":{"@id":"https:\/\/www.suno.com.br\/noticias\/teto-de-gastos-fiscal-itau-bba-2022-amargo-recessao\/"},"author":{"name":"Eduardo Vargas","@id":"https:\/\/www.suno.com.br\/noticias\/#\/schema\/person\/7f4d362bf3518e76090143ae77bb49a5"},"headline":"Ap\u00f3s turbul\u00eancia fiscal, Ita\u00fa BBA piora previs\u00f5es para o PIB e infla\u00e7\u00e3o em 2022","datePublished":"2021-10-25T19:17:10+00:00","mainEntityOfPage":{"@id":"https:\/\/www.suno.com.br\/noticias\/teto-de-gastos-fiscal-itau-bba-2022-amargo-recessao\/"},"wordCount":746,"publisher":{"@id":"https:\/\/www.suno.com.br\/noticias\/#organization"},"image":{"@id":"https:\/\/www.suno.com.br\/noticias\/teto-de-gastos-fiscal-itau-bba-2022-amargo-recessao\/#primaryimage"},"thumbnailUrl":"https:\/\/files.sunoresearch.com.br\/n\/uploads\/2021\/10\/jair_bolsonaro_paulo_guedes_declaracao_conjunta_a_imprensa_wdol_abr_2210212489-scaled.jpg","keywords":["governo federal","infla\u00e7\u00e3o","Ita\u00fa BBA","Taxa Selic","teto de gastos"],"articleSection":["Economia"],"inLanguage":"pt-BR"},{"@type":"WebPage","@id":"https:\/\/www.suno.com.br\/noticias\/teto-de-gastos-fiscal-itau-bba-2022-amargo-recessao\/","url":"https:\/\/www.suno.com.br\/noticias\/teto-de-gastos-fiscal-itau-bba-2022-amargo-recessao\/","name":"Ap\u00f3s turbul\u00eancia fiscal, Ita\u00fa BBA v\u00ea 2022 amargo e com recess\u00e3o","isPartOf":{"@id":"https:\/\/www.suno.com.br\/noticias\/#website"},"primaryImageOfPage":{"@id":"https:\/\/www.suno.com.br\/noticias\/teto-de-gastos-fiscal-itau-bba-2022-amargo-recessao\/#primaryimage"},"image":{"@id":"https:\/\/www.suno.com.br\/noticias\/teto-de-gastos-fiscal-itau-bba-2022-amargo-recessao\/#primaryimage"},"thumbnailUrl":"https:\/\/files.sunoresearch.com.br\/n\/uploads\/2021\/10\/jair_bolsonaro_paulo_guedes_declaracao_conjunta_a_imprensa_wdol_abr_2210212489-scaled.jpg","datePublished":"2021-10-25T19:17:10+00:00","description":"Ap\u00f3s o Planalto sinalizar furo do teto de gastos, analistas do Ita\u00fa BBA pioram proje\u00e7\u00f5es para o ano de 2022. Clique aqui e leia mais.","breadcrumb":{"@id":"https:\/\/www.suno.com.br\/noticias\/teto-de-gastos-fiscal-itau-bba-2022-amargo-recessao\/#breadcrumb"},"inLanguage":"pt-BR","potentialAction":[{"@type":"ReadAction","target":["https:\/\/www.suno.com.br\/noticias\/teto-de-gastos-fiscal-itau-bba-2022-amargo-recessao\/"]}]},{"@type":"ImageObject","inLanguage":"pt-BR","@id":"https:\/\/www.suno.com.br\/noticias\/teto-de-gastos-fiscal-itau-bba-2022-amargo-recessao\/#primaryimage","url":"https:\/\/files.sunoresearch.com.br\/n\/uploads\/2021\/10\/jair_bolsonaro_paulo_guedes_declaracao_conjunta_a_imprensa_wdol_abr_2210212489-scaled.jpg","contentUrl":"https:\/\/files.sunoresearch.com.br\/n\/uploads\/2021\/10\/jair_bolsonaro_paulo_guedes_declaracao_conjunta_a_imprensa_wdol_abr_2210212489-scaled.jpg","width":2560,"height":1707,"caption":"Possibilidade de furo do teto de gastos p\u00f5e sa\u00fade fiscal do pa\u00eds em risco e preocupa analistas do Ita\u00fa BBA - Foto: Ag\u00eancia Brasil"},{"@type":"BreadcrumbList","@id":"https:\/\/www.suno.com.br\/noticias\/teto-de-gastos-fiscal-itau-bba-2022-amargo-recessao\/#breadcrumb","itemListElement":[{"@type":"ListItem","position":1,"name":"Not\u00edcias","item":"https:\/\/www.suno.com.br\/noticias\/"},{"@type":"ListItem","position":2,"name":"Economia","item":"https:\/\/www.suno.com.br\/noticias\/economia\/"},{"@type":"ListItem","position":3,"name":"Ap\u00f3s turbul\u00eancia fiscal, Ita\u00fa BBA piora previs\u00f5es para o PIB e infla\u00e7\u00e3o em 2022"}]},{"@type":"WebSite","@id":"https:\/\/www.suno.com.br\/noticias\/#website","url":"https:\/\/www.suno.com.br\/noticias\/","name":"Suno Not\u00edcias","description":"Seu portal de informa\u00e7\u00e3o sobre o mundo dos investimentos","publisher":{"@id":"https:\/\/www.suno.com.br\/noticias\/#organization"},"potentialAction":[{"@type":"SearchAction","target":{"@type":"EntryPoint","urlTemplate":"https:\/\/www.suno.com.br\/noticias\/?s={search_term_string}"},"query-input":{"@type":"PropertyValueSpecification","valueRequired":true,"valueName":"search_term_string"}}],"inLanguage":"pt-BR"},{"@type":"Organization","@id":"https:\/\/www.suno.com.br\/noticias\/#organization","name":"Suno Not\u00edcias","url":"https:\/\/www.suno.com.br\/noticias\/","logo":{"@type":"ImageObject","inLanguage":"pt-BR","@id":"https:\/\/www.suno.com.br\/noticias\/#\/schema\/logo\/image\/","url":"https:\/\/files.sunoresearch.com.br\/n\/uploads\/2021\/09\/suno-logo.png","contentUrl":"https:\/\/files.sunoresearch.com.br\/n\/uploads\/2021\/09\/suno-logo.png","width":180,"height":180,"caption":"Suno Not\u00edcias"},"image":{"@id":"https:\/\/www.suno.com.br\/noticias\/#\/schema\/logo\/image\/"},"sameAs":["https:\/\/facebook.com\/sunoresearch","https:\/\/x.com\/sunoresearch","https:\/\/www.instagram.com\/suno","https:\/\/www.linkedin.com\/company\/suno-research\/","https:\/\/www.youtube.com\/c\/sunoresearch"]},{"@type":"Person","@id":"https:\/\/www.suno.com.br\/noticias\/#\/schema\/person\/7f4d362bf3518e76090143ae77bb49a5","name":"Eduardo Vargas","image":{"@type":"ImageObject","inLanguage":"pt-BR","@id":"https:\/\/www.suno.com.br\/noticias\/#\/schema\/person\/image\/","url":"https:\/\/secure.gravatar.com\/avatar\/dac340933427a22924c9f99d1eb2e3f2?s=96&r=g","contentUrl":"https:\/\/secure.gravatar.com\/avatar\/dac340933427a22924c9f99d1eb2e3f2?s=96&r=g","caption":"Eduardo Vargas"},"description":"Jornalista formado pela UFSC, cobre macroeconomia, neg\u00f3cios e startups para o Suno Not\u00edcias, escrevendo principalmente not\u00edcias sobre o mercado financeiro e a bolsa de valores. No YouTube e no Instagram, \u00e9 respons\u00e1vel pela produ\u00e7\u00e3o de Reels e Shorts do Suno Not\u00edcias. Anteriormente, trabalhou cobrindo economia e cotidiano no ND+ e para o ND, maior jornal impresso de Santa Catarina. Cursou um semestre letivo de Estudos de M\u00eddia na Universidad de Buenos Aires.","url":"https:\/\/www.suno.com.br\/noticias\/author\/eduardo-vargas\/"}]}},"default_loop_html":"<div class=\"cardsPage__listCard__boxs\"><div class=\"cardsPage__listCard__boxs__img\"><a href=\"https:\/\/www.suno.com.br\/noticias\/waiver-day-governo-vendeu-a-alma-para-o-centrao-diz-analista\/\"><img class=\"mask\" src=\"https:\/\/www.suno.com.br\/noticias\/wp-content\/themes\/suno\/resources\/images\/spotlight\/spotlight1img\/bg-mask.png\" alt=\"Image Mask\"\/><img src=\"https:\/\/files.sunoresearch.com.br\/n\/uploads\/2021\/10\/waiver-day-400x200.jpg\" alt=\"Waiver Day: &#8220;Governo vendeu a alma para o centr\u00e3o&#8221;, diz especialista\"\/><\/a><span class=\"spotlightCategory\"><a href=\"https:\/\/www.suno.com.br\/noticias\/mercado\/\">Mercado<\/a><\/span><\/div><div class=\"cardsPage__listCard__boxs__content\"><a href=\"https:\/\/www.suno.com.br\/noticias\/waiver-day-governo-vendeu-a-alma-para-o-centrao-diz-analista\/\"><h2 class=\"content__title\">Waiver Day: &#8220;Governo vendeu a alma para o centr\u00e3o&#8221;, diz especialista<\/h2><\/a><div class=\"newsContent__article__meta\"><div class=\"newsContent__article__meta__authorBox\"><a href=\"https:\/\/www.suno.com.br\/noticias\/author\/natalia-gomez\/\" class=\"authorBox__avatar noMobi\"><img src=\"https:\/\/secure.gravatar.com\/avatar\/9e957e0b2b485c2d42c3f4145c16d940?s=96&#038;r=g\" alt=\"Natalia G\u00f3mez\"><\/a><div class=\"authorBox__name\"><span>por\n\t\t\t<a href=\"https:\/\/www.suno.com.br\/noticias\/author\/natalia-gomez\/\"><span itemprop=\"author\">Natalia G\u00f3mez<\/span><\/a><\/span><time datetime=\"2021-10-21T16:26:00-03:00\" itemprop=\"datePublished\">21\/10\/2021 16:26<\/time><\/div><\/div><\/div><\/div><\/div>","single_layout":"posts","amp_enabled":true,"_links":{"self":[{"href":"https:\/\/www.suno.com.br\/noticias\/wp-json\/wp\/v2\/posts\/197002"}],"collection":[{"href":"https:\/\/www.suno.com.br\/noticias\/wp-json\/wp\/v2\/posts"}],"about":[{"href":"https:\/\/www.suno.com.br\/noticias\/wp-json\/wp\/v2\/types\/post"}],"author":[{"embeddable":true,"href":"https:\/\/www.suno.com.br\/noticias\/wp-json\/wp\/v2\/users\/73"}],"replies":[{"embeddable":true,"href":"https:\/\/www.suno.com.br\/noticias\/wp-json\/wp\/v2\/comments?post=197002"}],"version-history":[{"count":3,"href":"https:\/\/www.suno.com.br\/noticias\/wp-json\/wp\/v2\/posts\/197002\/revisions"}],"predecessor-version":[{"id":197101,"href":"https:\/\/www.suno.com.br\/noticias\/wp-json\/wp\/v2\/posts\/197002\/revisions\/197101"}],"wp:featuredmedia":[{"embeddable":true,"href":"https:\/\/www.suno.com.br\/noticias\/wp-json\/wp\/v2\/media\/197036"}],"wp:attachment":[{"href":"https:\/\/www.suno.com.br\/noticias\/wp-json\/wp\/v2\/media?parent=197002"}],"wp:term":[{"taxonomy":"category","embeddable":true,"href":"https:\/\/www.suno.com.br\/noticias\/wp-json\/wp\/v2\/categories?post=197002"},{"taxonomy":"post_tag","embeddable":true,"href":"https:\/\/www.suno.com.br\/noticias\/wp-json\/wp\/v2\/tags?post=197002"},{"taxonomy":"suno_strategy","embeddable":true,"href":"https:\/\/www.suno.com.br\/noticias\/wp-json\/wp\/v2\/suno_strategy?post=197002"}],"curies":[{"name":"wp","href":"https:\/\/api.w.org\/{rel}","templated":true}]}}