{"id":19697,"date":"2019-04-01T21:52:29","date_gmt":"2019-04-02T00:52:29","guid":{"rendered":"https:\/\/www.suno.com.br\/noticias\/?p=19697"},"modified":"2019-04-02T17:13:00","modified_gmt":"2019-04-02T20:13:00","slug":"caoa-comprar-fabrica-ford-sao-bernardo","status":"publish","type":"post","link":"https:\/\/www.suno.com.br\/noticias\/caoa-comprar-fabrica-ford-sao-bernardo\/","title":{"rendered":"Caoa vai comprar f\u00e1brica da Ford em S\u00e3o Bernardo"},"content":{"rendered":"<p>A <strong>Caoa<\/strong> assinou o acordo de compra da f\u00e1brica da Ford de <strong>S\u00e3o Bernardo do Campo<\/strong>. A montadora e revendedora brasileira assumir\u00e1 as opera\u00e7\u00f5es da fabricante norte-americana que est\u00e1 deixando a planta na grande <strong>S\u00e3o Paulo.<\/strong><\/p>\t<div class=\"wrapper-featured-image\">\n\t\t<figure class=\"spotlightImg\">\n\n\t\t\t<picture>\n\t\t\t\t<source media=\"(max-width: 768px)\" srcset=\"https:\/\/files.sunoresearch.com.br\/n\/uploads\/2019\/04\/6952d4cc-ford-400x200.webp\">\n\t\t\t\t<img loading=\"lazy\" decoding=\"async\" class=\"newsContent__article__imgCapa lazyloadDisabled newsContent__article__imgCapa--noCaption\" src=\"https:\/\/files.sunoresearch.com.br\/n\/uploads\/2019\/04\/6952d4cc-ford-jpg.webp\" width=\"800\" height=\"450\" alt=\"Caoa vai comprar f\u00e1brica da Ford em S\u00e3o Bernardo\" fetchpriority=high \/>\n\t\t\t<\/picture>\n\n\t\t\t<figcaption class=\"wp-caption-text wp-caption-text--hide\">Ford (NYSE: F)<\/figcaption>\n\t\t<\/figure>\n\t<\/div>\n\n\n<p>Na f\u00e1brica de <strong>S\u00e3o Bernardo<\/strong> a <strong>Caoa<\/strong> manter\u00e1 apenas a produ\u00e7\u00e3o de <strong>caminh\u00f5es,<\/strong> descontinuando a linha de hatch <strong>Fiesta.<\/strong> A inten\u00e7\u00e3o do grupo do empres\u00e1rio Carlos Alberto de Oliveira Andrade \u00e9 produzir ve\u00edculos pesados sob licen\u00e7a da <strong>Ford.<\/strong><\/p>\n<p><a href=\"https:\/\/www.suno.com.br\/noticias\/caoa-confidencialidade-ford-bernado\/\">Saiba mais: Caoa e Ford assinam confidencialidade para negociar f\u00e1brica de S\u00e3o Bernardo\u00a0<\/a><\/p>\n<p>Esse tipo de opera\u00e7\u00e3o j\u00e1 \u00e9 levada adiante na planta do grupo <strong>Caoa<\/strong> em Goi\u00e1s, na cidade de <strong>An\u00e1polis.<\/strong> Naquela f\u00e1brica s\u00e3o produzidos <strong>Hyundai<\/strong> Tucson e ix35, al\u00e9m de Tiggo 5X e Tiggo 7.<\/p>\n<p style=\"text-align: center;\"><iframe loading=\"lazy\" src=\"https:\/\/www.youtube.com\/embed\/HsYq9tl-J34\" width=\"560\" height=\"315\" frameborder=\"0\" allowfullscreen=\"allowfullscreen\"><\/iframe><\/p>\n<p>No final de fevereiro a\u00a0<strong>Caoa <\/strong>tinha admitido estar\u00a0negociando para a compra da f\u00e1brica da Ford. Em nota divulgada na \u00e9poca, a empresa tinha salientado manter &#8220;uma forte parceria&#8221; com a Ford h\u00e1 quatro d\u00e9cadas. As negocia\u00e7\u00f5es teriam sido levadas adiante junto com a montadora norte-americana e o governo do estado de <strong>S\u00e3o Paulo.\u00a0<\/strong><\/p>\n<p>Para tentar salvar a f\u00e1brica de S\u00e3o Bernardo, o Executivo paulista criou <a href=\"https:\/\/www.suno.com.br\/noticias\/doria-anuncia-incentivos-fiscais-montadoras\/\">um pacote com medidas de <strong>incentivos fiscais<\/strong> para montadoras<\/a>. Entre os benesses, o governo ofereceu desconto de at\u00e9 25% no <strong>Imposto sobre Circula\u00e7\u00e3o de Mercadorias e Servi\u00e7os (ICMS)<\/strong>. No entanto, o incentivo ser\u00e1 disponibilizado para as <strong>montadoras<\/strong> que investirem mais de R$ 1 bilh\u00e3o e criarem pelo menos 400 oportunidades de empregos.<\/p>\n<p><a href=\"https:\/\/www.suno.com.br\/noticias\/ford-motivos-fechamento-unidade-sbc\/\">Saiba mais:\u00a0Ford: 3 motivos que levaram ao fechamento da unidade de S\u00e3o Bernardo<\/a><\/p>\n<p>A <strong>Caoa<\/strong>\u00a0produz\u00a0ve\u00edculos da marca sul-coreana <strong>Hyundai <\/strong>e da chinesa <strong>Chery,<\/strong> nas plantas de <strong>An\u00e1polis<\/strong> e de <strong>Jacare\u00ed,<\/strong> no interior de <strong>S\u00e3o Paulo.<\/strong><\/p>\n<p>Oficialmente, nenhuma das duas montadoras\u00a0confirmam a assinatura do acordo.<\/p>\n<h2>Caoa em expans\u00e3o<\/h2>\n<p>A <strong>Caoa<\/strong> \u00e9 a maior revendedora da <strong>Ford<\/strong> no <strong>Brasil.<\/strong> O grupo brasileiro come\u00e7ou a investir de forma intensa no Pa\u00eds h\u00e1 alguns anos. Em 2017 chegou a comprar parte das opera\u00e7\u00f5es brasileiras da <strong>Chery,<\/strong> transformando-a na marca que mais cresceu no Brasil em 2018.<\/p>\n<h2>Entenda o caso<\/h2>\n<p>No dia 19 de fevereiro a <strong>Ford<\/strong> anunciou o fechamento de sua f\u00e1brica em <strong>S\u00e3o Bernardo do Campo<\/strong>.<\/p>\n<p>A montadora norte-americana informou que vai sair do mercado de caminh\u00f5es. De acordo com a <strong>Ford,<\/strong> essa medida \u00e9 uma dos passos para &#8220;o retorno a lucratividade sustent\u00e1vel de suas opera\u00e7\u00f5es na <strong>Am\u00e9rica do Sul&#8221;.<\/strong><\/p>\n<p>O fechamento da planta na <strong>Grande S\u00e3o Paulo<\/strong> dever\u00e1 ocorrer ao longo de 2019. Hoje a f\u00e1brica de <strong>S\u00e3o Bernardo<\/strong> produz caminh\u00f5es e o modelo <strong>Fiesta.\u00a0<\/strong>Segundo a Ford, o custo dessa opera\u00e7\u00e3o ser\u00e1 de cerca US$ 460 milh\u00f5es, entre indeniza\u00e7\u00f5es trabalhistas, de concession\u00e1rias e de fornecedores, al\u00e9m da deprecia\u00e7\u00e3o de ativos.<\/p>\n<h3>Consequ\u00eancias do fechamento<\/h3>\n<p>O fechamento da f\u00e1brica da Ford em <strong>S\u00e3o Bernardo<\/strong>\u00a0pode afetar 24 mil trabalhadores. Um n\u00famero quase dez vezes maior do que as 2,8 mil demiss\u00f5es anunciadas pela montadora norte-americana.<\/p>\n<p>O c\u00e1lculo foi realizado pelo <strong>Departamento Intersindical de Estat\u00edstica e Estudos Socioecon\u00f4micos (Dieese)<\/strong> e pelo\u00a0<strong>Sindicato dos Metal\u00fargicos do ABC<\/strong>.<\/p>\n<p>De acordo com o <strong>Dieese<\/strong>, distribuidores e fornecedores da planta de <strong>S\u00e3o Bernardo<\/strong> acabar\u00e3o falindo nos pr\u00f3ximos meses. Isso por causa da impossibilidade de substituir a demanda de produtos e servi\u00e7os da <strong>Ford.<\/strong> Esse efeito cascata, segundo o Dieese, \u00e9 ainda dif\u00edcil de mesurar com precis\u00e3o.<\/p>\n<p><a href=\"https:\/\/www.suno.com.br\/noticias\/fechamento-fabrica-ford-trabalhadores\/\">Saiba mais:\u00a0Fechamento de f\u00e1brica da Ford afeta at\u00e9 24 mil trabalhadores<\/a><\/p>\n<p>Entretanto, a <strong>montadora<\/strong> norte-americana j\u00e1 deixou claro que n\u00e3o remanejar\u00e1\u00a0praticamente nenhum funcion\u00e1rio.<\/p>\n<p>Isso porque unidades da <strong>Ford<\/strong> em Taubat\u00e9 (SP) e Cama\u00e7ari (BA) j\u00e1 t\u00eam seu org\u00e2nico completo. Al\u00e9m disso, a <strong>nova f\u00e1brica<\/strong> na Bahia seria distante demais para realizar um reajuste de <strong>funcion\u00e1rios paulistas<\/strong>.<\/p>\n","protected":false},"excerpt":{"rendered":"<p>A Caoa assinou o acordo de compra da f\u00e1brica da Ford de S\u00e3o Bernardo do Campo. A montadora e revendedora brasileira assumir\u00e1 as opera\u00e7\u00f5es da fabricante norte-americana que est\u00e1 deixando a planta na grande S\u00e3o Paulo. Ford (NYSE: F) Na f\u00e1brica de S\u00e3o Bernardo a Caoa manter\u00e1 apenas a produ\u00e7\u00e3o de caminh\u00f5es, descontinuando a linha [&hellip;]<\/p>\n","protected":false},"author":9,"featured_media":19702,"comment_status":"closed","ping_status":"closed","sticky":false,"template":"","format":"standard","meta":[],"categories":[60],"tags":[935,870,941],"suno_strategy":[],"class_list":["post-19697","post","type-post","status-publish","format-standard","has-post-thumbnail","hentry","category-mercado","tag-caoa-chery","tag-ford-fdmo34","tag-setor-automotivo"],"yoast_head":"<!-- This site is optimized with the Yoast SEO plugin v24.4 - https:\/\/yoast.com\/wordpress\/plugins\/seo\/ -->\n<title>Caoa vai comprar f\u00e1brica da Ford em S\u00e3o Bernardo<\/title>\n<meta name=\"description\" content=\"A Caoa teria assinado o acordo de compra da f\u00e1brica da Ford de S\u00e3o Bernardo do Campo. Clique aqui para saber mais.\" \/>\n<meta name=\"robots\" content=\"index, follow, max-snippet:-1, max-image-preview:large, max-video-preview:-1\" \/>\n<link rel=\"canonical\" href=\"https:\/\/www.suno.com.br\/noticias\/caoa-comprar-fabrica-ford-sao-bernardo\/\" \/>\n<meta property=\"og:locale\" content=\"pt_BR\" \/>\n<meta property=\"og:type\" content=\"article\" \/>\n<meta property=\"og:title\" content=\"Caoa vai comprar f\u00e1brica da Ford em S\u00e3o Bernardo\" \/>\n<meta property=\"og:description\" content=\"A Caoa teria assinado o acordo de compra da f\u00e1brica da Ford de S\u00e3o Bernardo do Campo. Clique aqui para saber mais.\" \/>\n<meta property=\"og:url\" content=\"https:\/\/www.suno.com.br\/noticias\/caoa-comprar-fabrica-ford-sao-bernardo\/\" \/>\n<meta property=\"og:site_name\" content=\"Suno Not\u00edcias\" \/>\n<meta property=\"article:publisher\" content=\"https:\/\/facebook.com\/sunoresearch\" \/>\n<meta property=\"og:image\" content=\"https:\/\/files.sunoresearch.com.br\/n\/uploads\/2019\/04\/6952d4cc-ford.jpg\" \/>\n\t<meta property=\"og:image:width\" content=\"674\" \/>\n\t<meta property=\"og:image:height\" content=\"420\" \/>\n\t<meta property=\"og:image:type\" content=\"image\/jpeg\" \/>\n<meta name=\"author\" content=\"Carlo Cauti\" \/>\n<meta name=\"twitter:card\" content=\"summary_large_image\" \/>\n<meta name=\"twitter:creator\" content=\"@sunoresearch\" \/>\n<meta name=\"twitter:site\" content=\"@sunoresearch\" \/>\n<meta name=\"twitter:label1\" content=\"Escrito por\" \/>\n\t<meta name=\"twitter:data1\" content=\"Carlo Cauti\" \/>\n\t<meta name=\"twitter:label2\" content=\"Est. tempo de leitura\" \/>\n\t<meta name=\"twitter:data2\" content=\"3 minutos\" \/>\n<script type=\"application\/ld+json\" class=\"yoast-schema-graph\">{\"@context\":\"https:\/\/schema.org\",\"@graph\":[{\"@type\":\"NewsArticle\",\"@id\":\"https:\/\/www.suno.com.br\/noticias\/caoa-comprar-fabrica-ford-sao-bernardo\/#article\",\"isPartOf\":{\"@id\":\"https:\/\/www.suno.com.br\/noticias\/caoa-comprar-fabrica-ford-sao-bernardo\/\"},\"author\":{\"name\":\"Carlo Cauti\",\"@id\":\"https:\/\/www.suno.com.br\/noticias\/#\/schema\/person\/e6e0f723cc177805027f4566c1d5e0c8\"},\"headline\":\"Caoa vai comprar f\u00e1brica da Ford em S\u00e3o Bernardo\",\"datePublished\":\"2019-04-02T00:52:29+00:00\",\"dateModified\":\"2019-04-02T20:13:00+00:00\",\"mainEntityOfPage\":{\"@id\":\"https:\/\/www.suno.com.br\/noticias\/caoa-comprar-fabrica-ford-sao-bernardo\/\"},\"wordCount\":671,\"publisher\":{\"@id\":\"https:\/\/www.suno.com.br\/noticias\/#organization\"},\"image\":{\"@id\":\"https:\/\/www.suno.com.br\/noticias\/caoa-comprar-fabrica-ford-sao-bernardo\/#primaryimage\"},\"thumbnailUrl\":\"https:\/\/files.sunoresearch.com.br\/n\/uploads\/2019\/04\/6952d4cc-ford-jpg.webp\",\"keywords\":[\"Caoa Chery\",\"Ford (FDMO34)\",\"setor automotivo\"],\"articleSection\":[\"Mercado\"],\"inLanguage\":\"pt-BR\"},{\"@type\":\"WebPage\",\"@id\":\"https:\/\/www.suno.com.br\/noticias\/caoa-comprar-fabrica-ford-sao-bernardo\/\",\"url\":\"https:\/\/www.suno.com.br\/noticias\/caoa-comprar-fabrica-ford-sao-bernardo\/\",\"name\":\"Caoa vai comprar f\u00e1brica da Ford em S\u00e3o Bernardo\",\"isPartOf\":{\"@id\":\"https:\/\/www.suno.com.br\/noticias\/#website\"},\"primaryImageOfPage\":{\"@id\":\"https:\/\/www.suno.com.br\/noticias\/caoa-comprar-fabrica-ford-sao-bernardo\/#primaryimage\"},\"image\":{\"@id\":\"https:\/\/www.suno.com.br\/noticias\/caoa-comprar-fabrica-ford-sao-bernardo\/#primaryimage\"},\"thumbnailUrl\":\"https:\/\/files.sunoresearch.com.br\/n\/uploads\/2019\/04\/6952d4cc-ford-jpg.webp\",\"datePublished\":\"2019-04-02T00:52:29+00:00\",\"dateModified\":\"2019-04-02T20:13:00+00:00\",\"description\":\"A Caoa teria assinado o acordo de compra da f\u00e1brica da Ford de S\u00e3o Bernardo do Campo. Clique aqui para saber mais.\",\"breadcrumb\":{\"@id\":\"https:\/\/www.suno.com.br\/noticias\/caoa-comprar-fabrica-ford-sao-bernardo\/#breadcrumb\"},\"inLanguage\":\"pt-BR\",\"potentialAction\":[{\"@type\":\"ReadAction\",\"target\":[\"https:\/\/www.suno.com.br\/noticias\/caoa-comprar-fabrica-ford-sao-bernardo\/\"]}]},{\"@type\":\"ImageObject\",\"inLanguage\":\"pt-BR\",\"@id\":\"https:\/\/www.suno.com.br\/noticias\/caoa-comprar-fabrica-ford-sao-bernardo\/#primaryimage\",\"url\":\"https:\/\/files.sunoresearch.com.br\/n\/uploads\/2019\/04\/6952d4cc-ford-jpg.webp\",\"contentUrl\":\"https:\/\/files.sunoresearch.com.br\/n\/uploads\/2019\/04\/6952d4cc-ford-jpg.webp\",\"width\":674,\"height\":420,\"caption\":\"Ford (NYSE: F)\"},{\"@type\":\"BreadcrumbList\",\"@id\":\"https:\/\/www.suno.com.br\/noticias\/caoa-comprar-fabrica-ford-sao-bernardo\/#breadcrumb\",\"itemListElement\":[{\"@type\":\"ListItem\",\"position\":1,\"name\":\"Not\u00edcias\",\"item\":\"https:\/\/www.suno.com.br\/noticias\/\"},{\"@type\":\"ListItem\",\"position\":2,\"name\":\"Mercado\",\"item\":\"https:\/\/www.suno.com.br\/noticias\/mercado\/\"},{\"@type\":\"ListItem\",\"position\":3,\"name\":\"Caoa vai comprar f\u00e1brica da Ford em S\u00e3o Bernardo\"}]},{\"@type\":\"WebSite\",\"@id\":\"https:\/\/www.suno.com.br\/noticias\/#website\",\"url\":\"https:\/\/www.suno.com.br\/noticias\/\",\"name\":\"Suno Not\u00edcias\",\"description\":\"Seu portal de informa\u00e7\u00e3o sobre o mundo dos investimentos\",\"publisher\":{\"@id\":\"https:\/\/www.suno.com.br\/noticias\/#organization\"},\"potentialAction\":[{\"@type\":\"SearchAction\",\"target\":{\"@type\":\"EntryPoint\",\"urlTemplate\":\"https:\/\/www.suno.com.br\/noticias\/?s={search_term_string}\"},\"query-input\":{\"@type\":\"PropertyValueSpecification\",\"valueRequired\":true,\"valueName\":\"search_term_string\"}}],\"inLanguage\":\"pt-BR\"},{\"@type\":\"Organization\",\"@id\":\"https:\/\/www.suno.com.br\/noticias\/#organization\",\"name\":\"Suno Not\u00edcias\",\"url\":\"https:\/\/www.suno.com.br\/noticias\/\",\"logo\":{\"@type\":\"ImageObject\",\"inLanguage\":\"pt-BR\",\"@id\":\"https:\/\/www.suno.com.br\/noticias\/#\/schema\/logo\/image\/\",\"url\":\"https:\/\/files.sunoresearch.com.br\/n\/uploads\/2021\/09\/suno-logo.png\",\"contentUrl\":\"https:\/\/files.sunoresearch.com.br\/n\/uploads\/2021\/09\/suno-logo.png\",\"width\":180,\"height\":180,\"caption\":\"Suno Not\u00edcias\"},\"image\":{\"@id\":\"https:\/\/www.suno.com.br\/noticias\/#\/schema\/logo\/image\/\"},\"sameAs\":[\"https:\/\/facebook.com\/sunoresearch\",\"https:\/\/x.com\/sunoresearch\",\"https:\/\/www.instagram.com\/suno\",\"https:\/\/www.linkedin.com\/company\/suno-research\/\",\"https:\/\/www.youtube.com\/c\/sunoresearch\"]},{\"@type\":\"Person\",\"@id\":\"https:\/\/www.suno.com.br\/noticias\/#\/schema\/person\/e6e0f723cc177805027f4566c1d5e0c8\",\"name\":\"Carlo Cauti\",\"image\":{\"@type\":\"ImageObject\",\"inLanguage\":\"pt-BR\",\"@id\":\"https:\/\/www.suno.com.br\/noticias\/#\/schema\/person\/image\/\",\"url\":\"https:\/\/secure.gravatar.com\/avatar\/3ada9e0bd164c23abd4792a9606d583c?s=96&r=g\",\"contentUrl\":\"https:\/\/secure.gravatar.com\/avatar\/3ada9e0bd164c23abd4792a9606d583c?s=96&r=g\",\"caption\":\"Carlo Cauti\"},\"description\":\"Editor multim\u00eddia do SUNO Not\u00edcias. Italiano, formado em Ci\u00eancias Pol\u00edticas pela universidade LUISS G. Carli de Roma e mestre cum laude em Rela\u00e7\u00f5es Internacionais, Jornalismo Internacional e de Guerra e em Economia Internacional. Concluiu tamb\u00e9m um MBA em Finan\u00e7as na B3. No Brasil, teve passagem por ve\u00edculos como Estad\u00e3o, Globo, Veja e EXAME. e nas ag\u00eancias de not\u00edcias italianas ANSA e NOVA.\",\"url\":\"https:\/\/www.suno.com.br\/noticias\/author\/carlo-cauti\/\"}]}<\/script>\n<!-- \/ Yoast SEO plugin. -->","yoast_head_json":{"title":"Caoa vai comprar f\u00e1brica da Ford em S\u00e3o Bernardo","description":"A Caoa teria assinado o acordo de compra da f\u00e1brica da Ford de S\u00e3o Bernardo do Campo. Clique aqui para saber mais.","robots":{"index":"index","follow":"follow","max-snippet":"max-snippet:-1","max-image-preview":"max-image-preview:large","max-video-preview":"max-video-preview:-1"},"canonical":"https:\/\/www.suno.com.br\/noticias\/caoa-comprar-fabrica-ford-sao-bernardo\/","og_locale":"pt_BR","og_type":"article","og_title":"Caoa vai comprar f\u00e1brica da Ford em S\u00e3o Bernardo","og_description":"A Caoa teria assinado o acordo de compra da f\u00e1brica da Ford de S\u00e3o Bernardo do Campo. Clique aqui para saber mais.","og_url":"https:\/\/www.suno.com.br\/noticias\/caoa-comprar-fabrica-ford-sao-bernardo\/","og_site_name":"Suno Not\u00edcias","article_publisher":"https:\/\/facebook.com\/sunoresearch","og_image":[{"width":674,"height":420,"url":"https:\/\/files.sunoresearch.com.br\/n\/uploads\/2019\/04\/6952d4cc-ford.jpg","type":"image\/jpeg"}],"author":"Carlo Cauti","twitter_card":"summary_large_image","twitter_creator":"@sunoresearch","twitter_site":"@sunoresearch","twitter_misc":{"Escrito por":"Carlo Cauti","Est. tempo de leitura":"3 minutos"},"schema":{"@context":"https:\/\/schema.org","@graph":[{"@type":"NewsArticle","@id":"https:\/\/www.suno.com.br\/noticias\/caoa-comprar-fabrica-ford-sao-bernardo\/#article","isPartOf":{"@id":"https:\/\/www.suno.com.br\/noticias\/caoa-comprar-fabrica-ford-sao-bernardo\/"},"author":{"name":"Carlo Cauti","@id":"https:\/\/www.suno.com.br\/noticias\/#\/schema\/person\/e6e0f723cc177805027f4566c1d5e0c8"},"headline":"Caoa vai comprar f\u00e1brica da Ford em S\u00e3o Bernardo","datePublished":"2019-04-02T00:52:29+00:00","dateModified":"2019-04-02T20:13:00+00:00","mainEntityOfPage":{"@id":"https:\/\/www.suno.com.br\/noticias\/caoa-comprar-fabrica-ford-sao-bernardo\/"},"wordCount":671,"publisher":{"@id":"https:\/\/www.suno.com.br\/noticias\/#organization"},"image":{"@id":"https:\/\/www.suno.com.br\/noticias\/caoa-comprar-fabrica-ford-sao-bernardo\/#primaryimage"},"thumbnailUrl":"https:\/\/files.sunoresearch.com.br\/n\/uploads\/2019\/04\/6952d4cc-ford-jpg.webp","keywords":["Caoa Chery","Ford (FDMO34)","setor automotivo"],"articleSection":["Mercado"],"inLanguage":"pt-BR"},{"@type":"WebPage","@id":"https:\/\/www.suno.com.br\/noticias\/caoa-comprar-fabrica-ford-sao-bernardo\/","url":"https:\/\/www.suno.com.br\/noticias\/caoa-comprar-fabrica-ford-sao-bernardo\/","name":"Caoa vai comprar f\u00e1brica da Ford em S\u00e3o Bernardo","isPartOf":{"@id":"https:\/\/www.suno.com.br\/noticias\/#website"},"primaryImageOfPage":{"@id":"https:\/\/www.suno.com.br\/noticias\/caoa-comprar-fabrica-ford-sao-bernardo\/#primaryimage"},"image":{"@id":"https:\/\/www.suno.com.br\/noticias\/caoa-comprar-fabrica-ford-sao-bernardo\/#primaryimage"},"thumbnailUrl":"https:\/\/files.sunoresearch.com.br\/n\/uploads\/2019\/04\/6952d4cc-ford-jpg.webp","datePublished":"2019-04-02T00:52:29+00:00","dateModified":"2019-04-02T20:13:00+00:00","description":"A Caoa teria assinado o acordo de compra da f\u00e1brica da Ford de S\u00e3o Bernardo do Campo. Clique aqui para saber mais.","breadcrumb":{"@id":"https:\/\/www.suno.com.br\/noticias\/caoa-comprar-fabrica-ford-sao-bernardo\/#breadcrumb"},"inLanguage":"pt-BR","potentialAction":[{"@type":"ReadAction","target":["https:\/\/www.suno.com.br\/noticias\/caoa-comprar-fabrica-ford-sao-bernardo\/"]}]},{"@type":"ImageObject","inLanguage":"pt-BR","@id":"https:\/\/www.suno.com.br\/noticias\/caoa-comprar-fabrica-ford-sao-bernardo\/#primaryimage","url":"https:\/\/files.sunoresearch.com.br\/n\/uploads\/2019\/04\/6952d4cc-ford-jpg.webp","contentUrl":"https:\/\/files.sunoresearch.com.br\/n\/uploads\/2019\/04\/6952d4cc-ford-jpg.webp","width":674,"height":420,"caption":"Ford (NYSE: F)"},{"@type":"BreadcrumbList","@id":"https:\/\/www.suno.com.br\/noticias\/caoa-comprar-fabrica-ford-sao-bernardo\/#breadcrumb","itemListElement":[{"@type":"ListItem","position":1,"name":"Not\u00edcias","item":"https:\/\/www.suno.com.br\/noticias\/"},{"@type":"ListItem","position":2,"name":"Mercado","item":"https:\/\/www.suno.com.br\/noticias\/mercado\/"},{"@type":"ListItem","position":3,"name":"Caoa vai comprar f\u00e1brica da Ford em S\u00e3o Bernardo"}]},{"@type":"WebSite","@id":"https:\/\/www.suno.com.br\/noticias\/#website","url":"https:\/\/www.suno.com.br\/noticias\/","name":"Suno Not\u00edcias","description":"Seu portal de informa\u00e7\u00e3o sobre o mundo dos investimentos","publisher":{"@id":"https:\/\/www.suno.com.br\/noticias\/#organization"},"potentialAction":[{"@type":"SearchAction","target":{"@type":"EntryPoint","urlTemplate":"https:\/\/www.suno.com.br\/noticias\/?s={search_term_string}"},"query-input":{"@type":"PropertyValueSpecification","valueRequired":true,"valueName":"search_term_string"}}],"inLanguage":"pt-BR"},{"@type":"Organization","@id":"https:\/\/www.suno.com.br\/noticias\/#organization","name":"Suno Not\u00edcias","url":"https:\/\/www.suno.com.br\/noticias\/","logo":{"@type":"ImageObject","inLanguage":"pt-BR","@id":"https:\/\/www.suno.com.br\/noticias\/#\/schema\/logo\/image\/","url":"https:\/\/files.sunoresearch.com.br\/n\/uploads\/2021\/09\/suno-logo.png","contentUrl":"https:\/\/files.sunoresearch.com.br\/n\/uploads\/2021\/09\/suno-logo.png","width":180,"height":180,"caption":"Suno Not\u00edcias"},"image":{"@id":"https:\/\/www.suno.com.br\/noticias\/#\/schema\/logo\/image\/"},"sameAs":["https:\/\/facebook.com\/sunoresearch","https:\/\/x.com\/sunoresearch","https:\/\/www.instagram.com\/suno","https:\/\/www.linkedin.com\/company\/suno-research\/","https:\/\/www.youtube.com\/c\/sunoresearch"]},{"@type":"Person","@id":"https:\/\/www.suno.com.br\/noticias\/#\/schema\/person\/e6e0f723cc177805027f4566c1d5e0c8","name":"Carlo Cauti","image":{"@type":"ImageObject","inLanguage":"pt-BR","@id":"https:\/\/www.suno.com.br\/noticias\/#\/schema\/person\/image\/","url":"https:\/\/secure.gravatar.com\/avatar\/3ada9e0bd164c23abd4792a9606d583c?s=96&r=g","contentUrl":"https:\/\/secure.gravatar.com\/avatar\/3ada9e0bd164c23abd4792a9606d583c?s=96&r=g","caption":"Carlo Cauti"},"description":"Editor multim\u00eddia do SUNO Not\u00edcias. Italiano, formado em Ci\u00eancias Pol\u00edticas pela universidade LUISS G. Carli de Roma e mestre cum laude em Rela\u00e7\u00f5es Internacionais, Jornalismo Internacional e de Guerra e em Economia Internacional. Concluiu tamb\u00e9m um MBA em Finan\u00e7as na B3. No Brasil, teve passagem por ve\u00edculos como Estad\u00e3o, Globo, Veja e EXAME. e nas ag\u00eancias de not\u00edcias italianas ANSA e NOVA.","url":"https:\/\/www.suno.com.br\/noticias\/author\/carlo-cauti\/"}]}},"default_loop_html":"<div class=\"cardsPage__listCard__boxs\"><div class=\"cardsPage__listCard__boxs__img\"><a href=\"https:\/\/www.suno.com.br\/noticias\/caoa-comprar-fabrica-ford-sao-bernardo\/\"><img class=\"mask\" src=\"https:\/\/www.suno.com.br\/noticias\/wp-content\/themes\/suno\/resources\/images\/spotlight\/spotlight1img\/bg-mask.png\" alt=\"Image Mask\"\/><img src=\"https:\/\/files.sunoresearch.com.br\/n\/uploads\/2019\/04\/6952d4cc-ford-400x200.webp\" alt=\"Caoa vai comprar f\u00e1brica da Ford em S\u00e3o Bernardo\"\/><\/a><span class=\"spotlightCategory\"><a href=\"https:\/\/www.suno.com.br\/noticias\/mercado\/\">Mercado<\/a><\/span><\/div><div class=\"cardsPage__listCard__boxs__content\"><a href=\"https:\/\/www.suno.com.br\/noticias\/caoa-comprar-fabrica-ford-sao-bernardo\/\"><h2 class=\"content__title\">Caoa vai comprar f\u00e1brica da Ford em S\u00e3o Bernardo<\/h2><\/a><div class=\"newsContent__article__meta\"><div class=\"newsContent__article__meta__authorBox\"><a href=\"https:\/\/www.suno.com.br\/noticias\/author\/carlo-cauti\/\" class=\"authorBox__avatar noMobi\"><img src=\"https:\/\/files.sunoresearch.com.br\/n\/uploads\/2020\/08\/e3745f9a-perfil-carlo-cauti-150x150.webp\" alt=\"Carlo Cauti\"><\/a><div class=\"authorBox__name\"><span>por\n\t\t\t<a href=\"https:\/\/www.suno.com.br\/noticias\/author\/carlo-cauti\/\"><span itemprop=\"author\">Carlo Cauti<\/span><\/a><\/span><time datetime=\"2019-04-01T21:52:29-03:00\" itemprop=\"datePublished\">01\/04\/2019 21:52<\/time><\/div><\/div><\/div><\/div><\/div>","single_layout":"posts","amp_enabled":true,"_links":{"self":[{"href":"https:\/\/www.suno.com.br\/noticias\/wp-json\/wp\/v2\/posts\/19697"}],"collection":[{"href":"https:\/\/www.suno.com.br\/noticias\/wp-json\/wp\/v2\/posts"}],"about":[{"href":"https:\/\/www.suno.com.br\/noticias\/wp-json\/wp\/v2\/types\/post"}],"author":[{"embeddable":true,"href":"https:\/\/www.suno.com.br\/noticias\/wp-json\/wp\/v2\/users\/9"}],"replies":[{"embeddable":true,"href":"https:\/\/www.suno.com.br\/noticias\/wp-json\/wp\/v2\/comments?post=19697"}],"version-history":[{"count":0,"href":"https:\/\/www.suno.com.br\/noticias\/wp-json\/wp\/v2\/posts\/19697\/revisions"}],"wp:featuredmedia":[{"embeddable":true,"href":"https:\/\/www.suno.com.br\/noticias\/wp-json\/wp\/v2\/media\/19702"}],"wp:attachment":[{"href":"https:\/\/www.suno.com.br\/noticias\/wp-json\/wp\/v2\/media?parent=19697"}],"wp:term":[{"taxonomy":"category","embeddable":true,"href":"https:\/\/www.suno.com.br\/noticias\/wp-json\/wp\/v2\/categories?post=19697"},{"taxonomy":"post_tag","embeddable":true,"href":"https:\/\/www.suno.com.br\/noticias\/wp-json\/wp\/v2\/tags?post=19697"},{"taxonomy":"suno_strategy","embeddable":true,"href":"https:\/\/www.suno.com.br\/noticias\/wp-json\/wp\/v2\/suno_strategy?post=19697"}],"curies":[{"name":"wp","href":"https:\/\/api.w.org\/{rel}","templated":true}]}}