{"id":196917,"date":"2021-10-25T11:59:26","date_gmt":"2021-10-25T14:59:26","guid":{"rendered":"https:\/\/www.suno.com.br\/noticias\/?p=196917"},"modified":"2021-10-25T11:59:26","modified_gmt":"2021-10-25T14:59:26","slug":"governo-pede-abertura-de-credito-de-r-94-bilhoes-para-auxilio-brasil","status":"publish","type":"post","link":"https:\/\/www.suno.com.br\/noticias\/governo-pede-abertura-de-credito-de-r-94-bilhoes-para-auxilio-brasil\/","title":{"rendered":"Governo pede abertura de cr\u00e9dito de R$ 9,4 bilh\u00f5es para Aux\u00edlio Brasil"},"content":{"rendered":"<p>O governo federal encaminhou ao Congresso Nacional um projeto de lei (PL) que pede a abertura de cr\u00e9dito especial de R$ 9,4 bilh\u00f5es para o <strong>Aux\u00edlio Brasil<\/strong>. O despacho do presidente Jair Bolsonaro foi publicado nesta segunda-feira (25) no <em>Di\u00e1rio Oficial da Uni\u00e3o<\/em>.<img decoding=\"async\" style=\"width: 1px; height: 1px;\" src=\"https:\/\/agenciabrasil.ebc.com.br\/ebc.png?id=1425446&amp;o=rss\" \/><img decoding=\"async\" style=\"width: 1px; height: 1px;\" src=\"https:\/\/agenciabrasil.ebc.com.br\/ebc.gif?id=1425446&amp;o=rss\" \/><\/p>\t<div class=\"wrapper-featured-image\">\n\t\t<figure class=\"spotlightImg\">\n\n\t\t\t<picture>\n\t\t\t\t<source media=\"(max-width: 768px)\" srcset=\"https:\/\/files.sunoresearch.com.br\/n\/uploads\/2021\/04\/6109c867-money-1632055_640-400x200.webp\">\n\t\t\t\t<img loading=\"lazy\" decoding=\"async\" class=\"newsContent__article__imgCapa lazyloadDisabled \" src=\"https:\/\/files.sunoresearch.com.br\/n\/uploads\/2021\/04\/6109c867-money-1632055_640-jpg.webp\" width=\"800\" height=\"450\" alt=\"Governo pede abertura de cr\u00e9dito de R$ 9,4 bilh\u00f5es para Aux\u00edlio Brasil\" fetchpriority=high \/>\n\t\t\t<\/picture>\n\n\t\t\t<figcaption class=\"wp-caption-text wp-caption-text--show\">Dividendos. Foto: Pixabay<\/figcaption>\n\t\t<\/figure>\n\t<\/div>\n\n\n\t<p>\n\t\t<a href=\"https:\/\/lp.suno.com.br\/planilha-controle-gastos\/\" target=\"_blank\" data-element=\"shortcode-suno-banner\" title=\"Banner SUNO, clique e saiba mais\">\n\t\t\t<picture>\n\t\t\t\t<source media=\"(max-width: 500px)\" srcset=\"https:\/\/files.sunoresearch.com.br\/n\/uploads\/2023\/03\/400x300-Planilha-controle-de-gastos.png\">\n\t\t\t\t<img class=\"newsContent__article__imgCapa newsContent__article__imgCapa--banner\"\n\t\t\t\t\tsrc=\"https:\/\/files.sunoresearch.com.br\/n\/uploads\/2023\/03\/1420x240-Planilha-controle-de-gastos.png\"\n\t\t\t\t\tdata-promo-id=\"101751\"\t\t\t\t\t\t\t\t\t\twidth='1420' height='240'\t\t\t\t\talt=\"https:\/\/files.sunoresearch.com.br\/n\/uploads\/2023\/03\/1420x240-Planilha-controle-de-gastos.png\"\n\t\t\t\t>\n\t\t\t<\/picture>\n\t\t<\/a>\n\t<\/p>\n\n\n<p>Em nota, a Secretaria-Geral da Presid\u00eancia explicou que a proposta remaneja o saldo do <strong>Bolsa Fam\u00edlia<\/strong> para o novo programa Aux\u00edlio Brasil. Os recursos s\u00e3o em favor do Minist\u00e9rio da Cidadania.<\/p>\n<p>Institu\u00eddo pelo governo em agosto, por meio da Medida Provis\u00f3ria n\u00ba 1.061\/2021, o Aux\u00edlio Brasil substitui o <strong>Bolsa Fam\u00edlia<\/strong>, que ser\u00e1 extinto em novembro. O in\u00edcio dos pagamentos do novo programa coincide com o fim do <strong>aux\u00edlio emergencial,<\/strong> lan\u00e7ado no ano passado para apoiar fam\u00edlias vulner\u00e1veis durante a pandemia e que ter\u00e1 a \u00faltima parcela creditada este m\u00eas de outubro.<\/p>\n<p>&#8220;O remanejamento evitar\u00e1 a esteriliza\u00e7\u00e3o de recursos or\u00e7ament\u00e1rios destinados \u00e0 transfer\u00eancia de renda, que representa um dos instrumentos mais importantes de prote\u00e7\u00e3o social no pa\u00eds&#8221;, diz a nota.<\/p>\n\t<p>\n\t\t<a href=\"https:\/\/lp.suno.com.br\/planilha-da-vida-financeira\/\" target=\"_blank\" data-element=\"shortcode-suno-banner\" title=\"Banner SUNO, clique e saiba mais\">\n\t\t\t<picture>\n\t\t\t\t<source media=\"(max-width: 500px)\" srcset=\"https:\/\/files.sunoresearch.com.br\/n\/uploads\/2023\/04\/400x300-Planilha-vida-financeira-true.png\">\n\t\t\t\t<img class=\"newsContent__article__imgCapa newsContent__article__imgCapa--banner\"\n\t\t\t\t\tsrc=\"https:\/\/files.sunoresearch.com.br\/n\/uploads\/2023\/04\/1420x240-Planilha-vida-financeira-true.png\"\n\t\t\t\t\tdata-promo-id=\"106682\"\t\t\t\t\t\t\t\t\t\twidth='1420' height='240'\t\t\t\t\talt=\"https:\/\/files.sunoresearch.com.br\/n\/uploads\/2023\/04\/1420x240-Planilha-vida-financeira-true.png\"\n\t\t\t\t>\n\t\t\t<\/picture>\n\t\t<\/a>\n\t<\/p>\n\n\n<h2>Aux\u00edlio Brasil n\u00e3o afeta regra de ouro, diz governo<\/h2>\n<p>Ainda de acordo com a Presid\u00eancia, o projeto de lei &#8220;est\u00e1 de acordo com a normas constitucionais e infraconstitucionais que regem a mat\u00e9ria, de modo que n\u00e3o afeta a <a href=\"https:\/\/www.suno.com.br\/artigos\/regra-de-ouro\/\">regra de ouro<\/a>, tampouco o Novo Regime Fiscal (EC 95\/2016) [<a class=\"suno-keyword\" href=\"https:\/\/www.suno.com.br\/artigos\/teto-de-gastos\/\" target=\"_blank\" rel=\"noopener\" data-force=\"no\" data-priority=\"1\">teto de gastos<\/a>], e \u00e9 compat\u00edvel com a obten\u00e7\u00e3o da meta de resultado prim\u00e1rio, prevista na Lei de Diretrizes Or\u00e7ament\u00e1rias (LDO) para o exerc\u00edcio de 2021&#8243;.<\/p>\n<p>A regra de ouro estabelece que o governo s\u00f3 pode emitir <a class=\"suno-keyword\" href=\"https:\/\/www.suno.com.br\/artigos\/divida-publica\/\" target=\"_blank\" rel=\"noopener\" data-force=\"no\" data-priority=\"1\">d\u00edvida p\u00fablica<\/a> para rolar (renovar) a pr\u00f3pria d\u00edvida ou para cobrir <a class=\"suno-keyword\" href=\"https:\/\/www.suno.com.br\/artigos\/despesas-capital\/\" target=\"_blank\" rel=\"noopener\" data-force=\"no\" data-priority=\"1\">despesas de capital<\/a>, como investimentos em obras p\u00fablicas e amortiza\u00e7\u00f5es.<\/p>\n\t<p>\n\t\t<a href=\"https:\/\/lp.suno.com.br\/ebook-como-analisar-uma-acao\/\" target=\"_blank\" data-element=\"shortcode-suno-banner\" title=\"Banner SUNO, clique e saiba mais\">\n\t\t\t<picture>\n\t\t\t\t<source media=\"(max-width: 500px)\" srcset=\"https:\/\/files.sunoresearch.com.br\/n\/uploads\/2023\/03\/Ebook-Acoes-Mobile-1.jpg\">\n\t\t\t\t<img class=\"newsContent__article__imgCapa newsContent__article__imgCapa--banner\"\n\t\t\t\t\tsrc=\"https:\/\/files.sunoresearch.com.br\/n\/uploads\/2023\/03\/Ebook-Acoes-Desktop-1.jpg\"\n\t\t\t\t\tdata-promo-id=\"171998\"\t\t\t\t\t\t\t\t\t\twidth='1420' height='286'\t\t\t\t\talt=\"https:\/\/files.sunoresearch.com.br\/n\/uploads\/2023\/03\/Ebook-Acoes-Desktop-1.jpg\"\n\t\t\t\t>\n\t\t\t<\/picture>\n\t\t<\/a>\n\t<\/p>\n\n\n<p>Para cobrir gastos correntes, o governo precisa pedir autoriza\u00e7\u00e3o ao <strong>Congresso<\/strong>. J\u00e1 o teto de gastos limita o aumento das despesas federais ao aumento da infla\u00e7\u00e3o do ano anterior, calculado de julho do ano anterior a junho do ano atual.<\/p>\n<p>O <a class=\"suno-keyword\" href=\"https:\/\/www.suno.com.br\/artigos\/deficit-primario\/\" target=\"_blank\" rel=\"noopener\" data-force=\"no\" data-priority=\"1\">d\u00e9ficit prim\u00e1rio<\/a> representa o resultado negativo nas contas do governo desconsiderando os juros da d\u00edvida p\u00fablica. A estimativa de resultado negativo em 2021 \u00e9 de R$ 139,4 bilh\u00f5es (1,6% do PIB). A meta determinada pela LDO \u00e9 de R$ 247,1 bilh\u00f5es para o Governo Central, com a possibilidade de abatimento at\u00e9 R$ 40 bilh\u00f5es de gastos relacionados ao enfrentamento da pandemia de covid-19.<\/p>\n<h2>Valor m\u00e9dio de R$ 400<\/h2>\n<p>O Aux\u00edlio Brasil dever\u00e1 ser ampliado para 17 milh\u00f5es de benefici\u00e1rios, com um <strong>valor m\u00ednimo m\u00e9dio de R$ 400 por fam\u00edlia<\/strong>, at\u00e9 o final do ano que vem. Desse valor, R$ 100 correspondem a aporte extra, fora do teto de gastos, em um total de R$ 30 bilh\u00f5es. O valor m\u00e9dio do Bolsa Fam\u00edlia, hoje, \u00e9 de R$ 189.<\/p>\n<p>Para isso, o governo encaminhou ao Congresso, na semana passada, uma proposta que muda o per\u00edodo de c\u00e1lculo do teto de gastos, de janeiro a dezembro do ano atual, para acomodar o benef\u00edcio de R$ 400 do Aux\u00edlio Brasil que vigorar\u00e1 at\u00e9 o fim de 2022. Com a subida da infla\u00e7\u00e3o nos \u00faltimos meses, a medida dar\u00e1 trar\u00e1 uma folga no teto de gastos. O <a class=\"suno-keyword\" href=\"https:\/\/www.suno.com.br\/guias\/ipca\/\" target=\"_blank\" rel=\"noopener\" data-force=\"no\" data-priority=\"2\">\u00cdndice Nacional de Pre\u00e7os ao Consumidor Amplo (IPCA)<\/a>, que \u00e9 a infla\u00e7\u00e3o oficial, acumula alta de 6,90% at\u00e9 setembro.<\/p>\n<p>A proposta original do Projeto da Lei Or\u00e7ament\u00e1ria de 2022 (PLOA), enviada no fim de agosto, previa d\u00e9ficit prim\u00e1rio de 0,6% do Produto Interno Bruto (PIB) para o pr\u00f3ximo ano. Com o impacto do<strong> Aux\u00edlio Brasil<\/strong>, o texto ter\u00e1 de ser alterado na Comiss\u00e3o Mista de Or\u00e7amento do Congresso (CMO).<\/p>\n<p><em>(Com informa\u00e7\u00f5es da Ag\u00eancia Brasil)<\/em><\/p>\n\t<p>\n\t\t<a href=\"https:\/\/lp.suno.com.br\/planilha-de-controle-de-investimentos\/\" target=\"_blank\" data-element=\"shortcode-suno-banner\" title=\"Banner SUNO, clique e saiba mais\">\n\t\t\t<picture>\n\t\t\t\t<source media=\"(max-width: 500px)\" srcset=\"https:\/\/files.sunoresearch.com.br\/n\/uploads\/2023\/03\/400x300-Controle-de-Investimentos.png\">\n\t\t\t\t<img class=\"newsContent__article__imgCapa newsContent__article__imgCapa--banner\"\n\t\t\t\t\tsrc=\"https:\/\/files.sunoresearch.com.br\/n\/uploads\/2023\/03\/1420x240-Controle-de-Investimentos.png\"\n\t\t\t\t\tdata-promo-id=\"75934\"\t\t\t\t\t\t\t\t\t\twidth='1420' height='240'\t\t\t\t\talt=\"https:\/\/files.sunoresearch.com.br\/n\/uploads\/2023\/03\/1420x240-Controle-de-Investimentos.png\"\n\t\t\t\t>\n\t\t\t<\/picture>\n\t\t<\/a>\n\t<\/p>\n\n\n","protected":false},"excerpt":{"rendered":"<p>O governo federal encaminhou ao Congresso Nacional um projeto de lei (PL) que pede a abertura de cr\u00e9dito especial de R$ 9,4 bilh\u00f5es para o Aux\u00edlio Brasil. O despacho do presidente Jair Bolsonaro foi publicado nesta segunda-feira (25) no Di\u00e1rio Oficial da Uni\u00e3o. Dividendos. Foto: Pixabay Em nota, a Secretaria-Geral da Presid\u00eancia explicou que a [&hellip;]<\/p>\n","protected":false},"author":15,"featured_media":137935,"comment_status":"closed","ping_status":"closed","sticky":false,"template":"","format":"standard","meta":[],"categories":[62],"tags":[17139,774],"suno_strategy":[],"class_list":["post-196917","post","type-post","status-publish","format-standard","has-post-thumbnail","hentry","category-economia","tag-auxilio-emergencial","tag-bolsa-familia"],"yoast_head":"<!-- This site is optimized with the Yoast SEO plugin v24.4 - https:\/\/yoast.com\/wordpress\/plugins\/seo\/ -->\n<title>Governo pede abertura de cr\u00e9dito de R$ 9,4 bilh\u00f5es para Aux\u00edlio Brasil<\/title>\n<meta name=\"description\" content=\"De acordo com a Presid\u00eancia, o projeto de lei do Aux\u00edlio Brasil n\u00e3o infringe a regra de ouro tampouco teto de gastos. Clique aqui e veja\" \/>\n<meta name=\"robots\" content=\"index, follow, max-snippet:-1, max-image-preview:large, max-video-preview:-1\" \/>\n<link rel=\"canonical\" href=\"https:\/\/www.suno.com.br\/noticias\/governo-pede-abertura-de-credito-de-r-94-bilhoes-para-auxilio-brasil\/\" \/>\n<meta property=\"og:locale\" content=\"pt_BR\" \/>\n<meta property=\"og:type\" content=\"article\" \/>\n<meta property=\"og:title\" content=\"Governo pede abertura de cr\u00e9dito de R$ 9,4 bilh\u00f5es para Aux\u00edlio Brasil\" \/>\n<meta property=\"og:description\" content=\"De acordo com a Presid\u00eancia, o projeto de lei do Aux\u00edlio Brasil n\u00e3o infringe a regra de ouro tampouco teto de gastos. Clique aqui e veja\" \/>\n<meta property=\"og:url\" content=\"https:\/\/www.suno.com.br\/noticias\/governo-pede-abertura-de-credito-de-r-94-bilhoes-para-auxilio-brasil\/\" \/>\n<meta property=\"og:site_name\" content=\"Suno Not\u00edcias\" \/>\n<meta property=\"article:publisher\" content=\"https:\/\/facebook.com\/sunoresearch\" \/>\n<meta property=\"og:image\" content=\"https:\/\/files.sunoresearch.com.br\/n\/uploads\/2021\/04\/6109c867-money-1632055_640.jpg\" \/>\n\t<meta property=\"og:image:width\" content=\"640\" \/>\n\t<meta property=\"og:image:height\" content=\"425\" \/>\n\t<meta property=\"og:image:type\" content=\"image\/jpeg\" \/>\n<meta name=\"author\" content=\"Poliana Santos\" \/>\n<meta name=\"twitter:card\" content=\"summary_large_image\" \/>\n<meta name=\"twitter:creator\" content=\"@sunoresearch\" \/>\n<meta name=\"twitter:site\" content=\"@sunoresearch\" \/>\n<meta name=\"twitter:label1\" content=\"Escrito por\" \/>\n\t<meta name=\"twitter:data1\" content=\"Poliana Santos\" \/>\n\t<meta name=\"twitter:label2\" content=\"Est. tempo de leitura\" \/>\n\t<meta name=\"twitter:data2\" content=\"3 minutos\" \/>\n<script type=\"application\/ld+json\" class=\"yoast-schema-graph\">{\"@context\":\"https:\/\/schema.org\",\"@graph\":[{\"@type\":\"NewsArticle\",\"@id\":\"https:\/\/www.suno.com.br\/noticias\/governo-pede-abertura-de-credito-de-r-94-bilhoes-para-auxilio-brasil\/#article\",\"isPartOf\":{\"@id\":\"https:\/\/www.suno.com.br\/noticias\/governo-pede-abertura-de-credito-de-r-94-bilhoes-para-auxilio-brasil\/\"},\"author\":{\"name\":\"Poliana Santos\",\"@id\":\"https:\/\/www.suno.com.br\/noticias\/#\/schema\/person\/02ec1f752758247878a2bf4abee1aeda\"},\"headline\":\"Governo pede abertura de cr\u00e9dito de R$ 9,4 bilh\u00f5es para Aux\u00edlio Brasil\",\"datePublished\":\"2021-10-25T14:59:26+00:00\",\"mainEntityOfPage\":{\"@id\":\"https:\/\/www.suno.com.br\/noticias\/governo-pede-abertura-de-credito-de-r-94-bilhoes-para-auxilio-brasil\/\"},\"wordCount\":653,\"publisher\":{\"@id\":\"https:\/\/www.suno.com.br\/noticias\/#organization\"},\"image\":{\"@id\":\"https:\/\/www.suno.com.br\/noticias\/governo-pede-abertura-de-credito-de-r-94-bilhoes-para-auxilio-brasil\/#primaryimage\"},\"thumbnailUrl\":\"https:\/\/files.sunoresearch.com.br\/n\/uploads\/2021\/04\/6109c867-money-1632055_640-jpg.webp\",\"keywords\":[\"aux\u00edlio emergencial\",\"Bolsa Fam\u00edlia\"],\"articleSection\":[\"Economia\"],\"inLanguage\":\"pt-BR\"},{\"@type\":\"WebPage\",\"@id\":\"https:\/\/www.suno.com.br\/noticias\/governo-pede-abertura-de-credito-de-r-94-bilhoes-para-auxilio-brasil\/\",\"url\":\"https:\/\/www.suno.com.br\/noticias\/governo-pede-abertura-de-credito-de-r-94-bilhoes-para-auxilio-brasil\/\",\"name\":\"Governo pede abertura de cr\u00e9dito de R$ 9,4 bilh\u00f5es para Aux\u00edlio Brasil\",\"isPartOf\":{\"@id\":\"https:\/\/www.suno.com.br\/noticias\/#website\"},\"primaryImageOfPage\":{\"@id\":\"https:\/\/www.suno.com.br\/noticias\/governo-pede-abertura-de-credito-de-r-94-bilhoes-para-auxilio-brasil\/#primaryimage\"},\"image\":{\"@id\":\"https:\/\/www.suno.com.br\/noticias\/governo-pede-abertura-de-credito-de-r-94-bilhoes-para-auxilio-brasil\/#primaryimage\"},\"thumbnailUrl\":\"https:\/\/files.sunoresearch.com.br\/n\/uploads\/2021\/04\/6109c867-money-1632055_640-jpg.webp\",\"datePublished\":\"2021-10-25T14:59:26+00:00\",\"description\":\"De acordo com a Presid\u00eancia, o projeto de lei do Aux\u00edlio Brasil n\u00e3o infringe a regra de ouro tampouco teto de gastos. Clique aqui e veja\",\"breadcrumb\":{\"@id\":\"https:\/\/www.suno.com.br\/noticias\/governo-pede-abertura-de-credito-de-r-94-bilhoes-para-auxilio-brasil\/#breadcrumb\"},\"inLanguage\":\"pt-BR\",\"potentialAction\":[{\"@type\":\"ReadAction\",\"target\":[\"https:\/\/www.suno.com.br\/noticias\/governo-pede-abertura-de-credito-de-r-94-bilhoes-para-auxilio-brasil\/\"]}]},{\"@type\":\"ImageObject\",\"inLanguage\":\"pt-BR\",\"@id\":\"https:\/\/www.suno.com.br\/noticias\/governo-pede-abertura-de-credito-de-r-94-bilhoes-para-auxilio-brasil\/#primaryimage\",\"url\":\"https:\/\/files.sunoresearch.com.br\/n\/uploads\/2021\/04\/6109c867-money-1632055_640-jpg.webp\",\"contentUrl\":\"https:\/\/files.sunoresearch.com.br\/n\/uploads\/2021\/04\/6109c867-money-1632055_640-jpg.webp\",\"width\":640,\"height\":425,\"caption\":\"Dividendos. Foto: Pixabay\"},{\"@type\":\"BreadcrumbList\",\"@id\":\"https:\/\/www.suno.com.br\/noticias\/governo-pede-abertura-de-credito-de-r-94-bilhoes-para-auxilio-brasil\/#breadcrumb\",\"itemListElement\":[{\"@type\":\"ListItem\",\"position\":1,\"name\":\"Not\u00edcias\",\"item\":\"https:\/\/www.suno.com.br\/noticias\/\"},{\"@type\":\"ListItem\",\"position\":2,\"name\":\"Economia\",\"item\":\"https:\/\/www.suno.com.br\/noticias\/economia\/\"},{\"@type\":\"ListItem\",\"position\":3,\"name\":\"Governo pede abertura de cr\u00e9dito de R$ 9,4 bilh\u00f5es para Aux\u00edlio Brasil\"}]},{\"@type\":\"WebSite\",\"@id\":\"https:\/\/www.suno.com.br\/noticias\/#website\",\"url\":\"https:\/\/www.suno.com.br\/noticias\/\",\"name\":\"Suno Not\u00edcias\",\"description\":\"Seu portal de informa\u00e7\u00e3o sobre o mundo dos investimentos\",\"publisher\":{\"@id\":\"https:\/\/www.suno.com.br\/noticias\/#organization\"},\"potentialAction\":[{\"@type\":\"SearchAction\",\"target\":{\"@type\":\"EntryPoint\",\"urlTemplate\":\"https:\/\/www.suno.com.br\/noticias\/?s={search_term_string}\"},\"query-input\":{\"@type\":\"PropertyValueSpecification\",\"valueRequired\":true,\"valueName\":\"search_term_string\"}}],\"inLanguage\":\"pt-BR\"},{\"@type\":\"Organization\",\"@id\":\"https:\/\/www.suno.com.br\/noticias\/#organization\",\"name\":\"Suno Not\u00edcias\",\"url\":\"https:\/\/www.suno.com.br\/noticias\/\",\"logo\":{\"@type\":\"ImageObject\",\"inLanguage\":\"pt-BR\",\"@id\":\"https:\/\/www.suno.com.br\/noticias\/#\/schema\/logo\/image\/\",\"url\":\"https:\/\/files.sunoresearch.com.br\/n\/uploads\/2021\/09\/suno-logo.png\",\"contentUrl\":\"https:\/\/files.sunoresearch.com.br\/n\/uploads\/2021\/09\/suno-logo.png\",\"width\":180,\"height\":180,\"caption\":\"Suno Not\u00edcias\"},\"image\":{\"@id\":\"https:\/\/www.suno.com.br\/noticias\/#\/schema\/logo\/image\/\"},\"sameAs\":[\"https:\/\/facebook.com\/sunoresearch\",\"https:\/\/x.com\/sunoresearch\",\"https:\/\/www.instagram.com\/suno\",\"https:\/\/www.linkedin.com\/company\/suno-research\/\",\"https:\/\/www.youtube.com\/c\/sunoresearch\"]},{\"@type\":\"Person\",\"@id\":\"https:\/\/www.suno.com.br\/noticias\/#\/schema\/person\/02ec1f752758247878a2bf4abee1aeda\",\"name\":\"Poliana Santos\",\"image\":{\"@type\":\"ImageObject\",\"inLanguage\":\"pt-BR\",\"@id\":\"https:\/\/www.suno.com.br\/noticias\/#\/schema\/person\/image\/\",\"url\":\"https:\/\/secure.gravatar.com\/avatar\/0645bd32f23d87b2130f2b2dff1d3f8d?s=96&r=g\",\"contentUrl\":\"https:\/\/secure.gravatar.com\/avatar\/0645bd32f23d87b2130f2b2dff1d3f8d?s=96&r=g\",\"caption\":\"Poliana Santos\"},\"description\":\"Rep\u00f3rter no Suno Not\u00edcias, com cobertura em mercado financeiro, economia, finan\u00e7as pessoais, renda fixa e varejo. Jornalista formada pela Faculdade C\u00e1sper L\u00edbero e possui passagem na R\u00e1dio Gazeta AM com a produ\u00e7\u00e3o de conte\u00fado sobre economia, pol\u00edtica, sa\u00fade, moda e m\u00fasica. Possui certificado de conclus\u00e3o do curso de An\u00e1lise de Balan\u00e7os pela Funda\u00e7\u00e3o Bradesco, Agenda Brasil pela FAAP, Educa\u00e7\u00e3o Pol\u00edtica por Alexandre Garcia e do Tesouro Direto e Mercado de A\u00e7\u00f5es pela B3.\",\"url\":\"https:\/\/www.suno.com.br\/noticias\/author\/poliana-santos\/\"}]}<\/script>\n<!-- \/ Yoast SEO plugin. -->","yoast_head_json":{"title":"Governo pede abertura de cr\u00e9dito de R$ 9,4 bilh\u00f5es para Aux\u00edlio Brasil","description":"De acordo com a Presid\u00eancia, o projeto de lei do Aux\u00edlio Brasil n\u00e3o infringe a regra de ouro tampouco teto de gastos. Clique aqui e veja","robots":{"index":"index","follow":"follow","max-snippet":"max-snippet:-1","max-image-preview":"max-image-preview:large","max-video-preview":"max-video-preview:-1"},"canonical":"https:\/\/www.suno.com.br\/noticias\/governo-pede-abertura-de-credito-de-r-94-bilhoes-para-auxilio-brasil\/","og_locale":"pt_BR","og_type":"article","og_title":"Governo pede abertura de cr\u00e9dito de R$ 9,4 bilh\u00f5es para Aux\u00edlio Brasil","og_description":"De acordo com a Presid\u00eancia, o projeto de lei do Aux\u00edlio Brasil n\u00e3o infringe a regra de ouro tampouco teto de gastos. Clique aqui e veja","og_url":"https:\/\/www.suno.com.br\/noticias\/governo-pede-abertura-de-credito-de-r-94-bilhoes-para-auxilio-brasil\/","og_site_name":"Suno Not\u00edcias","article_publisher":"https:\/\/facebook.com\/sunoresearch","og_image":[{"width":640,"height":425,"url":"https:\/\/files.sunoresearch.com.br\/n\/uploads\/2021\/04\/6109c867-money-1632055_640.jpg","type":"image\/jpeg"}],"author":"Poliana Santos","twitter_card":"summary_large_image","twitter_creator":"@sunoresearch","twitter_site":"@sunoresearch","twitter_misc":{"Escrito por":"Poliana Santos","Est. tempo de leitura":"3 minutos"},"schema":{"@context":"https:\/\/schema.org","@graph":[{"@type":"NewsArticle","@id":"https:\/\/www.suno.com.br\/noticias\/governo-pede-abertura-de-credito-de-r-94-bilhoes-para-auxilio-brasil\/#article","isPartOf":{"@id":"https:\/\/www.suno.com.br\/noticias\/governo-pede-abertura-de-credito-de-r-94-bilhoes-para-auxilio-brasil\/"},"author":{"name":"Poliana Santos","@id":"https:\/\/www.suno.com.br\/noticias\/#\/schema\/person\/02ec1f752758247878a2bf4abee1aeda"},"headline":"Governo pede abertura de cr\u00e9dito de R$ 9,4 bilh\u00f5es para Aux\u00edlio Brasil","datePublished":"2021-10-25T14:59:26+00:00","mainEntityOfPage":{"@id":"https:\/\/www.suno.com.br\/noticias\/governo-pede-abertura-de-credito-de-r-94-bilhoes-para-auxilio-brasil\/"},"wordCount":653,"publisher":{"@id":"https:\/\/www.suno.com.br\/noticias\/#organization"},"image":{"@id":"https:\/\/www.suno.com.br\/noticias\/governo-pede-abertura-de-credito-de-r-94-bilhoes-para-auxilio-brasil\/#primaryimage"},"thumbnailUrl":"https:\/\/files.sunoresearch.com.br\/n\/uploads\/2021\/04\/6109c867-money-1632055_640-jpg.webp","keywords":["aux\u00edlio emergencial","Bolsa Fam\u00edlia"],"articleSection":["Economia"],"inLanguage":"pt-BR"},{"@type":"WebPage","@id":"https:\/\/www.suno.com.br\/noticias\/governo-pede-abertura-de-credito-de-r-94-bilhoes-para-auxilio-brasil\/","url":"https:\/\/www.suno.com.br\/noticias\/governo-pede-abertura-de-credito-de-r-94-bilhoes-para-auxilio-brasil\/","name":"Governo pede abertura de cr\u00e9dito de R$ 9,4 bilh\u00f5es para Aux\u00edlio Brasil","isPartOf":{"@id":"https:\/\/www.suno.com.br\/noticias\/#website"},"primaryImageOfPage":{"@id":"https:\/\/www.suno.com.br\/noticias\/governo-pede-abertura-de-credito-de-r-94-bilhoes-para-auxilio-brasil\/#primaryimage"},"image":{"@id":"https:\/\/www.suno.com.br\/noticias\/governo-pede-abertura-de-credito-de-r-94-bilhoes-para-auxilio-brasil\/#primaryimage"},"thumbnailUrl":"https:\/\/files.sunoresearch.com.br\/n\/uploads\/2021\/04\/6109c867-money-1632055_640-jpg.webp","datePublished":"2021-10-25T14:59:26+00:00","description":"De acordo com a Presid\u00eancia, o projeto de lei do Aux\u00edlio Brasil n\u00e3o infringe a regra de ouro tampouco teto de gastos. Clique aqui e veja","breadcrumb":{"@id":"https:\/\/www.suno.com.br\/noticias\/governo-pede-abertura-de-credito-de-r-94-bilhoes-para-auxilio-brasil\/#breadcrumb"},"inLanguage":"pt-BR","potentialAction":[{"@type":"ReadAction","target":["https:\/\/www.suno.com.br\/noticias\/governo-pede-abertura-de-credito-de-r-94-bilhoes-para-auxilio-brasil\/"]}]},{"@type":"ImageObject","inLanguage":"pt-BR","@id":"https:\/\/www.suno.com.br\/noticias\/governo-pede-abertura-de-credito-de-r-94-bilhoes-para-auxilio-brasil\/#primaryimage","url":"https:\/\/files.sunoresearch.com.br\/n\/uploads\/2021\/04\/6109c867-money-1632055_640-jpg.webp","contentUrl":"https:\/\/files.sunoresearch.com.br\/n\/uploads\/2021\/04\/6109c867-money-1632055_640-jpg.webp","width":640,"height":425,"caption":"Dividendos. Foto: Pixabay"},{"@type":"BreadcrumbList","@id":"https:\/\/www.suno.com.br\/noticias\/governo-pede-abertura-de-credito-de-r-94-bilhoes-para-auxilio-brasil\/#breadcrumb","itemListElement":[{"@type":"ListItem","position":1,"name":"Not\u00edcias","item":"https:\/\/www.suno.com.br\/noticias\/"},{"@type":"ListItem","position":2,"name":"Economia","item":"https:\/\/www.suno.com.br\/noticias\/economia\/"},{"@type":"ListItem","position":3,"name":"Governo pede abertura de cr\u00e9dito de R$ 9,4 bilh\u00f5es para Aux\u00edlio Brasil"}]},{"@type":"WebSite","@id":"https:\/\/www.suno.com.br\/noticias\/#website","url":"https:\/\/www.suno.com.br\/noticias\/","name":"Suno Not\u00edcias","description":"Seu portal de informa\u00e7\u00e3o sobre o mundo dos investimentos","publisher":{"@id":"https:\/\/www.suno.com.br\/noticias\/#organization"},"potentialAction":[{"@type":"SearchAction","target":{"@type":"EntryPoint","urlTemplate":"https:\/\/www.suno.com.br\/noticias\/?s={search_term_string}"},"query-input":{"@type":"PropertyValueSpecification","valueRequired":true,"valueName":"search_term_string"}}],"inLanguage":"pt-BR"},{"@type":"Organization","@id":"https:\/\/www.suno.com.br\/noticias\/#organization","name":"Suno Not\u00edcias","url":"https:\/\/www.suno.com.br\/noticias\/","logo":{"@type":"ImageObject","inLanguage":"pt-BR","@id":"https:\/\/www.suno.com.br\/noticias\/#\/schema\/logo\/image\/","url":"https:\/\/files.sunoresearch.com.br\/n\/uploads\/2021\/09\/suno-logo.png","contentUrl":"https:\/\/files.sunoresearch.com.br\/n\/uploads\/2021\/09\/suno-logo.png","width":180,"height":180,"caption":"Suno Not\u00edcias"},"image":{"@id":"https:\/\/www.suno.com.br\/noticias\/#\/schema\/logo\/image\/"},"sameAs":["https:\/\/facebook.com\/sunoresearch","https:\/\/x.com\/sunoresearch","https:\/\/www.instagram.com\/suno","https:\/\/www.linkedin.com\/company\/suno-research\/","https:\/\/www.youtube.com\/c\/sunoresearch"]},{"@type":"Person","@id":"https:\/\/www.suno.com.br\/noticias\/#\/schema\/person\/02ec1f752758247878a2bf4abee1aeda","name":"Poliana Santos","image":{"@type":"ImageObject","inLanguage":"pt-BR","@id":"https:\/\/www.suno.com.br\/noticias\/#\/schema\/person\/image\/","url":"https:\/\/secure.gravatar.com\/avatar\/0645bd32f23d87b2130f2b2dff1d3f8d?s=96&r=g","contentUrl":"https:\/\/secure.gravatar.com\/avatar\/0645bd32f23d87b2130f2b2dff1d3f8d?s=96&r=g","caption":"Poliana Santos"},"description":"Rep\u00f3rter no Suno Not\u00edcias, com cobertura em mercado financeiro, economia, finan\u00e7as pessoais, renda fixa e varejo. Jornalista formada pela Faculdade C\u00e1sper L\u00edbero e possui passagem na R\u00e1dio Gazeta AM com a produ\u00e7\u00e3o de conte\u00fado sobre economia, pol\u00edtica, sa\u00fade, moda e m\u00fasica. Possui certificado de conclus\u00e3o do curso de An\u00e1lise de Balan\u00e7os pela Funda\u00e7\u00e3o Bradesco, Agenda Brasil pela FAAP, Educa\u00e7\u00e3o Pol\u00edtica por Alexandre Garcia e do Tesouro Direto e Mercado de A\u00e7\u00f5es pela B3.","url":"https:\/\/www.suno.com.br\/noticias\/author\/poliana-santos\/"}]}},"default_loop_html":"<div class=\"cardsPage__listCard__boxs\"><div class=\"cardsPage__listCard__boxs__img\"><a href=\"https:\/\/www.suno.com.br\/noticias\/governo-pede-abertura-de-credito-de-r-94-bilhoes-para-auxilio-brasil\/\"><img class=\"mask\" src=\"https:\/\/www.suno.com.br\/noticias\/wp-content\/themes\/suno\/resources\/images\/spotlight\/spotlight1img\/bg-mask.png\" alt=\"Image Mask\"\/><img src=\"https:\/\/files.sunoresearch.com.br\/n\/uploads\/2021\/04\/6109c867-money-1632055_640-400x200.webp\" alt=\"Governo pede abertura de cr\u00e9dito de R$ 9,4 bilh\u00f5es para Aux\u00edlio Brasil\"\/><\/a><span class=\"spotlightCategory\"><a href=\"https:\/\/www.suno.com.br\/noticias\/economia\/\">Economia<\/a><\/span><\/div><div class=\"cardsPage__listCard__boxs__content\"><a href=\"https:\/\/www.suno.com.br\/noticias\/governo-pede-abertura-de-credito-de-r-94-bilhoes-para-auxilio-brasil\/\"><h2 class=\"content__title\">Governo pede abertura de cr\u00e9dito de R$ 9,4 bilh\u00f5es para Aux\u00edlio Brasil<\/h2><\/a><div class=\"newsContent__article__meta\"><div class=\"newsContent__article__meta__authorBox\"><a href=\"https:\/\/www.suno.com.br\/noticias\/author\/poliana-santos\/\" class=\"authorBox__avatar noMobi\"><img src=\"https:\/\/files.sunoresearch.com.br\/n\/uploads\/2020\/08\/7ef34026-whatsapp-image-2020-08-03-at-12.37.57-150x150.webp\" alt=\"Poliana Santos\"><\/a><div class=\"authorBox__name\"><span>por\n\t\t\t<a href=\"https:\/\/www.suno.com.br\/noticias\/author\/poliana-santos\/\"><span itemprop=\"author\">Poliana Santos<\/span><\/a><\/span><time datetime=\"2021-10-25T11:59:26-03:00\" itemprop=\"datePublished\">25\/10\/2021 11:59<\/time><\/div><\/div><\/div><\/div><\/div>","single_layout":"posts","amp_enabled":true,"_links":{"self":[{"href":"https:\/\/www.suno.com.br\/noticias\/wp-json\/wp\/v2\/posts\/196917"}],"collection":[{"href":"https:\/\/www.suno.com.br\/noticias\/wp-json\/wp\/v2\/posts"}],"about":[{"href":"https:\/\/www.suno.com.br\/noticias\/wp-json\/wp\/v2\/types\/post"}],"author":[{"embeddable":true,"href":"https:\/\/www.suno.com.br\/noticias\/wp-json\/wp\/v2\/users\/15"}],"replies":[{"embeddable":true,"href":"https:\/\/www.suno.com.br\/noticias\/wp-json\/wp\/v2\/comments?post=196917"}],"version-history":[{"count":2,"href":"https:\/\/www.suno.com.br\/noticias\/wp-json\/wp\/v2\/posts\/196917\/revisions"}],"predecessor-version":[{"id":196968,"href":"https:\/\/www.suno.com.br\/noticias\/wp-json\/wp\/v2\/posts\/196917\/revisions\/196968"}],"wp:featuredmedia":[{"embeddable":true,"href":"https:\/\/www.suno.com.br\/noticias\/wp-json\/wp\/v2\/media\/137935"}],"wp:attachment":[{"href":"https:\/\/www.suno.com.br\/noticias\/wp-json\/wp\/v2\/media?parent=196917"}],"wp:term":[{"taxonomy":"category","embeddable":true,"href":"https:\/\/www.suno.com.br\/noticias\/wp-json\/wp\/v2\/categories?post=196917"},{"taxonomy":"post_tag","embeddable":true,"href":"https:\/\/www.suno.com.br\/noticias\/wp-json\/wp\/v2\/tags?post=196917"},{"taxonomy":"suno_strategy","embeddable":true,"href":"https:\/\/www.suno.com.br\/noticias\/wp-json\/wp\/v2\/suno_strategy?post=196917"}],"curies":[{"name":"wp","href":"https:\/\/api.w.org\/{rel}","templated":true}]}}