{"id":196897,"date":"2021-10-25T10:51:42","date_gmt":"2021-10-25T13:51:42","guid":{"rendered":"https:\/\/www.suno.com.br\/noticias\/?p=196897"},"modified":"2021-10-25T10:51:42","modified_gmt":"2021-10-25T13:51:42","slug":"ibovespa-recuperacao-petrobras-petr4-25102021","status":"publish","type":"post","link":"https:\/\/www.suno.com.br\/noticias\/ibovespa-recuperacao-petrobras-petr4-25102021\/","title":{"rendered":"Ibovespa abre em recupera\u00e7\u00e3o, commodities sobem e d\u00f3lar cai: Petrobras (PETR4) avan\u00e7a 3%"},"content":{"rendered":"<p>No primeiro preg\u00e3o desta semana, de segunda (25), o <strong>Ibovespa<\/strong> abriu em alta de 1,25% aos 107.630 pontos. O \u00edndice se recupera ap\u00f3s uma semana de tens\u00e3o fiscal at\u00edpica por conta do teto de gastos &#8211; que derrubou a bolsa em mais de 7% no acumulado de cinco preg\u00f5es.<\/p>\t<div class=\"wrapper-featured-image\">\n\t\t<figure class=\"spotlightImg\">\n\n\t\t\t<picture>\n\t\t\t\t<source media=\"(max-width: 768px)\" srcset=\"https:\/\/files.sunoresearch.com.br\/n\/uploads\/2021\/06\/00e7c4b2-pump-jack-848300_1920-400x200.webp\">\n\t\t\t\t<img loading=\"lazy\" decoding=\"async\" class=\"newsContent__article__imgCapa lazyloadDisabled \" src=\"https:\/\/files.sunoresearch.com.br\/n\/uploads\/2021\/06\/00e7c4b2-pump-jack-848300_1920-800x450.webp\" width=\"800\" height=\"450\" alt=\"Ibovespa abre em recupera\u00e7\u00e3o, commodities sobem e d\u00f3lar cai: Petrobras (PETR4) avan\u00e7a 3%\" fetchpriority=high \/>\n\t\t\t<\/picture>\n\n\t\t\t<figcaption class=\"wp-caption-text wp-caption-text--show\">Petr\u00f3leo. Foto: Pixabay<\/figcaption>\n\t\t<\/figure>\n\t<\/div>\n\n\n\t<p>\n\t\t<a href=\"https:\/\/lp.suno.com.br\/planilha-controle-gastos\/\" target=\"_blank\" data-element=\"shortcode-suno-banner\" title=\"Banner SUNO, clique e saiba mais\">\n\t\t\t<picture>\n\t\t\t\t<source media=\"(max-width: 500px)\" srcset=\"https:\/\/files.sunoresearch.com.br\/n\/uploads\/2023\/03\/400x300-Planilha-controle-de-gastos.png\">\n\t\t\t\t<img class=\"newsContent__article__imgCapa newsContent__article__imgCapa--banner\"\n\t\t\t\t\tsrc=\"https:\/\/files.sunoresearch.com.br\/n\/uploads\/2023\/03\/1420x240-Planilha-controle-de-gastos.png\"\n\t\t\t\t\tdata-promo-id=\"101751\"\t\t\t\t\t\t\t\t\t\twidth='1420' height='240'\t\t\t\t\talt=\"https:\/\/files.sunoresearch.com.br\/n\/uploads\/2023\/03\/1420x240-Planilha-controle-de-gastos.png\"\n\t\t\t\t>\n\t\t\t<\/picture>\n\t\t<\/a>\n\t<\/p>\n\n\n<p>O <strong>Ibovespa hoje<\/strong> lida com um cen\u00e1rio exterior pacato, com as not\u00edcias de que novos casos da Covid-19 est\u00e3o despontando novamente em alguns pa\u00edses.<\/p>\n<p>Al\u00e9m disso, os mercados lidam com as altas recentes dos \u00edndices de infla\u00e7\u00e3o e com a proximidade de mudan\u00e7a de postura dos bancos centrais.<\/p>\n<p>No <strong>cen\u00e1rio dom\u00e9stico<\/strong>, o cen\u00e1rio fiscal com holofotes mudou as proje\u00e7\u00f5es para os juros e a infla\u00e7\u00e3o, o que deve marcar a pr\u00f3xima decis\u00e3o da autoridade monet\u00e1ria. Al\u00e9m disso, a semana caracteriza-se pela divulga\u00e7\u00e3o de balan\u00e7os<\/p>\n<p>&#8220;Sa\u00edmos de uma semana conturbada por conta da &#8216;flexibiliza\u00e7\u00e3o do teto de gastos&#8217;. Temos muitos resultados e dados corporativos nesta semana. Teremos reuni\u00e3o do Copom nesta semana, na quarta-feira (27). Esperava-se uma alta de um 1 ponto percentual, por\u00e9m com esse quadro fiscal novo, aguardamos uma alta de 1,25 a 1,5 ponto percentual na Selic,&#8221;, afirma Rodrigo Franchini, s\u00f3cio da Monte Bravo Investimentos.<\/p>\n\t<div data-element=\"shortcode-read-more\" class=\"knowMore\">\n\t\t\t\t<span class=\"knowMore__title\">Leia mais<\/span>\n\t\t\t\t<a class=\"knowMore__link\" href=\"https:\/\/www.suno.com.br\/noticias\/asia-evergrande-queda-toquio-hong-kong\/\">\n\t\t\tNa \u00c1sia, Evergrande pressiona Bolsa em T\u00f3quio mas Hong Kong se recupera\t\t<\/a>\n\t<\/div>\n\n\n<p>O <strong>d\u00f3lar<\/strong> segue em derrocada ap\u00f3s arrefecimento da tens\u00e3o fiscal, sendo negociado a R$ 5,611 com queda de 0,28% no intradia &#8211; o que puxa baixa das exportadoras, que se beneficiaram da alta da moeda americana nos preg\u00f5es da semana anterior.<\/p>\n<p>Por sua vez, as <strong>commodities<\/strong> sobem, com o <strong>Petr\u00f3leo Brent<\/strong> subindo 1% no intradia aos US$ 86,3, ante um <strong>min\u00e9rio de ferro<\/strong> que cai nos contratos futuros, mas segue no patamar de US$ 122. <strong>Petrobras<\/strong> (PETR4) avan\u00e7a 3,63% no come\u00e7o das <strong>opera\u00e7\u00f5es do Ibovespa<\/strong>.<\/p>\n<p>Apesar do radar corporativo em alta, os indicadores macro ficam arrefecidos, com poucos dados. Ainda na manh\u00e3 s\u00e3o divulgados os Empr\u00e9stimos Banc\u00e1rios de setembro, al\u00e9m da Receita Tribut\u00e1ria Federal, no in\u00edcio da tarde.<\/p>\n<p>No mercado brit\u00e2nico, ainda pela manh\u00e3, h\u00e1 Discurso de Tenreyro, que \u00e9 membro do MPC, ao passo que o Canad\u00e1 divulga suas vendas no atacado no mensal de setembro &#8211; ficando em alta de 1,1%.<\/p>\n<p>Ecorodovias (ECOR3),\u00a0<a class=\"suno-keyword\" href=\"https:\/\/www.suno.com.br\/acoes\/ENBR3\/\" target=\"_blank\" rel=\"noopener\" data-force=\"yes\" data-priority=\"2\">EDP Brasil (ENBR3)<\/a>, Neoenergia (NOEO3) e\u00a0<a class=\"suno-keyword\" href=\"https:\/\/www.suno.com.br\/acoes\/TIMS3\/\" target=\"_blank\" rel=\"noopener\" data-force=\"yes\" data-priority=\"2\">TIM (TIMS3)<\/a> divulgam seus resultados financeiros ap\u00f3s o fechamento do mercado.<\/p>\n<h2>Not\u00edcias que v\u00e3o movimentar o Ibovespa hoje<\/h2>\n<ul>\n<li><strong>Hypera<\/strong> tem queda no lucro<\/li>\n<li><b>Vale <\/b>retoma opera\u00e7\u00e3o em mina no Par\u00e1<\/li>\n<li><strong>Eletrobras<\/strong> est\u00e1 selecionando bancos para follow-on<\/li>\n<\/ul>\n<h2>Balan\u00e7o da Hypera<\/h2>\n<p>O\u00a0<a class=\"suno-keyword\" href=\"https:\/\/www.suno.com.br\/artigos\/lucro-liquido\/\" target=\"_blank\" rel=\"noopener\" data-force=\"no\" data-priority=\"1\">lucro l\u00edquido<\/a>\u00a0da\u00a0<a class=\"suno-keyword\" href=\"https:\/\/www.suno.com.br\/acoes\/HYPE3\/\" target=\"_blank\" rel=\"noopener\" data-force=\"yes\" data-priority=\"2\"><strong>Hypera<\/strong>\u00a0(HYPE3)<\/a>\u00a0no terceiro trimestre deste\u00a0 somou R$ 201,6 milh\u00f5es, valor 41,7% menor em compara\u00e7\u00e3o com os ganhos apurados no mesmo per\u00edodo do ano passado. A companhia divulgou nesta sexta-feira (22) seus resultados no trimestre finalizado em\u00a0 setembro de 2021.<\/p>\n<p>Por outro lado, o lucro l\u00edquido das opera\u00e7\u00f5es continuadas (ajustado) da Hypera somou R$ 464,7 milh\u00f5es, avan\u00e7o anual de 32,9%.\u00a0No acumulado do ano, a farmac\u00eautica registrou R$ 977,2 milh\u00f5es em lucro l\u00edquido, com leve recuo de 0,3% na mesma base de compara\u00e7\u00e3o.<\/p>\n<p>A companhia somou\u00a0<strong>Ebitda<\/strong>\u00a0(lucro antes de juros, impostos,\u00a0<a class=\"suno-keyword\" href=\"https:\/\/www.suno.com.br\/artigos\/depreciacao-amortizacao\/\" target=\"_blank\" rel=\"noopener\" data-force=\"no\" data-priority=\"1\">deprecia\u00e7\u00e3o e amortiza\u00e7\u00e3o<\/a>) de R$ 182,5 milh\u00f5es, recuo de 53% na compara\u00e7\u00e3o anual. No crit\u00e9rio ajustado (Ebitda de opera\u00e7\u00f5es continuadas), a empresa atingiu R$ 580,9 milh\u00f5es, avan\u00e7o de 47,6%. Em nove meses, o Ebitda registrou alta de 4,7%, somando R$ 1,119 bilh\u00e3o.<\/p>\n\t<p>\n\t\t<a href=\"https:\/\/lp.suno.com.br\/planilha-da-vida-financeira\/\" target=\"_blank\" data-element=\"shortcode-suno-banner\" title=\"Banner SUNO, clique e saiba mais\">\n\t\t\t<picture>\n\t\t\t\t<source media=\"(max-width: 500px)\" srcset=\"https:\/\/files.sunoresearch.com.br\/n\/uploads\/2023\/04\/400x300-Planilha-vida-financeira-true.png\">\n\t\t\t\t<img class=\"newsContent__article__imgCapa newsContent__article__imgCapa--banner\"\n\t\t\t\t\tsrc=\"https:\/\/files.sunoresearch.com.br\/n\/uploads\/2023\/04\/1420x240-Planilha-vida-financeira-true.png\"\n\t\t\t\t\tdata-promo-id=\"106682\"\t\t\t\t\t\t\t\t\t\twidth='1420' height='240'\t\t\t\t\talt=\"https:\/\/files.sunoresearch.com.br\/n\/uploads\/2023\/04\/1420x240-Planilha-vida-financeira-true.png\"\n\t\t\t\t>\n\t\t\t<\/picture>\n\t\t<\/a>\n\t<\/p>\n\n\n<p>A\u00a0<a class=\"suno-keyword\" href=\"https:\/\/www.suno.com.br\/artigos\/margem-ebitda\/\" target=\"_blank\" rel=\"noopener\" data-force=\"no\" data-priority=\"1\">margem Ebitda<\/a>\u00a0da companhia sofreu queda de 0,5 ponto porcentual na compara\u00e7\u00e3o com o terceiro trimestre de 2020, para 35,6%. O valor representa perda de 1,3 ponto porcentual no acumulado do ano.<\/p>\n<p>Segundo o documento enviado \u00e0 Comiss\u00e3o de Valores Mobili\u00e1rios (CVM), a Hypera obteve alta de 50% na\u00a0<a class=\"suno-keyword\" href=\"https:\/\/www.suno.com.br\/artigos\/o-que-receita-liquida\/\" target=\"_blank\" rel=\"noopener\" data-force=\"no\" data-priority=\"1\">receita l\u00edquida<\/a>\u00a0do trimestre em rela\u00e7\u00e3o ao per\u00edodo entre julho e setembro de 2020, totalizando R$ 1,632 bilh\u00e3o. No acumulado anual, o total \u00e9 de R$ 4,922 bilh\u00f5es, aumento de 47%.<\/p>\n<p>\u201cApesar do evento n\u00e3o recorrente, consideramos os resultados positivos, pois a empresa est\u00e1 conseguindo crescer acima do mercado enquanto mant\u00e9m custos e despesas sob controle\u201d, diz a companhia em comunicado.<\/p>\n<p>O Credit Suisse mant\u00e9m avalia\u00e7\u00e3o outperform para a\u00e7\u00f5es da Hypera, e pre\u00e7o-alvo de R$ 40,00, frente \u00e0 cota\u00e7\u00e3o de sexta-feira (22) de R$ 27,96.<\/p>\n<p>J\u00e1 o\u00a0O Ita\u00fa BBA destacou o achatamento da margem bruta ano a ano, uma vez que a press\u00e3o do c\u00e2mbio e maiores descontos promocionais foram compensados \u200b\u200bpela continua\u00e7\u00e3o das sinergias capturadas com a integra\u00e7\u00e3o da Takeda e do Buscopan.<\/p>\n<p>As <strong>a\u00e7\u00f5es da Hypera <\/strong>sobem 3,9% no <strong>Ibovespa hoje<\/strong>.<\/p>\n<h2>Vale de volta no Salobo<\/h2>\n<p>Ainda na sexta (22), a <strong><a class=\"suno-keyword\" href=\"https:\/\/www.suno.com.br\/acoes\/VALE3\/\" target=\"_blank\" rel=\"noopener\" data-force=\"yes\" data-priority=\"2\">Vale (VALE3)<\/a><\/strong>\u00a0informou que retomou as opera\u00e7\u00f5es na mina do Salobo (PA), ap\u00f3s terem sido paralisadas por 18 dias por causa de um inc\u00eandio que atingiu parcialmente a correia transportadora.<\/p>\n<p>Segundo a mineradora, as causas do incidente est\u00e3o sendo investigadas. A empresa havia anunciado paralisa\u00e7\u00e3o no dia 5 de outubro. Em 2020, s Salobo produziu 172,7 quilotoneladas de concentrado de cobre.<\/p>\n<div class=\"knowMore\" data-element=\"shortcode-read-more\">\n<p>O inc\u00eandio\u00a0na<strong> mina da Vale<\/strong>\u00a0foi controlado por equipes de emerg\u00eancia. N\u00e3o houve v\u00edtimas ou danos ambientais, de acordo com\u00a0<a class=\"suno-keyword\" href=\"https:\/\/www.suno.com.br\/artigos\/fato-relevante\/\" target=\"_blank\" rel=\"noopener\" data-force=\"no\" data-priority=\"1\">fato relevante<\/a>\u00a0enviado \u00e0 Comiss\u00e3o de Valores Mobili\u00e1rios (CVM) no dia 5. As demais atividades, incluindo opera\u00e7\u00f5es de mina e manuten\u00e7\u00e3o, prosseguem normalmente.<\/p>\n<p>\u201cAs opera\u00e7\u00f5es da usina de processamento ser\u00e3o retomadas hoje<strong>,<\/strong>\u00a0com ramp-up de produ\u00e7\u00e3o de concentrado de cobre at\u00e9 o dia 25 de outubro. A Vale estima o impacto de produ\u00e7\u00e3o em aproximadamente 8 kt (quilotoneladas), j\u00e1 considerado na estimativa de produ\u00e7\u00e3o para o quarto trimestre, divulgada no Relat\u00f3rio de Produ\u00e7\u00e3o e vendas do terceiro trimestre publicado em 19 de outubro\u201d, aponta a companhia em comunicado ao mercado.<\/p>\n<\/div>\n<p>As <strong>a\u00e7\u00f5es da Vale <\/strong>sobem 1% no <strong>Ibovespa hoje<\/strong>.<\/p>\n<h2>Oferta da Eletrobras<\/h2>\n<p>Influenciada pelo c\u00e2mbio e com a receita dolarizada, companhias como a <a href=\"https:\/\/www.suno.com.br\/acoes\/suzb3\"><strong>Suzano <\/strong>(SUZB3)<\/a> puxam as altas do Ibovespa, assim como a <a href=\"https:\/\/www.suno.com.br\/acoes\/klbn11\/\"><strong>Klabin<\/strong> (KLBN11)<\/a>.<\/p>\n<p>A <a href=\"https:\/\/www.suno.com.br\/acoes\/elet3\"><strong>Eletrobras<\/strong> (ELET3)<\/a> j\u00e1 encontra-se em fase de sele\u00e7\u00e3o do sindicato de bancos que ficar\u00e1 respons\u00e1vel pela estrutura\u00e7\u00e3o da opera\u00e7\u00e3o de follow-on, podendo ser uma das maiores ofertas da bolsa brasileira.<\/p>\n<p>A estatal aderiu ao programa de Stand Still, promovido pelo BNDES, com foco em empreendimentos hidrel\u00e9tricos com capacidade instalada acima de 50 MW.<\/p>\n\t<p>\n\t\t<a href=\"https:\/\/lp.suno.com.br\/ebook-como-analisar-uma-acao\/\" target=\"_blank\" data-element=\"shortcode-suno-banner\" title=\"Banner SUNO, clique e saiba mais\">\n\t\t\t<picture>\n\t\t\t\t<source media=\"(max-width: 500px)\" srcset=\"https:\/\/files.sunoresearch.com.br\/n\/uploads\/2023\/03\/Ebook-Acoes-Mobile-1.jpg\">\n\t\t\t\t<img class=\"newsContent__article__imgCapa newsContent__article__imgCapa--banner\"\n\t\t\t\t\tsrc=\"https:\/\/files.sunoresearch.com.br\/n\/uploads\/2023\/03\/Ebook-Acoes-Desktop-1.jpg\"\n\t\t\t\t\tdata-promo-id=\"171998\"\t\t\t\t\t\t\t\t\t\twidth='1420' height='286'\t\t\t\t\talt=\"https:\/\/files.sunoresearch.com.br\/n\/uploads\/2023\/03\/Ebook-Acoes-Desktop-1.jpg\"\n\t\t\t\t>\n\t\t\t<\/picture>\n\t\t<\/a>\n\t<\/p>\n\n\n<p>O programa foi anunciado pelo BNDES no m\u00eas de setembro de 2021 e est\u00e1 inserido entre as medidas emergenciais disponibilizadas ao mercado para o enfrentamento do cen\u00e1rio h\u00eddrico vigente.<\/p>\n<p>As <strong>a\u00e7\u00f5es da Eletrobras<\/strong> sobem 1,89% na <strong>bolsa de valores hoje<\/strong>.<\/p>\n<h2>Destaques do Ibovespa<\/h2>\n<p>As principais altas no Ibovespa, por volta das 10h20 s\u00e3o:<\/p>\n<ul>\n<li><a href=\"https:\/\/www.suno.com.br\/acoes\/suzb3\/\"><strong>GetNet <\/strong>(GET11)<\/a>: +8,6%<\/li>\n<li><a href=\"https:\/\/www.suno.com.br\/acoes\/sbsp3\/\"><strong>Banco Inter <\/strong>(BIDI11)<\/a>: +4,4%<\/li>\n<li><a href=\"https:\/\/www.suno.com.br\/acoes\/BIDI4\/\"><strong>Banco Inter <\/strong>(BIDI4)<\/a>: +4,2%<\/li>\n<li><a href=\"https:\/\/www.suno.com.br\/acoes\/BIDI4\/\"><strong>Hypera<\/strong> (HYPE3)<\/a>: +3,9%<\/li>\n<li><a href=\"https:\/\/www.suno.com.br\/acoes\/BIDI4\/\"><strong>Cogna <\/strong>(COGN3)<\/a>: +3,8%<\/li>\n<\/ul>\n<p>No mesmo hor\u00e1rio, as principais quedas no Ibovespa eram:<\/p>\n<ul>\n<li><a href=\"https:\/\/www.suno.com.br\/acoes\/suzb3\/\"><strong>Suzano <\/strong>(SUZB3)<\/a>: -1,6%<\/li>\n<li><a href=\"https:\/\/www.suno.com.br\/acoes\/suzb3\/\"><strong>Klabin <\/strong>(KLBN11)<\/a>: -1,2%<\/li>\n<li><a href=\"https:\/\/www.suno.com.br\/acoes\/sbsp3\/\"><strong>BRF <\/strong>(BRFS3)<\/a>: -1%<\/li>\n<li><a href=\"https:\/\/www.suno.com.br\/acoes\/sbsp3\/\"><strong>Americanas <\/strong>(AMER3)<\/a>: -0,6%<\/li>\n<li><a href=\"https:\/\/www.suno.com.br\/acoes\/klbn11\/\"><strong>Qualicorp <\/strong>(QUAL3)<\/a>: -5,7%<\/li>\n<\/ul>\n<h2>Principais \u00edndices<\/h2>\n<ul>\n<li><a href=\"https:\/\/www.suno.com.br\/artigos\/ifix\/\">IFIX<\/a>: +0,21%<\/li>\n<li><a href=\"https:\/\/www.suno.com.br\/artigos\/smll\/\">SMLL<\/a>: +0,13%<\/li>\n<li><a href=\"https:\/\/www.suno.com.br\/artigos\/idiv\/\">IDIV<\/a>: +1,11%<\/li>\n<li><a href=\"https:\/\/www.suno.com.br\/artigos\/ibrx\/\">IBRX 100<\/a>: +0,23%<\/li>\n<\/ul>\n<h2>Bolsas mundiais<\/h2>\n<p>Veja o desempenho dos principais \u00edndices acion\u00e1rios no exterior, al\u00e9m do \u00edndice Ibovespa<strong>:<\/strong><\/p>\n<ul>\n<li><a href=\"https:\/\/www.suno.com.br\/artigos\/indice-dow-jones-djia\/\">Nova York Dow Jones (DJIA) futuro<\/a>: +0,07%<\/li>\n<li><a href=\"https:\/\/www.suno.com.br\/artigos\/futuro-de-sp-500\/\">Nova York (S&amp;P 500) futuro<\/a>: +0,17%<\/li>\n<li><a href=\"https:\/\/www.suno.com.br\/artigos\/dax-30\/\">Frankfurt (DAX 30)<\/a>: +0,32%<\/li>\n<li><a href=\"https:\/\/www.suno.com.br\/artigos\/ftse-100\/\">Londres (FTSE 100)<\/a>: +0,34%<\/li>\n<li><a href=\"https:\/\/www.suno.com.br\/artigos\/cac-40\/\">Paris (CAC 40)<\/a>: -0,12%<\/li>\n<li><a href=\"https:\/\/www.suno.com.br\/artigos\/ftse-mib\/\">Mil\u00e3o (FTSE\/MIB)<\/a>: +0,61%<\/li>\n<li><a href=\"https:\/\/www.suno.com.br\/artigos\/nikkei-225\/\">T\u00f3quio (Nikkei 225)<\/a>: -0,71% (fechada)<\/li>\n<li><a href=\"https:\/\/www.suno.com.br\/artigos\/bolsa-de-xangai\/\">Xangai (SSE Composite)<\/a>: +0,76% (fechada)<\/li>\n<li><a href=\"https:\/\/www.suno.com.br\/artigos\/hang-seng\/\">Hong Kong (Hang Seng)<\/a>: +0,02% (fechada)<\/li>\n<\/ul>\n<h2>\u00daltima cota\u00e7\u00e3o do Ibovespa<\/h2>\n<p>No fechamento do preg\u00e3o de quinta (21) o <strong>Ibovespa<\/strong> fechou em queda de 1,34% a 106.296 pontos com risco fiscal em alta.<\/p>\n\t<p>\n\t\t<a href=\"https:\/\/lp.suno.com.br\/planilha-de-controle-de-investimentos\/\" target=\"_blank\" data-element=\"shortcode-suno-banner\" title=\"Banner SUNO, clique e saiba mais\">\n\t\t\t<picture>\n\t\t\t\t<source media=\"(max-width: 500px)\" srcset=\"https:\/\/files.sunoresearch.com.br\/n\/uploads\/2023\/03\/400x300-Controle-de-Investimentos.png\">\n\t\t\t\t<img class=\"newsContent__article__imgCapa newsContent__article__imgCapa--banner\"\n\t\t\t\t\tsrc=\"https:\/\/files.sunoresearch.com.br\/n\/uploads\/2023\/03\/1420x240-Controle-de-Investimentos.png\"\n\t\t\t\t\tdata-promo-id=\"75934\"\t\t\t\t\t\t\t\t\t\twidth='1420' height='240'\t\t\t\t\talt=\"https:\/\/files.sunoresearch.com.br\/n\/uploads\/2023\/03\/1420x240-Controle-de-Investimentos.png\"\n\t\t\t\t>\n\t\t\t<\/picture>\n\t\t<\/a>\n\t<\/p>\n\n\n","protected":false},"excerpt":{"rendered":"<p>No primeiro preg\u00e3o desta semana, de segunda (25), o Ibovespa abriu em alta de 1,25% aos 107.630 pontos. O \u00edndice se recupera ap\u00f3s uma semana de tens\u00e3o fiscal at\u00edpica por conta do teto de gastos &#8211; que derrubou a bolsa em mais de 7% no acumulado de cinco preg\u00f5es. Petr\u00f3leo. Foto: Pixabay O Ibovespa hoje [&hellip;]<\/p>\n","protected":false},"author":73,"featured_media":156193,"comment_status":"closed","ping_status":"closed","sticky":false,"template":"","format":"standard","meta":[],"categories":[60],"tags":[455,105816,501,721,676],"suno_strategy":[],"class_list":["post-196897","post","type-post","status-publish","format-standard","has-post-thumbnail","hentry","category-mercado","tag-eletrobras-elet3-elet5-elet6","tag-especialistas","tag-hypera-pharma-hype3","tag-ibovespa","tag-vale-vale3"],"yoast_head":"<!-- This site is optimized with the Yoast SEO plugin v24.4 - https:\/\/yoast.com\/wordpress\/plugins\/seo\/ -->\n<title>Ibovespa abre em recupera\u00e7\u00e3o, Petrobras (PETR4) avan\u00e7a 3%<\/title>\n<meta name=\"description\" content=\"Ap\u00f3s a pior semana do ano para o Ibovespa, o d\u00f3lar retoma queda e as commodities seguem em alta. Clique aqui e leia mais.\" \/>\n<meta name=\"robots\" content=\"index, follow, max-snippet:-1, max-image-preview:large, max-video-preview:-1\" \/>\n<link rel=\"canonical\" href=\"https:\/\/www.suno.com.br\/noticias\/ibovespa-recuperacao-petrobras-petr4-25102021\/\" \/>\n<meta property=\"og:locale\" content=\"pt_BR\" \/>\n<meta property=\"og:type\" content=\"article\" \/>\n<meta property=\"og:title\" content=\"Ibovespa abre em recupera\u00e7\u00e3o, Petrobras (PETR4) avan\u00e7a 3%\" \/>\n<meta property=\"og:description\" content=\"Ap\u00f3s a pior semana do ano para o Ibovespa, o d\u00f3lar retoma queda e as commodities seguem em alta. Clique aqui e leia mais.\" \/>\n<meta property=\"og:url\" content=\"https:\/\/www.suno.com.br\/noticias\/ibovespa-recuperacao-petrobras-petr4-25102021\/\" \/>\n<meta property=\"og:site_name\" content=\"Suno Not\u00edcias\" \/>\n<meta property=\"article:publisher\" content=\"https:\/\/facebook.com\/sunoresearch\" \/>\n<meta property=\"og:image\" content=\"https:\/\/files.sunoresearch.com.br\/n\/uploads\/2021\/06\/00e7c4b2-pump-jack-848300_1920.jpg\" \/>\n\t<meta property=\"og:image:width\" content=\"1920\" \/>\n\t<meta property=\"og:image:height\" content=\"1080\" \/>\n\t<meta property=\"og:image:type\" content=\"image\/jpeg\" \/>\n<meta name=\"author\" content=\"Eduardo Vargas\" \/>\n<meta name=\"twitter:card\" content=\"summary_large_image\" \/>\n<meta name=\"twitter:creator\" content=\"@sunoresearch\" \/>\n<meta name=\"twitter:site\" content=\"@sunoresearch\" \/>\n<meta name=\"twitter:label1\" content=\"Escrito por\" \/>\n\t<meta name=\"twitter:data1\" content=\"Eduardo Vargas\" \/>\n\t<meta name=\"twitter:label2\" content=\"Est. tempo de leitura\" \/>\n\t<meta name=\"twitter:data2\" content=\"6 minutos\" \/>\n<script type=\"application\/ld+json\" class=\"yoast-schema-graph\">{\"@context\":\"https:\/\/schema.org\",\"@graph\":[{\"@type\":\"NewsArticle\",\"@id\":\"https:\/\/www.suno.com.br\/noticias\/ibovespa-recuperacao-petrobras-petr4-25102021\/#article\",\"isPartOf\":{\"@id\":\"https:\/\/www.suno.com.br\/noticias\/ibovespa-recuperacao-petrobras-petr4-25102021\/\"},\"author\":{\"name\":\"Eduardo Vargas\",\"@id\":\"https:\/\/www.suno.com.br\/noticias\/#\/schema\/person\/7f4d362bf3518e76090143ae77bb49a5\"},\"headline\":\"Ibovespa abre em recupera\u00e7\u00e3o, commodities sobem e d\u00f3lar cai: Petrobras (PETR4) avan\u00e7a 3%\",\"datePublished\":\"2021-10-25T13:51:42+00:00\",\"mainEntityOfPage\":{\"@id\":\"https:\/\/www.suno.com.br\/noticias\/ibovespa-recuperacao-petrobras-petr4-25102021\/\"},\"wordCount\":1260,\"publisher\":{\"@id\":\"https:\/\/www.suno.com.br\/noticias\/#organization\"},\"image\":{\"@id\":\"https:\/\/www.suno.com.br\/noticias\/ibovespa-recuperacao-petrobras-petr4-25102021\/#primaryimage\"},\"thumbnailUrl\":\"https:\/\/files.sunoresearch.com.br\/n\/uploads\/2021\/06\/00e7c4b2-pump-jack-848300_1920-jpg.webp\",\"keywords\":[\"Eletrobras (ELET3\/ELET5\/ELET6)\",\"Especialistas\",\"Hypera Pharma (HYPE3)\",\"Ibovespa\",\"Vale (VALE3)\"],\"articleSection\":[\"Mercado\"],\"inLanguage\":\"pt-BR\"},{\"@type\":\"WebPage\",\"@id\":\"https:\/\/www.suno.com.br\/noticias\/ibovespa-recuperacao-petrobras-petr4-25102021\/\",\"url\":\"https:\/\/www.suno.com.br\/noticias\/ibovespa-recuperacao-petrobras-petr4-25102021\/\",\"name\":\"Ibovespa abre em recupera\u00e7\u00e3o, Petrobras (PETR4) avan\u00e7a 3%\",\"isPartOf\":{\"@id\":\"https:\/\/www.suno.com.br\/noticias\/#website\"},\"primaryImageOfPage\":{\"@id\":\"https:\/\/www.suno.com.br\/noticias\/ibovespa-recuperacao-petrobras-petr4-25102021\/#primaryimage\"},\"image\":{\"@id\":\"https:\/\/www.suno.com.br\/noticias\/ibovespa-recuperacao-petrobras-petr4-25102021\/#primaryimage\"},\"thumbnailUrl\":\"https:\/\/files.sunoresearch.com.br\/n\/uploads\/2021\/06\/00e7c4b2-pump-jack-848300_1920-jpg.webp\",\"datePublished\":\"2021-10-25T13:51:42+00:00\",\"description\":\"Ap\u00f3s a pior semana do ano para o Ibovespa, o d\u00f3lar retoma queda e as commodities seguem em alta. Clique aqui e leia mais.\",\"breadcrumb\":{\"@id\":\"https:\/\/www.suno.com.br\/noticias\/ibovespa-recuperacao-petrobras-petr4-25102021\/#breadcrumb\"},\"inLanguage\":\"pt-BR\",\"potentialAction\":[{\"@type\":\"ReadAction\",\"target\":[\"https:\/\/www.suno.com.br\/noticias\/ibovespa-recuperacao-petrobras-petr4-25102021\/\"]}]},{\"@type\":\"ImageObject\",\"inLanguage\":\"pt-BR\",\"@id\":\"https:\/\/www.suno.com.br\/noticias\/ibovespa-recuperacao-petrobras-petr4-25102021\/#primaryimage\",\"url\":\"https:\/\/files.sunoresearch.com.br\/n\/uploads\/2021\/06\/00e7c4b2-pump-jack-848300_1920-jpg.webp\",\"contentUrl\":\"https:\/\/files.sunoresearch.com.br\/n\/uploads\/2021\/06\/00e7c4b2-pump-jack-848300_1920-jpg.webp\",\"width\":1920,\"height\":1080,\"caption\":\"Petr\u00f3leo. Foto: Pixabay\"},{\"@type\":\"BreadcrumbList\",\"@id\":\"https:\/\/www.suno.com.br\/noticias\/ibovespa-recuperacao-petrobras-petr4-25102021\/#breadcrumb\",\"itemListElement\":[{\"@type\":\"ListItem\",\"position\":1,\"name\":\"Not\u00edcias\",\"item\":\"https:\/\/www.suno.com.br\/noticias\/\"},{\"@type\":\"ListItem\",\"position\":2,\"name\":\"Mercado\",\"item\":\"https:\/\/www.suno.com.br\/noticias\/mercado\/\"},{\"@type\":\"ListItem\",\"position\":3,\"name\":\"Ibovespa abre em recupera\u00e7\u00e3o, commodities sobem e d\u00f3lar cai: Petrobras (PETR4) avan\u00e7a 3%\"}]},{\"@type\":\"WebSite\",\"@id\":\"https:\/\/www.suno.com.br\/noticias\/#website\",\"url\":\"https:\/\/www.suno.com.br\/noticias\/\",\"name\":\"Suno Not\u00edcias\",\"description\":\"Seu portal de informa\u00e7\u00e3o sobre o mundo dos investimentos\",\"publisher\":{\"@id\":\"https:\/\/www.suno.com.br\/noticias\/#organization\"},\"potentialAction\":[{\"@type\":\"SearchAction\",\"target\":{\"@type\":\"EntryPoint\",\"urlTemplate\":\"https:\/\/www.suno.com.br\/noticias\/?s={search_term_string}\"},\"query-input\":{\"@type\":\"PropertyValueSpecification\",\"valueRequired\":true,\"valueName\":\"search_term_string\"}}],\"inLanguage\":\"pt-BR\"},{\"@type\":\"Organization\",\"@id\":\"https:\/\/www.suno.com.br\/noticias\/#organization\",\"name\":\"Suno Not\u00edcias\",\"url\":\"https:\/\/www.suno.com.br\/noticias\/\",\"logo\":{\"@type\":\"ImageObject\",\"inLanguage\":\"pt-BR\",\"@id\":\"https:\/\/www.suno.com.br\/noticias\/#\/schema\/logo\/image\/\",\"url\":\"https:\/\/files.sunoresearch.com.br\/n\/uploads\/2021\/09\/suno-logo.png\",\"contentUrl\":\"https:\/\/files.sunoresearch.com.br\/n\/uploads\/2021\/09\/suno-logo.png\",\"width\":180,\"height\":180,\"caption\":\"Suno Not\u00edcias\"},\"image\":{\"@id\":\"https:\/\/www.suno.com.br\/noticias\/#\/schema\/logo\/image\/\"},\"sameAs\":[\"https:\/\/facebook.com\/sunoresearch\",\"https:\/\/x.com\/sunoresearch\",\"https:\/\/www.instagram.com\/suno\",\"https:\/\/www.linkedin.com\/company\/suno-research\/\",\"https:\/\/www.youtube.com\/c\/sunoresearch\"]},{\"@type\":\"Person\",\"@id\":\"https:\/\/www.suno.com.br\/noticias\/#\/schema\/person\/7f4d362bf3518e76090143ae77bb49a5\",\"name\":\"Eduardo Vargas\",\"image\":{\"@type\":\"ImageObject\",\"inLanguage\":\"pt-BR\",\"@id\":\"https:\/\/www.suno.com.br\/noticias\/#\/schema\/person\/image\/\",\"url\":\"https:\/\/secure.gravatar.com\/avatar\/dac340933427a22924c9f99d1eb2e3f2?s=96&r=g\",\"contentUrl\":\"https:\/\/secure.gravatar.com\/avatar\/dac340933427a22924c9f99d1eb2e3f2?s=96&r=g\",\"caption\":\"Eduardo Vargas\"},\"description\":\"Jornalista formado pela UFSC, cobre macroeconomia, neg\u00f3cios e startups para o Suno Not\u00edcias, escrevendo principalmente not\u00edcias sobre o mercado financeiro e a bolsa de valores. No YouTube e no Instagram, \u00e9 respons\u00e1vel pela produ\u00e7\u00e3o de Reels e Shorts do Suno Not\u00edcias. Anteriormente, trabalhou cobrindo economia e cotidiano no ND+ e para o ND, maior jornal impresso de Santa Catarina. Cursou um semestre letivo de Estudos de M\u00eddia na Universidad de Buenos Aires.\",\"url\":\"https:\/\/www.suno.com.br\/noticias\/author\/eduardo-vargas\/\"}]}<\/script>\n<!-- \/ Yoast SEO plugin. -->","yoast_head_json":{"title":"Ibovespa abre em recupera\u00e7\u00e3o, Petrobras (PETR4) avan\u00e7a 3%","description":"Ap\u00f3s a pior semana do ano para o Ibovespa, o d\u00f3lar retoma queda e as commodities seguem em alta. Clique aqui e leia mais.","robots":{"index":"index","follow":"follow","max-snippet":"max-snippet:-1","max-image-preview":"max-image-preview:large","max-video-preview":"max-video-preview:-1"},"canonical":"https:\/\/www.suno.com.br\/noticias\/ibovespa-recuperacao-petrobras-petr4-25102021\/","og_locale":"pt_BR","og_type":"article","og_title":"Ibovespa abre em recupera\u00e7\u00e3o, Petrobras (PETR4) avan\u00e7a 3%","og_description":"Ap\u00f3s a pior semana do ano para o Ibovespa, o d\u00f3lar retoma queda e as commodities seguem em alta. Clique aqui e leia mais.","og_url":"https:\/\/www.suno.com.br\/noticias\/ibovespa-recuperacao-petrobras-petr4-25102021\/","og_site_name":"Suno Not\u00edcias","article_publisher":"https:\/\/facebook.com\/sunoresearch","og_image":[{"width":1920,"height":1080,"url":"https:\/\/files.sunoresearch.com.br\/n\/uploads\/2021\/06\/00e7c4b2-pump-jack-848300_1920.jpg","type":"image\/jpeg"}],"author":"Eduardo Vargas","twitter_card":"summary_large_image","twitter_creator":"@sunoresearch","twitter_site":"@sunoresearch","twitter_misc":{"Escrito por":"Eduardo Vargas","Est. tempo de leitura":"6 minutos"},"schema":{"@context":"https:\/\/schema.org","@graph":[{"@type":"NewsArticle","@id":"https:\/\/www.suno.com.br\/noticias\/ibovespa-recuperacao-petrobras-petr4-25102021\/#article","isPartOf":{"@id":"https:\/\/www.suno.com.br\/noticias\/ibovespa-recuperacao-petrobras-petr4-25102021\/"},"author":{"name":"Eduardo Vargas","@id":"https:\/\/www.suno.com.br\/noticias\/#\/schema\/person\/7f4d362bf3518e76090143ae77bb49a5"},"headline":"Ibovespa abre em recupera\u00e7\u00e3o, commodities sobem e d\u00f3lar cai: Petrobras (PETR4) avan\u00e7a 3%","datePublished":"2021-10-25T13:51:42+00:00","mainEntityOfPage":{"@id":"https:\/\/www.suno.com.br\/noticias\/ibovespa-recuperacao-petrobras-petr4-25102021\/"},"wordCount":1260,"publisher":{"@id":"https:\/\/www.suno.com.br\/noticias\/#organization"},"image":{"@id":"https:\/\/www.suno.com.br\/noticias\/ibovespa-recuperacao-petrobras-petr4-25102021\/#primaryimage"},"thumbnailUrl":"https:\/\/files.sunoresearch.com.br\/n\/uploads\/2021\/06\/00e7c4b2-pump-jack-848300_1920-jpg.webp","keywords":["Eletrobras (ELET3\/ELET5\/ELET6)","Especialistas","Hypera Pharma (HYPE3)","Ibovespa","Vale (VALE3)"],"articleSection":["Mercado"],"inLanguage":"pt-BR"},{"@type":"WebPage","@id":"https:\/\/www.suno.com.br\/noticias\/ibovespa-recuperacao-petrobras-petr4-25102021\/","url":"https:\/\/www.suno.com.br\/noticias\/ibovespa-recuperacao-petrobras-petr4-25102021\/","name":"Ibovespa abre em recupera\u00e7\u00e3o, Petrobras (PETR4) avan\u00e7a 3%","isPartOf":{"@id":"https:\/\/www.suno.com.br\/noticias\/#website"},"primaryImageOfPage":{"@id":"https:\/\/www.suno.com.br\/noticias\/ibovespa-recuperacao-petrobras-petr4-25102021\/#primaryimage"},"image":{"@id":"https:\/\/www.suno.com.br\/noticias\/ibovespa-recuperacao-petrobras-petr4-25102021\/#primaryimage"},"thumbnailUrl":"https:\/\/files.sunoresearch.com.br\/n\/uploads\/2021\/06\/00e7c4b2-pump-jack-848300_1920-jpg.webp","datePublished":"2021-10-25T13:51:42+00:00","description":"Ap\u00f3s a pior semana do ano para o Ibovespa, o d\u00f3lar retoma queda e as commodities seguem em alta. Clique aqui e leia mais.","breadcrumb":{"@id":"https:\/\/www.suno.com.br\/noticias\/ibovespa-recuperacao-petrobras-petr4-25102021\/#breadcrumb"},"inLanguage":"pt-BR","potentialAction":[{"@type":"ReadAction","target":["https:\/\/www.suno.com.br\/noticias\/ibovespa-recuperacao-petrobras-petr4-25102021\/"]}]},{"@type":"ImageObject","inLanguage":"pt-BR","@id":"https:\/\/www.suno.com.br\/noticias\/ibovespa-recuperacao-petrobras-petr4-25102021\/#primaryimage","url":"https:\/\/files.sunoresearch.com.br\/n\/uploads\/2021\/06\/00e7c4b2-pump-jack-848300_1920-jpg.webp","contentUrl":"https:\/\/files.sunoresearch.com.br\/n\/uploads\/2021\/06\/00e7c4b2-pump-jack-848300_1920-jpg.webp","width":1920,"height":1080,"caption":"Petr\u00f3leo. Foto: Pixabay"},{"@type":"BreadcrumbList","@id":"https:\/\/www.suno.com.br\/noticias\/ibovespa-recuperacao-petrobras-petr4-25102021\/#breadcrumb","itemListElement":[{"@type":"ListItem","position":1,"name":"Not\u00edcias","item":"https:\/\/www.suno.com.br\/noticias\/"},{"@type":"ListItem","position":2,"name":"Mercado","item":"https:\/\/www.suno.com.br\/noticias\/mercado\/"},{"@type":"ListItem","position":3,"name":"Ibovespa abre em recupera\u00e7\u00e3o, commodities sobem e d\u00f3lar cai: Petrobras (PETR4) avan\u00e7a 3%"}]},{"@type":"WebSite","@id":"https:\/\/www.suno.com.br\/noticias\/#website","url":"https:\/\/www.suno.com.br\/noticias\/","name":"Suno Not\u00edcias","description":"Seu portal de informa\u00e7\u00e3o sobre o mundo dos investimentos","publisher":{"@id":"https:\/\/www.suno.com.br\/noticias\/#organization"},"potentialAction":[{"@type":"SearchAction","target":{"@type":"EntryPoint","urlTemplate":"https:\/\/www.suno.com.br\/noticias\/?s={search_term_string}"},"query-input":{"@type":"PropertyValueSpecification","valueRequired":true,"valueName":"search_term_string"}}],"inLanguage":"pt-BR"},{"@type":"Organization","@id":"https:\/\/www.suno.com.br\/noticias\/#organization","name":"Suno Not\u00edcias","url":"https:\/\/www.suno.com.br\/noticias\/","logo":{"@type":"ImageObject","inLanguage":"pt-BR","@id":"https:\/\/www.suno.com.br\/noticias\/#\/schema\/logo\/image\/","url":"https:\/\/files.sunoresearch.com.br\/n\/uploads\/2021\/09\/suno-logo.png","contentUrl":"https:\/\/files.sunoresearch.com.br\/n\/uploads\/2021\/09\/suno-logo.png","width":180,"height":180,"caption":"Suno Not\u00edcias"},"image":{"@id":"https:\/\/www.suno.com.br\/noticias\/#\/schema\/logo\/image\/"},"sameAs":["https:\/\/facebook.com\/sunoresearch","https:\/\/x.com\/sunoresearch","https:\/\/www.instagram.com\/suno","https:\/\/www.linkedin.com\/company\/suno-research\/","https:\/\/www.youtube.com\/c\/sunoresearch"]},{"@type":"Person","@id":"https:\/\/www.suno.com.br\/noticias\/#\/schema\/person\/7f4d362bf3518e76090143ae77bb49a5","name":"Eduardo Vargas","image":{"@type":"ImageObject","inLanguage":"pt-BR","@id":"https:\/\/www.suno.com.br\/noticias\/#\/schema\/person\/image\/","url":"https:\/\/secure.gravatar.com\/avatar\/dac340933427a22924c9f99d1eb2e3f2?s=96&r=g","contentUrl":"https:\/\/secure.gravatar.com\/avatar\/dac340933427a22924c9f99d1eb2e3f2?s=96&r=g","caption":"Eduardo Vargas"},"description":"Jornalista formado pela UFSC, cobre macroeconomia, neg\u00f3cios e startups para o Suno Not\u00edcias, escrevendo principalmente not\u00edcias sobre o mercado financeiro e a bolsa de valores. No YouTube e no Instagram, \u00e9 respons\u00e1vel pela produ\u00e7\u00e3o de Reels e Shorts do Suno Not\u00edcias. Anteriormente, trabalhou cobrindo economia e cotidiano no ND+ e para o ND, maior jornal impresso de Santa Catarina. Cursou um semestre letivo de Estudos de M\u00eddia na Universidad de Buenos Aires.","url":"https:\/\/www.suno.com.br\/noticias\/author\/eduardo-vargas\/"}]}},"default_loop_html":"<div class=\"cardsPage__listCard__boxs\"><div class=\"cardsPage__listCard__boxs__img\"><a href=\"https:\/\/www.suno.com.br\/noticias\/ibovespa-recuperacao-petrobras-petr4-25102021\/\"><img class=\"mask\" src=\"https:\/\/www.suno.com.br\/noticias\/wp-content\/themes\/suno\/resources\/images\/spotlight\/spotlight1img\/bg-mask.png\" alt=\"Image Mask\"\/><img src=\"https:\/\/files.sunoresearch.com.br\/n\/uploads\/2021\/06\/00e7c4b2-pump-jack-848300_1920-400x200.webp\" alt=\"Ibovespa abre em recupera\u00e7\u00e3o, commodities sobem e d\u00f3lar cai: Petrobras (PETR4) avan\u00e7a 3%\"\/><\/a><span class=\"spotlightCategory\"><a href=\"https:\/\/www.suno.com.br\/noticias\/mercado\/\">Mercado<\/a><\/span><\/div><div class=\"cardsPage__listCard__boxs__content\"><a href=\"https:\/\/www.suno.com.br\/noticias\/ibovespa-recuperacao-petrobras-petr4-25102021\/\"><h2 class=\"content__title\">Ibovespa abre em recupera\u00e7\u00e3o, commodities sobem e d\u00f3lar cai: Petrobras (PETR4) avan\u00e7a 3%<\/h2><\/a><div class=\"newsContent__article__meta\"><div class=\"newsContent__article__meta__authorBox\"><a href=\"https:\/\/www.suno.com.br\/noticias\/author\/eduardo-vargas\/\" class=\"authorBox__avatar noMobi\"><img src=\"https:\/\/secure.gravatar.com\/avatar\/dac340933427a22924c9f99d1eb2e3f2?s=96&#038;r=g\" alt=\"Eduardo Vargas\"><\/a><div class=\"authorBox__name\"><span>por\n\t\t\t<a href=\"https:\/\/www.suno.com.br\/noticias\/author\/eduardo-vargas\/\"><span itemprop=\"author\">Eduardo Vargas<\/span><\/a><\/span><time datetime=\"2021-10-25T10:51:42-03:00\" itemprop=\"datePublished\">25\/10\/2021 10:51<\/time><\/div><\/div><\/div><\/div><\/div>","single_layout":"posts","amp_enabled":true,"_links":{"self":[{"href":"https:\/\/www.suno.com.br\/noticias\/wp-json\/wp\/v2\/posts\/196897"}],"collection":[{"href":"https:\/\/www.suno.com.br\/noticias\/wp-json\/wp\/v2\/posts"}],"about":[{"href":"https:\/\/www.suno.com.br\/noticias\/wp-json\/wp\/v2\/types\/post"}],"author":[{"embeddable":true,"href":"https:\/\/www.suno.com.br\/noticias\/wp-json\/wp\/v2\/users\/73"}],"replies":[{"embeddable":true,"href":"https:\/\/www.suno.com.br\/noticias\/wp-json\/wp\/v2\/comments?post=196897"}],"version-history":[{"count":3,"href":"https:\/\/www.suno.com.br\/noticias\/wp-json\/wp\/v2\/posts\/196897\/revisions"}],"predecessor-version":[{"id":196928,"href":"https:\/\/www.suno.com.br\/noticias\/wp-json\/wp\/v2\/posts\/196897\/revisions\/196928"}],"wp:featuredmedia":[{"embeddable":true,"href":"https:\/\/www.suno.com.br\/noticias\/wp-json\/wp\/v2\/media\/156193"}],"wp:attachment":[{"href":"https:\/\/www.suno.com.br\/noticias\/wp-json\/wp\/v2\/media?parent=196897"}],"wp:term":[{"taxonomy":"category","embeddable":true,"href":"https:\/\/www.suno.com.br\/noticias\/wp-json\/wp\/v2\/categories?post=196897"},{"taxonomy":"post_tag","embeddable":true,"href":"https:\/\/www.suno.com.br\/noticias\/wp-json\/wp\/v2\/tags?post=196897"},{"taxonomy":"suno_strategy","embeddable":true,"href":"https:\/\/www.suno.com.br\/noticias\/wp-json\/wp\/v2\/suno_strategy?post=196897"}],"curies":[{"name":"wp","href":"https:\/\/api.w.org\/{rel}","templated":true}]}}