{"id":196870,"date":"2021-10-25T11:59:31","date_gmt":"2021-10-25T14:59:31","guid":{"rendered":"https:\/\/www.suno.com.br\/noticias\/?p=196870"},"modified":"2021-10-25T11:59:31","modified_gmt":"2021-10-25T14:59:31","slug":"confianca-do-consumidor-fgv-outubro","status":"publish","type":"post","link":"https:\/\/www.suno.com.br\/noticias\/confianca-do-consumidor-fgv-outubro\/","title":{"rendered":"\u00cdndice de Confian\u00e7a do consumidor vai a 76,3 pontos em outubro, diz FGV"},"content":{"rendered":"<p>A <strong><a class=\"suno-keyword\" href=\"https:\/\/www.suno.com.br\/artigos\/confianca-do-consumidor\/\" target=\"_blank\" rel=\"noopener\" data-force=\"no\" data-priority=\"1\">confian\u00e7a do consumidor<\/a><\/strong> subiu em um ponto no m\u00eas outubro ante setembro, na s\u00e9rie com ajuste sazonal, informou nesta segunda-feira (25) a Funda\u00e7\u00e3o Getulio Vargas (FGV).<\/p>\t<div class=\"wrapper-featured-image\">\n\t\t<figure class=\"spotlightImg\">\n\n\t\t\t<picture>\n\t\t\t\t<source media=\"(max-width: 768px)\" srcset=\"https:\/\/files.sunoresearch.com.br\/n\/uploads\/2021\/07\/3207574d-shopping-mall-509536_1920-400x200.jpg\">\n\t\t\t\t<img loading=\"lazy\" decoding=\"async\" class=\"newsContent__article__imgCapa lazyloadDisabled \" src=\"https:\/\/files.sunoresearch.com.br\/n\/uploads\/2021\/07\/3207574d-shopping-mall-509536_1920-800x450.jpg\" width=\"800\" height=\"450\" alt=\"\u00cdndice de Confian\u00e7a do consumidor vai a 76,3 pontos em outubro, diz FGV\" fetchpriority=high \/>\n\t\t\t<\/picture>\n\n\t\t\t<figcaption class=\"wp-caption-text wp-caption-text--show\">Foto: Pixabay<\/figcaption>\n\t\t<\/figure>\n\t<\/div>\n\n\n\t<p>\n\t\t<a href=\"https:\/\/lp.suno.com.br\/planilha-controle-gastos\/\" target=\"_blank\" data-element=\"shortcode-suno-banner\" title=\"Banner SUNO, clique e saiba mais\">\n\t\t\t<picture>\n\t\t\t\t<source media=\"(max-width: 500px)\" srcset=\"https:\/\/files.sunoresearch.com.br\/n\/uploads\/2023\/03\/400x300-Planilha-controle-de-gastos.png\">\n\t\t\t\t<img class=\"newsContent__article__imgCapa newsContent__article__imgCapa--banner\"\n\t\t\t\t\tsrc=\"https:\/\/files.sunoresearch.com.br\/n\/uploads\/2023\/03\/1420x240-Planilha-controle-de-gastos.png\"\n\t\t\t\t\tdata-promo-id=\"101751\"\t\t\t\t\t\t\t\t\t\twidth='1420' height='240'\t\t\t\t\talt=\"https:\/\/files.sunoresearch.com.br\/n\/uploads\/2023\/03\/1420x240-Planilha-controle-de-gastos.png\"\n\t\t\t\t>\n\t\t\t<\/picture>\n\t\t<\/a>\n\t<\/p>\n\n\n<p>O <a class=\"suno-keyword\" href=\"https:\/\/www.suno.com.br\/artigos\/indice-de-confianca\/\" target=\"_blank\" rel=\"noopener\" data-force=\"no\" data-priority=\"1\">\u00cdndice de Confian\u00e7a<\/a> do Consumidor (<strong>ICC<\/strong>) ficou em 76,3 pontos. Foi a primeira alta ap\u00f3s dois meses seguidos de quedas. Em m\u00e9dias m\u00f3veis trimestrais, o \u00edndice caiu 2,0 pontos, para 77,8 pontos.<\/p>\n<p>A melhora foi influenciada por uma revis\u00e3o das expectativas sobre as finan\u00e7as familiares, que haviam despencado no m\u00eas passado, informou a <strong>FGV<\/strong>. Essa reavalia\u00e7\u00e3o est\u00e1 relacionada a uma recupera\u00e7\u00e3o das expectativas sobre o mercado de trabalho nos pr\u00f3ximos meses.<\/p>\n<p>&#8220;Contudo, consumidores se mant\u00eam cautelosos em rela\u00e7\u00e3o a <strong>inten\u00e7\u00e3o de compra<\/strong> de bens dur\u00e1veis. O aumento da incerteza, o aumento dos pre\u00e7os e a demanda represada por servi\u00e7os na pandemia podem estar contribuindo para frear o consumo desses produtos&#8221;, diz nota de divulga\u00e7\u00e3o do indicador.<\/p>\n\t<div data-element=\"shortcode-read-more\" class=\"knowMore\">\n\t\t\t\t<span class=\"knowMore__title\">Leia mais<\/span>\n\t\t\t\t<a class=\"knowMore__link\" href=\"https:\/\/www.suno.com.br\/noticias\/dolar-selic-25102021\/\">\n\t\t\tD\u00f3lar passa a cair com ajustes e Selic no radar, mas alta no exterior limita\t\t<\/a>\n\t<\/div>\n\n\n<h2>Outros indicadores da FGV<\/h2>\n<p>Em rela\u00e7\u00e3o as expectativas sobre o futuro, o \u00cdndice de Situa\u00e7\u00e3o Atual (ISA) avan\u00e7ou apenas 0,2 ponto, para 69,0 pontos, enquanto o \u00cdndice de Expectativas (IE) subiu 1,3 ponto, para 82,4 pontos.<\/p>\n\t<p>\n\t\t<a href=\"https:\/\/lp.suno.com.br\/planilha-da-vida-financeira\/\" target=\"_blank\" data-element=\"shortcode-suno-banner\" title=\"Banner SUNO, clique e saiba mais\">\n\t\t\t<picture>\n\t\t\t\t<source media=\"(max-width: 500px)\" srcset=\"https:\/\/files.sunoresearch.com.br\/n\/uploads\/2023\/04\/400x300-Planilha-vida-financeira-true.png\">\n\t\t\t\t<img class=\"newsContent__article__imgCapa newsContent__article__imgCapa--banner\"\n\t\t\t\t\tsrc=\"https:\/\/files.sunoresearch.com.br\/n\/uploads\/2023\/04\/1420x240-Planilha-vida-financeira-true.png\"\n\t\t\t\t\tdata-promo-id=\"106682\"\t\t\t\t\t\t\t\t\t\twidth='1420' height='240'\t\t\t\t\talt=\"https:\/\/files.sunoresearch.com.br\/n\/uploads\/2023\/04\/1420x240-Planilha-vida-financeira-true.png\"\n\t\t\t\t>\n\t\t\t<\/picture>\n\t\t<\/a>\n\t<\/p>\n\n\n<p>Entre os quesitos que comp\u00f5em o ISA, indicador que mede percep\u00e7\u00e3o dos consumidores sobre \u00e0 <strong>situa\u00e7\u00e3o econ\u00f4mica<\/strong> no momento, variou 0,3 ponto em outubro, para 74,8 pontos e o que mede a satisfa\u00e7\u00e3o sobre as <a class=\"suno-keyword\" href=\"https:\/\/www.suno.com.br\/artigos\/financas-pessoais\/\" target=\"_blank\" rel=\"noopener\" data-force=\"no\" data-priority=\"1\">finan\u00e7as pessoais<\/a>, 0,2 ponto, para 63,8 pontos.<\/p>\n<p>Com isso, a FGV destaca que essas duas componentes do ISA &#8220;se mant\u00e9m em patamar muito baixo em termos hist\u00f3ricos&#8221;.<\/p>\n<p>Entre os quesitos que comp\u00f5em o IE, o indicador que mais influenciou o movimento de outubro foi o que mede as perspectivas sobre a <strong>situa\u00e7\u00e3o financeira<\/strong> familiar, cujo indicador avan\u00e7ou 3,8 pontos, para 83,5 pontos. Trata-se de uma recupera\u00e7\u00e3o de apenas 30% das perdas de sofridas em setembro, segundo a FGV.<\/p>\n\t<p>\n\t\t<a href=\"https:\/\/lp.suno.com.br\/ebook-como-analisar-uma-acao\/\" target=\"_blank\" data-element=\"shortcode-suno-banner\" title=\"Banner SUNO, clique e saiba mais\">\n\t\t\t<picture>\n\t\t\t\t<source media=\"(max-width: 500px)\" srcset=\"https:\/\/files.sunoresearch.com.br\/n\/uploads\/2023\/03\/Ebook-Acoes-Mobile-1.jpg\">\n\t\t\t\t<img class=\"newsContent__article__imgCapa newsContent__article__imgCapa--banner\"\n\t\t\t\t\tsrc=\"https:\/\/files.sunoresearch.com.br\/n\/uploads\/2023\/03\/Ebook-Acoes-Desktop-1.jpg\"\n\t\t\t\t\tdata-promo-id=\"171998\"\t\t\t\t\t\t\t\t\t\twidth='1420' height='286'\t\t\t\t\talt=\"https:\/\/files.sunoresearch.com.br\/n\/uploads\/2023\/03\/Ebook-Acoes-Desktop-1.jpg\"\n\t\t\t\t>\n\t\t\t<\/picture>\n\t\t<\/a>\n\t<\/p>\n\n\n<p>&#8220;O <strong>indicador<\/strong> que mede as expectativas sobre a situa\u00e7\u00e3o econ\u00f4mica subiu 1,0 ponto, para 98,5 pontos. Mas mesmo com melhores perspectivas financeiras familiares, o \u00edmpeto de compras para pr\u00f3ximos meses continuou caindo pelo segundo m\u00eas consecutivo, 0,9 ponto para 67,5 pontos&#8221;, diz a nota.<\/p>\n<h2>Confian\u00e7a do consumidor cai dentre os mais pobres<\/h2>\n<p>A an\u00e1lise por faixa de <strong>renda<\/strong> dos consumidores revela que houve piora da confian\u00e7a para os mais pobres. Os consumidores com renda de at\u00e9 R$ 2.100,00 tiveram queda de 1,4 ponto no ICC, para 63,7. &#8220;A faixa de renda entre R$ 2.100,01 e R$ 4.800,00 registrou o melhor desempenho com alta de 5,3 pontos para 73 pontos&#8221;, diz a nota da FGV.<\/p>\n<p>A Sondagem para elabora\u00e7\u00e3o do \u00cdndice de <strong>Confian\u00e7a do Consumidor<\/strong> coletou informa\u00e7\u00f5es de 1.508 domic\u00edlios, com entrevistas entre os dias 1\u00ba e 21 de outubro.<\/p>\n\t<p>\n\t\t<a href=\"https:\/\/lp.suno.com.br\/planilha-de-controle-de-investimentos\/\" target=\"_blank\" data-element=\"shortcode-suno-banner\" title=\"Banner SUNO, clique e saiba mais\">\n\t\t\t<picture>\n\t\t\t\t<source media=\"(max-width: 500px)\" srcset=\"https:\/\/files.sunoresearch.com.br\/n\/uploads\/2023\/03\/400x300-Controle-de-Investimentos.png\">\n\t\t\t\t<img class=\"newsContent__article__imgCapa newsContent__article__imgCapa--banner\"\n\t\t\t\t\tsrc=\"https:\/\/files.sunoresearch.com.br\/n\/uploads\/2023\/03\/1420x240-Controle-de-Investimentos.png\"\n\t\t\t\t\tdata-promo-id=\"75934\"\t\t\t\t\t\t\t\t\t\twidth='1420' height='240'\t\t\t\t\talt=\"https:\/\/files.sunoresearch.com.br\/n\/uploads\/2023\/03\/1420x240-Controle-de-Investimentos.png\"\n\t\t\t\t>\n\t\t\t<\/picture>\n\t\t<\/a>\n\t<\/p>\n\n\n<p><em>Com informa\u00e7\u00f5es do Estad\u00e3o Conte\u00fado.\u00a0<\/em><\/p>\n","protected":false},"excerpt":{"rendered":"<p>A confian\u00e7a do consumidor subiu em um ponto no m\u00eas outubro ante setembro, na s\u00e9rie com ajuste sazonal, informou nesta segunda-feira (25) a Funda\u00e7\u00e3o Getulio Vargas (FGV). Foto: Pixabay O \u00cdndice de Confian\u00e7a do Consumidor (ICC) ficou em 76,3 pontos. Foi a primeira alta ap\u00f3s dois meses seguidos de quedas. Em m\u00e9dias m\u00f3veis trimestrais, o [&hellip;]<\/p>\n","protected":false},"author":73,"featured_media":169263,"comment_status":"closed","ping_status":"closed","sticky":false,"template":"","format":"standard","meta":[],"categories":[62],"tags":[106444,10832,797],"suno_strategy":[],"class_list":["post-196870","post","type-post","status-publish","format-standard","has-post-thumbnail","hentry","category-economia","tag-agencias","tag-confianca-do-consumidor","tag-fgv"],"yoast_head":"<!-- This site is optimized with the Yoast SEO plugin v24.4 - https:\/\/yoast.com\/wordpress\/plugins\/seo\/ -->\n<title>\u00cdndice de Confian\u00e7a do consumidor sobe em outubro, diz FGV<\/title>\n<meta name=\"description\" content=\"A confian\u00e7a do consumidor subiu em um ponto no m\u00eas outubro ante setembro, na s\u00e9rie com ajuste sazonal. Clique aqui e leia mais.\" \/>\n<meta name=\"robots\" content=\"index, follow, max-snippet:-1, max-image-preview:large, max-video-preview:-1\" \/>\n<link rel=\"canonical\" href=\"https:\/\/www.suno.com.br\/noticias\/confianca-do-consumidor-fgv-outubro\/\" \/>\n<meta property=\"og:locale\" content=\"pt_BR\" \/>\n<meta property=\"og:type\" content=\"article\" \/>\n<meta property=\"og:title\" content=\"\u00cdndice de Confian\u00e7a do consumidor sobe em outubro, diz FGV\" \/>\n<meta property=\"og:description\" content=\"A confian\u00e7a do consumidor subiu em um ponto no m\u00eas outubro ante setembro, na s\u00e9rie com ajuste sazonal. Clique aqui e leia mais.\" \/>\n<meta property=\"og:url\" content=\"https:\/\/www.suno.com.br\/noticias\/confianca-do-consumidor-fgv-outubro\/\" \/>\n<meta property=\"og:site_name\" content=\"Suno Not\u00edcias\" \/>\n<meta property=\"article:publisher\" content=\"https:\/\/facebook.com\/sunoresearch\" \/>\n<meta property=\"og:image\" content=\"https:\/\/files.sunoresearch.com.br\/n\/uploads\/2021\/07\/3207574d-shopping-mall-509536_1920.jpg\" \/>\n\t<meta property=\"og:image:width\" content=\"1920\" \/>\n\t<meta property=\"og:image:height\" content=\"1475\" \/>\n\t<meta property=\"og:image:type\" content=\"image\/jpeg\" \/>\n<meta name=\"author\" content=\"Eduardo Vargas\" \/>\n<meta name=\"twitter:card\" content=\"summary_large_image\" \/>\n<meta name=\"twitter:creator\" content=\"@sunoresearch\" \/>\n<meta name=\"twitter:site\" content=\"@sunoresearch\" \/>\n<meta name=\"twitter:label1\" content=\"Escrito por\" \/>\n\t<meta name=\"twitter:data1\" content=\"Eduardo Vargas\" \/>\n\t<meta name=\"twitter:label2\" content=\"Est. tempo de leitura\" \/>\n\t<meta name=\"twitter:data2\" content=\"2 minutos\" \/>\n<script type=\"application\/ld+json\" class=\"yoast-schema-graph\">{\"@context\":\"https:\/\/schema.org\",\"@graph\":[{\"@type\":\"NewsArticle\",\"@id\":\"https:\/\/www.suno.com.br\/noticias\/confianca-do-consumidor-fgv-outubro\/#article\",\"isPartOf\":{\"@id\":\"https:\/\/www.suno.com.br\/noticias\/confianca-do-consumidor-fgv-outubro\/\"},\"author\":{\"name\":\"Eduardo Vargas\",\"@id\":\"https:\/\/www.suno.com.br\/noticias\/#\/schema\/person\/7f4d362bf3518e76090143ae77bb49a5\"},\"headline\":\"\u00cdndice de Confian\u00e7a do consumidor vai a 76,3 pontos em outubro, diz FGV\",\"datePublished\":\"2021-10-25T14:59:31+00:00\",\"mainEntityOfPage\":{\"@id\":\"https:\/\/www.suno.com.br\/noticias\/confianca-do-consumidor-fgv-outubro\/\"},\"wordCount\":489,\"publisher\":{\"@id\":\"https:\/\/www.suno.com.br\/noticias\/#organization\"},\"image\":{\"@id\":\"https:\/\/www.suno.com.br\/noticias\/confianca-do-consumidor-fgv-outubro\/#primaryimage\"},\"thumbnailUrl\":\"https:\/\/files.sunoresearch.com.br\/n\/uploads\/2021\/07\/3207574d-shopping-mall-509536_1920.jpg\",\"keywords\":[\"Ag\u00eancias\",\"confian\u00e7a do consumidor\",\"FGV\"],\"articleSection\":[\"Economia\"],\"inLanguage\":\"pt-BR\"},{\"@type\":\"WebPage\",\"@id\":\"https:\/\/www.suno.com.br\/noticias\/confianca-do-consumidor-fgv-outubro\/\",\"url\":\"https:\/\/www.suno.com.br\/noticias\/confianca-do-consumidor-fgv-outubro\/\",\"name\":\"\u00cdndice de Confian\u00e7a do consumidor sobe em outubro, diz FGV\",\"isPartOf\":{\"@id\":\"https:\/\/www.suno.com.br\/noticias\/#website\"},\"primaryImageOfPage\":{\"@id\":\"https:\/\/www.suno.com.br\/noticias\/confianca-do-consumidor-fgv-outubro\/#primaryimage\"},\"image\":{\"@id\":\"https:\/\/www.suno.com.br\/noticias\/confianca-do-consumidor-fgv-outubro\/#primaryimage\"},\"thumbnailUrl\":\"https:\/\/files.sunoresearch.com.br\/n\/uploads\/2021\/07\/3207574d-shopping-mall-509536_1920.jpg\",\"datePublished\":\"2021-10-25T14:59:31+00:00\",\"description\":\"A confian\u00e7a do consumidor subiu em um ponto no m\u00eas outubro ante setembro, na s\u00e9rie com ajuste sazonal. Clique aqui e leia mais.\",\"breadcrumb\":{\"@id\":\"https:\/\/www.suno.com.br\/noticias\/confianca-do-consumidor-fgv-outubro\/#breadcrumb\"},\"inLanguage\":\"pt-BR\",\"potentialAction\":[{\"@type\":\"ReadAction\",\"target\":[\"https:\/\/www.suno.com.br\/noticias\/confianca-do-consumidor-fgv-outubro\/\"]}]},{\"@type\":\"ImageObject\",\"inLanguage\":\"pt-BR\",\"@id\":\"https:\/\/www.suno.com.br\/noticias\/confianca-do-consumidor-fgv-outubro\/#primaryimage\",\"url\":\"https:\/\/files.sunoresearch.com.br\/n\/uploads\/2021\/07\/3207574d-shopping-mall-509536_1920.jpg\",\"contentUrl\":\"https:\/\/files.sunoresearch.com.br\/n\/uploads\/2021\/07\/3207574d-shopping-mall-509536_1920.jpg\",\"width\":1920,\"height\":1475,\"caption\":\"Foto: Pixabay\"},{\"@type\":\"BreadcrumbList\",\"@id\":\"https:\/\/www.suno.com.br\/noticias\/confianca-do-consumidor-fgv-outubro\/#breadcrumb\",\"itemListElement\":[{\"@type\":\"ListItem\",\"position\":1,\"name\":\"Not\u00edcias\",\"item\":\"https:\/\/www.suno.com.br\/noticias\/\"},{\"@type\":\"ListItem\",\"position\":2,\"name\":\"Economia\",\"item\":\"https:\/\/www.suno.com.br\/noticias\/economia\/\"},{\"@type\":\"ListItem\",\"position\":3,\"name\":\"\u00cdndice de Confian\u00e7a do consumidor vai a 76,3 pontos em outubro, diz FGV\"}]},{\"@type\":\"WebSite\",\"@id\":\"https:\/\/www.suno.com.br\/noticias\/#website\",\"url\":\"https:\/\/www.suno.com.br\/noticias\/\",\"name\":\"Suno Not\u00edcias\",\"description\":\"Seu portal de informa\u00e7\u00e3o sobre o mundo dos investimentos\",\"publisher\":{\"@id\":\"https:\/\/www.suno.com.br\/noticias\/#organization\"},\"potentialAction\":[{\"@type\":\"SearchAction\",\"target\":{\"@type\":\"EntryPoint\",\"urlTemplate\":\"https:\/\/www.suno.com.br\/noticias\/?s={search_term_string}\"},\"query-input\":{\"@type\":\"PropertyValueSpecification\",\"valueRequired\":true,\"valueName\":\"search_term_string\"}}],\"inLanguage\":\"pt-BR\"},{\"@type\":\"Organization\",\"@id\":\"https:\/\/www.suno.com.br\/noticias\/#organization\",\"name\":\"Suno Not\u00edcias\",\"url\":\"https:\/\/www.suno.com.br\/noticias\/\",\"logo\":{\"@type\":\"ImageObject\",\"inLanguage\":\"pt-BR\",\"@id\":\"https:\/\/www.suno.com.br\/noticias\/#\/schema\/logo\/image\/\",\"url\":\"https:\/\/files.sunoresearch.com.br\/n\/uploads\/2021\/09\/suno-logo.png\",\"contentUrl\":\"https:\/\/files.sunoresearch.com.br\/n\/uploads\/2021\/09\/suno-logo.png\",\"width\":180,\"height\":180,\"caption\":\"Suno Not\u00edcias\"},\"image\":{\"@id\":\"https:\/\/www.suno.com.br\/noticias\/#\/schema\/logo\/image\/\"},\"sameAs\":[\"https:\/\/facebook.com\/sunoresearch\",\"https:\/\/x.com\/sunoresearch\",\"https:\/\/www.instagram.com\/suno\",\"https:\/\/www.linkedin.com\/company\/suno-research\/\",\"https:\/\/www.youtube.com\/c\/sunoresearch\"]},{\"@type\":\"Person\",\"@id\":\"https:\/\/www.suno.com.br\/noticias\/#\/schema\/person\/7f4d362bf3518e76090143ae77bb49a5\",\"name\":\"Eduardo Vargas\",\"image\":{\"@type\":\"ImageObject\",\"inLanguage\":\"pt-BR\",\"@id\":\"https:\/\/www.suno.com.br\/noticias\/#\/schema\/person\/image\/\",\"url\":\"https:\/\/secure.gravatar.com\/avatar\/dac340933427a22924c9f99d1eb2e3f2?s=96&r=g\",\"contentUrl\":\"https:\/\/secure.gravatar.com\/avatar\/dac340933427a22924c9f99d1eb2e3f2?s=96&r=g\",\"caption\":\"Eduardo Vargas\"},\"description\":\"Jornalista formado pela UFSC, cobre macroeconomia, neg\u00f3cios e startups para o Suno Not\u00edcias, escrevendo principalmente not\u00edcias sobre o mercado financeiro e a bolsa de valores. No YouTube e no Instagram, \u00e9 respons\u00e1vel pela produ\u00e7\u00e3o de Reels e Shorts do Suno Not\u00edcias. Anteriormente, trabalhou cobrindo economia e cotidiano no ND+ e para o ND, maior jornal impresso de Santa Catarina. Cursou um semestre letivo de Estudos de M\u00eddia na Universidad de Buenos Aires.\",\"url\":\"https:\/\/www.suno.com.br\/noticias\/author\/eduardo-vargas\/\"}]}<\/script>\n<!-- \/ Yoast SEO plugin. -->","yoast_head_json":{"title":"\u00cdndice de Confian\u00e7a do consumidor sobe em outubro, diz FGV","description":"A confian\u00e7a do consumidor subiu em um ponto no m\u00eas outubro ante setembro, na s\u00e9rie com ajuste sazonal. Clique aqui e leia mais.","robots":{"index":"index","follow":"follow","max-snippet":"max-snippet:-1","max-image-preview":"max-image-preview:large","max-video-preview":"max-video-preview:-1"},"canonical":"https:\/\/www.suno.com.br\/noticias\/confianca-do-consumidor-fgv-outubro\/","og_locale":"pt_BR","og_type":"article","og_title":"\u00cdndice de Confian\u00e7a do consumidor sobe em outubro, diz FGV","og_description":"A confian\u00e7a do consumidor subiu em um ponto no m\u00eas outubro ante setembro, na s\u00e9rie com ajuste sazonal. Clique aqui e leia mais.","og_url":"https:\/\/www.suno.com.br\/noticias\/confianca-do-consumidor-fgv-outubro\/","og_site_name":"Suno Not\u00edcias","article_publisher":"https:\/\/facebook.com\/sunoresearch","og_image":[{"width":1920,"height":1475,"url":"https:\/\/files.sunoresearch.com.br\/n\/uploads\/2021\/07\/3207574d-shopping-mall-509536_1920.jpg","type":"image\/jpeg"}],"author":"Eduardo Vargas","twitter_card":"summary_large_image","twitter_creator":"@sunoresearch","twitter_site":"@sunoresearch","twitter_misc":{"Escrito por":"Eduardo Vargas","Est. tempo de leitura":"2 minutos"},"schema":{"@context":"https:\/\/schema.org","@graph":[{"@type":"NewsArticle","@id":"https:\/\/www.suno.com.br\/noticias\/confianca-do-consumidor-fgv-outubro\/#article","isPartOf":{"@id":"https:\/\/www.suno.com.br\/noticias\/confianca-do-consumidor-fgv-outubro\/"},"author":{"name":"Eduardo Vargas","@id":"https:\/\/www.suno.com.br\/noticias\/#\/schema\/person\/7f4d362bf3518e76090143ae77bb49a5"},"headline":"\u00cdndice de Confian\u00e7a do consumidor vai a 76,3 pontos em outubro, diz FGV","datePublished":"2021-10-25T14:59:31+00:00","mainEntityOfPage":{"@id":"https:\/\/www.suno.com.br\/noticias\/confianca-do-consumidor-fgv-outubro\/"},"wordCount":489,"publisher":{"@id":"https:\/\/www.suno.com.br\/noticias\/#organization"},"image":{"@id":"https:\/\/www.suno.com.br\/noticias\/confianca-do-consumidor-fgv-outubro\/#primaryimage"},"thumbnailUrl":"https:\/\/files.sunoresearch.com.br\/n\/uploads\/2021\/07\/3207574d-shopping-mall-509536_1920.jpg","keywords":["Ag\u00eancias","confian\u00e7a do consumidor","FGV"],"articleSection":["Economia"],"inLanguage":"pt-BR"},{"@type":"WebPage","@id":"https:\/\/www.suno.com.br\/noticias\/confianca-do-consumidor-fgv-outubro\/","url":"https:\/\/www.suno.com.br\/noticias\/confianca-do-consumidor-fgv-outubro\/","name":"\u00cdndice de Confian\u00e7a do consumidor sobe em outubro, diz FGV","isPartOf":{"@id":"https:\/\/www.suno.com.br\/noticias\/#website"},"primaryImageOfPage":{"@id":"https:\/\/www.suno.com.br\/noticias\/confianca-do-consumidor-fgv-outubro\/#primaryimage"},"image":{"@id":"https:\/\/www.suno.com.br\/noticias\/confianca-do-consumidor-fgv-outubro\/#primaryimage"},"thumbnailUrl":"https:\/\/files.sunoresearch.com.br\/n\/uploads\/2021\/07\/3207574d-shopping-mall-509536_1920.jpg","datePublished":"2021-10-25T14:59:31+00:00","description":"A confian\u00e7a do consumidor subiu em um ponto no m\u00eas outubro ante setembro, na s\u00e9rie com ajuste sazonal. Clique aqui e leia mais.","breadcrumb":{"@id":"https:\/\/www.suno.com.br\/noticias\/confianca-do-consumidor-fgv-outubro\/#breadcrumb"},"inLanguage":"pt-BR","potentialAction":[{"@type":"ReadAction","target":["https:\/\/www.suno.com.br\/noticias\/confianca-do-consumidor-fgv-outubro\/"]}]},{"@type":"ImageObject","inLanguage":"pt-BR","@id":"https:\/\/www.suno.com.br\/noticias\/confianca-do-consumidor-fgv-outubro\/#primaryimage","url":"https:\/\/files.sunoresearch.com.br\/n\/uploads\/2021\/07\/3207574d-shopping-mall-509536_1920.jpg","contentUrl":"https:\/\/files.sunoresearch.com.br\/n\/uploads\/2021\/07\/3207574d-shopping-mall-509536_1920.jpg","width":1920,"height":1475,"caption":"Foto: Pixabay"},{"@type":"BreadcrumbList","@id":"https:\/\/www.suno.com.br\/noticias\/confianca-do-consumidor-fgv-outubro\/#breadcrumb","itemListElement":[{"@type":"ListItem","position":1,"name":"Not\u00edcias","item":"https:\/\/www.suno.com.br\/noticias\/"},{"@type":"ListItem","position":2,"name":"Economia","item":"https:\/\/www.suno.com.br\/noticias\/economia\/"},{"@type":"ListItem","position":3,"name":"\u00cdndice de Confian\u00e7a do consumidor vai a 76,3 pontos em outubro, diz FGV"}]},{"@type":"WebSite","@id":"https:\/\/www.suno.com.br\/noticias\/#website","url":"https:\/\/www.suno.com.br\/noticias\/","name":"Suno Not\u00edcias","description":"Seu portal de informa\u00e7\u00e3o sobre o mundo dos investimentos","publisher":{"@id":"https:\/\/www.suno.com.br\/noticias\/#organization"},"potentialAction":[{"@type":"SearchAction","target":{"@type":"EntryPoint","urlTemplate":"https:\/\/www.suno.com.br\/noticias\/?s={search_term_string}"},"query-input":{"@type":"PropertyValueSpecification","valueRequired":true,"valueName":"search_term_string"}}],"inLanguage":"pt-BR"},{"@type":"Organization","@id":"https:\/\/www.suno.com.br\/noticias\/#organization","name":"Suno Not\u00edcias","url":"https:\/\/www.suno.com.br\/noticias\/","logo":{"@type":"ImageObject","inLanguage":"pt-BR","@id":"https:\/\/www.suno.com.br\/noticias\/#\/schema\/logo\/image\/","url":"https:\/\/files.sunoresearch.com.br\/n\/uploads\/2021\/09\/suno-logo.png","contentUrl":"https:\/\/files.sunoresearch.com.br\/n\/uploads\/2021\/09\/suno-logo.png","width":180,"height":180,"caption":"Suno Not\u00edcias"},"image":{"@id":"https:\/\/www.suno.com.br\/noticias\/#\/schema\/logo\/image\/"},"sameAs":["https:\/\/facebook.com\/sunoresearch","https:\/\/x.com\/sunoresearch","https:\/\/www.instagram.com\/suno","https:\/\/www.linkedin.com\/company\/suno-research\/","https:\/\/www.youtube.com\/c\/sunoresearch"]},{"@type":"Person","@id":"https:\/\/www.suno.com.br\/noticias\/#\/schema\/person\/7f4d362bf3518e76090143ae77bb49a5","name":"Eduardo Vargas","image":{"@type":"ImageObject","inLanguage":"pt-BR","@id":"https:\/\/www.suno.com.br\/noticias\/#\/schema\/person\/image\/","url":"https:\/\/secure.gravatar.com\/avatar\/dac340933427a22924c9f99d1eb2e3f2?s=96&r=g","contentUrl":"https:\/\/secure.gravatar.com\/avatar\/dac340933427a22924c9f99d1eb2e3f2?s=96&r=g","caption":"Eduardo Vargas"},"description":"Jornalista formado pela UFSC, cobre macroeconomia, neg\u00f3cios e startups para o Suno Not\u00edcias, escrevendo principalmente not\u00edcias sobre o mercado financeiro e a bolsa de valores. No YouTube e no Instagram, \u00e9 respons\u00e1vel pela produ\u00e7\u00e3o de Reels e Shorts do Suno Not\u00edcias. Anteriormente, trabalhou cobrindo economia e cotidiano no ND+ e para o ND, maior jornal impresso de Santa Catarina. Cursou um semestre letivo de Estudos de M\u00eddia na Universidad de Buenos Aires.","url":"https:\/\/www.suno.com.br\/noticias\/author\/eduardo-vargas\/"}]}},"default_loop_html":"<div class=\"cardsPage__listCard__boxs\"><div class=\"cardsPage__listCard__boxs__img\"><a href=\"https:\/\/www.suno.com.br\/noticias\/confianca-do-consumidor-fgv-outubro\/\"><img class=\"mask\" src=\"https:\/\/www.suno.com.br\/noticias\/wp-content\/themes\/suno\/resources\/images\/spotlight\/spotlight1img\/bg-mask.png\" alt=\"Image Mask\"\/><img src=\"https:\/\/files.sunoresearch.com.br\/n\/uploads\/2021\/07\/3207574d-shopping-mall-509536_1920-400x200.jpg\" alt=\"\u00cdndice de Confian\u00e7a do consumidor vai a 76,3 pontos em outubro, diz FGV\"\/><\/a><span class=\"spotlightCategory\"><a href=\"https:\/\/www.suno.com.br\/noticias\/economia\/\">Economia<\/a><\/span><\/div><div class=\"cardsPage__listCard__boxs__content\"><a href=\"https:\/\/www.suno.com.br\/noticias\/confianca-do-consumidor-fgv-outubro\/\"><h2 class=\"content__title\">\u00cdndice de Confian\u00e7a do consumidor vai a 76,3 pontos em outubro, diz FGV<\/h2><\/a><div class=\"newsContent__article__meta\"><div class=\"newsContent__article__meta__authorBox\"><a href=\"https:\/\/www.suno.com.br\/noticias\/author\/eduardo-vargas\/\" class=\"authorBox__avatar noMobi\"><img src=\"https:\/\/secure.gravatar.com\/avatar\/dac340933427a22924c9f99d1eb2e3f2?s=96&#038;r=g\" alt=\"Eduardo Vargas\"><\/a><div class=\"authorBox__name\"><span>por\n\t\t\t<a href=\"https:\/\/www.suno.com.br\/noticias\/author\/eduardo-vargas\/\"><span itemprop=\"author\">Eduardo Vargas<\/span><\/a><\/span><time datetime=\"2021-10-25T11:59:31-03:00\" itemprop=\"datePublished\">25\/10\/2021 11:59<\/time><\/div><\/div><\/div><\/div><\/div>","single_layout":"posts","amp_enabled":true,"_links":{"self":[{"href":"https:\/\/www.suno.com.br\/noticias\/wp-json\/wp\/v2\/posts\/196870"}],"collection":[{"href":"https:\/\/www.suno.com.br\/noticias\/wp-json\/wp\/v2\/posts"}],"about":[{"href":"https:\/\/www.suno.com.br\/noticias\/wp-json\/wp\/v2\/types\/post"}],"author":[{"embeddable":true,"href":"https:\/\/www.suno.com.br\/noticias\/wp-json\/wp\/v2\/users\/73"}],"replies":[{"embeddable":true,"href":"https:\/\/www.suno.com.br\/noticias\/wp-json\/wp\/v2\/comments?post=196870"}],"version-history":[{"count":4,"href":"https:\/\/www.suno.com.br\/noticias\/wp-json\/wp\/v2\/posts\/196870\/revisions"}],"predecessor-version":[{"id":196969,"href":"https:\/\/www.suno.com.br\/noticias\/wp-json\/wp\/v2\/posts\/196870\/revisions\/196969"}],"wp:featuredmedia":[{"embeddable":true,"href":"https:\/\/www.suno.com.br\/noticias\/wp-json\/wp\/v2\/media\/169263"}],"wp:attachment":[{"href":"https:\/\/www.suno.com.br\/noticias\/wp-json\/wp\/v2\/media?parent=196870"}],"wp:term":[{"taxonomy":"category","embeddable":true,"href":"https:\/\/www.suno.com.br\/noticias\/wp-json\/wp\/v2\/categories?post=196870"},{"taxonomy":"post_tag","embeddable":true,"href":"https:\/\/www.suno.com.br\/noticias\/wp-json\/wp\/v2\/tags?post=196870"},{"taxonomy":"suno_strategy","embeddable":true,"href":"https:\/\/www.suno.com.br\/noticias\/wp-json\/wp\/v2\/suno_strategy?post=196870"}],"curies":[{"name":"wp","href":"https:\/\/api.w.org\/{rel}","templated":true}]}}