{"id":196820,"date":"2021-10-24T16:44:26","date_gmt":"2021-10-24T19:44:26","guid":{"rendered":"https:\/\/www.suno.com.br\/noticias\/?p=196820"},"modified":"2021-10-24T16:45:05","modified_gmt":"2021-10-24T19:45:05","slug":"tempestade-desliga-5-turbinas-de-itaipu-e-obriga-usina-a-verter-agua","status":"publish","type":"post","link":"https:\/\/www.suno.com.br\/noticias\/tempestade-desliga-5-turbinas-de-itaipu-e-obriga-usina-a-verter-agua\/","title":{"rendered":"Tempestade desliga 5 turbinas de Itaipu e obriga usina a verter \u00e1gua"},"content":{"rendered":"<p>Uma tempestade na regi\u00e3o oeste do Paran\u00e1 interrompeu no s\u00e1bado, 23, a opera\u00e7\u00e3o de <strong>linhas de transmiss\u00e3o<\/strong> que conectam a usina hidrel\u00e9trica binacional de <strong>Itaipu<\/strong> ao <a class=\"suno-keyword\" href=\"https:\/\/www.suno.com.br\/artigos\/sistema-interligado-nacional\/\" target=\"_blank\" rel=\"noopener\" data-force=\"no\" data-priority=\"1\">Sistema Interligado Nacional<\/a> (SIN), desligando assim, automaticamente, por seguran\u00e7a, cinco das 20 turbinas da usina.<\/p>\t<div class=\"wrapper-featured-image\">\n\t\t<figure class=\"spotlightImg\">\n\n\t\t\t<picture>\n\t\t\t\t<source media=\"(max-width: 768px)\" srcset=\"https:\/\/files.sunoresearch.com.br\/n\/uploads\/2021\/10\/itaipu-g136bb4016_1920-400x200.jpg\">\n\t\t\t\t<img loading=\"lazy\" decoding=\"async\" class=\"newsContent__article__imgCapa lazyloadDisabled \" src=\"https:\/\/files.sunoresearch.com.br\/n\/uploads\/2021\/10\/itaipu-g136bb4016_1920-800x450.jpg\" width=\"800\" height=\"450\" alt=\"Tempestade desliga 5 turbinas de Itaipu e obriga usina a verter \u00e1gua\" fetchpriority=high \/>\n\t\t\t<\/picture>\n\n\t\t\t<figcaption class=\"wp-caption-text wp-caption-text--show\">Itaipu. Foto: Frederick Moschkowich por Pixabay <\/figcaption>\n\t\t<\/figure>\n\t<\/div>\n\n\n\t<p>\n\t\t<a href=\"https:\/\/lp.suno.com.br\/planilha-controle-gastos\/\" target=\"_blank\" data-element=\"shortcode-suno-banner\" title=\"Banner SUNO, clique e saiba mais\">\n\t\t\t<picture>\n\t\t\t\t<source media=\"(max-width: 500px)\" srcset=\"https:\/\/files.sunoresearch.com.br\/n\/uploads\/2023\/03\/400x300-Planilha-controle-de-gastos.png\">\n\t\t\t\t<img class=\"newsContent__article__imgCapa newsContent__article__imgCapa--banner\"\n\t\t\t\t\tsrc=\"https:\/\/files.sunoresearch.com.br\/n\/uploads\/2023\/03\/1420x240-Planilha-controle-de-gastos.png\"\n\t\t\t\t\tdata-promo-id=\"101751\"\t\t\t\t\t\t\t\t\t\twidth='1420' height='240'\t\t\t\t\talt=\"https:\/\/files.sunoresearch.com.br\/n\/uploads\/2023\/03\/1420x240-Planilha-controle-de-gastos.png\"\n\t\t\t\t>\n\t\t\t<\/picture>\n\t\t<\/a>\n\t<\/p>\n\n\n<p>Em fun\u00e7\u00e3o da diminui\u00e7\u00e3o na gera\u00e7\u00e3o, houve redu\u00e7\u00e3o da aflu\u00eancia e, tamb\u00e9m, do n\u00edvel do rio Paran\u00e1 a jusante da usina. Como o Acordo Tripartite &#8211; do qual fazem parte o Brasil, Paraguai e Argentina &#8211; imp\u00f5e limites de varia\u00e7\u00e3o nos n\u00edveis do rio Paran\u00e1, foi necess\u00e1rio <strong>abrir o vertedouro da usina<\/strong> \u00e0s 14h30, para compensar temporariamente a varia\u00e7\u00e3o de aflu\u00eancia sofrida com o desligamento das cinco unidades geradoras, informou Itaipu em nota.<\/p>\n<p>Segundo Itaipu, o vertedouro permaneceu aberto pelo tempo e com valores de vaz\u00e3o estritamente necess\u00e1rios para compensar a redu\u00e7\u00e3o parcial da gera\u00e7\u00e3o.<\/p>\n<p>&#8220;\u00c0 medida que a Itaipu foi sendo demandada para o restabelecimento da gera\u00e7\u00e3o aos valores originais, a vaz\u00e3o vertida foi sendo diminu\u00edda at\u00e9 o completo fechamento do vertedouro, \u00e0s 22h28min de s\u00e1bado&#8221;, informou a empresa.<\/p>\n<p>Segundo a hidrel\u00e9trica, o temporal n\u00e3o trouxe qualquer impacto para as instala\u00e7\u00f5es da usina de Itaipu, que segue operando normalmente, com total disponibilidade de pot\u00eancia e energia.<\/p>\n<p><em>Com Estad\u00e3o Conte\u00fado<\/em><\/p>\n\t<p>\n\t\t<a href=\"https:\/\/lp.suno.com.br\/planilha-da-vida-financeira\/\" target=\"_blank\" data-element=\"shortcode-suno-banner\" title=\"Banner SUNO, clique e saiba mais\">\n\t\t\t<picture>\n\t\t\t\t<source media=\"(max-width: 500px)\" srcset=\"https:\/\/files.sunoresearch.com.br\/n\/uploads\/2023\/04\/400x300-Planilha-vida-financeira-true.png\">\n\t\t\t\t<img class=\"newsContent__article__imgCapa newsContent__article__imgCapa--banner\"\n\t\t\t\t\tsrc=\"https:\/\/files.sunoresearch.com.br\/n\/uploads\/2023\/04\/1420x240-Planilha-vida-financeira-true.png\"\n\t\t\t\t\tdata-promo-id=\"106682\"\t\t\t\t\t\t\t\t\t\twidth='1420' height='240'\t\t\t\t\talt=\"https:\/\/files.sunoresearch.com.br\/n\/uploads\/2023\/04\/1420x240-Planilha-vida-financeira-true.png\"\n\t\t\t\t>\n\t\t\t<\/picture>\n\t\t<\/a>\n\t<\/p>\n\n\n","protected":false},"excerpt":{"rendered":"<p>Uma tempestade na regi\u00e3o oeste do Paran\u00e1 interrompeu no s\u00e1bado, 23, a opera\u00e7\u00e3o de linhas de transmiss\u00e3o que conectam a usina hidrel\u00e9trica binacional de Itaipu ao Sistema Interligado Nacional (SIN), desligando assim, automaticamente, por seguran\u00e7a, cinco das 20 turbinas da usina. Itaipu. Foto: Frederick Moschkowich por Pixabay Em fun\u00e7\u00e3o da diminui\u00e7\u00e3o na gera\u00e7\u00e3o, houve redu\u00e7\u00e3o [&hellip;]<\/p>\n","protected":false},"author":43,"featured_media":196821,"comment_status":"closed","ping_status":"closed","sticky":false,"template":"","format":"standard","meta":[],"categories":[64],"tags":[2153],"suno_strategy":[],"class_list":["post-196820","post","type-post","status-publish","format-standard","has-post-thumbnail","hentry","category-negocios","tag-energia-eletrica"],"yoast_head":"<!-- This site is optimized with the Yoast SEO plugin v24.4 - https:\/\/yoast.com\/wordpress\/plugins\/seo\/ -->\n<title>Tempestade desliga 5 turbinas de Itaipu e obriga usina a verter \u00e1gua<\/title>\n<meta name=\"robots\" content=\"index, follow, max-snippet:-1, max-image-preview:large, max-video-preview:-1\" \/>\n<link rel=\"canonical\" href=\"https:\/\/www.suno.com.br\/noticias\/tempestade-desliga-5-turbinas-de-itaipu-e-obriga-usina-a-verter-agua\/\" \/>\n<meta property=\"og:locale\" content=\"pt_BR\" \/>\n<meta property=\"og:type\" content=\"article\" \/>\n<meta property=\"og:title\" content=\"Tempestade desliga 5 turbinas de Itaipu e obriga usina a verter \u00e1gua\" \/>\n<meta property=\"og:description\" content=\"Uma tempestade na regi\u00e3o oeste do Paran\u00e1 interrompeu no s\u00e1bado, 23, a opera\u00e7\u00e3o de linhas de transmiss\u00e3o que conectam a usina hidrel\u00e9trica binacional de Itaipu ao Sistema Interligado Nacional (SIN), desligando assim, automaticamente, por seguran\u00e7a, cinco das 20 turbinas da usina. Itaipu. Foto: Frederick Moschkowich por Pixabay Em fun\u00e7\u00e3o da diminui\u00e7\u00e3o na gera\u00e7\u00e3o, houve redu\u00e7\u00e3o [&hellip;]\" \/>\n<meta property=\"og:url\" content=\"https:\/\/www.suno.com.br\/noticias\/tempestade-desliga-5-turbinas-de-itaipu-e-obriga-usina-a-verter-agua\/\" \/>\n<meta property=\"og:site_name\" content=\"Suno Not\u00edcias\" \/>\n<meta property=\"article:publisher\" content=\"https:\/\/facebook.com\/sunoresearch\" \/>\n<meta property=\"article:author\" content=\"https:\/\/www.facebook.com\/sunonoticias\/\" \/>\n<meta property=\"og:image\" content=\"https:\/\/files.sunoresearch.com.br\/n\/uploads\/2021\/10\/itaipu-g136bb4016_1920.jpg\" \/>\n\t<meta property=\"og:image:width\" content=\"1920\" \/>\n\t<meta property=\"og:image:height\" content=\"1092\" \/>\n\t<meta property=\"og:image:type\" content=\"image\/jpeg\" \/>\n<meta name=\"author\" content=\"Reda\u00e7\u00e3o Suno Not\u00edcias\" \/>\n<meta name=\"twitter:card\" content=\"summary_large_image\" \/>\n<meta name=\"twitter:creator\" content=\"@https:\/\/twitter.com\/sunoresearch\" \/>\n<meta name=\"twitter:site\" content=\"@sunoresearch\" \/>\n<meta name=\"twitter:label1\" content=\"Escrito por\" \/>\n\t<meta name=\"twitter:data1\" content=\"Reda\u00e7\u00e3o Suno Not\u00edcias\" \/>\n\t<meta name=\"twitter:label2\" content=\"Est. tempo de leitura\" \/>\n\t<meta name=\"twitter:data2\" content=\"1 minuto\" \/>\n<script type=\"application\/ld+json\" class=\"yoast-schema-graph\">{\"@context\":\"https:\/\/schema.org\",\"@graph\":[{\"@type\":\"NewsArticle\",\"@id\":\"https:\/\/www.suno.com.br\/noticias\/tempestade-desliga-5-turbinas-de-itaipu-e-obriga-usina-a-verter-agua\/#article\",\"isPartOf\":{\"@id\":\"https:\/\/www.suno.com.br\/noticias\/tempestade-desliga-5-turbinas-de-itaipu-e-obriga-usina-a-verter-agua\/\"},\"author\":{\"name\":\"Reda\u00e7\u00e3o Suno Not\u00edcias\",\"@id\":\"https:\/\/www.suno.com.br\/noticias\/#\/schema\/person\/c1b1bd3727fa852bd045e9dbff3673ea\"},\"headline\":\"Tempestade desliga 5 turbinas de Itaipu e obriga usina a verter \u00e1gua\",\"datePublished\":\"2021-10-24T19:44:26+00:00\",\"dateModified\":\"2021-10-24T19:45:05+00:00\",\"mainEntityOfPage\":{\"@id\":\"https:\/\/www.suno.com.br\/noticias\/tempestade-desliga-5-turbinas-de-itaipu-e-obriga-usina-a-verter-agua\/\"},\"wordCount\":249,\"publisher\":{\"@id\":\"https:\/\/www.suno.com.br\/noticias\/#organization\"},\"image\":{\"@id\":\"https:\/\/www.suno.com.br\/noticias\/tempestade-desliga-5-turbinas-de-itaipu-e-obriga-usina-a-verter-agua\/#primaryimage\"},\"thumbnailUrl\":\"https:\/\/files.sunoresearch.com.br\/n\/uploads\/2021\/10\/itaipu-g136bb4016_1920.jpg\",\"keywords\":[\"energia el\u00e9trica\"],\"articleSection\":[\"Neg\u00f3cios\"],\"inLanguage\":\"pt-BR\"},{\"@type\":\"WebPage\",\"@id\":\"https:\/\/www.suno.com.br\/noticias\/tempestade-desliga-5-turbinas-de-itaipu-e-obriga-usina-a-verter-agua\/\",\"url\":\"https:\/\/www.suno.com.br\/noticias\/tempestade-desliga-5-turbinas-de-itaipu-e-obriga-usina-a-verter-agua\/\",\"name\":\"Tempestade desliga 5 turbinas de Itaipu e obriga usina a verter \u00e1gua\",\"isPartOf\":{\"@id\":\"https:\/\/www.suno.com.br\/noticias\/#website\"},\"primaryImageOfPage\":{\"@id\":\"https:\/\/www.suno.com.br\/noticias\/tempestade-desliga-5-turbinas-de-itaipu-e-obriga-usina-a-verter-agua\/#primaryimage\"},\"image\":{\"@id\":\"https:\/\/www.suno.com.br\/noticias\/tempestade-desliga-5-turbinas-de-itaipu-e-obriga-usina-a-verter-agua\/#primaryimage\"},\"thumbnailUrl\":\"https:\/\/files.sunoresearch.com.br\/n\/uploads\/2021\/10\/itaipu-g136bb4016_1920.jpg\",\"datePublished\":\"2021-10-24T19:44:26+00:00\",\"dateModified\":\"2021-10-24T19:45:05+00:00\",\"breadcrumb\":{\"@id\":\"https:\/\/www.suno.com.br\/noticias\/tempestade-desliga-5-turbinas-de-itaipu-e-obriga-usina-a-verter-agua\/#breadcrumb\"},\"inLanguage\":\"pt-BR\",\"potentialAction\":[{\"@type\":\"ReadAction\",\"target\":[\"https:\/\/www.suno.com.br\/noticias\/tempestade-desliga-5-turbinas-de-itaipu-e-obriga-usina-a-verter-agua\/\"]}]},{\"@type\":\"ImageObject\",\"inLanguage\":\"pt-BR\",\"@id\":\"https:\/\/www.suno.com.br\/noticias\/tempestade-desliga-5-turbinas-de-itaipu-e-obriga-usina-a-verter-agua\/#primaryimage\",\"url\":\"https:\/\/files.sunoresearch.com.br\/n\/uploads\/2021\/10\/itaipu-g136bb4016_1920.jpg\",\"contentUrl\":\"https:\/\/files.sunoresearch.com.br\/n\/uploads\/2021\/10\/itaipu-g136bb4016_1920.jpg\",\"width\":1920,\"height\":1092,\"caption\":\"Itaipu. Foto: Frederick Moschkowich por Pixabay\"},{\"@type\":\"BreadcrumbList\",\"@id\":\"https:\/\/www.suno.com.br\/noticias\/tempestade-desliga-5-turbinas-de-itaipu-e-obriga-usina-a-verter-agua\/#breadcrumb\",\"itemListElement\":[{\"@type\":\"ListItem\",\"position\":1,\"name\":\"Not\u00edcias\",\"item\":\"https:\/\/www.suno.com.br\/noticias\/\"},{\"@type\":\"ListItem\",\"position\":2,\"name\":\"Neg\u00f3cios\",\"item\":\"https:\/\/www.suno.com.br\/noticias\/negocios\/\"},{\"@type\":\"ListItem\",\"position\":3,\"name\":\"Tempestade desliga 5 turbinas de Itaipu e obriga usina a verter \u00e1gua\"}]},{\"@type\":\"WebSite\",\"@id\":\"https:\/\/www.suno.com.br\/noticias\/#website\",\"url\":\"https:\/\/www.suno.com.br\/noticias\/\",\"name\":\"Suno Not\u00edcias\",\"description\":\"Seu portal de informa\u00e7\u00e3o sobre o mundo dos investimentos\",\"publisher\":{\"@id\":\"https:\/\/www.suno.com.br\/noticias\/#organization\"},\"potentialAction\":[{\"@type\":\"SearchAction\",\"target\":{\"@type\":\"EntryPoint\",\"urlTemplate\":\"https:\/\/www.suno.com.br\/noticias\/?s={search_term_string}\"},\"query-input\":{\"@type\":\"PropertyValueSpecification\",\"valueRequired\":true,\"valueName\":\"search_term_string\"}}],\"inLanguage\":\"pt-BR\"},{\"@type\":\"Organization\",\"@id\":\"https:\/\/www.suno.com.br\/noticias\/#organization\",\"name\":\"Suno Not\u00edcias\",\"url\":\"https:\/\/www.suno.com.br\/noticias\/\",\"logo\":{\"@type\":\"ImageObject\",\"inLanguage\":\"pt-BR\",\"@id\":\"https:\/\/www.suno.com.br\/noticias\/#\/schema\/logo\/image\/\",\"url\":\"https:\/\/files.sunoresearch.com.br\/n\/uploads\/2021\/09\/suno-logo.png\",\"contentUrl\":\"https:\/\/files.sunoresearch.com.br\/n\/uploads\/2021\/09\/suno-logo.png\",\"width\":180,\"height\":180,\"caption\":\"Suno Not\u00edcias\"},\"image\":{\"@id\":\"https:\/\/www.suno.com.br\/noticias\/#\/schema\/logo\/image\/\"},\"sameAs\":[\"https:\/\/facebook.com\/sunoresearch\",\"https:\/\/x.com\/sunoresearch\",\"https:\/\/www.instagram.com\/suno\",\"https:\/\/www.linkedin.com\/company\/suno-research\/\",\"https:\/\/www.youtube.com\/c\/sunoresearch\"]},{\"@type\":\"Person\",\"@id\":\"https:\/\/www.suno.com.br\/noticias\/#\/schema\/person\/c1b1bd3727fa852bd045e9dbff3673ea\",\"name\":\"Reda\u00e7\u00e3o Suno Not\u00edcias\",\"image\":{\"@type\":\"ImageObject\",\"inLanguage\":\"pt-BR\",\"@id\":\"https:\/\/www.suno.com.br\/noticias\/#\/schema\/person\/image\/\",\"url\":\"https:\/\/secure.gravatar.com\/avatar\/b8104b9b5a71985d5238ee59fbe418af?s=96&r=g\",\"contentUrl\":\"https:\/\/secure.gravatar.com\/avatar\/b8104b9b5a71985d5238ee59fbe418af?s=96&r=g\",\"caption\":\"Reda\u00e7\u00e3o Suno Not\u00edcias\"},\"description\":\"O Suno Not\u00edcias \u00e9 um portal de informa\u00e7\u00f5es sobre Mercado Financeiro, Pol\u00edtica, Neg\u00f3cios, Economia e Finan\u00e7as Pessoais.\",\"sameAs\":[\"https:\/\/www.suno.com.br\/noticias\",\"https:\/\/www.facebook.com\/sunonoticias\/\",\"https:\/\/www.instagram.com\/sunonoticias\/\",\"https:\/\/x.com\/https:\/\/twitter.com\/sunoresearch\",\"https:\/\/www.youtube.com\/sunonoticias\"],\"url\":\"https:\/\/www.suno.com.br\/noticias\/author\/redacao-suno\/\"}]}<\/script>\n<!-- \/ Yoast SEO plugin. -->","yoast_head_json":{"title":"Tempestade desliga 5 turbinas de Itaipu e obriga usina a verter \u00e1gua","robots":{"index":"index","follow":"follow","max-snippet":"max-snippet:-1","max-image-preview":"max-image-preview:large","max-video-preview":"max-video-preview:-1"},"canonical":"https:\/\/www.suno.com.br\/noticias\/tempestade-desliga-5-turbinas-de-itaipu-e-obriga-usina-a-verter-agua\/","og_locale":"pt_BR","og_type":"article","og_title":"Tempestade desliga 5 turbinas de Itaipu e obriga usina a verter \u00e1gua","og_description":"Uma tempestade na regi\u00e3o oeste do Paran\u00e1 interrompeu no s\u00e1bado, 23, a opera\u00e7\u00e3o de linhas de transmiss\u00e3o que conectam a usina hidrel\u00e9trica binacional de Itaipu ao Sistema Interligado Nacional (SIN), desligando assim, automaticamente, por seguran\u00e7a, cinco das 20 turbinas da usina. Itaipu. Foto: Frederick Moschkowich por Pixabay Em fun\u00e7\u00e3o da diminui\u00e7\u00e3o na gera\u00e7\u00e3o, houve redu\u00e7\u00e3o [&hellip;]","og_url":"https:\/\/www.suno.com.br\/noticias\/tempestade-desliga-5-turbinas-de-itaipu-e-obriga-usina-a-verter-agua\/","og_site_name":"Suno Not\u00edcias","article_publisher":"https:\/\/facebook.com\/sunoresearch","article_author":"https:\/\/www.facebook.com\/sunonoticias\/","og_image":[{"width":1920,"height":1092,"url":"https:\/\/files.sunoresearch.com.br\/n\/uploads\/2021\/10\/itaipu-g136bb4016_1920.jpg","type":"image\/jpeg"}],"author":"Reda\u00e7\u00e3o Suno Not\u00edcias","twitter_card":"summary_large_image","twitter_creator":"@https:\/\/twitter.com\/sunoresearch","twitter_site":"@sunoresearch","twitter_misc":{"Escrito por":"Reda\u00e7\u00e3o Suno Not\u00edcias","Est. tempo de leitura":"1 minuto"},"schema":{"@context":"https:\/\/schema.org","@graph":[{"@type":"NewsArticle","@id":"https:\/\/www.suno.com.br\/noticias\/tempestade-desliga-5-turbinas-de-itaipu-e-obriga-usina-a-verter-agua\/#article","isPartOf":{"@id":"https:\/\/www.suno.com.br\/noticias\/tempestade-desliga-5-turbinas-de-itaipu-e-obriga-usina-a-verter-agua\/"},"author":{"name":"Reda\u00e7\u00e3o Suno Not\u00edcias","@id":"https:\/\/www.suno.com.br\/noticias\/#\/schema\/person\/c1b1bd3727fa852bd045e9dbff3673ea"},"headline":"Tempestade desliga 5 turbinas de Itaipu e obriga usina a verter \u00e1gua","datePublished":"2021-10-24T19:44:26+00:00","dateModified":"2021-10-24T19:45:05+00:00","mainEntityOfPage":{"@id":"https:\/\/www.suno.com.br\/noticias\/tempestade-desliga-5-turbinas-de-itaipu-e-obriga-usina-a-verter-agua\/"},"wordCount":249,"publisher":{"@id":"https:\/\/www.suno.com.br\/noticias\/#organization"},"image":{"@id":"https:\/\/www.suno.com.br\/noticias\/tempestade-desliga-5-turbinas-de-itaipu-e-obriga-usina-a-verter-agua\/#primaryimage"},"thumbnailUrl":"https:\/\/files.sunoresearch.com.br\/n\/uploads\/2021\/10\/itaipu-g136bb4016_1920.jpg","keywords":["energia el\u00e9trica"],"articleSection":["Neg\u00f3cios"],"inLanguage":"pt-BR"},{"@type":"WebPage","@id":"https:\/\/www.suno.com.br\/noticias\/tempestade-desliga-5-turbinas-de-itaipu-e-obriga-usina-a-verter-agua\/","url":"https:\/\/www.suno.com.br\/noticias\/tempestade-desliga-5-turbinas-de-itaipu-e-obriga-usina-a-verter-agua\/","name":"Tempestade desliga 5 turbinas de Itaipu e obriga usina a verter \u00e1gua","isPartOf":{"@id":"https:\/\/www.suno.com.br\/noticias\/#website"},"primaryImageOfPage":{"@id":"https:\/\/www.suno.com.br\/noticias\/tempestade-desliga-5-turbinas-de-itaipu-e-obriga-usina-a-verter-agua\/#primaryimage"},"image":{"@id":"https:\/\/www.suno.com.br\/noticias\/tempestade-desliga-5-turbinas-de-itaipu-e-obriga-usina-a-verter-agua\/#primaryimage"},"thumbnailUrl":"https:\/\/files.sunoresearch.com.br\/n\/uploads\/2021\/10\/itaipu-g136bb4016_1920.jpg","datePublished":"2021-10-24T19:44:26+00:00","dateModified":"2021-10-24T19:45:05+00:00","breadcrumb":{"@id":"https:\/\/www.suno.com.br\/noticias\/tempestade-desliga-5-turbinas-de-itaipu-e-obriga-usina-a-verter-agua\/#breadcrumb"},"inLanguage":"pt-BR","potentialAction":[{"@type":"ReadAction","target":["https:\/\/www.suno.com.br\/noticias\/tempestade-desliga-5-turbinas-de-itaipu-e-obriga-usina-a-verter-agua\/"]}]},{"@type":"ImageObject","inLanguage":"pt-BR","@id":"https:\/\/www.suno.com.br\/noticias\/tempestade-desliga-5-turbinas-de-itaipu-e-obriga-usina-a-verter-agua\/#primaryimage","url":"https:\/\/files.sunoresearch.com.br\/n\/uploads\/2021\/10\/itaipu-g136bb4016_1920.jpg","contentUrl":"https:\/\/files.sunoresearch.com.br\/n\/uploads\/2021\/10\/itaipu-g136bb4016_1920.jpg","width":1920,"height":1092,"caption":"Itaipu. Foto: Frederick Moschkowich por Pixabay"},{"@type":"BreadcrumbList","@id":"https:\/\/www.suno.com.br\/noticias\/tempestade-desliga-5-turbinas-de-itaipu-e-obriga-usina-a-verter-agua\/#breadcrumb","itemListElement":[{"@type":"ListItem","position":1,"name":"Not\u00edcias","item":"https:\/\/www.suno.com.br\/noticias\/"},{"@type":"ListItem","position":2,"name":"Neg\u00f3cios","item":"https:\/\/www.suno.com.br\/noticias\/negocios\/"},{"@type":"ListItem","position":3,"name":"Tempestade desliga 5 turbinas de Itaipu e obriga usina a verter \u00e1gua"}]},{"@type":"WebSite","@id":"https:\/\/www.suno.com.br\/noticias\/#website","url":"https:\/\/www.suno.com.br\/noticias\/","name":"Suno Not\u00edcias","description":"Seu portal de informa\u00e7\u00e3o sobre o mundo dos investimentos","publisher":{"@id":"https:\/\/www.suno.com.br\/noticias\/#organization"},"potentialAction":[{"@type":"SearchAction","target":{"@type":"EntryPoint","urlTemplate":"https:\/\/www.suno.com.br\/noticias\/?s={search_term_string}"},"query-input":{"@type":"PropertyValueSpecification","valueRequired":true,"valueName":"search_term_string"}}],"inLanguage":"pt-BR"},{"@type":"Organization","@id":"https:\/\/www.suno.com.br\/noticias\/#organization","name":"Suno Not\u00edcias","url":"https:\/\/www.suno.com.br\/noticias\/","logo":{"@type":"ImageObject","inLanguage":"pt-BR","@id":"https:\/\/www.suno.com.br\/noticias\/#\/schema\/logo\/image\/","url":"https:\/\/files.sunoresearch.com.br\/n\/uploads\/2021\/09\/suno-logo.png","contentUrl":"https:\/\/files.sunoresearch.com.br\/n\/uploads\/2021\/09\/suno-logo.png","width":180,"height":180,"caption":"Suno Not\u00edcias"},"image":{"@id":"https:\/\/www.suno.com.br\/noticias\/#\/schema\/logo\/image\/"},"sameAs":["https:\/\/facebook.com\/sunoresearch","https:\/\/x.com\/sunoresearch","https:\/\/www.instagram.com\/suno","https:\/\/www.linkedin.com\/company\/suno-research\/","https:\/\/www.youtube.com\/c\/sunoresearch"]},{"@type":"Person","@id":"https:\/\/www.suno.com.br\/noticias\/#\/schema\/person\/c1b1bd3727fa852bd045e9dbff3673ea","name":"Reda\u00e7\u00e3o Suno Not\u00edcias","image":{"@type":"ImageObject","inLanguage":"pt-BR","@id":"https:\/\/www.suno.com.br\/noticias\/#\/schema\/person\/image\/","url":"https:\/\/secure.gravatar.com\/avatar\/b8104b9b5a71985d5238ee59fbe418af?s=96&r=g","contentUrl":"https:\/\/secure.gravatar.com\/avatar\/b8104b9b5a71985d5238ee59fbe418af?s=96&r=g","caption":"Reda\u00e7\u00e3o Suno Not\u00edcias"},"description":"O Suno Not\u00edcias \u00e9 um portal de informa\u00e7\u00f5es sobre Mercado Financeiro, Pol\u00edtica, Neg\u00f3cios, Economia e Finan\u00e7as Pessoais.","sameAs":["https:\/\/www.suno.com.br\/noticias","https:\/\/www.facebook.com\/sunonoticias\/","https:\/\/www.instagram.com\/sunonoticias\/","https:\/\/x.com\/https:\/\/twitter.com\/sunoresearch","https:\/\/www.youtube.com\/sunonoticias"],"url":"https:\/\/www.suno.com.br\/noticias\/author\/redacao-suno\/"}]}},"default_loop_html":"<div class=\"cardsPage__listCard__boxs\"><div class=\"cardsPage__listCard__boxs__img\"><a href=\"https:\/\/www.suno.com.br\/noticias\/tempestade-desliga-5-turbinas-de-itaipu-e-obriga-usina-a-verter-agua\/\"><img class=\"mask\" src=\"https:\/\/www.suno.com.br\/noticias\/wp-content\/themes\/suno\/resources\/images\/spotlight\/spotlight1img\/bg-mask.png\" alt=\"Image Mask\"\/><img src=\"https:\/\/files.sunoresearch.com.br\/n\/uploads\/2021\/10\/itaipu-g136bb4016_1920-400x200.jpg\" alt=\"Tempestade desliga 5 turbinas de Itaipu e obriga usina a verter \u00e1gua\"\/><\/a><span class=\"spotlightCategory\"><a href=\"https:\/\/www.suno.com.br\/noticias\/negocios\/\">Neg\u00f3cios<\/a><\/span><\/div><div class=\"cardsPage__listCard__boxs__content\"><a href=\"https:\/\/www.suno.com.br\/noticias\/tempestade-desliga-5-turbinas-de-itaipu-e-obriga-usina-a-verter-agua\/\"><h2 class=\"content__title\">Tempestade desliga 5 turbinas de Itaipu e obriga usina a verter \u00e1gua<\/h2><\/a><div class=\"newsContent__article__meta\"><div class=\"newsContent__article__meta__authorBox\"><a href=\"https:\/\/www.suno.com.br\/noticias\/author\/redacao-suno\/\" class=\"authorBox__avatar noMobi\"><img src=\"https:\/\/files.sunoresearch.com.br\/n\/uploads\/2020\/08\/0ace682d-redacao-1-150x150.webp\" alt=\"Reda\u00e7\u00e3o Suno Not\u00edcias\"><\/a><div class=\"authorBox__name\"><span>por\n\t\t\t<a href=\"https:\/\/www.suno.com.br\/noticias\/author\/redacao-suno\/\"><span itemprop=\"author\">Reda\u00e7\u00e3o Suno Not\u00edcias<\/span><\/a><\/span><time datetime=\"2021-10-24T16:44:26-03:00\" itemprop=\"datePublished\">24\/10\/2021 16:44<\/time><\/div><\/div><\/div><\/div><\/div>","single_layout":"posts","amp_enabled":true,"_links":{"self":[{"href":"https:\/\/www.suno.com.br\/noticias\/wp-json\/wp\/v2\/posts\/196820"}],"collection":[{"href":"https:\/\/www.suno.com.br\/noticias\/wp-json\/wp\/v2\/posts"}],"about":[{"href":"https:\/\/www.suno.com.br\/noticias\/wp-json\/wp\/v2\/types\/post"}],"author":[{"embeddable":true,"href":"https:\/\/www.suno.com.br\/noticias\/wp-json\/wp\/v2\/users\/43"}],"replies":[{"embeddable":true,"href":"https:\/\/www.suno.com.br\/noticias\/wp-json\/wp\/v2\/comments?post=196820"}],"version-history":[{"count":3,"href":"https:\/\/www.suno.com.br\/noticias\/wp-json\/wp\/v2\/posts\/196820\/revisions"}],"predecessor-version":[{"id":196825,"href":"https:\/\/www.suno.com.br\/noticias\/wp-json\/wp\/v2\/posts\/196820\/revisions\/196825"}],"wp:featuredmedia":[{"embeddable":true,"href":"https:\/\/www.suno.com.br\/noticias\/wp-json\/wp\/v2\/media\/196821"}],"wp:attachment":[{"href":"https:\/\/www.suno.com.br\/noticias\/wp-json\/wp\/v2\/media?parent=196820"}],"wp:term":[{"taxonomy":"category","embeddable":true,"href":"https:\/\/www.suno.com.br\/noticias\/wp-json\/wp\/v2\/categories?post=196820"},{"taxonomy":"post_tag","embeddable":true,"href":"https:\/\/www.suno.com.br\/noticias\/wp-json\/wp\/v2\/tags?post=196820"},{"taxonomy":"suno_strategy","embeddable":true,"href":"https:\/\/www.suno.com.br\/noticias\/wp-json\/wp\/v2\/suno_strategy?post=196820"}],"curies":[{"name":"wp","href":"https:\/\/api.w.org\/{rel}","templated":true}]}}